{"id":160805,"date":"2022-12-08T08:29:42","date_gmt":"2022-12-08T12:29:42","guid":{"rendered":"https:\/\/digital58.com.ve\/site\/?p=160805"},"modified":"2022-12-08T08:29:42","modified_gmt":"2022-12-08T12:29:42","slug":"gobiernos-lamentan-decisiones-de-castillo-y-piden-proceso-democratico-en-peru","status":"publish","type":"post","link":"https:\/\/digital58.com.ve\/site\/2022\/12\/08\/gobiernos-lamentan-decisiones-de-castillo-y-piden-proceso-democratico-en-peru\/","title":{"rendered":"Gobiernos lamentan decisiones de Castillo y piden proceso democr\u00e1tico en Per\u00fa"},"content":{"rendered":"<p><img loading=\"lazy\" decoding=\"async\" class=\"size-full wp-image-160806 aligncenter\" src=\"https:\/\/digital58.com.ve\/site\/wp-content\/uploads\/2022\/12\/pedro-castillo-efe_41213895_20221207135738.jpeg\" alt=\"\" width=\"780\" height=\"565\" srcset=\"https:\/\/digital58.com.ve\/site\/wp-content\/uploads\/2022\/12\/pedro-castillo-efe_41213895_20221207135738.jpeg 780w, https:\/\/digital58.com.ve\/site\/wp-content\/uploads\/2022\/12\/pedro-castillo-efe_41213895_20221207135738-300x217.jpeg 300w, https:\/\/digital58.com.ve\/site\/wp-content\/uploads\/2022\/12\/pedro-castillo-efe_41213895_20221207135738-768x556.jpeg 768w\" sizes=\"auto, (max-width: 780px) 100vw, 780px\" \/><\/p>\n<p>Varios Gobiernos y la OEA rechazaron este mi\u00e9rcoles al un\u00edsono las decisiones del ahora expresidente peruano Pedro Castillo, de cerrar el Parlamento y convocar un \u00abGobierno nacional de emergencia\u00bb, que posteriormente lo llevaron a su destituci\u00f3n y detenci\u00f3n.<\/p>\n<p><strong>Lima, Per\u00fa 08 de diciembre de 2022 (ND58).-<\/strong>La Canciller\u00eda colombiana invoc\u00f3 la democracia para manifestar su rechazo, al condenar \u00abtodo atentado contra la democracia, venga de donde venga\u00bb. Adem\u00e1s, record\u00f3 que esta \u00abrequiere el reconocimiento de la voluntad popular expresada tanto en las elecciones para presidente como para el Congreso\u00bb.<\/p>\n<p>En la misma l\u00ednea se expres\u00f3 su par chilena, quien lament\u00f3 \u00abprofundamente\u00bb la crisis pol\u00edtica del pa\u00eds andino, e hizo un \u00abllamado enf\u00e1tico a que se respeten los derechos humanos y las libertades fundamentales\u00bb.<\/p>\n<p>Mientras, el Gobierno ecuatoriano, adem\u00e1s de expresar preocupaci\u00f3n por Per\u00fa, exhort\u00f3 a la comunidad internacional a facilitar el proceso democr\u00e1tico. Su canciller, Juan Carlos Holgu\u00edn, form\u00f3 parte del grupo de alto nivel designado por la Organizaci\u00f3n de Estados Americanos (OEA) que evalu\u00f3 la situaci\u00f3n pol\u00edtica de Per\u00fa en noviembre.<\/p>\n<p>Precisamente, ante lo sucedido este mi\u00e9rcoles, el Consejo Permanente de la OEA celebr\u00f3 en Washington una sesi\u00f3n extraordinaria, en la que su secretario general, Luis Almagro, llam\u00f3 al di\u00e1logo y tild\u00f3 de \u00abuna alteraci\u00f3n del orden constitucional\u00bb las acciones de Castillo. Posteriormente, reconocieron a la abogada izquierdista Dina Boluarte, quien era vicepresidenta de Castillo, como nueva presidenta.<\/p>\n<p>Si Tambi\u00e9n desde el organismo, el embajador de Bolivia ante la OEA, H\u00e9ctor Arce Zaconeta, expres\u00f3 que \u00absi bien es rechazable y condenable cualquier ataque a un Gobierno popular, tambi\u00e9n es rechazable e inaceptable cualquier intento de quebrar el orden constitucional\u00bb.<\/p><div class=\"frzvf69ec4fe603052\" ><p style=\"text-align: center;\"><a href=\"https:\/\/t.me\/noticiasdigital58\" target=\"_blank\" rel=\"noopener\"><img class=\"aligncenter size-full wp-image-125363\" src=\"https:\/\/digital58.com.ve\/site\/wp-content\/uploads\/2021\/04\/banner-telegram-web-2021.png\" alt=\"\" width=\"600\" height=\"90\" \/><\/a><\/p><\/div><style type=\"text\/css\">\r\n@media screen and (min-width: 1201px) {\r\n.frzvf69ec4fe603052 {\r\ndisplay: block;\r\n}\r\n}\r\n@media screen and (min-width: 993px) and (max-width: 1200px) {\r\n.frzvf69ec4fe603052 {\r\ndisplay: block;\r\n}\r\n}\r\n@media screen and (min-width: 769px) and (max-width: 992px) {\r\n.frzvf69ec4fe603052 {\r\ndisplay: block;\r\n}\r\n}\r\n@media screen and (min-width: 768px) and (max-width: 768px) {\r\n.frzvf69ec4fe603052 {\r\ndisplay: block;\r\n}\r\n}\r\n@media screen and (max-width: 767px) {\r\n.frzvf69ec4fe603052 {\r\ndisplay: block;\r\n}\r\n}\r\n<\/style>\r\n\n<p class=\"p1\"><b>Redacci\u00f3n ND58 | EFE<\/b><br \/>\n<b>Edici\u00f3n: \u00c1\u00f1ez, Caren\u00a0<\/b><br \/>\n<b>Gr\u00e1fica: Cortes\u00eda <\/b><\/p>\n<div style=\"margin-top: 0px; margin-bottom: 0px;\" class=\"sharethis-inline-share-buttons\" ><\/div>","protected":false},"excerpt":{"rendered":"<p>Varios Gobiernos y la OEA rechazaron este mi\u00e9rcoles al un\u00edsono las decisiones del ahora expresidente peruano Pedro Castillo, de cerrar<\/p>\n","protected":false},"author":39,"featured_media":160806,"comment_status":"open","ping_status":"closed","sticky":false,"template":"","format":"standard","meta":{"colormag_page_container_layout":"default_layout","colormag_page_sidebar_layout":"default_layout","_uag_custom_page_level_css":"","footnotes":""},"categories":[16451],"tags":[5177,24285,16438,8,1034,11950,24549,112,2716],"class_list":["post-160805","post","type-post","status-publish","format-standard","has-post-thumbnail","hentry","category-mundo","tag-democracia","tag-dialogo","tag-golpe-de-estado","tag-internacionales","tag-mundo","tag-oea","tag-pedro-castillo","tag-peru","tag-politica"],"yoast_head":"<!-- This site is optimized with the Yoast SEO plugin v27.4 - https:\/\/yoast.com\/product\/yoast-seo-wordpress\/ -->\n<title>Gobiernos lamentan decisiones de Castillo y piden proceso democr\u00e1tico en Per\u00fa<\/title>\n<meta name=\"robots\" content=\"index, follow, max-snippet:-1, max-image-preview:large, max-video-preview:-1\" \/>\n<link rel=\"canonical\" href=\"https:\/\/digital58.com.ve\/site\/2022\/12\/08\/gobiernos-lamentan-decisiones-de-castillo-y-piden-proceso-democratico-en-peru\/\" \/>\n<meta property=\"og:locale\" content=\"es_ES\" \/>\n<meta property=\"og:type\" content=\"article\" \/>\n<meta property=\"og:title\" content=\"Gobiernos lamentan decisiones de Castillo y piden proceso democr\u00e1tico en Per\u00fa\" \/>\n<meta property=\"og:url\" content=\"https:\/\/digital58.com.ve\/site\/2022\/12\/08\/gobiernos-lamentan-decisiones-de-castillo-y-piden-proceso-democratico-en-peru\/\" \/>\n<meta property=\"og:site_name\" content=\"Noticias Digital58\" \/>\n<meta property=\"article:published_time\" content=\"2022-12-08T12:29:42+00:00\" \/>\n<meta property=\"og:image\" content=\"https:\/\/i0.wp.com\/digital58.com.ve\/site\/wp-content\/uploads\/2022\/12\/pedro-castillo-efe_41213895_20221207135738.jpeg?fit=780%2C565&ssl=1\" \/>\n\t<meta property=\"og:image:width\" content=\"780\" \/>\n\t<meta property=\"og:image:height\" content=\"565\" \/>\n\t<meta property=\"og:image:type\" content=\"image\/jpeg\" \/>\n<meta name=\"author\" content=\"Caren A\u00f1ez\" \/>\n<meta name=\"twitter:card\" content=\"summary_large_image\" \/>\n<meta name=\"twitter:creator\" content=\"@carenanez\" \/>\n<meta name=\"twitter:site\" content=\"@villasmilhfoto\" \/>\n<meta name=\"twitter:label1\" content=\"Escrito por\" \/>\n\t<meta name=\"twitter:data1\" content=\"Caren A\u00f1ez\" \/>\n\t<meta name=\"twitter:label2\" content=\"Tiempo estimado de lectura\" \/>\n\t<meta name=\"twitter:data2\" content=\"2 minutos\" \/>\n<script type=\"application\/ld+json\" class=\"yoast-schema-graph\">{\"@context\":\"https:\\\/\\\/schema.org\",\"@graph\":[{\"@type\":\"Article\",\"@id\":\"https:\\\/\\\/digital58.com.ve\\\/site\\\/2022\\\/12\\\/08\\\/gobiernos-lamentan-decisiones-de-castillo-y-piden-proceso-democratico-en-peru\\\/#article\",\"isPartOf\":{\"@id\":\"https:\\\/\\\/digital58.com.ve\\\/site\\\/2022\\\/12\\\/08\\\/gobiernos-lamentan-decisiones-de-castillo-y-piden-proceso-democratico-en-peru\\\/\"},\"author\":{\"name\":\"Caren A\u00f1ez\",\"@id\":\"https:\\\/\\\/digital58.com.ve\\\/site\\\/#\\\/schema\\\/person\\\/38596b127602deaa13fbcd7585635238\"},\"headline\":\"Gobiernos lamentan decisiones de Castillo y piden proceso democr\u00e1tico en Per\u00fa\",\"datePublished\":\"2022-12-08T12:29:42+00:00\",\"mainEntityOfPage\":{\"@id\":\"https:\\\/\\\/digital58.com.ve\\\/site\\\/2022\\\/12\\\/08\\\/gobiernos-lamentan-decisiones-de-castillo-y-piden-proceso-democratico-en-peru\\\/\"},\"wordCount\":316,\"commentCount\":0,\"publisher\":{\"@id\":\"https:\\\/\\\/digital58.com.ve\\\/site\\\/#\\\/schema\\\/person\\\/64d1c2e4d0d4fd1b849980c4331c2951\"},\"image\":{\"@id\":\"https:\\\/\\\/digital58.com.ve\\\/site\\\/2022\\\/12\\\/08\\\/gobiernos-lamentan-decisiones-de-castillo-y-piden-proceso-democratico-en-peru\\\/#primaryimage\"},\"thumbnailUrl\":\"https:\\\/\\\/digital58.com.ve\\\/site\\\/wp-content\\\/uploads\\\/2022\\\/12\\\/pedro-castillo-efe_41213895_20221207135738.jpeg\",\"keywords\":[\"Democracia\",\"di\u00e1logo\",\"Golpe de Estado\",\"Internacionales\",\"Mundo\",\"OEA\",\"Pedro Castillo\",\"Per\u00fa\",\"Pol\u00edtica\"],\"articleSection\":[\"Mundo\"],\"inLanguage\":\"es\",\"potentialAction\":[{\"@type\":\"CommentAction\",\"name\":\"Comment\",\"target\":[\"https:\\\/\\\/digital58.com.ve\\\/site\\\/2022\\\/12\\\/08\\\/gobiernos-lamentan-decisiones-de-castillo-y-piden-proceso-democratico-en-peru\\\/#respond\"]}]},{\"@type\":\"WebPage\",\"@id\":\"https:\\\/\\\/digital58.com.ve\\\/site\\\/2022\\\/12\\\/08\\\/gobiernos-lamentan-decisiones-de-castillo-y-piden-proceso-democratico-en-peru\\\/\",\"url\":\"https:\\\/\\\/digital58.com.ve\\\/site\\\/2022\\\/12\\\/08\\\/gobiernos-lamentan-decisiones-de-castillo-y-piden-proceso-democratico-en-peru\\\/\",\"name\":\"Gobiernos lamentan decisiones de Castillo y piden proceso democr\u00e1tico en Per\u00fa\",\"isPartOf\":{\"@id\":\"https:\\\/\\\/digital58.com.ve\\\/site\\\/#website\"},\"primaryImageOfPage\":{\"@id\":\"https:\\\/\\\/digital58.com.ve\\\/site\\\/2022\\\/12\\\/08\\\/gobiernos-lamentan-decisiones-de-castillo-y-piden-proceso-democratico-en-peru\\\/#primaryimage\"},\"image\":{\"@id\":\"https:\\\/\\\/digital58.com.ve\\\/site\\\/2022\\\/12\\\/08\\\/gobiernos-lamentan-decisiones-de-castillo-y-piden-proceso-democratico-en-peru\\\/#primaryimage\"},\"thumbnailUrl\":\"https:\\\/\\\/digital58.com.ve\\\/site\\\/wp-content\\\/uploads\\\/2022\\\/12\\\/pedro-castillo-efe_41213895_20221207135738.jpeg\",\"datePublished\":\"2022-12-08T12:29:42+00:00\",\"breadcrumb\":{\"@id\":\"https:\\\/\\\/digital58.com.ve\\\/site\\\/2022\\\/12\\\/08\\\/gobiernos-lamentan-decisiones-de-castillo-y-piden-proceso-democratico-en-peru\\\/#breadcrumb\"},\"inLanguage\":\"es\",\"potentialAction\":[{\"@type\":\"ReadAction\",\"target\":[\"https:\\\/\\\/digital58.com.ve\\\/site\\\/2022\\\/12\\\/08\\\/gobiernos-lamentan-decisiones-de-castillo-y-piden-proceso-democratico-en-peru\\\/\"]}]},{\"@type\":\"ImageObject\",\"inLanguage\":\"es\",\"@id\":\"https:\\\/\\\/digital58.com.ve\\\/site\\\/2022\\\/12\\\/08\\\/gobiernos-lamentan-decisiones-de-castillo-y-piden-proceso-democratico-en-peru\\\/#primaryimage\",\"url\":\"https:\\\/\\\/digital58.com.ve\\\/site\\\/wp-content\\\/uploads\\\/2022\\\/12\\\/pedro-castillo-efe_41213895_20221207135738.jpeg\",\"contentUrl\":\"https:\\\/\\\/digital58.com.ve\\\/site\\\/wp-content\\\/uploads\\\/2022\\\/12\\\/pedro-castillo-efe_41213895_20221207135738.jpeg\",\"width\":780,\"height\":565},{\"@type\":\"BreadcrumbList\",\"@id\":\"https:\\\/\\\/digital58.com.ve\\\/site\\\/2022\\\/12\\\/08\\\/gobiernos-lamentan-decisiones-de-castillo-y-piden-proceso-democratico-en-peru\\\/#breadcrumb\",\"itemListElement\":[{\"@type\":\"ListItem\",\"position\":1,\"name\":\"Home\",\"item\":\"https:\\\/\\\/digital58.com.ve\\\/site\\\/\"},{\"@type\":\"ListItem\",\"position\":2,\"name\":\"Gobiernos lamentan decisiones de Castillo y piden proceso democr\u00e1tico en Per\u00fa\"}]},{\"@type\":\"WebSite\",\"@id\":\"https:\\\/\\\/digital58.com.ve\\\/site\\\/#website\",\"url\":\"https:\\\/\\\/digital58.com.ve\\\/site\\\/\",\"name\":\"Noticias Digital58\",\"description\":\"Portal de Noticias \u00a1Periodismo web de verdad! Lanzamiento web 22.11.2005 \\\/ Maracaibo, Venezuela\",\"publisher\":{\"@id\":\"https:\\\/\\\/digital58.com.ve\\\/site\\\/#\\\/schema\\\/person\\\/64d1c2e4d0d4fd1b849980c4331c2951\"},\"alternateName\":\"ND58\",\"potentialAction\":[{\"@type\":\"SearchAction\",\"target\":{\"@type\":\"EntryPoint\",\"urlTemplate\":\"https:\\\/\\\/digital58.com.ve\\\/site\\\/?s={search_term_string}\"},\"query-input\":{\"@type\":\"PropertyValueSpecification\",\"valueRequired\":true,\"valueName\":\"search_term_string\"}}],\"inLanguage\":\"es\"},{\"@type\":[\"Person\",\"Organization\"],\"@id\":\"https:\\\/\\\/digital58.com.ve\\\/site\\\/#\\\/schema\\\/person\\\/64d1c2e4d0d4fd1b849980c4331c2951\",\"name\":\"Villasmil Henry\",\"image\":{\"@type\":\"ImageObject\",\"inLanguage\":\"es\",\"@id\":\"https:\\\/\\\/secure.gravatar.com\\\/avatar\\\/bb0c4a2fcb7970138239f7e404ea75757b1b507b28b5ce4c53fbd62d797c5a7c?s=96&d=mm&r=g\",\"url\":\"https:\\\/\\\/secure.gravatar.com\\\/avatar\\\/bb0c4a2fcb7970138239f7e404ea75757b1b507b28b5ce4c53fbd62d797c5a7c?s=96&d=mm&r=g\",\"contentUrl\":\"https:\\\/\\\/secure.gravatar.com\\\/avatar\\\/bb0c4a2fcb7970138239f7e404ea75757b1b507b28b5ce4c53fbd62d797c5a7c?s=96&d=mm&r=g\",\"caption\":\"Villasmil Henry\"},\"logo\":{\"@id\":\"https:\\\/\\\/secure.gravatar.com\\\/avatar\\\/bb0c4a2fcb7970138239f7e404ea75757b1b507b28b5ce4c53fbd62d797c5a7c?s=96&d=mm&r=g\"},\"sameAs\":[\"http:\\\/\\\/www.henryvillasmil.com.ve\",\"https:\\\/\\\/www.instagram.com\\\/villasmilhfoto\\\/\",\"https:\\\/\\\/x.com\\\/https:\\\/\\\/twitter.com\\\/villasmilhfoto\"]},{\"@type\":\"Person\",\"@id\":\"https:\\\/\\\/digital58.com.ve\\\/site\\\/#\\\/schema\\\/person\\\/38596b127602deaa13fbcd7585635238\",\"name\":\"Caren A\u00f1ez\",\"image\":{\"@type\":\"ImageObject\",\"inLanguage\":\"es\",\"@id\":\"https:\\\/\\\/secure.gravatar.com\\\/avatar\\\/53aadd693aa414991c9ff2f2b19c39be94d2c342463b80f5402d344911bc9782?s=96&d=mm&r=g\",\"url\":\"https:\\\/\\\/secure.gravatar.com\\\/avatar\\\/53aadd693aa414991c9ff2f2b19c39be94d2c342463b80f5402d344911bc9782?s=96&d=mm&r=g\",\"contentUrl\":\"https:\\\/\\\/secure.gravatar.com\\\/avatar\\\/53aadd693aa414991c9ff2f2b19c39be94d2c342463b80f5402d344911bc9782?s=96&d=mm&r=g\",\"caption\":\"Caren A\u00f1ez\"},\"description\":\"\ud83d\udc69\u200d\ud83c\udfa4Editora en @digital_58 \ud83d\udc69\ud83c\udffb\u200d\ud83c\udfebPeriodista musical y de entretenimiento. \ud83d\udcf8Fotografa \ud83d\udc69\ud83c\udffb\u200d\ud83d\udcbbMedia Management. \ud83d\udc69\u200d\ud83d\udc67\u200d\ud83d\udc67AspieMon 24\\\/7\",\"sameAs\":[\"https:\\\/\\\/www.instagram.com\\\/carenanez\\\/\",\"https:\\\/\\\/x.com\\\/carenanez\"],\"url\":\"https:\\\/\\\/digital58.com.ve\\\/site\\\/author\\\/carena21\\\/\"}]}<\/script>\n<!-- \/ Yoast SEO plugin. -->","yoast_head_json":{"title":"Gobiernos lamentan decisiones de Castillo y piden proceso democr\u00e1tico en Per\u00fa","robots":{"index":"index","follow":"follow","max-snippet":"max-snippet:-1","max-image-preview":"max-image-preview:large","max-video-preview":"max-video-preview:-1"},"canonical":"https:\/\/digital58.com.ve\/site\/2022\/12\/08\/gobiernos-lamentan-decisiones-de-castillo-y-piden-proceso-democratico-en-peru\/","og_locale":"es_ES","og_type":"article","og_title":"Gobiernos lamentan decisiones de Castillo y piden proceso democr\u00e1tico en Per\u00fa","og_url":"https:\/\/digital58.com.ve\/site\/2022\/12\/08\/gobiernos-lamentan-decisiones-de-castillo-y-piden-proceso-democratico-en-peru\/","og_site_name":"Noticias Digital58","article_published_time":"2022-12-08T12:29:42+00:00","og_image":[{"width":780,"height":565,"url":"https:\/\/i0.wp.com\/digital58.com.ve\/site\/wp-content\/uploads\/2022\/12\/pedro-castillo-efe_41213895_20221207135738.jpeg?fit=780%2C565&ssl=1","type":"image\/jpeg"}],"author":"Caren A\u00f1ez","twitter_card":"summary_large_image","twitter_creator":"@carenanez","twitter_site":"@villasmilhfoto","twitter_misc":{"Escrito por":"Caren A\u00f1ez","Tiempo estimado de lectura":"2 minutos"},"schema":{"@context":"https:\/\/schema.org","@graph":[{"@type":"Article","@id":"https:\/\/digital58.com.ve\/site\/2022\/12\/08\/gobiernos-lamentan-decisiones-de-castillo-y-piden-proceso-democratico-en-peru\/#article","isPartOf":{"@id":"https:\/\/digital58.com.ve\/site\/2022\/12\/08\/gobiernos-lamentan-decisiones-de-castillo-y-piden-proceso-democratico-en-peru\/"},"author":{"name":"Caren A\u00f1ez","@id":"https:\/\/digital58.com.ve\/site\/#\/schema\/person\/38596b127602deaa13fbcd7585635238"},"headline":"Gobiernos lamentan decisiones de Castillo y piden proceso democr\u00e1tico en Per\u00fa","datePublished":"2022-12-08T12:29:42+00:00","mainEntityOfPage":{"@id":"https:\/\/digital58.com.ve\/site\/2022\/12\/08\/gobiernos-lamentan-decisiones-de-castillo-y-piden-proceso-democratico-en-peru\/"},"wordCount":316,"commentCount":0,"publisher":{"@id":"https:\/\/digital58.com.ve\/site\/#\/schema\/person\/64d1c2e4d0d4fd1b849980c4331c2951"},"image":{"@id":"https:\/\/digital58.com.ve\/site\/2022\/12\/08\/gobiernos-lamentan-decisiones-de-castillo-y-piden-proceso-democratico-en-peru\/#primaryimage"},"thumbnailUrl":"https:\/\/digital58.com.ve\/site\/wp-content\/uploads\/2022\/12\/pedro-castillo-efe_41213895_20221207135738.jpeg","keywords":["Democracia","di\u00e1logo","Golpe de Estado","Internacionales","Mundo","OEA","Pedro Castillo","Per\u00fa","Pol\u00edtica"],"articleSection":["Mundo"],"inLanguage":"es","potentialAction":[{"@type":"CommentAction","name":"Comment","target":["https:\/\/digital58.com.ve\/site\/2022\/12\/08\/gobiernos-lamentan-decisiones-de-castillo-y-piden-proceso-democratico-en-peru\/#respond"]}]},{"@type":"WebPage","@id":"https:\/\/digital58.com.ve\/site\/2022\/12\/08\/gobiernos-lamentan-decisiones-de-castillo-y-piden-proceso-democratico-en-peru\/","url":"https:\/\/digital58.com.ve\/site\/2022\/12\/08\/gobiernos-lamentan-decisiones-de-castillo-y-piden-proceso-democratico-en-peru\/","name":"Gobiernos lamentan decisiones de Castillo y piden proceso democr\u00e1tico en Per\u00fa","isPartOf":{"@id":"https:\/\/digital58.com.ve\/site\/#website"},"primaryImageOfPage":{"@id":"https:\/\/digital58.com.ve\/site\/2022\/12\/08\/gobiernos-lamentan-decisiones-de-castillo-y-piden-proceso-democratico-en-peru\/#primaryimage"},"image":{"@id":"https:\/\/digital58.com.ve\/site\/2022\/12\/08\/gobiernos-lamentan-decisiones-de-castillo-y-piden-proceso-democratico-en-peru\/#primaryimage"},"thumbnailUrl":"https:\/\/digital58.com.ve\/site\/wp-content\/uploads\/2022\/12\/pedro-castillo-efe_41213895_20221207135738.jpeg","datePublished":"2022-12-08T12:29:42+00:00","breadcrumb":{"@id":"https:\/\/digital58.com.ve\/site\/2022\/12\/08\/gobiernos-lamentan-decisiones-de-castillo-y-piden-proceso-democratico-en-peru\/#breadcrumb"},"inLanguage":"es","potentialAction":[{"@type":"ReadAction","target":["https:\/\/digital58.com.ve\/site\/2022\/12\/08\/gobiernos-lamentan-decisiones-de-castillo-y-piden-proceso-democratico-en-peru\/"]}]},{"@type":"ImageObject","inLanguage":"es","@id":"https:\/\/digital58.com.ve\/site\/2022\/12\/08\/gobiernos-lamentan-decisiones-de-castillo-y-piden-proceso-democratico-en-peru\/#primaryimage","url":"https:\/\/digital58.com.ve\/site\/wp-content\/uploads\/2022\/12\/pedro-castillo-efe_41213895_20221207135738.jpeg","contentUrl":"https:\/\/digital58.com.ve\/site\/wp-content\/uploads\/2022\/12\/pedro-castillo-efe_41213895_20221207135738.jpeg","width":780,"height":565},{"@type":"BreadcrumbList","@id":"https:\/\/digital58.com.ve\/site\/2022\/12\/08\/gobiernos-lamentan-decisiones-de-castillo-y-piden-proceso-democratico-en-peru\/#breadcrumb","itemListElement":[{"@type":"ListItem","position":1,"name":"Home","item":"https:\/\/digital58.com.ve\/site\/"},{"@type":"ListItem","position":2,"name":"Gobiernos lamentan decisiones de Castillo y piden proceso democr\u00e1tico en Per\u00fa"}]},{"@type":"WebSite","@id":"https:\/\/digital58.com.ve\/site\/#website","url":"https:\/\/digital58.com.ve\/site\/","name":"Noticias Digital58","description":"Portal de Noticias \u00a1Periodismo web de verdad! Lanzamiento web 22.11.2005 \/ Maracaibo, Venezuela","publisher":{"@id":"https:\/\/digital58.com.ve\/site\/#\/schema\/person\/64d1c2e4d0d4fd1b849980c4331c2951"},"alternateName":"ND58","potentialAction":[{"@type":"SearchAction","target":{"@type":"EntryPoint","urlTemplate":"https:\/\/digital58.com.ve\/site\/?s={search_term_string}"},"query-input":{"@type":"PropertyValueSpecification","valueRequired":true,"valueName":"search_term_string"}}],"inLanguage":"es"},{"@type":["Person","Organization"],"@id":"https:\/\/digital58.com.ve\/site\/#\/schema\/person\/64d1c2e4d0d4fd1b849980c4331c2951","name":"Villasmil Henry","image":{"@type":"ImageObject","inLanguage":"es","@id":"https:\/\/secure.gravatar.com\/avatar\/bb0c4a2fcb7970138239f7e404ea75757b1b507b28b5ce4c53fbd62d797c5a7c?s=96&d=mm&r=g","url":"https:\/\/secure.gravatar.com\/avatar\/bb0c4a2fcb7970138239f7e404ea75757b1b507b28b5ce4c53fbd62d797c5a7c?s=96&d=mm&r=g","contentUrl":"https:\/\/secure.gravatar.com\/avatar\/bb0c4a2fcb7970138239f7e404ea75757b1b507b28b5ce4c53fbd62d797c5a7c?s=96&d=mm&r=g","caption":"Villasmil Henry"},"logo":{"@id":"https:\/\/secure.gravatar.com\/avatar\/bb0c4a2fcb7970138239f7e404ea75757b1b507b28b5ce4c53fbd62d797c5a7c?s=96&d=mm&r=g"},"sameAs":["http:\/\/www.henryvillasmil.com.ve","https:\/\/www.instagram.com\/villasmilhfoto\/","https:\/\/x.com\/https:\/\/twitter.com\/villasmilhfoto"]},{"@type":"Person","@id":"https:\/\/digital58.com.ve\/site\/#\/schema\/person\/38596b127602deaa13fbcd7585635238","name":"Caren A\u00f1ez","image":{"@type":"ImageObject","inLanguage":"es","@id":"https:\/\/secure.gravatar.com\/avatar\/53aadd693aa414991c9ff2f2b19c39be94d2c342463b80f5402d344911bc9782?s=96&d=mm&r=g","url":"https:\/\/secure.gravatar.com\/avatar\/53aadd693aa414991c9ff2f2b19c39be94d2c342463b80f5402d344911bc9782?s=96&d=mm&r=g","contentUrl":"https:\/\/secure.gravatar.com\/avatar\/53aadd693aa414991c9ff2f2b19c39be94d2c342463b80f5402d344911bc9782?s=96&d=mm&r=g","caption":"Caren A\u00f1ez"},"description":"\ud83d\udc69\u200d\ud83c\udfa4Editora en @digital_58 \ud83d\udc69\ud83c\udffb\u200d\ud83c\udfebPeriodista musical y de entretenimiento. \ud83d\udcf8Fotografa \ud83d\udc69\ud83c\udffb\u200d\ud83d\udcbbMedia Management. \ud83d\udc69\u200d\ud83d\udc67\u200d\ud83d\udc67AspieMon 24\/7","sameAs":["https:\/\/www.instagram.com\/carenanez\/","https:\/\/x.com\/carenanez"],"url":"https:\/\/digital58.com.ve\/site\/author\/carena21\/"}]}},"uagb_featured_image_src":{"full":["https:\/\/digital58.com.ve\/site\/wp-content\/uploads\/2022\/12\/pedro-castillo-efe_41213895_20221207135738.jpeg",780,565,false],"thumbnail":["https:\/\/digital58.com.ve\/site\/wp-content\/uploads\/2022\/12\/pedro-castillo-efe_41213895_20221207135738-150x150.jpeg",150,150,true],"medium":["https:\/\/digital58.com.ve\/site\/wp-content\/uploads\/2022\/12\/pedro-castillo-efe_41213895_20221207135738-300x217.jpeg",300,217,true],"medium_large":["https:\/\/digital58.com.ve\/site\/wp-content\/uploads\/2022\/12\/pedro-castillo-efe_41213895_20221207135738-768x556.jpeg",768,556,true],"large":["https:\/\/digital58.com.ve\/site\/wp-content\/uploads\/2022\/12\/pedro-castillo-efe_41213895_20221207135738.jpeg",780,565,false],"1536x1536":["https:\/\/digital58.com.ve\/site\/wp-content\/uploads\/2022\/12\/pedro-castillo-efe_41213895_20221207135738.jpeg",780,565,false],"2048x2048":["https:\/\/digital58.com.ve\/site\/wp-content\/uploads\/2022\/12\/pedro-castillo-efe_41213895_20221207135738.jpeg",780,565,false],"colormag-highlighted-post":["https:\/\/digital58.com.ve\/site\/wp-content\/uploads\/2022\/12\/pedro-castillo-efe_41213895_20221207135738-392x272.jpeg",392,272,true],"colormag-featured-post-medium":["https:\/\/digital58.com.ve\/site\/wp-content\/uploads\/2022\/12\/pedro-castillo-efe_41213895_20221207135738-390x205.jpeg",390,205,true],"colormag-featured-post-small":["https:\/\/digital58.com.ve\/site\/wp-content\/uploads\/2022\/12\/pedro-castillo-efe_41213895_20221207135738-130x90.jpeg",130,90,true],"colormag-featured-image":["https:\/\/digital58.com.ve\/site\/wp-content\/uploads\/2022\/12\/pedro-castillo-efe_41213895_20221207135738-780x445.jpeg",780,445,true],"colormag-default-news":["https:\/\/digital58.com.ve\/site\/wp-content\/uploads\/2022\/12\/pedro-castillo-efe_41213895_20221207135738.jpeg",150,109,false],"colormag-featured-image-large":["https:\/\/digital58.com.ve\/site\/wp-content\/uploads\/2022\/12\/pedro-castillo-efe_41213895_20221207135738.jpeg",780,565,false]},"uagb_author_info":{"display_name":"Caren A\u00f1ez","author_link":"https:\/\/digital58.com.ve\/site\/author\/carena21\/"},"uagb_comment_info":0,"uagb_excerpt":"Varios Gobiernos y la OEA rechazaron este mi\u00e9rcoles al un\u00edsono las decisiones del ahora expresidente peruano Pedro Castillo, de cerrar","_links":{"self":[{"href":"https:\/\/digital58.com.ve\/site\/wp-json\/wp\/v2\/posts\/160805","targetHints":{"allow":["GET"]}}],"collection":[{"href":"https:\/\/digital58.com.ve\/site\/wp-json\/wp\/v2\/posts"}],"about":[{"href":"https:\/\/digital58.com.ve\/site\/wp-json\/wp\/v2\/types\/post"}],"author":[{"embeddable":true,"href":"https:\/\/digital58.com.ve\/site\/wp-json\/wp\/v2\/users\/39"}],"replies":[{"embeddable":true,"href":"https:\/\/digital58.com.ve\/site\/wp-json\/wp\/v2\/comments?post=160805"}],"version-history":[{"count":0,"href":"https:\/\/digital58.com.ve\/site\/wp-json\/wp\/v2\/posts\/160805\/revisions"}],"wp:featuredmedia":[{"embeddable":true,"href":"https:\/\/digital58.com.ve\/site\/wp-json\/wp\/v2\/media\/160806"}],"wp:attachment":[{"href":"https:\/\/digital58.com.ve\/site\/wp-json\/wp\/v2\/media?parent=160805"}],"wp:term":[{"taxonomy":"category","embeddable":true,"href":"https:\/\/digital58.com.ve\/site\/wp-json\/wp\/v2\/categories?post=160805"},{"taxonomy":"post_tag","embeddable":true,"href":"https:\/\/digital58.com.ve\/site\/wp-json\/wp\/v2\/tags?post=160805"}],"curies":[{"name":"wp","href":"https:\/\/api.w.org\/{rel}","templated":true}]}}