{"id":160817,"date":"2022-12-08T09:57:25","date_gmt":"2022-12-08T13:57:25","guid":{"rendered":"https:\/\/digital58.com.ve\/site\/?p=160817"},"modified":"2022-12-08T09:57:25","modified_gmt":"2022-12-08T13:57:25","slug":"maracaibo-fonseca-llega-con-su-viajante-tour-al-sambil","status":"publish","type":"post","link":"https:\/\/digital58.com.ve\/site\/2022\/12\/08\/maracaibo-fonseca-llega-con-su-viajante-tour-al-sambil\/","title":{"rendered":"#Maracaibo | Fonseca llega con su \u00abViajante Tour\u00bb al Sambil"},"content":{"rendered":"<p><img loading=\"lazy\" decoding=\"async\" class=\"size-large wp-image-160822 aligncenter\" src=\"https:\/\/digital58.com.ve\/site\/wp-content\/uploads\/2022\/12\/RMWPWTKK7NHQ5AQJKZJ74U6CPI-1000x750.webp\" alt=\"\" width=\"800\" height=\"600\" srcset=\"https:\/\/digital58.com.ve\/site\/wp-content\/uploads\/2022\/12\/RMWPWTKK7NHQ5AQJKZJ74U6CPI-1000x750.webp 1000w, https:\/\/digital58.com.ve\/site\/wp-content\/uploads\/2022\/12\/RMWPWTKK7NHQ5AQJKZJ74U6CPI-300x225.webp 300w, https:\/\/digital58.com.ve\/site\/wp-content\/uploads\/2022\/12\/RMWPWTKK7NHQ5AQJKZJ74U6CPI-768x576.webp 768w, https:\/\/digital58.com.ve\/site\/wp-content\/uploads\/2022\/12\/RMWPWTKK7NHQ5AQJKZJ74U6CPI.webp 1200w\" sizes=\"auto, (max-width: 800px) 100vw, 800px\" \/><\/p>\n<p>Como parte de sus gira \u00abViajante Tour\u00bb el cantautor colombiano estar\u00e1 en Maracaibo y Caracas.<\/p>\n<p><strong>Maracaibo, Zulia, Venezuela, 08de diciembre de 2022 (ND58).-<\/strong> Fonseca, volver\u00e1 a Maracaibo esta noche desde las ocho a la terraza del Sambil, donde ya todo est\u00e1 listo para recibir al interprete de \u00abArroyito\u00bb con un gran despliegue t\u00e9cnico, un escenario muy completo con iluminaci\u00f3n y pantallas led.<\/p>\n<p>Su agenda en el pa\u00eds continuar\u00e1 en Caracas el 10 respectivamente en la Terraza del Centro Ciudad Comercial Tamanaco CCCT como parte de su gira por Latinoam\u00e9rica llamada \u00abViajante Tour\u00bb.<\/p>\n<p>El artista, quien gracias a Evenpro ya se present\u00f3 con total \u00e9xito en la capital venezolana el pasado mes de junio, volver\u00e1 a deleitar a miles de seguidores que esperaron con ansias el regreso del cantante, quien llevaba una d\u00e9cada sin venir a Venezuela y agregando a la capital zuliana en su cronograma de conciertos.<\/p>\n<p>Fonseca, ganador de siete Grammys Latino, cerrar\u00e1 el a\u00f1o con su presentaci\u00f3n en Maracaibo y Caracas, la \u00faltima parada de una gira que lo llevar\u00e1 a 12 pa\u00edses de Latinoam\u00e9rica, que incluye su Colombia natal, as\u00ed como, Chile, Ecuador, Argentina, Per\u00fa, M\u00e9xico, Honduras, Guatemala, Costa Rica, El Salvador y Panam\u00e1.<\/p>\n<p><strong>Un tour que lleva el mismo nombre de su \u00faltimo \u00e1lbum, que cuenta con la colaboraci\u00f3n de grandes artistas como Silvestre Dangond y Greeicy Rend\u00f3n, y que servir\u00e1 para celebrar sus 20 a\u00f1os de carrera.<\/strong><\/p>\n<p>Bien dicen que siempre se regresa a donde se fue feliz y el colombiano as\u00ed lo ratifica con su nueva visita a Venezuela.<\/p>\n<p>Las entradas est\u00e1n a la venta en la p\u00e1gina de www.mdticket.com, www.liveri.com.ve o en las taquillas de:<\/p>\n<p>C.C San Francisco Mall \u2013 V\u00edveres De Candido<br \/>\nC.C Lago Mall \u2013 M\u00f3dulo de informaci\u00f3n<br \/>\nC.C Sambil \u2013 Tienda Chevignon<\/p><div class=\"oshfi69f4a891d7d4d\" ><p style=\"text-align: center;\"><a href=\"https:\/\/t.me\/noticiasdigital58\" target=\"_blank\" rel=\"noopener\"><img class=\"aligncenter size-full wp-image-125363\" src=\"https:\/\/digital58.com.ve\/site\/wp-content\/uploads\/2021\/04\/banner-telegram-web-2021.png\" alt=\"\" width=\"600\" height=\"90\" \/><\/a><\/p><\/div><style type=\"text\/css\">\r\n@media screen and (min-width: 1201px) {\r\n.oshfi69f4a891d7d4d {\r\ndisplay: block;\r\n}\r\n}\r\n@media screen and (min-width: 993px) and (max-width: 1200px) {\r\n.oshfi69f4a891d7d4d {\r\ndisplay: block;\r\n}\r\n}\r\n@media screen and (min-width: 769px) and (max-width: 992px) {\r\n.oshfi69f4a891d7d4d {\r\ndisplay: block;\r\n}\r\n}\r\n@media screen and (min-width: 768px) and (max-width: 768px) {\r\n.oshfi69f4a891d7d4d {\r\ndisplay: block;\r\n}\r\n}\r\n@media screen and (max-width: 767px) {\r\n.oshfi69f4a891d7d4d {\r\ndisplay: block;\r\n}\r\n}\r\n<\/style>\r\n\n<p><strong>Redacci\u00f3n ND58 | NDP <\/strong><br \/>\n<strong>Edici\u00f3n: \u00c1\u00f1ez, Caren <\/strong><br \/>\n<strong>Gr\u00e1fica: Cortes\u00eda<\/strong><\/p>\n<div style=\"margin-top: 0px; margin-bottom: 0px;\" class=\"sharethis-inline-share-buttons\" ><\/div>","protected":false},"excerpt":{"rendered":"<p>Como parte de sus gira \u00abViajante Tour\u00bb el cantautor colombiano estar\u00e1 en Maracaibo y Caracas. Maracaibo, Zulia, Venezuela, 08de diciembre<\/p>\n","protected":false},"author":39,"featured_media":160823,"comment_status":"open","ping_status":"closed","sticky":false,"template":"","format":"standard","meta":{"colormag_page_container_layout":"default_layout","colormag_page_sidebar_layout":"default_layout","_uag_custom_page_level_css":"","footnotes":""},"categories":[5412,5417,1],"tags":[29997,7291,83,29198,29657,50,3331,273,25658,233],"class_list":["post-160817","post","type-post","status-publish","format-standard","has-post-thumbnail","hentry","category-donde_ir_maracaibo","category-conciertos","category-fama","tag-viajante-tour","tag-artista","tag-conciertos","tag-donde-ir-caracas","tag-donde-ir-maracaibo","tag-entretenimiento","tag-fama","tag-farandula","tag-fonseca","tag-nacionales"],"yoast_head":"<!-- This site is optimized with the Yoast SEO plugin v27.5 - https:\/\/yoast.com\/product\/yoast-seo-wordpress\/ -->\n<title>#Maracaibo | Fonseca llega con su \u00abViajante Tour\u00bb al Sambil<\/title>\n<meta name=\"robots\" content=\"index, follow, max-snippet:-1, max-image-preview:large, max-video-preview:-1\" \/>\n<link rel=\"canonical\" href=\"https:\/\/digital58.com.ve\/site\/2022\/12\/08\/maracaibo-fonseca-llega-con-su-viajante-tour-al-sambil\/\" \/>\n<meta property=\"og:locale\" content=\"es_ES\" \/>\n<meta property=\"og:type\" content=\"article\" \/>\n<meta property=\"og:title\" content=\"#Maracaibo | Fonseca llega con su \u00abViajante Tour\u00bb al Sambil\" \/>\n<meta property=\"og:url\" content=\"https:\/\/digital58.com.ve\/site\/2022\/12\/08\/maracaibo-fonseca-llega-con-su-viajante-tour-al-sambil\/\" \/>\n<meta property=\"og:site_name\" content=\"Noticias Digital58\" \/>\n<meta property=\"article:published_time\" content=\"2022-12-08T13:57:25+00:00\" \/>\n<meta property=\"og:image\" content=\"https:\/\/i0.wp.com\/digital58.com.ve\/site\/wp-content\/uploads\/2022\/12\/thumbnail-16-oct-latin-grammys-1.jpeg?fit=800%2C450&ssl=1\" \/>\n\t<meta property=\"og:image:width\" content=\"800\" \/>\n\t<meta property=\"og:image:height\" content=\"450\" \/>\n\t<meta property=\"og:image:type\" content=\"image\/jpeg\" \/>\n<meta name=\"author\" content=\"Caren A\u00f1ez\" \/>\n<meta name=\"twitter:card\" content=\"summary_large_image\" \/>\n<meta name=\"twitter:creator\" content=\"@carenanez\" \/>\n<meta name=\"twitter:site\" content=\"@villasmilhfoto\" \/>\n<meta name=\"twitter:label1\" content=\"Escrito por\" \/>\n\t<meta name=\"twitter:data1\" content=\"Caren A\u00f1ez\" \/>\n\t<meta name=\"twitter:label2\" content=\"Tiempo estimado de lectura\" \/>\n\t<meta name=\"twitter:data2\" content=\"2 minutos\" \/>\n<script type=\"application\/ld+json\" class=\"yoast-schema-graph\">{\"@context\":\"https:\\\/\\\/schema.org\",\"@graph\":[{\"@type\":\"Article\",\"@id\":\"https:\\\/\\\/digital58.com.ve\\\/site\\\/2022\\\/12\\\/08\\\/maracaibo-fonseca-llega-con-su-viajante-tour-al-sambil\\\/#article\",\"isPartOf\":{\"@id\":\"https:\\\/\\\/digital58.com.ve\\\/site\\\/2022\\\/12\\\/08\\\/maracaibo-fonseca-llega-con-su-viajante-tour-al-sambil\\\/\"},\"author\":{\"name\":\"Caren A\u00f1ez\",\"@id\":\"https:\\\/\\\/digital58.com.ve\\\/site\\\/#\\\/schema\\\/person\\\/38596b127602deaa13fbcd7585635238\"},\"headline\":\"#Maracaibo | Fonseca llega con su \u00abViajante Tour\u00bb al Sambil\",\"datePublished\":\"2022-12-08T13:57:25+00:00\",\"mainEntityOfPage\":{\"@id\":\"https:\\\/\\\/digital58.com.ve\\\/site\\\/2022\\\/12\\\/08\\\/maracaibo-fonseca-llega-con-su-viajante-tour-al-sambil\\\/\"},\"wordCount\":333,\"commentCount\":0,\"publisher\":{\"@id\":\"https:\\\/\\\/digital58.com.ve\\\/site\\\/#\\\/schema\\\/person\\\/64d1c2e4d0d4fd1b849980c4331c2951\"},\"image\":{\"@id\":\"https:\\\/\\\/digital58.com.ve\\\/site\\\/2022\\\/12\\\/08\\\/maracaibo-fonseca-llega-con-su-viajante-tour-al-sambil\\\/#primaryimage\"},\"thumbnailUrl\":\"https:\\\/\\\/digital58.com.ve\\\/site\\\/wp-content\\\/uploads\\\/2022\\\/12\\\/thumbnail-16-oct-latin-grammys-1.jpeg\",\"keywords\":[\"\u00abViajante Tour\u00bb\",\"Artista\",\"Conciertos\",\"donde ir caracas\",\"Donde ir Maracaibo\",\"Entretenimiento\",\"Fama\",\"Far\u00e1ndula\",\"Fonseca\",\"Nacionales\"],\"articleSection\":[\"\u00bfD\u00f3nde ir Maracaibo?\",\"Conciertos\",\"Fama\"],\"inLanguage\":\"es\",\"potentialAction\":[{\"@type\":\"CommentAction\",\"name\":\"Comment\",\"target\":[\"https:\\\/\\\/digital58.com.ve\\\/site\\\/2022\\\/12\\\/08\\\/maracaibo-fonseca-llega-con-su-viajante-tour-al-sambil\\\/#respond\"]}]},{\"@type\":\"WebPage\",\"@id\":\"https:\\\/\\\/digital58.com.ve\\\/site\\\/2022\\\/12\\\/08\\\/maracaibo-fonseca-llega-con-su-viajante-tour-al-sambil\\\/\",\"url\":\"https:\\\/\\\/digital58.com.ve\\\/site\\\/2022\\\/12\\\/08\\\/maracaibo-fonseca-llega-con-su-viajante-tour-al-sambil\\\/\",\"name\":\"#Maracaibo | Fonseca llega con su \u00abViajante Tour\u00bb al Sambil\",\"isPartOf\":{\"@id\":\"https:\\\/\\\/digital58.com.ve\\\/site\\\/#website\"},\"primaryImageOfPage\":{\"@id\":\"https:\\\/\\\/digital58.com.ve\\\/site\\\/2022\\\/12\\\/08\\\/maracaibo-fonseca-llega-con-su-viajante-tour-al-sambil\\\/#primaryimage\"},\"image\":{\"@id\":\"https:\\\/\\\/digital58.com.ve\\\/site\\\/2022\\\/12\\\/08\\\/maracaibo-fonseca-llega-con-su-viajante-tour-al-sambil\\\/#primaryimage\"},\"thumbnailUrl\":\"https:\\\/\\\/digital58.com.ve\\\/site\\\/wp-content\\\/uploads\\\/2022\\\/12\\\/thumbnail-16-oct-latin-grammys-1.jpeg\",\"datePublished\":\"2022-12-08T13:57:25+00:00\",\"breadcrumb\":{\"@id\":\"https:\\\/\\\/digital58.com.ve\\\/site\\\/2022\\\/12\\\/08\\\/maracaibo-fonseca-llega-con-su-viajante-tour-al-sambil\\\/#breadcrumb\"},\"inLanguage\":\"es\",\"potentialAction\":[{\"@type\":\"ReadAction\",\"target\":[\"https:\\\/\\\/digital58.com.ve\\\/site\\\/2022\\\/12\\\/08\\\/maracaibo-fonseca-llega-con-su-viajante-tour-al-sambil\\\/\"]}]},{\"@type\":\"ImageObject\",\"inLanguage\":\"es\",\"@id\":\"https:\\\/\\\/digital58.com.ve\\\/site\\\/2022\\\/12\\\/08\\\/maracaibo-fonseca-llega-con-su-viajante-tour-al-sambil\\\/#primaryimage\",\"url\":\"https:\\\/\\\/digital58.com.ve\\\/site\\\/wp-content\\\/uploads\\\/2022\\\/12\\\/thumbnail-16-oct-latin-grammys-1.jpeg\",\"contentUrl\":\"https:\\\/\\\/digital58.com.ve\\\/site\\\/wp-content\\\/uploads\\\/2022\\\/12\\\/thumbnail-16-oct-latin-grammys-1.jpeg\",\"width\":800,\"height\":450},{\"@type\":\"BreadcrumbList\",\"@id\":\"https:\\\/\\\/digital58.com.ve\\\/site\\\/2022\\\/12\\\/08\\\/maracaibo-fonseca-llega-con-su-viajante-tour-al-sambil\\\/#breadcrumb\",\"itemListElement\":[{\"@type\":\"ListItem\",\"position\":1,\"name\":\"Home\",\"item\":\"https:\\\/\\\/digital58.com.ve\\\/site\\\/\"},{\"@type\":\"ListItem\",\"position\":2,\"name\":\"#Maracaibo | Fonseca llega con su \u00abViajante Tour\u00bb al Sambil\"}]},{\"@type\":\"WebSite\",\"@id\":\"https:\\\/\\\/digital58.com.ve\\\/site\\\/#website\",\"url\":\"https:\\\/\\\/digital58.com.ve\\\/site\\\/\",\"name\":\"Noticias Digital58\",\"description\":\"Portal de Noticias \u00a1Periodismo web de verdad! Lanzamiento web 22.11.2005 \\\/ Maracaibo, Venezuela\",\"publisher\":{\"@id\":\"https:\\\/\\\/digital58.com.ve\\\/site\\\/#\\\/schema\\\/person\\\/64d1c2e4d0d4fd1b849980c4331c2951\"},\"alternateName\":\"ND58\",\"potentialAction\":[{\"@type\":\"SearchAction\",\"target\":{\"@type\":\"EntryPoint\",\"urlTemplate\":\"https:\\\/\\\/digital58.com.ve\\\/site\\\/?s={search_term_string}\"},\"query-input\":{\"@type\":\"PropertyValueSpecification\",\"valueRequired\":true,\"valueName\":\"search_term_string\"}}],\"inLanguage\":\"es\"},{\"@type\":[\"Person\",\"Organization\"],\"@id\":\"https:\\\/\\\/digital58.com.ve\\\/site\\\/#\\\/schema\\\/person\\\/64d1c2e4d0d4fd1b849980c4331c2951\",\"name\":\"Villasmil Henry\",\"image\":{\"@type\":\"ImageObject\",\"inLanguage\":\"es\",\"@id\":\"https:\\\/\\\/secure.gravatar.com\\\/avatar\\\/bb0c4a2fcb7970138239f7e404ea75757b1b507b28b5ce4c53fbd62d797c5a7c?s=96&d=mm&r=g\",\"url\":\"https:\\\/\\\/secure.gravatar.com\\\/avatar\\\/bb0c4a2fcb7970138239f7e404ea75757b1b507b28b5ce4c53fbd62d797c5a7c?s=96&d=mm&r=g\",\"contentUrl\":\"https:\\\/\\\/secure.gravatar.com\\\/avatar\\\/bb0c4a2fcb7970138239f7e404ea75757b1b507b28b5ce4c53fbd62d797c5a7c?s=96&d=mm&r=g\",\"caption\":\"Villasmil Henry\"},\"logo\":{\"@id\":\"https:\\\/\\\/secure.gravatar.com\\\/avatar\\\/bb0c4a2fcb7970138239f7e404ea75757b1b507b28b5ce4c53fbd62d797c5a7c?s=96&d=mm&r=g\"},\"sameAs\":[\"http:\\\/\\\/www.henryvillasmil.com.ve\",\"https:\\\/\\\/www.instagram.com\\\/villasmilhfoto\\\/\",\"https:\\\/\\\/x.com\\\/https:\\\/\\\/twitter.com\\\/villasmilhfoto\"]},{\"@type\":\"Person\",\"@id\":\"https:\\\/\\\/digital58.com.ve\\\/site\\\/#\\\/schema\\\/person\\\/38596b127602deaa13fbcd7585635238\",\"name\":\"Caren A\u00f1ez\",\"image\":{\"@type\":\"ImageObject\",\"inLanguage\":\"es\",\"@id\":\"https:\\\/\\\/secure.gravatar.com\\\/avatar\\\/53aadd693aa414991c9ff2f2b19c39be94d2c342463b80f5402d344911bc9782?s=96&d=mm&r=g\",\"url\":\"https:\\\/\\\/secure.gravatar.com\\\/avatar\\\/53aadd693aa414991c9ff2f2b19c39be94d2c342463b80f5402d344911bc9782?s=96&d=mm&r=g\",\"contentUrl\":\"https:\\\/\\\/secure.gravatar.com\\\/avatar\\\/53aadd693aa414991c9ff2f2b19c39be94d2c342463b80f5402d344911bc9782?s=96&d=mm&r=g\",\"caption\":\"Caren A\u00f1ez\"},\"description\":\"\ud83d\udc69\u200d\ud83c\udfa4Editora en @digital_58 \ud83d\udc69\ud83c\udffb\u200d\ud83c\udfebPeriodista musical y de entretenimiento. \ud83d\udcf8Fotografa \ud83d\udc69\ud83c\udffb\u200d\ud83d\udcbbMedia Management. \ud83d\udc69\u200d\ud83d\udc67\u200d\ud83d\udc67AspieMon 24\\\/7\",\"sameAs\":[\"https:\\\/\\\/www.instagram.com\\\/carenanez\\\/\",\"https:\\\/\\\/x.com\\\/carenanez\"],\"url\":\"https:\\\/\\\/digital58.com.ve\\\/site\\\/author\\\/carena21\\\/\"}]}<\/script>\n<!-- \/ Yoast SEO plugin. -->","yoast_head_json":{"title":"#Maracaibo | Fonseca llega con su \u00abViajante Tour\u00bb al Sambil","robots":{"index":"index","follow":"follow","max-snippet":"max-snippet:-1","max-image-preview":"max-image-preview:large","max-video-preview":"max-video-preview:-1"},"canonical":"https:\/\/digital58.com.ve\/site\/2022\/12\/08\/maracaibo-fonseca-llega-con-su-viajante-tour-al-sambil\/","og_locale":"es_ES","og_type":"article","og_title":"#Maracaibo | Fonseca llega con su \u00abViajante Tour\u00bb al Sambil","og_url":"https:\/\/digital58.com.ve\/site\/2022\/12\/08\/maracaibo-fonseca-llega-con-su-viajante-tour-al-sambil\/","og_site_name":"Noticias Digital58","article_published_time":"2022-12-08T13:57:25+00:00","og_image":[{"width":800,"height":450,"url":"https:\/\/i0.wp.com\/digital58.com.ve\/site\/wp-content\/uploads\/2022\/12\/thumbnail-16-oct-latin-grammys-1.jpeg?fit=800%2C450&ssl=1","type":"image\/jpeg"}],"author":"Caren A\u00f1ez","twitter_card":"summary_large_image","twitter_creator":"@carenanez","twitter_site":"@villasmilhfoto","twitter_misc":{"Escrito por":"Caren A\u00f1ez","Tiempo estimado de lectura":"2 minutos"},"schema":{"@context":"https:\/\/schema.org","@graph":[{"@type":"Article","@id":"https:\/\/digital58.com.ve\/site\/2022\/12\/08\/maracaibo-fonseca-llega-con-su-viajante-tour-al-sambil\/#article","isPartOf":{"@id":"https:\/\/digital58.com.ve\/site\/2022\/12\/08\/maracaibo-fonseca-llega-con-su-viajante-tour-al-sambil\/"},"author":{"name":"Caren A\u00f1ez","@id":"https:\/\/digital58.com.ve\/site\/#\/schema\/person\/38596b127602deaa13fbcd7585635238"},"headline":"#Maracaibo | Fonseca llega con su \u00abViajante Tour\u00bb al Sambil","datePublished":"2022-12-08T13:57:25+00:00","mainEntityOfPage":{"@id":"https:\/\/digital58.com.ve\/site\/2022\/12\/08\/maracaibo-fonseca-llega-con-su-viajante-tour-al-sambil\/"},"wordCount":333,"commentCount":0,"publisher":{"@id":"https:\/\/digital58.com.ve\/site\/#\/schema\/person\/64d1c2e4d0d4fd1b849980c4331c2951"},"image":{"@id":"https:\/\/digital58.com.ve\/site\/2022\/12\/08\/maracaibo-fonseca-llega-con-su-viajante-tour-al-sambil\/#primaryimage"},"thumbnailUrl":"https:\/\/digital58.com.ve\/site\/wp-content\/uploads\/2022\/12\/thumbnail-16-oct-latin-grammys-1.jpeg","keywords":["\u00abViajante Tour\u00bb","Artista","Conciertos","donde ir caracas","Donde ir Maracaibo","Entretenimiento","Fama","Far\u00e1ndula","Fonseca","Nacionales"],"articleSection":["\u00bfD\u00f3nde ir Maracaibo?","Conciertos","Fama"],"inLanguage":"es","potentialAction":[{"@type":"CommentAction","name":"Comment","target":["https:\/\/digital58.com.ve\/site\/2022\/12\/08\/maracaibo-fonseca-llega-con-su-viajante-tour-al-sambil\/#respond"]}]},{"@type":"WebPage","@id":"https:\/\/digital58.com.ve\/site\/2022\/12\/08\/maracaibo-fonseca-llega-con-su-viajante-tour-al-sambil\/","url":"https:\/\/digital58.com.ve\/site\/2022\/12\/08\/maracaibo-fonseca-llega-con-su-viajante-tour-al-sambil\/","name":"#Maracaibo | Fonseca llega con su \u00abViajante Tour\u00bb al Sambil","isPartOf":{"@id":"https:\/\/digital58.com.ve\/site\/#website"},"primaryImageOfPage":{"@id":"https:\/\/digital58.com.ve\/site\/2022\/12\/08\/maracaibo-fonseca-llega-con-su-viajante-tour-al-sambil\/#primaryimage"},"image":{"@id":"https:\/\/digital58.com.ve\/site\/2022\/12\/08\/maracaibo-fonseca-llega-con-su-viajante-tour-al-sambil\/#primaryimage"},"thumbnailUrl":"https:\/\/digital58.com.ve\/site\/wp-content\/uploads\/2022\/12\/thumbnail-16-oct-latin-grammys-1.jpeg","datePublished":"2022-12-08T13:57:25+00:00","breadcrumb":{"@id":"https:\/\/digital58.com.ve\/site\/2022\/12\/08\/maracaibo-fonseca-llega-con-su-viajante-tour-al-sambil\/#breadcrumb"},"inLanguage":"es","potentialAction":[{"@type":"ReadAction","target":["https:\/\/digital58.com.ve\/site\/2022\/12\/08\/maracaibo-fonseca-llega-con-su-viajante-tour-al-sambil\/"]}]},{"@type":"ImageObject","inLanguage":"es","@id":"https:\/\/digital58.com.ve\/site\/2022\/12\/08\/maracaibo-fonseca-llega-con-su-viajante-tour-al-sambil\/#primaryimage","url":"https:\/\/digital58.com.ve\/site\/wp-content\/uploads\/2022\/12\/thumbnail-16-oct-latin-grammys-1.jpeg","contentUrl":"https:\/\/digital58.com.ve\/site\/wp-content\/uploads\/2022\/12\/thumbnail-16-oct-latin-grammys-1.jpeg","width":800,"height":450},{"@type":"BreadcrumbList","@id":"https:\/\/digital58.com.ve\/site\/2022\/12\/08\/maracaibo-fonseca-llega-con-su-viajante-tour-al-sambil\/#breadcrumb","itemListElement":[{"@type":"ListItem","position":1,"name":"Home","item":"https:\/\/digital58.com.ve\/site\/"},{"@type":"ListItem","position":2,"name":"#Maracaibo | Fonseca llega con su \u00abViajante Tour\u00bb al Sambil"}]},{"@type":"WebSite","@id":"https:\/\/digital58.com.ve\/site\/#website","url":"https:\/\/digital58.com.ve\/site\/","name":"Noticias Digital58","description":"Portal de Noticias \u00a1Periodismo web de verdad! Lanzamiento web 22.11.2005 \/ Maracaibo, Venezuela","publisher":{"@id":"https:\/\/digital58.com.ve\/site\/#\/schema\/person\/64d1c2e4d0d4fd1b849980c4331c2951"},"alternateName":"ND58","potentialAction":[{"@type":"SearchAction","target":{"@type":"EntryPoint","urlTemplate":"https:\/\/digital58.com.ve\/site\/?s={search_term_string}"},"query-input":{"@type":"PropertyValueSpecification","valueRequired":true,"valueName":"search_term_string"}}],"inLanguage":"es"},{"@type":["Person","Organization"],"@id":"https:\/\/digital58.com.ve\/site\/#\/schema\/person\/64d1c2e4d0d4fd1b849980c4331c2951","name":"Villasmil Henry","image":{"@type":"ImageObject","inLanguage":"es","@id":"https:\/\/secure.gravatar.com\/avatar\/bb0c4a2fcb7970138239f7e404ea75757b1b507b28b5ce4c53fbd62d797c5a7c?s=96&d=mm&r=g","url":"https:\/\/secure.gravatar.com\/avatar\/bb0c4a2fcb7970138239f7e404ea75757b1b507b28b5ce4c53fbd62d797c5a7c?s=96&d=mm&r=g","contentUrl":"https:\/\/secure.gravatar.com\/avatar\/bb0c4a2fcb7970138239f7e404ea75757b1b507b28b5ce4c53fbd62d797c5a7c?s=96&d=mm&r=g","caption":"Villasmil Henry"},"logo":{"@id":"https:\/\/secure.gravatar.com\/avatar\/bb0c4a2fcb7970138239f7e404ea75757b1b507b28b5ce4c53fbd62d797c5a7c?s=96&d=mm&r=g"},"sameAs":["http:\/\/www.henryvillasmil.com.ve","https:\/\/www.instagram.com\/villasmilhfoto\/","https:\/\/x.com\/https:\/\/twitter.com\/villasmilhfoto"]},{"@type":"Person","@id":"https:\/\/digital58.com.ve\/site\/#\/schema\/person\/38596b127602deaa13fbcd7585635238","name":"Caren A\u00f1ez","image":{"@type":"ImageObject","inLanguage":"es","@id":"https:\/\/secure.gravatar.com\/avatar\/53aadd693aa414991c9ff2f2b19c39be94d2c342463b80f5402d344911bc9782?s=96&d=mm&r=g","url":"https:\/\/secure.gravatar.com\/avatar\/53aadd693aa414991c9ff2f2b19c39be94d2c342463b80f5402d344911bc9782?s=96&d=mm&r=g","contentUrl":"https:\/\/secure.gravatar.com\/avatar\/53aadd693aa414991c9ff2f2b19c39be94d2c342463b80f5402d344911bc9782?s=96&d=mm&r=g","caption":"Caren A\u00f1ez"},"description":"\ud83d\udc69\u200d\ud83c\udfa4Editora en @digital_58 \ud83d\udc69\ud83c\udffb\u200d\ud83c\udfebPeriodista musical y de entretenimiento. \ud83d\udcf8Fotografa \ud83d\udc69\ud83c\udffb\u200d\ud83d\udcbbMedia Management. \ud83d\udc69\u200d\ud83d\udc67\u200d\ud83d\udc67AspieMon 24\/7","sameAs":["https:\/\/www.instagram.com\/carenanez\/","https:\/\/x.com\/carenanez"],"url":"https:\/\/digital58.com.ve\/site\/author\/carena21\/"}]}},"uagb_featured_image_src":{"full":["https:\/\/digital58.com.ve\/site\/wp-content\/uploads\/2022\/12\/thumbnail-16-oct-latin-grammys-1.jpeg",800,450,false],"thumbnail":["https:\/\/digital58.com.ve\/site\/wp-content\/uploads\/2022\/12\/thumbnail-16-oct-latin-grammys-1-150x150.jpeg",150,150,true],"medium":["https:\/\/digital58.com.ve\/site\/wp-content\/uploads\/2022\/12\/thumbnail-16-oct-latin-grammys-1-300x169.jpeg",300,169,true],"medium_large":["https:\/\/digital58.com.ve\/site\/wp-content\/uploads\/2022\/12\/thumbnail-16-oct-latin-grammys-1-768x432.jpeg",768,432,true],"large":["https:\/\/digital58.com.ve\/site\/wp-content\/uploads\/2022\/12\/thumbnail-16-oct-latin-grammys-1.jpeg",800,450,false],"1536x1536":["https:\/\/digital58.com.ve\/site\/wp-content\/uploads\/2022\/12\/thumbnail-16-oct-latin-grammys-1.jpeg",800,450,false],"2048x2048":["https:\/\/digital58.com.ve\/site\/wp-content\/uploads\/2022\/12\/thumbnail-16-oct-latin-grammys-1.jpeg",800,450,false],"colormag-highlighted-post":["https:\/\/digital58.com.ve\/site\/wp-content\/uploads\/2022\/12\/thumbnail-16-oct-latin-grammys-1-392x272.jpeg",392,272,true],"colormag-featured-post-medium":["https:\/\/digital58.com.ve\/site\/wp-content\/uploads\/2022\/12\/thumbnail-16-oct-latin-grammys-1-390x205.jpeg",390,205,true],"colormag-featured-post-small":["https:\/\/digital58.com.ve\/site\/wp-content\/uploads\/2022\/12\/thumbnail-16-oct-latin-grammys-1-130x90.jpeg",130,90,true],"colormag-featured-image":["https:\/\/digital58.com.ve\/site\/wp-content\/uploads\/2022\/12\/thumbnail-16-oct-latin-grammys-1-800x445.jpeg",800,445,true],"colormag-default-news":["https:\/\/digital58.com.ve\/site\/wp-content\/uploads\/2022\/12\/thumbnail-16-oct-latin-grammys-1.jpeg",150,84,false],"colormag-featured-image-large":["https:\/\/digital58.com.ve\/site\/wp-content\/uploads\/2022\/12\/thumbnail-16-oct-latin-grammys-1.jpeg",800,450,false]},"uagb_author_info":{"display_name":"Caren A\u00f1ez","author_link":"https:\/\/digital58.com.ve\/site\/author\/carena21\/"},"uagb_comment_info":0,"uagb_excerpt":"Como parte de sus gira \u00abViajante Tour\u00bb el cantautor colombiano estar\u00e1 en Maracaibo y Caracas. Maracaibo, Zulia, Venezuela, 08de diciembre","_links":{"self":[{"href":"https:\/\/digital58.com.ve\/site\/wp-json\/wp\/v2\/posts\/160817","targetHints":{"allow":["GET"]}}],"collection":[{"href":"https:\/\/digital58.com.ve\/site\/wp-json\/wp\/v2\/posts"}],"about":[{"href":"https:\/\/digital58.com.ve\/site\/wp-json\/wp\/v2\/types\/post"}],"author":[{"embeddable":true,"href":"https:\/\/digital58.com.ve\/site\/wp-json\/wp\/v2\/users\/39"}],"replies":[{"embeddable":true,"href":"https:\/\/digital58.com.ve\/site\/wp-json\/wp\/v2\/comments?post=160817"}],"version-history":[{"count":0,"href":"https:\/\/digital58.com.ve\/site\/wp-json\/wp\/v2\/posts\/160817\/revisions"}],"wp:featuredmedia":[{"embeddable":true,"href":"https:\/\/digital58.com.ve\/site\/wp-json\/wp\/v2\/media\/160823"}],"wp:attachment":[{"href":"https:\/\/digital58.com.ve\/site\/wp-json\/wp\/v2\/media?parent=160817"}],"wp:term":[{"taxonomy":"category","embeddable":true,"href":"https:\/\/digital58.com.ve\/site\/wp-json\/wp\/v2\/categories?post=160817"},{"taxonomy":"post_tag","embeddable":true,"href":"https:\/\/digital58.com.ve\/site\/wp-json\/wp\/v2\/tags?post=160817"}],"curies":[{"name":"wp","href":"https:\/\/api.w.org\/{rel}","templated":true}]}}