{"id":160882,"date":"2022-12-11T14:51:38","date_gmt":"2022-12-11T18:51:38","guid":{"rendered":"https:\/\/digital58.com.ve\/site\/?p=160882"},"modified":"2022-12-11T14:51:38","modified_gmt":"2022-12-11T18:51:38","slug":"spb-con-nueva-directiva-gaiteros-del-zulia-saltara-a-las-canchas-en-2023","status":"publish","type":"post","link":"https:\/\/digital58.com.ve\/site\/2022\/12\/11\/spb-con-nueva-directiva-gaiteros-del-zulia-saltara-a-las-canchas-en-2023\/","title":{"rendered":"#SPB | Con nueva directiva Gaiteros del Zulia saltar\u00e1 a las canchas en 2023"},"content":{"rendered":"<p><a href=\"https:\/\/digital58.com.ve\/site\/wp-content\/uploads\/2022\/12\/gaiteros-del-zulia.jpg\"><img loading=\"lazy\" decoding=\"async\" class=\"aligncenter size-full wp-image-160899\" src=\"https:\/\/digital58.com.ve\/site\/wp-content\/uploads\/2022\/12\/gaiteros-del-zulia.jpg\" alt=\"\" width=\"800\" height=\"445\" srcset=\"https:\/\/digital58.com.ve\/site\/wp-content\/uploads\/2022\/12\/gaiteros-del-zulia.jpg 800w, https:\/\/digital58.com.ve\/site\/wp-content\/uploads\/2022\/12\/gaiteros-del-zulia-300x167.jpg 300w, https:\/\/digital58.com.ve\/site\/wp-content\/uploads\/2022\/12\/gaiteros-del-zulia-768x427.jpg 768w\" sizes=\"auto, (max-width: 800px) 100vw, 800px\" \/><\/a><\/p>\n<p>En un encuentro con los medios, los \u00abcomecandela\u00bb presentaron oficialmente a sus nuevos propietarios.<\/p>\n<p><strong>Maracaibo, Zulia, Venezuela, 10 de diciembre de 2022 (ND58).-<\/strong> Tras una convocatoria expr\u00e9s a la prensa por parte del Grupo San Juan, Gaiteros del Zulia en el marco de su 40 aniversario, realiz\u00f3 una serie de anuncios tales como: la oficializaci\u00f3n de su nueva junta directiva, el pr\u00f3ximo cuerpo t\u00e9cnico y las fechas sobre el inicio de la pr\u00f3xima edici\u00f3n 2023 de la Superliga Profesional de Baloncesto en Venezuela.<\/p>\n<p>Los \u00abfurreros\u00bb luego de su proceso de compra-venta estar\u00e1n liderados desde la presidencia por el empresario Omar Barrios, qui\u00e9n anunci\u00f3 que el ex jugador de baloncesto y altamente recordado norteamericano Ruben Nembhard ser\u00e1 el pr\u00f3ximo entrenador de los zulianos, asistido por el experimentado Jorge \u00abKabubi\u00bb Arrieta qui\u00e9n regresa a la instituci\u00f3n.<\/p>\n<p><a href=\"https:\/\/digital58.com.ve\/site\/wp-content\/uploads\/2022\/12\/gaiteros-del-zulia-3.jpg\"><img loading=\"lazy\" decoding=\"async\" class=\"aligncenter size-full wp-image-160897\" src=\"https:\/\/digital58.com.ve\/site\/wp-content\/uploads\/2022\/12\/gaiteros-del-zulia-3.jpg\" alt=\"\" width=\"487\" height=\"600\" srcset=\"https:\/\/digital58.com.ve\/site\/wp-content\/uploads\/2022\/12\/gaiteros-del-zulia-3.jpg 487w, https:\/\/digital58.com.ve\/site\/wp-content\/uploads\/2022\/12\/gaiteros-del-zulia-3-244x300.jpg 244w\" sizes=\"auto, (max-width: 487px) 100vw, 487px\" \/><\/a><\/p>\n<p>Junto a estos nombramientos, se presento un nuevo regreso a las filas aurinegras para la Gerencia General como lo es Orlando Estrada, qui\u00e9n en \u00e9pocas pasadas de la mano del fallecido Alirio Romero lograron las mayores alegr\u00edas de la a\u00f1eja instituci\u00f3n \u00abmusical\u00bb y que garantiza desde las oficinas conocimiento de la disciplina a la orden del beneficio de Gaiteros.<\/p>\n<p>De forma definitiva la nueva jerarqu\u00eda de los \u00abcomecandela\u00bb quedo organizada de la siguiente manera: Omar Barrios, Presidente, -Juan Arauz, Director General, Orlando Estrada,Gerente General Andr\u00e9s Cubill\u00e1n, Gerente de operaciones y comercializaci\u00f3n, Nemesio Ant\u00fanez, Coordinador de Formaci\u00f3n Deportiva, Ruben Nembhard, Entrenador Principal, Jorge Arrieta, primer asistente y Giovanni Esp\u00f3sito, Gerente de Medios, Mercadeo y Relaciones P\u00fablicas.<\/p>\n<p><a href=\"https:\/\/digital58.com.ve\/site\/wp-content\/uploads\/2022\/12\/gaiteros-del-zulia-2.jpg\"><img loading=\"lazy\" decoding=\"async\" class=\"aligncenter size-full wp-image-160898\" src=\"https:\/\/digital58.com.ve\/site\/wp-content\/uploads\/2022\/12\/gaiteros-del-zulia-2.jpg\" alt=\"\" width=\"800\" height=\"533\" srcset=\"https:\/\/digital58.com.ve\/site\/wp-content\/uploads\/2022\/12\/gaiteros-del-zulia-2.jpg 800w, https:\/\/digital58.com.ve\/site\/wp-content\/uploads\/2022\/12\/gaiteros-del-zulia-2-300x200.jpg 300w, https:\/\/digital58.com.ve\/site\/wp-content\/uploads\/2022\/12\/gaiteros-del-zulia-2-768x512.jpg 768w\" sizes=\"auto, (max-width: 800px) 100vw, 800px\" \/><\/a><\/p>\n<p>Arrieta tuvo palabras para darle importancia a lo que llam\u00f3 un nuevo renacer de Gaiteros: \u00abEsta organizaci\u00f3n esta nuevamente naciendo de la mano de una persona que se preocupa por el estado Zulia no solo a nivel financiero sino tambi\u00e9n de la juventud, esperemos que como el (Barrios) hayan muchos m\u00e1s que se sumen\u00bb acot\u00f3 el segundo entrenador,<\/p>\n<p>Durante el encuentro con la prensa tambi\u00e9n se coloco un video del Viceministro de Juventud y Deportes, Oliver Guzm\u00e1n donde el mismo reiter\u00f3 el apoyo que desde el ente nacional Mindeporte estar\u00e1n aportando para el desarrollo y crecimiento de la disciplina en la regi\u00f3n.<\/p>\n<p>La nueva directiva expres\u00f3 que no solamente estar\u00e1n invirtiendo y trabajando para la consecuci\u00f3n de un t\u00edtulo sino tambi\u00e9n en lo que consideran m\u00e1s valioso el desarrollo de las canteras para mantener talento criollo siempre a disposici\u00f3n de la instituci\u00f3n \u00abfurrera\u00bb.<\/p>\n<p><a href=\"https:\/\/digital58.com.ve\/site\/wp-content\/uploads\/2022\/12\/gaiteros-del-zulia-4.jpg\"><img loading=\"lazy\" decoding=\"async\" class=\"aligncenter size-full wp-image-160900\" src=\"https:\/\/digital58.com.ve\/site\/wp-content\/uploads\/2022\/12\/gaiteros-del-zulia-4.jpg\" alt=\"\" width=\"651\" height=\"600\" srcset=\"https:\/\/digital58.com.ve\/site\/wp-content\/uploads\/2022\/12\/gaiteros-del-zulia-4.jpg 651w, https:\/\/digital58.com.ve\/site\/wp-content\/uploads\/2022\/12\/gaiteros-del-zulia-4-300x276.jpg 300w\" sizes=\"auto, (max-width: 651px) 100vw, 651px\" \/><\/a><\/p>\n<p>En este orden de ideas Gaiteros aprovech\u00f3 la ocasi\u00f3n para dotar de nuevo material deportivo a los chicos de la selecci\u00f3n Sub-17 del estado Zulia.<\/p>\n<p>La pretemporada \u00abcomecandela\u00bb dar\u00eda inicio el pr\u00f3ximo 15 de enero y la fecha pautada para el comienzo de la edici\u00f3n 2023 de la SPB es el 3 de marzo.<\/p>\n<p><strong>Redacci\u00f3n: ND58 \/ Arismendi, Luis<\/strong><br \/>\n<strong>Edici\u00f3n: Villasmil, Henry<\/strong><br \/>\n<strong>Gr\u00e1ficas: Arismendi, Luis y Prensa Gaiteros del Zulia<br \/>\n<\/strong><\/p>\n<p>&nbsp;<\/p><div class=\"rwheu69f2d27a551ec\" ><p style=\"text-align: center;\"><a href=\"https:\/\/t.me\/noticiasdigital58\" target=\"_blank\" rel=\"noopener\"><img class=\"aligncenter size-full wp-image-125363\" src=\"https:\/\/digital58.com.ve\/site\/wp-content\/uploads\/2021\/04\/banner-telegram-web-2021.png\" alt=\"\" width=\"600\" height=\"90\" \/><\/a><\/p><\/div><style type=\"text\/css\">\r\n@media screen and (min-width: 1201px) {\r\n.rwheu69f2d27a551ec {\r\ndisplay: block;\r\n}\r\n}\r\n@media screen and (min-width: 993px) and (max-width: 1200px) {\r\n.rwheu69f2d27a551ec {\r\ndisplay: block;\r\n}\r\n}\r\n@media screen and (min-width: 769px) and (max-width: 992px) {\r\n.rwheu69f2d27a551ec {\r\ndisplay: block;\r\n}\r\n}\r\n@media screen and (min-width: 768px) and (max-width: 768px) {\r\n.rwheu69f2d27a551ec {\r\ndisplay: block;\r\n}\r\n}\r\n@media screen and (max-width: 767px) {\r\n.rwheu69f2d27a551ec {\r\ndisplay: block;\r\n}\r\n}\r\n<\/style>\r\n\n<p>&nbsp;<\/p>\n<div style=\"margin-top: 0px; margin-bottom: 0px;\" class=\"sharethis-inline-share-buttons\" ><\/div>","protected":false},"excerpt":{"rendered":"<p>En un encuentro con los medios, los \u00abcomecandela\u00bb presentaron oficialmente a sus nuevos propietarios. Maracaibo, Zulia, Venezuela, 10 de diciembre<\/p>\n","protected":false},"author":7,"featured_media":160898,"comment_status":"open","ping_status":"closed","sticky":false,"template":"","format":"standard","meta":{"colormag_page_container_layout":"default_layout","colormag_page_sidebar_layout":"default_layout","_uag_custom_page_level_css":"","footnotes":""},"categories":[5402],"tags":[27,22312,28,858,30010,30009,4037,73,233,30007,2354,30008,22324,30006,28757,32,761],"class_list":["post-160882","post","type-post","status-publish","format-standard","has-post-thumbnail","hentry","category-deportes","tag-baloncesto","tag-baloncesto-nacional","tag-baloncesto-venezolano","tag-gaiteros-del-zulia","tag-grupo-san-juan","tag-jorge-arrieta","tag-junta-directiva","tag-maracaibo","tag-nacionales","tag-omar-barrios","tag-regionales","tag-ruben-nembhard","tag-spb","tag-spb-2023","tag-superliga-profesional-de-baloncesto","tag-venezuela","tag-zulia"],"yoast_head":"<!-- This site is optimized with the Yoast SEO plugin v27.5 - https:\/\/yoast.com\/product\/yoast-seo-wordpress\/ -->\n<title>#SPB | Con nueva directiva Gaiteros del Zulia saltar\u00e1 a las canchas en 2023<\/title>\n<meta name=\"robots\" content=\"index, follow, max-snippet:-1, max-image-preview:large, max-video-preview:-1\" \/>\n<link rel=\"canonical\" href=\"https:\/\/digital58.com.ve\/site\/2022\/12\/11\/spb-con-nueva-directiva-gaiteros-del-zulia-saltara-a-las-canchas-en-2023\/\" \/>\n<meta property=\"og:locale\" content=\"es_ES\" \/>\n<meta property=\"og:type\" content=\"article\" \/>\n<meta property=\"og:title\" content=\"#SPB | Con nueva directiva Gaiteros del Zulia saltar\u00e1 a las canchas en 2023\" \/>\n<meta property=\"og:url\" content=\"https:\/\/digital58.com.ve\/site\/2022\/12\/11\/spb-con-nueva-directiva-gaiteros-del-zulia-saltara-a-las-canchas-en-2023\/\" \/>\n<meta property=\"og:site_name\" content=\"Noticias Digital58\" \/>\n<meta property=\"article:published_time\" content=\"2022-12-11T18:51:38+00:00\" \/>\n<meta property=\"og:image\" content=\"https:\/\/i0.wp.com\/digital58.com.ve\/site\/wp-content\/uploads\/2022\/12\/gaiteros-del-zulia-2.jpg?fit=800%2C533&ssl=1\" \/>\n\t<meta property=\"og:image:width\" content=\"800\" \/>\n\t<meta property=\"og:image:height\" content=\"533\" \/>\n\t<meta property=\"og:image:type\" content=\"image\/jpeg\" \/>\n<meta name=\"author\" content=\"Arismendi Luis\" \/>\n<meta name=\"twitter:card\" content=\"summary_large_image\" \/>\n<meta name=\"twitter:creator\" content=\"@Digital_58\" \/>\n<meta name=\"twitter:site\" content=\"@villasmilhfoto\" \/>\n<meta name=\"twitter:label1\" content=\"Escrito por\" \/>\n\t<meta name=\"twitter:data1\" content=\"Arismendi Luis\" \/>\n\t<meta name=\"twitter:label2\" content=\"Tiempo estimado de lectura\" \/>\n\t<meta name=\"twitter:data2\" content=\"3 minutos\" \/>\n<script type=\"application\/ld+json\" class=\"yoast-schema-graph\">{\"@context\":\"https:\\\/\\\/schema.org\",\"@graph\":[{\"@type\":\"Article\",\"@id\":\"https:\\\/\\\/digital58.com.ve\\\/site\\\/2022\\\/12\\\/11\\\/spb-con-nueva-directiva-gaiteros-del-zulia-saltara-a-las-canchas-en-2023\\\/#article\",\"isPartOf\":{\"@id\":\"https:\\\/\\\/digital58.com.ve\\\/site\\\/2022\\\/12\\\/11\\\/spb-con-nueva-directiva-gaiteros-del-zulia-saltara-a-las-canchas-en-2023\\\/\"},\"author\":{\"name\":\"Arismendi Luis\",\"@id\":\"https:\\\/\\\/digital58.com.ve\\\/site\\\/#\\\/schema\\\/person\\\/d79fb9041200d150763851810f3a6e44\"},\"headline\":\"#SPB | Con nueva directiva Gaiteros del Zulia saltar\u00e1 a las canchas en 2023\",\"datePublished\":\"2022-12-11T18:51:38+00:00\",\"mainEntityOfPage\":{\"@id\":\"https:\\\/\\\/digital58.com.ve\\\/site\\\/2022\\\/12\\\/11\\\/spb-con-nueva-directiva-gaiteros-del-zulia-saltara-a-las-canchas-en-2023\\\/\"},\"wordCount\":515,\"commentCount\":0,\"publisher\":{\"@id\":\"https:\\\/\\\/digital58.com.ve\\\/site\\\/#\\\/schema\\\/person\\\/64d1c2e4d0d4fd1b849980c4331c2951\"},\"image\":{\"@id\":\"https:\\\/\\\/digital58.com.ve\\\/site\\\/2022\\\/12\\\/11\\\/spb-con-nueva-directiva-gaiteros-del-zulia-saltara-a-las-canchas-en-2023\\\/#primaryimage\"},\"thumbnailUrl\":\"https:\\\/\\\/digital58.com.ve\\\/site\\\/wp-content\\\/uploads\\\/2022\\\/12\\\/gaiteros-del-zulia-2.jpg\",\"keywords\":[\"Baloncesto\",\"Baloncesto Nacional\",\"Baloncesto Venezolano\",\"Gaiteros del Zulia\",\"Grupo San Juan\",\"Jorge Arrieta\",\"Junta Directiva\",\"Maracaibo\",\"Nacionales\",\"Omar Barrios\",\"Regionales\",\"Ruben Nembhard\",\"SPB\",\"SPB 2023\",\"Superliga Profesional de Baloncesto\",\"Venezuela\",\"Zulia\"],\"articleSection\":[\"Deportes\"],\"inLanguage\":\"es\",\"potentialAction\":[{\"@type\":\"CommentAction\",\"name\":\"Comment\",\"target\":[\"https:\\\/\\\/digital58.com.ve\\\/site\\\/2022\\\/12\\\/11\\\/spb-con-nueva-directiva-gaiteros-del-zulia-saltara-a-las-canchas-en-2023\\\/#respond\"]}]},{\"@type\":\"WebPage\",\"@id\":\"https:\\\/\\\/digital58.com.ve\\\/site\\\/2022\\\/12\\\/11\\\/spb-con-nueva-directiva-gaiteros-del-zulia-saltara-a-las-canchas-en-2023\\\/\",\"url\":\"https:\\\/\\\/digital58.com.ve\\\/site\\\/2022\\\/12\\\/11\\\/spb-con-nueva-directiva-gaiteros-del-zulia-saltara-a-las-canchas-en-2023\\\/\",\"name\":\"#SPB | Con nueva directiva Gaiteros del Zulia saltar\u00e1 a las canchas en 2023\",\"isPartOf\":{\"@id\":\"https:\\\/\\\/digital58.com.ve\\\/site\\\/#website\"},\"primaryImageOfPage\":{\"@id\":\"https:\\\/\\\/digital58.com.ve\\\/site\\\/2022\\\/12\\\/11\\\/spb-con-nueva-directiva-gaiteros-del-zulia-saltara-a-las-canchas-en-2023\\\/#primaryimage\"},\"image\":{\"@id\":\"https:\\\/\\\/digital58.com.ve\\\/site\\\/2022\\\/12\\\/11\\\/spb-con-nueva-directiva-gaiteros-del-zulia-saltara-a-las-canchas-en-2023\\\/#primaryimage\"},\"thumbnailUrl\":\"https:\\\/\\\/digital58.com.ve\\\/site\\\/wp-content\\\/uploads\\\/2022\\\/12\\\/gaiteros-del-zulia-2.jpg\",\"datePublished\":\"2022-12-11T18:51:38+00:00\",\"breadcrumb\":{\"@id\":\"https:\\\/\\\/digital58.com.ve\\\/site\\\/2022\\\/12\\\/11\\\/spb-con-nueva-directiva-gaiteros-del-zulia-saltara-a-las-canchas-en-2023\\\/#breadcrumb\"},\"inLanguage\":\"es\",\"potentialAction\":[{\"@type\":\"ReadAction\",\"target\":[\"https:\\\/\\\/digital58.com.ve\\\/site\\\/2022\\\/12\\\/11\\\/spb-con-nueva-directiva-gaiteros-del-zulia-saltara-a-las-canchas-en-2023\\\/\"]}]},{\"@type\":\"ImageObject\",\"inLanguage\":\"es\",\"@id\":\"https:\\\/\\\/digital58.com.ve\\\/site\\\/2022\\\/12\\\/11\\\/spb-con-nueva-directiva-gaiteros-del-zulia-saltara-a-las-canchas-en-2023\\\/#primaryimage\",\"url\":\"https:\\\/\\\/digital58.com.ve\\\/site\\\/wp-content\\\/uploads\\\/2022\\\/12\\\/gaiteros-del-zulia-2.jpg\",\"contentUrl\":\"https:\\\/\\\/digital58.com.ve\\\/site\\\/wp-content\\\/uploads\\\/2022\\\/12\\\/gaiteros-del-zulia-2.jpg\",\"width\":800,\"height\":533},{\"@type\":\"BreadcrumbList\",\"@id\":\"https:\\\/\\\/digital58.com.ve\\\/site\\\/2022\\\/12\\\/11\\\/spb-con-nueva-directiva-gaiteros-del-zulia-saltara-a-las-canchas-en-2023\\\/#breadcrumb\",\"itemListElement\":[{\"@type\":\"ListItem\",\"position\":1,\"name\":\"Home\",\"item\":\"https:\\\/\\\/digital58.com.ve\\\/site\\\/\"},{\"@type\":\"ListItem\",\"position\":2,\"name\":\"#SPB | Con nueva directiva Gaiteros del Zulia saltar\u00e1 a las canchas en 2023\"}]},{\"@type\":\"WebSite\",\"@id\":\"https:\\\/\\\/digital58.com.ve\\\/site\\\/#website\",\"url\":\"https:\\\/\\\/digital58.com.ve\\\/site\\\/\",\"name\":\"Noticias Digital58\",\"description\":\"Portal de Noticias \u00a1Periodismo web de verdad! Lanzamiento web 22.11.2005 \\\/ Maracaibo, Venezuela\",\"publisher\":{\"@id\":\"https:\\\/\\\/digital58.com.ve\\\/site\\\/#\\\/schema\\\/person\\\/64d1c2e4d0d4fd1b849980c4331c2951\"},\"alternateName\":\"ND58\",\"potentialAction\":[{\"@type\":\"SearchAction\",\"target\":{\"@type\":\"EntryPoint\",\"urlTemplate\":\"https:\\\/\\\/digital58.com.ve\\\/site\\\/?s={search_term_string}\"},\"query-input\":{\"@type\":\"PropertyValueSpecification\",\"valueRequired\":true,\"valueName\":\"search_term_string\"}}],\"inLanguage\":\"es\"},{\"@type\":[\"Person\",\"Organization\"],\"@id\":\"https:\\\/\\\/digital58.com.ve\\\/site\\\/#\\\/schema\\\/person\\\/64d1c2e4d0d4fd1b849980c4331c2951\",\"name\":\"Villasmil Henry\",\"image\":{\"@type\":\"ImageObject\",\"inLanguage\":\"es\",\"@id\":\"https:\\\/\\\/secure.gravatar.com\\\/avatar\\\/bb0c4a2fcb7970138239f7e404ea75757b1b507b28b5ce4c53fbd62d797c5a7c?s=96&d=mm&r=g\",\"url\":\"https:\\\/\\\/secure.gravatar.com\\\/avatar\\\/bb0c4a2fcb7970138239f7e404ea75757b1b507b28b5ce4c53fbd62d797c5a7c?s=96&d=mm&r=g\",\"contentUrl\":\"https:\\\/\\\/secure.gravatar.com\\\/avatar\\\/bb0c4a2fcb7970138239f7e404ea75757b1b507b28b5ce4c53fbd62d797c5a7c?s=96&d=mm&r=g\",\"caption\":\"Villasmil Henry\"},\"logo\":{\"@id\":\"https:\\\/\\\/secure.gravatar.com\\\/avatar\\\/bb0c4a2fcb7970138239f7e404ea75757b1b507b28b5ce4c53fbd62d797c5a7c?s=96&d=mm&r=g\"},\"sameAs\":[\"http:\\\/\\\/www.henryvillasmil.com.ve\",\"https:\\\/\\\/www.instagram.com\\\/villasmilhfoto\\\/\",\"https:\\\/\\\/x.com\\\/https:\\\/\\\/twitter.com\\\/villasmilhfoto\"]},{\"@type\":\"Person\",\"@id\":\"https:\\\/\\\/digital58.com.ve\\\/site\\\/#\\\/schema\\\/person\\\/d79fb9041200d150763851810f3a6e44\",\"name\":\"Arismendi Luis\",\"image\":{\"@type\":\"ImageObject\",\"inLanguage\":\"es\",\"@id\":\"https:\\\/\\\/secure.gravatar.com\\\/avatar\\\/076a9c19816f4976b76b8d88be4606fba80dee0aea5ccae15d7f3466053c0615?s=96&d=mm&r=g\",\"url\":\"https:\\\/\\\/secure.gravatar.com\\\/avatar\\\/076a9c19816f4976b76b8d88be4606fba80dee0aea5ccae15d7f3466053c0615?s=96&d=mm&r=g\",\"contentUrl\":\"https:\\\/\\\/secure.gravatar.com\\\/avatar\\\/076a9c19816f4976b76b8d88be4606fba80dee0aea5ccae15d7f3466053c0615?s=96&d=mm&r=g\",\"caption\":\"Arismendi Luis\"},\"url\":\"https:\\\/\\\/digital58.com.ve\\\/site\\\/author\\\/arismendi17\\\/\"}]}<\/script>\n<!-- \/ Yoast SEO plugin. -->","yoast_head_json":{"title":"#SPB | Con nueva directiva Gaiteros del Zulia saltar\u00e1 a las canchas en 2023","robots":{"index":"index","follow":"follow","max-snippet":"max-snippet:-1","max-image-preview":"max-image-preview:large","max-video-preview":"max-video-preview:-1"},"canonical":"https:\/\/digital58.com.ve\/site\/2022\/12\/11\/spb-con-nueva-directiva-gaiteros-del-zulia-saltara-a-las-canchas-en-2023\/","og_locale":"es_ES","og_type":"article","og_title":"#SPB | Con nueva directiva Gaiteros del Zulia saltar\u00e1 a las canchas en 2023","og_url":"https:\/\/digital58.com.ve\/site\/2022\/12\/11\/spb-con-nueva-directiva-gaiteros-del-zulia-saltara-a-las-canchas-en-2023\/","og_site_name":"Noticias Digital58","article_published_time":"2022-12-11T18:51:38+00:00","og_image":[{"width":800,"height":533,"url":"https:\/\/i0.wp.com\/digital58.com.ve\/site\/wp-content\/uploads\/2022\/12\/gaiteros-del-zulia-2.jpg?fit=800%2C533&ssl=1","type":"image\/jpeg"}],"author":"Arismendi Luis","twitter_card":"summary_large_image","twitter_creator":"@Digital_58","twitter_site":"@villasmilhfoto","twitter_misc":{"Escrito por":"Arismendi Luis","Tiempo estimado de lectura":"3 minutos"},"schema":{"@context":"https:\/\/schema.org","@graph":[{"@type":"Article","@id":"https:\/\/digital58.com.ve\/site\/2022\/12\/11\/spb-con-nueva-directiva-gaiteros-del-zulia-saltara-a-las-canchas-en-2023\/#article","isPartOf":{"@id":"https:\/\/digital58.com.ve\/site\/2022\/12\/11\/spb-con-nueva-directiva-gaiteros-del-zulia-saltara-a-las-canchas-en-2023\/"},"author":{"name":"Arismendi Luis","@id":"https:\/\/digital58.com.ve\/site\/#\/schema\/person\/d79fb9041200d150763851810f3a6e44"},"headline":"#SPB | Con nueva directiva Gaiteros del Zulia saltar\u00e1 a las canchas en 2023","datePublished":"2022-12-11T18:51:38+00:00","mainEntityOfPage":{"@id":"https:\/\/digital58.com.ve\/site\/2022\/12\/11\/spb-con-nueva-directiva-gaiteros-del-zulia-saltara-a-las-canchas-en-2023\/"},"wordCount":515,"commentCount":0,"publisher":{"@id":"https:\/\/digital58.com.ve\/site\/#\/schema\/person\/64d1c2e4d0d4fd1b849980c4331c2951"},"image":{"@id":"https:\/\/digital58.com.ve\/site\/2022\/12\/11\/spb-con-nueva-directiva-gaiteros-del-zulia-saltara-a-las-canchas-en-2023\/#primaryimage"},"thumbnailUrl":"https:\/\/digital58.com.ve\/site\/wp-content\/uploads\/2022\/12\/gaiteros-del-zulia-2.jpg","keywords":["Baloncesto","Baloncesto Nacional","Baloncesto Venezolano","Gaiteros del Zulia","Grupo San Juan","Jorge Arrieta","Junta Directiva","Maracaibo","Nacionales","Omar Barrios","Regionales","Ruben Nembhard","SPB","SPB 2023","Superliga Profesional de Baloncesto","Venezuela","Zulia"],"articleSection":["Deportes"],"inLanguage":"es","potentialAction":[{"@type":"CommentAction","name":"Comment","target":["https:\/\/digital58.com.ve\/site\/2022\/12\/11\/spb-con-nueva-directiva-gaiteros-del-zulia-saltara-a-las-canchas-en-2023\/#respond"]}]},{"@type":"WebPage","@id":"https:\/\/digital58.com.ve\/site\/2022\/12\/11\/spb-con-nueva-directiva-gaiteros-del-zulia-saltara-a-las-canchas-en-2023\/","url":"https:\/\/digital58.com.ve\/site\/2022\/12\/11\/spb-con-nueva-directiva-gaiteros-del-zulia-saltara-a-las-canchas-en-2023\/","name":"#SPB | Con nueva directiva Gaiteros del Zulia saltar\u00e1 a las canchas en 2023","isPartOf":{"@id":"https:\/\/digital58.com.ve\/site\/#website"},"primaryImageOfPage":{"@id":"https:\/\/digital58.com.ve\/site\/2022\/12\/11\/spb-con-nueva-directiva-gaiteros-del-zulia-saltara-a-las-canchas-en-2023\/#primaryimage"},"image":{"@id":"https:\/\/digital58.com.ve\/site\/2022\/12\/11\/spb-con-nueva-directiva-gaiteros-del-zulia-saltara-a-las-canchas-en-2023\/#primaryimage"},"thumbnailUrl":"https:\/\/digital58.com.ve\/site\/wp-content\/uploads\/2022\/12\/gaiteros-del-zulia-2.jpg","datePublished":"2022-12-11T18:51:38+00:00","breadcrumb":{"@id":"https:\/\/digital58.com.ve\/site\/2022\/12\/11\/spb-con-nueva-directiva-gaiteros-del-zulia-saltara-a-las-canchas-en-2023\/#breadcrumb"},"inLanguage":"es","potentialAction":[{"@type":"ReadAction","target":["https:\/\/digital58.com.ve\/site\/2022\/12\/11\/spb-con-nueva-directiva-gaiteros-del-zulia-saltara-a-las-canchas-en-2023\/"]}]},{"@type":"ImageObject","inLanguage":"es","@id":"https:\/\/digital58.com.ve\/site\/2022\/12\/11\/spb-con-nueva-directiva-gaiteros-del-zulia-saltara-a-las-canchas-en-2023\/#primaryimage","url":"https:\/\/digital58.com.ve\/site\/wp-content\/uploads\/2022\/12\/gaiteros-del-zulia-2.jpg","contentUrl":"https:\/\/digital58.com.ve\/site\/wp-content\/uploads\/2022\/12\/gaiteros-del-zulia-2.jpg","width":800,"height":533},{"@type":"BreadcrumbList","@id":"https:\/\/digital58.com.ve\/site\/2022\/12\/11\/spb-con-nueva-directiva-gaiteros-del-zulia-saltara-a-las-canchas-en-2023\/#breadcrumb","itemListElement":[{"@type":"ListItem","position":1,"name":"Home","item":"https:\/\/digital58.com.ve\/site\/"},{"@type":"ListItem","position":2,"name":"#SPB | Con nueva directiva Gaiteros del Zulia saltar\u00e1 a las canchas en 2023"}]},{"@type":"WebSite","@id":"https:\/\/digital58.com.ve\/site\/#website","url":"https:\/\/digital58.com.ve\/site\/","name":"Noticias Digital58","description":"Portal de Noticias \u00a1Periodismo web de verdad! Lanzamiento web 22.11.2005 \/ Maracaibo, Venezuela","publisher":{"@id":"https:\/\/digital58.com.ve\/site\/#\/schema\/person\/64d1c2e4d0d4fd1b849980c4331c2951"},"alternateName":"ND58","potentialAction":[{"@type":"SearchAction","target":{"@type":"EntryPoint","urlTemplate":"https:\/\/digital58.com.ve\/site\/?s={search_term_string}"},"query-input":{"@type":"PropertyValueSpecification","valueRequired":true,"valueName":"search_term_string"}}],"inLanguage":"es"},{"@type":["Person","Organization"],"@id":"https:\/\/digital58.com.ve\/site\/#\/schema\/person\/64d1c2e4d0d4fd1b849980c4331c2951","name":"Villasmil Henry","image":{"@type":"ImageObject","inLanguage":"es","@id":"https:\/\/secure.gravatar.com\/avatar\/bb0c4a2fcb7970138239f7e404ea75757b1b507b28b5ce4c53fbd62d797c5a7c?s=96&d=mm&r=g","url":"https:\/\/secure.gravatar.com\/avatar\/bb0c4a2fcb7970138239f7e404ea75757b1b507b28b5ce4c53fbd62d797c5a7c?s=96&d=mm&r=g","contentUrl":"https:\/\/secure.gravatar.com\/avatar\/bb0c4a2fcb7970138239f7e404ea75757b1b507b28b5ce4c53fbd62d797c5a7c?s=96&d=mm&r=g","caption":"Villasmil Henry"},"logo":{"@id":"https:\/\/secure.gravatar.com\/avatar\/bb0c4a2fcb7970138239f7e404ea75757b1b507b28b5ce4c53fbd62d797c5a7c?s=96&d=mm&r=g"},"sameAs":["http:\/\/www.henryvillasmil.com.ve","https:\/\/www.instagram.com\/villasmilhfoto\/","https:\/\/x.com\/https:\/\/twitter.com\/villasmilhfoto"]},{"@type":"Person","@id":"https:\/\/digital58.com.ve\/site\/#\/schema\/person\/d79fb9041200d150763851810f3a6e44","name":"Arismendi Luis","image":{"@type":"ImageObject","inLanguage":"es","@id":"https:\/\/secure.gravatar.com\/avatar\/076a9c19816f4976b76b8d88be4606fba80dee0aea5ccae15d7f3466053c0615?s=96&d=mm&r=g","url":"https:\/\/secure.gravatar.com\/avatar\/076a9c19816f4976b76b8d88be4606fba80dee0aea5ccae15d7f3466053c0615?s=96&d=mm&r=g","contentUrl":"https:\/\/secure.gravatar.com\/avatar\/076a9c19816f4976b76b8d88be4606fba80dee0aea5ccae15d7f3466053c0615?s=96&d=mm&r=g","caption":"Arismendi Luis"},"url":"https:\/\/digital58.com.ve\/site\/author\/arismendi17\/"}]}},"uagb_featured_image_src":{"full":["https:\/\/digital58.com.ve\/site\/wp-content\/uploads\/2022\/12\/gaiteros-del-zulia-2.jpg",800,533,false],"thumbnail":["https:\/\/digital58.com.ve\/site\/wp-content\/uploads\/2022\/12\/gaiteros-del-zulia-2-150x150.jpg",150,150,true],"medium":["https:\/\/digital58.com.ve\/site\/wp-content\/uploads\/2022\/12\/gaiteros-del-zulia-2-300x200.jpg",300,200,true],"medium_large":["https:\/\/digital58.com.ve\/site\/wp-content\/uploads\/2022\/12\/gaiteros-del-zulia-2-768x512.jpg",768,512,true],"large":["https:\/\/digital58.com.ve\/site\/wp-content\/uploads\/2022\/12\/gaiteros-del-zulia-2.jpg",800,533,false],"1536x1536":["https:\/\/digital58.com.ve\/site\/wp-content\/uploads\/2022\/12\/gaiteros-del-zulia-2.jpg",800,533,false],"2048x2048":["https:\/\/digital58.com.ve\/site\/wp-content\/uploads\/2022\/12\/gaiteros-del-zulia-2.jpg",800,533,false],"colormag-highlighted-post":["https:\/\/digital58.com.ve\/site\/wp-content\/uploads\/2022\/12\/gaiteros-del-zulia-2-392x272.jpg",392,272,true],"colormag-featured-post-medium":["https:\/\/digital58.com.ve\/site\/wp-content\/uploads\/2022\/12\/gaiteros-del-zulia-2-390x205.jpg",390,205,true],"colormag-featured-post-small":["https:\/\/digital58.com.ve\/site\/wp-content\/uploads\/2022\/12\/gaiteros-del-zulia-2-130x90.jpg",130,90,true],"colormag-featured-image":["https:\/\/digital58.com.ve\/site\/wp-content\/uploads\/2022\/12\/gaiteros-del-zulia-2-800x445.jpg",800,445,true],"colormag-default-news":["https:\/\/digital58.com.ve\/site\/wp-content\/uploads\/2022\/12\/gaiteros-del-zulia-2.jpg",150,100,false],"colormag-featured-image-large":["https:\/\/digital58.com.ve\/site\/wp-content\/uploads\/2022\/12\/gaiteros-del-zulia-2.jpg",800,533,false]},"uagb_author_info":{"display_name":"Arismendi Luis","author_link":"https:\/\/digital58.com.ve\/site\/author\/arismendi17\/"},"uagb_comment_info":0,"uagb_excerpt":"En un encuentro con los medios, los \u00abcomecandela\u00bb presentaron oficialmente a sus nuevos propietarios. Maracaibo, Zulia, Venezuela, 10 de diciembre","_links":{"self":[{"href":"https:\/\/digital58.com.ve\/site\/wp-json\/wp\/v2\/posts\/160882","targetHints":{"allow":["GET"]}}],"collection":[{"href":"https:\/\/digital58.com.ve\/site\/wp-json\/wp\/v2\/posts"}],"about":[{"href":"https:\/\/digital58.com.ve\/site\/wp-json\/wp\/v2\/types\/post"}],"author":[{"embeddable":true,"href":"https:\/\/digital58.com.ve\/site\/wp-json\/wp\/v2\/users\/7"}],"replies":[{"embeddable":true,"href":"https:\/\/digital58.com.ve\/site\/wp-json\/wp\/v2\/comments?post=160882"}],"version-history":[{"count":0,"href":"https:\/\/digital58.com.ve\/site\/wp-json\/wp\/v2\/posts\/160882\/revisions"}],"wp:featuredmedia":[{"embeddable":true,"href":"https:\/\/digital58.com.ve\/site\/wp-json\/wp\/v2\/media\/160898"}],"wp:attachment":[{"href":"https:\/\/digital58.com.ve\/site\/wp-json\/wp\/v2\/media?parent=160882"}],"wp:term":[{"taxonomy":"category","embeddable":true,"href":"https:\/\/digital58.com.ve\/site\/wp-json\/wp\/v2\/categories?post=160882"},{"taxonomy":"post_tag","embeddable":true,"href":"https:\/\/digital58.com.ve\/site\/wp-json\/wp\/v2\/tags?post=160882"}],"curies":[{"name":"wp","href":"https:\/\/api.w.org\/{rel}","templated":true}]}}