{"id":161049,"date":"2022-12-15T18:10:23","date_gmt":"2022-12-15T22:10:23","guid":{"rendered":"https:\/\/digital58.com.ve\/site\/?p=161049"},"modified":"2022-12-15T18:20:54","modified_gmt":"2022-12-15T22:20:54","slug":"boric-quiere-aumentar-penas-por-secuestro-porte-de-armas-y-sicariato-en-chile","status":"publish","type":"post","link":"https:\/\/digital58.com.ve\/site\/2022\/12\/15\/boric-quiere-aumentar-penas-por-secuestro-porte-de-armas-y-sicariato-en-chile\/","title":{"rendered":"Boric quiere aumentar penas por secuestro, porte de armas y sicariato en Chile"},"content":{"rendered":"<p><img loading=\"lazy\" decoding=\"async\" class=\"alignnone size-full wp-image-161057\" src=\"https:\/\/digital58.com.ve\/site\/wp-content\/uploads\/2022\/12\/boric.jpeg\" alt=\"\" width=\"818\" height=\"460\" srcset=\"https:\/\/digital58.com.ve\/site\/wp-content\/uploads\/2022\/12\/boric.jpeg 818w, https:\/\/digital58.com.ve\/site\/wp-content\/uploads\/2022\/12\/boric-300x169.jpeg 300w, https:\/\/digital58.com.ve\/site\/wp-content\/uploads\/2022\/12\/boric-768x432.jpeg 768w\" sizes=\"auto, (max-width: 818px) 100vw, 818px\" \/><\/p>\n<p>El presidente de Chile, Gabriel Boric, anunci\u00f3 este jueves varios proyectos de ley para enfrentar la crisis de seguridad p\u00fablica que vive el pa\u00eds y que incluyen aumentos de penas por secuestro y porte de armas en lugares p\u00fablicos y la tipificaci\u00f3n del sicariato.<\/p>\n<p><strong>Santiago de Chile, Chile, 15 de diciembre de 2022 (ND58).-<\/strong> \u00abSabemos que el tipo de delitos ha cambiado en Chile y eso es algo que preocupa. Por tanto, tenemos que ser capaces de adecuar nuestra legislaci\u00f3n\u00bb, dijo el mandatario durante un acto oficial en la periferia de Santiago.<\/p>\n<p><strong>Inseguridad en Chile<\/strong><br \/>\nBoric asegur\u00f3 que la sensaci\u00f3n de inseguridad ha aumentado \u00abporque han aumentado tambi\u00e9n los delitos violentos\u00bb y admiti\u00f3 que \u00abse levanta y se acuesta pensando en c\u00f3mo mejorar la seguridad\u00bb.<\/p>\n<p><strong>Las \u00faltimas encuestas ciudadanas han revelado una preocupante alza en la percepci\u00f3n de la inseguridad.<\/strong><\/p>\n<p>La fundaci\u00f3n Paz Ciudadana public\u00f3 en octubre que el miedo de ser v\u00edctima de un delito creci\u00f3 7,6 por ciento, alcanzando un 28 por ciento a nivel nacional, la cifra m\u00e1s alta en 22 a\u00f1os.<\/p>\n<p>Sin embargo, el pa\u00eds registra la tasa de homicidios por 100 mil habitantes m\u00e1s baja de Suram\u00e9rica, seg\u00fan la Oficina de las Naciones Unidas contra la Droga y el Delito (UNODC).<\/p>\n<p>En 2022, la tasa lleg\u00f3 a 3,09 asesinatos por cada 100 mil habitantes, 11 por ciento mayor que el mismo per\u00edodo del a\u00f1o pasado, de acuerdo al organismo.<\/p>\n<p>\u00abSi no somos capaces de mejorar la seguridad y recuperar nuestros espacios p\u00fablicos, dif\u00edcilmente vamos a poder hablar con la profundidad que se requiere de las grandes reformas que tambi\u00e9n tenemos pensadas, como distribuir mejor la riqueza y mejorar las pensiones\u00bb, agreg\u00f3 Boric.<\/p>\n<p><strong>Aumento en materia de seguridad<\/strong><\/p>\n<p>Pese a que fue criticado durante la campa\u00f1a electoral y al inicio de su mandato por no prestarle demasiada atenci\u00f3n a la crisis de inseguridad, el exl\u00edder estudiantil ha cambiado el tono en los \u00faltimos tiempos.<\/p>\n<p>En septiembre anunci\u00f3 un aumento del 4,4 por ciento con respecto al a\u00f1o pasado en materia de seguridad en su primer proyecto de cuentas generales.<\/p><div class=\"qcnta6a9d41dbc7862\" ><p style=\"text-align: center;\"><a href=\"https:\/\/t.me\/noticiasdigital58\" target=\"_blank\" rel=\"noopener\"><img class=\"aligncenter size-full wp-image-125363\" src=\"https:\/\/digital58.com.ve\/site\/wp-content\/uploads\/2021\/04\/banner-telegram-web-2021.png\" alt=\"\" width=\"600\" height=\"90\" \/><\/a><\/p><\/div><style type=\"text\/css\">\r\n@media screen and (min-width: 1201px) {\r\n.qcnta6a9d41dbc7862 {\r\ndisplay: block;\r\n}\r\n}\r\n@media screen and (min-width: 993px) and (max-width: 1200px) {\r\n.qcnta6a9d41dbc7862 {\r\ndisplay: block;\r\n}\r\n}\r\n@media screen and (min-width: 769px) and (max-width: 992px) {\r\n.qcnta6a9d41dbc7862 {\r\ndisplay: block;\r\n}\r\n}\r\n@media screen and (min-width: 768px) and (max-width: 768px) {\r\n.qcnta6a9d41dbc7862 {\r\ndisplay: block;\r\n}\r\n}\r\n@media screen and (max-width: 767px) {\r\n.qcnta6a9d41dbc7862 {\r\ndisplay: block;\r\n}\r\n}\r\n<\/style>\r\n\n<p class=\"p1\"><b>Redacci\u00f3n ND58 | EFE<\/b><br \/>\n<b>Edici\u00f3n: \u00c1\u00f1ez, Caren\u00a0<\/b><br \/>\n<b>Gr\u00e1fica: Cortes\u00eda <\/b><\/p>\n<div style=\"margin-top: 0px; margin-bottom: 0px;\" class=\"sharethis-inline-share-buttons\" ><\/div>","protected":false},"excerpt":{"rendered":"<p>El presidente de Chile, Gabriel Boric, anunci\u00f3 este jueves varios proyectos de ley para enfrentar la crisis de seguridad p\u00fablica<\/p>\n","protected":false},"author":39,"featured_media":161057,"comment_status":"open","ping_status":"closed","sticky":false,"template":"","format":"standard","meta":{"colormag_page_container_layout":"default_layout","colormag_page_sidebar_layout":"default_layout","_uag_custom_page_level_css":"","footnotes":""},"categories":[16451],"tags":[109,8442,30035,8403,2887,1034,2716,30036,14829],"class_list":["post-161049","post","type-post","status-publish","format-standard","has-post-thumbnail","hentry","category-mundo","tag-chile","tag-crisis","tag-gabriel-boric","tag-inseguridad","tag-internacional","tag-mundo","tag-politica","tag-proyectos-de-ley","tag-secuestro"],"yoast_head":"<!-- This site is optimized with the Yoast SEO plugin v28.4 - https:\/\/yoast.com\/product\/yoast-seo-wordpress\/ -->\n<title>Boric quiere aumentar penas por secuestro, porte de armas y sicariato en Chile<\/title>\n<meta name=\"robots\" content=\"index, follow, max-snippet:-1, max-image-preview:large, max-video-preview:-1\" \/>\n<link rel=\"canonical\" href=\"https:\/\/digital58.com.ve\/site\/2022\/12\/15\/boric-quiere-aumentar-penas-por-secuestro-porte-de-armas-y-sicariato-en-chile\/\" \/>\n<meta property=\"og:locale\" content=\"es_ES\" \/>\n<meta property=\"og:type\" content=\"article\" \/>\n<meta property=\"og:title\" content=\"Boric quiere aumentar penas por secuestro, porte de armas y sicariato en Chile\" \/>\n<meta property=\"og:url\" content=\"https:\/\/digital58.com.ve\/site\/2022\/12\/15\/boric-quiere-aumentar-penas-por-secuestro-porte-de-armas-y-sicariato-en-chile\/\" \/>\n<meta property=\"og:site_name\" content=\"Noticias Digital58\" \/>\n<meta property=\"article:published_time\" content=\"2022-12-15T22:10:23+00:00\" \/>\n<meta property=\"article:modified_time\" content=\"2022-12-15T22:20:54+00:00\" \/>\n<meta property=\"og:image\" content=\"https:\/\/i0.wp.com\/digital58.com.ve\/site\/wp-content\/uploads\/2022\/12\/boric.jpeg?fit=818%2C460&ssl=1\" \/>\n\t<meta property=\"og:image:width\" content=\"818\" \/>\n\t<meta property=\"og:image:height\" content=\"460\" \/>\n\t<meta property=\"og:image:type\" content=\"image\/jpeg\" \/>\n<meta name=\"author\" content=\"Caren A\u00f1ez\" \/>\n<meta name=\"twitter:card\" content=\"summary_large_image\" \/>\n<meta name=\"twitter:creator\" content=\"@carenanez\" \/>\n<meta name=\"twitter:site\" content=\"@villasmilhfoto\" \/>\n<meta name=\"twitter:label1\" content=\"Escrito por\" \/>\n\t<meta name=\"twitter:data1\" content=\"Caren A\u00f1ez\" \/>\n\t<meta name=\"twitter:label2\" content=\"Tiempo estimado de lectura\" \/>\n\t<meta name=\"twitter:data2\" content=\"2 minutos\" \/>\n<script type=\"application\/ld+json\" class=\"yoast-schema-graph\">{\"@context\":\"https:\\\/\\\/schema.org\",\"@graph\":[{\"@type\":\"Article\",\"@id\":\"https:\\\/\\\/digital58.com.ve\\\/site\\\/2022\\\/12\\\/15\\\/boric-quiere-aumentar-penas-por-secuestro-porte-de-armas-y-sicariato-en-chile\\\/#article\",\"isPartOf\":{\"@id\":\"https:\\\/\\\/digital58.com.ve\\\/site\\\/2022\\\/12\\\/15\\\/boric-quiere-aumentar-penas-por-secuestro-porte-de-armas-y-sicariato-en-chile\\\/\"},\"author\":{\"name\":\"Caren A\u00f1ez\",\"@id\":\"https:\\\/\\\/digital58.com.ve\\\/site\\\/#\\\/schema\\\/person\\\/38596b127602deaa13fbcd7585635238\"},\"headline\":\"Boric quiere aumentar penas por secuestro, porte de armas y sicariato en Chile\",\"datePublished\":\"2022-12-15T22:10:23+00:00\",\"dateModified\":\"2022-12-15T22:20:54+00:00\",\"mainEntityOfPage\":{\"@id\":\"https:\\\/\\\/digital58.com.ve\\\/site\\\/2022\\\/12\\\/15\\\/boric-quiere-aumentar-penas-por-secuestro-porte-de-armas-y-sicariato-en-chile\\\/\"},\"wordCount\":384,\"commentCount\":0,\"publisher\":{\"@id\":\"https:\\\/\\\/digital58.com.ve\\\/site\\\/#\\\/schema\\\/person\\\/64d1c2e4d0d4fd1b849980c4331c2951\"},\"image\":{\"@id\":\"https:\\\/\\\/digital58.com.ve\\\/site\\\/2022\\\/12\\\/15\\\/boric-quiere-aumentar-penas-por-secuestro-porte-de-armas-y-sicariato-en-chile\\\/#primaryimage\"},\"thumbnailUrl\":\"https:\\\/\\\/digital58.com.ve\\\/site\\\/wp-content\\\/uploads\\\/2022\\\/12\\\/boric.jpeg\",\"keywords\":[\"Chile\",\"Crisis\",\"Gabriel Boric\",\"Inseguridad\",\"Internacional\",\"Mundo\",\"Pol\u00edtica\",\"proyectos de ley\",\"Secuestro\"],\"articleSection\":[\"Mundo\"],\"inLanguage\":\"es\",\"potentialAction\":[{\"@type\":\"CommentAction\",\"name\":\"Comment\",\"target\":[\"https:\\\/\\\/digital58.com.ve\\\/site\\\/2022\\\/12\\\/15\\\/boric-quiere-aumentar-penas-por-secuestro-porte-de-armas-y-sicariato-en-chile\\\/#respond\"]}]},{\"@type\":\"WebPage\",\"@id\":\"https:\\\/\\\/digital58.com.ve\\\/site\\\/2022\\\/12\\\/15\\\/boric-quiere-aumentar-penas-por-secuestro-porte-de-armas-y-sicariato-en-chile\\\/\",\"url\":\"https:\\\/\\\/digital58.com.ve\\\/site\\\/2022\\\/12\\\/15\\\/boric-quiere-aumentar-penas-por-secuestro-porte-de-armas-y-sicariato-en-chile\\\/\",\"name\":\"Boric quiere aumentar penas por secuestro, porte de armas y sicariato en Chile\",\"isPartOf\":{\"@id\":\"https:\\\/\\\/digital58.com.ve\\\/site\\\/#website\"},\"primaryImageOfPage\":{\"@id\":\"https:\\\/\\\/digital58.com.ve\\\/site\\\/2022\\\/12\\\/15\\\/boric-quiere-aumentar-penas-por-secuestro-porte-de-armas-y-sicariato-en-chile\\\/#primaryimage\"},\"image\":{\"@id\":\"https:\\\/\\\/digital58.com.ve\\\/site\\\/2022\\\/12\\\/15\\\/boric-quiere-aumentar-penas-por-secuestro-porte-de-armas-y-sicariato-en-chile\\\/#primaryimage\"},\"thumbnailUrl\":\"https:\\\/\\\/digital58.com.ve\\\/site\\\/wp-content\\\/uploads\\\/2022\\\/12\\\/boric.jpeg\",\"datePublished\":\"2022-12-15T22:10:23+00:00\",\"dateModified\":\"2022-12-15T22:20:54+00:00\",\"breadcrumb\":{\"@id\":\"https:\\\/\\\/digital58.com.ve\\\/site\\\/2022\\\/12\\\/15\\\/boric-quiere-aumentar-penas-por-secuestro-porte-de-armas-y-sicariato-en-chile\\\/#breadcrumb\"},\"inLanguage\":\"es\",\"potentialAction\":[{\"@type\":\"ReadAction\",\"target\":[\"https:\\\/\\\/digital58.com.ve\\\/site\\\/2022\\\/12\\\/15\\\/boric-quiere-aumentar-penas-por-secuestro-porte-de-armas-y-sicariato-en-chile\\\/\"]}]},{\"@type\":\"ImageObject\",\"inLanguage\":\"es\",\"@id\":\"https:\\\/\\\/digital58.com.ve\\\/site\\\/2022\\\/12\\\/15\\\/boric-quiere-aumentar-penas-por-secuestro-porte-de-armas-y-sicariato-en-chile\\\/#primaryimage\",\"url\":\"https:\\\/\\\/digital58.com.ve\\\/site\\\/wp-content\\\/uploads\\\/2022\\\/12\\\/boric.jpeg\",\"contentUrl\":\"https:\\\/\\\/digital58.com.ve\\\/site\\\/wp-content\\\/uploads\\\/2022\\\/12\\\/boric.jpeg\",\"width\":818,\"height\":460},{\"@type\":\"BreadcrumbList\",\"@id\":\"https:\\\/\\\/digital58.com.ve\\\/site\\\/2022\\\/12\\\/15\\\/boric-quiere-aumentar-penas-por-secuestro-porte-de-armas-y-sicariato-en-chile\\\/#breadcrumb\",\"itemListElement\":[{\"@type\":\"ListItem\",\"position\":1,\"name\":\"Home\",\"item\":\"https:\\\/\\\/digital58.com.ve\\\/site\\\/\"},{\"@type\":\"ListItem\",\"position\":2,\"name\":\"Boric quiere aumentar penas por secuestro, porte de armas y sicariato en Chile\"}]},{\"@type\":\"WebSite\",\"@id\":\"https:\\\/\\\/digital58.com.ve\\\/site\\\/#website\",\"url\":\"https:\\\/\\\/digital58.com.ve\\\/site\\\/\",\"name\":\"Noticias Digital58\",\"description\":\"Portal de Noticias \u00a1Periodismo web de verdad! Lanzamiento web 22.11.2005 \\\/ Maracaibo, Venezuela\",\"publisher\":{\"@id\":\"https:\\\/\\\/digital58.com.ve\\\/site\\\/#\\\/schema\\\/person\\\/64d1c2e4d0d4fd1b849980c4331c2951\"},\"alternateName\":\"ND58\",\"potentialAction\":[{\"@type\":\"SearchAction\",\"target\":{\"@type\":\"EntryPoint\",\"urlTemplate\":\"https:\\\/\\\/digital58.com.ve\\\/site\\\/?s={search_term_string}\"},\"query-input\":{\"@type\":\"PropertyValueSpecification\",\"valueRequired\":true,\"valueName\":\"search_term_string\"}}],\"inLanguage\":\"es\"},{\"@type\":[\"Person\",\"Organization\"],\"@id\":\"https:\\\/\\\/digital58.com.ve\\\/site\\\/#\\\/schema\\\/person\\\/64d1c2e4d0d4fd1b849980c4331c2951\",\"name\":\"Villasmil Henry\",\"image\":{\"@type\":\"ImageObject\",\"inLanguage\":\"es\",\"@id\":\"https:\\\/\\\/secure.gravatar.com\\\/avatar\\\/bb0c4a2fcb7970138239f7e404ea75757b1b507b28b5ce4c53fbd62d797c5a7c?s=96&d=mm&r=g\",\"url\":\"https:\\\/\\\/secure.gravatar.com\\\/avatar\\\/bb0c4a2fcb7970138239f7e404ea75757b1b507b28b5ce4c53fbd62d797c5a7c?s=96&d=mm&r=g\",\"contentUrl\":\"https:\\\/\\\/secure.gravatar.com\\\/avatar\\\/bb0c4a2fcb7970138239f7e404ea75757b1b507b28b5ce4c53fbd62d797c5a7c?s=96&d=mm&r=g\",\"caption\":\"Villasmil Henry\"},\"logo\":{\"@id\":\"https:\\\/\\\/secure.gravatar.com\\\/avatar\\\/bb0c4a2fcb7970138239f7e404ea75757b1b507b28b5ce4c53fbd62d797c5a7c?s=96&d=mm&r=g\"},\"sameAs\":[\"http:\\\/\\\/www.henryvillasmil.com.ve\",\"https:\\\/\\\/www.instagram.com\\\/villasmilhfoto\\\/\",\"https:\\\/\\\/x.com\\\/https:\\\/\\\/twitter.com\\\/villasmilhfoto\"]},{\"@type\":\"Person\",\"@id\":\"https:\\\/\\\/digital58.com.ve\\\/site\\\/#\\\/schema\\\/person\\\/38596b127602deaa13fbcd7585635238\",\"name\":\"Caren A\u00f1ez\",\"image\":{\"@type\":\"ImageObject\",\"inLanguage\":\"es\",\"@id\":\"https:\\\/\\\/secure.gravatar.com\\\/avatar\\\/53aadd693aa414991c9ff2f2b19c39be94d2c342463b80f5402d344911bc9782?s=96&d=mm&r=g\",\"url\":\"https:\\\/\\\/secure.gravatar.com\\\/avatar\\\/53aadd693aa414991c9ff2f2b19c39be94d2c342463b80f5402d344911bc9782?s=96&d=mm&r=g\",\"contentUrl\":\"https:\\\/\\\/secure.gravatar.com\\\/avatar\\\/53aadd693aa414991c9ff2f2b19c39be94d2c342463b80f5402d344911bc9782?s=96&d=mm&r=g\",\"caption\":\"Caren A\u00f1ez\"},\"description\":\"\ud83d\udc69\u200d\ud83c\udfa4Editora en @digital_58 \ud83d\udc69\ud83c\udffb\u200d\ud83c\udfebPeriodista musical y de entretenimiento. \ud83d\udcf8Fotografa \ud83d\udc69\ud83c\udffb\u200d\ud83d\udcbbMedia Management. \ud83d\udc69\u200d\ud83d\udc67\u200d\ud83d\udc67AspieMon 24\\\/7\",\"sameAs\":[\"https:\\\/\\\/www.instagram.com\\\/carenanez\\\/\",\"https:\\\/\\\/x.com\\\/carenanez\"],\"url\":\"https:\\\/\\\/digital58.com.ve\\\/site\\\/author\\\/carena21\\\/\"}]}<\/script>\n<!-- \/ Yoast SEO plugin. -->","yoast_head_json":{"title":"Boric quiere aumentar penas por secuestro, porte de armas y sicariato en Chile","robots":{"index":"index","follow":"follow","max-snippet":"max-snippet:-1","max-image-preview":"max-image-preview:large","max-video-preview":"max-video-preview:-1"},"canonical":"https:\/\/digital58.com.ve\/site\/2022\/12\/15\/boric-quiere-aumentar-penas-por-secuestro-porte-de-armas-y-sicariato-en-chile\/","og_locale":"es_ES","og_type":"article","og_title":"Boric quiere aumentar penas por secuestro, porte de armas y sicariato en Chile","og_url":"https:\/\/digital58.com.ve\/site\/2022\/12\/15\/boric-quiere-aumentar-penas-por-secuestro-porte-de-armas-y-sicariato-en-chile\/","og_site_name":"Noticias Digital58","article_published_time":"2022-12-15T22:10:23+00:00","article_modified_time":"2022-12-15T22:20:54+00:00","og_image":[{"width":818,"height":460,"url":"https:\/\/i0.wp.com\/digital58.com.ve\/site\/wp-content\/uploads\/2022\/12\/boric.jpeg?fit=818%2C460&ssl=1","type":"image\/jpeg"}],"author":"Caren A\u00f1ez","twitter_card":"summary_large_image","twitter_creator":"@carenanez","twitter_site":"@villasmilhfoto","twitter_misc":{"Escrito por":"Caren A\u00f1ez","Tiempo estimado de lectura":"2 minutos"},"schema":{"@context":"https:\/\/schema.org","@graph":[{"@type":"Article","@id":"https:\/\/digital58.com.ve\/site\/2022\/12\/15\/boric-quiere-aumentar-penas-por-secuestro-porte-de-armas-y-sicariato-en-chile\/#article","isPartOf":{"@id":"https:\/\/digital58.com.ve\/site\/2022\/12\/15\/boric-quiere-aumentar-penas-por-secuestro-porte-de-armas-y-sicariato-en-chile\/"},"author":{"name":"Caren A\u00f1ez","@id":"https:\/\/digital58.com.ve\/site\/#\/schema\/person\/38596b127602deaa13fbcd7585635238"},"headline":"Boric quiere aumentar penas por secuestro, porte de armas y sicariato en Chile","datePublished":"2022-12-15T22:10:23+00:00","dateModified":"2022-12-15T22:20:54+00:00","mainEntityOfPage":{"@id":"https:\/\/digital58.com.ve\/site\/2022\/12\/15\/boric-quiere-aumentar-penas-por-secuestro-porte-de-armas-y-sicariato-en-chile\/"},"wordCount":384,"commentCount":0,"publisher":{"@id":"https:\/\/digital58.com.ve\/site\/#\/schema\/person\/64d1c2e4d0d4fd1b849980c4331c2951"},"image":{"@id":"https:\/\/digital58.com.ve\/site\/2022\/12\/15\/boric-quiere-aumentar-penas-por-secuestro-porte-de-armas-y-sicariato-en-chile\/#primaryimage"},"thumbnailUrl":"https:\/\/digital58.com.ve\/site\/wp-content\/uploads\/2022\/12\/boric.jpeg","keywords":["Chile","Crisis","Gabriel Boric","Inseguridad","Internacional","Mundo","Pol\u00edtica","proyectos de ley","Secuestro"],"articleSection":["Mundo"],"inLanguage":"es","potentialAction":[{"@type":"CommentAction","name":"Comment","target":["https:\/\/digital58.com.ve\/site\/2022\/12\/15\/boric-quiere-aumentar-penas-por-secuestro-porte-de-armas-y-sicariato-en-chile\/#respond"]}]},{"@type":"WebPage","@id":"https:\/\/digital58.com.ve\/site\/2022\/12\/15\/boric-quiere-aumentar-penas-por-secuestro-porte-de-armas-y-sicariato-en-chile\/","url":"https:\/\/digital58.com.ve\/site\/2022\/12\/15\/boric-quiere-aumentar-penas-por-secuestro-porte-de-armas-y-sicariato-en-chile\/","name":"Boric quiere aumentar penas por secuestro, porte de armas y sicariato en Chile","isPartOf":{"@id":"https:\/\/digital58.com.ve\/site\/#website"},"primaryImageOfPage":{"@id":"https:\/\/digital58.com.ve\/site\/2022\/12\/15\/boric-quiere-aumentar-penas-por-secuestro-porte-de-armas-y-sicariato-en-chile\/#primaryimage"},"image":{"@id":"https:\/\/digital58.com.ve\/site\/2022\/12\/15\/boric-quiere-aumentar-penas-por-secuestro-porte-de-armas-y-sicariato-en-chile\/#primaryimage"},"thumbnailUrl":"https:\/\/digital58.com.ve\/site\/wp-content\/uploads\/2022\/12\/boric.jpeg","datePublished":"2022-12-15T22:10:23+00:00","dateModified":"2022-12-15T22:20:54+00:00","breadcrumb":{"@id":"https:\/\/digital58.com.ve\/site\/2022\/12\/15\/boric-quiere-aumentar-penas-por-secuestro-porte-de-armas-y-sicariato-en-chile\/#breadcrumb"},"inLanguage":"es","potentialAction":[{"@type":"ReadAction","target":["https:\/\/digital58.com.ve\/site\/2022\/12\/15\/boric-quiere-aumentar-penas-por-secuestro-porte-de-armas-y-sicariato-en-chile\/"]}]},{"@type":"ImageObject","inLanguage":"es","@id":"https:\/\/digital58.com.ve\/site\/2022\/12\/15\/boric-quiere-aumentar-penas-por-secuestro-porte-de-armas-y-sicariato-en-chile\/#primaryimage","url":"https:\/\/digital58.com.ve\/site\/wp-content\/uploads\/2022\/12\/boric.jpeg","contentUrl":"https:\/\/digital58.com.ve\/site\/wp-content\/uploads\/2022\/12\/boric.jpeg","width":818,"height":460},{"@type":"BreadcrumbList","@id":"https:\/\/digital58.com.ve\/site\/2022\/12\/15\/boric-quiere-aumentar-penas-por-secuestro-porte-de-armas-y-sicariato-en-chile\/#breadcrumb","itemListElement":[{"@type":"ListItem","position":1,"name":"Home","item":"https:\/\/digital58.com.ve\/site\/"},{"@type":"ListItem","position":2,"name":"Boric quiere aumentar penas por secuestro, porte de armas y sicariato en Chile"}]},{"@type":"WebSite","@id":"https:\/\/digital58.com.ve\/site\/#website","url":"https:\/\/digital58.com.ve\/site\/","name":"Noticias Digital58","description":"Portal de Noticias \u00a1Periodismo web de verdad! Lanzamiento web 22.11.2005 \/ Maracaibo, Venezuela","publisher":{"@id":"https:\/\/digital58.com.ve\/site\/#\/schema\/person\/64d1c2e4d0d4fd1b849980c4331c2951"},"alternateName":"ND58","potentialAction":[{"@type":"SearchAction","target":{"@type":"EntryPoint","urlTemplate":"https:\/\/digital58.com.ve\/site\/?s={search_term_string}"},"query-input":{"@type":"PropertyValueSpecification","valueRequired":true,"valueName":"search_term_string"}}],"inLanguage":"es"},{"@type":["Person","Organization"],"@id":"https:\/\/digital58.com.ve\/site\/#\/schema\/person\/64d1c2e4d0d4fd1b849980c4331c2951","name":"Villasmil Henry","image":{"@type":"ImageObject","inLanguage":"es","@id":"https:\/\/secure.gravatar.com\/avatar\/bb0c4a2fcb7970138239f7e404ea75757b1b507b28b5ce4c53fbd62d797c5a7c?s=96&d=mm&r=g","url":"https:\/\/secure.gravatar.com\/avatar\/bb0c4a2fcb7970138239f7e404ea75757b1b507b28b5ce4c53fbd62d797c5a7c?s=96&d=mm&r=g","contentUrl":"https:\/\/secure.gravatar.com\/avatar\/bb0c4a2fcb7970138239f7e404ea75757b1b507b28b5ce4c53fbd62d797c5a7c?s=96&d=mm&r=g","caption":"Villasmil Henry"},"logo":{"@id":"https:\/\/secure.gravatar.com\/avatar\/bb0c4a2fcb7970138239f7e404ea75757b1b507b28b5ce4c53fbd62d797c5a7c?s=96&d=mm&r=g"},"sameAs":["http:\/\/www.henryvillasmil.com.ve","https:\/\/www.instagram.com\/villasmilhfoto\/","https:\/\/x.com\/https:\/\/twitter.com\/villasmilhfoto"]},{"@type":"Person","@id":"https:\/\/digital58.com.ve\/site\/#\/schema\/person\/38596b127602deaa13fbcd7585635238","name":"Caren A\u00f1ez","image":{"@type":"ImageObject","inLanguage":"es","@id":"https:\/\/secure.gravatar.com\/avatar\/53aadd693aa414991c9ff2f2b19c39be94d2c342463b80f5402d344911bc9782?s=96&d=mm&r=g","url":"https:\/\/secure.gravatar.com\/avatar\/53aadd693aa414991c9ff2f2b19c39be94d2c342463b80f5402d344911bc9782?s=96&d=mm&r=g","contentUrl":"https:\/\/secure.gravatar.com\/avatar\/53aadd693aa414991c9ff2f2b19c39be94d2c342463b80f5402d344911bc9782?s=96&d=mm&r=g","caption":"Caren A\u00f1ez"},"description":"\ud83d\udc69\u200d\ud83c\udfa4Editora en @digital_58 \ud83d\udc69\ud83c\udffb\u200d\ud83c\udfebPeriodista musical y de entretenimiento. \ud83d\udcf8Fotografa \ud83d\udc69\ud83c\udffb\u200d\ud83d\udcbbMedia Management. \ud83d\udc69\u200d\ud83d\udc67\u200d\ud83d\udc67AspieMon 24\/7","sameAs":["https:\/\/www.instagram.com\/carenanez\/","https:\/\/x.com\/carenanez"],"url":"https:\/\/digital58.com.ve\/site\/author\/carena21\/"}]}},"uagb_featured_image_src":{"full":["https:\/\/digital58.com.ve\/site\/wp-content\/uploads\/2022\/12\/boric.jpeg",818,460,false],"thumbnail":["https:\/\/digital58.com.ve\/site\/wp-content\/uploads\/2022\/12\/boric-150x150.jpeg",150,150,true],"medium":["https:\/\/digital58.com.ve\/site\/wp-content\/uploads\/2022\/12\/boric-300x169.jpeg",300,169,true],"medium_large":["https:\/\/digital58.com.ve\/site\/wp-content\/uploads\/2022\/12\/boric-768x432.jpeg",768,432,true],"large":["https:\/\/digital58.com.ve\/site\/wp-content\/uploads\/2022\/12\/boric.jpeg",800,450,false],"1536x1536":["https:\/\/digital58.com.ve\/site\/wp-content\/uploads\/2022\/12\/boric.jpeg",818,460,false],"2048x2048":["https:\/\/digital58.com.ve\/site\/wp-content\/uploads\/2022\/12\/boric.jpeg",818,460,false],"colormag-highlighted-post":["https:\/\/digital58.com.ve\/site\/wp-content\/uploads\/2022\/12\/boric-392x272.jpeg",392,272,true],"colormag-featured-post-medium":["https:\/\/digital58.com.ve\/site\/wp-content\/uploads\/2022\/12\/boric-390x205.jpeg",390,205,true],"colormag-featured-post-small":["https:\/\/digital58.com.ve\/site\/wp-content\/uploads\/2022\/12\/boric-130x90.jpeg",130,90,true],"colormag-featured-image":["https:\/\/digital58.com.ve\/site\/wp-content\/uploads\/2022\/12\/boric-800x445.jpeg",800,445,true],"colormag-default-news":["https:\/\/digital58.com.ve\/site\/wp-content\/uploads\/2022\/12\/boric.jpeg",150,84,false],"colormag-featured-image-large":["https:\/\/digital58.com.ve\/site\/wp-content\/uploads\/2022\/12\/boric.jpeg",818,460,false]},"uagb_author_info":{"display_name":"Caren A\u00f1ez","author_link":"https:\/\/digital58.com.ve\/site\/author\/carena21\/"},"uagb_comment_info":0,"uagb_excerpt":"El presidente de Chile, Gabriel Boric, anunci\u00f3 este jueves varios proyectos de ley para enfrentar la crisis de seguridad p\u00fablica","_links":{"self":[{"href":"https:\/\/digital58.com.ve\/site\/wp-json\/wp\/v2\/posts\/161049","targetHints":{"allow":["GET"]}}],"collection":[{"href":"https:\/\/digital58.com.ve\/site\/wp-json\/wp\/v2\/posts"}],"about":[{"href":"https:\/\/digital58.com.ve\/site\/wp-json\/wp\/v2\/types\/post"}],"author":[{"embeddable":true,"href":"https:\/\/digital58.com.ve\/site\/wp-json\/wp\/v2\/users\/39"}],"replies":[{"embeddable":true,"href":"https:\/\/digital58.com.ve\/site\/wp-json\/wp\/v2\/comments?post=161049"}],"version-history":[{"count":0,"href":"https:\/\/digital58.com.ve\/site\/wp-json\/wp\/v2\/posts\/161049\/revisions"}],"wp:featuredmedia":[{"embeddable":true,"href":"https:\/\/digital58.com.ve\/site\/wp-json\/wp\/v2\/media\/161057"}],"wp:attachment":[{"href":"https:\/\/digital58.com.ve\/site\/wp-json\/wp\/v2\/media?parent=161049"}],"wp:term":[{"taxonomy":"category","embeddable":true,"href":"https:\/\/digital58.com.ve\/site\/wp-json\/wp\/v2\/categories?post=161049"},{"taxonomy":"post_tag","embeddable":true,"href":"https:\/\/digital58.com.ve\/site\/wp-json\/wp\/v2\/tags?post=161049"}],"curies":[{"name":"wp","href":"https:\/\/api.w.org\/{rel}","templated":true}]}}