{"id":161234,"date":"2022-12-29T10:44:49","date_gmt":"2022-12-29T14:44:49","guid":{"rendered":"https:\/\/digital58.com.ve\/site\/?p=161234"},"modified":"2022-12-29T10:44:49","modified_gmt":"2022-12-29T14:44:49","slug":"benedicto-xvi-sigue-estable-y-ha-pasado-la-noche-asistido-por-los-medicos","status":"publish","type":"post","link":"https:\/\/digital58.com.ve\/site\/2022\/12\/29\/benedicto-xvi-sigue-estable-y-ha-pasado-la-noche-asistido-por-los-medicos\/","title":{"rendered":"Benedicto XVI sigue estable y ha pasado la noche asistido por los m\u00e9dicos"},"content":{"rendered":"<p><img loading=\"lazy\" decoding=\"async\" class=\"size-full wp-image-161235 aligncenter\" src=\"https:\/\/digital58.com.ve\/site\/wp-content\/uploads\/2022\/12\/benedicto.jpeg\" alt=\"\" width=\"800\" height=\"543\" srcset=\"https:\/\/digital58.com.ve\/site\/wp-content\/uploads\/2022\/12\/benedicto.jpeg 800w, https:\/\/digital58.com.ve\/site\/wp-content\/uploads\/2022\/12\/benedicto-300x204.jpeg 300w, https:\/\/digital58.com.ve\/site\/wp-content\/uploads\/2022\/12\/benedicto-768x521.jpeg 768w\" sizes=\"auto, (max-width: 800px) 100vw, 800px\" \/><\/p>\n<p>El papa em\u00e9rito Benedicto XVI se encuentra en condiciones de salud \u00abgraves pero estables\u00bb y ha pasado la noche asistido constantemente por los m\u00e9dicos y en compa\u00f1\u00eda de su secretario, aseguran este jueves los medios italianos, que citan fuentes cercanas al pont\u00edfice alem\u00e1n.<\/p>\n<p><strong>Ciudad del Vaticano, 29 diciembre de 2022. (ND58).<\/strong>&#8211; \u00abSu situaci\u00f3n no ha cambiado desde ayer\u00bb, dijeron a la agencia Ansa fuentes en contacto con el monasterio Mater Ecclesiae, en los jardines vaticanos, donde el papa em\u00e9rito vive apartado desde 2013, tras su renuncia, que a\u00f1adieron que Benedicto XVI que seguir\u00e1 en constante vigilancia por los equipos m\u00e9dicos.<\/p>\n<p>Adem\u00e1s a su lado permanece constantemente acompa\u00f1\u00e1ndolo su secretario, el alem\u00e1n Georg G\u00e4nswein, seg\u00fan la televisi\u00f3n p\u00fablica italiana RAI.<\/p>\n<p><strong>La Santa Sede no ha dado m\u00e1s detalles sobre la salud del pont\u00edfice em\u00e9rito despu\u00e9s de que este mi\u00e9rcoles el director de la oficina de prensa del Vaticano, Matteo Bruni, confirmase que en las \u00faltimas horas se hab\u00eda producido \u00abun agravamiento\u00bb de su estado \u00abpor el avance de la edad\u00bb.<\/strong><\/p>\n<p>Mientras tanto, la preocupaci\u00f3n por la salud de Benedicto XVI ha calado en la pol\u00edtica italiana y esta misma ma\u00f1ana uno de los portavoces en la C\u00e1mara de Diputados de los ultras Hermanos de Italia, el partido gobernante, ha pedido por \u00e9l.<\/p>\n<p>\u00abPedimos todos por la salud del Santo Padre em\u00e9rito Benedicto XVI, sin duda el te\u00f3logo m\u00e1s importante del post iluminismo\u00bb, sostuvo Alfredo Antoniozzi.<\/p>\n<p><strong>Ayer, la Di\u00f3cesis de Roma asegur\u00f3 que se ha unido a la petici\u00f3n de rezo formulada por el papa Francisco en la audiencia general del mi\u00e9rcoles, cuando dio la voz de alarma sobre la situaci\u00f3n del papa em\u00e9rito.<\/strong><\/p>\n<p>\u00abPido una oraci\u00f3n especial para el papa Benedicto XVI que en el silencio est\u00e1 sosteniendo la iglesia y recordar que esta muy enfermo y pidiendo al Se\u00f1or que lo consuele y lo apoye en que este testimonio de amor a la Iglesia hasta el final\u00bb, dijo.<\/p>\n<p>Desde el 2 de abril de 2013, Ratzinger vive rodeado de su \u00abfamilia\u00bb vaticana, formada por un secretario y cuatro mujeres laicas consagradas del instituto \u00abMemores Domini\u00bb, que pertenece al movimiento Comuni\u00f3n y Liberaci\u00f3n, que se reparten las tareas de la casa y se ocupan de las necesidades del papa em\u00e9rito.<\/p>\n<p><strong>Benedicto XVI, el primer papa en renunciar al pontificado desde tiempos de Gregorio XII, a principios del siglo XV, ha salido en muy pocas ocasiones de los muros leoninos,<\/strong> una vez para visitar a su inseparable hermano en el hospital y en junio de 2020 cuando viaj\u00f3 hasta Ratisbona para verlo de nuevo pocas semanas antes de que muriera.<\/p><div class=\"xisvm69edf1addd34d\" ><p style=\"text-align: center;\"><a href=\"https:\/\/t.me\/noticiasdigital58\" target=\"_blank\" rel=\"noopener\"><img class=\"aligncenter size-full wp-image-125363\" src=\"https:\/\/digital58.com.ve\/site\/wp-content\/uploads\/2021\/04\/banner-telegram-web-2021.png\" alt=\"\" width=\"600\" height=\"90\" \/><\/a><\/p><\/div><style type=\"text\/css\">\r\n@media screen and (min-width: 1201px) {\r\n.xisvm69edf1addd34d {\r\ndisplay: block;\r\n}\r\n}\r\n@media screen and (min-width: 993px) and (max-width: 1200px) {\r\n.xisvm69edf1addd34d {\r\ndisplay: block;\r\n}\r\n}\r\n@media screen and (min-width: 769px) and (max-width: 992px) {\r\n.xisvm69edf1addd34d {\r\ndisplay: block;\r\n}\r\n}\r\n@media screen and (min-width: 768px) and (max-width: 768px) {\r\n.xisvm69edf1addd34d {\r\ndisplay: block;\r\n}\r\n}\r\n@media screen and (max-width: 767px) {\r\n.xisvm69edf1addd34d {\r\ndisplay: block;\r\n}\r\n}\r\n<\/style>\r\n\n<p class=\"p1\"><b>Redacci\u00f3n ND58 | EFE<\/b><br \/>\n<b>Edici\u00f3n: \u00c1\u00f1ez, Caren\u00a0<\/b><br \/>\n<b>Gr\u00e1fica: Cortes\u00eda <\/b><\/p>\n<div style=\"margin-top: 0px; margin-bottom: 0px;\" class=\"sharethis-inline-share-buttons\" ><\/div>","protected":false},"excerpt":{"rendered":"<p>El papa em\u00e9rito Benedicto XVI se encuentra en condiciones de salud \u00abgraves pero estables\u00bb y ha pasado la noche asistido<\/p>\n","protected":false},"author":39,"featured_media":161236,"comment_status":"open","ping_status":"closed","sticky":false,"template":"","format":"standard","meta":{"colormag_page_container_layout":"default_layout","colormag_page_sidebar_layout":"default_layout","_uag_custom_page_level_css":"","footnotes":""},"categories":[16451],"tags":[13184,2232,11086,7368,1692,9434,1034,19461,30074,30073],"class_list":["post-161234","post","type-post","status-publish","format-standard","has-post-thumbnail","hentry","category-mundo","tag-benedicto-xvi","tag-catolicismo","tag-ciudad-del-vaticano","tag-enfermedad","tag-iglesia-catolica","tag-internacionles","tag-mundo","tag-papa-emerito","tag-ratzinger","tag-santa-sede"],"yoast_head":"<!-- This site is optimized with the Yoast SEO plugin v27.4 - https:\/\/yoast.com\/product\/yoast-seo-wordpress\/ -->\n<title>Benedicto XVI sigue estable y ha pasado la noche asistido por los m\u00e9dicos<\/title>\n<meta name=\"robots\" content=\"index, follow, max-snippet:-1, max-image-preview:large, max-video-preview:-1\" \/>\n<link rel=\"canonical\" href=\"https:\/\/digital58.com.ve\/site\/2022\/12\/29\/benedicto-xvi-sigue-estable-y-ha-pasado-la-noche-asistido-por-los-medicos\/\" \/>\n<meta property=\"og:locale\" content=\"es_ES\" \/>\n<meta property=\"og:type\" content=\"article\" \/>\n<meta property=\"og:title\" content=\"Benedicto XVI sigue estable y ha pasado la noche asistido por los m\u00e9dicos\" \/>\n<meta property=\"og:url\" content=\"https:\/\/digital58.com.ve\/site\/2022\/12\/29\/benedicto-xvi-sigue-estable-y-ha-pasado-la-noche-asistido-por-los-medicos\/\" \/>\n<meta property=\"og:site_name\" content=\"Noticias Digital58\" \/>\n<meta property=\"article:published_time\" content=\"2022-12-29T14:44:49+00:00\" \/>\n<meta property=\"og:image\" content=\"https:\/\/i0.wp.com\/digital58.com.ve\/site\/wp-content\/uploads\/2022\/12\/benedicto2.jpeg?fit=829%2C553&ssl=1\" \/>\n\t<meta property=\"og:image:width\" content=\"829\" \/>\n\t<meta property=\"og:image:height\" content=\"553\" \/>\n\t<meta property=\"og:image:type\" content=\"image\/jpeg\" \/>\n<meta name=\"author\" content=\"Caren A\u00f1ez\" \/>\n<meta name=\"twitter:card\" content=\"summary_large_image\" \/>\n<meta name=\"twitter:creator\" content=\"@carenanez\" \/>\n<meta name=\"twitter:site\" content=\"@villasmilhfoto\" \/>\n<meta name=\"twitter:label1\" content=\"Escrito por\" \/>\n\t<meta name=\"twitter:data1\" content=\"Caren A\u00f1ez\" \/>\n\t<meta name=\"twitter:label2\" content=\"Tiempo estimado de lectura\" \/>\n\t<meta name=\"twitter:data2\" content=\"2 minutos\" \/>\n<script type=\"application\/ld+json\" class=\"yoast-schema-graph\">{\"@context\":\"https:\\\/\\\/schema.org\",\"@graph\":[{\"@type\":\"Article\",\"@id\":\"https:\\\/\\\/digital58.com.ve\\\/site\\\/2022\\\/12\\\/29\\\/benedicto-xvi-sigue-estable-y-ha-pasado-la-noche-asistido-por-los-medicos\\\/#article\",\"isPartOf\":{\"@id\":\"https:\\\/\\\/digital58.com.ve\\\/site\\\/2022\\\/12\\\/29\\\/benedicto-xvi-sigue-estable-y-ha-pasado-la-noche-asistido-por-los-medicos\\\/\"},\"author\":{\"name\":\"Caren A\u00f1ez\",\"@id\":\"https:\\\/\\\/digital58.com.ve\\\/site\\\/#\\\/schema\\\/person\\\/38596b127602deaa13fbcd7585635238\"},\"headline\":\"Benedicto XVI sigue estable y ha pasado la noche asistido por los m\u00e9dicos\",\"datePublished\":\"2022-12-29T14:44:49+00:00\",\"mainEntityOfPage\":{\"@id\":\"https:\\\/\\\/digital58.com.ve\\\/site\\\/2022\\\/12\\\/29\\\/benedicto-xvi-sigue-estable-y-ha-pasado-la-noche-asistido-por-los-medicos\\\/\"},\"wordCount\":488,\"commentCount\":0,\"publisher\":{\"@id\":\"https:\\\/\\\/digital58.com.ve\\\/site\\\/#\\\/schema\\\/person\\\/64d1c2e4d0d4fd1b849980c4331c2951\"},\"image\":{\"@id\":\"https:\\\/\\\/digital58.com.ve\\\/site\\\/2022\\\/12\\\/29\\\/benedicto-xvi-sigue-estable-y-ha-pasado-la-noche-asistido-por-los-medicos\\\/#primaryimage\"},\"thumbnailUrl\":\"https:\\\/\\\/digital58.com.ve\\\/site\\\/wp-content\\\/uploads\\\/2022\\\/12\\\/benedicto2.jpeg\",\"keywords\":[\"Benedicto XVI\",\"Catolicismo\",\"Ciudad del Vaticano\",\"Enfermedad\",\"Iglesia Cat\u00f3lica\",\"Internacionles\",\"Mundo\",\"Papa Em\u00e9rito\",\"Ratzinger\",\"Santa Sede\"],\"articleSection\":[\"Mundo\"],\"inLanguage\":\"es\",\"potentialAction\":[{\"@type\":\"CommentAction\",\"name\":\"Comment\",\"target\":[\"https:\\\/\\\/digital58.com.ve\\\/site\\\/2022\\\/12\\\/29\\\/benedicto-xvi-sigue-estable-y-ha-pasado-la-noche-asistido-por-los-medicos\\\/#respond\"]}]},{\"@type\":\"WebPage\",\"@id\":\"https:\\\/\\\/digital58.com.ve\\\/site\\\/2022\\\/12\\\/29\\\/benedicto-xvi-sigue-estable-y-ha-pasado-la-noche-asistido-por-los-medicos\\\/\",\"url\":\"https:\\\/\\\/digital58.com.ve\\\/site\\\/2022\\\/12\\\/29\\\/benedicto-xvi-sigue-estable-y-ha-pasado-la-noche-asistido-por-los-medicos\\\/\",\"name\":\"Benedicto XVI sigue estable y ha pasado la noche asistido por los m\u00e9dicos\",\"isPartOf\":{\"@id\":\"https:\\\/\\\/digital58.com.ve\\\/site\\\/#website\"},\"primaryImageOfPage\":{\"@id\":\"https:\\\/\\\/digital58.com.ve\\\/site\\\/2022\\\/12\\\/29\\\/benedicto-xvi-sigue-estable-y-ha-pasado-la-noche-asistido-por-los-medicos\\\/#primaryimage\"},\"image\":{\"@id\":\"https:\\\/\\\/digital58.com.ve\\\/site\\\/2022\\\/12\\\/29\\\/benedicto-xvi-sigue-estable-y-ha-pasado-la-noche-asistido-por-los-medicos\\\/#primaryimage\"},\"thumbnailUrl\":\"https:\\\/\\\/digital58.com.ve\\\/site\\\/wp-content\\\/uploads\\\/2022\\\/12\\\/benedicto2.jpeg\",\"datePublished\":\"2022-12-29T14:44:49+00:00\",\"breadcrumb\":{\"@id\":\"https:\\\/\\\/digital58.com.ve\\\/site\\\/2022\\\/12\\\/29\\\/benedicto-xvi-sigue-estable-y-ha-pasado-la-noche-asistido-por-los-medicos\\\/#breadcrumb\"},\"inLanguage\":\"es\",\"potentialAction\":[{\"@type\":\"ReadAction\",\"target\":[\"https:\\\/\\\/digital58.com.ve\\\/site\\\/2022\\\/12\\\/29\\\/benedicto-xvi-sigue-estable-y-ha-pasado-la-noche-asistido-por-los-medicos\\\/\"]}]},{\"@type\":\"ImageObject\",\"inLanguage\":\"es\",\"@id\":\"https:\\\/\\\/digital58.com.ve\\\/site\\\/2022\\\/12\\\/29\\\/benedicto-xvi-sigue-estable-y-ha-pasado-la-noche-asistido-por-los-medicos\\\/#primaryimage\",\"url\":\"https:\\\/\\\/digital58.com.ve\\\/site\\\/wp-content\\\/uploads\\\/2022\\\/12\\\/benedicto2.jpeg\",\"contentUrl\":\"https:\\\/\\\/digital58.com.ve\\\/site\\\/wp-content\\\/uploads\\\/2022\\\/12\\\/benedicto2.jpeg\",\"width\":829,\"height\":553},{\"@type\":\"BreadcrumbList\",\"@id\":\"https:\\\/\\\/digital58.com.ve\\\/site\\\/2022\\\/12\\\/29\\\/benedicto-xvi-sigue-estable-y-ha-pasado-la-noche-asistido-por-los-medicos\\\/#breadcrumb\",\"itemListElement\":[{\"@type\":\"ListItem\",\"position\":1,\"name\":\"Home\",\"item\":\"https:\\\/\\\/digital58.com.ve\\\/site\\\/\"},{\"@type\":\"ListItem\",\"position\":2,\"name\":\"Benedicto XVI sigue estable y ha pasado la noche asistido por los m\u00e9dicos\"}]},{\"@type\":\"WebSite\",\"@id\":\"https:\\\/\\\/digital58.com.ve\\\/site\\\/#website\",\"url\":\"https:\\\/\\\/digital58.com.ve\\\/site\\\/\",\"name\":\"Noticias Digital58\",\"description\":\"Portal de Noticias \u00a1Periodismo web de verdad! Lanzamiento web 22.11.2005 \\\/ Maracaibo, Venezuela\",\"publisher\":{\"@id\":\"https:\\\/\\\/digital58.com.ve\\\/site\\\/#\\\/schema\\\/person\\\/64d1c2e4d0d4fd1b849980c4331c2951\"},\"alternateName\":\"ND58\",\"potentialAction\":[{\"@type\":\"SearchAction\",\"target\":{\"@type\":\"EntryPoint\",\"urlTemplate\":\"https:\\\/\\\/digital58.com.ve\\\/site\\\/?s={search_term_string}\"},\"query-input\":{\"@type\":\"PropertyValueSpecification\",\"valueRequired\":true,\"valueName\":\"search_term_string\"}}],\"inLanguage\":\"es\"},{\"@type\":[\"Person\",\"Organization\"],\"@id\":\"https:\\\/\\\/digital58.com.ve\\\/site\\\/#\\\/schema\\\/person\\\/64d1c2e4d0d4fd1b849980c4331c2951\",\"name\":\"Villasmil Henry\",\"image\":{\"@type\":\"ImageObject\",\"inLanguage\":\"es\",\"@id\":\"https:\\\/\\\/secure.gravatar.com\\\/avatar\\\/bb0c4a2fcb7970138239f7e404ea75757b1b507b28b5ce4c53fbd62d797c5a7c?s=96&d=mm&r=g\",\"url\":\"https:\\\/\\\/secure.gravatar.com\\\/avatar\\\/bb0c4a2fcb7970138239f7e404ea75757b1b507b28b5ce4c53fbd62d797c5a7c?s=96&d=mm&r=g\",\"contentUrl\":\"https:\\\/\\\/secure.gravatar.com\\\/avatar\\\/bb0c4a2fcb7970138239f7e404ea75757b1b507b28b5ce4c53fbd62d797c5a7c?s=96&d=mm&r=g\",\"caption\":\"Villasmil Henry\"},\"logo\":{\"@id\":\"https:\\\/\\\/secure.gravatar.com\\\/avatar\\\/bb0c4a2fcb7970138239f7e404ea75757b1b507b28b5ce4c53fbd62d797c5a7c?s=96&d=mm&r=g\"},\"sameAs\":[\"http:\\\/\\\/www.henryvillasmil.com.ve\",\"https:\\\/\\\/www.instagram.com\\\/villasmilhfoto\\\/\",\"https:\\\/\\\/x.com\\\/https:\\\/\\\/twitter.com\\\/villasmilhfoto\"]},{\"@type\":\"Person\",\"@id\":\"https:\\\/\\\/digital58.com.ve\\\/site\\\/#\\\/schema\\\/person\\\/38596b127602deaa13fbcd7585635238\",\"name\":\"Caren A\u00f1ez\",\"image\":{\"@type\":\"ImageObject\",\"inLanguage\":\"es\",\"@id\":\"https:\\\/\\\/secure.gravatar.com\\\/avatar\\\/53aadd693aa414991c9ff2f2b19c39be94d2c342463b80f5402d344911bc9782?s=96&d=mm&r=g\",\"url\":\"https:\\\/\\\/secure.gravatar.com\\\/avatar\\\/53aadd693aa414991c9ff2f2b19c39be94d2c342463b80f5402d344911bc9782?s=96&d=mm&r=g\",\"contentUrl\":\"https:\\\/\\\/secure.gravatar.com\\\/avatar\\\/53aadd693aa414991c9ff2f2b19c39be94d2c342463b80f5402d344911bc9782?s=96&d=mm&r=g\",\"caption\":\"Caren A\u00f1ez\"},\"description\":\"\ud83d\udc69\u200d\ud83c\udfa4Editora en @digital_58 \ud83d\udc69\ud83c\udffb\u200d\ud83c\udfebPeriodista musical y de entretenimiento. \ud83d\udcf8Fotografa \ud83d\udc69\ud83c\udffb\u200d\ud83d\udcbbMedia Management. \ud83d\udc69\u200d\ud83d\udc67\u200d\ud83d\udc67AspieMon 24\\\/7\",\"sameAs\":[\"https:\\\/\\\/www.instagram.com\\\/carenanez\\\/\",\"https:\\\/\\\/x.com\\\/carenanez\"],\"url\":\"https:\\\/\\\/digital58.com.ve\\\/site\\\/author\\\/carena21\\\/\"}]}<\/script>\n<!-- \/ Yoast SEO plugin. -->","yoast_head_json":{"title":"Benedicto XVI sigue estable y ha pasado la noche asistido por los m\u00e9dicos","robots":{"index":"index","follow":"follow","max-snippet":"max-snippet:-1","max-image-preview":"max-image-preview:large","max-video-preview":"max-video-preview:-1"},"canonical":"https:\/\/digital58.com.ve\/site\/2022\/12\/29\/benedicto-xvi-sigue-estable-y-ha-pasado-la-noche-asistido-por-los-medicos\/","og_locale":"es_ES","og_type":"article","og_title":"Benedicto XVI sigue estable y ha pasado la noche asistido por los m\u00e9dicos","og_url":"https:\/\/digital58.com.ve\/site\/2022\/12\/29\/benedicto-xvi-sigue-estable-y-ha-pasado-la-noche-asistido-por-los-medicos\/","og_site_name":"Noticias Digital58","article_published_time":"2022-12-29T14:44:49+00:00","og_image":[{"width":829,"height":553,"url":"https:\/\/i0.wp.com\/digital58.com.ve\/site\/wp-content\/uploads\/2022\/12\/benedicto2.jpeg?fit=829%2C553&ssl=1","type":"image\/jpeg"}],"author":"Caren A\u00f1ez","twitter_card":"summary_large_image","twitter_creator":"@carenanez","twitter_site":"@villasmilhfoto","twitter_misc":{"Escrito por":"Caren A\u00f1ez","Tiempo estimado de lectura":"2 minutos"},"schema":{"@context":"https:\/\/schema.org","@graph":[{"@type":"Article","@id":"https:\/\/digital58.com.ve\/site\/2022\/12\/29\/benedicto-xvi-sigue-estable-y-ha-pasado-la-noche-asistido-por-los-medicos\/#article","isPartOf":{"@id":"https:\/\/digital58.com.ve\/site\/2022\/12\/29\/benedicto-xvi-sigue-estable-y-ha-pasado-la-noche-asistido-por-los-medicos\/"},"author":{"name":"Caren A\u00f1ez","@id":"https:\/\/digital58.com.ve\/site\/#\/schema\/person\/38596b127602deaa13fbcd7585635238"},"headline":"Benedicto XVI sigue estable y ha pasado la noche asistido por los m\u00e9dicos","datePublished":"2022-12-29T14:44:49+00:00","mainEntityOfPage":{"@id":"https:\/\/digital58.com.ve\/site\/2022\/12\/29\/benedicto-xvi-sigue-estable-y-ha-pasado-la-noche-asistido-por-los-medicos\/"},"wordCount":488,"commentCount":0,"publisher":{"@id":"https:\/\/digital58.com.ve\/site\/#\/schema\/person\/64d1c2e4d0d4fd1b849980c4331c2951"},"image":{"@id":"https:\/\/digital58.com.ve\/site\/2022\/12\/29\/benedicto-xvi-sigue-estable-y-ha-pasado-la-noche-asistido-por-los-medicos\/#primaryimage"},"thumbnailUrl":"https:\/\/digital58.com.ve\/site\/wp-content\/uploads\/2022\/12\/benedicto2.jpeg","keywords":["Benedicto XVI","Catolicismo","Ciudad del Vaticano","Enfermedad","Iglesia Cat\u00f3lica","Internacionles","Mundo","Papa Em\u00e9rito","Ratzinger","Santa Sede"],"articleSection":["Mundo"],"inLanguage":"es","potentialAction":[{"@type":"CommentAction","name":"Comment","target":["https:\/\/digital58.com.ve\/site\/2022\/12\/29\/benedicto-xvi-sigue-estable-y-ha-pasado-la-noche-asistido-por-los-medicos\/#respond"]}]},{"@type":"WebPage","@id":"https:\/\/digital58.com.ve\/site\/2022\/12\/29\/benedicto-xvi-sigue-estable-y-ha-pasado-la-noche-asistido-por-los-medicos\/","url":"https:\/\/digital58.com.ve\/site\/2022\/12\/29\/benedicto-xvi-sigue-estable-y-ha-pasado-la-noche-asistido-por-los-medicos\/","name":"Benedicto XVI sigue estable y ha pasado la noche asistido por los m\u00e9dicos","isPartOf":{"@id":"https:\/\/digital58.com.ve\/site\/#website"},"primaryImageOfPage":{"@id":"https:\/\/digital58.com.ve\/site\/2022\/12\/29\/benedicto-xvi-sigue-estable-y-ha-pasado-la-noche-asistido-por-los-medicos\/#primaryimage"},"image":{"@id":"https:\/\/digital58.com.ve\/site\/2022\/12\/29\/benedicto-xvi-sigue-estable-y-ha-pasado-la-noche-asistido-por-los-medicos\/#primaryimage"},"thumbnailUrl":"https:\/\/digital58.com.ve\/site\/wp-content\/uploads\/2022\/12\/benedicto2.jpeg","datePublished":"2022-12-29T14:44:49+00:00","breadcrumb":{"@id":"https:\/\/digital58.com.ve\/site\/2022\/12\/29\/benedicto-xvi-sigue-estable-y-ha-pasado-la-noche-asistido-por-los-medicos\/#breadcrumb"},"inLanguage":"es","potentialAction":[{"@type":"ReadAction","target":["https:\/\/digital58.com.ve\/site\/2022\/12\/29\/benedicto-xvi-sigue-estable-y-ha-pasado-la-noche-asistido-por-los-medicos\/"]}]},{"@type":"ImageObject","inLanguage":"es","@id":"https:\/\/digital58.com.ve\/site\/2022\/12\/29\/benedicto-xvi-sigue-estable-y-ha-pasado-la-noche-asistido-por-los-medicos\/#primaryimage","url":"https:\/\/digital58.com.ve\/site\/wp-content\/uploads\/2022\/12\/benedicto2.jpeg","contentUrl":"https:\/\/digital58.com.ve\/site\/wp-content\/uploads\/2022\/12\/benedicto2.jpeg","width":829,"height":553},{"@type":"BreadcrumbList","@id":"https:\/\/digital58.com.ve\/site\/2022\/12\/29\/benedicto-xvi-sigue-estable-y-ha-pasado-la-noche-asistido-por-los-medicos\/#breadcrumb","itemListElement":[{"@type":"ListItem","position":1,"name":"Home","item":"https:\/\/digital58.com.ve\/site\/"},{"@type":"ListItem","position":2,"name":"Benedicto XVI sigue estable y ha pasado la noche asistido por los m\u00e9dicos"}]},{"@type":"WebSite","@id":"https:\/\/digital58.com.ve\/site\/#website","url":"https:\/\/digital58.com.ve\/site\/","name":"Noticias Digital58","description":"Portal de Noticias \u00a1Periodismo web de verdad! Lanzamiento web 22.11.2005 \/ Maracaibo, Venezuela","publisher":{"@id":"https:\/\/digital58.com.ve\/site\/#\/schema\/person\/64d1c2e4d0d4fd1b849980c4331c2951"},"alternateName":"ND58","potentialAction":[{"@type":"SearchAction","target":{"@type":"EntryPoint","urlTemplate":"https:\/\/digital58.com.ve\/site\/?s={search_term_string}"},"query-input":{"@type":"PropertyValueSpecification","valueRequired":true,"valueName":"search_term_string"}}],"inLanguage":"es"},{"@type":["Person","Organization"],"@id":"https:\/\/digital58.com.ve\/site\/#\/schema\/person\/64d1c2e4d0d4fd1b849980c4331c2951","name":"Villasmil Henry","image":{"@type":"ImageObject","inLanguage":"es","@id":"https:\/\/secure.gravatar.com\/avatar\/bb0c4a2fcb7970138239f7e404ea75757b1b507b28b5ce4c53fbd62d797c5a7c?s=96&d=mm&r=g","url":"https:\/\/secure.gravatar.com\/avatar\/bb0c4a2fcb7970138239f7e404ea75757b1b507b28b5ce4c53fbd62d797c5a7c?s=96&d=mm&r=g","contentUrl":"https:\/\/secure.gravatar.com\/avatar\/bb0c4a2fcb7970138239f7e404ea75757b1b507b28b5ce4c53fbd62d797c5a7c?s=96&d=mm&r=g","caption":"Villasmil Henry"},"logo":{"@id":"https:\/\/secure.gravatar.com\/avatar\/bb0c4a2fcb7970138239f7e404ea75757b1b507b28b5ce4c53fbd62d797c5a7c?s=96&d=mm&r=g"},"sameAs":["http:\/\/www.henryvillasmil.com.ve","https:\/\/www.instagram.com\/villasmilhfoto\/","https:\/\/x.com\/https:\/\/twitter.com\/villasmilhfoto"]},{"@type":"Person","@id":"https:\/\/digital58.com.ve\/site\/#\/schema\/person\/38596b127602deaa13fbcd7585635238","name":"Caren A\u00f1ez","image":{"@type":"ImageObject","inLanguage":"es","@id":"https:\/\/secure.gravatar.com\/avatar\/53aadd693aa414991c9ff2f2b19c39be94d2c342463b80f5402d344911bc9782?s=96&d=mm&r=g","url":"https:\/\/secure.gravatar.com\/avatar\/53aadd693aa414991c9ff2f2b19c39be94d2c342463b80f5402d344911bc9782?s=96&d=mm&r=g","contentUrl":"https:\/\/secure.gravatar.com\/avatar\/53aadd693aa414991c9ff2f2b19c39be94d2c342463b80f5402d344911bc9782?s=96&d=mm&r=g","caption":"Caren A\u00f1ez"},"description":"\ud83d\udc69\u200d\ud83c\udfa4Editora en @digital_58 \ud83d\udc69\ud83c\udffb\u200d\ud83c\udfebPeriodista musical y de entretenimiento. \ud83d\udcf8Fotografa \ud83d\udc69\ud83c\udffb\u200d\ud83d\udcbbMedia Management. \ud83d\udc69\u200d\ud83d\udc67\u200d\ud83d\udc67AspieMon 24\/7","sameAs":["https:\/\/www.instagram.com\/carenanez\/","https:\/\/x.com\/carenanez"],"url":"https:\/\/digital58.com.ve\/site\/author\/carena21\/"}]}},"uagb_featured_image_src":{"full":["https:\/\/digital58.com.ve\/site\/wp-content\/uploads\/2022\/12\/benedicto2.jpeg",829,553,false],"thumbnail":["https:\/\/digital58.com.ve\/site\/wp-content\/uploads\/2022\/12\/benedicto2-150x150.jpeg",150,150,true],"medium":["https:\/\/digital58.com.ve\/site\/wp-content\/uploads\/2022\/12\/benedicto2-300x200.jpeg",300,200,true],"medium_large":["https:\/\/digital58.com.ve\/site\/wp-content\/uploads\/2022\/12\/benedicto2-768x512.jpeg",768,512,true],"large":["https:\/\/digital58.com.ve\/site\/wp-content\/uploads\/2022\/12\/benedicto2.jpeg",800,534,false],"1536x1536":["https:\/\/digital58.com.ve\/site\/wp-content\/uploads\/2022\/12\/benedicto2.jpeg",829,553,false],"2048x2048":["https:\/\/digital58.com.ve\/site\/wp-content\/uploads\/2022\/12\/benedicto2.jpeg",829,553,false],"colormag-highlighted-post":["https:\/\/digital58.com.ve\/site\/wp-content\/uploads\/2022\/12\/benedicto2-392x272.jpeg",392,272,true],"colormag-featured-post-medium":["https:\/\/digital58.com.ve\/site\/wp-content\/uploads\/2022\/12\/benedicto2-390x205.jpeg",390,205,true],"colormag-featured-post-small":["https:\/\/digital58.com.ve\/site\/wp-content\/uploads\/2022\/12\/benedicto2-130x90.jpeg",130,90,true],"colormag-featured-image":["https:\/\/digital58.com.ve\/site\/wp-content\/uploads\/2022\/12\/benedicto2-800x445.jpeg",800,445,true],"colormag-default-news":["https:\/\/digital58.com.ve\/site\/wp-content\/uploads\/2022\/12\/benedicto2.jpeg",150,100,false],"colormag-featured-image-large":["https:\/\/digital58.com.ve\/site\/wp-content\/uploads\/2022\/12\/benedicto2.jpeg",829,553,false]},"uagb_author_info":{"display_name":"Caren A\u00f1ez","author_link":"https:\/\/digital58.com.ve\/site\/author\/carena21\/"},"uagb_comment_info":0,"uagb_excerpt":"El papa em\u00e9rito Benedicto XVI se encuentra en condiciones de salud \u00abgraves pero estables\u00bb y ha pasado la noche asistido","_links":{"self":[{"href":"https:\/\/digital58.com.ve\/site\/wp-json\/wp\/v2\/posts\/161234","targetHints":{"allow":["GET"]}}],"collection":[{"href":"https:\/\/digital58.com.ve\/site\/wp-json\/wp\/v2\/posts"}],"about":[{"href":"https:\/\/digital58.com.ve\/site\/wp-json\/wp\/v2\/types\/post"}],"author":[{"embeddable":true,"href":"https:\/\/digital58.com.ve\/site\/wp-json\/wp\/v2\/users\/39"}],"replies":[{"embeddable":true,"href":"https:\/\/digital58.com.ve\/site\/wp-json\/wp\/v2\/comments?post=161234"}],"version-history":[{"count":0,"href":"https:\/\/digital58.com.ve\/site\/wp-json\/wp\/v2\/posts\/161234\/revisions"}],"wp:featuredmedia":[{"embeddable":true,"href":"https:\/\/digital58.com.ve\/site\/wp-json\/wp\/v2\/media\/161236"}],"wp:attachment":[{"href":"https:\/\/digital58.com.ve\/site\/wp-json\/wp\/v2\/media?parent=161234"}],"wp:term":[{"taxonomy":"category","embeddable":true,"href":"https:\/\/digital58.com.ve\/site\/wp-json\/wp\/v2\/categories?post=161234"},{"taxonomy":"post_tag","embeddable":true,"href":"https:\/\/digital58.com.ve\/site\/wp-json\/wp\/v2\/tags?post=161234"}],"curies":[{"name":"wp","href":"https:\/\/api.w.org\/{rel}","templated":true}]}}