{"id":161288,"date":"2022-12-30T19:49:26","date_gmt":"2022-12-30T23:49:26","guid":{"rendered":"https:\/\/digital58.com.ve\/site\/?p=161288"},"modified":"2022-12-30T19:49:26","modified_gmt":"2022-12-30T23:49:26","slug":"celebridades-confirman-su-regreso-a-los-globos-de-oro-tras-la-polemica-de-2021","status":"publish","type":"post","link":"https:\/\/digital58.com.ve\/site\/2022\/12\/30\/celebridades-confirman-su-regreso-a-los-globos-de-oro-tras-la-polemica-de-2021\/","title":{"rendered":"Celebridades confirman su regreso a los Globos de Oro tras la pol\u00e9mica de 2021"},"content":{"rendered":"<p><img loading=\"lazy\" decoding=\"async\" class=\"size-full wp-image-161289 aligncenter\" src=\"https:\/\/digital58.com.ve\/site\/wp-content\/uploads\/2022\/12\/globo.png\" alt=\"\" width=\"800\" height=\"533\" srcset=\"https:\/\/digital58.com.ve\/site\/wp-content\/uploads\/2022\/12\/globo.png 800w, https:\/\/digital58.com.ve\/site\/wp-content\/uploads\/2022\/12\/globo-300x200.png 300w, https:\/\/digital58.com.ve\/site\/wp-content\/uploads\/2022\/12\/globo-768x512.png 768w\" sizes=\"auto, (max-width: 800px) 100vw, 800px\" \/><\/p>\n<p>Steven Spielberg, Ana de Armas y James Cameron figuran entre la lista de confirmados a los Globos de Oro en el regreso presencial de la entrega tras la pol\u00e9mica suscitada en 2021.<\/p>\n<p><strong>Los \u00c1ngeles EE.UU, 30 de diciembre, 2022 (ND58).-<\/strong> Los premios organizados por la Asociaci\u00f3n de la Prensa Extranjera de Hollywood (HFPA,en ingl\u00e9s), buscan recuperar el prestigio perdido despu\u00e9s de la investigaci\u00f3n publicada por el peri\u00f3dico Los \u00c1ngeles Times en 2021 que revelaba pr\u00e1cticas corruptas y falta de representaci\u00f3n en sus miembros.<\/p>\n<p>Despu\u00e9s de realizar algunos cambios e intentar enmendar sus errores, parece ser que la entrega empieza a agarrar camino de nuevo, pues seg\u00fan informaci\u00f3n de la revista Variety, algunas prestigiosas personalidades ya han confirmado su asistencia a la gala n\u00famero 80 de los Globos de Oro.<\/p>\n<p>Entre ellos est\u00e1 Spielberg, autor de \u00abThe Fabelmans\u00bb, junto con parte de su equipo de trabajo como la actriz Michelle Williams y el guionista Tony Kushner.<\/p>\n<p>Asimismo, se prev\u00e9 la asistencia de Austin Butler, quien est\u00e1 nominado por su actuaci\u00f3n en \u00abElvis\u00bb, la cubana Ana de Armas quien protagoniz\u00f3 el filme de la vida de Marilyn Monroe en \u00abBlonde\u00bb, Jaime Lee Curtis, nominada por \u00abEverything Everywhere All at Once\u00bb y \u00abmuy posiblemente\u00bb, Daniel Craig, el protagonista de \u00abGlass Onion: A Knives Out Mystery\u00bb.<\/p>\n<p>El medio estadounidense tambi\u00e9n apunt\u00f3 que el director de esta \u00faltima, Rian Johnson junto con Guillermo del Toro, quien suma tres nominaciones por \u00abPinocchio\u00bb, y James Cameron, que actualmente est\u00e1 batiendo r\u00e9cords en taquilla por su pel\u00edcula \u00abAvatar: The Way of Water\u00bb, tambi\u00e9n desfilar\u00e1n por la alfombra roja del hotel Hilton de Beverly Hills (California, EE.UU.) en donde se llevar\u00e1 a cabo la ceremonia.<\/p>\n<p>En el \u00e1mbito televisivo algunas personalidades que ya confirmaron su asistencia son Kevin Costner (\u00abYellowstone\u00bb), Jenna Ortega quien ha enloquecido al mundo por su trabajo en \u00abWednesday\u00bb, Julia Garner, nominada por \u00abOzark\u00bb e \u00abInventing Anna\u00bb, Niecy Nash (\u00abDahmer \u2013 Monster: La historia de Jeffrey Dahmer\u00bb), Jessica Chastain (\u00abGeorge &amp; Tammy\u00bb), entre otros.<\/p>\n<p>Sin embargo, hasta ahora algunos artistas se han limitado a confirmar su presencia como Brad Pitt y Margot Robbie de \u00abBabylon\u00bb y Julia Roberts quien est\u00e1 nominada por la serie \u00abGaslit\u00bb.<\/p>\n<p>Aunque la asociaci\u00f3n ha llevado a cabo acciones en su organizaci\u00f3n desde el esc\u00e1ndalo, a\u00fan se desconoce si su regreso ser\u00e1 bien recibido por la industria, pues en el pasado, artistas como Scarlett Johansson, Mark Ruffalo y Tom Cruise se posicionaron en su contra.<\/p>\n<p>Los Globos de Oro se llevar\u00e1n a cabo el 10 de enero en el hotel Hilton de Beverly Hills (California) y ser\u00e1n transmitidos nuevamente por la cadena de NBC.<\/p><div class=\"tnmoa69f2e5f373e09\" ><p style=\"text-align: center;\"><a href=\"https:\/\/t.me\/noticiasdigital58\" target=\"_blank\" rel=\"noopener\"><img class=\"aligncenter size-full wp-image-125363\" src=\"https:\/\/digital58.com.ve\/site\/wp-content\/uploads\/2021\/04\/banner-telegram-web-2021.png\" alt=\"\" width=\"600\" height=\"90\" \/><\/a><\/p><\/div><style type=\"text\/css\">\r\n@media screen and (min-width: 1201px) {\r\n.tnmoa69f2e5f373e09 {\r\ndisplay: block;\r\n}\r\n}\r\n@media screen and (min-width: 993px) and (max-width: 1200px) {\r\n.tnmoa69f2e5f373e09 {\r\ndisplay: block;\r\n}\r\n}\r\n@media screen and (min-width: 769px) and (max-width: 992px) {\r\n.tnmoa69f2e5f373e09 {\r\ndisplay: block;\r\n}\r\n}\r\n@media screen and (min-width: 768px) and (max-width: 768px) {\r\n.tnmoa69f2e5f373e09 {\r\ndisplay: block;\r\n}\r\n}\r\n@media screen and (max-width: 767px) {\r\n.tnmoa69f2e5f373e09 {\r\ndisplay: block;\r\n}\r\n}\r\n<\/style>\r\n\n<p class=\"p1\"><b>Redacci\u00f3n ND58 | EFE<\/b><br \/>\n<b>Edici\u00f3n: \u00c1\u00f1ez, Caren\u00a0<\/b><br \/>\n<b>Gr\u00e1fica: Cortes\u00eda <\/b><\/p>\n<div style=\"margin-top: 0px; margin-bottom: 0px;\" class=\"sharethis-inline-share-buttons\" ><\/div>","protected":false},"excerpt":{"rendered":"<p>Steven Spielberg, Ana de Armas y James Cameron figuran entre la lista de confirmados a los Globos de Oro en<\/p>\n","protected":false},"author":39,"featured_media":161289,"comment_status":"open","ping_status":"closed","sticky":false,"template":"","format":"standard","meta":{"colormag_page_container_layout":"default_layout","colormag_page_sidebar_layout":"default_layout","_uag_custom_page_level_css":"","footnotes":""},"categories":[1],"tags":[4565,29281,46,50,3331,273,10380,948,134],"class_list":["post-161288","post","type-post","status-publish","format-standard","has-post-thumbnail","hentry","category-fama","tag-actor","tag-asociacion-de-la-prensa-extranjera-de-hollywood","tag-cine","tag-entretenimiento","tag-fama","tag-farandula","tag-globos-de-oro","tag-hollywood","tag-tv"],"yoast_head":"<!-- This site is optimized with the Yoast SEO plugin v27.5 - https:\/\/yoast.com\/product\/yoast-seo-wordpress\/ -->\n<title>Celebridades confirman su regreso a los Globos de Oro tras la pol\u00e9mica de 2021<\/title>\n<meta name=\"robots\" content=\"index, follow, max-snippet:-1, max-image-preview:large, max-video-preview:-1\" \/>\n<link rel=\"canonical\" href=\"https:\/\/digital58.com.ve\/site\/2022\/12\/30\/celebridades-confirman-su-regreso-a-los-globos-de-oro-tras-la-polemica-de-2021\/\" \/>\n<meta property=\"og:locale\" content=\"es_ES\" \/>\n<meta property=\"og:type\" content=\"article\" \/>\n<meta property=\"og:title\" content=\"Celebridades confirman su regreso a los Globos de Oro tras la pol\u00e9mica de 2021\" \/>\n<meta property=\"og:url\" content=\"https:\/\/digital58.com.ve\/site\/2022\/12\/30\/celebridades-confirman-su-regreso-a-los-globos-de-oro-tras-la-polemica-de-2021\/\" \/>\n<meta property=\"og:site_name\" content=\"Noticias Digital58\" \/>\n<meta property=\"article:published_time\" content=\"2022-12-30T23:49:26+00:00\" \/>\n<meta property=\"og:image\" content=\"https:\/\/i0.wp.com\/digital58.com.ve\/site\/wp-content\/uploads\/2022\/12\/globo.png?fit=800%2C533&ssl=1\" \/>\n\t<meta property=\"og:image:width\" content=\"800\" \/>\n\t<meta property=\"og:image:height\" content=\"533\" \/>\n\t<meta property=\"og:image:type\" content=\"image\/png\" \/>\n<meta name=\"author\" content=\"Caren A\u00f1ez\" \/>\n<meta name=\"twitter:card\" content=\"summary_large_image\" \/>\n<meta name=\"twitter:creator\" content=\"@carenanez\" \/>\n<meta name=\"twitter:site\" content=\"@villasmilhfoto\" \/>\n<meta name=\"twitter:label1\" content=\"Escrito por\" \/>\n\t<meta name=\"twitter:data1\" content=\"Caren A\u00f1ez\" \/>\n\t<meta name=\"twitter:label2\" content=\"Tiempo estimado de lectura\" \/>\n\t<meta name=\"twitter:data2\" content=\"2 minutos\" \/>\n<script type=\"application\/ld+json\" class=\"yoast-schema-graph\">{\"@context\":\"https:\\\/\\\/schema.org\",\"@graph\":[{\"@type\":\"Article\",\"@id\":\"https:\\\/\\\/digital58.com.ve\\\/site\\\/2022\\\/12\\\/30\\\/celebridades-confirman-su-regreso-a-los-globos-de-oro-tras-la-polemica-de-2021\\\/#article\",\"isPartOf\":{\"@id\":\"https:\\\/\\\/digital58.com.ve\\\/site\\\/2022\\\/12\\\/30\\\/celebridades-confirman-su-regreso-a-los-globos-de-oro-tras-la-polemica-de-2021\\\/\"},\"author\":{\"name\":\"Caren A\u00f1ez\",\"@id\":\"https:\\\/\\\/digital58.com.ve\\\/site\\\/#\\\/schema\\\/person\\\/38596b127602deaa13fbcd7585635238\"},\"headline\":\"Celebridades confirman su regreso a los Globos de Oro tras la pol\u00e9mica de 2021\",\"datePublished\":\"2022-12-30T23:49:26+00:00\",\"mainEntityOfPage\":{\"@id\":\"https:\\\/\\\/digital58.com.ve\\\/site\\\/2022\\\/12\\\/30\\\/celebridades-confirman-su-regreso-a-los-globos-de-oro-tras-la-polemica-de-2021\\\/\"},\"wordCount\":479,\"commentCount\":0,\"publisher\":{\"@id\":\"https:\\\/\\\/digital58.com.ve\\\/site\\\/#\\\/schema\\\/person\\\/64d1c2e4d0d4fd1b849980c4331c2951\"},\"image\":{\"@id\":\"https:\\\/\\\/digital58.com.ve\\\/site\\\/2022\\\/12\\\/30\\\/celebridades-confirman-su-regreso-a-los-globos-de-oro-tras-la-polemica-de-2021\\\/#primaryimage\"},\"thumbnailUrl\":\"https:\\\/\\\/digital58.com.ve\\\/site\\\/wp-content\\\/uploads\\\/2022\\\/12\\\/globo.png\",\"keywords\":[\"Actor\",\"Asociaci\u00f3n de la Prensa Extranjera de Hollywood\",\"Cine\",\"Entretenimiento\",\"Fama\",\"Far\u00e1ndula\",\"Globos de Oro\",\"Hollywood\",\"TV\"],\"articleSection\":[\"Fama\"],\"inLanguage\":\"es\",\"potentialAction\":[{\"@type\":\"CommentAction\",\"name\":\"Comment\",\"target\":[\"https:\\\/\\\/digital58.com.ve\\\/site\\\/2022\\\/12\\\/30\\\/celebridades-confirman-su-regreso-a-los-globos-de-oro-tras-la-polemica-de-2021\\\/#respond\"]}]},{\"@type\":\"WebPage\",\"@id\":\"https:\\\/\\\/digital58.com.ve\\\/site\\\/2022\\\/12\\\/30\\\/celebridades-confirman-su-regreso-a-los-globos-de-oro-tras-la-polemica-de-2021\\\/\",\"url\":\"https:\\\/\\\/digital58.com.ve\\\/site\\\/2022\\\/12\\\/30\\\/celebridades-confirman-su-regreso-a-los-globos-de-oro-tras-la-polemica-de-2021\\\/\",\"name\":\"Celebridades confirman su regreso a los Globos de Oro tras la pol\u00e9mica de 2021\",\"isPartOf\":{\"@id\":\"https:\\\/\\\/digital58.com.ve\\\/site\\\/#website\"},\"primaryImageOfPage\":{\"@id\":\"https:\\\/\\\/digital58.com.ve\\\/site\\\/2022\\\/12\\\/30\\\/celebridades-confirman-su-regreso-a-los-globos-de-oro-tras-la-polemica-de-2021\\\/#primaryimage\"},\"image\":{\"@id\":\"https:\\\/\\\/digital58.com.ve\\\/site\\\/2022\\\/12\\\/30\\\/celebridades-confirman-su-regreso-a-los-globos-de-oro-tras-la-polemica-de-2021\\\/#primaryimage\"},\"thumbnailUrl\":\"https:\\\/\\\/digital58.com.ve\\\/site\\\/wp-content\\\/uploads\\\/2022\\\/12\\\/globo.png\",\"datePublished\":\"2022-12-30T23:49:26+00:00\",\"breadcrumb\":{\"@id\":\"https:\\\/\\\/digital58.com.ve\\\/site\\\/2022\\\/12\\\/30\\\/celebridades-confirman-su-regreso-a-los-globos-de-oro-tras-la-polemica-de-2021\\\/#breadcrumb\"},\"inLanguage\":\"es\",\"potentialAction\":[{\"@type\":\"ReadAction\",\"target\":[\"https:\\\/\\\/digital58.com.ve\\\/site\\\/2022\\\/12\\\/30\\\/celebridades-confirman-su-regreso-a-los-globos-de-oro-tras-la-polemica-de-2021\\\/\"]}]},{\"@type\":\"ImageObject\",\"inLanguage\":\"es\",\"@id\":\"https:\\\/\\\/digital58.com.ve\\\/site\\\/2022\\\/12\\\/30\\\/celebridades-confirman-su-regreso-a-los-globos-de-oro-tras-la-polemica-de-2021\\\/#primaryimage\",\"url\":\"https:\\\/\\\/digital58.com.ve\\\/site\\\/wp-content\\\/uploads\\\/2022\\\/12\\\/globo.png\",\"contentUrl\":\"https:\\\/\\\/digital58.com.ve\\\/site\\\/wp-content\\\/uploads\\\/2022\\\/12\\\/globo.png\",\"width\":800,\"height\":533},{\"@type\":\"BreadcrumbList\",\"@id\":\"https:\\\/\\\/digital58.com.ve\\\/site\\\/2022\\\/12\\\/30\\\/celebridades-confirman-su-regreso-a-los-globos-de-oro-tras-la-polemica-de-2021\\\/#breadcrumb\",\"itemListElement\":[{\"@type\":\"ListItem\",\"position\":1,\"name\":\"Home\",\"item\":\"https:\\\/\\\/digital58.com.ve\\\/site\\\/\"},{\"@type\":\"ListItem\",\"position\":2,\"name\":\"Celebridades confirman su regreso a los Globos de Oro tras la pol\u00e9mica de 2021\"}]},{\"@type\":\"WebSite\",\"@id\":\"https:\\\/\\\/digital58.com.ve\\\/site\\\/#website\",\"url\":\"https:\\\/\\\/digital58.com.ve\\\/site\\\/\",\"name\":\"Noticias Digital58\",\"description\":\"Portal de Noticias \u00a1Periodismo web de verdad! Lanzamiento web 22.11.2005 \\\/ Maracaibo, Venezuela\",\"publisher\":{\"@id\":\"https:\\\/\\\/digital58.com.ve\\\/site\\\/#\\\/schema\\\/person\\\/64d1c2e4d0d4fd1b849980c4331c2951\"},\"alternateName\":\"ND58\",\"potentialAction\":[{\"@type\":\"SearchAction\",\"target\":{\"@type\":\"EntryPoint\",\"urlTemplate\":\"https:\\\/\\\/digital58.com.ve\\\/site\\\/?s={search_term_string}\"},\"query-input\":{\"@type\":\"PropertyValueSpecification\",\"valueRequired\":true,\"valueName\":\"search_term_string\"}}],\"inLanguage\":\"es\"},{\"@type\":[\"Person\",\"Organization\"],\"@id\":\"https:\\\/\\\/digital58.com.ve\\\/site\\\/#\\\/schema\\\/person\\\/64d1c2e4d0d4fd1b849980c4331c2951\",\"name\":\"Villasmil Henry\",\"image\":{\"@type\":\"ImageObject\",\"inLanguage\":\"es\",\"@id\":\"https:\\\/\\\/secure.gravatar.com\\\/avatar\\\/bb0c4a2fcb7970138239f7e404ea75757b1b507b28b5ce4c53fbd62d797c5a7c?s=96&d=mm&r=g\",\"url\":\"https:\\\/\\\/secure.gravatar.com\\\/avatar\\\/bb0c4a2fcb7970138239f7e404ea75757b1b507b28b5ce4c53fbd62d797c5a7c?s=96&d=mm&r=g\",\"contentUrl\":\"https:\\\/\\\/secure.gravatar.com\\\/avatar\\\/bb0c4a2fcb7970138239f7e404ea75757b1b507b28b5ce4c53fbd62d797c5a7c?s=96&d=mm&r=g\",\"caption\":\"Villasmil Henry\"},\"logo\":{\"@id\":\"https:\\\/\\\/secure.gravatar.com\\\/avatar\\\/bb0c4a2fcb7970138239f7e404ea75757b1b507b28b5ce4c53fbd62d797c5a7c?s=96&d=mm&r=g\"},\"sameAs\":[\"http:\\\/\\\/www.henryvillasmil.com.ve\",\"https:\\\/\\\/www.instagram.com\\\/villasmilhfoto\\\/\",\"https:\\\/\\\/x.com\\\/https:\\\/\\\/twitter.com\\\/villasmilhfoto\"]},{\"@type\":\"Person\",\"@id\":\"https:\\\/\\\/digital58.com.ve\\\/site\\\/#\\\/schema\\\/person\\\/38596b127602deaa13fbcd7585635238\",\"name\":\"Caren A\u00f1ez\",\"image\":{\"@type\":\"ImageObject\",\"inLanguage\":\"es\",\"@id\":\"https:\\\/\\\/secure.gravatar.com\\\/avatar\\\/53aadd693aa414991c9ff2f2b19c39be94d2c342463b80f5402d344911bc9782?s=96&d=mm&r=g\",\"url\":\"https:\\\/\\\/secure.gravatar.com\\\/avatar\\\/53aadd693aa414991c9ff2f2b19c39be94d2c342463b80f5402d344911bc9782?s=96&d=mm&r=g\",\"contentUrl\":\"https:\\\/\\\/secure.gravatar.com\\\/avatar\\\/53aadd693aa414991c9ff2f2b19c39be94d2c342463b80f5402d344911bc9782?s=96&d=mm&r=g\",\"caption\":\"Caren A\u00f1ez\"},\"description\":\"\ud83d\udc69\u200d\ud83c\udfa4Editora en @digital_58 \ud83d\udc69\ud83c\udffb\u200d\ud83c\udfebPeriodista musical y de entretenimiento. \ud83d\udcf8Fotografa \ud83d\udc69\ud83c\udffb\u200d\ud83d\udcbbMedia Management. \ud83d\udc69\u200d\ud83d\udc67\u200d\ud83d\udc67AspieMon 24\\\/7\",\"sameAs\":[\"https:\\\/\\\/www.instagram.com\\\/carenanez\\\/\",\"https:\\\/\\\/x.com\\\/carenanez\"],\"url\":\"https:\\\/\\\/digital58.com.ve\\\/site\\\/author\\\/carena21\\\/\"}]}<\/script>\n<!-- \/ Yoast SEO plugin. -->","yoast_head_json":{"title":"Celebridades confirman su regreso a los Globos de Oro tras la pol\u00e9mica de 2021","robots":{"index":"index","follow":"follow","max-snippet":"max-snippet:-1","max-image-preview":"max-image-preview:large","max-video-preview":"max-video-preview:-1"},"canonical":"https:\/\/digital58.com.ve\/site\/2022\/12\/30\/celebridades-confirman-su-regreso-a-los-globos-de-oro-tras-la-polemica-de-2021\/","og_locale":"es_ES","og_type":"article","og_title":"Celebridades confirman su regreso a los Globos de Oro tras la pol\u00e9mica de 2021","og_url":"https:\/\/digital58.com.ve\/site\/2022\/12\/30\/celebridades-confirman-su-regreso-a-los-globos-de-oro-tras-la-polemica-de-2021\/","og_site_name":"Noticias Digital58","article_published_time":"2022-12-30T23:49:26+00:00","og_image":[{"width":800,"height":533,"url":"https:\/\/i0.wp.com\/digital58.com.ve\/site\/wp-content\/uploads\/2022\/12\/globo.png?fit=800%2C533&ssl=1","type":"image\/png"}],"author":"Caren A\u00f1ez","twitter_card":"summary_large_image","twitter_creator":"@carenanez","twitter_site":"@villasmilhfoto","twitter_misc":{"Escrito por":"Caren A\u00f1ez","Tiempo estimado de lectura":"2 minutos"},"schema":{"@context":"https:\/\/schema.org","@graph":[{"@type":"Article","@id":"https:\/\/digital58.com.ve\/site\/2022\/12\/30\/celebridades-confirman-su-regreso-a-los-globos-de-oro-tras-la-polemica-de-2021\/#article","isPartOf":{"@id":"https:\/\/digital58.com.ve\/site\/2022\/12\/30\/celebridades-confirman-su-regreso-a-los-globos-de-oro-tras-la-polemica-de-2021\/"},"author":{"name":"Caren A\u00f1ez","@id":"https:\/\/digital58.com.ve\/site\/#\/schema\/person\/38596b127602deaa13fbcd7585635238"},"headline":"Celebridades confirman su regreso a los Globos de Oro tras la pol\u00e9mica de 2021","datePublished":"2022-12-30T23:49:26+00:00","mainEntityOfPage":{"@id":"https:\/\/digital58.com.ve\/site\/2022\/12\/30\/celebridades-confirman-su-regreso-a-los-globos-de-oro-tras-la-polemica-de-2021\/"},"wordCount":479,"commentCount":0,"publisher":{"@id":"https:\/\/digital58.com.ve\/site\/#\/schema\/person\/64d1c2e4d0d4fd1b849980c4331c2951"},"image":{"@id":"https:\/\/digital58.com.ve\/site\/2022\/12\/30\/celebridades-confirman-su-regreso-a-los-globos-de-oro-tras-la-polemica-de-2021\/#primaryimage"},"thumbnailUrl":"https:\/\/digital58.com.ve\/site\/wp-content\/uploads\/2022\/12\/globo.png","keywords":["Actor","Asociaci\u00f3n de la Prensa Extranjera de Hollywood","Cine","Entretenimiento","Fama","Far\u00e1ndula","Globos de Oro","Hollywood","TV"],"articleSection":["Fama"],"inLanguage":"es","potentialAction":[{"@type":"CommentAction","name":"Comment","target":["https:\/\/digital58.com.ve\/site\/2022\/12\/30\/celebridades-confirman-su-regreso-a-los-globos-de-oro-tras-la-polemica-de-2021\/#respond"]}]},{"@type":"WebPage","@id":"https:\/\/digital58.com.ve\/site\/2022\/12\/30\/celebridades-confirman-su-regreso-a-los-globos-de-oro-tras-la-polemica-de-2021\/","url":"https:\/\/digital58.com.ve\/site\/2022\/12\/30\/celebridades-confirman-su-regreso-a-los-globos-de-oro-tras-la-polemica-de-2021\/","name":"Celebridades confirman su regreso a los Globos de Oro tras la pol\u00e9mica de 2021","isPartOf":{"@id":"https:\/\/digital58.com.ve\/site\/#website"},"primaryImageOfPage":{"@id":"https:\/\/digital58.com.ve\/site\/2022\/12\/30\/celebridades-confirman-su-regreso-a-los-globos-de-oro-tras-la-polemica-de-2021\/#primaryimage"},"image":{"@id":"https:\/\/digital58.com.ve\/site\/2022\/12\/30\/celebridades-confirman-su-regreso-a-los-globos-de-oro-tras-la-polemica-de-2021\/#primaryimage"},"thumbnailUrl":"https:\/\/digital58.com.ve\/site\/wp-content\/uploads\/2022\/12\/globo.png","datePublished":"2022-12-30T23:49:26+00:00","breadcrumb":{"@id":"https:\/\/digital58.com.ve\/site\/2022\/12\/30\/celebridades-confirman-su-regreso-a-los-globos-de-oro-tras-la-polemica-de-2021\/#breadcrumb"},"inLanguage":"es","potentialAction":[{"@type":"ReadAction","target":["https:\/\/digital58.com.ve\/site\/2022\/12\/30\/celebridades-confirman-su-regreso-a-los-globos-de-oro-tras-la-polemica-de-2021\/"]}]},{"@type":"ImageObject","inLanguage":"es","@id":"https:\/\/digital58.com.ve\/site\/2022\/12\/30\/celebridades-confirman-su-regreso-a-los-globos-de-oro-tras-la-polemica-de-2021\/#primaryimage","url":"https:\/\/digital58.com.ve\/site\/wp-content\/uploads\/2022\/12\/globo.png","contentUrl":"https:\/\/digital58.com.ve\/site\/wp-content\/uploads\/2022\/12\/globo.png","width":800,"height":533},{"@type":"BreadcrumbList","@id":"https:\/\/digital58.com.ve\/site\/2022\/12\/30\/celebridades-confirman-su-regreso-a-los-globos-de-oro-tras-la-polemica-de-2021\/#breadcrumb","itemListElement":[{"@type":"ListItem","position":1,"name":"Home","item":"https:\/\/digital58.com.ve\/site\/"},{"@type":"ListItem","position":2,"name":"Celebridades confirman su regreso a los Globos de Oro tras la pol\u00e9mica de 2021"}]},{"@type":"WebSite","@id":"https:\/\/digital58.com.ve\/site\/#website","url":"https:\/\/digital58.com.ve\/site\/","name":"Noticias Digital58","description":"Portal de Noticias \u00a1Periodismo web de verdad! Lanzamiento web 22.11.2005 \/ Maracaibo, Venezuela","publisher":{"@id":"https:\/\/digital58.com.ve\/site\/#\/schema\/person\/64d1c2e4d0d4fd1b849980c4331c2951"},"alternateName":"ND58","potentialAction":[{"@type":"SearchAction","target":{"@type":"EntryPoint","urlTemplate":"https:\/\/digital58.com.ve\/site\/?s={search_term_string}"},"query-input":{"@type":"PropertyValueSpecification","valueRequired":true,"valueName":"search_term_string"}}],"inLanguage":"es"},{"@type":["Person","Organization"],"@id":"https:\/\/digital58.com.ve\/site\/#\/schema\/person\/64d1c2e4d0d4fd1b849980c4331c2951","name":"Villasmil Henry","image":{"@type":"ImageObject","inLanguage":"es","@id":"https:\/\/secure.gravatar.com\/avatar\/bb0c4a2fcb7970138239f7e404ea75757b1b507b28b5ce4c53fbd62d797c5a7c?s=96&d=mm&r=g","url":"https:\/\/secure.gravatar.com\/avatar\/bb0c4a2fcb7970138239f7e404ea75757b1b507b28b5ce4c53fbd62d797c5a7c?s=96&d=mm&r=g","contentUrl":"https:\/\/secure.gravatar.com\/avatar\/bb0c4a2fcb7970138239f7e404ea75757b1b507b28b5ce4c53fbd62d797c5a7c?s=96&d=mm&r=g","caption":"Villasmil Henry"},"logo":{"@id":"https:\/\/secure.gravatar.com\/avatar\/bb0c4a2fcb7970138239f7e404ea75757b1b507b28b5ce4c53fbd62d797c5a7c?s=96&d=mm&r=g"},"sameAs":["http:\/\/www.henryvillasmil.com.ve","https:\/\/www.instagram.com\/villasmilhfoto\/","https:\/\/x.com\/https:\/\/twitter.com\/villasmilhfoto"]},{"@type":"Person","@id":"https:\/\/digital58.com.ve\/site\/#\/schema\/person\/38596b127602deaa13fbcd7585635238","name":"Caren A\u00f1ez","image":{"@type":"ImageObject","inLanguage":"es","@id":"https:\/\/secure.gravatar.com\/avatar\/53aadd693aa414991c9ff2f2b19c39be94d2c342463b80f5402d344911bc9782?s=96&d=mm&r=g","url":"https:\/\/secure.gravatar.com\/avatar\/53aadd693aa414991c9ff2f2b19c39be94d2c342463b80f5402d344911bc9782?s=96&d=mm&r=g","contentUrl":"https:\/\/secure.gravatar.com\/avatar\/53aadd693aa414991c9ff2f2b19c39be94d2c342463b80f5402d344911bc9782?s=96&d=mm&r=g","caption":"Caren A\u00f1ez"},"description":"\ud83d\udc69\u200d\ud83c\udfa4Editora en @digital_58 \ud83d\udc69\ud83c\udffb\u200d\ud83c\udfebPeriodista musical y de entretenimiento. \ud83d\udcf8Fotografa \ud83d\udc69\ud83c\udffb\u200d\ud83d\udcbbMedia Management. \ud83d\udc69\u200d\ud83d\udc67\u200d\ud83d\udc67AspieMon 24\/7","sameAs":["https:\/\/www.instagram.com\/carenanez\/","https:\/\/x.com\/carenanez"],"url":"https:\/\/digital58.com.ve\/site\/author\/carena21\/"}]}},"uagb_featured_image_src":{"full":["https:\/\/digital58.com.ve\/site\/wp-content\/uploads\/2022\/12\/globo.png",800,533,false],"thumbnail":["https:\/\/digital58.com.ve\/site\/wp-content\/uploads\/2022\/12\/globo-150x150.png",150,150,true],"medium":["https:\/\/digital58.com.ve\/site\/wp-content\/uploads\/2022\/12\/globo-300x200.png",300,200,true],"medium_large":["https:\/\/digital58.com.ve\/site\/wp-content\/uploads\/2022\/12\/globo-768x512.png",768,512,true],"large":["https:\/\/digital58.com.ve\/site\/wp-content\/uploads\/2022\/12\/globo.png",800,533,false],"1536x1536":["https:\/\/digital58.com.ve\/site\/wp-content\/uploads\/2022\/12\/globo.png",800,533,false],"2048x2048":["https:\/\/digital58.com.ve\/site\/wp-content\/uploads\/2022\/12\/globo.png",800,533,false],"colormag-highlighted-post":["https:\/\/digital58.com.ve\/site\/wp-content\/uploads\/2022\/12\/globo-392x272.png",392,272,true],"colormag-featured-post-medium":["https:\/\/digital58.com.ve\/site\/wp-content\/uploads\/2022\/12\/globo-390x205.png",390,205,true],"colormag-featured-post-small":["https:\/\/digital58.com.ve\/site\/wp-content\/uploads\/2022\/12\/globo-130x90.png",130,90,true],"colormag-featured-image":["https:\/\/digital58.com.ve\/site\/wp-content\/uploads\/2022\/12\/globo-800x445.png",800,445,true],"colormag-default-news":["https:\/\/digital58.com.ve\/site\/wp-content\/uploads\/2022\/12\/globo.png",150,100,false],"colormag-featured-image-large":["https:\/\/digital58.com.ve\/site\/wp-content\/uploads\/2022\/12\/globo.png",800,533,false]},"uagb_author_info":{"display_name":"Caren A\u00f1ez","author_link":"https:\/\/digital58.com.ve\/site\/author\/carena21\/"},"uagb_comment_info":0,"uagb_excerpt":"Steven Spielberg, Ana de Armas y James Cameron figuran entre la lista de confirmados a los Globos de Oro en","_links":{"self":[{"href":"https:\/\/digital58.com.ve\/site\/wp-json\/wp\/v2\/posts\/161288","targetHints":{"allow":["GET"]}}],"collection":[{"href":"https:\/\/digital58.com.ve\/site\/wp-json\/wp\/v2\/posts"}],"about":[{"href":"https:\/\/digital58.com.ve\/site\/wp-json\/wp\/v2\/types\/post"}],"author":[{"embeddable":true,"href":"https:\/\/digital58.com.ve\/site\/wp-json\/wp\/v2\/users\/39"}],"replies":[{"embeddable":true,"href":"https:\/\/digital58.com.ve\/site\/wp-json\/wp\/v2\/comments?post=161288"}],"version-history":[{"count":0,"href":"https:\/\/digital58.com.ve\/site\/wp-json\/wp\/v2\/posts\/161288\/revisions"}],"wp:featuredmedia":[{"embeddable":true,"href":"https:\/\/digital58.com.ve\/site\/wp-json\/wp\/v2\/media\/161289"}],"wp:attachment":[{"href":"https:\/\/digital58.com.ve\/site\/wp-json\/wp\/v2\/media?parent=161288"}],"wp:term":[{"taxonomy":"category","embeddable":true,"href":"https:\/\/digital58.com.ve\/site\/wp-json\/wp\/v2\/categories?post=161288"},{"taxonomy":"post_tag","embeddable":true,"href":"https:\/\/digital58.com.ve\/site\/wp-json\/wp\/v2\/tags?post=161288"}],"curies":[{"name":"wp","href":"https:\/\/api.w.org\/{rel}","templated":true}]}}