{"id":161341,"date":"2022-12-31T11:07:11","date_gmt":"2022-12-31T15:07:11","guid":{"rendered":"https:\/\/digital58.com.ve\/site\/?p=161341"},"modified":"2022-12-31T11:27:29","modified_gmt":"2022-12-31T15:27:29","slug":"belgica-opta-por-fuegos-artificiales-silenciosos-en-navidad-para-proteger-a-los-animales","status":"publish","type":"post","link":"https:\/\/digital58.com.ve\/site\/2022\/12\/31\/belgica-opta-por-fuegos-artificiales-silenciosos-en-navidad-para-proteger-a-los-animales\/","title":{"rendered":"B\u00e9lgica opta por fuegos artificiales \u00absilenciosos\u00bb en fin de a\u00f1o para proteger a los animales"},"content":{"rendered":"<p><img loading=\"lazy\" decoding=\"async\" class=\"size-large wp-image-161342 aligncenter\" src=\"https:\/\/digital58.com.ve\/site\/wp-content\/uploads\/2022\/12\/BELGICA-FUEGOS-ARTIGICIALS-e1672397660822-1000x666.webp\" alt=\"\" width=\"800\" height=\"533\" srcset=\"https:\/\/digital58.com.ve\/site\/wp-content\/uploads\/2022\/12\/BELGICA-FUEGOS-ARTIGICIALS-e1672397660822-1000x666.webp 1000w, https:\/\/digital58.com.ve\/site\/wp-content\/uploads\/2022\/12\/BELGICA-FUEGOS-ARTIGICIALS-e1672397660822-300x200.webp 300w, https:\/\/digital58.com.ve\/site\/wp-content\/uploads\/2022\/12\/BELGICA-FUEGOS-ARTIGICIALS-e1672397660822-768x512.webp 768w, https:\/\/digital58.com.ve\/site\/wp-content\/uploads\/2022\/12\/BELGICA-FUEGOS-ARTIGICIALS-e1672397660822.webp 1024w\" sizes=\"auto, (max-width: 800px) 100vw, 800px\" \/><\/p>\n<p>Los fuegos artificiales \u00absilenciosos\u00bb o directamente la solicitud de prohibir el uso de la pirotecnia por parte de particulares son algunas de las tendencias que marcan la celebraci\u00f3n de las fiestas navide\u00f1as de este a\u00f1o en B\u00e9lgica para proteger a los animales.<\/p>\n<p><strong>Bruselas, B\u00e9lgica, 31 de diciembre de 2022 (ND58).- <\/strong>Seg\u00fan medios locales, la organizaci\u00f3n en favor de los animales Gaia ha instado al Gobierno federal belga a hacer lo necesario para vetar la utilizaci\u00f3n de fuegos artificiales y petardos, ya que afectan a los animales, dom\u00e9sticos o salvajes, que tienen un o\u00eddo mucho m\u00e1s fino y sensible.<\/p>\n<p>\u00abMuchos animales morir\u00e1n o resultar\u00e1n heridos por los fuegos artificiales de Nochevieja porque los pol\u00edticos afectados no han tomado las medidas necesarias. Esta es la cruda realidad\u00bb recalca Gaia en un comunicado colgado en su p\u00e1gina web.<\/p>\n<p>M\u00e1s all\u00e1 de los da\u00f1os f\u00edsicos o auditivos que puedan causar, la organizaci\u00f3n recuerda que los ruidos fuertes aterrorizan a mascotas o provocan que algunas de ellas se escapen, y que incluso han llegado a provocar la muerte a animales que han entrado en parada card\u00edaca o que han resultado heridos graves al tratar de huir de las explosiones.<\/p>\n<p><strong>Pirotecnia sostenible<\/strong><\/p>\n<p>As\u00ed, Gaia solicita prohibir estas pr\u00e1cticas o que los municipios se decanten por otras m\u00e1s sostenibles con el medio ambiente (frente a las part\u00edculas que liberan los fuegos artificiales) y respetuosas para los animales, como los espect\u00e1culos de l\u00e1ser o los fuegos de artificio \u00absilenciosos\u00bb, como se comercializan los que estallan de forma contenida.<\/p>\n<p>Algunos ayuntamientos de B\u00e9lgica ya han decidido precisamente prohibir el uso de pirotecnia o, como es el caso de la localidad de Marchin (este), e imponer los fuegos artificiales \u00absilenciosos\u00bbo con ruido contenido.<\/p>\n<p><strong>Por su parte, la regi\u00f3n de Bruselas ha vetado la pirotecnia entre el 23 de diciembre y el pr\u00f3ximo 9 de enero.<\/strong><\/p>\n<p>En el caso de la capital, la decisi\u00f3n se tom\u00f3 a petici\u00f3n de los jefes de las polic\u00edas locales para \u00abgarantizar al m\u00e1ximo la seguridad de los agentes sobre el terreno\u00bb, seg\u00fan explic\u00f3 la RTBF cuando se decidi\u00f3 la medida a principios de diciembre.<\/p>\n<p>En concreto, se debi\u00f3 a que en las \u00faltimas semanas la polic\u00eda hab\u00eda sido objeto de artefactos pirot\u00e9cnicos en las celebraciones en el centro de Bruselas de los partidos jugados por la selecci\u00f3n de Marruecos en la Copa del Mundo de f\u00fatbol.<\/p>\n<p>El ministro-presidente de la regi\u00f3n de Bruselas, el socialista Rudi Vervoort, indic\u00f3 entonces que las celebraciones de fin de a\u00f1o \u00abatraen a mucha gente a la ciudad y deben seguir siendo momentos festivos que se desarrollen en un clima de seguridad, tanto para los ciudadanos como para nuestros comerciantes y la polic\u00eda\u00bb.<\/p>\n<p class=\"p1\"><b>Redacci\u00f3n ND58 | EFE<\/b><br \/>\n<b>Edici\u00f3n: \u00c1\u00f1ez, Caren\u00a0<\/b><br \/>\n<b>Gr\u00e1fica: Cortes\u00eda <\/b><\/p><div class=\"cdmug69f157e5ce21f\" ><p style=\"text-align: center;\"><a href=\"https:\/\/t.me\/noticiasdigital58\" target=\"_blank\" rel=\"noopener\"><img class=\"aligncenter size-full wp-image-125363\" src=\"https:\/\/digital58.com.ve\/site\/wp-content\/uploads\/2021\/04\/banner-telegram-web-2021.png\" alt=\"\" width=\"600\" height=\"90\" \/><\/a><\/p><\/div><style type=\"text\/css\">\r\n@media screen and (min-width: 1201px) {\r\n.cdmug69f157e5ce21f {\r\ndisplay: block;\r\n}\r\n}\r\n@media screen and (min-width: 993px) and (max-width: 1200px) {\r\n.cdmug69f157e5ce21f {\r\ndisplay: block;\r\n}\r\n}\r\n@media screen and (min-width: 769px) and (max-width: 992px) {\r\n.cdmug69f157e5ce21f {\r\ndisplay: block;\r\n}\r\n}\r\n@media screen and (min-width: 768px) and (max-width: 768px) {\r\n.cdmug69f157e5ce21f {\r\ndisplay: block;\r\n}\r\n}\r\n@media screen and (max-width: 767px) {\r\n.cdmug69f157e5ce21f {\r\ndisplay: block;\r\n}\r\n}\r\n<\/style>\r\n\n<p>&nbsp;<\/p>\n<div style=\"margin-top: 0px; margin-bottom: 0px;\" class=\"sharethis-inline-share-buttons\" ><\/div>","protected":false},"excerpt":{"rendered":"<p>Los fuegos artificiales \u00absilenciosos\u00bb o directamente la solicitud de prohibir el uso de la pirotecnia por parte de particulares son<\/p>\n","protected":false},"author":39,"featured_media":161342,"comment_status":"open","ping_status":"closed","sticky":false,"template":"","format":"standard","meta":{"colormag_page_container_layout":"default_layout","colormag_page_sidebar_layout":"default_layout","_uag_custom_page_level_css":"","footnotes":""},"categories":[16451],"tags":[44,23476,19648,30112,8,1034,30113,30114],"class_list":["post-161341","post","type-post","status-publish","format-standard","has-post-thumbnail","hentry","category-mundo","tag-belgica","tag-bruselas","tag-el-ano-viejo","tag-fuegos-artificiales","tag-internacionales","tag-mundo","tag-pirotecnia","tag-rudi-vervoort"],"yoast_head":"<!-- This site is optimized with the Yoast SEO plugin v27.5 - https:\/\/yoast.com\/product\/yoast-seo-wordpress\/ -->\n<title>B\u00e9lgica opta por fuegos artificiales \u00absilenciosos\u00bb en fin de a\u00f1o para proteger a los animales<\/title>\n<meta name=\"robots\" content=\"index, follow, max-snippet:-1, max-image-preview:large, max-video-preview:-1\" \/>\n<link rel=\"canonical\" href=\"https:\/\/digital58.com.ve\/site\/2022\/12\/31\/belgica-opta-por-fuegos-artificiales-silenciosos-en-navidad-para-proteger-a-los-animales\/\" \/>\n<meta property=\"og:locale\" content=\"es_ES\" \/>\n<meta property=\"og:type\" content=\"article\" \/>\n<meta property=\"og:title\" content=\"B\u00e9lgica opta por fuegos artificiales \u00absilenciosos\u00bb en fin de a\u00f1o para proteger a los animales\" \/>\n<meta property=\"og:url\" content=\"https:\/\/digital58.com.ve\/site\/2022\/12\/31\/belgica-opta-por-fuegos-artificiales-silenciosos-en-navidad-para-proteger-a-los-animales\/\" \/>\n<meta property=\"og:site_name\" content=\"Noticias Digital58\" \/>\n<meta property=\"article:published_time\" content=\"2022-12-31T15:07:11+00:00\" \/>\n<meta property=\"article:modified_time\" content=\"2022-12-31T15:27:29+00:00\" \/>\n<meta property=\"og:image\" content=\"https:\/\/i0.wp.com\/digital58.com.ve\/site\/wp-content\/uploads\/2022\/12\/BELGICA-FUEGOS-ARTIGICIALS-e1672397660822.webp?fit=1024%2C682&ssl=1\" \/>\n\t<meta property=\"og:image:width\" content=\"1024\" \/>\n\t<meta property=\"og:image:height\" content=\"682\" \/>\n\t<meta property=\"og:image:type\" content=\"image\/webp\" \/>\n<meta name=\"author\" content=\"Caren A\u00f1ez\" \/>\n<meta name=\"twitter:card\" content=\"summary_large_image\" \/>\n<meta name=\"twitter:creator\" content=\"@carenanez\" \/>\n<meta name=\"twitter:site\" content=\"@villasmilhfoto\" \/>\n<meta name=\"twitter:label1\" content=\"Escrito por\" \/>\n\t<meta name=\"twitter:data1\" content=\"Caren A\u00f1ez\" \/>\n\t<meta name=\"twitter:label2\" content=\"Tiempo estimado de lectura\" \/>\n\t<meta name=\"twitter:data2\" content=\"2 minutos\" \/>\n<script type=\"application\/ld+json\" class=\"yoast-schema-graph\">{\"@context\":\"https:\\\/\\\/schema.org\",\"@graph\":[{\"@type\":\"Article\",\"@id\":\"https:\\\/\\\/digital58.com.ve\\\/site\\\/2022\\\/12\\\/31\\\/belgica-opta-por-fuegos-artificiales-silenciosos-en-navidad-para-proteger-a-los-animales\\\/#article\",\"isPartOf\":{\"@id\":\"https:\\\/\\\/digital58.com.ve\\\/site\\\/2022\\\/12\\\/31\\\/belgica-opta-por-fuegos-artificiales-silenciosos-en-navidad-para-proteger-a-los-animales\\\/\"},\"author\":{\"name\":\"Caren A\u00f1ez\",\"@id\":\"https:\\\/\\\/digital58.com.ve\\\/site\\\/#\\\/schema\\\/person\\\/38596b127602deaa13fbcd7585635238\"},\"headline\":\"B\u00e9lgica opta por fuegos artificiales \u00absilenciosos\u00bb en fin de a\u00f1o para proteger a los animales\",\"datePublished\":\"2022-12-31T15:07:11+00:00\",\"dateModified\":\"2022-12-31T15:27:29+00:00\",\"mainEntityOfPage\":{\"@id\":\"https:\\\/\\\/digital58.com.ve\\\/site\\\/2022\\\/12\\\/31\\\/belgica-opta-por-fuegos-artificiales-silenciosos-en-navidad-para-proteger-a-los-animales\\\/\"},\"wordCount\":512,\"commentCount\":0,\"publisher\":{\"@id\":\"https:\\\/\\\/digital58.com.ve\\\/site\\\/#\\\/schema\\\/person\\\/64d1c2e4d0d4fd1b849980c4331c2951\"},\"image\":{\"@id\":\"https:\\\/\\\/digital58.com.ve\\\/site\\\/2022\\\/12\\\/31\\\/belgica-opta-por-fuegos-artificiales-silenciosos-en-navidad-para-proteger-a-los-animales\\\/#primaryimage\"},\"thumbnailUrl\":\"https:\\\/\\\/digital58.com.ve\\\/site\\\/wp-content\\\/uploads\\\/2022\\\/12\\\/BELGICA-FUEGOS-ARTIGICIALS-e1672397660822.webp\",\"keywords\":[\"B\u00e9lgica\",\"Bruselas\",\"El a\u00f1o viejo\",\"Fuegos artificiales\",\"Internacionales\",\"Mundo\",\"pirotecnia\",\"Rudi Vervoort\"],\"articleSection\":[\"Mundo\"],\"inLanguage\":\"es\",\"potentialAction\":[{\"@type\":\"CommentAction\",\"name\":\"Comment\",\"target\":[\"https:\\\/\\\/digital58.com.ve\\\/site\\\/2022\\\/12\\\/31\\\/belgica-opta-por-fuegos-artificiales-silenciosos-en-navidad-para-proteger-a-los-animales\\\/#respond\"]}]},{\"@type\":\"WebPage\",\"@id\":\"https:\\\/\\\/digital58.com.ve\\\/site\\\/2022\\\/12\\\/31\\\/belgica-opta-por-fuegos-artificiales-silenciosos-en-navidad-para-proteger-a-los-animales\\\/\",\"url\":\"https:\\\/\\\/digital58.com.ve\\\/site\\\/2022\\\/12\\\/31\\\/belgica-opta-por-fuegos-artificiales-silenciosos-en-navidad-para-proteger-a-los-animales\\\/\",\"name\":\"B\u00e9lgica opta por fuegos artificiales \u00absilenciosos\u00bb en fin de a\u00f1o para proteger a los animales\",\"isPartOf\":{\"@id\":\"https:\\\/\\\/digital58.com.ve\\\/site\\\/#website\"},\"primaryImageOfPage\":{\"@id\":\"https:\\\/\\\/digital58.com.ve\\\/site\\\/2022\\\/12\\\/31\\\/belgica-opta-por-fuegos-artificiales-silenciosos-en-navidad-para-proteger-a-los-animales\\\/#primaryimage\"},\"image\":{\"@id\":\"https:\\\/\\\/digital58.com.ve\\\/site\\\/2022\\\/12\\\/31\\\/belgica-opta-por-fuegos-artificiales-silenciosos-en-navidad-para-proteger-a-los-animales\\\/#primaryimage\"},\"thumbnailUrl\":\"https:\\\/\\\/digital58.com.ve\\\/site\\\/wp-content\\\/uploads\\\/2022\\\/12\\\/BELGICA-FUEGOS-ARTIGICIALS-e1672397660822.webp\",\"datePublished\":\"2022-12-31T15:07:11+00:00\",\"dateModified\":\"2022-12-31T15:27:29+00:00\",\"breadcrumb\":{\"@id\":\"https:\\\/\\\/digital58.com.ve\\\/site\\\/2022\\\/12\\\/31\\\/belgica-opta-por-fuegos-artificiales-silenciosos-en-navidad-para-proteger-a-los-animales\\\/#breadcrumb\"},\"inLanguage\":\"es\",\"potentialAction\":[{\"@type\":\"ReadAction\",\"target\":[\"https:\\\/\\\/digital58.com.ve\\\/site\\\/2022\\\/12\\\/31\\\/belgica-opta-por-fuegos-artificiales-silenciosos-en-navidad-para-proteger-a-los-animales\\\/\"]}]},{\"@type\":\"ImageObject\",\"inLanguage\":\"es\",\"@id\":\"https:\\\/\\\/digital58.com.ve\\\/site\\\/2022\\\/12\\\/31\\\/belgica-opta-por-fuegos-artificiales-silenciosos-en-navidad-para-proteger-a-los-animales\\\/#primaryimage\",\"url\":\"https:\\\/\\\/digital58.com.ve\\\/site\\\/wp-content\\\/uploads\\\/2022\\\/12\\\/BELGICA-FUEGOS-ARTIGICIALS-e1672397660822.webp\",\"contentUrl\":\"https:\\\/\\\/digital58.com.ve\\\/site\\\/wp-content\\\/uploads\\\/2022\\\/12\\\/BELGICA-FUEGOS-ARTIGICIALS-e1672397660822.webp\",\"width\":1024,\"height\":682},{\"@type\":\"BreadcrumbList\",\"@id\":\"https:\\\/\\\/digital58.com.ve\\\/site\\\/2022\\\/12\\\/31\\\/belgica-opta-por-fuegos-artificiales-silenciosos-en-navidad-para-proteger-a-los-animales\\\/#breadcrumb\",\"itemListElement\":[{\"@type\":\"ListItem\",\"position\":1,\"name\":\"Home\",\"item\":\"https:\\\/\\\/digital58.com.ve\\\/site\\\/\"},{\"@type\":\"ListItem\",\"position\":2,\"name\":\"B\u00e9lgica opta por fuegos artificiales \u00absilenciosos\u00bb en fin de a\u00f1o para proteger a los animales\"}]},{\"@type\":\"WebSite\",\"@id\":\"https:\\\/\\\/digital58.com.ve\\\/site\\\/#website\",\"url\":\"https:\\\/\\\/digital58.com.ve\\\/site\\\/\",\"name\":\"Noticias Digital58\",\"description\":\"Portal de Noticias \u00a1Periodismo web de verdad! Lanzamiento web 22.11.2005 \\\/ Maracaibo, Venezuela\",\"publisher\":{\"@id\":\"https:\\\/\\\/digital58.com.ve\\\/site\\\/#\\\/schema\\\/person\\\/64d1c2e4d0d4fd1b849980c4331c2951\"},\"alternateName\":\"ND58\",\"potentialAction\":[{\"@type\":\"SearchAction\",\"target\":{\"@type\":\"EntryPoint\",\"urlTemplate\":\"https:\\\/\\\/digital58.com.ve\\\/site\\\/?s={search_term_string}\"},\"query-input\":{\"@type\":\"PropertyValueSpecification\",\"valueRequired\":true,\"valueName\":\"search_term_string\"}}],\"inLanguage\":\"es\"},{\"@type\":[\"Person\",\"Organization\"],\"@id\":\"https:\\\/\\\/digital58.com.ve\\\/site\\\/#\\\/schema\\\/person\\\/64d1c2e4d0d4fd1b849980c4331c2951\",\"name\":\"Villasmil Henry\",\"image\":{\"@type\":\"ImageObject\",\"inLanguage\":\"es\",\"@id\":\"https:\\\/\\\/secure.gravatar.com\\\/avatar\\\/bb0c4a2fcb7970138239f7e404ea75757b1b507b28b5ce4c53fbd62d797c5a7c?s=96&d=mm&r=g\",\"url\":\"https:\\\/\\\/secure.gravatar.com\\\/avatar\\\/bb0c4a2fcb7970138239f7e404ea75757b1b507b28b5ce4c53fbd62d797c5a7c?s=96&d=mm&r=g\",\"contentUrl\":\"https:\\\/\\\/secure.gravatar.com\\\/avatar\\\/bb0c4a2fcb7970138239f7e404ea75757b1b507b28b5ce4c53fbd62d797c5a7c?s=96&d=mm&r=g\",\"caption\":\"Villasmil Henry\"},\"logo\":{\"@id\":\"https:\\\/\\\/secure.gravatar.com\\\/avatar\\\/bb0c4a2fcb7970138239f7e404ea75757b1b507b28b5ce4c53fbd62d797c5a7c?s=96&d=mm&r=g\"},\"sameAs\":[\"http:\\\/\\\/www.henryvillasmil.com.ve\",\"https:\\\/\\\/www.instagram.com\\\/villasmilhfoto\\\/\",\"https:\\\/\\\/x.com\\\/https:\\\/\\\/twitter.com\\\/villasmilhfoto\"]},{\"@type\":\"Person\",\"@id\":\"https:\\\/\\\/digital58.com.ve\\\/site\\\/#\\\/schema\\\/person\\\/38596b127602deaa13fbcd7585635238\",\"name\":\"Caren A\u00f1ez\",\"image\":{\"@type\":\"ImageObject\",\"inLanguage\":\"es\",\"@id\":\"https:\\\/\\\/secure.gravatar.com\\\/avatar\\\/53aadd693aa414991c9ff2f2b19c39be94d2c342463b80f5402d344911bc9782?s=96&d=mm&r=g\",\"url\":\"https:\\\/\\\/secure.gravatar.com\\\/avatar\\\/53aadd693aa414991c9ff2f2b19c39be94d2c342463b80f5402d344911bc9782?s=96&d=mm&r=g\",\"contentUrl\":\"https:\\\/\\\/secure.gravatar.com\\\/avatar\\\/53aadd693aa414991c9ff2f2b19c39be94d2c342463b80f5402d344911bc9782?s=96&d=mm&r=g\",\"caption\":\"Caren A\u00f1ez\"},\"description\":\"\ud83d\udc69\u200d\ud83c\udfa4Editora en @digital_58 \ud83d\udc69\ud83c\udffb\u200d\ud83c\udfebPeriodista musical y de entretenimiento. \ud83d\udcf8Fotografa \ud83d\udc69\ud83c\udffb\u200d\ud83d\udcbbMedia Management. \ud83d\udc69\u200d\ud83d\udc67\u200d\ud83d\udc67AspieMon 24\\\/7\",\"sameAs\":[\"https:\\\/\\\/www.instagram.com\\\/carenanez\\\/\",\"https:\\\/\\\/x.com\\\/carenanez\"],\"url\":\"https:\\\/\\\/digital58.com.ve\\\/site\\\/author\\\/carena21\\\/\"}]}<\/script>\n<!-- \/ Yoast SEO plugin. -->","yoast_head_json":{"title":"B\u00e9lgica opta por fuegos artificiales \u00absilenciosos\u00bb en fin de a\u00f1o para proteger a los animales","robots":{"index":"index","follow":"follow","max-snippet":"max-snippet:-1","max-image-preview":"max-image-preview:large","max-video-preview":"max-video-preview:-1"},"canonical":"https:\/\/digital58.com.ve\/site\/2022\/12\/31\/belgica-opta-por-fuegos-artificiales-silenciosos-en-navidad-para-proteger-a-los-animales\/","og_locale":"es_ES","og_type":"article","og_title":"B\u00e9lgica opta por fuegos artificiales \u00absilenciosos\u00bb en fin de a\u00f1o para proteger a los animales","og_url":"https:\/\/digital58.com.ve\/site\/2022\/12\/31\/belgica-opta-por-fuegos-artificiales-silenciosos-en-navidad-para-proteger-a-los-animales\/","og_site_name":"Noticias Digital58","article_published_time":"2022-12-31T15:07:11+00:00","article_modified_time":"2022-12-31T15:27:29+00:00","og_image":[{"width":1024,"height":682,"url":"https:\/\/i0.wp.com\/digital58.com.ve\/site\/wp-content\/uploads\/2022\/12\/BELGICA-FUEGOS-ARTIGICIALS-e1672397660822.webp?fit=1024%2C682&ssl=1","type":"image\/webp"}],"author":"Caren A\u00f1ez","twitter_card":"summary_large_image","twitter_creator":"@carenanez","twitter_site":"@villasmilhfoto","twitter_misc":{"Escrito por":"Caren A\u00f1ez","Tiempo estimado de lectura":"2 minutos"},"schema":{"@context":"https:\/\/schema.org","@graph":[{"@type":"Article","@id":"https:\/\/digital58.com.ve\/site\/2022\/12\/31\/belgica-opta-por-fuegos-artificiales-silenciosos-en-navidad-para-proteger-a-los-animales\/#article","isPartOf":{"@id":"https:\/\/digital58.com.ve\/site\/2022\/12\/31\/belgica-opta-por-fuegos-artificiales-silenciosos-en-navidad-para-proteger-a-los-animales\/"},"author":{"name":"Caren A\u00f1ez","@id":"https:\/\/digital58.com.ve\/site\/#\/schema\/person\/38596b127602deaa13fbcd7585635238"},"headline":"B\u00e9lgica opta por fuegos artificiales \u00absilenciosos\u00bb en fin de a\u00f1o para proteger a los animales","datePublished":"2022-12-31T15:07:11+00:00","dateModified":"2022-12-31T15:27:29+00:00","mainEntityOfPage":{"@id":"https:\/\/digital58.com.ve\/site\/2022\/12\/31\/belgica-opta-por-fuegos-artificiales-silenciosos-en-navidad-para-proteger-a-los-animales\/"},"wordCount":512,"commentCount":0,"publisher":{"@id":"https:\/\/digital58.com.ve\/site\/#\/schema\/person\/64d1c2e4d0d4fd1b849980c4331c2951"},"image":{"@id":"https:\/\/digital58.com.ve\/site\/2022\/12\/31\/belgica-opta-por-fuegos-artificiales-silenciosos-en-navidad-para-proteger-a-los-animales\/#primaryimage"},"thumbnailUrl":"https:\/\/digital58.com.ve\/site\/wp-content\/uploads\/2022\/12\/BELGICA-FUEGOS-ARTIGICIALS-e1672397660822.webp","keywords":["B\u00e9lgica","Bruselas","El a\u00f1o viejo","Fuegos artificiales","Internacionales","Mundo","pirotecnia","Rudi Vervoort"],"articleSection":["Mundo"],"inLanguage":"es","potentialAction":[{"@type":"CommentAction","name":"Comment","target":["https:\/\/digital58.com.ve\/site\/2022\/12\/31\/belgica-opta-por-fuegos-artificiales-silenciosos-en-navidad-para-proteger-a-los-animales\/#respond"]}]},{"@type":"WebPage","@id":"https:\/\/digital58.com.ve\/site\/2022\/12\/31\/belgica-opta-por-fuegos-artificiales-silenciosos-en-navidad-para-proteger-a-los-animales\/","url":"https:\/\/digital58.com.ve\/site\/2022\/12\/31\/belgica-opta-por-fuegos-artificiales-silenciosos-en-navidad-para-proteger-a-los-animales\/","name":"B\u00e9lgica opta por fuegos artificiales \u00absilenciosos\u00bb en fin de a\u00f1o para proteger a los animales","isPartOf":{"@id":"https:\/\/digital58.com.ve\/site\/#website"},"primaryImageOfPage":{"@id":"https:\/\/digital58.com.ve\/site\/2022\/12\/31\/belgica-opta-por-fuegos-artificiales-silenciosos-en-navidad-para-proteger-a-los-animales\/#primaryimage"},"image":{"@id":"https:\/\/digital58.com.ve\/site\/2022\/12\/31\/belgica-opta-por-fuegos-artificiales-silenciosos-en-navidad-para-proteger-a-los-animales\/#primaryimage"},"thumbnailUrl":"https:\/\/digital58.com.ve\/site\/wp-content\/uploads\/2022\/12\/BELGICA-FUEGOS-ARTIGICIALS-e1672397660822.webp","datePublished":"2022-12-31T15:07:11+00:00","dateModified":"2022-12-31T15:27:29+00:00","breadcrumb":{"@id":"https:\/\/digital58.com.ve\/site\/2022\/12\/31\/belgica-opta-por-fuegos-artificiales-silenciosos-en-navidad-para-proteger-a-los-animales\/#breadcrumb"},"inLanguage":"es","potentialAction":[{"@type":"ReadAction","target":["https:\/\/digital58.com.ve\/site\/2022\/12\/31\/belgica-opta-por-fuegos-artificiales-silenciosos-en-navidad-para-proteger-a-los-animales\/"]}]},{"@type":"ImageObject","inLanguage":"es","@id":"https:\/\/digital58.com.ve\/site\/2022\/12\/31\/belgica-opta-por-fuegos-artificiales-silenciosos-en-navidad-para-proteger-a-los-animales\/#primaryimage","url":"https:\/\/digital58.com.ve\/site\/wp-content\/uploads\/2022\/12\/BELGICA-FUEGOS-ARTIGICIALS-e1672397660822.webp","contentUrl":"https:\/\/digital58.com.ve\/site\/wp-content\/uploads\/2022\/12\/BELGICA-FUEGOS-ARTIGICIALS-e1672397660822.webp","width":1024,"height":682},{"@type":"BreadcrumbList","@id":"https:\/\/digital58.com.ve\/site\/2022\/12\/31\/belgica-opta-por-fuegos-artificiales-silenciosos-en-navidad-para-proteger-a-los-animales\/#breadcrumb","itemListElement":[{"@type":"ListItem","position":1,"name":"Home","item":"https:\/\/digital58.com.ve\/site\/"},{"@type":"ListItem","position":2,"name":"B\u00e9lgica opta por fuegos artificiales \u00absilenciosos\u00bb en fin de a\u00f1o para proteger a los animales"}]},{"@type":"WebSite","@id":"https:\/\/digital58.com.ve\/site\/#website","url":"https:\/\/digital58.com.ve\/site\/","name":"Noticias Digital58","description":"Portal de Noticias \u00a1Periodismo web de verdad! Lanzamiento web 22.11.2005 \/ Maracaibo, Venezuela","publisher":{"@id":"https:\/\/digital58.com.ve\/site\/#\/schema\/person\/64d1c2e4d0d4fd1b849980c4331c2951"},"alternateName":"ND58","potentialAction":[{"@type":"SearchAction","target":{"@type":"EntryPoint","urlTemplate":"https:\/\/digital58.com.ve\/site\/?s={search_term_string}"},"query-input":{"@type":"PropertyValueSpecification","valueRequired":true,"valueName":"search_term_string"}}],"inLanguage":"es"},{"@type":["Person","Organization"],"@id":"https:\/\/digital58.com.ve\/site\/#\/schema\/person\/64d1c2e4d0d4fd1b849980c4331c2951","name":"Villasmil Henry","image":{"@type":"ImageObject","inLanguage":"es","@id":"https:\/\/secure.gravatar.com\/avatar\/bb0c4a2fcb7970138239f7e404ea75757b1b507b28b5ce4c53fbd62d797c5a7c?s=96&d=mm&r=g","url":"https:\/\/secure.gravatar.com\/avatar\/bb0c4a2fcb7970138239f7e404ea75757b1b507b28b5ce4c53fbd62d797c5a7c?s=96&d=mm&r=g","contentUrl":"https:\/\/secure.gravatar.com\/avatar\/bb0c4a2fcb7970138239f7e404ea75757b1b507b28b5ce4c53fbd62d797c5a7c?s=96&d=mm&r=g","caption":"Villasmil Henry"},"logo":{"@id":"https:\/\/secure.gravatar.com\/avatar\/bb0c4a2fcb7970138239f7e404ea75757b1b507b28b5ce4c53fbd62d797c5a7c?s=96&d=mm&r=g"},"sameAs":["http:\/\/www.henryvillasmil.com.ve","https:\/\/www.instagram.com\/villasmilhfoto\/","https:\/\/x.com\/https:\/\/twitter.com\/villasmilhfoto"]},{"@type":"Person","@id":"https:\/\/digital58.com.ve\/site\/#\/schema\/person\/38596b127602deaa13fbcd7585635238","name":"Caren A\u00f1ez","image":{"@type":"ImageObject","inLanguage":"es","@id":"https:\/\/secure.gravatar.com\/avatar\/53aadd693aa414991c9ff2f2b19c39be94d2c342463b80f5402d344911bc9782?s=96&d=mm&r=g","url":"https:\/\/secure.gravatar.com\/avatar\/53aadd693aa414991c9ff2f2b19c39be94d2c342463b80f5402d344911bc9782?s=96&d=mm&r=g","contentUrl":"https:\/\/secure.gravatar.com\/avatar\/53aadd693aa414991c9ff2f2b19c39be94d2c342463b80f5402d344911bc9782?s=96&d=mm&r=g","caption":"Caren A\u00f1ez"},"description":"\ud83d\udc69\u200d\ud83c\udfa4Editora en @digital_58 \ud83d\udc69\ud83c\udffb\u200d\ud83c\udfebPeriodista musical y de entretenimiento. \ud83d\udcf8Fotografa \ud83d\udc69\ud83c\udffb\u200d\ud83d\udcbbMedia Management. \ud83d\udc69\u200d\ud83d\udc67\u200d\ud83d\udc67AspieMon 24\/7","sameAs":["https:\/\/www.instagram.com\/carenanez\/","https:\/\/x.com\/carenanez"],"url":"https:\/\/digital58.com.ve\/site\/author\/carena21\/"}]}},"uagb_featured_image_src":{"full":["https:\/\/digital58.com.ve\/site\/wp-content\/uploads\/2022\/12\/BELGICA-FUEGOS-ARTIGICIALS-e1672397660822.webp",1024,682,false],"thumbnail":["https:\/\/digital58.com.ve\/site\/wp-content\/uploads\/2022\/12\/BELGICA-FUEGOS-ARTIGICIALS-e1672397660822-150x150.webp",150,150,true],"medium":["https:\/\/digital58.com.ve\/site\/wp-content\/uploads\/2022\/12\/BELGICA-FUEGOS-ARTIGICIALS-e1672397660822-300x200.webp",300,200,true],"medium_large":["https:\/\/digital58.com.ve\/site\/wp-content\/uploads\/2022\/12\/BELGICA-FUEGOS-ARTIGICIALS-e1672397660822-768x512.webp",768,512,true],"large":["https:\/\/digital58.com.ve\/site\/wp-content\/uploads\/2022\/12\/BELGICA-FUEGOS-ARTIGICIALS-e1672397660822-1000x666.webp",800,533,true],"1536x1536":["https:\/\/digital58.com.ve\/site\/wp-content\/uploads\/2022\/12\/BELGICA-FUEGOS-ARTIGICIALS-e1672397660822.webp",1024,682,false],"2048x2048":["https:\/\/digital58.com.ve\/site\/wp-content\/uploads\/2022\/12\/BELGICA-FUEGOS-ARTIGICIALS-e1672397660822.webp",1024,682,false],"colormag-highlighted-post":["https:\/\/digital58.com.ve\/site\/wp-content\/uploads\/2022\/12\/BELGICA-FUEGOS-ARTIGICIALS-e1672397660822-392x272.webp",392,272,true],"colormag-featured-post-medium":["https:\/\/digital58.com.ve\/site\/wp-content\/uploads\/2022\/12\/BELGICA-FUEGOS-ARTIGICIALS-e1672397660822-390x205.webp",390,205,true],"colormag-featured-post-small":["https:\/\/digital58.com.ve\/site\/wp-content\/uploads\/2022\/12\/BELGICA-FUEGOS-ARTIGICIALS-e1672397660822-130x90.webp",130,90,true],"colormag-featured-image":["https:\/\/digital58.com.ve\/site\/wp-content\/uploads\/2022\/12\/BELGICA-FUEGOS-ARTIGICIALS-e1672397660822-800x445.webp",800,445,true],"colormag-default-news":["https:\/\/digital58.com.ve\/site\/wp-content\/uploads\/2022\/12\/BELGICA-FUEGOS-ARTIGICIALS-e1672397660822.webp",150,100,false],"colormag-featured-image-large":["https:\/\/digital58.com.ve\/site\/wp-content\/uploads\/2022\/12\/BELGICA-FUEGOS-ARTIGICIALS-e1672397660822.webp",901,600,false]},"uagb_author_info":{"display_name":"Caren A\u00f1ez","author_link":"https:\/\/digital58.com.ve\/site\/author\/carena21\/"},"uagb_comment_info":0,"uagb_excerpt":"Los fuegos artificiales \u00absilenciosos\u00bb o directamente la solicitud de prohibir el uso de la pirotecnia por parte de particulares son","_links":{"self":[{"href":"https:\/\/digital58.com.ve\/site\/wp-json\/wp\/v2\/posts\/161341","targetHints":{"allow":["GET"]}}],"collection":[{"href":"https:\/\/digital58.com.ve\/site\/wp-json\/wp\/v2\/posts"}],"about":[{"href":"https:\/\/digital58.com.ve\/site\/wp-json\/wp\/v2\/types\/post"}],"author":[{"embeddable":true,"href":"https:\/\/digital58.com.ve\/site\/wp-json\/wp\/v2\/users\/39"}],"replies":[{"embeddable":true,"href":"https:\/\/digital58.com.ve\/site\/wp-json\/wp\/v2\/comments?post=161341"}],"version-history":[{"count":0,"href":"https:\/\/digital58.com.ve\/site\/wp-json\/wp\/v2\/posts\/161341\/revisions"}],"wp:featuredmedia":[{"embeddable":true,"href":"https:\/\/digital58.com.ve\/site\/wp-json\/wp\/v2\/media\/161342"}],"wp:attachment":[{"href":"https:\/\/digital58.com.ve\/site\/wp-json\/wp\/v2\/media?parent=161341"}],"wp:term":[{"taxonomy":"category","embeddable":true,"href":"https:\/\/digital58.com.ve\/site\/wp-json\/wp\/v2\/categories?post=161341"},{"taxonomy":"post_tag","embeddable":true,"href":"https:\/\/digital58.com.ve\/site\/wp-json\/wp\/v2\/tags?post=161341"}],"curies":[{"name":"wp","href":"https:\/\/api.w.org\/{rel}","templated":true}]}}