{"id":161344,"date":"2022-12-31T11:16:41","date_gmt":"2022-12-31T15:16:41","guid":{"rendered":"https:\/\/digital58.com.ve\/site\/?p=161344"},"modified":"2022-12-31T11:16:41","modified_gmt":"2022-12-31T15:16:41","slug":"la-iglesia-llora-muerte-de-benedicto-xvi-un-gran-intelectual-para-los-politicos","status":"publish","type":"post","link":"https:\/\/digital58.com.ve\/site\/2022\/12\/31\/la-iglesia-llora-muerte-de-benedicto-xvi-un-gran-intelectual-para-los-politicos\/","title":{"rendered":"La Iglesia llora muerte de Benedicto XVI, un gran intelectual para los pol\u00edticos"},"content":{"rendered":"<p><img loading=\"lazy\" decoding=\"async\" class=\"size-large wp-image-161346 aligncenter\" src=\"https:\/\/digital58.com.ve\/site\/wp-content\/uploads\/2022\/12\/benedicto-XVI-1-1000x746.webp\" alt=\"\" width=\"800\" height=\"597\" srcset=\"https:\/\/digital58.com.ve\/site\/wp-content\/uploads\/2022\/12\/benedicto-XVI-1-1000x746.webp 1000w, https:\/\/digital58.com.ve\/site\/wp-content\/uploads\/2022\/12\/benedicto-XVI-1-300x224.webp 300w, https:\/\/digital58.com.ve\/site\/wp-content\/uploads\/2022\/12\/benedicto-XVI-1-768x573.webp 768w, https:\/\/digital58.com.ve\/site\/wp-content\/uploads\/2022\/12\/benedicto-XVI-1.webp 1024w\" sizes=\"auto, (max-width: 800px) 100vw, 800px\" \/><\/p>\n<p>La Iglesia Cat\u00f3lica espa\u00f1ola llora este s\u00e1bado la muerte del papa em\u00e9rito Benedicto XVI, al que agradecen su entrega y su trabajo por alentar la fe, mientras que desde el mundo de la pol\u00edtica lo recuerdan como un gran intelectual y te\u00f3logo.<\/p>\n<p><strong>Madrid, Espa\u00f1a, 31 de diciembre de 2022 (ND58).-<\/strong> Benedicto XVI, ha muerto este s\u00e1bado a los 95 a\u00f1os en el monasterio Mater Ecclesiae del Vaticano, donde resid\u00eda desde su hist\u00f3rica renuncia al pontificado en 2013.<\/p>\n<p>Tras conocerse su fallecimiento, la Conferencia Episcopal Espa\u00f1ola ha destacado la \u00abprofunda huella\u00bb que dej\u00f3 en los cat\u00f3licos espa\u00f1oles durante sus ocho a\u00f1os de pontificado, en los que visit\u00f3 el pa\u00eds en tres ocasiones y aprob\u00f3 la mayor beatificaci\u00f3n de espa\u00f1oles, con la proclamaci\u00f3n de 498 beatos.<\/p>\n<p>Su \u00abrico e intenso\u00bb magisterio, a trav\u00e9s de sus tres enc\u00edclicas, homil\u00edas, discursos, libros y catequesis, lo sit\u00faa como \u00abun gran te\u00f3logo que nunca olvid\u00f3 su talante de pastor de la Iglesia\u00bb, ha dicho el secretario general de la Conferencia Episcopal Espa\u00f1ola, Francisco C\u00e9sar Garc\u00eda Mag\u00e1n, en una rueda de prensa virtual.<\/p>\n<p>Su \u00abprofundo\u00bb magisterio, ha a\u00f1adido, se suma ya a los de \u00ablos grandes te\u00f3logos que han sido calificados como doctores de la iglesia\u00bb, en su caso, siempre desde el talante de un lenguaje \u00absencillo\u00bb del pastor y la humildad del trabajador de la vi\u00f1a del Se\u00f1or.<\/p>\n<p>La iglesia catalana se ha sumado al p\u00e9same a trav\u00e9s de la Conferencia Episcopal Tarraconense y los arzobispados de Barcelona y Tarragona, entre otras di\u00f3cesis, que, junto al arzobispo de Urgell y Copr\u00edncipe de Andorra han pedido orar por su descanso eterno, as\u00ed como la celebraci\u00f3n de oficios en su memoria.<\/p>\n<p>El obispo de Cuenca, Jos\u00e9 Mar\u00eda Yanguas, ha expresado el dolor de la Iglesia por la muerte de Bendicto XVI, al igual que desde el Obispado de \u00c1vila, que lo ha calificado de \u00abte\u00f3logo sobresaliente, capaz de tender puentes entre el mundo intelectual, filos\u00f3fico y espiritual\u00bb.<\/p>\n<p><img loading=\"lazy\" decoding=\"async\" class=\"size-large wp-image-161347 aligncenter\" src=\"https:\/\/digital58.com.ve\/site\/wp-content\/uploads\/2022\/12\/rss-efe20a912a61bdc01e72f25f3e6f2c93d033f45a268w-1000x678.webp\" alt=\"\" width=\"800\" height=\"542\" srcset=\"https:\/\/digital58.com.ve\/site\/wp-content\/uploads\/2022\/12\/rss-efe20a912a61bdc01e72f25f3e6f2c93d033f45a268w-1000x678.webp 1000w, https:\/\/digital58.com.ve\/site\/wp-content\/uploads\/2022\/12\/rss-efe20a912a61bdc01e72f25f3e6f2c93d033f45a268w-300x203.webp 300w, https:\/\/digital58.com.ve\/site\/wp-content\/uploads\/2022\/12\/rss-efe20a912a61bdc01e72f25f3e6f2c93d033f45a268w-768x521.webp 768w, https:\/\/digital58.com.ve\/site\/wp-content\/uploads\/2022\/12\/rss-efe20a912a61bdc01e72f25f3e6f2c93d033f45a268w.webp 1024w\" sizes=\"auto, (max-width: 800px) 100vw, 800px\" \/><\/p>\n<p>La di\u00f3cesis de Granada ha agradecido la vida de servicio incansable del papa em\u00e9rito y ha destacado su magisterio, que permanecer\u00e1 \u00abcomo un faro para tiempos de oscuridad\u00bb.<\/p>\n<p>Desde Obras Misionales Pontificias han subrayado la defensa que hizo de las misiones como un \u00abinstrumento privilegiado\u00bb para \u00abcontagiar al mundo la fe y el amor de Dios\u00bb y para servir como ayuda al pr\u00f3jimo, justicia para pobres o asistencia m\u00e9dica en lugares remotos.<\/p>\n<p>\u00abNos deja el legado como ap\u00f3stol de la caridad y la esperanza. Brille para \u00e9l la luz perpetua\u00bb, han lamentado desde C\u00e1ritas Espa\u00f1ola.<\/p>\n<p>La Provincia de Espa\u00f1a de la Compa\u00f1\u00eda de Jes\u00fas ha expresado su agradecimiento por el legado de un pont\u00edfice que \u00abnos ayud\u00f3 a permanecer arraigados en la fe, gozando y transmitiendo la alegr\u00eda de ser cristianos en el mundo\u00bb.<\/p>\n<p><strong>Meloni: \u00abBenedicto XVI era un gigante de la fe y la raz\u00f3n\u00bb<\/strong><br \/>\nLa primera ministra italiana, Giorgia Meloni, mostr\u00f3 su\u00bb dolor\u00bb por la muerte hoy a los 95 a\u00f1os del papa em\u00e9rito Benedicto XVI, que fue \u00abun gigante de la fe y la raz\u00f3n\u00bb y \u00abun gran hombre que la historia no olvidara\u00bb.<\/p>\n<p>\u00abUn hombre enamorado del Se\u00f1or que puso su vida al servicio de la Iglesia universal y habl\u00f3, y seguir\u00e1 hablando, al coraz\u00f3n y a la mente de los hombres con la profundidad espiritual, cultural e intelectual de su magisterio\u00bb, se\u00f1al\u00f3 Meloni sobre el primer papa en renunciar al pontificado en la historia moderna de la Iglesia.<\/p>\n<p>La l\u00edder ultraderechista italiana, que expres\u00f3 al papa Francisco el dolor de su Gobierno y el suyo personal, destac\u00f3 tambi\u00e9n que el papa alem\u00e1n fue \u00abun cristiano, un pastor, un te\u00f3logo: un gran hombre que la historia no olvidar\u00e1\u00bb.<\/p>\n<p><img loading=\"lazy\" decoding=\"async\" class=\"size-large wp-image-161345 aligncenter\" src=\"https:\/\/digital58.com.ve\/site\/wp-content\/uploads\/2022\/12\/BENEDICTOxvi-1000x645.webp\" alt=\"\" width=\"800\" height=\"516\" srcset=\"https:\/\/digital58.com.ve\/site\/wp-content\/uploads\/2022\/12\/BENEDICTOxvi-1000x645.webp 1000w, https:\/\/digital58.com.ve\/site\/wp-content\/uploads\/2022\/12\/BENEDICTOxvi-300x193.webp 300w, https:\/\/digital58.com.ve\/site\/wp-content\/uploads\/2022\/12\/BENEDICTOxvi-768x495.webp 768w, https:\/\/digital58.com.ve\/site\/wp-content\/uploads\/2022\/12\/BENEDICTOxvi.webp 1024w\" sizes=\"auto, (max-width: 800px) 100vw, 800px\" \/><\/p>\n<p>El presidente de la Rep\u00fablica italiana, Sergio Mattarella, asegur\u00f3 que el pa\u00eds \u00abest\u00e1 de luto\u00bb por la muerte hoy a los 95 a\u00f1os del papa em\u00e9rito Benedicto XVI, cuya \u00abdulzura y sabidur\u00eda han beneficiado\u00bb a \u00abtoda la comunidad internacional\u00bb.<\/p>\n<p>\u00abCon dedicaci\u00f3n sigui\u00f3 sirviendo a la causa de su Iglesia en el cargo sin precedentes de Papa em\u00e9rito con humildad y serenidad. Su figura permanece inolvidable para el Pueblo italiano\u00bb, declar\u00f3 Mattarella, de 81 a\u00f1os.<\/p>\n<p>El ministro de Exteriores, el conservador Antonio Tajani, tambi\u00e9n expres\u00f3 su \u00abprofundo dolor\u00bb por la muerte de este \u00abgran papa y gran te\u00f3logo\u00bb de quien, dijo, \u00abapreci\u00f3 sus ense\u00f1anzas y su modo de explicar la fe\u00bb.<\/p>\n<p>\u00abLlevar\u00e9 siempre en el coraz\u00f3n sus palabras y la defensa de las ra\u00edces cristianas de Europa\u00bb, apunt\u00f3 en sus redes sociales el jefe de la diplomacia italiana y expresidente del Parlamento Europeo.<\/p>\n<p>Y agreg\u00f3: \u00abLa igual dignidad de todos los seres humanos, la libertad del acto de la fe como ra\u00edz del resto de libertades civiles, la paz como elemento decisivo para el bien com\u00fan. Principios sacros que el papa Ratzinger siempre puso ante el individualismo y el utilitarismo\u00bb.<\/p>\n<p>El alcalde de Roma, Roberto Gualtieri, expres\u00f3 tambi\u00e9n sus condolencias por el fallecimiento de \u00abun gran te\u00f3logo que con su magisterio supo acompa\u00f1ar a la Iglesia en el mundo contempor\u00e1neo. La ciudad de Roma se une al dolor de los fieles de todo el mundo\u00bb.<\/p>\n<p><strong>\u00abCon pesar doy a conocer que el Papa em\u00e9rito Benedicto XVI ha fallecido a las 9:34 horas en el Monasterio Mater Ecclesiae del Vaticano\u00bb, reza un escueto comunicado oficial del Vaticano, en seis idiomas<\/strong>.<\/p>\n<p>La preocupaci\u00f3n por el estado de salud del papa y te\u00f3logo alem\u00e1n surgi\u00f3 el mi\u00e9rcoles 28 de diciembre, cuando su sucesor, Francisco, reconoci\u00f3 que estaba \u00abmuy enfermo\u00bb y pidi\u00f3 \u00abuna oraci\u00f3n especial\u00bb a los fieles que asist\u00edan a su audiencia general.<\/p>\n<p><strong>Macron: Benedicto XVI trabaj\u00f3 \u00abpor un mundo m\u00e1s fraternal\u00bb<\/strong><br \/>\nEl presidente franc\u00e9s, Emmanuel Macron, envi\u00f3 un mensaje de condolencias a los cat\u00f3licos \u00abde Francia y del mundo\u00bb tras la muerte de Benedicto XVI, de quien destac\u00f3 que trabaj\u00f3 \u00abpor un mundo m\u00e1s fraternal\u00bb.<\/p>\n<p>\u00abMis pensamientos van con los cat\u00f3licos de Francia y del mundo, de luto por la partida de su santidad Benedicto XVI, quien trabaj\u00f3 con alma e inteligencia por un mundo m\u00e1s fraternal\u00bb, public\u00f3 Macron en su cuenta de Twitter poco despu\u00e9s de conocerse la noticia del fallecimiento.S\u00e1nchez recuerda a Benedicto XVI como \u00abgran te\u00f3logo entregado a los dem\u00e1s<\/p>\n<p>El presidente del Gobierno espa\u00f1ol, el socialista Pedro S\u00e1nchez, tambi\u00e9n record\u00f3 al papa Benedicto XVI como \u00abun gran te\u00f3logo\u00bb que estuvo \u00abentregado al servicio de los dem\u00e1s\u00bb.<br \/>\nS\u00e1nchez expres\u00f3 en Twitter sus \u00abm\u00e1s sentidas condolencias a la Iglesia Cat\u00f3lica\u00bb por la muerte, este s\u00e1bado, del papa em\u00e9rito.<\/p>\n<p><strong>Sunak recuerda la \u00abhist\u00f3rica\u00bb visita de Benedicto XVI al Reino Unido en 2010<\/strong><br \/>\nEl primer ministro brit\u00e1nico, el conservador Rishi Sunak, record\u00f3 al Papa Em\u00e9rito Benedicto XVI, fallecido a los 95 a\u00f1os, y resalt\u00f3 su \u00abhist\u00f3rica\u00bb visita al Reino Unido en 2010.<\/p>\n<p>Putin expresa sus condolencias al Vaticano por la muerte de Benedicto XVI<br \/>\nEl presidente de Rusia, Vlad\u00edmir Putin, expres\u00f3 asimismo sus condolencias al Vaticano por la muerte del papa em\u00e9rito Benedicto XVI, seg\u00fan inform\u00f3 el Kremlin.<\/p>\n<p>\u00abBenedicto XVI fue un destacado religioso y estadista, un firme defensor de los valores cristianos tradicionales\u00bb, asever\u00f3 el mandatario ruso en un telegrama enviado al Papa Francisco.<\/p><div class=\"ogjva69f14ad9986b5\" ><p style=\"text-align: center;\"><a href=\"https:\/\/t.me\/noticiasdigital58\" target=\"_blank\" rel=\"noopener\"><img class=\"aligncenter size-full wp-image-125363\" src=\"https:\/\/digital58.com.ve\/site\/wp-content\/uploads\/2021\/04\/banner-telegram-web-2021.png\" alt=\"\" width=\"600\" height=\"90\" \/><\/a><\/p><\/div><style type=\"text\/css\">\r\n@media screen and (min-width: 1201px) {\r\n.ogjva69f14ad9986b5 {\r\ndisplay: block;\r\n}\r\n}\r\n@media screen and (min-width: 993px) and (max-width: 1200px) {\r\n.ogjva69f14ad9986b5 {\r\ndisplay: block;\r\n}\r\n}\r\n@media screen and (min-width: 769px) and (max-width: 992px) {\r\n.ogjva69f14ad9986b5 {\r\ndisplay: block;\r\n}\r\n}\r\n@media screen and (min-width: 768px) and (max-width: 768px) {\r\n.ogjva69f14ad9986b5 {\r\ndisplay: block;\r\n}\r\n}\r\n@media screen and (max-width: 767px) {\r\n.ogjva69f14ad9986b5 {\r\ndisplay: block;\r\n}\r\n}\r\n<\/style>\r\n\n<p class=\"p1\"><b>Redacci\u00f3n ND58 | EFE<\/b><br \/>\n<b>Edici\u00f3n: \u00c1\u00f1ez, Caren\u00a0<\/b><br \/>\n<b>Gr\u00e1fica: Cortes\u00eda <\/b><\/p>\n<div style=\"margin-top: 0px; margin-bottom: 0px;\" class=\"sharethis-inline-share-buttons\" ><\/div>","protected":false},"excerpt":{"rendered":"<p>La Iglesia Cat\u00f3lica espa\u00f1ola llora este s\u00e1bado la muerte del papa em\u00e9rito Benedicto XVI, al que agradecen su entrega y<\/p>\n","protected":false},"author":39,"featured_media":161346,"comment_status":"open","ping_status":"closed","sticky":false,"template":"","format":"standard","meta":{"colormag_page_container_layout":"default_layout","colormag_page_sidebar_layout":"default_layout","_uag_custom_page_level_css":"","footnotes":""},"categories":[16451],"tags":[13184,11086,4414,15203,1692,8,30108,1034,19461,2716],"class_list":["post-161344","post","type-post","status-publish","format-standard","has-post-thumbnail","hentry","category-mundo","tag-benedicto-xvi","tag-ciudad-del-vaticano","tag-condolencias","tag-fallecido","tag-iglesia-catolica","tag-internacionales","tag-monasterio-mater-ecclesiae-del-vaticano","tag-mundo","tag-papa-emerito","tag-politica"],"yoast_head":"<!-- This site is optimized with the Yoast SEO plugin v27.5 - https:\/\/yoast.com\/product\/yoast-seo-wordpress\/ -->\n<title>La Iglesia llora muerte de Benedicto XVI, un gran intelectual para los pol\u00edticos<\/title>\n<meta name=\"robots\" content=\"index, follow, max-snippet:-1, max-image-preview:large, max-video-preview:-1\" \/>\n<link rel=\"canonical\" href=\"https:\/\/digital58.com.ve\/site\/2022\/12\/31\/la-iglesia-llora-muerte-de-benedicto-xvi-un-gran-intelectual-para-los-politicos\/\" \/>\n<meta property=\"og:locale\" content=\"es_ES\" \/>\n<meta property=\"og:type\" content=\"article\" \/>\n<meta property=\"og:title\" content=\"La Iglesia llora muerte de Benedicto XVI, un gran intelectual para los pol\u00edticos\" \/>\n<meta property=\"og:url\" content=\"https:\/\/digital58.com.ve\/site\/2022\/12\/31\/la-iglesia-llora-muerte-de-benedicto-xvi-un-gran-intelectual-para-los-politicos\/\" \/>\n<meta property=\"og:site_name\" content=\"Noticias Digital58\" \/>\n<meta property=\"article:published_time\" content=\"2022-12-31T15:16:41+00:00\" \/>\n<meta property=\"og:image\" content=\"https:\/\/i0.wp.com\/digital58.com.ve\/site\/wp-content\/uploads\/2022\/12\/benedicto-XVI-1.webp?fit=1024%2C764&ssl=1\" \/>\n\t<meta property=\"og:image:width\" content=\"1024\" \/>\n\t<meta property=\"og:image:height\" content=\"764\" \/>\n\t<meta property=\"og:image:type\" content=\"image\/webp\" \/>\n<meta name=\"author\" content=\"Caren A\u00f1ez\" \/>\n<meta name=\"twitter:card\" content=\"summary_large_image\" \/>\n<meta name=\"twitter:creator\" content=\"@carenanez\" \/>\n<meta name=\"twitter:site\" content=\"@villasmilhfoto\" \/>\n<meta name=\"twitter:label1\" content=\"Escrito por\" \/>\n\t<meta name=\"twitter:data1\" content=\"Caren A\u00f1ez\" \/>\n\t<meta name=\"twitter:label2\" content=\"Tiempo estimado de lectura\" \/>\n\t<meta name=\"twitter:data2\" content=\"6 minutos\" \/>\n<script type=\"application\/ld+json\" class=\"yoast-schema-graph\">{\"@context\":\"https:\\\/\\\/schema.org\",\"@graph\":[{\"@type\":\"Article\",\"@id\":\"https:\\\/\\\/digital58.com.ve\\\/site\\\/2022\\\/12\\\/31\\\/la-iglesia-llora-muerte-de-benedicto-xvi-un-gran-intelectual-para-los-politicos\\\/#article\",\"isPartOf\":{\"@id\":\"https:\\\/\\\/digital58.com.ve\\\/site\\\/2022\\\/12\\\/31\\\/la-iglesia-llora-muerte-de-benedicto-xvi-un-gran-intelectual-para-los-politicos\\\/\"},\"author\":{\"name\":\"Caren A\u00f1ez\",\"@id\":\"https:\\\/\\\/digital58.com.ve\\\/site\\\/#\\\/schema\\\/person\\\/38596b127602deaa13fbcd7585635238\"},\"headline\":\"La Iglesia llora muerte de Benedicto XVI, un gran intelectual para los pol\u00edticos\",\"datePublished\":\"2022-12-31T15:16:41+00:00\",\"mainEntityOfPage\":{\"@id\":\"https:\\\/\\\/digital58.com.ve\\\/site\\\/2022\\\/12\\\/31\\\/la-iglesia-llora-muerte-de-benedicto-xvi-un-gran-intelectual-para-los-politicos\\\/\"},\"wordCount\":1295,\"commentCount\":0,\"publisher\":{\"@id\":\"https:\\\/\\\/digital58.com.ve\\\/site\\\/#\\\/schema\\\/person\\\/64d1c2e4d0d4fd1b849980c4331c2951\"},\"image\":{\"@id\":\"https:\\\/\\\/digital58.com.ve\\\/site\\\/2022\\\/12\\\/31\\\/la-iglesia-llora-muerte-de-benedicto-xvi-un-gran-intelectual-para-los-politicos\\\/#primaryimage\"},\"thumbnailUrl\":\"https:\\\/\\\/digital58.com.ve\\\/site\\\/wp-content\\\/uploads\\\/2022\\\/12\\\/benedicto-XVI-1.webp\",\"keywords\":[\"Benedicto XVI\",\"Ciudad del Vaticano\",\"Condolencias\",\"Fallecido\",\"Iglesia Cat\u00f3lica\",\"Internacionales\",\"monasterio Mater Ecclesiae del Vaticano\",\"Mundo\",\"Papa Em\u00e9rito\",\"Pol\u00edtica\"],\"articleSection\":[\"Mundo\"],\"inLanguage\":\"es\",\"potentialAction\":[{\"@type\":\"CommentAction\",\"name\":\"Comment\",\"target\":[\"https:\\\/\\\/digital58.com.ve\\\/site\\\/2022\\\/12\\\/31\\\/la-iglesia-llora-muerte-de-benedicto-xvi-un-gran-intelectual-para-los-politicos\\\/#respond\"]}]},{\"@type\":\"WebPage\",\"@id\":\"https:\\\/\\\/digital58.com.ve\\\/site\\\/2022\\\/12\\\/31\\\/la-iglesia-llora-muerte-de-benedicto-xvi-un-gran-intelectual-para-los-politicos\\\/\",\"url\":\"https:\\\/\\\/digital58.com.ve\\\/site\\\/2022\\\/12\\\/31\\\/la-iglesia-llora-muerte-de-benedicto-xvi-un-gran-intelectual-para-los-politicos\\\/\",\"name\":\"La Iglesia llora muerte de Benedicto XVI, un gran intelectual para los pol\u00edticos\",\"isPartOf\":{\"@id\":\"https:\\\/\\\/digital58.com.ve\\\/site\\\/#website\"},\"primaryImageOfPage\":{\"@id\":\"https:\\\/\\\/digital58.com.ve\\\/site\\\/2022\\\/12\\\/31\\\/la-iglesia-llora-muerte-de-benedicto-xvi-un-gran-intelectual-para-los-politicos\\\/#primaryimage\"},\"image\":{\"@id\":\"https:\\\/\\\/digital58.com.ve\\\/site\\\/2022\\\/12\\\/31\\\/la-iglesia-llora-muerte-de-benedicto-xvi-un-gran-intelectual-para-los-politicos\\\/#primaryimage\"},\"thumbnailUrl\":\"https:\\\/\\\/digital58.com.ve\\\/site\\\/wp-content\\\/uploads\\\/2022\\\/12\\\/benedicto-XVI-1.webp\",\"datePublished\":\"2022-12-31T15:16:41+00:00\",\"breadcrumb\":{\"@id\":\"https:\\\/\\\/digital58.com.ve\\\/site\\\/2022\\\/12\\\/31\\\/la-iglesia-llora-muerte-de-benedicto-xvi-un-gran-intelectual-para-los-politicos\\\/#breadcrumb\"},\"inLanguage\":\"es\",\"potentialAction\":[{\"@type\":\"ReadAction\",\"target\":[\"https:\\\/\\\/digital58.com.ve\\\/site\\\/2022\\\/12\\\/31\\\/la-iglesia-llora-muerte-de-benedicto-xvi-un-gran-intelectual-para-los-politicos\\\/\"]}]},{\"@type\":\"ImageObject\",\"inLanguage\":\"es\",\"@id\":\"https:\\\/\\\/digital58.com.ve\\\/site\\\/2022\\\/12\\\/31\\\/la-iglesia-llora-muerte-de-benedicto-xvi-un-gran-intelectual-para-los-politicos\\\/#primaryimage\",\"url\":\"https:\\\/\\\/digital58.com.ve\\\/site\\\/wp-content\\\/uploads\\\/2022\\\/12\\\/benedicto-XVI-1.webp\",\"contentUrl\":\"https:\\\/\\\/digital58.com.ve\\\/site\\\/wp-content\\\/uploads\\\/2022\\\/12\\\/benedicto-XVI-1.webp\",\"width\":1024,\"height\":764},{\"@type\":\"BreadcrumbList\",\"@id\":\"https:\\\/\\\/digital58.com.ve\\\/site\\\/2022\\\/12\\\/31\\\/la-iglesia-llora-muerte-de-benedicto-xvi-un-gran-intelectual-para-los-politicos\\\/#breadcrumb\",\"itemListElement\":[{\"@type\":\"ListItem\",\"position\":1,\"name\":\"Home\",\"item\":\"https:\\\/\\\/digital58.com.ve\\\/site\\\/\"},{\"@type\":\"ListItem\",\"position\":2,\"name\":\"La Iglesia llora muerte de Benedicto XVI, un gran intelectual para los pol\u00edticos\"}]},{\"@type\":\"WebSite\",\"@id\":\"https:\\\/\\\/digital58.com.ve\\\/site\\\/#website\",\"url\":\"https:\\\/\\\/digital58.com.ve\\\/site\\\/\",\"name\":\"Noticias Digital58\",\"description\":\"Portal de Noticias \u00a1Periodismo web de verdad! Lanzamiento web 22.11.2005 \\\/ Maracaibo, Venezuela\",\"publisher\":{\"@id\":\"https:\\\/\\\/digital58.com.ve\\\/site\\\/#\\\/schema\\\/person\\\/64d1c2e4d0d4fd1b849980c4331c2951\"},\"alternateName\":\"ND58\",\"potentialAction\":[{\"@type\":\"SearchAction\",\"target\":{\"@type\":\"EntryPoint\",\"urlTemplate\":\"https:\\\/\\\/digital58.com.ve\\\/site\\\/?s={search_term_string}\"},\"query-input\":{\"@type\":\"PropertyValueSpecification\",\"valueRequired\":true,\"valueName\":\"search_term_string\"}}],\"inLanguage\":\"es\"},{\"@type\":[\"Person\",\"Organization\"],\"@id\":\"https:\\\/\\\/digital58.com.ve\\\/site\\\/#\\\/schema\\\/person\\\/64d1c2e4d0d4fd1b849980c4331c2951\",\"name\":\"Villasmil Henry\",\"image\":{\"@type\":\"ImageObject\",\"inLanguage\":\"es\",\"@id\":\"https:\\\/\\\/secure.gravatar.com\\\/avatar\\\/bb0c4a2fcb7970138239f7e404ea75757b1b507b28b5ce4c53fbd62d797c5a7c?s=96&d=mm&r=g\",\"url\":\"https:\\\/\\\/secure.gravatar.com\\\/avatar\\\/bb0c4a2fcb7970138239f7e404ea75757b1b507b28b5ce4c53fbd62d797c5a7c?s=96&d=mm&r=g\",\"contentUrl\":\"https:\\\/\\\/secure.gravatar.com\\\/avatar\\\/bb0c4a2fcb7970138239f7e404ea75757b1b507b28b5ce4c53fbd62d797c5a7c?s=96&d=mm&r=g\",\"caption\":\"Villasmil Henry\"},\"logo\":{\"@id\":\"https:\\\/\\\/secure.gravatar.com\\\/avatar\\\/bb0c4a2fcb7970138239f7e404ea75757b1b507b28b5ce4c53fbd62d797c5a7c?s=96&d=mm&r=g\"},\"sameAs\":[\"http:\\\/\\\/www.henryvillasmil.com.ve\",\"https:\\\/\\\/www.instagram.com\\\/villasmilhfoto\\\/\",\"https:\\\/\\\/x.com\\\/https:\\\/\\\/twitter.com\\\/villasmilhfoto\"]},{\"@type\":\"Person\",\"@id\":\"https:\\\/\\\/digital58.com.ve\\\/site\\\/#\\\/schema\\\/person\\\/38596b127602deaa13fbcd7585635238\",\"name\":\"Caren A\u00f1ez\",\"image\":{\"@type\":\"ImageObject\",\"inLanguage\":\"es\",\"@id\":\"https:\\\/\\\/secure.gravatar.com\\\/avatar\\\/53aadd693aa414991c9ff2f2b19c39be94d2c342463b80f5402d344911bc9782?s=96&d=mm&r=g\",\"url\":\"https:\\\/\\\/secure.gravatar.com\\\/avatar\\\/53aadd693aa414991c9ff2f2b19c39be94d2c342463b80f5402d344911bc9782?s=96&d=mm&r=g\",\"contentUrl\":\"https:\\\/\\\/secure.gravatar.com\\\/avatar\\\/53aadd693aa414991c9ff2f2b19c39be94d2c342463b80f5402d344911bc9782?s=96&d=mm&r=g\",\"caption\":\"Caren A\u00f1ez\"},\"description\":\"\ud83d\udc69\u200d\ud83c\udfa4Editora en @digital_58 \ud83d\udc69\ud83c\udffb\u200d\ud83c\udfebPeriodista musical y de entretenimiento. \ud83d\udcf8Fotografa \ud83d\udc69\ud83c\udffb\u200d\ud83d\udcbbMedia Management. \ud83d\udc69\u200d\ud83d\udc67\u200d\ud83d\udc67AspieMon 24\\\/7\",\"sameAs\":[\"https:\\\/\\\/www.instagram.com\\\/carenanez\\\/\",\"https:\\\/\\\/x.com\\\/carenanez\"],\"url\":\"https:\\\/\\\/digital58.com.ve\\\/site\\\/author\\\/carena21\\\/\"}]}<\/script>\n<!-- \/ Yoast SEO plugin. -->","yoast_head_json":{"title":"La Iglesia llora muerte de Benedicto XVI, un gran intelectual para los pol\u00edticos","robots":{"index":"index","follow":"follow","max-snippet":"max-snippet:-1","max-image-preview":"max-image-preview:large","max-video-preview":"max-video-preview:-1"},"canonical":"https:\/\/digital58.com.ve\/site\/2022\/12\/31\/la-iglesia-llora-muerte-de-benedicto-xvi-un-gran-intelectual-para-los-politicos\/","og_locale":"es_ES","og_type":"article","og_title":"La Iglesia llora muerte de Benedicto XVI, un gran intelectual para los pol\u00edticos","og_url":"https:\/\/digital58.com.ve\/site\/2022\/12\/31\/la-iglesia-llora-muerte-de-benedicto-xvi-un-gran-intelectual-para-los-politicos\/","og_site_name":"Noticias Digital58","article_published_time":"2022-12-31T15:16:41+00:00","og_image":[{"width":1024,"height":764,"url":"https:\/\/i0.wp.com\/digital58.com.ve\/site\/wp-content\/uploads\/2022\/12\/benedicto-XVI-1.webp?fit=1024%2C764&ssl=1","type":"image\/webp"}],"author":"Caren A\u00f1ez","twitter_card":"summary_large_image","twitter_creator":"@carenanez","twitter_site":"@villasmilhfoto","twitter_misc":{"Escrito por":"Caren A\u00f1ez","Tiempo estimado de lectura":"6 minutos"},"schema":{"@context":"https:\/\/schema.org","@graph":[{"@type":"Article","@id":"https:\/\/digital58.com.ve\/site\/2022\/12\/31\/la-iglesia-llora-muerte-de-benedicto-xvi-un-gran-intelectual-para-los-politicos\/#article","isPartOf":{"@id":"https:\/\/digital58.com.ve\/site\/2022\/12\/31\/la-iglesia-llora-muerte-de-benedicto-xvi-un-gran-intelectual-para-los-politicos\/"},"author":{"name":"Caren A\u00f1ez","@id":"https:\/\/digital58.com.ve\/site\/#\/schema\/person\/38596b127602deaa13fbcd7585635238"},"headline":"La Iglesia llora muerte de Benedicto XVI, un gran intelectual para los pol\u00edticos","datePublished":"2022-12-31T15:16:41+00:00","mainEntityOfPage":{"@id":"https:\/\/digital58.com.ve\/site\/2022\/12\/31\/la-iglesia-llora-muerte-de-benedicto-xvi-un-gran-intelectual-para-los-politicos\/"},"wordCount":1295,"commentCount":0,"publisher":{"@id":"https:\/\/digital58.com.ve\/site\/#\/schema\/person\/64d1c2e4d0d4fd1b849980c4331c2951"},"image":{"@id":"https:\/\/digital58.com.ve\/site\/2022\/12\/31\/la-iglesia-llora-muerte-de-benedicto-xvi-un-gran-intelectual-para-los-politicos\/#primaryimage"},"thumbnailUrl":"https:\/\/digital58.com.ve\/site\/wp-content\/uploads\/2022\/12\/benedicto-XVI-1.webp","keywords":["Benedicto XVI","Ciudad del Vaticano","Condolencias","Fallecido","Iglesia Cat\u00f3lica","Internacionales","monasterio Mater Ecclesiae del Vaticano","Mundo","Papa Em\u00e9rito","Pol\u00edtica"],"articleSection":["Mundo"],"inLanguage":"es","potentialAction":[{"@type":"CommentAction","name":"Comment","target":["https:\/\/digital58.com.ve\/site\/2022\/12\/31\/la-iglesia-llora-muerte-de-benedicto-xvi-un-gran-intelectual-para-los-politicos\/#respond"]}]},{"@type":"WebPage","@id":"https:\/\/digital58.com.ve\/site\/2022\/12\/31\/la-iglesia-llora-muerte-de-benedicto-xvi-un-gran-intelectual-para-los-politicos\/","url":"https:\/\/digital58.com.ve\/site\/2022\/12\/31\/la-iglesia-llora-muerte-de-benedicto-xvi-un-gran-intelectual-para-los-politicos\/","name":"La Iglesia llora muerte de Benedicto XVI, un gran intelectual para los pol\u00edticos","isPartOf":{"@id":"https:\/\/digital58.com.ve\/site\/#website"},"primaryImageOfPage":{"@id":"https:\/\/digital58.com.ve\/site\/2022\/12\/31\/la-iglesia-llora-muerte-de-benedicto-xvi-un-gran-intelectual-para-los-politicos\/#primaryimage"},"image":{"@id":"https:\/\/digital58.com.ve\/site\/2022\/12\/31\/la-iglesia-llora-muerte-de-benedicto-xvi-un-gran-intelectual-para-los-politicos\/#primaryimage"},"thumbnailUrl":"https:\/\/digital58.com.ve\/site\/wp-content\/uploads\/2022\/12\/benedicto-XVI-1.webp","datePublished":"2022-12-31T15:16:41+00:00","breadcrumb":{"@id":"https:\/\/digital58.com.ve\/site\/2022\/12\/31\/la-iglesia-llora-muerte-de-benedicto-xvi-un-gran-intelectual-para-los-politicos\/#breadcrumb"},"inLanguage":"es","potentialAction":[{"@type":"ReadAction","target":["https:\/\/digital58.com.ve\/site\/2022\/12\/31\/la-iglesia-llora-muerte-de-benedicto-xvi-un-gran-intelectual-para-los-politicos\/"]}]},{"@type":"ImageObject","inLanguage":"es","@id":"https:\/\/digital58.com.ve\/site\/2022\/12\/31\/la-iglesia-llora-muerte-de-benedicto-xvi-un-gran-intelectual-para-los-politicos\/#primaryimage","url":"https:\/\/digital58.com.ve\/site\/wp-content\/uploads\/2022\/12\/benedicto-XVI-1.webp","contentUrl":"https:\/\/digital58.com.ve\/site\/wp-content\/uploads\/2022\/12\/benedicto-XVI-1.webp","width":1024,"height":764},{"@type":"BreadcrumbList","@id":"https:\/\/digital58.com.ve\/site\/2022\/12\/31\/la-iglesia-llora-muerte-de-benedicto-xvi-un-gran-intelectual-para-los-politicos\/#breadcrumb","itemListElement":[{"@type":"ListItem","position":1,"name":"Home","item":"https:\/\/digital58.com.ve\/site\/"},{"@type":"ListItem","position":2,"name":"La Iglesia llora muerte de Benedicto XVI, un gran intelectual para los pol\u00edticos"}]},{"@type":"WebSite","@id":"https:\/\/digital58.com.ve\/site\/#website","url":"https:\/\/digital58.com.ve\/site\/","name":"Noticias Digital58","description":"Portal de Noticias \u00a1Periodismo web de verdad! Lanzamiento web 22.11.2005 \/ Maracaibo, Venezuela","publisher":{"@id":"https:\/\/digital58.com.ve\/site\/#\/schema\/person\/64d1c2e4d0d4fd1b849980c4331c2951"},"alternateName":"ND58","potentialAction":[{"@type":"SearchAction","target":{"@type":"EntryPoint","urlTemplate":"https:\/\/digital58.com.ve\/site\/?s={search_term_string}"},"query-input":{"@type":"PropertyValueSpecification","valueRequired":true,"valueName":"search_term_string"}}],"inLanguage":"es"},{"@type":["Person","Organization"],"@id":"https:\/\/digital58.com.ve\/site\/#\/schema\/person\/64d1c2e4d0d4fd1b849980c4331c2951","name":"Villasmil Henry","image":{"@type":"ImageObject","inLanguage":"es","@id":"https:\/\/secure.gravatar.com\/avatar\/bb0c4a2fcb7970138239f7e404ea75757b1b507b28b5ce4c53fbd62d797c5a7c?s=96&d=mm&r=g","url":"https:\/\/secure.gravatar.com\/avatar\/bb0c4a2fcb7970138239f7e404ea75757b1b507b28b5ce4c53fbd62d797c5a7c?s=96&d=mm&r=g","contentUrl":"https:\/\/secure.gravatar.com\/avatar\/bb0c4a2fcb7970138239f7e404ea75757b1b507b28b5ce4c53fbd62d797c5a7c?s=96&d=mm&r=g","caption":"Villasmil Henry"},"logo":{"@id":"https:\/\/secure.gravatar.com\/avatar\/bb0c4a2fcb7970138239f7e404ea75757b1b507b28b5ce4c53fbd62d797c5a7c?s=96&d=mm&r=g"},"sameAs":["http:\/\/www.henryvillasmil.com.ve","https:\/\/www.instagram.com\/villasmilhfoto\/","https:\/\/x.com\/https:\/\/twitter.com\/villasmilhfoto"]},{"@type":"Person","@id":"https:\/\/digital58.com.ve\/site\/#\/schema\/person\/38596b127602deaa13fbcd7585635238","name":"Caren A\u00f1ez","image":{"@type":"ImageObject","inLanguage":"es","@id":"https:\/\/secure.gravatar.com\/avatar\/53aadd693aa414991c9ff2f2b19c39be94d2c342463b80f5402d344911bc9782?s=96&d=mm&r=g","url":"https:\/\/secure.gravatar.com\/avatar\/53aadd693aa414991c9ff2f2b19c39be94d2c342463b80f5402d344911bc9782?s=96&d=mm&r=g","contentUrl":"https:\/\/secure.gravatar.com\/avatar\/53aadd693aa414991c9ff2f2b19c39be94d2c342463b80f5402d344911bc9782?s=96&d=mm&r=g","caption":"Caren A\u00f1ez"},"description":"\ud83d\udc69\u200d\ud83c\udfa4Editora en @digital_58 \ud83d\udc69\ud83c\udffb\u200d\ud83c\udfebPeriodista musical y de entretenimiento. \ud83d\udcf8Fotografa \ud83d\udc69\ud83c\udffb\u200d\ud83d\udcbbMedia Management. \ud83d\udc69\u200d\ud83d\udc67\u200d\ud83d\udc67AspieMon 24\/7","sameAs":["https:\/\/www.instagram.com\/carenanez\/","https:\/\/x.com\/carenanez"],"url":"https:\/\/digital58.com.ve\/site\/author\/carena21\/"}]}},"uagb_featured_image_src":{"full":["https:\/\/digital58.com.ve\/site\/wp-content\/uploads\/2022\/12\/benedicto-XVI-1.webp",1024,764,false],"thumbnail":["https:\/\/digital58.com.ve\/site\/wp-content\/uploads\/2022\/12\/benedicto-XVI-1-150x150.webp",150,150,true],"medium":["https:\/\/digital58.com.ve\/site\/wp-content\/uploads\/2022\/12\/benedicto-XVI-1-300x224.webp",300,224,true],"medium_large":["https:\/\/digital58.com.ve\/site\/wp-content\/uploads\/2022\/12\/benedicto-XVI-1-768x573.webp",768,573,true],"large":["https:\/\/digital58.com.ve\/site\/wp-content\/uploads\/2022\/12\/benedicto-XVI-1-1000x746.webp",800,597,true],"1536x1536":["https:\/\/digital58.com.ve\/site\/wp-content\/uploads\/2022\/12\/benedicto-XVI-1.webp",1024,764,false],"2048x2048":["https:\/\/digital58.com.ve\/site\/wp-content\/uploads\/2022\/12\/benedicto-XVI-1.webp",1024,764,false],"colormag-highlighted-post":["https:\/\/digital58.com.ve\/site\/wp-content\/uploads\/2022\/12\/benedicto-XVI-1-392x272.webp",392,272,true],"colormag-featured-post-medium":["https:\/\/digital58.com.ve\/site\/wp-content\/uploads\/2022\/12\/benedicto-XVI-1-390x205.webp",390,205,true],"colormag-featured-post-small":["https:\/\/digital58.com.ve\/site\/wp-content\/uploads\/2022\/12\/benedicto-XVI-1-130x90.webp",130,90,true],"colormag-featured-image":["https:\/\/digital58.com.ve\/site\/wp-content\/uploads\/2022\/12\/benedicto-XVI-1-800x445.webp",800,445,true],"colormag-default-news":["https:\/\/digital58.com.ve\/site\/wp-content\/uploads\/2022\/12\/benedicto-XVI-1.webp",150,112,false],"colormag-featured-image-large":["https:\/\/digital58.com.ve\/site\/wp-content\/uploads\/2022\/12\/benedicto-XVI-1.webp",804,600,false]},"uagb_author_info":{"display_name":"Caren A\u00f1ez","author_link":"https:\/\/digital58.com.ve\/site\/author\/carena21\/"},"uagb_comment_info":0,"uagb_excerpt":"La Iglesia Cat\u00f3lica espa\u00f1ola llora este s\u00e1bado la muerte del papa em\u00e9rito Benedicto XVI, al que agradecen su entrega y","_links":{"self":[{"href":"https:\/\/digital58.com.ve\/site\/wp-json\/wp\/v2\/posts\/161344","targetHints":{"allow":["GET"]}}],"collection":[{"href":"https:\/\/digital58.com.ve\/site\/wp-json\/wp\/v2\/posts"}],"about":[{"href":"https:\/\/digital58.com.ve\/site\/wp-json\/wp\/v2\/types\/post"}],"author":[{"embeddable":true,"href":"https:\/\/digital58.com.ve\/site\/wp-json\/wp\/v2\/users\/39"}],"replies":[{"embeddable":true,"href":"https:\/\/digital58.com.ve\/site\/wp-json\/wp\/v2\/comments?post=161344"}],"version-history":[{"count":0,"href":"https:\/\/digital58.com.ve\/site\/wp-json\/wp\/v2\/posts\/161344\/revisions"}],"wp:featuredmedia":[{"embeddable":true,"href":"https:\/\/digital58.com.ve\/site\/wp-json\/wp\/v2\/media\/161346"}],"wp:attachment":[{"href":"https:\/\/digital58.com.ve\/site\/wp-json\/wp\/v2\/media?parent=161344"}],"wp:term":[{"taxonomy":"category","embeddable":true,"href":"https:\/\/digital58.com.ve\/site\/wp-json\/wp\/v2\/categories?post=161344"},{"taxonomy":"post_tag","embeddable":true,"href":"https:\/\/digital58.com.ve\/site\/wp-json\/wp\/v2\/tags?post=161344"}],"curies":[{"name":"wp","href":"https:\/\/api.w.org\/{rel}","templated":true}]}}