{"id":161358,"date":"2022-12-31T12:58:21","date_gmt":"2022-12-31T16:58:21","guid":{"rendered":"https:\/\/digital58.com.ve\/site\/?p=161358"},"modified":"2022-12-31T12:58:21","modified_gmt":"2022-12-31T16:58:21","slug":"venezuela-oposicion-elimina-el-gobierno-interino-que-encabezaba-guaido","status":"publish","type":"post","link":"https:\/\/digital58.com.ve\/site\/2022\/12\/31\/venezuela-oposicion-elimina-el-gobierno-interino-que-encabezaba-guaido\/","title":{"rendered":"#Venezuela | Oposici\u00f3n elimina el \u00abGobierno interino\u00bb que encabezaba Guaid\u00f3"},"content":{"rendered":"<p><a href=\"https:\/\/digital58.com.ve\/site\/wp-content\/uploads\/2022\/12\/guaido.jpg\"><img loading=\"lazy\" decoding=\"async\" class=\"aligncenter size-full wp-image-161359\" src=\"https:\/\/digital58.com.ve\/site\/wp-content\/uploads\/2022\/12\/guaido.jpg\" alt=\"\" width=\"800\" height=\"533\" srcset=\"https:\/\/digital58.com.ve\/site\/wp-content\/uploads\/2022\/12\/guaido.jpg 800w, https:\/\/digital58.com.ve\/site\/wp-content\/uploads\/2022\/12\/guaido-300x200.jpg 300w, https:\/\/digital58.com.ve\/site\/wp-content\/uploads\/2022\/12\/guaido-768x512.jpg 768w\" sizes=\"auto, (max-width: 800px) 100vw, 800px\" \/><\/a><\/p>\n<p>Los exdiputados insurrectos propusieron y aprobaron mantener las juntas <em>ad hoc<\/em> que manejan temas de la estatal petrolera Pdvsa y el Banco Central en el extranjero.<\/p>\n<p><strong>Caracas, DC, Venezuela, 31 de diciembre de 2022 (ND58).-<\/strong> Un total de 72 exdiputados que respaldaron en 2019 la autoproclamaci\u00f3n de Juan Guaid\u00f3 como presidente encargado de Venezuela aprobaron este viernes la eliminaci\u00f3n del llamado \u00abGobierno interino\u00bb, una instancia que contaba con el reconocimiento de Estados Unidos y un peque\u00f1o grupo de pa\u00edses.<\/p>\n<p>Los exparlamentarios, reunidos de manera virtual, ratificaron esta decisi\u00f3n \u2014que ya hab\u00edan aprobado en una discusi\u00f3n que se llev\u00f3 a cabo la semana pasada\u2014, pese al rechazo de un peque\u00f1o grupo que defend\u00eda la continuidad del interinato.<\/p>\n<p>Asimismo, acordaron mantener activa la Asamblea Nacional (Parlamento) elegida en 2015 \u2014que no reconoce la legitimidad del Legislativo instalado en 2021, de contundente mayor\u00eda oficialista\u2014 \u00fanicamente para legislar en torno a la protecci\u00f3n de los recursos de Venezuela en el extranjero, que hasta ahora han sido controlados por el \u00abGobierno interino\u00bb.<\/p>\n<p>El planteamiento de Guaid\u00f3, que era preservar el interinato, fue respaldado por 23 exdiputados que calificaron la eliminaci\u00f3n de esta figura como un \u00abmagnicidio jur\u00eddico\u00bb.<\/p>\n<p>Ocho opositores, algunos independientes y otros de los partidos Encuentro Ciudadano y Proyecto Venezuela, se abstuvieron en la votaci\u00f3n al cuestionar la legalidad constitucional de la propuesta presentada por las formaciones Acci\u00f3n Democr\u00e1tica, Primero Justicia y Un Nuevo Tiempo.<\/p>\n<p>Antes de la votaci\u00f3n, Guaid\u00f3 advirti\u00f3 que eliminar el interinato representa un \u00absalto al vac\u00edo\u00bb, por lo que pidi\u00f3 a los integrantes de estos cuatro partidos defender la \u00abinstitucionalidad\u00bb de la lucha opositora representada en la figura del \u00abGobierno interino\u00bb por encima de \u00abnombres e intereses personales\u00bb.<\/p>\n<p>El exdiputado y miembro de Primero Justicia Juan Miguel Matheus indic\u00f3 que se requieren nuevas estrategias pol\u00edticas para poder derrotar al Gobierno de Nicol\u00e1s Maduro en unas elecciones presidenciales, previstas para 2024.<\/p>\n<p>Por su parte, el exparlamentario Freddy Guevara, dirigente de Voluntad Popular, afirm\u00f3 que eliminar la \u00abpresidencia interina\u00bb es un \u00aberror\u00bb que podr\u00e1 ser cobrado a quienes apoyaron esta decisi\u00f3n.<\/p>\n<p>El llamado Gobierno interino, sin poder real dentro de Venezuela, contaba con el reconocimiento de Estados Unidos y un peque\u00f1o grupo de pa\u00edses, lo que le permiti\u00f3 controlar algunos recursos p\u00fablicos en el exterior.<\/p>\n<p><strong>Redacci\u00f3n ND58 | Fuente:\u00a0 EFE<\/strong><br \/>\n<strong>Edici\u00f3n: Villasmil, Henry<\/strong><br \/>\n<strong>Gr\u00e1fica: Archivo<\/strong><\/p>\n<p>&nbsp;<\/p>\n<p>&nbsp;<\/p><div class=\"hbyuj69f4e09cc345d\" ><p style=\"text-align: center;\"><a href=\"https:\/\/t.me\/noticiasdigital58\" target=\"_blank\" rel=\"noopener\"><img class=\"aligncenter size-full wp-image-125363\" src=\"https:\/\/digital58.com.ve\/site\/wp-content\/uploads\/2021\/04\/banner-telegram-web-2021.png\" alt=\"\" width=\"600\" height=\"90\" \/><\/a><\/p><\/div><style type=\"text\/css\">\r\n@media screen and (min-width: 1201px) {\r\n.hbyuj69f4e09cc345d {\r\ndisplay: block;\r\n}\r\n}\r\n@media screen and (min-width: 993px) and (max-width: 1200px) {\r\n.hbyuj69f4e09cc345d {\r\ndisplay: block;\r\n}\r\n}\r\n@media screen and (min-width: 769px) and (max-width: 992px) {\r\n.hbyuj69f4e09cc345d {\r\ndisplay: block;\r\n}\r\n}\r\n@media screen and (min-width: 768px) and (max-width: 768px) {\r\n.hbyuj69f4e09cc345d {\r\ndisplay: block;\r\n}\r\n}\r\n@media screen and (max-width: 767px) {\r\n.hbyuj69f4e09cc345d {\r\ndisplay: block;\r\n}\r\n}\r\n<\/style>\r\n\n<p>&nbsp;<\/p>\n<div style=\"margin-top: 0px; margin-bottom: 0px;\" class=\"sharethis-inline-share-buttons\" ><\/div>","protected":false},"excerpt":{"rendered":"<p>Los exdiputados insurrectos propusieron y aprobaron mantener las juntas ad hoc que manejan temas de la estatal petrolera Pdvsa y<\/p>\n","protected":false},"author":1,"featured_media":161359,"comment_status":"open","ping_status":"closed","sticky":false,"template":"","format":"standard","meta":{"colormag_page_container_layout":"default_layout","colormag_page_sidebar_layout":"default_layout","_uag_custom_page_level_css":"","footnotes":""},"categories":[16454],"tags":[4384,30119,30054,11949,233,8605,24371],"class_list":["post-161358","post","type-post","status-publish","format-standard","has-post-thumbnail","hentry","category-venezuela","tag-asamblea-nacional","tag-exdiputados","tag-gobierno-interino","tag-juan-guaido","tag-nacionales","tag-oposicion-venezolana","tag-politica-venezolana"],"yoast_head":"<!-- This site is optimized with the Yoast SEO plugin v27.5 - https:\/\/yoast.com\/product\/yoast-seo-wordpress\/ -->\n<title>#Venezuela | Oposici\u00f3n elimina el \u00abGobierno interino\u00bb que encabezaba Guaid\u00f3<\/title>\n<meta name=\"robots\" content=\"index, follow, max-snippet:-1, max-image-preview:large, max-video-preview:-1\" \/>\n<link rel=\"canonical\" href=\"https:\/\/digital58.com.ve\/site\/2022\/12\/31\/venezuela-oposicion-elimina-el-gobierno-interino-que-encabezaba-guaido\/\" \/>\n<meta property=\"og:locale\" content=\"es_ES\" \/>\n<meta property=\"og:type\" content=\"article\" \/>\n<meta property=\"og:title\" content=\"#Venezuela | Oposici\u00f3n elimina el \u00abGobierno interino\u00bb que encabezaba Guaid\u00f3\" \/>\n<meta property=\"og:url\" content=\"https:\/\/digital58.com.ve\/site\/2022\/12\/31\/venezuela-oposicion-elimina-el-gobierno-interino-que-encabezaba-guaido\/\" \/>\n<meta property=\"og:site_name\" content=\"Noticias Digital58\" \/>\n<meta property=\"article:published_time\" content=\"2022-12-31T16:58:21+00:00\" \/>\n<meta property=\"og:image\" content=\"https:\/\/i0.wp.com\/digital58.com.ve\/site\/wp-content\/uploads\/2022\/12\/guaido.jpg?fit=800%2C533&ssl=1\" \/>\n\t<meta property=\"og:image:width\" content=\"800\" \/>\n\t<meta property=\"og:image:height\" content=\"533\" \/>\n\t<meta property=\"og:image:type\" content=\"image\/jpeg\" \/>\n<meta name=\"author\" content=\"Villasmil Henry\" \/>\n<meta name=\"twitter:card\" content=\"summary_large_image\" \/>\n<meta name=\"twitter:creator\" content=\"@https:\/\/twitter.com\/villasmilhfoto\" \/>\n<meta name=\"twitter:site\" content=\"@villasmilhfoto\" \/>\n<meta name=\"twitter:label1\" content=\"Escrito por\" \/>\n\t<meta name=\"twitter:data1\" content=\"Villasmil Henry\" \/>\n\t<meta name=\"twitter:label2\" content=\"Tiempo estimado de lectura\" \/>\n\t<meta name=\"twitter:data2\" content=\"2 minutos\" \/>\n<script type=\"application\/ld+json\" class=\"yoast-schema-graph\">{\"@context\":\"https:\\\/\\\/schema.org\",\"@graph\":[{\"@type\":\"Article\",\"@id\":\"https:\\\/\\\/digital58.com.ve\\\/site\\\/2022\\\/12\\\/31\\\/venezuela-oposicion-elimina-el-gobierno-interino-que-encabezaba-guaido\\\/#article\",\"isPartOf\":{\"@id\":\"https:\\\/\\\/digital58.com.ve\\\/site\\\/2022\\\/12\\\/31\\\/venezuela-oposicion-elimina-el-gobierno-interino-que-encabezaba-guaido\\\/\"},\"author\":{\"name\":\"Villasmil Henry\",\"@id\":\"https:\\\/\\\/digital58.com.ve\\\/site\\\/#\\\/schema\\\/person\\\/64d1c2e4d0d4fd1b849980c4331c2951\"},\"headline\":\"#Venezuela | Oposici\u00f3n elimina el \u00abGobierno interino\u00bb que encabezaba Guaid\u00f3\",\"datePublished\":\"2022-12-31T16:58:21+00:00\",\"mainEntityOfPage\":{\"@id\":\"https:\\\/\\\/digital58.com.ve\\\/site\\\/2022\\\/12\\\/31\\\/venezuela-oposicion-elimina-el-gobierno-interino-que-encabezaba-guaido\\\/\"},\"wordCount\":415,\"commentCount\":0,\"publisher\":{\"@id\":\"https:\\\/\\\/digital58.com.ve\\\/site\\\/#\\\/schema\\\/person\\\/64d1c2e4d0d4fd1b849980c4331c2951\"},\"image\":{\"@id\":\"https:\\\/\\\/digital58.com.ve\\\/site\\\/2022\\\/12\\\/31\\\/venezuela-oposicion-elimina-el-gobierno-interino-que-encabezaba-guaido\\\/#primaryimage\"},\"thumbnailUrl\":\"https:\\\/\\\/digital58.com.ve\\\/site\\\/wp-content\\\/uploads\\\/2022\\\/12\\\/guaido.jpg\",\"keywords\":[\"Asamblea Nacional\",\"Exdiputados\",\"Gobierno interino\",\"Juan Guaid\u00f3\",\"Nacionales\",\"Oposici\u00f3n Venezolana\",\"Pol\u00edtica Venezolana\"],\"articleSection\":[\"Venezuela\"],\"inLanguage\":\"es\",\"potentialAction\":[{\"@type\":\"CommentAction\",\"name\":\"Comment\",\"target\":[\"https:\\\/\\\/digital58.com.ve\\\/site\\\/2022\\\/12\\\/31\\\/venezuela-oposicion-elimina-el-gobierno-interino-que-encabezaba-guaido\\\/#respond\"]}]},{\"@type\":\"WebPage\",\"@id\":\"https:\\\/\\\/digital58.com.ve\\\/site\\\/2022\\\/12\\\/31\\\/venezuela-oposicion-elimina-el-gobierno-interino-que-encabezaba-guaido\\\/\",\"url\":\"https:\\\/\\\/digital58.com.ve\\\/site\\\/2022\\\/12\\\/31\\\/venezuela-oposicion-elimina-el-gobierno-interino-que-encabezaba-guaido\\\/\",\"name\":\"#Venezuela | Oposici\u00f3n elimina el \u00abGobierno interino\u00bb que encabezaba Guaid\u00f3\",\"isPartOf\":{\"@id\":\"https:\\\/\\\/digital58.com.ve\\\/site\\\/#website\"},\"primaryImageOfPage\":{\"@id\":\"https:\\\/\\\/digital58.com.ve\\\/site\\\/2022\\\/12\\\/31\\\/venezuela-oposicion-elimina-el-gobierno-interino-que-encabezaba-guaido\\\/#primaryimage\"},\"image\":{\"@id\":\"https:\\\/\\\/digital58.com.ve\\\/site\\\/2022\\\/12\\\/31\\\/venezuela-oposicion-elimina-el-gobierno-interino-que-encabezaba-guaido\\\/#primaryimage\"},\"thumbnailUrl\":\"https:\\\/\\\/digital58.com.ve\\\/site\\\/wp-content\\\/uploads\\\/2022\\\/12\\\/guaido.jpg\",\"datePublished\":\"2022-12-31T16:58:21+00:00\",\"breadcrumb\":{\"@id\":\"https:\\\/\\\/digital58.com.ve\\\/site\\\/2022\\\/12\\\/31\\\/venezuela-oposicion-elimina-el-gobierno-interino-que-encabezaba-guaido\\\/#breadcrumb\"},\"inLanguage\":\"es\",\"potentialAction\":[{\"@type\":\"ReadAction\",\"target\":[\"https:\\\/\\\/digital58.com.ve\\\/site\\\/2022\\\/12\\\/31\\\/venezuela-oposicion-elimina-el-gobierno-interino-que-encabezaba-guaido\\\/\"]}]},{\"@type\":\"ImageObject\",\"inLanguage\":\"es\",\"@id\":\"https:\\\/\\\/digital58.com.ve\\\/site\\\/2022\\\/12\\\/31\\\/venezuela-oposicion-elimina-el-gobierno-interino-que-encabezaba-guaido\\\/#primaryimage\",\"url\":\"https:\\\/\\\/digital58.com.ve\\\/site\\\/wp-content\\\/uploads\\\/2022\\\/12\\\/guaido.jpg\",\"contentUrl\":\"https:\\\/\\\/digital58.com.ve\\\/site\\\/wp-content\\\/uploads\\\/2022\\\/12\\\/guaido.jpg\",\"width\":800,\"height\":533},{\"@type\":\"BreadcrumbList\",\"@id\":\"https:\\\/\\\/digital58.com.ve\\\/site\\\/2022\\\/12\\\/31\\\/venezuela-oposicion-elimina-el-gobierno-interino-que-encabezaba-guaido\\\/#breadcrumb\",\"itemListElement\":[{\"@type\":\"ListItem\",\"position\":1,\"name\":\"Home\",\"item\":\"https:\\\/\\\/digital58.com.ve\\\/site\\\/\"},{\"@type\":\"ListItem\",\"position\":2,\"name\":\"#Venezuela | Oposici\u00f3n elimina el \u00abGobierno interino\u00bb que encabezaba Guaid\u00f3\"}]},{\"@type\":\"WebSite\",\"@id\":\"https:\\\/\\\/digital58.com.ve\\\/site\\\/#website\",\"url\":\"https:\\\/\\\/digital58.com.ve\\\/site\\\/\",\"name\":\"Noticias Digital58\",\"description\":\"Portal de Noticias \u00a1Periodismo web de verdad! Lanzamiento web 22.11.2005 \\\/ Maracaibo, Venezuela\",\"publisher\":{\"@id\":\"https:\\\/\\\/digital58.com.ve\\\/site\\\/#\\\/schema\\\/person\\\/64d1c2e4d0d4fd1b849980c4331c2951\"},\"alternateName\":\"ND58\",\"potentialAction\":[{\"@type\":\"SearchAction\",\"target\":{\"@type\":\"EntryPoint\",\"urlTemplate\":\"https:\\\/\\\/digital58.com.ve\\\/site\\\/?s={search_term_string}\"},\"query-input\":{\"@type\":\"PropertyValueSpecification\",\"valueRequired\":true,\"valueName\":\"search_term_string\"}}],\"inLanguage\":\"es\"},{\"@type\":[\"Person\",\"Organization\"],\"@id\":\"https:\\\/\\\/digital58.com.ve\\\/site\\\/#\\\/schema\\\/person\\\/64d1c2e4d0d4fd1b849980c4331c2951\",\"name\":\"Villasmil Henry\",\"image\":{\"@type\":\"ImageObject\",\"inLanguage\":\"es\",\"@id\":\"https:\\\/\\\/secure.gravatar.com\\\/avatar\\\/bb0c4a2fcb7970138239f7e404ea75757b1b507b28b5ce4c53fbd62d797c5a7c?s=96&d=mm&r=g\",\"url\":\"https:\\\/\\\/secure.gravatar.com\\\/avatar\\\/bb0c4a2fcb7970138239f7e404ea75757b1b507b28b5ce4c53fbd62d797c5a7c?s=96&d=mm&r=g\",\"contentUrl\":\"https:\\\/\\\/secure.gravatar.com\\\/avatar\\\/bb0c4a2fcb7970138239f7e404ea75757b1b507b28b5ce4c53fbd62d797c5a7c?s=96&d=mm&r=g\",\"caption\":\"Villasmil Henry\"},\"logo\":{\"@id\":\"https:\\\/\\\/secure.gravatar.com\\\/avatar\\\/bb0c4a2fcb7970138239f7e404ea75757b1b507b28b5ce4c53fbd62d797c5a7c?s=96&d=mm&r=g\"},\"sameAs\":[\"http:\\\/\\\/www.henryvillasmil.com.ve\",\"https:\\\/\\\/www.instagram.com\\\/villasmilhfoto\\\/\",\"https:\\\/\\\/x.com\\\/https:\\\/\\\/twitter.com\\\/villasmilhfoto\"],\"url\":\"https:\\\/\\\/digital58.com.ve\\\/site\\\/author\\\/droopy_68\\\/\"}]}<\/script>\n<!-- \/ Yoast SEO plugin. -->","yoast_head_json":{"title":"#Venezuela | Oposici\u00f3n elimina el \u00abGobierno interino\u00bb que encabezaba Guaid\u00f3","robots":{"index":"index","follow":"follow","max-snippet":"max-snippet:-1","max-image-preview":"max-image-preview:large","max-video-preview":"max-video-preview:-1"},"canonical":"https:\/\/digital58.com.ve\/site\/2022\/12\/31\/venezuela-oposicion-elimina-el-gobierno-interino-que-encabezaba-guaido\/","og_locale":"es_ES","og_type":"article","og_title":"#Venezuela | Oposici\u00f3n elimina el \u00abGobierno interino\u00bb que encabezaba Guaid\u00f3","og_url":"https:\/\/digital58.com.ve\/site\/2022\/12\/31\/venezuela-oposicion-elimina-el-gobierno-interino-que-encabezaba-guaido\/","og_site_name":"Noticias Digital58","article_published_time":"2022-12-31T16:58:21+00:00","og_image":[{"width":800,"height":533,"url":"https:\/\/i0.wp.com\/digital58.com.ve\/site\/wp-content\/uploads\/2022\/12\/guaido.jpg?fit=800%2C533&ssl=1","type":"image\/jpeg"}],"author":"Villasmil Henry","twitter_card":"summary_large_image","twitter_creator":"@https:\/\/twitter.com\/villasmilhfoto","twitter_site":"@villasmilhfoto","twitter_misc":{"Escrito por":"Villasmil Henry","Tiempo estimado de lectura":"2 minutos"},"schema":{"@context":"https:\/\/schema.org","@graph":[{"@type":"Article","@id":"https:\/\/digital58.com.ve\/site\/2022\/12\/31\/venezuela-oposicion-elimina-el-gobierno-interino-que-encabezaba-guaido\/#article","isPartOf":{"@id":"https:\/\/digital58.com.ve\/site\/2022\/12\/31\/venezuela-oposicion-elimina-el-gobierno-interino-que-encabezaba-guaido\/"},"author":{"name":"Villasmil Henry","@id":"https:\/\/digital58.com.ve\/site\/#\/schema\/person\/64d1c2e4d0d4fd1b849980c4331c2951"},"headline":"#Venezuela | Oposici\u00f3n elimina el \u00abGobierno interino\u00bb que encabezaba Guaid\u00f3","datePublished":"2022-12-31T16:58:21+00:00","mainEntityOfPage":{"@id":"https:\/\/digital58.com.ve\/site\/2022\/12\/31\/venezuela-oposicion-elimina-el-gobierno-interino-que-encabezaba-guaido\/"},"wordCount":415,"commentCount":0,"publisher":{"@id":"https:\/\/digital58.com.ve\/site\/#\/schema\/person\/64d1c2e4d0d4fd1b849980c4331c2951"},"image":{"@id":"https:\/\/digital58.com.ve\/site\/2022\/12\/31\/venezuela-oposicion-elimina-el-gobierno-interino-que-encabezaba-guaido\/#primaryimage"},"thumbnailUrl":"https:\/\/digital58.com.ve\/site\/wp-content\/uploads\/2022\/12\/guaido.jpg","keywords":["Asamblea Nacional","Exdiputados","Gobierno interino","Juan Guaid\u00f3","Nacionales","Oposici\u00f3n Venezolana","Pol\u00edtica Venezolana"],"articleSection":["Venezuela"],"inLanguage":"es","potentialAction":[{"@type":"CommentAction","name":"Comment","target":["https:\/\/digital58.com.ve\/site\/2022\/12\/31\/venezuela-oposicion-elimina-el-gobierno-interino-que-encabezaba-guaido\/#respond"]}]},{"@type":"WebPage","@id":"https:\/\/digital58.com.ve\/site\/2022\/12\/31\/venezuela-oposicion-elimina-el-gobierno-interino-que-encabezaba-guaido\/","url":"https:\/\/digital58.com.ve\/site\/2022\/12\/31\/venezuela-oposicion-elimina-el-gobierno-interino-que-encabezaba-guaido\/","name":"#Venezuela | Oposici\u00f3n elimina el \u00abGobierno interino\u00bb que encabezaba Guaid\u00f3","isPartOf":{"@id":"https:\/\/digital58.com.ve\/site\/#website"},"primaryImageOfPage":{"@id":"https:\/\/digital58.com.ve\/site\/2022\/12\/31\/venezuela-oposicion-elimina-el-gobierno-interino-que-encabezaba-guaido\/#primaryimage"},"image":{"@id":"https:\/\/digital58.com.ve\/site\/2022\/12\/31\/venezuela-oposicion-elimina-el-gobierno-interino-que-encabezaba-guaido\/#primaryimage"},"thumbnailUrl":"https:\/\/digital58.com.ve\/site\/wp-content\/uploads\/2022\/12\/guaido.jpg","datePublished":"2022-12-31T16:58:21+00:00","breadcrumb":{"@id":"https:\/\/digital58.com.ve\/site\/2022\/12\/31\/venezuela-oposicion-elimina-el-gobierno-interino-que-encabezaba-guaido\/#breadcrumb"},"inLanguage":"es","potentialAction":[{"@type":"ReadAction","target":["https:\/\/digital58.com.ve\/site\/2022\/12\/31\/venezuela-oposicion-elimina-el-gobierno-interino-que-encabezaba-guaido\/"]}]},{"@type":"ImageObject","inLanguage":"es","@id":"https:\/\/digital58.com.ve\/site\/2022\/12\/31\/venezuela-oposicion-elimina-el-gobierno-interino-que-encabezaba-guaido\/#primaryimage","url":"https:\/\/digital58.com.ve\/site\/wp-content\/uploads\/2022\/12\/guaido.jpg","contentUrl":"https:\/\/digital58.com.ve\/site\/wp-content\/uploads\/2022\/12\/guaido.jpg","width":800,"height":533},{"@type":"BreadcrumbList","@id":"https:\/\/digital58.com.ve\/site\/2022\/12\/31\/venezuela-oposicion-elimina-el-gobierno-interino-que-encabezaba-guaido\/#breadcrumb","itemListElement":[{"@type":"ListItem","position":1,"name":"Home","item":"https:\/\/digital58.com.ve\/site\/"},{"@type":"ListItem","position":2,"name":"#Venezuela | Oposici\u00f3n elimina el \u00abGobierno interino\u00bb que encabezaba Guaid\u00f3"}]},{"@type":"WebSite","@id":"https:\/\/digital58.com.ve\/site\/#website","url":"https:\/\/digital58.com.ve\/site\/","name":"Noticias Digital58","description":"Portal de Noticias \u00a1Periodismo web de verdad! Lanzamiento web 22.11.2005 \/ Maracaibo, Venezuela","publisher":{"@id":"https:\/\/digital58.com.ve\/site\/#\/schema\/person\/64d1c2e4d0d4fd1b849980c4331c2951"},"alternateName":"ND58","potentialAction":[{"@type":"SearchAction","target":{"@type":"EntryPoint","urlTemplate":"https:\/\/digital58.com.ve\/site\/?s={search_term_string}"},"query-input":{"@type":"PropertyValueSpecification","valueRequired":true,"valueName":"search_term_string"}}],"inLanguage":"es"},{"@type":["Person","Organization"],"@id":"https:\/\/digital58.com.ve\/site\/#\/schema\/person\/64d1c2e4d0d4fd1b849980c4331c2951","name":"Villasmil Henry","image":{"@type":"ImageObject","inLanguage":"es","@id":"https:\/\/secure.gravatar.com\/avatar\/bb0c4a2fcb7970138239f7e404ea75757b1b507b28b5ce4c53fbd62d797c5a7c?s=96&d=mm&r=g","url":"https:\/\/secure.gravatar.com\/avatar\/bb0c4a2fcb7970138239f7e404ea75757b1b507b28b5ce4c53fbd62d797c5a7c?s=96&d=mm&r=g","contentUrl":"https:\/\/secure.gravatar.com\/avatar\/bb0c4a2fcb7970138239f7e404ea75757b1b507b28b5ce4c53fbd62d797c5a7c?s=96&d=mm&r=g","caption":"Villasmil Henry"},"logo":{"@id":"https:\/\/secure.gravatar.com\/avatar\/bb0c4a2fcb7970138239f7e404ea75757b1b507b28b5ce4c53fbd62d797c5a7c?s=96&d=mm&r=g"},"sameAs":["http:\/\/www.henryvillasmil.com.ve","https:\/\/www.instagram.com\/villasmilhfoto\/","https:\/\/x.com\/https:\/\/twitter.com\/villasmilhfoto"],"url":"https:\/\/digital58.com.ve\/site\/author\/droopy_68\/"}]}},"uagb_featured_image_src":{"full":["https:\/\/digital58.com.ve\/site\/wp-content\/uploads\/2022\/12\/guaido.jpg",800,533,false],"thumbnail":["https:\/\/digital58.com.ve\/site\/wp-content\/uploads\/2022\/12\/guaido-150x150.jpg",150,150,true],"medium":["https:\/\/digital58.com.ve\/site\/wp-content\/uploads\/2022\/12\/guaido-300x200.jpg",300,200,true],"medium_large":["https:\/\/digital58.com.ve\/site\/wp-content\/uploads\/2022\/12\/guaido-768x512.jpg",768,512,true],"large":["https:\/\/digital58.com.ve\/site\/wp-content\/uploads\/2022\/12\/guaido.jpg",800,533,false],"1536x1536":["https:\/\/digital58.com.ve\/site\/wp-content\/uploads\/2022\/12\/guaido.jpg",800,533,false],"2048x2048":["https:\/\/digital58.com.ve\/site\/wp-content\/uploads\/2022\/12\/guaido.jpg",800,533,false],"colormag-highlighted-post":["https:\/\/digital58.com.ve\/site\/wp-content\/uploads\/2022\/12\/guaido-392x272.jpg",392,272,true],"colormag-featured-post-medium":["https:\/\/digital58.com.ve\/site\/wp-content\/uploads\/2022\/12\/guaido-390x205.jpg",390,205,true],"colormag-featured-post-small":["https:\/\/digital58.com.ve\/site\/wp-content\/uploads\/2022\/12\/guaido-130x90.jpg",130,90,true],"colormag-featured-image":["https:\/\/digital58.com.ve\/site\/wp-content\/uploads\/2022\/12\/guaido-800x445.jpg",800,445,true],"colormag-default-news":["https:\/\/digital58.com.ve\/site\/wp-content\/uploads\/2022\/12\/guaido.jpg",150,100,false],"colormag-featured-image-large":["https:\/\/digital58.com.ve\/site\/wp-content\/uploads\/2022\/12\/guaido.jpg",800,533,false]},"uagb_author_info":{"display_name":"Villasmil Henry","author_link":"https:\/\/digital58.com.ve\/site\/author\/droopy_68\/"},"uagb_comment_info":0,"uagb_excerpt":"Los exdiputados insurrectos propusieron y aprobaron mantener las juntas ad hoc que manejan temas de la estatal petrolera Pdvsa y","_links":{"self":[{"href":"https:\/\/digital58.com.ve\/site\/wp-json\/wp\/v2\/posts\/161358","targetHints":{"allow":["GET"]}}],"collection":[{"href":"https:\/\/digital58.com.ve\/site\/wp-json\/wp\/v2\/posts"}],"about":[{"href":"https:\/\/digital58.com.ve\/site\/wp-json\/wp\/v2\/types\/post"}],"author":[{"embeddable":true,"href":"https:\/\/digital58.com.ve\/site\/wp-json\/wp\/v2\/users\/1"}],"replies":[{"embeddable":true,"href":"https:\/\/digital58.com.ve\/site\/wp-json\/wp\/v2\/comments?post=161358"}],"version-history":[{"count":0,"href":"https:\/\/digital58.com.ve\/site\/wp-json\/wp\/v2\/posts\/161358\/revisions"}],"wp:featuredmedia":[{"embeddable":true,"href":"https:\/\/digital58.com.ve\/site\/wp-json\/wp\/v2\/media\/161359"}],"wp:attachment":[{"href":"https:\/\/digital58.com.ve\/site\/wp-json\/wp\/v2\/media?parent=161358"}],"wp:term":[{"taxonomy":"category","embeddable":true,"href":"https:\/\/digital58.com.ve\/site\/wp-json\/wp\/v2\/categories?post=161358"},{"taxonomy":"post_tag","embeddable":true,"href":"https:\/\/digital58.com.ve\/site\/wp-json\/wp\/v2\/tags?post=161358"}],"curies":[{"name":"wp","href":"https:\/\/api.w.org\/{rel}","templated":true}]}}