{"id":161390,"date":"2022-12-31T19:58:17","date_gmt":"2022-12-31T23:58:17","guid":{"rendered":"https:\/\/digital58.com.ve\/site\/?p=161390"},"modified":"2022-12-31T19:58:17","modified_gmt":"2022-12-31T23:58:17","slug":"espana-recibe-2023-con-un-diseno-que-da-visibilidad-a-los-refugiados","status":"publish","type":"post","link":"https:\/\/digital58.com.ve\/site\/2022\/12\/31\/espana-recibe-2023-con-un-diseno-que-da-visibilidad-a-los-refugiados\/","title":{"rendered":"Espa\u00f1a recibe 2023 con un dise\u00f1o que da visibilidad a los refugiados"},"content":{"rendered":"<p><a href=\"https:\/\/digital58.com.ve\/site\/wp-content\/uploads\/2022\/12\/refugiados-espana.jpg\"><img loading=\"lazy\" decoding=\"async\" class=\"aligncenter size-full wp-image-161391\" src=\"https:\/\/digital58.com.ve\/site\/wp-content\/uploads\/2022\/12\/refugiados-espana.jpg\" alt=\"\" width=\"800\" height=\"513\" srcset=\"https:\/\/digital58.com.ve\/site\/wp-content\/uploads\/2022\/12\/refugiados-espana.jpg 800w, https:\/\/digital58.com.ve\/site\/wp-content\/uploads\/2022\/12\/refugiados-espana-300x192.jpg 300w, https:\/\/digital58.com.ve\/site\/wp-content\/uploads\/2022\/12\/refugiados-espana-768x492.jpg 768w\" sizes=\"auto, (max-width: 800px) 100vw, 800px\" \/><\/a><\/p>\n<p>Cristina Pedroche y el Alto Comisionado de las Naciones Unidas para los Refugiados (ACNUR) se han unido en el canal Antena 3 para recibir el 2023 y dar visibilidad a la realidad de las m\u00e1s de 100 millones de personas refugiadas que hay en todo el mundo.<\/p>\n<p><strong>Madrid, Espa\u00f1a, 31 de diciembre de 2022 (ND58).-<\/strong> Los espa\u00f1oles esperan con expectaci\u00f3n los dise\u00f1os que lucen los presentadores para dar las campanadas y, este a\u00f1o, el m\u00e1s llamativo ha sido el de la presentadora Cristina Pedroche, una creaci\u00f3n en colaboraci\u00f3n con ACNUR, que inclu\u00eda una capa hecha con tela proveniente de tiendas de campa\u00f1a de campos de refugiados.<\/p>\n<p>\u00abUn dise\u00f1o que presenta un di\u00e1logo entre la reivindicaci\u00f3n de los derechos humanos y la moda\u00bb, ha explicado a EFE Josie, director creativo del estilismo que ha lucido Pedroche para dar la campanadas junto a Alberto Chicote, tambi\u00e9n ataviado de gala.<\/p>\n<p>El atuendo que ha lucido Pedroche se compon\u00eda de un abrigo-capa beige de seis metros cuadrados confeccionado al bies y en \u00abpatchwork\u00bb con piezas de tela provenientes de las tiendas de campa\u00f1a que ACNUR ofrece como refugio en diferentes lugares del mundo, elaborado por I\u00f1igo Garaizabal (Gernika, 1991).<\/p>\n<p>La capa ha sido personalizada por m\u00e1s de 75 personas refugiadas en Espa\u00f1a procedentes de diez pa\u00edses diferentes y que han tenido la oportunidad de plasmar en esta pieza textil sus deseos para este 2023.<\/p>\n<p>En este proceso de personalizaci\u00f3n han participado personas refugiadas residentes en los Centros de Acogida de Refugiados de Alcobendas y Vallecas, as\u00ed como refugiados que colaboran habitualmente con ACNUR.<\/p>\n<p>Un vez retirada la capa, Pedroche ha lucido dos piezas: una falda de tubo trasparente, creada por Garaizabal y un top con forma de paloma esculpido por el artista multidiscipliar Jacinto de Manuel (Madrid 1980), una pieza de arte figurativo que representa la paz y la libertad.<\/p>\n<p>El artista se ha encargado tambi\u00e9n de pintar los antebrazos de la presentadora de blanco como s\u00edmbolo de la paz, representado el rechazo hacia la violencia.<\/p>\n<p>El resultado de esta idea ha sido un estilismo cargado de simbolog\u00eda y de energ\u00eda, \u00abes una especie de muro de Berl\u00edn textil\u00bb, ha a\u00f1adido Josie.<\/p>\n<p>\u00abOjal\u00e1 que este a\u00f1o desaparezcan las guerras y los conflictos. Que nadie tenga que huir. Que todos podamos ser libres y decidir\u00bb, ha dicho Pedroche, quien ha asegurado que \u00abtenemos la responsabilidad de hacer de este un mundo mejor para dej\u00e1rselo a los que vengan\u00bb.<\/p>\n<p>Ana Obreg\u00f3n, por quinta vez ha retransmitido las campanadas en La 1 de RTVE junto Los Morancos y, para ello, ha elegido un modelo blanco inspirado en los a\u00f1os 50, creado por el dise\u00f1ador Rub\u00e9n Hern\u00e1ndez, mientras que los humoristas se ha decantado por el esmoquin.<\/p>\n<p>El vestido de Obreg\u00f3n ha sido realizado en \u00abgeorgette\u00bb con incrustaciones de microlentejuelas nacaradas que consiguen un efecto segunda piel.<\/p>\n<p>El dise\u00f1o, con escote coraz\u00f3n hasta la cintura y con una sobrecola, \u00abtiene como detalle unos bordados artesanales en hilo de seda y cristales de Swarovski\u00bb, ha se\u00f1alado el dise\u00f1ador.<\/p>\n<p>Un original dise\u00f1o de alta costura, firmado por Alejandro de Miguel ha sido el modelo elegido por Cristina Pardo que ha dado las campanadas en La Sexta junto al humorista Dani Mateo, que como en a\u00f1os anteriores, en la tradicional Puerta del Sol ha lucido un vestuario elegido por la audiencia, una oferta diferente, llena de humor.<\/p>\n<p>Desde el parque de la Navidad de Espa\u00f1a de Torrej\u00f3n de Ardoz, en Madrid, Maril\u00f3 Montero ha presentado junto a Risto Mejide las Campanadas de Telecinco y Cuatro.<\/p>\n<p>Para la ocasi\u00f3n, Maril\u00f3 Montero ha elegido un dise\u00f1o de Alessandra Rinaudo, directora art\u00edstica de Pronovias Group, que se compone una blusa de \u00abcrep\u00e9\u00bb italiano en beige, una falda azul cer\u00faleo con pliegues de tafeta de seda y abrigo de terciopelo de algod\u00f3n en color azul marino.<\/p>\n<p><strong>Redacci\u00f3n ND58 | Fuente: Carmen Mart\u00edn\/EFE<\/strong><br \/>\n<strong>Edici\u00f3n: Villasmil, Henry<\/strong><br \/>\n<strong>Gr\u00e1fica: EfE<\/strong><\/p>\n<p>&nbsp;<\/p><div class=\"sffso69f3fc5e4e5a7\" ><p style=\"text-align: center;\"><a href=\"https:\/\/t.me\/noticiasdigital58\" target=\"_blank\" rel=\"noopener\"><img class=\"aligncenter size-full wp-image-125363\" src=\"https:\/\/digital58.com.ve\/site\/wp-content\/uploads\/2021\/04\/banner-telegram-web-2021.png\" alt=\"\" width=\"600\" height=\"90\" \/><\/a><\/p><\/div><style type=\"text\/css\">\r\n@media screen and (min-width: 1201px) {\r\n.sffso69f3fc5e4e5a7 {\r\ndisplay: block;\r\n}\r\n}\r\n@media screen and (min-width: 993px) and (max-width: 1200px) {\r\n.sffso69f3fc5e4e5a7 {\r\ndisplay: block;\r\n}\r\n}\r\n@media screen and (min-width: 769px) and (max-width: 992px) {\r\n.sffso69f3fc5e4e5a7 {\r\ndisplay: block;\r\n}\r\n}\r\n@media screen and (min-width: 768px) and (max-width: 768px) {\r\n.sffso69f3fc5e4e5a7 {\r\ndisplay: block;\r\n}\r\n}\r\n@media screen and (max-width: 767px) {\r\n.sffso69f3fc5e4e5a7 {\r\ndisplay: block;\r\n}\r\n}\r\n<\/style>\r\n\n<p>&nbsp;<\/p>\n<div style=\"margin-top: 0px; margin-bottom: 0px;\" class=\"sharethis-inline-share-buttons\" ><\/div>","protected":false},"excerpt":{"rendered":"<p>Cristina Pedroche y el Alto Comisionado de las Naciones Unidas para los Refugiados (ACNUR) se han unido en el canal<\/p>\n","protected":false},"author":1,"featured_media":161391,"comment_status":"open","ping_status":"closed","sticky":false,"template":"","format":"standard","meta":{"colormag_page_container_layout":"default_layout","colormag_page_sidebar_layout":"default_layout","_uag_custom_page_level_css":"","footnotes":""},"categories":[16451],"tags":[4670,26343,30116,115,8,7704],"class_list":["post-161390","post","type-post","status-publish","format-standard","has-post-thumbnail","hentry","category-mundo","tag-acnur","tag-ano-nuevo","tag-ano-nuevo-2023","tag-espana","tag-internacionales","tag-refugiados"],"yoast_head":"<!-- This site is optimized with the Yoast SEO plugin v27.5 - https:\/\/yoast.com\/product\/yoast-seo-wordpress\/ -->\n<title>Espa\u00f1a recibe 2023 con un dise\u00f1o que da visibilidad a los refugiados<\/title>\n<meta name=\"robots\" content=\"index, follow, max-snippet:-1, max-image-preview:large, max-video-preview:-1\" \/>\n<link rel=\"canonical\" href=\"https:\/\/digital58.com.ve\/site\/2022\/12\/31\/espana-recibe-2023-con-un-diseno-que-da-visibilidad-a-los-refugiados\/\" \/>\n<meta property=\"og:locale\" content=\"es_ES\" \/>\n<meta property=\"og:type\" content=\"article\" \/>\n<meta property=\"og:title\" content=\"Espa\u00f1a recibe 2023 con un dise\u00f1o que da visibilidad a los refugiados\" \/>\n<meta property=\"og:url\" content=\"https:\/\/digital58.com.ve\/site\/2022\/12\/31\/espana-recibe-2023-con-un-diseno-que-da-visibilidad-a-los-refugiados\/\" \/>\n<meta property=\"og:site_name\" content=\"Noticias Digital58\" \/>\n<meta property=\"article:published_time\" content=\"2022-12-31T23:58:17+00:00\" \/>\n<meta property=\"og:image\" content=\"https:\/\/i0.wp.com\/digital58.com.ve\/site\/wp-content\/uploads\/2022\/12\/refugiados-espana.jpg?fit=800%2C513&ssl=1\" \/>\n\t<meta property=\"og:image:width\" content=\"800\" \/>\n\t<meta property=\"og:image:height\" content=\"513\" \/>\n\t<meta property=\"og:image:type\" content=\"image\/jpeg\" \/>\n<meta name=\"author\" content=\"Villasmil Henry\" \/>\n<meta name=\"twitter:card\" content=\"summary_large_image\" \/>\n<meta name=\"twitter:creator\" content=\"@https:\/\/twitter.com\/villasmilhfoto\" \/>\n<meta name=\"twitter:site\" content=\"@villasmilhfoto\" \/>\n<meta name=\"twitter:label1\" content=\"Escrito por\" \/>\n\t<meta name=\"twitter:data1\" content=\"Villasmil Henry\" \/>\n\t<meta name=\"twitter:label2\" content=\"Tiempo estimado de lectura\" \/>\n\t<meta name=\"twitter:data2\" content=\"3 minutos\" \/>\n<script type=\"application\/ld+json\" class=\"yoast-schema-graph\">{\"@context\":\"https:\\\/\\\/schema.org\",\"@graph\":[{\"@type\":\"Article\",\"@id\":\"https:\\\/\\\/digital58.com.ve\\\/site\\\/2022\\\/12\\\/31\\\/espana-recibe-2023-con-un-diseno-que-da-visibilidad-a-los-refugiados\\\/#article\",\"isPartOf\":{\"@id\":\"https:\\\/\\\/digital58.com.ve\\\/site\\\/2022\\\/12\\\/31\\\/espana-recibe-2023-con-un-diseno-que-da-visibilidad-a-los-refugiados\\\/\"},\"author\":{\"name\":\"Villasmil Henry\",\"@id\":\"https:\\\/\\\/digital58.com.ve\\\/site\\\/#\\\/schema\\\/person\\\/64d1c2e4d0d4fd1b849980c4331c2951\"},\"headline\":\"Espa\u00f1a recibe 2023 con un dise\u00f1o que da visibilidad a los refugiados\",\"datePublished\":\"2022-12-31T23:58:17+00:00\",\"mainEntityOfPage\":{\"@id\":\"https:\\\/\\\/digital58.com.ve\\\/site\\\/2022\\\/12\\\/31\\\/espana-recibe-2023-con-un-diseno-que-da-visibilidad-a-los-refugiados\\\/\"},\"wordCount\":700,\"commentCount\":0,\"publisher\":{\"@id\":\"https:\\\/\\\/digital58.com.ve\\\/site\\\/#\\\/schema\\\/person\\\/64d1c2e4d0d4fd1b849980c4331c2951\"},\"image\":{\"@id\":\"https:\\\/\\\/digital58.com.ve\\\/site\\\/2022\\\/12\\\/31\\\/espana-recibe-2023-con-un-diseno-que-da-visibilidad-a-los-refugiados\\\/#primaryimage\"},\"thumbnailUrl\":\"https:\\\/\\\/digital58.com.ve\\\/site\\\/wp-content\\\/uploads\\\/2022\\\/12\\\/refugiados-espana.jpg\",\"keywords\":[\"ACNUR\",\"A\u00f1o Nuevo\",\"A\u00f1o nuevo 2023\",\"Espa\u00f1a\",\"Internacionales\",\"Refugiados\"],\"articleSection\":[\"Mundo\"],\"inLanguage\":\"es\",\"potentialAction\":[{\"@type\":\"CommentAction\",\"name\":\"Comment\",\"target\":[\"https:\\\/\\\/digital58.com.ve\\\/site\\\/2022\\\/12\\\/31\\\/espana-recibe-2023-con-un-diseno-que-da-visibilidad-a-los-refugiados\\\/#respond\"]}]},{\"@type\":\"WebPage\",\"@id\":\"https:\\\/\\\/digital58.com.ve\\\/site\\\/2022\\\/12\\\/31\\\/espana-recibe-2023-con-un-diseno-que-da-visibilidad-a-los-refugiados\\\/\",\"url\":\"https:\\\/\\\/digital58.com.ve\\\/site\\\/2022\\\/12\\\/31\\\/espana-recibe-2023-con-un-diseno-que-da-visibilidad-a-los-refugiados\\\/\",\"name\":\"Espa\u00f1a recibe 2023 con un dise\u00f1o que da visibilidad a los refugiados\",\"isPartOf\":{\"@id\":\"https:\\\/\\\/digital58.com.ve\\\/site\\\/#website\"},\"primaryImageOfPage\":{\"@id\":\"https:\\\/\\\/digital58.com.ve\\\/site\\\/2022\\\/12\\\/31\\\/espana-recibe-2023-con-un-diseno-que-da-visibilidad-a-los-refugiados\\\/#primaryimage\"},\"image\":{\"@id\":\"https:\\\/\\\/digital58.com.ve\\\/site\\\/2022\\\/12\\\/31\\\/espana-recibe-2023-con-un-diseno-que-da-visibilidad-a-los-refugiados\\\/#primaryimage\"},\"thumbnailUrl\":\"https:\\\/\\\/digital58.com.ve\\\/site\\\/wp-content\\\/uploads\\\/2022\\\/12\\\/refugiados-espana.jpg\",\"datePublished\":\"2022-12-31T23:58:17+00:00\",\"breadcrumb\":{\"@id\":\"https:\\\/\\\/digital58.com.ve\\\/site\\\/2022\\\/12\\\/31\\\/espana-recibe-2023-con-un-diseno-que-da-visibilidad-a-los-refugiados\\\/#breadcrumb\"},\"inLanguage\":\"es\",\"potentialAction\":[{\"@type\":\"ReadAction\",\"target\":[\"https:\\\/\\\/digital58.com.ve\\\/site\\\/2022\\\/12\\\/31\\\/espana-recibe-2023-con-un-diseno-que-da-visibilidad-a-los-refugiados\\\/\"]}]},{\"@type\":\"ImageObject\",\"inLanguage\":\"es\",\"@id\":\"https:\\\/\\\/digital58.com.ve\\\/site\\\/2022\\\/12\\\/31\\\/espana-recibe-2023-con-un-diseno-que-da-visibilidad-a-los-refugiados\\\/#primaryimage\",\"url\":\"https:\\\/\\\/digital58.com.ve\\\/site\\\/wp-content\\\/uploads\\\/2022\\\/12\\\/refugiados-espana.jpg\",\"contentUrl\":\"https:\\\/\\\/digital58.com.ve\\\/site\\\/wp-content\\\/uploads\\\/2022\\\/12\\\/refugiados-espana.jpg\",\"width\":800,\"height\":513},{\"@type\":\"BreadcrumbList\",\"@id\":\"https:\\\/\\\/digital58.com.ve\\\/site\\\/2022\\\/12\\\/31\\\/espana-recibe-2023-con-un-diseno-que-da-visibilidad-a-los-refugiados\\\/#breadcrumb\",\"itemListElement\":[{\"@type\":\"ListItem\",\"position\":1,\"name\":\"Home\",\"item\":\"https:\\\/\\\/digital58.com.ve\\\/site\\\/\"},{\"@type\":\"ListItem\",\"position\":2,\"name\":\"Espa\u00f1a recibe 2023 con un dise\u00f1o que da visibilidad a los refugiados\"}]},{\"@type\":\"WebSite\",\"@id\":\"https:\\\/\\\/digital58.com.ve\\\/site\\\/#website\",\"url\":\"https:\\\/\\\/digital58.com.ve\\\/site\\\/\",\"name\":\"Noticias Digital58\",\"description\":\"Portal de Noticias \u00a1Periodismo web de verdad! Lanzamiento web 22.11.2005 \\\/ Maracaibo, Venezuela\",\"publisher\":{\"@id\":\"https:\\\/\\\/digital58.com.ve\\\/site\\\/#\\\/schema\\\/person\\\/64d1c2e4d0d4fd1b849980c4331c2951\"},\"alternateName\":\"ND58\",\"potentialAction\":[{\"@type\":\"SearchAction\",\"target\":{\"@type\":\"EntryPoint\",\"urlTemplate\":\"https:\\\/\\\/digital58.com.ve\\\/site\\\/?s={search_term_string}\"},\"query-input\":{\"@type\":\"PropertyValueSpecification\",\"valueRequired\":true,\"valueName\":\"search_term_string\"}}],\"inLanguage\":\"es\"},{\"@type\":[\"Person\",\"Organization\"],\"@id\":\"https:\\\/\\\/digital58.com.ve\\\/site\\\/#\\\/schema\\\/person\\\/64d1c2e4d0d4fd1b849980c4331c2951\",\"name\":\"Villasmil Henry\",\"image\":{\"@type\":\"ImageObject\",\"inLanguage\":\"es\",\"@id\":\"https:\\\/\\\/secure.gravatar.com\\\/avatar\\\/bb0c4a2fcb7970138239f7e404ea75757b1b507b28b5ce4c53fbd62d797c5a7c?s=96&d=mm&r=g\",\"url\":\"https:\\\/\\\/secure.gravatar.com\\\/avatar\\\/bb0c4a2fcb7970138239f7e404ea75757b1b507b28b5ce4c53fbd62d797c5a7c?s=96&d=mm&r=g\",\"contentUrl\":\"https:\\\/\\\/secure.gravatar.com\\\/avatar\\\/bb0c4a2fcb7970138239f7e404ea75757b1b507b28b5ce4c53fbd62d797c5a7c?s=96&d=mm&r=g\",\"caption\":\"Villasmil Henry\"},\"logo\":{\"@id\":\"https:\\\/\\\/secure.gravatar.com\\\/avatar\\\/bb0c4a2fcb7970138239f7e404ea75757b1b507b28b5ce4c53fbd62d797c5a7c?s=96&d=mm&r=g\"},\"sameAs\":[\"http:\\\/\\\/www.henryvillasmil.com.ve\",\"https:\\\/\\\/www.instagram.com\\\/villasmilhfoto\\\/\",\"https:\\\/\\\/x.com\\\/https:\\\/\\\/twitter.com\\\/villasmilhfoto\"],\"url\":\"https:\\\/\\\/digital58.com.ve\\\/site\\\/author\\\/droopy_68\\\/\"}]}<\/script>\n<!-- \/ Yoast SEO plugin. -->","yoast_head_json":{"title":"Espa\u00f1a recibe 2023 con un dise\u00f1o que da visibilidad a los refugiados","robots":{"index":"index","follow":"follow","max-snippet":"max-snippet:-1","max-image-preview":"max-image-preview:large","max-video-preview":"max-video-preview:-1"},"canonical":"https:\/\/digital58.com.ve\/site\/2022\/12\/31\/espana-recibe-2023-con-un-diseno-que-da-visibilidad-a-los-refugiados\/","og_locale":"es_ES","og_type":"article","og_title":"Espa\u00f1a recibe 2023 con un dise\u00f1o que da visibilidad a los refugiados","og_url":"https:\/\/digital58.com.ve\/site\/2022\/12\/31\/espana-recibe-2023-con-un-diseno-que-da-visibilidad-a-los-refugiados\/","og_site_name":"Noticias Digital58","article_published_time":"2022-12-31T23:58:17+00:00","og_image":[{"width":800,"height":513,"url":"https:\/\/i0.wp.com\/digital58.com.ve\/site\/wp-content\/uploads\/2022\/12\/refugiados-espana.jpg?fit=800%2C513&ssl=1","type":"image\/jpeg"}],"author":"Villasmil Henry","twitter_card":"summary_large_image","twitter_creator":"@https:\/\/twitter.com\/villasmilhfoto","twitter_site":"@villasmilhfoto","twitter_misc":{"Escrito por":"Villasmil Henry","Tiempo estimado de lectura":"3 minutos"},"schema":{"@context":"https:\/\/schema.org","@graph":[{"@type":"Article","@id":"https:\/\/digital58.com.ve\/site\/2022\/12\/31\/espana-recibe-2023-con-un-diseno-que-da-visibilidad-a-los-refugiados\/#article","isPartOf":{"@id":"https:\/\/digital58.com.ve\/site\/2022\/12\/31\/espana-recibe-2023-con-un-diseno-que-da-visibilidad-a-los-refugiados\/"},"author":{"name":"Villasmil Henry","@id":"https:\/\/digital58.com.ve\/site\/#\/schema\/person\/64d1c2e4d0d4fd1b849980c4331c2951"},"headline":"Espa\u00f1a recibe 2023 con un dise\u00f1o que da visibilidad a los refugiados","datePublished":"2022-12-31T23:58:17+00:00","mainEntityOfPage":{"@id":"https:\/\/digital58.com.ve\/site\/2022\/12\/31\/espana-recibe-2023-con-un-diseno-que-da-visibilidad-a-los-refugiados\/"},"wordCount":700,"commentCount":0,"publisher":{"@id":"https:\/\/digital58.com.ve\/site\/#\/schema\/person\/64d1c2e4d0d4fd1b849980c4331c2951"},"image":{"@id":"https:\/\/digital58.com.ve\/site\/2022\/12\/31\/espana-recibe-2023-con-un-diseno-que-da-visibilidad-a-los-refugiados\/#primaryimage"},"thumbnailUrl":"https:\/\/digital58.com.ve\/site\/wp-content\/uploads\/2022\/12\/refugiados-espana.jpg","keywords":["ACNUR","A\u00f1o Nuevo","A\u00f1o nuevo 2023","Espa\u00f1a","Internacionales","Refugiados"],"articleSection":["Mundo"],"inLanguage":"es","potentialAction":[{"@type":"CommentAction","name":"Comment","target":["https:\/\/digital58.com.ve\/site\/2022\/12\/31\/espana-recibe-2023-con-un-diseno-que-da-visibilidad-a-los-refugiados\/#respond"]}]},{"@type":"WebPage","@id":"https:\/\/digital58.com.ve\/site\/2022\/12\/31\/espana-recibe-2023-con-un-diseno-que-da-visibilidad-a-los-refugiados\/","url":"https:\/\/digital58.com.ve\/site\/2022\/12\/31\/espana-recibe-2023-con-un-diseno-que-da-visibilidad-a-los-refugiados\/","name":"Espa\u00f1a recibe 2023 con un dise\u00f1o que da visibilidad a los refugiados","isPartOf":{"@id":"https:\/\/digital58.com.ve\/site\/#website"},"primaryImageOfPage":{"@id":"https:\/\/digital58.com.ve\/site\/2022\/12\/31\/espana-recibe-2023-con-un-diseno-que-da-visibilidad-a-los-refugiados\/#primaryimage"},"image":{"@id":"https:\/\/digital58.com.ve\/site\/2022\/12\/31\/espana-recibe-2023-con-un-diseno-que-da-visibilidad-a-los-refugiados\/#primaryimage"},"thumbnailUrl":"https:\/\/digital58.com.ve\/site\/wp-content\/uploads\/2022\/12\/refugiados-espana.jpg","datePublished":"2022-12-31T23:58:17+00:00","breadcrumb":{"@id":"https:\/\/digital58.com.ve\/site\/2022\/12\/31\/espana-recibe-2023-con-un-diseno-que-da-visibilidad-a-los-refugiados\/#breadcrumb"},"inLanguage":"es","potentialAction":[{"@type":"ReadAction","target":["https:\/\/digital58.com.ve\/site\/2022\/12\/31\/espana-recibe-2023-con-un-diseno-que-da-visibilidad-a-los-refugiados\/"]}]},{"@type":"ImageObject","inLanguage":"es","@id":"https:\/\/digital58.com.ve\/site\/2022\/12\/31\/espana-recibe-2023-con-un-diseno-que-da-visibilidad-a-los-refugiados\/#primaryimage","url":"https:\/\/digital58.com.ve\/site\/wp-content\/uploads\/2022\/12\/refugiados-espana.jpg","contentUrl":"https:\/\/digital58.com.ve\/site\/wp-content\/uploads\/2022\/12\/refugiados-espana.jpg","width":800,"height":513},{"@type":"BreadcrumbList","@id":"https:\/\/digital58.com.ve\/site\/2022\/12\/31\/espana-recibe-2023-con-un-diseno-que-da-visibilidad-a-los-refugiados\/#breadcrumb","itemListElement":[{"@type":"ListItem","position":1,"name":"Home","item":"https:\/\/digital58.com.ve\/site\/"},{"@type":"ListItem","position":2,"name":"Espa\u00f1a recibe 2023 con un dise\u00f1o que da visibilidad a los refugiados"}]},{"@type":"WebSite","@id":"https:\/\/digital58.com.ve\/site\/#website","url":"https:\/\/digital58.com.ve\/site\/","name":"Noticias Digital58","description":"Portal de Noticias \u00a1Periodismo web de verdad! Lanzamiento web 22.11.2005 \/ Maracaibo, Venezuela","publisher":{"@id":"https:\/\/digital58.com.ve\/site\/#\/schema\/person\/64d1c2e4d0d4fd1b849980c4331c2951"},"alternateName":"ND58","potentialAction":[{"@type":"SearchAction","target":{"@type":"EntryPoint","urlTemplate":"https:\/\/digital58.com.ve\/site\/?s={search_term_string}"},"query-input":{"@type":"PropertyValueSpecification","valueRequired":true,"valueName":"search_term_string"}}],"inLanguage":"es"},{"@type":["Person","Organization"],"@id":"https:\/\/digital58.com.ve\/site\/#\/schema\/person\/64d1c2e4d0d4fd1b849980c4331c2951","name":"Villasmil Henry","image":{"@type":"ImageObject","inLanguage":"es","@id":"https:\/\/secure.gravatar.com\/avatar\/bb0c4a2fcb7970138239f7e404ea75757b1b507b28b5ce4c53fbd62d797c5a7c?s=96&d=mm&r=g","url":"https:\/\/secure.gravatar.com\/avatar\/bb0c4a2fcb7970138239f7e404ea75757b1b507b28b5ce4c53fbd62d797c5a7c?s=96&d=mm&r=g","contentUrl":"https:\/\/secure.gravatar.com\/avatar\/bb0c4a2fcb7970138239f7e404ea75757b1b507b28b5ce4c53fbd62d797c5a7c?s=96&d=mm&r=g","caption":"Villasmil Henry"},"logo":{"@id":"https:\/\/secure.gravatar.com\/avatar\/bb0c4a2fcb7970138239f7e404ea75757b1b507b28b5ce4c53fbd62d797c5a7c?s=96&d=mm&r=g"},"sameAs":["http:\/\/www.henryvillasmil.com.ve","https:\/\/www.instagram.com\/villasmilhfoto\/","https:\/\/x.com\/https:\/\/twitter.com\/villasmilhfoto"],"url":"https:\/\/digital58.com.ve\/site\/author\/droopy_68\/"}]}},"uagb_featured_image_src":{"full":["https:\/\/digital58.com.ve\/site\/wp-content\/uploads\/2022\/12\/refugiados-espana.jpg",800,513,false],"thumbnail":["https:\/\/digital58.com.ve\/site\/wp-content\/uploads\/2022\/12\/refugiados-espana-150x150.jpg",150,150,true],"medium":["https:\/\/digital58.com.ve\/site\/wp-content\/uploads\/2022\/12\/refugiados-espana-300x192.jpg",300,192,true],"medium_large":["https:\/\/digital58.com.ve\/site\/wp-content\/uploads\/2022\/12\/refugiados-espana-768x492.jpg",768,492,true],"large":["https:\/\/digital58.com.ve\/site\/wp-content\/uploads\/2022\/12\/refugiados-espana.jpg",800,513,false],"1536x1536":["https:\/\/digital58.com.ve\/site\/wp-content\/uploads\/2022\/12\/refugiados-espana.jpg",800,513,false],"2048x2048":["https:\/\/digital58.com.ve\/site\/wp-content\/uploads\/2022\/12\/refugiados-espana.jpg",800,513,false],"colormag-highlighted-post":["https:\/\/digital58.com.ve\/site\/wp-content\/uploads\/2022\/12\/refugiados-espana-392x272.jpg",392,272,true],"colormag-featured-post-medium":["https:\/\/digital58.com.ve\/site\/wp-content\/uploads\/2022\/12\/refugiados-espana-390x205.jpg",390,205,true],"colormag-featured-post-small":["https:\/\/digital58.com.ve\/site\/wp-content\/uploads\/2022\/12\/refugiados-espana-130x90.jpg",130,90,true],"colormag-featured-image":["https:\/\/digital58.com.ve\/site\/wp-content\/uploads\/2022\/12\/refugiados-espana-800x445.jpg",800,445,true],"colormag-default-news":["https:\/\/digital58.com.ve\/site\/wp-content\/uploads\/2022\/12\/refugiados-espana.jpg",150,96,false],"colormag-featured-image-large":["https:\/\/digital58.com.ve\/site\/wp-content\/uploads\/2022\/12\/refugiados-espana.jpg",800,513,false]},"uagb_author_info":{"display_name":"Villasmil Henry","author_link":"https:\/\/digital58.com.ve\/site\/author\/droopy_68\/"},"uagb_comment_info":0,"uagb_excerpt":"Cristina Pedroche y el Alto Comisionado de las Naciones Unidas para los Refugiados (ACNUR) se han unido en el canal","_links":{"self":[{"href":"https:\/\/digital58.com.ve\/site\/wp-json\/wp\/v2\/posts\/161390","targetHints":{"allow":["GET"]}}],"collection":[{"href":"https:\/\/digital58.com.ve\/site\/wp-json\/wp\/v2\/posts"}],"about":[{"href":"https:\/\/digital58.com.ve\/site\/wp-json\/wp\/v2\/types\/post"}],"author":[{"embeddable":true,"href":"https:\/\/digital58.com.ve\/site\/wp-json\/wp\/v2\/users\/1"}],"replies":[{"embeddable":true,"href":"https:\/\/digital58.com.ve\/site\/wp-json\/wp\/v2\/comments?post=161390"}],"version-history":[{"count":0,"href":"https:\/\/digital58.com.ve\/site\/wp-json\/wp\/v2\/posts\/161390\/revisions"}],"wp:featuredmedia":[{"embeddable":true,"href":"https:\/\/digital58.com.ve\/site\/wp-json\/wp\/v2\/media\/161391"}],"wp:attachment":[{"href":"https:\/\/digital58.com.ve\/site\/wp-json\/wp\/v2\/media?parent=161390"}],"wp:term":[{"taxonomy":"category","embeddable":true,"href":"https:\/\/digital58.com.ve\/site\/wp-json\/wp\/v2\/categories?post=161390"},{"taxonomy":"post_tag","embeddable":true,"href":"https:\/\/digital58.com.ve\/site\/wp-json\/wp\/v2\/tags?post=161390"}],"curies":[{"name":"wp","href":"https:\/\/api.w.org\/{rel}","templated":true}]}}