{"id":161567,"date":"2023-01-09T16:01:23","date_gmt":"2023-01-09T20:01:23","guid":{"rendered":"https:\/\/digital58.com.ve\/site\/?p=161567"},"modified":"2023-01-09T16:01:23","modified_gmt":"2023-01-09T20:01:23","slug":"con-jose-bermudez-como-presidente-quedo-instalado-concejo-municipal-de-maracaibo","status":"publish","type":"post","link":"https:\/\/digital58.com.ve\/site\/2023\/01\/09\/con-jose-bermudez-como-presidente-quedo-instalado-concejo-municipal-de-maracaibo\/","title":{"rendered":"Con Jos\u00e9 Berm\u00fadez como Presidente qued\u00f3 instalado Concejo Municipal de Maracaibo"},"content":{"rendered":"<p><a href=\"https:\/\/digital58.com.ve\/site\/wp-content\/uploads\/2023\/01\/jose-bermudez.jpg\"><img loading=\"lazy\" decoding=\"async\" class=\"aligncenter size-full wp-image-161568\" src=\"https:\/\/digital58.com.ve\/site\/wp-content\/uploads\/2023\/01\/jose-bermudez.jpg\" alt=\"\" width=\"800\" height=\"586\" srcset=\"https:\/\/digital58.com.ve\/site\/wp-content\/uploads\/2023\/01\/jose-bermudez.jpg 800w, https:\/\/digital58.com.ve\/site\/wp-content\/uploads\/2023\/01\/jose-bermudez-300x220.jpg 300w, https:\/\/digital58.com.ve\/site\/wp-content\/uploads\/2023\/01\/jose-bermudez-768x563.jpg 768w\" sizes=\"auto, (max-width: 800px) 100vw, 800px\" \/><\/a><\/p>\n<p>La vicepresidencia qued\u00f3 asignada a la concejal, Elizabeth Mart\u00ednez, y la segunda vicepresidencia, al concejal, Juan Urdaneta.<\/p>\n<p><strong>Maracaibo, Zulia, Venezuela, 09 de enero de 2023 (ND58).-<\/strong> Este lunes, 9 de enero, el Concejo Municipal de Maracaibo realiz\u00f3 la Instalaci\u00f3n y Juramentaci\u00f3n de la Junta Directiva para el ejercicio fiscal del 2023, donde fue designado el concejal, Jos\u00e9 Berm\u00fadez, como el nuevo presidente para este a\u00f1o.<\/p>\n<p>El presidente Berm\u00fadez, afirm\u00f3 que lo primero en su gesti\u00f3n ser\u00e1 \u00abseguir construyendo Ordenanzas que tengan que ver con el beneficio de los maracaiberos, en el a\u00f1o anterior aprobamos 24 Ordenanzas, y en este a\u00f1o vamos por m\u00e1s\u00bb.<\/p>\n<p>\u00abDesde Ordenanzas que ayuden al microempresario, como tambi\u00e9n Ordenanzas que nos ayuden a seguir regulando lo que son las construcciones en la ciudad, pero tambi\u00e9n una nueva Ordenanza de recolecci\u00f3n de desechos s\u00f3lidos que al final traiga un beneficio econ\u00f3mico a nuestro municipio\u00bb, asever\u00f3 Berm\u00fadez.<\/p>\n<p>El concejal, Eduardo Vale, durante su derecho de palabra en su salida como presidente de este ente legislador municipal, pidi\u00f3 a la nueva Junta directiva seguir el trabajo que se ha venido realizando, \u00abconstruir Ordenanzas que ayude a la ciudad a ser la Maracaibo que todos deseamos que sea\u00bb.<\/p>\n<p>Vale, tambi\u00e9n agradeci\u00f3 a cada uno de los trabajadores del Concejo Municipal, por confiar y seguir luchando con esta gesti\u00f3n.<\/p>\n<p>Por otra parte, el alcalde, Rafael Ram\u00edrez, agreg\u00f3 que \u00aba los concejales solo quiero decirle que ten\u00eda un compromiso, con la ciudad y un compromiso con seguir haciendo gesti\u00f3n y continuar resolviendo los problemas de la ciudad y que son muy complejos\u00bb.<\/p>\n<p>Por \u00faltimo, el alcalde Ram\u00edrez, pidi\u00f3 un aplauso a la antigua directiva, encabezada por Eduardo Vale, como presidente, Yineska Contreras, como vicepresidenta y Jaime Buelvas como segundo vicepresidente, por tan intachable gesti\u00f3n en el 2022.<\/p>\n<p>Un presidente que desde siempre ha estado comprometido con la lucha por nuestra ciudad<\/p>\n<p>El presidente, Jos\u00e9 Berm\u00fadez, qui\u00e9n adem\u00e1s es el presidente de la Comisi\u00f3n de Reforma de las Ordenanzas del Progreso y de Urbanismo en Maracaibo, es un abogado con una amplia experiencia en el \u00e1rea judicial, laboral y contralora, qui\u00e9n se ha venido desempe\u00f1ando como concejal de la ciudad, llevando soluciones a los maracaiberos de la mano del equipo del Alcalde, Rafael Ram\u00edrez.<\/p>\n<p>Durante su carrera pol\u00edtica ha tenido responsabilidades como coordinador electoral de Maracaibo, coordinador de la Fracci\u00f3n de Abogados del estado Zulia, jefe de campa\u00f1a para las elecciones de gobernador y presidenciales y qui\u00e9n adem\u00e1s se desempe\u00f1a actualmente como presidente del partido Primero Justicia Maracaibo, teniendo la responsabilidad de fortalecer la dirigencia aurinegra en las 18 parroquias de la ciudad.<\/p>\n<p><strong>Redacci\u00f3n ND58 | Fuente: Prensa Concejo Municipal de Maracaibo<\/strong><br \/>\n<strong>Edici\u00f3n: Villasmil, Henry<\/strong><br \/>\n<strong>Gr\u00e1fica: Cortes\u00eda<\/strong><\/p>\n<p>&nbsp;<\/p>\n<p>&nbsp;<\/p><div class=\"quuoe69f4683a3fcad\" ><p style=\"text-align: center;\"><a href=\"https:\/\/t.me\/noticiasdigital58\" target=\"_blank\" rel=\"noopener\"><img class=\"aligncenter size-full wp-image-125363\" src=\"https:\/\/digital58.com.ve\/site\/wp-content\/uploads\/2021\/04\/banner-telegram-web-2021.png\" alt=\"\" width=\"600\" height=\"90\" \/><\/a><\/p><\/div><style type=\"text\/css\">\r\n@media screen and (min-width: 1201px) {\r\n.quuoe69f4683a3fcad {\r\ndisplay: block;\r\n}\r\n}\r\n@media screen and (min-width: 993px) and (max-width: 1200px) {\r\n.quuoe69f4683a3fcad {\r\ndisplay: block;\r\n}\r\n}\r\n@media screen and (min-width: 769px) and (max-width: 992px) {\r\n.quuoe69f4683a3fcad {\r\ndisplay: block;\r\n}\r\n}\r\n@media screen and (min-width: 768px) and (max-width: 768px) {\r\n.quuoe69f4683a3fcad {\r\ndisplay: block;\r\n}\r\n}\r\n@media screen and (max-width: 767px) {\r\n.quuoe69f4683a3fcad {\r\ndisplay: block;\r\n}\r\n}\r\n<\/style>\r\n\n<p>&nbsp;<\/p>\n<div style=\"margin-top: 0px; margin-bottom: 0px;\" class=\"sharethis-inline-share-buttons\" ><\/div>","protected":false},"excerpt":{"rendered":"<p>La vicepresidencia qued\u00f3 asignada a la concejal, Elizabeth Mart\u00ednez, y la segunda vicepresidencia, al concejal, Juan Urdaneta. Maracaibo, Zulia, Venezuela,<\/p>\n","protected":false},"author":1,"featured_media":161568,"comment_status":"open","ping_status":"closed","sticky":false,"template":"","format":"standard","meta":{"colormag_page_container_layout":"default_layout","colormag_page_sidebar_layout":"default_layout","_uag_custom_page_level_css":"","footnotes":""},"categories":[14504],"tags":[26311,19078,13456,73,233,30161,2354,32],"class_list":["post-161567","post","type-post","status-publish","format-standard","has-post-thumbnail","hentry","category-zulia","tag-concejal-jose-bermudez","tag-concejo-municipal-de-maracaibo","tag-eduardo-vale","tag-maracaibo","tag-nacionales","tag-presidente-concejo-municipal-de-maracaibo","tag-regionales","tag-venezuela"],"yoast_head":"<!-- This site is optimized with the Yoast SEO plugin v27.5 - https:\/\/yoast.com\/product\/yoast-seo-wordpress\/ -->\n<title>Con Jos\u00e9 Berm\u00fadez como Presidente qued\u00f3 instalado Concejo Municipal de Maracaibo<\/title>\n<meta name=\"robots\" content=\"index, follow, max-snippet:-1, max-image-preview:large, max-video-preview:-1\" \/>\n<link rel=\"canonical\" href=\"https:\/\/digital58.com.ve\/site\/2023\/01\/09\/con-jose-bermudez-como-presidente-quedo-instalado-concejo-municipal-de-maracaibo\/\" \/>\n<meta property=\"og:locale\" content=\"es_ES\" \/>\n<meta property=\"og:type\" content=\"article\" \/>\n<meta property=\"og:title\" content=\"Con Jos\u00e9 Berm\u00fadez como Presidente qued\u00f3 instalado Concejo Municipal de Maracaibo\" \/>\n<meta property=\"og:url\" content=\"https:\/\/digital58.com.ve\/site\/2023\/01\/09\/con-jose-bermudez-como-presidente-quedo-instalado-concejo-municipal-de-maracaibo\/\" \/>\n<meta property=\"og:site_name\" content=\"Noticias Digital58\" \/>\n<meta property=\"article:published_time\" content=\"2023-01-09T20:01:23+00:00\" \/>\n<meta property=\"og:image\" content=\"https:\/\/i0.wp.com\/digital58.com.ve\/site\/wp-content\/uploads\/2023\/01\/jose-bermudez.jpg?fit=800%2C586&ssl=1\" \/>\n\t<meta property=\"og:image:width\" content=\"800\" \/>\n\t<meta property=\"og:image:height\" content=\"586\" \/>\n\t<meta property=\"og:image:type\" content=\"image\/jpeg\" \/>\n<meta name=\"author\" content=\"Villasmil Henry\" \/>\n<meta name=\"twitter:card\" content=\"summary_large_image\" \/>\n<meta name=\"twitter:creator\" content=\"@https:\/\/twitter.com\/villasmilhfoto\" \/>\n<meta name=\"twitter:site\" content=\"@villasmilhfoto\" \/>\n<meta name=\"twitter:label1\" content=\"Escrito por\" \/>\n\t<meta name=\"twitter:data1\" content=\"Villasmil Henry\" \/>\n\t<meta name=\"twitter:label2\" content=\"Tiempo estimado de lectura\" \/>\n\t<meta name=\"twitter:data2\" content=\"2 minutos\" \/>\n<script type=\"application\/ld+json\" class=\"yoast-schema-graph\">{\"@context\":\"https:\\\/\\\/schema.org\",\"@graph\":[{\"@type\":\"Article\",\"@id\":\"https:\\\/\\\/digital58.com.ve\\\/site\\\/2023\\\/01\\\/09\\\/con-jose-bermudez-como-presidente-quedo-instalado-concejo-municipal-de-maracaibo\\\/#article\",\"isPartOf\":{\"@id\":\"https:\\\/\\\/digital58.com.ve\\\/site\\\/2023\\\/01\\\/09\\\/con-jose-bermudez-como-presidente-quedo-instalado-concejo-municipal-de-maracaibo\\\/\"},\"author\":{\"name\":\"Villasmil Henry\",\"@id\":\"https:\\\/\\\/digital58.com.ve\\\/site\\\/#\\\/schema\\\/person\\\/64d1c2e4d0d4fd1b849980c4331c2951\"},\"headline\":\"Con Jos\u00e9 Berm\u00fadez como Presidente qued\u00f3 instalado Concejo Municipal de Maracaibo\",\"datePublished\":\"2023-01-09T20:01:23+00:00\",\"mainEntityOfPage\":{\"@id\":\"https:\\\/\\\/digital58.com.ve\\\/site\\\/2023\\\/01\\\/09\\\/con-jose-bermudez-como-presidente-quedo-instalado-concejo-municipal-de-maracaibo\\\/\"},\"wordCount\":491,\"commentCount\":0,\"publisher\":{\"@id\":\"https:\\\/\\\/digital58.com.ve\\\/site\\\/#\\\/schema\\\/person\\\/64d1c2e4d0d4fd1b849980c4331c2951\"},\"image\":{\"@id\":\"https:\\\/\\\/digital58.com.ve\\\/site\\\/2023\\\/01\\\/09\\\/con-jose-bermudez-como-presidente-quedo-instalado-concejo-municipal-de-maracaibo\\\/#primaryimage\"},\"thumbnailUrl\":\"https:\\\/\\\/digital58.com.ve\\\/site\\\/wp-content\\\/uploads\\\/2023\\\/01\\\/jose-bermudez.jpg\",\"keywords\":[\"concejal Jos\u00e9 Berm\u00fadez\",\"Concejo Municipal de Maracaibo\",\"Eduardo Vale\",\"Maracaibo\",\"Nacionales\",\"Presidente Concejo Municipal de Maracaibo\",\"Regionales\",\"Venezuela\"],\"articleSection\":[\"Zulia\"],\"inLanguage\":\"es\",\"potentialAction\":[{\"@type\":\"CommentAction\",\"name\":\"Comment\",\"target\":[\"https:\\\/\\\/digital58.com.ve\\\/site\\\/2023\\\/01\\\/09\\\/con-jose-bermudez-como-presidente-quedo-instalado-concejo-municipal-de-maracaibo\\\/#respond\"]}]},{\"@type\":\"WebPage\",\"@id\":\"https:\\\/\\\/digital58.com.ve\\\/site\\\/2023\\\/01\\\/09\\\/con-jose-bermudez-como-presidente-quedo-instalado-concejo-municipal-de-maracaibo\\\/\",\"url\":\"https:\\\/\\\/digital58.com.ve\\\/site\\\/2023\\\/01\\\/09\\\/con-jose-bermudez-como-presidente-quedo-instalado-concejo-municipal-de-maracaibo\\\/\",\"name\":\"Con Jos\u00e9 Berm\u00fadez como Presidente qued\u00f3 instalado Concejo Municipal de Maracaibo\",\"isPartOf\":{\"@id\":\"https:\\\/\\\/digital58.com.ve\\\/site\\\/#website\"},\"primaryImageOfPage\":{\"@id\":\"https:\\\/\\\/digital58.com.ve\\\/site\\\/2023\\\/01\\\/09\\\/con-jose-bermudez-como-presidente-quedo-instalado-concejo-municipal-de-maracaibo\\\/#primaryimage\"},\"image\":{\"@id\":\"https:\\\/\\\/digital58.com.ve\\\/site\\\/2023\\\/01\\\/09\\\/con-jose-bermudez-como-presidente-quedo-instalado-concejo-municipal-de-maracaibo\\\/#primaryimage\"},\"thumbnailUrl\":\"https:\\\/\\\/digital58.com.ve\\\/site\\\/wp-content\\\/uploads\\\/2023\\\/01\\\/jose-bermudez.jpg\",\"datePublished\":\"2023-01-09T20:01:23+00:00\",\"breadcrumb\":{\"@id\":\"https:\\\/\\\/digital58.com.ve\\\/site\\\/2023\\\/01\\\/09\\\/con-jose-bermudez-como-presidente-quedo-instalado-concejo-municipal-de-maracaibo\\\/#breadcrumb\"},\"inLanguage\":\"es\",\"potentialAction\":[{\"@type\":\"ReadAction\",\"target\":[\"https:\\\/\\\/digital58.com.ve\\\/site\\\/2023\\\/01\\\/09\\\/con-jose-bermudez-como-presidente-quedo-instalado-concejo-municipal-de-maracaibo\\\/\"]}]},{\"@type\":\"ImageObject\",\"inLanguage\":\"es\",\"@id\":\"https:\\\/\\\/digital58.com.ve\\\/site\\\/2023\\\/01\\\/09\\\/con-jose-bermudez-como-presidente-quedo-instalado-concejo-municipal-de-maracaibo\\\/#primaryimage\",\"url\":\"https:\\\/\\\/digital58.com.ve\\\/site\\\/wp-content\\\/uploads\\\/2023\\\/01\\\/jose-bermudez.jpg\",\"contentUrl\":\"https:\\\/\\\/digital58.com.ve\\\/site\\\/wp-content\\\/uploads\\\/2023\\\/01\\\/jose-bermudez.jpg\",\"width\":800,\"height\":586},{\"@type\":\"BreadcrumbList\",\"@id\":\"https:\\\/\\\/digital58.com.ve\\\/site\\\/2023\\\/01\\\/09\\\/con-jose-bermudez-como-presidente-quedo-instalado-concejo-municipal-de-maracaibo\\\/#breadcrumb\",\"itemListElement\":[{\"@type\":\"ListItem\",\"position\":1,\"name\":\"Home\",\"item\":\"https:\\\/\\\/digital58.com.ve\\\/site\\\/\"},{\"@type\":\"ListItem\",\"position\":2,\"name\":\"Con Jos\u00e9 Berm\u00fadez como Presidente qued\u00f3 instalado Concejo Municipal de Maracaibo\"}]},{\"@type\":\"WebSite\",\"@id\":\"https:\\\/\\\/digital58.com.ve\\\/site\\\/#website\",\"url\":\"https:\\\/\\\/digital58.com.ve\\\/site\\\/\",\"name\":\"Noticias Digital58\",\"description\":\"Portal de Noticias \u00a1Periodismo web de verdad! Lanzamiento web 22.11.2005 \\\/ Maracaibo, Venezuela\",\"publisher\":{\"@id\":\"https:\\\/\\\/digital58.com.ve\\\/site\\\/#\\\/schema\\\/person\\\/64d1c2e4d0d4fd1b849980c4331c2951\"},\"alternateName\":\"ND58\",\"potentialAction\":[{\"@type\":\"SearchAction\",\"target\":{\"@type\":\"EntryPoint\",\"urlTemplate\":\"https:\\\/\\\/digital58.com.ve\\\/site\\\/?s={search_term_string}\"},\"query-input\":{\"@type\":\"PropertyValueSpecification\",\"valueRequired\":true,\"valueName\":\"search_term_string\"}}],\"inLanguage\":\"es\"},{\"@type\":[\"Person\",\"Organization\"],\"@id\":\"https:\\\/\\\/digital58.com.ve\\\/site\\\/#\\\/schema\\\/person\\\/64d1c2e4d0d4fd1b849980c4331c2951\",\"name\":\"Villasmil Henry\",\"image\":{\"@type\":\"ImageObject\",\"inLanguage\":\"es\",\"@id\":\"https:\\\/\\\/secure.gravatar.com\\\/avatar\\\/bb0c4a2fcb7970138239f7e404ea75757b1b507b28b5ce4c53fbd62d797c5a7c?s=96&d=mm&r=g\",\"url\":\"https:\\\/\\\/secure.gravatar.com\\\/avatar\\\/bb0c4a2fcb7970138239f7e404ea75757b1b507b28b5ce4c53fbd62d797c5a7c?s=96&d=mm&r=g\",\"contentUrl\":\"https:\\\/\\\/secure.gravatar.com\\\/avatar\\\/bb0c4a2fcb7970138239f7e404ea75757b1b507b28b5ce4c53fbd62d797c5a7c?s=96&d=mm&r=g\",\"caption\":\"Villasmil Henry\"},\"logo\":{\"@id\":\"https:\\\/\\\/secure.gravatar.com\\\/avatar\\\/bb0c4a2fcb7970138239f7e404ea75757b1b507b28b5ce4c53fbd62d797c5a7c?s=96&d=mm&r=g\"},\"sameAs\":[\"http:\\\/\\\/www.henryvillasmil.com.ve\",\"https:\\\/\\\/www.instagram.com\\\/villasmilhfoto\\\/\",\"https:\\\/\\\/x.com\\\/https:\\\/\\\/twitter.com\\\/villasmilhfoto\"],\"url\":\"https:\\\/\\\/digital58.com.ve\\\/site\\\/author\\\/droopy_68\\\/\"}]}<\/script>\n<!-- \/ Yoast SEO plugin. -->","yoast_head_json":{"title":"Con Jos\u00e9 Berm\u00fadez como Presidente qued\u00f3 instalado Concejo Municipal de Maracaibo","robots":{"index":"index","follow":"follow","max-snippet":"max-snippet:-1","max-image-preview":"max-image-preview:large","max-video-preview":"max-video-preview:-1"},"canonical":"https:\/\/digital58.com.ve\/site\/2023\/01\/09\/con-jose-bermudez-como-presidente-quedo-instalado-concejo-municipal-de-maracaibo\/","og_locale":"es_ES","og_type":"article","og_title":"Con Jos\u00e9 Berm\u00fadez como Presidente qued\u00f3 instalado Concejo Municipal de Maracaibo","og_url":"https:\/\/digital58.com.ve\/site\/2023\/01\/09\/con-jose-bermudez-como-presidente-quedo-instalado-concejo-municipal-de-maracaibo\/","og_site_name":"Noticias Digital58","article_published_time":"2023-01-09T20:01:23+00:00","og_image":[{"width":800,"height":586,"url":"https:\/\/i0.wp.com\/digital58.com.ve\/site\/wp-content\/uploads\/2023\/01\/jose-bermudez.jpg?fit=800%2C586&ssl=1","type":"image\/jpeg"}],"author":"Villasmil Henry","twitter_card":"summary_large_image","twitter_creator":"@https:\/\/twitter.com\/villasmilhfoto","twitter_site":"@villasmilhfoto","twitter_misc":{"Escrito por":"Villasmil Henry","Tiempo estimado de lectura":"2 minutos"},"schema":{"@context":"https:\/\/schema.org","@graph":[{"@type":"Article","@id":"https:\/\/digital58.com.ve\/site\/2023\/01\/09\/con-jose-bermudez-como-presidente-quedo-instalado-concejo-municipal-de-maracaibo\/#article","isPartOf":{"@id":"https:\/\/digital58.com.ve\/site\/2023\/01\/09\/con-jose-bermudez-como-presidente-quedo-instalado-concejo-municipal-de-maracaibo\/"},"author":{"name":"Villasmil Henry","@id":"https:\/\/digital58.com.ve\/site\/#\/schema\/person\/64d1c2e4d0d4fd1b849980c4331c2951"},"headline":"Con Jos\u00e9 Berm\u00fadez como Presidente qued\u00f3 instalado Concejo Municipal de Maracaibo","datePublished":"2023-01-09T20:01:23+00:00","mainEntityOfPage":{"@id":"https:\/\/digital58.com.ve\/site\/2023\/01\/09\/con-jose-bermudez-como-presidente-quedo-instalado-concejo-municipal-de-maracaibo\/"},"wordCount":491,"commentCount":0,"publisher":{"@id":"https:\/\/digital58.com.ve\/site\/#\/schema\/person\/64d1c2e4d0d4fd1b849980c4331c2951"},"image":{"@id":"https:\/\/digital58.com.ve\/site\/2023\/01\/09\/con-jose-bermudez-como-presidente-quedo-instalado-concejo-municipal-de-maracaibo\/#primaryimage"},"thumbnailUrl":"https:\/\/digital58.com.ve\/site\/wp-content\/uploads\/2023\/01\/jose-bermudez.jpg","keywords":["concejal Jos\u00e9 Berm\u00fadez","Concejo Municipal de Maracaibo","Eduardo Vale","Maracaibo","Nacionales","Presidente Concejo Municipal de Maracaibo","Regionales","Venezuela"],"articleSection":["Zulia"],"inLanguage":"es","potentialAction":[{"@type":"CommentAction","name":"Comment","target":["https:\/\/digital58.com.ve\/site\/2023\/01\/09\/con-jose-bermudez-como-presidente-quedo-instalado-concejo-municipal-de-maracaibo\/#respond"]}]},{"@type":"WebPage","@id":"https:\/\/digital58.com.ve\/site\/2023\/01\/09\/con-jose-bermudez-como-presidente-quedo-instalado-concejo-municipal-de-maracaibo\/","url":"https:\/\/digital58.com.ve\/site\/2023\/01\/09\/con-jose-bermudez-como-presidente-quedo-instalado-concejo-municipal-de-maracaibo\/","name":"Con Jos\u00e9 Berm\u00fadez como Presidente qued\u00f3 instalado Concejo Municipal de Maracaibo","isPartOf":{"@id":"https:\/\/digital58.com.ve\/site\/#website"},"primaryImageOfPage":{"@id":"https:\/\/digital58.com.ve\/site\/2023\/01\/09\/con-jose-bermudez-como-presidente-quedo-instalado-concejo-municipal-de-maracaibo\/#primaryimage"},"image":{"@id":"https:\/\/digital58.com.ve\/site\/2023\/01\/09\/con-jose-bermudez-como-presidente-quedo-instalado-concejo-municipal-de-maracaibo\/#primaryimage"},"thumbnailUrl":"https:\/\/digital58.com.ve\/site\/wp-content\/uploads\/2023\/01\/jose-bermudez.jpg","datePublished":"2023-01-09T20:01:23+00:00","breadcrumb":{"@id":"https:\/\/digital58.com.ve\/site\/2023\/01\/09\/con-jose-bermudez-como-presidente-quedo-instalado-concejo-municipal-de-maracaibo\/#breadcrumb"},"inLanguage":"es","potentialAction":[{"@type":"ReadAction","target":["https:\/\/digital58.com.ve\/site\/2023\/01\/09\/con-jose-bermudez-como-presidente-quedo-instalado-concejo-municipal-de-maracaibo\/"]}]},{"@type":"ImageObject","inLanguage":"es","@id":"https:\/\/digital58.com.ve\/site\/2023\/01\/09\/con-jose-bermudez-como-presidente-quedo-instalado-concejo-municipal-de-maracaibo\/#primaryimage","url":"https:\/\/digital58.com.ve\/site\/wp-content\/uploads\/2023\/01\/jose-bermudez.jpg","contentUrl":"https:\/\/digital58.com.ve\/site\/wp-content\/uploads\/2023\/01\/jose-bermudez.jpg","width":800,"height":586},{"@type":"BreadcrumbList","@id":"https:\/\/digital58.com.ve\/site\/2023\/01\/09\/con-jose-bermudez-como-presidente-quedo-instalado-concejo-municipal-de-maracaibo\/#breadcrumb","itemListElement":[{"@type":"ListItem","position":1,"name":"Home","item":"https:\/\/digital58.com.ve\/site\/"},{"@type":"ListItem","position":2,"name":"Con Jos\u00e9 Berm\u00fadez como Presidente qued\u00f3 instalado Concejo Municipal de Maracaibo"}]},{"@type":"WebSite","@id":"https:\/\/digital58.com.ve\/site\/#website","url":"https:\/\/digital58.com.ve\/site\/","name":"Noticias Digital58","description":"Portal de Noticias \u00a1Periodismo web de verdad! Lanzamiento web 22.11.2005 \/ Maracaibo, Venezuela","publisher":{"@id":"https:\/\/digital58.com.ve\/site\/#\/schema\/person\/64d1c2e4d0d4fd1b849980c4331c2951"},"alternateName":"ND58","potentialAction":[{"@type":"SearchAction","target":{"@type":"EntryPoint","urlTemplate":"https:\/\/digital58.com.ve\/site\/?s={search_term_string}"},"query-input":{"@type":"PropertyValueSpecification","valueRequired":true,"valueName":"search_term_string"}}],"inLanguage":"es"},{"@type":["Person","Organization"],"@id":"https:\/\/digital58.com.ve\/site\/#\/schema\/person\/64d1c2e4d0d4fd1b849980c4331c2951","name":"Villasmil Henry","image":{"@type":"ImageObject","inLanguage":"es","@id":"https:\/\/secure.gravatar.com\/avatar\/bb0c4a2fcb7970138239f7e404ea75757b1b507b28b5ce4c53fbd62d797c5a7c?s=96&d=mm&r=g","url":"https:\/\/secure.gravatar.com\/avatar\/bb0c4a2fcb7970138239f7e404ea75757b1b507b28b5ce4c53fbd62d797c5a7c?s=96&d=mm&r=g","contentUrl":"https:\/\/secure.gravatar.com\/avatar\/bb0c4a2fcb7970138239f7e404ea75757b1b507b28b5ce4c53fbd62d797c5a7c?s=96&d=mm&r=g","caption":"Villasmil Henry"},"logo":{"@id":"https:\/\/secure.gravatar.com\/avatar\/bb0c4a2fcb7970138239f7e404ea75757b1b507b28b5ce4c53fbd62d797c5a7c?s=96&d=mm&r=g"},"sameAs":["http:\/\/www.henryvillasmil.com.ve","https:\/\/www.instagram.com\/villasmilhfoto\/","https:\/\/x.com\/https:\/\/twitter.com\/villasmilhfoto"],"url":"https:\/\/digital58.com.ve\/site\/author\/droopy_68\/"}]}},"uagb_featured_image_src":{"full":["https:\/\/digital58.com.ve\/site\/wp-content\/uploads\/2023\/01\/jose-bermudez.jpg",800,586,false],"thumbnail":["https:\/\/digital58.com.ve\/site\/wp-content\/uploads\/2023\/01\/jose-bermudez-150x150.jpg",150,150,true],"medium":["https:\/\/digital58.com.ve\/site\/wp-content\/uploads\/2023\/01\/jose-bermudez-300x220.jpg",300,220,true],"medium_large":["https:\/\/digital58.com.ve\/site\/wp-content\/uploads\/2023\/01\/jose-bermudez-768x563.jpg",768,563,true],"large":["https:\/\/digital58.com.ve\/site\/wp-content\/uploads\/2023\/01\/jose-bermudez.jpg",800,586,false],"1536x1536":["https:\/\/digital58.com.ve\/site\/wp-content\/uploads\/2023\/01\/jose-bermudez.jpg",800,586,false],"2048x2048":["https:\/\/digital58.com.ve\/site\/wp-content\/uploads\/2023\/01\/jose-bermudez.jpg",800,586,false],"colormag-highlighted-post":["https:\/\/digital58.com.ve\/site\/wp-content\/uploads\/2023\/01\/jose-bermudez-392x272.jpg",392,272,true],"colormag-featured-post-medium":["https:\/\/digital58.com.ve\/site\/wp-content\/uploads\/2023\/01\/jose-bermudez-390x205.jpg",390,205,true],"colormag-featured-post-small":["https:\/\/digital58.com.ve\/site\/wp-content\/uploads\/2023\/01\/jose-bermudez-130x90.jpg",130,90,true],"colormag-featured-image":["https:\/\/digital58.com.ve\/site\/wp-content\/uploads\/2023\/01\/jose-bermudez-800x445.jpg",800,445,true],"colormag-default-news":["https:\/\/digital58.com.ve\/site\/wp-content\/uploads\/2023\/01\/jose-bermudez.jpg",150,110,false],"colormag-featured-image-large":["https:\/\/digital58.com.ve\/site\/wp-content\/uploads\/2023\/01\/jose-bermudez.jpg",800,586,false]},"uagb_author_info":{"display_name":"Villasmil Henry","author_link":"https:\/\/digital58.com.ve\/site\/author\/droopy_68\/"},"uagb_comment_info":0,"uagb_excerpt":"La vicepresidencia qued\u00f3 asignada a la concejal, Elizabeth Mart\u00ednez, y la segunda vicepresidencia, al concejal, Juan Urdaneta. Maracaibo, Zulia, Venezuela,","_links":{"self":[{"href":"https:\/\/digital58.com.ve\/site\/wp-json\/wp\/v2\/posts\/161567","targetHints":{"allow":["GET"]}}],"collection":[{"href":"https:\/\/digital58.com.ve\/site\/wp-json\/wp\/v2\/posts"}],"about":[{"href":"https:\/\/digital58.com.ve\/site\/wp-json\/wp\/v2\/types\/post"}],"author":[{"embeddable":true,"href":"https:\/\/digital58.com.ve\/site\/wp-json\/wp\/v2\/users\/1"}],"replies":[{"embeddable":true,"href":"https:\/\/digital58.com.ve\/site\/wp-json\/wp\/v2\/comments?post=161567"}],"version-history":[{"count":0,"href":"https:\/\/digital58.com.ve\/site\/wp-json\/wp\/v2\/posts\/161567\/revisions"}],"wp:featuredmedia":[{"embeddable":true,"href":"https:\/\/digital58.com.ve\/site\/wp-json\/wp\/v2\/media\/161568"}],"wp:attachment":[{"href":"https:\/\/digital58.com.ve\/site\/wp-json\/wp\/v2\/media?parent=161567"}],"wp:term":[{"taxonomy":"category","embeddable":true,"href":"https:\/\/digital58.com.ve\/site\/wp-json\/wp\/v2\/categories?post=161567"},{"taxonomy":"post_tag","embeddable":true,"href":"https:\/\/digital58.com.ve\/site\/wp-json\/wp\/v2\/tags?post=161567"}],"curies":[{"name":"wp","href":"https:\/\/api.w.org\/{rel}","templated":true}]}}