{"id":161796,"date":"2023-01-18T10:13:17","date_gmt":"2023-01-18T14:13:17","guid":{"rendered":"https:\/\/digital58.com.ve\/site\/?p=161796"},"modified":"2023-01-18T10:13:17","modified_gmt":"2023-01-18T14:13:17","slug":"ministro-del-interior-ucraniano-muere-en-un-accidente-de-helicoptero-en-las-afueras-de-kiev","status":"publish","type":"post","link":"https:\/\/digital58.com.ve\/site\/2023\/01\/18\/ministro-del-interior-ucraniano-muere-en-un-accidente-de-helicoptero-en-las-afueras-de-kiev\/","title":{"rendered":"Ministro del Interior ucraniano muere en un accidente de helic\u00f3ptero en las afueras de Kiev"},"content":{"rendered":"<p><a href=\"https:\/\/digital58.com.ve\/site\/wp-content\/uploads\/2023\/01\/Denis-Monastirski.jpg\"><img loading=\"lazy\" decoding=\"async\" class=\"aligncenter size-full wp-image-161800\" src=\"https:\/\/digital58.com.ve\/site\/wp-content\/uploads\/2023\/01\/Denis-Monastirski.jpg\" alt=\"\" width=\"800\" height=\"533\" srcset=\"https:\/\/digital58.com.ve\/site\/wp-content\/uploads\/2023\/01\/Denis-Monastirski.jpg 800w, https:\/\/digital58.com.ve\/site\/wp-content\/uploads\/2023\/01\/Denis-Monastirski-300x200.jpg 300w, https:\/\/digital58.com.ve\/site\/wp-content\/uploads\/2023\/01\/Denis-Monastirski-768x512.jpg 768w\" sizes=\"auto, (max-width: 800px) 100vw, 800px\" \/><\/a><\/p>\n<p>\u00abHasta el momento son 16 los muertos, dos de ellos ni\u00f1os. Nueve se encontraban en el helic\u00f3ptero\u00bb, se\u00f1al\u00f3 la Polic\u00eda en la red social Telegram. La Polic\u00eda inform\u00f3 tambi\u00e9n de 22 heridos, diez de ellos ni\u00f1os.<\/p>\n<p><strong>Internacionales, 18 de enero de 2023 (ND58).-<\/strong> El ministro del Interior de Ucrania, Den\u00eds Monastirski, su primer viceministro, Evgueni Enin, y al menos 14 personas m\u00e1s murieron en un accidente de aviaci\u00f3n en Brovari, en las afueras de Kiev cuando viajaban en un helic\u00f3ptero del servicio estatal de emergencias, comunic\u00f3 la polic\u00eda.<\/p>\n<p>Seg\u00fan los medios, el n\u00famero de fallecidos aument\u00f3 a 18, entre ellos hay tres menores. Mientras tanto, se reporta que hay 26 heridos que necesitaron la hospitalizaci\u00f3n, entre ellos 12 menores.<\/p>\n<p>El jefe de la Administraci\u00f3n militar regional de Kiev, Alex\u00e9i Kuleba, confirm\u00f3 que el n\u00famero de muertos en el accidente a\u00e9reo de Brovari se elev\u00f3 a 18 y el de heridos a 29, entre ellos 15 ni\u00f1os.<\/p>\n<p>Kuleba inform\u00f3 que el helic\u00f3ptero se hab\u00eda estrellado cerca de un jard\u00edn de infancia y de edificios residenciales en Brovari. El personal y los alumnos de la guarder\u00eda fueron evacuados.<\/p>\n<p>El Ministerio del Interior de Ucrania mencion\u00f3 el mal funcionamiento del equipo, la violaci\u00f3n de las normas de seguridad y el sabotaje entre las posibles causas del accidente.<\/p>\n<p><script async src=\"https:\/\/telegram.org\/js\/telegram-widget.js?21\" data-telegram-post=\"SputnikMundo\/41501\" data-width=\"100%\"><\/script><\/p>\n<p>El representante del mando de las Fuerzas A\u00e9reas ucranianas, Yuri Ignat, afirm\u00f3 que la investigaci\u00f3n sobre las causas del accidente de helic\u00f3ptero puede durar al menos varias semanas.<\/p>\n<p>Se\u00f1al\u00f3 que el helic\u00f3ptero del Servicio de Emergencias del Estado que se estrell\u00f3 hab\u00eda sido enviado desde Francia. Estas aeronaves tambi\u00e9n estaban destinadas al Ministerio del Interior.<\/p>\n<p><a href=\"https:\/\/digital58.com.ve\/site\/wp-content\/uploads\/2023\/01\/Denis-Monastirski-accidente.jpg\"><img loading=\"lazy\" decoding=\"async\" class=\"aligncenter size-full wp-image-161798\" src=\"https:\/\/digital58.com.ve\/site\/wp-content\/uploads\/2023\/01\/Denis-Monastirski-accidente.jpg\" alt=\"\" width=\"800\" height=\"485\" srcset=\"https:\/\/digital58.com.ve\/site\/wp-content\/uploads\/2023\/01\/Denis-Monastirski-accidente.jpg 800w, https:\/\/digital58.com.ve\/site\/wp-content\/uploads\/2023\/01\/Denis-Monastirski-accidente-300x182.jpg 300w, https:\/\/digital58.com.ve\/site\/wp-content\/uploads\/2023\/01\/Denis-Monastirski-accidente-768x466.jpg 768w\" sizes=\"auto, (max-width: 800px) 100vw, 800px\" \/><\/a><\/p>\n<p>Los pol\u00edticos occidentales presentan sus condolencias a Kiev por el accidente a\u00e9reo ocurrido en la localidad de Brovari. \u00abQueremos apoyar a la familia y seres queridos del titular Monastirski y su adjunto, que murieron en ese accidente\u00bb, afirm\u00f3 la jefa del Parlamento Europeo, Roberta Metsola, durante una sesi\u00f3n plenaria en Estrasburgo.<\/p>\n<p>Ese p\u00e9same fue compartido por el presidente del Consejo Europeo, Charles Michel, y el presidente polaco, Andrzej Duda. Uno de los primeros en mencionar a los \u00abciviles\u00bb que tambi\u00e9n fallecieron en la cat\u00e1strofe fue el ministro de Exteriores brit\u00e1nico, James Cleverly.<\/p>\n<p><strong>Redacci\u00f3n ND58 | Fuente: sputniknews<\/strong><br \/>\n<strong>Edici\u00f3n: Villasmil, Henry<\/strong><br \/>\n<strong>Gr\u00e1fica: Cortes\u00eda Europa Press<\/strong><\/p>\n<p>&nbsp;<\/p><div class=\"uxckp69f2116c8bd41\" ><p style=\"text-align: center;\"><a href=\"https:\/\/t.me\/noticiasdigital58\" target=\"_blank\" rel=\"noopener\"><img class=\"aligncenter size-full wp-image-125363\" src=\"https:\/\/digital58.com.ve\/site\/wp-content\/uploads\/2021\/04\/banner-telegram-web-2021.png\" alt=\"\" width=\"600\" height=\"90\" \/><\/a><\/p><\/div><style type=\"text\/css\">\r\n@media screen and (min-width: 1201px) {\r\n.uxckp69f2116c8bd41 {\r\ndisplay: block;\r\n}\r\n}\r\n@media screen and (min-width: 993px) and (max-width: 1200px) {\r\n.uxckp69f2116c8bd41 {\r\ndisplay: block;\r\n}\r\n}\r\n@media screen and (min-width: 769px) and (max-width: 992px) {\r\n.uxckp69f2116c8bd41 {\r\ndisplay: block;\r\n}\r\n}\r\n@media screen and (min-width: 768px) and (max-width: 768px) {\r\n.uxckp69f2116c8bd41 {\r\ndisplay: block;\r\n}\r\n}\r\n@media screen and (max-width: 767px) {\r\n.uxckp69f2116c8bd41 {\r\ndisplay: block;\r\n}\r\n}\r\n<\/style>\r\n\n<p>&nbsp;<\/p>\n<div style=\"margin-top: 0px; margin-bottom: 0px;\" class=\"sharethis-inline-share-buttons\" ><\/div>","protected":false},"excerpt":{"rendered":"<p>\u00abHasta el momento son 16 los muertos, dos de ellos ni\u00f1os. Nueve se encontraban en el helic\u00f3ptero\u00bb, se\u00f1al\u00f3 la Polic\u00eda<\/p>\n","protected":false},"author":1,"featured_media":161798,"comment_status":"open","ping_status":"closed","sticky":false,"template":"","format":"standard","meta":{"colormag_page_container_layout":"default_layout","colormag_page_sidebar_layout":"default_layout","_uag_custom_page_level_css":"","footnotes":""},"categories":[16451],"tags":[9731,30218,30217,207,8,11142,27201,19730,179],"class_list":["post-161796","post","type-post","status-publish","format-standard","has-post-thumbnail","hentry","category-mundo","tag-accidentes-aereos","tag-brovari","tag-denis-monastirski","tag-fallecimientos","tag-internacionales","tag-kiev","tag-ministro-del-interior","tag-tragedias-aereas","tag-ucrania"],"yoast_head":"<!-- This site is optimized with the Yoast SEO plugin v27.5 - https:\/\/yoast.com\/product\/yoast-seo-wordpress\/ -->\n<title>Ministro del Interior ucraniano muere en un accidente de helic\u00f3ptero en las afueras de Kiev<\/title>\n<meta name=\"robots\" content=\"index, follow, max-snippet:-1, max-image-preview:large, max-video-preview:-1\" \/>\n<link rel=\"canonical\" href=\"https:\/\/digital58.com.ve\/site\/2023\/01\/18\/ministro-del-interior-ucraniano-muere-en-un-accidente-de-helicoptero-en-las-afueras-de-kiev\/\" \/>\n<meta property=\"og:locale\" content=\"es_ES\" \/>\n<meta property=\"og:type\" content=\"article\" \/>\n<meta property=\"og:title\" content=\"Ministro del Interior ucraniano muere en un accidente de helic\u00f3ptero en las afueras de Kiev\" \/>\n<meta property=\"og:url\" content=\"https:\/\/digital58.com.ve\/site\/2023\/01\/18\/ministro-del-interior-ucraniano-muere-en-un-accidente-de-helicoptero-en-las-afueras-de-kiev\/\" \/>\n<meta property=\"og:site_name\" content=\"Noticias Digital58\" \/>\n<meta property=\"article:published_time\" content=\"2023-01-18T14:13:17+00:00\" \/>\n<meta property=\"og:image\" content=\"https:\/\/i0.wp.com\/digital58.com.ve\/site\/wp-content\/uploads\/2023\/01\/Denis-Monastirski-accidente.jpg?fit=800%2C485&ssl=1\" \/>\n\t<meta property=\"og:image:width\" content=\"800\" \/>\n\t<meta property=\"og:image:height\" content=\"485\" \/>\n\t<meta property=\"og:image:type\" content=\"image\/jpeg\" \/>\n<meta name=\"author\" content=\"Villasmil Henry\" \/>\n<meta name=\"twitter:card\" content=\"summary_large_image\" \/>\n<meta name=\"twitter:creator\" content=\"@https:\/\/twitter.com\/villasmilhfoto\" \/>\n<meta name=\"twitter:site\" content=\"@villasmilhfoto\" \/>\n<meta name=\"twitter:label1\" content=\"Escrito por\" \/>\n\t<meta name=\"twitter:data1\" content=\"Villasmil Henry\" \/>\n\t<meta name=\"twitter:label2\" content=\"Tiempo estimado de lectura\" \/>\n\t<meta name=\"twitter:data2\" content=\"2 minutos\" \/>\n<script type=\"application\/ld+json\" class=\"yoast-schema-graph\">{\"@context\":\"https:\\\/\\\/schema.org\",\"@graph\":[{\"@type\":\"Article\",\"@id\":\"https:\\\/\\\/digital58.com.ve\\\/site\\\/2023\\\/01\\\/18\\\/ministro-del-interior-ucraniano-muere-en-un-accidente-de-helicoptero-en-las-afueras-de-kiev\\\/#article\",\"isPartOf\":{\"@id\":\"https:\\\/\\\/digital58.com.ve\\\/site\\\/2023\\\/01\\\/18\\\/ministro-del-interior-ucraniano-muere-en-un-accidente-de-helicoptero-en-las-afueras-de-kiev\\\/\"},\"author\":{\"name\":\"Villasmil Henry\",\"@id\":\"https:\\\/\\\/digital58.com.ve\\\/site\\\/#\\\/schema\\\/person\\\/64d1c2e4d0d4fd1b849980c4331c2951\"},\"headline\":\"Ministro del Interior ucraniano muere en un accidente de helic\u00f3ptero en las afueras de Kiev\",\"datePublished\":\"2023-01-18T14:13:17+00:00\",\"mainEntityOfPage\":{\"@id\":\"https:\\\/\\\/digital58.com.ve\\\/site\\\/2023\\\/01\\\/18\\\/ministro-del-interior-ucraniano-muere-en-un-accidente-de-helicoptero-en-las-afueras-de-kiev\\\/\"},\"wordCount\":423,\"commentCount\":0,\"publisher\":{\"@id\":\"https:\\\/\\\/digital58.com.ve\\\/site\\\/#\\\/schema\\\/person\\\/64d1c2e4d0d4fd1b849980c4331c2951\"},\"image\":{\"@id\":\"https:\\\/\\\/digital58.com.ve\\\/site\\\/2023\\\/01\\\/18\\\/ministro-del-interior-ucraniano-muere-en-un-accidente-de-helicoptero-en-las-afueras-de-kiev\\\/#primaryimage\"},\"thumbnailUrl\":\"https:\\\/\\\/digital58.com.ve\\\/site\\\/wp-content\\\/uploads\\\/2023\\\/01\\\/Denis-Monastirski-accidente.jpg\",\"keywords\":[\"Accidentes A\u00e9reos\",\"Brovari\",\"Den\u00eds Monastirski\",\"Fallecimientos\",\"Internacionales\",\"Kiev\",\"Ministro del Interior\",\"Tragedias a\u00e9reas\",\"Ucrania\"],\"articleSection\":[\"Mundo\"],\"inLanguage\":\"es\",\"potentialAction\":[{\"@type\":\"CommentAction\",\"name\":\"Comment\",\"target\":[\"https:\\\/\\\/digital58.com.ve\\\/site\\\/2023\\\/01\\\/18\\\/ministro-del-interior-ucraniano-muere-en-un-accidente-de-helicoptero-en-las-afueras-de-kiev\\\/#respond\"]}]},{\"@type\":\"WebPage\",\"@id\":\"https:\\\/\\\/digital58.com.ve\\\/site\\\/2023\\\/01\\\/18\\\/ministro-del-interior-ucraniano-muere-en-un-accidente-de-helicoptero-en-las-afueras-de-kiev\\\/\",\"url\":\"https:\\\/\\\/digital58.com.ve\\\/site\\\/2023\\\/01\\\/18\\\/ministro-del-interior-ucraniano-muere-en-un-accidente-de-helicoptero-en-las-afueras-de-kiev\\\/\",\"name\":\"Ministro del Interior ucraniano muere en un accidente de helic\u00f3ptero en las afueras de Kiev\",\"isPartOf\":{\"@id\":\"https:\\\/\\\/digital58.com.ve\\\/site\\\/#website\"},\"primaryImageOfPage\":{\"@id\":\"https:\\\/\\\/digital58.com.ve\\\/site\\\/2023\\\/01\\\/18\\\/ministro-del-interior-ucraniano-muere-en-un-accidente-de-helicoptero-en-las-afueras-de-kiev\\\/#primaryimage\"},\"image\":{\"@id\":\"https:\\\/\\\/digital58.com.ve\\\/site\\\/2023\\\/01\\\/18\\\/ministro-del-interior-ucraniano-muere-en-un-accidente-de-helicoptero-en-las-afueras-de-kiev\\\/#primaryimage\"},\"thumbnailUrl\":\"https:\\\/\\\/digital58.com.ve\\\/site\\\/wp-content\\\/uploads\\\/2023\\\/01\\\/Denis-Monastirski-accidente.jpg\",\"datePublished\":\"2023-01-18T14:13:17+00:00\",\"breadcrumb\":{\"@id\":\"https:\\\/\\\/digital58.com.ve\\\/site\\\/2023\\\/01\\\/18\\\/ministro-del-interior-ucraniano-muere-en-un-accidente-de-helicoptero-en-las-afueras-de-kiev\\\/#breadcrumb\"},\"inLanguage\":\"es\",\"potentialAction\":[{\"@type\":\"ReadAction\",\"target\":[\"https:\\\/\\\/digital58.com.ve\\\/site\\\/2023\\\/01\\\/18\\\/ministro-del-interior-ucraniano-muere-en-un-accidente-de-helicoptero-en-las-afueras-de-kiev\\\/\"]}]},{\"@type\":\"ImageObject\",\"inLanguage\":\"es\",\"@id\":\"https:\\\/\\\/digital58.com.ve\\\/site\\\/2023\\\/01\\\/18\\\/ministro-del-interior-ucraniano-muere-en-un-accidente-de-helicoptero-en-las-afueras-de-kiev\\\/#primaryimage\",\"url\":\"https:\\\/\\\/digital58.com.ve\\\/site\\\/wp-content\\\/uploads\\\/2023\\\/01\\\/Denis-Monastirski-accidente.jpg\",\"contentUrl\":\"https:\\\/\\\/digital58.com.ve\\\/site\\\/wp-content\\\/uploads\\\/2023\\\/01\\\/Denis-Monastirski-accidente.jpg\",\"width\":800,\"height\":485},{\"@type\":\"BreadcrumbList\",\"@id\":\"https:\\\/\\\/digital58.com.ve\\\/site\\\/2023\\\/01\\\/18\\\/ministro-del-interior-ucraniano-muere-en-un-accidente-de-helicoptero-en-las-afueras-de-kiev\\\/#breadcrumb\",\"itemListElement\":[{\"@type\":\"ListItem\",\"position\":1,\"name\":\"Home\",\"item\":\"https:\\\/\\\/digital58.com.ve\\\/site\\\/\"},{\"@type\":\"ListItem\",\"position\":2,\"name\":\"Ministro del Interior ucraniano muere en un accidente de helic\u00f3ptero en las afueras de Kiev\"}]},{\"@type\":\"WebSite\",\"@id\":\"https:\\\/\\\/digital58.com.ve\\\/site\\\/#website\",\"url\":\"https:\\\/\\\/digital58.com.ve\\\/site\\\/\",\"name\":\"Noticias Digital58\",\"description\":\"Portal de Noticias \u00a1Periodismo web de verdad! Lanzamiento web 22.11.2005 \\\/ Maracaibo, Venezuela\",\"publisher\":{\"@id\":\"https:\\\/\\\/digital58.com.ve\\\/site\\\/#\\\/schema\\\/person\\\/64d1c2e4d0d4fd1b849980c4331c2951\"},\"alternateName\":\"ND58\",\"potentialAction\":[{\"@type\":\"SearchAction\",\"target\":{\"@type\":\"EntryPoint\",\"urlTemplate\":\"https:\\\/\\\/digital58.com.ve\\\/site\\\/?s={search_term_string}\"},\"query-input\":{\"@type\":\"PropertyValueSpecification\",\"valueRequired\":true,\"valueName\":\"search_term_string\"}}],\"inLanguage\":\"es\"},{\"@type\":[\"Person\",\"Organization\"],\"@id\":\"https:\\\/\\\/digital58.com.ve\\\/site\\\/#\\\/schema\\\/person\\\/64d1c2e4d0d4fd1b849980c4331c2951\",\"name\":\"Villasmil Henry\",\"image\":{\"@type\":\"ImageObject\",\"inLanguage\":\"es\",\"@id\":\"https:\\\/\\\/secure.gravatar.com\\\/avatar\\\/bb0c4a2fcb7970138239f7e404ea75757b1b507b28b5ce4c53fbd62d797c5a7c?s=96&d=mm&r=g\",\"url\":\"https:\\\/\\\/secure.gravatar.com\\\/avatar\\\/bb0c4a2fcb7970138239f7e404ea75757b1b507b28b5ce4c53fbd62d797c5a7c?s=96&d=mm&r=g\",\"contentUrl\":\"https:\\\/\\\/secure.gravatar.com\\\/avatar\\\/bb0c4a2fcb7970138239f7e404ea75757b1b507b28b5ce4c53fbd62d797c5a7c?s=96&d=mm&r=g\",\"caption\":\"Villasmil Henry\"},\"logo\":{\"@id\":\"https:\\\/\\\/secure.gravatar.com\\\/avatar\\\/bb0c4a2fcb7970138239f7e404ea75757b1b507b28b5ce4c53fbd62d797c5a7c?s=96&d=mm&r=g\"},\"sameAs\":[\"http:\\\/\\\/www.henryvillasmil.com.ve\",\"https:\\\/\\\/www.instagram.com\\\/villasmilhfoto\\\/\",\"https:\\\/\\\/x.com\\\/https:\\\/\\\/twitter.com\\\/villasmilhfoto\"],\"url\":\"https:\\\/\\\/digital58.com.ve\\\/site\\\/author\\\/droopy_68\\\/\"}]}<\/script>\n<!-- \/ Yoast SEO plugin. -->","yoast_head_json":{"title":"Ministro del Interior ucraniano muere en un accidente de helic\u00f3ptero en las afueras de Kiev","robots":{"index":"index","follow":"follow","max-snippet":"max-snippet:-1","max-image-preview":"max-image-preview:large","max-video-preview":"max-video-preview:-1"},"canonical":"https:\/\/digital58.com.ve\/site\/2023\/01\/18\/ministro-del-interior-ucraniano-muere-en-un-accidente-de-helicoptero-en-las-afueras-de-kiev\/","og_locale":"es_ES","og_type":"article","og_title":"Ministro del Interior ucraniano muere en un accidente de helic\u00f3ptero en las afueras de Kiev","og_url":"https:\/\/digital58.com.ve\/site\/2023\/01\/18\/ministro-del-interior-ucraniano-muere-en-un-accidente-de-helicoptero-en-las-afueras-de-kiev\/","og_site_name":"Noticias Digital58","article_published_time":"2023-01-18T14:13:17+00:00","og_image":[{"width":800,"height":485,"url":"https:\/\/i0.wp.com\/digital58.com.ve\/site\/wp-content\/uploads\/2023\/01\/Denis-Monastirski-accidente.jpg?fit=800%2C485&ssl=1","type":"image\/jpeg"}],"author":"Villasmil Henry","twitter_card":"summary_large_image","twitter_creator":"@https:\/\/twitter.com\/villasmilhfoto","twitter_site":"@villasmilhfoto","twitter_misc":{"Escrito por":"Villasmil Henry","Tiempo estimado de lectura":"2 minutos"},"schema":{"@context":"https:\/\/schema.org","@graph":[{"@type":"Article","@id":"https:\/\/digital58.com.ve\/site\/2023\/01\/18\/ministro-del-interior-ucraniano-muere-en-un-accidente-de-helicoptero-en-las-afueras-de-kiev\/#article","isPartOf":{"@id":"https:\/\/digital58.com.ve\/site\/2023\/01\/18\/ministro-del-interior-ucraniano-muere-en-un-accidente-de-helicoptero-en-las-afueras-de-kiev\/"},"author":{"name":"Villasmil Henry","@id":"https:\/\/digital58.com.ve\/site\/#\/schema\/person\/64d1c2e4d0d4fd1b849980c4331c2951"},"headline":"Ministro del Interior ucraniano muere en un accidente de helic\u00f3ptero en las afueras de Kiev","datePublished":"2023-01-18T14:13:17+00:00","mainEntityOfPage":{"@id":"https:\/\/digital58.com.ve\/site\/2023\/01\/18\/ministro-del-interior-ucraniano-muere-en-un-accidente-de-helicoptero-en-las-afueras-de-kiev\/"},"wordCount":423,"commentCount":0,"publisher":{"@id":"https:\/\/digital58.com.ve\/site\/#\/schema\/person\/64d1c2e4d0d4fd1b849980c4331c2951"},"image":{"@id":"https:\/\/digital58.com.ve\/site\/2023\/01\/18\/ministro-del-interior-ucraniano-muere-en-un-accidente-de-helicoptero-en-las-afueras-de-kiev\/#primaryimage"},"thumbnailUrl":"https:\/\/digital58.com.ve\/site\/wp-content\/uploads\/2023\/01\/Denis-Monastirski-accidente.jpg","keywords":["Accidentes A\u00e9reos","Brovari","Den\u00eds Monastirski","Fallecimientos","Internacionales","Kiev","Ministro del Interior","Tragedias a\u00e9reas","Ucrania"],"articleSection":["Mundo"],"inLanguage":"es","potentialAction":[{"@type":"CommentAction","name":"Comment","target":["https:\/\/digital58.com.ve\/site\/2023\/01\/18\/ministro-del-interior-ucraniano-muere-en-un-accidente-de-helicoptero-en-las-afueras-de-kiev\/#respond"]}]},{"@type":"WebPage","@id":"https:\/\/digital58.com.ve\/site\/2023\/01\/18\/ministro-del-interior-ucraniano-muere-en-un-accidente-de-helicoptero-en-las-afueras-de-kiev\/","url":"https:\/\/digital58.com.ve\/site\/2023\/01\/18\/ministro-del-interior-ucraniano-muere-en-un-accidente-de-helicoptero-en-las-afueras-de-kiev\/","name":"Ministro del Interior ucraniano muere en un accidente de helic\u00f3ptero en las afueras de Kiev","isPartOf":{"@id":"https:\/\/digital58.com.ve\/site\/#website"},"primaryImageOfPage":{"@id":"https:\/\/digital58.com.ve\/site\/2023\/01\/18\/ministro-del-interior-ucraniano-muere-en-un-accidente-de-helicoptero-en-las-afueras-de-kiev\/#primaryimage"},"image":{"@id":"https:\/\/digital58.com.ve\/site\/2023\/01\/18\/ministro-del-interior-ucraniano-muere-en-un-accidente-de-helicoptero-en-las-afueras-de-kiev\/#primaryimage"},"thumbnailUrl":"https:\/\/digital58.com.ve\/site\/wp-content\/uploads\/2023\/01\/Denis-Monastirski-accidente.jpg","datePublished":"2023-01-18T14:13:17+00:00","breadcrumb":{"@id":"https:\/\/digital58.com.ve\/site\/2023\/01\/18\/ministro-del-interior-ucraniano-muere-en-un-accidente-de-helicoptero-en-las-afueras-de-kiev\/#breadcrumb"},"inLanguage":"es","potentialAction":[{"@type":"ReadAction","target":["https:\/\/digital58.com.ve\/site\/2023\/01\/18\/ministro-del-interior-ucraniano-muere-en-un-accidente-de-helicoptero-en-las-afueras-de-kiev\/"]}]},{"@type":"ImageObject","inLanguage":"es","@id":"https:\/\/digital58.com.ve\/site\/2023\/01\/18\/ministro-del-interior-ucraniano-muere-en-un-accidente-de-helicoptero-en-las-afueras-de-kiev\/#primaryimage","url":"https:\/\/digital58.com.ve\/site\/wp-content\/uploads\/2023\/01\/Denis-Monastirski-accidente.jpg","contentUrl":"https:\/\/digital58.com.ve\/site\/wp-content\/uploads\/2023\/01\/Denis-Monastirski-accidente.jpg","width":800,"height":485},{"@type":"BreadcrumbList","@id":"https:\/\/digital58.com.ve\/site\/2023\/01\/18\/ministro-del-interior-ucraniano-muere-en-un-accidente-de-helicoptero-en-las-afueras-de-kiev\/#breadcrumb","itemListElement":[{"@type":"ListItem","position":1,"name":"Home","item":"https:\/\/digital58.com.ve\/site\/"},{"@type":"ListItem","position":2,"name":"Ministro del Interior ucraniano muere en un accidente de helic\u00f3ptero en las afueras de Kiev"}]},{"@type":"WebSite","@id":"https:\/\/digital58.com.ve\/site\/#website","url":"https:\/\/digital58.com.ve\/site\/","name":"Noticias Digital58","description":"Portal de Noticias \u00a1Periodismo web de verdad! Lanzamiento web 22.11.2005 \/ Maracaibo, Venezuela","publisher":{"@id":"https:\/\/digital58.com.ve\/site\/#\/schema\/person\/64d1c2e4d0d4fd1b849980c4331c2951"},"alternateName":"ND58","potentialAction":[{"@type":"SearchAction","target":{"@type":"EntryPoint","urlTemplate":"https:\/\/digital58.com.ve\/site\/?s={search_term_string}"},"query-input":{"@type":"PropertyValueSpecification","valueRequired":true,"valueName":"search_term_string"}}],"inLanguage":"es"},{"@type":["Person","Organization"],"@id":"https:\/\/digital58.com.ve\/site\/#\/schema\/person\/64d1c2e4d0d4fd1b849980c4331c2951","name":"Villasmil Henry","image":{"@type":"ImageObject","inLanguage":"es","@id":"https:\/\/secure.gravatar.com\/avatar\/bb0c4a2fcb7970138239f7e404ea75757b1b507b28b5ce4c53fbd62d797c5a7c?s=96&d=mm&r=g","url":"https:\/\/secure.gravatar.com\/avatar\/bb0c4a2fcb7970138239f7e404ea75757b1b507b28b5ce4c53fbd62d797c5a7c?s=96&d=mm&r=g","contentUrl":"https:\/\/secure.gravatar.com\/avatar\/bb0c4a2fcb7970138239f7e404ea75757b1b507b28b5ce4c53fbd62d797c5a7c?s=96&d=mm&r=g","caption":"Villasmil Henry"},"logo":{"@id":"https:\/\/secure.gravatar.com\/avatar\/bb0c4a2fcb7970138239f7e404ea75757b1b507b28b5ce4c53fbd62d797c5a7c?s=96&d=mm&r=g"},"sameAs":["http:\/\/www.henryvillasmil.com.ve","https:\/\/www.instagram.com\/villasmilhfoto\/","https:\/\/x.com\/https:\/\/twitter.com\/villasmilhfoto"],"url":"https:\/\/digital58.com.ve\/site\/author\/droopy_68\/"}]}},"uagb_featured_image_src":{"full":["https:\/\/digital58.com.ve\/site\/wp-content\/uploads\/2023\/01\/Denis-Monastirski-accidente.jpg",800,485,false],"thumbnail":["https:\/\/digital58.com.ve\/site\/wp-content\/uploads\/2023\/01\/Denis-Monastirski-accidente-150x150.jpg",150,150,true],"medium":["https:\/\/digital58.com.ve\/site\/wp-content\/uploads\/2023\/01\/Denis-Monastirski-accidente-300x182.jpg",300,182,true],"medium_large":["https:\/\/digital58.com.ve\/site\/wp-content\/uploads\/2023\/01\/Denis-Monastirski-accidente-768x466.jpg",768,466,true],"large":["https:\/\/digital58.com.ve\/site\/wp-content\/uploads\/2023\/01\/Denis-Monastirski-accidente.jpg",800,485,false],"1536x1536":["https:\/\/digital58.com.ve\/site\/wp-content\/uploads\/2023\/01\/Denis-Monastirski-accidente.jpg",800,485,false],"2048x2048":["https:\/\/digital58.com.ve\/site\/wp-content\/uploads\/2023\/01\/Denis-Monastirski-accidente.jpg",800,485,false],"colormag-highlighted-post":["https:\/\/digital58.com.ve\/site\/wp-content\/uploads\/2023\/01\/Denis-Monastirski-accidente-392x272.jpg",392,272,true],"colormag-featured-post-medium":["https:\/\/digital58.com.ve\/site\/wp-content\/uploads\/2023\/01\/Denis-Monastirski-accidente-390x205.jpg",390,205,true],"colormag-featured-post-small":["https:\/\/digital58.com.ve\/site\/wp-content\/uploads\/2023\/01\/Denis-Monastirski-accidente-130x90.jpg",130,90,true],"colormag-featured-image":["https:\/\/digital58.com.ve\/site\/wp-content\/uploads\/2023\/01\/Denis-Monastirski-accidente-800x445.jpg",800,445,true],"colormag-default-news":["https:\/\/digital58.com.ve\/site\/wp-content\/uploads\/2023\/01\/Denis-Monastirski-accidente.jpg",150,91,false],"colormag-featured-image-large":["https:\/\/digital58.com.ve\/site\/wp-content\/uploads\/2023\/01\/Denis-Monastirski-accidente.jpg",800,485,false]},"uagb_author_info":{"display_name":"Villasmil Henry","author_link":"https:\/\/digital58.com.ve\/site\/author\/droopy_68\/"},"uagb_comment_info":0,"uagb_excerpt":"\u00abHasta el momento son 16 los muertos, dos de ellos ni\u00f1os. Nueve se encontraban en el helic\u00f3ptero\u00bb, se\u00f1al\u00f3 la Polic\u00eda","_links":{"self":[{"href":"https:\/\/digital58.com.ve\/site\/wp-json\/wp\/v2\/posts\/161796","targetHints":{"allow":["GET"]}}],"collection":[{"href":"https:\/\/digital58.com.ve\/site\/wp-json\/wp\/v2\/posts"}],"about":[{"href":"https:\/\/digital58.com.ve\/site\/wp-json\/wp\/v2\/types\/post"}],"author":[{"embeddable":true,"href":"https:\/\/digital58.com.ve\/site\/wp-json\/wp\/v2\/users\/1"}],"replies":[{"embeddable":true,"href":"https:\/\/digital58.com.ve\/site\/wp-json\/wp\/v2\/comments?post=161796"}],"version-history":[{"count":0,"href":"https:\/\/digital58.com.ve\/site\/wp-json\/wp\/v2\/posts\/161796\/revisions"}],"wp:featuredmedia":[{"embeddable":true,"href":"https:\/\/digital58.com.ve\/site\/wp-json\/wp\/v2\/media\/161798"}],"wp:attachment":[{"href":"https:\/\/digital58.com.ve\/site\/wp-json\/wp\/v2\/media?parent=161796"}],"wp:term":[{"taxonomy":"category","embeddable":true,"href":"https:\/\/digital58.com.ve\/site\/wp-json\/wp\/v2\/categories?post=161796"},{"taxonomy":"post_tag","embeddable":true,"href":"https:\/\/digital58.com.ve\/site\/wp-json\/wp\/v2\/tags?post=161796"}],"curies":[{"name":"wp","href":"https:\/\/api.w.org\/{rel}","templated":true}]}}