{"id":161827,"date":"2023-01-18T22:30:53","date_gmt":"2023-01-19T02:30:53","guid":{"rendered":"https:\/\/digital58.com.ve\/site\/?p=161827"},"modified":"2023-01-18T22:30:53","modified_gmt":"2023-01-19T02:30:53","slug":"maracaibo-airtek-recibe-el-2023-con-una-tienda-que-se-adapta-a-los-estandares-internacionales","status":"publish","type":"post","link":"https:\/\/digital58.com.ve\/site\/2023\/01\/18\/maracaibo-airtek-recibe-el-2023-con-una-tienda-que-se-adapta-a-los-estandares-internacionales\/","title":{"rendered":"#Maracaibo | Airtek recibe el 2023 con una tienda que se adapta a los est\u00e1ndares internacionales"},"content":{"rendered":"<p><a href=\"https:\/\/digital58.com.ve\/site\/wp-content\/uploads\/2023\/01\/airtek-3.jpg\"><img loading=\"lazy\" decoding=\"async\" class=\"aligncenter wp-image-161837 size-full\" src=\"https:\/\/digital58.com.ve\/site\/wp-content\/uploads\/2023\/01\/airtek-3.jpg\" alt=\"\" width=\"800\" height=\"533\" srcset=\"https:\/\/digital58.com.ve\/site\/wp-content\/uploads\/2023\/01\/airtek-3.jpg 800w, https:\/\/digital58.com.ve\/site\/wp-content\/uploads\/2023\/01\/airtek-3-300x200.jpg 300w, https:\/\/digital58.com.ve\/site\/wp-content\/uploads\/2023\/01\/airtek-3-768x512.jpg 768w\" sizes=\"auto, (max-width: 800px) 100vw, 800px\" \/><\/a><\/p>\n<p>Gracias a estos espacios, los procesos de atenci\u00f3n prometen ser mucho m\u00e1s a menos para todos los clientes, ya que todos podr\u00e1n disfrutar de momentos de entretenimiento.<\/p>\n<p><strong>Maracaibo, Zulia, Venezuela, 18 de enero de 2023 (ND58).- <a href=\"https:\/\/www.instagram.com\/airtekinternet\/\" target=\"_blank\" rel=\"noopener\">Airtek<\/a><\/strong> \u2014proveedor de internet fibra \u00f3ptica de ultravelocidad\u2014 inaugur\u00f3 el pasado 30 de diciembre una nueva sede en el <strong><a href=\"https:\/\/www.instagram.com\/tusambilmcbo\/\" target=\"_blank\" rel=\"noopener\">Sambil de Maracaibo<\/a><\/strong>, una tienda que se adapta a los est\u00e1ndares internacionales al ofrecer innovaci\u00f3n tecnol\u00f3gica. Esta inauguraci\u00f3n reuni\u00f3 a distintas personalidades del estado petrolero. Desde empresarios, artistas, <em>influencer<\/em> y a los mismos visitantes del centro comercial.<\/p>\n<p><a href=\"https:\/\/digital58.com.ve\/site\/wp-content\/uploads\/2023\/01\/airtek-4.jpg\"><img loading=\"lazy\" decoding=\"async\" class=\"aligncenter wp-image-161836 size-full\" src=\"https:\/\/digital58.com.ve\/site\/wp-content\/uploads\/2023\/01\/airtek-4.jpg\" alt=\"\" width=\"800\" height=\"533\" srcset=\"https:\/\/digital58.com.ve\/site\/wp-content\/uploads\/2023\/01\/airtek-4.jpg 800w, https:\/\/digital58.com.ve\/site\/wp-content\/uploads\/2023\/01\/airtek-4-300x200.jpg 300w, https:\/\/digital58.com.ve\/site\/wp-content\/uploads\/2023\/01\/airtek-4-768x512.jpg 768w\" sizes=\"auto, (max-width: 800px) 100vw, 800px\" \/><\/a><\/p>\n<p>Y es que el establecimiento, ubicado cerca a la entrada \u00abChinita\u00bb del centro comercial, dispone de una serie de consolas de PlayStation y de realidad virtual, una forma de aproximar al cliente a sus servicios.<\/p>\n<p>As\u00ed lo describi\u00f3 Mariana Baralt, gerente de mercadeo de la empresa, quien enfatiz\u00f3 que en este espacio el usuario no solo podr\u00e1 disfrutar de los equipos de \u00faltima generaci\u00f3n, sino que lograr\u00e1 comprobar el alcance de Internet.<\/p>\n<p><a href=\"https:\/\/digital58.com.ve\/site\/wp-content\/uploads\/2023\/01\/airtek-baralt.jpg\"><img loading=\"lazy\" decoding=\"async\" class=\"aligncenter size-full wp-image-161831\" src=\"https:\/\/digital58.com.ve\/site\/wp-content\/uploads\/2023\/01\/airtek-baralt.jpg\" alt=\"\" width=\"800\" height=\"533\" srcset=\"https:\/\/digital58.com.ve\/site\/wp-content\/uploads\/2023\/01\/airtek-baralt.jpg 800w, https:\/\/digital58.com.ve\/site\/wp-content\/uploads\/2023\/01\/airtek-baralt-300x200.jpg 300w, https:\/\/digital58.com.ve\/site\/wp-content\/uploads\/2023\/01\/airtek-baralt-768x512.jpg 768w\" sizes=\"auto, (max-width: 800px) 100vw, 800px\" \/><\/a><\/p>\n<p>\u00abEn esta sede contamos con todos los servicios de cualquier centro de atenci\u00f3n al cliente. Pagos de servicios, adquisici\u00f3n de planes, soporte y monitoreo. Atenci\u00f3n para el emprendedor, empresas y marcas corporativas\u00bb, agreg\u00f3 la representante de Airtek, quien adem\u00e1s precis\u00f3 que esta ser\u00eda la segunda sede en la capital zuliana.<\/p>\n<p>Sobre los planes que ofrecer\u00e1n en adelante, Mariana Baralt record\u00f3 que Airtek cuenta desde el a\u00f1o pasado con un soporte de ultra velocidad para que el usuario pueda disfrutar de un servicio en tempo real de Internet.<\/p>\n<p><a href=\"https:\/\/digital58.com.ve\/site\/wp-content\/uploads\/2023\/01\/airtek-9.jpg\"><img loading=\"lazy\" decoding=\"async\" class=\"aligncenter size-full wp-image-161828\" src=\"https:\/\/digital58.com.ve\/site\/wp-content\/uploads\/2023\/01\/airtek-9.jpg\" alt=\"\" width=\"800\" height=\"533\" srcset=\"https:\/\/digital58.com.ve\/site\/wp-content\/uploads\/2023\/01\/airtek-9.jpg 800w, https:\/\/digital58.com.ve\/site\/wp-content\/uploads\/2023\/01\/airtek-9-300x200.jpg 300w, https:\/\/digital58.com.ve\/site\/wp-content\/uploads\/2023\/01\/airtek-9-768x512.jpg 768w\" sizes=\"auto, (max-width: 800px) 100vw, 800px\" \/><\/a><\/p>\n<p>\u00abLa calidad de nuestro servicio nos hace diferente al mercado. Contamos con un Internet estable, en tiempo real y gran capacidad de conexi\u00f3n masiva\u00bb, puntualiz\u00f3.<\/p>\n<p>Finalmente, Baralt consider\u00f3 que el Zulia siempre se ha caracterizado por ser el primero en innovaci\u00f3n. \u00abCreo que no nos quedamos atr\u00e1s porque esto es una empresa hecha por zulianos y para zulianos\u00bb, resalt\u00f3.<\/p>\n<p><a href=\"https:\/\/digital58.com.ve\/site\/wp-content\/uploads\/2023\/01\/airtek-6.jpg\"><img loading=\"lazy\" decoding=\"async\" class=\"aligncenter size-full wp-image-161833\" src=\"https:\/\/digital58.com.ve\/site\/wp-content\/uploads\/2023\/01\/airtek-6.jpg\" alt=\"\" width=\"800\" height=\"533\" srcset=\"https:\/\/digital58.com.ve\/site\/wp-content\/uploads\/2023\/01\/airtek-6.jpg 800w, https:\/\/digital58.com.ve\/site\/wp-content\/uploads\/2023\/01\/airtek-6-300x200.jpg 300w, https:\/\/digital58.com.ve\/site\/wp-content\/uploads\/2023\/01\/airtek-6-768x512.jpg 768w\" sizes=\"auto, (max-width: 800px) 100vw, 800px\" \/><\/a><\/p>\n<p>Santa Cruz de Mara, Villa del Rosario, Perij\u00e1, San Jos\u00e9 y la Ca\u00f1ada de Urdaneta son otras de las regiones que cuentan con el espacio de contrataci\u00f3n de fibra \u00f3ptica.<\/p>\n<p><a href=\"https:\/\/digital58.com.ve\/site\/wp-content\/uploads\/2023\/01\/airtek-trujillo.jpg\"><img loading=\"lazy\" decoding=\"async\" class=\"aligncenter size-full wp-image-161832\" src=\"https:\/\/digital58.com.ve\/site\/wp-content\/uploads\/2023\/01\/airtek-trujillo.jpg\" alt=\"\" width=\"800\" height=\"549\" srcset=\"https:\/\/digital58.com.ve\/site\/wp-content\/uploads\/2023\/01\/airtek-trujillo.jpg 800w, https:\/\/digital58.com.ve\/site\/wp-content\/uploads\/2023\/01\/airtek-trujillo-300x206.jpg 300w, https:\/\/digital58.com.ve\/site\/wp-content\/uploads\/2023\/01\/airtek-trujillo-768x527.jpg 768w, https:\/\/digital58.com.ve\/site\/wp-content\/uploads\/2023\/01\/airtek-trujillo-130x90.jpg 130w\" sizes=\"auto, (max-width: 800px) 100vw, 800px\" \/><\/a><\/p>\n<p>Por su parte, <strong><a href=\"https:\/\/www.instagram.com\/gabytrujillo18\/\" target=\"_blank\" rel=\"noopener\">Gabriela Trujillo<\/a><\/strong>, representante del departamento de Comunicaciones de la empresa, destac\u00f3 que la nueva oficina \u00abes una de las m\u00e1s interactivas que hay en toda Venezuela porque est\u00e1 distribuida con un espacio para aquellos que son adictos o amantes a los videojuegos\u00bb.<\/p>\n<p>Agreg\u00f3 que estas \u00e1reas interactivas son una garant\u00eda para que los usuarios tomen la decisi\u00f3n de tener el servicio de Airtek en casa.<\/p>\n<p><a href=\"https:\/\/digital58.com.ve\/site\/wp-content\/uploads\/2023\/01\/airtek-8.jpg\"><img loading=\"lazy\" decoding=\"async\" class=\"aligncenter size-full wp-image-161829\" src=\"https:\/\/digital58.com.ve\/site\/wp-content\/uploads\/2023\/01\/airtek-8.jpg\" alt=\"\" width=\"800\" height=\"535\" srcset=\"https:\/\/digital58.com.ve\/site\/wp-content\/uploads\/2023\/01\/airtek-8.jpg 800w, https:\/\/digital58.com.ve\/site\/wp-content\/uploads\/2023\/01\/airtek-8-300x201.jpg 300w, https:\/\/digital58.com.ve\/site\/wp-content\/uploads\/2023\/01\/airtek-8-768x514.jpg 768w\" sizes=\"auto, (max-width: 800px) 100vw, 800px\" \/><\/a><\/p>\n<p>\u00abTodas las personas que vengan a la oficina del Sambil podr\u00e1n hacer uso de todos las innovaciones. Incluso, hay una parte para hacer prueba de los servicios de <em>streaming<\/em>\u00bb, detall\u00f3 Trujillo.<\/p>\n<p>Trujillo tambi\u00e9n mencion\u00f3 algunas de las cualidades que los hace destacar en cuanto a las empresas de navegaci\u00f3n. \u00abLa experiencia Airtek va m\u00e1s all\u00e1 de realizar un pago o abrir una cuenta, es poder disfrutar de un servicio de calidad y nuevas zonas de innovaci\u00f3n\u00bb, refiri\u00f3.<\/p>\n<p><a href=\"https:\/\/digital58.com.ve\/site\/wp-content\/uploads\/2023\/01\/airtek-7.jpg\"><img loading=\"lazy\" decoding=\"async\" class=\"aligncenter size-full wp-image-161830\" src=\"https:\/\/digital58.com.ve\/site\/wp-content\/uploads\/2023\/01\/airtek-7.jpg\" alt=\"\" width=\"800\" height=\"533\" srcset=\"https:\/\/digital58.com.ve\/site\/wp-content\/uploads\/2023\/01\/airtek-7.jpg 800w, https:\/\/digital58.com.ve\/site\/wp-content\/uploads\/2023\/01\/airtek-7-300x200.jpg 300w, https:\/\/digital58.com.ve\/site\/wp-content\/uploads\/2023\/01\/airtek-7-768x512.jpg 768w\" sizes=\"auto, (max-width: 800px) 100vw, 800px\" \/><\/a><\/p>\n<p>\u00abSomos una familia que brinda un servicio de calidad y que est\u00e1 atenta a las inquietudes del p\u00fablico y una manera de hacerlo es que siempre acercamos al usuario a vivir experiencias. Adem\u00e1s, estamos en los principales y masivos eventos ofreciendo un servicio gratuito. Es decir, para que puedan comprobar la calidad, velocidad y latencia del servicio\u00bb, sum\u00f3 la comunicadora social.<\/p>\n<p><a href=\"https:\/\/digital58.com.ve\/site\/wp-content\/uploads\/2023\/01\/airtek-5.jpg\"><img loading=\"lazy\" decoding=\"async\" class=\"aligncenter size-full wp-image-161835\" src=\"https:\/\/digital58.com.ve\/site\/wp-content\/uploads\/2023\/01\/airtek-5.jpg\" alt=\"\" width=\"800\" height=\"533\" srcset=\"https:\/\/digital58.com.ve\/site\/wp-content\/uploads\/2023\/01\/airtek-5.jpg 800w, https:\/\/digital58.com.ve\/site\/wp-content\/uploads\/2023\/01\/airtek-5-300x200.jpg 300w, https:\/\/digital58.com.ve\/site\/wp-content\/uploads\/2023\/01\/airtek-5-768x512.jpg 768w\" sizes=\"auto, (max-width: 800px) 100vw, 800px\" \/><\/a><\/p>\n<p>Jes\u00fas Andr\u00e9s Romero, representante de Finanzas, detall\u00f3 que la empresa proyecta un gran crecimiento, por lo que las nuevas oficinas son el primer paso para lo que ser\u00e1 un 2023 de mayor alcance.<\/p>\n<p>\u00abLo que queremos es brindar lo mejor para nuestros usuarios. Si bien nuestro servicio de Internet es el mejor de Venezuela, con la apertura de estas oficinas queremos brindar mayor comodidad\u00bb, se\u00f1al\u00f3.<\/p>\n<p>Adem\u00e1s, Romero detall\u00f3 que Airtek est\u00e1 ampliando sus servicios hacia otros estados, por lo que inici\u00f3 operaciones en el estado Falc\u00f3n.<\/p>\n<p><a href=\"https:\/\/digital58.com.ve\/site\/wp-content\/uploads\/2023\/01\/airtek-alcala.jpg\"><img loading=\"lazy\" decoding=\"async\" class=\"aligncenter size-full wp-image-161834\" src=\"https:\/\/digital58.com.ve\/site\/wp-content\/uploads\/2023\/01\/airtek-alcala.jpg\" alt=\"\" width=\"800\" height=\"521\" srcset=\"https:\/\/digital58.com.ve\/site\/wp-content\/uploads\/2023\/01\/airtek-alcala.jpg 800w, https:\/\/digital58.com.ve\/site\/wp-content\/uploads\/2023\/01\/airtek-alcala-300x195.jpg 300w, https:\/\/digital58.com.ve\/site\/wp-content\/uploads\/2023\/01\/airtek-alcala-768x500.jpg 768w\" sizes=\"auto, (max-width: 800px) 100vw, 800px\" \/><\/a><\/p>\n<p>Por su parte, <strong><a href=\"https:\/\/www.instagram.com\/jlalcalar\/\" target=\"_blank\" rel=\"noopener\">Jos\u00e9 Luis Alcal\u00e1<\/a><\/strong>, secretario del gobierno regional destac\u00f3 la importancia del crecimiento de la empresa y felicit\u00f3 el avance que han presentado en tan solo tres a\u00f1os de trabajo.<\/p>\n<p>\u00abQuiero felicitar a Airtek por la apertura de esta nueva tienda en este centro comercial, que le va a permitir a todos los clientes tener un servicio de calidad. Es una compa\u00f1\u00eda que ha tenido un crecimiento enorme en el estado Zulia y ha apostado a lo que el gobernador ha dicho, el Zulia productivo\u00bb, afirm\u00f3.<\/p>\n<p><a href=\"https:\/\/digital58.com.ve\/site\/wp-content\/uploads\/2023\/01\/airtek-goya.jpg\"><img loading=\"lazy\" decoding=\"async\" class=\"aligncenter size-full wp-image-161839\" src=\"https:\/\/digital58.com.ve\/site\/wp-content\/uploads\/2023\/01\/airtek-goya.jpg\" alt=\"\" width=\"800\" height=\"533\" srcset=\"https:\/\/digital58.com.ve\/site\/wp-content\/uploads\/2023\/01\/airtek-goya.jpg 800w, https:\/\/digital58.com.ve\/site\/wp-content\/uploads\/2023\/01\/airtek-goya-300x200.jpg 300w, https:\/\/digital58.com.ve\/site\/wp-content\/uploads\/2023\/01\/airtek-goya-768x512.jpg 768w\" sizes=\"auto, (max-width: 800px) 100vw, 800px\" \/><\/a><\/p>\n<p>La reconocida locutora, publicista y voz marca, Goya Sumoza fue la encargada de dar las palabras de bienvenida antes de la inauguraci\u00f3n oficial de la nueva oficina.<\/p>\n<p><a href=\"https:\/\/digital58.com.ve\/site\/wp-content\/uploads\/2023\/01\/airtek.jpg\"><img loading=\"lazy\" decoding=\"async\" class=\"aligncenter size-full wp-image-161840\" src=\"https:\/\/digital58.com.ve\/site\/wp-content\/uploads\/2023\/01\/airtek.jpg\" alt=\"\" width=\"800\" height=\"536\" srcset=\"https:\/\/digital58.com.ve\/site\/wp-content\/uploads\/2023\/01\/airtek.jpg 800w, https:\/\/digital58.com.ve\/site\/wp-content\/uploads\/2023\/01\/airtek-300x201.jpg 300w, https:\/\/digital58.com.ve\/site\/wp-content\/uploads\/2023\/01\/airtek-768x515.jpg 768w\" sizes=\"auto, (max-width: 800px) 100vw, 800px\" \/><\/a><\/p>\n<p><a href=\"https:\/\/digital58.com.ve\/site\/wp-content\/uploads\/2023\/01\/airtek-2.jpg\"><img loading=\"lazy\" decoding=\"async\" class=\"aligncenter size-full wp-image-161838\" src=\"https:\/\/digital58.com.ve\/site\/wp-content\/uploads\/2023\/01\/airtek-2.jpg\" alt=\"\" width=\"800\" height=\"511\" srcset=\"https:\/\/digital58.com.ve\/site\/wp-content\/uploads\/2023\/01\/airtek-2.jpg 800w, https:\/\/digital58.com.ve\/site\/wp-content\/uploads\/2023\/01\/airtek-2-300x192.jpg 300w, https:\/\/digital58.com.ve\/site\/wp-content\/uploads\/2023\/01\/airtek-2-768x491.jpg 768w\" sizes=\"auto, (max-width: 800px) 100vw, 800px\" \/><\/a><\/p>\n<p><strong>Redacci\u00f3n ND58 | Fuente: Roberth Ar\u00e1mbulo<\/strong><br \/>\n<strong>Edici\u00f3n: Villasmil, Henry<\/strong><br \/>\n<strong>Gr\u00e1ficas: @villasmilhfoto<\/strong><\/p>\n<p>&nbsp;<\/p>\n<p>&nbsp;<\/p>\n<p>&nbsp;<\/p>\n<p>&nbsp;<\/p>\n<p>&nbsp;<\/p>\n<p>&nbsp;<\/p>\n<p>&nbsp;<\/p><div class=\"dhdvs69f4f803cbeca\" ><p style=\"text-align: center;\"><a href=\"https:\/\/t.me\/noticiasdigital58\" target=\"_blank\" rel=\"noopener\"><img class=\"aligncenter size-full wp-image-125363\" src=\"https:\/\/digital58.com.ve\/site\/wp-content\/uploads\/2021\/04\/banner-telegram-web-2021.png\" alt=\"\" width=\"600\" height=\"90\" \/><\/a><\/p><\/div><style type=\"text\/css\">\r\n@media screen and (min-width: 1201px) {\r\n.dhdvs69f4f803cbeca {\r\ndisplay: block;\r\n}\r\n}\r\n@media screen and (min-width: 993px) and (max-width: 1200px) {\r\n.dhdvs69f4f803cbeca {\r\ndisplay: block;\r\n}\r\n}\r\n@media screen and (min-width: 769px) and (max-width: 992px) {\r\n.dhdvs69f4f803cbeca {\r\ndisplay: block;\r\n}\r\n}\r\n@media screen and (min-width: 768px) and (max-width: 768px) {\r\n.dhdvs69f4f803cbeca {\r\ndisplay: block;\r\n}\r\n}\r\n@media screen and (max-width: 767px) {\r\n.dhdvs69f4f803cbeca {\r\ndisplay: block;\r\n}\r\n}\r\n<\/style>\r\n\n<p>&nbsp;<\/p>\n<div style=\"margin-top: 0px; margin-bottom: 0px;\" class=\"sharethis-inline-share-buttons\" ><\/div>","protected":false},"excerpt":{"rendered":"<p>Gracias a estos espacios, los procesos de atenci\u00f3n prometen ser mucho m\u00e1s a menos para todos los clientes, ya que<\/p>\n","protected":false},"author":1,"featured_media":161840,"comment_status":"open","ping_status":"closed","sticky":false,"template":"","format":"standard","meta":{"colormag_page_container_layout":"default_layout","colormag_page_sidebar_layout":"default_layout","_uag_custom_page_level_css":"","footnotes":""},"categories":[5409],"tags":[28619,9801,8679,165,73,233,30233,2354,32,761],"class_list":["post-161827","post","type-post","status-publish","format-standard","has-post-thumbnail","hentry","category-sociales","tag-airtek","tag-centro-comercial-sambil","tag-fibra-optica","tag-inauguraciones","tag-maracaibo","tag-nacionales","tag-proveedores-de-internet","tag-regionales","tag-venezuela","tag-zulia"],"yoast_head":"<!-- This site is optimized with the Yoast SEO plugin v27.5 - https:\/\/yoast.com\/product\/yoast-seo-wordpress\/ -->\n<title>#Maracaibo | Airtek recibe el 2023 con una tienda que se adapta a los est\u00e1ndares internacionales<\/title>\n<meta name=\"robots\" content=\"index, follow, max-snippet:-1, max-image-preview:large, max-video-preview:-1\" \/>\n<link rel=\"canonical\" href=\"https:\/\/digital58.com.ve\/site\/2023\/01\/18\/maracaibo-airtek-recibe-el-2023-con-una-tienda-que-se-adapta-a-los-estandares-internacionales\/\" \/>\n<meta property=\"og:locale\" content=\"es_ES\" \/>\n<meta property=\"og:type\" content=\"article\" \/>\n<meta property=\"og:title\" content=\"#Maracaibo | Airtek recibe el 2023 con una tienda que se adapta a los est\u00e1ndares internacionales\" \/>\n<meta property=\"og:url\" content=\"https:\/\/digital58.com.ve\/site\/2023\/01\/18\/maracaibo-airtek-recibe-el-2023-con-una-tienda-que-se-adapta-a-los-estandares-internacionales\/\" \/>\n<meta property=\"og:site_name\" content=\"Noticias Digital58\" \/>\n<meta property=\"article:published_time\" content=\"2023-01-19T02:30:53+00:00\" \/>\n<meta property=\"og:image\" content=\"https:\/\/i0.wp.com\/digital58.com.ve\/site\/wp-content\/uploads\/2023\/01\/airtek.jpg?fit=800%2C536&ssl=1\" \/>\n\t<meta property=\"og:image:width\" content=\"800\" \/>\n\t<meta property=\"og:image:height\" content=\"536\" \/>\n\t<meta property=\"og:image:type\" content=\"image\/jpeg\" \/>\n<meta name=\"author\" content=\"Villasmil Henry\" \/>\n<meta name=\"twitter:card\" content=\"summary_large_image\" \/>\n<meta name=\"twitter:creator\" content=\"@https:\/\/twitter.com\/villasmilhfoto\" \/>\n<meta name=\"twitter:site\" content=\"@villasmilhfoto\" \/>\n<meta name=\"twitter:label1\" content=\"Escrito por\" \/>\n\t<meta name=\"twitter:data1\" content=\"Villasmil Henry\" \/>\n\t<meta name=\"twitter:label2\" content=\"Tiempo estimado de lectura\" \/>\n\t<meta name=\"twitter:data2\" content=\"4 minutos\" \/>\n<script type=\"application\/ld+json\" class=\"yoast-schema-graph\">{\"@context\":\"https:\\\/\\\/schema.org\",\"@graph\":[{\"@type\":\"Article\",\"@id\":\"https:\\\/\\\/digital58.com.ve\\\/site\\\/2023\\\/01\\\/18\\\/maracaibo-airtek-recibe-el-2023-con-una-tienda-que-se-adapta-a-los-estandares-internacionales\\\/#article\",\"isPartOf\":{\"@id\":\"https:\\\/\\\/digital58.com.ve\\\/site\\\/2023\\\/01\\\/18\\\/maracaibo-airtek-recibe-el-2023-con-una-tienda-que-se-adapta-a-los-estandares-internacionales\\\/\"},\"author\":{\"name\":\"Villasmil Henry\",\"@id\":\"https:\\\/\\\/digital58.com.ve\\\/site\\\/#\\\/schema\\\/person\\\/64d1c2e4d0d4fd1b849980c4331c2951\"},\"headline\":\"#Maracaibo | Airtek recibe el 2023 con una tienda que se adapta a los est\u00e1ndares internacionales\",\"datePublished\":\"2023-01-19T02:30:53+00:00\",\"mainEntityOfPage\":{\"@id\":\"https:\\\/\\\/digital58.com.ve\\\/site\\\/2023\\\/01\\\/18\\\/maracaibo-airtek-recibe-el-2023-con-una-tienda-que-se-adapta-a-los-estandares-internacionales\\\/\"},\"wordCount\":819,\"commentCount\":0,\"publisher\":{\"@id\":\"https:\\\/\\\/digital58.com.ve\\\/site\\\/#\\\/schema\\\/person\\\/64d1c2e4d0d4fd1b849980c4331c2951\"},\"image\":{\"@id\":\"https:\\\/\\\/digital58.com.ve\\\/site\\\/2023\\\/01\\\/18\\\/maracaibo-airtek-recibe-el-2023-con-una-tienda-que-se-adapta-a-los-estandares-internacionales\\\/#primaryimage\"},\"thumbnailUrl\":\"https:\\\/\\\/digital58.com.ve\\\/site\\\/wp-content\\\/uploads\\\/2023\\\/01\\\/airtek.jpg\",\"keywords\":[\"Airtek\",\"Centro Comercial Sambil\",\"Fibra \u00d3ptica\",\"Inauguraciones\",\"Maracaibo\",\"Nacionales\",\"Proveedores de internet\",\"Regionales\",\"Venezuela\",\"Zulia\"],\"articleSection\":[\"Sociales\"],\"inLanguage\":\"es\",\"potentialAction\":[{\"@type\":\"CommentAction\",\"name\":\"Comment\",\"target\":[\"https:\\\/\\\/digital58.com.ve\\\/site\\\/2023\\\/01\\\/18\\\/maracaibo-airtek-recibe-el-2023-con-una-tienda-que-se-adapta-a-los-estandares-internacionales\\\/#respond\"]}]},{\"@type\":\"WebPage\",\"@id\":\"https:\\\/\\\/digital58.com.ve\\\/site\\\/2023\\\/01\\\/18\\\/maracaibo-airtek-recibe-el-2023-con-una-tienda-que-se-adapta-a-los-estandares-internacionales\\\/\",\"url\":\"https:\\\/\\\/digital58.com.ve\\\/site\\\/2023\\\/01\\\/18\\\/maracaibo-airtek-recibe-el-2023-con-una-tienda-que-se-adapta-a-los-estandares-internacionales\\\/\",\"name\":\"#Maracaibo | Airtek recibe el 2023 con una tienda que se adapta a los est\u00e1ndares internacionales\",\"isPartOf\":{\"@id\":\"https:\\\/\\\/digital58.com.ve\\\/site\\\/#website\"},\"primaryImageOfPage\":{\"@id\":\"https:\\\/\\\/digital58.com.ve\\\/site\\\/2023\\\/01\\\/18\\\/maracaibo-airtek-recibe-el-2023-con-una-tienda-que-se-adapta-a-los-estandares-internacionales\\\/#primaryimage\"},\"image\":{\"@id\":\"https:\\\/\\\/digital58.com.ve\\\/site\\\/2023\\\/01\\\/18\\\/maracaibo-airtek-recibe-el-2023-con-una-tienda-que-se-adapta-a-los-estandares-internacionales\\\/#primaryimage\"},\"thumbnailUrl\":\"https:\\\/\\\/digital58.com.ve\\\/site\\\/wp-content\\\/uploads\\\/2023\\\/01\\\/airtek.jpg\",\"datePublished\":\"2023-01-19T02:30:53+00:00\",\"breadcrumb\":{\"@id\":\"https:\\\/\\\/digital58.com.ve\\\/site\\\/2023\\\/01\\\/18\\\/maracaibo-airtek-recibe-el-2023-con-una-tienda-que-se-adapta-a-los-estandares-internacionales\\\/#breadcrumb\"},\"inLanguage\":\"es\",\"potentialAction\":[{\"@type\":\"ReadAction\",\"target\":[\"https:\\\/\\\/digital58.com.ve\\\/site\\\/2023\\\/01\\\/18\\\/maracaibo-airtek-recibe-el-2023-con-una-tienda-que-se-adapta-a-los-estandares-internacionales\\\/\"]}]},{\"@type\":\"ImageObject\",\"inLanguage\":\"es\",\"@id\":\"https:\\\/\\\/digital58.com.ve\\\/site\\\/2023\\\/01\\\/18\\\/maracaibo-airtek-recibe-el-2023-con-una-tienda-que-se-adapta-a-los-estandares-internacionales\\\/#primaryimage\",\"url\":\"https:\\\/\\\/digital58.com.ve\\\/site\\\/wp-content\\\/uploads\\\/2023\\\/01\\\/airtek.jpg\",\"contentUrl\":\"https:\\\/\\\/digital58.com.ve\\\/site\\\/wp-content\\\/uploads\\\/2023\\\/01\\\/airtek.jpg\",\"width\":800,\"height\":536},{\"@type\":\"BreadcrumbList\",\"@id\":\"https:\\\/\\\/digital58.com.ve\\\/site\\\/2023\\\/01\\\/18\\\/maracaibo-airtek-recibe-el-2023-con-una-tienda-que-se-adapta-a-los-estandares-internacionales\\\/#breadcrumb\",\"itemListElement\":[{\"@type\":\"ListItem\",\"position\":1,\"name\":\"Home\",\"item\":\"https:\\\/\\\/digital58.com.ve\\\/site\\\/\"},{\"@type\":\"ListItem\",\"position\":2,\"name\":\"#Maracaibo | Airtek recibe el 2023 con una tienda que se adapta a los est\u00e1ndares internacionales\"}]},{\"@type\":\"WebSite\",\"@id\":\"https:\\\/\\\/digital58.com.ve\\\/site\\\/#website\",\"url\":\"https:\\\/\\\/digital58.com.ve\\\/site\\\/\",\"name\":\"Noticias Digital58\",\"description\":\"Portal de Noticias \u00a1Periodismo web de verdad! Lanzamiento web 22.11.2005 \\\/ Maracaibo, Venezuela\",\"publisher\":{\"@id\":\"https:\\\/\\\/digital58.com.ve\\\/site\\\/#\\\/schema\\\/person\\\/64d1c2e4d0d4fd1b849980c4331c2951\"},\"alternateName\":\"ND58\",\"potentialAction\":[{\"@type\":\"SearchAction\",\"target\":{\"@type\":\"EntryPoint\",\"urlTemplate\":\"https:\\\/\\\/digital58.com.ve\\\/site\\\/?s={search_term_string}\"},\"query-input\":{\"@type\":\"PropertyValueSpecification\",\"valueRequired\":true,\"valueName\":\"search_term_string\"}}],\"inLanguage\":\"es\"},{\"@type\":[\"Person\",\"Organization\"],\"@id\":\"https:\\\/\\\/digital58.com.ve\\\/site\\\/#\\\/schema\\\/person\\\/64d1c2e4d0d4fd1b849980c4331c2951\",\"name\":\"Villasmil Henry\",\"image\":{\"@type\":\"ImageObject\",\"inLanguage\":\"es\",\"@id\":\"https:\\\/\\\/secure.gravatar.com\\\/avatar\\\/bb0c4a2fcb7970138239f7e404ea75757b1b507b28b5ce4c53fbd62d797c5a7c?s=96&d=mm&r=g\",\"url\":\"https:\\\/\\\/secure.gravatar.com\\\/avatar\\\/bb0c4a2fcb7970138239f7e404ea75757b1b507b28b5ce4c53fbd62d797c5a7c?s=96&d=mm&r=g\",\"contentUrl\":\"https:\\\/\\\/secure.gravatar.com\\\/avatar\\\/bb0c4a2fcb7970138239f7e404ea75757b1b507b28b5ce4c53fbd62d797c5a7c?s=96&d=mm&r=g\",\"caption\":\"Villasmil Henry\"},\"logo\":{\"@id\":\"https:\\\/\\\/secure.gravatar.com\\\/avatar\\\/bb0c4a2fcb7970138239f7e404ea75757b1b507b28b5ce4c53fbd62d797c5a7c?s=96&d=mm&r=g\"},\"sameAs\":[\"http:\\\/\\\/www.henryvillasmil.com.ve\",\"https:\\\/\\\/www.instagram.com\\\/villasmilhfoto\\\/\",\"https:\\\/\\\/x.com\\\/https:\\\/\\\/twitter.com\\\/villasmilhfoto\"],\"url\":\"https:\\\/\\\/digital58.com.ve\\\/site\\\/author\\\/droopy_68\\\/\"}]}<\/script>\n<!-- \/ Yoast SEO plugin. -->","yoast_head_json":{"title":"#Maracaibo | Airtek recibe el 2023 con una tienda que se adapta a los est\u00e1ndares internacionales","robots":{"index":"index","follow":"follow","max-snippet":"max-snippet:-1","max-image-preview":"max-image-preview:large","max-video-preview":"max-video-preview:-1"},"canonical":"https:\/\/digital58.com.ve\/site\/2023\/01\/18\/maracaibo-airtek-recibe-el-2023-con-una-tienda-que-se-adapta-a-los-estandares-internacionales\/","og_locale":"es_ES","og_type":"article","og_title":"#Maracaibo | Airtek recibe el 2023 con una tienda que se adapta a los est\u00e1ndares internacionales","og_url":"https:\/\/digital58.com.ve\/site\/2023\/01\/18\/maracaibo-airtek-recibe-el-2023-con-una-tienda-que-se-adapta-a-los-estandares-internacionales\/","og_site_name":"Noticias Digital58","article_published_time":"2023-01-19T02:30:53+00:00","og_image":[{"width":800,"height":536,"url":"https:\/\/i0.wp.com\/digital58.com.ve\/site\/wp-content\/uploads\/2023\/01\/airtek.jpg?fit=800%2C536&ssl=1","type":"image\/jpeg"}],"author":"Villasmil Henry","twitter_card":"summary_large_image","twitter_creator":"@https:\/\/twitter.com\/villasmilhfoto","twitter_site":"@villasmilhfoto","twitter_misc":{"Escrito por":"Villasmil Henry","Tiempo estimado de lectura":"4 minutos"},"schema":{"@context":"https:\/\/schema.org","@graph":[{"@type":"Article","@id":"https:\/\/digital58.com.ve\/site\/2023\/01\/18\/maracaibo-airtek-recibe-el-2023-con-una-tienda-que-se-adapta-a-los-estandares-internacionales\/#article","isPartOf":{"@id":"https:\/\/digital58.com.ve\/site\/2023\/01\/18\/maracaibo-airtek-recibe-el-2023-con-una-tienda-que-se-adapta-a-los-estandares-internacionales\/"},"author":{"name":"Villasmil Henry","@id":"https:\/\/digital58.com.ve\/site\/#\/schema\/person\/64d1c2e4d0d4fd1b849980c4331c2951"},"headline":"#Maracaibo | Airtek recibe el 2023 con una tienda que se adapta a los est\u00e1ndares internacionales","datePublished":"2023-01-19T02:30:53+00:00","mainEntityOfPage":{"@id":"https:\/\/digital58.com.ve\/site\/2023\/01\/18\/maracaibo-airtek-recibe-el-2023-con-una-tienda-que-se-adapta-a-los-estandares-internacionales\/"},"wordCount":819,"commentCount":0,"publisher":{"@id":"https:\/\/digital58.com.ve\/site\/#\/schema\/person\/64d1c2e4d0d4fd1b849980c4331c2951"},"image":{"@id":"https:\/\/digital58.com.ve\/site\/2023\/01\/18\/maracaibo-airtek-recibe-el-2023-con-una-tienda-que-se-adapta-a-los-estandares-internacionales\/#primaryimage"},"thumbnailUrl":"https:\/\/digital58.com.ve\/site\/wp-content\/uploads\/2023\/01\/airtek.jpg","keywords":["Airtek","Centro Comercial Sambil","Fibra \u00d3ptica","Inauguraciones","Maracaibo","Nacionales","Proveedores de internet","Regionales","Venezuela","Zulia"],"articleSection":["Sociales"],"inLanguage":"es","potentialAction":[{"@type":"CommentAction","name":"Comment","target":["https:\/\/digital58.com.ve\/site\/2023\/01\/18\/maracaibo-airtek-recibe-el-2023-con-una-tienda-que-se-adapta-a-los-estandares-internacionales\/#respond"]}]},{"@type":"WebPage","@id":"https:\/\/digital58.com.ve\/site\/2023\/01\/18\/maracaibo-airtek-recibe-el-2023-con-una-tienda-que-se-adapta-a-los-estandares-internacionales\/","url":"https:\/\/digital58.com.ve\/site\/2023\/01\/18\/maracaibo-airtek-recibe-el-2023-con-una-tienda-que-se-adapta-a-los-estandares-internacionales\/","name":"#Maracaibo | Airtek recibe el 2023 con una tienda que se adapta a los est\u00e1ndares internacionales","isPartOf":{"@id":"https:\/\/digital58.com.ve\/site\/#website"},"primaryImageOfPage":{"@id":"https:\/\/digital58.com.ve\/site\/2023\/01\/18\/maracaibo-airtek-recibe-el-2023-con-una-tienda-que-se-adapta-a-los-estandares-internacionales\/#primaryimage"},"image":{"@id":"https:\/\/digital58.com.ve\/site\/2023\/01\/18\/maracaibo-airtek-recibe-el-2023-con-una-tienda-que-se-adapta-a-los-estandares-internacionales\/#primaryimage"},"thumbnailUrl":"https:\/\/digital58.com.ve\/site\/wp-content\/uploads\/2023\/01\/airtek.jpg","datePublished":"2023-01-19T02:30:53+00:00","breadcrumb":{"@id":"https:\/\/digital58.com.ve\/site\/2023\/01\/18\/maracaibo-airtek-recibe-el-2023-con-una-tienda-que-se-adapta-a-los-estandares-internacionales\/#breadcrumb"},"inLanguage":"es","potentialAction":[{"@type":"ReadAction","target":["https:\/\/digital58.com.ve\/site\/2023\/01\/18\/maracaibo-airtek-recibe-el-2023-con-una-tienda-que-se-adapta-a-los-estandares-internacionales\/"]}]},{"@type":"ImageObject","inLanguage":"es","@id":"https:\/\/digital58.com.ve\/site\/2023\/01\/18\/maracaibo-airtek-recibe-el-2023-con-una-tienda-que-se-adapta-a-los-estandares-internacionales\/#primaryimage","url":"https:\/\/digital58.com.ve\/site\/wp-content\/uploads\/2023\/01\/airtek.jpg","contentUrl":"https:\/\/digital58.com.ve\/site\/wp-content\/uploads\/2023\/01\/airtek.jpg","width":800,"height":536},{"@type":"BreadcrumbList","@id":"https:\/\/digital58.com.ve\/site\/2023\/01\/18\/maracaibo-airtek-recibe-el-2023-con-una-tienda-que-se-adapta-a-los-estandares-internacionales\/#breadcrumb","itemListElement":[{"@type":"ListItem","position":1,"name":"Home","item":"https:\/\/digital58.com.ve\/site\/"},{"@type":"ListItem","position":2,"name":"#Maracaibo | Airtek recibe el 2023 con una tienda que se adapta a los est\u00e1ndares internacionales"}]},{"@type":"WebSite","@id":"https:\/\/digital58.com.ve\/site\/#website","url":"https:\/\/digital58.com.ve\/site\/","name":"Noticias Digital58","description":"Portal de Noticias \u00a1Periodismo web de verdad! Lanzamiento web 22.11.2005 \/ Maracaibo, Venezuela","publisher":{"@id":"https:\/\/digital58.com.ve\/site\/#\/schema\/person\/64d1c2e4d0d4fd1b849980c4331c2951"},"alternateName":"ND58","potentialAction":[{"@type":"SearchAction","target":{"@type":"EntryPoint","urlTemplate":"https:\/\/digital58.com.ve\/site\/?s={search_term_string}"},"query-input":{"@type":"PropertyValueSpecification","valueRequired":true,"valueName":"search_term_string"}}],"inLanguage":"es"},{"@type":["Person","Organization"],"@id":"https:\/\/digital58.com.ve\/site\/#\/schema\/person\/64d1c2e4d0d4fd1b849980c4331c2951","name":"Villasmil Henry","image":{"@type":"ImageObject","inLanguage":"es","@id":"https:\/\/secure.gravatar.com\/avatar\/bb0c4a2fcb7970138239f7e404ea75757b1b507b28b5ce4c53fbd62d797c5a7c?s=96&d=mm&r=g","url":"https:\/\/secure.gravatar.com\/avatar\/bb0c4a2fcb7970138239f7e404ea75757b1b507b28b5ce4c53fbd62d797c5a7c?s=96&d=mm&r=g","contentUrl":"https:\/\/secure.gravatar.com\/avatar\/bb0c4a2fcb7970138239f7e404ea75757b1b507b28b5ce4c53fbd62d797c5a7c?s=96&d=mm&r=g","caption":"Villasmil Henry"},"logo":{"@id":"https:\/\/secure.gravatar.com\/avatar\/bb0c4a2fcb7970138239f7e404ea75757b1b507b28b5ce4c53fbd62d797c5a7c?s=96&d=mm&r=g"},"sameAs":["http:\/\/www.henryvillasmil.com.ve","https:\/\/www.instagram.com\/villasmilhfoto\/","https:\/\/x.com\/https:\/\/twitter.com\/villasmilhfoto"],"url":"https:\/\/digital58.com.ve\/site\/author\/droopy_68\/"}]}},"uagb_featured_image_src":{"full":["https:\/\/digital58.com.ve\/site\/wp-content\/uploads\/2023\/01\/airtek.jpg",800,536,false],"thumbnail":["https:\/\/digital58.com.ve\/site\/wp-content\/uploads\/2023\/01\/airtek-150x150.jpg",150,150,true],"medium":["https:\/\/digital58.com.ve\/site\/wp-content\/uploads\/2023\/01\/airtek-300x201.jpg",300,201,true],"medium_large":["https:\/\/digital58.com.ve\/site\/wp-content\/uploads\/2023\/01\/airtek-768x515.jpg",768,515,true],"large":["https:\/\/digital58.com.ve\/site\/wp-content\/uploads\/2023\/01\/airtek.jpg",800,536,false],"1536x1536":["https:\/\/digital58.com.ve\/site\/wp-content\/uploads\/2023\/01\/airtek.jpg",800,536,false],"2048x2048":["https:\/\/digital58.com.ve\/site\/wp-content\/uploads\/2023\/01\/airtek.jpg",800,536,false],"colormag-highlighted-post":["https:\/\/digital58.com.ve\/site\/wp-content\/uploads\/2023\/01\/airtek-392x272.jpg",392,272,true],"colormag-featured-post-medium":["https:\/\/digital58.com.ve\/site\/wp-content\/uploads\/2023\/01\/airtek-390x205.jpg",390,205,true],"colormag-featured-post-small":["https:\/\/digital58.com.ve\/site\/wp-content\/uploads\/2023\/01\/airtek-130x90.jpg",130,90,true],"colormag-featured-image":["https:\/\/digital58.com.ve\/site\/wp-content\/uploads\/2023\/01\/airtek-800x445.jpg",800,445,true],"colormag-default-news":["https:\/\/digital58.com.ve\/site\/wp-content\/uploads\/2023\/01\/airtek.jpg",150,101,false],"colormag-featured-image-large":["https:\/\/digital58.com.ve\/site\/wp-content\/uploads\/2023\/01\/airtek.jpg",800,536,false]},"uagb_author_info":{"display_name":"Villasmil Henry","author_link":"https:\/\/digital58.com.ve\/site\/author\/droopy_68\/"},"uagb_comment_info":0,"uagb_excerpt":"Gracias a estos espacios, los procesos de atenci\u00f3n prometen ser mucho m\u00e1s a menos para todos los clientes, ya que","_links":{"self":[{"href":"https:\/\/digital58.com.ve\/site\/wp-json\/wp\/v2\/posts\/161827","targetHints":{"allow":["GET"]}}],"collection":[{"href":"https:\/\/digital58.com.ve\/site\/wp-json\/wp\/v2\/posts"}],"about":[{"href":"https:\/\/digital58.com.ve\/site\/wp-json\/wp\/v2\/types\/post"}],"author":[{"embeddable":true,"href":"https:\/\/digital58.com.ve\/site\/wp-json\/wp\/v2\/users\/1"}],"replies":[{"embeddable":true,"href":"https:\/\/digital58.com.ve\/site\/wp-json\/wp\/v2\/comments?post=161827"}],"version-history":[{"count":0,"href":"https:\/\/digital58.com.ve\/site\/wp-json\/wp\/v2\/posts\/161827\/revisions"}],"wp:featuredmedia":[{"embeddable":true,"href":"https:\/\/digital58.com.ve\/site\/wp-json\/wp\/v2\/media\/161840"}],"wp:attachment":[{"href":"https:\/\/digital58.com.ve\/site\/wp-json\/wp\/v2\/media?parent=161827"}],"wp:term":[{"taxonomy":"category","embeddable":true,"href":"https:\/\/digital58.com.ve\/site\/wp-json\/wp\/v2\/categories?post=161827"},{"taxonomy":"post_tag","embeddable":true,"href":"https:\/\/digital58.com.ve\/site\/wp-json\/wp\/v2\/tags?post=161827"}],"curies":[{"name":"wp","href":"https:\/\/api.w.org\/{rel}","templated":true}]}}