{"id":161893,"date":"2023-01-20T23:28:27","date_gmt":"2023-01-21T03:28:27","guid":{"rendered":"https:\/\/digital58.com.ve\/site\/?p=161893"},"modified":"2023-01-20T23:28:27","modified_gmt":"2023-01-21T03:28:27","slug":"clez-discutira-el-cambio-de-nombres-de-algunas-parroquias-en-el-estado-zulia","status":"publish","type":"post","link":"https:\/\/digital58.com.ve\/site\/2023\/01\/20\/clez-discutira-el-cambio-de-nombres-de-algunas-parroquias-en-el-estado-zulia\/","title":{"rendered":"Clez discutir\u00e1 el cambio de nombres de algunas parroquias en el estado Zulia"},"content":{"rendered":"<p><a href=\"https:\/\/digital58.com.ve\/site\/wp-content\/uploads\/2023\/01\/clez.jpg\"><img loading=\"lazy\" decoding=\"async\" class=\"aligncenter size-full wp-image-161894\" src=\"https:\/\/digital58.com.ve\/site\/wp-content\/uploads\/2023\/01\/clez.jpg\" alt=\"\" width=\"800\" height=\"530\" srcset=\"https:\/\/digital58.com.ve\/site\/wp-content\/uploads\/2023\/01\/clez.jpg 800w, https:\/\/digital58.com.ve\/site\/wp-content\/uploads\/2023\/01\/clez-300x199.jpg 300w, https:\/\/digital58.com.ve\/site\/wp-content\/uploads\/2023\/01\/clez-768x509.jpg 768w\" sizes=\"auto, (max-width: 800px) 100vw, 800px\" \/><\/a><\/p>\n<p>El presidente de la Comisi\u00f3n del Poder Popular para la Geometr\u00eda del Poder y Soberan\u00eda Territorial del Estado en el Consejo Legislativo del Estado Zulia (Clez), Otto Pi\u00f1ero, inform\u00f3 que desde esta delegaci\u00f3n se comenzar\u00e1 en este 2023 a trabajar en las propuestas realizadas por algunos municipios de la entidad para hacer el cambio de nombre a algunas parroquias.<\/p>\n<p><strong>Maracaibo, Zulia, Venezuela, 20 de enero de 2023 (ND58).-<\/strong> Pi\u00f1ero se refiri\u00f3 a lo solicitud realizada por parte del Municipio Cabimas que desean el cambio de nombre a dos parroquias como la parroquia Hugo Ch\u00e1vez Fr\u00edas para que pase a tener por nombre R\u00f3mulo Betancourt y la parroquia Miguel Lara se llame Ar\u00edstides Calvanis; de igual manera, en el Municipio Santa Rita existe una petici\u00f3n formal para la creaci\u00f3n de una parroquia que lleve por nombre San Jos\u00e9 de Puerto Escondido.<\/p>\n<p>\u00abSeguimos avanzando y trabajando para el desarrollo del Zulia productivo y as\u00ed devolverle la alegr\u00eda al pueblo zuliano. Estamos escuchando las peticiones de los ciudadanos y como Poder Legislativo electo por el pueblo, estamos evaluando estas solicitudes\u00bb, expres\u00f3 Pi\u00f1ero.<\/p>\n<p><strong>Caso Lagunillas<\/strong><\/p>\n<p>El pasado 10 de noviembre del a\u00f1o 2022, fue recibido en el parlamento regional por solicitud del Alcalde del Municipio Lagunillas, Jos\u00e9 Mosquera y el cuerpo de concejales presidido en su momento por, Carlosman Leal, la petici\u00f3n para que se le devuelva el nombre a la capital lagunillense, la cual actualmente lleva por nombre, General en Jefe Rafael Urdaneta y le sea cambiado el nombre de la ciudad; de igual manera, se requiri\u00f3 hacer el cambio de nombre a la parroquia Paraute a Alonso de Ojeda.<\/p>\n<p>El presidente de la Comisi\u00f3n del Poder Popular para la Geometr\u00eda del Poder y Soberan\u00eda Territorial del Estado del Clez, Otto Pi\u00f1ero, acot\u00f3 que ya se comenz\u00f3 a realizar el tr\u00e1mite correspondiente de ley a estas solicitudes y que en las pr\u00f3ximas semanas se har\u00e1 todo lo referente a la introducci\u00f3n de la moci\u00f3n para la modificaci\u00f3n de la Ley de Divisi\u00f3n Pol\u00edtico Territorial y as\u00ed cumplir con lo que nos solicita el Municipio Lagunillas.<\/p>\n<p><strong>Redacci\u00f3n ND58 | Fuente: Prensa @clezulia<\/strong><br \/>\n<strong>Edici\u00f3n: Villasmil, Henry<\/strong><br \/>\n<strong>Gr\u00e1fica: Cortes\u00eda<\/strong><\/p>\n<p>&nbsp;<\/p><div class=\"smnrk69f2ab8934597\" ><p style=\"text-align: center;\"><a href=\"https:\/\/t.me\/noticiasdigital58\" target=\"_blank\" rel=\"noopener\"><img class=\"aligncenter size-full wp-image-125363\" src=\"https:\/\/digital58.com.ve\/site\/wp-content\/uploads\/2021\/04\/banner-telegram-web-2021.png\" alt=\"\" width=\"600\" height=\"90\" \/><\/a><\/p><\/div><style type=\"text\/css\">\r\n@media screen and (min-width: 1201px) {\r\n.smnrk69f2ab8934597 {\r\ndisplay: block;\r\n}\r\n}\r\n@media screen and (min-width: 993px) and (max-width: 1200px) {\r\n.smnrk69f2ab8934597 {\r\ndisplay: block;\r\n}\r\n}\r\n@media screen and (min-width: 769px) and (max-width: 992px) {\r\n.smnrk69f2ab8934597 {\r\ndisplay: block;\r\n}\r\n}\r\n@media screen and (min-width: 768px) and (max-width: 768px) {\r\n.smnrk69f2ab8934597 {\r\ndisplay: block;\r\n}\r\n}\r\n@media screen and (max-width: 767px) {\r\n.smnrk69f2ab8934597 {\r\ndisplay: block;\r\n}\r\n}\r\n<\/style>\r\n\n<p>&nbsp;<\/p>\n<div style=\"margin-top: 0px; margin-bottom: 0px;\" class=\"sharethis-inline-share-buttons\" ><\/div>","protected":false},"excerpt":{"rendered":"<p>El presidente de la Comisi\u00f3n del Poder Popular para la Geometr\u00eda del Poder y Soberan\u00eda Territorial del Estado en el<\/p>\n","protected":false},"author":1,"featured_media":161894,"comment_status":"open","ping_status":"closed","sticky":false,"template":"","format":"standard","meta":{"colormag_page_container_layout":"default_layout","colormag_page_sidebar_layout":"default_layout","_uag_custom_page_level_css":"","footnotes":""},"categories":[14504],"tags":[3475,19406,73,30251,28220,2354,32],"class_list":["post-161893","post","type-post","status-publish","format-standard","has-post-thumbnail","hentry","category-zulia","tag-clez","tag-consejo-legislativo-del-estado-zulia","tag-maracaibo","tag-nombre-de-parroquias","tag-otto-pinero","tag-regionales","tag-venezuela"],"yoast_head":"<!-- This site is optimized with the Yoast SEO plugin v27.5 - https:\/\/yoast.com\/product\/yoast-seo-wordpress\/ -->\n<title>Clez discutir\u00e1 el cambio de nombres de algunas parroquias en el estado Zulia<\/title>\n<meta name=\"robots\" content=\"index, follow, max-snippet:-1, max-image-preview:large, max-video-preview:-1\" \/>\n<link rel=\"canonical\" href=\"https:\/\/digital58.com.ve\/site\/2023\/01\/20\/clez-discutira-el-cambio-de-nombres-de-algunas-parroquias-en-el-estado-zulia\/\" \/>\n<meta property=\"og:locale\" content=\"es_ES\" \/>\n<meta property=\"og:type\" content=\"article\" \/>\n<meta property=\"og:title\" content=\"Clez discutir\u00e1 el cambio de nombres de algunas parroquias en el estado Zulia\" \/>\n<meta property=\"og:url\" content=\"https:\/\/digital58.com.ve\/site\/2023\/01\/20\/clez-discutira-el-cambio-de-nombres-de-algunas-parroquias-en-el-estado-zulia\/\" \/>\n<meta property=\"og:site_name\" content=\"Noticias Digital58\" \/>\n<meta property=\"article:published_time\" content=\"2023-01-21T03:28:27+00:00\" \/>\n<meta property=\"og:image\" content=\"https:\/\/i0.wp.com\/digital58.com.ve\/site\/wp-content\/uploads\/2023\/01\/clez.jpg?fit=800%2C530&ssl=1\" \/>\n\t<meta property=\"og:image:width\" content=\"800\" \/>\n\t<meta property=\"og:image:height\" content=\"530\" \/>\n\t<meta property=\"og:image:type\" content=\"image\/jpeg\" \/>\n<meta name=\"author\" content=\"Villasmil Henry\" \/>\n<meta name=\"twitter:card\" content=\"summary_large_image\" \/>\n<meta name=\"twitter:creator\" content=\"@https:\/\/twitter.com\/villasmilhfoto\" \/>\n<meta name=\"twitter:site\" content=\"@villasmilhfoto\" \/>\n<meta name=\"twitter:label1\" content=\"Escrito por\" \/>\n\t<meta name=\"twitter:data1\" content=\"Villasmil Henry\" \/>\n\t<meta name=\"twitter:label2\" content=\"Tiempo estimado de lectura\" \/>\n\t<meta name=\"twitter:data2\" content=\"2 minutos\" \/>\n<script type=\"application\/ld+json\" class=\"yoast-schema-graph\">{\"@context\":\"https:\\\/\\\/schema.org\",\"@graph\":[{\"@type\":\"Article\",\"@id\":\"https:\\\/\\\/digital58.com.ve\\\/site\\\/2023\\\/01\\\/20\\\/clez-discutira-el-cambio-de-nombres-de-algunas-parroquias-en-el-estado-zulia\\\/#article\",\"isPartOf\":{\"@id\":\"https:\\\/\\\/digital58.com.ve\\\/site\\\/2023\\\/01\\\/20\\\/clez-discutira-el-cambio-de-nombres-de-algunas-parroquias-en-el-estado-zulia\\\/\"},\"author\":{\"name\":\"Villasmil Henry\",\"@id\":\"https:\\\/\\\/digital58.com.ve\\\/site\\\/#\\\/schema\\\/person\\\/64d1c2e4d0d4fd1b849980c4331c2951\"},\"headline\":\"Clez discutir\u00e1 el cambio de nombres de algunas parroquias en el estado Zulia\",\"datePublished\":\"2023-01-21T03:28:27+00:00\",\"mainEntityOfPage\":{\"@id\":\"https:\\\/\\\/digital58.com.ve\\\/site\\\/2023\\\/01\\\/20\\\/clez-discutira-el-cambio-de-nombres-de-algunas-parroquias-en-el-estado-zulia\\\/\"},\"wordCount\":394,\"commentCount\":0,\"publisher\":{\"@id\":\"https:\\\/\\\/digital58.com.ve\\\/site\\\/#\\\/schema\\\/person\\\/64d1c2e4d0d4fd1b849980c4331c2951\"},\"image\":{\"@id\":\"https:\\\/\\\/digital58.com.ve\\\/site\\\/2023\\\/01\\\/20\\\/clez-discutira-el-cambio-de-nombres-de-algunas-parroquias-en-el-estado-zulia\\\/#primaryimage\"},\"thumbnailUrl\":\"https:\\\/\\\/digital58.com.ve\\\/site\\\/wp-content\\\/uploads\\\/2023\\\/01\\\/clez.jpg\",\"keywords\":[\"Clez\",\"Consejo Legislativo del estado Zulia\",\"Maracaibo\",\"Nombre de parroquias\",\"Otto Pi\u00f1ero\",\"Regionales\",\"Venezuela\"],\"articleSection\":[\"Zulia\"],\"inLanguage\":\"es\",\"potentialAction\":[{\"@type\":\"CommentAction\",\"name\":\"Comment\",\"target\":[\"https:\\\/\\\/digital58.com.ve\\\/site\\\/2023\\\/01\\\/20\\\/clez-discutira-el-cambio-de-nombres-de-algunas-parroquias-en-el-estado-zulia\\\/#respond\"]}]},{\"@type\":\"WebPage\",\"@id\":\"https:\\\/\\\/digital58.com.ve\\\/site\\\/2023\\\/01\\\/20\\\/clez-discutira-el-cambio-de-nombres-de-algunas-parroquias-en-el-estado-zulia\\\/\",\"url\":\"https:\\\/\\\/digital58.com.ve\\\/site\\\/2023\\\/01\\\/20\\\/clez-discutira-el-cambio-de-nombres-de-algunas-parroquias-en-el-estado-zulia\\\/\",\"name\":\"Clez discutir\u00e1 el cambio de nombres de algunas parroquias en el estado Zulia\",\"isPartOf\":{\"@id\":\"https:\\\/\\\/digital58.com.ve\\\/site\\\/#website\"},\"primaryImageOfPage\":{\"@id\":\"https:\\\/\\\/digital58.com.ve\\\/site\\\/2023\\\/01\\\/20\\\/clez-discutira-el-cambio-de-nombres-de-algunas-parroquias-en-el-estado-zulia\\\/#primaryimage\"},\"image\":{\"@id\":\"https:\\\/\\\/digital58.com.ve\\\/site\\\/2023\\\/01\\\/20\\\/clez-discutira-el-cambio-de-nombres-de-algunas-parroquias-en-el-estado-zulia\\\/#primaryimage\"},\"thumbnailUrl\":\"https:\\\/\\\/digital58.com.ve\\\/site\\\/wp-content\\\/uploads\\\/2023\\\/01\\\/clez.jpg\",\"datePublished\":\"2023-01-21T03:28:27+00:00\",\"breadcrumb\":{\"@id\":\"https:\\\/\\\/digital58.com.ve\\\/site\\\/2023\\\/01\\\/20\\\/clez-discutira-el-cambio-de-nombres-de-algunas-parroquias-en-el-estado-zulia\\\/#breadcrumb\"},\"inLanguage\":\"es\",\"potentialAction\":[{\"@type\":\"ReadAction\",\"target\":[\"https:\\\/\\\/digital58.com.ve\\\/site\\\/2023\\\/01\\\/20\\\/clez-discutira-el-cambio-de-nombres-de-algunas-parroquias-en-el-estado-zulia\\\/\"]}]},{\"@type\":\"ImageObject\",\"inLanguage\":\"es\",\"@id\":\"https:\\\/\\\/digital58.com.ve\\\/site\\\/2023\\\/01\\\/20\\\/clez-discutira-el-cambio-de-nombres-de-algunas-parroquias-en-el-estado-zulia\\\/#primaryimage\",\"url\":\"https:\\\/\\\/digital58.com.ve\\\/site\\\/wp-content\\\/uploads\\\/2023\\\/01\\\/clez.jpg\",\"contentUrl\":\"https:\\\/\\\/digital58.com.ve\\\/site\\\/wp-content\\\/uploads\\\/2023\\\/01\\\/clez.jpg\",\"width\":800,\"height\":530},{\"@type\":\"BreadcrumbList\",\"@id\":\"https:\\\/\\\/digital58.com.ve\\\/site\\\/2023\\\/01\\\/20\\\/clez-discutira-el-cambio-de-nombres-de-algunas-parroquias-en-el-estado-zulia\\\/#breadcrumb\",\"itemListElement\":[{\"@type\":\"ListItem\",\"position\":1,\"name\":\"Home\",\"item\":\"https:\\\/\\\/digital58.com.ve\\\/site\\\/\"},{\"@type\":\"ListItem\",\"position\":2,\"name\":\"Clez discutir\u00e1 el cambio de nombres de algunas parroquias en el estado Zulia\"}]},{\"@type\":\"WebSite\",\"@id\":\"https:\\\/\\\/digital58.com.ve\\\/site\\\/#website\",\"url\":\"https:\\\/\\\/digital58.com.ve\\\/site\\\/\",\"name\":\"Noticias Digital58\",\"description\":\"Portal de Noticias \u00a1Periodismo web de verdad! Lanzamiento web 22.11.2005 \\\/ Maracaibo, Venezuela\",\"publisher\":{\"@id\":\"https:\\\/\\\/digital58.com.ve\\\/site\\\/#\\\/schema\\\/person\\\/64d1c2e4d0d4fd1b849980c4331c2951\"},\"alternateName\":\"ND58\",\"potentialAction\":[{\"@type\":\"SearchAction\",\"target\":{\"@type\":\"EntryPoint\",\"urlTemplate\":\"https:\\\/\\\/digital58.com.ve\\\/site\\\/?s={search_term_string}\"},\"query-input\":{\"@type\":\"PropertyValueSpecification\",\"valueRequired\":true,\"valueName\":\"search_term_string\"}}],\"inLanguage\":\"es\"},{\"@type\":[\"Person\",\"Organization\"],\"@id\":\"https:\\\/\\\/digital58.com.ve\\\/site\\\/#\\\/schema\\\/person\\\/64d1c2e4d0d4fd1b849980c4331c2951\",\"name\":\"Villasmil Henry\",\"image\":{\"@type\":\"ImageObject\",\"inLanguage\":\"es\",\"@id\":\"https:\\\/\\\/secure.gravatar.com\\\/avatar\\\/bb0c4a2fcb7970138239f7e404ea75757b1b507b28b5ce4c53fbd62d797c5a7c?s=96&d=mm&r=g\",\"url\":\"https:\\\/\\\/secure.gravatar.com\\\/avatar\\\/bb0c4a2fcb7970138239f7e404ea75757b1b507b28b5ce4c53fbd62d797c5a7c?s=96&d=mm&r=g\",\"contentUrl\":\"https:\\\/\\\/secure.gravatar.com\\\/avatar\\\/bb0c4a2fcb7970138239f7e404ea75757b1b507b28b5ce4c53fbd62d797c5a7c?s=96&d=mm&r=g\",\"caption\":\"Villasmil Henry\"},\"logo\":{\"@id\":\"https:\\\/\\\/secure.gravatar.com\\\/avatar\\\/bb0c4a2fcb7970138239f7e404ea75757b1b507b28b5ce4c53fbd62d797c5a7c?s=96&d=mm&r=g\"},\"sameAs\":[\"http:\\\/\\\/www.henryvillasmil.com.ve\",\"https:\\\/\\\/www.instagram.com\\\/villasmilhfoto\\\/\",\"https:\\\/\\\/x.com\\\/https:\\\/\\\/twitter.com\\\/villasmilhfoto\"],\"url\":\"https:\\\/\\\/digital58.com.ve\\\/site\\\/author\\\/droopy_68\\\/\"}]}<\/script>\n<!-- \/ Yoast SEO plugin. -->","yoast_head_json":{"title":"Clez discutir\u00e1 el cambio de nombres de algunas parroquias en el estado Zulia","robots":{"index":"index","follow":"follow","max-snippet":"max-snippet:-1","max-image-preview":"max-image-preview:large","max-video-preview":"max-video-preview:-1"},"canonical":"https:\/\/digital58.com.ve\/site\/2023\/01\/20\/clez-discutira-el-cambio-de-nombres-de-algunas-parroquias-en-el-estado-zulia\/","og_locale":"es_ES","og_type":"article","og_title":"Clez discutir\u00e1 el cambio de nombres de algunas parroquias en el estado Zulia","og_url":"https:\/\/digital58.com.ve\/site\/2023\/01\/20\/clez-discutira-el-cambio-de-nombres-de-algunas-parroquias-en-el-estado-zulia\/","og_site_name":"Noticias Digital58","article_published_time":"2023-01-21T03:28:27+00:00","og_image":[{"width":800,"height":530,"url":"https:\/\/i0.wp.com\/digital58.com.ve\/site\/wp-content\/uploads\/2023\/01\/clez.jpg?fit=800%2C530&ssl=1","type":"image\/jpeg"}],"author":"Villasmil Henry","twitter_card":"summary_large_image","twitter_creator":"@https:\/\/twitter.com\/villasmilhfoto","twitter_site":"@villasmilhfoto","twitter_misc":{"Escrito por":"Villasmil Henry","Tiempo estimado de lectura":"2 minutos"},"schema":{"@context":"https:\/\/schema.org","@graph":[{"@type":"Article","@id":"https:\/\/digital58.com.ve\/site\/2023\/01\/20\/clez-discutira-el-cambio-de-nombres-de-algunas-parroquias-en-el-estado-zulia\/#article","isPartOf":{"@id":"https:\/\/digital58.com.ve\/site\/2023\/01\/20\/clez-discutira-el-cambio-de-nombres-de-algunas-parroquias-en-el-estado-zulia\/"},"author":{"name":"Villasmil Henry","@id":"https:\/\/digital58.com.ve\/site\/#\/schema\/person\/64d1c2e4d0d4fd1b849980c4331c2951"},"headline":"Clez discutir\u00e1 el cambio de nombres de algunas parroquias en el estado Zulia","datePublished":"2023-01-21T03:28:27+00:00","mainEntityOfPage":{"@id":"https:\/\/digital58.com.ve\/site\/2023\/01\/20\/clez-discutira-el-cambio-de-nombres-de-algunas-parroquias-en-el-estado-zulia\/"},"wordCount":394,"commentCount":0,"publisher":{"@id":"https:\/\/digital58.com.ve\/site\/#\/schema\/person\/64d1c2e4d0d4fd1b849980c4331c2951"},"image":{"@id":"https:\/\/digital58.com.ve\/site\/2023\/01\/20\/clez-discutira-el-cambio-de-nombres-de-algunas-parroquias-en-el-estado-zulia\/#primaryimage"},"thumbnailUrl":"https:\/\/digital58.com.ve\/site\/wp-content\/uploads\/2023\/01\/clez.jpg","keywords":["Clez","Consejo Legislativo del estado Zulia","Maracaibo","Nombre de parroquias","Otto Pi\u00f1ero","Regionales","Venezuela"],"articleSection":["Zulia"],"inLanguage":"es","potentialAction":[{"@type":"CommentAction","name":"Comment","target":["https:\/\/digital58.com.ve\/site\/2023\/01\/20\/clez-discutira-el-cambio-de-nombres-de-algunas-parroquias-en-el-estado-zulia\/#respond"]}]},{"@type":"WebPage","@id":"https:\/\/digital58.com.ve\/site\/2023\/01\/20\/clez-discutira-el-cambio-de-nombres-de-algunas-parroquias-en-el-estado-zulia\/","url":"https:\/\/digital58.com.ve\/site\/2023\/01\/20\/clez-discutira-el-cambio-de-nombres-de-algunas-parroquias-en-el-estado-zulia\/","name":"Clez discutir\u00e1 el cambio de nombres de algunas parroquias en el estado Zulia","isPartOf":{"@id":"https:\/\/digital58.com.ve\/site\/#website"},"primaryImageOfPage":{"@id":"https:\/\/digital58.com.ve\/site\/2023\/01\/20\/clez-discutira-el-cambio-de-nombres-de-algunas-parroquias-en-el-estado-zulia\/#primaryimage"},"image":{"@id":"https:\/\/digital58.com.ve\/site\/2023\/01\/20\/clez-discutira-el-cambio-de-nombres-de-algunas-parroquias-en-el-estado-zulia\/#primaryimage"},"thumbnailUrl":"https:\/\/digital58.com.ve\/site\/wp-content\/uploads\/2023\/01\/clez.jpg","datePublished":"2023-01-21T03:28:27+00:00","breadcrumb":{"@id":"https:\/\/digital58.com.ve\/site\/2023\/01\/20\/clez-discutira-el-cambio-de-nombres-de-algunas-parroquias-en-el-estado-zulia\/#breadcrumb"},"inLanguage":"es","potentialAction":[{"@type":"ReadAction","target":["https:\/\/digital58.com.ve\/site\/2023\/01\/20\/clez-discutira-el-cambio-de-nombres-de-algunas-parroquias-en-el-estado-zulia\/"]}]},{"@type":"ImageObject","inLanguage":"es","@id":"https:\/\/digital58.com.ve\/site\/2023\/01\/20\/clez-discutira-el-cambio-de-nombres-de-algunas-parroquias-en-el-estado-zulia\/#primaryimage","url":"https:\/\/digital58.com.ve\/site\/wp-content\/uploads\/2023\/01\/clez.jpg","contentUrl":"https:\/\/digital58.com.ve\/site\/wp-content\/uploads\/2023\/01\/clez.jpg","width":800,"height":530},{"@type":"BreadcrumbList","@id":"https:\/\/digital58.com.ve\/site\/2023\/01\/20\/clez-discutira-el-cambio-de-nombres-de-algunas-parroquias-en-el-estado-zulia\/#breadcrumb","itemListElement":[{"@type":"ListItem","position":1,"name":"Home","item":"https:\/\/digital58.com.ve\/site\/"},{"@type":"ListItem","position":2,"name":"Clez discutir\u00e1 el cambio de nombres de algunas parroquias en el estado Zulia"}]},{"@type":"WebSite","@id":"https:\/\/digital58.com.ve\/site\/#website","url":"https:\/\/digital58.com.ve\/site\/","name":"Noticias Digital58","description":"Portal de Noticias \u00a1Periodismo web de verdad! Lanzamiento web 22.11.2005 \/ Maracaibo, Venezuela","publisher":{"@id":"https:\/\/digital58.com.ve\/site\/#\/schema\/person\/64d1c2e4d0d4fd1b849980c4331c2951"},"alternateName":"ND58","potentialAction":[{"@type":"SearchAction","target":{"@type":"EntryPoint","urlTemplate":"https:\/\/digital58.com.ve\/site\/?s={search_term_string}"},"query-input":{"@type":"PropertyValueSpecification","valueRequired":true,"valueName":"search_term_string"}}],"inLanguage":"es"},{"@type":["Person","Organization"],"@id":"https:\/\/digital58.com.ve\/site\/#\/schema\/person\/64d1c2e4d0d4fd1b849980c4331c2951","name":"Villasmil Henry","image":{"@type":"ImageObject","inLanguage":"es","@id":"https:\/\/secure.gravatar.com\/avatar\/bb0c4a2fcb7970138239f7e404ea75757b1b507b28b5ce4c53fbd62d797c5a7c?s=96&d=mm&r=g","url":"https:\/\/secure.gravatar.com\/avatar\/bb0c4a2fcb7970138239f7e404ea75757b1b507b28b5ce4c53fbd62d797c5a7c?s=96&d=mm&r=g","contentUrl":"https:\/\/secure.gravatar.com\/avatar\/bb0c4a2fcb7970138239f7e404ea75757b1b507b28b5ce4c53fbd62d797c5a7c?s=96&d=mm&r=g","caption":"Villasmil Henry"},"logo":{"@id":"https:\/\/secure.gravatar.com\/avatar\/bb0c4a2fcb7970138239f7e404ea75757b1b507b28b5ce4c53fbd62d797c5a7c?s=96&d=mm&r=g"},"sameAs":["http:\/\/www.henryvillasmil.com.ve","https:\/\/www.instagram.com\/villasmilhfoto\/","https:\/\/x.com\/https:\/\/twitter.com\/villasmilhfoto"],"url":"https:\/\/digital58.com.ve\/site\/author\/droopy_68\/"}]}},"uagb_featured_image_src":{"full":["https:\/\/digital58.com.ve\/site\/wp-content\/uploads\/2023\/01\/clez.jpg",800,530,false],"thumbnail":["https:\/\/digital58.com.ve\/site\/wp-content\/uploads\/2023\/01\/clez-150x150.jpg",150,150,true],"medium":["https:\/\/digital58.com.ve\/site\/wp-content\/uploads\/2023\/01\/clez-300x199.jpg",300,199,true],"medium_large":["https:\/\/digital58.com.ve\/site\/wp-content\/uploads\/2023\/01\/clez-768x509.jpg",768,509,true],"large":["https:\/\/digital58.com.ve\/site\/wp-content\/uploads\/2023\/01\/clez.jpg",800,530,false],"1536x1536":["https:\/\/digital58.com.ve\/site\/wp-content\/uploads\/2023\/01\/clez.jpg",800,530,false],"2048x2048":["https:\/\/digital58.com.ve\/site\/wp-content\/uploads\/2023\/01\/clez.jpg",800,530,false],"colormag-highlighted-post":["https:\/\/digital58.com.ve\/site\/wp-content\/uploads\/2023\/01\/clez-392x272.jpg",392,272,true],"colormag-featured-post-medium":["https:\/\/digital58.com.ve\/site\/wp-content\/uploads\/2023\/01\/clez-390x205.jpg",390,205,true],"colormag-featured-post-small":["https:\/\/digital58.com.ve\/site\/wp-content\/uploads\/2023\/01\/clez-130x90.jpg",130,90,true],"colormag-featured-image":["https:\/\/digital58.com.ve\/site\/wp-content\/uploads\/2023\/01\/clez-800x445.jpg",800,445,true],"colormag-default-news":["https:\/\/digital58.com.ve\/site\/wp-content\/uploads\/2023\/01\/clez.jpg",150,99,false],"colormag-featured-image-large":["https:\/\/digital58.com.ve\/site\/wp-content\/uploads\/2023\/01\/clez.jpg",800,530,false]},"uagb_author_info":{"display_name":"Villasmil Henry","author_link":"https:\/\/digital58.com.ve\/site\/author\/droopy_68\/"},"uagb_comment_info":0,"uagb_excerpt":"El presidente de la Comisi\u00f3n del Poder Popular para la Geometr\u00eda del Poder y Soberan\u00eda Territorial del Estado en el","_links":{"self":[{"href":"https:\/\/digital58.com.ve\/site\/wp-json\/wp\/v2\/posts\/161893","targetHints":{"allow":["GET"]}}],"collection":[{"href":"https:\/\/digital58.com.ve\/site\/wp-json\/wp\/v2\/posts"}],"about":[{"href":"https:\/\/digital58.com.ve\/site\/wp-json\/wp\/v2\/types\/post"}],"author":[{"embeddable":true,"href":"https:\/\/digital58.com.ve\/site\/wp-json\/wp\/v2\/users\/1"}],"replies":[{"embeddable":true,"href":"https:\/\/digital58.com.ve\/site\/wp-json\/wp\/v2\/comments?post=161893"}],"version-history":[{"count":0,"href":"https:\/\/digital58.com.ve\/site\/wp-json\/wp\/v2\/posts\/161893\/revisions"}],"wp:featuredmedia":[{"embeddable":true,"href":"https:\/\/digital58.com.ve\/site\/wp-json\/wp\/v2\/media\/161894"}],"wp:attachment":[{"href":"https:\/\/digital58.com.ve\/site\/wp-json\/wp\/v2\/media?parent=161893"}],"wp:term":[{"taxonomy":"category","embeddable":true,"href":"https:\/\/digital58.com.ve\/site\/wp-json\/wp\/v2\/categories?post=161893"},{"taxonomy":"post_tag","embeddable":true,"href":"https:\/\/digital58.com.ve\/site\/wp-json\/wp\/v2\/tags?post=161893"}],"curies":[{"name":"wp","href":"https:\/\/api.w.org\/{rel}","templated":true}]}}