{"id":161933,"date":"2023-01-23T21:16:58","date_gmt":"2023-01-24T01:16:58","guid":{"rendered":"https:\/\/digital58.com.ve\/site\/?p=161933"},"modified":"2023-01-23T21:16:58","modified_gmt":"2023-01-24T01:16:58","slug":"gobierno-de-venezuela-se-suma-a-iniciativa-de-brasil-y-argentina-de-crear-moneda-comun","status":"publish","type":"post","link":"https:\/\/digital58.com.ve\/site\/2023\/01\/23\/gobierno-de-venezuela-se-suma-a-iniciativa-de-brasil-y-argentina-de-crear-moneda-comun\/","title":{"rendered":"Gobierno de Venezuela se suma a iniciativa de Brasil y Argentina de crear moneda com\u00fan"},"content":{"rendered":"<p><a href=\"https:\/\/digital58.com.ve\/site\/wp-content\/uploads\/2023\/01\/nicolas-maduro-2023.jpg\"><img loading=\"lazy\" decoding=\"async\" class=\"aligncenter size-full wp-image-161934\" src=\"https:\/\/digital58.com.ve\/site\/wp-content\/uploads\/2023\/01\/nicolas-maduro-2023.jpg\" alt=\"\" width=\"800\" height=\"533\" srcset=\"https:\/\/digital58.com.ve\/site\/wp-content\/uploads\/2023\/01\/nicolas-maduro-2023.jpg 800w, https:\/\/digital58.com.ve\/site\/wp-content\/uploads\/2023\/01\/nicolas-maduro-2023-300x200.jpg 300w, https:\/\/digital58.com.ve\/site\/wp-content\/uploads\/2023\/01\/nicolas-maduro-2023-768x512.jpg 768w\" sizes=\"auto, (max-width: 800px) 100vw, 800px\" \/><\/a><\/p>\n<p>Las declaraciones de Nicol\u00e1s Maduro surgieron durante una concentraci\u00f3n en el Palacio de Miraflores (Casa de Gobierno) en contra del bloqueo impuesto por Estados Unidos y sus aliados.<\/p>\n<p><strong>Caracas, Distrito Capital, 23 de enero de 2023 (ND58).-<\/strong> Nicol\u00e1s Maduro, anunci\u00f3 hoy lunes que el pa\u00eds apoya la iniciativa planteada por Brasil y Argentina de crear una moneda com\u00fan.<\/p>\n<p>\u00abYo anuncio que Venezuela est\u00e1 preparada y apoyamos la iniciativa de crear una moneda latinoamericana y caribe\u00f1a. Independencia, uni\u00f3n y liberaci\u00f3n de Am\u00e9rica Latina y el Caribe\u00bb, manifest\u00f3 durante un acto p\u00fablico el mandatario nacional.<\/p>\n<p>Record\u00f3 que el planteamiento de impulsar una divisa suramericana que pueda utilizarse a nivel financiero y comercial fue anunciado el domingo por sus hom\u00f3logos de Brasil, Luiz In\u00e1cio Lula Da Silva, y de Argentina, Alberto Fern\u00e1ndez.<\/p>\n<p>El mandatario venezolano tambi\u00e9n envi\u00f3 un saludo a la Comunidad de Estados Latinoamericanos y Caribe\u00f1os (CELAC) que se reunir\u00e1 ma\u00f1ana martes en Buenos Aires con motivo de la VII Cumbre de jefes de Estado y de Gobierno.<\/p>\n<p>\u00abEnv\u00edo un saludo de uni\u00f3n y liberaci\u00f3n a los pueblos de la CELAC que se van a reunir en Argentina\u00bb, enfatiz\u00f3.<\/p>\n<p>El gobierno venezolano confirm\u00f3 este lunes \u00abuna serie de acciones de agresi\u00f3n\u00bb en contra de la delegaci\u00f3n encabezada por Nicol\u00e1s Maduro, por lo que se decidi\u00f3 enviar como jefe de la delegaci\u00f3n al canciller Yv\u00e1n Gil.<\/p>\n<p><strong>Redacci\u00f3n ND58 | Fuente: Xinhua<\/strong><br \/>\n<strong>Edici\u00f3n: Villasmil, Henry<\/strong><br \/>\n<strong>Gr\u00e1fica: Xinhua<\/strong><\/p>\n<p>&nbsp;<\/p>\n<p>&nbsp;<\/p><div class=\"zbbdp69eebe8e3d032\" ><p style=\"text-align: center;\"><a href=\"https:\/\/t.me\/noticiasdigital58\" target=\"_blank\" rel=\"noopener\"><img class=\"aligncenter size-full wp-image-125363\" src=\"https:\/\/digital58.com.ve\/site\/wp-content\/uploads\/2021\/04\/banner-telegram-web-2021.png\" alt=\"\" width=\"600\" height=\"90\" \/><\/a><\/p><\/div><style type=\"text\/css\">\r\n@media screen and (min-width: 1201px) {\r\n.zbbdp69eebe8e3d032 {\r\ndisplay: block;\r\n}\r\n}\r\n@media screen and (min-width: 993px) and (max-width: 1200px) {\r\n.zbbdp69eebe8e3d032 {\r\ndisplay: block;\r\n}\r\n}\r\n@media screen and (min-width: 769px) and (max-width: 992px) {\r\n.zbbdp69eebe8e3d032 {\r\ndisplay: block;\r\n}\r\n}\r\n@media screen and (min-width: 768px) and (max-width: 768px) {\r\n.zbbdp69eebe8e3d032 {\r\ndisplay: block;\r\n}\r\n}\r\n@media screen and (max-width: 767px) {\r\n.zbbdp69eebe8e3d032 {\r\ndisplay: block;\r\n}\r\n}\r\n<\/style>\r\n\n<p>&nbsp;<\/p>\n<div style=\"margin-top: 0px; margin-bottom: 0px;\" class=\"sharethis-inline-share-buttons\" ><\/div>","protected":false},"excerpt":{"rendered":"<p>Las declaraciones de Nicol\u00e1s Maduro surgieron durante una concentraci\u00f3n en el Palacio de Miraflores (Casa de Gobierno) en contra del<\/p>\n","protected":false},"author":1,"featured_media":161934,"comment_status":"open","ping_status":"closed","sticky":false,"template":"","format":"standard","meta":{"colormag_page_container_layout":"default_layout","colormag_page_sidebar_layout":"default_layout","_uag_custom_page_level_css":"","footnotes":""},"categories":[16454],"tags":[13770,7080,36,35,4139,26469,11943,29270,233,14182,20538,8607],"class_list":["post-161933","post","type-post","status-publish","format-standard","has-post-thumbnail","hentry","category-venezuela","tag-alberto-fernandez","tag-america-latina","tag-argentina","tag-brasil","tag-caribe","tag-celac","tag-gobierno-de-venezuela","tag-luiz-inacio-lula-da-silva","tag-nacionales","tag-nicolas-maduro-moros","tag-palacio-de-miraflores","tag-presidente-de-venezuela"],"yoast_head":"<!-- This site is optimized with the Yoast SEO plugin v27.4 - https:\/\/yoast.com\/product\/yoast-seo-wordpress\/ -->\n<title>Gobierno de Venezuela se suma a iniciativa de Brasil y Argentina de crear moneda com\u00fan<\/title>\n<meta name=\"robots\" content=\"index, follow, max-snippet:-1, max-image-preview:large, max-video-preview:-1\" \/>\n<link rel=\"canonical\" href=\"https:\/\/digital58.com.ve\/site\/2023\/01\/23\/gobierno-de-venezuela-se-suma-a-iniciativa-de-brasil-y-argentina-de-crear-moneda-comun\/\" \/>\n<meta property=\"og:locale\" content=\"es_ES\" \/>\n<meta property=\"og:type\" content=\"article\" \/>\n<meta property=\"og:title\" content=\"Gobierno de Venezuela se suma a iniciativa de Brasil y Argentina de crear moneda com\u00fan\" \/>\n<meta property=\"og:url\" content=\"https:\/\/digital58.com.ve\/site\/2023\/01\/23\/gobierno-de-venezuela-se-suma-a-iniciativa-de-brasil-y-argentina-de-crear-moneda-comun\/\" \/>\n<meta property=\"og:site_name\" content=\"Noticias Digital58\" \/>\n<meta property=\"article:published_time\" content=\"2023-01-24T01:16:58+00:00\" \/>\n<meta property=\"og:image\" content=\"https:\/\/i0.wp.com\/digital58.com.ve\/site\/wp-content\/uploads\/2023\/01\/nicolas-maduro-2023.jpg?fit=800%2C533&ssl=1\" \/>\n\t<meta property=\"og:image:width\" content=\"800\" \/>\n\t<meta property=\"og:image:height\" content=\"533\" \/>\n\t<meta property=\"og:image:type\" content=\"image\/jpeg\" \/>\n<meta name=\"author\" content=\"Villasmil Henry\" \/>\n<meta name=\"twitter:card\" content=\"summary_large_image\" \/>\n<meta name=\"twitter:creator\" content=\"@https:\/\/twitter.com\/villasmilhfoto\" \/>\n<meta name=\"twitter:site\" content=\"@villasmilhfoto\" \/>\n<meta name=\"twitter:label1\" content=\"Escrito por\" \/>\n\t<meta name=\"twitter:data1\" content=\"Villasmil Henry\" \/>\n\t<meta name=\"twitter:label2\" content=\"Tiempo estimado de lectura\" \/>\n\t<meta name=\"twitter:data2\" content=\"1 minuto\" \/>\n<script type=\"application\/ld+json\" class=\"yoast-schema-graph\">{\"@context\":\"https:\\\/\\\/schema.org\",\"@graph\":[{\"@type\":\"Article\",\"@id\":\"https:\\\/\\\/digital58.com.ve\\\/site\\\/2023\\\/01\\\/23\\\/gobierno-de-venezuela-se-suma-a-iniciativa-de-brasil-y-argentina-de-crear-moneda-comun\\\/#article\",\"isPartOf\":{\"@id\":\"https:\\\/\\\/digital58.com.ve\\\/site\\\/2023\\\/01\\\/23\\\/gobierno-de-venezuela-se-suma-a-iniciativa-de-brasil-y-argentina-de-crear-moneda-comun\\\/\"},\"author\":{\"name\":\"Villasmil Henry\",\"@id\":\"https:\\\/\\\/digital58.com.ve\\\/site\\\/#\\\/schema\\\/person\\\/64d1c2e4d0d4fd1b849980c4331c2951\"},\"headline\":\"Gobierno de Venezuela se suma a iniciativa de Brasil y Argentina de crear moneda com\u00fan\",\"datePublished\":\"2023-01-24T01:16:58+00:00\",\"mainEntityOfPage\":{\"@id\":\"https:\\\/\\\/digital58.com.ve\\\/site\\\/2023\\\/01\\\/23\\\/gobierno-de-venezuela-se-suma-a-iniciativa-de-brasil-y-argentina-de-crear-moneda-comun\\\/\"},\"wordCount\":277,\"commentCount\":1,\"publisher\":{\"@id\":\"https:\\\/\\\/digital58.com.ve\\\/site\\\/#\\\/schema\\\/person\\\/64d1c2e4d0d4fd1b849980c4331c2951\"},\"image\":{\"@id\":\"https:\\\/\\\/digital58.com.ve\\\/site\\\/2023\\\/01\\\/23\\\/gobierno-de-venezuela-se-suma-a-iniciativa-de-brasil-y-argentina-de-crear-moneda-comun\\\/#primaryimage\"},\"thumbnailUrl\":\"https:\\\/\\\/digital58.com.ve\\\/site\\\/wp-content\\\/uploads\\\/2023\\\/01\\\/nicolas-maduro-2023.jpg\",\"keywords\":[\"Alberto Fern\u00e1ndez\",\"Am\u00e9rica Latina\",\"Argentina\",\"Brasil\",\"Caribe\",\"Celac\",\"Gobierno de Venezuela\",\"Luiz In\u00e1cio Lula da Silva\",\"Nacionales\",\"Nicol\u00e1s Maduro Moros\",\"Palacio de Miraflores\",\"Presidente de Venezuela\"],\"articleSection\":[\"Venezuela\"],\"inLanguage\":\"es\",\"potentialAction\":[{\"@type\":\"CommentAction\",\"name\":\"Comment\",\"target\":[\"https:\\\/\\\/digital58.com.ve\\\/site\\\/2023\\\/01\\\/23\\\/gobierno-de-venezuela-se-suma-a-iniciativa-de-brasil-y-argentina-de-crear-moneda-comun\\\/#respond\"]}]},{\"@type\":\"WebPage\",\"@id\":\"https:\\\/\\\/digital58.com.ve\\\/site\\\/2023\\\/01\\\/23\\\/gobierno-de-venezuela-se-suma-a-iniciativa-de-brasil-y-argentina-de-crear-moneda-comun\\\/\",\"url\":\"https:\\\/\\\/digital58.com.ve\\\/site\\\/2023\\\/01\\\/23\\\/gobierno-de-venezuela-se-suma-a-iniciativa-de-brasil-y-argentina-de-crear-moneda-comun\\\/\",\"name\":\"Gobierno de Venezuela se suma a iniciativa de Brasil y Argentina de crear moneda com\u00fan\",\"isPartOf\":{\"@id\":\"https:\\\/\\\/digital58.com.ve\\\/site\\\/#website\"},\"primaryImageOfPage\":{\"@id\":\"https:\\\/\\\/digital58.com.ve\\\/site\\\/2023\\\/01\\\/23\\\/gobierno-de-venezuela-se-suma-a-iniciativa-de-brasil-y-argentina-de-crear-moneda-comun\\\/#primaryimage\"},\"image\":{\"@id\":\"https:\\\/\\\/digital58.com.ve\\\/site\\\/2023\\\/01\\\/23\\\/gobierno-de-venezuela-se-suma-a-iniciativa-de-brasil-y-argentina-de-crear-moneda-comun\\\/#primaryimage\"},\"thumbnailUrl\":\"https:\\\/\\\/digital58.com.ve\\\/site\\\/wp-content\\\/uploads\\\/2023\\\/01\\\/nicolas-maduro-2023.jpg\",\"datePublished\":\"2023-01-24T01:16:58+00:00\",\"breadcrumb\":{\"@id\":\"https:\\\/\\\/digital58.com.ve\\\/site\\\/2023\\\/01\\\/23\\\/gobierno-de-venezuela-se-suma-a-iniciativa-de-brasil-y-argentina-de-crear-moneda-comun\\\/#breadcrumb\"},\"inLanguage\":\"es\",\"potentialAction\":[{\"@type\":\"ReadAction\",\"target\":[\"https:\\\/\\\/digital58.com.ve\\\/site\\\/2023\\\/01\\\/23\\\/gobierno-de-venezuela-se-suma-a-iniciativa-de-brasil-y-argentina-de-crear-moneda-comun\\\/\"]}]},{\"@type\":\"ImageObject\",\"inLanguage\":\"es\",\"@id\":\"https:\\\/\\\/digital58.com.ve\\\/site\\\/2023\\\/01\\\/23\\\/gobierno-de-venezuela-se-suma-a-iniciativa-de-brasil-y-argentina-de-crear-moneda-comun\\\/#primaryimage\",\"url\":\"https:\\\/\\\/digital58.com.ve\\\/site\\\/wp-content\\\/uploads\\\/2023\\\/01\\\/nicolas-maduro-2023.jpg\",\"contentUrl\":\"https:\\\/\\\/digital58.com.ve\\\/site\\\/wp-content\\\/uploads\\\/2023\\\/01\\\/nicolas-maduro-2023.jpg\",\"width\":800,\"height\":533},{\"@type\":\"BreadcrumbList\",\"@id\":\"https:\\\/\\\/digital58.com.ve\\\/site\\\/2023\\\/01\\\/23\\\/gobierno-de-venezuela-se-suma-a-iniciativa-de-brasil-y-argentina-de-crear-moneda-comun\\\/#breadcrumb\",\"itemListElement\":[{\"@type\":\"ListItem\",\"position\":1,\"name\":\"Home\",\"item\":\"https:\\\/\\\/digital58.com.ve\\\/site\\\/\"},{\"@type\":\"ListItem\",\"position\":2,\"name\":\"Gobierno de Venezuela se suma a iniciativa de Brasil y Argentina de crear moneda com\u00fan\"}]},{\"@type\":\"WebSite\",\"@id\":\"https:\\\/\\\/digital58.com.ve\\\/site\\\/#website\",\"url\":\"https:\\\/\\\/digital58.com.ve\\\/site\\\/\",\"name\":\"Noticias Digital58\",\"description\":\"Portal de Noticias \u00a1Periodismo web de verdad! Lanzamiento web 22.11.2005 \\\/ Maracaibo, Venezuela\",\"publisher\":{\"@id\":\"https:\\\/\\\/digital58.com.ve\\\/site\\\/#\\\/schema\\\/person\\\/64d1c2e4d0d4fd1b849980c4331c2951\"},\"alternateName\":\"ND58\",\"potentialAction\":[{\"@type\":\"SearchAction\",\"target\":{\"@type\":\"EntryPoint\",\"urlTemplate\":\"https:\\\/\\\/digital58.com.ve\\\/site\\\/?s={search_term_string}\"},\"query-input\":{\"@type\":\"PropertyValueSpecification\",\"valueRequired\":true,\"valueName\":\"search_term_string\"}}],\"inLanguage\":\"es\"},{\"@type\":[\"Person\",\"Organization\"],\"@id\":\"https:\\\/\\\/digital58.com.ve\\\/site\\\/#\\\/schema\\\/person\\\/64d1c2e4d0d4fd1b849980c4331c2951\",\"name\":\"Villasmil Henry\",\"image\":{\"@type\":\"ImageObject\",\"inLanguage\":\"es\",\"@id\":\"https:\\\/\\\/secure.gravatar.com\\\/avatar\\\/bb0c4a2fcb7970138239f7e404ea75757b1b507b28b5ce4c53fbd62d797c5a7c?s=96&d=mm&r=g\",\"url\":\"https:\\\/\\\/secure.gravatar.com\\\/avatar\\\/bb0c4a2fcb7970138239f7e404ea75757b1b507b28b5ce4c53fbd62d797c5a7c?s=96&d=mm&r=g\",\"contentUrl\":\"https:\\\/\\\/secure.gravatar.com\\\/avatar\\\/bb0c4a2fcb7970138239f7e404ea75757b1b507b28b5ce4c53fbd62d797c5a7c?s=96&d=mm&r=g\",\"caption\":\"Villasmil Henry\"},\"logo\":{\"@id\":\"https:\\\/\\\/secure.gravatar.com\\\/avatar\\\/bb0c4a2fcb7970138239f7e404ea75757b1b507b28b5ce4c53fbd62d797c5a7c?s=96&d=mm&r=g\"},\"sameAs\":[\"http:\\\/\\\/www.henryvillasmil.com.ve\",\"https:\\\/\\\/www.instagram.com\\\/villasmilhfoto\\\/\",\"https:\\\/\\\/x.com\\\/https:\\\/\\\/twitter.com\\\/villasmilhfoto\"],\"url\":\"https:\\\/\\\/digital58.com.ve\\\/site\\\/author\\\/droopy_68\\\/\"}]}<\/script>\n<!-- \/ Yoast SEO plugin. -->","yoast_head_json":{"title":"Gobierno de Venezuela se suma a iniciativa de Brasil y Argentina de crear moneda com\u00fan","robots":{"index":"index","follow":"follow","max-snippet":"max-snippet:-1","max-image-preview":"max-image-preview:large","max-video-preview":"max-video-preview:-1"},"canonical":"https:\/\/digital58.com.ve\/site\/2023\/01\/23\/gobierno-de-venezuela-se-suma-a-iniciativa-de-brasil-y-argentina-de-crear-moneda-comun\/","og_locale":"es_ES","og_type":"article","og_title":"Gobierno de Venezuela se suma a iniciativa de Brasil y Argentina de crear moneda com\u00fan","og_url":"https:\/\/digital58.com.ve\/site\/2023\/01\/23\/gobierno-de-venezuela-se-suma-a-iniciativa-de-brasil-y-argentina-de-crear-moneda-comun\/","og_site_name":"Noticias Digital58","article_published_time":"2023-01-24T01:16:58+00:00","og_image":[{"width":800,"height":533,"url":"https:\/\/i0.wp.com\/digital58.com.ve\/site\/wp-content\/uploads\/2023\/01\/nicolas-maduro-2023.jpg?fit=800%2C533&ssl=1","type":"image\/jpeg"}],"author":"Villasmil Henry","twitter_card":"summary_large_image","twitter_creator":"@https:\/\/twitter.com\/villasmilhfoto","twitter_site":"@villasmilhfoto","twitter_misc":{"Escrito por":"Villasmil Henry","Tiempo estimado de lectura":"1 minuto"},"schema":{"@context":"https:\/\/schema.org","@graph":[{"@type":"Article","@id":"https:\/\/digital58.com.ve\/site\/2023\/01\/23\/gobierno-de-venezuela-se-suma-a-iniciativa-de-brasil-y-argentina-de-crear-moneda-comun\/#article","isPartOf":{"@id":"https:\/\/digital58.com.ve\/site\/2023\/01\/23\/gobierno-de-venezuela-se-suma-a-iniciativa-de-brasil-y-argentina-de-crear-moneda-comun\/"},"author":{"name":"Villasmil Henry","@id":"https:\/\/digital58.com.ve\/site\/#\/schema\/person\/64d1c2e4d0d4fd1b849980c4331c2951"},"headline":"Gobierno de Venezuela se suma a iniciativa de Brasil y Argentina de crear moneda com\u00fan","datePublished":"2023-01-24T01:16:58+00:00","mainEntityOfPage":{"@id":"https:\/\/digital58.com.ve\/site\/2023\/01\/23\/gobierno-de-venezuela-se-suma-a-iniciativa-de-brasil-y-argentina-de-crear-moneda-comun\/"},"wordCount":277,"commentCount":1,"publisher":{"@id":"https:\/\/digital58.com.ve\/site\/#\/schema\/person\/64d1c2e4d0d4fd1b849980c4331c2951"},"image":{"@id":"https:\/\/digital58.com.ve\/site\/2023\/01\/23\/gobierno-de-venezuela-se-suma-a-iniciativa-de-brasil-y-argentina-de-crear-moneda-comun\/#primaryimage"},"thumbnailUrl":"https:\/\/digital58.com.ve\/site\/wp-content\/uploads\/2023\/01\/nicolas-maduro-2023.jpg","keywords":["Alberto Fern\u00e1ndez","Am\u00e9rica Latina","Argentina","Brasil","Caribe","Celac","Gobierno de Venezuela","Luiz In\u00e1cio Lula da Silva","Nacionales","Nicol\u00e1s Maduro Moros","Palacio de Miraflores","Presidente de Venezuela"],"articleSection":["Venezuela"],"inLanguage":"es","potentialAction":[{"@type":"CommentAction","name":"Comment","target":["https:\/\/digital58.com.ve\/site\/2023\/01\/23\/gobierno-de-venezuela-se-suma-a-iniciativa-de-brasil-y-argentina-de-crear-moneda-comun\/#respond"]}]},{"@type":"WebPage","@id":"https:\/\/digital58.com.ve\/site\/2023\/01\/23\/gobierno-de-venezuela-se-suma-a-iniciativa-de-brasil-y-argentina-de-crear-moneda-comun\/","url":"https:\/\/digital58.com.ve\/site\/2023\/01\/23\/gobierno-de-venezuela-se-suma-a-iniciativa-de-brasil-y-argentina-de-crear-moneda-comun\/","name":"Gobierno de Venezuela se suma a iniciativa de Brasil y Argentina de crear moneda com\u00fan","isPartOf":{"@id":"https:\/\/digital58.com.ve\/site\/#website"},"primaryImageOfPage":{"@id":"https:\/\/digital58.com.ve\/site\/2023\/01\/23\/gobierno-de-venezuela-se-suma-a-iniciativa-de-brasil-y-argentina-de-crear-moneda-comun\/#primaryimage"},"image":{"@id":"https:\/\/digital58.com.ve\/site\/2023\/01\/23\/gobierno-de-venezuela-se-suma-a-iniciativa-de-brasil-y-argentina-de-crear-moneda-comun\/#primaryimage"},"thumbnailUrl":"https:\/\/digital58.com.ve\/site\/wp-content\/uploads\/2023\/01\/nicolas-maduro-2023.jpg","datePublished":"2023-01-24T01:16:58+00:00","breadcrumb":{"@id":"https:\/\/digital58.com.ve\/site\/2023\/01\/23\/gobierno-de-venezuela-se-suma-a-iniciativa-de-brasil-y-argentina-de-crear-moneda-comun\/#breadcrumb"},"inLanguage":"es","potentialAction":[{"@type":"ReadAction","target":["https:\/\/digital58.com.ve\/site\/2023\/01\/23\/gobierno-de-venezuela-se-suma-a-iniciativa-de-brasil-y-argentina-de-crear-moneda-comun\/"]}]},{"@type":"ImageObject","inLanguage":"es","@id":"https:\/\/digital58.com.ve\/site\/2023\/01\/23\/gobierno-de-venezuela-se-suma-a-iniciativa-de-brasil-y-argentina-de-crear-moneda-comun\/#primaryimage","url":"https:\/\/digital58.com.ve\/site\/wp-content\/uploads\/2023\/01\/nicolas-maduro-2023.jpg","contentUrl":"https:\/\/digital58.com.ve\/site\/wp-content\/uploads\/2023\/01\/nicolas-maduro-2023.jpg","width":800,"height":533},{"@type":"BreadcrumbList","@id":"https:\/\/digital58.com.ve\/site\/2023\/01\/23\/gobierno-de-venezuela-se-suma-a-iniciativa-de-brasil-y-argentina-de-crear-moneda-comun\/#breadcrumb","itemListElement":[{"@type":"ListItem","position":1,"name":"Home","item":"https:\/\/digital58.com.ve\/site\/"},{"@type":"ListItem","position":2,"name":"Gobierno de Venezuela se suma a iniciativa de Brasil y Argentina de crear moneda com\u00fan"}]},{"@type":"WebSite","@id":"https:\/\/digital58.com.ve\/site\/#website","url":"https:\/\/digital58.com.ve\/site\/","name":"Noticias Digital58","description":"Portal de Noticias \u00a1Periodismo web de verdad! Lanzamiento web 22.11.2005 \/ Maracaibo, Venezuela","publisher":{"@id":"https:\/\/digital58.com.ve\/site\/#\/schema\/person\/64d1c2e4d0d4fd1b849980c4331c2951"},"alternateName":"ND58","potentialAction":[{"@type":"SearchAction","target":{"@type":"EntryPoint","urlTemplate":"https:\/\/digital58.com.ve\/site\/?s={search_term_string}"},"query-input":{"@type":"PropertyValueSpecification","valueRequired":true,"valueName":"search_term_string"}}],"inLanguage":"es"},{"@type":["Person","Organization"],"@id":"https:\/\/digital58.com.ve\/site\/#\/schema\/person\/64d1c2e4d0d4fd1b849980c4331c2951","name":"Villasmil Henry","image":{"@type":"ImageObject","inLanguage":"es","@id":"https:\/\/secure.gravatar.com\/avatar\/bb0c4a2fcb7970138239f7e404ea75757b1b507b28b5ce4c53fbd62d797c5a7c?s=96&d=mm&r=g","url":"https:\/\/secure.gravatar.com\/avatar\/bb0c4a2fcb7970138239f7e404ea75757b1b507b28b5ce4c53fbd62d797c5a7c?s=96&d=mm&r=g","contentUrl":"https:\/\/secure.gravatar.com\/avatar\/bb0c4a2fcb7970138239f7e404ea75757b1b507b28b5ce4c53fbd62d797c5a7c?s=96&d=mm&r=g","caption":"Villasmil Henry"},"logo":{"@id":"https:\/\/secure.gravatar.com\/avatar\/bb0c4a2fcb7970138239f7e404ea75757b1b507b28b5ce4c53fbd62d797c5a7c?s=96&d=mm&r=g"},"sameAs":["http:\/\/www.henryvillasmil.com.ve","https:\/\/www.instagram.com\/villasmilhfoto\/","https:\/\/x.com\/https:\/\/twitter.com\/villasmilhfoto"],"url":"https:\/\/digital58.com.ve\/site\/author\/droopy_68\/"}]}},"uagb_featured_image_src":{"full":["https:\/\/digital58.com.ve\/site\/wp-content\/uploads\/2023\/01\/nicolas-maduro-2023.jpg",800,533,false],"thumbnail":["https:\/\/digital58.com.ve\/site\/wp-content\/uploads\/2023\/01\/nicolas-maduro-2023-150x150.jpg",150,150,true],"medium":["https:\/\/digital58.com.ve\/site\/wp-content\/uploads\/2023\/01\/nicolas-maduro-2023-300x200.jpg",300,200,true],"medium_large":["https:\/\/digital58.com.ve\/site\/wp-content\/uploads\/2023\/01\/nicolas-maduro-2023-768x512.jpg",768,512,true],"large":["https:\/\/digital58.com.ve\/site\/wp-content\/uploads\/2023\/01\/nicolas-maduro-2023.jpg",800,533,false],"1536x1536":["https:\/\/digital58.com.ve\/site\/wp-content\/uploads\/2023\/01\/nicolas-maduro-2023.jpg",800,533,false],"2048x2048":["https:\/\/digital58.com.ve\/site\/wp-content\/uploads\/2023\/01\/nicolas-maduro-2023.jpg",800,533,false],"colormag-highlighted-post":["https:\/\/digital58.com.ve\/site\/wp-content\/uploads\/2023\/01\/nicolas-maduro-2023-392x272.jpg",392,272,true],"colormag-featured-post-medium":["https:\/\/digital58.com.ve\/site\/wp-content\/uploads\/2023\/01\/nicolas-maduro-2023-390x205.jpg",390,205,true],"colormag-featured-post-small":["https:\/\/digital58.com.ve\/site\/wp-content\/uploads\/2023\/01\/nicolas-maduro-2023-130x90.jpg",130,90,true],"colormag-featured-image":["https:\/\/digital58.com.ve\/site\/wp-content\/uploads\/2023\/01\/nicolas-maduro-2023-800x445.jpg",800,445,true],"colormag-default-news":["https:\/\/digital58.com.ve\/site\/wp-content\/uploads\/2023\/01\/nicolas-maduro-2023.jpg",150,100,false],"colormag-featured-image-large":["https:\/\/digital58.com.ve\/site\/wp-content\/uploads\/2023\/01\/nicolas-maduro-2023.jpg",800,533,false]},"uagb_author_info":{"display_name":"Villasmil Henry","author_link":"https:\/\/digital58.com.ve\/site\/author\/droopy_68\/"},"uagb_comment_info":0,"uagb_excerpt":"Las declaraciones de Nicol\u00e1s Maduro surgieron durante una concentraci\u00f3n en el Palacio de Miraflores (Casa de Gobierno) en contra del","_links":{"self":[{"href":"https:\/\/digital58.com.ve\/site\/wp-json\/wp\/v2\/posts\/161933","targetHints":{"allow":["GET"]}}],"collection":[{"href":"https:\/\/digital58.com.ve\/site\/wp-json\/wp\/v2\/posts"}],"about":[{"href":"https:\/\/digital58.com.ve\/site\/wp-json\/wp\/v2\/types\/post"}],"author":[{"embeddable":true,"href":"https:\/\/digital58.com.ve\/site\/wp-json\/wp\/v2\/users\/1"}],"replies":[{"embeddable":true,"href":"https:\/\/digital58.com.ve\/site\/wp-json\/wp\/v2\/comments?post=161933"}],"version-history":[{"count":0,"href":"https:\/\/digital58.com.ve\/site\/wp-json\/wp\/v2\/posts\/161933\/revisions"}],"wp:featuredmedia":[{"embeddable":true,"href":"https:\/\/digital58.com.ve\/site\/wp-json\/wp\/v2\/media\/161934"}],"wp:attachment":[{"href":"https:\/\/digital58.com.ve\/site\/wp-json\/wp\/v2\/media?parent=161933"}],"wp:term":[{"taxonomy":"category","embeddable":true,"href":"https:\/\/digital58.com.ve\/site\/wp-json\/wp\/v2\/categories?post=161933"},{"taxonomy":"post_tag","embeddable":true,"href":"https:\/\/digital58.com.ve\/site\/wp-json\/wp\/v2\/tags?post=161933"}],"curies":[{"name":"wp","href":"https:\/\/api.w.org\/{rel}","templated":true}]}}