{"id":161954,"date":"2023-01-23T23:01:35","date_gmt":"2023-01-24T03:01:35","guid":{"rendered":"https:\/\/digital58.com.ve\/site\/?p=161954"},"modified":"2023-01-23T23:01:35","modified_gmt":"2023-01-24T03:01:35","slug":"bolivia-declara-inicio-de-desescalada-de-sexta-ola-de-covid-19","status":"publish","type":"post","link":"https:\/\/digital58.com.ve\/site\/2023\/01\/23\/bolivia-declara-inicio-de-desescalada-de-sexta-ola-de-covid-19\/","title":{"rendered":"Bolivia declara inicio de desescalada de sexta ola de COVID-19"},"content":{"rendered":"<p><a href=\"https:\/\/digital58.com.ve\/site\/wp-content\/uploads\/2020\/08\/bolivia-pandemia-17-08-20.jpg\"><img loading=\"lazy\" decoding=\"async\" class=\"aligncenter size-full wp-image-122768\" src=\"https:\/\/digital58.com.ve\/site\/wp-content\/uploads\/2020\/08\/bolivia-pandemia-17-08-20.jpg\" alt=\"\" width=\"800\" height=\"533\" srcset=\"https:\/\/digital58.com.ve\/site\/wp-content\/uploads\/2020\/08\/bolivia-pandemia-17-08-20.jpg 800w, https:\/\/digital58.com.ve\/site\/wp-content\/uploads\/2020\/08\/bolivia-pandemia-17-08-20-300x200.jpg 300w, https:\/\/digital58.com.ve\/site\/wp-content\/uploads\/2020\/08\/bolivia-pandemia-17-08-20-768x512.jpg 768w, https:\/\/digital58.com.ve\/site\/wp-content\/uploads\/2020\/08\/bolivia-pandemia-17-08-20-720x480.jpg 720w, https:\/\/digital58.com.ve\/site\/wp-content\/uploads\/2020\/08\/bolivia-pandemia-17-08-20-480x320.jpg 480w\" sizes=\"auto, (max-width: 800px) 100vw, 800px\" \/><\/a><\/p>\n<p>La naci\u00f3n sudamericana acumul\u00f3 hasta el domingo 22 de enero 1.184.382 casos confirmados y 22.343 decesos relacionados con el virus desde el inicio de la pandemia en el territorio nacional, el 10 de marzo de 2020.<\/p>\n<p><strong>Bolivia, 23 de enero de 2023 (ND58).-<\/strong> El Ministerio de Salud y Deportes de Bolivia declar\u00f3 hoy lunes el inicio de la desescalada de la sexta ola de la enfermedad del nuevo coronavirus (COVID-19), luego de registrarse la cuarta semana consecutiva de descensos de casos.<\/p>\n<p>En la tercera semana epidemiol\u00f3gica del a\u00f1o, Bolivia registr\u00f3 4.959 casos, una disminuci\u00f3n del 36 por ciento, es decir, 2.836 casos menos, con respecto a la semana anterior, inform\u00f3 el ministro de Salud y Deportes, Jeyson Auza, en rueda de prensa.<\/p>\n<p>\u00abLuego de cuatro semanas consecutivas de disminuci\u00f3n de casos, podemos decir que estamos ingresando oficialmente a una desescalada de la sexta ola epidemiol\u00f3gica\u00bb, afirm\u00f3.<\/p>\n<p>El Gobierno de Bolivia declar\u00f3 el 5 de diciembre del 2022 el inicio de la sexta ola de la pandemia, como consecuencia del aumento sostenido en cuatro semanas consecutivas de los contagios dominada por las subvariantes de \u00d3micron BQ.1 y BQ 1.1 y su alto nivel de contagio frente a sus predecesoras BA.4 y BA.5, que fueron las dominantes en la quinta ola.<\/p>\n<p>Auza resalt\u00f3 que en los nueve departamentos del pa\u00eds se report\u00f3 una disminuci\u00f3n de casos de la COVID-19 en la \u00faltima semana.<\/p>\n<p>Atribuy\u00f3 esta reducci\u00f3n de positivos a acciones como la vacunaci\u00f3n, la intercambiabilidad de las dosis aplicadas en el pa\u00eds, al flexibilizar las medidas restrictivas de manera gradual, adem\u00e1s de tener un \u00abcontagio controlado\u00bb.<\/p>\n<p>\u00abNo solo hemos logrado inmunidad artificial, a trav\u00e9s de las vacunas, sino tambi\u00e9n hemos tenido la inmunidad h\u00edbrida que involucra a aquellas personas que se han vacunado, pero despu\u00e9s se han enfermado y han superado la enfermedad\u00bb, indic\u00f3 Auza.<\/p>\n<p>El Ministerio de Salud inform\u00f3 que el total de las vacunas gestionadas y adquiridas por el gobierno nacional alcanza los 23.815.500 dosis, de las cuales hasta el 22 de enero se suministraron 15.701.787 dosis, entre la primera, segunda, tercera, unidosis y cuarta dosis.<\/p><div class=\"btkna69eedaedb3700\" ><p style=\"text-align: center;\"><a href=\"https:\/\/t.me\/noticiasdigital58\" target=\"_blank\" rel=\"noopener\"><img class=\"aligncenter size-full wp-image-125363\" src=\"https:\/\/digital58.com.ve\/site\/wp-content\/uploads\/2021\/04\/banner-telegram-web-2021.png\" alt=\"\" width=\"600\" height=\"90\" \/><\/a><\/p><\/div><style type=\"text\/css\">\r\n@media screen and (min-width: 1201px) {\r\n.btkna69eedaedb3700 {\r\ndisplay: block;\r\n}\r\n}\r\n@media screen and (min-width: 993px) and (max-width: 1200px) {\r\n.btkna69eedaedb3700 {\r\ndisplay: block;\r\n}\r\n}\r\n@media screen and (min-width: 769px) and (max-width: 992px) {\r\n.btkna69eedaedb3700 {\r\ndisplay: block;\r\n}\r\n}\r\n@media screen and (min-width: 768px) and (max-width: 768px) {\r\n.btkna69eedaedb3700 {\r\ndisplay: block;\r\n}\r\n}\r\n@media screen and (max-width: 767px) {\r\n.btkna69eedaedb3700 {\r\ndisplay: block;\r\n}\r\n}\r\n<\/style>\r\n\n<p>Bolivia vive desde el 2022 una \u00abnueva normalidad\u00bb que se profundiz\u00f3 este 2023 con la reactivaci\u00f3n de las actividades masivas, aforo al 100 por ciento de los eventos, apertura total de negocios, campos deportivos, sin restricciones de horarios en el transporte p\u00fablico y otros movimientos orientados a la recuperaci\u00f3n econ\u00f3mica.<\/p>\n<div style=\"margin-top: 0px; margin-bottom: 0px;\" class=\"sharethis-inline-share-buttons\" ><\/div>","protected":false},"excerpt":{"rendered":"<p>La naci\u00f3n sudamericana acumul\u00f3 hasta el domingo 22 de enero 1.184.382 casos confirmados y 22.343 decesos relacionados con el virus<\/p>\n","protected":false},"author":1,"featured_media":122768,"comment_status":"open","ping_status":"closed","sticky":false,"template":"","format":"standard","meta":{"colormag_page_container_layout":"default_layout","colormag_page_sidebar_layout":"default_layout","_uag_custom_page_level_css":"","footnotes":""},"categories":[16451],"tags":[110,13352,13648,8,30275,13723,13793],"class_list":["post-161954","post","type-post","status-publish","format-standard","has-post-thumbnail","hentry","category-mundo","tag-bolivia","tag-coronavirus","tag-covid-19","tag-internacionales","tag-ministerio-de-salud-y-deportes-de-bolivia","tag-pandemia","tag-sars-cov-2"],"yoast_head":"<!-- This site is optimized with the Yoast SEO plugin v27.4 - https:\/\/yoast.com\/product\/yoast-seo-wordpress\/ -->\n<title>Bolivia declara inicio de desescalada de sexta ola de COVID-19<\/title>\n<meta name=\"robots\" content=\"index, follow, max-snippet:-1, max-image-preview:large, max-video-preview:-1\" \/>\n<link rel=\"canonical\" href=\"https:\/\/digital58.com.ve\/site\/2023\/01\/23\/bolivia-declara-inicio-de-desescalada-de-sexta-ola-de-covid-19\/\" \/>\n<meta property=\"og:locale\" content=\"es_ES\" \/>\n<meta property=\"og:type\" content=\"article\" \/>\n<meta property=\"og:title\" content=\"Bolivia declara inicio de desescalada de sexta ola de COVID-19\" \/>\n<meta property=\"og:url\" content=\"https:\/\/digital58.com.ve\/site\/2023\/01\/23\/bolivia-declara-inicio-de-desescalada-de-sexta-ola-de-covid-19\/\" \/>\n<meta property=\"og:site_name\" content=\"Noticias Digital58\" \/>\n<meta property=\"article:published_time\" content=\"2023-01-24T03:01:35+00:00\" \/>\n<meta property=\"og:image\" content=\"https:\/\/i0.wp.com\/digital58.com.ve\/site\/wp-content\/uploads\/2020\/08\/bolivia-pandemia-17-08-20.jpg?fit=800%2C533&ssl=1\" \/>\n\t<meta property=\"og:image:width\" content=\"800\" \/>\n\t<meta property=\"og:image:height\" content=\"533\" \/>\n\t<meta property=\"og:image:type\" content=\"image\/jpeg\" \/>\n<meta name=\"author\" content=\"Villasmil Henry\" \/>\n<meta name=\"twitter:card\" content=\"summary_large_image\" \/>\n<meta name=\"twitter:creator\" content=\"@https:\/\/twitter.com\/villasmilhfoto\" \/>\n<meta name=\"twitter:site\" content=\"@villasmilhfoto\" \/>\n<meta name=\"twitter:label1\" content=\"Escrito por\" \/>\n\t<meta name=\"twitter:data1\" content=\"Villasmil Henry\" \/>\n\t<meta name=\"twitter:label2\" content=\"Tiempo estimado de lectura\" \/>\n\t<meta name=\"twitter:data2\" content=\"2 minutos\" \/>\n<script type=\"application\/ld+json\" class=\"yoast-schema-graph\">{\"@context\":\"https:\\\/\\\/schema.org\",\"@graph\":[{\"@type\":\"Article\",\"@id\":\"https:\\\/\\\/digital58.com.ve\\\/site\\\/2023\\\/01\\\/23\\\/bolivia-declara-inicio-de-desescalada-de-sexta-ola-de-covid-19\\\/#article\",\"isPartOf\":{\"@id\":\"https:\\\/\\\/digital58.com.ve\\\/site\\\/2023\\\/01\\\/23\\\/bolivia-declara-inicio-de-desescalada-de-sexta-ola-de-covid-19\\\/\"},\"author\":{\"name\":\"Villasmil Henry\",\"@id\":\"https:\\\/\\\/digital58.com.ve\\\/site\\\/#\\\/schema\\\/person\\\/64d1c2e4d0d4fd1b849980c4331c2951\"},\"headline\":\"Bolivia declara inicio de desescalada de sexta ola de COVID-19\",\"datePublished\":\"2023-01-24T03:01:35+00:00\",\"mainEntityOfPage\":{\"@id\":\"https:\\\/\\\/digital58.com.ve\\\/site\\\/2023\\\/01\\\/23\\\/bolivia-declara-inicio-de-desescalada-de-sexta-ola-de-covid-19\\\/\"},\"wordCount\":408,\"commentCount\":0,\"publisher\":{\"@id\":\"https:\\\/\\\/digital58.com.ve\\\/site\\\/#\\\/schema\\\/person\\\/64d1c2e4d0d4fd1b849980c4331c2951\"},\"image\":{\"@id\":\"https:\\\/\\\/digital58.com.ve\\\/site\\\/2023\\\/01\\\/23\\\/bolivia-declara-inicio-de-desescalada-de-sexta-ola-de-covid-19\\\/#primaryimage\"},\"thumbnailUrl\":\"https:\\\/\\\/digital58.com.ve\\\/site\\\/wp-content\\\/uploads\\\/2020\\\/08\\\/bolivia-pandemia-17-08-20.jpg\",\"keywords\":[\"Bolivia\",\"Coronavirus\",\"COVID-19\",\"Internacionales\",\"Ministerio de Salud y Deportes de Bolivia\",\"Pandemia\",\"SARS-CoV-2\"],\"articleSection\":[\"Mundo\"],\"inLanguage\":\"es\",\"potentialAction\":[{\"@type\":\"CommentAction\",\"name\":\"Comment\",\"target\":[\"https:\\\/\\\/digital58.com.ve\\\/site\\\/2023\\\/01\\\/23\\\/bolivia-declara-inicio-de-desescalada-de-sexta-ola-de-covid-19\\\/#respond\"]}]},{\"@type\":\"WebPage\",\"@id\":\"https:\\\/\\\/digital58.com.ve\\\/site\\\/2023\\\/01\\\/23\\\/bolivia-declara-inicio-de-desescalada-de-sexta-ola-de-covid-19\\\/\",\"url\":\"https:\\\/\\\/digital58.com.ve\\\/site\\\/2023\\\/01\\\/23\\\/bolivia-declara-inicio-de-desescalada-de-sexta-ola-de-covid-19\\\/\",\"name\":\"Bolivia declara inicio de desescalada de sexta ola de COVID-19\",\"isPartOf\":{\"@id\":\"https:\\\/\\\/digital58.com.ve\\\/site\\\/#website\"},\"primaryImageOfPage\":{\"@id\":\"https:\\\/\\\/digital58.com.ve\\\/site\\\/2023\\\/01\\\/23\\\/bolivia-declara-inicio-de-desescalada-de-sexta-ola-de-covid-19\\\/#primaryimage\"},\"image\":{\"@id\":\"https:\\\/\\\/digital58.com.ve\\\/site\\\/2023\\\/01\\\/23\\\/bolivia-declara-inicio-de-desescalada-de-sexta-ola-de-covid-19\\\/#primaryimage\"},\"thumbnailUrl\":\"https:\\\/\\\/digital58.com.ve\\\/site\\\/wp-content\\\/uploads\\\/2020\\\/08\\\/bolivia-pandemia-17-08-20.jpg\",\"datePublished\":\"2023-01-24T03:01:35+00:00\",\"breadcrumb\":{\"@id\":\"https:\\\/\\\/digital58.com.ve\\\/site\\\/2023\\\/01\\\/23\\\/bolivia-declara-inicio-de-desescalada-de-sexta-ola-de-covid-19\\\/#breadcrumb\"},\"inLanguage\":\"es\",\"potentialAction\":[{\"@type\":\"ReadAction\",\"target\":[\"https:\\\/\\\/digital58.com.ve\\\/site\\\/2023\\\/01\\\/23\\\/bolivia-declara-inicio-de-desescalada-de-sexta-ola-de-covid-19\\\/\"]}]},{\"@type\":\"ImageObject\",\"inLanguage\":\"es\",\"@id\":\"https:\\\/\\\/digital58.com.ve\\\/site\\\/2023\\\/01\\\/23\\\/bolivia-declara-inicio-de-desescalada-de-sexta-ola-de-covid-19\\\/#primaryimage\",\"url\":\"https:\\\/\\\/digital58.com.ve\\\/site\\\/wp-content\\\/uploads\\\/2020\\\/08\\\/bolivia-pandemia-17-08-20.jpg\",\"contentUrl\":\"https:\\\/\\\/digital58.com.ve\\\/site\\\/wp-content\\\/uploads\\\/2020\\\/08\\\/bolivia-pandemia-17-08-20.jpg\",\"width\":800,\"height\":533},{\"@type\":\"BreadcrumbList\",\"@id\":\"https:\\\/\\\/digital58.com.ve\\\/site\\\/2023\\\/01\\\/23\\\/bolivia-declara-inicio-de-desescalada-de-sexta-ola-de-covid-19\\\/#breadcrumb\",\"itemListElement\":[{\"@type\":\"ListItem\",\"position\":1,\"name\":\"Home\",\"item\":\"https:\\\/\\\/digital58.com.ve\\\/site\\\/\"},{\"@type\":\"ListItem\",\"position\":2,\"name\":\"Bolivia declara inicio de desescalada de sexta ola de COVID-19\"}]},{\"@type\":\"WebSite\",\"@id\":\"https:\\\/\\\/digital58.com.ve\\\/site\\\/#website\",\"url\":\"https:\\\/\\\/digital58.com.ve\\\/site\\\/\",\"name\":\"Noticias Digital58\",\"description\":\"Portal de Noticias \u00a1Periodismo web de verdad! Lanzamiento web 22.11.2005 \\\/ Maracaibo, Venezuela\",\"publisher\":{\"@id\":\"https:\\\/\\\/digital58.com.ve\\\/site\\\/#\\\/schema\\\/person\\\/64d1c2e4d0d4fd1b849980c4331c2951\"},\"alternateName\":\"ND58\",\"potentialAction\":[{\"@type\":\"SearchAction\",\"target\":{\"@type\":\"EntryPoint\",\"urlTemplate\":\"https:\\\/\\\/digital58.com.ve\\\/site\\\/?s={search_term_string}\"},\"query-input\":{\"@type\":\"PropertyValueSpecification\",\"valueRequired\":true,\"valueName\":\"search_term_string\"}}],\"inLanguage\":\"es\"},{\"@type\":[\"Person\",\"Organization\"],\"@id\":\"https:\\\/\\\/digital58.com.ve\\\/site\\\/#\\\/schema\\\/person\\\/64d1c2e4d0d4fd1b849980c4331c2951\",\"name\":\"Villasmil Henry\",\"image\":{\"@type\":\"ImageObject\",\"inLanguage\":\"es\",\"@id\":\"https:\\\/\\\/secure.gravatar.com\\\/avatar\\\/bb0c4a2fcb7970138239f7e404ea75757b1b507b28b5ce4c53fbd62d797c5a7c?s=96&d=mm&r=g\",\"url\":\"https:\\\/\\\/secure.gravatar.com\\\/avatar\\\/bb0c4a2fcb7970138239f7e404ea75757b1b507b28b5ce4c53fbd62d797c5a7c?s=96&d=mm&r=g\",\"contentUrl\":\"https:\\\/\\\/secure.gravatar.com\\\/avatar\\\/bb0c4a2fcb7970138239f7e404ea75757b1b507b28b5ce4c53fbd62d797c5a7c?s=96&d=mm&r=g\",\"caption\":\"Villasmil Henry\"},\"logo\":{\"@id\":\"https:\\\/\\\/secure.gravatar.com\\\/avatar\\\/bb0c4a2fcb7970138239f7e404ea75757b1b507b28b5ce4c53fbd62d797c5a7c?s=96&d=mm&r=g\"},\"sameAs\":[\"http:\\\/\\\/www.henryvillasmil.com.ve\",\"https:\\\/\\\/www.instagram.com\\\/villasmilhfoto\\\/\",\"https:\\\/\\\/x.com\\\/https:\\\/\\\/twitter.com\\\/villasmilhfoto\"],\"url\":\"https:\\\/\\\/digital58.com.ve\\\/site\\\/author\\\/droopy_68\\\/\"}]}<\/script>\n<!-- \/ Yoast SEO plugin. -->","yoast_head_json":{"title":"Bolivia declara inicio de desescalada de sexta ola de COVID-19","robots":{"index":"index","follow":"follow","max-snippet":"max-snippet:-1","max-image-preview":"max-image-preview:large","max-video-preview":"max-video-preview:-1"},"canonical":"https:\/\/digital58.com.ve\/site\/2023\/01\/23\/bolivia-declara-inicio-de-desescalada-de-sexta-ola-de-covid-19\/","og_locale":"es_ES","og_type":"article","og_title":"Bolivia declara inicio de desescalada de sexta ola de COVID-19","og_url":"https:\/\/digital58.com.ve\/site\/2023\/01\/23\/bolivia-declara-inicio-de-desescalada-de-sexta-ola-de-covid-19\/","og_site_name":"Noticias Digital58","article_published_time":"2023-01-24T03:01:35+00:00","og_image":[{"width":800,"height":533,"url":"https:\/\/i0.wp.com\/digital58.com.ve\/site\/wp-content\/uploads\/2020\/08\/bolivia-pandemia-17-08-20.jpg?fit=800%2C533&ssl=1","type":"image\/jpeg"}],"author":"Villasmil Henry","twitter_card":"summary_large_image","twitter_creator":"@https:\/\/twitter.com\/villasmilhfoto","twitter_site":"@villasmilhfoto","twitter_misc":{"Escrito por":"Villasmil Henry","Tiempo estimado de lectura":"2 minutos"},"schema":{"@context":"https:\/\/schema.org","@graph":[{"@type":"Article","@id":"https:\/\/digital58.com.ve\/site\/2023\/01\/23\/bolivia-declara-inicio-de-desescalada-de-sexta-ola-de-covid-19\/#article","isPartOf":{"@id":"https:\/\/digital58.com.ve\/site\/2023\/01\/23\/bolivia-declara-inicio-de-desescalada-de-sexta-ola-de-covid-19\/"},"author":{"name":"Villasmil Henry","@id":"https:\/\/digital58.com.ve\/site\/#\/schema\/person\/64d1c2e4d0d4fd1b849980c4331c2951"},"headline":"Bolivia declara inicio de desescalada de sexta ola de COVID-19","datePublished":"2023-01-24T03:01:35+00:00","mainEntityOfPage":{"@id":"https:\/\/digital58.com.ve\/site\/2023\/01\/23\/bolivia-declara-inicio-de-desescalada-de-sexta-ola-de-covid-19\/"},"wordCount":408,"commentCount":0,"publisher":{"@id":"https:\/\/digital58.com.ve\/site\/#\/schema\/person\/64d1c2e4d0d4fd1b849980c4331c2951"},"image":{"@id":"https:\/\/digital58.com.ve\/site\/2023\/01\/23\/bolivia-declara-inicio-de-desescalada-de-sexta-ola-de-covid-19\/#primaryimage"},"thumbnailUrl":"https:\/\/digital58.com.ve\/site\/wp-content\/uploads\/2020\/08\/bolivia-pandemia-17-08-20.jpg","keywords":["Bolivia","Coronavirus","COVID-19","Internacionales","Ministerio de Salud y Deportes de Bolivia","Pandemia","SARS-CoV-2"],"articleSection":["Mundo"],"inLanguage":"es","potentialAction":[{"@type":"CommentAction","name":"Comment","target":["https:\/\/digital58.com.ve\/site\/2023\/01\/23\/bolivia-declara-inicio-de-desescalada-de-sexta-ola-de-covid-19\/#respond"]}]},{"@type":"WebPage","@id":"https:\/\/digital58.com.ve\/site\/2023\/01\/23\/bolivia-declara-inicio-de-desescalada-de-sexta-ola-de-covid-19\/","url":"https:\/\/digital58.com.ve\/site\/2023\/01\/23\/bolivia-declara-inicio-de-desescalada-de-sexta-ola-de-covid-19\/","name":"Bolivia declara inicio de desescalada de sexta ola de COVID-19","isPartOf":{"@id":"https:\/\/digital58.com.ve\/site\/#website"},"primaryImageOfPage":{"@id":"https:\/\/digital58.com.ve\/site\/2023\/01\/23\/bolivia-declara-inicio-de-desescalada-de-sexta-ola-de-covid-19\/#primaryimage"},"image":{"@id":"https:\/\/digital58.com.ve\/site\/2023\/01\/23\/bolivia-declara-inicio-de-desescalada-de-sexta-ola-de-covid-19\/#primaryimage"},"thumbnailUrl":"https:\/\/digital58.com.ve\/site\/wp-content\/uploads\/2020\/08\/bolivia-pandemia-17-08-20.jpg","datePublished":"2023-01-24T03:01:35+00:00","breadcrumb":{"@id":"https:\/\/digital58.com.ve\/site\/2023\/01\/23\/bolivia-declara-inicio-de-desescalada-de-sexta-ola-de-covid-19\/#breadcrumb"},"inLanguage":"es","potentialAction":[{"@type":"ReadAction","target":["https:\/\/digital58.com.ve\/site\/2023\/01\/23\/bolivia-declara-inicio-de-desescalada-de-sexta-ola-de-covid-19\/"]}]},{"@type":"ImageObject","inLanguage":"es","@id":"https:\/\/digital58.com.ve\/site\/2023\/01\/23\/bolivia-declara-inicio-de-desescalada-de-sexta-ola-de-covid-19\/#primaryimage","url":"https:\/\/digital58.com.ve\/site\/wp-content\/uploads\/2020\/08\/bolivia-pandemia-17-08-20.jpg","contentUrl":"https:\/\/digital58.com.ve\/site\/wp-content\/uploads\/2020\/08\/bolivia-pandemia-17-08-20.jpg","width":800,"height":533},{"@type":"BreadcrumbList","@id":"https:\/\/digital58.com.ve\/site\/2023\/01\/23\/bolivia-declara-inicio-de-desescalada-de-sexta-ola-de-covid-19\/#breadcrumb","itemListElement":[{"@type":"ListItem","position":1,"name":"Home","item":"https:\/\/digital58.com.ve\/site\/"},{"@type":"ListItem","position":2,"name":"Bolivia declara inicio de desescalada de sexta ola de COVID-19"}]},{"@type":"WebSite","@id":"https:\/\/digital58.com.ve\/site\/#website","url":"https:\/\/digital58.com.ve\/site\/","name":"Noticias Digital58","description":"Portal de Noticias \u00a1Periodismo web de verdad! Lanzamiento web 22.11.2005 \/ Maracaibo, Venezuela","publisher":{"@id":"https:\/\/digital58.com.ve\/site\/#\/schema\/person\/64d1c2e4d0d4fd1b849980c4331c2951"},"alternateName":"ND58","potentialAction":[{"@type":"SearchAction","target":{"@type":"EntryPoint","urlTemplate":"https:\/\/digital58.com.ve\/site\/?s={search_term_string}"},"query-input":{"@type":"PropertyValueSpecification","valueRequired":true,"valueName":"search_term_string"}}],"inLanguage":"es"},{"@type":["Person","Organization"],"@id":"https:\/\/digital58.com.ve\/site\/#\/schema\/person\/64d1c2e4d0d4fd1b849980c4331c2951","name":"Villasmil Henry","image":{"@type":"ImageObject","inLanguage":"es","@id":"https:\/\/secure.gravatar.com\/avatar\/bb0c4a2fcb7970138239f7e404ea75757b1b507b28b5ce4c53fbd62d797c5a7c?s=96&d=mm&r=g","url":"https:\/\/secure.gravatar.com\/avatar\/bb0c4a2fcb7970138239f7e404ea75757b1b507b28b5ce4c53fbd62d797c5a7c?s=96&d=mm&r=g","contentUrl":"https:\/\/secure.gravatar.com\/avatar\/bb0c4a2fcb7970138239f7e404ea75757b1b507b28b5ce4c53fbd62d797c5a7c?s=96&d=mm&r=g","caption":"Villasmil Henry"},"logo":{"@id":"https:\/\/secure.gravatar.com\/avatar\/bb0c4a2fcb7970138239f7e404ea75757b1b507b28b5ce4c53fbd62d797c5a7c?s=96&d=mm&r=g"},"sameAs":["http:\/\/www.henryvillasmil.com.ve","https:\/\/www.instagram.com\/villasmilhfoto\/","https:\/\/x.com\/https:\/\/twitter.com\/villasmilhfoto"],"url":"https:\/\/digital58.com.ve\/site\/author\/droopy_68\/"}]}},"uagb_featured_image_src":{"full":["https:\/\/digital58.com.ve\/site\/wp-content\/uploads\/2020\/08\/bolivia-pandemia-17-08-20.jpg",800,533,false],"thumbnail":["https:\/\/digital58.com.ve\/site\/wp-content\/uploads\/2020\/08\/bolivia-pandemia-17-08-20-150x150.jpg",150,150,true],"medium":["https:\/\/digital58.com.ve\/site\/wp-content\/uploads\/2020\/08\/bolivia-pandemia-17-08-20-300x200.jpg",300,200,true],"medium_large":["https:\/\/digital58.com.ve\/site\/wp-content\/uploads\/2020\/08\/bolivia-pandemia-17-08-20-768x512.jpg",768,512,true],"large":["https:\/\/digital58.com.ve\/site\/wp-content\/uploads\/2020\/08\/bolivia-pandemia-17-08-20.jpg",800,533,false],"1536x1536":["https:\/\/digital58.com.ve\/site\/wp-content\/uploads\/2020\/08\/bolivia-pandemia-17-08-20.jpg",800,533,false],"2048x2048":["https:\/\/digital58.com.ve\/site\/wp-content\/uploads\/2020\/08\/bolivia-pandemia-17-08-20.jpg",800,533,false],"colormag-highlighted-post":["https:\/\/digital58.com.ve\/site\/wp-content\/uploads\/2020\/08\/bolivia-pandemia-17-08-20.jpg",392,261,false],"colormag-featured-post-medium":["https:\/\/digital58.com.ve\/site\/wp-content\/uploads\/2020\/08\/bolivia-pandemia-17-08-20.jpg",308,205,false],"colormag-featured-post-small":["https:\/\/digital58.com.ve\/site\/wp-content\/uploads\/2020\/08\/bolivia-pandemia-17-08-20.jpg",130,87,false],"colormag-featured-image":["https:\/\/digital58.com.ve\/site\/wp-content\/uploads\/2020\/08\/bolivia-pandemia-17-08-20.jpg",668,445,false],"colormag-default-news":["https:\/\/digital58.com.ve\/site\/wp-content\/uploads\/2020\/08\/bolivia-pandemia-17-08-20.jpg",150,100,false],"colormag-featured-image-large":["https:\/\/digital58.com.ve\/site\/wp-content\/uploads\/2020\/08\/bolivia-pandemia-17-08-20.jpg",800,533,false]},"uagb_author_info":{"display_name":"Villasmil Henry","author_link":"https:\/\/digital58.com.ve\/site\/author\/droopy_68\/"},"uagb_comment_info":0,"uagb_excerpt":"La naci\u00f3n sudamericana acumul\u00f3 hasta el domingo 22 de enero 1.184.382 casos confirmados y 22.343 decesos relacionados con el virus","_links":{"self":[{"href":"https:\/\/digital58.com.ve\/site\/wp-json\/wp\/v2\/posts\/161954","targetHints":{"allow":["GET"]}}],"collection":[{"href":"https:\/\/digital58.com.ve\/site\/wp-json\/wp\/v2\/posts"}],"about":[{"href":"https:\/\/digital58.com.ve\/site\/wp-json\/wp\/v2\/types\/post"}],"author":[{"embeddable":true,"href":"https:\/\/digital58.com.ve\/site\/wp-json\/wp\/v2\/users\/1"}],"replies":[{"embeddable":true,"href":"https:\/\/digital58.com.ve\/site\/wp-json\/wp\/v2\/comments?post=161954"}],"version-history":[{"count":0,"href":"https:\/\/digital58.com.ve\/site\/wp-json\/wp\/v2\/posts\/161954\/revisions"}],"wp:featuredmedia":[{"embeddable":true,"href":"https:\/\/digital58.com.ve\/site\/wp-json\/wp\/v2\/media\/122768"}],"wp:attachment":[{"href":"https:\/\/digital58.com.ve\/site\/wp-json\/wp\/v2\/media?parent=161954"}],"wp:term":[{"taxonomy":"category","embeddable":true,"href":"https:\/\/digital58.com.ve\/site\/wp-json\/wp\/v2\/categories?post=161954"},{"taxonomy":"post_tag","embeddable":true,"href":"https:\/\/digital58.com.ve\/site\/wp-json\/wp\/v2\/tags?post=161954"}],"curies":[{"name":"wp","href":"https:\/\/api.w.org\/{rel}","templated":true}]}}