{"id":162004,"date":"2023-01-24T15:36:57","date_gmt":"2023-01-24T19:36:57","guid":{"rendered":"https:\/\/digital58.com.ve\/site\/?p=162004"},"modified":"2023-01-24T15:36:57","modified_gmt":"2023-01-24T19:36:57","slug":"exministro-es-acogido-en-espana-con-el-mismo-estatus-que-muchos-venezolanos","status":"publish","type":"post","link":"https:\/\/digital58.com.ve\/site\/2023\/01\/24\/exministro-es-acogido-en-espana-con-el-mismo-estatus-que-muchos-venezolanos\/","title":{"rendered":"Exministro es acogido en Espa\u00f1a con el mismo estatus que muchos venezolanos"},"content":{"rendered":"<p><a href=\"https:\/\/digital58.com.ve\/site\/wp-content\/uploads\/2023\/01\/miguel-rodriguez.jpg\"><img loading=\"lazy\" decoding=\"async\" class=\"aligncenter size-full wp-image-162005\" src=\"https:\/\/digital58.com.ve\/site\/wp-content\/uploads\/2023\/01\/miguel-rodriguez.jpg\" alt=\"\" width=\"800\" height=\"533\" srcset=\"https:\/\/digital58.com.ve\/site\/wp-content\/uploads\/2023\/01\/miguel-rodriguez.jpg 800w, https:\/\/digital58.com.ve\/site\/wp-content\/uploads\/2023\/01\/miguel-rodriguez-300x200.jpg 300w, https:\/\/digital58.com.ve\/site\/wp-content\/uploads\/2023\/01\/miguel-rodriguez-768x512.jpg 768w\" sizes=\"auto, (max-width: 800px) 100vw, 800px\" \/><\/a><\/p>\n<p>Gobierno espa\u00f1ol asegura que en los \u00faltimos a\u00f1os han sido unos 70.000 venezolanos los que se han establecido en Espa\u00f1a, a quienes se ofrece una autorizaci\u00f3n temporal de residencia por razones humanitarias.<\/p>\n<p><strong>Espa\u00f1a, 24 de enero de 2024 (ND58).-<\/strong> El exministro de Interior de Venezuela Miguel Eduardo Rodr\u00edguez Torres, liberado tras pasar casi cinco a\u00f1os en prisi\u00f3n en su pa\u00eds, se encuentra en Espa\u00f1a con autorizaci\u00f3n temporal de residencia por razones humanitarias, un estatus como el que las autoridades espa\u00f1olas conceden a muchos venezolanos.<\/p>\n<p>El ministro de Asuntos Exteriores de Espa\u00f1a, Jos\u00e9 Manuel Albares, declar\u00f3 este martes en rueda de prensa en Madrid que a Rodr\u00edguez Torres, que lleg\u00f3 el pasado domingo al pa\u00eds, se le ha acogido \u00abcon el mismo estatus que se concede a los venezolanos y que permite la residencia de manera aut\u00f3noma en Espa\u00f1a\u00bb.<\/p>\n<p>Seg\u00fan datos oficiales, el a\u00f1o pasado Espa\u00f1a concedi\u00f3 20.924 autorizaciones de protecci\u00f3n por razones humanitarias, casi todas a venezolanos, 20.580, pues el Alto Comisionado de las Nacional Unidas para los Refugiados (ACNUR) insta a los Estados a d\u00e1rsela ante la situaci\u00f3n en el pa\u00eds sudamericano.<\/p>\n<p>Preguntado por si hubo intermediaci\u00f3n del expresidente del Gobierno espa\u00f1ol Jos\u00e9 Luis Rodr\u00edguez Zapatero para lograr la puesta en libertad, Albares se\u00f1al\u00f3 que fue una \u00abmediaci\u00f3n de car\u00e1cter humanitario\u00bb ya que Rodr\u00edguez Torres llevaba preso desde 2018.<\/p>\n<p>Lo que no precis\u00f3 el ministro es si el papel desempe\u00f1ado por Rodr\u00edguez Zapatero fue en calidad de intermediador oficial del Gobierno espa\u00f1ol o como mediador personal.<\/p>\n<p>Albares se\u00f1al\u00f3 que, en cualquier caso, conf\u00eda en que el di\u00e1logo entre venezolanos sirva para que \u00abno haya nadie con delitos que no sean del C\u00f3digo Penal en la c\u00e1rcel\u00bb en Venezuela.<\/p>\n<p>El exministro venezolano fue excarcelado el pasado s\u00e1bado tras pasar cuatro a\u00f1os y diez meses preso, acusado de instigaci\u00f3n a la rebeli\u00f3n.<\/p>\n<p>Rodr\u00edguez Torres, un general de la Fuerza Armada que fue jefe del servicio de Inteligencia del pa\u00eds, dirigi\u00f3 la respuesta policial del Gobierno a la oleada de protestas antigubernamentales de 2014 que se sald\u00f3 con 43 muertos y cientos de heridos.<\/p>\n<p>En 2018 fue arrestado por efectivos de Inteligencia y, desde entonces, sus abogados y familiares denunciaron supuestos malos tratos que recib\u00eda en prisi\u00f3n, as\u00ed como la falta de atenci\u00f3n m\u00e9dica, que agravaron sus condiciones de salud.<\/p>\n<p>Por su parte, la Organizaci\u00f3n de Venezolanos Perseguidos Pol\u00edticos en el Exilio (Veppex) asegur\u00f3 que Rodr\u00edguez Torres es \u00abun violador de los derechos humanos\u00bb y no un \u00abpreso pol\u00edtico\u00bb, por lo que consider\u00f3 \u00abvergonzoso que quieran aparentar que est\u00e1n dejando en libertad a los presos pol\u00edticos, cuando la realidad es que est\u00e1n dejando en libertad a sus antiguos miembros y colaboradores\u00bb.<\/p>\n<p>La pareja de Rodr\u00edguez Torres, Roc\u00edo Ram\u00edrez, que fue detenida tambi\u00e9n en 2018, fue liberada en 2019 y vive en Espa\u00f1a.<\/p>\n<p>Por otra parte, Albares confirm\u00f3 que este domingo tiene previsto recibir al opositor Gerardo Blyde como parte del apoyo que Espa\u00f1a quiere brindar para que prospere el di\u00e1logo entre venezolanos.<\/p>\n<p><strong>Redacci\u00f3n ND58 | Fuente: EFE<\/strong><br \/>\n<strong>Edici\u00f3n: Villasmil, Henry<\/strong><br \/>\n<strong>Gr\u00e1fica: Cortes\u00eda<\/strong><\/p>\n<p>&nbsp;<\/p><div class=\"zufnz69f2692cb6625\" ><p style=\"text-align: center;\"><a href=\"https:\/\/t.me\/noticiasdigital58\" target=\"_blank\" rel=\"noopener\"><img class=\"aligncenter size-full wp-image-125363\" src=\"https:\/\/digital58.com.ve\/site\/wp-content\/uploads\/2021\/04\/banner-telegram-web-2021.png\" alt=\"\" width=\"600\" height=\"90\" \/><\/a><\/p><\/div><style type=\"text\/css\">\r\n@media screen and (min-width: 1201px) {\r\n.zufnz69f2692cb6625 {\r\ndisplay: block;\r\n}\r\n}\r\n@media screen and (min-width: 993px) and (max-width: 1200px) {\r\n.zufnz69f2692cb6625 {\r\ndisplay: block;\r\n}\r\n}\r\n@media screen and (min-width: 769px) and (max-width: 992px) {\r\n.zufnz69f2692cb6625 {\r\ndisplay: block;\r\n}\r\n}\r\n@media screen and (min-width: 768px) and (max-width: 768px) {\r\n.zufnz69f2692cb6625 {\r\ndisplay: block;\r\n}\r\n}\r\n@media screen and (max-width: 767px) {\r\n.zufnz69f2692cb6625 {\r\ndisplay: block;\r\n}\r\n}\r\n<\/style>\r\n\n<p>&nbsp;<\/p>\n<div style=\"margin-top: 0px; margin-bottom: 0px;\" class=\"sharethis-inline-share-buttons\" ><\/div>","protected":false},"excerpt":{"rendered":"<p>Gobierno espa\u00f1ol asegura que en los \u00faltimos a\u00f1os han sido unos 70.000 venezolanos los que se han establecido en Espa\u00f1a,<\/p>\n","protected":false},"author":1,"featured_media":162005,"comment_status":"open","ping_status":"closed","sticky":false,"template":"","format":"standard","meta":{"colormag_page_container_layout":"default_layout","colormag_page_sidebar_layout":"default_layout","_uag_custom_page_level_css":"","footnotes":""},"categories":[16451],"tags":[4670,9037,115,30292,8,30291,30293,135],"class_list":["post-162004","post","type-post","status-publish","format-standard","has-post-thumbnail","hentry","category-mundo","tag-acnur","tag-detenidos","tag-espana","tag-exministro","tag-internacionales","tag-miguel-eduardo-rodriguez-torres","tag-rodriguez-zapatero","tag-venezolanos-en-el-exterior"],"yoast_head":"<!-- This site is optimized with the Yoast SEO plugin v27.5 - https:\/\/yoast.com\/product\/yoast-seo-wordpress\/ -->\n<title>Exministro es acogido en Espa\u00f1a con el mismo estatus que muchos venezolanos<\/title>\n<meta name=\"robots\" content=\"index, follow, max-snippet:-1, max-image-preview:large, max-video-preview:-1\" \/>\n<link rel=\"canonical\" href=\"https:\/\/digital58.com.ve\/site\/2023\/01\/24\/exministro-es-acogido-en-espana-con-el-mismo-estatus-que-muchos-venezolanos\/\" \/>\n<meta property=\"og:locale\" content=\"es_ES\" \/>\n<meta property=\"og:type\" content=\"article\" \/>\n<meta property=\"og:title\" content=\"Exministro es acogido en Espa\u00f1a con el mismo estatus que muchos venezolanos\" \/>\n<meta property=\"og:url\" content=\"https:\/\/digital58.com.ve\/site\/2023\/01\/24\/exministro-es-acogido-en-espana-con-el-mismo-estatus-que-muchos-venezolanos\/\" \/>\n<meta property=\"og:site_name\" content=\"Noticias Digital58\" \/>\n<meta property=\"article:published_time\" content=\"2023-01-24T19:36:57+00:00\" \/>\n<meta property=\"og:image\" content=\"https:\/\/i0.wp.com\/digital58.com.ve\/site\/wp-content\/uploads\/2023\/01\/miguel-rodriguez.jpg?fit=800%2C533&ssl=1\" \/>\n\t<meta property=\"og:image:width\" content=\"800\" \/>\n\t<meta property=\"og:image:height\" content=\"533\" \/>\n\t<meta property=\"og:image:type\" content=\"image\/jpeg\" \/>\n<meta name=\"author\" content=\"Villasmil Henry\" \/>\n<meta name=\"twitter:card\" content=\"summary_large_image\" \/>\n<meta name=\"twitter:creator\" content=\"@https:\/\/twitter.com\/villasmilhfoto\" \/>\n<meta name=\"twitter:site\" content=\"@villasmilhfoto\" \/>\n<meta name=\"twitter:label1\" content=\"Escrito por\" \/>\n\t<meta name=\"twitter:data1\" content=\"Villasmil Henry\" \/>\n\t<meta name=\"twitter:label2\" content=\"Tiempo estimado de lectura\" \/>\n\t<meta name=\"twitter:data2\" content=\"3 minutos\" \/>\n<script type=\"application\/ld+json\" class=\"yoast-schema-graph\">{\"@context\":\"https:\\\/\\\/schema.org\",\"@graph\":[{\"@type\":\"Article\",\"@id\":\"https:\\\/\\\/digital58.com.ve\\\/site\\\/2023\\\/01\\\/24\\\/exministro-es-acogido-en-espana-con-el-mismo-estatus-que-muchos-venezolanos\\\/#article\",\"isPartOf\":{\"@id\":\"https:\\\/\\\/digital58.com.ve\\\/site\\\/2023\\\/01\\\/24\\\/exministro-es-acogido-en-espana-con-el-mismo-estatus-que-muchos-venezolanos\\\/\"},\"author\":{\"name\":\"Villasmil Henry\",\"@id\":\"https:\\\/\\\/digital58.com.ve\\\/site\\\/#\\\/schema\\\/person\\\/64d1c2e4d0d4fd1b849980c4331c2951\"},\"headline\":\"Exministro es acogido en Espa\u00f1a con el mismo estatus que muchos venezolanos\",\"datePublished\":\"2023-01-24T19:36:57+00:00\",\"mainEntityOfPage\":{\"@id\":\"https:\\\/\\\/digital58.com.ve\\\/site\\\/2023\\\/01\\\/24\\\/exministro-es-acogido-en-espana-con-el-mismo-estatus-que-muchos-venezolanos\\\/\"},\"wordCount\":571,\"commentCount\":0,\"publisher\":{\"@id\":\"https:\\\/\\\/digital58.com.ve\\\/site\\\/#\\\/schema\\\/person\\\/64d1c2e4d0d4fd1b849980c4331c2951\"},\"image\":{\"@id\":\"https:\\\/\\\/digital58.com.ve\\\/site\\\/2023\\\/01\\\/24\\\/exministro-es-acogido-en-espana-con-el-mismo-estatus-que-muchos-venezolanos\\\/#primaryimage\"},\"thumbnailUrl\":\"https:\\\/\\\/digital58.com.ve\\\/site\\\/wp-content\\\/uploads\\\/2023\\\/01\\\/miguel-rodriguez.jpg\",\"keywords\":[\"ACNUR\",\"Detenidos\",\"Espa\u00f1a\",\"Exministro\",\"Internacionales\",\"Miguel Eduardo Rodr\u00edguez Torres\",\"Rodr\u00edguez Zapatero\",\"Venezolanos en el exterior\"],\"articleSection\":[\"Mundo\"],\"inLanguage\":\"es\",\"potentialAction\":[{\"@type\":\"CommentAction\",\"name\":\"Comment\",\"target\":[\"https:\\\/\\\/digital58.com.ve\\\/site\\\/2023\\\/01\\\/24\\\/exministro-es-acogido-en-espana-con-el-mismo-estatus-que-muchos-venezolanos\\\/#respond\"]}]},{\"@type\":\"WebPage\",\"@id\":\"https:\\\/\\\/digital58.com.ve\\\/site\\\/2023\\\/01\\\/24\\\/exministro-es-acogido-en-espana-con-el-mismo-estatus-que-muchos-venezolanos\\\/\",\"url\":\"https:\\\/\\\/digital58.com.ve\\\/site\\\/2023\\\/01\\\/24\\\/exministro-es-acogido-en-espana-con-el-mismo-estatus-que-muchos-venezolanos\\\/\",\"name\":\"Exministro es acogido en Espa\u00f1a con el mismo estatus que muchos venezolanos\",\"isPartOf\":{\"@id\":\"https:\\\/\\\/digital58.com.ve\\\/site\\\/#website\"},\"primaryImageOfPage\":{\"@id\":\"https:\\\/\\\/digital58.com.ve\\\/site\\\/2023\\\/01\\\/24\\\/exministro-es-acogido-en-espana-con-el-mismo-estatus-que-muchos-venezolanos\\\/#primaryimage\"},\"image\":{\"@id\":\"https:\\\/\\\/digital58.com.ve\\\/site\\\/2023\\\/01\\\/24\\\/exministro-es-acogido-en-espana-con-el-mismo-estatus-que-muchos-venezolanos\\\/#primaryimage\"},\"thumbnailUrl\":\"https:\\\/\\\/digital58.com.ve\\\/site\\\/wp-content\\\/uploads\\\/2023\\\/01\\\/miguel-rodriguez.jpg\",\"datePublished\":\"2023-01-24T19:36:57+00:00\",\"breadcrumb\":{\"@id\":\"https:\\\/\\\/digital58.com.ve\\\/site\\\/2023\\\/01\\\/24\\\/exministro-es-acogido-en-espana-con-el-mismo-estatus-que-muchos-venezolanos\\\/#breadcrumb\"},\"inLanguage\":\"es\",\"potentialAction\":[{\"@type\":\"ReadAction\",\"target\":[\"https:\\\/\\\/digital58.com.ve\\\/site\\\/2023\\\/01\\\/24\\\/exministro-es-acogido-en-espana-con-el-mismo-estatus-que-muchos-venezolanos\\\/\"]}]},{\"@type\":\"ImageObject\",\"inLanguage\":\"es\",\"@id\":\"https:\\\/\\\/digital58.com.ve\\\/site\\\/2023\\\/01\\\/24\\\/exministro-es-acogido-en-espana-con-el-mismo-estatus-que-muchos-venezolanos\\\/#primaryimage\",\"url\":\"https:\\\/\\\/digital58.com.ve\\\/site\\\/wp-content\\\/uploads\\\/2023\\\/01\\\/miguel-rodriguez.jpg\",\"contentUrl\":\"https:\\\/\\\/digital58.com.ve\\\/site\\\/wp-content\\\/uploads\\\/2023\\\/01\\\/miguel-rodriguez.jpg\",\"width\":800,\"height\":533},{\"@type\":\"BreadcrumbList\",\"@id\":\"https:\\\/\\\/digital58.com.ve\\\/site\\\/2023\\\/01\\\/24\\\/exministro-es-acogido-en-espana-con-el-mismo-estatus-que-muchos-venezolanos\\\/#breadcrumb\",\"itemListElement\":[{\"@type\":\"ListItem\",\"position\":1,\"name\":\"Home\",\"item\":\"https:\\\/\\\/digital58.com.ve\\\/site\\\/\"},{\"@type\":\"ListItem\",\"position\":2,\"name\":\"Exministro es acogido en Espa\u00f1a con el mismo estatus que muchos venezolanos\"}]},{\"@type\":\"WebSite\",\"@id\":\"https:\\\/\\\/digital58.com.ve\\\/site\\\/#website\",\"url\":\"https:\\\/\\\/digital58.com.ve\\\/site\\\/\",\"name\":\"Noticias Digital58\",\"description\":\"Portal de Noticias \u00a1Periodismo web de verdad! Lanzamiento web 22.11.2005 \\\/ Maracaibo, Venezuela\",\"publisher\":{\"@id\":\"https:\\\/\\\/digital58.com.ve\\\/site\\\/#\\\/schema\\\/person\\\/64d1c2e4d0d4fd1b849980c4331c2951\"},\"alternateName\":\"ND58\",\"potentialAction\":[{\"@type\":\"SearchAction\",\"target\":{\"@type\":\"EntryPoint\",\"urlTemplate\":\"https:\\\/\\\/digital58.com.ve\\\/site\\\/?s={search_term_string}\"},\"query-input\":{\"@type\":\"PropertyValueSpecification\",\"valueRequired\":true,\"valueName\":\"search_term_string\"}}],\"inLanguage\":\"es\"},{\"@type\":[\"Person\",\"Organization\"],\"@id\":\"https:\\\/\\\/digital58.com.ve\\\/site\\\/#\\\/schema\\\/person\\\/64d1c2e4d0d4fd1b849980c4331c2951\",\"name\":\"Villasmil Henry\",\"image\":{\"@type\":\"ImageObject\",\"inLanguage\":\"es\",\"@id\":\"https:\\\/\\\/secure.gravatar.com\\\/avatar\\\/bb0c4a2fcb7970138239f7e404ea75757b1b507b28b5ce4c53fbd62d797c5a7c?s=96&d=mm&r=g\",\"url\":\"https:\\\/\\\/secure.gravatar.com\\\/avatar\\\/bb0c4a2fcb7970138239f7e404ea75757b1b507b28b5ce4c53fbd62d797c5a7c?s=96&d=mm&r=g\",\"contentUrl\":\"https:\\\/\\\/secure.gravatar.com\\\/avatar\\\/bb0c4a2fcb7970138239f7e404ea75757b1b507b28b5ce4c53fbd62d797c5a7c?s=96&d=mm&r=g\",\"caption\":\"Villasmil Henry\"},\"logo\":{\"@id\":\"https:\\\/\\\/secure.gravatar.com\\\/avatar\\\/bb0c4a2fcb7970138239f7e404ea75757b1b507b28b5ce4c53fbd62d797c5a7c?s=96&d=mm&r=g\"},\"sameAs\":[\"http:\\\/\\\/www.henryvillasmil.com.ve\",\"https:\\\/\\\/www.instagram.com\\\/villasmilhfoto\\\/\",\"https:\\\/\\\/x.com\\\/https:\\\/\\\/twitter.com\\\/villasmilhfoto\"],\"url\":\"https:\\\/\\\/digital58.com.ve\\\/site\\\/author\\\/droopy_68\\\/\"}]}<\/script>\n<!-- \/ Yoast SEO plugin. -->","yoast_head_json":{"title":"Exministro es acogido en Espa\u00f1a con el mismo estatus que muchos venezolanos","robots":{"index":"index","follow":"follow","max-snippet":"max-snippet:-1","max-image-preview":"max-image-preview:large","max-video-preview":"max-video-preview:-1"},"canonical":"https:\/\/digital58.com.ve\/site\/2023\/01\/24\/exministro-es-acogido-en-espana-con-el-mismo-estatus-que-muchos-venezolanos\/","og_locale":"es_ES","og_type":"article","og_title":"Exministro es acogido en Espa\u00f1a con el mismo estatus que muchos venezolanos","og_url":"https:\/\/digital58.com.ve\/site\/2023\/01\/24\/exministro-es-acogido-en-espana-con-el-mismo-estatus-que-muchos-venezolanos\/","og_site_name":"Noticias Digital58","article_published_time":"2023-01-24T19:36:57+00:00","og_image":[{"width":800,"height":533,"url":"https:\/\/i0.wp.com\/digital58.com.ve\/site\/wp-content\/uploads\/2023\/01\/miguel-rodriguez.jpg?fit=800%2C533&ssl=1","type":"image\/jpeg"}],"author":"Villasmil Henry","twitter_card":"summary_large_image","twitter_creator":"@https:\/\/twitter.com\/villasmilhfoto","twitter_site":"@villasmilhfoto","twitter_misc":{"Escrito por":"Villasmil Henry","Tiempo estimado de lectura":"3 minutos"},"schema":{"@context":"https:\/\/schema.org","@graph":[{"@type":"Article","@id":"https:\/\/digital58.com.ve\/site\/2023\/01\/24\/exministro-es-acogido-en-espana-con-el-mismo-estatus-que-muchos-venezolanos\/#article","isPartOf":{"@id":"https:\/\/digital58.com.ve\/site\/2023\/01\/24\/exministro-es-acogido-en-espana-con-el-mismo-estatus-que-muchos-venezolanos\/"},"author":{"name":"Villasmil Henry","@id":"https:\/\/digital58.com.ve\/site\/#\/schema\/person\/64d1c2e4d0d4fd1b849980c4331c2951"},"headline":"Exministro es acogido en Espa\u00f1a con el mismo estatus que muchos venezolanos","datePublished":"2023-01-24T19:36:57+00:00","mainEntityOfPage":{"@id":"https:\/\/digital58.com.ve\/site\/2023\/01\/24\/exministro-es-acogido-en-espana-con-el-mismo-estatus-que-muchos-venezolanos\/"},"wordCount":571,"commentCount":0,"publisher":{"@id":"https:\/\/digital58.com.ve\/site\/#\/schema\/person\/64d1c2e4d0d4fd1b849980c4331c2951"},"image":{"@id":"https:\/\/digital58.com.ve\/site\/2023\/01\/24\/exministro-es-acogido-en-espana-con-el-mismo-estatus-que-muchos-venezolanos\/#primaryimage"},"thumbnailUrl":"https:\/\/digital58.com.ve\/site\/wp-content\/uploads\/2023\/01\/miguel-rodriguez.jpg","keywords":["ACNUR","Detenidos","Espa\u00f1a","Exministro","Internacionales","Miguel Eduardo Rodr\u00edguez Torres","Rodr\u00edguez Zapatero","Venezolanos en el exterior"],"articleSection":["Mundo"],"inLanguage":"es","potentialAction":[{"@type":"CommentAction","name":"Comment","target":["https:\/\/digital58.com.ve\/site\/2023\/01\/24\/exministro-es-acogido-en-espana-con-el-mismo-estatus-que-muchos-venezolanos\/#respond"]}]},{"@type":"WebPage","@id":"https:\/\/digital58.com.ve\/site\/2023\/01\/24\/exministro-es-acogido-en-espana-con-el-mismo-estatus-que-muchos-venezolanos\/","url":"https:\/\/digital58.com.ve\/site\/2023\/01\/24\/exministro-es-acogido-en-espana-con-el-mismo-estatus-que-muchos-venezolanos\/","name":"Exministro es acogido en Espa\u00f1a con el mismo estatus que muchos venezolanos","isPartOf":{"@id":"https:\/\/digital58.com.ve\/site\/#website"},"primaryImageOfPage":{"@id":"https:\/\/digital58.com.ve\/site\/2023\/01\/24\/exministro-es-acogido-en-espana-con-el-mismo-estatus-que-muchos-venezolanos\/#primaryimage"},"image":{"@id":"https:\/\/digital58.com.ve\/site\/2023\/01\/24\/exministro-es-acogido-en-espana-con-el-mismo-estatus-que-muchos-venezolanos\/#primaryimage"},"thumbnailUrl":"https:\/\/digital58.com.ve\/site\/wp-content\/uploads\/2023\/01\/miguel-rodriguez.jpg","datePublished":"2023-01-24T19:36:57+00:00","breadcrumb":{"@id":"https:\/\/digital58.com.ve\/site\/2023\/01\/24\/exministro-es-acogido-en-espana-con-el-mismo-estatus-que-muchos-venezolanos\/#breadcrumb"},"inLanguage":"es","potentialAction":[{"@type":"ReadAction","target":["https:\/\/digital58.com.ve\/site\/2023\/01\/24\/exministro-es-acogido-en-espana-con-el-mismo-estatus-que-muchos-venezolanos\/"]}]},{"@type":"ImageObject","inLanguage":"es","@id":"https:\/\/digital58.com.ve\/site\/2023\/01\/24\/exministro-es-acogido-en-espana-con-el-mismo-estatus-que-muchos-venezolanos\/#primaryimage","url":"https:\/\/digital58.com.ve\/site\/wp-content\/uploads\/2023\/01\/miguel-rodriguez.jpg","contentUrl":"https:\/\/digital58.com.ve\/site\/wp-content\/uploads\/2023\/01\/miguel-rodriguez.jpg","width":800,"height":533},{"@type":"BreadcrumbList","@id":"https:\/\/digital58.com.ve\/site\/2023\/01\/24\/exministro-es-acogido-en-espana-con-el-mismo-estatus-que-muchos-venezolanos\/#breadcrumb","itemListElement":[{"@type":"ListItem","position":1,"name":"Home","item":"https:\/\/digital58.com.ve\/site\/"},{"@type":"ListItem","position":2,"name":"Exministro es acogido en Espa\u00f1a con el mismo estatus que muchos venezolanos"}]},{"@type":"WebSite","@id":"https:\/\/digital58.com.ve\/site\/#website","url":"https:\/\/digital58.com.ve\/site\/","name":"Noticias Digital58","description":"Portal de Noticias \u00a1Periodismo web de verdad! Lanzamiento web 22.11.2005 \/ Maracaibo, Venezuela","publisher":{"@id":"https:\/\/digital58.com.ve\/site\/#\/schema\/person\/64d1c2e4d0d4fd1b849980c4331c2951"},"alternateName":"ND58","potentialAction":[{"@type":"SearchAction","target":{"@type":"EntryPoint","urlTemplate":"https:\/\/digital58.com.ve\/site\/?s={search_term_string}"},"query-input":{"@type":"PropertyValueSpecification","valueRequired":true,"valueName":"search_term_string"}}],"inLanguage":"es"},{"@type":["Person","Organization"],"@id":"https:\/\/digital58.com.ve\/site\/#\/schema\/person\/64d1c2e4d0d4fd1b849980c4331c2951","name":"Villasmil Henry","image":{"@type":"ImageObject","inLanguage":"es","@id":"https:\/\/secure.gravatar.com\/avatar\/bb0c4a2fcb7970138239f7e404ea75757b1b507b28b5ce4c53fbd62d797c5a7c?s=96&d=mm&r=g","url":"https:\/\/secure.gravatar.com\/avatar\/bb0c4a2fcb7970138239f7e404ea75757b1b507b28b5ce4c53fbd62d797c5a7c?s=96&d=mm&r=g","contentUrl":"https:\/\/secure.gravatar.com\/avatar\/bb0c4a2fcb7970138239f7e404ea75757b1b507b28b5ce4c53fbd62d797c5a7c?s=96&d=mm&r=g","caption":"Villasmil Henry"},"logo":{"@id":"https:\/\/secure.gravatar.com\/avatar\/bb0c4a2fcb7970138239f7e404ea75757b1b507b28b5ce4c53fbd62d797c5a7c?s=96&d=mm&r=g"},"sameAs":["http:\/\/www.henryvillasmil.com.ve","https:\/\/www.instagram.com\/villasmilhfoto\/","https:\/\/x.com\/https:\/\/twitter.com\/villasmilhfoto"],"url":"https:\/\/digital58.com.ve\/site\/author\/droopy_68\/"}]}},"uagb_featured_image_src":{"full":["https:\/\/digital58.com.ve\/site\/wp-content\/uploads\/2023\/01\/miguel-rodriguez.jpg",800,533,false],"thumbnail":["https:\/\/digital58.com.ve\/site\/wp-content\/uploads\/2023\/01\/miguel-rodriguez-150x150.jpg",150,150,true],"medium":["https:\/\/digital58.com.ve\/site\/wp-content\/uploads\/2023\/01\/miguel-rodriguez-300x200.jpg",300,200,true],"medium_large":["https:\/\/digital58.com.ve\/site\/wp-content\/uploads\/2023\/01\/miguel-rodriguez-768x512.jpg",768,512,true],"large":["https:\/\/digital58.com.ve\/site\/wp-content\/uploads\/2023\/01\/miguel-rodriguez.jpg",800,533,false],"1536x1536":["https:\/\/digital58.com.ve\/site\/wp-content\/uploads\/2023\/01\/miguel-rodriguez.jpg",800,533,false],"2048x2048":["https:\/\/digital58.com.ve\/site\/wp-content\/uploads\/2023\/01\/miguel-rodriguez.jpg",800,533,false],"colormag-highlighted-post":["https:\/\/digital58.com.ve\/site\/wp-content\/uploads\/2023\/01\/miguel-rodriguez-392x272.jpg",392,272,true],"colormag-featured-post-medium":["https:\/\/digital58.com.ve\/site\/wp-content\/uploads\/2023\/01\/miguel-rodriguez-390x205.jpg",390,205,true],"colormag-featured-post-small":["https:\/\/digital58.com.ve\/site\/wp-content\/uploads\/2023\/01\/miguel-rodriguez-130x90.jpg",130,90,true],"colormag-featured-image":["https:\/\/digital58.com.ve\/site\/wp-content\/uploads\/2023\/01\/miguel-rodriguez-800x445.jpg",800,445,true],"colormag-default-news":["https:\/\/digital58.com.ve\/site\/wp-content\/uploads\/2023\/01\/miguel-rodriguez.jpg",150,100,false],"colormag-featured-image-large":["https:\/\/digital58.com.ve\/site\/wp-content\/uploads\/2023\/01\/miguel-rodriguez.jpg",800,533,false]},"uagb_author_info":{"display_name":"Villasmil Henry","author_link":"https:\/\/digital58.com.ve\/site\/author\/droopy_68\/"},"uagb_comment_info":0,"uagb_excerpt":"Gobierno espa\u00f1ol asegura que en los \u00faltimos a\u00f1os han sido unos 70.000 venezolanos los que se han establecido en Espa\u00f1a,","_links":{"self":[{"href":"https:\/\/digital58.com.ve\/site\/wp-json\/wp\/v2\/posts\/162004","targetHints":{"allow":["GET"]}}],"collection":[{"href":"https:\/\/digital58.com.ve\/site\/wp-json\/wp\/v2\/posts"}],"about":[{"href":"https:\/\/digital58.com.ve\/site\/wp-json\/wp\/v2\/types\/post"}],"author":[{"embeddable":true,"href":"https:\/\/digital58.com.ve\/site\/wp-json\/wp\/v2\/users\/1"}],"replies":[{"embeddable":true,"href":"https:\/\/digital58.com.ve\/site\/wp-json\/wp\/v2\/comments?post=162004"}],"version-history":[{"count":0,"href":"https:\/\/digital58.com.ve\/site\/wp-json\/wp\/v2\/posts\/162004\/revisions"}],"wp:featuredmedia":[{"embeddable":true,"href":"https:\/\/digital58.com.ve\/site\/wp-json\/wp\/v2\/media\/162005"}],"wp:attachment":[{"href":"https:\/\/digital58.com.ve\/site\/wp-json\/wp\/v2\/media?parent=162004"}],"wp:term":[{"taxonomy":"category","embeddable":true,"href":"https:\/\/digital58.com.ve\/site\/wp-json\/wp\/v2\/categories?post=162004"},{"taxonomy":"post_tag","embeddable":true,"href":"https:\/\/digital58.com.ve\/site\/wp-json\/wp\/v2\/tags?post=162004"}],"curies":[{"name":"wp","href":"https:\/\/api.w.org\/{rel}","templated":true}]}}