{"id":162025,"date":"2023-01-24T23:16:45","date_gmt":"2023-01-25T03:16:45","guid":{"rendered":"https:\/\/digital58.com.ve\/site\/?p=162025"},"modified":"2023-01-24T23:16:45","modified_gmt":"2023-01-25T03:16:45","slug":"boric-pide-liberacion-de-presos-en-nicaragua-y-cambio-de-rumbo-en-peru","status":"publish","type":"post","link":"https:\/\/digital58.com.ve\/site\/2023\/01\/24\/boric-pide-liberacion-de-presos-en-nicaragua-y-cambio-de-rumbo-en-peru\/","title":{"rendered":"Boric pide liberaci\u00f3n de presos en Nicaragua y \u00abcambio de rumbo\u00bb en Per\u00fa"},"content":{"rendered":"<p><a href=\"https:\/\/digital58.com.ve\/site\/wp-content\/uploads\/2023\/01\/5a3e8ba6ef9dc8b16fa947138d8cc219bd9939bfw.jpg\"><img loading=\"lazy\" decoding=\"async\" class=\"aligncenter size-full wp-image-162026\" src=\"https:\/\/digital58.com.ve\/site\/wp-content\/uploads\/2023\/01\/5a3e8ba6ef9dc8b16fa947138d8cc219bd9939bfw.jpg\" alt=\"\" width=\"800\" height=\"533\" srcset=\"https:\/\/digital58.com.ve\/site\/wp-content\/uploads\/2023\/01\/5a3e8ba6ef9dc8b16fa947138d8cc219bd9939bfw.jpg 800w, https:\/\/digital58.com.ve\/site\/wp-content\/uploads\/2023\/01\/5a3e8ba6ef9dc8b16fa947138d8cc219bd9939bfw-300x200.jpg 300w, https:\/\/digital58.com.ve\/site\/wp-content\/uploads\/2023\/01\/5a3e8ba6ef9dc8b16fa947138d8cc219bd9939bfw-768x512.jpg 768w\" sizes=\"auto, (max-width: 800px) 100vw, 800px\" \/><\/a><\/p>\n<p>La VII Cumbre de la Celac re\u00fane este martes en el c\u00e9ntrico hotel Sheraton de Buenos Aires a representantes de los 33 pa\u00edses de Am\u00e9rica Latina y el Caribe.<\/p>\n<p><strong>Buenos Aires, Argentina, 24 de enero de 2023 (ND58).-<\/strong> El presidente de Chile, Gabriel Boric, pidi\u00f3 este martes durante su intervenci\u00f3n en la Cumbre de la Celac la liberaci\u00f3n de los \u00abopositores que a\u00fan se encuentran detenidos de forma indigna\u00bb en Nicaragua y asegur\u00f3 que Per\u00fa necesita un \u00abcambio de rumbo\u00bb ante la violencia \u00abinaceptable\u00bb del \u00faltimo mes.<\/p>\n<p>\u00abNo podemos ser indiferentes cuando hoy en d\u00eda en nuestra hermana naci\u00f3n de Per\u00fa personas que salen a marchar y a reclamar lo que consideran justo terminan baleadas por quien debiera defenderlas\u00bb, indic\u00f3 Boric ante el plenario del bloque.<\/p>\n<p>El mandatario chileno, que se estrena en un c\u00f3nclave de la Celac tras asumir el poder hace un a\u00f1o, recalc\u00f3 \u00abla imperiosa necesidad de un cambio de rumbo en Per\u00fa\u00bb.<\/p>\n<p>\u00abEl saldo que ha dejado el camino de la represi\u00f3n y la violencia \u2014tras el fallido autogolpe de estado del expresidente Pedro Castillo\u2014 es inaceptable\u00bb, agreg\u00f3.<\/p>\n<p>Boric, que desde que ha llegado al poder ha criticado duramente los reg\u00edmenes autoritarios de la regi\u00f3n y por eso muchos analistas le consideran referente de la nueva izquierda latinoamericana, tambi\u00e9n se refiri\u00f3 a la crisis Venezuela y pidi\u00f3 la vuelta del pa\u00eds suramericano \u00aba los foros multinacionales\u00bb.<\/p>\n<p>\u00abLa pol\u00edtica de la exclusi\u00f3n no ofrece resultados aut\u00e9nticos ni durables. As\u00ed lo demuestra la historia de nuestra Am\u00e9rica Latina y el Caribe con el ignominioso bloqueo de Estados Unidos a Cuba y m\u00e1s recientemente a Venezuela\u00bb, apunt\u00f3.<\/p>\n<p>El venezolano Nicol\u00e1s Maduro era la gran inc\u00f3gnita de los \u00faltimos d\u00edas y la incertidumbre sobre su participaci\u00f3n se mantuvo casi hasta el final.<\/p>\n<p>El lunes por la tarde, el Gobierno venezolano inform\u00f3 de un presunto \u00abplan de agresi\u00f3n\u00bb de la \u00abderecha neofascista\u00bb contra la delegaci\u00f3n que iba a encabezar Maduro y que en su lugar viajar\u00eda el canciller Yvan Gil.<\/p>\n<p>Boric, sin embargo, pidi\u00f3 elecciones \u00ablibres, justas y transparentes\u00bb en Venezuela para 2024 y expres\u00f3 el deseo de su Gobierno de \u00abcolaborar en el dialogo entre los distintos sectores del pa\u00eds para encontrar una salida\u00bb a la crisis.<\/p>\n<p>\u00abFuera de la democracia no hay libertad ni dignididad posible (&#8230;) La dictadura (en Chile) nos ense\u00f1o de forma brusca a sangre y fuego los efectos de relativizar la democracia y los derechos humanos\u00bb, a\u00f1adi\u00f3 el exl\u00edder estudiantil, quien pidi\u00f3 condenar los atropellos a los derechos humanos \u00abindependientemente del signo pol\u00edtico de quien gobierne\u00bb.<\/p>\n<p>\u00abLa democracia se debe respetar especialmente en elecciones libres cuando gana aquel con quien no estoy de acuerdo y los derechos humanos son avances civilizatorios que deben ser respetados\u00bb, concluy\u00f3.<\/p>\n<p>Adem\u00e1s de Boric, asisten al c\u00f3nclave una quincena de jefes de Estado y de Gobierno, entre ellos, Luiz In\u00e1cio Lula da Silva (Brasil), Luis Alberto Arce (Bolivia), Luis Lacalle Pou (Uruguay), Gustavo Petro (Colombia), Miguel D\u00edaz-Canel (Cuba) y Xiomara Castro (Honduras).<\/p>\n<p><strong>Redacci\u00f3n ND58 | Fuente: EFE<\/strong><br \/>\n<strong>Edici\u00f3n: Villasmil, Henry<\/strong><br \/>\n<strong>Gr\u00e1fica:<\/strong><\/p>\n<p>&nbsp;<\/p>\n<p>&nbsp;<\/p><div class=\"qskcd69f0130d18a1d\" ><p style=\"text-align: center;\"><a href=\"https:\/\/t.me\/noticiasdigital58\" target=\"_blank\" rel=\"noopener\"><img class=\"aligncenter size-full wp-image-125363\" src=\"https:\/\/digital58.com.ve\/site\/wp-content\/uploads\/2021\/04\/banner-telegram-web-2021.png\" alt=\"\" width=\"600\" height=\"90\" \/><\/a><\/p><\/div><style type=\"text\/css\">\r\n@media screen and (min-width: 1201px) {\r\n.qskcd69f0130d18a1d {\r\ndisplay: block;\r\n}\r\n}\r\n@media screen and (min-width: 993px) and (max-width: 1200px) {\r\n.qskcd69f0130d18a1d {\r\ndisplay: block;\r\n}\r\n}\r\n@media screen and (min-width: 769px) and (max-width: 992px) {\r\n.qskcd69f0130d18a1d {\r\ndisplay: block;\r\n}\r\n}\r\n@media screen and (min-width: 768px) and (max-width: 768px) {\r\n.qskcd69f0130d18a1d {\r\ndisplay: block;\r\n}\r\n}\r\n@media screen and (max-width: 767px) {\r\n.qskcd69f0130d18a1d {\r\ndisplay: block;\r\n}\r\n}\r\n<\/style>\r\n\n<p>&nbsp;<\/p>\n<div style=\"margin-top: 0px; margin-bottom: 0px;\" class=\"sharethis-inline-share-buttons\" ><\/div>","protected":false},"excerpt":{"rendered":"<p>La VII Cumbre de la Celac re\u00fane este martes en el c\u00e9ntrico hotel Sheraton de Buenos Aires a representantes de<\/p>\n","protected":false},"author":1,"featured_media":162026,"comment_status":"open","ping_status":"closed","sticky":false,"template":"","format":"standard","meta":{"colormag_page_container_layout":"default_layout","colormag_page_sidebar_layout":"default_layout","_uag_custom_page_level_css":"","footnotes":""},"categories":[16451],"tags":[13770,36,6941,26469,109,30035,8,30259],"class_list":["post-162025","post","type-post","status-publish","format-standard","has-post-thumbnail","hentry","category-mundo","tag-alberto-fernandez","tag-argentina","tag-buenos-aires","tag-celac","tag-chile","tag-gabriel-boric","tag-internacionales","tag-vii-cumbre-de-la-celac"],"yoast_head":"<!-- This site is optimized with the Yoast SEO plugin v27.4 - https:\/\/yoast.com\/product\/yoast-seo-wordpress\/ -->\n<title>Boric pide liberaci\u00f3n de presos en Nicaragua y \u00abcambio de rumbo\u00bb en Per\u00fa<\/title>\n<meta name=\"robots\" content=\"index, follow, max-snippet:-1, max-image-preview:large, max-video-preview:-1\" \/>\n<link rel=\"canonical\" href=\"https:\/\/digital58.com.ve\/site\/2023\/01\/24\/boric-pide-liberacion-de-presos-en-nicaragua-y-cambio-de-rumbo-en-peru\/\" \/>\n<meta property=\"og:locale\" content=\"es_ES\" \/>\n<meta property=\"og:type\" content=\"article\" \/>\n<meta property=\"og:title\" content=\"Boric pide liberaci\u00f3n de presos en Nicaragua y \u00abcambio de rumbo\u00bb en Per\u00fa\" \/>\n<meta property=\"og:url\" content=\"https:\/\/digital58.com.ve\/site\/2023\/01\/24\/boric-pide-liberacion-de-presos-en-nicaragua-y-cambio-de-rumbo-en-peru\/\" \/>\n<meta property=\"og:site_name\" content=\"Noticias Digital58\" \/>\n<meta property=\"article:published_time\" content=\"2023-01-25T03:16:45+00:00\" \/>\n<meta property=\"og:image\" content=\"https:\/\/i0.wp.com\/digital58.com.ve\/site\/wp-content\/uploads\/2023\/01\/5a3e8ba6ef9dc8b16fa947138d8cc219bd9939bfw.jpg?fit=800%2C533&ssl=1\" \/>\n\t<meta property=\"og:image:width\" content=\"800\" \/>\n\t<meta property=\"og:image:height\" content=\"533\" \/>\n\t<meta property=\"og:image:type\" content=\"image\/jpeg\" \/>\n<meta name=\"author\" content=\"Villasmil Henry\" \/>\n<meta name=\"twitter:card\" content=\"summary_large_image\" \/>\n<meta name=\"twitter:creator\" content=\"@https:\/\/twitter.com\/villasmilhfoto\" \/>\n<meta name=\"twitter:site\" content=\"@villasmilhfoto\" \/>\n<meta name=\"twitter:label1\" content=\"Escrito por\" \/>\n\t<meta name=\"twitter:data1\" content=\"Villasmil Henry\" \/>\n\t<meta name=\"twitter:label2\" content=\"Tiempo estimado de lectura\" \/>\n\t<meta name=\"twitter:data2\" content=\"3 minutos\" \/>\n<script type=\"application\/ld+json\" class=\"yoast-schema-graph\">{\"@context\":\"https:\\\/\\\/schema.org\",\"@graph\":[{\"@type\":\"Article\",\"@id\":\"https:\\\/\\\/digital58.com.ve\\\/site\\\/2023\\\/01\\\/24\\\/boric-pide-liberacion-de-presos-en-nicaragua-y-cambio-de-rumbo-en-peru\\\/#article\",\"isPartOf\":{\"@id\":\"https:\\\/\\\/digital58.com.ve\\\/site\\\/2023\\\/01\\\/24\\\/boric-pide-liberacion-de-presos-en-nicaragua-y-cambio-de-rumbo-en-peru\\\/\"},\"author\":{\"name\":\"Villasmil Henry\",\"@id\":\"https:\\\/\\\/digital58.com.ve\\\/site\\\/#\\\/schema\\\/person\\\/64d1c2e4d0d4fd1b849980c4331c2951\"},\"headline\":\"Boric pide liberaci\u00f3n de presos en Nicaragua y \u00abcambio de rumbo\u00bb en Per\u00fa\",\"datePublished\":\"2023-01-25T03:16:45+00:00\",\"mainEntityOfPage\":{\"@id\":\"https:\\\/\\\/digital58.com.ve\\\/site\\\/2023\\\/01\\\/24\\\/boric-pide-liberacion-de-presos-en-nicaragua-y-cambio-de-rumbo-en-peru\\\/\"},\"wordCount\":553,\"commentCount\":0,\"publisher\":{\"@id\":\"https:\\\/\\\/digital58.com.ve\\\/site\\\/#\\\/schema\\\/person\\\/64d1c2e4d0d4fd1b849980c4331c2951\"},\"image\":{\"@id\":\"https:\\\/\\\/digital58.com.ve\\\/site\\\/2023\\\/01\\\/24\\\/boric-pide-liberacion-de-presos-en-nicaragua-y-cambio-de-rumbo-en-peru\\\/#primaryimage\"},\"thumbnailUrl\":\"https:\\\/\\\/digital58.com.ve\\\/site\\\/wp-content\\\/uploads\\\/2023\\\/01\\\/5a3e8ba6ef9dc8b16fa947138d8cc219bd9939bfw.jpg\",\"keywords\":[\"Alberto Fern\u00e1ndez\",\"Argentina\",\"Buenos Aires\",\"Celac\",\"Chile\",\"Gabriel Boric\",\"Internacionales\",\"VII Cumbre de la Celac\"],\"articleSection\":[\"Mundo\"],\"inLanguage\":\"es\",\"potentialAction\":[{\"@type\":\"CommentAction\",\"name\":\"Comment\",\"target\":[\"https:\\\/\\\/digital58.com.ve\\\/site\\\/2023\\\/01\\\/24\\\/boric-pide-liberacion-de-presos-en-nicaragua-y-cambio-de-rumbo-en-peru\\\/#respond\"]}]},{\"@type\":\"WebPage\",\"@id\":\"https:\\\/\\\/digital58.com.ve\\\/site\\\/2023\\\/01\\\/24\\\/boric-pide-liberacion-de-presos-en-nicaragua-y-cambio-de-rumbo-en-peru\\\/\",\"url\":\"https:\\\/\\\/digital58.com.ve\\\/site\\\/2023\\\/01\\\/24\\\/boric-pide-liberacion-de-presos-en-nicaragua-y-cambio-de-rumbo-en-peru\\\/\",\"name\":\"Boric pide liberaci\u00f3n de presos en Nicaragua y \u00abcambio de rumbo\u00bb en Per\u00fa\",\"isPartOf\":{\"@id\":\"https:\\\/\\\/digital58.com.ve\\\/site\\\/#website\"},\"primaryImageOfPage\":{\"@id\":\"https:\\\/\\\/digital58.com.ve\\\/site\\\/2023\\\/01\\\/24\\\/boric-pide-liberacion-de-presos-en-nicaragua-y-cambio-de-rumbo-en-peru\\\/#primaryimage\"},\"image\":{\"@id\":\"https:\\\/\\\/digital58.com.ve\\\/site\\\/2023\\\/01\\\/24\\\/boric-pide-liberacion-de-presos-en-nicaragua-y-cambio-de-rumbo-en-peru\\\/#primaryimage\"},\"thumbnailUrl\":\"https:\\\/\\\/digital58.com.ve\\\/site\\\/wp-content\\\/uploads\\\/2023\\\/01\\\/5a3e8ba6ef9dc8b16fa947138d8cc219bd9939bfw.jpg\",\"datePublished\":\"2023-01-25T03:16:45+00:00\",\"breadcrumb\":{\"@id\":\"https:\\\/\\\/digital58.com.ve\\\/site\\\/2023\\\/01\\\/24\\\/boric-pide-liberacion-de-presos-en-nicaragua-y-cambio-de-rumbo-en-peru\\\/#breadcrumb\"},\"inLanguage\":\"es\",\"potentialAction\":[{\"@type\":\"ReadAction\",\"target\":[\"https:\\\/\\\/digital58.com.ve\\\/site\\\/2023\\\/01\\\/24\\\/boric-pide-liberacion-de-presos-en-nicaragua-y-cambio-de-rumbo-en-peru\\\/\"]}]},{\"@type\":\"ImageObject\",\"inLanguage\":\"es\",\"@id\":\"https:\\\/\\\/digital58.com.ve\\\/site\\\/2023\\\/01\\\/24\\\/boric-pide-liberacion-de-presos-en-nicaragua-y-cambio-de-rumbo-en-peru\\\/#primaryimage\",\"url\":\"https:\\\/\\\/digital58.com.ve\\\/site\\\/wp-content\\\/uploads\\\/2023\\\/01\\\/5a3e8ba6ef9dc8b16fa947138d8cc219bd9939bfw.jpg\",\"contentUrl\":\"https:\\\/\\\/digital58.com.ve\\\/site\\\/wp-content\\\/uploads\\\/2023\\\/01\\\/5a3e8ba6ef9dc8b16fa947138d8cc219bd9939bfw.jpg\",\"width\":800,\"height\":533},{\"@type\":\"BreadcrumbList\",\"@id\":\"https:\\\/\\\/digital58.com.ve\\\/site\\\/2023\\\/01\\\/24\\\/boric-pide-liberacion-de-presos-en-nicaragua-y-cambio-de-rumbo-en-peru\\\/#breadcrumb\",\"itemListElement\":[{\"@type\":\"ListItem\",\"position\":1,\"name\":\"Home\",\"item\":\"https:\\\/\\\/digital58.com.ve\\\/site\\\/\"},{\"@type\":\"ListItem\",\"position\":2,\"name\":\"Boric pide liberaci\u00f3n de presos en Nicaragua y \u00abcambio de rumbo\u00bb en Per\u00fa\"}]},{\"@type\":\"WebSite\",\"@id\":\"https:\\\/\\\/digital58.com.ve\\\/site\\\/#website\",\"url\":\"https:\\\/\\\/digital58.com.ve\\\/site\\\/\",\"name\":\"Noticias Digital58\",\"description\":\"Portal de Noticias \u00a1Periodismo web de verdad! Lanzamiento web 22.11.2005 \\\/ Maracaibo, Venezuela\",\"publisher\":{\"@id\":\"https:\\\/\\\/digital58.com.ve\\\/site\\\/#\\\/schema\\\/person\\\/64d1c2e4d0d4fd1b849980c4331c2951\"},\"alternateName\":\"ND58\",\"potentialAction\":[{\"@type\":\"SearchAction\",\"target\":{\"@type\":\"EntryPoint\",\"urlTemplate\":\"https:\\\/\\\/digital58.com.ve\\\/site\\\/?s={search_term_string}\"},\"query-input\":{\"@type\":\"PropertyValueSpecification\",\"valueRequired\":true,\"valueName\":\"search_term_string\"}}],\"inLanguage\":\"es\"},{\"@type\":[\"Person\",\"Organization\"],\"@id\":\"https:\\\/\\\/digital58.com.ve\\\/site\\\/#\\\/schema\\\/person\\\/64d1c2e4d0d4fd1b849980c4331c2951\",\"name\":\"Villasmil Henry\",\"image\":{\"@type\":\"ImageObject\",\"inLanguage\":\"es\",\"@id\":\"https:\\\/\\\/secure.gravatar.com\\\/avatar\\\/bb0c4a2fcb7970138239f7e404ea75757b1b507b28b5ce4c53fbd62d797c5a7c?s=96&d=mm&r=g\",\"url\":\"https:\\\/\\\/secure.gravatar.com\\\/avatar\\\/bb0c4a2fcb7970138239f7e404ea75757b1b507b28b5ce4c53fbd62d797c5a7c?s=96&d=mm&r=g\",\"contentUrl\":\"https:\\\/\\\/secure.gravatar.com\\\/avatar\\\/bb0c4a2fcb7970138239f7e404ea75757b1b507b28b5ce4c53fbd62d797c5a7c?s=96&d=mm&r=g\",\"caption\":\"Villasmil Henry\"},\"logo\":{\"@id\":\"https:\\\/\\\/secure.gravatar.com\\\/avatar\\\/bb0c4a2fcb7970138239f7e404ea75757b1b507b28b5ce4c53fbd62d797c5a7c?s=96&d=mm&r=g\"},\"sameAs\":[\"http:\\\/\\\/www.henryvillasmil.com.ve\",\"https:\\\/\\\/www.instagram.com\\\/villasmilhfoto\\\/\",\"https:\\\/\\\/x.com\\\/https:\\\/\\\/twitter.com\\\/villasmilhfoto\"],\"url\":\"https:\\\/\\\/digital58.com.ve\\\/site\\\/author\\\/droopy_68\\\/\"}]}<\/script>\n<!-- \/ Yoast SEO plugin. -->","yoast_head_json":{"title":"Boric pide liberaci\u00f3n de presos en Nicaragua y \u00abcambio de rumbo\u00bb en Per\u00fa","robots":{"index":"index","follow":"follow","max-snippet":"max-snippet:-1","max-image-preview":"max-image-preview:large","max-video-preview":"max-video-preview:-1"},"canonical":"https:\/\/digital58.com.ve\/site\/2023\/01\/24\/boric-pide-liberacion-de-presos-en-nicaragua-y-cambio-de-rumbo-en-peru\/","og_locale":"es_ES","og_type":"article","og_title":"Boric pide liberaci\u00f3n de presos en Nicaragua y \u00abcambio de rumbo\u00bb en Per\u00fa","og_url":"https:\/\/digital58.com.ve\/site\/2023\/01\/24\/boric-pide-liberacion-de-presos-en-nicaragua-y-cambio-de-rumbo-en-peru\/","og_site_name":"Noticias Digital58","article_published_time":"2023-01-25T03:16:45+00:00","og_image":[{"width":800,"height":533,"url":"https:\/\/i0.wp.com\/digital58.com.ve\/site\/wp-content\/uploads\/2023\/01\/5a3e8ba6ef9dc8b16fa947138d8cc219bd9939bfw.jpg?fit=800%2C533&ssl=1","type":"image\/jpeg"}],"author":"Villasmil Henry","twitter_card":"summary_large_image","twitter_creator":"@https:\/\/twitter.com\/villasmilhfoto","twitter_site":"@villasmilhfoto","twitter_misc":{"Escrito por":"Villasmil Henry","Tiempo estimado de lectura":"3 minutos"},"schema":{"@context":"https:\/\/schema.org","@graph":[{"@type":"Article","@id":"https:\/\/digital58.com.ve\/site\/2023\/01\/24\/boric-pide-liberacion-de-presos-en-nicaragua-y-cambio-de-rumbo-en-peru\/#article","isPartOf":{"@id":"https:\/\/digital58.com.ve\/site\/2023\/01\/24\/boric-pide-liberacion-de-presos-en-nicaragua-y-cambio-de-rumbo-en-peru\/"},"author":{"name":"Villasmil Henry","@id":"https:\/\/digital58.com.ve\/site\/#\/schema\/person\/64d1c2e4d0d4fd1b849980c4331c2951"},"headline":"Boric pide liberaci\u00f3n de presos en Nicaragua y \u00abcambio de rumbo\u00bb en Per\u00fa","datePublished":"2023-01-25T03:16:45+00:00","mainEntityOfPage":{"@id":"https:\/\/digital58.com.ve\/site\/2023\/01\/24\/boric-pide-liberacion-de-presos-en-nicaragua-y-cambio-de-rumbo-en-peru\/"},"wordCount":553,"commentCount":0,"publisher":{"@id":"https:\/\/digital58.com.ve\/site\/#\/schema\/person\/64d1c2e4d0d4fd1b849980c4331c2951"},"image":{"@id":"https:\/\/digital58.com.ve\/site\/2023\/01\/24\/boric-pide-liberacion-de-presos-en-nicaragua-y-cambio-de-rumbo-en-peru\/#primaryimage"},"thumbnailUrl":"https:\/\/digital58.com.ve\/site\/wp-content\/uploads\/2023\/01\/5a3e8ba6ef9dc8b16fa947138d8cc219bd9939bfw.jpg","keywords":["Alberto Fern\u00e1ndez","Argentina","Buenos Aires","Celac","Chile","Gabriel Boric","Internacionales","VII Cumbre de la Celac"],"articleSection":["Mundo"],"inLanguage":"es","potentialAction":[{"@type":"CommentAction","name":"Comment","target":["https:\/\/digital58.com.ve\/site\/2023\/01\/24\/boric-pide-liberacion-de-presos-en-nicaragua-y-cambio-de-rumbo-en-peru\/#respond"]}]},{"@type":"WebPage","@id":"https:\/\/digital58.com.ve\/site\/2023\/01\/24\/boric-pide-liberacion-de-presos-en-nicaragua-y-cambio-de-rumbo-en-peru\/","url":"https:\/\/digital58.com.ve\/site\/2023\/01\/24\/boric-pide-liberacion-de-presos-en-nicaragua-y-cambio-de-rumbo-en-peru\/","name":"Boric pide liberaci\u00f3n de presos en Nicaragua y \u00abcambio de rumbo\u00bb en Per\u00fa","isPartOf":{"@id":"https:\/\/digital58.com.ve\/site\/#website"},"primaryImageOfPage":{"@id":"https:\/\/digital58.com.ve\/site\/2023\/01\/24\/boric-pide-liberacion-de-presos-en-nicaragua-y-cambio-de-rumbo-en-peru\/#primaryimage"},"image":{"@id":"https:\/\/digital58.com.ve\/site\/2023\/01\/24\/boric-pide-liberacion-de-presos-en-nicaragua-y-cambio-de-rumbo-en-peru\/#primaryimage"},"thumbnailUrl":"https:\/\/digital58.com.ve\/site\/wp-content\/uploads\/2023\/01\/5a3e8ba6ef9dc8b16fa947138d8cc219bd9939bfw.jpg","datePublished":"2023-01-25T03:16:45+00:00","breadcrumb":{"@id":"https:\/\/digital58.com.ve\/site\/2023\/01\/24\/boric-pide-liberacion-de-presos-en-nicaragua-y-cambio-de-rumbo-en-peru\/#breadcrumb"},"inLanguage":"es","potentialAction":[{"@type":"ReadAction","target":["https:\/\/digital58.com.ve\/site\/2023\/01\/24\/boric-pide-liberacion-de-presos-en-nicaragua-y-cambio-de-rumbo-en-peru\/"]}]},{"@type":"ImageObject","inLanguage":"es","@id":"https:\/\/digital58.com.ve\/site\/2023\/01\/24\/boric-pide-liberacion-de-presos-en-nicaragua-y-cambio-de-rumbo-en-peru\/#primaryimage","url":"https:\/\/digital58.com.ve\/site\/wp-content\/uploads\/2023\/01\/5a3e8ba6ef9dc8b16fa947138d8cc219bd9939bfw.jpg","contentUrl":"https:\/\/digital58.com.ve\/site\/wp-content\/uploads\/2023\/01\/5a3e8ba6ef9dc8b16fa947138d8cc219bd9939bfw.jpg","width":800,"height":533},{"@type":"BreadcrumbList","@id":"https:\/\/digital58.com.ve\/site\/2023\/01\/24\/boric-pide-liberacion-de-presos-en-nicaragua-y-cambio-de-rumbo-en-peru\/#breadcrumb","itemListElement":[{"@type":"ListItem","position":1,"name":"Home","item":"https:\/\/digital58.com.ve\/site\/"},{"@type":"ListItem","position":2,"name":"Boric pide liberaci\u00f3n de presos en Nicaragua y \u00abcambio de rumbo\u00bb en Per\u00fa"}]},{"@type":"WebSite","@id":"https:\/\/digital58.com.ve\/site\/#website","url":"https:\/\/digital58.com.ve\/site\/","name":"Noticias Digital58","description":"Portal de Noticias \u00a1Periodismo web de verdad! Lanzamiento web 22.11.2005 \/ Maracaibo, Venezuela","publisher":{"@id":"https:\/\/digital58.com.ve\/site\/#\/schema\/person\/64d1c2e4d0d4fd1b849980c4331c2951"},"alternateName":"ND58","potentialAction":[{"@type":"SearchAction","target":{"@type":"EntryPoint","urlTemplate":"https:\/\/digital58.com.ve\/site\/?s={search_term_string}"},"query-input":{"@type":"PropertyValueSpecification","valueRequired":true,"valueName":"search_term_string"}}],"inLanguage":"es"},{"@type":["Person","Organization"],"@id":"https:\/\/digital58.com.ve\/site\/#\/schema\/person\/64d1c2e4d0d4fd1b849980c4331c2951","name":"Villasmil Henry","image":{"@type":"ImageObject","inLanguage":"es","@id":"https:\/\/secure.gravatar.com\/avatar\/bb0c4a2fcb7970138239f7e404ea75757b1b507b28b5ce4c53fbd62d797c5a7c?s=96&d=mm&r=g","url":"https:\/\/secure.gravatar.com\/avatar\/bb0c4a2fcb7970138239f7e404ea75757b1b507b28b5ce4c53fbd62d797c5a7c?s=96&d=mm&r=g","contentUrl":"https:\/\/secure.gravatar.com\/avatar\/bb0c4a2fcb7970138239f7e404ea75757b1b507b28b5ce4c53fbd62d797c5a7c?s=96&d=mm&r=g","caption":"Villasmil Henry"},"logo":{"@id":"https:\/\/secure.gravatar.com\/avatar\/bb0c4a2fcb7970138239f7e404ea75757b1b507b28b5ce4c53fbd62d797c5a7c?s=96&d=mm&r=g"},"sameAs":["http:\/\/www.henryvillasmil.com.ve","https:\/\/www.instagram.com\/villasmilhfoto\/","https:\/\/x.com\/https:\/\/twitter.com\/villasmilhfoto"],"url":"https:\/\/digital58.com.ve\/site\/author\/droopy_68\/"}]}},"uagb_featured_image_src":{"full":["https:\/\/digital58.com.ve\/site\/wp-content\/uploads\/2023\/01\/5a3e8ba6ef9dc8b16fa947138d8cc219bd9939bfw.jpg",800,533,false],"thumbnail":["https:\/\/digital58.com.ve\/site\/wp-content\/uploads\/2023\/01\/5a3e8ba6ef9dc8b16fa947138d8cc219bd9939bfw-150x150.jpg",150,150,true],"medium":["https:\/\/digital58.com.ve\/site\/wp-content\/uploads\/2023\/01\/5a3e8ba6ef9dc8b16fa947138d8cc219bd9939bfw-300x200.jpg",300,200,true],"medium_large":["https:\/\/digital58.com.ve\/site\/wp-content\/uploads\/2023\/01\/5a3e8ba6ef9dc8b16fa947138d8cc219bd9939bfw-768x512.jpg",768,512,true],"large":["https:\/\/digital58.com.ve\/site\/wp-content\/uploads\/2023\/01\/5a3e8ba6ef9dc8b16fa947138d8cc219bd9939bfw.jpg",800,533,false],"1536x1536":["https:\/\/digital58.com.ve\/site\/wp-content\/uploads\/2023\/01\/5a3e8ba6ef9dc8b16fa947138d8cc219bd9939bfw.jpg",800,533,false],"2048x2048":["https:\/\/digital58.com.ve\/site\/wp-content\/uploads\/2023\/01\/5a3e8ba6ef9dc8b16fa947138d8cc219bd9939bfw.jpg",800,533,false],"colormag-highlighted-post":["https:\/\/digital58.com.ve\/site\/wp-content\/uploads\/2023\/01\/5a3e8ba6ef9dc8b16fa947138d8cc219bd9939bfw-392x272.jpg",392,272,true],"colormag-featured-post-medium":["https:\/\/digital58.com.ve\/site\/wp-content\/uploads\/2023\/01\/5a3e8ba6ef9dc8b16fa947138d8cc219bd9939bfw-390x205.jpg",390,205,true],"colormag-featured-post-small":["https:\/\/digital58.com.ve\/site\/wp-content\/uploads\/2023\/01\/5a3e8ba6ef9dc8b16fa947138d8cc219bd9939bfw-130x90.jpg",130,90,true],"colormag-featured-image":["https:\/\/digital58.com.ve\/site\/wp-content\/uploads\/2023\/01\/5a3e8ba6ef9dc8b16fa947138d8cc219bd9939bfw-800x445.jpg",800,445,true],"colormag-default-news":["https:\/\/digital58.com.ve\/site\/wp-content\/uploads\/2023\/01\/5a3e8ba6ef9dc8b16fa947138d8cc219bd9939bfw.jpg",150,100,false],"colormag-featured-image-large":["https:\/\/digital58.com.ve\/site\/wp-content\/uploads\/2023\/01\/5a3e8ba6ef9dc8b16fa947138d8cc219bd9939bfw.jpg",800,533,false]},"uagb_author_info":{"display_name":"Villasmil Henry","author_link":"https:\/\/digital58.com.ve\/site\/author\/droopy_68\/"},"uagb_comment_info":0,"uagb_excerpt":"La VII Cumbre de la Celac re\u00fane este martes en el c\u00e9ntrico hotel Sheraton de Buenos Aires a representantes de","_links":{"self":[{"href":"https:\/\/digital58.com.ve\/site\/wp-json\/wp\/v2\/posts\/162025","targetHints":{"allow":["GET"]}}],"collection":[{"href":"https:\/\/digital58.com.ve\/site\/wp-json\/wp\/v2\/posts"}],"about":[{"href":"https:\/\/digital58.com.ve\/site\/wp-json\/wp\/v2\/types\/post"}],"author":[{"embeddable":true,"href":"https:\/\/digital58.com.ve\/site\/wp-json\/wp\/v2\/users\/1"}],"replies":[{"embeddable":true,"href":"https:\/\/digital58.com.ve\/site\/wp-json\/wp\/v2\/comments?post=162025"}],"version-history":[{"count":0,"href":"https:\/\/digital58.com.ve\/site\/wp-json\/wp\/v2\/posts\/162025\/revisions"}],"wp:featuredmedia":[{"embeddable":true,"href":"https:\/\/digital58.com.ve\/site\/wp-json\/wp\/v2\/media\/162026"}],"wp:attachment":[{"href":"https:\/\/digital58.com.ve\/site\/wp-json\/wp\/v2\/media?parent=162025"}],"wp:term":[{"taxonomy":"category","embeddable":true,"href":"https:\/\/digital58.com.ve\/site\/wp-json\/wp\/v2\/categories?post=162025"},{"taxonomy":"post_tag","embeddable":true,"href":"https:\/\/digital58.com.ve\/site\/wp-json\/wp\/v2\/tags?post=162025"}],"curies":[{"name":"wp","href":"https:\/\/api.w.org\/{rel}","templated":true}]}}