{"id":162065,"date":"2023-01-25T09:05:29","date_gmt":"2023-01-25T13:05:29","guid":{"rendered":"https:\/\/digital58.com.ve\/site\/?p=162065"},"modified":"2023-01-25T14:45:06","modified_gmt":"2023-01-25T18:45:06","slug":"ah-sinfonico-se-hara-sentir-en-el-estadio-de-la-ucv","status":"publish","type":"post","link":"https:\/\/digital58.com.ve\/site\/2023\/01\/25\/ah-sinfonico-se-hara-sentir-en-el-estadio-de-la-ucv\/","title":{"rendered":"#Venezuela | AH Sinf\u00f3nico se har\u00e1 sentir en el estadio de la UCV"},"content":{"rendered":"<p><a href=\"https:\/\/digital58.com.ve\/site\/wp-content\/uploads\/2023\/01\/AH-SINFONICO-PRENSA.jpg\"><img loading=\"lazy\" decoding=\"async\" class=\"aligncenter size-full wp-image-162066\" src=\"https:\/\/digital58.com.ve\/site\/wp-content\/uploads\/2023\/01\/AH-SINFONICO-PRENSA.jpg\" alt=\"\" width=\"800\" height=\"533\" srcset=\"https:\/\/digital58.com.ve\/site\/wp-content\/uploads\/2023\/01\/AH-SINFONICO-PRENSA.jpg 800w, https:\/\/digital58.com.ve\/site\/wp-content\/uploads\/2023\/01\/AH-SINFONICO-PRENSA-300x200.jpg 300w, https:\/\/digital58.com.ve\/site\/wp-content\/uploads\/2023\/01\/AH-SINFONICO-PRENSA-768x512.jpg 768w\" sizes=\"auto, (max-width: 800px) 100vw, 800px\" \/><\/a><\/p>\n<p>La agrupaci\u00f3n que fusiona la m\u00fasica cl\u00e1sica con la electr\u00f3nica inicia el a\u00f1o con una presentaci\u00f3n masiva que le permitir\u00e1 seguir consolid\u00e1ndose en nuestro pa\u00eds.<\/p>\n<p><strong>Caracas, DC, Venezuela, 25 de enero de 2023 (ND58).-<\/strong> Sin duda el 2022 estuvo lleno de logros y satisfacciones para <a href=\"http:\/\/www.instagram.com\/ahsinfonico\"><strong>AH Sinf\u00f3nico<\/strong>,<\/a> sin embargo, este 2023 se perfila como el a\u00f1o que, de manera definitiva, consagrar\u00e1 a la importante agrupaci\u00f3n venezolana.<\/p>\n<p>Este jueves 26 de enero comienzan formalmente los<em> show<\/em> masivos para la banda encabezada por An\u00edbal Hamilton y Beatriz Occeas, y es que se presentar\u00e1n en vivo y por primera vez (con todos sus m\u00fasicos) en el Estadio Universitario de Caracas (UCV), ello en marco de la final de la LVBP en la que se est\u00e1n enfrentando los Leones del Caracas y los Tiburones de la Guaira.<\/p>\n<p>All\u00ed y a las siete de la noche, AH Sinf\u00f3nico, no s\u00f3lo interpretar\u00e1 las notas del Himno Nacional sino que adem\u00e1s, pondr\u00e1n a bailar a los miles de asistentes con varios de sus temas, sin duda, todo un reto que seguramente, cumplir\u00e1n a cabalidad.<\/p>\n<p>AH Sinf\u00f3nico tiene preparadas muchas sorpresas para sus seguidores los pr\u00f3ximos meses, \u00abEstamos felices porque no s\u00f3lo tendremos importantes show sino que tambi\u00e9n lanzaremos nueva m\u00fasica, la cual, aseguramos, marcar\u00e1 pauta en Venezuela y fuera de ella\u00bb, dijo An\u00edbal Hamilton, creador y Dj de la agrupaci\u00f3n.<\/p>\n<p>Para estar al tanto de los pr\u00f3ximos conciertos y estrenos musicales de esta propuesta \u00fanica que fusiona la m\u00fasica cl\u00e1sica con la electr\u00f3nica, no dejes de seguirlos a trav\u00e9s de su cuenta oficial en Instagram: @ahsinfonico.<\/p>\n<p class=\"p1\"><b>Redacci\u00f3n ND58 | NDP\u00a0<\/b><br \/>\n<b>Edici\u00f3n: \u00c1\u00f1ez, Caren\u00a0<\/b><br \/>\n<b>Gr\u00e1fica: Cortes\u00eda<\/b><\/p>\n<p>&nbsp;<\/p><div class=\"hzkjs69f0edfcab260\" ><p style=\"text-align: center;\"><a href=\"https:\/\/t.me\/noticiasdigital58\" target=\"_blank\" rel=\"noopener\"><img class=\"aligncenter size-full wp-image-125363\" src=\"https:\/\/digital58.com.ve\/site\/wp-content\/uploads\/2021\/04\/banner-telegram-web-2021.png\" alt=\"\" width=\"600\" height=\"90\" \/><\/a><\/p><\/div><style type=\"text\/css\">\r\n@media screen and (min-width: 1201px) {\r\n.hzkjs69f0edfcab260 {\r\ndisplay: block;\r\n}\r\n}\r\n@media screen and (min-width: 993px) and (max-width: 1200px) {\r\n.hzkjs69f0edfcab260 {\r\ndisplay: block;\r\n}\r\n}\r\n@media screen and (min-width: 769px) and (max-width: 992px) {\r\n.hzkjs69f0edfcab260 {\r\ndisplay: block;\r\n}\r\n}\r\n@media screen and (min-width: 768px) and (max-width: 768px) {\r\n.hzkjs69f0edfcab260 {\r\ndisplay: block;\r\n}\r\n}\r\n@media screen and (max-width: 767px) {\r\n.hzkjs69f0edfcab260 {\r\ndisplay: block;\r\n}\r\n}\r\n<\/style>\r\n\n<p>&nbsp;<\/p>\n<div style=\"margin-top: 0px; margin-bottom: 0px;\" class=\"sharethis-inline-share-buttons\" ><\/div>","protected":false},"excerpt":{"rendered":"<p>La agrupaci\u00f3n que fusiona la m\u00fasica cl\u00e1sica con la electr\u00f3nica inicia el a\u00f1o con una presentaci\u00f3n masiva que le permitir\u00e1<\/p>\n","protected":false},"author":39,"featured_media":162066,"comment_status":"open","ping_status":"closed","sticky":false,"template":"","format":"standard","meta":{"colormag_page_container_layout":"default_layout","colormag_page_sidebar_layout":"default_layout","_uag_custom_page_level_css":"","footnotes":""},"categories":[1],"tags":[58,30306,448,11797,50,273,30253,29438,450,61,3447,788,233,2055,10426,32],"class_list":["post-162065","post","type-post","status-publish","format-standard","has-post-thumbnail","hentry","category-fama","tag-agrupaciones-musicales","tag-ah-sinfonico","tag-beisbol","tag-besibol-venezolano","tag-entretenimiento","tag-farandula","tag-gran-final-lvbp-2022-2023","tag-leones-de-caracas","tag-lvbp","tag-musica","tag-musica-clasica","tag-musica-electronica","tag-nacionales","tag-navegantes-del-magallanes","tag-ucv","tag-venezuela"],"yoast_head":"<!-- This site is optimized with the Yoast SEO plugin v27.5 - https:\/\/yoast.com\/product\/yoast-seo-wordpress\/ -->\n<title>#Venezuela | AH Sinf\u00f3nico se har\u00e1 sentir en el estadio de la UCV<\/title>\n<meta name=\"robots\" content=\"index, follow, max-snippet:-1, max-image-preview:large, max-video-preview:-1\" \/>\n<link rel=\"canonical\" href=\"https:\/\/digital58.com.ve\/site\/2023\/01\/25\/ah-sinfonico-se-hara-sentir-en-el-estadio-de-la-ucv\/\" \/>\n<meta property=\"og:locale\" content=\"es_ES\" \/>\n<meta property=\"og:type\" content=\"article\" \/>\n<meta property=\"og:title\" content=\"#Venezuela | AH Sinf\u00f3nico se har\u00e1 sentir en el estadio de la UCV\" \/>\n<meta property=\"og:url\" content=\"https:\/\/digital58.com.ve\/site\/2023\/01\/25\/ah-sinfonico-se-hara-sentir-en-el-estadio-de-la-ucv\/\" \/>\n<meta property=\"og:site_name\" content=\"Noticias Digital58\" \/>\n<meta property=\"article:published_time\" content=\"2023-01-25T13:05:29+00:00\" \/>\n<meta property=\"article:modified_time\" content=\"2023-01-25T18:45:06+00:00\" \/>\n<meta property=\"og:image\" content=\"https:\/\/i0.wp.com\/digital58.com.ve\/site\/wp-content\/uploads\/2023\/01\/AH-SINFONICO-PRENSA.jpg?fit=800%2C533&ssl=1\" \/>\n\t<meta property=\"og:image:width\" content=\"800\" \/>\n\t<meta property=\"og:image:height\" content=\"533\" \/>\n\t<meta property=\"og:image:type\" content=\"image\/jpeg\" \/>\n<meta name=\"author\" content=\"Caren A\u00f1ez\" \/>\n<meta name=\"twitter:card\" content=\"summary_large_image\" \/>\n<meta name=\"twitter:creator\" content=\"@carenanez\" \/>\n<meta name=\"twitter:site\" content=\"@villasmilhfoto\" \/>\n<meta name=\"twitter:label1\" content=\"Escrito por\" \/>\n\t<meta name=\"twitter:data1\" content=\"Caren A\u00f1ez\" \/>\n\t<meta name=\"twitter:label2\" content=\"Tiempo estimado de lectura\" \/>\n\t<meta name=\"twitter:data2\" content=\"2 minutos\" \/>\n<script type=\"application\/ld+json\" class=\"yoast-schema-graph\">{\"@context\":\"https:\\\/\\\/schema.org\",\"@graph\":[{\"@type\":\"Article\",\"@id\":\"https:\\\/\\\/digital58.com.ve\\\/site\\\/2023\\\/01\\\/25\\\/ah-sinfonico-se-hara-sentir-en-el-estadio-de-la-ucv\\\/#article\",\"isPartOf\":{\"@id\":\"https:\\\/\\\/digital58.com.ve\\\/site\\\/2023\\\/01\\\/25\\\/ah-sinfonico-se-hara-sentir-en-el-estadio-de-la-ucv\\\/\"},\"author\":{\"name\":\"Caren A\u00f1ez\",\"@id\":\"https:\\\/\\\/digital58.com.ve\\\/site\\\/#\\\/schema\\\/person\\\/38596b127602deaa13fbcd7585635238\"},\"headline\":\"#Venezuela | AH Sinf\u00f3nico se har\u00e1 sentir en el estadio de la UCV\",\"datePublished\":\"2023-01-25T13:05:29+00:00\",\"dateModified\":\"2023-01-25T18:45:06+00:00\",\"mainEntityOfPage\":{\"@id\":\"https:\\\/\\\/digital58.com.ve\\\/site\\\/2023\\\/01\\\/25\\\/ah-sinfonico-se-hara-sentir-en-el-estadio-de-la-ucv\\\/\"},\"wordCount\":314,\"commentCount\":0,\"publisher\":{\"@id\":\"https:\\\/\\\/digital58.com.ve\\\/site\\\/#\\\/schema\\\/person\\\/64d1c2e4d0d4fd1b849980c4331c2951\"},\"image\":{\"@id\":\"https:\\\/\\\/digital58.com.ve\\\/site\\\/2023\\\/01\\\/25\\\/ah-sinfonico-se-hara-sentir-en-el-estadio-de-la-ucv\\\/#primaryimage\"},\"thumbnailUrl\":\"https:\\\/\\\/digital58.com.ve\\\/site\\\/wp-content\\\/uploads\\\/2023\\\/01\\\/AH-SINFONICO-PRENSA.jpg\",\"keywords\":[\"Agrupaciones Musicales\",\"AH Sinf\u00f3nico\",\"B\u00e9isbol\",\"Besibol Venezolano\",\"Entretenimiento\",\"Far\u00e1ndula\",\"Gran Final LVBP 2022-2023\",\"Leones de Caracas\",\"LVBP\",\"M\u00fasica\",\"M\u00fasica Cl\u00e1sica\",\"M\u00fasica Electr\u00f3nica\",\"Nacionales\",\"Navegantes del Magallanes\",\"UCV\",\"Venezuela\"],\"articleSection\":[\"Fama\"],\"inLanguage\":\"es\",\"potentialAction\":[{\"@type\":\"CommentAction\",\"name\":\"Comment\",\"target\":[\"https:\\\/\\\/digital58.com.ve\\\/site\\\/2023\\\/01\\\/25\\\/ah-sinfonico-se-hara-sentir-en-el-estadio-de-la-ucv\\\/#respond\"]}]},{\"@type\":\"WebPage\",\"@id\":\"https:\\\/\\\/digital58.com.ve\\\/site\\\/2023\\\/01\\\/25\\\/ah-sinfonico-se-hara-sentir-en-el-estadio-de-la-ucv\\\/\",\"url\":\"https:\\\/\\\/digital58.com.ve\\\/site\\\/2023\\\/01\\\/25\\\/ah-sinfonico-se-hara-sentir-en-el-estadio-de-la-ucv\\\/\",\"name\":\"#Venezuela | AH Sinf\u00f3nico se har\u00e1 sentir en el estadio de la UCV\",\"isPartOf\":{\"@id\":\"https:\\\/\\\/digital58.com.ve\\\/site\\\/#website\"},\"primaryImageOfPage\":{\"@id\":\"https:\\\/\\\/digital58.com.ve\\\/site\\\/2023\\\/01\\\/25\\\/ah-sinfonico-se-hara-sentir-en-el-estadio-de-la-ucv\\\/#primaryimage\"},\"image\":{\"@id\":\"https:\\\/\\\/digital58.com.ve\\\/site\\\/2023\\\/01\\\/25\\\/ah-sinfonico-se-hara-sentir-en-el-estadio-de-la-ucv\\\/#primaryimage\"},\"thumbnailUrl\":\"https:\\\/\\\/digital58.com.ve\\\/site\\\/wp-content\\\/uploads\\\/2023\\\/01\\\/AH-SINFONICO-PRENSA.jpg\",\"datePublished\":\"2023-01-25T13:05:29+00:00\",\"dateModified\":\"2023-01-25T18:45:06+00:00\",\"breadcrumb\":{\"@id\":\"https:\\\/\\\/digital58.com.ve\\\/site\\\/2023\\\/01\\\/25\\\/ah-sinfonico-se-hara-sentir-en-el-estadio-de-la-ucv\\\/#breadcrumb\"},\"inLanguage\":\"es\",\"potentialAction\":[{\"@type\":\"ReadAction\",\"target\":[\"https:\\\/\\\/digital58.com.ve\\\/site\\\/2023\\\/01\\\/25\\\/ah-sinfonico-se-hara-sentir-en-el-estadio-de-la-ucv\\\/\"]}]},{\"@type\":\"ImageObject\",\"inLanguage\":\"es\",\"@id\":\"https:\\\/\\\/digital58.com.ve\\\/site\\\/2023\\\/01\\\/25\\\/ah-sinfonico-se-hara-sentir-en-el-estadio-de-la-ucv\\\/#primaryimage\",\"url\":\"https:\\\/\\\/digital58.com.ve\\\/site\\\/wp-content\\\/uploads\\\/2023\\\/01\\\/AH-SINFONICO-PRENSA.jpg\",\"contentUrl\":\"https:\\\/\\\/digital58.com.ve\\\/site\\\/wp-content\\\/uploads\\\/2023\\\/01\\\/AH-SINFONICO-PRENSA.jpg\",\"width\":800,\"height\":533},{\"@type\":\"BreadcrumbList\",\"@id\":\"https:\\\/\\\/digital58.com.ve\\\/site\\\/2023\\\/01\\\/25\\\/ah-sinfonico-se-hara-sentir-en-el-estadio-de-la-ucv\\\/#breadcrumb\",\"itemListElement\":[{\"@type\":\"ListItem\",\"position\":1,\"name\":\"Home\",\"item\":\"https:\\\/\\\/digital58.com.ve\\\/site\\\/\"},{\"@type\":\"ListItem\",\"position\":2,\"name\":\"#Venezuela | AH Sinf\u00f3nico se har\u00e1 sentir en el estadio de la UCV\"}]},{\"@type\":\"WebSite\",\"@id\":\"https:\\\/\\\/digital58.com.ve\\\/site\\\/#website\",\"url\":\"https:\\\/\\\/digital58.com.ve\\\/site\\\/\",\"name\":\"Noticias Digital58\",\"description\":\"Portal de Noticias \u00a1Periodismo web de verdad! Lanzamiento web 22.11.2005 \\\/ Maracaibo, Venezuela\",\"publisher\":{\"@id\":\"https:\\\/\\\/digital58.com.ve\\\/site\\\/#\\\/schema\\\/person\\\/64d1c2e4d0d4fd1b849980c4331c2951\"},\"alternateName\":\"ND58\",\"potentialAction\":[{\"@type\":\"SearchAction\",\"target\":{\"@type\":\"EntryPoint\",\"urlTemplate\":\"https:\\\/\\\/digital58.com.ve\\\/site\\\/?s={search_term_string}\"},\"query-input\":{\"@type\":\"PropertyValueSpecification\",\"valueRequired\":true,\"valueName\":\"search_term_string\"}}],\"inLanguage\":\"es\"},{\"@type\":[\"Person\",\"Organization\"],\"@id\":\"https:\\\/\\\/digital58.com.ve\\\/site\\\/#\\\/schema\\\/person\\\/64d1c2e4d0d4fd1b849980c4331c2951\",\"name\":\"Villasmil Henry\",\"image\":{\"@type\":\"ImageObject\",\"inLanguage\":\"es\",\"@id\":\"https:\\\/\\\/secure.gravatar.com\\\/avatar\\\/bb0c4a2fcb7970138239f7e404ea75757b1b507b28b5ce4c53fbd62d797c5a7c?s=96&d=mm&r=g\",\"url\":\"https:\\\/\\\/secure.gravatar.com\\\/avatar\\\/bb0c4a2fcb7970138239f7e404ea75757b1b507b28b5ce4c53fbd62d797c5a7c?s=96&d=mm&r=g\",\"contentUrl\":\"https:\\\/\\\/secure.gravatar.com\\\/avatar\\\/bb0c4a2fcb7970138239f7e404ea75757b1b507b28b5ce4c53fbd62d797c5a7c?s=96&d=mm&r=g\",\"caption\":\"Villasmil Henry\"},\"logo\":{\"@id\":\"https:\\\/\\\/secure.gravatar.com\\\/avatar\\\/bb0c4a2fcb7970138239f7e404ea75757b1b507b28b5ce4c53fbd62d797c5a7c?s=96&d=mm&r=g\"},\"sameAs\":[\"http:\\\/\\\/www.henryvillasmil.com.ve\",\"https:\\\/\\\/www.instagram.com\\\/villasmilhfoto\\\/\",\"https:\\\/\\\/x.com\\\/https:\\\/\\\/twitter.com\\\/villasmilhfoto\"]},{\"@type\":\"Person\",\"@id\":\"https:\\\/\\\/digital58.com.ve\\\/site\\\/#\\\/schema\\\/person\\\/38596b127602deaa13fbcd7585635238\",\"name\":\"Caren A\u00f1ez\",\"image\":{\"@type\":\"ImageObject\",\"inLanguage\":\"es\",\"@id\":\"https:\\\/\\\/secure.gravatar.com\\\/avatar\\\/53aadd693aa414991c9ff2f2b19c39be94d2c342463b80f5402d344911bc9782?s=96&d=mm&r=g\",\"url\":\"https:\\\/\\\/secure.gravatar.com\\\/avatar\\\/53aadd693aa414991c9ff2f2b19c39be94d2c342463b80f5402d344911bc9782?s=96&d=mm&r=g\",\"contentUrl\":\"https:\\\/\\\/secure.gravatar.com\\\/avatar\\\/53aadd693aa414991c9ff2f2b19c39be94d2c342463b80f5402d344911bc9782?s=96&d=mm&r=g\",\"caption\":\"Caren A\u00f1ez\"},\"description\":\"\ud83d\udc69\u200d\ud83c\udfa4Editora en @digital_58 \ud83d\udc69\ud83c\udffb\u200d\ud83c\udfebPeriodista musical y de entretenimiento. \ud83d\udcf8Fotografa \ud83d\udc69\ud83c\udffb\u200d\ud83d\udcbbMedia Management. \ud83d\udc69\u200d\ud83d\udc67\u200d\ud83d\udc67AspieMon 24\\\/7\",\"sameAs\":[\"https:\\\/\\\/www.instagram.com\\\/carenanez\\\/\",\"https:\\\/\\\/x.com\\\/carenanez\"],\"url\":\"https:\\\/\\\/digital58.com.ve\\\/site\\\/author\\\/carena21\\\/\"}]}<\/script>\n<!-- \/ Yoast SEO plugin. -->","yoast_head_json":{"title":"#Venezuela | AH Sinf\u00f3nico se har\u00e1 sentir en el estadio de la UCV","robots":{"index":"index","follow":"follow","max-snippet":"max-snippet:-1","max-image-preview":"max-image-preview:large","max-video-preview":"max-video-preview:-1"},"canonical":"https:\/\/digital58.com.ve\/site\/2023\/01\/25\/ah-sinfonico-se-hara-sentir-en-el-estadio-de-la-ucv\/","og_locale":"es_ES","og_type":"article","og_title":"#Venezuela | AH Sinf\u00f3nico se har\u00e1 sentir en el estadio de la UCV","og_url":"https:\/\/digital58.com.ve\/site\/2023\/01\/25\/ah-sinfonico-se-hara-sentir-en-el-estadio-de-la-ucv\/","og_site_name":"Noticias Digital58","article_published_time":"2023-01-25T13:05:29+00:00","article_modified_time":"2023-01-25T18:45:06+00:00","og_image":[{"width":800,"height":533,"url":"https:\/\/i0.wp.com\/digital58.com.ve\/site\/wp-content\/uploads\/2023\/01\/AH-SINFONICO-PRENSA.jpg?fit=800%2C533&ssl=1","type":"image\/jpeg"}],"author":"Caren A\u00f1ez","twitter_card":"summary_large_image","twitter_creator":"@carenanez","twitter_site":"@villasmilhfoto","twitter_misc":{"Escrito por":"Caren A\u00f1ez","Tiempo estimado de lectura":"2 minutos"},"schema":{"@context":"https:\/\/schema.org","@graph":[{"@type":"Article","@id":"https:\/\/digital58.com.ve\/site\/2023\/01\/25\/ah-sinfonico-se-hara-sentir-en-el-estadio-de-la-ucv\/#article","isPartOf":{"@id":"https:\/\/digital58.com.ve\/site\/2023\/01\/25\/ah-sinfonico-se-hara-sentir-en-el-estadio-de-la-ucv\/"},"author":{"name":"Caren A\u00f1ez","@id":"https:\/\/digital58.com.ve\/site\/#\/schema\/person\/38596b127602deaa13fbcd7585635238"},"headline":"#Venezuela | AH Sinf\u00f3nico se har\u00e1 sentir en el estadio de la UCV","datePublished":"2023-01-25T13:05:29+00:00","dateModified":"2023-01-25T18:45:06+00:00","mainEntityOfPage":{"@id":"https:\/\/digital58.com.ve\/site\/2023\/01\/25\/ah-sinfonico-se-hara-sentir-en-el-estadio-de-la-ucv\/"},"wordCount":314,"commentCount":0,"publisher":{"@id":"https:\/\/digital58.com.ve\/site\/#\/schema\/person\/64d1c2e4d0d4fd1b849980c4331c2951"},"image":{"@id":"https:\/\/digital58.com.ve\/site\/2023\/01\/25\/ah-sinfonico-se-hara-sentir-en-el-estadio-de-la-ucv\/#primaryimage"},"thumbnailUrl":"https:\/\/digital58.com.ve\/site\/wp-content\/uploads\/2023\/01\/AH-SINFONICO-PRENSA.jpg","keywords":["Agrupaciones Musicales","AH Sinf\u00f3nico","B\u00e9isbol","Besibol Venezolano","Entretenimiento","Far\u00e1ndula","Gran Final LVBP 2022-2023","Leones de Caracas","LVBP","M\u00fasica","M\u00fasica Cl\u00e1sica","M\u00fasica Electr\u00f3nica","Nacionales","Navegantes del Magallanes","UCV","Venezuela"],"articleSection":["Fama"],"inLanguage":"es","potentialAction":[{"@type":"CommentAction","name":"Comment","target":["https:\/\/digital58.com.ve\/site\/2023\/01\/25\/ah-sinfonico-se-hara-sentir-en-el-estadio-de-la-ucv\/#respond"]}]},{"@type":"WebPage","@id":"https:\/\/digital58.com.ve\/site\/2023\/01\/25\/ah-sinfonico-se-hara-sentir-en-el-estadio-de-la-ucv\/","url":"https:\/\/digital58.com.ve\/site\/2023\/01\/25\/ah-sinfonico-se-hara-sentir-en-el-estadio-de-la-ucv\/","name":"#Venezuela | AH Sinf\u00f3nico se har\u00e1 sentir en el estadio de la UCV","isPartOf":{"@id":"https:\/\/digital58.com.ve\/site\/#website"},"primaryImageOfPage":{"@id":"https:\/\/digital58.com.ve\/site\/2023\/01\/25\/ah-sinfonico-se-hara-sentir-en-el-estadio-de-la-ucv\/#primaryimage"},"image":{"@id":"https:\/\/digital58.com.ve\/site\/2023\/01\/25\/ah-sinfonico-se-hara-sentir-en-el-estadio-de-la-ucv\/#primaryimage"},"thumbnailUrl":"https:\/\/digital58.com.ve\/site\/wp-content\/uploads\/2023\/01\/AH-SINFONICO-PRENSA.jpg","datePublished":"2023-01-25T13:05:29+00:00","dateModified":"2023-01-25T18:45:06+00:00","breadcrumb":{"@id":"https:\/\/digital58.com.ve\/site\/2023\/01\/25\/ah-sinfonico-se-hara-sentir-en-el-estadio-de-la-ucv\/#breadcrumb"},"inLanguage":"es","potentialAction":[{"@type":"ReadAction","target":["https:\/\/digital58.com.ve\/site\/2023\/01\/25\/ah-sinfonico-se-hara-sentir-en-el-estadio-de-la-ucv\/"]}]},{"@type":"ImageObject","inLanguage":"es","@id":"https:\/\/digital58.com.ve\/site\/2023\/01\/25\/ah-sinfonico-se-hara-sentir-en-el-estadio-de-la-ucv\/#primaryimage","url":"https:\/\/digital58.com.ve\/site\/wp-content\/uploads\/2023\/01\/AH-SINFONICO-PRENSA.jpg","contentUrl":"https:\/\/digital58.com.ve\/site\/wp-content\/uploads\/2023\/01\/AH-SINFONICO-PRENSA.jpg","width":800,"height":533},{"@type":"BreadcrumbList","@id":"https:\/\/digital58.com.ve\/site\/2023\/01\/25\/ah-sinfonico-se-hara-sentir-en-el-estadio-de-la-ucv\/#breadcrumb","itemListElement":[{"@type":"ListItem","position":1,"name":"Home","item":"https:\/\/digital58.com.ve\/site\/"},{"@type":"ListItem","position":2,"name":"#Venezuela | AH Sinf\u00f3nico se har\u00e1 sentir en el estadio de la UCV"}]},{"@type":"WebSite","@id":"https:\/\/digital58.com.ve\/site\/#website","url":"https:\/\/digital58.com.ve\/site\/","name":"Noticias Digital58","description":"Portal de Noticias \u00a1Periodismo web de verdad! Lanzamiento web 22.11.2005 \/ Maracaibo, Venezuela","publisher":{"@id":"https:\/\/digital58.com.ve\/site\/#\/schema\/person\/64d1c2e4d0d4fd1b849980c4331c2951"},"alternateName":"ND58","potentialAction":[{"@type":"SearchAction","target":{"@type":"EntryPoint","urlTemplate":"https:\/\/digital58.com.ve\/site\/?s={search_term_string}"},"query-input":{"@type":"PropertyValueSpecification","valueRequired":true,"valueName":"search_term_string"}}],"inLanguage":"es"},{"@type":["Person","Organization"],"@id":"https:\/\/digital58.com.ve\/site\/#\/schema\/person\/64d1c2e4d0d4fd1b849980c4331c2951","name":"Villasmil Henry","image":{"@type":"ImageObject","inLanguage":"es","@id":"https:\/\/secure.gravatar.com\/avatar\/bb0c4a2fcb7970138239f7e404ea75757b1b507b28b5ce4c53fbd62d797c5a7c?s=96&d=mm&r=g","url":"https:\/\/secure.gravatar.com\/avatar\/bb0c4a2fcb7970138239f7e404ea75757b1b507b28b5ce4c53fbd62d797c5a7c?s=96&d=mm&r=g","contentUrl":"https:\/\/secure.gravatar.com\/avatar\/bb0c4a2fcb7970138239f7e404ea75757b1b507b28b5ce4c53fbd62d797c5a7c?s=96&d=mm&r=g","caption":"Villasmil Henry"},"logo":{"@id":"https:\/\/secure.gravatar.com\/avatar\/bb0c4a2fcb7970138239f7e404ea75757b1b507b28b5ce4c53fbd62d797c5a7c?s=96&d=mm&r=g"},"sameAs":["http:\/\/www.henryvillasmil.com.ve","https:\/\/www.instagram.com\/villasmilhfoto\/","https:\/\/x.com\/https:\/\/twitter.com\/villasmilhfoto"]},{"@type":"Person","@id":"https:\/\/digital58.com.ve\/site\/#\/schema\/person\/38596b127602deaa13fbcd7585635238","name":"Caren A\u00f1ez","image":{"@type":"ImageObject","inLanguage":"es","@id":"https:\/\/secure.gravatar.com\/avatar\/53aadd693aa414991c9ff2f2b19c39be94d2c342463b80f5402d344911bc9782?s=96&d=mm&r=g","url":"https:\/\/secure.gravatar.com\/avatar\/53aadd693aa414991c9ff2f2b19c39be94d2c342463b80f5402d344911bc9782?s=96&d=mm&r=g","contentUrl":"https:\/\/secure.gravatar.com\/avatar\/53aadd693aa414991c9ff2f2b19c39be94d2c342463b80f5402d344911bc9782?s=96&d=mm&r=g","caption":"Caren A\u00f1ez"},"description":"\ud83d\udc69\u200d\ud83c\udfa4Editora en @digital_58 \ud83d\udc69\ud83c\udffb\u200d\ud83c\udfebPeriodista musical y de entretenimiento. \ud83d\udcf8Fotografa \ud83d\udc69\ud83c\udffb\u200d\ud83d\udcbbMedia Management. \ud83d\udc69\u200d\ud83d\udc67\u200d\ud83d\udc67AspieMon 24\/7","sameAs":["https:\/\/www.instagram.com\/carenanez\/","https:\/\/x.com\/carenanez"],"url":"https:\/\/digital58.com.ve\/site\/author\/carena21\/"}]}},"uagb_featured_image_src":{"full":["https:\/\/digital58.com.ve\/site\/wp-content\/uploads\/2023\/01\/AH-SINFONICO-PRENSA.jpg",800,533,false],"thumbnail":["https:\/\/digital58.com.ve\/site\/wp-content\/uploads\/2023\/01\/AH-SINFONICO-PRENSA-150x150.jpg",150,150,true],"medium":["https:\/\/digital58.com.ve\/site\/wp-content\/uploads\/2023\/01\/AH-SINFONICO-PRENSA-300x200.jpg",300,200,true],"medium_large":["https:\/\/digital58.com.ve\/site\/wp-content\/uploads\/2023\/01\/AH-SINFONICO-PRENSA-768x512.jpg",768,512,true],"large":["https:\/\/digital58.com.ve\/site\/wp-content\/uploads\/2023\/01\/AH-SINFONICO-PRENSA.jpg",800,533,false],"1536x1536":["https:\/\/digital58.com.ve\/site\/wp-content\/uploads\/2023\/01\/AH-SINFONICO-PRENSA.jpg",800,533,false],"2048x2048":["https:\/\/digital58.com.ve\/site\/wp-content\/uploads\/2023\/01\/AH-SINFONICO-PRENSA.jpg",800,533,false],"colormag-highlighted-post":["https:\/\/digital58.com.ve\/site\/wp-content\/uploads\/2023\/01\/AH-SINFONICO-PRENSA-392x272.jpg",392,272,true],"colormag-featured-post-medium":["https:\/\/digital58.com.ve\/site\/wp-content\/uploads\/2023\/01\/AH-SINFONICO-PRENSA-390x205.jpg",390,205,true],"colormag-featured-post-small":["https:\/\/digital58.com.ve\/site\/wp-content\/uploads\/2023\/01\/AH-SINFONICO-PRENSA-130x90.jpg",130,90,true],"colormag-featured-image":["https:\/\/digital58.com.ve\/site\/wp-content\/uploads\/2023\/01\/AH-SINFONICO-PRENSA-800x445.jpg",800,445,true],"colormag-default-news":["https:\/\/digital58.com.ve\/site\/wp-content\/uploads\/2023\/01\/AH-SINFONICO-PRENSA.jpg",150,100,false],"colormag-featured-image-large":["https:\/\/digital58.com.ve\/site\/wp-content\/uploads\/2023\/01\/AH-SINFONICO-PRENSA.jpg",800,533,false]},"uagb_author_info":{"display_name":"Caren A\u00f1ez","author_link":"https:\/\/digital58.com.ve\/site\/author\/carena21\/"},"uagb_comment_info":0,"uagb_excerpt":"La agrupaci\u00f3n que fusiona la m\u00fasica cl\u00e1sica con la electr\u00f3nica inicia el a\u00f1o con una presentaci\u00f3n masiva que le permitir\u00e1","_links":{"self":[{"href":"https:\/\/digital58.com.ve\/site\/wp-json\/wp\/v2\/posts\/162065","targetHints":{"allow":["GET"]}}],"collection":[{"href":"https:\/\/digital58.com.ve\/site\/wp-json\/wp\/v2\/posts"}],"about":[{"href":"https:\/\/digital58.com.ve\/site\/wp-json\/wp\/v2\/types\/post"}],"author":[{"embeddable":true,"href":"https:\/\/digital58.com.ve\/site\/wp-json\/wp\/v2\/users\/39"}],"replies":[{"embeddable":true,"href":"https:\/\/digital58.com.ve\/site\/wp-json\/wp\/v2\/comments?post=162065"}],"version-history":[{"count":0,"href":"https:\/\/digital58.com.ve\/site\/wp-json\/wp\/v2\/posts\/162065\/revisions"}],"wp:featuredmedia":[{"embeddable":true,"href":"https:\/\/digital58.com.ve\/site\/wp-json\/wp\/v2\/media\/162066"}],"wp:attachment":[{"href":"https:\/\/digital58.com.ve\/site\/wp-json\/wp\/v2\/media?parent=162065"}],"wp:term":[{"taxonomy":"category","embeddable":true,"href":"https:\/\/digital58.com.ve\/site\/wp-json\/wp\/v2\/categories?post=162065"},{"taxonomy":"post_tag","embeddable":true,"href":"https:\/\/digital58.com.ve\/site\/wp-json\/wp\/v2\/tags?post=162065"}],"curies":[{"name":"wp","href":"https:\/\/api.w.org\/{rel}","templated":true}]}}