{"id":162113,"date":"2023-01-25T17:39:29","date_gmt":"2023-01-25T21:39:29","guid":{"rendered":"https:\/\/digital58.com.ve\/site\/?p=162113"},"modified":"2023-01-25T17:39:29","modified_gmt":"2023-01-25T21:39:29","slug":"lula-vuelve-a-la-region-con-abrazos-en-argentina-y-aplausos-en-la-celac","status":"publish","type":"post","link":"https:\/\/digital58.com.ve\/site\/2023\/01\/25\/lula-vuelve-a-la-region-con-abrazos-en-argentina-y-aplausos-en-la-celac\/","title":{"rendered":"Lula vuelve a la regi\u00f3n con abrazos en Argentina y aplausos en la Celac"},"content":{"rendered":"<p><a href=\"https:\/\/digital58.com.ve\/site\/wp-content\/uploads\/2023\/01\/lula.jpg\"><img loading=\"lazy\" decoding=\"async\" class=\"aligncenter wp-image-162114 size-full\" src=\"https:\/\/digital58.com.ve\/site\/wp-content\/uploads\/2023\/01\/lula.jpg\" alt=\"\" width=\"800\" height=\"533\" srcset=\"https:\/\/digital58.com.ve\/site\/wp-content\/uploads\/2023\/01\/lula.jpg 800w, https:\/\/digital58.com.ve\/site\/wp-content\/uploads\/2023\/01\/lula-300x200.jpg 300w, https:\/\/digital58.com.ve\/site\/wp-content\/uploads\/2023\/01\/lula-768x512.jpg 768w\" sizes=\"auto, (max-width: 800px) 100vw, 800px\" \/><\/a><\/p>\n<p>El brasile\u00f1o eligi\u00f3 Argentina para realizar el primer viaje internacional desde que asumi\u00f3 su tercer mandato el pasado 1 de enero, y fue recibido por el presidente Alberto Fern\u00e1ndez, un correligionario y pol\u00edtico con quien tiene una buena relaci\u00f3n personal. Su presencia elev\u00f3 el nivel del foro internacional que \u00e9l mismo hab\u00eda ayudado a crear en 2010.<\/p>\n<p><strong>Buenos Aires, Argentina, 25 de enero de 2023 (ND58).-<\/strong> El presidente brasile\u00f1o, Luiz In\u00e1cio Lula da Silva, ha dejado claro que Brasil est\u00e1 de la vuelta al di\u00e1logo con sus vecinos de la regi\u00f3n y fue recibido con calidez y aplausos en Buenos Aires, primero en visita oficial a Argentina y luego con la vuelta a la Comunidad de Estados Latinoamericanos y Caribe\u00f1os (Celac).<\/p>\n<p>Ambos presidentes apostaron por iniciar una \u00abnueva etapa\u00bb despu\u00e9s de que el triunfo de Lula da Silva terminara con el mandato del presidente Jair Bolsonaro, que tuvo una mala relaci\u00f3n con Alberto Fern\u00e1ndez, y de que Brasil retornara a la Celac, de la que el presidente ultraderechista se autoexcluy\u00f3 en 2020, por la presencia de Cuba, Nicaragua y Venezuela.<\/p>\n<p>Y luego de la intentona golpista que sufri\u00f3 el Gobierno de Lula da Silva, el 8 de enero pasado en Brasilia, la regi\u00f3n se ha solidarizado con la lucha contra los partidos de una derecha fascista que emergen en el continente, un discurso que se ha repetido a lo largo de la visita oficial y la VII Cumbre de la Celac, que tambi\u00e9n rechaz\u00f3 los acontecimientos violentos en Per\u00fa.<\/p>\n<p>En su visita, Lula defendi\u00f3 la presencia de Cuba y de Venezuela en el foro, a pesar de las denuncias de no ser pa\u00edses democr\u00e1ticos y por las violaciones a los derechos humanos, sum\u00e1ndose a la postura del Gobierno de Aberto Fern\u00e1ndez, que fue sumamente criticada por la oposici\u00f3n argentina.<\/p>\n<p>En el marco de esta VII Cumbre de la Celac, Lula se ha reunido con el presidente de Cuba, Miguel D\u00edaz-Canel, en su intenci\u00f3n de restablecer las relaciones diplom\u00e1ticas.<\/p>\n<p>Un deseo que tambi\u00e9n expres\u00f3 en su relaci\u00f3n con Venezuela, pero la reuni\u00f3n con el presidente Nicol\u00e1s Maduro, previsto el lunes \u00faltimo, se cancel\u00f3 porque el \u00abhijo pol\u00edtico\u00bb de Ch\u00e1vez suspendi\u00f3 su viaje a Buenos Aires.<\/p>\n<p>Tambi\u00e9n se frustr\u00f3 la reuni\u00f3n prevista con la vicepresidenta argentina, Cristina Fern\u00e1ndez, que iba a celebrarse en el Senado argentino, en un momento en el que la exmandataria (2007-2015) aluda a la existencia de \u00ablawfare\u00bb (guerra jur\u00eddica) para denunciar las causas judiciales que enfrenta por corrupci\u00f3n.<\/p>\n<p>Lula da Silva se reuni\u00f3 adem\u00e1s con Mia Mottley, primera ministra de Barbados, pa\u00eds con el que Brasil quiere tener transporte a\u00e9reo.<\/p>\n<p>Y tambi\u00e9n lo hizo con el presidente del Consejo Europeo, Charles Michel, para conversar sobre cooperaci\u00f3n y alianzas para la paz, y con el director general de la FAO, Qu Dongyu, para hablar de los esfuerzos para combatir el hambre.<\/p>\n<p>Lula, quien ya gobern\u00f3 su pa\u00eds entre 2003 y 2010, gener\u00f3 expectaci\u00f3n en Buenos Aires por los anuncios econ\u00f3micos, que incluyeron el especial inter\u00e9s de Argentina en discutir la posible creaci\u00f3n de una moneda com\u00fan \u2014el \u00absur\u00bb\u2014 para transacciones comerciales, que permita dejar de depender del d\u00f3lar.<\/p>\n<p>Brasil es el principal socio comercial de Argentina, y el propio Lula reconoci\u00f3 que el comercio bilateral entre ambos pa\u00edses era de 7.000 millones de d\u00f3lares en 2003, subi\u00f3 a 40.000 millones de d\u00f3lares en 2010 y ahora retrocedi\u00f3 a la mitad. Por ello prometi\u00f3 trabajar para relanzar la relaci\u00f3n comercial.<\/p>\n<p>La visita de Lula da Silva tambi\u00e9n abord\u00f3 en el fortalecimiento del Mercosur \u2014el bloque que re\u00fane a Argentina, Brasil, Uruguay y Paraguay\u2014 que enfrenta turbulencias por posibles acuerdos fuera del bloque entre Uruguay y terceros pa\u00edses, como China, asunto que la delegaci\u00f3n brasile\u00f1a abordar\u00e1 ma\u00f1ana en Montevideo, su siguiente parada, al otro lado del R\u00edo de la Plata.<\/p>\n<p><strong>Redacci\u00f3n ND58 | Fuente: Ver\u00f3nica Dalto\/EFE<\/strong><br \/>\n<strong>Edici\u00f3n: Villasmil, Henry<\/strong><br \/>\n<strong>Gr\u00e1fica: EFE<\/strong><\/p>\n<p>&nbsp;<\/p><div class=\"tvqsb69f0130e48380\" ><p style=\"text-align: center;\"><a href=\"https:\/\/t.me\/noticiasdigital58\" target=\"_blank\" rel=\"noopener\"><img class=\"aligncenter size-full wp-image-125363\" src=\"https:\/\/digital58.com.ve\/site\/wp-content\/uploads\/2021\/04\/banner-telegram-web-2021.png\" alt=\"\" width=\"600\" height=\"90\" \/><\/a><\/p><\/div><style type=\"text\/css\">\r\n@media screen and (min-width: 1201px) {\r\n.tvqsb69f0130e48380 {\r\ndisplay: block;\r\n}\r\n}\r\n@media screen and (min-width: 993px) and (max-width: 1200px) {\r\n.tvqsb69f0130e48380 {\r\ndisplay: block;\r\n}\r\n}\r\n@media screen and (min-width: 769px) and (max-width: 992px) {\r\n.tvqsb69f0130e48380 {\r\ndisplay: block;\r\n}\r\n}\r\n@media screen and (min-width: 768px) and (max-width: 768px) {\r\n.tvqsb69f0130e48380 {\r\ndisplay: block;\r\n}\r\n}\r\n@media screen and (max-width: 767px) {\r\n.tvqsb69f0130e48380 {\r\ndisplay: block;\r\n}\r\n}\r\n<\/style>\r\n\n<p>&nbsp;<\/p>\n<div style=\"margin-top: 0px; margin-bottom: 0px;\" class=\"sharethis-inline-share-buttons\" ><\/div>","protected":false},"excerpt":{"rendered":"<p>El brasile\u00f1o eligi\u00f3 Argentina para realizar el primer viaje internacional desde que asumi\u00f3 su tercer mandato el pasado 1 de<\/p>\n","protected":false},"author":1,"featured_media":162114,"comment_status":"open","ping_status":"closed","sticky":false,"template":"","format":"standard","meta":{"colormag_page_container_layout":"default_layout","colormag_page_sidebar_layout":"default_layout","_uag_custom_page_level_css":"","footnotes":""},"categories":[16451],"tags":[13770,36,35,6941,26469,30271,8,29270],"class_list":["post-162113","post","type-post","status-publish","format-standard","has-post-thumbnail","hentry","category-mundo","tag-alberto-fernandez","tag-argentina","tag-brasil","tag-buenos-aires","tag-celac","tag-comunidad-de-estados-latinoamericanos-y-caribenos","tag-internacionales","tag-luiz-inacio-lula-da-silva"],"yoast_head":"<!-- This site is optimized with the Yoast SEO plugin v27.4 - https:\/\/yoast.com\/product\/yoast-seo-wordpress\/ -->\n<title>Lula vuelve a la regi\u00f3n con abrazos en Argentina y aplausos en la Celac<\/title>\n<meta name=\"robots\" content=\"index, follow, max-snippet:-1, max-image-preview:large, max-video-preview:-1\" \/>\n<link rel=\"canonical\" href=\"https:\/\/digital58.com.ve\/site\/2023\/01\/25\/lula-vuelve-a-la-region-con-abrazos-en-argentina-y-aplausos-en-la-celac\/\" \/>\n<meta property=\"og:locale\" content=\"es_ES\" \/>\n<meta property=\"og:type\" content=\"article\" \/>\n<meta property=\"og:title\" content=\"Lula vuelve a la regi\u00f3n con abrazos en Argentina y aplausos en la Celac\" \/>\n<meta property=\"og:url\" content=\"https:\/\/digital58.com.ve\/site\/2023\/01\/25\/lula-vuelve-a-la-region-con-abrazos-en-argentina-y-aplausos-en-la-celac\/\" \/>\n<meta property=\"og:site_name\" content=\"Noticias Digital58\" \/>\n<meta property=\"article:published_time\" content=\"2023-01-25T21:39:29+00:00\" \/>\n<meta property=\"og:image\" content=\"https:\/\/i0.wp.com\/digital58.com.ve\/site\/wp-content\/uploads\/2023\/01\/lula.jpg?fit=800%2C533&ssl=1\" \/>\n\t<meta property=\"og:image:width\" content=\"800\" \/>\n\t<meta property=\"og:image:height\" content=\"533\" \/>\n\t<meta property=\"og:image:type\" content=\"image\/jpeg\" \/>\n<meta name=\"author\" content=\"Villasmil Henry\" \/>\n<meta name=\"twitter:card\" content=\"summary_large_image\" \/>\n<meta name=\"twitter:creator\" content=\"@https:\/\/twitter.com\/villasmilhfoto\" \/>\n<meta name=\"twitter:site\" content=\"@villasmilhfoto\" \/>\n<meta name=\"twitter:label1\" content=\"Escrito por\" \/>\n\t<meta name=\"twitter:data1\" content=\"Villasmil Henry\" \/>\n\t<meta name=\"twitter:label2\" content=\"Tiempo estimado de lectura\" \/>\n\t<meta name=\"twitter:data2\" content=\"3 minutos\" \/>\n<script type=\"application\/ld+json\" class=\"yoast-schema-graph\">{\"@context\":\"https:\\\/\\\/schema.org\",\"@graph\":[{\"@type\":\"Article\",\"@id\":\"https:\\\/\\\/digital58.com.ve\\\/site\\\/2023\\\/01\\\/25\\\/lula-vuelve-a-la-region-con-abrazos-en-argentina-y-aplausos-en-la-celac\\\/#article\",\"isPartOf\":{\"@id\":\"https:\\\/\\\/digital58.com.ve\\\/site\\\/2023\\\/01\\\/25\\\/lula-vuelve-a-la-region-con-abrazos-en-argentina-y-aplausos-en-la-celac\\\/\"},\"author\":{\"name\":\"Villasmil Henry\",\"@id\":\"https:\\\/\\\/digital58.com.ve\\\/site\\\/#\\\/schema\\\/person\\\/64d1c2e4d0d4fd1b849980c4331c2951\"},\"headline\":\"Lula vuelve a la regi\u00f3n con abrazos en Argentina y aplausos en la Celac\",\"datePublished\":\"2023-01-25T21:39:29+00:00\",\"mainEntityOfPage\":{\"@id\":\"https:\\\/\\\/digital58.com.ve\\\/site\\\/2023\\\/01\\\/25\\\/lula-vuelve-a-la-region-con-abrazos-en-argentina-y-aplausos-en-la-celac\\\/\"},\"wordCount\":707,\"commentCount\":0,\"publisher\":{\"@id\":\"https:\\\/\\\/digital58.com.ve\\\/site\\\/#\\\/schema\\\/person\\\/64d1c2e4d0d4fd1b849980c4331c2951\"},\"image\":{\"@id\":\"https:\\\/\\\/digital58.com.ve\\\/site\\\/2023\\\/01\\\/25\\\/lula-vuelve-a-la-region-con-abrazos-en-argentina-y-aplausos-en-la-celac\\\/#primaryimage\"},\"thumbnailUrl\":\"https:\\\/\\\/digital58.com.ve\\\/site\\\/wp-content\\\/uploads\\\/2023\\\/01\\\/lula.jpg\",\"keywords\":[\"Alberto Fern\u00e1ndez\",\"Argentina\",\"Brasil\",\"Buenos Aires\",\"Celac\",\"Comunidad de Estados Latinoamericanos y Caribe\u00f1os\",\"Internacionales\",\"Luiz In\u00e1cio Lula da Silva\"],\"articleSection\":[\"Mundo\"],\"inLanguage\":\"es\",\"potentialAction\":[{\"@type\":\"CommentAction\",\"name\":\"Comment\",\"target\":[\"https:\\\/\\\/digital58.com.ve\\\/site\\\/2023\\\/01\\\/25\\\/lula-vuelve-a-la-region-con-abrazos-en-argentina-y-aplausos-en-la-celac\\\/#respond\"]}]},{\"@type\":\"WebPage\",\"@id\":\"https:\\\/\\\/digital58.com.ve\\\/site\\\/2023\\\/01\\\/25\\\/lula-vuelve-a-la-region-con-abrazos-en-argentina-y-aplausos-en-la-celac\\\/\",\"url\":\"https:\\\/\\\/digital58.com.ve\\\/site\\\/2023\\\/01\\\/25\\\/lula-vuelve-a-la-region-con-abrazos-en-argentina-y-aplausos-en-la-celac\\\/\",\"name\":\"Lula vuelve a la regi\u00f3n con abrazos en Argentina y aplausos en la Celac\",\"isPartOf\":{\"@id\":\"https:\\\/\\\/digital58.com.ve\\\/site\\\/#website\"},\"primaryImageOfPage\":{\"@id\":\"https:\\\/\\\/digital58.com.ve\\\/site\\\/2023\\\/01\\\/25\\\/lula-vuelve-a-la-region-con-abrazos-en-argentina-y-aplausos-en-la-celac\\\/#primaryimage\"},\"image\":{\"@id\":\"https:\\\/\\\/digital58.com.ve\\\/site\\\/2023\\\/01\\\/25\\\/lula-vuelve-a-la-region-con-abrazos-en-argentina-y-aplausos-en-la-celac\\\/#primaryimage\"},\"thumbnailUrl\":\"https:\\\/\\\/digital58.com.ve\\\/site\\\/wp-content\\\/uploads\\\/2023\\\/01\\\/lula.jpg\",\"datePublished\":\"2023-01-25T21:39:29+00:00\",\"breadcrumb\":{\"@id\":\"https:\\\/\\\/digital58.com.ve\\\/site\\\/2023\\\/01\\\/25\\\/lula-vuelve-a-la-region-con-abrazos-en-argentina-y-aplausos-en-la-celac\\\/#breadcrumb\"},\"inLanguage\":\"es\",\"potentialAction\":[{\"@type\":\"ReadAction\",\"target\":[\"https:\\\/\\\/digital58.com.ve\\\/site\\\/2023\\\/01\\\/25\\\/lula-vuelve-a-la-region-con-abrazos-en-argentina-y-aplausos-en-la-celac\\\/\"]}]},{\"@type\":\"ImageObject\",\"inLanguage\":\"es\",\"@id\":\"https:\\\/\\\/digital58.com.ve\\\/site\\\/2023\\\/01\\\/25\\\/lula-vuelve-a-la-region-con-abrazos-en-argentina-y-aplausos-en-la-celac\\\/#primaryimage\",\"url\":\"https:\\\/\\\/digital58.com.ve\\\/site\\\/wp-content\\\/uploads\\\/2023\\\/01\\\/lula.jpg\",\"contentUrl\":\"https:\\\/\\\/digital58.com.ve\\\/site\\\/wp-content\\\/uploads\\\/2023\\\/01\\\/lula.jpg\",\"width\":800,\"height\":533,\"caption\":\"-FOTODELD\u00cdA- AME8672. BUENOS AIRES (ARGENTINA), 24\\\/01\\\/2023.- El presidente de Argentina, Alberto Fern\u00e1ndez (d), posa con el presidente de Brasil, Luiz In\u00e1cio Lula da Silva, durante la VII Cumbre de la Comunidad de Estados Latinoamericanos y Caribe\u00f1os (Celac), hoy, en el Hotel Sheraton, en Buenos Aires (Argentina). La VII Cumbre de la Comunidad de Estados Latinoamericanos y Caribe\u00f1os (Celac) comenz\u00f3 este martes en Buenos Aires con representantes de los 33 pa\u00edses de la regi\u00f3n. EFE\\\/ Enrique Garc\u00eda Medina\"},{\"@type\":\"BreadcrumbList\",\"@id\":\"https:\\\/\\\/digital58.com.ve\\\/site\\\/2023\\\/01\\\/25\\\/lula-vuelve-a-la-region-con-abrazos-en-argentina-y-aplausos-en-la-celac\\\/#breadcrumb\",\"itemListElement\":[{\"@type\":\"ListItem\",\"position\":1,\"name\":\"Home\",\"item\":\"https:\\\/\\\/digital58.com.ve\\\/site\\\/\"},{\"@type\":\"ListItem\",\"position\":2,\"name\":\"Lula vuelve a la regi\u00f3n con abrazos en Argentina y aplausos en la Celac\"}]},{\"@type\":\"WebSite\",\"@id\":\"https:\\\/\\\/digital58.com.ve\\\/site\\\/#website\",\"url\":\"https:\\\/\\\/digital58.com.ve\\\/site\\\/\",\"name\":\"Noticias Digital58\",\"description\":\"Portal de Noticias \u00a1Periodismo web de verdad! Lanzamiento web 22.11.2005 \\\/ Maracaibo, Venezuela\",\"publisher\":{\"@id\":\"https:\\\/\\\/digital58.com.ve\\\/site\\\/#\\\/schema\\\/person\\\/64d1c2e4d0d4fd1b849980c4331c2951\"},\"alternateName\":\"ND58\",\"potentialAction\":[{\"@type\":\"SearchAction\",\"target\":{\"@type\":\"EntryPoint\",\"urlTemplate\":\"https:\\\/\\\/digital58.com.ve\\\/site\\\/?s={search_term_string}\"},\"query-input\":{\"@type\":\"PropertyValueSpecification\",\"valueRequired\":true,\"valueName\":\"search_term_string\"}}],\"inLanguage\":\"es\"},{\"@type\":[\"Person\",\"Organization\"],\"@id\":\"https:\\\/\\\/digital58.com.ve\\\/site\\\/#\\\/schema\\\/person\\\/64d1c2e4d0d4fd1b849980c4331c2951\",\"name\":\"Villasmil Henry\",\"image\":{\"@type\":\"ImageObject\",\"inLanguage\":\"es\",\"@id\":\"https:\\\/\\\/secure.gravatar.com\\\/avatar\\\/bb0c4a2fcb7970138239f7e404ea75757b1b507b28b5ce4c53fbd62d797c5a7c?s=96&d=mm&r=g\",\"url\":\"https:\\\/\\\/secure.gravatar.com\\\/avatar\\\/bb0c4a2fcb7970138239f7e404ea75757b1b507b28b5ce4c53fbd62d797c5a7c?s=96&d=mm&r=g\",\"contentUrl\":\"https:\\\/\\\/secure.gravatar.com\\\/avatar\\\/bb0c4a2fcb7970138239f7e404ea75757b1b507b28b5ce4c53fbd62d797c5a7c?s=96&d=mm&r=g\",\"caption\":\"Villasmil Henry\"},\"logo\":{\"@id\":\"https:\\\/\\\/secure.gravatar.com\\\/avatar\\\/bb0c4a2fcb7970138239f7e404ea75757b1b507b28b5ce4c53fbd62d797c5a7c?s=96&d=mm&r=g\"},\"sameAs\":[\"http:\\\/\\\/www.henryvillasmil.com.ve\",\"https:\\\/\\\/www.instagram.com\\\/villasmilhfoto\\\/\",\"https:\\\/\\\/x.com\\\/https:\\\/\\\/twitter.com\\\/villasmilhfoto\"],\"url\":\"https:\\\/\\\/digital58.com.ve\\\/site\\\/author\\\/droopy_68\\\/\"}]}<\/script>\n<!-- \/ Yoast SEO plugin. -->","yoast_head_json":{"title":"Lula vuelve a la regi\u00f3n con abrazos en Argentina y aplausos en la Celac","robots":{"index":"index","follow":"follow","max-snippet":"max-snippet:-1","max-image-preview":"max-image-preview:large","max-video-preview":"max-video-preview:-1"},"canonical":"https:\/\/digital58.com.ve\/site\/2023\/01\/25\/lula-vuelve-a-la-region-con-abrazos-en-argentina-y-aplausos-en-la-celac\/","og_locale":"es_ES","og_type":"article","og_title":"Lula vuelve a la regi\u00f3n con abrazos en Argentina y aplausos en la Celac","og_url":"https:\/\/digital58.com.ve\/site\/2023\/01\/25\/lula-vuelve-a-la-region-con-abrazos-en-argentina-y-aplausos-en-la-celac\/","og_site_name":"Noticias Digital58","article_published_time":"2023-01-25T21:39:29+00:00","og_image":[{"width":800,"height":533,"url":"https:\/\/i0.wp.com\/digital58.com.ve\/site\/wp-content\/uploads\/2023\/01\/lula.jpg?fit=800%2C533&ssl=1","type":"image\/jpeg"}],"author":"Villasmil Henry","twitter_card":"summary_large_image","twitter_creator":"@https:\/\/twitter.com\/villasmilhfoto","twitter_site":"@villasmilhfoto","twitter_misc":{"Escrito por":"Villasmil Henry","Tiempo estimado de lectura":"3 minutos"},"schema":{"@context":"https:\/\/schema.org","@graph":[{"@type":"Article","@id":"https:\/\/digital58.com.ve\/site\/2023\/01\/25\/lula-vuelve-a-la-region-con-abrazos-en-argentina-y-aplausos-en-la-celac\/#article","isPartOf":{"@id":"https:\/\/digital58.com.ve\/site\/2023\/01\/25\/lula-vuelve-a-la-region-con-abrazos-en-argentina-y-aplausos-en-la-celac\/"},"author":{"name":"Villasmil Henry","@id":"https:\/\/digital58.com.ve\/site\/#\/schema\/person\/64d1c2e4d0d4fd1b849980c4331c2951"},"headline":"Lula vuelve a la regi\u00f3n con abrazos en Argentina y aplausos en la Celac","datePublished":"2023-01-25T21:39:29+00:00","mainEntityOfPage":{"@id":"https:\/\/digital58.com.ve\/site\/2023\/01\/25\/lula-vuelve-a-la-region-con-abrazos-en-argentina-y-aplausos-en-la-celac\/"},"wordCount":707,"commentCount":0,"publisher":{"@id":"https:\/\/digital58.com.ve\/site\/#\/schema\/person\/64d1c2e4d0d4fd1b849980c4331c2951"},"image":{"@id":"https:\/\/digital58.com.ve\/site\/2023\/01\/25\/lula-vuelve-a-la-region-con-abrazos-en-argentina-y-aplausos-en-la-celac\/#primaryimage"},"thumbnailUrl":"https:\/\/digital58.com.ve\/site\/wp-content\/uploads\/2023\/01\/lula.jpg","keywords":["Alberto Fern\u00e1ndez","Argentina","Brasil","Buenos Aires","Celac","Comunidad de Estados Latinoamericanos y Caribe\u00f1os","Internacionales","Luiz In\u00e1cio Lula da Silva"],"articleSection":["Mundo"],"inLanguage":"es","potentialAction":[{"@type":"CommentAction","name":"Comment","target":["https:\/\/digital58.com.ve\/site\/2023\/01\/25\/lula-vuelve-a-la-region-con-abrazos-en-argentina-y-aplausos-en-la-celac\/#respond"]}]},{"@type":"WebPage","@id":"https:\/\/digital58.com.ve\/site\/2023\/01\/25\/lula-vuelve-a-la-region-con-abrazos-en-argentina-y-aplausos-en-la-celac\/","url":"https:\/\/digital58.com.ve\/site\/2023\/01\/25\/lula-vuelve-a-la-region-con-abrazos-en-argentina-y-aplausos-en-la-celac\/","name":"Lula vuelve a la regi\u00f3n con abrazos en Argentina y aplausos en la Celac","isPartOf":{"@id":"https:\/\/digital58.com.ve\/site\/#website"},"primaryImageOfPage":{"@id":"https:\/\/digital58.com.ve\/site\/2023\/01\/25\/lula-vuelve-a-la-region-con-abrazos-en-argentina-y-aplausos-en-la-celac\/#primaryimage"},"image":{"@id":"https:\/\/digital58.com.ve\/site\/2023\/01\/25\/lula-vuelve-a-la-region-con-abrazos-en-argentina-y-aplausos-en-la-celac\/#primaryimage"},"thumbnailUrl":"https:\/\/digital58.com.ve\/site\/wp-content\/uploads\/2023\/01\/lula.jpg","datePublished":"2023-01-25T21:39:29+00:00","breadcrumb":{"@id":"https:\/\/digital58.com.ve\/site\/2023\/01\/25\/lula-vuelve-a-la-region-con-abrazos-en-argentina-y-aplausos-en-la-celac\/#breadcrumb"},"inLanguage":"es","potentialAction":[{"@type":"ReadAction","target":["https:\/\/digital58.com.ve\/site\/2023\/01\/25\/lula-vuelve-a-la-region-con-abrazos-en-argentina-y-aplausos-en-la-celac\/"]}]},{"@type":"ImageObject","inLanguage":"es","@id":"https:\/\/digital58.com.ve\/site\/2023\/01\/25\/lula-vuelve-a-la-region-con-abrazos-en-argentina-y-aplausos-en-la-celac\/#primaryimage","url":"https:\/\/digital58.com.ve\/site\/wp-content\/uploads\/2023\/01\/lula.jpg","contentUrl":"https:\/\/digital58.com.ve\/site\/wp-content\/uploads\/2023\/01\/lula.jpg","width":800,"height":533,"caption":"-FOTODELD\u00cdA- AME8672. BUENOS AIRES (ARGENTINA), 24\/01\/2023.- El presidente de Argentina, Alberto Fern\u00e1ndez (d), posa con el presidente de Brasil, Luiz In\u00e1cio Lula da Silva, durante la VII Cumbre de la Comunidad de Estados Latinoamericanos y Caribe\u00f1os (Celac), hoy, en el Hotel Sheraton, en Buenos Aires (Argentina). La VII Cumbre de la Comunidad de Estados Latinoamericanos y Caribe\u00f1os (Celac) comenz\u00f3 este martes en Buenos Aires con representantes de los 33 pa\u00edses de la regi\u00f3n. EFE\/ Enrique Garc\u00eda Medina"},{"@type":"BreadcrumbList","@id":"https:\/\/digital58.com.ve\/site\/2023\/01\/25\/lula-vuelve-a-la-region-con-abrazos-en-argentina-y-aplausos-en-la-celac\/#breadcrumb","itemListElement":[{"@type":"ListItem","position":1,"name":"Home","item":"https:\/\/digital58.com.ve\/site\/"},{"@type":"ListItem","position":2,"name":"Lula vuelve a la regi\u00f3n con abrazos en Argentina y aplausos en la Celac"}]},{"@type":"WebSite","@id":"https:\/\/digital58.com.ve\/site\/#website","url":"https:\/\/digital58.com.ve\/site\/","name":"Noticias Digital58","description":"Portal de Noticias \u00a1Periodismo web de verdad! Lanzamiento web 22.11.2005 \/ Maracaibo, Venezuela","publisher":{"@id":"https:\/\/digital58.com.ve\/site\/#\/schema\/person\/64d1c2e4d0d4fd1b849980c4331c2951"},"alternateName":"ND58","potentialAction":[{"@type":"SearchAction","target":{"@type":"EntryPoint","urlTemplate":"https:\/\/digital58.com.ve\/site\/?s={search_term_string}"},"query-input":{"@type":"PropertyValueSpecification","valueRequired":true,"valueName":"search_term_string"}}],"inLanguage":"es"},{"@type":["Person","Organization"],"@id":"https:\/\/digital58.com.ve\/site\/#\/schema\/person\/64d1c2e4d0d4fd1b849980c4331c2951","name":"Villasmil Henry","image":{"@type":"ImageObject","inLanguage":"es","@id":"https:\/\/secure.gravatar.com\/avatar\/bb0c4a2fcb7970138239f7e404ea75757b1b507b28b5ce4c53fbd62d797c5a7c?s=96&d=mm&r=g","url":"https:\/\/secure.gravatar.com\/avatar\/bb0c4a2fcb7970138239f7e404ea75757b1b507b28b5ce4c53fbd62d797c5a7c?s=96&d=mm&r=g","contentUrl":"https:\/\/secure.gravatar.com\/avatar\/bb0c4a2fcb7970138239f7e404ea75757b1b507b28b5ce4c53fbd62d797c5a7c?s=96&d=mm&r=g","caption":"Villasmil Henry"},"logo":{"@id":"https:\/\/secure.gravatar.com\/avatar\/bb0c4a2fcb7970138239f7e404ea75757b1b507b28b5ce4c53fbd62d797c5a7c?s=96&d=mm&r=g"},"sameAs":["http:\/\/www.henryvillasmil.com.ve","https:\/\/www.instagram.com\/villasmilhfoto\/","https:\/\/x.com\/https:\/\/twitter.com\/villasmilhfoto"],"url":"https:\/\/digital58.com.ve\/site\/author\/droopy_68\/"}]}},"uagb_featured_image_src":{"full":["https:\/\/digital58.com.ve\/site\/wp-content\/uploads\/2023\/01\/lula.jpg",800,533,false],"thumbnail":["https:\/\/digital58.com.ve\/site\/wp-content\/uploads\/2023\/01\/lula-150x150.jpg",150,150,true],"medium":["https:\/\/digital58.com.ve\/site\/wp-content\/uploads\/2023\/01\/lula-300x200.jpg",300,200,true],"medium_large":["https:\/\/digital58.com.ve\/site\/wp-content\/uploads\/2023\/01\/lula-768x512.jpg",768,512,true],"large":["https:\/\/digital58.com.ve\/site\/wp-content\/uploads\/2023\/01\/lula.jpg",800,533,false],"1536x1536":["https:\/\/digital58.com.ve\/site\/wp-content\/uploads\/2023\/01\/lula.jpg",800,533,false],"2048x2048":["https:\/\/digital58.com.ve\/site\/wp-content\/uploads\/2023\/01\/lula.jpg",800,533,false],"colormag-highlighted-post":["https:\/\/digital58.com.ve\/site\/wp-content\/uploads\/2023\/01\/lula-392x272.jpg",392,272,true],"colormag-featured-post-medium":["https:\/\/digital58.com.ve\/site\/wp-content\/uploads\/2023\/01\/lula-390x205.jpg",390,205,true],"colormag-featured-post-small":["https:\/\/digital58.com.ve\/site\/wp-content\/uploads\/2023\/01\/lula-130x90.jpg",130,90,true],"colormag-featured-image":["https:\/\/digital58.com.ve\/site\/wp-content\/uploads\/2023\/01\/lula-800x445.jpg",800,445,true],"colormag-default-news":["https:\/\/digital58.com.ve\/site\/wp-content\/uploads\/2023\/01\/lula.jpg",150,100,false],"colormag-featured-image-large":["https:\/\/digital58.com.ve\/site\/wp-content\/uploads\/2023\/01\/lula.jpg",800,533,false]},"uagb_author_info":{"display_name":"Villasmil Henry","author_link":"https:\/\/digital58.com.ve\/site\/author\/droopy_68\/"},"uagb_comment_info":0,"uagb_excerpt":"El brasile\u00f1o eligi\u00f3 Argentina para realizar el primer viaje internacional desde que asumi\u00f3 su tercer mandato el pasado 1 de","_links":{"self":[{"href":"https:\/\/digital58.com.ve\/site\/wp-json\/wp\/v2\/posts\/162113","targetHints":{"allow":["GET"]}}],"collection":[{"href":"https:\/\/digital58.com.ve\/site\/wp-json\/wp\/v2\/posts"}],"about":[{"href":"https:\/\/digital58.com.ve\/site\/wp-json\/wp\/v2\/types\/post"}],"author":[{"embeddable":true,"href":"https:\/\/digital58.com.ve\/site\/wp-json\/wp\/v2\/users\/1"}],"replies":[{"embeddable":true,"href":"https:\/\/digital58.com.ve\/site\/wp-json\/wp\/v2\/comments?post=162113"}],"version-history":[{"count":0,"href":"https:\/\/digital58.com.ve\/site\/wp-json\/wp\/v2\/posts\/162113\/revisions"}],"wp:featuredmedia":[{"embeddable":true,"href":"https:\/\/digital58.com.ve\/site\/wp-json\/wp\/v2\/media\/162114"}],"wp:attachment":[{"href":"https:\/\/digital58.com.ve\/site\/wp-json\/wp\/v2\/media?parent=162113"}],"wp:term":[{"taxonomy":"category","embeddable":true,"href":"https:\/\/digital58.com.ve\/site\/wp-json\/wp\/v2\/categories?post=162113"},{"taxonomy":"post_tag","embeddable":true,"href":"https:\/\/digital58.com.ve\/site\/wp-json\/wp\/v2\/tags?post=162113"}],"curies":[{"name":"wp","href":"https:\/\/api.w.org\/{rel}","templated":true}]}}