{"id":162129,"date":"2022-05-07T22:19:42","date_gmt":"2022-05-08T02:19:42","guid":{"rendered":"https:\/\/digital58.com.ve\/site\/?p=162129"},"modified":"2023-01-26T01:58:15","modified_gmt":"2023-01-26T05:58:15","slug":"surena-wong-protagoniza-aclamado-cortometraje","status":"publish","type":"post","link":"https:\/\/digital58.com.ve\/site\/2022\/05\/07\/surena-wong-protagoniza-aclamado-cortometraje\/","title":{"rendered":"Surena Wong protagoniza aclamado cortometraje"},"content":{"rendered":"<p><img loading=\"lazy\" decoding=\"async\" class=\"wp-image-162130 aligncenter\" src=\"https:\/\/digital58.com.ve\/site\/wp-content\/uploads\/2023\/01\/SURENA-EAM-300x169.jpg\" alt=\"\" width=\"564\" height=\"318\" srcset=\"https:\/\/digital58.com.ve\/site\/wp-content\/uploads\/2023\/01\/SURENA-EAM-300x169.jpg 300w, https:\/\/digital58.com.ve\/site\/wp-content\/uploads\/2023\/01\/SURENA-EAM-768x432.jpg 768w, https:\/\/digital58.com.ve\/site\/wp-content\/uploads\/2023\/01\/SURENA-EAM.jpg 800w\" sizes=\"auto, (max-width: 564px) 100vw, 564px\" \/><\/p>\n<p><em>Esperando a Mar\u00eda, escrito y dirigido por Ariana Cooper, marca el debut de la joven zuliana en el cine.<\/em><\/p>\n<p><strong>Maracaibo, Zulia, Venezuela, 07 de mayo de 2022 (Noticias D58).-<\/strong> La carrera art\u00edstica de Surena Wong se dispara con su protagonizaci\u00f3n dentro del cortometraje Esperando a Mar\u00eda, escrito y dirigido por Ariana Cooper, quien hace honor a la obra de Beckett, \u00abEsperando a Godot\u201d, plasmando a trav\u00e9s de los personajes una historia que se debate entre tener fe y no tenerla, reflejando una cr\u00edtica de dos venezolanas en busca de respuestas y esperanza que se debaten entre esperar a Mar\u00eda o migrar.<\/p>\n<p>Evelyn, interpretado por Wong, refleja la desesperanza y la incertidumbre en esta dualidad. El dejar de tratar. El dejar de intentarlo. Seg\u00fan nos cont\u00f3 la actriz, ella misma le propuso a la directora grabar descalza durante los tres d\u00edas de rodaje\u00a0 en medio de un terreno arenoso en un cerro de la ciudad de Maracaibo, llamado Valle Fr\u00edo. Surena, cuyo rostro salt\u00f3 a la pantalla chica con su actuaci\u00f3n en la serie Carolay,\u00a0 adopt\u00f3 su personaje de tal forma que se someti\u00f3 por voluntad propia a una dieta alimenticia para bajar de peso y transformarse en una jovencita que carece de nutrici\u00f3n. La cantautora recurri\u00f3 a un m\u00e9todo actoral llamado Stanislavsky y Grotowsky para esta producci\u00f3n que ha sido reconocida internacionalmente.<\/p>\n<p><img loading=\"lazy\" decoding=\"async\" class=\"wp-image-162134 aligncenter\" src=\"https:\/\/digital58.com.ve\/site\/wp-content\/uploads\/2023\/01\/surenapremio-200x300.jpg\" alt=\"\" width=\"409\" height=\"614\" srcset=\"https:\/\/digital58.com.ve\/site\/wp-content\/uploads\/2023\/01\/surenapremio-200x300.jpg 200w, https:\/\/digital58.com.ve\/site\/wp-content\/uploads\/2023\/01\/surenapremio.jpg 400w\" sizes=\"auto, (max-width: 409px) 100vw, 409px\" \/><\/p>\n<p>\u00abLo que m\u00e1s aprecio de esta experiencia es el poder concientizar y poder notar constantemente c\u00f3mo hay personas que \u2018esperan a Mar\u00eda\u2019, buscando un cambio, una respuesta, un favor. Todos esperamos a Mar\u00eda en alg\u00fan punto y me siento honrada de personificar a Evelyn\u00bb , a\u00f1adi\u00f3 \u00a0Wong, quien se hizo presente en el Georgia Latino International Festival 2021, ya que Esperando a Mar\u00eda estuvo nominado a Mejor Cortometraje Estudiantil y tuvo su premiere a nivel internacional en el evento. Este talento venezolano tambi\u00e9n hizo acto de presencia en la alfombra azul del Ibero-American Film Festival \u00a0celebrado en Miami en 2021, en donde fue transmitido y aclamado dentro de los festivales seleccionados.<\/p>\n<p>\u00abMi carrera actoral apenas empieza. Sigo form\u00e1ndome constantemente y aprendiendo de cada personaje. Estoy tan agradecida con Evelyn y toda la producci\u00f3n de Esperando A Mar\u00eda. Mi emoci\u00f3n fue indescriptible cuando vi nuestro trabajo en la pantalla grande\u00bb . Esperando a Mar\u00eda tuvo una gran acogida a nivel nacional, pero sobretodo internacionalmente con innumerables nominaciones y selecciones en prestigiosos festivales de cine en Europa, Estados Unidos y Latinoam\u00e9rica. Algunas de las premiaciones que ha conquistado hasta ahora son: el Caracas Iberoamerican Film Festival, en el que gan\u00f3 como \u201cmejor corto estudiantil\u201d 2021;\u00a0 Festival de Cine Manuel Trujillo Dur\u00e1n, ganadora \u201cmejor \u00f3pera prima\u201d 2021; Festival de Cine Entre Largos y Cortos de Oriente, ganador a \u201cmejor direcci\u00f3n de arte\u201d en la categor\u00eda de cortometraje hispano universitario 2021. Tambi\u00e9n estuvo nominado en el Georgia Latino International Festival 2021 en la categor\u00eda \u201cmejor cortometraje estudiantil\u201d, as\u00ed como en el Rhode Island International Film Festival 2021, donde fue semifinalista, adem\u00e1s, del Indie Short Fest (Los \u00c1ngeles).<\/p><div class=\"vhfef69f5536324540\" ><p style=\"text-align: center;\"><a href=\"https:\/\/t.me\/noticiasdigital58\" target=\"_blank\" rel=\"noopener\"><img class=\"aligncenter size-full wp-image-125363\" src=\"https:\/\/digital58.com.ve\/site\/wp-content\/uploads\/2021\/04\/banner-telegram-web-2021.png\" alt=\"\" width=\"600\" height=\"90\" \/><\/a><\/p><\/div><style type=\"text\/css\">\r\n@media screen and (min-width: 1201px) {\r\n.vhfef69f5536324540 {\r\ndisplay: block;\r\n}\r\n}\r\n@media screen and (min-width: 993px) and (max-width: 1200px) {\r\n.vhfef69f5536324540 {\r\ndisplay: block;\r\n}\r\n}\r\n@media screen and (min-width: 769px) and (max-width: 992px) {\r\n.vhfef69f5536324540 {\r\ndisplay: block;\r\n}\r\n}\r\n@media screen and (min-width: 768px) and (max-width: 768px) {\r\n.vhfef69f5536324540 {\r\ndisplay: block;\r\n}\r\n}\r\n@media screen and (max-width: 767px) {\r\n.vhfef69f5536324540 {\r\ndisplay: block;\r\n}\r\n}\r\n<\/style>\r\n\n<p><strong>Redacci\u00f3n con fuente: NDP<\/strong><br \/>\n<strong>Edici\u00f3n: Villasmil, Henry<\/strong><br \/>\n<strong>Gr\u00e1fica: cortes\u00eda<\/strong><\/p>\n<div style=\"margin-top: 0px; margin-bottom: 0px;\" class=\"sharethis-inline-share-buttons\" ><\/div>","protected":false},"excerpt":{"rendered":"<p>Esperando a Mar\u00eda, escrito y dirigido por Ariana Cooper, marca el debut de la joven zuliana en el cine. Maracaibo,<\/p>\n","protected":false},"author":20,"featured_media":162133,"comment_status":"open","ping_status":"closed","sticky":false,"template":"","format":"standard","meta":{"colormag_page_container_layout":"default_layout","colormag_page_sidebar_layout":"default_layout","_uag_custom_page_level_css":"","footnotes":""},"categories":[1],"tags":[],"class_list":["post-162129","post","type-post","status-publish","format-standard","has-post-thumbnail","hentry","category-fama"],"yoast_head":"<!-- This site is optimized with the Yoast SEO plugin v27.5 - https:\/\/yoast.com\/product\/yoast-seo-wordpress\/ -->\n<title>Surena Wong protagoniza aclamado cortometraje<\/title>\n<meta name=\"robots\" content=\"index, follow, max-snippet:-1, max-image-preview:large, max-video-preview:-1\" \/>\n<link rel=\"canonical\" href=\"https:\/\/digital58.com.ve\/site\/2022\/05\/07\/surena-wong-protagoniza-aclamado-cortometraje\/\" \/>\n<meta property=\"og:locale\" content=\"es_ES\" \/>\n<meta property=\"og:type\" content=\"article\" \/>\n<meta property=\"og:title\" content=\"Surena Wong protagoniza aclamado cortometraje\" \/>\n<meta property=\"og:url\" content=\"https:\/\/digital58.com.ve\/site\/2022\/05\/07\/surena-wong-protagoniza-aclamado-cortometraje\/\" \/>\n<meta property=\"og:site_name\" content=\"Noticias Digital58\" \/>\n<meta property=\"article:published_time\" content=\"2022-05-08T02:19:42+00:00\" \/>\n<meta property=\"article:modified_time\" content=\"2023-01-26T05:58:15+00:00\" \/>\n<meta property=\"og:image\" content=\"https:\/\/i0.wp.com\/digital58.com.ve\/site\/wp-content\/uploads\/2023\/01\/SURENA-EAM-1.jpg?fit=800%2C450&ssl=1\" \/>\n\t<meta property=\"og:image:width\" content=\"800\" \/>\n\t<meta property=\"og:image:height\" content=\"450\" \/>\n\t<meta property=\"og:image:type\" content=\"image\/jpeg\" \/>\n<meta name=\"author\" content=\"Cana\u00e1n Nayib\" \/>\n<meta name=\"twitter:card\" content=\"summary_large_image\" \/>\n<meta name=\"twitter:creator\" content=\"@Digital_58\" \/>\n<meta name=\"twitter:site\" content=\"@villasmilhfoto\" \/>\n<meta name=\"twitter:label1\" content=\"Escrito por\" \/>\n\t<meta name=\"twitter:data1\" content=\"Cana\u00e1n Nayib\" \/>\n\t<meta name=\"twitter:label2\" content=\"Tiempo estimado de lectura\" \/>\n\t<meta name=\"twitter:data2\" content=\"3 minutos\" \/>\n<script type=\"application\/ld+json\" class=\"yoast-schema-graph\">{\"@context\":\"https:\\\/\\\/schema.org\",\"@graph\":[{\"@type\":\"Article\",\"@id\":\"https:\\\/\\\/digital58.com.ve\\\/site\\\/2022\\\/05\\\/07\\\/surena-wong-protagoniza-aclamado-cortometraje\\\/#article\",\"isPartOf\":{\"@id\":\"https:\\\/\\\/digital58.com.ve\\\/site\\\/2022\\\/05\\\/07\\\/surena-wong-protagoniza-aclamado-cortometraje\\\/\"},\"author\":{\"name\":\"Cana\u00e1n Nayib\",\"@id\":\"https:\\\/\\\/digital58.com.ve\\\/site\\\/#\\\/schema\\\/person\\\/730f125d3b753ef33fc78d403e3544bd\"},\"headline\":\"Surena Wong protagoniza aclamado cortometraje\",\"datePublished\":\"2022-05-08T02:19:42+00:00\",\"dateModified\":\"2023-01-26T05:58:15+00:00\",\"mainEntityOfPage\":{\"@id\":\"https:\\\/\\\/digital58.com.ve\\\/site\\\/2022\\\/05\\\/07\\\/surena-wong-protagoniza-aclamado-cortometraje\\\/\"},\"wordCount\":537,\"commentCount\":0,\"publisher\":{\"@id\":\"https:\\\/\\\/digital58.com.ve\\\/site\\\/#\\\/schema\\\/person\\\/64d1c2e4d0d4fd1b849980c4331c2951\"},\"image\":{\"@id\":\"https:\\\/\\\/digital58.com.ve\\\/site\\\/2022\\\/05\\\/07\\\/surena-wong-protagoniza-aclamado-cortometraje\\\/#primaryimage\"},\"thumbnailUrl\":\"https:\\\/\\\/digital58.com.ve\\\/site\\\/wp-content\\\/uploads\\\/2023\\\/01\\\/SURENA-EAM-1.jpg\",\"articleSection\":[\"Fama\"],\"inLanguage\":\"es\",\"potentialAction\":[{\"@type\":\"CommentAction\",\"name\":\"Comment\",\"target\":[\"https:\\\/\\\/digital58.com.ve\\\/site\\\/2022\\\/05\\\/07\\\/surena-wong-protagoniza-aclamado-cortometraje\\\/#respond\"]}]},{\"@type\":\"WebPage\",\"@id\":\"https:\\\/\\\/digital58.com.ve\\\/site\\\/2022\\\/05\\\/07\\\/surena-wong-protagoniza-aclamado-cortometraje\\\/\",\"url\":\"https:\\\/\\\/digital58.com.ve\\\/site\\\/2022\\\/05\\\/07\\\/surena-wong-protagoniza-aclamado-cortometraje\\\/\",\"name\":\"Surena Wong protagoniza aclamado cortometraje\",\"isPartOf\":{\"@id\":\"https:\\\/\\\/digital58.com.ve\\\/site\\\/#website\"},\"primaryImageOfPage\":{\"@id\":\"https:\\\/\\\/digital58.com.ve\\\/site\\\/2022\\\/05\\\/07\\\/surena-wong-protagoniza-aclamado-cortometraje\\\/#primaryimage\"},\"image\":{\"@id\":\"https:\\\/\\\/digital58.com.ve\\\/site\\\/2022\\\/05\\\/07\\\/surena-wong-protagoniza-aclamado-cortometraje\\\/#primaryimage\"},\"thumbnailUrl\":\"https:\\\/\\\/digital58.com.ve\\\/site\\\/wp-content\\\/uploads\\\/2023\\\/01\\\/SURENA-EAM-1.jpg\",\"datePublished\":\"2022-05-08T02:19:42+00:00\",\"dateModified\":\"2023-01-26T05:58:15+00:00\",\"breadcrumb\":{\"@id\":\"https:\\\/\\\/digital58.com.ve\\\/site\\\/2022\\\/05\\\/07\\\/surena-wong-protagoniza-aclamado-cortometraje\\\/#breadcrumb\"},\"inLanguage\":\"es\",\"potentialAction\":[{\"@type\":\"ReadAction\",\"target\":[\"https:\\\/\\\/digital58.com.ve\\\/site\\\/2022\\\/05\\\/07\\\/surena-wong-protagoniza-aclamado-cortometraje\\\/\"]}]},{\"@type\":\"ImageObject\",\"inLanguage\":\"es\",\"@id\":\"https:\\\/\\\/digital58.com.ve\\\/site\\\/2022\\\/05\\\/07\\\/surena-wong-protagoniza-aclamado-cortometraje\\\/#primaryimage\",\"url\":\"https:\\\/\\\/digital58.com.ve\\\/site\\\/wp-content\\\/uploads\\\/2023\\\/01\\\/SURENA-EAM-1.jpg\",\"contentUrl\":\"https:\\\/\\\/digital58.com.ve\\\/site\\\/wp-content\\\/uploads\\\/2023\\\/01\\\/SURENA-EAM-1.jpg\",\"width\":800,\"height\":450},{\"@type\":\"BreadcrumbList\",\"@id\":\"https:\\\/\\\/digital58.com.ve\\\/site\\\/2022\\\/05\\\/07\\\/surena-wong-protagoniza-aclamado-cortometraje\\\/#breadcrumb\",\"itemListElement\":[{\"@type\":\"ListItem\",\"position\":1,\"name\":\"Home\",\"item\":\"https:\\\/\\\/digital58.com.ve\\\/site\\\/\"},{\"@type\":\"ListItem\",\"position\":2,\"name\":\"Surena Wong protagoniza aclamado cortometraje\"}]},{\"@type\":\"WebSite\",\"@id\":\"https:\\\/\\\/digital58.com.ve\\\/site\\\/#website\",\"url\":\"https:\\\/\\\/digital58.com.ve\\\/site\\\/\",\"name\":\"Noticias Digital58\",\"description\":\"Portal de Noticias \u00a1Periodismo web de verdad! Lanzamiento web 22.11.2005 \\\/ Maracaibo, Venezuela\",\"publisher\":{\"@id\":\"https:\\\/\\\/digital58.com.ve\\\/site\\\/#\\\/schema\\\/person\\\/64d1c2e4d0d4fd1b849980c4331c2951\"},\"alternateName\":\"ND58\",\"potentialAction\":[{\"@type\":\"SearchAction\",\"target\":{\"@type\":\"EntryPoint\",\"urlTemplate\":\"https:\\\/\\\/digital58.com.ve\\\/site\\\/?s={search_term_string}\"},\"query-input\":{\"@type\":\"PropertyValueSpecification\",\"valueRequired\":true,\"valueName\":\"search_term_string\"}}],\"inLanguage\":\"es\"},{\"@type\":[\"Person\",\"Organization\"],\"@id\":\"https:\\\/\\\/digital58.com.ve\\\/site\\\/#\\\/schema\\\/person\\\/64d1c2e4d0d4fd1b849980c4331c2951\",\"name\":\"Villasmil Henry\",\"image\":{\"@type\":\"ImageObject\",\"inLanguage\":\"es\",\"@id\":\"https:\\\/\\\/secure.gravatar.com\\\/avatar\\\/bb0c4a2fcb7970138239f7e404ea75757b1b507b28b5ce4c53fbd62d797c5a7c?s=96&d=mm&r=g\",\"url\":\"https:\\\/\\\/secure.gravatar.com\\\/avatar\\\/bb0c4a2fcb7970138239f7e404ea75757b1b507b28b5ce4c53fbd62d797c5a7c?s=96&d=mm&r=g\",\"contentUrl\":\"https:\\\/\\\/secure.gravatar.com\\\/avatar\\\/bb0c4a2fcb7970138239f7e404ea75757b1b507b28b5ce4c53fbd62d797c5a7c?s=96&d=mm&r=g\",\"caption\":\"Villasmil Henry\"},\"logo\":{\"@id\":\"https:\\\/\\\/secure.gravatar.com\\\/avatar\\\/bb0c4a2fcb7970138239f7e404ea75757b1b507b28b5ce4c53fbd62d797c5a7c?s=96&d=mm&r=g\"},\"sameAs\":[\"http:\\\/\\\/www.henryvillasmil.com.ve\",\"https:\\\/\\\/www.instagram.com\\\/villasmilhfoto\\\/\",\"https:\\\/\\\/x.com\\\/https:\\\/\\\/twitter.com\\\/villasmilhfoto\"]},{\"@type\":\"Person\",\"@id\":\"https:\\\/\\\/digital58.com.ve\\\/site\\\/#\\\/schema\\\/person\\\/730f125d3b753ef33fc78d403e3544bd\",\"name\":\"Cana\u00e1n Nayib\",\"image\":{\"@type\":\"ImageObject\",\"inLanguage\":\"es\",\"@id\":\"https:\\\/\\\/secure.gravatar.com\\\/avatar\\\/ed8ccf663f2ad260520149da7d559dfa679a1540b599a98f841e423f68e4d7cc?s=96&d=mm&r=g\",\"url\":\"https:\\\/\\\/secure.gravatar.com\\\/avatar\\\/ed8ccf663f2ad260520149da7d559dfa679a1540b599a98f841e423f68e4d7cc?s=96&d=mm&r=g\",\"contentUrl\":\"https:\\\/\\\/secure.gravatar.com\\\/avatar\\\/ed8ccf663f2ad260520149da7d559dfa679a1540b599a98f841e423f68e4d7cc?s=96&d=mm&r=g\",\"caption\":\"Cana\u00e1n Nayib\"},\"url\":\"https:\\\/\\\/digital58.com.ve\\\/site\\\/author\\\/ncanaan\\\/\"}]}<\/script>\n<!-- \/ Yoast SEO plugin. -->","yoast_head_json":{"title":"Surena Wong protagoniza aclamado cortometraje","robots":{"index":"index","follow":"follow","max-snippet":"max-snippet:-1","max-image-preview":"max-image-preview:large","max-video-preview":"max-video-preview:-1"},"canonical":"https:\/\/digital58.com.ve\/site\/2022\/05\/07\/surena-wong-protagoniza-aclamado-cortometraje\/","og_locale":"es_ES","og_type":"article","og_title":"Surena Wong protagoniza aclamado cortometraje","og_url":"https:\/\/digital58.com.ve\/site\/2022\/05\/07\/surena-wong-protagoniza-aclamado-cortometraje\/","og_site_name":"Noticias Digital58","article_published_time":"2022-05-08T02:19:42+00:00","article_modified_time":"2023-01-26T05:58:15+00:00","og_image":[{"width":800,"height":450,"url":"https:\/\/i0.wp.com\/digital58.com.ve\/site\/wp-content\/uploads\/2023\/01\/SURENA-EAM-1.jpg?fit=800%2C450&ssl=1","type":"image\/jpeg"}],"author":"Cana\u00e1n Nayib","twitter_card":"summary_large_image","twitter_creator":"@Digital_58","twitter_site":"@villasmilhfoto","twitter_misc":{"Escrito por":"Cana\u00e1n Nayib","Tiempo estimado de lectura":"3 minutos"},"schema":{"@context":"https:\/\/schema.org","@graph":[{"@type":"Article","@id":"https:\/\/digital58.com.ve\/site\/2022\/05\/07\/surena-wong-protagoniza-aclamado-cortometraje\/#article","isPartOf":{"@id":"https:\/\/digital58.com.ve\/site\/2022\/05\/07\/surena-wong-protagoniza-aclamado-cortometraje\/"},"author":{"name":"Cana\u00e1n Nayib","@id":"https:\/\/digital58.com.ve\/site\/#\/schema\/person\/730f125d3b753ef33fc78d403e3544bd"},"headline":"Surena Wong protagoniza aclamado cortometraje","datePublished":"2022-05-08T02:19:42+00:00","dateModified":"2023-01-26T05:58:15+00:00","mainEntityOfPage":{"@id":"https:\/\/digital58.com.ve\/site\/2022\/05\/07\/surena-wong-protagoniza-aclamado-cortometraje\/"},"wordCount":537,"commentCount":0,"publisher":{"@id":"https:\/\/digital58.com.ve\/site\/#\/schema\/person\/64d1c2e4d0d4fd1b849980c4331c2951"},"image":{"@id":"https:\/\/digital58.com.ve\/site\/2022\/05\/07\/surena-wong-protagoniza-aclamado-cortometraje\/#primaryimage"},"thumbnailUrl":"https:\/\/digital58.com.ve\/site\/wp-content\/uploads\/2023\/01\/SURENA-EAM-1.jpg","articleSection":["Fama"],"inLanguage":"es","potentialAction":[{"@type":"CommentAction","name":"Comment","target":["https:\/\/digital58.com.ve\/site\/2022\/05\/07\/surena-wong-protagoniza-aclamado-cortometraje\/#respond"]}]},{"@type":"WebPage","@id":"https:\/\/digital58.com.ve\/site\/2022\/05\/07\/surena-wong-protagoniza-aclamado-cortometraje\/","url":"https:\/\/digital58.com.ve\/site\/2022\/05\/07\/surena-wong-protagoniza-aclamado-cortometraje\/","name":"Surena Wong protagoniza aclamado cortometraje","isPartOf":{"@id":"https:\/\/digital58.com.ve\/site\/#website"},"primaryImageOfPage":{"@id":"https:\/\/digital58.com.ve\/site\/2022\/05\/07\/surena-wong-protagoniza-aclamado-cortometraje\/#primaryimage"},"image":{"@id":"https:\/\/digital58.com.ve\/site\/2022\/05\/07\/surena-wong-protagoniza-aclamado-cortometraje\/#primaryimage"},"thumbnailUrl":"https:\/\/digital58.com.ve\/site\/wp-content\/uploads\/2023\/01\/SURENA-EAM-1.jpg","datePublished":"2022-05-08T02:19:42+00:00","dateModified":"2023-01-26T05:58:15+00:00","breadcrumb":{"@id":"https:\/\/digital58.com.ve\/site\/2022\/05\/07\/surena-wong-protagoniza-aclamado-cortometraje\/#breadcrumb"},"inLanguage":"es","potentialAction":[{"@type":"ReadAction","target":["https:\/\/digital58.com.ve\/site\/2022\/05\/07\/surena-wong-protagoniza-aclamado-cortometraje\/"]}]},{"@type":"ImageObject","inLanguage":"es","@id":"https:\/\/digital58.com.ve\/site\/2022\/05\/07\/surena-wong-protagoniza-aclamado-cortometraje\/#primaryimage","url":"https:\/\/digital58.com.ve\/site\/wp-content\/uploads\/2023\/01\/SURENA-EAM-1.jpg","contentUrl":"https:\/\/digital58.com.ve\/site\/wp-content\/uploads\/2023\/01\/SURENA-EAM-1.jpg","width":800,"height":450},{"@type":"BreadcrumbList","@id":"https:\/\/digital58.com.ve\/site\/2022\/05\/07\/surena-wong-protagoniza-aclamado-cortometraje\/#breadcrumb","itemListElement":[{"@type":"ListItem","position":1,"name":"Home","item":"https:\/\/digital58.com.ve\/site\/"},{"@type":"ListItem","position":2,"name":"Surena Wong protagoniza aclamado cortometraje"}]},{"@type":"WebSite","@id":"https:\/\/digital58.com.ve\/site\/#website","url":"https:\/\/digital58.com.ve\/site\/","name":"Noticias Digital58","description":"Portal de Noticias \u00a1Periodismo web de verdad! Lanzamiento web 22.11.2005 \/ Maracaibo, Venezuela","publisher":{"@id":"https:\/\/digital58.com.ve\/site\/#\/schema\/person\/64d1c2e4d0d4fd1b849980c4331c2951"},"alternateName":"ND58","potentialAction":[{"@type":"SearchAction","target":{"@type":"EntryPoint","urlTemplate":"https:\/\/digital58.com.ve\/site\/?s={search_term_string}"},"query-input":{"@type":"PropertyValueSpecification","valueRequired":true,"valueName":"search_term_string"}}],"inLanguage":"es"},{"@type":["Person","Organization"],"@id":"https:\/\/digital58.com.ve\/site\/#\/schema\/person\/64d1c2e4d0d4fd1b849980c4331c2951","name":"Villasmil Henry","image":{"@type":"ImageObject","inLanguage":"es","@id":"https:\/\/secure.gravatar.com\/avatar\/bb0c4a2fcb7970138239f7e404ea75757b1b507b28b5ce4c53fbd62d797c5a7c?s=96&d=mm&r=g","url":"https:\/\/secure.gravatar.com\/avatar\/bb0c4a2fcb7970138239f7e404ea75757b1b507b28b5ce4c53fbd62d797c5a7c?s=96&d=mm&r=g","contentUrl":"https:\/\/secure.gravatar.com\/avatar\/bb0c4a2fcb7970138239f7e404ea75757b1b507b28b5ce4c53fbd62d797c5a7c?s=96&d=mm&r=g","caption":"Villasmil Henry"},"logo":{"@id":"https:\/\/secure.gravatar.com\/avatar\/bb0c4a2fcb7970138239f7e404ea75757b1b507b28b5ce4c53fbd62d797c5a7c?s=96&d=mm&r=g"},"sameAs":["http:\/\/www.henryvillasmil.com.ve","https:\/\/www.instagram.com\/villasmilhfoto\/","https:\/\/x.com\/https:\/\/twitter.com\/villasmilhfoto"]},{"@type":"Person","@id":"https:\/\/digital58.com.ve\/site\/#\/schema\/person\/730f125d3b753ef33fc78d403e3544bd","name":"Cana\u00e1n Nayib","image":{"@type":"ImageObject","inLanguage":"es","@id":"https:\/\/secure.gravatar.com\/avatar\/ed8ccf663f2ad260520149da7d559dfa679a1540b599a98f841e423f68e4d7cc?s=96&d=mm&r=g","url":"https:\/\/secure.gravatar.com\/avatar\/ed8ccf663f2ad260520149da7d559dfa679a1540b599a98f841e423f68e4d7cc?s=96&d=mm&r=g","contentUrl":"https:\/\/secure.gravatar.com\/avatar\/ed8ccf663f2ad260520149da7d559dfa679a1540b599a98f841e423f68e4d7cc?s=96&d=mm&r=g","caption":"Cana\u00e1n Nayib"},"url":"https:\/\/digital58.com.ve\/site\/author\/ncanaan\/"}]}},"uagb_featured_image_src":{"full":["https:\/\/digital58.com.ve\/site\/wp-content\/uploads\/2023\/01\/SURENA-EAM-1.jpg",800,450,false],"thumbnail":["https:\/\/digital58.com.ve\/site\/wp-content\/uploads\/2023\/01\/SURENA-EAM-1-150x150.jpg",150,150,true],"medium":["https:\/\/digital58.com.ve\/site\/wp-content\/uploads\/2023\/01\/SURENA-EAM-1-300x169.jpg",300,169,true],"medium_large":["https:\/\/digital58.com.ve\/site\/wp-content\/uploads\/2023\/01\/SURENA-EAM-1-768x432.jpg",768,432,true],"large":["https:\/\/digital58.com.ve\/site\/wp-content\/uploads\/2023\/01\/SURENA-EAM-1.jpg",800,450,false],"1536x1536":["https:\/\/digital58.com.ve\/site\/wp-content\/uploads\/2023\/01\/SURENA-EAM-1.jpg",800,450,false],"2048x2048":["https:\/\/digital58.com.ve\/site\/wp-content\/uploads\/2023\/01\/SURENA-EAM-1.jpg",800,450,false],"colormag-highlighted-post":["https:\/\/digital58.com.ve\/site\/wp-content\/uploads\/2023\/01\/SURENA-EAM-1-392x272.jpg",392,272,true],"colormag-featured-post-medium":["https:\/\/digital58.com.ve\/site\/wp-content\/uploads\/2023\/01\/SURENA-EAM-1-390x205.jpg",390,205,true],"colormag-featured-post-small":["https:\/\/digital58.com.ve\/site\/wp-content\/uploads\/2023\/01\/SURENA-EAM-1-130x90.jpg",130,90,true],"colormag-featured-image":["https:\/\/digital58.com.ve\/site\/wp-content\/uploads\/2023\/01\/SURENA-EAM-1-800x445.jpg",800,445,true],"colormag-default-news":["https:\/\/digital58.com.ve\/site\/wp-content\/uploads\/2023\/01\/SURENA-EAM-1.jpg",150,84,false],"colormag-featured-image-large":["https:\/\/digital58.com.ve\/site\/wp-content\/uploads\/2023\/01\/SURENA-EAM-1.jpg",800,450,false]},"uagb_author_info":{"display_name":"Cana\u00e1n Nayib","author_link":"https:\/\/digital58.com.ve\/site\/author\/ncanaan\/"},"uagb_comment_info":0,"uagb_excerpt":"Esperando a Mar\u00eda, escrito y dirigido por Ariana Cooper, marca el debut de la joven zuliana en el cine. Maracaibo,","_links":{"self":[{"href":"https:\/\/digital58.com.ve\/site\/wp-json\/wp\/v2\/posts\/162129","targetHints":{"allow":["GET"]}}],"collection":[{"href":"https:\/\/digital58.com.ve\/site\/wp-json\/wp\/v2\/posts"}],"about":[{"href":"https:\/\/digital58.com.ve\/site\/wp-json\/wp\/v2\/types\/post"}],"author":[{"embeddable":true,"href":"https:\/\/digital58.com.ve\/site\/wp-json\/wp\/v2\/users\/20"}],"replies":[{"embeddable":true,"href":"https:\/\/digital58.com.ve\/site\/wp-json\/wp\/v2\/comments?post=162129"}],"version-history":[{"count":0,"href":"https:\/\/digital58.com.ve\/site\/wp-json\/wp\/v2\/posts\/162129\/revisions"}],"wp:featuredmedia":[{"embeddable":true,"href":"https:\/\/digital58.com.ve\/site\/wp-json\/wp\/v2\/media\/162133"}],"wp:attachment":[{"href":"https:\/\/digital58.com.ve\/site\/wp-json\/wp\/v2\/media?parent=162129"}],"wp:term":[{"taxonomy":"category","embeddable":true,"href":"https:\/\/digital58.com.ve\/site\/wp-json\/wp\/v2\/categories?post=162129"},{"taxonomy":"post_tag","embeddable":true,"href":"https:\/\/digital58.com.ve\/site\/wp-json\/wp\/v2\/tags?post=162129"}],"curies":[{"name":"wp","href":"https:\/\/api.w.org\/{rel}","templated":true}]}}