{"id":162303,"date":"2023-01-31T08:30:14","date_gmt":"2023-01-31T12:30:14","guid":{"rendered":"https:\/\/digital58.com.ve\/site\/?p=162303"},"modified":"2023-01-31T08:30:14","modified_gmt":"2023-01-31T12:30:14","slug":"venezuela-instan-al-ejecutivo-a-emitir-decreto-de-emergencia-para-aumentar-ingreso-de-trabajadores","status":"publish","type":"post","link":"https:\/\/digital58.com.ve\/site\/2023\/01\/31\/venezuela-instan-al-ejecutivo-a-emitir-decreto-de-emergencia-para-aumentar-ingreso-de-trabajadores\/","title":{"rendered":"#Venezuela | Instan al Ejecutivo a emitir decreto de emergencia para aumentar ingreso de trabajadores"},"content":{"rendered":"<p><img loading=\"lazy\" decoding=\"async\" class=\"size-full wp-image-162304 aligncenter\" src=\"https:\/\/digital58.com.ve\/site\/wp-content\/uploads\/2023\/01\/c070a682-c3f9-4b6b-bbe0-e96413686812_w1080_h608.jpeg\" alt=\"\" width=\"800\" height=\"450\" srcset=\"https:\/\/digital58.com.ve\/site\/wp-content\/uploads\/2023\/01\/c070a682-c3f9-4b6b-bbe0-e96413686812_w1080_h608.jpeg 800w, https:\/\/digital58.com.ve\/site\/wp-content\/uploads\/2023\/01\/c070a682-c3f9-4b6b-bbe0-e96413686812_w1080_h608-300x169.jpeg 300w, https:\/\/digital58.com.ve\/site\/wp-content\/uploads\/2023\/01\/c070a682-c3f9-4b6b-bbe0-e96413686812_w1080_h608-768x432.jpeg 768w\" sizes=\"auto, (max-width: 800px) 100vw, 800px\" \/><\/p>\n<p>La Organizaci\u00f3n Internacional del Trabajo (OIT) lleg\u00f3 a Venezuela para hacer un seguimiento del cumplimiento del cronograma de reuniones sobre las condiciones del ingreso de los trabajadores del pa\u00eds como continuaci\u00f3n de las visitas de la comisi\u00f3n de enlace en abril y septiembre 2022.<\/p>\n<p><strong>Caracas,DC, Venezuela, 31 de enero, 2023 (ND58).-<\/strong> Dicho organismo ver\u00e1 que avances se han hecho en materia de acuerdos laborales y establecer los par\u00e1metros para el cumplimiento de esos exhortos que hizo al gobierno con motivo de las quejas que puso Fedec\u00e1maras hace 14 a\u00f1os.<\/p>\n<p>Maryolga Gir\u00e1n, abogada laboral y presidenta de la Comisi\u00f3n de Asuntos Laborales de Conindustria, inst\u00f3 al Ejecutivo nacional a emitir un decreto de emergencia que permita aumentar el ingreso de trabajadores m\u00e1s que el salario<\/p>\n<p><strong>\u00abTodos ganar\u00edan, los trabajadores tendr\u00edan certeza sobre el monto del salario, as\u00ed aumentar\u00eda tambi\u00e9n la tributaci\u00f3n\u00bb a\u00f1adi\u00f3.<\/strong><\/p>\n<p>Tambi\u00e9n insisti\u00f3 en la necesidad de reformar la Ley del Trabajo, asegurando que esta es una \u00abcamisa de fuerza\u00bb para los trabajadores del pa\u00eds.<\/p>\n<p>Gir\u00e1n explic\u00f3 que la decisi\u00f3n del aumento del salario debe ser parte de una pol\u00edtica econ\u00f3mica macro que permita que sea sustentable.<\/p>\n<p>Resalt\u00f3 que esta pol\u00edtica debe tener incentivos para la empresa privada aumentando as\u00ed la producci\u00f3n.<\/p>\n<p><strong>\u00abDe nada valen los acuerdo entre trabajadores y empleadores si no hay pol\u00edticas del Estado\u00bb acot\u00f3.<\/strong><\/p>\n<p>La abogada indic\u00f3 que se debe aumentar el ingreso m\u00e1s que el salario, para poder salarizar los bonos que hoy en d\u00eda se otorgan y que no forman parte del salario en un espacio de dos a\u00f1os.<\/p>\n<p>Recalc\u00f3 que el tema del salario no es solo un hecho social, sino tambi\u00e9n econ\u00f3mico, dependiendo as\u00ed de la productividad.<\/p>\n<p>\u00abTodo aumento salarial que no est\u00e9 basado en un incremento de productividad, se vuelve sal y agua en cuesti\u00f3n de horas porque incrementa la inflaci\u00f3n\u00bb dijo.<\/p>\n<p>Se\u00f1al\u00f3 que la Confederaci\u00f3n de Trabajadores est\u00e1 esperando que<strong> la OIT haga una mediaci\u00f3n m\u00e1s efectiva para que estas demandas que hacen los trabajadores tengan un canal para el cumplimiento.<\/strong><\/p>\n<p>presidenta de la Comisi\u00f3n de Asuntos Laborales de Conindustria advirti\u00f3 que se ha puesto en manos de la OIT la soluci\u00f3n del salario cuando es competencia del gobierno nacional en consenso con los trabajadores y empresarios.<\/p>\n<p>\u00abLa inamovilidad laboral genera que haya gente enquistada en espacios que impiden tener gente competente y a las nuevas generaciones\u00bb expres\u00f3.<\/p><div class=\"psgal69f0cdfbdc84a\" ><p style=\"text-align: center;\"><a href=\"https:\/\/t.me\/noticiasdigital58\" target=\"_blank\" rel=\"noopener\"><img class=\"aligncenter size-full wp-image-125363\" src=\"https:\/\/digital58.com.ve\/site\/wp-content\/uploads\/2021\/04\/banner-telegram-web-2021.png\" alt=\"\" width=\"600\" height=\"90\" \/><\/a><\/p><\/div><style type=\"text\/css\">\r\n@media screen and (min-width: 1201px) {\r\n.psgal69f0cdfbdc84a {\r\ndisplay: block;\r\n}\r\n}\r\n@media screen and (min-width: 993px) and (max-width: 1200px) {\r\n.psgal69f0cdfbdc84a {\r\ndisplay: block;\r\n}\r\n}\r\n@media screen and (min-width: 769px) and (max-width: 992px) {\r\n.psgal69f0cdfbdc84a {\r\ndisplay: block;\r\n}\r\n}\r\n@media screen and (min-width: 768px) and (max-width: 768px) {\r\n.psgal69f0cdfbdc84a {\r\ndisplay: block;\r\n}\r\n}\r\n@media screen and (max-width: 767px) {\r\n.psgal69f0cdfbdc84a {\r\ndisplay: block;\r\n}\r\n}\r\n<\/style>\r\n\n<p class=\"p1\"><b>Redacci\u00f3n ND58 | Uni\u00f3n Radio<\/b><br \/>\n<b>Edici\u00f3n: \u00c1\u00f1ez, Caren\u00a0<\/b><br \/>\n<b>Gr\u00e1fica: Cortes\u00eda <\/b><\/p>\n<div style=\"margin-top: 0px; margin-bottom: 0px;\" class=\"sharethis-inline-share-buttons\" ><\/div>","protected":false},"excerpt":{"rendered":"<p>La Organizaci\u00f3n Internacional del Trabajo (OIT) lleg\u00f3 a Venezuela para hacer un seguimiento del cumplimiento del cronograma de reuniones sobre<\/p>\n","protected":false},"author":39,"featured_media":162304,"comment_status":"open","ping_status":"closed","sticky":false,"template":"","format":"standard","meta":{"colormag_page_container_layout":"default_layout","colormag_page_sidebar_layout":"default_layout","_uag_custom_page_level_css":"","footnotes":""},"categories":[16454],"tags":[23782,29,20467,233,30348,30343,30349,16517,18451,32],"class_list":["post-162303","post","type-post","status-publish","format-standard","has-post-thumbnail","hentry","category-venezuela","tag-aumento-salarial","tag-caracas","tag-conindustria","tag-nacionales","tag-oit","tag-organizacion-internacional-del-trabajo","tag-salari","tag-salario","tag-trabajadores","tag-venezuela"],"yoast_head":"<!-- This site is optimized with the Yoast SEO plugin v27.5 - https:\/\/yoast.com\/product\/yoast-seo-wordpress\/ -->\n<title>#Venezuela | Instan al Ejecutivo a emitir decreto de emergencia para aumentar ingreso de trabajadores<\/title>\n<meta name=\"robots\" content=\"index, follow, max-snippet:-1, max-image-preview:large, max-video-preview:-1\" \/>\n<link rel=\"canonical\" href=\"https:\/\/digital58.com.ve\/site\/2023\/01\/31\/venezuela-instan-al-ejecutivo-a-emitir-decreto-de-emergencia-para-aumentar-ingreso-de-trabajadores\/\" \/>\n<meta property=\"og:locale\" content=\"es_ES\" \/>\n<meta property=\"og:type\" content=\"article\" \/>\n<meta property=\"og:title\" content=\"#Venezuela | Instan al Ejecutivo a emitir decreto de emergencia para aumentar ingreso de trabajadores\" \/>\n<meta property=\"og:url\" content=\"https:\/\/digital58.com.ve\/site\/2023\/01\/31\/venezuela-instan-al-ejecutivo-a-emitir-decreto-de-emergencia-para-aumentar-ingreso-de-trabajadores\/\" \/>\n<meta property=\"og:site_name\" content=\"Noticias Digital58\" \/>\n<meta property=\"article:published_time\" content=\"2023-01-31T12:30:14+00:00\" \/>\n<meta property=\"og:image\" content=\"https:\/\/i0.wp.com\/digital58.com.ve\/site\/wp-content\/uploads\/2023\/01\/c070a682-c3f9-4b6b-bbe0-e96413686812_w1080_h608.jpeg?fit=800%2C450&ssl=1\" \/>\n\t<meta property=\"og:image:width\" content=\"800\" \/>\n\t<meta property=\"og:image:height\" content=\"450\" \/>\n\t<meta property=\"og:image:type\" content=\"image\/jpeg\" \/>\n<meta name=\"author\" content=\"Caren A\u00f1ez\" \/>\n<meta name=\"twitter:card\" content=\"summary_large_image\" \/>\n<meta name=\"twitter:creator\" content=\"@carenanez\" \/>\n<meta name=\"twitter:site\" content=\"@villasmilhfoto\" \/>\n<meta name=\"twitter:label1\" content=\"Escrito por\" \/>\n\t<meta name=\"twitter:data1\" content=\"Caren A\u00f1ez\" \/>\n\t<meta name=\"twitter:label2\" content=\"Tiempo estimado de lectura\" \/>\n\t<meta name=\"twitter:data2\" content=\"2 minutos\" \/>\n<script type=\"application\/ld+json\" class=\"yoast-schema-graph\">{\"@context\":\"https:\\\/\\\/schema.org\",\"@graph\":[{\"@type\":\"Article\",\"@id\":\"https:\\\/\\\/digital58.com.ve\\\/site\\\/2023\\\/01\\\/31\\\/venezuela-instan-al-ejecutivo-a-emitir-decreto-de-emergencia-para-aumentar-ingreso-de-trabajadores\\\/#article\",\"isPartOf\":{\"@id\":\"https:\\\/\\\/digital58.com.ve\\\/site\\\/2023\\\/01\\\/31\\\/venezuela-instan-al-ejecutivo-a-emitir-decreto-de-emergencia-para-aumentar-ingreso-de-trabajadores\\\/\"},\"author\":{\"name\":\"Caren A\u00f1ez\",\"@id\":\"https:\\\/\\\/digital58.com.ve\\\/site\\\/#\\\/schema\\\/person\\\/38596b127602deaa13fbcd7585635238\"},\"headline\":\"#Venezuela | Instan al Ejecutivo a emitir decreto de emergencia para aumentar ingreso de trabajadores\",\"datePublished\":\"2023-01-31T12:30:14+00:00\",\"mainEntityOfPage\":{\"@id\":\"https:\\\/\\\/digital58.com.ve\\\/site\\\/2023\\\/01\\\/31\\\/venezuela-instan-al-ejecutivo-a-emitir-decreto-de-emergencia-para-aumentar-ingreso-de-trabajadores\\\/\"},\"wordCount\":452,\"commentCount\":0,\"publisher\":{\"@id\":\"https:\\\/\\\/digital58.com.ve\\\/site\\\/#\\\/schema\\\/person\\\/64d1c2e4d0d4fd1b849980c4331c2951\"},\"image\":{\"@id\":\"https:\\\/\\\/digital58.com.ve\\\/site\\\/2023\\\/01\\\/31\\\/venezuela-instan-al-ejecutivo-a-emitir-decreto-de-emergencia-para-aumentar-ingreso-de-trabajadores\\\/#primaryimage\"},\"thumbnailUrl\":\"https:\\\/\\\/digital58.com.ve\\\/site\\\/wp-content\\\/uploads\\\/2023\\\/01\\\/c070a682-c3f9-4b6b-bbe0-e96413686812_w1080_h608.jpeg\",\"keywords\":[\"Aumento Salarial\",\"Caracas\",\"Conindustria\",\"Nacionales\",\"OIT\",\"Organizaci\u00f3n Internacional del Trabajo\",\"Salari\",\"Salario\",\"trabajadores\",\"Venezuela\"],\"articleSection\":[\"Venezuela\"],\"inLanguage\":\"es\",\"potentialAction\":[{\"@type\":\"CommentAction\",\"name\":\"Comment\",\"target\":[\"https:\\\/\\\/digital58.com.ve\\\/site\\\/2023\\\/01\\\/31\\\/venezuela-instan-al-ejecutivo-a-emitir-decreto-de-emergencia-para-aumentar-ingreso-de-trabajadores\\\/#respond\"]}]},{\"@type\":\"WebPage\",\"@id\":\"https:\\\/\\\/digital58.com.ve\\\/site\\\/2023\\\/01\\\/31\\\/venezuela-instan-al-ejecutivo-a-emitir-decreto-de-emergencia-para-aumentar-ingreso-de-trabajadores\\\/\",\"url\":\"https:\\\/\\\/digital58.com.ve\\\/site\\\/2023\\\/01\\\/31\\\/venezuela-instan-al-ejecutivo-a-emitir-decreto-de-emergencia-para-aumentar-ingreso-de-trabajadores\\\/\",\"name\":\"#Venezuela | Instan al Ejecutivo a emitir decreto de emergencia para aumentar ingreso de trabajadores\",\"isPartOf\":{\"@id\":\"https:\\\/\\\/digital58.com.ve\\\/site\\\/#website\"},\"primaryImageOfPage\":{\"@id\":\"https:\\\/\\\/digital58.com.ve\\\/site\\\/2023\\\/01\\\/31\\\/venezuela-instan-al-ejecutivo-a-emitir-decreto-de-emergencia-para-aumentar-ingreso-de-trabajadores\\\/#primaryimage\"},\"image\":{\"@id\":\"https:\\\/\\\/digital58.com.ve\\\/site\\\/2023\\\/01\\\/31\\\/venezuela-instan-al-ejecutivo-a-emitir-decreto-de-emergencia-para-aumentar-ingreso-de-trabajadores\\\/#primaryimage\"},\"thumbnailUrl\":\"https:\\\/\\\/digital58.com.ve\\\/site\\\/wp-content\\\/uploads\\\/2023\\\/01\\\/c070a682-c3f9-4b6b-bbe0-e96413686812_w1080_h608.jpeg\",\"datePublished\":\"2023-01-31T12:30:14+00:00\",\"breadcrumb\":{\"@id\":\"https:\\\/\\\/digital58.com.ve\\\/site\\\/2023\\\/01\\\/31\\\/venezuela-instan-al-ejecutivo-a-emitir-decreto-de-emergencia-para-aumentar-ingreso-de-trabajadores\\\/#breadcrumb\"},\"inLanguage\":\"es\",\"potentialAction\":[{\"@type\":\"ReadAction\",\"target\":[\"https:\\\/\\\/digital58.com.ve\\\/site\\\/2023\\\/01\\\/31\\\/venezuela-instan-al-ejecutivo-a-emitir-decreto-de-emergencia-para-aumentar-ingreso-de-trabajadores\\\/\"]}]},{\"@type\":\"ImageObject\",\"inLanguage\":\"es\",\"@id\":\"https:\\\/\\\/digital58.com.ve\\\/site\\\/2023\\\/01\\\/31\\\/venezuela-instan-al-ejecutivo-a-emitir-decreto-de-emergencia-para-aumentar-ingreso-de-trabajadores\\\/#primaryimage\",\"url\":\"https:\\\/\\\/digital58.com.ve\\\/site\\\/wp-content\\\/uploads\\\/2023\\\/01\\\/c070a682-c3f9-4b6b-bbe0-e96413686812_w1080_h608.jpeg\",\"contentUrl\":\"https:\\\/\\\/digital58.com.ve\\\/site\\\/wp-content\\\/uploads\\\/2023\\\/01\\\/c070a682-c3f9-4b6b-bbe0-e96413686812_w1080_h608.jpeg\",\"width\":800,\"height\":450},{\"@type\":\"BreadcrumbList\",\"@id\":\"https:\\\/\\\/digital58.com.ve\\\/site\\\/2023\\\/01\\\/31\\\/venezuela-instan-al-ejecutivo-a-emitir-decreto-de-emergencia-para-aumentar-ingreso-de-trabajadores\\\/#breadcrumb\",\"itemListElement\":[{\"@type\":\"ListItem\",\"position\":1,\"name\":\"Home\",\"item\":\"https:\\\/\\\/digital58.com.ve\\\/site\\\/\"},{\"@type\":\"ListItem\",\"position\":2,\"name\":\"#Venezuela | Instan al Ejecutivo a emitir decreto de emergencia para aumentar ingreso de trabajadores\"}]},{\"@type\":\"WebSite\",\"@id\":\"https:\\\/\\\/digital58.com.ve\\\/site\\\/#website\",\"url\":\"https:\\\/\\\/digital58.com.ve\\\/site\\\/\",\"name\":\"Noticias Digital58\",\"description\":\"Portal de Noticias \u00a1Periodismo web de verdad! Lanzamiento web 22.11.2005 \\\/ Maracaibo, Venezuela\",\"publisher\":{\"@id\":\"https:\\\/\\\/digital58.com.ve\\\/site\\\/#\\\/schema\\\/person\\\/64d1c2e4d0d4fd1b849980c4331c2951\"},\"alternateName\":\"ND58\",\"potentialAction\":[{\"@type\":\"SearchAction\",\"target\":{\"@type\":\"EntryPoint\",\"urlTemplate\":\"https:\\\/\\\/digital58.com.ve\\\/site\\\/?s={search_term_string}\"},\"query-input\":{\"@type\":\"PropertyValueSpecification\",\"valueRequired\":true,\"valueName\":\"search_term_string\"}}],\"inLanguage\":\"es\"},{\"@type\":[\"Person\",\"Organization\"],\"@id\":\"https:\\\/\\\/digital58.com.ve\\\/site\\\/#\\\/schema\\\/person\\\/64d1c2e4d0d4fd1b849980c4331c2951\",\"name\":\"Villasmil Henry\",\"image\":{\"@type\":\"ImageObject\",\"inLanguage\":\"es\",\"@id\":\"https:\\\/\\\/secure.gravatar.com\\\/avatar\\\/bb0c4a2fcb7970138239f7e404ea75757b1b507b28b5ce4c53fbd62d797c5a7c?s=96&d=mm&r=g\",\"url\":\"https:\\\/\\\/secure.gravatar.com\\\/avatar\\\/bb0c4a2fcb7970138239f7e404ea75757b1b507b28b5ce4c53fbd62d797c5a7c?s=96&d=mm&r=g\",\"contentUrl\":\"https:\\\/\\\/secure.gravatar.com\\\/avatar\\\/bb0c4a2fcb7970138239f7e404ea75757b1b507b28b5ce4c53fbd62d797c5a7c?s=96&d=mm&r=g\",\"caption\":\"Villasmil Henry\"},\"logo\":{\"@id\":\"https:\\\/\\\/secure.gravatar.com\\\/avatar\\\/bb0c4a2fcb7970138239f7e404ea75757b1b507b28b5ce4c53fbd62d797c5a7c?s=96&d=mm&r=g\"},\"sameAs\":[\"http:\\\/\\\/www.henryvillasmil.com.ve\",\"https:\\\/\\\/www.instagram.com\\\/villasmilhfoto\\\/\",\"https:\\\/\\\/x.com\\\/https:\\\/\\\/twitter.com\\\/villasmilhfoto\"]},{\"@type\":\"Person\",\"@id\":\"https:\\\/\\\/digital58.com.ve\\\/site\\\/#\\\/schema\\\/person\\\/38596b127602deaa13fbcd7585635238\",\"name\":\"Caren A\u00f1ez\",\"image\":{\"@type\":\"ImageObject\",\"inLanguage\":\"es\",\"@id\":\"https:\\\/\\\/secure.gravatar.com\\\/avatar\\\/53aadd693aa414991c9ff2f2b19c39be94d2c342463b80f5402d344911bc9782?s=96&d=mm&r=g\",\"url\":\"https:\\\/\\\/secure.gravatar.com\\\/avatar\\\/53aadd693aa414991c9ff2f2b19c39be94d2c342463b80f5402d344911bc9782?s=96&d=mm&r=g\",\"contentUrl\":\"https:\\\/\\\/secure.gravatar.com\\\/avatar\\\/53aadd693aa414991c9ff2f2b19c39be94d2c342463b80f5402d344911bc9782?s=96&d=mm&r=g\",\"caption\":\"Caren A\u00f1ez\"},\"description\":\"\ud83d\udc69\u200d\ud83c\udfa4Editora en @digital_58 \ud83d\udc69\ud83c\udffb\u200d\ud83c\udfebPeriodista musical y de entretenimiento. \ud83d\udcf8Fotografa \ud83d\udc69\ud83c\udffb\u200d\ud83d\udcbbMedia Management. \ud83d\udc69\u200d\ud83d\udc67\u200d\ud83d\udc67AspieMon 24\\\/7\",\"sameAs\":[\"https:\\\/\\\/www.instagram.com\\\/carenanez\\\/\",\"https:\\\/\\\/x.com\\\/carenanez\"],\"url\":\"https:\\\/\\\/digital58.com.ve\\\/site\\\/author\\\/carena21\\\/\"}]}<\/script>\n<!-- \/ Yoast SEO plugin. -->","yoast_head_json":{"title":"#Venezuela | Instan al Ejecutivo a emitir decreto de emergencia para aumentar ingreso de trabajadores","robots":{"index":"index","follow":"follow","max-snippet":"max-snippet:-1","max-image-preview":"max-image-preview:large","max-video-preview":"max-video-preview:-1"},"canonical":"https:\/\/digital58.com.ve\/site\/2023\/01\/31\/venezuela-instan-al-ejecutivo-a-emitir-decreto-de-emergencia-para-aumentar-ingreso-de-trabajadores\/","og_locale":"es_ES","og_type":"article","og_title":"#Venezuela | Instan al Ejecutivo a emitir decreto de emergencia para aumentar ingreso de trabajadores","og_url":"https:\/\/digital58.com.ve\/site\/2023\/01\/31\/venezuela-instan-al-ejecutivo-a-emitir-decreto-de-emergencia-para-aumentar-ingreso-de-trabajadores\/","og_site_name":"Noticias Digital58","article_published_time":"2023-01-31T12:30:14+00:00","og_image":[{"width":800,"height":450,"url":"https:\/\/i0.wp.com\/digital58.com.ve\/site\/wp-content\/uploads\/2023\/01\/c070a682-c3f9-4b6b-bbe0-e96413686812_w1080_h608.jpeg?fit=800%2C450&ssl=1","type":"image\/jpeg"}],"author":"Caren A\u00f1ez","twitter_card":"summary_large_image","twitter_creator":"@carenanez","twitter_site":"@villasmilhfoto","twitter_misc":{"Escrito por":"Caren A\u00f1ez","Tiempo estimado de lectura":"2 minutos"},"schema":{"@context":"https:\/\/schema.org","@graph":[{"@type":"Article","@id":"https:\/\/digital58.com.ve\/site\/2023\/01\/31\/venezuela-instan-al-ejecutivo-a-emitir-decreto-de-emergencia-para-aumentar-ingreso-de-trabajadores\/#article","isPartOf":{"@id":"https:\/\/digital58.com.ve\/site\/2023\/01\/31\/venezuela-instan-al-ejecutivo-a-emitir-decreto-de-emergencia-para-aumentar-ingreso-de-trabajadores\/"},"author":{"name":"Caren A\u00f1ez","@id":"https:\/\/digital58.com.ve\/site\/#\/schema\/person\/38596b127602deaa13fbcd7585635238"},"headline":"#Venezuela | Instan al Ejecutivo a emitir decreto de emergencia para aumentar ingreso de trabajadores","datePublished":"2023-01-31T12:30:14+00:00","mainEntityOfPage":{"@id":"https:\/\/digital58.com.ve\/site\/2023\/01\/31\/venezuela-instan-al-ejecutivo-a-emitir-decreto-de-emergencia-para-aumentar-ingreso-de-trabajadores\/"},"wordCount":452,"commentCount":0,"publisher":{"@id":"https:\/\/digital58.com.ve\/site\/#\/schema\/person\/64d1c2e4d0d4fd1b849980c4331c2951"},"image":{"@id":"https:\/\/digital58.com.ve\/site\/2023\/01\/31\/venezuela-instan-al-ejecutivo-a-emitir-decreto-de-emergencia-para-aumentar-ingreso-de-trabajadores\/#primaryimage"},"thumbnailUrl":"https:\/\/digital58.com.ve\/site\/wp-content\/uploads\/2023\/01\/c070a682-c3f9-4b6b-bbe0-e96413686812_w1080_h608.jpeg","keywords":["Aumento Salarial","Caracas","Conindustria","Nacionales","OIT","Organizaci\u00f3n Internacional del Trabajo","Salari","Salario","trabajadores","Venezuela"],"articleSection":["Venezuela"],"inLanguage":"es","potentialAction":[{"@type":"CommentAction","name":"Comment","target":["https:\/\/digital58.com.ve\/site\/2023\/01\/31\/venezuela-instan-al-ejecutivo-a-emitir-decreto-de-emergencia-para-aumentar-ingreso-de-trabajadores\/#respond"]}]},{"@type":"WebPage","@id":"https:\/\/digital58.com.ve\/site\/2023\/01\/31\/venezuela-instan-al-ejecutivo-a-emitir-decreto-de-emergencia-para-aumentar-ingreso-de-trabajadores\/","url":"https:\/\/digital58.com.ve\/site\/2023\/01\/31\/venezuela-instan-al-ejecutivo-a-emitir-decreto-de-emergencia-para-aumentar-ingreso-de-trabajadores\/","name":"#Venezuela | Instan al Ejecutivo a emitir decreto de emergencia para aumentar ingreso de trabajadores","isPartOf":{"@id":"https:\/\/digital58.com.ve\/site\/#website"},"primaryImageOfPage":{"@id":"https:\/\/digital58.com.ve\/site\/2023\/01\/31\/venezuela-instan-al-ejecutivo-a-emitir-decreto-de-emergencia-para-aumentar-ingreso-de-trabajadores\/#primaryimage"},"image":{"@id":"https:\/\/digital58.com.ve\/site\/2023\/01\/31\/venezuela-instan-al-ejecutivo-a-emitir-decreto-de-emergencia-para-aumentar-ingreso-de-trabajadores\/#primaryimage"},"thumbnailUrl":"https:\/\/digital58.com.ve\/site\/wp-content\/uploads\/2023\/01\/c070a682-c3f9-4b6b-bbe0-e96413686812_w1080_h608.jpeg","datePublished":"2023-01-31T12:30:14+00:00","breadcrumb":{"@id":"https:\/\/digital58.com.ve\/site\/2023\/01\/31\/venezuela-instan-al-ejecutivo-a-emitir-decreto-de-emergencia-para-aumentar-ingreso-de-trabajadores\/#breadcrumb"},"inLanguage":"es","potentialAction":[{"@type":"ReadAction","target":["https:\/\/digital58.com.ve\/site\/2023\/01\/31\/venezuela-instan-al-ejecutivo-a-emitir-decreto-de-emergencia-para-aumentar-ingreso-de-trabajadores\/"]}]},{"@type":"ImageObject","inLanguage":"es","@id":"https:\/\/digital58.com.ve\/site\/2023\/01\/31\/venezuela-instan-al-ejecutivo-a-emitir-decreto-de-emergencia-para-aumentar-ingreso-de-trabajadores\/#primaryimage","url":"https:\/\/digital58.com.ve\/site\/wp-content\/uploads\/2023\/01\/c070a682-c3f9-4b6b-bbe0-e96413686812_w1080_h608.jpeg","contentUrl":"https:\/\/digital58.com.ve\/site\/wp-content\/uploads\/2023\/01\/c070a682-c3f9-4b6b-bbe0-e96413686812_w1080_h608.jpeg","width":800,"height":450},{"@type":"BreadcrumbList","@id":"https:\/\/digital58.com.ve\/site\/2023\/01\/31\/venezuela-instan-al-ejecutivo-a-emitir-decreto-de-emergencia-para-aumentar-ingreso-de-trabajadores\/#breadcrumb","itemListElement":[{"@type":"ListItem","position":1,"name":"Home","item":"https:\/\/digital58.com.ve\/site\/"},{"@type":"ListItem","position":2,"name":"#Venezuela | Instan al Ejecutivo a emitir decreto de emergencia para aumentar ingreso de trabajadores"}]},{"@type":"WebSite","@id":"https:\/\/digital58.com.ve\/site\/#website","url":"https:\/\/digital58.com.ve\/site\/","name":"Noticias Digital58","description":"Portal de Noticias \u00a1Periodismo web de verdad! Lanzamiento web 22.11.2005 \/ Maracaibo, Venezuela","publisher":{"@id":"https:\/\/digital58.com.ve\/site\/#\/schema\/person\/64d1c2e4d0d4fd1b849980c4331c2951"},"alternateName":"ND58","potentialAction":[{"@type":"SearchAction","target":{"@type":"EntryPoint","urlTemplate":"https:\/\/digital58.com.ve\/site\/?s={search_term_string}"},"query-input":{"@type":"PropertyValueSpecification","valueRequired":true,"valueName":"search_term_string"}}],"inLanguage":"es"},{"@type":["Person","Organization"],"@id":"https:\/\/digital58.com.ve\/site\/#\/schema\/person\/64d1c2e4d0d4fd1b849980c4331c2951","name":"Villasmil Henry","image":{"@type":"ImageObject","inLanguage":"es","@id":"https:\/\/secure.gravatar.com\/avatar\/bb0c4a2fcb7970138239f7e404ea75757b1b507b28b5ce4c53fbd62d797c5a7c?s=96&d=mm&r=g","url":"https:\/\/secure.gravatar.com\/avatar\/bb0c4a2fcb7970138239f7e404ea75757b1b507b28b5ce4c53fbd62d797c5a7c?s=96&d=mm&r=g","contentUrl":"https:\/\/secure.gravatar.com\/avatar\/bb0c4a2fcb7970138239f7e404ea75757b1b507b28b5ce4c53fbd62d797c5a7c?s=96&d=mm&r=g","caption":"Villasmil Henry"},"logo":{"@id":"https:\/\/secure.gravatar.com\/avatar\/bb0c4a2fcb7970138239f7e404ea75757b1b507b28b5ce4c53fbd62d797c5a7c?s=96&d=mm&r=g"},"sameAs":["http:\/\/www.henryvillasmil.com.ve","https:\/\/www.instagram.com\/villasmilhfoto\/","https:\/\/x.com\/https:\/\/twitter.com\/villasmilhfoto"]},{"@type":"Person","@id":"https:\/\/digital58.com.ve\/site\/#\/schema\/person\/38596b127602deaa13fbcd7585635238","name":"Caren A\u00f1ez","image":{"@type":"ImageObject","inLanguage":"es","@id":"https:\/\/secure.gravatar.com\/avatar\/53aadd693aa414991c9ff2f2b19c39be94d2c342463b80f5402d344911bc9782?s=96&d=mm&r=g","url":"https:\/\/secure.gravatar.com\/avatar\/53aadd693aa414991c9ff2f2b19c39be94d2c342463b80f5402d344911bc9782?s=96&d=mm&r=g","contentUrl":"https:\/\/secure.gravatar.com\/avatar\/53aadd693aa414991c9ff2f2b19c39be94d2c342463b80f5402d344911bc9782?s=96&d=mm&r=g","caption":"Caren A\u00f1ez"},"description":"\ud83d\udc69\u200d\ud83c\udfa4Editora en @digital_58 \ud83d\udc69\ud83c\udffb\u200d\ud83c\udfebPeriodista musical y de entretenimiento. \ud83d\udcf8Fotografa \ud83d\udc69\ud83c\udffb\u200d\ud83d\udcbbMedia Management. \ud83d\udc69\u200d\ud83d\udc67\u200d\ud83d\udc67AspieMon 24\/7","sameAs":["https:\/\/www.instagram.com\/carenanez\/","https:\/\/x.com\/carenanez"],"url":"https:\/\/digital58.com.ve\/site\/author\/carena21\/"}]}},"uagb_featured_image_src":{"full":["https:\/\/digital58.com.ve\/site\/wp-content\/uploads\/2023\/01\/c070a682-c3f9-4b6b-bbe0-e96413686812_w1080_h608.jpeg",800,450,false],"thumbnail":["https:\/\/digital58.com.ve\/site\/wp-content\/uploads\/2023\/01\/c070a682-c3f9-4b6b-bbe0-e96413686812_w1080_h608-150x150.jpeg",150,150,true],"medium":["https:\/\/digital58.com.ve\/site\/wp-content\/uploads\/2023\/01\/c070a682-c3f9-4b6b-bbe0-e96413686812_w1080_h608-300x169.jpeg",300,169,true],"medium_large":["https:\/\/digital58.com.ve\/site\/wp-content\/uploads\/2023\/01\/c070a682-c3f9-4b6b-bbe0-e96413686812_w1080_h608-768x432.jpeg",768,432,true],"large":["https:\/\/digital58.com.ve\/site\/wp-content\/uploads\/2023\/01\/c070a682-c3f9-4b6b-bbe0-e96413686812_w1080_h608.jpeg",800,450,false],"1536x1536":["https:\/\/digital58.com.ve\/site\/wp-content\/uploads\/2023\/01\/c070a682-c3f9-4b6b-bbe0-e96413686812_w1080_h608.jpeg",800,450,false],"2048x2048":["https:\/\/digital58.com.ve\/site\/wp-content\/uploads\/2023\/01\/c070a682-c3f9-4b6b-bbe0-e96413686812_w1080_h608.jpeg",800,450,false],"colormag-highlighted-post":["https:\/\/digital58.com.ve\/site\/wp-content\/uploads\/2023\/01\/c070a682-c3f9-4b6b-bbe0-e96413686812_w1080_h608-392x272.jpeg",392,272,true],"colormag-featured-post-medium":["https:\/\/digital58.com.ve\/site\/wp-content\/uploads\/2023\/01\/c070a682-c3f9-4b6b-bbe0-e96413686812_w1080_h608-390x205.jpeg",390,205,true],"colormag-featured-post-small":["https:\/\/digital58.com.ve\/site\/wp-content\/uploads\/2023\/01\/c070a682-c3f9-4b6b-bbe0-e96413686812_w1080_h608-130x90.jpeg",130,90,true],"colormag-featured-image":["https:\/\/digital58.com.ve\/site\/wp-content\/uploads\/2023\/01\/c070a682-c3f9-4b6b-bbe0-e96413686812_w1080_h608-800x445.jpeg",800,445,true],"colormag-default-news":["https:\/\/digital58.com.ve\/site\/wp-content\/uploads\/2023\/01\/c070a682-c3f9-4b6b-bbe0-e96413686812_w1080_h608.jpeg",150,84,false],"colormag-featured-image-large":["https:\/\/digital58.com.ve\/site\/wp-content\/uploads\/2023\/01\/c070a682-c3f9-4b6b-bbe0-e96413686812_w1080_h608.jpeg",800,450,false]},"uagb_author_info":{"display_name":"Caren A\u00f1ez","author_link":"https:\/\/digital58.com.ve\/site\/author\/carena21\/"},"uagb_comment_info":0,"uagb_excerpt":"La Organizaci\u00f3n Internacional del Trabajo (OIT) lleg\u00f3 a Venezuela para hacer un seguimiento del cumplimiento del cronograma de reuniones sobre","_links":{"self":[{"href":"https:\/\/digital58.com.ve\/site\/wp-json\/wp\/v2\/posts\/162303","targetHints":{"allow":["GET"]}}],"collection":[{"href":"https:\/\/digital58.com.ve\/site\/wp-json\/wp\/v2\/posts"}],"about":[{"href":"https:\/\/digital58.com.ve\/site\/wp-json\/wp\/v2\/types\/post"}],"author":[{"embeddable":true,"href":"https:\/\/digital58.com.ve\/site\/wp-json\/wp\/v2\/users\/39"}],"replies":[{"embeddable":true,"href":"https:\/\/digital58.com.ve\/site\/wp-json\/wp\/v2\/comments?post=162303"}],"version-history":[{"count":0,"href":"https:\/\/digital58.com.ve\/site\/wp-json\/wp\/v2\/posts\/162303\/revisions"}],"wp:featuredmedia":[{"embeddable":true,"href":"https:\/\/digital58.com.ve\/site\/wp-json\/wp\/v2\/media\/162304"}],"wp:attachment":[{"href":"https:\/\/digital58.com.ve\/site\/wp-json\/wp\/v2\/media?parent=162303"}],"wp:term":[{"taxonomy":"category","embeddable":true,"href":"https:\/\/digital58.com.ve\/site\/wp-json\/wp\/v2\/categories?post=162303"},{"taxonomy":"post_tag","embeddable":true,"href":"https:\/\/digital58.com.ve\/site\/wp-json\/wp\/v2\/tags?post=162303"}],"curies":[{"name":"wp","href":"https:\/\/api.w.org\/{rel}","templated":true}]}}