{"id":162565,"date":"2023-02-06T11:32:31","date_gmt":"2023-02-06T15:32:31","guid":{"rendered":"https:\/\/digital58.com.ve\/site\/?p=162565"},"modified":"2023-02-06T14:03:38","modified_gmt":"2023-02-06T18:03:38","slug":"viola-davis-se-une-al-grupo-de-artistas-egot-tras-ganar-un-grammy","status":"publish","type":"post","link":"https:\/\/digital58.com.ve\/site\/2023\/02\/06\/viola-davis-se-une-al-grupo-de-artistas-egot-tras-ganar-un-grammy\/","title":{"rendered":"Viola Davis se une al grupo de artistas EGOT tras ganar un Grammy"},"content":{"rendered":"<p><img loading=\"lazy\" decoding=\"async\" class=\"size-large wp-image-162567 aligncenter\" src=\"https:\/\/digital58.com.ve\/site\/wp-content\/uploads\/2023\/02\/GettyImages-1463280844-1000x563.webp\" alt=\"\" width=\"800\" height=\"450\" srcset=\"https:\/\/digital58.com.ve\/site\/wp-content\/uploads\/2023\/02\/GettyImages-1463280844-1000x563.webp 1000w, https:\/\/digital58.com.ve\/site\/wp-content\/uploads\/2023\/02\/GettyImages-1463280844-300x169.webp 300w, https:\/\/digital58.com.ve\/site\/wp-content\/uploads\/2023\/02\/GettyImages-1463280844-768x433.webp 768w, https:\/\/digital58.com.ve\/site\/wp-content\/uploads\/2023\/02\/GettyImages-1463280844.webp 1296w\" sizes=\"auto, (max-width: 800px) 100vw, 800px\" \/><\/p>\n<p>La actriz estadounidense Viola Davis gan\u00f3 este domingo un Grammy en la categor\u00eda a mejor \u00e1lbum hablado y gracias a dicho reconocimiento se ha convertido en un miembro m\u00e1s del selecto grupo de los EGOT, artistas que han conseguido un Emmy, un Oscar, un Grammy y un Tony.<\/p>\n<p><strong>Los Angeles, California, EE.UU., 06 de febrero de 2023 (ND58).- <\/strong>Esta es la primera vez que la actriz hab\u00eda sido nominada a un premio de la Academia de la Grabaci\u00f3n y sali\u00f3 triunfadora gracias a su narraci\u00f3n en el audiolibro Finding me.<\/p>\n<p>Los Grammy, que reconocen a las mejores composiciones y grabaciones musicales producidas entre octubre de 2021 y septiembre de 2022, tambi\u00e9n reconocen las grabaciones habladas.<\/p>\n<blockquote class=\"twitter-tweet\">\n<p dir=\"ltr\" lang=\"en\">Viola Davis has achieved EGOT (Emmy, Grammy, Oscar, and Tony) status. \u00abIt has been such a journey, I just EGOT!\u00bb <a href=\"https:\/\/t.co\/YYj4MMJvRg\">pic.twitter.com\/YYj4MMJvRg<\/a><\/p>\n<p>\u2014 philip lewis (@Phil_Lewis_) <a href=\"https:\/\/twitter.com\/Phil_Lewis_\/status\/1622349725159538690?ref_src=twsrc%5Etfw\">February 5, 2023<\/a><\/p><\/blockquote>\n<p>Viola Davis, de 57 a\u00f1os de edad, se hizo con el Oscar de mejor actriz de reparto en 2017 por su trabajo en Fences y el premio Emmy lo obtuvo por su actuaci\u00f3n en la serie How To Get Away With Murder.<\/p>\n<p><strong>King Hedley II y Fences<\/strong><br \/>\nHa ganado dos veces un Tony, que reconoce lo mejor del teatro, por sus interpretaciones en trabajos como King Hedley II y Fences.<\/p>\n<p>La actriz recibi\u00f3 su premio en la pregala de los Grammy, que tras dos a\u00f1os de celebraciones inusuales por la pandemia, regresaron este domingo a la normalidad en su sede en Los \u00c1ngeles.<\/p>\n<p class=\"p1\"><b>Redacci\u00f3n ND58 | Agencias\u00a0<\/b><br \/>\n<b>Edici\u00f3n: \u00c1\u00f1ez, Caren\u00a0<\/b><br \/>\n<b>Gr\u00e1fica: Cortes\u00eda <\/b><\/p>\n<p>&nbsp;<\/p>\n<p>&nbsp;<\/p><div class=\"tokta69ee5247b0553\" ><p style=\"text-align: center;\"><a href=\"https:\/\/t.me\/noticiasdigital58\" target=\"_blank\" rel=\"noopener\"><img class=\"aligncenter size-full wp-image-125363\" src=\"https:\/\/digital58.com.ve\/site\/wp-content\/uploads\/2021\/04\/banner-telegram-web-2021.png\" alt=\"\" width=\"600\" height=\"90\" \/><\/a><\/p><\/div><style type=\"text\/css\">\r\n@media screen and (min-width: 1201px) {\r\n.tokta69ee5247b0553 {\r\ndisplay: block;\r\n}\r\n}\r\n@media screen and (min-width: 993px) and (max-width: 1200px) {\r\n.tokta69ee5247b0553 {\r\ndisplay: block;\r\n}\r\n}\r\n@media screen and (min-width: 769px) and (max-width: 992px) {\r\n.tokta69ee5247b0553 {\r\ndisplay: block;\r\n}\r\n}\r\n@media screen and (min-width: 768px) and (max-width: 768px) {\r\n.tokta69ee5247b0553 {\r\ndisplay: block;\r\n}\r\n}\r\n@media screen and (max-width: 767px) {\r\n.tokta69ee5247b0553 {\r\ndisplay: block;\r\n}\r\n}\r\n<\/style>\r\n\n<p>&nbsp;<\/p>\n<div style=\"margin-top: 0px; margin-bottom: 0px;\" class=\"sharethis-inline-share-buttons\" ><\/div>","protected":false},"excerpt":{"rendered":"<p>La actriz estadounidense Viola Davis gan\u00f3 este domingo un Grammy en la categor\u00eda a mejor \u00e1lbum hablado y gracias a<\/p>\n","protected":false},"author":39,"featured_media":162566,"comment_status":"open","ping_status":"closed","sticky":false,"template":"","format":"standard","meta":{"colormag_page_container_layout":"default_layout","colormag_page_sidebar_layout":"default_layout","_uag_custom_page_level_css":"","footnotes":""},"categories":[1],"tags":[1836,46,30416,6894,50,273,30419,12434,8,1460,9445,96,5847,30418,30405,30417],"class_list":["post-162565","post","type-post","status-publish","format-standard","has-post-thumbnail","hentry","category-fama","tag-actrices","tag-cine","tag-egot","tag-emmy","tag-entretenimiento","tag-farandula","tag-ganadora","tag-grammys","tag-internacionales","tag-los-angeles","tag-oscar","tag-teatro","tag-television","tag-tony","tag-united-states","tag-viola-davis"],"yoast_head":"<!-- This site is optimized with the Yoast SEO plugin v27.4 - https:\/\/yoast.com\/product\/yoast-seo-wordpress\/ -->\n<title>Viola Davis se une al grupo de artistas EGOT tras ganar un Grammy<\/title>\n<meta name=\"robots\" content=\"index, follow, max-snippet:-1, max-image-preview:large, max-video-preview:-1\" \/>\n<link rel=\"canonical\" href=\"https:\/\/digital58.com.ve\/site\/2023\/02\/06\/viola-davis-se-une-al-grupo-de-artistas-egot-tras-ganar-un-grammy\/\" \/>\n<meta property=\"og:locale\" content=\"es_ES\" \/>\n<meta property=\"og:type\" content=\"article\" \/>\n<meta property=\"og:title\" content=\"Viola Davis se une al grupo de artistas EGOT tras ganar un Grammy\" \/>\n<meta property=\"og:url\" content=\"https:\/\/digital58.com.ve\/site\/2023\/02\/06\/viola-davis-se-une-al-grupo-de-artistas-egot-tras-ganar-un-grammy\/\" \/>\n<meta property=\"og:site_name\" content=\"Noticias Digital58\" \/>\n<meta property=\"article:published_time\" content=\"2023-02-06T15:32:31+00:00\" \/>\n<meta property=\"article:modified_time\" content=\"2023-02-06T18:03:38+00:00\" \/>\n<meta property=\"og:image\" content=\"https:\/\/i0.wp.com\/digital58.com.ve\/site\/wp-content\/uploads\/2023\/02\/Viola-Davis-020523-2000-d01bca1e01114329ae69ddf80a54e5f0.jpeg?fit=800%2C534&ssl=1\" \/>\n\t<meta property=\"og:image:width\" content=\"800\" \/>\n\t<meta property=\"og:image:height\" content=\"534\" \/>\n\t<meta property=\"og:image:type\" content=\"image\/jpeg\" \/>\n<meta name=\"author\" content=\"Caren A\u00f1ez\" \/>\n<meta name=\"twitter:card\" content=\"summary_large_image\" \/>\n<meta name=\"twitter:creator\" content=\"@carenanez\" \/>\n<meta name=\"twitter:site\" content=\"@villasmilhfoto\" \/>\n<meta name=\"twitter:label1\" content=\"Escrito por\" \/>\n\t<meta name=\"twitter:data1\" content=\"Caren A\u00f1ez\" \/>\n\t<meta name=\"twitter:label2\" content=\"Tiempo estimado de lectura\" \/>\n\t<meta name=\"twitter:data2\" content=\"1 minuto\" \/>\n<script type=\"application\/ld+json\" class=\"yoast-schema-graph\">{\"@context\":\"https:\\\/\\\/schema.org\",\"@graph\":[{\"@type\":\"Article\",\"@id\":\"https:\\\/\\\/digital58.com.ve\\\/site\\\/2023\\\/02\\\/06\\\/viola-davis-se-une-al-grupo-de-artistas-egot-tras-ganar-un-grammy\\\/#article\",\"isPartOf\":{\"@id\":\"https:\\\/\\\/digital58.com.ve\\\/site\\\/2023\\\/02\\\/06\\\/viola-davis-se-une-al-grupo-de-artistas-egot-tras-ganar-un-grammy\\\/\"},\"author\":{\"name\":\"Caren A\u00f1ez\",\"@id\":\"https:\\\/\\\/digital58.com.ve\\\/site\\\/#\\\/schema\\\/person\\\/38596b127602deaa13fbcd7585635238\"},\"headline\":\"Viola Davis se une al grupo de artistas EGOT tras ganar un Grammy\",\"datePublished\":\"2023-02-06T15:32:31+00:00\",\"dateModified\":\"2023-02-06T18:03:38+00:00\",\"mainEntityOfPage\":{\"@id\":\"https:\\\/\\\/digital58.com.ve\\\/site\\\/2023\\\/02\\\/06\\\/viola-davis-se-une-al-grupo-de-artistas-egot-tras-ganar-un-grammy\\\/\"},\"wordCount\":281,\"commentCount\":0,\"publisher\":{\"@id\":\"https:\\\/\\\/digital58.com.ve\\\/site\\\/#\\\/schema\\\/person\\\/64d1c2e4d0d4fd1b849980c4331c2951\"},\"image\":{\"@id\":\"https:\\\/\\\/digital58.com.ve\\\/site\\\/2023\\\/02\\\/06\\\/viola-davis-se-une-al-grupo-de-artistas-egot-tras-ganar-un-grammy\\\/#primaryimage\"},\"thumbnailUrl\":\"https:\\\/\\\/digital58.com.ve\\\/site\\\/wp-content\\\/uploads\\\/2023\\\/02\\\/Viola-Davis-020523-2000-d01bca1e01114329ae69ddf80a54e5f0.jpeg\",\"keywords\":[\"Actrices\",\"Cine\",\"EGOT\",\"Emmy\",\"Entretenimiento\",\"Far\u00e1ndula\",\"ganadora\",\"Grammys\",\"Internacionales\",\"Los \u00c1ngeles\",\"Oscar\",\"Teatro\",\"televisi\u00f3n\",\"Tony\",\"United States\",\"Viola Davis\"],\"articleSection\":[\"Fama\"],\"inLanguage\":\"es\",\"potentialAction\":[{\"@type\":\"CommentAction\",\"name\":\"Comment\",\"target\":[\"https:\\\/\\\/digital58.com.ve\\\/site\\\/2023\\\/02\\\/06\\\/viola-davis-se-une-al-grupo-de-artistas-egot-tras-ganar-un-grammy\\\/#respond\"]}]},{\"@type\":\"WebPage\",\"@id\":\"https:\\\/\\\/digital58.com.ve\\\/site\\\/2023\\\/02\\\/06\\\/viola-davis-se-une-al-grupo-de-artistas-egot-tras-ganar-un-grammy\\\/\",\"url\":\"https:\\\/\\\/digital58.com.ve\\\/site\\\/2023\\\/02\\\/06\\\/viola-davis-se-une-al-grupo-de-artistas-egot-tras-ganar-un-grammy\\\/\",\"name\":\"Viola Davis se une al grupo de artistas EGOT tras ganar un Grammy\",\"isPartOf\":{\"@id\":\"https:\\\/\\\/digital58.com.ve\\\/site\\\/#website\"},\"primaryImageOfPage\":{\"@id\":\"https:\\\/\\\/digital58.com.ve\\\/site\\\/2023\\\/02\\\/06\\\/viola-davis-se-une-al-grupo-de-artistas-egot-tras-ganar-un-grammy\\\/#primaryimage\"},\"image\":{\"@id\":\"https:\\\/\\\/digital58.com.ve\\\/site\\\/2023\\\/02\\\/06\\\/viola-davis-se-une-al-grupo-de-artistas-egot-tras-ganar-un-grammy\\\/#primaryimage\"},\"thumbnailUrl\":\"https:\\\/\\\/digital58.com.ve\\\/site\\\/wp-content\\\/uploads\\\/2023\\\/02\\\/Viola-Davis-020523-2000-d01bca1e01114329ae69ddf80a54e5f0.jpeg\",\"datePublished\":\"2023-02-06T15:32:31+00:00\",\"dateModified\":\"2023-02-06T18:03:38+00:00\",\"breadcrumb\":{\"@id\":\"https:\\\/\\\/digital58.com.ve\\\/site\\\/2023\\\/02\\\/06\\\/viola-davis-se-une-al-grupo-de-artistas-egot-tras-ganar-un-grammy\\\/#breadcrumb\"},\"inLanguage\":\"es\",\"potentialAction\":[{\"@type\":\"ReadAction\",\"target\":[\"https:\\\/\\\/digital58.com.ve\\\/site\\\/2023\\\/02\\\/06\\\/viola-davis-se-une-al-grupo-de-artistas-egot-tras-ganar-un-grammy\\\/\"]}]},{\"@type\":\"ImageObject\",\"inLanguage\":\"es\",\"@id\":\"https:\\\/\\\/digital58.com.ve\\\/site\\\/2023\\\/02\\\/06\\\/viola-davis-se-une-al-grupo-de-artistas-egot-tras-ganar-un-grammy\\\/#primaryimage\",\"url\":\"https:\\\/\\\/digital58.com.ve\\\/site\\\/wp-content\\\/uploads\\\/2023\\\/02\\\/Viola-Davis-020523-2000-d01bca1e01114329ae69ddf80a54e5f0.jpeg\",\"contentUrl\":\"https:\\\/\\\/digital58.com.ve\\\/site\\\/wp-content\\\/uploads\\\/2023\\\/02\\\/Viola-Davis-020523-2000-d01bca1e01114329ae69ddf80a54e5f0.jpeg\",\"width\":800,\"height\":534},{\"@type\":\"BreadcrumbList\",\"@id\":\"https:\\\/\\\/digital58.com.ve\\\/site\\\/2023\\\/02\\\/06\\\/viola-davis-se-une-al-grupo-de-artistas-egot-tras-ganar-un-grammy\\\/#breadcrumb\",\"itemListElement\":[{\"@type\":\"ListItem\",\"position\":1,\"name\":\"Home\",\"item\":\"https:\\\/\\\/digital58.com.ve\\\/site\\\/\"},{\"@type\":\"ListItem\",\"position\":2,\"name\":\"Viola Davis se une al grupo de artistas EGOT tras ganar un Grammy\"}]},{\"@type\":\"WebSite\",\"@id\":\"https:\\\/\\\/digital58.com.ve\\\/site\\\/#website\",\"url\":\"https:\\\/\\\/digital58.com.ve\\\/site\\\/\",\"name\":\"Noticias Digital58\",\"description\":\"Portal de Noticias \u00a1Periodismo web de verdad! Lanzamiento web 22.11.2005 \\\/ Maracaibo, Venezuela\",\"publisher\":{\"@id\":\"https:\\\/\\\/digital58.com.ve\\\/site\\\/#\\\/schema\\\/person\\\/64d1c2e4d0d4fd1b849980c4331c2951\"},\"alternateName\":\"ND58\",\"potentialAction\":[{\"@type\":\"SearchAction\",\"target\":{\"@type\":\"EntryPoint\",\"urlTemplate\":\"https:\\\/\\\/digital58.com.ve\\\/site\\\/?s={search_term_string}\"},\"query-input\":{\"@type\":\"PropertyValueSpecification\",\"valueRequired\":true,\"valueName\":\"search_term_string\"}}],\"inLanguage\":\"es\"},{\"@type\":[\"Person\",\"Organization\"],\"@id\":\"https:\\\/\\\/digital58.com.ve\\\/site\\\/#\\\/schema\\\/person\\\/64d1c2e4d0d4fd1b849980c4331c2951\",\"name\":\"Villasmil Henry\",\"image\":{\"@type\":\"ImageObject\",\"inLanguage\":\"es\",\"@id\":\"https:\\\/\\\/secure.gravatar.com\\\/avatar\\\/bb0c4a2fcb7970138239f7e404ea75757b1b507b28b5ce4c53fbd62d797c5a7c?s=96&d=mm&r=g\",\"url\":\"https:\\\/\\\/secure.gravatar.com\\\/avatar\\\/bb0c4a2fcb7970138239f7e404ea75757b1b507b28b5ce4c53fbd62d797c5a7c?s=96&d=mm&r=g\",\"contentUrl\":\"https:\\\/\\\/secure.gravatar.com\\\/avatar\\\/bb0c4a2fcb7970138239f7e404ea75757b1b507b28b5ce4c53fbd62d797c5a7c?s=96&d=mm&r=g\",\"caption\":\"Villasmil Henry\"},\"logo\":{\"@id\":\"https:\\\/\\\/secure.gravatar.com\\\/avatar\\\/bb0c4a2fcb7970138239f7e404ea75757b1b507b28b5ce4c53fbd62d797c5a7c?s=96&d=mm&r=g\"},\"sameAs\":[\"http:\\\/\\\/www.henryvillasmil.com.ve\",\"https:\\\/\\\/www.instagram.com\\\/villasmilhfoto\\\/\",\"https:\\\/\\\/x.com\\\/https:\\\/\\\/twitter.com\\\/villasmilhfoto\"]},{\"@type\":\"Person\",\"@id\":\"https:\\\/\\\/digital58.com.ve\\\/site\\\/#\\\/schema\\\/person\\\/38596b127602deaa13fbcd7585635238\",\"name\":\"Caren A\u00f1ez\",\"image\":{\"@type\":\"ImageObject\",\"inLanguage\":\"es\",\"@id\":\"https:\\\/\\\/secure.gravatar.com\\\/avatar\\\/53aadd693aa414991c9ff2f2b19c39be94d2c342463b80f5402d344911bc9782?s=96&d=mm&r=g\",\"url\":\"https:\\\/\\\/secure.gravatar.com\\\/avatar\\\/53aadd693aa414991c9ff2f2b19c39be94d2c342463b80f5402d344911bc9782?s=96&d=mm&r=g\",\"contentUrl\":\"https:\\\/\\\/secure.gravatar.com\\\/avatar\\\/53aadd693aa414991c9ff2f2b19c39be94d2c342463b80f5402d344911bc9782?s=96&d=mm&r=g\",\"caption\":\"Caren A\u00f1ez\"},\"description\":\"\ud83d\udc69\u200d\ud83c\udfa4Editora en @digital_58 \ud83d\udc69\ud83c\udffb\u200d\ud83c\udfebPeriodista musical y de entretenimiento. \ud83d\udcf8Fotografa \ud83d\udc69\ud83c\udffb\u200d\ud83d\udcbbMedia Management. \ud83d\udc69\u200d\ud83d\udc67\u200d\ud83d\udc67AspieMon 24\\\/7\",\"sameAs\":[\"https:\\\/\\\/www.instagram.com\\\/carenanez\\\/\",\"https:\\\/\\\/x.com\\\/carenanez\"],\"url\":\"https:\\\/\\\/digital58.com.ve\\\/site\\\/author\\\/carena21\\\/\"}]}<\/script>\n<!-- \/ Yoast SEO plugin. -->","yoast_head_json":{"title":"Viola Davis se une al grupo de artistas EGOT tras ganar un Grammy","robots":{"index":"index","follow":"follow","max-snippet":"max-snippet:-1","max-image-preview":"max-image-preview:large","max-video-preview":"max-video-preview:-1"},"canonical":"https:\/\/digital58.com.ve\/site\/2023\/02\/06\/viola-davis-se-une-al-grupo-de-artistas-egot-tras-ganar-un-grammy\/","og_locale":"es_ES","og_type":"article","og_title":"Viola Davis se une al grupo de artistas EGOT tras ganar un Grammy","og_url":"https:\/\/digital58.com.ve\/site\/2023\/02\/06\/viola-davis-se-une-al-grupo-de-artistas-egot-tras-ganar-un-grammy\/","og_site_name":"Noticias Digital58","article_published_time":"2023-02-06T15:32:31+00:00","article_modified_time":"2023-02-06T18:03:38+00:00","og_image":[{"width":800,"height":534,"url":"https:\/\/i0.wp.com\/digital58.com.ve\/site\/wp-content\/uploads\/2023\/02\/Viola-Davis-020523-2000-d01bca1e01114329ae69ddf80a54e5f0.jpeg?fit=800%2C534&ssl=1","type":"image\/jpeg"}],"author":"Caren A\u00f1ez","twitter_card":"summary_large_image","twitter_creator":"@carenanez","twitter_site":"@villasmilhfoto","twitter_misc":{"Escrito por":"Caren A\u00f1ez","Tiempo estimado de lectura":"1 minuto"},"schema":{"@context":"https:\/\/schema.org","@graph":[{"@type":"Article","@id":"https:\/\/digital58.com.ve\/site\/2023\/02\/06\/viola-davis-se-une-al-grupo-de-artistas-egot-tras-ganar-un-grammy\/#article","isPartOf":{"@id":"https:\/\/digital58.com.ve\/site\/2023\/02\/06\/viola-davis-se-une-al-grupo-de-artistas-egot-tras-ganar-un-grammy\/"},"author":{"name":"Caren A\u00f1ez","@id":"https:\/\/digital58.com.ve\/site\/#\/schema\/person\/38596b127602deaa13fbcd7585635238"},"headline":"Viola Davis se une al grupo de artistas EGOT tras ganar un Grammy","datePublished":"2023-02-06T15:32:31+00:00","dateModified":"2023-02-06T18:03:38+00:00","mainEntityOfPage":{"@id":"https:\/\/digital58.com.ve\/site\/2023\/02\/06\/viola-davis-se-une-al-grupo-de-artistas-egot-tras-ganar-un-grammy\/"},"wordCount":281,"commentCount":0,"publisher":{"@id":"https:\/\/digital58.com.ve\/site\/#\/schema\/person\/64d1c2e4d0d4fd1b849980c4331c2951"},"image":{"@id":"https:\/\/digital58.com.ve\/site\/2023\/02\/06\/viola-davis-se-une-al-grupo-de-artistas-egot-tras-ganar-un-grammy\/#primaryimage"},"thumbnailUrl":"https:\/\/digital58.com.ve\/site\/wp-content\/uploads\/2023\/02\/Viola-Davis-020523-2000-d01bca1e01114329ae69ddf80a54e5f0.jpeg","keywords":["Actrices","Cine","EGOT","Emmy","Entretenimiento","Far\u00e1ndula","ganadora","Grammys","Internacionales","Los \u00c1ngeles","Oscar","Teatro","televisi\u00f3n","Tony","United States","Viola Davis"],"articleSection":["Fama"],"inLanguage":"es","potentialAction":[{"@type":"CommentAction","name":"Comment","target":["https:\/\/digital58.com.ve\/site\/2023\/02\/06\/viola-davis-se-une-al-grupo-de-artistas-egot-tras-ganar-un-grammy\/#respond"]}]},{"@type":"WebPage","@id":"https:\/\/digital58.com.ve\/site\/2023\/02\/06\/viola-davis-se-une-al-grupo-de-artistas-egot-tras-ganar-un-grammy\/","url":"https:\/\/digital58.com.ve\/site\/2023\/02\/06\/viola-davis-se-une-al-grupo-de-artistas-egot-tras-ganar-un-grammy\/","name":"Viola Davis se une al grupo de artistas EGOT tras ganar un Grammy","isPartOf":{"@id":"https:\/\/digital58.com.ve\/site\/#website"},"primaryImageOfPage":{"@id":"https:\/\/digital58.com.ve\/site\/2023\/02\/06\/viola-davis-se-une-al-grupo-de-artistas-egot-tras-ganar-un-grammy\/#primaryimage"},"image":{"@id":"https:\/\/digital58.com.ve\/site\/2023\/02\/06\/viola-davis-se-une-al-grupo-de-artistas-egot-tras-ganar-un-grammy\/#primaryimage"},"thumbnailUrl":"https:\/\/digital58.com.ve\/site\/wp-content\/uploads\/2023\/02\/Viola-Davis-020523-2000-d01bca1e01114329ae69ddf80a54e5f0.jpeg","datePublished":"2023-02-06T15:32:31+00:00","dateModified":"2023-02-06T18:03:38+00:00","breadcrumb":{"@id":"https:\/\/digital58.com.ve\/site\/2023\/02\/06\/viola-davis-se-une-al-grupo-de-artistas-egot-tras-ganar-un-grammy\/#breadcrumb"},"inLanguage":"es","potentialAction":[{"@type":"ReadAction","target":["https:\/\/digital58.com.ve\/site\/2023\/02\/06\/viola-davis-se-une-al-grupo-de-artistas-egot-tras-ganar-un-grammy\/"]}]},{"@type":"ImageObject","inLanguage":"es","@id":"https:\/\/digital58.com.ve\/site\/2023\/02\/06\/viola-davis-se-une-al-grupo-de-artistas-egot-tras-ganar-un-grammy\/#primaryimage","url":"https:\/\/digital58.com.ve\/site\/wp-content\/uploads\/2023\/02\/Viola-Davis-020523-2000-d01bca1e01114329ae69ddf80a54e5f0.jpeg","contentUrl":"https:\/\/digital58.com.ve\/site\/wp-content\/uploads\/2023\/02\/Viola-Davis-020523-2000-d01bca1e01114329ae69ddf80a54e5f0.jpeg","width":800,"height":534},{"@type":"BreadcrumbList","@id":"https:\/\/digital58.com.ve\/site\/2023\/02\/06\/viola-davis-se-une-al-grupo-de-artistas-egot-tras-ganar-un-grammy\/#breadcrumb","itemListElement":[{"@type":"ListItem","position":1,"name":"Home","item":"https:\/\/digital58.com.ve\/site\/"},{"@type":"ListItem","position":2,"name":"Viola Davis se une al grupo de artistas EGOT tras ganar un Grammy"}]},{"@type":"WebSite","@id":"https:\/\/digital58.com.ve\/site\/#website","url":"https:\/\/digital58.com.ve\/site\/","name":"Noticias Digital58","description":"Portal de Noticias \u00a1Periodismo web de verdad! Lanzamiento web 22.11.2005 \/ Maracaibo, Venezuela","publisher":{"@id":"https:\/\/digital58.com.ve\/site\/#\/schema\/person\/64d1c2e4d0d4fd1b849980c4331c2951"},"alternateName":"ND58","potentialAction":[{"@type":"SearchAction","target":{"@type":"EntryPoint","urlTemplate":"https:\/\/digital58.com.ve\/site\/?s={search_term_string}"},"query-input":{"@type":"PropertyValueSpecification","valueRequired":true,"valueName":"search_term_string"}}],"inLanguage":"es"},{"@type":["Person","Organization"],"@id":"https:\/\/digital58.com.ve\/site\/#\/schema\/person\/64d1c2e4d0d4fd1b849980c4331c2951","name":"Villasmil Henry","image":{"@type":"ImageObject","inLanguage":"es","@id":"https:\/\/secure.gravatar.com\/avatar\/bb0c4a2fcb7970138239f7e404ea75757b1b507b28b5ce4c53fbd62d797c5a7c?s=96&d=mm&r=g","url":"https:\/\/secure.gravatar.com\/avatar\/bb0c4a2fcb7970138239f7e404ea75757b1b507b28b5ce4c53fbd62d797c5a7c?s=96&d=mm&r=g","contentUrl":"https:\/\/secure.gravatar.com\/avatar\/bb0c4a2fcb7970138239f7e404ea75757b1b507b28b5ce4c53fbd62d797c5a7c?s=96&d=mm&r=g","caption":"Villasmil Henry"},"logo":{"@id":"https:\/\/secure.gravatar.com\/avatar\/bb0c4a2fcb7970138239f7e404ea75757b1b507b28b5ce4c53fbd62d797c5a7c?s=96&d=mm&r=g"},"sameAs":["http:\/\/www.henryvillasmil.com.ve","https:\/\/www.instagram.com\/villasmilhfoto\/","https:\/\/x.com\/https:\/\/twitter.com\/villasmilhfoto"]},{"@type":"Person","@id":"https:\/\/digital58.com.ve\/site\/#\/schema\/person\/38596b127602deaa13fbcd7585635238","name":"Caren A\u00f1ez","image":{"@type":"ImageObject","inLanguage":"es","@id":"https:\/\/secure.gravatar.com\/avatar\/53aadd693aa414991c9ff2f2b19c39be94d2c342463b80f5402d344911bc9782?s=96&d=mm&r=g","url":"https:\/\/secure.gravatar.com\/avatar\/53aadd693aa414991c9ff2f2b19c39be94d2c342463b80f5402d344911bc9782?s=96&d=mm&r=g","contentUrl":"https:\/\/secure.gravatar.com\/avatar\/53aadd693aa414991c9ff2f2b19c39be94d2c342463b80f5402d344911bc9782?s=96&d=mm&r=g","caption":"Caren A\u00f1ez"},"description":"\ud83d\udc69\u200d\ud83c\udfa4Editora en @digital_58 \ud83d\udc69\ud83c\udffb\u200d\ud83c\udfebPeriodista musical y de entretenimiento. \ud83d\udcf8Fotografa \ud83d\udc69\ud83c\udffb\u200d\ud83d\udcbbMedia Management. \ud83d\udc69\u200d\ud83d\udc67\u200d\ud83d\udc67AspieMon 24\/7","sameAs":["https:\/\/www.instagram.com\/carenanez\/","https:\/\/x.com\/carenanez"],"url":"https:\/\/digital58.com.ve\/site\/author\/carena21\/"}]}},"uagb_featured_image_src":{"full":["https:\/\/digital58.com.ve\/site\/wp-content\/uploads\/2023\/02\/Viola-Davis-020523-2000-d01bca1e01114329ae69ddf80a54e5f0.jpeg",800,534,false],"thumbnail":["https:\/\/digital58.com.ve\/site\/wp-content\/uploads\/2023\/02\/Viola-Davis-020523-2000-d01bca1e01114329ae69ddf80a54e5f0-150x150.jpeg",150,150,true],"medium":["https:\/\/digital58.com.ve\/site\/wp-content\/uploads\/2023\/02\/Viola-Davis-020523-2000-d01bca1e01114329ae69ddf80a54e5f0-300x200.jpeg",300,200,true],"medium_large":["https:\/\/digital58.com.ve\/site\/wp-content\/uploads\/2023\/02\/Viola-Davis-020523-2000-d01bca1e01114329ae69ddf80a54e5f0-768x513.jpeg",768,513,true],"large":["https:\/\/digital58.com.ve\/site\/wp-content\/uploads\/2023\/02\/Viola-Davis-020523-2000-d01bca1e01114329ae69ddf80a54e5f0.jpeg",800,534,false],"1536x1536":["https:\/\/digital58.com.ve\/site\/wp-content\/uploads\/2023\/02\/Viola-Davis-020523-2000-d01bca1e01114329ae69ddf80a54e5f0.jpeg",800,534,false],"2048x2048":["https:\/\/digital58.com.ve\/site\/wp-content\/uploads\/2023\/02\/Viola-Davis-020523-2000-d01bca1e01114329ae69ddf80a54e5f0.jpeg",800,534,false],"colormag-highlighted-post":["https:\/\/digital58.com.ve\/site\/wp-content\/uploads\/2023\/02\/Viola-Davis-020523-2000-d01bca1e01114329ae69ddf80a54e5f0-392x272.jpeg",392,272,true],"colormag-featured-post-medium":["https:\/\/digital58.com.ve\/site\/wp-content\/uploads\/2023\/02\/Viola-Davis-020523-2000-d01bca1e01114329ae69ddf80a54e5f0-390x205.jpeg",390,205,true],"colormag-featured-post-small":["https:\/\/digital58.com.ve\/site\/wp-content\/uploads\/2023\/02\/Viola-Davis-020523-2000-d01bca1e01114329ae69ddf80a54e5f0-130x90.jpeg",130,90,true],"colormag-featured-image":["https:\/\/digital58.com.ve\/site\/wp-content\/uploads\/2023\/02\/Viola-Davis-020523-2000-d01bca1e01114329ae69ddf80a54e5f0-800x445.jpeg",800,445,true],"colormag-default-news":["https:\/\/digital58.com.ve\/site\/wp-content\/uploads\/2023\/02\/Viola-Davis-020523-2000-d01bca1e01114329ae69ddf80a54e5f0.jpeg",150,100,false],"colormag-featured-image-large":["https:\/\/digital58.com.ve\/site\/wp-content\/uploads\/2023\/02\/Viola-Davis-020523-2000-d01bca1e01114329ae69ddf80a54e5f0.jpeg",800,534,false]},"uagb_author_info":{"display_name":"Caren A\u00f1ez","author_link":"https:\/\/digital58.com.ve\/site\/author\/carena21\/"},"uagb_comment_info":0,"uagb_excerpt":"La actriz estadounidense Viola Davis gan\u00f3 este domingo un Grammy en la categor\u00eda a mejor \u00e1lbum hablado y gracias a","_links":{"self":[{"href":"https:\/\/digital58.com.ve\/site\/wp-json\/wp\/v2\/posts\/162565","targetHints":{"allow":["GET"]}}],"collection":[{"href":"https:\/\/digital58.com.ve\/site\/wp-json\/wp\/v2\/posts"}],"about":[{"href":"https:\/\/digital58.com.ve\/site\/wp-json\/wp\/v2\/types\/post"}],"author":[{"embeddable":true,"href":"https:\/\/digital58.com.ve\/site\/wp-json\/wp\/v2\/users\/39"}],"replies":[{"embeddable":true,"href":"https:\/\/digital58.com.ve\/site\/wp-json\/wp\/v2\/comments?post=162565"}],"version-history":[{"count":0,"href":"https:\/\/digital58.com.ve\/site\/wp-json\/wp\/v2\/posts\/162565\/revisions"}],"wp:featuredmedia":[{"embeddable":true,"href":"https:\/\/digital58.com.ve\/site\/wp-json\/wp\/v2\/media\/162566"}],"wp:attachment":[{"href":"https:\/\/digital58.com.ve\/site\/wp-json\/wp\/v2\/media?parent=162565"}],"wp:term":[{"taxonomy":"category","embeddable":true,"href":"https:\/\/digital58.com.ve\/site\/wp-json\/wp\/v2\/categories?post=162565"},{"taxonomy":"post_tag","embeddable":true,"href":"https:\/\/digital58.com.ve\/site\/wp-json\/wp\/v2\/tags?post=162565"}],"curies":[{"name":"wp","href":"https:\/\/api.w.org\/{rel}","templated":true}]}}