{"id":162608,"date":"2023-02-07T10:28:53","date_gmt":"2023-02-07T14:28:53","guid":{"rendered":"https:\/\/digital58.com.ve\/site\/?p=162608"},"modified":"2023-02-07T10:28:53","modified_gmt":"2023-02-07T14:28:53","slug":"los-alkilados-ahora-son-propietarios","status":"publish","type":"post","link":"https:\/\/digital58.com.ve\/site\/2023\/02\/07\/los-alkilados-ahora-son-propietarios\/","title":{"rendered":"Los Alkilados ahora son propietarios"},"content":{"rendered":"<p><img loading=\"lazy\" decoding=\"async\" class=\"size-full wp-image-162618 aligncenter\" src=\"https:\/\/digital58.com.ve\/site\/wp-content\/uploads\/2023\/02\/DDLP-COVER.jpg\" alt=\"\" width=\"600\" height=\"600\" srcset=\"https:\/\/digital58.com.ve\/site\/wp-content\/uploads\/2023\/02\/DDLP-COVER.jpg 600w, https:\/\/digital58.com.ve\/site\/wp-content\/uploads\/2023\/02\/DDLP-COVER-300x300.jpg 300w, https:\/\/digital58.com.ve\/site\/wp-content\/uploads\/2023\/02\/DDLP-COVER-150x150.jpg 150w\" sizes=\"auto, (max-width: 600px) 100vw, 600px\" \/><\/p>\n<p>A sus 11 a\u00f1os de carrera art\u00edstica, tras numerosos \u00e9xitos, giras, premios e historias, Alkilados quiso volver a la ra\u00edz: el reggae, g\u00e9nero que los ha acompa\u00f1ado durante toda su carrera y que hace parte indispensable del caracter\u00edstico sonido playero de la banda.<\/p>\n<p><strong> Caracas, DC, Venezuela, 07 de febrero de 2023 (ND58).\u2013<\/strong>Es precisamente este g\u00e9nero el que protagoniza \u00abLos due\u00f1os de la playa\u00bb, el nuevo y esperado \u00e1lbum de Alkilados donde recogen diferentes \u00e9xitos de la discograf\u00eda mundial para hacerlos propios.<\/p>\n<p>\u00abLos due\u00f1os de la playa\u00bb sorprende, suena cl\u00e1sico pero fresco. Durante 11 canciones la banda explora distintas orillas del reggae, el dub, el ska, el rocksteady e incluye sorpresas sonoras que vienen de su experiencia en la m\u00fasica urbana.<\/p>\n<p>Muchos ya cantaron, bailaron y gozaron versiones como \u00abLa ladrona\u00bb, \u00abComo te hago entender\u00bb, \u00abLa playa\u00bb, \u00abC\u00f3mo voy a olvidarte\u00bb, y \u00abTierra mala\u201d reviviendo diferentes \u00e9pocas y uniendo generaciones que corearon las canciones durante la reciente gira de la banda.<\/p>\n<p>En este \u00e1lbum, Alkilados le hace homenaje a int\u00e9rpretes y compositores que admiran y respetan como: Eros Ramazzotti, Roberto Roena, Juan Fernando Velasco, Diego Verdaguer, Tango Feroz, Segundo Rosero, Los Inquietos del Vallenato, La Oreja De Van Gogh, Los Chiches Del Vallenato y Julio Jaramillo. Varios de los cuales han reconocido y elogiado las diferentes versiones propuestas por los pereiranos.<\/p>\n<p>\u00abLos due\u00f1os de la playa\u00bb incluye una auto-versi\u00f3n de su canci\u00f3n \u00abRespira\u00bb junto a Nanpa B\u00e1sico. Fueron justamente \u00abRespira\u00bb y \u00abC\u00f3mo te hago entender\u00bb las versiones que encendieron la chispa de este proyecto.<\/p>\n<p>\u00abDicen\u00bb, una canci\u00f3n del cantante ecuatoriano Juan Fernando Velasco, a la que Alkilados le da un aire nuevo y presenta con un video que destaca por su fotograf\u00eda y dinamismo. La banda destaca que junto a \u00ab\u00d3diame\u00bb y \u00abComo voy a olvidarte\u00bb, \u00abDicen\u00bb es su forma de manifestar gratitud a el Ecuador un pa\u00eds que ha sido muy especial para la banda durante sus 11 a\u00f1os de carrera.<\/p>\n<p>Producido por Ronny Watts (en colaboraci\u00f3n con Juanito en algunas de las canciones), mezclado por Manuel Garc\u00eda y Masterizado por Camilo Silva, \u00abLos due\u00f1os de la playa\u00bb promete ser un hito en la carrera de Alkilados.<\/p>\n<p>Actualmente, la agrupaci\u00f3n se prepara para iniciar una gira de medios en Bogot\u00e1 y prepara la gira de \u00abLos due\u00f1os de la playa\u00bb que visitar\u00e1 distintos pa\u00edses de iberoam\u00e9rica.<\/p>\n<p>El enlace para disfrutar del video oficial de \u00abDicen\u00bb:<\/p>\n<div class=\"lyte-wrapper\" title=\"Alkilados - Dicen (Video Oficial)\" style=\"width:640px;max-width:100%;margin:5px auto;\"><div class=\"lyMe\" id=\"WYL_bamkF6DSTog\" itemprop=\"video\" itemscope itemtype=\"https:\/\/schema.org\/VideoObject\"><div><meta itemprop=\"thumbnailUrl\" content=\"https:\/\/i.ytimg.com\/vi\/bamkF6DSTog\/hqdefault.jpg\" \/><meta itemprop=\"embedURL\" content=\"https:\/\/www.youtube.com\/embed\/bamkF6DSTog\" \/><meta itemprop=\"duration\" content=\"PT2M54S\" \/><meta itemprop=\"uploadDate\" content=\"2023-01-27T15:00:10Z\" \/><\/div><div id=\"lyte_bamkF6DSTog\" data-src=\"https:\/\/i.ytimg.com\/vi\/bamkF6DSTog\/hqdefault.jpg\" class=\"pL\"><div class=\"tC\"><div class=\"tT\" itemprop=\"name\">Alkilados - Dicen (Video Oficial)<\/div><\/div><button tabindex=\"0\" class=\"play\"><\/button><div class=\"ctrl\"><div class=\"Lctrl\"><\/div><div class=\"Rctrl\"><\/div><\/div><\/div><noscript><a href=\"https:\/\/youtu.be\/bamkF6DSTog\" rel=\"nofollow\"><img loading=\"lazy\" decoding=\"async\" src=\"https:\/\/i.ytimg.com\/vi\/bamkF6DSTog\/0.jpg\" alt=\"Alkilados - Dicen (Video Oficial)\" width=\"640\" height=\"340\" \/><br \/>Ver este video en YouTube<\/a><\/noscript><meta itemprop=\"description\" content=\"Alkilados - Dicen (Video Oficial) #Alkilados #Dicen \ud83d\udc49Suscr\u00edbete a nuestro canal: http:\/\/bit.ly\/2PpVopU Este es nuestro tributo a Juan Fernando Velasco \ud83c\udfa7Escucha nuestra m\u00fasica en tu plataforma favorita: https:\/\/ONErpm.lnk.to\/Alkilados \u26a1\ufe0fPlaylists por Alkilados \u27a4Videos Oficiales: http:\/\/bit.ly\/2zvJTCI \u27a4Colaboraciones: http:\/\/bit.ly\/2ZAbpJM \u27a4Audios + Lyric Videos:http:\/\/bit.ly\/32c3C6A Encuentra una selecci\u00f3n muy especial con lo mejor de nuestra m\u00fasica aqu\u00ed: https:\/\/spoti.fi\/38e63ID \ud83d\ude0d Otros \u00c9xitos de Alkilados Mu\u00e9rdeme: http:\/\/bit.ly\/2EzxJuP Solitaria: http:\/\/bit.ly\/2ZD48ZP Una Cita Remix: http:\/\/bit.ly\/2ZtzNN6 Monalisa: http:\/\/bit.ly\/2ZBuRWq \u2764\ufe0fS\u00edguenos en nuestras redes sociales: Instagram: http:\/\/bit.ly\/346CI1I Facebook: http:\/\/bit.ly\/2L4TE14 Twitter: http:\/\/bit.ly\/2MKJyES\"><\/div><\/div><div class=\"lL\" style=\"max-width:100%;width:640px;margin:5px auto;\"><\/div><\/p>\n<p>&nbsp;<\/p>\n<p>&nbsp;<\/p>\n<p>\u00abLos due\u00f1os de la playa\u00bb, est\u00e1 compuesto por las siguientes canciones:<\/p>\n<p>&#8211; Nada sin ti<\/p>\n<p>&#8211; C\u00f3mo te hago entender<\/p>\n<p>&#8211; Dicen<\/p>\n<p>&#8211; La ladrona<\/p>\n<p>&#8211; El amor es m\u00e1s fuerte<\/p>\n<p>&#8211; C\u00f3mo voy a olvidarte<\/p>\n<p>&#8211; Ven t\u00fa<\/p>\n<p>&#8211; La playa<\/p>\n<p>&#8211; Tierra mala<\/p>\n<p>&#8211; Respira Ft. Nanpa B\u00e1sico<\/p>\n<p>&#8211; \u00d3diame.<\/p><div class=\"rznix6a996951696d4\" ><p style=\"text-align: center;\"><a href=\"https:\/\/t.me\/noticiasdigital58\" target=\"_blank\" rel=\"noopener\"><img class=\"aligncenter size-full wp-image-125363\" src=\"https:\/\/digital58.com.ve\/site\/wp-content\/uploads\/2021\/04\/banner-telegram-web-2021.png\" alt=\"\" width=\"600\" height=\"90\" \/><\/a><\/p><\/div><style type=\"text\/css\">\r\n@media screen and (min-width: 1201px) {\r\n.rznix6a996951696d4 {\r\ndisplay: block;\r\n}\r\n}\r\n@media screen and (min-width: 993px) and (max-width: 1200px) {\r\n.rznix6a996951696d4 {\r\ndisplay: block;\r\n}\r\n}\r\n@media screen and (min-width: 769px) and (max-width: 992px) {\r\n.rznix6a996951696d4 {\r\ndisplay: block;\r\n}\r\n}\r\n@media screen and (min-width: 768px) and (max-width: 768px) {\r\n.rznix6a996951696d4 {\r\ndisplay: block;\r\n}\r\n}\r\n@media screen and (max-width: 767px) {\r\n.rznix6a996951696d4 {\r\ndisplay: block;\r\n}\r\n}\r\n<\/style>\r\n\n<p class=\"p1\"><b>Redacci\u00f3n ND58 | NDP\u00a0<\/b><br \/>\n<b>Edici\u00f3n: \u00c1\u00f1ez, Caren\u00a0<\/b><br \/>\n<b>Gr\u00e1fica: Cortes\u00eda <\/b><\/p>\n<div style=\"margin-top: 0px; margin-bottom: 0px;\" class=\"sharethis-inline-share-buttons\" ><\/div>","protected":false},"excerpt":{"rendered":"<p>A sus 11 a\u00f1os de carrera art\u00edstica, tras numerosos \u00e9xitos, giras, premios e historias, Alkilados quiso volver a la ra\u00edz:<\/p>\n","protected":false},"author":39,"featured_media":162617,"comment_status":"open","ping_status":"closed","sticky":false,"template":"","format":"standard","meta":{"colormag_page_container_layout":"default_layout","colormag_page_sidebar_layout":"default_layout","_uag_custom_page_level_css":"","footnotes":""},"categories":[1],"tags":[30422,9247,3063,78,98,273,8,11583],"class_list":["post-162608","post","type-post","status-publish","format-standard","has-post-thumbnail","hentry","category-fama","tag-los-duenos-de-la-playa","tag-alkilados","tag-bogota","tag-cantantes","tag-colombia","tag-farandula","tag-internacionales","tag-lanzamientos-musicales"],"yoast_head":"<!-- This site is optimized with the Yoast SEO plugin v28.4 - https:\/\/yoast.com\/product\/yoast-seo-wordpress\/ -->\n<title>Los Alkilados ahora son propietarios<\/title>\n<meta name=\"robots\" content=\"index, follow, max-snippet:-1, max-image-preview:large, max-video-preview:-1\" \/>\n<link rel=\"canonical\" href=\"https:\/\/digital58.com.ve\/site\/2023\/02\/07\/los-alkilados-ahora-son-propietarios\/\" \/>\n<meta property=\"og:locale\" content=\"es_ES\" \/>\n<meta property=\"og:type\" content=\"article\" \/>\n<meta property=\"og:title\" content=\"Los Alkilados ahora son propietarios\" \/>\n<meta property=\"og:url\" content=\"https:\/\/digital58.com.ve\/site\/2023\/02\/07\/los-alkilados-ahora-son-propietarios\/\" \/>\n<meta property=\"og:site_name\" content=\"Noticias Digital58\" \/>\n<meta property=\"article:published_time\" content=\"2023-02-07T14:28:53+00:00\" \/>\n<meta property=\"og:image\" content=\"https:\/\/i0.wp.com\/digital58.com.ve\/site\/wp-content\/uploads\/2023\/02\/AK2Dicen2.jpeg?fit=800%2C533&ssl=1\" \/>\n\t<meta property=\"og:image:width\" content=\"800\" \/>\n\t<meta property=\"og:image:height\" content=\"533\" \/>\n\t<meta property=\"og:image:type\" content=\"image\/jpeg\" \/>\n<meta name=\"author\" content=\"Caren A\u00f1ez\" \/>\n<meta name=\"twitter:card\" content=\"summary_large_image\" \/>\n<meta name=\"twitter:creator\" content=\"@carenanez\" \/>\n<meta name=\"twitter:site\" content=\"@villasmilhfoto\" \/>\n<meta name=\"twitter:label1\" content=\"Escrito por\" \/>\n\t<meta name=\"twitter:data1\" content=\"Caren A\u00f1ez\" \/>\n\t<meta name=\"twitter:label2\" content=\"Tiempo estimado de lectura\" \/>\n\t<meta name=\"twitter:data2\" content=\"3 minutos\" \/>\n<script type=\"application\/ld+json\" class=\"yoast-schema-graph\">{\"@context\":\"https:\\\/\\\/schema.org\",\"@graph\":[{\"@type\":\"Article\",\"@id\":\"https:\\\/\\\/digital58.com.ve\\\/site\\\/2023\\\/02\\\/07\\\/los-alkilados-ahora-son-propietarios\\\/#article\",\"isPartOf\":{\"@id\":\"https:\\\/\\\/digital58.com.ve\\\/site\\\/2023\\\/02\\\/07\\\/los-alkilados-ahora-son-propietarios\\\/\"},\"author\":{\"name\":\"Caren A\u00f1ez\",\"@id\":\"https:\\\/\\\/digital58.com.ve\\\/site\\\/#\\\/schema\\\/person\\\/38596b127602deaa13fbcd7585635238\"},\"headline\":\"Los Alkilados ahora son propietarios\",\"datePublished\":\"2023-02-07T14:28:53+00:00\",\"mainEntityOfPage\":{\"@id\":\"https:\\\/\\\/digital58.com.ve\\\/site\\\/2023\\\/02\\\/07\\\/los-alkilados-ahora-son-propietarios\\\/\"},\"wordCount\":505,\"commentCount\":0,\"publisher\":{\"@id\":\"https:\\\/\\\/digital58.com.ve\\\/site\\\/#\\\/schema\\\/person\\\/64d1c2e4d0d4fd1b849980c4331c2951\"},\"image\":{\"@id\":\"https:\\\/\\\/digital58.com.ve\\\/site\\\/2023\\\/02\\\/07\\\/los-alkilados-ahora-son-propietarios\\\/#primaryimage\"},\"thumbnailUrl\":\"https:\\\/\\\/digital58.com.ve\\\/site\\\/wp-content\\\/uploads\\\/2023\\\/02\\\/AK2Dicen2.jpeg\",\"keywords\":[\"\u00abLos due\u00f1os de la playa\u00bb\",\"Alkilados\",\"Bogot\u00e1\",\"Cantantes\",\"Colombia\",\"Far\u00e1ndula\",\"Internacionales\",\"Lanzamientos Musicales\"],\"articleSection\":[\"Fama\"],\"inLanguage\":\"es\",\"potentialAction\":[{\"@type\":\"CommentAction\",\"name\":\"Comment\",\"target\":[\"https:\\\/\\\/digital58.com.ve\\\/site\\\/2023\\\/02\\\/07\\\/los-alkilados-ahora-son-propietarios\\\/#respond\"]}]},{\"@type\":\"WebPage\",\"@id\":\"https:\\\/\\\/digital58.com.ve\\\/site\\\/2023\\\/02\\\/07\\\/los-alkilados-ahora-son-propietarios\\\/\",\"url\":\"https:\\\/\\\/digital58.com.ve\\\/site\\\/2023\\\/02\\\/07\\\/los-alkilados-ahora-son-propietarios\\\/\",\"name\":\"Los Alkilados ahora son propietarios\",\"isPartOf\":{\"@id\":\"https:\\\/\\\/digital58.com.ve\\\/site\\\/#website\"},\"primaryImageOfPage\":{\"@id\":\"https:\\\/\\\/digital58.com.ve\\\/site\\\/2023\\\/02\\\/07\\\/los-alkilados-ahora-son-propietarios\\\/#primaryimage\"},\"image\":{\"@id\":\"https:\\\/\\\/digital58.com.ve\\\/site\\\/2023\\\/02\\\/07\\\/los-alkilados-ahora-son-propietarios\\\/#primaryimage\"},\"thumbnailUrl\":\"https:\\\/\\\/digital58.com.ve\\\/site\\\/wp-content\\\/uploads\\\/2023\\\/02\\\/AK2Dicen2.jpeg\",\"datePublished\":\"2023-02-07T14:28:53+00:00\",\"breadcrumb\":{\"@id\":\"https:\\\/\\\/digital58.com.ve\\\/site\\\/2023\\\/02\\\/07\\\/los-alkilados-ahora-son-propietarios\\\/#breadcrumb\"},\"inLanguage\":\"es\",\"potentialAction\":[{\"@type\":\"ReadAction\",\"target\":[\"https:\\\/\\\/digital58.com.ve\\\/site\\\/2023\\\/02\\\/07\\\/los-alkilados-ahora-son-propietarios\\\/\"]}]},{\"@type\":\"ImageObject\",\"inLanguage\":\"es\",\"@id\":\"https:\\\/\\\/digital58.com.ve\\\/site\\\/2023\\\/02\\\/07\\\/los-alkilados-ahora-son-propietarios\\\/#primaryimage\",\"url\":\"https:\\\/\\\/digital58.com.ve\\\/site\\\/wp-content\\\/uploads\\\/2023\\\/02\\\/AK2Dicen2.jpeg\",\"contentUrl\":\"https:\\\/\\\/digital58.com.ve\\\/site\\\/wp-content\\\/uploads\\\/2023\\\/02\\\/AK2Dicen2.jpeg\",\"width\":800,\"height\":533},{\"@type\":\"BreadcrumbList\",\"@id\":\"https:\\\/\\\/digital58.com.ve\\\/site\\\/2023\\\/02\\\/07\\\/los-alkilados-ahora-son-propietarios\\\/#breadcrumb\",\"itemListElement\":[{\"@type\":\"ListItem\",\"position\":1,\"name\":\"Home\",\"item\":\"https:\\\/\\\/digital58.com.ve\\\/site\\\/\"},{\"@type\":\"ListItem\",\"position\":2,\"name\":\"Los Alkilados ahora son propietarios\"}]},{\"@type\":\"WebSite\",\"@id\":\"https:\\\/\\\/digital58.com.ve\\\/site\\\/#website\",\"url\":\"https:\\\/\\\/digital58.com.ve\\\/site\\\/\",\"name\":\"Noticias Digital58\",\"description\":\"Portal de Noticias \u00a1Periodismo web de verdad! Lanzamiento web 22.11.2005 \\\/ Maracaibo, Venezuela\",\"publisher\":{\"@id\":\"https:\\\/\\\/digital58.com.ve\\\/site\\\/#\\\/schema\\\/person\\\/64d1c2e4d0d4fd1b849980c4331c2951\"},\"alternateName\":\"ND58\",\"potentialAction\":[{\"@type\":\"SearchAction\",\"target\":{\"@type\":\"EntryPoint\",\"urlTemplate\":\"https:\\\/\\\/digital58.com.ve\\\/site\\\/?s={search_term_string}\"},\"query-input\":{\"@type\":\"PropertyValueSpecification\",\"valueRequired\":true,\"valueName\":\"search_term_string\"}}],\"inLanguage\":\"es\"},{\"@type\":[\"Person\",\"Organization\"],\"@id\":\"https:\\\/\\\/digital58.com.ve\\\/site\\\/#\\\/schema\\\/person\\\/64d1c2e4d0d4fd1b849980c4331c2951\",\"name\":\"Villasmil Henry\",\"image\":{\"@type\":\"ImageObject\",\"inLanguage\":\"es\",\"@id\":\"https:\\\/\\\/secure.gravatar.com\\\/avatar\\\/bb0c4a2fcb7970138239f7e404ea75757b1b507b28b5ce4c53fbd62d797c5a7c?s=96&d=mm&r=g\",\"url\":\"https:\\\/\\\/secure.gravatar.com\\\/avatar\\\/bb0c4a2fcb7970138239f7e404ea75757b1b507b28b5ce4c53fbd62d797c5a7c?s=96&d=mm&r=g\",\"contentUrl\":\"https:\\\/\\\/secure.gravatar.com\\\/avatar\\\/bb0c4a2fcb7970138239f7e404ea75757b1b507b28b5ce4c53fbd62d797c5a7c?s=96&d=mm&r=g\",\"caption\":\"Villasmil Henry\"},\"logo\":{\"@id\":\"https:\\\/\\\/secure.gravatar.com\\\/avatar\\\/bb0c4a2fcb7970138239f7e404ea75757b1b507b28b5ce4c53fbd62d797c5a7c?s=96&d=mm&r=g\"},\"sameAs\":[\"http:\\\/\\\/www.henryvillasmil.com.ve\",\"https:\\\/\\\/www.instagram.com\\\/villasmilhfoto\\\/\",\"https:\\\/\\\/x.com\\\/https:\\\/\\\/twitter.com\\\/villasmilhfoto\"]},{\"@type\":\"Person\",\"@id\":\"https:\\\/\\\/digital58.com.ve\\\/site\\\/#\\\/schema\\\/person\\\/38596b127602deaa13fbcd7585635238\",\"name\":\"Caren A\u00f1ez\",\"image\":{\"@type\":\"ImageObject\",\"inLanguage\":\"es\",\"@id\":\"https:\\\/\\\/secure.gravatar.com\\\/avatar\\\/53aadd693aa414991c9ff2f2b19c39be94d2c342463b80f5402d344911bc9782?s=96&d=mm&r=g\",\"url\":\"https:\\\/\\\/secure.gravatar.com\\\/avatar\\\/53aadd693aa414991c9ff2f2b19c39be94d2c342463b80f5402d344911bc9782?s=96&d=mm&r=g\",\"contentUrl\":\"https:\\\/\\\/secure.gravatar.com\\\/avatar\\\/53aadd693aa414991c9ff2f2b19c39be94d2c342463b80f5402d344911bc9782?s=96&d=mm&r=g\",\"caption\":\"Caren A\u00f1ez\"},\"description\":\"\ud83d\udc69\u200d\ud83c\udfa4Editora en @digital_58 \ud83d\udc69\ud83c\udffb\u200d\ud83c\udfebPeriodista musical y de entretenimiento. \ud83d\udcf8Fotografa \ud83d\udc69\ud83c\udffb\u200d\ud83d\udcbbMedia Management. \ud83d\udc69\u200d\ud83d\udc67\u200d\ud83d\udc67AspieMon 24\\\/7\",\"sameAs\":[\"https:\\\/\\\/www.instagram.com\\\/carenanez\\\/\",\"https:\\\/\\\/x.com\\\/carenanez\"],\"url\":\"https:\\\/\\\/digital58.com.ve\\\/site\\\/author\\\/carena21\\\/\"}]}<\/script>\n<!-- \/ Yoast SEO plugin. -->","yoast_head_json":{"title":"Los Alkilados ahora son propietarios","robots":{"index":"index","follow":"follow","max-snippet":"max-snippet:-1","max-image-preview":"max-image-preview:large","max-video-preview":"max-video-preview:-1"},"canonical":"https:\/\/digital58.com.ve\/site\/2023\/02\/07\/los-alkilados-ahora-son-propietarios\/","og_locale":"es_ES","og_type":"article","og_title":"Los Alkilados ahora son propietarios","og_url":"https:\/\/digital58.com.ve\/site\/2023\/02\/07\/los-alkilados-ahora-son-propietarios\/","og_site_name":"Noticias Digital58","article_published_time":"2023-02-07T14:28:53+00:00","og_image":[{"width":800,"height":533,"url":"https:\/\/i0.wp.com\/digital58.com.ve\/site\/wp-content\/uploads\/2023\/02\/AK2Dicen2.jpeg?fit=800%2C533&ssl=1","type":"image\/jpeg"}],"author":"Caren A\u00f1ez","twitter_card":"summary_large_image","twitter_creator":"@carenanez","twitter_site":"@villasmilhfoto","twitter_misc":{"Escrito por":"Caren A\u00f1ez","Tiempo estimado de lectura":"3 minutos"},"schema":{"@context":"https:\/\/schema.org","@graph":[{"@type":"Article","@id":"https:\/\/digital58.com.ve\/site\/2023\/02\/07\/los-alkilados-ahora-son-propietarios\/#article","isPartOf":{"@id":"https:\/\/digital58.com.ve\/site\/2023\/02\/07\/los-alkilados-ahora-son-propietarios\/"},"author":{"name":"Caren A\u00f1ez","@id":"https:\/\/digital58.com.ve\/site\/#\/schema\/person\/38596b127602deaa13fbcd7585635238"},"headline":"Los Alkilados ahora son propietarios","datePublished":"2023-02-07T14:28:53+00:00","mainEntityOfPage":{"@id":"https:\/\/digital58.com.ve\/site\/2023\/02\/07\/los-alkilados-ahora-son-propietarios\/"},"wordCount":505,"commentCount":0,"publisher":{"@id":"https:\/\/digital58.com.ve\/site\/#\/schema\/person\/64d1c2e4d0d4fd1b849980c4331c2951"},"image":{"@id":"https:\/\/digital58.com.ve\/site\/2023\/02\/07\/los-alkilados-ahora-son-propietarios\/#primaryimage"},"thumbnailUrl":"https:\/\/digital58.com.ve\/site\/wp-content\/uploads\/2023\/02\/AK2Dicen2.jpeg","keywords":["\u00abLos due\u00f1os de la playa\u00bb","Alkilados","Bogot\u00e1","Cantantes","Colombia","Far\u00e1ndula","Internacionales","Lanzamientos Musicales"],"articleSection":["Fama"],"inLanguage":"es","potentialAction":[{"@type":"CommentAction","name":"Comment","target":["https:\/\/digital58.com.ve\/site\/2023\/02\/07\/los-alkilados-ahora-son-propietarios\/#respond"]}]},{"@type":"WebPage","@id":"https:\/\/digital58.com.ve\/site\/2023\/02\/07\/los-alkilados-ahora-son-propietarios\/","url":"https:\/\/digital58.com.ve\/site\/2023\/02\/07\/los-alkilados-ahora-son-propietarios\/","name":"Los Alkilados ahora son propietarios","isPartOf":{"@id":"https:\/\/digital58.com.ve\/site\/#website"},"primaryImageOfPage":{"@id":"https:\/\/digital58.com.ve\/site\/2023\/02\/07\/los-alkilados-ahora-son-propietarios\/#primaryimage"},"image":{"@id":"https:\/\/digital58.com.ve\/site\/2023\/02\/07\/los-alkilados-ahora-son-propietarios\/#primaryimage"},"thumbnailUrl":"https:\/\/digital58.com.ve\/site\/wp-content\/uploads\/2023\/02\/AK2Dicen2.jpeg","datePublished":"2023-02-07T14:28:53+00:00","breadcrumb":{"@id":"https:\/\/digital58.com.ve\/site\/2023\/02\/07\/los-alkilados-ahora-son-propietarios\/#breadcrumb"},"inLanguage":"es","potentialAction":[{"@type":"ReadAction","target":["https:\/\/digital58.com.ve\/site\/2023\/02\/07\/los-alkilados-ahora-son-propietarios\/"]}]},{"@type":"ImageObject","inLanguage":"es","@id":"https:\/\/digital58.com.ve\/site\/2023\/02\/07\/los-alkilados-ahora-son-propietarios\/#primaryimage","url":"https:\/\/digital58.com.ve\/site\/wp-content\/uploads\/2023\/02\/AK2Dicen2.jpeg","contentUrl":"https:\/\/digital58.com.ve\/site\/wp-content\/uploads\/2023\/02\/AK2Dicen2.jpeg","width":800,"height":533},{"@type":"BreadcrumbList","@id":"https:\/\/digital58.com.ve\/site\/2023\/02\/07\/los-alkilados-ahora-son-propietarios\/#breadcrumb","itemListElement":[{"@type":"ListItem","position":1,"name":"Home","item":"https:\/\/digital58.com.ve\/site\/"},{"@type":"ListItem","position":2,"name":"Los Alkilados ahora son propietarios"}]},{"@type":"WebSite","@id":"https:\/\/digital58.com.ve\/site\/#website","url":"https:\/\/digital58.com.ve\/site\/","name":"Noticias Digital58","description":"Portal de Noticias \u00a1Periodismo web de verdad! Lanzamiento web 22.11.2005 \/ Maracaibo, Venezuela","publisher":{"@id":"https:\/\/digital58.com.ve\/site\/#\/schema\/person\/64d1c2e4d0d4fd1b849980c4331c2951"},"alternateName":"ND58","potentialAction":[{"@type":"SearchAction","target":{"@type":"EntryPoint","urlTemplate":"https:\/\/digital58.com.ve\/site\/?s={search_term_string}"},"query-input":{"@type":"PropertyValueSpecification","valueRequired":true,"valueName":"search_term_string"}}],"inLanguage":"es"},{"@type":["Person","Organization"],"@id":"https:\/\/digital58.com.ve\/site\/#\/schema\/person\/64d1c2e4d0d4fd1b849980c4331c2951","name":"Villasmil Henry","image":{"@type":"ImageObject","inLanguage":"es","@id":"https:\/\/secure.gravatar.com\/avatar\/bb0c4a2fcb7970138239f7e404ea75757b1b507b28b5ce4c53fbd62d797c5a7c?s=96&d=mm&r=g","url":"https:\/\/secure.gravatar.com\/avatar\/bb0c4a2fcb7970138239f7e404ea75757b1b507b28b5ce4c53fbd62d797c5a7c?s=96&d=mm&r=g","contentUrl":"https:\/\/secure.gravatar.com\/avatar\/bb0c4a2fcb7970138239f7e404ea75757b1b507b28b5ce4c53fbd62d797c5a7c?s=96&d=mm&r=g","caption":"Villasmil Henry"},"logo":{"@id":"https:\/\/secure.gravatar.com\/avatar\/bb0c4a2fcb7970138239f7e404ea75757b1b507b28b5ce4c53fbd62d797c5a7c?s=96&d=mm&r=g"},"sameAs":["http:\/\/www.henryvillasmil.com.ve","https:\/\/www.instagram.com\/villasmilhfoto\/","https:\/\/x.com\/https:\/\/twitter.com\/villasmilhfoto"]},{"@type":"Person","@id":"https:\/\/digital58.com.ve\/site\/#\/schema\/person\/38596b127602deaa13fbcd7585635238","name":"Caren A\u00f1ez","image":{"@type":"ImageObject","inLanguage":"es","@id":"https:\/\/secure.gravatar.com\/avatar\/53aadd693aa414991c9ff2f2b19c39be94d2c342463b80f5402d344911bc9782?s=96&d=mm&r=g","url":"https:\/\/secure.gravatar.com\/avatar\/53aadd693aa414991c9ff2f2b19c39be94d2c342463b80f5402d344911bc9782?s=96&d=mm&r=g","contentUrl":"https:\/\/secure.gravatar.com\/avatar\/53aadd693aa414991c9ff2f2b19c39be94d2c342463b80f5402d344911bc9782?s=96&d=mm&r=g","caption":"Caren A\u00f1ez"},"description":"\ud83d\udc69\u200d\ud83c\udfa4Editora en @digital_58 \ud83d\udc69\ud83c\udffb\u200d\ud83c\udfebPeriodista musical y de entretenimiento. \ud83d\udcf8Fotografa \ud83d\udc69\ud83c\udffb\u200d\ud83d\udcbbMedia Management. \ud83d\udc69\u200d\ud83d\udc67\u200d\ud83d\udc67AspieMon 24\/7","sameAs":["https:\/\/www.instagram.com\/carenanez\/","https:\/\/x.com\/carenanez"],"url":"https:\/\/digital58.com.ve\/site\/author\/carena21\/"}]}},"uagb_featured_image_src":{"full":["https:\/\/digital58.com.ve\/site\/wp-content\/uploads\/2023\/02\/AK2Dicen2.jpeg",800,533,false],"thumbnail":["https:\/\/digital58.com.ve\/site\/wp-content\/uploads\/2023\/02\/AK2Dicen2-150x150.jpeg",150,150,true],"medium":["https:\/\/digital58.com.ve\/site\/wp-content\/uploads\/2023\/02\/AK2Dicen2-300x200.jpeg",300,200,true],"medium_large":["https:\/\/digital58.com.ve\/site\/wp-content\/uploads\/2023\/02\/AK2Dicen2-768x512.jpeg",768,512,true],"large":["https:\/\/digital58.com.ve\/site\/wp-content\/uploads\/2023\/02\/AK2Dicen2.jpeg",800,533,false],"1536x1536":["https:\/\/digital58.com.ve\/site\/wp-content\/uploads\/2023\/02\/AK2Dicen2.jpeg",800,533,false],"2048x2048":["https:\/\/digital58.com.ve\/site\/wp-content\/uploads\/2023\/02\/AK2Dicen2.jpeg",800,533,false],"colormag-highlighted-post":["https:\/\/digital58.com.ve\/site\/wp-content\/uploads\/2023\/02\/AK2Dicen2-392x272.jpeg",392,272,true],"colormag-featured-post-medium":["https:\/\/digital58.com.ve\/site\/wp-content\/uploads\/2023\/02\/AK2Dicen2-390x205.jpeg",390,205,true],"colormag-featured-post-small":["https:\/\/digital58.com.ve\/site\/wp-content\/uploads\/2023\/02\/AK2Dicen2-130x90.jpeg",130,90,true],"colormag-featured-image":["https:\/\/digital58.com.ve\/site\/wp-content\/uploads\/2023\/02\/AK2Dicen2-800x445.jpeg",800,445,true],"colormag-default-news":["https:\/\/digital58.com.ve\/site\/wp-content\/uploads\/2023\/02\/AK2Dicen2.jpeg",150,100,false],"colormag-featured-image-large":["https:\/\/digital58.com.ve\/site\/wp-content\/uploads\/2023\/02\/AK2Dicen2.jpeg",800,533,false]},"uagb_author_info":{"display_name":"Caren A\u00f1ez","author_link":"https:\/\/digital58.com.ve\/site\/author\/carena21\/"},"uagb_comment_info":0,"uagb_excerpt":"A sus 11 a\u00f1os de carrera art\u00edstica, tras numerosos \u00e9xitos, giras, premios e historias, Alkilados quiso volver a la ra\u00edz:","_links":{"self":[{"href":"https:\/\/digital58.com.ve\/site\/wp-json\/wp\/v2\/posts\/162608","targetHints":{"allow":["GET"]}}],"collection":[{"href":"https:\/\/digital58.com.ve\/site\/wp-json\/wp\/v2\/posts"}],"about":[{"href":"https:\/\/digital58.com.ve\/site\/wp-json\/wp\/v2\/types\/post"}],"author":[{"embeddable":true,"href":"https:\/\/digital58.com.ve\/site\/wp-json\/wp\/v2\/users\/39"}],"replies":[{"embeddable":true,"href":"https:\/\/digital58.com.ve\/site\/wp-json\/wp\/v2\/comments?post=162608"}],"version-history":[{"count":0,"href":"https:\/\/digital58.com.ve\/site\/wp-json\/wp\/v2\/posts\/162608\/revisions"}],"wp:featuredmedia":[{"embeddable":true,"href":"https:\/\/digital58.com.ve\/site\/wp-json\/wp\/v2\/media\/162617"}],"wp:attachment":[{"href":"https:\/\/digital58.com.ve\/site\/wp-json\/wp\/v2\/media?parent=162608"}],"wp:term":[{"taxonomy":"category","embeddable":true,"href":"https:\/\/digital58.com.ve\/site\/wp-json\/wp\/v2\/categories?post=162608"},{"taxonomy":"post_tag","embeddable":true,"href":"https:\/\/digital58.com.ve\/site\/wp-json\/wp\/v2\/tags?post=162608"}],"curies":[{"name":"wp","href":"https:\/\/api.w.org\/{rel}","templated":true}]}}