{"id":162629,"date":"2023-02-08T09:35:04","date_gmt":"2023-02-08T13:35:04","guid":{"rendered":"https:\/\/digital58.com.ve\/site\/?p=162629"},"modified":"2023-02-08T10:12:41","modified_gmt":"2023-02-08T14:12:41","slug":"ecuador-guillermo-lasso-reconoce-la-derrota-en-el-referendo-y-el-correismo-gana-terreno-en-el-pais","status":"publish","type":"post","link":"https:\/\/digital58.com.ve\/site\/2023\/02\/08\/ecuador-guillermo-lasso-reconoce-la-derrota-en-el-referendo-y-el-correismo-gana-terreno-en-el-pais\/","title":{"rendered":"#Ecuador | Guillermo Lasso reconoce la derrota en el referendo y el corre\u00edsmo gana terreno en el pa\u00eds"},"content":{"rendered":"<p><img loading=\"lazy\" decoding=\"async\" class=\"size-full wp-image-162632 aligncenter\" src=\"https:\/\/digital58.com.ve\/site\/wp-content\/uploads\/2023\/02\/lasso-admite-derrota-en-referendo-para-aprobar-la-extradicion-en-ecuador-laverdaddemonagas.com-guillermo-lasso-cien-dias-gobierno-ecuador.jpg-1689854195.webp\" alt=\"\" width=\"600\" height=\"330\" srcset=\"https:\/\/digital58.com.ve\/site\/wp-content\/uploads\/2023\/02\/lasso-admite-derrota-en-referendo-para-aprobar-la-extradicion-en-ecuador-laverdaddemonagas.com-guillermo-lasso-cien-dias-gobierno-ecuador.jpg-1689854195.webp 600w, https:\/\/digital58.com.ve\/site\/wp-content\/uploads\/2023\/02\/lasso-admite-derrota-en-referendo-para-aprobar-la-extradicion-en-ecuador-laverdaddemonagas.com-guillermo-lasso-cien-dias-gobierno-ecuador.jpg-1689854195-300x165.webp 300w\" sizes=\"auto, (max-width: 600px) 100vw, 600px\" \/><\/p>\n<p>El presidente Guillermo Lasso no logr\u00f3 el resultado que esperaba en las elecciones seccionales y el referendo celebrado el domingo en Ecuador. Mientras el Consejo Nacional Electoral termina de contar los votos, las fuerzas pol\u00edticas del pa\u00eds comienzan a reconfigurarse.<\/p>\n<p><strong>Quito, Ecuador, 08 de febrero de 2023 (ND58)-.\u00a0<\/strong> No solo la mayor\u00eda de los ciudadanos rechazaron ampliamente los cambios a la Constituci\u00f3n propuestos por el Gobierno \u2014entre ellos la reducci\u00f3n del n\u00famero de asamble\u00edstas y replantear la designaci\u00f3n de autoridades de control del Estado\u2014 sino que Revoluci\u00f3n Ciudadana, el movimiento liderado por el expresidente Rafael Correa, obtuvo la victoria en varias capitales y en ciudades peque\u00f1as.<\/p>\n<p>El lunes, y tras varias horas de silencio, Lasso reconoci\u00f3 la derrota en un mensaje a la naci\u00f3n y llam\u00f3 a todos los sectores a trabajar por un acuerdo nacional.<\/p>\n<p>\u00abLo que ocurri\u00f3 el domingo fue un llamado del pueblo al Gobierno y no vamos a eludir la responsabilidad. Pero tambi\u00e9n hubo un llamado a toda la dirigencia pol\u00edtica y al Estado. El pueblo ecuatoriano pide que dejemos de abonar las rencillas entre nosotros y nos pongamos a solucionar los problemas urgentes y concretos de nuestra gente\u00bb, explic\u00f3.<\/p>\n<p>El mandatario ecuatoriano agreg\u00f3 que, pese a que considera importantes y necesarios para el pa\u00eds las reformas planteadas, el bienestar futuro del pa\u00eds no pasa exclusivamente por el referendo. Tambi\u00e9n aprovech\u00f3 para felicitar a los ganadores de las elecciones locales.<\/p>\n<p>De acuerdo con el Consejo Nacional Electoral, el movimiento Revoluci\u00f3n Ciudadana logr\u00f3 ganar algunos cargos en las elecciones locales. Una de las principales sorpresas fue el triunfo de Aquiles \u00c1lvarez para la alcald\u00eda de Guayaquil, quien derrot\u00f3 a Cynthia Viteri, la actual ocupante del cargo. La victoria de \u00c1lvarez puso a fin a m\u00e1s de 30 a\u00f1os de mandatos del tradicional partido Social Cristiano.<\/p>\n<p><strong>Tambi\u00e9n fue una sorpresa el triunfo de Marcela Agui\u00f1aga en la prefectura del Guayas. En contra de lo que indicaban las proyecciones previas, la prefecta actual, Susana Gonz\u00e1lez, del partido Social Cristiano,<\/strong> no logr\u00f3 reelegirse. Gonz\u00e1lez reconoci\u00f3 su derrota en un mensaje que public\u00f3 en su cuenta de Twitter.<\/p>\n<p>Mientras tanto, en Quito el corre\u00edsta Pabel Mu\u00f1oz gan\u00f3 la alcald\u00eda de la capital ecuatoriana al imponerse, seg\u00fan las proyecciones, al exalcalde Jorge Yunda, del movimiento Pachakutik. Lo mismo ocurri\u00f3 en otras provincias y ciudades donde el corre\u00edsmo se impuso. Es el caso de Sebasti\u00e1n Lloret, quien logr\u00f3 convertirse en el prefecto electo de Azuay.<\/p>\n<p>En Manab\u00ed gan\u00f3 la prefectura Leonardo Orlando, mientras que en la provincia amaz\u00f3nica de Sucumb\u00edos el ganador fue Yofre Poma. En Imbabura, Richard Calder\u00f3n gan\u00f3 la prefectura, mientras que en Santo Domingo de los Ts\u00e1chilas y Santa Elena las prefecturas fueron para el corre\u00edsmo.<\/p>\n<p>Hasta el momento, los resultados oficiales otorgan al corre\u00edsmo nueve prefecturas y al menos siete alcald\u00edas de las capitales de las 24 provincias del pa\u00eds. Tambi\u00e9n los candidatos de Revoluci\u00f3n Ciudadana obtuvieron decenas de cargos en alcald\u00edas de diferentes ciudades, en las juntas parroquiales y en las concejal\u00edas de los municipios de todo Ecuador.<\/p>\n<p>Durante una entrevista en Radio Pichincha, una emisora de la prefectura de la provincia de Pichincha, el expresidente Rafael Correa afirm\u00f3 que el resultado del domingo \u00ab<strong>es un punto de quiebre y una victoria espectacular\u00bb. \u00abNi en las mejores \u00e9pocas del gobierno de la Revoluci\u00f3n Ciudadana con una Alianza Pa\u00eds que era un partido estructurado, el movimiento m\u00e1s grande de la historia del pa\u00eds, hab\u00edamos logrado ganar Quito y Guayaquil\u00bb<\/strong>, dijo Correa.<\/p>\n<p>El exalcalde de Guayaquil, Jaime Nebot, l\u00edder del partido Social Cristiano (PSC), dijo en un mensaje difundido en las redes sociales que trabajar\u00edan para corregir los errores y multiplicar en el futuro los aciertos que han tenido. Nebot dijo que el presidente Lasso cometi\u00f3 un error al unir el referendo con las elecciones seccionales en una misma jornada electoral y que trat\u00f3 de \u00abbeneficiarse irresponsablemente\u00bb del plebiscito.<\/p>\n<p>\u00abEso provoc\u00f3 que una gran cantidad de ecuatorianos utiliz\u00f3 la elecci\u00f3n para castigarlo y decirle \u2018no\u2019 a su gobierno\u00bb, dijo Nebot. Adem\u00e1s, insisti\u00f3 en que el referendo \u00abse contamin\u00f3\u00bb con la elecci\u00f3n de autoridades de por medio.<\/p>\n<p>Sobre el triunfo del corre\u00edsmo en varias provincias, el analista pol\u00edtico y profesor de la Universidad George Washington, Jaime Dur\u00e1n Barba, dijo a CNN en Espa\u00f1ol que la baja popularidad del presidente Guillermo Lasso marcaba el peor escenario para introducir un referendo constitucional.<\/p>\n<p>\u00abUn presidente con esa imagen ten\u00eda que perder la consulta. No me sorprende. La gente vota por el mensajero no por el mensaje. Nunca hubo un presidente con peor imagen que Lasso. Esto ocurre porque el gobierno ha sido muy ineficiente, ha sido muy pedante y ha contrariado ese ambiente de encuentro y sencillez que hubo en la segunda vuelta electoral\u00bb, agreg\u00f3.<\/p><div class=\"euwup69f5416f5b3ad\" ><p style=\"text-align: center;\"><a href=\"https:\/\/t.me\/noticiasdigital58\" target=\"_blank\" rel=\"noopener\"><img class=\"aligncenter size-full wp-image-125363\" src=\"https:\/\/digital58.com.ve\/site\/wp-content\/uploads\/2021\/04\/banner-telegram-web-2021.png\" alt=\"\" width=\"600\" height=\"90\" \/><\/a><\/p><\/div><style type=\"text\/css\">\r\n@media screen and (min-width: 1201px) {\r\n.euwup69f5416f5b3ad {\r\ndisplay: block;\r\n}\r\n}\r\n@media screen and (min-width: 993px) and (max-width: 1200px) {\r\n.euwup69f5416f5b3ad {\r\ndisplay: block;\r\n}\r\n}\r\n@media screen and (min-width: 769px) and (max-width: 992px) {\r\n.euwup69f5416f5b3ad {\r\ndisplay: block;\r\n}\r\n}\r\n@media screen and (min-width: 768px) and (max-width: 768px) {\r\n.euwup69f5416f5b3ad {\r\ndisplay: block;\r\n}\r\n}\r\n@media screen and (max-width: 767px) {\r\n.euwup69f5416f5b3ad {\r\ndisplay: block;\r\n}\r\n}\r\n<\/style>\r\n\n<p class=\"p1\"><b>Redacci\u00f3n ND58 | CNN Espa\u00f1ol<\/b><br \/>\n<b>Edici\u00f3n: \u00c1\u00f1ez, Caren\u00a0<\/b><br \/>\n<b>Gr\u00e1fica: Cortes\u00eda<\/b><\/p>\n<div style=\"margin-top: 0px; margin-bottom: 0px;\" class=\"sharethis-inline-share-buttons\" ><\/div>","protected":false},"excerpt":{"rendered":"<p>El presidente Guillermo Lasso no logr\u00f3 el resultado que esperaba en las elecciones seccionales y el referendo celebrado el domingo<\/p>\n","protected":false},"author":39,"featured_media":162633,"comment_status":"open","ping_status":"closed","sticky":false,"template":"","format":"standard","meta":{"colormag_page_container_layout":"default_layout","colormag_page_sidebar_layout":"default_layout","_uag_custom_page_level_css":"","footnotes":""},"categories":[16451],"tags":[10245,111,2710,30428,22940,8,2716,23457,16771],"class_list":["post-162629","post","type-post","status-publish","format-standard","has-post-thumbnail","hentry","category-mundo","tag-consejo-nacional-electoral","tag-ecuador","tag-elecciones","tag-elecciones-ecuador","tag-guillermo-lasso","tag-internacionales","tag-politica","tag-rafael-correa","tag-referendo"],"yoast_head":"<!-- This site is optimized with the Yoast SEO plugin v27.5 - https:\/\/yoast.com\/product\/yoast-seo-wordpress\/ -->\n<title>#Ecuador | Guillermo Lasso reconoce la derrota en el referendo y el corre\u00edsmo gana terreno en el pa\u00eds<\/title>\n<meta name=\"robots\" content=\"index, follow, max-snippet:-1, max-image-preview:large, max-video-preview:-1\" \/>\n<link rel=\"canonical\" href=\"https:\/\/digital58.com.ve\/site\/2023\/02\/08\/ecuador-guillermo-lasso-reconoce-la-derrota-en-el-referendo-y-el-correismo-gana-terreno-en-el-pais\/\" \/>\n<meta property=\"og:locale\" content=\"es_ES\" \/>\n<meta property=\"og:type\" content=\"article\" \/>\n<meta property=\"og:title\" content=\"#Ecuador | Guillermo Lasso reconoce la derrota en el referendo y el corre\u00edsmo gana terreno en el pa\u00eds\" \/>\n<meta property=\"og:url\" content=\"https:\/\/digital58.com.ve\/site\/2023\/02\/08\/ecuador-guillermo-lasso-reconoce-la-derrota-en-el-referendo-y-el-correismo-gana-terreno-en-el-pais\/\" \/>\n<meta property=\"og:site_name\" content=\"Noticias Digital58\" \/>\n<meta property=\"article:published_time\" content=\"2023-02-08T13:35:04+00:00\" \/>\n<meta property=\"article:modified_time\" content=\"2023-02-08T14:12:41+00:00\" \/>\n<meta property=\"og:image\" content=\"https:\/\/i0.wp.com\/digital58.com.ve\/site\/wp-content\/uploads\/2023\/02\/3ERI3LFABBDXNJJ6NLS2PYULTY.jpeg?fit=799%2C533&ssl=1\" \/>\n\t<meta property=\"og:image:width\" content=\"799\" \/>\n\t<meta property=\"og:image:height\" content=\"533\" \/>\n\t<meta property=\"og:image:type\" content=\"image\/jpeg\" \/>\n<meta name=\"author\" content=\"Caren A\u00f1ez\" \/>\n<meta name=\"twitter:card\" content=\"summary_large_image\" \/>\n<meta name=\"twitter:creator\" content=\"@carenanez\" \/>\n<meta name=\"twitter:site\" content=\"@villasmilhfoto\" \/>\n<meta name=\"twitter:label1\" content=\"Escrito por\" \/>\n\t<meta name=\"twitter:data1\" content=\"Caren A\u00f1ez\" \/>\n\t<meta name=\"twitter:label2\" content=\"Tiempo estimado de lectura\" \/>\n\t<meta name=\"twitter:data2\" content=\"4 minutos\" \/>\n<script type=\"application\/ld+json\" class=\"yoast-schema-graph\">{\"@context\":\"https:\\\/\\\/schema.org\",\"@graph\":[{\"@type\":\"Article\",\"@id\":\"https:\\\/\\\/digital58.com.ve\\\/site\\\/2023\\\/02\\\/08\\\/ecuador-guillermo-lasso-reconoce-la-derrota-en-el-referendo-y-el-correismo-gana-terreno-en-el-pais\\\/#article\",\"isPartOf\":{\"@id\":\"https:\\\/\\\/digital58.com.ve\\\/site\\\/2023\\\/02\\\/08\\\/ecuador-guillermo-lasso-reconoce-la-derrota-en-el-referendo-y-el-correismo-gana-terreno-en-el-pais\\\/\"},\"author\":{\"name\":\"Caren A\u00f1ez\",\"@id\":\"https:\\\/\\\/digital58.com.ve\\\/site\\\/#\\\/schema\\\/person\\\/38596b127602deaa13fbcd7585635238\"},\"headline\":\"#Ecuador | Guillermo Lasso reconoce la derrota en el referendo y el corre\u00edsmo gana terreno en el pa\u00eds\",\"datePublished\":\"2023-02-08T13:35:04+00:00\",\"dateModified\":\"2023-02-08T14:12:41+00:00\",\"mainEntityOfPage\":{\"@id\":\"https:\\\/\\\/digital58.com.ve\\\/site\\\/2023\\\/02\\\/08\\\/ecuador-guillermo-lasso-reconoce-la-derrota-en-el-referendo-y-el-correismo-gana-terreno-en-el-pais\\\/\"},\"wordCount\":868,\"commentCount\":0,\"publisher\":{\"@id\":\"https:\\\/\\\/digital58.com.ve\\\/site\\\/#\\\/schema\\\/person\\\/64d1c2e4d0d4fd1b849980c4331c2951\"},\"image\":{\"@id\":\"https:\\\/\\\/digital58.com.ve\\\/site\\\/2023\\\/02\\\/08\\\/ecuador-guillermo-lasso-reconoce-la-derrota-en-el-referendo-y-el-correismo-gana-terreno-en-el-pais\\\/#primaryimage\"},\"thumbnailUrl\":\"https:\\\/\\\/digital58.com.ve\\\/site\\\/wp-content\\\/uploads\\\/2023\\\/02\\\/3ERI3LFABBDXNJJ6NLS2PYULTY.jpeg\",\"keywords\":[\"Consejo Nacional Electoral\",\"Ecuador\",\"Elecciones\",\"Elecciones Ecuador\",\"Guillermo Lasso\",\"Internacionales\",\"Pol\u00edtica\",\"Rafael Correa\",\"Referendo\"],\"articleSection\":[\"Mundo\"],\"inLanguage\":\"es\",\"potentialAction\":[{\"@type\":\"CommentAction\",\"name\":\"Comment\",\"target\":[\"https:\\\/\\\/digital58.com.ve\\\/site\\\/2023\\\/02\\\/08\\\/ecuador-guillermo-lasso-reconoce-la-derrota-en-el-referendo-y-el-correismo-gana-terreno-en-el-pais\\\/#respond\"]}]},{\"@type\":\"WebPage\",\"@id\":\"https:\\\/\\\/digital58.com.ve\\\/site\\\/2023\\\/02\\\/08\\\/ecuador-guillermo-lasso-reconoce-la-derrota-en-el-referendo-y-el-correismo-gana-terreno-en-el-pais\\\/\",\"url\":\"https:\\\/\\\/digital58.com.ve\\\/site\\\/2023\\\/02\\\/08\\\/ecuador-guillermo-lasso-reconoce-la-derrota-en-el-referendo-y-el-correismo-gana-terreno-en-el-pais\\\/\",\"name\":\"#Ecuador | Guillermo Lasso reconoce la derrota en el referendo y el corre\u00edsmo gana terreno en el pa\u00eds\",\"isPartOf\":{\"@id\":\"https:\\\/\\\/digital58.com.ve\\\/site\\\/#website\"},\"primaryImageOfPage\":{\"@id\":\"https:\\\/\\\/digital58.com.ve\\\/site\\\/2023\\\/02\\\/08\\\/ecuador-guillermo-lasso-reconoce-la-derrota-en-el-referendo-y-el-correismo-gana-terreno-en-el-pais\\\/#primaryimage\"},\"image\":{\"@id\":\"https:\\\/\\\/digital58.com.ve\\\/site\\\/2023\\\/02\\\/08\\\/ecuador-guillermo-lasso-reconoce-la-derrota-en-el-referendo-y-el-correismo-gana-terreno-en-el-pais\\\/#primaryimage\"},\"thumbnailUrl\":\"https:\\\/\\\/digital58.com.ve\\\/site\\\/wp-content\\\/uploads\\\/2023\\\/02\\\/3ERI3LFABBDXNJJ6NLS2PYULTY.jpeg\",\"datePublished\":\"2023-02-08T13:35:04+00:00\",\"dateModified\":\"2023-02-08T14:12:41+00:00\",\"breadcrumb\":{\"@id\":\"https:\\\/\\\/digital58.com.ve\\\/site\\\/2023\\\/02\\\/08\\\/ecuador-guillermo-lasso-reconoce-la-derrota-en-el-referendo-y-el-correismo-gana-terreno-en-el-pais\\\/#breadcrumb\"},\"inLanguage\":\"es\",\"potentialAction\":[{\"@type\":\"ReadAction\",\"target\":[\"https:\\\/\\\/digital58.com.ve\\\/site\\\/2023\\\/02\\\/08\\\/ecuador-guillermo-lasso-reconoce-la-derrota-en-el-referendo-y-el-correismo-gana-terreno-en-el-pais\\\/\"]}]},{\"@type\":\"ImageObject\",\"inLanguage\":\"es\",\"@id\":\"https:\\\/\\\/digital58.com.ve\\\/site\\\/2023\\\/02\\\/08\\\/ecuador-guillermo-lasso-reconoce-la-derrota-en-el-referendo-y-el-correismo-gana-terreno-en-el-pais\\\/#primaryimage\",\"url\":\"https:\\\/\\\/digital58.com.ve\\\/site\\\/wp-content\\\/uploads\\\/2023\\\/02\\\/3ERI3LFABBDXNJJ6NLS2PYULTY.jpeg\",\"contentUrl\":\"https:\\\/\\\/digital58.com.ve\\\/site\\\/wp-content\\\/uploads\\\/2023\\\/02\\\/3ERI3LFABBDXNJJ6NLS2PYULTY.jpeg\",\"width\":799,\"height\":533},{\"@type\":\"BreadcrumbList\",\"@id\":\"https:\\\/\\\/digital58.com.ve\\\/site\\\/2023\\\/02\\\/08\\\/ecuador-guillermo-lasso-reconoce-la-derrota-en-el-referendo-y-el-correismo-gana-terreno-en-el-pais\\\/#breadcrumb\",\"itemListElement\":[{\"@type\":\"ListItem\",\"position\":1,\"name\":\"Home\",\"item\":\"https:\\\/\\\/digital58.com.ve\\\/site\\\/\"},{\"@type\":\"ListItem\",\"position\":2,\"name\":\"#Ecuador | Guillermo Lasso reconoce la derrota en el referendo y el corre\u00edsmo gana terreno en el pa\u00eds\"}]},{\"@type\":\"WebSite\",\"@id\":\"https:\\\/\\\/digital58.com.ve\\\/site\\\/#website\",\"url\":\"https:\\\/\\\/digital58.com.ve\\\/site\\\/\",\"name\":\"Noticias Digital58\",\"description\":\"Portal de Noticias \u00a1Periodismo web de verdad! Lanzamiento web 22.11.2005 \\\/ Maracaibo, Venezuela\",\"publisher\":{\"@id\":\"https:\\\/\\\/digital58.com.ve\\\/site\\\/#\\\/schema\\\/person\\\/64d1c2e4d0d4fd1b849980c4331c2951\"},\"alternateName\":\"ND58\",\"potentialAction\":[{\"@type\":\"SearchAction\",\"target\":{\"@type\":\"EntryPoint\",\"urlTemplate\":\"https:\\\/\\\/digital58.com.ve\\\/site\\\/?s={search_term_string}\"},\"query-input\":{\"@type\":\"PropertyValueSpecification\",\"valueRequired\":true,\"valueName\":\"search_term_string\"}}],\"inLanguage\":\"es\"},{\"@type\":[\"Person\",\"Organization\"],\"@id\":\"https:\\\/\\\/digital58.com.ve\\\/site\\\/#\\\/schema\\\/person\\\/64d1c2e4d0d4fd1b849980c4331c2951\",\"name\":\"Villasmil Henry\",\"image\":{\"@type\":\"ImageObject\",\"inLanguage\":\"es\",\"@id\":\"https:\\\/\\\/secure.gravatar.com\\\/avatar\\\/bb0c4a2fcb7970138239f7e404ea75757b1b507b28b5ce4c53fbd62d797c5a7c?s=96&d=mm&r=g\",\"url\":\"https:\\\/\\\/secure.gravatar.com\\\/avatar\\\/bb0c4a2fcb7970138239f7e404ea75757b1b507b28b5ce4c53fbd62d797c5a7c?s=96&d=mm&r=g\",\"contentUrl\":\"https:\\\/\\\/secure.gravatar.com\\\/avatar\\\/bb0c4a2fcb7970138239f7e404ea75757b1b507b28b5ce4c53fbd62d797c5a7c?s=96&d=mm&r=g\",\"caption\":\"Villasmil Henry\"},\"logo\":{\"@id\":\"https:\\\/\\\/secure.gravatar.com\\\/avatar\\\/bb0c4a2fcb7970138239f7e404ea75757b1b507b28b5ce4c53fbd62d797c5a7c?s=96&d=mm&r=g\"},\"sameAs\":[\"http:\\\/\\\/www.henryvillasmil.com.ve\",\"https:\\\/\\\/www.instagram.com\\\/villasmilhfoto\\\/\",\"https:\\\/\\\/x.com\\\/https:\\\/\\\/twitter.com\\\/villasmilhfoto\"]},{\"@type\":\"Person\",\"@id\":\"https:\\\/\\\/digital58.com.ve\\\/site\\\/#\\\/schema\\\/person\\\/38596b127602deaa13fbcd7585635238\",\"name\":\"Caren A\u00f1ez\",\"image\":{\"@type\":\"ImageObject\",\"inLanguage\":\"es\",\"@id\":\"https:\\\/\\\/secure.gravatar.com\\\/avatar\\\/53aadd693aa414991c9ff2f2b19c39be94d2c342463b80f5402d344911bc9782?s=96&d=mm&r=g\",\"url\":\"https:\\\/\\\/secure.gravatar.com\\\/avatar\\\/53aadd693aa414991c9ff2f2b19c39be94d2c342463b80f5402d344911bc9782?s=96&d=mm&r=g\",\"contentUrl\":\"https:\\\/\\\/secure.gravatar.com\\\/avatar\\\/53aadd693aa414991c9ff2f2b19c39be94d2c342463b80f5402d344911bc9782?s=96&d=mm&r=g\",\"caption\":\"Caren A\u00f1ez\"},\"description\":\"\ud83d\udc69\u200d\ud83c\udfa4Editora en @digital_58 \ud83d\udc69\ud83c\udffb\u200d\ud83c\udfebPeriodista musical y de entretenimiento. \ud83d\udcf8Fotografa \ud83d\udc69\ud83c\udffb\u200d\ud83d\udcbbMedia Management. \ud83d\udc69\u200d\ud83d\udc67\u200d\ud83d\udc67AspieMon 24\\\/7\",\"sameAs\":[\"https:\\\/\\\/www.instagram.com\\\/carenanez\\\/\",\"https:\\\/\\\/x.com\\\/carenanez\"],\"url\":\"https:\\\/\\\/digital58.com.ve\\\/site\\\/author\\\/carena21\\\/\"}]}<\/script>\n<!-- \/ Yoast SEO plugin. -->","yoast_head_json":{"title":"#Ecuador | Guillermo Lasso reconoce la derrota en el referendo y el corre\u00edsmo gana terreno en el pa\u00eds","robots":{"index":"index","follow":"follow","max-snippet":"max-snippet:-1","max-image-preview":"max-image-preview:large","max-video-preview":"max-video-preview:-1"},"canonical":"https:\/\/digital58.com.ve\/site\/2023\/02\/08\/ecuador-guillermo-lasso-reconoce-la-derrota-en-el-referendo-y-el-correismo-gana-terreno-en-el-pais\/","og_locale":"es_ES","og_type":"article","og_title":"#Ecuador | Guillermo Lasso reconoce la derrota en el referendo y el corre\u00edsmo gana terreno en el pa\u00eds","og_url":"https:\/\/digital58.com.ve\/site\/2023\/02\/08\/ecuador-guillermo-lasso-reconoce-la-derrota-en-el-referendo-y-el-correismo-gana-terreno-en-el-pais\/","og_site_name":"Noticias Digital58","article_published_time":"2023-02-08T13:35:04+00:00","article_modified_time":"2023-02-08T14:12:41+00:00","og_image":[{"width":799,"height":533,"url":"https:\/\/i0.wp.com\/digital58.com.ve\/site\/wp-content\/uploads\/2023\/02\/3ERI3LFABBDXNJJ6NLS2PYULTY.jpeg?fit=799%2C533&ssl=1","type":"image\/jpeg"}],"author":"Caren A\u00f1ez","twitter_card":"summary_large_image","twitter_creator":"@carenanez","twitter_site":"@villasmilhfoto","twitter_misc":{"Escrito por":"Caren A\u00f1ez","Tiempo estimado de lectura":"4 minutos"},"schema":{"@context":"https:\/\/schema.org","@graph":[{"@type":"Article","@id":"https:\/\/digital58.com.ve\/site\/2023\/02\/08\/ecuador-guillermo-lasso-reconoce-la-derrota-en-el-referendo-y-el-correismo-gana-terreno-en-el-pais\/#article","isPartOf":{"@id":"https:\/\/digital58.com.ve\/site\/2023\/02\/08\/ecuador-guillermo-lasso-reconoce-la-derrota-en-el-referendo-y-el-correismo-gana-terreno-en-el-pais\/"},"author":{"name":"Caren A\u00f1ez","@id":"https:\/\/digital58.com.ve\/site\/#\/schema\/person\/38596b127602deaa13fbcd7585635238"},"headline":"#Ecuador | Guillermo Lasso reconoce la derrota en el referendo y el corre\u00edsmo gana terreno en el pa\u00eds","datePublished":"2023-02-08T13:35:04+00:00","dateModified":"2023-02-08T14:12:41+00:00","mainEntityOfPage":{"@id":"https:\/\/digital58.com.ve\/site\/2023\/02\/08\/ecuador-guillermo-lasso-reconoce-la-derrota-en-el-referendo-y-el-correismo-gana-terreno-en-el-pais\/"},"wordCount":868,"commentCount":0,"publisher":{"@id":"https:\/\/digital58.com.ve\/site\/#\/schema\/person\/64d1c2e4d0d4fd1b849980c4331c2951"},"image":{"@id":"https:\/\/digital58.com.ve\/site\/2023\/02\/08\/ecuador-guillermo-lasso-reconoce-la-derrota-en-el-referendo-y-el-correismo-gana-terreno-en-el-pais\/#primaryimage"},"thumbnailUrl":"https:\/\/digital58.com.ve\/site\/wp-content\/uploads\/2023\/02\/3ERI3LFABBDXNJJ6NLS2PYULTY.jpeg","keywords":["Consejo Nacional Electoral","Ecuador","Elecciones","Elecciones Ecuador","Guillermo Lasso","Internacionales","Pol\u00edtica","Rafael Correa","Referendo"],"articleSection":["Mundo"],"inLanguage":"es","potentialAction":[{"@type":"CommentAction","name":"Comment","target":["https:\/\/digital58.com.ve\/site\/2023\/02\/08\/ecuador-guillermo-lasso-reconoce-la-derrota-en-el-referendo-y-el-correismo-gana-terreno-en-el-pais\/#respond"]}]},{"@type":"WebPage","@id":"https:\/\/digital58.com.ve\/site\/2023\/02\/08\/ecuador-guillermo-lasso-reconoce-la-derrota-en-el-referendo-y-el-correismo-gana-terreno-en-el-pais\/","url":"https:\/\/digital58.com.ve\/site\/2023\/02\/08\/ecuador-guillermo-lasso-reconoce-la-derrota-en-el-referendo-y-el-correismo-gana-terreno-en-el-pais\/","name":"#Ecuador | Guillermo Lasso reconoce la derrota en el referendo y el corre\u00edsmo gana terreno en el pa\u00eds","isPartOf":{"@id":"https:\/\/digital58.com.ve\/site\/#website"},"primaryImageOfPage":{"@id":"https:\/\/digital58.com.ve\/site\/2023\/02\/08\/ecuador-guillermo-lasso-reconoce-la-derrota-en-el-referendo-y-el-correismo-gana-terreno-en-el-pais\/#primaryimage"},"image":{"@id":"https:\/\/digital58.com.ve\/site\/2023\/02\/08\/ecuador-guillermo-lasso-reconoce-la-derrota-en-el-referendo-y-el-correismo-gana-terreno-en-el-pais\/#primaryimage"},"thumbnailUrl":"https:\/\/digital58.com.ve\/site\/wp-content\/uploads\/2023\/02\/3ERI3LFABBDXNJJ6NLS2PYULTY.jpeg","datePublished":"2023-02-08T13:35:04+00:00","dateModified":"2023-02-08T14:12:41+00:00","breadcrumb":{"@id":"https:\/\/digital58.com.ve\/site\/2023\/02\/08\/ecuador-guillermo-lasso-reconoce-la-derrota-en-el-referendo-y-el-correismo-gana-terreno-en-el-pais\/#breadcrumb"},"inLanguage":"es","potentialAction":[{"@type":"ReadAction","target":["https:\/\/digital58.com.ve\/site\/2023\/02\/08\/ecuador-guillermo-lasso-reconoce-la-derrota-en-el-referendo-y-el-correismo-gana-terreno-en-el-pais\/"]}]},{"@type":"ImageObject","inLanguage":"es","@id":"https:\/\/digital58.com.ve\/site\/2023\/02\/08\/ecuador-guillermo-lasso-reconoce-la-derrota-en-el-referendo-y-el-correismo-gana-terreno-en-el-pais\/#primaryimage","url":"https:\/\/digital58.com.ve\/site\/wp-content\/uploads\/2023\/02\/3ERI3LFABBDXNJJ6NLS2PYULTY.jpeg","contentUrl":"https:\/\/digital58.com.ve\/site\/wp-content\/uploads\/2023\/02\/3ERI3LFABBDXNJJ6NLS2PYULTY.jpeg","width":799,"height":533},{"@type":"BreadcrumbList","@id":"https:\/\/digital58.com.ve\/site\/2023\/02\/08\/ecuador-guillermo-lasso-reconoce-la-derrota-en-el-referendo-y-el-correismo-gana-terreno-en-el-pais\/#breadcrumb","itemListElement":[{"@type":"ListItem","position":1,"name":"Home","item":"https:\/\/digital58.com.ve\/site\/"},{"@type":"ListItem","position":2,"name":"#Ecuador | Guillermo Lasso reconoce la derrota en el referendo y el corre\u00edsmo gana terreno en el pa\u00eds"}]},{"@type":"WebSite","@id":"https:\/\/digital58.com.ve\/site\/#website","url":"https:\/\/digital58.com.ve\/site\/","name":"Noticias Digital58","description":"Portal de Noticias \u00a1Periodismo web de verdad! Lanzamiento web 22.11.2005 \/ Maracaibo, Venezuela","publisher":{"@id":"https:\/\/digital58.com.ve\/site\/#\/schema\/person\/64d1c2e4d0d4fd1b849980c4331c2951"},"alternateName":"ND58","potentialAction":[{"@type":"SearchAction","target":{"@type":"EntryPoint","urlTemplate":"https:\/\/digital58.com.ve\/site\/?s={search_term_string}"},"query-input":{"@type":"PropertyValueSpecification","valueRequired":true,"valueName":"search_term_string"}}],"inLanguage":"es"},{"@type":["Person","Organization"],"@id":"https:\/\/digital58.com.ve\/site\/#\/schema\/person\/64d1c2e4d0d4fd1b849980c4331c2951","name":"Villasmil Henry","image":{"@type":"ImageObject","inLanguage":"es","@id":"https:\/\/secure.gravatar.com\/avatar\/bb0c4a2fcb7970138239f7e404ea75757b1b507b28b5ce4c53fbd62d797c5a7c?s=96&d=mm&r=g","url":"https:\/\/secure.gravatar.com\/avatar\/bb0c4a2fcb7970138239f7e404ea75757b1b507b28b5ce4c53fbd62d797c5a7c?s=96&d=mm&r=g","contentUrl":"https:\/\/secure.gravatar.com\/avatar\/bb0c4a2fcb7970138239f7e404ea75757b1b507b28b5ce4c53fbd62d797c5a7c?s=96&d=mm&r=g","caption":"Villasmil Henry"},"logo":{"@id":"https:\/\/secure.gravatar.com\/avatar\/bb0c4a2fcb7970138239f7e404ea75757b1b507b28b5ce4c53fbd62d797c5a7c?s=96&d=mm&r=g"},"sameAs":["http:\/\/www.henryvillasmil.com.ve","https:\/\/www.instagram.com\/villasmilhfoto\/","https:\/\/x.com\/https:\/\/twitter.com\/villasmilhfoto"]},{"@type":"Person","@id":"https:\/\/digital58.com.ve\/site\/#\/schema\/person\/38596b127602deaa13fbcd7585635238","name":"Caren A\u00f1ez","image":{"@type":"ImageObject","inLanguage":"es","@id":"https:\/\/secure.gravatar.com\/avatar\/53aadd693aa414991c9ff2f2b19c39be94d2c342463b80f5402d344911bc9782?s=96&d=mm&r=g","url":"https:\/\/secure.gravatar.com\/avatar\/53aadd693aa414991c9ff2f2b19c39be94d2c342463b80f5402d344911bc9782?s=96&d=mm&r=g","contentUrl":"https:\/\/secure.gravatar.com\/avatar\/53aadd693aa414991c9ff2f2b19c39be94d2c342463b80f5402d344911bc9782?s=96&d=mm&r=g","caption":"Caren A\u00f1ez"},"description":"\ud83d\udc69\u200d\ud83c\udfa4Editora en @digital_58 \ud83d\udc69\ud83c\udffb\u200d\ud83c\udfebPeriodista musical y de entretenimiento. \ud83d\udcf8Fotografa \ud83d\udc69\ud83c\udffb\u200d\ud83d\udcbbMedia Management. \ud83d\udc69\u200d\ud83d\udc67\u200d\ud83d\udc67AspieMon 24\/7","sameAs":["https:\/\/www.instagram.com\/carenanez\/","https:\/\/x.com\/carenanez"],"url":"https:\/\/digital58.com.ve\/site\/author\/carena21\/"}]}},"uagb_featured_image_src":{"full":["https:\/\/digital58.com.ve\/site\/wp-content\/uploads\/2023\/02\/3ERI3LFABBDXNJJ6NLS2PYULTY.jpeg",799,533,false],"thumbnail":["https:\/\/digital58.com.ve\/site\/wp-content\/uploads\/2023\/02\/3ERI3LFABBDXNJJ6NLS2PYULTY-150x150.jpeg",150,150,true],"medium":["https:\/\/digital58.com.ve\/site\/wp-content\/uploads\/2023\/02\/3ERI3LFABBDXNJJ6NLS2PYULTY-300x200.jpeg",300,200,true],"medium_large":["https:\/\/digital58.com.ve\/site\/wp-content\/uploads\/2023\/02\/3ERI3LFABBDXNJJ6NLS2PYULTY-768x512.jpeg",768,512,true],"large":["https:\/\/digital58.com.ve\/site\/wp-content\/uploads\/2023\/02\/3ERI3LFABBDXNJJ6NLS2PYULTY.jpeg",799,533,false],"1536x1536":["https:\/\/digital58.com.ve\/site\/wp-content\/uploads\/2023\/02\/3ERI3LFABBDXNJJ6NLS2PYULTY.jpeg",799,533,false],"2048x2048":["https:\/\/digital58.com.ve\/site\/wp-content\/uploads\/2023\/02\/3ERI3LFABBDXNJJ6NLS2PYULTY.jpeg",799,533,false],"colormag-highlighted-post":["https:\/\/digital58.com.ve\/site\/wp-content\/uploads\/2023\/02\/3ERI3LFABBDXNJJ6NLS2PYULTY-392x272.jpeg",392,272,true],"colormag-featured-post-medium":["https:\/\/digital58.com.ve\/site\/wp-content\/uploads\/2023\/02\/3ERI3LFABBDXNJJ6NLS2PYULTY-390x205.jpeg",390,205,true],"colormag-featured-post-small":["https:\/\/digital58.com.ve\/site\/wp-content\/uploads\/2023\/02\/3ERI3LFABBDXNJJ6NLS2PYULTY-130x90.jpeg",130,90,true],"colormag-featured-image":["https:\/\/digital58.com.ve\/site\/wp-content\/uploads\/2023\/02\/3ERI3LFABBDXNJJ6NLS2PYULTY-799x445.jpeg",799,445,true],"colormag-default-news":["https:\/\/digital58.com.ve\/site\/wp-content\/uploads\/2023\/02\/3ERI3LFABBDXNJJ6NLS2PYULTY.jpeg",150,100,false],"colormag-featured-image-large":["https:\/\/digital58.com.ve\/site\/wp-content\/uploads\/2023\/02\/3ERI3LFABBDXNJJ6NLS2PYULTY.jpeg",799,533,false]},"uagb_author_info":{"display_name":"Caren A\u00f1ez","author_link":"https:\/\/digital58.com.ve\/site\/author\/carena21\/"},"uagb_comment_info":0,"uagb_excerpt":"El presidente Guillermo Lasso no logr\u00f3 el resultado que esperaba en las elecciones seccionales y el referendo celebrado el domingo","_links":{"self":[{"href":"https:\/\/digital58.com.ve\/site\/wp-json\/wp\/v2\/posts\/162629","targetHints":{"allow":["GET"]}}],"collection":[{"href":"https:\/\/digital58.com.ve\/site\/wp-json\/wp\/v2\/posts"}],"about":[{"href":"https:\/\/digital58.com.ve\/site\/wp-json\/wp\/v2\/types\/post"}],"author":[{"embeddable":true,"href":"https:\/\/digital58.com.ve\/site\/wp-json\/wp\/v2\/users\/39"}],"replies":[{"embeddable":true,"href":"https:\/\/digital58.com.ve\/site\/wp-json\/wp\/v2\/comments?post=162629"}],"version-history":[{"count":0,"href":"https:\/\/digital58.com.ve\/site\/wp-json\/wp\/v2\/posts\/162629\/revisions"}],"wp:featuredmedia":[{"embeddable":true,"href":"https:\/\/digital58.com.ve\/site\/wp-json\/wp\/v2\/media\/162633"}],"wp:attachment":[{"href":"https:\/\/digital58.com.ve\/site\/wp-json\/wp\/v2\/media?parent=162629"}],"wp:term":[{"taxonomy":"category","embeddable":true,"href":"https:\/\/digital58.com.ve\/site\/wp-json\/wp\/v2\/categories?post=162629"},{"taxonomy":"post_tag","embeddable":true,"href":"https:\/\/digital58.com.ve\/site\/wp-json\/wp\/v2\/tags?post=162629"}],"curies":[{"name":"wp","href":"https:\/\/api.w.org\/{rel}","templated":true}]}}