{"id":162635,"date":"2023-02-08T09:56:05","date_gmt":"2023-02-08T13:56:05","guid":{"rendered":"https:\/\/digital58.com.ve\/site\/?p=162635"},"modified":"2023-02-08T10:05:17","modified_gmt":"2023-02-08T14:05:17","slug":"el-globo-chino-seria-parte-de-un-extenso-programa-de-vigilancia-aerea","status":"publish","type":"post","link":"https:\/\/digital58.com.ve\/site\/2023\/02\/08\/el-globo-chino-seria-parte-de-un-extenso-programa-de-vigilancia-aerea\/","title":{"rendered":"El globo chino ser\u00eda parte de un extenso programa de vigilancia a\u00e9rea"},"content":{"rendered":"<p><img loading=\"lazy\" decoding=\"async\" class=\"size-full wp-image-162637 aligncenter\" src=\"https:\/\/digital58.com.ve\/site\/wp-content\/uploads\/2023\/02\/globo-chio.jpeg\" alt=\"\" width=\"800\" height=\"534\" srcset=\"https:\/\/digital58.com.ve\/site\/wp-content\/uploads\/2023\/02\/globo-chio.jpeg 800w, https:\/\/digital58.com.ve\/site\/wp-content\/uploads\/2023\/02\/globo-chio-300x200.jpeg 300w, https:\/\/digital58.com.ve\/site\/wp-content\/uploads\/2023\/02\/globo-chio-768x513.jpeg 768w\" sizes=\"auto, (max-width: 800px) 100vw, 800px\" \/><\/p>\n<p>The Washington Post ha publicado que los servicios de inteligencia estadounidenses creen que el globo esp\u00eda chino, derribado el s\u00e1bado\u00a0 4 de febrero de 2023, forma parte de un amplio programa de vigilancia dirigido por el Ej\u00e9rcito Popular de Liberaci\u00f3n (EPL).<\/p>\n<p><strong>Washington, DC, Estados Unidos 08 de febrero de 2023 (ND58).-<\/strong> Por ello, Washington ha comenzado a contrastar datos con sus socios y aliados que han podido tener experiencia similares.<\/p>\n<p><strong>Informaci\u00f3n sobre activos militares<\/strong><br \/>\nEstos globos de vigilancia, que han operado durante varios a\u00f1os en parte desde la provincia de Hainan, frente a la costa sur de China, han recopilado informaci\u00f3n sobre activos militares en pa\u00edses y \u00e1reas de inter\u00e9s estrat\u00e9gico emergente para China, incluidos Jap\u00f3n, la India, Vietnam, Taiw\u00e1n y Filipinas.<\/p>\n<p>The Washington Post cita como fuentes a varios funcionarios estadounidenses, que hablaron bajo la condici\u00f3n de anonimato debido a la delicadeza del asunto. \u00abLo que han hecho los chinos es tomar una tecnolog\u00eda incre\u00edblemente antigua y b\u00e1sicamente unirla con comunicaciones modernas y capacidades de observaci\u00f3n\u00bb para tratar de obtener inteligencia sobre las fuerzas armadas de otras naciones, dijo un funcionario al rotativo.<\/p>\n<p><strong>\u00abDocenas de misiones\u00bb<\/strong><br \/>\nEl pasado lunes, la subsecretaria de Estado Wendy Sherman dirigi\u00f3 una sesi\u00f3n informativa sobre el espionaje con globos de China para unas 150 personas de unas 40 embajadas, dijo al medio estadounidense un alto funcionario de la administraci\u00f3n, familiarizado con el asunto.<\/p>\n<p>El departamento tambi\u00e9n ha enviado a todas las embajadas de EE.UU. una \u00abinformaci\u00f3n detallada\u00bb sobre este tipo de espionaje. \u00abHa habido un gran inter\u00e9s en esto por parte de nuestros aliados y socios\u00bb, dijo un responsable de la administraci\u00f3n.<\/p>\n<p>Los analistas a\u00fan no conocen el tama\u00f1o de la flota de globos, pero ha habido \u00abdocenas\u00bb de misiones desde 2018, dijo otro funcionario estadounidense citado por el diario. Y agreg\u00f3 que aprovechan la tecnolog\u00eda proporcionada por una empresa privada china que forma parte del esfuerzo de fusi\u00f3n civil-militar del pa\u00eds, un programa mediante el cual las empresas privadas desarrollan tecnolog\u00edas y capacidades utilizadas por el EP.<\/p><div class=\"yxxfa69ee3d2de8a79\" ><p style=\"text-align: center;\"><a href=\"https:\/\/t.me\/noticiasdigital58\" target=\"_blank\" rel=\"noopener\"><img class=\"aligncenter size-full wp-image-125363\" src=\"https:\/\/digital58.com.ve\/site\/wp-content\/uploads\/2021\/04\/banner-telegram-web-2021.png\" alt=\"\" width=\"600\" height=\"90\" \/><\/a><\/p><\/div><style type=\"text\/css\">\r\n@media screen and (min-width: 1201px) {\r\n.yxxfa69ee3d2de8a79 {\r\ndisplay: block;\r\n}\r\n}\r\n@media screen and (min-width: 993px) and (max-width: 1200px) {\r\n.yxxfa69ee3d2de8a79 {\r\ndisplay: block;\r\n}\r\n}\r\n@media screen and (min-width: 769px) and (max-width: 992px) {\r\n.yxxfa69ee3d2de8a79 {\r\ndisplay: block;\r\n}\r\n}\r\n@media screen and (min-width: 768px) and (max-width: 768px) {\r\n.yxxfa69ee3d2de8a79 {\r\ndisplay: block;\r\n}\r\n}\r\n@media screen and (max-width: 767px) {\r\n.yxxfa69ee3d2de8a79 {\r\ndisplay: block;\r\n}\r\n}\r\n<\/style>\r\n\n<p class=\"p1\"><b>Redacci\u00f3n ND58 | DW<\/b><br \/>\n<b>Edici\u00f3n: \u00c1\u00f1ez, Caren\u00a0<\/b><br \/>\n<b>Gr\u00e1fica: Cortes\u00eda <\/b><\/p>\n<div style=\"margin-top: 0px; margin-bottom: 0px;\" class=\"sharethis-inline-share-buttons\" ><\/div>","protected":false},"excerpt":{"rendered":"<p>The Washington Post ha publicado que los servicios de inteligencia estadounidenses creen que el globo esp\u00eda chino, derribado el s\u00e1bado\u00a0<\/p>\n","protected":false},"author":39,"featured_media":162636,"comment_status":"open","ping_status":"closed","sticky":false,"template":"","format":"standard","meta":{"colormag_page_container_layout":"default_layout","colormag_page_sidebar_layout":"default_layout","_uag_custom_page_level_css":"","footnotes":""},"categories":[16451],"tags":[1793,21325,30431,17164,1304,30429,30430,8,14326,6307],"class_list":["post-162635","post","type-post","status-publish","format-standard","has-post-thumbnail","hentry","category-mundo","tag-china","tag-conflictos-politicos","tag-ejercito-popular-de-liberacion","tag-espionaje","tag-estados-unidos","tag-globo-chino","tag-globos-de-vigilancia","tag-internacionales","tag-politica-internacional","tag-washington"],"yoast_head":"<!-- This site is optimized with the Yoast SEO plugin v27.4 - https:\/\/yoast.com\/product\/yoast-seo-wordpress\/ -->\n<title>El globo chino ser\u00eda parte de un extenso programa de vigilancia a\u00e9rea<\/title>\n<meta name=\"robots\" content=\"index, follow, max-snippet:-1, max-image-preview:large, max-video-preview:-1\" \/>\n<link rel=\"canonical\" href=\"https:\/\/digital58.com.ve\/site\/2023\/02\/08\/el-globo-chino-seria-parte-de-un-extenso-programa-de-vigilancia-aerea\/\" \/>\n<meta property=\"og:locale\" content=\"es_ES\" \/>\n<meta property=\"og:type\" content=\"article\" \/>\n<meta property=\"og:title\" content=\"El globo chino ser\u00eda parte de un extenso programa de vigilancia a\u00e9rea\" \/>\n<meta property=\"og:url\" content=\"https:\/\/digital58.com.ve\/site\/2023\/02\/08\/el-globo-chino-seria-parte-de-un-extenso-programa-de-vigilancia-aerea\/\" \/>\n<meta property=\"og:site_name\" content=\"Noticias Digital58\" \/>\n<meta property=\"article:published_time\" content=\"2023-02-08T13:56:05+00:00\" \/>\n<meta property=\"article:modified_time\" content=\"2023-02-08T14:05:17+00:00\" \/>\n<meta property=\"og:image\" content=\"https:\/\/i0.wp.com\/digital58.com.ve\/site\/wp-content\/uploads\/2023\/02\/globo1.webp?fit=1024%2C595&ssl=1\" \/>\n\t<meta property=\"og:image:width\" content=\"1024\" \/>\n\t<meta property=\"og:image:height\" content=\"595\" \/>\n\t<meta property=\"og:image:type\" content=\"image\/webp\" \/>\n<meta name=\"author\" content=\"Caren A\u00f1ez\" \/>\n<meta name=\"twitter:card\" content=\"summary_large_image\" \/>\n<meta name=\"twitter:creator\" content=\"@carenanez\" \/>\n<meta name=\"twitter:site\" content=\"@villasmilhfoto\" \/>\n<meta name=\"twitter:label1\" content=\"Escrito por\" \/>\n\t<meta name=\"twitter:data1\" content=\"Caren A\u00f1ez\" \/>\n\t<meta name=\"twitter:label2\" content=\"Tiempo estimado de lectura\" \/>\n\t<meta name=\"twitter:data2\" content=\"2 minutos\" \/>\n<script type=\"application\/ld+json\" class=\"yoast-schema-graph\">{\"@context\":\"https:\\\/\\\/schema.org\",\"@graph\":[{\"@type\":\"Article\",\"@id\":\"https:\\\/\\\/digital58.com.ve\\\/site\\\/2023\\\/02\\\/08\\\/el-globo-chino-seria-parte-de-un-extenso-programa-de-vigilancia-aerea\\\/#article\",\"isPartOf\":{\"@id\":\"https:\\\/\\\/digital58.com.ve\\\/site\\\/2023\\\/02\\\/08\\\/el-globo-chino-seria-parte-de-un-extenso-programa-de-vigilancia-aerea\\\/\"},\"author\":{\"name\":\"Caren A\u00f1ez\",\"@id\":\"https:\\\/\\\/digital58.com.ve\\\/site\\\/#\\\/schema\\\/person\\\/38596b127602deaa13fbcd7585635238\"},\"headline\":\"El globo chino ser\u00eda parte de un extenso programa de vigilancia a\u00e9rea\",\"datePublished\":\"2023-02-08T13:56:05+00:00\",\"dateModified\":\"2023-02-08T14:05:17+00:00\",\"mainEntityOfPage\":{\"@id\":\"https:\\\/\\\/digital58.com.ve\\\/site\\\/2023\\\/02\\\/08\\\/el-globo-chino-seria-parte-de-un-extenso-programa-de-vigilancia-aerea\\\/\"},\"wordCount\":384,\"commentCount\":0,\"publisher\":{\"@id\":\"https:\\\/\\\/digital58.com.ve\\\/site\\\/#\\\/schema\\\/person\\\/64d1c2e4d0d4fd1b849980c4331c2951\"},\"image\":{\"@id\":\"https:\\\/\\\/digital58.com.ve\\\/site\\\/2023\\\/02\\\/08\\\/el-globo-chino-seria-parte-de-un-extenso-programa-de-vigilancia-aerea\\\/#primaryimage\"},\"thumbnailUrl\":\"https:\\\/\\\/digital58.com.ve\\\/site\\\/wp-content\\\/uploads\\\/2023\\\/02\\\/globo1.webp\",\"keywords\":[\"China\",\"Conflictos pol\u00edticos\",\"Ej\u00e9rcito Popular de Liberaci\u00f3n\",\"espionaje\",\"Estados Unidos\",\"Globo Chino\",\"Globos de vigilancia\",\"Internacionales\",\"Pol\u00edtica internacional\",\"Washington\"],\"articleSection\":[\"Mundo\"],\"inLanguage\":\"es\",\"potentialAction\":[{\"@type\":\"CommentAction\",\"name\":\"Comment\",\"target\":[\"https:\\\/\\\/digital58.com.ve\\\/site\\\/2023\\\/02\\\/08\\\/el-globo-chino-seria-parte-de-un-extenso-programa-de-vigilancia-aerea\\\/#respond\"]}]},{\"@type\":\"WebPage\",\"@id\":\"https:\\\/\\\/digital58.com.ve\\\/site\\\/2023\\\/02\\\/08\\\/el-globo-chino-seria-parte-de-un-extenso-programa-de-vigilancia-aerea\\\/\",\"url\":\"https:\\\/\\\/digital58.com.ve\\\/site\\\/2023\\\/02\\\/08\\\/el-globo-chino-seria-parte-de-un-extenso-programa-de-vigilancia-aerea\\\/\",\"name\":\"El globo chino ser\u00eda parte de un extenso programa de vigilancia a\u00e9rea\",\"isPartOf\":{\"@id\":\"https:\\\/\\\/digital58.com.ve\\\/site\\\/#website\"},\"primaryImageOfPage\":{\"@id\":\"https:\\\/\\\/digital58.com.ve\\\/site\\\/2023\\\/02\\\/08\\\/el-globo-chino-seria-parte-de-un-extenso-programa-de-vigilancia-aerea\\\/#primaryimage\"},\"image\":{\"@id\":\"https:\\\/\\\/digital58.com.ve\\\/site\\\/2023\\\/02\\\/08\\\/el-globo-chino-seria-parte-de-un-extenso-programa-de-vigilancia-aerea\\\/#primaryimage\"},\"thumbnailUrl\":\"https:\\\/\\\/digital58.com.ve\\\/site\\\/wp-content\\\/uploads\\\/2023\\\/02\\\/globo1.webp\",\"datePublished\":\"2023-02-08T13:56:05+00:00\",\"dateModified\":\"2023-02-08T14:05:17+00:00\",\"breadcrumb\":{\"@id\":\"https:\\\/\\\/digital58.com.ve\\\/site\\\/2023\\\/02\\\/08\\\/el-globo-chino-seria-parte-de-un-extenso-programa-de-vigilancia-aerea\\\/#breadcrumb\"},\"inLanguage\":\"es\",\"potentialAction\":[{\"@type\":\"ReadAction\",\"target\":[\"https:\\\/\\\/digital58.com.ve\\\/site\\\/2023\\\/02\\\/08\\\/el-globo-chino-seria-parte-de-un-extenso-programa-de-vigilancia-aerea\\\/\"]}]},{\"@type\":\"ImageObject\",\"inLanguage\":\"es\",\"@id\":\"https:\\\/\\\/digital58.com.ve\\\/site\\\/2023\\\/02\\\/08\\\/el-globo-chino-seria-parte-de-un-extenso-programa-de-vigilancia-aerea\\\/#primaryimage\",\"url\":\"https:\\\/\\\/digital58.com.ve\\\/site\\\/wp-content\\\/uploads\\\/2023\\\/02\\\/globo1.webp\",\"contentUrl\":\"https:\\\/\\\/digital58.com.ve\\\/site\\\/wp-content\\\/uploads\\\/2023\\\/02\\\/globo1.webp\",\"width\":1024,\"height\":595},{\"@type\":\"BreadcrumbList\",\"@id\":\"https:\\\/\\\/digital58.com.ve\\\/site\\\/2023\\\/02\\\/08\\\/el-globo-chino-seria-parte-de-un-extenso-programa-de-vigilancia-aerea\\\/#breadcrumb\",\"itemListElement\":[{\"@type\":\"ListItem\",\"position\":1,\"name\":\"Home\",\"item\":\"https:\\\/\\\/digital58.com.ve\\\/site\\\/\"},{\"@type\":\"ListItem\",\"position\":2,\"name\":\"El globo chino ser\u00eda parte de un extenso programa de vigilancia a\u00e9rea\"}]},{\"@type\":\"WebSite\",\"@id\":\"https:\\\/\\\/digital58.com.ve\\\/site\\\/#website\",\"url\":\"https:\\\/\\\/digital58.com.ve\\\/site\\\/\",\"name\":\"Noticias Digital58\",\"description\":\"Portal de Noticias \u00a1Periodismo web de verdad! Lanzamiento web 22.11.2005 \\\/ Maracaibo, Venezuela\",\"publisher\":{\"@id\":\"https:\\\/\\\/digital58.com.ve\\\/site\\\/#\\\/schema\\\/person\\\/64d1c2e4d0d4fd1b849980c4331c2951\"},\"alternateName\":\"ND58\",\"potentialAction\":[{\"@type\":\"SearchAction\",\"target\":{\"@type\":\"EntryPoint\",\"urlTemplate\":\"https:\\\/\\\/digital58.com.ve\\\/site\\\/?s={search_term_string}\"},\"query-input\":{\"@type\":\"PropertyValueSpecification\",\"valueRequired\":true,\"valueName\":\"search_term_string\"}}],\"inLanguage\":\"es\"},{\"@type\":[\"Person\",\"Organization\"],\"@id\":\"https:\\\/\\\/digital58.com.ve\\\/site\\\/#\\\/schema\\\/person\\\/64d1c2e4d0d4fd1b849980c4331c2951\",\"name\":\"Villasmil Henry\",\"image\":{\"@type\":\"ImageObject\",\"inLanguage\":\"es\",\"@id\":\"https:\\\/\\\/secure.gravatar.com\\\/avatar\\\/bb0c4a2fcb7970138239f7e404ea75757b1b507b28b5ce4c53fbd62d797c5a7c?s=96&d=mm&r=g\",\"url\":\"https:\\\/\\\/secure.gravatar.com\\\/avatar\\\/bb0c4a2fcb7970138239f7e404ea75757b1b507b28b5ce4c53fbd62d797c5a7c?s=96&d=mm&r=g\",\"contentUrl\":\"https:\\\/\\\/secure.gravatar.com\\\/avatar\\\/bb0c4a2fcb7970138239f7e404ea75757b1b507b28b5ce4c53fbd62d797c5a7c?s=96&d=mm&r=g\",\"caption\":\"Villasmil Henry\"},\"logo\":{\"@id\":\"https:\\\/\\\/secure.gravatar.com\\\/avatar\\\/bb0c4a2fcb7970138239f7e404ea75757b1b507b28b5ce4c53fbd62d797c5a7c?s=96&d=mm&r=g\"},\"sameAs\":[\"http:\\\/\\\/www.henryvillasmil.com.ve\",\"https:\\\/\\\/www.instagram.com\\\/villasmilhfoto\\\/\",\"https:\\\/\\\/x.com\\\/https:\\\/\\\/twitter.com\\\/villasmilhfoto\"]},{\"@type\":\"Person\",\"@id\":\"https:\\\/\\\/digital58.com.ve\\\/site\\\/#\\\/schema\\\/person\\\/38596b127602deaa13fbcd7585635238\",\"name\":\"Caren A\u00f1ez\",\"image\":{\"@type\":\"ImageObject\",\"inLanguage\":\"es\",\"@id\":\"https:\\\/\\\/secure.gravatar.com\\\/avatar\\\/53aadd693aa414991c9ff2f2b19c39be94d2c342463b80f5402d344911bc9782?s=96&d=mm&r=g\",\"url\":\"https:\\\/\\\/secure.gravatar.com\\\/avatar\\\/53aadd693aa414991c9ff2f2b19c39be94d2c342463b80f5402d344911bc9782?s=96&d=mm&r=g\",\"contentUrl\":\"https:\\\/\\\/secure.gravatar.com\\\/avatar\\\/53aadd693aa414991c9ff2f2b19c39be94d2c342463b80f5402d344911bc9782?s=96&d=mm&r=g\",\"caption\":\"Caren A\u00f1ez\"},\"description\":\"\ud83d\udc69\u200d\ud83c\udfa4Editora en @digital_58 \ud83d\udc69\ud83c\udffb\u200d\ud83c\udfebPeriodista musical y de entretenimiento. \ud83d\udcf8Fotografa \ud83d\udc69\ud83c\udffb\u200d\ud83d\udcbbMedia Management. \ud83d\udc69\u200d\ud83d\udc67\u200d\ud83d\udc67AspieMon 24\\\/7\",\"sameAs\":[\"https:\\\/\\\/www.instagram.com\\\/carenanez\\\/\",\"https:\\\/\\\/x.com\\\/carenanez\"],\"url\":\"https:\\\/\\\/digital58.com.ve\\\/site\\\/author\\\/carena21\\\/\"}]}<\/script>\n<!-- \/ Yoast SEO plugin. -->","yoast_head_json":{"title":"El globo chino ser\u00eda parte de un extenso programa de vigilancia a\u00e9rea","robots":{"index":"index","follow":"follow","max-snippet":"max-snippet:-1","max-image-preview":"max-image-preview:large","max-video-preview":"max-video-preview:-1"},"canonical":"https:\/\/digital58.com.ve\/site\/2023\/02\/08\/el-globo-chino-seria-parte-de-un-extenso-programa-de-vigilancia-aerea\/","og_locale":"es_ES","og_type":"article","og_title":"El globo chino ser\u00eda parte de un extenso programa de vigilancia a\u00e9rea","og_url":"https:\/\/digital58.com.ve\/site\/2023\/02\/08\/el-globo-chino-seria-parte-de-un-extenso-programa-de-vigilancia-aerea\/","og_site_name":"Noticias Digital58","article_published_time":"2023-02-08T13:56:05+00:00","article_modified_time":"2023-02-08T14:05:17+00:00","og_image":[{"width":1024,"height":595,"url":"https:\/\/i0.wp.com\/digital58.com.ve\/site\/wp-content\/uploads\/2023\/02\/globo1.webp?fit=1024%2C595&ssl=1","type":"image\/webp"}],"author":"Caren A\u00f1ez","twitter_card":"summary_large_image","twitter_creator":"@carenanez","twitter_site":"@villasmilhfoto","twitter_misc":{"Escrito por":"Caren A\u00f1ez","Tiempo estimado de lectura":"2 minutos"},"schema":{"@context":"https:\/\/schema.org","@graph":[{"@type":"Article","@id":"https:\/\/digital58.com.ve\/site\/2023\/02\/08\/el-globo-chino-seria-parte-de-un-extenso-programa-de-vigilancia-aerea\/#article","isPartOf":{"@id":"https:\/\/digital58.com.ve\/site\/2023\/02\/08\/el-globo-chino-seria-parte-de-un-extenso-programa-de-vigilancia-aerea\/"},"author":{"name":"Caren A\u00f1ez","@id":"https:\/\/digital58.com.ve\/site\/#\/schema\/person\/38596b127602deaa13fbcd7585635238"},"headline":"El globo chino ser\u00eda parte de un extenso programa de vigilancia a\u00e9rea","datePublished":"2023-02-08T13:56:05+00:00","dateModified":"2023-02-08T14:05:17+00:00","mainEntityOfPage":{"@id":"https:\/\/digital58.com.ve\/site\/2023\/02\/08\/el-globo-chino-seria-parte-de-un-extenso-programa-de-vigilancia-aerea\/"},"wordCount":384,"commentCount":0,"publisher":{"@id":"https:\/\/digital58.com.ve\/site\/#\/schema\/person\/64d1c2e4d0d4fd1b849980c4331c2951"},"image":{"@id":"https:\/\/digital58.com.ve\/site\/2023\/02\/08\/el-globo-chino-seria-parte-de-un-extenso-programa-de-vigilancia-aerea\/#primaryimage"},"thumbnailUrl":"https:\/\/digital58.com.ve\/site\/wp-content\/uploads\/2023\/02\/globo1.webp","keywords":["China","Conflictos pol\u00edticos","Ej\u00e9rcito Popular de Liberaci\u00f3n","espionaje","Estados Unidos","Globo Chino","Globos de vigilancia","Internacionales","Pol\u00edtica internacional","Washington"],"articleSection":["Mundo"],"inLanguage":"es","potentialAction":[{"@type":"CommentAction","name":"Comment","target":["https:\/\/digital58.com.ve\/site\/2023\/02\/08\/el-globo-chino-seria-parte-de-un-extenso-programa-de-vigilancia-aerea\/#respond"]}]},{"@type":"WebPage","@id":"https:\/\/digital58.com.ve\/site\/2023\/02\/08\/el-globo-chino-seria-parte-de-un-extenso-programa-de-vigilancia-aerea\/","url":"https:\/\/digital58.com.ve\/site\/2023\/02\/08\/el-globo-chino-seria-parte-de-un-extenso-programa-de-vigilancia-aerea\/","name":"El globo chino ser\u00eda parte de un extenso programa de vigilancia a\u00e9rea","isPartOf":{"@id":"https:\/\/digital58.com.ve\/site\/#website"},"primaryImageOfPage":{"@id":"https:\/\/digital58.com.ve\/site\/2023\/02\/08\/el-globo-chino-seria-parte-de-un-extenso-programa-de-vigilancia-aerea\/#primaryimage"},"image":{"@id":"https:\/\/digital58.com.ve\/site\/2023\/02\/08\/el-globo-chino-seria-parte-de-un-extenso-programa-de-vigilancia-aerea\/#primaryimage"},"thumbnailUrl":"https:\/\/digital58.com.ve\/site\/wp-content\/uploads\/2023\/02\/globo1.webp","datePublished":"2023-02-08T13:56:05+00:00","dateModified":"2023-02-08T14:05:17+00:00","breadcrumb":{"@id":"https:\/\/digital58.com.ve\/site\/2023\/02\/08\/el-globo-chino-seria-parte-de-un-extenso-programa-de-vigilancia-aerea\/#breadcrumb"},"inLanguage":"es","potentialAction":[{"@type":"ReadAction","target":["https:\/\/digital58.com.ve\/site\/2023\/02\/08\/el-globo-chino-seria-parte-de-un-extenso-programa-de-vigilancia-aerea\/"]}]},{"@type":"ImageObject","inLanguage":"es","@id":"https:\/\/digital58.com.ve\/site\/2023\/02\/08\/el-globo-chino-seria-parte-de-un-extenso-programa-de-vigilancia-aerea\/#primaryimage","url":"https:\/\/digital58.com.ve\/site\/wp-content\/uploads\/2023\/02\/globo1.webp","contentUrl":"https:\/\/digital58.com.ve\/site\/wp-content\/uploads\/2023\/02\/globo1.webp","width":1024,"height":595},{"@type":"BreadcrumbList","@id":"https:\/\/digital58.com.ve\/site\/2023\/02\/08\/el-globo-chino-seria-parte-de-un-extenso-programa-de-vigilancia-aerea\/#breadcrumb","itemListElement":[{"@type":"ListItem","position":1,"name":"Home","item":"https:\/\/digital58.com.ve\/site\/"},{"@type":"ListItem","position":2,"name":"El globo chino ser\u00eda parte de un extenso programa de vigilancia a\u00e9rea"}]},{"@type":"WebSite","@id":"https:\/\/digital58.com.ve\/site\/#website","url":"https:\/\/digital58.com.ve\/site\/","name":"Noticias Digital58","description":"Portal de Noticias \u00a1Periodismo web de verdad! Lanzamiento web 22.11.2005 \/ Maracaibo, Venezuela","publisher":{"@id":"https:\/\/digital58.com.ve\/site\/#\/schema\/person\/64d1c2e4d0d4fd1b849980c4331c2951"},"alternateName":"ND58","potentialAction":[{"@type":"SearchAction","target":{"@type":"EntryPoint","urlTemplate":"https:\/\/digital58.com.ve\/site\/?s={search_term_string}"},"query-input":{"@type":"PropertyValueSpecification","valueRequired":true,"valueName":"search_term_string"}}],"inLanguage":"es"},{"@type":["Person","Organization"],"@id":"https:\/\/digital58.com.ve\/site\/#\/schema\/person\/64d1c2e4d0d4fd1b849980c4331c2951","name":"Villasmil Henry","image":{"@type":"ImageObject","inLanguage":"es","@id":"https:\/\/secure.gravatar.com\/avatar\/bb0c4a2fcb7970138239f7e404ea75757b1b507b28b5ce4c53fbd62d797c5a7c?s=96&d=mm&r=g","url":"https:\/\/secure.gravatar.com\/avatar\/bb0c4a2fcb7970138239f7e404ea75757b1b507b28b5ce4c53fbd62d797c5a7c?s=96&d=mm&r=g","contentUrl":"https:\/\/secure.gravatar.com\/avatar\/bb0c4a2fcb7970138239f7e404ea75757b1b507b28b5ce4c53fbd62d797c5a7c?s=96&d=mm&r=g","caption":"Villasmil Henry"},"logo":{"@id":"https:\/\/secure.gravatar.com\/avatar\/bb0c4a2fcb7970138239f7e404ea75757b1b507b28b5ce4c53fbd62d797c5a7c?s=96&d=mm&r=g"},"sameAs":["http:\/\/www.henryvillasmil.com.ve","https:\/\/www.instagram.com\/villasmilhfoto\/","https:\/\/x.com\/https:\/\/twitter.com\/villasmilhfoto"]},{"@type":"Person","@id":"https:\/\/digital58.com.ve\/site\/#\/schema\/person\/38596b127602deaa13fbcd7585635238","name":"Caren A\u00f1ez","image":{"@type":"ImageObject","inLanguage":"es","@id":"https:\/\/secure.gravatar.com\/avatar\/53aadd693aa414991c9ff2f2b19c39be94d2c342463b80f5402d344911bc9782?s=96&d=mm&r=g","url":"https:\/\/secure.gravatar.com\/avatar\/53aadd693aa414991c9ff2f2b19c39be94d2c342463b80f5402d344911bc9782?s=96&d=mm&r=g","contentUrl":"https:\/\/secure.gravatar.com\/avatar\/53aadd693aa414991c9ff2f2b19c39be94d2c342463b80f5402d344911bc9782?s=96&d=mm&r=g","caption":"Caren A\u00f1ez"},"description":"\ud83d\udc69\u200d\ud83c\udfa4Editora en @digital_58 \ud83d\udc69\ud83c\udffb\u200d\ud83c\udfebPeriodista musical y de entretenimiento. \ud83d\udcf8Fotografa \ud83d\udc69\ud83c\udffb\u200d\ud83d\udcbbMedia Management. \ud83d\udc69\u200d\ud83d\udc67\u200d\ud83d\udc67AspieMon 24\/7","sameAs":["https:\/\/www.instagram.com\/carenanez\/","https:\/\/x.com\/carenanez"],"url":"https:\/\/digital58.com.ve\/site\/author\/carena21\/"}]}},"uagb_featured_image_src":{"full":["https:\/\/digital58.com.ve\/site\/wp-content\/uploads\/2023\/02\/globo1.webp",1024,595,false],"thumbnail":["https:\/\/digital58.com.ve\/site\/wp-content\/uploads\/2023\/02\/globo1-150x150.webp",150,150,true],"medium":["https:\/\/digital58.com.ve\/site\/wp-content\/uploads\/2023\/02\/globo1-300x174.webp",300,174,true],"medium_large":["https:\/\/digital58.com.ve\/site\/wp-content\/uploads\/2023\/02\/globo1-768x446.webp",768,446,true],"large":["https:\/\/digital58.com.ve\/site\/wp-content\/uploads\/2023\/02\/globo1-1000x581.webp",800,465,true],"1536x1536":["https:\/\/digital58.com.ve\/site\/wp-content\/uploads\/2023\/02\/globo1.webp",1024,595,false],"2048x2048":["https:\/\/digital58.com.ve\/site\/wp-content\/uploads\/2023\/02\/globo1.webp",1024,595,false],"colormag-highlighted-post":["https:\/\/digital58.com.ve\/site\/wp-content\/uploads\/2023\/02\/globo1-392x272.webp",392,272,true],"colormag-featured-post-medium":["https:\/\/digital58.com.ve\/site\/wp-content\/uploads\/2023\/02\/globo1-390x205.webp",390,205,true],"colormag-featured-post-small":["https:\/\/digital58.com.ve\/site\/wp-content\/uploads\/2023\/02\/globo1-130x90.webp",130,90,true],"colormag-featured-image":["https:\/\/digital58.com.ve\/site\/wp-content\/uploads\/2023\/02\/globo1-800x445.webp",800,445,true],"colormag-default-news":["https:\/\/digital58.com.ve\/site\/wp-content\/uploads\/2023\/02\/globo1.webp",150,87,false],"colormag-featured-image-large":["https:\/\/digital58.com.ve\/site\/wp-content\/uploads\/2023\/02\/globo1.webp",1024,595,false]},"uagb_author_info":{"display_name":"Caren A\u00f1ez","author_link":"https:\/\/digital58.com.ve\/site\/author\/carena21\/"},"uagb_comment_info":0,"uagb_excerpt":"The Washington Post ha publicado que los servicios de inteligencia estadounidenses creen que el globo esp\u00eda chino, derribado el s\u00e1bado\u00a0","_links":{"self":[{"href":"https:\/\/digital58.com.ve\/site\/wp-json\/wp\/v2\/posts\/162635","targetHints":{"allow":["GET"]}}],"collection":[{"href":"https:\/\/digital58.com.ve\/site\/wp-json\/wp\/v2\/posts"}],"about":[{"href":"https:\/\/digital58.com.ve\/site\/wp-json\/wp\/v2\/types\/post"}],"author":[{"embeddable":true,"href":"https:\/\/digital58.com.ve\/site\/wp-json\/wp\/v2\/users\/39"}],"replies":[{"embeddable":true,"href":"https:\/\/digital58.com.ve\/site\/wp-json\/wp\/v2\/comments?post=162635"}],"version-history":[{"count":0,"href":"https:\/\/digital58.com.ve\/site\/wp-json\/wp\/v2\/posts\/162635\/revisions"}],"wp:featuredmedia":[{"embeddable":true,"href":"https:\/\/digital58.com.ve\/site\/wp-json\/wp\/v2\/media\/162636"}],"wp:attachment":[{"href":"https:\/\/digital58.com.ve\/site\/wp-json\/wp\/v2\/media?parent=162635"}],"wp:term":[{"taxonomy":"category","embeddable":true,"href":"https:\/\/digital58.com.ve\/site\/wp-json\/wp\/v2\/categories?post=162635"},{"taxonomy":"post_tag","embeddable":true,"href":"https:\/\/digital58.com.ve\/site\/wp-json\/wp\/v2\/tags?post=162635"}],"curies":[{"name":"wp","href":"https:\/\/api.w.org\/{rel}","templated":true}]}}