{"id":162938,"date":"2023-03-03T17:37:47","date_gmt":"2023-03-03T21:37:47","guid":{"rendered":"https:\/\/digital58.com.ve\/site\/?p=162938"},"modified":"2023-03-03T19:23:30","modified_gmt":"2023-03-03T23:23:30","slug":"alicia-machado-se-inspira-en-ocasio-cortez-para-su-regreso-a-las-telenovelas","status":"publish","type":"post","link":"https:\/\/digital58.com.ve\/site\/2023\/03\/03\/alicia-machado-se-inspira-en-ocasio-cortez-para-su-regreso-a-las-telenovelas\/","title":{"rendered":"Alicia Machado se inspira en Ocasio-Cortez para su regreso a las telenovelas"},"content":{"rendered":"<p><a href=\"https:\/\/digital58.com.ve\/site\/wp-content\/uploads\/2023\/03\/alicia-machado.jpg\"><img loading=\"lazy\" decoding=\"async\" class=\"aligncenter size-full wp-image-162939\" src=\"https:\/\/digital58.com.ve\/site\/wp-content\/uploads\/2023\/03\/alicia-machado.jpg\" alt=\"\" width=\"800\" height=\"533\" srcset=\"https:\/\/digital58.com.ve\/site\/wp-content\/uploads\/2023\/03\/alicia-machado.jpg 800w, https:\/\/digital58.com.ve\/site\/wp-content\/uploads\/2023\/03\/alicia-machado-300x200.jpg 300w, https:\/\/digital58.com.ve\/site\/wp-content\/uploads\/2023\/03\/alicia-machado-768x512.jpg 768w\" sizes=\"auto, (max-width: 800px) 100vw, 800px\" \/><\/a><\/p>\n<p>\u00abJuego de Mentiras\u00bb comienza a transmitirse en Estados Unidos el 7 de marzo a las 10 de la noche. A\u00fan no se ha informado sobre su estreno internacional.<\/p>\n<p><strong>EE.UU., 03 de marzo de 2023 (ND58).-<\/strong> Alicia Machado regresa a las telenovelas con el personaje de Alejandra Edwards, una candidata al Senado, para la que se inspir\u00f3 en \u00abla fuerza y la forma de ser\u00bb de la estrella latina del ala progresista de los dem\u00f3cratas, Alexandria Ocasio-Cortez, indic\u00f3 la ex Miss Universo en entrevista con EFE.<\/p>\n<p>\u00abFue fascinante poder meterme en la cabeza de una senadora y hacer campa\u00f1a electoral\u00bb, dijo la actriz sobre su personaje en \u00abJuego de Mentiras\u00bb, la nueva producci\u00f3n de la cadena Telemundo.<\/p>\n<p>\u00abMe encanta esa muchachita (Alexandria Ocasio-Cortez), la forma en la que se expresa. Los temas que defiende. Tom\u00e9 mucho de ella para Alejandra\u00bb, indic\u00f3 la artista venezolana, en relaci\u00f3n a la representante del distrito 14 de Nueva York en la C\u00e1mara de Representantes de Estados Unidos, quien en las elecciones de 2018 se convirti\u00f3 en la persona m\u00e1s joven en llegar al Congreso. Ten\u00eda 29 a\u00f1os.<\/p>\n<p>Desde entonces, Ocasio-Cortez, de padres puertorrique\u00f1os, ha sido una de las pol\u00edticas m\u00e1s prominentes y controvertidas del pa\u00eds, abogando por pol\u00edticas progresistas como el Green New Deal, la atenci\u00f3n m\u00e9dica universal y la justicia social.<\/p>\n<p>\u00abDe hecho, el lema electoral de Edwards es \u00abUna latina para las latinas\u00bb, destacando la importancia de nuestras mujeres\u00bb, subray\u00f3 Machado, quien es una activista en defensa de las mujeres y a menudo habla abiertamente sobre su experiencia de abuso y discriminaci\u00f3n en la industria del entretenimiento.<\/p>\n<p>Incluso, fue una de las portavoces para la comunidad latina de la campa\u00f1a presidencial de Hillary Clinton y us\u00f3 su fama para contar el acoso que sufri\u00f3 por parte del ganador de la contienda y ahora ex presidente Donald Trump, quien era due\u00f1o de la Organizaci\u00f3n Miss Universo cuando ella gan\u00f3 el certamen en 1996.<\/p>\n<p>Esa experiencia fue \u00abfundamental\u00bb para hacer su papel en \u00abJuego de Mentiras\u00bb.<\/p>\n<p>Aunque rechaza colocarla dentro de los cl\u00e1sicos arquetipos de las telenovelas, Machado reconoce que Alejandra Edwards tiene mucho de villana, al ser \u00abbastante narcisista. Solo se enfoca en lo que la beneficia a ella y nada m\u00e1s\u00bb.<\/p>\n<p>La historia, en la que Machado comparte carteles con los mexicanos Arap Bethke, Alta\u00edr Jarabo, Eduardo Y\u00e1\u00f1ez, Cynthia Klitbo y Pepe G\u00e1mez y la ecuatoriana Mar\u00eda Elisa Camargo como protagonista, se desarrolla en Los \u00c1ngeles y ha sido definida como un \u00abthriller\u00bb. En el centro est\u00e1 la investigaci\u00f3n policial sobre la desaparici\u00f3n de una mujer (Camargo).<\/p>\n<p>Para la artista y empresaria venezolana es \u00abmuy especial\u00bb que su regreso a las telenovelas, despu\u00e9s de ocho a\u00f1os de ausencia, sea en un proyecto que estrene en la v\u00edspera del \u00abD\u00eda Internacional de la Mujer\u00bb, pues \u00abtodos los personajes femeninos, m\u00e1s all\u00e1 de su funci\u00f3n en hacer mover la historia, tienen muchas cosas potentes que decir. As\u00ed como yo, que a los 46 a\u00f1os finalmente estoy usando mi voz para lo que importa\u00bb.<\/p>\n<p><strong>Redacci\u00f3n ND58 | Fuente: EFE<\/strong><br \/>\n<strong>Edici\u00f3n: Villasmil, Henry<\/strong><br \/>\n<strong>Gr\u00e1fica: Cortes\u00eda<\/strong><\/p>\n<p>&nbsp;<\/p><div class=\"zpnqc69f446485f18e\" ><p style=\"text-align: center;\"><a href=\"https:\/\/t.me\/noticiasdigital58\" target=\"_blank\" rel=\"noopener\"><img class=\"aligncenter size-full wp-image-125363\" src=\"https:\/\/digital58.com.ve\/site\/wp-content\/uploads\/2021\/04\/banner-telegram-web-2021.png\" alt=\"\" width=\"600\" height=\"90\" \/><\/a><\/p><\/div><style type=\"text\/css\">\r\n@media screen and (min-width: 1201px) {\r\n.zpnqc69f446485f18e {\r\ndisplay: block;\r\n}\r\n}\r\n@media screen and (min-width: 993px) and (max-width: 1200px) {\r\n.zpnqc69f446485f18e {\r\ndisplay: block;\r\n}\r\n}\r\n@media screen and (min-width: 769px) and (max-width: 992px) {\r\n.zpnqc69f446485f18e {\r\ndisplay: block;\r\n}\r\n}\r\n@media screen and (min-width: 768px) and (max-width: 768px) {\r\n.zpnqc69f446485f18e {\r\ndisplay: block;\r\n}\r\n}\r\n@media screen and (max-width: 767px) {\r\n.zpnqc69f446485f18e {\r\ndisplay: block;\r\n}\r\n}\r\n<\/style>\r\n\n<p>&nbsp;<\/p>\n<div style=\"margin-top: 0px; margin-bottom: 0px;\" class=\"sharethis-inline-share-buttons\" ><\/div>","protected":false},"excerpt":{"rendered":"<p>\u00abJuego de Mentiras\u00bb comienza a transmitirse en Estados Unidos el 7 de marzo a las 10 de la noche. A\u00fan<\/p>\n","protected":false},"author":1,"featured_media":162939,"comment_status":"open","ping_status":"closed","sticky":false,"template":"","format":"standard","meta":{"colormag_page_container_layout":"default_layout","colormag_page_sidebar_layout":"default_layout","_uag_custom_page_level_css":"","footnotes":""},"categories":[1],"tags":[1836,17415,12740,50,273,2323,2125,134,135],"class_list":["post-162938","post","type-post","status-publish","format-standard","has-post-thumbnail","hentry","category-fama","tag-actrices","tag-alicia-machado","tag-ee-uu","tag-entretenimiento","tag-farandula","tag-telemundo","tag-telenovelas","tag-tv","tag-venezolanos-en-el-exterior"],"yoast_head":"<!-- This site is optimized with the Yoast SEO plugin v27.5 - https:\/\/yoast.com\/product\/yoast-seo-wordpress\/ -->\n<title>Alicia Machado se inspira en Ocasio-Cortez para su regreso a las telenovelas<\/title>\n<meta name=\"description\" content=\"Fama\" \/>\n<meta name=\"robots\" content=\"index, follow, max-snippet:-1, max-image-preview:large, max-video-preview:-1\" \/>\n<link rel=\"canonical\" href=\"https:\/\/digital58.com.ve\/site\/2023\/03\/03\/alicia-machado-se-inspira-en-ocasio-cortez-para-su-regreso-a-las-telenovelas\/\" \/>\n<meta property=\"og:locale\" content=\"es_ES\" \/>\n<meta property=\"og:type\" content=\"article\" \/>\n<meta property=\"og:title\" content=\"Alicia Machado se inspira en Ocasio-Cortez para su regreso a las telenovelas\" \/>\n<meta property=\"og:description\" content=\"Fama\" \/>\n<meta property=\"og:url\" content=\"https:\/\/digital58.com.ve\/site\/2023\/03\/03\/alicia-machado-se-inspira-en-ocasio-cortez-para-su-regreso-a-las-telenovelas\/\" \/>\n<meta property=\"og:site_name\" content=\"Noticias Digital58\" \/>\n<meta property=\"article:published_time\" content=\"2023-03-03T21:37:47+00:00\" \/>\n<meta property=\"article:modified_time\" content=\"2023-03-03T23:23:30+00:00\" \/>\n<meta property=\"og:image\" content=\"https:\/\/digital58.com.ve\/site\/wp-content\/uploads\/2023\/03\/alicia-machado.jpg\" \/>\n\t<meta property=\"og:image:width\" content=\"800\" \/>\n\t<meta property=\"og:image:height\" content=\"533\" \/>\n\t<meta property=\"og:image:type\" content=\"image\/jpeg\" \/>\n<meta name=\"author\" content=\"Villasmil Henry\" \/>\n<meta name=\"twitter:card\" content=\"summary_large_image\" \/>\n<meta name=\"twitter:creator\" content=\"@https:\/\/twitter.com\/villasmilhfoto\" \/>\n<meta name=\"twitter:site\" content=\"@villasmilhfoto\" \/>\n<meta name=\"twitter:label1\" content=\"Escrito por\" \/>\n\t<meta name=\"twitter:data1\" content=\"Villasmil Henry\" \/>\n\t<meta name=\"twitter:label2\" content=\"Tiempo estimado de lectura\" \/>\n\t<meta name=\"twitter:data2\" content=\"3 minutos\" \/>\n<script type=\"application\/ld+json\" class=\"yoast-schema-graph\">{\"@context\":\"https:\\\/\\\/schema.org\",\"@graph\":[{\"@type\":\"Article\",\"@id\":\"https:\\\/\\\/digital58.com.ve\\\/site\\\/2023\\\/03\\\/03\\\/alicia-machado-se-inspira-en-ocasio-cortez-para-su-regreso-a-las-telenovelas\\\/#article\",\"isPartOf\":{\"@id\":\"https:\\\/\\\/digital58.com.ve\\\/site\\\/2023\\\/03\\\/03\\\/alicia-machado-se-inspira-en-ocasio-cortez-para-su-regreso-a-las-telenovelas\\\/\"},\"author\":{\"name\":\"Villasmil Henry\",\"@id\":\"https:\\\/\\\/digital58.com.ve\\\/site\\\/#\\\/schema\\\/person\\\/64d1c2e4d0d4fd1b849980c4331c2951\"},\"headline\":\"Alicia Machado se inspira en Ocasio-Cortez para su regreso a las telenovelas\",\"datePublished\":\"2023-03-03T21:37:47+00:00\",\"dateModified\":\"2023-03-03T23:23:30+00:00\",\"mainEntityOfPage\":{\"@id\":\"https:\\\/\\\/digital58.com.ve\\\/site\\\/2023\\\/03\\\/03\\\/alicia-machado-se-inspira-en-ocasio-cortez-para-su-regreso-a-las-telenovelas\\\/\"},\"wordCount\":553,\"commentCount\":0,\"publisher\":{\"@id\":\"https:\\\/\\\/digital58.com.ve\\\/site\\\/#\\\/schema\\\/person\\\/64d1c2e4d0d4fd1b849980c4331c2951\"},\"image\":{\"@id\":\"https:\\\/\\\/digital58.com.ve\\\/site\\\/2023\\\/03\\\/03\\\/alicia-machado-se-inspira-en-ocasio-cortez-para-su-regreso-a-las-telenovelas\\\/#primaryimage\"},\"thumbnailUrl\":\"https:\\\/\\\/digital58.com.ve\\\/site\\\/wp-content\\\/uploads\\\/2023\\\/03\\\/alicia-machado.jpg\",\"keywords\":[\"Actrices\",\"Alicia Machado\",\"EE.UU\",\"Entretenimiento\",\"Far\u00e1ndula\",\"Telemundo\",\"Telenovelas\",\"TV\",\"Venezolanos en el exterior\"],\"articleSection\":[\"Fama\"],\"inLanguage\":\"es\",\"potentialAction\":[{\"@type\":\"CommentAction\",\"name\":\"Comment\",\"target\":[\"https:\\\/\\\/digital58.com.ve\\\/site\\\/2023\\\/03\\\/03\\\/alicia-machado-se-inspira-en-ocasio-cortez-para-su-regreso-a-las-telenovelas\\\/#respond\"]}]},{\"@type\":\"WebPage\",\"@id\":\"https:\\\/\\\/digital58.com.ve\\\/site\\\/2023\\\/03\\\/03\\\/alicia-machado-se-inspira-en-ocasio-cortez-para-su-regreso-a-las-telenovelas\\\/\",\"url\":\"https:\\\/\\\/digital58.com.ve\\\/site\\\/2023\\\/03\\\/03\\\/alicia-machado-se-inspira-en-ocasio-cortez-para-su-regreso-a-las-telenovelas\\\/\",\"name\":\"Alicia Machado se inspira en Ocasio-Cortez para su regreso a las telenovelas\",\"isPartOf\":{\"@id\":\"https:\\\/\\\/digital58.com.ve\\\/site\\\/#website\"},\"primaryImageOfPage\":{\"@id\":\"https:\\\/\\\/digital58.com.ve\\\/site\\\/2023\\\/03\\\/03\\\/alicia-machado-se-inspira-en-ocasio-cortez-para-su-regreso-a-las-telenovelas\\\/#primaryimage\"},\"image\":{\"@id\":\"https:\\\/\\\/digital58.com.ve\\\/site\\\/2023\\\/03\\\/03\\\/alicia-machado-se-inspira-en-ocasio-cortez-para-su-regreso-a-las-telenovelas\\\/#primaryimage\"},\"thumbnailUrl\":\"https:\\\/\\\/digital58.com.ve\\\/site\\\/wp-content\\\/uploads\\\/2023\\\/03\\\/alicia-machado.jpg\",\"datePublished\":\"2023-03-03T21:37:47+00:00\",\"dateModified\":\"2023-03-03T23:23:30+00:00\",\"description\":\"Fama\",\"breadcrumb\":{\"@id\":\"https:\\\/\\\/digital58.com.ve\\\/site\\\/2023\\\/03\\\/03\\\/alicia-machado-se-inspira-en-ocasio-cortez-para-su-regreso-a-las-telenovelas\\\/#breadcrumb\"},\"inLanguage\":\"es\",\"potentialAction\":[{\"@type\":\"ReadAction\",\"target\":[\"https:\\\/\\\/digital58.com.ve\\\/site\\\/2023\\\/03\\\/03\\\/alicia-machado-se-inspira-en-ocasio-cortez-para-su-regreso-a-las-telenovelas\\\/\"]}]},{\"@type\":\"ImageObject\",\"inLanguage\":\"es\",\"@id\":\"https:\\\/\\\/digital58.com.ve\\\/site\\\/2023\\\/03\\\/03\\\/alicia-machado-se-inspira-en-ocasio-cortez-para-su-regreso-a-las-telenovelas\\\/#primaryimage\",\"url\":\"https:\\\/\\\/digital58.com.ve\\\/site\\\/wp-content\\\/uploads\\\/2023\\\/03\\\/alicia-machado.jpg\",\"contentUrl\":\"https:\\\/\\\/digital58.com.ve\\\/site\\\/wp-content\\\/uploads\\\/2023\\\/03\\\/alicia-machado.jpg\",\"width\":800,\"height\":533},{\"@type\":\"BreadcrumbList\",\"@id\":\"https:\\\/\\\/digital58.com.ve\\\/site\\\/2023\\\/03\\\/03\\\/alicia-machado-se-inspira-en-ocasio-cortez-para-su-regreso-a-las-telenovelas\\\/#breadcrumb\",\"itemListElement\":[{\"@type\":\"ListItem\",\"position\":1,\"name\":\"Home\",\"item\":\"https:\\\/\\\/digital58.com.ve\\\/site\\\/\"},{\"@type\":\"ListItem\",\"position\":2,\"name\":\"Alicia Machado se inspira en Ocasio-Cortez para su regreso a las telenovelas\"}]},{\"@type\":\"WebSite\",\"@id\":\"https:\\\/\\\/digital58.com.ve\\\/site\\\/#website\",\"url\":\"https:\\\/\\\/digital58.com.ve\\\/site\\\/\",\"name\":\"Noticias Digital58\",\"description\":\"Portal de Noticias \u00a1Periodismo web de verdad! Lanzamiento web 22.11.2005 \\\/ Maracaibo, Venezuela\",\"publisher\":{\"@id\":\"https:\\\/\\\/digital58.com.ve\\\/site\\\/#\\\/schema\\\/person\\\/64d1c2e4d0d4fd1b849980c4331c2951\"},\"alternateName\":\"ND58\",\"potentialAction\":[{\"@type\":\"SearchAction\",\"target\":{\"@type\":\"EntryPoint\",\"urlTemplate\":\"https:\\\/\\\/digital58.com.ve\\\/site\\\/?s={search_term_string}\"},\"query-input\":{\"@type\":\"PropertyValueSpecification\",\"valueRequired\":true,\"valueName\":\"search_term_string\"}}],\"inLanguage\":\"es\"},{\"@type\":[\"Person\",\"Organization\"],\"@id\":\"https:\\\/\\\/digital58.com.ve\\\/site\\\/#\\\/schema\\\/person\\\/64d1c2e4d0d4fd1b849980c4331c2951\",\"name\":\"Villasmil Henry\",\"image\":{\"@type\":\"ImageObject\",\"inLanguage\":\"es\",\"@id\":\"https:\\\/\\\/secure.gravatar.com\\\/avatar\\\/bb0c4a2fcb7970138239f7e404ea75757b1b507b28b5ce4c53fbd62d797c5a7c?s=96&d=mm&r=g\",\"url\":\"https:\\\/\\\/secure.gravatar.com\\\/avatar\\\/bb0c4a2fcb7970138239f7e404ea75757b1b507b28b5ce4c53fbd62d797c5a7c?s=96&d=mm&r=g\",\"contentUrl\":\"https:\\\/\\\/secure.gravatar.com\\\/avatar\\\/bb0c4a2fcb7970138239f7e404ea75757b1b507b28b5ce4c53fbd62d797c5a7c?s=96&d=mm&r=g\",\"caption\":\"Villasmil Henry\"},\"logo\":{\"@id\":\"https:\\\/\\\/secure.gravatar.com\\\/avatar\\\/bb0c4a2fcb7970138239f7e404ea75757b1b507b28b5ce4c53fbd62d797c5a7c?s=96&d=mm&r=g\"},\"sameAs\":[\"http:\\\/\\\/www.henryvillasmil.com.ve\",\"https:\\\/\\\/www.instagram.com\\\/villasmilhfoto\\\/\",\"https:\\\/\\\/x.com\\\/https:\\\/\\\/twitter.com\\\/villasmilhfoto\"],\"url\":\"https:\\\/\\\/digital58.com.ve\\\/site\\\/author\\\/droopy_68\\\/\"}]}<\/script>\n<!-- \/ Yoast SEO plugin. -->","yoast_head_json":{"title":"Alicia Machado se inspira en Ocasio-Cortez para su regreso a las telenovelas","description":"Fama","robots":{"index":"index","follow":"follow","max-snippet":"max-snippet:-1","max-image-preview":"max-image-preview:large","max-video-preview":"max-video-preview:-1"},"canonical":"https:\/\/digital58.com.ve\/site\/2023\/03\/03\/alicia-machado-se-inspira-en-ocasio-cortez-para-su-regreso-a-las-telenovelas\/","og_locale":"es_ES","og_type":"article","og_title":"Alicia Machado se inspira en Ocasio-Cortez para su regreso a las telenovelas","og_description":"Fama","og_url":"https:\/\/digital58.com.ve\/site\/2023\/03\/03\/alicia-machado-se-inspira-en-ocasio-cortez-para-su-regreso-a-las-telenovelas\/","og_site_name":"Noticias Digital58","article_published_time":"2023-03-03T21:37:47+00:00","article_modified_time":"2023-03-03T23:23:30+00:00","og_image":[{"width":800,"height":533,"url":"https:\/\/digital58.com.ve\/site\/wp-content\/uploads\/2023\/03\/alicia-machado.jpg","type":"image\/jpeg"}],"author":"Villasmil Henry","twitter_card":"summary_large_image","twitter_creator":"@https:\/\/twitter.com\/villasmilhfoto","twitter_site":"@villasmilhfoto","twitter_misc":{"Escrito por":"Villasmil Henry","Tiempo estimado de lectura":"3 minutos"},"schema":{"@context":"https:\/\/schema.org","@graph":[{"@type":"Article","@id":"https:\/\/digital58.com.ve\/site\/2023\/03\/03\/alicia-machado-se-inspira-en-ocasio-cortez-para-su-regreso-a-las-telenovelas\/#article","isPartOf":{"@id":"https:\/\/digital58.com.ve\/site\/2023\/03\/03\/alicia-machado-se-inspira-en-ocasio-cortez-para-su-regreso-a-las-telenovelas\/"},"author":{"name":"Villasmil Henry","@id":"https:\/\/digital58.com.ve\/site\/#\/schema\/person\/64d1c2e4d0d4fd1b849980c4331c2951"},"headline":"Alicia Machado se inspira en Ocasio-Cortez para su regreso a las telenovelas","datePublished":"2023-03-03T21:37:47+00:00","dateModified":"2023-03-03T23:23:30+00:00","mainEntityOfPage":{"@id":"https:\/\/digital58.com.ve\/site\/2023\/03\/03\/alicia-machado-se-inspira-en-ocasio-cortez-para-su-regreso-a-las-telenovelas\/"},"wordCount":553,"commentCount":0,"publisher":{"@id":"https:\/\/digital58.com.ve\/site\/#\/schema\/person\/64d1c2e4d0d4fd1b849980c4331c2951"},"image":{"@id":"https:\/\/digital58.com.ve\/site\/2023\/03\/03\/alicia-machado-se-inspira-en-ocasio-cortez-para-su-regreso-a-las-telenovelas\/#primaryimage"},"thumbnailUrl":"https:\/\/digital58.com.ve\/site\/wp-content\/uploads\/2023\/03\/alicia-machado.jpg","keywords":["Actrices","Alicia Machado","EE.UU","Entretenimiento","Far\u00e1ndula","Telemundo","Telenovelas","TV","Venezolanos en el exterior"],"articleSection":["Fama"],"inLanguage":"es","potentialAction":[{"@type":"CommentAction","name":"Comment","target":["https:\/\/digital58.com.ve\/site\/2023\/03\/03\/alicia-machado-se-inspira-en-ocasio-cortez-para-su-regreso-a-las-telenovelas\/#respond"]}]},{"@type":"WebPage","@id":"https:\/\/digital58.com.ve\/site\/2023\/03\/03\/alicia-machado-se-inspira-en-ocasio-cortez-para-su-regreso-a-las-telenovelas\/","url":"https:\/\/digital58.com.ve\/site\/2023\/03\/03\/alicia-machado-se-inspira-en-ocasio-cortez-para-su-regreso-a-las-telenovelas\/","name":"Alicia Machado se inspira en Ocasio-Cortez para su regreso a las telenovelas","isPartOf":{"@id":"https:\/\/digital58.com.ve\/site\/#website"},"primaryImageOfPage":{"@id":"https:\/\/digital58.com.ve\/site\/2023\/03\/03\/alicia-machado-se-inspira-en-ocasio-cortez-para-su-regreso-a-las-telenovelas\/#primaryimage"},"image":{"@id":"https:\/\/digital58.com.ve\/site\/2023\/03\/03\/alicia-machado-se-inspira-en-ocasio-cortez-para-su-regreso-a-las-telenovelas\/#primaryimage"},"thumbnailUrl":"https:\/\/digital58.com.ve\/site\/wp-content\/uploads\/2023\/03\/alicia-machado.jpg","datePublished":"2023-03-03T21:37:47+00:00","dateModified":"2023-03-03T23:23:30+00:00","description":"Fama","breadcrumb":{"@id":"https:\/\/digital58.com.ve\/site\/2023\/03\/03\/alicia-machado-se-inspira-en-ocasio-cortez-para-su-regreso-a-las-telenovelas\/#breadcrumb"},"inLanguage":"es","potentialAction":[{"@type":"ReadAction","target":["https:\/\/digital58.com.ve\/site\/2023\/03\/03\/alicia-machado-se-inspira-en-ocasio-cortez-para-su-regreso-a-las-telenovelas\/"]}]},{"@type":"ImageObject","inLanguage":"es","@id":"https:\/\/digital58.com.ve\/site\/2023\/03\/03\/alicia-machado-se-inspira-en-ocasio-cortez-para-su-regreso-a-las-telenovelas\/#primaryimage","url":"https:\/\/digital58.com.ve\/site\/wp-content\/uploads\/2023\/03\/alicia-machado.jpg","contentUrl":"https:\/\/digital58.com.ve\/site\/wp-content\/uploads\/2023\/03\/alicia-machado.jpg","width":800,"height":533},{"@type":"BreadcrumbList","@id":"https:\/\/digital58.com.ve\/site\/2023\/03\/03\/alicia-machado-se-inspira-en-ocasio-cortez-para-su-regreso-a-las-telenovelas\/#breadcrumb","itemListElement":[{"@type":"ListItem","position":1,"name":"Home","item":"https:\/\/digital58.com.ve\/site\/"},{"@type":"ListItem","position":2,"name":"Alicia Machado se inspira en Ocasio-Cortez para su regreso a las telenovelas"}]},{"@type":"WebSite","@id":"https:\/\/digital58.com.ve\/site\/#website","url":"https:\/\/digital58.com.ve\/site\/","name":"Noticias Digital58","description":"Portal de Noticias \u00a1Periodismo web de verdad! Lanzamiento web 22.11.2005 \/ Maracaibo, Venezuela","publisher":{"@id":"https:\/\/digital58.com.ve\/site\/#\/schema\/person\/64d1c2e4d0d4fd1b849980c4331c2951"},"alternateName":"ND58","potentialAction":[{"@type":"SearchAction","target":{"@type":"EntryPoint","urlTemplate":"https:\/\/digital58.com.ve\/site\/?s={search_term_string}"},"query-input":{"@type":"PropertyValueSpecification","valueRequired":true,"valueName":"search_term_string"}}],"inLanguage":"es"},{"@type":["Person","Organization"],"@id":"https:\/\/digital58.com.ve\/site\/#\/schema\/person\/64d1c2e4d0d4fd1b849980c4331c2951","name":"Villasmil Henry","image":{"@type":"ImageObject","inLanguage":"es","@id":"https:\/\/secure.gravatar.com\/avatar\/bb0c4a2fcb7970138239f7e404ea75757b1b507b28b5ce4c53fbd62d797c5a7c?s=96&d=mm&r=g","url":"https:\/\/secure.gravatar.com\/avatar\/bb0c4a2fcb7970138239f7e404ea75757b1b507b28b5ce4c53fbd62d797c5a7c?s=96&d=mm&r=g","contentUrl":"https:\/\/secure.gravatar.com\/avatar\/bb0c4a2fcb7970138239f7e404ea75757b1b507b28b5ce4c53fbd62d797c5a7c?s=96&d=mm&r=g","caption":"Villasmil Henry"},"logo":{"@id":"https:\/\/secure.gravatar.com\/avatar\/bb0c4a2fcb7970138239f7e404ea75757b1b507b28b5ce4c53fbd62d797c5a7c?s=96&d=mm&r=g"},"sameAs":["http:\/\/www.henryvillasmil.com.ve","https:\/\/www.instagram.com\/villasmilhfoto\/","https:\/\/x.com\/https:\/\/twitter.com\/villasmilhfoto"],"url":"https:\/\/digital58.com.ve\/site\/author\/droopy_68\/"}]}},"uagb_featured_image_src":{"full":["https:\/\/digital58.com.ve\/site\/wp-content\/uploads\/2023\/03\/alicia-machado.jpg",800,533,false],"thumbnail":["https:\/\/digital58.com.ve\/site\/wp-content\/uploads\/2023\/03\/alicia-machado-150x150.jpg",150,150,true],"medium":["https:\/\/digital58.com.ve\/site\/wp-content\/uploads\/2023\/03\/alicia-machado-300x200.jpg",300,200,true],"medium_large":["https:\/\/digital58.com.ve\/site\/wp-content\/uploads\/2023\/03\/alicia-machado-768x512.jpg",768,512,true],"large":["https:\/\/digital58.com.ve\/site\/wp-content\/uploads\/2023\/03\/alicia-machado.jpg",800,533,false],"1536x1536":["https:\/\/digital58.com.ve\/site\/wp-content\/uploads\/2023\/03\/alicia-machado.jpg",800,533,false],"2048x2048":["https:\/\/digital58.com.ve\/site\/wp-content\/uploads\/2023\/03\/alicia-machado.jpg",800,533,false],"colormag-highlighted-post":["https:\/\/digital58.com.ve\/site\/wp-content\/uploads\/2023\/03\/alicia-machado-392x272.jpg",392,272,true],"colormag-featured-post-medium":["https:\/\/digital58.com.ve\/site\/wp-content\/uploads\/2023\/03\/alicia-machado-390x205.jpg",390,205,true],"colormag-featured-post-small":["https:\/\/digital58.com.ve\/site\/wp-content\/uploads\/2023\/03\/alicia-machado-130x90.jpg",130,90,true],"colormag-featured-image":["https:\/\/digital58.com.ve\/site\/wp-content\/uploads\/2023\/03\/alicia-machado-800x445.jpg",800,445,true],"colormag-default-news":["https:\/\/digital58.com.ve\/site\/wp-content\/uploads\/2023\/03\/alicia-machado.jpg",150,100,false],"colormag-featured-image-large":["https:\/\/digital58.com.ve\/site\/wp-content\/uploads\/2023\/03\/alicia-machado.jpg",800,533,false]},"uagb_author_info":{"display_name":"Villasmil Henry","author_link":"https:\/\/digital58.com.ve\/site\/author\/droopy_68\/"},"uagb_comment_info":0,"uagb_excerpt":"\u00abJuego de Mentiras\u00bb comienza a transmitirse en Estados Unidos el 7 de marzo a las 10 de la noche. A\u00fan","_links":{"self":[{"href":"https:\/\/digital58.com.ve\/site\/wp-json\/wp\/v2\/posts\/162938","targetHints":{"allow":["GET"]}}],"collection":[{"href":"https:\/\/digital58.com.ve\/site\/wp-json\/wp\/v2\/posts"}],"about":[{"href":"https:\/\/digital58.com.ve\/site\/wp-json\/wp\/v2\/types\/post"}],"author":[{"embeddable":true,"href":"https:\/\/digital58.com.ve\/site\/wp-json\/wp\/v2\/users\/1"}],"replies":[{"embeddable":true,"href":"https:\/\/digital58.com.ve\/site\/wp-json\/wp\/v2\/comments?post=162938"}],"version-history":[{"count":0,"href":"https:\/\/digital58.com.ve\/site\/wp-json\/wp\/v2\/posts\/162938\/revisions"}],"wp:featuredmedia":[{"embeddable":true,"href":"https:\/\/digital58.com.ve\/site\/wp-json\/wp\/v2\/media\/162939"}],"wp:attachment":[{"href":"https:\/\/digital58.com.ve\/site\/wp-json\/wp\/v2\/media?parent=162938"}],"wp:term":[{"taxonomy":"category","embeddable":true,"href":"https:\/\/digital58.com.ve\/site\/wp-json\/wp\/v2\/categories?post=162938"},{"taxonomy":"post_tag","embeddable":true,"href":"https:\/\/digital58.com.ve\/site\/wp-json\/wp\/v2\/tags?post=162938"}],"curies":[{"name":"wp","href":"https:\/\/api.w.org\/{rel}","templated":true}]}}