{"id":163092,"date":"2023-03-08T18:44:55","date_gmt":"2023-03-08T22:44:55","guid":{"rendered":"https:\/\/digital58.com.ve\/site\/?p=163092"},"modified":"2023-03-08T18:45:16","modified_gmt":"2023-03-08T22:45:16","slug":"fundacion-empresas-polar-presenta-el-libro-arboleda-tropical-con-una-version-en-lenguaje-braille","status":"publish","type":"post","link":"https:\/\/digital58.com.ve\/site\/2023\/03\/08\/fundacion-empresas-polar-presenta-el-libro-arboleda-tropical-con-una-version-en-lenguaje-braille\/","title":{"rendered":"Fundaci\u00f3n Empresas Polar presenta el libro \u00abArboleda Tropical\u00bb, con una versi\u00f3n en lenguaje braille"},"content":{"rendered":"<p><a href=\"https:\/\/digital58.com.ve\/site\/wp-content\/uploads\/2023\/03\/Arboleda-Tropical-2.jpg\"><img loading=\"lazy\" decoding=\"async\" class=\"aligncenter size-full wp-image-163107\" src=\"https:\/\/digital58.com.ve\/site\/wp-content\/uploads\/2023\/03\/Arboleda-Tropical-2.jpg\" alt=\"\" width=\"800\" height=\"533\" srcset=\"https:\/\/digital58.com.ve\/site\/wp-content\/uploads\/2023\/03\/Arboleda-Tropical-2.jpg 800w, https:\/\/digital58.com.ve\/site\/wp-content\/uploads\/2023\/03\/Arboleda-Tropical-2-300x200.jpg 300w, https:\/\/digital58.com.ve\/site\/wp-content\/uploads\/2023\/03\/Arboleda-Tropical-2-768x512.jpg 768w\" sizes=\"auto, (max-width: 800px) 100vw, 800px\" \/><\/a><\/p>\n<p>El libro que cont\u00f3 con el arbitraje t\u00e9cnico de Neida Avenda\u00f1o, bot\u00e1nico, integrante del equipo de la Fundaci\u00f3n Instituto Bot\u00e1nico de Venezuela, de la Universidad Central de Venezuela.<\/p>\n<p><strong>Caracas, Distrito Capital, Venezuela, 08 de marzo de 2023 (ND58).-<\/strong> Fundaci\u00f3n Empresas Polar present\u00f3 la nueva obra de su fondo editorial: \u00abArboleda Tropical\u00bb, un libro de la autora Helena Arellano Mayz que rinde tributo a los \u00e1rboles tropicales que enaltecen la belleza natural de Venezuela y su profusa biodiversidad, como el araguaney, apamate, ceiba y caobo, entre otros.<\/p>\n<p>Esta es una obra sin igual que se presenta en dos versiones; una incluye coloridas fotograf\u00edas de las hojas de los \u00e1rboles, dibujos de sus siluetas, informaci\u00f3n bot\u00e1nica y plantillas para realizar actividades pl\u00e1sticas; mientras que la segunda es un especial reconocimiento al tacto y a las personas con discapacidades visuales, pues la breve descripci\u00f3n bot\u00e1nica est\u00e1 presente en lenguaje braille.<\/p>\n<p>\u00abEn este libro hemos querido incluir a esos ni\u00f1os y adultos capaces de vencer obst\u00e1culos, los que buscan y encuentran su camino en una espesa neblina\u00bb, expres\u00f3 Arellano Mayz en la presentaci\u00f3n de Arboleda Tropical.<\/p>\n<p>\u00abSi bien con la edici\u00f3n de este libro somos incapaces de reproducir el c\u00e1lido olor a tr\u00f3pico, las plantillas de las hojas desean ser herramientas para ense\u00f1ar a conocer a trav\u00e9s del tacto. Este libro-objeto busca complementar todo aquello que el palpar, manosear y sentir una hoja de un \u00e1rbol puede transmitir a las yemas de los dedos\u00bb, agreg\u00f3 la autora.<\/p>\n<p>La Presidenta de Fundaci\u00f3n Empresas Polar, Leonor Gim\u00e9nez de Mendoza, indic\u00f3 que con la presentaci\u00f3n del libro Arboleda Tropical la instituci\u00f3n se acerca a los 750 t\u00edtulos propios desde la creaci\u00f3n de su fondo editorial, hace 40 a\u00f1os.<\/p>\n<p>\u00abDurante todo este tiempo hemos editado muchos libros dedicados a conocer y valorar nuestra flora y fauna, que ha sido un tema recurrente y maravillosamente inagotable\u00bb, dijo.<\/p>\n<p><a href=\"https:\/\/digital58.com.ve\/site\/wp-content\/uploads\/2023\/03\/Arboleda-Tropical-1.jpg\"><img loading=\"lazy\" decoding=\"async\" class=\"aligncenter size-full wp-image-163108\" src=\"https:\/\/digital58.com.ve\/site\/wp-content\/uploads\/2023\/03\/Arboleda-Tropical-1.jpg\" alt=\"\" width=\"800\" height=\"513\" srcset=\"https:\/\/digital58.com.ve\/site\/wp-content\/uploads\/2023\/03\/Arboleda-Tropical-1.jpg 800w, https:\/\/digital58.com.ve\/site\/wp-content\/uploads\/2023\/03\/Arboleda-Tropical-1-300x192.jpg 300w, https:\/\/digital58.com.ve\/site\/wp-content\/uploads\/2023\/03\/Arboleda-Tropical-1-768x492.jpg 768w\" sizes=\"auto, (max-width: 800px) 100vw, 800px\" \/><\/a><\/p>\n<p>Gim\u00e9nez de Mendoza explic\u00f3 que incluir una versi\u00f3n braille fue el reto mayor propuesto por la autora, porque son pocas las obras de este estilo en Venezuela. \u00abEsta original idea la consideramos desde la motivaci\u00f3n que hemos mantenido siempre por atender la diversidad de competencias que tenemos las personas, para aprender y relacionarnos con el mundo\u00bb.<\/p>\n<p>La obra fue presentada con un tradicional derrame de p\u00e9talos, que en esta ocasi\u00f3n se realiz\u00f3 con flores de Araguaney.<\/p>\n<p>En el evento estuvieron presentes representantes de instituciones que atienden a personas con discapacidad visual, a quienes se les hizo entrega del libro, entre ellas la Fundaci\u00f3n para Damas Ciegas, Asociaci\u00f3n Nacional de Ciegos de Venezuela, Sociedad Amigos de los Ciegos, Fundaci\u00f3n M\u00e1xima Visi\u00f3n y la Instituci\u00f3n Nacional de Rehabilitaci\u00f3n J.J. Ar\u00e9valo. Adem\u00e1s, estuvo el ni\u00f1o con discapacidad visual y reconocido por su influencia en redes sociales, Sebasti\u00e1n Filoramo.<\/p>\n<p>El tiraje de la versi\u00f3n en lenguaje de braille del libro Arboleda Tropical ser\u00e1 destinado en su totalidad a instituciones que atienden a personas con discapacidad visual, como entrega institucional de Fundaci\u00f3n Empresas Polar.<\/p>\n<p>Quienes deseen adquirir la otra versi\u00f3n de la obra, pueden hacerlo en la librer\u00eda del edificio Fundaci\u00f3n Empresas Polar, en Los Cortijos, Caracas, o a trav\u00e9s de WhatsApp por del n\u00famero telef\u00f3nico +58 414 3348337.<\/p>\n<p>Para conocer m\u00e1s sobre el fondo editorial de Fundaci\u00f3n Empresas Polar, se puede seguir a Empresas Polar en todas sus plataformas digitales.<\/p>\n<p class=\"p1\"><b>Redacci\u00f3n ND58 | NDP\u00a0<\/b><br \/>\n<b>Edici\u00f3n: \u00c1\u00f1ez, Caren\u00a0<\/b><br \/>\n<b>Gr\u00e1fica: Cortes\u00eda <\/b><\/p><div class=\"ohvrr69edaf7006705\" ><p style=\"text-align: center;\"><a href=\"https:\/\/t.me\/noticiasdigital58\" target=\"_blank\" rel=\"noopener\"><img class=\"aligncenter size-full wp-image-125363\" src=\"https:\/\/digital58.com.ve\/site\/wp-content\/uploads\/2021\/04\/banner-telegram-web-2021.png\" alt=\"\" width=\"600\" height=\"90\" \/><\/a><\/p><\/div><style type=\"text\/css\">\r\n@media screen and (min-width: 1201px) {\r\n.ohvrr69edaf7006705 {\r\ndisplay: block;\r\n}\r\n}\r\n@media screen and (min-width: 993px) and (max-width: 1200px) {\r\n.ohvrr69edaf7006705 {\r\ndisplay: block;\r\n}\r\n}\r\n@media screen and (min-width: 769px) and (max-width: 992px) {\r\n.ohvrr69edaf7006705 {\r\ndisplay: block;\r\n}\r\n}\r\n@media screen and (min-width: 768px) and (max-width: 768px) {\r\n.ohvrr69edaf7006705 {\r\ndisplay: block;\r\n}\r\n}\r\n@media screen and (max-width: 767px) {\r\n.ohvrr69edaf7006705 {\r\ndisplay: block;\r\n}\r\n}\r\n<\/style>\r\n\n<p>&nbsp;<\/p>\n<div style=\"margin-top: 0px; margin-bottom: 0px;\" class=\"sharethis-inline-share-buttons\" ><\/div>","protected":false},"excerpt":{"rendered":"<p>El libro que cont\u00f3 con el arbitraje t\u00e9cnico de Neida Avenda\u00f1o, bot\u00e1nico, integrante del equipo de la Fundaci\u00f3n Instituto Bot\u00e1nico<\/p>\n","protected":false},"author":39,"featured_media":163108,"comment_status":"open","ping_status":"closed","sticky":false,"template":"","format":"standard","meta":{"colormag_page_container_layout":"default_layout","colormag_page_sidebar_layout":"default_layout","_uag_custom_page_level_css":"","footnotes":""},"categories":[5409],"tags":[30538,29,1217,6860,30539,12140,2992,293,233,32],"class_list":["post-163092","post","type-post","status-publish","format-standard","has-post-thumbnail","hentry","category-sociales","tag-arboleda-tropical","tag-caracas","tag-empresas-polar","tag-fundacion-empresas-polar","tag-helena-arellano-mayz","tag-lanzamientos-de-libros","tag-libros","tag-literatura","tag-nacionales","tag-venezuela"],"yoast_head":"<!-- This site is optimized with the Yoast SEO plugin v27.4 - https:\/\/yoast.com\/product\/yoast-seo-wordpress\/ -->\n<title>Fundaci\u00f3n Empresas Polar presenta el libro \u00abArboleda Tropical\u00bb, con una versi\u00f3n en lenguaje braille<\/title>\n<meta name=\"robots\" content=\"index, follow, max-snippet:-1, max-image-preview:large, max-video-preview:-1\" \/>\n<link rel=\"canonical\" href=\"https:\/\/digital58.com.ve\/site\/?p=163092\" \/>\n<meta property=\"og:locale\" content=\"es_ES\" \/>\n<meta property=\"og:type\" content=\"article\" \/>\n<meta property=\"og:title\" content=\"Fundaci\u00f3n Empresas Polar presenta el libro \u00abArboleda Tropical\u00bb, con una versi\u00f3n en lenguaje braille\" \/>\n<meta property=\"og:url\" content=\"https:\/\/digital58.com.ve\/site\/?p=163092\" \/>\n<meta property=\"og:site_name\" content=\"Noticias Digital58\" \/>\n<meta property=\"article:published_time\" content=\"2023-03-08T22:44:55+00:00\" \/>\n<meta property=\"article:modified_time\" content=\"2023-03-08T22:45:16+00:00\" \/>\n<meta name=\"author\" content=\"Caren A\u00f1ez\" \/>\n<meta name=\"twitter:card\" content=\"summary_large_image\" \/>\n<meta name=\"twitter:creator\" content=\"@carenanez\" \/>\n<meta name=\"twitter:site\" content=\"@villasmilhfoto\" \/>\n<meta name=\"twitter:label1\" content=\"Escrito por\" \/>\n\t<meta name=\"twitter:data1\" content=\"Caren A\u00f1ez\" \/>\n\t<meta name=\"twitter:label2\" content=\"Tiempo estimado de lectura\" \/>\n\t<meta name=\"twitter:data2\" content=\"3 minutos\" \/>\n<script type=\"application\/ld+json\" class=\"yoast-schema-graph\">{\"@context\":\"https:\\\/\\\/schema.org\",\"@graph\":[{\"@type\":\"Article\",\"@id\":\"https:\\\/\\\/digital58.com.ve\\\/site\\\/?p=163092#article\",\"isPartOf\":{\"@id\":\"https:\\\/\\\/digital58.com.ve\\\/site\\\/?p=163092\"},\"author\":{\"name\":\"Caren A\u00f1ez\",\"@id\":\"https:\\\/\\\/digital58.com.ve\\\/site\\\/#\\\/schema\\\/person\\\/38596b127602deaa13fbcd7585635238\"},\"headline\":\"Fundaci\u00f3n Empresas Polar presenta el libro \u00abArboleda Tropical\u00bb, con una versi\u00f3n en lenguaje braille\",\"datePublished\":\"2023-03-08T22:44:55+00:00\",\"dateModified\":\"2023-03-08T22:45:16+00:00\",\"mainEntityOfPage\":{\"@id\":\"https:\\\/\\\/digital58.com.ve\\\/site\\\/?p=163092\"},\"wordCount\":621,\"commentCount\":0,\"publisher\":{\"@id\":\"https:\\\/\\\/digital58.com.ve\\\/site\\\/#\\\/schema\\\/person\\\/64d1c2e4d0d4fd1b849980c4331c2951\"},\"image\":{\"@id\":\"https:\\\/\\\/digital58.com.ve\\\/site\\\/?p=163092#primaryimage\"},\"thumbnailUrl\":\"https:\\\/\\\/digital58.com.ve\\\/site\\\/wp-content\\\/uploads\\\/2023\\\/03\\\/Arboleda-Tropical-1.jpg\",\"keywords\":[\"Arboleda Tropical\",\"Caracas\",\"Empresas Polar\",\"Fundaci\u00f3n Empresas Polar\",\"Helena Arellano Mayz\",\"Lanzamientos de Libros\",\"Libros\",\"Literatura\",\"Nacionales\",\"Venezuela\"],\"articleSection\":[\"Sociales\"],\"inLanguage\":\"es\",\"potentialAction\":[{\"@type\":\"CommentAction\",\"name\":\"Comment\",\"target\":[\"https:\\\/\\\/digital58.com.ve\\\/site\\\/?p=163092#respond\"]}]},{\"@type\":\"WebPage\",\"@id\":\"https:\\\/\\\/digital58.com.ve\\\/site\\\/?p=163092\",\"url\":\"https:\\\/\\\/digital58.com.ve\\\/site\\\/?p=163092\",\"name\":\"Fundaci\u00f3n Empresas Polar presenta el libro \u00abArboleda Tropical\u00bb, con una versi\u00f3n en lenguaje braille\",\"isPartOf\":{\"@id\":\"https:\\\/\\\/digital58.com.ve\\\/site\\\/#website\"},\"primaryImageOfPage\":{\"@id\":\"https:\\\/\\\/digital58.com.ve\\\/site\\\/?p=163092#primaryimage\"},\"image\":{\"@id\":\"https:\\\/\\\/digital58.com.ve\\\/site\\\/?p=163092#primaryimage\"},\"thumbnailUrl\":\"https:\\\/\\\/digital58.com.ve\\\/site\\\/wp-content\\\/uploads\\\/2023\\\/03\\\/Arboleda-Tropical-1.jpg\",\"datePublished\":\"2023-03-08T22:44:55+00:00\",\"dateModified\":\"2023-03-08T22:45:16+00:00\",\"breadcrumb\":{\"@id\":\"https:\\\/\\\/digital58.com.ve\\\/site\\\/?p=163092#breadcrumb\"},\"inLanguage\":\"es\",\"potentialAction\":[{\"@type\":\"ReadAction\",\"target\":[\"https:\\\/\\\/digital58.com.ve\\\/site\\\/?p=163092\"]}]},{\"@type\":\"ImageObject\",\"inLanguage\":\"es\",\"@id\":\"https:\\\/\\\/digital58.com.ve\\\/site\\\/?p=163092#primaryimage\",\"url\":\"https:\\\/\\\/digital58.com.ve\\\/site\\\/wp-content\\\/uploads\\\/2023\\\/03\\\/Arboleda-Tropical-1.jpg\",\"contentUrl\":\"https:\\\/\\\/digital58.com.ve\\\/site\\\/wp-content\\\/uploads\\\/2023\\\/03\\\/Arboleda-Tropical-1.jpg\",\"width\":800,\"height\":513},{\"@type\":\"BreadcrumbList\",\"@id\":\"https:\\\/\\\/digital58.com.ve\\\/site\\\/?p=163092#breadcrumb\",\"itemListElement\":[{\"@type\":\"ListItem\",\"position\":1,\"name\":\"Home\",\"item\":\"https:\\\/\\\/digital58.com.ve\\\/site\\\/\"},{\"@type\":\"ListItem\",\"position\":2,\"name\":\"Fundaci\u00f3n Empresas Polar presenta el libro Arboleda Tropical, con una versi\u00f3n en lenguaje braille\"}]},{\"@type\":\"WebSite\",\"@id\":\"https:\\\/\\\/digital58.com.ve\\\/site\\\/#website\",\"url\":\"https:\\\/\\\/digital58.com.ve\\\/site\\\/\",\"name\":\"Noticias Digital58\",\"description\":\"Portal de Noticias \u00a1Periodismo web de verdad! Lanzamiento web 22.11.2005 \\\/ Maracaibo, Venezuela\",\"publisher\":{\"@id\":\"https:\\\/\\\/digital58.com.ve\\\/site\\\/#\\\/schema\\\/person\\\/64d1c2e4d0d4fd1b849980c4331c2951\"},\"alternateName\":\"ND58\",\"potentialAction\":[{\"@type\":\"SearchAction\",\"target\":{\"@type\":\"EntryPoint\",\"urlTemplate\":\"https:\\\/\\\/digital58.com.ve\\\/site\\\/?s={search_term_string}\"},\"query-input\":{\"@type\":\"PropertyValueSpecification\",\"valueRequired\":true,\"valueName\":\"search_term_string\"}}],\"inLanguage\":\"es\"},{\"@type\":[\"Person\",\"Organization\"],\"@id\":\"https:\\\/\\\/digital58.com.ve\\\/site\\\/#\\\/schema\\\/person\\\/64d1c2e4d0d4fd1b849980c4331c2951\",\"name\":\"Villasmil Henry\",\"image\":{\"@type\":\"ImageObject\",\"inLanguage\":\"es\",\"@id\":\"https:\\\/\\\/secure.gravatar.com\\\/avatar\\\/bb0c4a2fcb7970138239f7e404ea75757b1b507b28b5ce4c53fbd62d797c5a7c?s=96&d=mm&r=g\",\"url\":\"https:\\\/\\\/secure.gravatar.com\\\/avatar\\\/bb0c4a2fcb7970138239f7e404ea75757b1b507b28b5ce4c53fbd62d797c5a7c?s=96&d=mm&r=g\",\"contentUrl\":\"https:\\\/\\\/secure.gravatar.com\\\/avatar\\\/bb0c4a2fcb7970138239f7e404ea75757b1b507b28b5ce4c53fbd62d797c5a7c?s=96&d=mm&r=g\",\"caption\":\"Villasmil Henry\"},\"logo\":{\"@id\":\"https:\\\/\\\/secure.gravatar.com\\\/avatar\\\/bb0c4a2fcb7970138239f7e404ea75757b1b507b28b5ce4c53fbd62d797c5a7c?s=96&d=mm&r=g\"},\"sameAs\":[\"http:\\\/\\\/www.henryvillasmil.com.ve\",\"https:\\\/\\\/www.instagram.com\\\/villasmilhfoto\\\/\",\"https:\\\/\\\/x.com\\\/https:\\\/\\\/twitter.com\\\/villasmilhfoto\"]},{\"@type\":\"Person\",\"@id\":\"https:\\\/\\\/digital58.com.ve\\\/site\\\/#\\\/schema\\\/person\\\/38596b127602deaa13fbcd7585635238\",\"name\":\"Caren A\u00f1ez\",\"image\":{\"@type\":\"ImageObject\",\"inLanguage\":\"es\",\"@id\":\"https:\\\/\\\/secure.gravatar.com\\\/avatar\\\/53aadd693aa414991c9ff2f2b19c39be94d2c342463b80f5402d344911bc9782?s=96&d=mm&r=g\",\"url\":\"https:\\\/\\\/secure.gravatar.com\\\/avatar\\\/53aadd693aa414991c9ff2f2b19c39be94d2c342463b80f5402d344911bc9782?s=96&d=mm&r=g\",\"contentUrl\":\"https:\\\/\\\/secure.gravatar.com\\\/avatar\\\/53aadd693aa414991c9ff2f2b19c39be94d2c342463b80f5402d344911bc9782?s=96&d=mm&r=g\",\"caption\":\"Caren A\u00f1ez\"},\"description\":\"\ud83d\udc69\u200d\ud83c\udfa4Editora en @digital_58 \ud83d\udc69\ud83c\udffb\u200d\ud83c\udfebPeriodista musical y de entretenimiento. \ud83d\udcf8Fotografa \ud83d\udc69\ud83c\udffb\u200d\ud83d\udcbbMedia Management. \ud83d\udc69\u200d\ud83d\udc67\u200d\ud83d\udc67AspieMon 24\\\/7\",\"sameAs\":[\"https:\\\/\\\/www.instagram.com\\\/carenanez\\\/\",\"https:\\\/\\\/x.com\\\/carenanez\"],\"url\":\"https:\\\/\\\/digital58.com.ve\\\/site\\\/author\\\/carena21\\\/\"}]}<\/script>\n<!-- \/ Yoast SEO plugin. -->","yoast_head_json":{"title":"Fundaci\u00f3n Empresas Polar presenta el libro \u00abArboleda Tropical\u00bb, con una versi\u00f3n en lenguaje braille","robots":{"index":"index","follow":"follow","max-snippet":"max-snippet:-1","max-image-preview":"max-image-preview:large","max-video-preview":"max-video-preview:-1"},"canonical":"https:\/\/digital58.com.ve\/site\/?p=163092","og_locale":"es_ES","og_type":"article","og_title":"Fundaci\u00f3n Empresas Polar presenta el libro \u00abArboleda Tropical\u00bb, con una versi\u00f3n en lenguaje braille","og_url":"https:\/\/digital58.com.ve\/site\/?p=163092","og_site_name":"Noticias Digital58","article_published_time":"2023-03-08T22:44:55+00:00","article_modified_time":"2023-03-08T22:45:16+00:00","author":"Caren A\u00f1ez","twitter_card":"summary_large_image","twitter_creator":"@carenanez","twitter_site":"@villasmilhfoto","twitter_misc":{"Escrito por":"Caren A\u00f1ez","Tiempo estimado de lectura":"3 minutos"},"schema":{"@context":"https:\/\/schema.org","@graph":[{"@type":"Article","@id":"https:\/\/digital58.com.ve\/site\/?p=163092#article","isPartOf":{"@id":"https:\/\/digital58.com.ve\/site\/?p=163092"},"author":{"name":"Caren A\u00f1ez","@id":"https:\/\/digital58.com.ve\/site\/#\/schema\/person\/38596b127602deaa13fbcd7585635238"},"headline":"Fundaci\u00f3n Empresas Polar presenta el libro \u00abArboleda Tropical\u00bb, con una versi\u00f3n en lenguaje braille","datePublished":"2023-03-08T22:44:55+00:00","dateModified":"2023-03-08T22:45:16+00:00","mainEntityOfPage":{"@id":"https:\/\/digital58.com.ve\/site\/?p=163092"},"wordCount":621,"commentCount":0,"publisher":{"@id":"https:\/\/digital58.com.ve\/site\/#\/schema\/person\/64d1c2e4d0d4fd1b849980c4331c2951"},"image":{"@id":"https:\/\/digital58.com.ve\/site\/?p=163092#primaryimage"},"thumbnailUrl":"https:\/\/digital58.com.ve\/site\/wp-content\/uploads\/2023\/03\/Arboleda-Tropical-1.jpg","keywords":["Arboleda Tropical","Caracas","Empresas Polar","Fundaci\u00f3n Empresas Polar","Helena Arellano Mayz","Lanzamientos de Libros","Libros","Literatura","Nacionales","Venezuela"],"articleSection":["Sociales"],"inLanguage":"es","potentialAction":[{"@type":"CommentAction","name":"Comment","target":["https:\/\/digital58.com.ve\/site\/?p=163092#respond"]}]},{"@type":"WebPage","@id":"https:\/\/digital58.com.ve\/site\/?p=163092","url":"https:\/\/digital58.com.ve\/site\/?p=163092","name":"Fundaci\u00f3n Empresas Polar presenta el libro \u00abArboleda Tropical\u00bb, con una versi\u00f3n en lenguaje braille","isPartOf":{"@id":"https:\/\/digital58.com.ve\/site\/#website"},"primaryImageOfPage":{"@id":"https:\/\/digital58.com.ve\/site\/?p=163092#primaryimage"},"image":{"@id":"https:\/\/digital58.com.ve\/site\/?p=163092#primaryimage"},"thumbnailUrl":"https:\/\/digital58.com.ve\/site\/wp-content\/uploads\/2023\/03\/Arboleda-Tropical-1.jpg","datePublished":"2023-03-08T22:44:55+00:00","dateModified":"2023-03-08T22:45:16+00:00","breadcrumb":{"@id":"https:\/\/digital58.com.ve\/site\/?p=163092#breadcrumb"},"inLanguage":"es","potentialAction":[{"@type":"ReadAction","target":["https:\/\/digital58.com.ve\/site\/?p=163092"]}]},{"@type":"ImageObject","inLanguage":"es","@id":"https:\/\/digital58.com.ve\/site\/?p=163092#primaryimage","url":"https:\/\/digital58.com.ve\/site\/wp-content\/uploads\/2023\/03\/Arboleda-Tropical-1.jpg","contentUrl":"https:\/\/digital58.com.ve\/site\/wp-content\/uploads\/2023\/03\/Arboleda-Tropical-1.jpg","width":800,"height":513},{"@type":"BreadcrumbList","@id":"https:\/\/digital58.com.ve\/site\/?p=163092#breadcrumb","itemListElement":[{"@type":"ListItem","position":1,"name":"Home","item":"https:\/\/digital58.com.ve\/site\/"},{"@type":"ListItem","position":2,"name":"Fundaci\u00f3n Empresas Polar presenta el libro Arboleda Tropical, con una versi\u00f3n en lenguaje braille"}]},{"@type":"WebSite","@id":"https:\/\/digital58.com.ve\/site\/#website","url":"https:\/\/digital58.com.ve\/site\/","name":"Noticias Digital58","description":"Portal de Noticias \u00a1Periodismo web de verdad! Lanzamiento web 22.11.2005 \/ Maracaibo, Venezuela","publisher":{"@id":"https:\/\/digital58.com.ve\/site\/#\/schema\/person\/64d1c2e4d0d4fd1b849980c4331c2951"},"alternateName":"ND58","potentialAction":[{"@type":"SearchAction","target":{"@type":"EntryPoint","urlTemplate":"https:\/\/digital58.com.ve\/site\/?s={search_term_string}"},"query-input":{"@type":"PropertyValueSpecification","valueRequired":true,"valueName":"search_term_string"}}],"inLanguage":"es"},{"@type":["Person","Organization"],"@id":"https:\/\/digital58.com.ve\/site\/#\/schema\/person\/64d1c2e4d0d4fd1b849980c4331c2951","name":"Villasmil Henry","image":{"@type":"ImageObject","inLanguage":"es","@id":"https:\/\/secure.gravatar.com\/avatar\/bb0c4a2fcb7970138239f7e404ea75757b1b507b28b5ce4c53fbd62d797c5a7c?s=96&d=mm&r=g","url":"https:\/\/secure.gravatar.com\/avatar\/bb0c4a2fcb7970138239f7e404ea75757b1b507b28b5ce4c53fbd62d797c5a7c?s=96&d=mm&r=g","contentUrl":"https:\/\/secure.gravatar.com\/avatar\/bb0c4a2fcb7970138239f7e404ea75757b1b507b28b5ce4c53fbd62d797c5a7c?s=96&d=mm&r=g","caption":"Villasmil Henry"},"logo":{"@id":"https:\/\/secure.gravatar.com\/avatar\/bb0c4a2fcb7970138239f7e404ea75757b1b507b28b5ce4c53fbd62d797c5a7c?s=96&d=mm&r=g"},"sameAs":["http:\/\/www.henryvillasmil.com.ve","https:\/\/www.instagram.com\/villasmilhfoto\/","https:\/\/x.com\/https:\/\/twitter.com\/villasmilhfoto"]},{"@type":"Person","@id":"https:\/\/digital58.com.ve\/site\/#\/schema\/person\/38596b127602deaa13fbcd7585635238","name":"Caren A\u00f1ez","image":{"@type":"ImageObject","inLanguage":"es","@id":"https:\/\/secure.gravatar.com\/avatar\/53aadd693aa414991c9ff2f2b19c39be94d2c342463b80f5402d344911bc9782?s=96&d=mm&r=g","url":"https:\/\/secure.gravatar.com\/avatar\/53aadd693aa414991c9ff2f2b19c39be94d2c342463b80f5402d344911bc9782?s=96&d=mm&r=g","contentUrl":"https:\/\/secure.gravatar.com\/avatar\/53aadd693aa414991c9ff2f2b19c39be94d2c342463b80f5402d344911bc9782?s=96&d=mm&r=g","caption":"Caren A\u00f1ez"},"description":"\ud83d\udc69\u200d\ud83c\udfa4Editora en @digital_58 \ud83d\udc69\ud83c\udffb\u200d\ud83c\udfebPeriodista musical y de entretenimiento. \ud83d\udcf8Fotografa \ud83d\udc69\ud83c\udffb\u200d\ud83d\udcbbMedia Management. \ud83d\udc69\u200d\ud83d\udc67\u200d\ud83d\udc67AspieMon 24\/7","sameAs":["https:\/\/www.instagram.com\/carenanez\/","https:\/\/x.com\/carenanez"],"url":"https:\/\/digital58.com.ve\/site\/author\/carena21\/"}]}},"uagb_featured_image_src":{"full":["https:\/\/digital58.com.ve\/site\/wp-content\/uploads\/2023\/03\/Arboleda-Tropical-1.jpg",800,513,false],"thumbnail":["https:\/\/digital58.com.ve\/site\/wp-content\/uploads\/2023\/03\/Arboleda-Tropical-1-150x150.jpg",150,150,true],"medium":["https:\/\/digital58.com.ve\/site\/wp-content\/uploads\/2023\/03\/Arboleda-Tropical-1-300x192.jpg",300,192,true],"medium_large":["https:\/\/digital58.com.ve\/site\/wp-content\/uploads\/2023\/03\/Arboleda-Tropical-1-768x492.jpg",768,492,true],"large":["https:\/\/digital58.com.ve\/site\/wp-content\/uploads\/2023\/03\/Arboleda-Tropical-1.jpg",800,513,false],"1536x1536":["https:\/\/digital58.com.ve\/site\/wp-content\/uploads\/2023\/03\/Arboleda-Tropical-1.jpg",800,513,false],"2048x2048":["https:\/\/digital58.com.ve\/site\/wp-content\/uploads\/2023\/03\/Arboleda-Tropical-1.jpg",800,513,false],"colormag-highlighted-post":["https:\/\/digital58.com.ve\/site\/wp-content\/uploads\/2023\/03\/Arboleda-Tropical-1-392x272.jpg",392,272,true],"colormag-featured-post-medium":["https:\/\/digital58.com.ve\/site\/wp-content\/uploads\/2023\/03\/Arboleda-Tropical-1-390x205.jpg",390,205,true],"colormag-featured-post-small":["https:\/\/digital58.com.ve\/site\/wp-content\/uploads\/2023\/03\/Arboleda-Tropical-1-130x90.jpg",130,90,true],"colormag-featured-image":["https:\/\/digital58.com.ve\/site\/wp-content\/uploads\/2023\/03\/Arboleda-Tropical-1-800x445.jpg",800,445,true],"colormag-default-news":["https:\/\/digital58.com.ve\/site\/wp-content\/uploads\/2023\/03\/Arboleda-Tropical-1.jpg",150,96,false],"colormag-featured-image-large":["https:\/\/digital58.com.ve\/site\/wp-content\/uploads\/2023\/03\/Arboleda-Tropical-1.jpg",800,513,false]},"uagb_author_info":{"display_name":"Caren A\u00f1ez","author_link":"https:\/\/digital58.com.ve\/site\/author\/carena21\/"},"uagb_comment_info":0,"uagb_excerpt":"El libro que cont\u00f3 con el arbitraje t\u00e9cnico de Neida Avenda\u00f1o, bot\u00e1nico, integrante del equipo de la Fundaci\u00f3n Instituto Bot\u00e1nico","_links":{"self":[{"href":"https:\/\/digital58.com.ve\/site\/wp-json\/wp\/v2\/posts\/163092","targetHints":{"allow":["GET"]}}],"collection":[{"href":"https:\/\/digital58.com.ve\/site\/wp-json\/wp\/v2\/posts"}],"about":[{"href":"https:\/\/digital58.com.ve\/site\/wp-json\/wp\/v2\/types\/post"}],"author":[{"embeddable":true,"href":"https:\/\/digital58.com.ve\/site\/wp-json\/wp\/v2\/users\/39"}],"replies":[{"embeddable":true,"href":"https:\/\/digital58.com.ve\/site\/wp-json\/wp\/v2\/comments?post=163092"}],"version-history":[{"count":0,"href":"https:\/\/digital58.com.ve\/site\/wp-json\/wp\/v2\/posts\/163092\/revisions"}],"wp:featuredmedia":[{"embeddable":true,"href":"https:\/\/digital58.com.ve\/site\/wp-json\/wp\/v2\/media\/163108"}],"wp:attachment":[{"href":"https:\/\/digital58.com.ve\/site\/wp-json\/wp\/v2\/media?parent=163092"}],"wp:term":[{"taxonomy":"category","embeddable":true,"href":"https:\/\/digital58.com.ve\/site\/wp-json\/wp\/v2\/categories?post=163092"},{"taxonomy":"post_tag","embeddable":true,"href":"https:\/\/digital58.com.ve\/site\/wp-json\/wp\/v2\/tags?post=163092"}],"curies":[{"name":"wp","href":"https:\/\/api.w.org\/{rel}","templated":true}]}}