{"id":163600,"date":"2023-03-20T17:19:17","date_gmt":"2023-03-20T21:19:17","guid":{"rendered":"https:\/\/digital58.com.ve\/site\/?p=163600"},"modified":"2023-03-20T17:19:17","modified_gmt":"2023-03-20T21:19:17","slug":"una-cabimera-defensora-de-derechos-humanos-recibe-premio-mujer-alpha-en-miami","status":"publish","type":"post","link":"https:\/\/digital58.com.ve\/site\/2023\/03\/20\/una-cabimera-defensora-de-derechos-humanos-recibe-premio-mujer-alpha-en-miami\/","title":{"rendered":"Una cabimera Defensora de Derechos Humanos recibe Premio Mujer Alpha en Miami"},"content":{"rendered":"<p><a href=\"https:\/\/digital58.com.ve\/site\/wp-content\/uploads\/2023\/03\/WhatsApp-Image-2023-03-20-at-4.47.15-PM2.jpeg\"><img loading=\"lazy\" decoding=\"async\" class=\"aligncenter wp-image-163605 size-large\" src=\"https:\/\/digital58.com.ve\/site\/wp-content\/uploads\/2023\/03\/WhatsApp-Image-2023-03-20-at-4.47.15-PM2-1000x654.jpeg\" alt=\"\" width=\"800\" height=\"523\" srcset=\"https:\/\/digital58.com.ve\/site\/wp-content\/uploads\/2023\/03\/WhatsApp-Image-2023-03-20-at-4.47.15-PM2-1000x654.jpeg 1000w, https:\/\/digital58.com.ve\/site\/wp-content\/uploads\/2023\/03\/WhatsApp-Image-2023-03-20-at-4.47.15-PM2-300x196.jpeg 300w, https:\/\/digital58.com.ve\/site\/wp-content\/uploads\/2023\/03\/WhatsApp-Image-2023-03-20-at-4.47.15-PM2-768x503.jpeg 768w, https:\/\/digital58.com.ve\/site\/wp-content\/uploads\/2023\/03\/WhatsApp-Image-2023-03-20-at-4.47.15-PM2.jpeg 1024w\" sizes=\"auto, (max-width: 800px) 100vw, 800px\" \/><\/a><\/p>\n<p>De la Costa Oriental del Lago para el mundo. El Premio Mujer Alpha es entregado a las 25 mujeres latinas m\u00e1s poderosas dentro los Estados Unidos.<\/p>\n<p><strong>Maracaibo, Zulia, Venezuela, 20 de marzo de 2023 (ND58).-<\/strong> Nerlitt Torres es una periodista venezolana egresada de la Universidad Cat\u00f3lica Cecilio Acosta en el a\u00f1o 2005, dio sus primeros pasos en Ni\u00f1os Cantores Televisi\u00f3n a la edad de 16 a\u00f1os conduciendo un espacio de c\u00e1mara escondida llamado\u00a0 \u00abZoomrisas\u00bb, posteriormente ingres\u00f3 al departamento de Prensa donde trabajo narrando noticias internacionales al lado de Isandra Medero y Gina Caldera.<\/p>\n<p>A los 20 a\u00f1os decide regresar a la Costa Oriental del Lago de Maracaibo, e ingresa a Tv COL como coordinadora de Prensa, donde recibe el premio regional de Periodismo \u00abIgnacio de la Cruz\u00bb de manos del Gobernador del Zulia Manuel Rosales.<\/p>\n<p><a href=\"https:\/\/digital58.com.ve\/site\/wp-content\/uploads\/2023\/03\/WhatsApp-Image-2023-03-20-at-4.47.16-PM.jpeg\"><img loading=\"lazy\" decoding=\"async\" class=\"aligncenter size-full wp-image-163603\" src=\"https:\/\/digital58.com.ve\/site\/wp-content\/uploads\/2023\/03\/WhatsApp-Image-2023-03-20-at-4.47.16-PM.jpeg\" alt=\"\" width=\"1024\" height=\"492\" srcset=\"https:\/\/digital58.com.ve\/site\/wp-content\/uploads\/2023\/03\/WhatsApp-Image-2023-03-20-at-4.47.16-PM.jpeg 1024w, https:\/\/digital58.com.ve\/site\/wp-content\/uploads\/2023\/03\/WhatsApp-Image-2023-03-20-at-4.47.16-PM-300x144.jpeg 300w, https:\/\/digital58.com.ve\/site\/wp-content\/uploads\/2023\/03\/WhatsApp-Image-2023-03-20-at-4.47.16-PM-1000x480.jpeg 1000w, https:\/\/digital58.com.ve\/site\/wp-content\/uploads\/2023\/03\/WhatsApp-Image-2023-03-20-at-4.47.16-PM-768x369.jpeg 768w\" sizes=\"auto, (max-width: 1024px) 100vw, 1024px\" \/><\/a><\/p>\n<p>Los sue\u00f1os o metas personales la llevaron mucho m\u00e1s all\u00e1, se fue al Centroccidente del pa\u00eds a realizar un <em>casting<\/em> para un canal de proyecci\u00f3n nacional (Promar Tv), en esa planta televisiva se hab\u00edan formado los periodistas m\u00e1s reconocidos de Venezuela.<\/p>\n<p>\u00abYo ven\u00eda de trabajar en lugares muy peque\u00f1os donde trabajamos con las u\u00f1as, era un sue\u00f1o tener un equipo satelital para transmitir en vivo desde cualquier lugar\u00bb, expresa que al entrar al imponente canal, sudo y sinti\u00f3 miedo.<\/p>\n<p>Sin embargo, hizo su <em>casting<\/em> un mi\u00e9rcoles el viernes fue llamada por la Jefa de Prensa Rosmaury Suarez para firmar su contrataci\u00f3n. Torres se convirti\u00f3 en una de las figuras principales de Promar Tv, canal donde obtuvo el Premio Nacional de Periodismo \u00abAristides Bastidas\u00bb.<\/p>\n<p><a href=\"https:\/\/digital58.com.ve\/site\/wp-content\/uploads\/2023\/03\/WhatsApp-Image-2023-03-20-at-4.47.14-PM2.jpeg\"><img loading=\"lazy\" decoding=\"async\" class=\"aligncenter size-full wp-image-163607\" src=\"https:\/\/digital58.com.ve\/site\/wp-content\/uploads\/2023\/03\/WhatsApp-Image-2023-03-20-at-4.47.14-PM2.jpeg\" alt=\"\" width=\"1024\" height=\"745\" srcset=\"https:\/\/digital58.com.ve\/site\/wp-content\/uploads\/2023\/03\/WhatsApp-Image-2023-03-20-at-4.47.14-PM2.jpeg 1024w, https:\/\/digital58.com.ve\/site\/wp-content\/uploads\/2023\/03\/WhatsApp-Image-2023-03-20-at-4.47.14-PM2-300x218.jpeg 300w, https:\/\/digital58.com.ve\/site\/wp-content\/uploads\/2023\/03\/WhatsApp-Image-2023-03-20-at-4.47.14-PM2-1000x728.jpeg 1000w, https:\/\/digital58.com.ve\/site\/wp-content\/uploads\/2023\/03\/WhatsApp-Image-2023-03-20-at-4.47.14-PM2-768x559.jpeg 768w\" sizes=\"auto, (max-width: 1024px) 100vw, 1024px\" \/><\/a><\/p>\n<p>En el a\u00f1o 2010 en compa\u00f1\u00eda de Norely Lopez y Reina Vicent y un grupo de abogadas, periodistas y empresarias decidieron crear la ONG Blanca Nieve Sierra, la zuliana hab\u00eda sido v\u00edctima de violencia de g\u00e9nero durante su matrimonio y so\u00f1aba con brindar a las mujeres herramientas para salir del ciclo de la violencia.<\/p>\n<p>\u00abAdem\u00e1s en ese momento Barquisimeto ocupaba el primer lugar en el pa\u00eds de mujeres que eran v\u00edctimas de sus parejas o exparejas, nosotras no ten\u00edamos experiencia en el \u00e1rea y comenzamos a prepararnos con los mejores Amnist\u00eda Internacional, desarrollamos alianzas con otras organizaciones y el Cuerpo de Polic\u00edas del Estado Lara a trav\u00e9s de talleres de formaci\u00f3n le dimos a los funcionarios herramientas para atender a nuestras mujeres\u00bb, detalla la comunicadora social.<\/p>\n<p><a href=\"https:\/\/digital58.com.ve\/site\/wp-content\/uploads\/2023\/03\/WhatsApp-Image-2023-03-20-at-4.47.16-PM1.jpeg\"><img loading=\"lazy\" decoding=\"async\" class=\"aligncenter size-full wp-image-163602\" src=\"https:\/\/digital58.com.ve\/site\/wp-content\/uploads\/2023\/03\/WhatsApp-Image-2023-03-20-at-4.47.16-PM1.jpeg\" alt=\"\" width=\"1024\" height=\"851\" srcset=\"https:\/\/digital58.com.ve\/site\/wp-content\/uploads\/2023\/03\/WhatsApp-Image-2023-03-20-at-4.47.16-PM1.jpeg 1024w, https:\/\/digital58.com.ve\/site\/wp-content\/uploads\/2023\/03\/WhatsApp-Image-2023-03-20-at-4.47.16-PM1-300x249.jpeg 300w, https:\/\/digital58.com.ve\/site\/wp-content\/uploads\/2023\/03\/WhatsApp-Image-2023-03-20-at-4.47.16-PM1-1000x831.jpeg 1000w, https:\/\/digital58.com.ve\/site\/wp-content\/uploads\/2023\/03\/WhatsApp-Image-2023-03-20-at-4.47.16-PM1-768x638.jpeg 768w\" sizes=\"auto, (max-width: 1024px) 100vw, 1024px\" \/><\/a><\/p>\n<p>Debido al \u00e9xito del trabajo que realizaron en el 2014, Lara dej\u00f3 de ocupar el primer lugar en las estad\u00edsticas de f\u00e9minas v\u00edctimas de violencia y Nerlitt Torres fue la imagen principal de la Campa\u00f1a de Amnist\u00eda Internacional en Venezuela.<\/p>\n<p>Su visi\u00f3n contin\u00fao, ella quer\u00eda volver al Zulia, expresa que le\u00eda en las noticias con preocupaci\u00f3n todas las calamidades que enfrentan las personas que viven en la Costa Oriental del Lago. Incorporan en las filas de la ONG Blanca Nieve Sierra a Marycarmen Rinc\u00f3n y Noryomar Parra, una l\u00edder del Municipio Santa Rita y quien fue la responsable del cap\u00edtulo Zulia.<\/p>\n<p>En el 2018 inician una investigaci\u00f3n sobre trata y tr\u00e1fico de seres humanos en el estado Zulia, trabajo que la llev\u00f3 a recibir una beca por parte de la Organizaci\u00f3n de Estados Americanos (OEA) como defensora de derechos humanos.<\/p>\n<p><a href=\"https:\/\/digital58.com.ve\/site\/wp-content\/uploads\/2023\/03\/WhatsApp-Image-2023-03-20-at-4.47.16-PM2.jpeg\"><img loading=\"lazy\" decoding=\"async\" class=\"aligncenter size-full wp-image-163601\" src=\"https:\/\/digital58.com.ve\/site\/wp-content\/uploads\/2023\/03\/WhatsApp-Image-2023-03-20-at-4.47.16-PM2.jpeg\" alt=\"\" width=\"1024\" height=\"741\" srcset=\"https:\/\/digital58.com.ve\/site\/wp-content\/uploads\/2023\/03\/WhatsApp-Image-2023-03-20-at-4.47.16-PM2.jpeg 1024w, https:\/\/digital58.com.ve\/site\/wp-content\/uploads\/2023\/03\/WhatsApp-Image-2023-03-20-at-4.47.16-PM2-300x217.jpeg 300w, https:\/\/digital58.com.ve\/site\/wp-content\/uploads\/2023\/03\/WhatsApp-Image-2023-03-20-at-4.47.16-PM2-1000x724.jpeg 1000w, https:\/\/digital58.com.ve\/site\/wp-content\/uploads\/2023\/03\/WhatsApp-Image-2023-03-20-at-4.47.16-PM2-768x556.jpeg 768w\" sizes=\"auto, (max-width: 1024px) 100vw, 1024px\" \/><\/a><\/p>\n<p>En el 2019 llega a Estados Unidos, hace el lanzamiento de un documental donde muestra la vida de cinco mujeres nativas del Municipio Santa Rita y comienza documentar en compa\u00f1\u00eda de una experta en temas sociales en la ciudad de Caracas Patricia Escalona, las irregularidades de las embarcaciones que sal\u00edan de las Costas de Guiria en el Estado Sucre.<\/p>\n<p>\u00abHan desaparecido m\u00e1s de 100 personas desde el 2019 hasta la actualidad que han salido de esa poblaci\u00f3n, sin contar, quienes zarpan desde Falc\u00f3n, la investigaci\u00f3n fue documentada y llevada a la Organizaci\u00f3n de Estados Americanos y Organizaci\u00f3n de Naciones Unidas\u00bb.<\/p>\n<p>Desde el 2020 y debido al aumento de venezolanos ingresando a Estados Unidos a trav\u00e9s de la frontera Sur, el trabajo cambi\u00f3 \u00abcomenzamos a atender a nuestra comunidad en Miami, fuimos firmantes del estatus de Protecci\u00f3n Temporal TPS un logro gigante para nuestra comunidad y el a\u00f1o pasado firmamos para que el Parole Humanitario fuese una realidad, ya que necesit\u00e1bamos que nuestros inmigrantes ingresaran al pa\u00eds por un puerto de embarque legal y Seguro\u00bb.<\/p>\n<p><a href=\"https:\/\/digital58.com.ve\/site\/wp-content\/uploads\/2023\/03\/WhatsApp-Image-2023-03-20-at-4.47.15-PM3.jpeg\"><img loading=\"lazy\" decoding=\"async\" class=\"aligncenter size-full wp-image-163604\" src=\"https:\/\/digital58.com.ve\/site\/wp-content\/uploads\/2023\/03\/WhatsApp-Image-2023-03-20-at-4.47.15-PM3.jpeg\" alt=\"\" width=\"1024\" height=\"775\" srcset=\"https:\/\/digital58.com.ve\/site\/wp-content\/uploads\/2023\/03\/WhatsApp-Image-2023-03-20-at-4.47.15-PM3.jpeg 1024w, https:\/\/digital58.com.ve\/site\/wp-content\/uploads\/2023\/03\/WhatsApp-Image-2023-03-20-at-4.47.15-PM3-300x227.jpeg 300w, https:\/\/digital58.com.ve\/site\/wp-content\/uploads\/2023\/03\/WhatsApp-Image-2023-03-20-at-4.47.15-PM3-1000x757.jpeg 1000w, https:\/\/digital58.com.ve\/site\/wp-content\/uploads\/2023\/03\/WhatsApp-Image-2023-03-20-at-4.47.15-PM3-768x581.jpeg 768w\" sizes=\"auto, (max-width: 1024px) 100vw, 1024px\" \/><\/a><\/p>\n<p>En marzo, realizo el Primer Encuentro de Mujeres Migrantes en la Ciudad de Miami en Alianza con Urbe University donde cont\u00f3 con mujeres de distintas nacionalidades que narraron su experiencia exitosa y sirvieron de inspiraci\u00f3n a nuestra comunidad para que entiendan que es posible reinventarnos en un pa\u00eds que no es el nuestro.<\/p>\n<p>Hace pocos d\u00edas, recibe la noticia de parte del equipo de Cincuentasticas que fue galardonada como una Mujer Alpha premio que es entregado a las 25 Mujeres Latinas que est\u00e1n hacienda historia en los Estados Unidos.<\/p>\n<p>Torres expresa: \u00abNo lo puedo creer en realidad nunca he trabajado para obtener un premio, hoy en nombre de mi pa\u00eds Venezuela, los desaparecidos en Guiria, nuestros m\u00e1s de ocho millones de inmigrantes alrededor del mundo, nuestras mujeres, adolescentes y ni\u00f1as recibo este galard\u00f3n nosotras seguiremos alzando lasa voz por aquellos que a\u00fan no han sido escuchados\u00bb.<\/p>\n<p><strong>Redacci\u00f3n ND58 <\/strong><br \/>\n<strong>Edici\u00f3n: Villasmil, Henry<\/strong><br \/>\n<strong>Gr\u00e1fica: Cortes\u00eda<\/strong><\/p>\n<p>&nbsp;<\/p><div class=\"btbas69f2e4beeac78\" ><p style=\"text-align: center;\"><a href=\"https:\/\/t.me\/noticiasdigital58\" target=\"_blank\" rel=\"noopener\"><img class=\"aligncenter size-full wp-image-125363\" src=\"https:\/\/digital58.com.ve\/site\/wp-content\/uploads\/2021\/04\/banner-telegram-web-2021.png\" alt=\"\" width=\"600\" height=\"90\" \/><\/a><\/p><\/div><style type=\"text\/css\">\r\n@media screen and (min-width: 1201px) {\r\n.btbas69f2e4beeac78 {\r\ndisplay: block;\r\n}\r\n}\r\n@media screen and (min-width: 993px) and (max-width: 1200px) {\r\n.btbas69f2e4beeac78 {\r\ndisplay: block;\r\n}\r\n}\r\n@media screen and (min-width: 769px) and (max-width: 992px) {\r\n.btbas69f2e4beeac78 {\r\ndisplay: block;\r\n}\r\n}\r\n@media screen and (min-width: 768px) and (max-width: 768px) {\r\n.btbas69f2e4beeac78 {\r\ndisplay: block;\r\n}\r\n}\r\n@media screen and (max-width: 767px) {\r\n.btbas69f2e4beeac78 {\r\ndisplay: block;\r\n}\r\n}\r\n<\/style>\r\n\n<p>&nbsp;<\/p>\n<div style=\"margin-top: 0px; margin-bottom: 0px;\" class=\"sharethis-inline-share-buttons\" ><\/div>","protected":false},"excerpt":{"rendered":"<p>De la Costa Oriental del Lago para el mundo. El Premio Mujer Alpha es entregado a las 25 mujeres latinas<\/p>\n","protected":false},"author":1,"featured_media":163601,"comment_status":"open","ping_status":"closed","sticky":false,"template":"","format":"standard","meta":{"colormag_page_container_layout":"default_layout","colormag_page_sidebar_layout":"default_layout","_uag_custom_page_level_css":"","footnotes":""},"categories":[5409],"tags":[163,13841,30651,8,131,7125,30650,3966,30649,135,32,761],"class_list":["post-163600","post","type-post","status-publish","format-standard","has-post-thumbnail","hentry","category-sociales","tag-col","tag-costa-oriental-del-lago-de-maracaibo","tag-defensora-de-derechos-humanos","tag-internacionales","tag-miami","tag-mujeres","tag-nerlitt-torres","tag-periodistas","tag-premio-mujer-alpha","tag-venezolanos-en-el-exterior","tag-venezuela","tag-zulia"],"yoast_head":"<!-- This site is optimized with the Yoast SEO plugin v27.5 - https:\/\/yoast.com\/product\/yoast-seo-wordpress\/ -->\n<title>Una cabimera Defensora de Derechos Humanos recibe Premio Mujer Alpha en Miami<\/title>\n<meta name=\"robots\" content=\"index, follow, max-snippet:-1, max-image-preview:large, max-video-preview:-1\" \/>\n<link rel=\"canonical\" href=\"https:\/\/digital58.com.ve\/site\/2023\/03\/20\/una-cabimera-defensora-de-derechos-humanos-recibe-premio-mujer-alpha-en-miami\/\" \/>\n<meta property=\"og:locale\" content=\"es_ES\" \/>\n<meta property=\"og:type\" content=\"article\" \/>\n<meta property=\"og:title\" content=\"Una cabimera Defensora de Derechos Humanos recibe Premio Mujer Alpha en Miami\" \/>\n<meta property=\"og:url\" content=\"https:\/\/digital58.com.ve\/site\/2023\/03\/20\/una-cabimera-defensora-de-derechos-humanos-recibe-premio-mujer-alpha-en-miami\/\" \/>\n<meta property=\"og:site_name\" content=\"Noticias Digital58\" \/>\n<meta property=\"article:published_time\" content=\"2023-03-20T21:19:17+00:00\" \/>\n<meta property=\"og:image\" content=\"https:\/\/i0.wp.com\/digital58.com.ve\/site\/wp-content\/uploads\/2023\/03\/WhatsApp-Image-2023-03-20-at-4.47.16-PM2.jpeg?fit=1024%2C741&ssl=1\" \/>\n\t<meta property=\"og:image:width\" content=\"1024\" \/>\n\t<meta property=\"og:image:height\" content=\"741\" \/>\n\t<meta property=\"og:image:type\" content=\"image\/jpeg\" \/>\n<meta name=\"author\" content=\"Villasmil Henry\" \/>\n<meta name=\"twitter:card\" content=\"summary_large_image\" \/>\n<meta name=\"twitter:creator\" content=\"@https:\/\/twitter.com\/villasmilhfoto\" \/>\n<meta name=\"twitter:site\" content=\"@villasmilhfoto\" \/>\n<meta name=\"twitter:label1\" content=\"Escrito por\" \/>\n\t<meta name=\"twitter:data1\" content=\"Villasmil Henry\" \/>\n\t<meta name=\"twitter:label2\" content=\"Tiempo estimado de lectura\" \/>\n\t<meta name=\"twitter:data2\" content=\"5 minutos\" \/>\n<script type=\"application\/ld+json\" class=\"yoast-schema-graph\">{\"@context\":\"https:\\\/\\\/schema.org\",\"@graph\":[{\"@type\":\"Article\",\"@id\":\"https:\\\/\\\/digital58.com.ve\\\/site\\\/2023\\\/03\\\/20\\\/una-cabimera-defensora-de-derechos-humanos-recibe-premio-mujer-alpha-en-miami\\\/#article\",\"isPartOf\":{\"@id\":\"https:\\\/\\\/digital58.com.ve\\\/site\\\/2023\\\/03\\\/20\\\/una-cabimera-defensora-de-derechos-humanos-recibe-premio-mujer-alpha-en-miami\\\/\"},\"author\":{\"name\":\"Villasmil Henry\",\"@id\":\"https:\\\/\\\/digital58.com.ve\\\/site\\\/#\\\/schema\\\/person\\\/64d1c2e4d0d4fd1b849980c4331c2951\"},\"headline\":\"Una cabimera Defensora de Derechos Humanos recibe Premio Mujer Alpha en Miami\",\"datePublished\":\"2023-03-20T21:19:17+00:00\",\"mainEntityOfPage\":{\"@id\":\"https:\\\/\\\/digital58.com.ve\\\/site\\\/2023\\\/03\\\/20\\\/una-cabimera-defensora-de-derechos-humanos-recibe-premio-mujer-alpha-en-miami\\\/\"},\"wordCount\":928,\"commentCount\":0,\"publisher\":{\"@id\":\"https:\\\/\\\/digital58.com.ve\\\/site\\\/#\\\/schema\\\/person\\\/64d1c2e4d0d4fd1b849980c4331c2951\"},\"image\":{\"@id\":\"https:\\\/\\\/digital58.com.ve\\\/site\\\/2023\\\/03\\\/20\\\/una-cabimera-defensora-de-derechos-humanos-recibe-premio-mujer-alpha-en-miami\\\/#primaryimage\"},\"thumbnailUrl\":\"https:\\\/\\\/digital58.com.ve\\\/site\\\/wp-content\\\/uploads\\\/2023\\\/03\\\/WhatsApp-Image-2023-03-20-at-4.47.16-PM2.jpeg\",\"keywords\":[\"COL\",\"Costa Oriental del Lago de Maracaibo\",\"Defensora de Derechos Humanos\",\"Internacionales\",\"Miami\",\"Mujeres\",\"Nerlitt Torres\",\"Periodistas\",\"Premio Mujer Alpha\",\"Venezolanos en el exterior\",\"Venezuela\",\"Zulia\"],\"articleSection\":[\"Sociales\"],\"inLanguage\":\"es\",\"potentialAction\":[{\"@type\":\"CommentAction\",\"name\":\"Comment\",\"target\":[\"https:\\\/\\\/digital58.com.ve\\\/site\\\/2023\\\/03\\\/20\\\/una-cabimera-defensora-de-derechos-humanos-recibe-premio-mujer-alpha-en-miami\\\/#respond\"]}]},{\"@type\":\"WebPage\",\"@id\":\"https:\\\/\\\/digital58.com.ve\\\/site\\\/2023\\\/03\\\/20\\\/una-cabimera-defensora-de-derechos-humanos-recibe-premio-mujer-alpha-en-miami\\\/\",\"url\":\"https:\\\/\\\/digital58.com.ve\\\/site\\\/2023\\\/03\\\/20\\\/una-cabimera-defensora-de-derechos-humanos-recibe-premio-mujer-alpha-en-miami\\\/\",\"name\":\"Una cabimera Defensora de Derechos Humanos recibe Premio Mujer Alpha en Miami\",\"isPartOf\":{\"@id\":\"https:\\\/\\\/digital58.com.ve\\\/site\\\/#website\"},\"primaryImageOfPage\":{\"@id\":\"https:\\\/\\\/digital58.com.ve\\\/site\\\/2023\\\/03\\\/20\\\/una-cabimera-defensora-de-derechos-humanos-recibe-premio-mujer-alpha-en-miami\\\/#primaryimage\"},\"image\":{\"@id\":\"https:\\\/\\\/digital58.com.ve\\\/site\\\/2023\\\/03\\\/20\\\/una-cabimera-defensora-de-derechos-humanos-recibe-premio-mujer-alpha-en-miami\\\/#primaryimage\"},\"thumbnailUrl\":\"https:\\\/\\\/digital58.com.ve\\\/site\\\/wp-content\\\/uploads\\\/2023\\\/03\\\/WhatsApp-Image-2023-03-20-at-4.47.16-PM2.jpeg\",\"datePublished\":\"2023-03-20T21:19:17+00:00\",\"breadcrumb\":{\"@id\":\"https:\\\/\\\/digital58.com.ve\\\/site\\\/2023\\\/03\\\/20\\\/una-cabimera-defensora-de-derechos-humanos-recibe-premio-mujer-alpha-en-miami\\\/#breadcrumb\"},\"inLanguage\":\"es\",\"potentialAction\":[{\"@type\":\"ReadAction\",\"target\":[\"https:\\\/\\\/digital58.com.ve\\\/site\\\/2023\\\/03\\\/20\\\/una-cabimera-defensora-de-derechos-humanos-recibe-premio-mujer-alpha-en-miami\\\/\"]}]},{\"@type\":\"ImageObject\",\"inLanguage\":\"es\",\"@id\":\"https:\\\/\\\/digital58.com.ve\\\/site\\\/2023\\\/03\\\/20\\\/una-cabimera-defensora-de-derechos-humanos-recibe-premio-mujer-alpha-en-miami\\\/#primaryimage\",\"url\":\"https:\\\/\\\/digital58.com.ve\\\/site\\\/wp-content\\\/uploads\\\/2023\\\/03\\\/WhatsApp-Image-2023-03-20-at-4.47.16-PM2.jpeg\",\"contentUrl\":\"https:\\\/\\\/digital58.com.ve\\\/site\\\/wp-content\\\/uploads\\\/2023\\\/03\\\/WhatsApp-Image-2023-03-20-at-4.47.16-PM2.jpeg\",\"width\":1024,\"height\":741},{\"@type\":\"BreadcrumbList\",\"@id\":\"https:\\\/\\\/digital58.com.ve\\\/site\\\/2023\\\/03\\\/20\\\/una-cabimera-defensora-de-derechos-humanos-recibe-premio-mujer-alpha-en-miami\\\/#breadcrumb\",\"itemListElement\":[{\"@type\":\"ListItem\",\"position\":1,\"name\":\"Home\",\"item\":\"https:\\\/\\\/digital58.com.ve\\\/site\\\/\"},{\"@type\":\"ListItem\",\"position\":2,\"name\":\"Una cabimera Defensora de Derechos Humanos recibe Premio Mujer Alpha en Miami\"}]},{\"@type\":\"WebSite\",\"@id\":\"https:\\\/\\\/digital58.com.ve\\\/site\\\/#website\",\"url\":\"https:\\\/\\\/digital58.com.ve\\\/site\\\/\",\"name\":\"Noticias Digital58\",\"description\":\"Portal de Noticias \u00a1Periodismo web de verdad! Lanzamiento web 22.11.2005 \\\/ Maracaibo, Venezuela\",\"publisher\":{\"@id\":\"https:\\\/\\\/digital58.com.ve\\\/site\\\/#\\\/schema\\\/person\\\/64d1c2e4d0d4fd1b849980c4331c2951\"},\"alternateName\":\"ND58\",\"potentialAction\":[{\"@type\":\"SearchAction\",\"target\":{\"@type\":\"EntryPoint\",\"urlTemplate\":\"https:\\\/\\\/digital58.com.ve\\\/site\\\/?s={search_term_string}\"},\"query-input\":{\"@type\":\"PropertyValueSpecification\",\"valueRequired\":true,\"valueName\":\"search_term_string\"}}],\"inLanguage\":\"es\"},{\"@type\":[\"Person\",\"Organization\"],\"@id\":\"https:\\\/\\\/digital58.com.ve\\\/site\\\/#\\\/schema\\\/person\\\/64d1c2e4d0d4fd1b849980c4331c2951\",\"name\":\"Villasmil Henry\",\"image\":{\"@type\":\"ImageObject\",\"inLanguage\":\"es\",\"@id\":\"https:\\\/\\\/secure.gravatar.com\\\/avatar\\\/bb0c4a2fcb7970138239f7e404ea75757b1b507b28b5ce4c53fbd62d797c5a7c?s=96&d=mm&r=g\",\"url\":\"https:\\\/\\\/secure.gravatar.com\\\/avatar\\\/bb0c4a2fcb7970138239f7e404ea75757b1b507b28b5ce4c53fbd62d797c5a7c?s=96&d=mm&r=g\",\"contentUrl\":\"https:\\\/\\\/secure.gravatar.com\\\/avatar\\\/bb0c4a2fcb7970138239f7e404ea75757b1b507b28b5ce4c53fbd62d797c5a7c?s=96&d=mm&r=g\",\"caption\":\"Villasmil Henry\"},\"logo\":{\"@id\":\"https:\\\/\\\/secure.gravatar.com\\\/avatar\\\/bb0c4a2fcb7970138239f7e404ea75757b1b507b28b5ce4c53fbd62d797c5a7c?s=96&d=mm&r=g\"},\"sameAs\":[\"http:\\\/\\\/www.henryvillasmil.com.ve\",\"https:\\\/\\\/www.instagram.com\\\/villasmilhfoto\\\/\",\"https:\\\/\\\/x.com\\\/https:\\\/\\\/twitter.com\\\/villasmilhfoto\"],\"url\":\"https:\\\/\\\/digital58.com.ve\\\/site\\\/author\\\/droopy_68\\\/\"}]}<\/script>\n<!-- \/ Yoast SEO plugin. -->","yoast_head_json":{"title":"Una cabimera Defensora de Derechos Humanos recibe Premio Mujer Alpha en Miami","robots":{"index":"index","follow":"follow","max-snippet":"max-snippet:-1","max-image-preview":"max-image-preview:large","max-video-preview":"max-video-preview:-1"},"canonical":"https:\/\/digital58.com.ve\/site\/2023\/03\/20\/una-cabimera-defensora-de-derechos-humanos-recibe-premio-mujer-alpha-en-miami\/","og_locale":"es_ES","og_type":"article","og_title":"Una cabimera Defensora de Derechos Humanos recibe Premio Mujer Alpha en Miami","og_url":"https:\/\/digital58.com.ve\/site\/2023\/03\/20\/una-cabimera-defensora-de-derechos-humanos-recibe-premio-mujer-alpha-en-miami\/","og_site_name":"Noticias Digital58","article_published_time":"2023-03-20T21:19:17+00:00","og_image":[{"width":1024,"height":741,"url":"https:\/\/i0.wp.com\/digital58.com.ve\/site\/wp-content\/uploads\/2023\/03\/WhatsApp-Image-2023-03-20-at-4.47.16-PM2.jpeg?fit=1024%2C741&ssl=1","type":"image\/jpeg"}],"author":"Villasmil Henry","twitter_card":"summary_large_image","twitter_creator":"@https:\/\/twitter.com\/villasmilhfoto","twitter_site":"@villasmilhfoto","twitter_misc":{"Escrito por":"Villasmil Henry","Tiempo estimado de lectura":"5 minutos"},"schema":{"@context":"https:\/\/schema.org","@graph":[{"@type":"Article","@id":"https:\/\/digital58.com.ve\/site\/2023\/03\/20\/una-cabimera-defensora-de-derechos-humanos-recibe-premio-mujer-alpha-en-miami\/#article","isPartOf":{"@id":"https:\/\/digital58.com.ve\/site\/2023\/03\/20\/una-cabimera-defensora-de-derechos-humanos-recibe-premio-mujer-alpha-en-miami\/"},"author":{"name":"Villasmil Henry","@id":"https:\/\/digital58.com.ve\/site\/#\/schema\/person\/64d1c2e4d0d4fd1b849980c4331c2951"},"headline":"Una cabimera Defensora de Derechos Humanos recibe Premio Mujer Alpha en Miami","datePublished":"2023-03-20T21:19:17+00:00","mainEntityOfPage":{"@id":"https:\/\/digital58.com.ve\/site\/2023\/03\/20\/una-cabimera-defensora-de-derechos-humanos-recibe-premio-mujer-alpha-en-miami\/"},"wordCount":928,"commentCount":0,"publisher":{"@id":"https:\/\/digital58.com.ve\/site\/#\/schema\/person\/64d1c2e4d0d4fd1b849980c4331c2951"},"image":{"@id":"https:\/\/digital58.com.ve\/site\/2023\/03\/20\/una-cabimera-defensora-de-derechos-humanos-recibe-premio-mujer-alpha-en-miami\/#primaryimage"},"thumbnailUrl":"https:\/\/digital58.com.ve\/site\/wp-content\/uploads\/2023\/03\/WhatsApp-Image-2023-03-20-at-4.47.16-PM2.jpeg","keywords":["COL","Costa Oriental del Lago de Maracaibo","Defensora de Derechos Humanos","Internacionales","Miami","Mujeres","Nerlitt Torres","Periodistas","Premio Mujer Alpha","Venezolanos en el exterior","Venezuela","Zulia"],"articleSection":["Sociales"],"inLanguage":"es","potentialAction":[{"@type":"CommentAction","name":"Comment","target":["https:\/\/digital58.com.ve\/site\/2023\/03\/20\/una-cabimera-defensora-de-derechos-humanos-recibe-premio-mujer-alpha-en-miami\/#respond"]}]},{"@type":"WebPage","@id":"https:\/\/digital58.com.ve\/site\/2023\/03\/20\/una-cabimera-defensora-de-derechos-humanos-recibe-premio-mujer-alpha-en-miami\/","url":"https:\/\/digital58.com.ve\/site\/2023\/03\/20\/una-cabimera-defensora-de-derechos-humanos-recibe-premio-mujer-alpha-en-miami\/","name":"Una cabimera Defensora de Derechos Humanos recibe Premio Mujer Alpha en Miami","isPartOf":{"@id":"https:\/\/digital58.com.ve\/site\/#website"},"primaryImageOfPage":{"@id":"https:\/\/digital58.com.ve\/site\/2023\/03\/20\/una-cabimera-defensora-de-derechos-humanos-recibe-premio-mujer-alpha-en-miami\/#primaryimage"},"image":{"@id":"https:\/\/digital58.com.ve\/site\/2023\/03\/20\/una-cabimera-defensora-de-derechos-humanos-recibe-premio-mujer-alpha-en-miami\/#primaryimage"},"thumbnailUrl":"https:\/\/digital58.com.ve\/site\/wp-content\/uploads\/2023\/03\/WhatsApp-Image-2023-03-20-at-4.47.16-PM2.jpeg","datePublished":"2023-03-20T21:19:17+00:00","breadcrumb":{"@id":"https:\/\/digital58.com.ve\/site\/2023\/03\/20\/una-cabimera-defensora-de-derechos-humanos-recibe-premio-mujer-alpha-en-miami\/#breadcrumb"},"inLanguage":"es","potentialAction":[{"@type":"ReadAction","target":["https:\/\/digital58.com.ve\/site\/2023\/03\/20\/una-cabimera-defensora-de-derechos-humanos-recibe-premio-mujer-alpha-en-miami\/"]}]},{"@type":"ImageObject","inLanguage":"es","@id":"https:\/\/digital58.com.ve\/site\/2023\/03\/20\/una-cabimera-defensora-de-derechos-humanos-recibe-premio-mujer-alpha-en-miami\/#primaryimage","url":"https:\/\/digital58.com.ve\/site\/wp-content\/uploads\/2023\/03\/WhatsApp-Image-2023-03-20-at-4.47.16-PM2.jpeg","contentUrl":"https:\/\/digital58.com.ve\/site\/wp-content\/uploads\/2023\/03\/WhatsApp-Image-2023-03-20-at-4.47.16-PM2.jpeg","width":1024,"height":741},{"@type":"BreadcrumbList","@id":"https:\/\/digital58.com.ve\/site\/2023\/03\/20\/una-cabimera-defensora-de-derechos-humanos-recibe-premio-mujer-alpha-en-miami\/#breadcrumb","itemListElement":[{"@type":"ListItem","position":1,"name":"Home","item":"https:\/\/digital58.com.ve\/site\/"},{"@type":"ListItem","position":2,"name":"Una cabimera Defensora de Derechos Humanos recibe Premio Mujer Alpha en Miami"}]},{"@type":"WebSite","@id":"https:\/\/digital58.com.ve\/site\/#website","url":"https:\/\/digital58.com.ve\/site\/","name":"Noticias Digital58","description":"Portal de Noticias \u00a1Periodismo web de verdad! Lanzamiento web 22.11.2005 \/ Maracaibo, Venezuela","publisher":{"@id":"https:\/\/digital58.com.ve\/site\/#\/schema\/person\/64d1c2e4d0d4fd1b849980c4331c2951"},"alternateName":"ND58","potentialAction":[{"@type":"SearchAction","target":{"@type":"EntryPoint","urlTemplate":"https:\/\/digital58.com.ve\/site\/?s={search_term_string}"},"query-input":{"@type":"PropertyValueSpecification","valueRequired":true,"valueName":"search_term_string"}}],"inLanguage":"es"},{"@type":["Person","Organization"],"@id":"https:\/\/digital58.com.ve\/site\/#\/schema\/person\/64d1c2e4d0d4fd1b849980c4331c2951","name":"Villasmil Henry","image":{"@type":"ImageObject","inLanguage":"es","@id":"https:\/\/secure.gravatar.com\/avatar\/bb0c4a2fcb7970138239f7e404ea75757b1b507b28b5ce4c53fbd62d797c5a7c?s=96&d=mm&r=g","url":"https:\/\/secure.gravatar.com\/avatar\/bb0c4a2fcb7970138239f7e404ea75757b1b507b28b5ce4c53fbd62d797c5a7c?s=96&d=mm&r=g","contentUrl":"https:\/\/secure.gravatar.com\/avatar\/bb0c4a2fcb7970138239f7e404ea75757b1b507b28b5ce4c53fbd62d797c5a7c?s=96&d=mm&r=g","caption":"Villasmil Henry"},"logo":{"@id":"https:\/\/secure.gravatar.com\/avatar\/bb0c4a2fcb7970138239f7e404ea75757b1b507b28b5ce4c53fbd62d797c5a7c?s=96&d=mm&r=g"},"sameAs":["http:\/\/www.henryvillasmil.com.ve","https:\/\/www.instagram.com\/villasmilhfoto\/","https:\/\/x.com\/https:\/\/twitter.com\/villasmilhfoto"],"url":"https:\/\/digital58.com.ve\/site\/author\/droopy_68\/"}]}},"uagb_featured_image_src":{"full":["https:\/\/digital58.com.ve\/site\/wp-content\/uploads\/2023\/03\/WhatsApp-Image-2023-03-20-at-4.47.16-PM2.jpeg",1024,741,false],"thumbnail":["https:\/\/digital58.com.ve\/site\/wp-content\/uploads\/2023\/03\/WhatsApp-Image-2023-03-20-at-4.47.16-PM2-150x150.jpeg",150,150,true],"medium":["https:\/\/digital58.com.ve\/site\/wp-content\/uploads\/2023\/03\/WhatsApp-Image-2023-03-20-at-4.47.16-PM2-300x217.jpeg",300,217,true],"medium_large":["https:\/\/digital58.com.ve\/site\/wp-content\/uploads\/2023\/03\/WhatsApp-Image-2023-03-20-at-4.47.16-PM2-768x556.jpeg",768,556,true],"large":["https:\/\/digital58.com.ve\/site\/wp-content\/uploads\/2023\/03\/WhatsApp-Image-2023-03-20-at-4.47.16-PM2-1000x724.jpeg",800,579,true],"1536x1536":["https:\/\/digital58.com.ve\/site\/wp-content\/uploads\/2023\/03\/WhatsApp-Image-2023-03-20-at-4.47.16-PM2.jpeg",1024,741,false],"2048x2048":["https:\/\/digital58.com.ve\/site\/wp-content\/uploads\/2023\/03\/WhatsApp-Image-2023-03-20-at-4.47.16-PM2.jpeg",1024,741,false],"colormag-highlighted-post":["https:\/\/digital58.com.ve\/site\/wp-content\/uploads\/2023\/03\/WhatsApp-Image-2023-03-20-at-4.47.16-PM2-392x272.jpeg",392,272,true],"colormag-featured-post-medium":["https:\/\/digital58.com.ve\/site\/wp-content\/uploads\/2023\/03\/WhatsApp-Image-2023-03-20-at-4.47.16-PM2-390x205.jpeg",390,205,true],"colormag-featured-post-small":["https:\/\/digital58.com.ve\/site\/wp-content\/uploads\/2023\/03\/WhatsApp-Image-2023-03-20-at-4.47.16-PM2-130x90.jpeg",130,90,true],"colormag-featured-image":["https:\/\/digital58.com.ve\/site\/wp-content\/uploads\/2023\/03\/WhatsApp-Image-2023-03-20-at-4.47.16-PM2-800x445.jpeg",800,445,true],"colormag-default-news":["https:\/\/digital58.com.ve\/site\/wp-content\/uploads\/2023\/03\/WhatsApp-Image-2023-03-20-at-4.47.16-PM2.jpeg",150,109,false],"colormag-featured-image-large":["https:\/\/digital58.com.ve\/site\/wp-content\/uploads\/2023\/03\/WhatsApp-Image-2023-03-20-at-4.47.16-PM2.jpeg",829,600,false]},"uagb_author_info":{"display_name":"Villasmil Henry","author_link":"https:\/\/digital58.com.ve\/site\/author\/droopy_68\/"},"uagb_comment_info":0,"uagb_excerpt":"De la Costa Oriental del Lago para el mundo. El Premio Mujer Alpha es entregado a las 25 mujeres latinas","_links":{"self":[{"href":"https:\/\/digital58.com.ve\/site\/wp-json\/wp\/v2\/posts\/163600","targetHints":{"allow":["GET"]}}],"collection":[{"href":"https:\/\/digital58.com.ve\/site\/wp-json\/wp\/v2\/posts"}],"about":[{"href":"https:\/\/digital58.com.ve\/site\/wp-json\/wp\/v2\/types\/post"}],"author":[{"embeddable":true,"href":"https:\/\/digital58.com.ve\/site\/wp-json\/wp\/v2\/users\/1"}],"replies":[{"embeddable":true,"href":"https:\/\/digital58.com.ve\/site\/wp-json\/wp\/v2\/comments?post=163600"}],"version-history":[{"count":1,"href":"https:\/\/digital58.com.ve\/site\/wp-json\/wp\/v2\/posts\/163600\/revisions"}],"predecessor-version":[{"id":163608,"href":"https:\/\/digital58.com.ve\/site\/wp-json\/wp\/v2\/posts\/163600\/revisions\/163608"}],"wp:featuredmedia":[{"embeddable":true,"href":"https:\/\/digital58.com.ve\/site\/wp-json\/wp\/v2\/media\/163601"}],"wp:attachment":[{"href":"https:\/\/digital58.com.ve\/site\/wp-json\/wp\/v2\/media?parent=163600"}],"wp:term":[{"taxonomy":"category","embeddable":true,"href":"https:\/\/digital58.com.ve\/site\/wp-json\/wp\/v2\/categories?post=163600"},{"taxonomy":"post_tag","embeddable":true,"href":"https:\/\/digital58.com.ve\/site\/wp-json\/wp\/v2\/tags?post=163600"}],"curies":[{"name":"wp","href":"https:\/\/api.w.org\/{rel}","templated":true}]}}