{"id":163719,"date":"2023-03-22T18:19:50","date_gmt":"2023-03-22T22:19:50","guid":{"rendered":"https:\/\/digital58.com.ve\/site\/?p=163719"},"modified":"2023-03-22T18:20:23","modified_gmt":"2023-03-22T22:20:23","slug":"inidi-apertura-nicho-etnolinguistico-en-maracaibo-para-preservar-idioma-y-cultura-wayuu","status":"publish","type":"post","link":"https:\/\/digital58.com.ve\/site\/2023\/03\/22\/inidi-apertura-nicho-etnolinguistico-en-maracaibo-para-preservar-idioma-y-cultura-wayuu\/","title":{"rendered":"INIDI apertura Nicho Etnoling\u00fc\u00edstico en Maracaibo para preservar idioma y cultura Way\u00fau"},"content":{"rendered":"<p><a href=\"https:\/\/digital58.com.ve\/site\/wp-content\/uploads\/2023\/03\/Wapulee.jpg\"><img loading=\"lazy\" decoding=\"async\" class=\"aligncenter size-full wp-image-163720\" src=\"https:\/\/digital58.com.ve\/site\/wp-content\/uploads\/2023\/03\/Wapulee.jpg\" alt=\"\" width=\"800\" height=\"562\" srcset=\"https:\/\/digital58.com.ve\/site\/wp-content\/uploads\/2023\/03\/Wapulee.jpg 800w, https:\/\/digital58.com.ve\/site\/wp-content\/uploads\/2023\/03\/Wapulee-300x211.jpg 300w, https:\/\/digital58.com.ve\/site\/wp-content\/uploads\/2023\/03\/Wapulee-768x540.jpg 768w, https:\/\/digital58.com.ve\/site\/wp-content\/uploads\/2023\/03\/Wapulee-130x90.jpg 130w\" sizes=\"auto, (max-width: 800px) 100vw, 800px\" \/><\/a><\/p>\n<p>El Gobierno Nacional mantiene de forma contin\u00faa las pol\u00edticas de inclusi\u00f3n social hacia los pueblos ind\u00edgenas de Venezuela.<\/p>\n<p><strong>Maracaibo, Zulia, Venezuela, 22 de marzo de 2023 (ND58).-<\/strong> El Instituto Nacional de Idiomas Ind\u00edgenas divisi\u00f3n Zulia (INIDI) organiz\u00f3 la inauguraci\u00f3n del primer Nicho Etnoling\u00fc\u00edstico de Maracaibo denominado \u00abWapulee\u00bb, el objetivo del espacio es preservar, revitalizar y ense\u00f1ar la lengua aut\u00f3ctona Way\u00fau en la parroquia Idelfonso V\u00e1squez ubicada al oeste de la capital zuliana.<\/p>\n<p>Al respecto, Heberto Ortega director del INIDI Zulia explic\u00f3 que luego de un an\u00e1lisis ling\u00fc\u00edstico se determin\u00f3 que en la parroquia Idelfonso V\u00e1squez donde habitan cientos de familias Way\u00fau se ha disminuido la transmisi\u00f3n y uso del idioma wayuunaiki adem\u00e1s de costumbres y tradiciones de este pueblo originario que cuenta con un considerable n\u00famero poblacional en la ciudad de Maracaibo.<\/p>\n<p>Detall\u00f3 Ortega que el Nicho Etnoling\u00fc\u00edstico est\u00e1 ubicado en el barrio 24 de septiembre del sector Los Planazos, all\u00ed Sabios Way\u00fau y docentes estar\u00e1n a la disposici\u00f3n de la comunidad para ofrecer formaci\u00f3n en materia ling\u00fc\u00edstica y cultural del pueblo Way\u00fau, pol\u00edtica que intenta mantener vigente la identidad ind\u00edgena de las comunidades originarias y evita la perdida del idioma, es la misma comunidad quien garantiza que el nicho funcione porque es un esfuerzo compartido una responsabilidad compartida, el pueblo ind\u00edgena es el veedor de la actividad formativa.<\/p>\n<p>Asimismo, el director del INIDI en la regi\u00f3n explic\u00f3 que la apertura del espacio formativo esta relacionado con la celebraci\u00f3n del D\u00eda Nacional del Ni\u00f1o y la Ni\u00f1a Ind\u00edgena el pasado 18 de marzo y de la firma de compromiso que hiciera Hugo Ch\u00e1vez Fr\u00edas para dignificar y brindarle inclusi\u00f3n a los ind\u00edgenas el 20 de marzo del a\u00f1o 1998.<\/p>\n<p>Durante la inauguraci\u00f3n estuvieron presentes representantes de los ministerios de Educaci\u00f3n, Ind\u00edgenas, Funda Comunal y el Poder Popular, resalt\u00f3 que los nichos etnoling\u00fc\u00edsticos se seguir\u00e1n instalando en todo el Zulia.<\/p>\n<p><strong>Redacci\u00f3n ND58 | Fuente: NDP<\/strong><br \/>\n<strong>Edici\u00f3n: Villasmil, Henry<\/strong><br \/>\n<strong>Gr\u00e1fica: Cortes\u00eda<\/strong><\/p>\n<p>&nbsp;<\/p>\n<p>&nbsp;<\/p><div class=\"nyrvb69f39e2d50b32\" ><p style=\"text-align: center;\"><a href=\"https:\/\/t.me\/noticiasdigital58\" target=\"_blank\" rel=\"noopener\"><img class=\"aligncenter size-full wp-image-125363\" src=\"https:\/\/digital58.com.ve\/site\/wp-content\/uploads\/2021\/04\/banner-telegram-web-2021.png\" alt=\"\" width=\"600\" height=\"90\" \/><\/a><\/p><\/div><style type=\"text\/css\">\r\n@media screen and (min-width: 1201px) {\r\n.nyrvb69f39e2d50b32 {\r\ndisplay: block;\r\n}\r\n}\r\n@media screen and (min-width: 993px) and (max-width: 1200px) {\r\n.nyrvb69f39e2d50b32 {\r\ndisplay: block;\r\n}\r\n}\r\n@media screen and (min-width: 769px) and (max-width: 992px) {\r\n.nyrvb69f39e2d50b32 {\r\ndisplay: block;\r\n}\r\n}\r\n@media screen and (min-width: 768px) and (max-width: 768px) {\r\n.nyrvb69f39e2d50b32 {\r\ndisplay: block;\r\n}\r\n}\r\n@media screen and (max-width: 767px) {\r\n.nyrvb69f39e2d50b32 {\r\ndisplay: block;\r\n}\r\n}\r\n<\/style>\r\n\n<p>&nbsp;<\/p>\n<div style=\"margin-top: 0px; margin-bottom: 0px;\" class=\"sharethis-inline-share-buttons\" ><\/div>","protected":false},"excerpt":{"rendered":"<p>El Gobierno Nacional mantiene de forma contin\u00faa las pol\u00edticas de inclusi\u00f3n social hacia los pueblos ind\u00edgenas de Venezuela. Maracaibo, Zulia,<\/p>\n","protected":false},"author":1,"featured_media":163720,"comment_status":"open","ping_status":"closed","sticky":false,"template":"","format":"standard","meta":{"colormag_page_container_layout":"default_layout","colormag_page_sidebar_layout":"default_layout","_uag_custom_page_level_css":"","footnotes":""},"categories":[14504],"tags":[1818,30687,30686,30684,73,233,30685,17887,2354,32,30683,4039],"class_list":["post-163719","post","type-post","status-publish","format-standard","has-post-thumbnail","hentry","category-zulia","tag-gobierno-nacional","tag-heberto-ortega","tag-inidi","tag-instituto-nacional-de-idiomas-indigenas","tag-maracaibo","tag-nacionales","tag-nicho-etnolinguistico","tag-pueblos-indigenas-del-zulia","tag-regionales","tag-venezuela","tag-wapulee","tag-wayuu"],"yoast_head":"<!-- This site is optimized with the Yoast SEO plugin v27.5 - https:\/\/yoast.com\/product\/yoast-seo-wordpress\/ -->\n<title>INIDI apertura Nicho Etnoling\u00fc\u00edstico en Maracaibo para preservar idioma y cultura Way\u00fau<\/title>\n<meta name=\"robots\" content=\"index, follow, max-snippet:-1, max-image-preview:large, max-video-preview:-1\" \/>\n<link rel=\"canonical\" href=\"https:\/\/digital58.com.ve\/site\/2023\/03\/22\/inidi-apertura-nicho-etnolinguistico-en-maracaibo-para-preservar-idioma-y-cultura-wayuu\/\" \/>\n<meta property=\"og:locale\" content=\"es_ES\" \/>\n<meta property=\"og:type\" content=\"article\" \/>\n<meta property=\"og:title\" content=\"INIDI apertura Nicho Etnoling\u00fc\u00edstico en Maracaibo para preservar idioma y cultura Way\u00fau\" \/>\n<meta property=\"og:url\" content=\"https:\/\/digital58.com.ve\/site\/2023\/03\/22\/inidi-apertura-nicho-etnolinguistico-en-maracaibo-para-preservar-idioma-y-cultura-wayuu\/\" \/>\n<meta property=\"og:site_name\" content=\"Noticias Digital58\" \/>\n<meta property=\"article:published_time\" content=\"2023-03-22T22:19:50+00:00\" \/>\n<meta property=\"article:modified_time\" content=\"2023-03-22T22:20:23+00:00\" \/>\n<meta property=\"og:image\" content=\"https:\/\/i0.wp.com\/digital58.com.ve\/site\/wp-content\/uploads\/2023\/03\/Wapulee.jpg?fit=800%2C562&ssl=1\" \/>\n\t<meta property=\"og:image:width\" content=\"800\" \/>\n\t<meta property=\"og:image:height\" content=\"562\" \/>\n\t<meta property=\"og:image:type\" content=\"image\/jpeg\" \/>\n<meta name=\"author\" content=\"Villasmil Henry\" \/>\n<meta name=\"twitter:card\" content=\"summary_large_image\" \/>\n<meta name=\"twitter:creator\" content=\"@https:\/\/twitter.com\/villasmilhfoto\" \/>\n<meta name=\"twitter:site\" content=\"@villasmilhfoto\" \/>\n<meta name=\"twitter:label1\" content=\"Escrito por\" \/>\n\t<meta name=\"twitter:data1\" content=\"Villasmil Henry\" \/>\n\t<meta name=\"twitter:label2\" content=\"Tiempo estimado de lectura\" \/>\n\t<meta name=\"twitter:data2\" content=\"2 minutos\" \/>\n<script type=\"application\/ld+json\" class=\"yoast-schema-graph\">{\"@context\":\"https:\\\/\\\/schema.org\",\"@graph\":[{\"@type\":\"Article\",\"@id\":\"https:\\\/\\\/digital58.com.ve\\\/site\\\/2023\\\/03\\\/22\\\/inidi-apertura-nicho-etnolinguistico-en-maracaibo-para-preservar-idioma-y-cultura-wayuu\\\/#article\",\"isPartOf\":{\"@id\":\"https:\\\/\\\/digital58.com.ve\\\/site\\\/2023\\\/03\\\/22\\\/inidi-apertura-nicho-etnolinguistico-en-maracaibo-para-preservar-idioma-y-cultura-wayuu\\\/\"},\"author\":{\"name\":\"Villasmil Henry\",\"@id\":\"https:\\\/\\\/digital58.com.ve\\\/site\\\/#\\\/schema\\\/person\\\/64d1c2e4d0d4fd1b849980c4331c2951\"},\"headline\":\"INIDI apertura Nicho Etnoling\u00fc\u00edstico en Maracaibo para preservar idioma y cultura Way\u00fau\",\"datePublished\":\"2023-03-22T22:19:50+00:00\",\"dateModified\":\"2023-03-22T22:20:23+00:00\",\"mainEntityOfPage\":{\"@id\":\"https:\\\/\\\/digital58.com.ve\\\/site\\\/2023\\\/03\\\/22\\\/inidi-apertura-nicho-etnolinguistico-en-maracaibo-para-preservar-idioma-y-cultura-wayuu\\\/\"},\"wordCount\":379,\"commentCount\":0,\"publisher\":{\"@id\":\"https:\\\/\\\/digital58.com.ve\\\/site\\\/#\\\/schema\\\/person\\\/64d1c2e4d0d4fd1b849980c4331c2951\"},\"image\":{\"@id\":\"https:\\\/\\\/digital58.com.ve\\\/site\\\/2023\\\/03\\\/22\\\/inidi-apertura-nicho-etnolinguistico-en-maracaibo-para-preservar-idioma-y-cultura-wayuu\\\/#primaryimage\"},\"thumbnailUrl\":\"https:\\\/\\\/digital58.com.ve\\\/site\\\/wp-content\\\/uploads\\\/2023\\\/03\\\/Wapulee.jpg\",\"keywords\":[\"Gobierno Nacional\",\"Heberto Ortega\",\"INIDI\",\"Instituto Nacional de Idiomas Ind\u00edgenas\",\"Maracaibo\",\"Nacionales\",\"Nicho Etnoling\u00fc\u00edstico\",\"pueblos ind\u00edgenas del Zulia\",\"Regionales\",\"Venezuela\",\"Wapulee\",\"Wayuu\"],\"articleSection\":[\"Zulia\"],\"inLanguage\":\"es\",\"potentialAction\":[{\"@type\":\"CommentAction\",\"name\":\"Comment\",\"target\":[\"https:\\\/\\\/digital58.com.ve\\\/site\\\/2023\\\/03\\\/22\\\/inidi-apertura-nicho-etnolinguistico-en-maracaibo-para-preservar-idioma-y-cultura-wayuu\\\/#respond\"]}]},{\"@type\":\"WebPage\",\"@id\":\"https:\\\/\\\/digital58.com.ve\\\/site\\\/2023\\\/03\\\/22\\\/inidi-apertura-nicho-etnolinguistico-en-maracaibo-para-preservar-idioma-y-cultura-wayuu\\\/\",\"url\":\"https:\\\/\\\/digital58.com.ve\\\/site\\\/2023\\\/03\\\/22\\\/inidi-apertura-nicho-etnolinguistico-en-maracaibo-para-preservar-idioma-y-cultura-wayuu\\\/\",\"name\":\"INIDI apertura Nicho Etnoling\u00fc\u00edstico en Maracaibo para preservar idioma y cultura Way\u00fau\",\"isPartOf\":{\"@id\":\"https:\\\/\\\/digital58.com.ve\\\/site\\\/#website\"},\"primaryImageOfPage\":{\"@id\":\"https:\\\/\\\/digital58.com.ve\\\/site\\\/2023\\\/03\\\/22\\\/inidi-apertura-nicho-etnolinguistico-en-maracaibo-para-preservar-idioma-y-cultura-wayuu\\\/#primaryimage\"},\"image\":{\"@id\":\"https:\\\/\\\/digital58.com.ve\\\/site\\\/2023\\\/03\\\/22\\\/inidi-apertura-nicho-etnolinguistico-en-maracaibo-para-preservar-idioma-y-cultura-wayuu\\\/#primaryimage\"},\"thumbnailUrl\":\"https:\\\/\\\/digital58.com.ve\\\/site\\\/wp-content\\\/uploads\\\/2023\\\/03\\\/Wapulee.jpg\",\"datePublished\":\"2023-03-22T22:19:50+00:00\",\"dateModified\":\"2023-03-22T22:20:23+00:00\",\"breadcrumb\":{\"@id\":\"https:\\\/\\\/digital58.com.ve\\\/site\\\/2023\\\/03\\\/22\\\/inidi-apertura-nicho-etnolinguistico-en-maracaibo-para-preservar-idioma-y-cultura-wayuu\\\/#breadcrumb\"},\"inLanguage\":\"es\",\"potentialAction\":[{\"@type\":\"ReadAction\",\"target\":[\"https:\\\/\\\/digital58.com.ve\\\/site\\\/2023\\\/03\\\/22\\\/inidi-apertura-nicho-etnolinguistico-en-maracaibo-para-preservar-idioma-y-cultura-wayuu\\\/\"]}]},{\"@type\":\"ImageObject\",\"inLanguage\":\"es\",\"@id\":\"https:\\\/\\\/digital58.com.ve\\\/site\\\/2023\\\/03\\\/22\\\/inidi-apertura-nicho-etnolinguistico-en-maracaibo-para-preservar-idioma-y-cultura-wayuu\\\/#primaryimage\",\"url\":\"https:\\\/\\\/digital58.com.ve\\\/site\\\/wp-content\\\/uploads\\\/2023\\\/03\\\/Wapulee.jpg\",\"contentUrl\":\"https:\\\/\\\/digital58.com.ve\\\/site\\\/wp-content\\\/uploads\\\/2023\\\/03\\\/Wapulee.jpg\",\"width\":800,\"height\":562},{\"@type\":\"BreadcrumbList\",\"@id\":\"https:\\\/\\\/digital58.com.ve\\\/site\\\/2023\\\/03\\\/22\\\/inidi-apertura-nicho-etnolinguistico-en-maracaibo-para-preservar-idioma-y-cultura-wayuu\\\/#breadcrumb\",\"itemListElement\":[{\"@type\":\"ListItem\",\"position\":1,\"name\":\"Home\",\"item\":\"https:\\\/\\\/digital58.com.ve\\\/site\\\/\"},{\"@type\":\"ListItem\",\"position\":2,\"name\":\"INIDI apertura Nicho Etnoling\u00fc\u00edstico en Maracaibo para preservar idioma y cultura Way\u00fau\"}]},{\"@type\":\"WebSite\",\"@id\":\"https:\\\/\\\/digital58.com.ve\\\/site\\\/#website\",\"url\":\"https:\\\/\\\/digital58.com.ve\\\/site\\\/\",\"name\":\"Noticias Digital58\",\"description\":\"Portal de Noticias \u00a1Periodismo web de verdad! Lanzamiento web 22.11.2005 \\\/ Maracaibo, Venezuela\",\"publisher\":{\"@id\":\"https:\\\/\\\/digital58.com.ve\\\/site\\\/#\\\/schema\\\/person\\\/64d1c2e4d0d4fd1b849980c4331c2951\"},\"alternateName\":\"ND58\",\"potentialAction\":[{\"@type\":\"SearchAction\",\"target\":{\"@type\":\"EntryPoint\",\"urlTemplate\":\"https:\\\/\\\/digital58.com.ve\\\/site\\\/?s={search_term_string}\"},\"query-input\":{\"@type\":\"PropertyValueSpecification\",\"valueRequired\":true,\"valueName\":\"search_term_string\"}}],\"inLanguage\":\"es\"},{\"@type\":[\"Person\",\"Organization\"],\"@id\":\"https:\\\/\\\/digital58.com.ve\\\/site\\\/#\\\/schema\\\/person\\\/64d1c2e4d0d4fd1b849980c4331c2951\",\"name\":\"Villasmil Henry\",\"image\":{\"@type\":\"ImageObject\",\"inLanguage\":\"es\",\"@id\":\"https:\\\/\\\/secure.gravatar.com\\\/avatar\\\/bb0c4a2fcb7970138239f7e404ea75757b1b507b28b5ce4c53fbd62d797c5a7c?s=96&d=mm&r=g\",\"url\":\"https:\\\/\\\/secure.gravatar.com\\\/avatar\\\/bb0c4a2fcb7970138239f7e404ea75757b1b507b28b5ce4c53fbd62d797c5a7c?s=96&d=mm&r=g\",\"contentUrl\":\"https:\\\/\\\/secure.gravatar.com\\\/avatar\\\/bb0c4a2fcb7970138239f7e404ea75757b1b507b28b5ce4c53fbd62d797c5a7c?s=96&d=mm&r=g\",\"caption\":\"Villasmil Henry\"},\"logo\":{\"@id\":\"https:\\\/\\\/secure.gravatar.com\\\/avatar\\\/bb0c4a2fcb7970138239f7e404ea75757b1b507b28b5ce4c53fbd62d797c5a7c?s=96&d=mm&r=g\"},\"sameAs\":[\"http:\\\/\\\/www.henryvillasmil.com.ve\",\"https:\\\/\\\/www.instagram.com\\\/villasmilhfoto\\\/\",\"https:\\\/\\\/x.com\\\/https:\\\/\\\/twitter.com\\\/villasmilhfoto\"],\"url\":\"https:\\\/\\\/digital58.com.ve\\\/site\\\/author\\\/droopy_68\\\/\"}]}<\/script>\n<!-- \/ Yoast SEO plugin. -->","yoast_head_json":{"title":"INIDI apertura Nicho Etnoling\u00fc\u00edstico en Maracaibo para preservar idioma y cultura Way\u00fau","robots":{"index":"index","follow":"follow","max-snippet":"max-snippet:-1","max-image-preview":"max-image-preview:large","max-video-preview":"max-video-preview:-1"},"canonical":"https:\/\/digital58.com.ve\/site\/2023\/03\/22\/inidi-apertura-nicho-etnolinguistico-en-maracaibo-para-preservar-idioma-y-cultura-wayuu\/","og_locale":"es_ES","og_type":"article","og_title":"INIDI apertura Nicho Etnoling\u00fc\u00edstico en Maracaibo para preservar idioma y cultura Way\u00fau","og_url":"https:\/\/digital58.com.ve\/site\/2023\/03\/22\/inidi-apertura-nicho-etnolinguistico-en-maracaibo-para-preservar-idioma-y-cultura-wayuu\/","og_site_name":"Noticias Digital58","article_published_time":"2023-03-22T22:19:50+00:00","article_modified_time":"2023-03-22T22:20:23+00:00","og_image":[{"width":800,"height":562,"url":"https:\/\/i0.wp.com\/digital58.com.ve\/site\/wp-content\/uploads\/2023\/03\/Wapulee.jpg?fit=800%2C562&ssl=1","type":"image\/jpeg"}],"author":"Villasmil Henry","twitter_card":"summary_large_image","twitter_creator":"@https:\/\/twitter.com\/villasmilhfoto","twitter_site":"@villasmilhfoto","twitter_misc":{"Escrito por":"Villasmil Henry","Tiempo estimado de lectura":"2 minutos"},"schema":{"@context":"https:\/\/schema.org","@graph":[{"@type":"Article","@id":"https:\/\/digital58.com.ve\/site\/2023\/03\/22\/inidi-apertura-nicho-etnolinguistico-en-maracaibo-para-preservar-idioma-y-cultura-wayuu\/#article","isPartOf":{"@id":"https:\/\/digital58.com.ve\/site\/2023\/03\/22\/inidi-apertura-nicho-etnolinguistico-en-maracaibo-para-preservar-idioma-y-cultura-wayuu\/"},"author":{"name":"Villasmil Henry","@id":"https:\/\/digital58.com.ve\/site\/#\/schema\/person\/64d1c2e4d0d4fd1b849980c4331c2951"},"headline":"INIDI apertura Nicho Etnoling\u00fc\u00edstico en Maracaibo para preservar idioma y cultura Way\u00fau","datePublished":"2023-03-22T22:19:50+00:00","dateModified":"2023-03-22T22:20:23+00:00","mainEntityOfPage":{"@id":"https:\/\/digital58.com.ve\/site\/2023\/03\/22\/inidi-apertura-nicho-etnolinguistico-en-maracaibo-para-preservar-idioma-y-cultura-wayuu\/"},"wordCount":379,"commentCount":0,"publisher":{"@id":"https:\/\/digital58.com.ve\/site\/#\/schema\/person\/64d1c2e4d0d4fd1b849980c4331c2951"},"image":{"@id":"https:\/\/digital58.com.ve\/site\/2023\/03\/22\/inidi-apertura-nicho-etnolinguistico-en-maracaibo-para-preservar-idioma-y-cultura-wayuu\/#primaryimage"},"thumbnailUrl":"https:\/\/digital58.com.ve\/site\/wp-content\/uploads\/2023\/03\/Wapulee.jpg","keywords":["Gobierno Nacional","Heberto Ortega","INIDI","Instituto Nacional de Idiomas Ind\u00edgenas","Maracaibo","Nacionales","Nicho Etnoling\u00fc\u00edstico","pueblos ind\u00edgenas del Zulia","Regionales","Venezuela","Wapulee","Wayuu"],"articleSection":["Zulia"],"inLanguage":"es","potentialAction":[{"@type":"CommentAction","name":"Comment","target":["https:\/\/digital58.com.ve\/site\/2023\/03\/22\/inidi-apertura-nicho-etnolinguistico-en-maracaibo-para-preservar-idioma-y-cultura-wayuu\/#respond"]}]},{"@type":"WebPage","@id":"https:\/\/digital58.com.ve\/site\/2023\/03\/22\/inidi-apertura-nicho-etnolinguistico-en-maracaibo-para-preservar-idioma-y-cultura-wayuu\/","url":"https:\/\/digital58.com.ve\/site\/2023\/03\/22\/inidi-apertura-nicho-etnolinguistico-en-maracaibo-para-preservar-idioma-y-cultura-wayuu\/","name":"INIDI apertura Nicho Etnoling\u00fc\u00edstico en Maracaibo para preservar idioma y cultura Way\u00fau","isPartOf":{"@id":"https:\/\/digital58.com.ve\/site\/#website"},"primaryImageOfPage":{"@id":"https:\/\/digital58.com.ve\/site\/2023\/03\/22\/inidi-apertura-nicho-etnolinguistico-en-maracaibo-para-preservar-idioma-y-cultura-wayuu\/#primaryimage"},"image":{"@id":"https:\/\/digital58.com.ve\/site\/2023\/03\/22\/inidi-apertura-nicho-etnolinguistico-en-maracaibo-para-preservar-idioma-y-cultura-wayuu\/#primaryimage"},"thumbnailUrl":"https:\/\/digital58.com.ve\/site\/wp-content\/uploads\/2023\/03\/Wapulee.jpg","datePublished":"2023-03-22T22:19:50+00:00","dateModified":"2023-03-22T22:20:23+00:00","breadcrumb":{"@id":"https:\/\/digital58.com.ve\/site\/2023\/03\/22\/inidi-apertura-nicho-etnolinguistico-en-maracaibo-para-preservar-idioma-y-cultura-wayuu\/#breadcrumb"},"inLanguage":"es","potentialAction":[{"@type":"ReadAction","target":["https:\/\/digital58.com.ve\/site\/2023\/03\/22\/inidi-apertura-nicho-etnolinguistico-en-maracaibo-para-preservar-idioma-y-cultura-wayuu\/"]}]},{"@type":"ImageObject","inLanguage":"es","@id":"https:\/\/digital58.com.ve\/site\/2023\/03\/22\/inidi-apertura-nicho-etnolinguistico-en-maracaibo-para-preservar-idioma-y-cultura-wayuu\/#primaryimage","url":"https:\/\/digital58.com.ve\/site\/wp-content\/uploads\/2023\/03\/Wapulee.jpg","contentUrl":"https:\/\/digital58.com.ve\/site\/wp-content\/uploads\/2023\/03\/Wapulee.jpg","width":800,"height":562},{"@type":"BreadcrumbList","@id":"https:\/\/digital58.com.ve\/site\/2023\/03\/22\/inidi-apertura-nicho-etnolinguistico-en-maracaibo-para-preservar-idioma-y-cultura-wayuu\/#breadcrumb","itemListElement":[{"@type":"ListItem","position":1,"name":"Home","item":"https:\/\/digital58.com.ve\/site\/"},{"@type":"ListItem","position":2,"name":"INIDI apertura Nicho Etnoling\u00fc\u00edstico en Maracaibo para preservar idioma y cultura Way\u00fau"}]},{"@type":"WebSite","@id":"https:\/\/digital58.com.ve\/site\/#website","url":"https:\/\/digital58.com.ve\/site\/","name":"Noticias Digital58","description":"Portal de Noticias \u00a1Periodismo web de verdad! Lanzamiento web 22.11.2005 \/ Maracaibo, Venezuela","publisher":{"@id":"https:\/\/digital58.com.ve\/site\/#\/schema\/person\/64d1c2e4d0d4fd1b849980c4331c2951"},"alternateName":"ND58","potentialAction":[{"@type":"SearchAction","target":{"@type":"EntryPoint","urlTemplate":"https:\/\/digital58.com.ve\/site\/?s={search_term_string}"},"query-input":{"@type":"PropertyValueSpecification","valueRequired":true,"valueName":"search_term_string"}}],"inLanguage":"es"},{"@type":["Person","Organization"],"@id":"https:\/\/digital58.com.ve\/site\/#\/schema\/person\/64d1c2e4d0d4fd1b849980c4331c2951","name":"Villasmil Henry","image":{"@type":"ImageObject","inLanguage":"es","@id":"https:\/\/secure.gravatar.com\/avatar\/bb0c4a2fcb7970138239f7e404ea75757b1b507b28b5ce4c53fbd62d797c5a7c?s=96&d=mm&r=g","url":"https:\/\/secure.gravatar.com\/avatar\/bb0c4a2fcb7970138239f7e404ea75757b1b507b28b5ce4c53fbd62d797c5a7c?s=96&d=mm&r=g","contentUrl":"https:\/\/secure.gravatar.com\/avatar\/bb0c4a2fcb7970138239f7e404ea75757b1b507b28b5ce4c53fbd62d797c5a7c?s=96&d=mm&r=g","caption":"Villasmil Henry"},"logo":{"@id":"https:\/\/secure.gravatar.com\/avatar\/bb0c4a2fcb7970138239f7e404ea75757b1b507b28b5ce4c53fbd62d797c5a7c?s=96&d=mm&r=g"},"sameAs":["http:\/\/www.henryvillasmil.com.ve","https:\/\/www.instagram.com\/villasmilhfoto\/","https:\/\/x.com\/https:\/\/twitter.com\/villasmilhfoto"],"url":"https:\/\/digital58.com.ve\/site\/author\/droopy_68\/"}]}},"uagb_featured_image_src":{"full":["https:\/\/digital58.com.ve\/site\/wp-content\/uploads\/2023\/03\/Wapulee.jpg",800,562,false],"thumbnail":["https:\/\/digital58.com.ve\/site\/wp-content\/uploads\/2023\/03\/Wapulee-150x150.jpg",150,150,true],"medium":["https:\/\/digital58.com.ve\/site\/wp-content\/uploads\/2023\/03\/Wapulee-300x211.jpg",300,211,true],"medium_large":["https:\/\/digital58.com.ve\/site\/wp-content\/uploads\/2023\/03\/Wapulee-768x540.jpg",768,540,true],"large":["https:\/\/digital58.com.ve\/site\/wp-content\/uploads\/2023\/03\/Wapulee.jpg",800,562,false],"1536x1536":["https:\/\/digital58.com.ve\/site\/wp-content\/uploads\/2023\/03\/Wapulee.jpg",800,562,false],"2048x2048":["https:\/\/digital58.com.ve\/site\/wp-content\/uploads\/2023\/03\/Wapulee.jpg",800,562,false],"colormag-highlighted-post":["https:\/\/digital58.com.ve\/site\/wp-content\/uploads\/2023\/03\/Wapulee-392x272.jpg",392,272,true],"colormag-featured-post-medium":["https:\/\/digital58.com.ve\/site\/wp-content\/uploads\/2023\/03\/Wapulee-390x205.jpg",390,205,true],"colormag-featured-post-small":["https:\/\/digital58.com.ve\/site\/wp-content\/uploads\/2023\/03\/Wapulee-130x90.jpg",130,90,true],"colormag-featured-image":["https:\/\/digital58.com.ve\/site\/wp-content\/uploads\/2023\/03\/Wapulee-800x445.jpg",800,445,true],"colormag-default-news":["https:\/\/digital58.com.ve\/site\/wp-content\/uploads\/2023\/03\/Wapulee.jpg",150,105,false],"colormag-featured-image-large":["https:\/\/digital58.com.ve\/site\/wp-content\/uploads\/2023\/03\/Wapulee.jpg",800,562,false]},"uagb_author_info":{"display_name":"Villasmil Henry","author_link":"https:\/\/digital58.com.ve\/site\/author\/droopy_68\/"},"uagb_comment_info":0,"uagb_excerpt":"El Gobierno Nacional mantiene de forma contin\u00faa las pol\u00edticas de inclusi\u00f3n social hacia los pueblos ind\u00edgenas de Venezuela. Maracaibo, Zulia,","_links":{"self":[{"href":"https:\/\/digital58.com.ve\/site\/wp-json\/wp\/v2\/posts\/163719","targetHints":{"allow":["GET"]}}],"collection":[{"href":"https:\/\/digital58.com.ve\/site\/wp-json\/wp\/v2\/posts"}],"about":[{"href":"https:\/\/digital58.com.ve\/site\/wp-json\/wp\/v2\/types\/post"}],"author":[{"embeddable":true,"href":"https:\/\/digital58.com.ve\/site\/wp-json\/wp\/v2\/users\/1"}],"replies":[{"embeddable":true,"href":"https:\/\/digital58.com.ve\/site\/wp-json\/wp\/v2\/comments?post=163719"}],"version-history":[{"count":1,"href":"https:\/\/digital58.com.ve\/site\/wp-json\/wp\/v2\/posts\/163719\/revisions"}],"predecessor-version":[{"id":163721,"href":"https:\/\/digital58.com.ve\/site\/wp-json\/wp\/v2\/posts\/163719\/revisions\/163721"}],"wp:featuredmedia":[{"embeddable":true,"href":"https:\/\/digital58.com.ve\/site\/wp-json\/wp\/v2\/media\/163720"}],"wp:attachment":[{"href":"https:\/\/digital58.com.ve\/site\/wp-json\/wp\/v2\/media?parent=163719"}],"wp:term":[{"taxonomy":"category","embeddable":true,"href":"https:\/\/digital58.com.ve\/site\/wp-json\/wp\/v2\/categories?post=163719"},{"taxonomy":"post_tag","embeddable":true,"href":"https:\/\/digital58.com.ve\/site\/wp-json\/wp\/v2\/tags?post=163719"}],"curies":[{"name":"wp","href":"https:\/\/api.w.org\/{rel}","templated":true}]}}