{"id":163761,"date":"2023-03-23T00:31:38","date_gmt":"2023-03-23T04:31:38","guid":{"rendered":"https:\/\/digital58.com.ve\/site\/?p=163761"},"modified":"2023-03-23T00:31:50","modified_gmt":"2023-03-23T04:31:50","slug":"motogp-22-pilotos-y-una-corona","status":"publish","type":"post","link":"https:\/\/digital58.com.ve\/site\/2023\/03\/23\/motogp-22-pilotos-y-una-corona\/","title":{"rendered":"#MotoGP2023 | 22 pilotos y una corona"},"content":{"rendered":"<p><a href=\"https:\/\/digital58.com.ve\/site\/wp-content\/uploads\/2023\/03\/motogp-2023.jpg\"><img loading=\"lazy\" decoding=\"async\" class=\"aligncenter size-full wp-image-163762\" src=\"https:\/\/digital58.com.ve\/site\/wp-content\/uploads\/2023\/03\/motogp-2023.jpg\" alt=\"\" width=\"800\" height=\"449\" srcset=\"https:\/\/digital58.com.ve\/site\/wp-content\/uploads\/2023\/03\/motogp-2023.jpg 800w, https:\/\/digital58.com.ve\/site\/wp-content\/uploads\/2023\/03\/motogp-2023-300x168.jpg 300w, https:\/\/digital58.com.ve\/site\/wp-content\/uploads\/2023\/03\/motogp-2023-768x431.jpg 768w\" sizes=\"auto, (max-width: 800px) 100vw, 800px\" \/><\/a><\/p>\n<p>La temporada 2023 de motociclismo arranca con motivo del Gran premio TISSOT de Portugal este fin de semana<\/p>\n<p><strong>Internacionales, 23 de marzo de 2023 (ND58).-<\/strong> 22 pilotos, 11 equipos, 21 MotoGP Sprints y 21 Grandes Premios. M\u00e1s MotoGP que nunca, y la primera ronda est\u00e1 a la vuelta de la esquina. \u00bfD\u00f3nde? En la monta\u00f1a rusa de Portimao, en el \u00fanico e inigualable Aut\u00f3dromo Internacional del Algarve.<\/p>\n<p>\u00bfCu\u00e1ndo? Este pr\u00f3ximo fin de semana del 24 al 26 de marzo y con actividades para los medios de comunicaci\u00f3n a partir del jueves 23. El viernes se decidir\u00e1 la Q1 y la entrada directa a la Q2 de MotoGP. El s\u00e1bado se disputar\u00e1 el primer MotoGP Sprint. \u00bfY el domingo? 25 vueltas decidir\u00e1n qui\u00e9n se lleva el primer bot\u00edn de 25 puntos de la temporada.<\/p>\n<p>Un vigente Campe\u00f3n, 22 aspirantes y todo el mundo expectante a lo que pueda ocurrir.<\/p>\n<p><strong>Ducati Lenovo Team: Bagnaia y \u00abLa Bestia\u00bb<\/strong><\/p>\n<p>El vigente Campe\u00f3n del Mundo de MotoGP, Francesco Bagnaia, tiene un objetivo y una responsabilidad que no ha eludido, tal como demuestra su elecci\u00f3n de vestir el n\u00famero \u00ab1\u00bb en el carenado de su Desmosedici GP.<\/p>\n<p>Tampoco lo han hecho su ritmo y su dominio vistos en los test oficiales, con un nuevo r\u00e9cord de vuelta r\u00e1pida y una impresionante simulaci\u00f3n de sprint. Tras unos comienzos turbulentos en 2022, \u00bfpodr\u00e1 Bagnaia empezar esta temporada con buen pie?<\/p>\n<p>En el otro lado del box se encuentra Enea Bastianini. El piloto italiano ya le disput\u00f3 algunas victorias a Bagnaia en 2022 y espera poder repetirlo m\u00e1s veces en 2023. Es cierto, que en Portimao \u00abLa Bestia\u00bb no cuenta con el mejor historial, salvo los buenos recuerdos que dej\u00f3 su victoria en el Campeonato de Moto2.<\/p>\n<p>Sin embargo, es importante tener en cuenta que despu\u00e9s llegar\u00e1 Argentina y Austin, donde ah\u00ed ya brill\u00f3 la temporada pasada.<\/p>\n<p><strong>Prima Pramac Racing: Otra baza para Ducati<\/strong><\/p>\n<p>Por su parte, Jorge Mart\u00edn no pudo demostrar todo su potencial durante el Test Oficial de Portimao. El piloto espa\u00f1ol ya sufri\u00f3 una fuerte ca\u00edda all\u00ed en 2022 y tambi\u00e9n sufri\u00f3 una fuerte ca\u00edda en 2021. Fue octavo en el Test, y querr\u00e1 m\u00e1s que eso en la primera parrilla del a\u00f1o. Martin est\u00e1 llamado a ser uno de los grandes candidatos de la campa\u00f1a 2023.<\/p>\n<p>Por su parte, Jorge Mart\u00edn no pudo demostrar todo su potencial durante el Test Oficial de Portimao. El piloto espa\u00f1ol ya sufri\u00f3 una fuerte ca\u00edda all\u00ed en 2022 y tambi\u00e9n sufri\u00f3 una fuerte ca\u00edda en 2021. Fue octavo en el Test, y querr\u00e1 m\u00e1s que eso en la primera parrilla del a\u00f1o. Martin est\u00e1 llamado a ser uno de los grandes candidatos de la campa\u00f1a 2023.<\/p>\n<p><strong>Monster Energy Yamaha MotoGP: Quartararo vuelve a las andadas<\/strong><\/p>\n<p>La historia de Yamaha continu\u00f3 en pretemporada. La f\u00e1brica japonesa hab\u00eda puesto soluci\u00f3n a sus problemas de velocidad punta, pero no estaban satisfechos. En el \u00abtime attack\u00bb y con neum\u00e1ticos nuevos en el Test Oficial de Sepang\u2026 la lectura no fue nada positiva.<\/p>\n<p>Aquello preocup\u00f3 bastante a los de Iwata, que finalmente acabaron con una sonrisa en Portugal, despu\u00e9s de que Fabio Quartararo se situase dentro del Top 3. \u00a1\u00abEl Diablo\u00bb est\u00e1 de vuelta!<\/p>\n<p>Quartararo ha ganado dos veces en Portimao, y dicen que no hay dos sin tres. A Franco Morbidelli todav\u00eda le queda por encontrar algunos ajustes para sentirse realmente competitivo. El italiano finaliz\u00f3 el Test en Portugal a siete d\u00e9cimas de su compa\u00f1ero de equipo.<\/p>\n<p><strong>Mooney VR36 Racing Team: Marini y Bezzecchi dan un paso adelante<\/strong><\/p>\n<p>Luca Marini fue el rey de la pretemporada en Valencia y Sepang, con el italiano dando todo un espect\u00e1culo y demostrando el gran potencial que sigue teniendo la GP22. El \u00abmodus operandi\u00bb de Marini a lo largo de su carrera ha sido el de aprovechar lo aprendido para dar pasitos adelante, a su ritmo, y as\u00ed est\u00e1 siendo tambi\u00e9n en MotoGP. \u00bfPodr\u00e1 conseguir pronto ese primer podio?<\/p>\n<p>Marco Bezzecchi ya subi\u00f3 al podio de la categor\u00eda reina y quiere m\u00e1s. La temporada pasada, Marini carec\u00eda de la velocidad de Bezzecchi, y Bezzecchi carec\u00eda de la regularidad de Marini, as\u00ed que tienen mucho para aprender el uno del otro. \u00bfPodr\u00e1 Bezzecchi encontrar esa regularidad que le permita estar delante y luchar por los podios? Esta campa\u00f1a 2023 ser\u00e1 tan solo la segunda que el italiano disputar\u00e1 en la categor\u00eda reina.<\/p>\n<p><strong>Gresini Racing MotoGP: \u00bfHabr\u00e1 sorpresa?<\/strong><\/p>\n<p>Fue una pretemporada dif\u00edcil para Fabio Di Giannantonio, despu\u00e9s de sufrir una ca\u00edda y no poder disputar la \u00faltima jornada en Portugal. Antes de eso, sin embargo, hab\u00eda dado pasos adelante, por lo que su estado de forma podr\u00eda ser interesante. En el otro lado del box, Alex M\u00e1rquez est\u00e1 a punto de iniciar una temporada trascendental en su carrera.<\/p>\n<p>El bicampe\u00f3n del Mundo ha mostrado destellos de brillantez en la categor\u00eda reina hasta ahora, pero cada vez con menos frecuencia a lo largo de una dura etapa en Honda. Ahora empieza de nuevo con una nueva moto y eso aporta una din\u00e1mica totalmente nueva.<\/p>\n<p>En primer lugar, parece c\u00f3modo y r\u00e1pido, y listo para empezar a contar en la batalla por el podio. En segundo lugar, se trata de una temporada crucial para demostrar lo que tiene, con un poco m\u00e1s de presi\u00f3n si tenemos en cuenta que la moto est\u00e1 en manos de un buen n\u00famero de pilotos r\u00e1pidos. \u00bfPodr\u00e1 hacerlo? Las se\u00f1ales hasta ahora parecen buenas, y no ser\u00eda una sorpresa verle subir a m\u00e1s podios.<\/p>\n<p><strong>Red Bull KTM Factory Racing: Binder, brilla y Miller, aterriza<\/strong><\/p>\n<p>Es un gran a\u00f1o para KTM. La temporada pasada fue muy dura, a pesar de las victorias conseguidas con lluvia. Sin embargo, la f\u00e1brica austr\u00edaca ha trabajado mucho durante el invierno, y hay algunas se\u00f1ales de que podr\u00edan haber encontrado el camino correcto.<\/p>\n<p>La habilidad de Brad Binder para sacar el m\u00e1ximo de su rendimiento una vez que las luces se apagan, puede llevarle a conseguir brillar doblemente durante el fin de semana con el nuevo formato implementado. El sudafricano fue 9\u00ba en el Test, pero a solo media d\u00e9cima de Martin. \u00a1No se le puede descartar!<\/p>\n<p>En el otro lado del box hay una cara nueva: Jack Miller. El australiano a\u00fan no ha marcado un buen crono con la KTM, pero cuando se le ha preguntado, ha calificado su adaptaci\u00f3n con un s\u00f3lido 7 u 8\/10 hasta el momento.<\/p>\n<p>Con el tiempo podemos esperar m\u00e1s velocidad, ya que Miller tiene mucha experiencia en la parte delantera y en el escal\u00f3n m\u00e1s alto. Esa experiencia \u2014y victorias con otras dos motos\u2014 tambi\u00e9n significa que se enfrenta a Maverick Vi\u00f1ales por la oportunidad de convertirse en el primer piloto en ganar con tres f\u00e1bricas en la era de MotoGP.<\/p>\n<p>\u00bfCu\u00e1ndo empezaremos a verle dar grandes pasos adelante? Estamos a punto de averiguarlo.<\/p>\n<p><strong>Aprilia Racing: \u00bfQui\u00e9n es ahora el capit\u00e1n?<\/strong><\/p>\n<p>Aleix Espargar\u00f3 tuvo un incre\u00edble 2022 con tan solo un 0 en su casillero, con esa victoria inaugural en MotoGP, varios podios y un desaf\u00edo por el t\u00edtulo. Este 2023 ya sufri\u00f3 un primer obst\u00e1culo y se someti\u00f3 a una operaci\u00f3n en el brazo despu\u00e9s del Test, pero no hay raz\u00f3n para creer que no podr\u00e1 luchar por las primeras posiciones durante el Gran Premio TISSOT de Portugal.<\/p>\n<p>Aleix Espargar\u00f3 tuvo un incre\u00edble 2022 con tan solo un 0 en su casillero, con esa victoria inaugural en MotoGP, varios podios y un desaf\u00edo por el t\u00edtulo. Este 2023 ya sufri\u00f3 un primer obst\u00e1culo y se someti\u00f3 a una operaci\u00f3n en el brazo despu\u00e9s del Test, pero no hay raz\u00f3n para creer que no podr\u00e1 luchar por las primeras posiciones durante el Gran Premio TISSOT de Portugal.<\/p>\n<p>\u00bfRecuerdas el doble adelantamiento en Assen? Eso no desaparece. Pero tampoco lo hace la forma en la que Vi\u00f1ales ha demostrado conseguir victorias con otras dos f\u00e1bricas. Ahora parece haber encontrado el ritmo definitivo. \u00bfQui\u00e9n pilotar\u00e1 ahora el barco? \u00bfPodr\u00e1 Vi\u00f1ales conseguir esa ansiada victoria con una tercera m\u00e1quina y hacer historia en MotoGP?<\/p>\n<p><strong>Repsol Honda Team: \u00bfArma secreta?<\/strong><\/p>\n<p>Ninguno de los pilotos del Repsol Honda Team necesita mucha presentaci\u00f3n, pero empecemos por el reci\u00e9n llegado, Joan Mir. Muchos esperaban que a Mir y a Rins les costara m\u00e1s adaptarse a la Honda, pero ambos han estado a la altura y Mir fue incluso la Honda m\u00e1s r\u00e1pida del Test de Portimao.<\/p>\n<p>Con la velocidad demostrada, el espa\u00f1ol se sit\u00faa como uno de los claros candidatos a luchar por todo, al igual que Honda, ya que el gigante japon\u00e9s presiona para volver a situarse en cabeza.<\/p>\n<p>Y luego est\u00e1 Marc M\u00e1rquez. Ocho veces Campe\u00f3n del Mundo, rey de la remontada, y un piloto del que a menudo se espera ese toque \u00abextra\u00bb de magia. Ahora est\u00e1 de vuelta a todo gas y hay muchos ojos puestos en \u00e9l. La \u00faltima vez que M\u00e1rquez estaba en plena forma, jugaba en otra liga, pero \u00bfqu\u00e9 pasar\u00e1 ahora?<\/p>\n<p>Es un momento m\u00e1s dif\u00edcil para Honda, a\u00fan queda trabajo por hacer para que la RC213V alcance el nivel de sus rivales, y en los entrenamientos M\u00e1rquez dijo que a\u00fan est\u00e1n a unas d\u00e9cimas. Pero, \u00bfpodr\u00e1 el \u00ab93\u00bb encontrarlas en el primer \u00abRound\u00bb? Podemos estar seguros de una cosa: Marc M\u00e1rquez no se conforma.<\/p>\n<p><strong>CryptoData RNF MotoGP Team: El h\u00e9roe local y el \u00abSophomore\u00bb<\/strong><\/p>\n<p>Para Ra\u00fal Fern\u00e1ndez, esta es una gran temporada. Despu\u00e9s de un 2022 dif\u00edcil, ahora tiene un nuevo equipo, una nueva moto y algo que demostrar. \u00bfQu\u00e9 puede hacer? Fue 16\u00ba al final del Test en Portimao, pero tambi\u00e9n es verdad que ha ganado aqu\u00ed dos veces en las categor\u00edas inferiores.<\/p>\n<p>La tabla de tiempos del \u00faltimo d\u00eda de entrenamientos en Portugal mostraba a Mir, Marc M\u00e1rquez y Alex Rins muy juntos, y eso es un buen augurio. Rins gan\u00f3 la \u00faltima carrera de la temporada pasada y si gana esta igualar\u00eda la haza\u00f1a de Rossi en 2004, pero ese no ser\u00e1 el objetivo. El \u00ab42\u00bb est\u00e1 en \u00abmodo esponja\u00bb para intentar absorber toda la informaci\u00f3n posible y entender su nueva m\u00e1quina del LCR Honda Castrol.<\/p>\n<p><strong>LCR HONDA: Rins a ritmo de f\u00e1brica<\/strong><\/p>\n<p>Eso pone un poco m\u00e1s de presi\u00f3n sobre Takaaki Nakagami (LCR Honda Idemitsu). El piloto japon\u00e9s, despu\u00e9s de algunos problemas de lesiones y una temporada dif\u00edcil, deber\u00e1 sacar su 100% para conseguir mantener su silla en la categor\u00eda reina.<\/p>\n<p>Eso pone un poco m\u00e1s de presi\u00f3n sobre Takaaki Nakagami (LCR Honda Idemitsu). El piloto japon\u00e9s, despu\u00e9s de algunos problemas de lesiones y una temporada dif\u00edcil, deber\u00e1 sacar su 100 % para conseguir mantener su silla en la categor\u00eda reina.<\/p>\n<p><strong>GASGAS Factory Racing Tech3: Un experimentado piloto junto a un <em>rookie<\/em><\/strong><\/p>\n<p>El alegre baile de Pol Espargar\u00f3 sobre la moto en el Test de Valencia fue sin duda uno de los mejores momentos de la pretemporada: el puro placer de volver a subirse a la RC16, una moto con la que tuvo mucho \u00e9xito y que parece irle bien.<\/p>\n<p>Sin embargo, el resto de la pretemporada pareci\u00f3 algo m\u00e1s dif\u00edcil, al menos en cuesti\u00f3n de registros. Recordemos que Espargar\u00f3 fue una fuerza clave para llevar a KTM a lo m\u00e1s alto y ahora querr\u00e1 hacerlo con el GASGAS.<\/p>\n<p><strong>Moto2: Acosta parte como favorito<\/strong><\/p>\n<p>Por lo visto en pretemporada, el piloto a batir en Moto2 este fin de semana podr\u00eda ser Pedro Acosta (Red Bull KTM Ajo). El piloto espa\u00f1ol maravill\u00f3 al ser un duro rival y finalizar por delante de Ferm\u00edn Aldeguer (CAG Speed Up), quien tambi\u00e9n rod\u00f3 en 1:41, y Aron Canet (Pons Wegow Los40). \u00bfQui\u00e9n ser\u00e1 capaz de mantener el ritmo a 21 vueltas?<\/p>\n<p><strong>\u00bfQui\u00e9n dominar\u00e1 en Moto3?<\/strong><\/p>\n<p>El test de Moto3 termin\u00f3 con Riccardo Rossi (SIC58 Squadra Corse) estableciendo un nuevo r\u00e9cord de vuelta r\u00e1pida, con el impresionante rookie Jos\u00e9 Antonio Rueda (Red Bull KTM Ajo) pis\u00e1ndole los talones.<\/p>\n<p>David Mu\u00f1oz (BOE Motorsports), fue 3\u00ba, mientras que Ayumu Sasaki (Liqui Moly Husqvarna Intact GP) y el experimentado Romano Fenati (Rivacold Snipers Team) cerraron el Top 5. \u00a1Pero esto es Moto3 y todo puede ocurrir!<\/p>\n<p><strong>Redacci\u00f3n ND58 | Fuente: MotoGP<\/strong><br \/>\n<strong>Edici\u00f3n: Villasmil, Henry<\/strong><br \/>\n<strong>Gr\u00e1fica: Cortes\u00eda<\/strong><\/p>\n<p>&nbsp;<\/p>\n<p>&nbsp;<\/p><div class=\"jxqfc69f28ee6273bb\" ><p style=\"text-align: center;\"><a href=\"https:\/\/t.me\/noticiasdigital58\" target=\"_blank\" rel=\"noopener\"><img class=\"aligncenter size-full wp-image-125363\" src=\"https:\/\/digital58.com.ve\/site\/wp-content\/uploads\/2021\/04\/banner-telegram-web-2021.png\" alt=\"\" width=\"600\" height=\"90\" \/><\/a><\/p><\/div><style type=\"text\/css\">\r\n@media screen and (min-width: 1201px) {\r\n.jxqfc69f28ee6273bb {\r\ndisplay: block;\r\n}\r\n}\r\n@media screen and (min-width: 993px) and (max-width: 1200px) {\r\n.jxqfc69f28ee6273bb {\r\ndisplay: block;\r\n}\r\n}\r\n@media screen and (min-width: 769px) and (max-width: 992px) {\r\n.jxqfc69f28ee6273bb {\r\ndisplay: block;\r\n}\r\n}\r\n@media screen and (min-width: 768px) and (max-width: 768px) {\r\n.jxqfc69f28ee6273bb {\r\ndisplay: block;\r\n}\r\n}\r\n@media screen and (max-width: 767px) {\r\n.jxqfc69f28ee6273bb {\r\ndisplay: block;\r\n}\r\n}\r\n<\/style>\r\n\n<p>&nbsp;<\/p>\n<div class=\"notranslate\" style=\"all: initial;\"><\/div>\n<div style=\"margin-top: 0px; margin-bottom: 0px;\" class=\"sharethis-inline-share-buttons\" ><\/div>","protected":false},"excerpt":{"rendered":"<p>La temporada 2023 de motociclismo arranca con motivo del Gran premio TISSOT de Portugal este fin de semana Internacionales, 23<\/p>\n","protected":false},"author":1,"featured_media":163762,"comment_status":"open","ping_status":"closed","sticky":false,"template":"","format":"standard","meta":{"colormag_page_container_layout":"default_layout","colormag_page_sidebar_layout":"default_layout","_uag_custom_page_level_css":"","footnotes":""},"categories":[5402],"tags":[8,18068,30716,20304,30717,4716,11405,5483,30715],"class_list":["post-163761","post","type-post","status-publish","format-standard","has-post-thumbnail","hentry","category-deportes","tag-internacionales","tag-moto2","tag-moto2-2023","tag-moto3","tag-moto3-2023","tag-motociclismo","tag-motociclismo-internacional","tag-motogp","tag-motogp-2023"],"yoast_head":"<!-- This site is optimized with the Yoast SEO plugin v27.5 - https:\/\/yoast.com\/product\/yoast-seo-wordpress\/ -->\n<title>#MotoGP2023 | 22 pilotos y una corona<\/title>\n<meta name=\"robots\" content=\"index, follow, max-snippet:-1, max-image-preview:large, max-video-preview:-1\" \/>\n<link rel=\"canonical\" href=\"https:\/\/digital58.com.ve\/site\/2023\/03\/23\/motogp-22-pilotos-y-una-corona\/\" \/>\n<meta property=\"og:locale\" content=\"es_ES\" \/>\n<meta property=\"og:type\" content=\"article\" \/>\n<meta property=\"og:title\" content=\"#MotoGP2023 | 22 pilotos y una corona\" \/>\n<meta property=\"og:url\" content=\"https:\/\/digital58.com.ve\/site\/2023\/03\/23\/motogp-22-pilotos-y-una-corona\/\" \/>\n<meta property=\"og:site_name\" content=\"Noticias Digital58\" \/>\n<meta property=\"article:published_time\" content=\"2023-03-23T04:31:38+00:00\" \/>\n<meta property=\"article:modified_time\" content=\"2023-03-23T04:31:50+00:00\" \/>\n<meta property=\"og:image\" content=\"https:\/\/i0.wp.com\/digital58.com.ve\/site\/wp-content\/uploads\/2023\/03\/motogp-2023.jpg?fit=800%2C449&ssl=1\" \/>\n\t<meta property=\"og:image:width\" content=\"800\" \/>\n\t<meta property=\"og:image:height\" content=\"449\" \/>\n\t<meta property=\"og:image:type\" content=\"image\/jpeg\" \/>\n<meta name=\"author\" content=\"Villasmil Henry\" \/>\n<meta name=\"twitter:card\" content=\"summary_large_image\" \/>\n<meta name=\"twitter:creator\" content=\"@https:\/\/twitter.com\/villasmilhfoto\" \/>\n<meta name=\"twitter:site\" content=\"@villasmilhfoto\" \/>\n<meta name=\"twitter:label1\" content=\"Escrito por\" \/>\n\t<meta name=\"twitter:data1\" content=\"Villasmil Henry\" \/>\n\t<meta name=\"twitter:label2\" content=\"Tiempo estimado de lectura\" \/>\n\t<meta name=\"twitter:data2\" content=\"11 minutos\" \/>\n<script type=\"application\/ld+json\" class=\"yoast-schema-graph\">{\"@context\":\"https:\\\/\\\/schema.org\",\"@graph\":[{\"@type\":\"Article\",\"@id\":\"https:\\\/\\\/digital58.com.ve\\\/site\\\/2023\\\/03\\\/23\\\/motogp-22-pilotos-y-una-corona\\\/#article\",\"isPartOf\":{\"@id\":\"https:\\\/\\\/digital58.com.ve\\\/site\\\/2023\\\/03\\\/23\\\/motogp-22-pilotos-y-una-corona\\\/\"},\"author\":{\"name\":\"Villasmil Henry\",\"@id\":\"https:\\\/\\\/digital58.com.ve\\\/site\\\/#\\\/schema\\\/person\\\/64d1c2e4d0d4fd1b849980c4331c2951\"},\"headline\":\"#MotoGP2023 | 22 pilotos y una corona\",\"datePublished\":\"2023-03-23T04:31:38+00:00\",\"dateModified\":\"2023-03-23T04:31:50+00:00\",\"mainEntityOfPage\":{\"@id\":\"https:\\\/\\\/digital58.com.ve\\\/site\\\/2023\\\/03\\\/23\\\/motogp-22-pilotos-y-una-corona\\\/\"},\"wordCount\":2133,\"commentCount\":0,\"publisher\":{\"@id\":\"https:\\\/\\\/digital58.com.ve\\\/site\\\/#\\\/schema\\\/person\\\/64d1c2e4d0d4fd1b849980c4331c2951\"},\"image\":{\"@id\":\"https:\\\/\\\/digital58.com.ve\\\/site\\\/2023\\\/03\\\/23\\\/motogp-22-pilotos-y-una-corona\\\/#primaryimage\"},\"thumbnailUrl\":\"https:\\\/\\\/digital58.com.ve\\\/site\\\/wp-content\\\/uploads\\\/2023\\\/03\\\/motogp-2023.jpg\",\"keywords\":[\"Internacionales\",\"Moto2\",\"Moto2 2023\",\"Moto3\",\"Moto3 2023\",\"Motociclismo\",\"Motociclismo Internacional\",\"MotoGP\",\"MotoGP 2023\"],\"articleSection\":[\"Deportes\"],\"inLanguage\":\"es\",\"potentialAction\":[{\"@type\":\"CommentAction\",\"name\":\"Comment\",\"target\":[\"https:\\\/\\\/digital58.com.ve\\\/site\\\/2023\\\/03\\\/23\\\/motogp-22-pilotos-y-una-corona\\\/#respond\"]}]},{\"@type\":\"WebPage\",\"@id\":\"https:\\\/\\\/digital58.com.ve\\\/site\\\/2023\\\/03\\\/23\\\/motogp-22-pilotos-y-una-corona\\\/\",\"url\":\"https:\\\/\\\/digital58.com.ve\\\/site\\\/2023\\\/03\\\/23\\\/motogp-22-pilotos-y-una-corona\\\/\",\"name\":\"#MotoGP2023 | 22 pilotos y una corona\",\"isPartOf\":{\"@id\":\"https:\\\/\\\/digital58.com.ve\\\/site\\\/#website\"},\"primaryImageOfPage\":{\"@id\":\"https:\\\/\\\/digital58.com.ve\\\/site\\\/2023\\\/03\\\/23\\\/motogp-22-pilotos-y-una-corona\\\/#primaryimage\"},\"image\":{\"@id\":\"https:\\\/\\\/digital58.com.ve\\\/site\\\/2023\\\/03\\\/23\\\/motogp-22-pilotos-y-una-corona\\\/#primaryimage\"},\"thumbnailUrl\":\"https:\\\/\\\/digital58.com.ve\\\/site\\\/wp-content\\\/uploads\\\/2023\\\/03\\\/motogp-2023.jpg\",\"datePublished\":\"2023-03-23T04:31:38+00:00\",\"dateModified\":\"2023-03-23T04:31:50+00:00\",\"breadcrumb\":{\"@id\":\"https:\\\/\\\/digital58.com.ve\\\/site\\\/2023\\\/03\\\/23\\\/motogp-22-pilotos-y-una-corona\\\/#breadcrumb\"},\"inLanguage\":\"es\",\"potentialAction\":[{\"@type\":\"ReadAction\",\"target\":[\"https:\\\/\\\/digital58.com.ve\\\/site\\\/2023\\\/03\\\/23\\\/motogp-22-pilotos-y-una-corona\\\/\"]}]},{\"@type\":\"ImageObject\",\"inLanguage\":\"es\",\"@id\":\"https:\\\/\\\/digital58.com.ve\\\/site\\\/2023\\\/03\\\/23\\\/motogp-22-pilotos-y-una-corona\\\/#primaryimage\",\"url\":\"https:\\\/\\\/digital58.com.ve\\\/site\\\/wp-content\\\/uploads\\\/2023\\\/03\\\/motogp-2023.jpg\",\"contentUrl\":\"https:\\\/\\\/digital58.com.ve\\\/site\\\/wp-content\\\/uploads\\\/2023\\\/03\\\/motogp-2023.jpg\",\"width\":800,\"height\":449},{\"@type\":\"BreadcrumbList\",\"@id\":\"https:\\\/\\\/digital58.com.ve\\\/site\\\/2023\\\/03\\\/23\\\/motogp-22-pilotos-y-una-corona\\\/#breadcrumb\",\"itemListElement\":[{\"@type\":\"ListItem\",\"position\":1,\"name\":\"Home\",\"item\":\"https:\\\/\\\/digital58.com.ve\\\/site\\\/\"},{\"@type\":\"ListItem\",\"position\":2,\"name\":\"#MotoGP2023 | 22 pilotos y una corona\"}]},{\"@type\":\"WebSite\",\"@id\":\"https:\\\/\\\/digital58.com.ve\\\/site\\\/#website\",\"url\":\"https:\\\/\\\/digital58.com.ve\\\/site\\\/\",\"name\":\"Noticias Digital58\",\"description\":\"Portal de Noticias \u00a1Periodismo web de verdad! Lanzamiento web 22.11.2005 \\\/ Maracaibo, Venezuela\",\"publisher\":{\"@id\":\"https:\\\/\\\/digital58.com.ve\\\/site\\\/#\\\/schema\\\/person\\\/64d1c2e4d0d4fd1b849980c4331c2951\"},\"alternateName\":\"ND58\",\"potentialAction\":[{\"@type\":\"SearchAction\",\"target\":{\"@type\":\"EntryPoint\",\"urlTemplate\":\"https:\\\/\\\/digital58.com.ve\\\/site\\\/?s={search_term_string}\"},\"query-input\":{\"@type\":\"PropertyValueSpecification\",\"valueRequired\":true,\"valueName\":\"search_term_string\"}}],\"inLanguage\":\"es\"},{\"@type\":[\"Person\",\"Organization\"],\"@id\":\"https:\\\/\\\/digital58.com.ve\\\/site\\\/#\\\/schema\\\/person\\\/64d1c2e4d0d4fd1b849980c4331c2951\",\"name\":\"Villasmil Henry\",\"image\":{\"@type\":\"ImageObject\",\"inLanguage\":\"es\",\"@id\":\"https:\\\/\\\/secure.gravatar.com\\\/avatar\\\/bb0c4a2fcb7970138239f7e404ea75757b1b507b28b5ce4c53fbd62d797c5a7c?s=96&d=mm&r=g\",\"url\":\"https:\\\/\\\/secure.gravatar.com\\\/avatar\\\/bb0c4a2fcb7970138239f7e404ea75757b1b507b28b5ce4c53fbd62d797c5a7c?s=96&d=mm&r=g\",\"contentUrl\":\"https:\\\/\\\/secure.gravatar.com\\\/avatar\\\/bb0c4a2fcb7970138239f7e404ea75757b1b507b28b5ce4c53fbd62d797c5a7c?s=96&d=mm&r=g\",\"caption\":\"Villasmil Henry\"},\"logo\":{\"@id\":\"https:\\\/\\\/secure.gravatar.com\\\/avatar\\\/bb0c4a2fcb7970138239f7e404ea75757b1b507b28b5ce4c53fbd62d797c5a7c?s=96&d=mm&r=g\"},\"sameAs\":[\"http:\\\/\\\/www.henryvillasmil.com.ve\",\"https:\\\/\\\/www.instagram.com\\\/villasmilhfoto\\\/\",\"https:\\\/\\\/x.com\\\/https:\\\/\\\/twitter.com\\\/villasmilhfoto\"],\"url\":\"https:\\\/\\\/digital58.com.ve\\\/site\\\/author\\\/droopy_68\\\/\"}]}<\/script>\n<!-- \/ Yoast SEO plugin. -->","yoast_head_json":{"title":"#MotoGP2023 | 22 pilotos y una corona","robots":{"index":"index","follow":"follow","max-snippet":"max-snippet:-1","max-image-preview":"max-image-preview:large","max-video-preview":"max-video-preview:-1"},"canonical":"https:\/\/digital58.com.ve\/site\/2023\/03\/23\/motogp-22-pilotos-y-una-corona\/","og_locale":"es_ES","og_type":"article","og_title":"#MotoGP2023 | 22 pilotos y una corona","og_url":"https:\/\/digital58.com.ve\/site\/2023\/03\/23\/motogp-22-pilotos-y-una-corona\/","og_site_name":"Noticias Digital58","article_published_time":"2023-03-23T04:31:38+00:00","article_modified_time":"2023-03-23T04:31:50+00:00","og_image":[{"width":800,"height":449,"url":"https:\/\/i0.wp.com\/digital58.com.ve\/site\/wp-content\/uploads\/2023\/03\/motogp-2023.jpg?fit=800%2C449&ssl=1","type":"image\/jpeg"}],"author":"Villasmil Henry","twitter_card":"summary_large_image","twitter_creator":"@https:\/\/twitter.com\/villasmilhfoto","twitter_site":"@villasmilhfoto","twitter_misc":{"Escrito por":"Villasmil Henry","Tiempo estimado de lectura":"11 minutos"},"schema":{"@context":"https:\/\/schema.org","@graph":[{"@type":"Article","@id":"https:\/\/digital58.com.ve\/site\/2023\/03\/23\/motogp-22-pilotos-y-una-corona\/#article","isPartOf":{"@id":"https:\/\/digital58.com.ve\/site\/2023\/03\/23\/motogp-22-pilotos-y-una-corona\/"},"author":{"name":"Villasmil Henry","@id":"https:\/\/digital58.com.ve\/site\/#\/schema\/person\/64d1c2e4d0d4fd1b849980c4331c2951"},"headline":"#MotoGP2023 | 22 pilotos y una corona","datePublished":"2023-03-23T04:31:38+00:00","dateModified":"2023-03-23T04:31:50+00:00","mainEntityOfPage":{"@id":"https:\/\/digital58.com.ve\/site\/2023\/03\/23\/motogp-22-pilotos-y-una-corona\/"},"wordCount":2133,"commentCount":0,"publisher":{"@id":"https:\/\/digital58.com.ve\/site\/#\/schema\/person\/64d1c2e4d0d4fd1b849980c4331c2951"},"image":{"@id":"https:\/\/digital58.com.ve\/site\/2023\/03\/23\/motogp-22-pilotos-y-una-corona\/#primaryimage"},"thumbnailUrl":"https:\/\/digital58.com.ve\/site\/wp-content\/uploads\/2023\/03\/motogp-2023.jpg","keywords":["Internacionales","Moto2","Moto2 2023","Moto3","Moto3 2023","Motociclismo","Motociclismo Internacional","MotoGP","MotoGP 2023"],"articleSection":["Deportes"],"inLanguage":"es","potentialAction":[{"@type":"CommentAction","name":"Comment","target":["https:\/\/digital58.com.ve\/site\/2023\/03\/23\/motogp-22-pilotos-y-una-corona\/#respond"]}]},{"@type":"WebPage","@id":"https:\/\/digital58.com.ve\/site\/2023\/03\/23\/motogp-22-pilotos-y-una-corona\/","url":"https:\/\/digital58.com.ve\/site\/2023\/03\/23\/motogp-22-pilotos-y-una-corona\/","name":"#MotoGP2023 | 22 pilotos y una corona","isPartOf":{"@id":"https:\/\/digital58.com.ve\/site\/#website"},"primaryImageOfPage":{"@id":"https:\/\/digital58.com.ve\/site\/2023\/03\/23\/motogp-22-pilotos-y-una-corona\/#primaryimage"},"image":{"@id":"https:\/\/digital58.com.ve\/site\/2023\/03\/23\/motogp-22-pilotos-y-una-corona\/#primaryimage"},"thumbnailUrl":"https:\/\/digital58.com.ve\/site\/wp-content\/uploads\/2023\/03\/motogp-2023.jpg","datePublished":"2023-03-23T04:31:38+00:00","dateModified":"2023-03-23T04:31:50+00:00","breadcrumb":{"@id":"https:\/\/digital58.com.ve\/site\/2023\/03\/23\/motogp-22-pilotos-y-una-corona\/#breadcrumb"},"inLanguage":"es","potentialAction":[{"@type":"ReadAction","target":["https:\/\/digital58.com.ve\/site\/2023\/03\/23\/motogp-22-pilotos-y-una-corona\/"]}]},{"@type":"ImageObject","inLanguage":"es","@id":"https:\/\/digital58.com.ve\/site\/2023\/03\/23\/motogp-22-pilotos-y-una-corona\/#primaryimage","url":"https:\/\/digital58.com.ve\/site\/wp-content\/uploads\/2023\/03\/motogp-2023.jpg","contentUrl":"https:\/\/digital58.com.ve\/site\/wp-content\/uploads\/2023\/03\/motogp-2023.jpg","width":800,"height":449},{"@type":"BreadcrumbList","@id":"https:\/\/digital58.com.ve\/site\/2023\/03\/23\/motogp-22-pilotos-y-una-corona\/#breadcrumb","itemListElement":[{"@type":"ListItem","position":1,"name":"Home","item":"https:\/\/digital58.com.ve\/site\/"},{"@type":"ListItem","position":2,"name":"#MotoGP2023 | 22 pilotos y una corona"}]},{"@type":"WebSite","@id":"https:\/\/digital58.com.ve\/site\/#website","url":"https:\/\/digital58.com.ve\/site\/","name":"Noticias Digital58","description":"Portal de Noticias \u00a1Periodismo web de verdad! Lanzamiento web 22.11.2005 \/ Maracaibo, Venezuela","publisher":{"@id":"https:\/\/digital58.com.ve\/site\/#\/schema\/person\/64d1c2e4d0d4fd1b849980c4331c2951"},"alternateName":"ND58","potentialAction":[{"@type":"SearchAction","target":{"@type":"EntryPoint","urlTemplate":"https:\/\/digital58.com.ve\/site\/?s={search_term_string}"},"query-input":{"@type":"PropertyValueSpecification","valueRequired":true,"valueName":"search_term_string"}}],"inLanguage":"es"},{"@type":["Person","Organization"],"@id":"https:\/\/digital58.com.ve\/site\/#\/schema\/person\/64d1c2e4d0d4fd1b849980c4331c2951","name":"Villasmil Henry","image":{"@type":"ImageObject","inLanguage":"es","@id":"https:\/\/secure.gravatar.com\/avatar\/bb0c4a2fcb7970138239f7e404ea75757b1b507b28b5ce4c53fbd62d797c5a7c?s=96&d=mm&r=g","url":"https:\/\/secure.gravatar.com\/avatar\/bb0c4a2fcb7970138239f7e404ea75757b1b507b28b5ce4c53fbd62d797c5a7c?s=96&d=mm&r=g","contentUrl":"https:\/\/secure.gravatar.com\/avatar\/bb0c4a2fcb7970138239f7e404ea75757b1b507b28b5ce4c53fbd62d797c5a7c?s=96&d=mm&r=g","caption":"Villasmil Henry"},"logo":{"@id":"https:\/\/secure.gravatar.com\/avatar\/bb0c4a2fcb7970138239f7e404ea75757b1b507b28b5ce4c53fbd62d797c5a7c?s=96&d=mm&r=g"},"sameAs":["http:\/\/www.henryvillasmil.com.ve","https:\/\/www.instagram.com\/villasmilhfoto\/","https:\/\/x.com\/https:\/\/twitter.com\/villasmilhfoto"],"url":"https:\/\/digital58.com.ve\/site\/author\/droopy_68\/"}]}},"uagb_featured_image_src":{"full":["https:\/\/digital58.com.ve\/site\/wp-content\/uploads\/2023\/03\/motogp-2023.jpg",800,449,false],"thumbnail":["https:\/\/digital58.com.ve\/site\/wp-content\/uploads\/2023\/03\/motogp-2023-150x150.jpg",150,150,true],"medium":["https:\/\/digital58.com.ve\/site\/wp-content\/uploads\/2023\/03\/motogp-2023-300x168.jpg",300,168,true],"medium_large":["https:\/\/digital58.com.ve\/site\/wp-content\/uploads\/2023\/03\/motogp-2023-768x431.jpg",768,431,true],"large":["https:\/\/digital58.com.ve\/site\/wp-content\/uploads\/2023\/03\/motogp-2023.jpg",800,449,false],"1536x1536":["https:\/\/digital58.com.ve\/site\/wp-content\/uploads\/2023\/03\/motogp-2023.jpg",800,449,false],"2048x2048":["https:\/\/digital58.com.ve\/site\/wp-content\/uploads\/2023\/03\/motogp-2023.jpg",800,449,false],"colormag-highlighted-post":["https:\/\/digital58.com.ve\/site\/wp-content\/uploads\/2023\/03\/motogp-2023-392x272.jpg",392,272,true],"colormag-featured-post-medium":["https:\/\/digital58.com.ve\/site\/wp-content\/uploads\/2023\/03\/motogp-2023-390x205.jpg",390,205,true],"colormag-featured-post-small":["https:\/\/digital58.com.ve\/site\/wp-content\/uploads\/2023\/03\/motogp-2023-130x90.jpg",130,90,true],"colormag-featured-image":["https:\/\/digital58.com.ve\/site\/wp-content\/uploads\/2023\/03\/motogp-2023-800x445.jpg",800,445,true],"colormag-default-news":["https:\/\/digital58.com.ve\/site\/wp-content\/uploads\/2023\/03\/motogp-2023.jpg",150,84,false],"colormag-featured-image-large":["https:\/\/digital58.com.ve\/site\/wp-content\/uploads\/2023\/03\/motogp-2023.jpg",800,449,false]},"uagb_author_info":{"display_name":"Villasmil Henry","author_link":"https:\/\/digital58.com.ve\/site\/author\/droopy_68\/"},"uagb_comment_info":0,"uagb_excerpt":"La temporada 2023 de motociclismo arranca con motivo del Gran premio TISSOT de Portugal este fin de semana Internacionales, 23","_links":{"self":[{"href":"https:\/\/digital58.com.ve\/site\/wp-json\/wp\/v2\/posts\/163761","targetHints":{"allow":["GET"]}}],"collection":[{"href":"https:\/\/digital58.com.ve\/site\/wp-json\/wp\/v2\/posts"}],"about":[{"href":"https:\/\/digital58.com.ve\/site\/wp-json\/wp\/v2\/types\/post"}],"author":[{"embeddable":true,"href":"https:\/\/digital58.com.ve\/site\/wp-json\/wp\/v2\/users\/1"}],"replies":[{"embeddable":true,"href":"https:\/\/digital58.com.ve\/site\/wp-json\/wp\/v2\/comments?post=163761"}],"version-history":[{"count":2,"href":"https:\/\/digital58.com.ve\/site\/wp-json\/wp\/v2\/posts\/163761\/revisions"}],"predecessor-version":[{"id":163764,"href":"https:\/\/digital58.com.ve\/site\/wp-json\/wp\/v2\/posts\/163761\/revisions\/163764"}],"wp:featuredmedia":[{"embeddable":true,"href":"https:\/\/digital58.com.ve\/site\/wp-json\/wp\/v2\/media\/163762"}],"wp:attachment":[{"href":"https:\/\/digital58.com.ve\/site\/wp-json\/wp\/v2\/media?parent=163761"}],"wp:term":[{"taxonomy":"category","embeddable":true,"href":"https:\/\/digital58.com.ve\/site\/wp-json\/wp\/v2\/categories?post=163761"},{"taxonomy":"post_tag","embeddable":true,"href":"https:\/\/digital58.com.ve\/site\/wp-json\/wp\/v2\/tags?post=163761"}],"curies":[{"name":"wp","href":"https:\/\/api.w.org\/{rel}","templated":true}]}}