{"id":163830,"date":"2023-03-23T22:42:32","date_gmt":"2023-03-24T02:42:32","guid":{"rendered":"https:\/\/digital58.com.ve\/site\/?p=163830"},"modified":"2023-03-23T22:42:32","modified_gmt":"2023-03-24T02:42:32","slug":"nodal-trae-su-foraji2-tour-a-venezuela","status":"publish","type":"post","link":"https:\/\/digital58.com.ve\/site\/2023\/03\/23\/nodal-trae-su-foraji2-tour-a-venezuela\/","title":{"rendered":"Nodal trae su \u00abForaji2 Tour\u00bb a Venezuela"},"content":{"rendered":"<p><img loading=\"lazy\" decoding=\"async\" class=\"size-large wp-image-163831 aligncenter\" src=\"https:\/\/digital58.com.ve\/site\/wp-content\/uploads\/2023\/03\/IMG_0113-666x1000.jpg\" alt=\"\" width=\"666\" height=\"1000\" srcset=\"https:\/\/digital58.com.ve\/site\/wp-content\/uploads\/2023\/03\/IMG_0113-666x1000.jpg 666w, https:\/\/digital58.com.ve\/site\/wp-content\/uploads\/2023\/03\/IMG_0113-200x300.jpg 200w, https:\/\/digital58.com.ve\/site\/wp-content\/uploads\/2023\/03\/IMG_0113-768x1153.jpg 768w, https:\/\/digital58.com.ve\/site\/wp-content\/uploads\/2023\/03\/IMG_0113-1023x1536.jpg 1023w, https:\/\/digital58.com.ve\/site\/wp-content\/uploads\/2023\/03\/IMG_0113.jpg 1290w\" sizes=\"auto, (max-width: 666px) 100vw, 666px\" \/><\/p>\n<p><a href=\"http:\/\/www.instagram.com\/nodal\">Nodal<\/a> se alista para venir por primera vez a Venezuela con su estilo mariache\u00f1o el pr\u00f3ximo mes de junio.<\/p>\n<p><strong>Caracas, DC, Venezuela, 23 de marzo de 2023 (ND58).-<\/strong> El popular artista mexicano traer\u00e1 su \u00abForaji2 Tour\u00bb y ofrecer\u00e1 presentaciones los d\u00edas jueves 8 de junio en la Terraza del C.C.C.T y el s\u00e1bado 10 en el Estadio Metropolitano de B\u00e9isbol de San Crist\u00f3bal, ciudad en la que contar\u00e1 con Jessi Uribe como antesala.<\/p>\n<p>Considerado la figura m\u00e1s destacada de la m\u00fasica regional mexicana con su estilo \u00abrom\u00e1ntico y brav\u00edo\u00bb, Nodal recorrer\u00e1 un repertorio de \u00e9xitos entre los que no pueden faltar temas como <em>Adi\u00f3s amor, Ya no somos ni seremos, Vivo en el 6, Lim\u00f3n con sal, Aguardiente y Un cumbi\u00f3n dolido<\/em>, entre otros.<\/p>\n<p>En la reciente edici\u00f3n de Premio Lo Nuestro, Nodal recibi\u00f3 galardones como Artista Masculino del A\u00f1o y Canci\u00f3n Mariachi\/Ranchera del A\u00f1o en la categor\u00eda Regional Mexicano.<\/p>\n<p><img loading=\"lazy\" decoding=\"async\" class=\"size-large wp-image-163832 aligncenter\" src=\"https:\/\/digital58.com.ve\/site\/wp-content\/uploads\/2023\/03\/POST-JUNIO08-tour-VZLA-1000x1000.jpeg\" alt=\"\" width=\"800\" height=\"800\" srcset=\"https:\/\/digital58.com.ve\/site\/wp-content\/uploads\/2023\/03\/POST-JUNIO08-tour-VZLA-1000x1000.jpeg 1000w, https:\/\/digital58.com.ve\/site\/wp-content\/uploads\/2023\/03\/POST-JUNIO08-tour-VZLA-300x300.jpeg 300w, https:\/\/digital58.com.ve\/site\/wp-content\/uploads\/2023\/03\/POST-JUNIO08-tour-VZLA-150x150.jpeg 150w, https:\/\/digital58.com.ve\/site\/wp-content\/uploads\/2023\/03\/POST-JUNIO08-tour-VZLA-768x768.jpeg 768w, https:\/\/digital58.com.ve\/site\/wp-content\/uploads\/2023\/03\/POST-JUNIO08-tour-VZLA-1536x1536.jpeg 1536w, https:\/\/digital58.com.ve\/site\/wp-content\/uploads\/2023\/03\/POST-JUNIO08-tour-VZLA-2048x2048.jpeg 2048w\" sizes=\"auto, (max-width: 800px) 100vw, 800px\" \/><\/p>\n<p>La producci\u00f3n de los conciertos de Nodal estar\u00e1 a cargo de <a href=\"http:\/\/www.instagram.com\/agtelive\">AGTE Live<\/a>, empresa que este 2023 seguir\u00e1 sorprendiendo al p\u00fablico venezolano con los espect\u00e1culos de los artistas que marcan pauta.<\/p>\n<p>Las entradas para los conciertos del \u00abForaji2 Tour\u00bb de Nodal estar\u00e1n a la venta el 28 de marzo a las 11:00 de la ma\u00f1ana en Ticketmundo.<\/p><div class=\"zlkhn69f296f6005f0\" ><p style=\"text-align: center;\"><a href=\"https:\/\/t.me\/noticiasdigital58\" target=\"_blank\" rel=\"noopener\"><img class=\"aligncenter size-full wp-image-125363\" src=\"https:\/\/digital58.com.ve\/site\/wp-content\/uploads\/2021\/04\/banner-telegram-web-2021.png\" alt=\"\" width=\"600\" height=\"90\" \/><\/a><\/p><\/div><style type=\"text\/css\">\r\n@media screen and (min-width: 1201px) {\r\n.zlkhn69f296f6005f0 {\r\ndisplay: block;\r\n}\r\n}\r\n@media screen and (min-width: 993px) and (max-width: 1200px) {\r\n.zlkhn69f296f6005f0 {\r\ndisplay: block;\r\n}\r\n}\r\n@media screen and (min-width: 769px) and (max-width: 992px) {\r\n.zlkhn69f296f6005f0 {\r\ndisplay: block;\r\n}\r\n}\r\n@media screen and (min-width: 768px) and (max-width: 768px) {\r\n.zlkhn69f296f6005f0 {\r\ndisplay: block;\r\n}\r\n}\r\n@media screen and (max-width: 767px) {\r\n.zlkhn69f296f6005f0 {\r\ndisplay: block;\r\n}\r\n}\r\n<\/style>\r\n\n<p class=\"p1\"><b>Redacci\u00f3n ND58 | NDP\u00a0<\/b><br \/>\n<b>Edici\u00f3n: \u00c1\u00f1ez, Caren\u00a0<\/b><br \/>\n<b>Gr\u00e1fica: Cortes\u00eda <\/b><\/p>\n<div style=\"margin-top: 0px; margin-bottom: 0px;\" class=\"sharethis-inline-share-buttons\" ><\/div>","protected":false},"excerpt":{"rendered":"<p>Nodal se alista para venir por primera vez a Venezuela con su estilo mariache\u00f1o el pr\u00f3ximo mes de junio. Caracas,<\/p>\n","protected":false},"author":39,"featured_media":163832,"comment_status":"open","ping_status":"closed","sticky":false,"template":"","format":"standard","meta":{"colormag_page_container_layout":"default_layout","colormag_page_sidebar_layout":"default_layout","_uag_custom_page_level_css":"","footnotes":""},"categories":[5411,5417],"tags":[30742,7291,6060,29,5818,50,233,30741,6480,32],"class_list":["post-163830","post","type-post","status-publish","format-standard","has-post-thumbnail","hentry","category-donde_ir_caracas","category-conciertos","tag-foraji2-tour","tag-artista","tag-cantante","tag-caracas","tag-concierto","tag-entretenimiento","tag-nacionales","tag-nodal","tag-san-cristobal","tag-venezuela"],"yoast_head":"<!-- This site is optimized with the Yoast SEO plugin v27.5 - https:\/\/yoast.com\/product\/yoast-seo-wordpress\/ -->\n<title>Nodal trae su \u00abForaji2 Tour\u00bb a Venezuela<\/title>\n<meta name=\"robots\" content=\"index, follow, max-snippet:-1, max-image-preview:large, max-video-preview:-1\" \/>\n<link rel=\"canonical\" href=\"https:\/\/digital58.com.ve\/site\/2023\/03\/23\/nodal-trae-su-foraji2-tour-a-venezuela\/\" \/>\n<meta property=\"og:locale\" content=\"es_ES\" \/>\n<meta property=\"og:type\" content=\"article\" \/>\n<meta property=\"og:title\" content=\"Nodal trae su \u00abForaji2 Tour\u00bb a Venezuela\" \/>\n<meta property=\"og:url\" content=\"https:\/\/digital58.com.ve\/site\/2023\/03\/23\/nodal-trae-su-foraji2-tour-a-venezuela\/\" \/>\n<meta property=\"og:site_name\" content=\"Noticias Digital58\" \/>\n<meta property=\"article:published_time\" content=\"2023-03-24T02:42:32+00:00\" \/>\n<meta property=\"og:image\" content=\"https:\/\/i0.wp.com\/digital58.com.ve\/site\/wp-content\/uploads\/2023\/03\/POST-JUNIO08-tour-VZLA-scaled.jpeg?fit=2560%2C2560&ssl=1\" \/>\n\t<meta property=\"og:image:width\" content=\"2560\" \/>\n\t<meta property=\"og:image:height\" content=\"2560\" \/>\n\t<meta property=\"og:image:type\" content=\"image\/jpeg\" \/>\n<meta name=\"author\" content=\"Caren A\u00f1ez\" \/>\n<meta name=\"twitter:card\" content=\"summary_large_image\" \/>\n<meta name=\"twitter:creator\" content=\"@carenanez\" \/>\n<meta name=\"twitter:site\" content=\"@villasmilhfoto\" \/>\n<meta name=\"twitter:label1\" content=\"Escrito por\" \/>\n\t<meta name=\"twitter:data1\" content=\"Caren A\u00f1ez\" \/>\n\t<meta name=\"twitter:label2\" content=\"Tiempo estimado de lectura\" \/>\n\t<meta name=\"twitter:data2\" content=\"1 minuto\" \/>\n<script type=\"application\/ld+json\" class=\"yoast-schema-graph\">{\"@context\":\"https:\\\/\\\/schema.org\",\"@graph\":[{\"@type\":\"Article\",\"@id\":\"https:\\\/\\\/digital58.com.ve\\\/site\\\/2023\\\/03\\\/23\\\/nodal-trae-su-foraji2-tour-a-venezuela\\\/#article\",\"isPartOf\":{\"@id\":\"https:\\\/\\\/digital58.com.ve\\\/site\\\/2023\\\/03\\\/23\\\/nodal-trae-su-foraji2-tour-a-venezuela\\\/\"},\"author\":{\"name\":\"Caren A\u00f1ez\",\"@id\":\"https:\\\/\\\/digital58.com.ve\\\/site\\\/#\\\/schema\\\/person\\\/38596b127602deaa13fbcd7585635238\"},\"headline\":\"Nodal trae su \u00abForaji2 Tour\u00bb a Venezuela\",\"datePublished\":\"2023-03-24T02:42:32+00:00\",\"mainEntityOfPage\":{\"@id\":\"https:\\\/\\\/digital58.com.ve\\\/site\\\/2023\\\/03\\\/23\\\/nodal-trae-su-foraji2-tour-a-venezuela\\\/\"},\"wordCount\":246,\"commentCount\":0,\"publisher\":{\"@id\":\"https:\\\/\\\/digital58.com.ve\\\/site\\\/#\\\/schema\\\/person\\\/64d1c2e4d0d4fd1b849980c4331c2951\"},\"image\":{\"@id\":\"https:\\\/\\\/digital58.com.ve\\\/site\\\/2023\\\/03\\\/23\\\/nodal-trae-su-foraji2-tour-a-venezuela\\\/#primaryimage\"},\"thumbnailUrl\":\"https:\\\/\\\/digital58.com.ve\\\/site\\\/wp-content\\\/uploads\\\/2023\\\/03\\\/POST-JUNIO08-tour-VZLA-scaled.jpeg\",\"keywords\":[\"\u00abForaji2 Tour\u00bb\",\"Artista\",\"cantante\",\"Caracas\",\"Concierto\",\"Entretenimiento\",\"Nacionales\",\"Nodal\",\"San Crist\u00f3bal\",\"Venezuela\"],\"articleSection\":[\"\u00bfD\u00f3nde ir Caracas?\",\"Conciertos\"],\"inLanguage\":\"es\",\"potentialAction\":[{\"@type\":\"CommentAction\",\"name\":\"Comment\",\"target\":[\"https:\\\/\\\/digital58.com.ve\\\/site\\\/2023\\\/03\\\/23\\\/nodal-trae-su-foraji2-tour-a-venezuela\\\/#respond\"]}]},{\"@type\":\"WebPage\",\"@id\":\"https:\\\/\\\/digital58.com.ve\\\/site\\\/2023\\\/03\\\/23\\\/nodal-trae-su-foraji2-tour-a-venezuela\\\/\",\"url\":\"https:\\\/\\\/digital58.com.ve\\\/site\\\/2023\\\/03\\\/23\\\/nodal-trae-su-foraji2-tour-a-venezuela\\\/\",\"name\":\"Nodal trae su \u00abForaji2 Tour\u00bb a Venezuela\",\"isPartOf\":{\"@id\":\"https:\\\/\\\/digital58.com.ve\\\/site\\\/#website\"},\"primaryImageOfPage\":{\"@id\":\"https:\\\/\\\/digital58.com.ve\\\/site\\\/2023\\\/03\\\/23\\\/nodal-trae-su-foraji2-tour-a-venezuela\\\/#primaryimage\"},\"image\":{\"@id\":\"https:\\\/\\\/digital58.com.ve\\\/site\\\/2023\\\/03\\\/23\\\/nodal-trae-su-foraji2-tour-a-venezuela\\\/#primaryimage\"},\"thumbnailUrl\":\"https:\\\/\\\/digital58.com.ve\\\/site\\\/wp-content\\\/uploads\\\/2023\\\/03\\\/POST-JUNIO08-tour-VZLA-scaled.jpeg\",\"datePublished\":\"2023-03-24T02:42:32+00:00\",\"breadcrumb\":{\"@id\":\"https:\\\/\\\/digital58.com.ve\\\/site\\\/2023\\\/03\\\/23\\\/nodal-trae-su-foraji2-tour-a-venezuela\\\/#breadcrumb\"},\"inLanguage\":\"es\",\"potentialAction\":[{\"@type\":\"ReadAction\",\"target\":[\"https:\\\/\\\/digital58.com.ve\\\/site\\\/2023\\\/03\\\/23\\\/nodal-trae-su-foraji2-tour-a-venezuela\\\/\"]}]},{\"@type\":\"ImageObject\",\"inLanguage\":\"es\",\"@id\":\"https:\\\/\\\/digital58.com.ve\\\/site\\\/2023\\\/03\\\/23\\\/nodal-trae-su-foraji2-tour-a-venezuela\\\/#primaryimage\",\"url\":\"https:\\\/\\\/digital58.com.ve\\\/site\\\/wp-content\\\/uploads\\\/2023\\\/03\\\/POST-JUNIO08-tour-VZLA-scaled.jpeg\",\"contentUrl\":\"https:\\\/\\\/digital58.com.ve\\\/site\\\/wp-content\\\/uploads\\\/2023\\\/03\\\/POST-JUNIO08-tour-VZLA-scaled.jpeg\",\"width\":2560,\"height\":2560},{\"@type\":\"BreadcrumbList\",\"@id\":\"https:\\\/\\\/digital58.com.ve\\\/site\\\/2023\\\/03\\\/23\\\/nodal-trae-su-foraji2-tour-a-venezuela\\\/#breadcrumb\",\"itemListElement\":[{\"@type\":\"ListItem\",\"position\":1,\"name\":\"Home\",\"item\":\"https:\\\/\\\/digital58.com.ve\\\/site\\\/\"},{\"@type\":\"ListItem\",\"position\":2,\"name\":\"Nodal trae su \u00abForaji2 Tour\u00bb a Venezuela\"}]},{\"@type\":\"WebSite\",\"@id\":\"https:\\\/\\\/digital58.com.ve\\\/site\\\/#website\",\"url\":\"https:\\\/\\\/digital58.com.ve\\\/site\\\/\",\"name\":\"Noticias Digital58\",\"description\":\"Portal de Noticias \u00a1Periodismo web de verdad! Lanzamiento web 22.11.2005 \\\/ Maracaibo, Venezuela\",\"publisher\":{\"@id\":\"https:\\\/\\\/digital58.com.ve\\\/site\\\/#\\\/schema\\\/person\\\/64d1c2e4d0d4fd1b849980c4331c2951\"},\"alternateName\":\"ND58\",\"potentialAction\":[{\"@type\":\"SearchAction\",\"target\":{\"@type\":\"EntryPoint\",\"urlTemplate\":\"https:\\\/\\\/digital58.com.ve\\\/site\\\/?s={search_term_string}\"},\"query-input\":{\"@type\":\"PropertyValueSpecification\",\"valueRequired\":true,\"valueName\":\"search_term_string\"}}],\"inLanguage\":\"es\"},{\"@type\":[\"Person\",\"Organization\"],\"@id\":\"https:\\\/\\\/digital58.com.ve\\\/site\\\/#\\\/schema\\\/person\\\/64d1c2e4d0d4fd1b849980c4331c2951\",\"name\":\"Villasmil Henry\",\"image\":{\"@type\":\"ImageObject\",\"inLanguage\":\"es\",\"@id\":\"https:\\\/\\\/secure.gravatar.com\\\/avatar\\\/bb0c4a2fcb7970138239f7e404ea75757b1b507b28b5ce4c53fbd62d797c5a7c?s=96&d=mm&r=g\",\"url\":\"https:\\\/\\\/secure.gravatar.com\\\/avatar\\\/bb0c4a2fcb7970138239f7e404ea75757b1b507b28b5ce4c53fbd62d797c5a7c?s=96&d=mm&r=g\",\"contentUrl\":\"https:\\\/\\\/secure.gravatar.com\\\/avatar\\\/bb0c4a2fcb7970138239f7e404ea75757b1b507b28b5ce4c53fbd62d797c5a7c?s=96&d=mm&r=g\",\"caption\":\"Villasmil Henry\"},\"logo\":{\"@id\":\"https:\\\/\\\/secure.gravatar.com\\\/avatar\\\/bb0c4a2fcb7970138239f7e404ea75757b1b507b28b5ce4c53fbd62d797c5a7c?s=96&d=mm&r=g\"},\"sameAs\":[\"http:\\\/\\\/www.henryvillasmil.com.ve\",\"https:\\\/\\\/www.instagram.com\\\/villasmilhfoto\\\/\",\"https:\\\/\\\/x.com\\\/https:\\\/\\\/twitter.com\\\/villasmilhfoto\"]},{\"@type\":\"Person\",\"@id\":\"https:\\\/\\\/digital58.com.ve\\\/site\\\/#\\\/schema\\\/person\\\/38596b127602deaa13fbcd7585635238\",\"name\":\"Caren A\u00f1ez\",\"image\":{\"@type\":\"ImageObject\",\"inLanguage\":\"es\",\"@id\":\"https:\\\/\\\/secure.gravatar.com\\\/avatar\\\/53aadd693aa414991c9ff2f2b19c39be94d2c342463b80f5402d344911bc9782?s=96&d=mm&r=g\",\"url\":\"https:\\\/\\\/secure.gravatar.com\\\/avatar\\\/53aadd693aa414991c9ff2f2b19c39be94d2c342463b80f5402d344911bc9782?s=96&d=mm&r=g\",\"contentUrl\":\"https:\\\/\\\/secure.gravatar.com\\\/avatar\\\/53aadd693aa414991c9ff2f2b19c39be94d2c342463b80f5402d344911bc9782?s=96&d=mm&r=g\",\"caption\":\"Caren A\u00f1ez\"},\"description\":\"\ud83d\udc69\u200d\ud83c\udfa4Editora en @digital_58 \ud83d\udc69\ud83c\udffb\u200d\ud83c\udfebPeriodista musical y de entretenimiento. \ud83d\udcf8Fotografa \ud83d\udc69\ud83c\udffb\u200d\ud83d\udcbbMedia Management. \ud83d\udc69\u200d\ud83d\udc67\u200d\ud83d\udc67AspieMon 24\\\/7\",\"sameAs\":[\"https:\\\/\\\/www.instagram.com\\\/carenanez\\\/\",\"https:\\\/\\\/x.com\\\/carenanez\"],\"url\":\"https:\\\/\\\/digital58.com.ve\\\/site\\\/author\\\/carena21\\\/\"}]}<\/script>\n<!-- \/ Yoast SEO plugin. -->","yoast_head_json":{"title":"Nodal trae su \u00abForaji2 Tour\u00bb a Venezuela","robots":{"index":"index","follow":"follow","max-snippet":"max-snippet:-1","max-image-preview":"max-image-preview:large","max-video-preview":"max-video-preview:-1"},"canonical":"https:\/\/digital58.com.ve\/site\/2023\/03\/23\/nodal-trae-su-foraji2-tour-a-venezuela\/","og_locale":"es_ES","og_type":"article","og_title":"Nodal trae su \u00abForaji2 Tour\u00bb a Venezuela","og_url":"https:\/\/digital58.com.ve\/site\/2023\/03\/23\/nodal-trae-su-foraji2-tour-a-venezuela\/","og_site_name":"Noticias Digital58","article_published_time":"2023-03-24T02:42:32+00:00","og_image":[{"width":2560,"height":2560,"url":"https:\/\/i0.wp.com\/digital58.com.ve\/site\/wp-content\/uploads\/2023\/03\/POST-JUNIO08-tour-VZLA-scaled.jpeg?fit=2560%2C2560&ssl=1","type":"image\/jpeg"}],"author":"Caren A\u00f1ez","twitter_card":"summary_large_image","twitter_creator":"@carenanez","twitter_site":"@villasmilhfoto","twitter_misc":{"Escrito por":"Caren A\u00f1ez","Tiempo estimado de lectura":"1 minuto"},"schema":{"@context":"https:\/\/schema.org","@graph":[{"@type":"Article","@id":"https:\/\/digital58.com.ve\/site\/2023\/03\/23\/nodal-trae-su-foraji2-tour-a-venezuela\/#article","isPartOf":{"@id":"https:\/\/digital58.com.ve\/site\/2023\/03\/23\/nodal-trae-su-foraji2-tour-a-venezuela\/"},"author":{"name":"Caren A\u00f1ez","@id":"https:\/\/digital58.com.ve\/site\/#\/schema\/person\/38596b127602deaa13fbcd7585635238"},"headline":"Nodal trae su \u00abForaji2 Tour\u00bb a Venezuela","datePublished":"2023-03-24T02:42:32+00:00","mainEntityOfPage":{"@id":"https:\/\/digital58.com.ve\/site\/2023\/03\/23\/nodal-trae-su-foraji2-tour-a-venezuela\/"},"wordCount":246,"commentCount":0,"publisher":{"@id":"https:\/\/digital58.com.ve\/site\/#\/schema\/person\/64d1c2e4d0d4fd1b849980c4331c2951"},"image":{"@id":"https:\/\/digital58.com.ve\/site\/2023\/03\/23\/nodal-trae-su-foraji2-tour-a-venezuela\/#primaryimage"},"thumbnailUrl":"https:\/\/digital58.com.ve\/site\/wp-content\/uploads\/2023\/03\/POST-JUNIO08-tour-VZLA-scaled.jpeg","keywords":["\u00abForaji2 Tour\u00bb","Artista","cantante","Caracas","Concierto","Entretenimiento","Nacionales","Nodal","San Crist\u00f3bal","Venezuela"],"articleSection":["\u00bfD\u00f3nde ir Caracas?","Conciertos"],"inLanguage":"es","potentialAction":[{"@type":"CommentAction","name":"Comment","target":["https:\/\/digital58.com.ve\/site\/2023\/03\/23\/nodal-trae-su-foraji2-tour-a-venezuela\/#respond"]}]},{"@type":"WebPage","@id":"https:\/\/digital58.com.ve\/site\/2023\/03\/23\/nodal-trae-su-foraji2-tour-a-venezuela\/","url":"https:\/\/digital58.com.ve\/site\/2023\/03\/23\/nodal-trae-su-foraji2-tour-a-venezuela\/","name":"Nodal trae su \u00abForaji2 Tour\u00bb a Venezuela","isPartOf":{"@id":"https:\/\/digital58.com.ve\/site\/#website"},"primaryImageOfPage":{"@id":"https:\/\/digital58.com.ve\/site\/2023\/03\/23\/nodal-trae-su-foraji2-tour-a-venezuela\/#primaryimage"},"image":{"@id":"https:\/\/digital58.com.ve\/site\/2023\/03\/23\/nodal-trae-su-foraji2-tour-a-venezuela\/#primaryimage"},"thumbnailUrl":"https:\/\/digital58.com.ve\/site\/wp-content\/uploads\/2023\/03\/POST-JUNIO08-tour-VZLA-scaled.jpeg","datePublished":"2023-03-24T02:42:32+00:00","breadcrumb":{"@id":"https:\/\/digital58.com.ve\/site\/2023\/03\/23\/nodal-trae-su-foraji2-tour-a-venezuela\/#breadcrumb"},"inLanguage":"es","potentialAction":[{"@type":"ReadAction","target":["https:\/\/digital58.com.ve\/site\/2023\/03\/23\/nodal-trae-su-foraji2-tour-a-venezuela\/"]}]},{"@type":"ImageObject","inLanguage":"es","@id":"https:\/\/digital58.com.ve\/site\/2023\/03\/23\/nodal-trae-su-foraji2-tour-a-venezuela\/#primaryimage","url":"https:\/\/digital58.com.ve\/site\/wp-content\/uploads\/2023\/03\/POST-JUNIO08-tour-VZLA-scaled.jpeg","contentUrl":"https:\/\/digital58.com.ve\/site\/wp-content\/uploads\/2023\/03\/POST-JUNIO08-tour-VZLA-scaled.jpeg","width":2560,"height":2560},{"@type":"BreadcrumbList","@id":"https:\/\/digital58.com.ve\/site\/2023\/03\/23\/nodal-trae-su-foraji2-tour-a-venezuela\/#breadcrumb","itemListElement":[{"@type":"ListItem","position":1,"name":"Home","item":"https:\/\/digital58.com.ve\/site\/"},{"@type":"ListItem","position":2,"name":"Nodal trae su \u00abForaji2 Tour\u00bb a Venezuela"}]},{"@type":"WebSite","@id":"https:\/\/digital58.com.ve\/site\/#website","url":"https:\/\/digital58.com.ve\/site\/","name":"Noticias Digital58","description":"Portal de Noticias \u00a1Periodismo web de verdad! Lanzamiento web 22.11.2005 \/ Maracaibo, Venezuela","publisher":{"@id":"https:\/\/digital58.com.ve\/site\/#\/schema\/person\/64d1c2e4d0d4fd1b849980c4331c2951"},"alternateName":"ND58","potentialAction":[{"@type":"SearchAction","target":{"@type":"EntryPoint","urlTemplate":"https:\/\/digital58.com.ve\/site\/?s={search_term_string}"},"query-input":{"@type":"PropertyValueSpecification","valueRequired":true,"valueName":"search_term_string"}}],"inLanguage":"es"},{"@type":["Person","Organization"],"@id":"https:\/\/digital58.com.ve\/site\/#\/schema\/person\/64d1c2e4d0d4fd1b849980c4331c2951","name":"Villasmil Henry","image":{"@type":"ImageObject","inLanguage":"es","@id":"https:\/\/secure.gravatar.com\/avatar\/bb0c4a2fcb7970138239f7e404ea75757b1b507b28b5ce4c53fbd62d797c5a7c?s=96&d=mm&r=g","url":"https:\/\/secure.gravatar.com\/avatar\/bb0c4a2fcb7970138239f7e404ea75757b1b507b28b5ce4c53fbd62d797c5a7c?s=96&d=mm&r=g","contentUrl":"https:\/\/secure.gravatar.com\/avatar\/bb0c4a2fcb7970138239f7e404ea75757b1b507b28b5ce4c53fbd62d797c5a7c?s=96&d=mm&r=g","caption":"Villasmil Henry"},"logo":{"@id":"https:\/\/secure.gravatar.com\/avatar\/bb0c4a2fcb7970138239f7e404ea75757b1b507b28b5ce4c53fbd62d797c5a7c?s=96&d=mm&r=g"},"sameAs":["http:\/\/www.henryvillasmil.com.ve","https:\/\/www.instagram.com\/villasmilhfoto\/","https:\/\/x.com\/https:\/\/twitter.com\/villasmilhfoto"]},{"@type":"Person","@id":"https:\/\/digital58.com.ve\/site\/#\/schema\/person\/38596b127602deaa13fbcd7585635238","name":"Caren A\u00f1ez","image":{"@type":"ImageObject","inLanguage":"es","@id":"https:\/\/secure.gravatar.com\/avatar\/53aadd693aa414991c9ff2f2b19c39be94d2c342463b80f5402d344911bc9782?s=96&d=mm&r=g","url":"https:\/\/secure.gravatar.com\/avatar\/53aadd693aa414991c9ff2f2b19c39be94d2c342463b80f5402d344911bc9782?s=96&d=mm&r=g","contentUrl":"https:\/\/secure.gravatar.com\/avatar\/53aadd693aa414991c9ff2f2b19c39be94d2c342463b80f5402d344911bc9782?s=96&d=mm&r=g","caption":"Caren A\u00f1ez"},"description":"\ud83d\udc69\u200d\ud83c\udfa4Editora en @digital_58 \ud83d\udc69\ud83c\udffb\u200d\ud83c\udfebPeriodista musical y de entretenimiento. \ud83d\udcf8Fotografa \ud83d\udc69\ud83c\udffb\u200d\ud83d\udcbbMedia Management. \ud83d\udc69\u200d\ud83d\udc67\u200d\ud83d\udc67AspieMon 24\/7","sameAs":["https:\/\/www.instagram.com\/carenanez\/","https:\/\/x.com\/carenanez"],"url":"https:\/\/digital58.com.ve\/site\/author\/carena21\/"}]}},"uagb_featured_image_src":{"full":["https:\/\/digital58.com.ve\/site\/wp-content\/uploads\/2023\/03\/POST-JUNIO08-tour-VZLA-scaled.jpeg",2560,2560,false],"thumbnail":["https:\/\/digital58.com.ve\/site\/wp-content\/uploads\/2023\/03\/POST-JUNIO08-tour-VZLA-150x150.jpeg",150,150,true],"medium":["https:\/\/digital58.com.ve\/site\/wp-content\/uploads\/2023\/03\/POST-JUNIO08-tour-VZLA-300x300.jpeg",300,300,true],"medium_large":["https:\/\/digital58.com.ve\/site\/wp-content\/uploads\/2023\/03\/POST-JUNIO08-tour-VZLA-768x768.jpeg",768,768,true],"large":["https:\/\/digital58.com.ve\/site\/wp-content\/uploads\/2023\/03\/POST-JUNIO08-tour-VZLA-1000x1000.jpeg",800,800,true],"1536x1536":["https:\/\/digital58.com.ve\/site\/wp-content\/uploads\/2023\/03\/POST-JUNIO08-tour-VZLA-1536x1536.jpeg",1536,1536,true],"2048x2048":["https:\/\/digital58.com.ve\/site\/wp-content\/uploads\/2023\/03\/POST-JUNIO08-tour-VZLA-2048x2048.jpeg",2048,2048,true],"colormag-highlighted-post":["https:\/\/digital58.com.ve\/site\/wp-content\/uploads\/2023\/03\/POST-JUNIO08-tour-VZLA-392x272.jpeg",392,272,true],"colormag-featured-post-medium":["https:\/\/digital58.com.ve\/site\/wp-content\/uploads\/2023\/03\/POST-JUNIO08-tour-VZLA-390x205.jpeg",390,205,true],"colormag-featured-post-small":["https:\/\/digital58.com.ve\/site\/wp-content\/uploads\/2023\/03\/POST-JUNIO08-tour-VZLA-130x90.jpeg",130,90,true],"colormag-featured-image":["https:\/\/digital58.com.ve\/site\/wp-content\/uploads\/2023\/03\/POST-JUNIO08-tour-VZLA-800x445.jpeg",800,445,true],"colormag-default-news":["https:\/\/digital58.com.ve\/site\/wp-content\/uploads\/2023\/03\/POST-JUNIO08-tour-VZLA-scaled.jpeg",150,150,false],"colormag-featured-image-large":["https:\/\/digital58.com.ve\/site\/wp-content\/uploads\/2023\/03\/POST-JUNIO08-tour-VZLA-scaled.jpeg",600,600,false]},"uagb_author_info":{"display_name":"Caren A\u00f1ez","author_link":"https:\/\/digital58.com.ve\/site\/author\/carena21\/"},"uagb_comment_info":0,"uagb_excerpt":"Nodal se alista para venir por primera vez a Venezuela con su estilo mariache\u00f1o el pr\u00f3ximo mes de junio. Caracas,","_links":{"self":[{"href":"https:\/\/digital58.com.ve\/site\/wp-json\/wp\/v2\/posts\/163830","targetHints":{"allow":["GET"]}}],"collection":[{"href":"https:\/\/digital58.com.ve\/site\/wp-json\/wp\/v2\/posts"}],"about":[{"href":"https:\/\/digital58.com.ve\/site\/wp-json\/wp\/v2\/types\/post"}],"author":[{"embeddable":true,"href":"https:\/\/digital58.com.ve\/site\/wp-json\/wp\/v2\/users\/39"}],"replies":[{"embeddable":true,"href":"https:\/\/digital58.com.ve\/site\/wp-json\/wp\/v2\/comments?post=163830"}],"version-history":[{"count":1,"href":"https:\/\/digital58.com.ve\/site\/wp-json\/wp\/v2\/posts\/163830\/revisions"}],"predecessor-version":[{"id":163833,"href":"https:\/\/digital58.com.ve\/site\/wp-json\/wp\/v2\/posts\/163830\/revisions\/163833"}],"wp:featuredmedia":[{"embeddable":true,"href":"https:\/\/digital58.com.ve\/site\/wp-json\/wp\/v2\/media\/163832"}],"wp:attachment":[{"href":"https:\/\/digital58.com.ve\/site\/wp-json\/wp\/v2\/media?parent=163830"}],"wp:term":[{"taxonomy":"category","embeddable":true,"href":"https:\/\/digital58.com.ve\/site\/wp-json\/wp\/v2\/categories?post=163830"},{"taxonomy":"post_tag","embeddable":true,"href":"https:\/\/digital58.com.ve\/site\/wp-json\/wp\/v2\/tags?post=163830"}],"curies":[{"name":"wp","href":"https:\/\/api.w.org\/{rel}","templated":true}]}}