{"id":164205,"date":"2023-03-31T19:44:50","date_gmt":"2023-03-31T23:44:50","guid":{"rendered":"https:\/\/digital58.com.ve\/site\/?p=164205"},"modified":"2023-03-31T19:44:50","modified_gmt":"2023-03-31T23:44:50","slug":"zulia-alcalde-de-lagunillas-presenta-memoria-y-cuenta-del-ano-2022","status":"publish","type":"post","link":"https:\/\/digital58.com.ve\/site\/2023\/03\/31\/zulia-alcalde-de-lagunillas-presenta-memoria-y-cuenta-del-ano-2022\/","title":{"rendered":"#Zulia | Alcalde de Lagunillas presenta Memoria y Cuenta del a\u00f1o 2022"},"content":{"rendered":"<p><a href=\"https:\/\/digital58.com.ve\/site\/wp-content\/uploads\/2023\/03\/alcalde-lagunillas-2.jpg\"><img loading=\"lazy\" decoding=\"async\" class=\"aligncenter size-full wp-image-164206\" src=\"https:\/\/digital58.com.ve\/site\/wp-content\/uploads\/2023\/03\/alcalde-lagunillas-2.jpg\" alt=\"\" width=\"800\" height=\"536\" srcset=\"https:\/\/digital58.com.ve\/site\/wp-content\/uploads\/2023\/03\/alcalde-lagunillas-2.jpg 800w, https:\/\/digital58.com.ve\/site\/wp-content\/uploads\/2023\/03\/alcalde-lagunillas-2-300x201.jpg 300w, https:\/\/digital58.com.ve\/site\/wp-content\/uploads\/2023\/03\/alcalde-lagunillas-2-768x515.jpg 768w\" sizes=\"auto, (max-width: 800px) 100vw, 800px\" \/><\/a><\/p>\n<p>En su discurso, el burgomaestre lagunillense agradeci\u00f3 el respaldo del sector comercial, empresarial, gremios, a los concejales, a su pueblo y al gran equipo que lo acompa\u00f1a.<\/p>\n<p><strong>Ciudad Ojeda, Zulia, Venezuela, 31 de marzo de 2023 (ND58).-<\/strong> En un acto p\u00fablico, realizado en la Casa de la Cultura Don Otilio Miquilena, el alcalde Jos\u00e9 Mosquera Adarme, present\u00f3 su Memoria y Cuenta correspondiente al a\u00f1o 2022.<\/p>\n<p>La presentaci\u00f3n, en la que el burgomaestre mostr\u00f3 los logros m\u00e1s resaltantes de su gesti\u00f3n en materia de: Infraestructura y Servicios; Desarrollo Social; Seguridad Alimentaria; Participaci\u00f3n Ciudadana; Seguridad y Protecci\u00f3n Ciudadana; Cultura y Recreaci\u00f3n; y Educaci\u00f3n y Deporte, se hizo en el primer trimestre del a\u00f1o 2023, tal como lo establecen las normativas legales.<\/p>\n<p>Al acto acudieron la primera dama, Margarita de Mosquera; Gustavo Fern\u00e1ndez, alcalde de San Francisco; Alenis Guerrero, Santa Rita; Ram\u00f3n Bracho, de Baralt; Nabil Maalouf, alcalde de Cabimas; Iraida Villasmil, presidenta del CLEZ; el Legislador Justo Berm\u00fadez; Carlos Dickson, Comisionado de la Gobernaci\u00f3n por la COL, quien acudi\u00f3 en representaci\u00f3n del gobernador Manuel Rosales; Nora Bracho, presidenta de UNT Zulia y destacas personalidades de la regi\u00f3n.<\/p>\n<p>En este sentido, Mosquera dio a conocer obras de gran importancia como la rehabilitaci\u00f3n de la carretera \u00abL\u00bb, entre Av. Intercomunal y el Cementerio Municipal ( I y II fase), con una inversi\u00f3n por el Fondo de Compensaci\u00f3n Interterritorial (FCI) de 459.798, 04 Bs. y con recursos propios de 262.298, 39 Bs.<\/p>\n<p>A esto se suma la rehabilitaci\u00f3n del Ambulatorio Uni\u00f3n, 67 colectores reparados a trav\u00e9s de Ing. Municipal y la adquisici\u00f3n de un vacuum por 401.250 Bs. Tambi\u00e9n el alumbrado de diferentes v\u00edas, la inversi\u00f3n de 204.583,12 Bs. de recursos por parte de Sedegas, para gasificar sectores y escuelas, adem\u00e1s de la correcci\u00f3n de 303 fugas.<\/p>\n<p>En materia de Infraestructura y Servicios, se suma la implementaci\u00f3n del Plan de Movilidad Urbana 2022-2025, se\u00f1alizaci\u00f3n y demarcaci\u00f3n del casco central, 19.582 pasajeros movilizados por el terminal, que tambi\u00e9n fue recuperado, y 5.000 aval\u00faos realizados por Catastro.<\/p>\n<p><a href=\"https:\/\/digital58.com.ve\/site\/wp-content\/uploads\/2023\/03\/alcalde-lagunillas.jpg\"><img loading=\"lazy\" decoding=\"async\" class=\"aligncenter size-full wp-image-164207\" src=\"https:\/\/digital58.com.ve\/site\/wp-content\/uploads\/2023\/03\/alcalde-lagunillas.jpg\" alt=\"\" width=\"800\" height=\"450\" srcset=\"https:\/\/digital58.com.ve\/site\/wp-content\/uploads\/2023\/03\/alcalde-lagunillas.jpg 800w, https:\/\/digital58.com.ve\/site\/wp-content\/uploads\/2023\/03\/alcalde-lagunillas-300x169.jpg 300w, https:\/\/digital58.com.ve\/site\/wp-content\/uploads\/2023\/03\/alcalde-lagunillas-768x432.jpg 768w\" sizes=\"auto, (max-width: 800px) 100vw, 800px\" \/><\/a><\/p>\n<p>La atenci\u00f3n social fue prioridad en este a\u00f1o de gesti\u00f3n del alcalde Jos\u00e9 Mosquera, es por esto que se atendieron 4.023 personas en el Despacho del Alcalde y se entregaron 2.142 ayudas econ\u00f3micas, entre estas, ex\u00e1menes m\u00e9dicos, ecogramas, medicamentos, insumos, tomograf\u00edas, alimentos, pacientes oncol\u00f3gicos.<\/p>\n<p>Adem\u00e1s de 6.597 personas atendidas en el ambulatorio de la carretera \u00abN\u00bb y la Casa Salud Rafael Mar\u00eda Baralt, 650 lentes entregados, 1.450 dosis de vacunas aplicadas, jornadas sociales, entrega de medicinas, bolsas de alimentos, ropa, ferias escolares, arepazos, feria de verduras, pescado y la hallaca.<\/p>\n<p>En momentos dif\u00edciles, el alcalde y todo su equipo, se solidarizaron con los hermanos afectados por las inundaciones en los municipios Baralt, Sim\u00f3n Bol\u00edvar, Catatumbo y la parroquia Venezuela de Lagunillas, con la donaci\u00f3n de alimentos, ropa, comida y enseres.<\/p>\n<p>La participaci\u00f3n ciudadana tambi\u00e9n tuvo cabida en esta gesti\u00f3n, es por eso que se conform\u00f3 el Consejo Local de Planificaci\u00f3n P\u00fablica (CLPP) y se realiz\u00f3 el diagn\u00f3stico participativo a 87 OBPP (Organizaciones con Base al Poder Popular).<\/p>\n<p>En materia de Seguridad y Protecci\u00f3n Ciudadana, se realizaron diferentes operativos (Carnaval, Semana Santa y Navidad), se reforzaron los Cuadrantes de Paz, el servicio de patrullaje ciclista y se recuper\u00f3 una parte del parque automotor, tanto de los Bomberos como de Polilagunillas.<\/p>\n<p>Mientras que en Cultura, se rescataron tradiciones; encendido de Navidad, tomas culturales, festividades religiosas y espacios como el Boulevard Sucre y la plaza Bol\u00edvar, que se convirtieron en punto de encuentro para las familias lagunillenses. Tambi\u00e9n se cre\u00f3 la Banda Ca\u00f1onera.<\/p>\n<p>En Educaci\u00f3n, se inici\u00f3 el reacondicionamiento de la escuela \u00abNegra Matea\u00bb y se entregaron 650 Becas JEL junto a la Gobernaci\u00f3n del Zulia, adem\u00e1s de la aplicaci\u00f3n del \u00abPlan Manos a la Escuela\u00bb a 14 instituciones y la capacitaci\u00f3n de 448 personas con el Programa \u00abAprendo y Emprendo\u00bb.<\/p>\n<p>Sobre el Deporte, Mosquera acot\u00f3 la recuperaci\u00f3n de las canchas Libertad, El Estudiante y los 7 Hermanos, adem\u00e1s de la entrega de implementos y el apoyo a las diferentes ligas deportivas.<\/p>\n<p><strong>Redacci\u00f3n ND58 | Fuente: Prensa Alcald\u00eda de Lagunillas<\/strong><br \/>\n<strong>Edici\u00f3n: Villasmil, Henry<\/strong><br \/>\n<strong>Gr\u00e1fica: Cortes\u00eda Prensa Alcald\u00eda de Lagunillas<\/strong><\/p>\n<p>&nbsp;<\/p>\n<p>&nbsp;<\/p><div class=\"swstn69eef6c601dfb\" ><p style=\"text-align: center;\"><a href=\"https:\/\/t.me\/noticiasdigital58\" target=\"_blank\" rel=\"noopener\"><img class=\"aligncenter size-full wp-image-125363\" src=\"https:\/\/digital58.com.ve\/site\/wp-content\/uploads\/2021\/04\/banner-telegram-web-2021.png\" alt=\"\" width=\"600\" height=\"90\" \/><\/a><\/p><\/div><style type=\"text\/css\">\r\n@media screen and (min-width: 1201px) {\r\n.swstn69eef6c601dfb {\r\ndisplay: block;\r\n}\r\n}\r\n@media screen and (min-width: 993px) and (max-width: 1200px) {\r\n.swstn69eef6c601dfb {\r\ndisplay: block;\r\n}\r\n}\r\n@media screen and (min-width: 769px) and (max-width: 992px) {\r\n.swstn69eef6c601dfb {\r\ndisplay: block;\r\n}\r\n}\r\n@media screen and (min-width: 768px) and (max-width: 768px) {\r\n.swstn69eef6c601dfb {\r\ndisplay: block;\r\n}\r\n}\r\n@media screen and (max-width: 767px) {\r\n.swstn69eef6c601dfb {\r\ndisplay: block;\r\n}\r\n}\r\n<\/style>\r\n\n<p>&nbsp;<\/p>\n<div style=\"margin-top: 0px; margin-bottom: 0px;\" class=\"sharethis-inline-share-buttons\" ><\/div>","protected":false},"excerpt":{"rendered":"<p>En su discurso, el burgomaestre lagunillense agradeci\u00f3 el respaldo del sector comercial, empresarial, gremios, a los concejales, a su pueblo<\/p>\n","protected":false},"author":1,"featured_media":164207,"comment_status":"open","ping_status":"closed","sticky":false,"template":"","format":"standard","meta":{"colormag_page_container_layout":"default_layout","colormag_page_sidebar_layout":"default_layout","_uag_custom_page_level_css":"","footnotes":""},"categories":[14504],"tags":[14104,30870,162,27524,13199,14098,233,2354,32],"class_list":["post-164205","post","type-post","status-publish","format-standard","has-post-thumbnail","hentry","category-zulia","tag-alcaldia-de-lagunillas","tag-casa-de-la-cultura-don-otilio-miquilena","tag-ciudad-ojeda","tag-jose-mosquera","tag-memoria-y-cuenta","tag-municipio-lagunillas","tag-nacionales","tag-regionales","tag-venezuela"],"yoast_head":"<!-- This site is optimized with the Yoast SEO plugin v27.4 - https:\/\/yoast.com\/product\/yoast-seo-wordpress\/ -->\n<title>#Zulia | Alcalde de Lagunillas presenta Memoria y Cuenta del a\u00f1o 2022<\/title>\n<meta name=\"robots\" content=\"index, follow, max-snippet:-1, max-image-preview:large, max-video-preview:-1\" \/>\n<link rel=\"canonical\" href=\"https:\/\/digital58.com.ve\/site\/2023\/03\/31\/zulia-alcalde-de-lagunillas-presenta-memoria-y-cuenta-del-ano-2022\/\" \/>\n<meta property=\"og:locale\" content=\"es_ES\" \/>\n<meta property=\"og:type\" content=\"article\" \/>\n<meta property=\"og:title\" content=\"#Zulia | Alcalde de Lagunillas presenta Memoria y Cuenta del a\u00f1o 2022\" \/>\n<meta property=\"og:url\" content=\"https:\/\/digital58.com.ve\/site\/2023\/03\/31\/zulia-alcalde-de-lagunillas-presenta-memoria-y-cuenta-del-ano-2022\/\" \/>\n<meta property=\"og:site_name\" content=\"Noticias Digital58\" \/>\n<meta property=\"article:published_time\" content=\"2023-03-31T23:44:50+00:00\" \/>\n<meta property=\"og:image\" content=\"https:\/\/i0.wp.com\/digital58.com.ve\/site\/wp-content\/uploads\/2023\/03\/alcalde-lagunillas.jpg?fit=800%2C450&ssl=1\" \/>\n\t<meta property=\"og:image:width\" content=\"800\" \/>\n\t<meta property=\"og:image:height\" content=\"450\" \/>\n\t<meta property=\"og:image:type\" content=\"image\/jpeg\" \/>\n<meta name=\"author\" content=\"Villasmil Henry\" \/>\n<meta name=\"twitter:card\" content=\"summary_large_image\" \/>\n<meta name=\"twitter:creator\" content=\"@https:\/\/twitter.com\/villasmilhfoto\" \/>\n<meta name=\"twitter:site\" content=\"@villasmilhfoto\" \/>\n<meta name=\"twitter:label1\" content=\"Escrito por\" \/>\n\t<meta name=\"twitter:data1\" content=\"Villasmil Henry\" \/>\n\t<meta name=\"twitter:label2\" content=\"Tiempo estimado de lectura\" \/>\n\t<meta name=\"twitter:data2\" content=\"4 minutos\" \/>\n<script type=\"application\/ld+json\" class=\"yoast-schema-graph\">{\"@context\":\"https:\\\/\\\/schema.org\",\"@graph\":[{\"@type\":\"Article\",\"@id\":\"https:\\\/\\\/digital58.com.ve\\\/site\\\/2023\\\/03\\\/31\\\/zulia-alcalde-de-lagunillas-presenta-memoria-y-cuenta-del-ano-2022\\\/#article\",\"isPartOf\":{\"@id\":\"https:\\\/\\\/digital58.com.ve\\\/site\\\/2023\\\/03\\\/31\\\/zulia-alcalde-de-lagunillas-presenta-memoria-y-cuenta-del-ano-2022\\\/\"},\"author\":{\"name\":\"Villasmil Henry\",\"@id\":\"https:\\\/\\\/digital58.com.ve\\\/site\\\/#\\\/schema\\\/person\\\/64d1c2e4d0d4fd1b849980c4331c2951\"},\"headline\":\"#Zulia | Alcalde de Lagunillas presenta Memoria y Cuenta del a\u00f1o 2022\",\"datePublished\":\"2023-03-31T23:44:50+00:00\",\"mainEntityOfPage\":{\"@id\":\"https:\\\/\\\/digital58.com.ve\\\/site\\\/2023\\\/03\\\/31\\\/zulia-alcalde-de-lagunillas-presenta-memoria-y-cuenta-del-ano-2022\\\/\"},\"wordCount\":737,\"commentCount\":0,\"publisher\":{\"@id\":\"https:\\\/\\\/digital58.com.ve\\\/site\\\/#\\\/schema\\\/person\\\/64d1c2e4d0d4fd1b849980c4331c2951\"},\"image\":{\"@id\":\"https:\\\/\\\/digital58.com.ve\\\/site\\\/2023\\\/03\\\/31\\\/zulia-alcalde-de-lagunillas-presenta-memoria-y-cuenta-del-ano-2022\\\/#primaryimage\"},\"thumbnailUrl\":\"https:\\\/\\\/digital58.com.ve\\\/site\\\/wp-content\\\/uploads\\\/2023\\\/03\\\/alcalde-lagunillas.jpg\",\"keywords\":[\"Alcald\u00eda de Lagunillas\",\"Casa de la Cultura Don Otilio Miquilena\",\"Ciudad Ojeda\",\"Jos\u00e9 Mosquera\",\"Memoria y cuenta\",\"Municipio Lagunillas\",\"Nacionales\",\"Regionales\",\"Venezuela\"],\"articleSection\":[\"Zulia\"],\"inLanguage\":\"es\",\"potentialAction\":[{\"@type\":\"CommentAction\",\"name\":\"Comment\",\"target\":[\"https:\\\/\\\/digital58.com.ve\\\/site\\\/2023\\\/03\\\/31\\\/zulia-alcalde-de-lagunillas-presenta-memoria-y-cuenta-del-ano-2022\\\/#respond\"]}]},{\"@type\":\"WebPage\",\"@id\":\"https:\\\/\\\/digital58.com.ve\\\/site\\\/2023\\\/03\\\/31\\\/zulia-alcalde-de-lagunillas-presenta-memoria-y-cuenta-del-ano-2022\\\/\",\"url\":\"https:\\\/\\\/digital58.com.ve\\\/site\\\/2023\\\/03\\\/31\\\/zulia-alcalde-de-lagunillas-presenta-memoria-y-cuenta-del-ano-2022\\\/\",\"name\":\"#Zulia | Alcalde de Lagunillas presenta Memoria y Cuenta del a\u00f1o 2022\",\"isPartOf\":{\"@id\":\"https:\\\/\\\/digital58.com.ve\\\/site\\\/#website\"},\"primaryImageOfPage\":{\"@id\":\"https:\\\/\\\/digital58.com.ve\\\/site\\\/2023\\\/03\\\/31\\\/zulia-alcalde-de-lagunillas-presenta-memoria-y-cuenta-del-ano-2022\\\/#primaryimage\"},\"image\":{\"@id\":\"https:\\\/\\\/digital58.com.ve\\\/site\\\/2023\\\/03\\\/31\\\/zulia-alcalde-de-lagunillas-presenta-memoria-y-cuenta-del-ano-2022\\\/#primaryimage\"},\"thumbnailUrl\":\"https:\\\/\\\/digital58.com.ve\\\/site\\\/wp-content\\\/uploads\\\/2023\\\/03\\\/alcalde-lagunillas.jpg\",\"datePublished\":\"2023-03-31T23:44:50+00:00\",\"breadcrumb\":{\"@id\":\"https:\\\/\\\/digital58.com.ve\\\/site\\\/2023\\\/03\\\/31\\\/zulia-alcalde-de-lagunillas-presenta-memoria-y-cuenta-del-ano-2022\\\/#breadcrumb\"},\"inLanguage\":\"es\",\"potentialAction\":[{\"@type\":\"ReadAction\",\"target\":[\"https:\\\/\\\/digital58.com.ve\\\/site\\\/2023\\\/03\\\/31\\\/zulia-alcalde-de-lagunillas-presenta-memoria-y-cuenta-del-ano-2022\\\/\"]}]},{\"@type\":\"ImageObject\",\"inLanguage\":\"es\",\"@id\":\"https:\\\/\\\/digital58.com.ve\\\/site\\\/2023\\\/03\\\/31\\\/zulia-alcalde-de-lagunillas-presenta-memoria-y-cuenta-del-ano-2022\\\/#primaryimage\",\"url\":\"https:\\\/\\\/digital58.com.ve\\\/site\\\/wp-content\\\/uploads\\\/2023\\\/03\\\/alcalde-lagunillas.jpg\",\"contentUrl\":\"https:\\\/\\\/digital58.com.ve\\\/site\\\/wp-content\\\/uploads\\\/2023\\\/03\\\/alcalde-lagunillas.jpg\",\"width\":800,\"height\":450},{\"@type\":\"BreadcrumbList\",\"@id\":\"https:\\\/\\\/digital58.com.ve\\\/site\\\/2023\\\/03\\\/31\\\/zulia-alcalde-de-lagunillas-presenta-memoria-y-cuenta-del-ano-2022\\\/#breadcrumb\",\"itemListElement\":[{\"@type\":\"ListItem\",\"position\":1,\"name\":\"Home\",\"item\":\"https:\\\/\\\/digital58.com.ve\\\/site\\\/\"},{\"@type\":\"ListItem\",\"position\":2,\"name\":\"#Zulia | Alcalde de Lagunillas presenta Memoria y Cuenta del a\u00f1o 2022\"}]},{\"@type\":\"WebSite\",\"@id\":\"https:\\\/\\\/digital58.com.ve\\\/site\\\/#website\",\"url\":\"https:\\\/\\\/digital58.com.ve\\\/site\\\/\",\"name\":\"Noticias Digital58\",\"description\":\"Portal de Noticias \u00a1Periodismo web de verdad! Lanzamiento web 22.11.2005 \\\/ Maracaibo, Venezuela\",\"publisher\":{\"@id\":\"https:\\\/\\\/digital58.com.ve\\\/site\\\/#\\\/schema\\\/person\\\/64d1c2e4d0d4fd1b849980c4331c2951\"},\"alternateName\":\"ND58\",\"potentialAction\":[{\"@type\":\"SearchAction\",\"target\":{\"@type\":\"EntryPoint\",\"urlTemplate\":\"https:\\\/\\\/digital58.com.ve\\\/site\\\/?s={search_term_string}\"},\"query-input\":{\"@type\":\"PropertyValueSpecification\",\"valueRequired\":true,\"valueName\":\"search_term_string\"}}],\"inLanguage\":\"es\"},{\"@type\":[\"Person\",\"Organization\"],\"@id\":\"https:\\\/\\\/digital58.com.ve\\\/site\\\/#\\\/schema\\\/person\\\/64d1c2e4d0d4fd1b849980c4331c2951\",\"name\":\"Villasmil Henry\",\"image\":{\"@type\":\"ImageObject\",\"inLanguage\":\"es\",\"@id\":\"https:\\\/\\\/secure.gravatar.com\\\/avatar\\\/bb0c4a2fcb7970138239f7e404ea75757b1b507b28b5ce4c53fbd62d797c5a7c?s=96&d=mm&r=g\",\"url\":\"https:\\\/\\\/secure.gravatar.com\\\/avatar\\\/bb0c4a2fcb7970138239f7e404ea75757b1b507b28b5ce4c53fbd62d797c5a7c?s=96&d=mm&r=g\",\"contentUrl\":\"https:\\\/\\\/secure.gravatar.com\\\/avatar\\\/bb0c4a2fcb7970138239f7e404ea75757b1b507b28b5ce4c53fbd62d797c5a7c?s=96&d=mm&r=g\",\"caption\":\"Villasmil Henry\"},\"logo\":{\"@id\":\"https:\\\/\\\/secure.gravatar.com\\\/avatar\\\/bb0c4a2fcb7970138239f7e404ea75757b1b507b28b5ce4c53fbd62d797c5a7c?s=96&d=mm&r=g\"},\"sameAs\":[\"http:\\\/\\\/www.henryvillasmil.com.ve\",\"https:\\\/\\\/www.instagram.com\\\/villasmilhfoto\\\/\",\"https:\\\/\\\/x.com\\\/https:\\\/\\\/twitter.com\\\/villasmilhfoto\"],\"url\":\"https:\\\/\\\/digital58.com.ve\\\/site\\\/author\\\/droopy_68\\\/\"}]}<\/script>\n<!-- \/ Yoast SEO plugin. -->","yoast_head_json":{"title":"#Zulia | Alcalde de Lagunillas presenta Memoria y Cuenta del a\u00f1o 2022","robots":{"index":"index","follow":"follow","max-snippet":"max-snippet:-1","max-image-preview":"max-image-preview:large","max-video-preview":"max-video-preview:-1"},"canonical":"https:\/\/digital58.com.ve\/site\/2023\/03\/31\/zulia-alcalde-de-lagunillas-presenta-memoria-y-cuenta-del-ano-2022\/","og_locale":"es_ES","og_type":"article","og_title":"#Zulia | Alcalde de Lagunillas presenta Memoria y Cuenta del a\u00f1o 2022","og_url":"https:\/\/digital58.com.ve\/site\/2023\/03\/31\/zulia-alcalde-de-lagunillas-presenta-memoria-y-cuenta-del-ano-2022\/","og_site_name":"Noticias Digital58","article_published_time":"2023-03-31T23:44:50+00:00","og_image":[{"width":800,"height":450,"url":"https:\/\/i0.wp.com\/digital58.com.ve\/site\/wp-content\/uploads\/2023\/03\/alcalde-lagunillas.jpg?fit=800%2C450&ssl=1","type":"image\/jpeg"}],"author":"Villasmil Henry","twitter_card":"summary_large_image","twitter_creator":"@https:\/\/twitter.com\/villasmilhfoto","twitter_site":"@villasmilhfoto","twitter_misc":{"Escrito por":"Villasmil Henry","Tiempo estimado de lectura":"4 minutos"},"schema":{"@context":"https:\/\/schema.org","@graph":[{"@type":"Article","@id":"https:\/\/digital58.com.ve\/site\/2023\/03\/31\/zulia-alcalde-de-lagunillas-presenta-memoria-y-cuenta-del-ano-2022\/#article","isPartOf":{"@id":"https:\/\/digital58.com.ve\/site\/2023\/03\/31\/zulia-alcalde-de-lagunillas-presenta-memoria-y-cuenta-del-ano-2022\/"},"author":{"name":"Villasmil Henry","@id":"https:\/\/digital58.com.ve\/site\/#\/schema\/person\/64d1c2e4d0d4fd1b849980c4331c2951"},"headline":"#Zulia | Alcalde de Lagunillas presenta Memoria y Cuenta del a\u00f1o 2022","datePublished":"2023-03-31T23:44:50+00:00","mainEntityOfPage":{"@id":"https:\/\/digital58.com.ve\/site\/2023\/03\/31\/zulia-alcalde-de-lagunillas-presenta-memoria-y-cuenta-del-ano-2022\/"},"wordCount":737,"commentCount":0,"publisher":{"@id":"https:\/\/digital58.com.ve\/site\/#\/schema\/person\/64d1c2e4d0d4fd1b849980c4331c2951"},"image":{"@id":"https:\/\/digital58.com.ve\/site\/2023\/03\/31\/zulia-alcalde-de-lagunillas-presenta-memoria-y-cuenta-del-ano-2022\/#primaryimage"},"thumbnailUrl":"https:\/\/digital58.com.ve\/site\/wp-content\/uploads\/2023\/03\/alcalde-lagunillas.jpg","keywords":["Alcald\u00eda de Lagunillas","Casa de la Cultura Don Otilio Miquilena","Ciudad Ojeda","Jos\u00e9 Mosquera","Memoria y cuenta","Municipio Lagunillas","Nacionales","Regionales","Venezuela"],"articleSection":["Zulia"],"inLanguage":"es","potentialAction":[{"@type":"CommentAction","name":"Comment","target":["https:\/\/digital58.com.ve\/site\/2023\/03\/31\/zulia-alcalde-de-lagunillas-presenta-memoria-y-cuenta-del-ano-2022\/#respond"]}]},{"@type":"WebPage","@id":"https:\/\/digital58.com.ve\/site\/2023\/03\/31\/zulia-alcalde-de-lagunillas-presenta-memoria-y-cuenta-del-ano-2022\/","url":"https:\/\/digital58.com.ve\/site\/2023\/03\/31\/zulia-alcalde-de-lagunillas-presenta-memoria-y-cuenta-del-ano-2022\/","name":"#Zulia | Alcalde de Lagunillas presenta Memoria y Cuenta del a\u00f1o 2022","isPartOf":{"@id":"https:\/\/digital58.com.ve\/site\/#website"},"primaryImageOfPage":{"@id":"https:\/\/digital58.com.ve\/site\/2023\/03\/31\/zulia-alcalde-de-lagunillas-presenta-memoria-y-cuenta-del-ano-2022\/#primaryimage"},"image":{"@id":"https:\/\/digital58.com.ve\/site\/2023\/03\/31\/zulia-alcalde-de-lagunillas-presenta-memoria-y-cuenta-del-ano-2022\/#primaryimage"},"thumbnailUrl":"https:\/\/digital58.com.ve\/site\/wp-content\/uploads\/2023\/03\/alcalde-lagunillas.jpg","datePublished":"2023-03-31T23:44:50+00:00","breadcrumb":{"@id":"https:\/\/digital58.com.ve\/site\/2023\/03\/31\/zulia-alcalde-de-lagunillas-presenta-memoria-y-cuenta-del-ano-2022\/#breadcrumb"},"inLanguage":"es","potentialAction":[{"@type":"ReadAction","target":["https:\/\/digital58.com.ve\/site\/2023\/03\/31\/zulia-alcalde-de-lagunillas-presenta-memoria-y-cuenta-del-ano-2022\/"]}]},{"@type":"ImageObject","inLanguage":"es","@id":"https:\/\/digital58.com.ve\/site\/2023\/03\/31\/zulia-alcalde-de-lagunillas-presenta-memoria-y-cuenta-del-ano-2022\/#primaryimage","url":"https:\/\/digital58.com.ve\/site\/wp-content\/uploads\/2023\/03\/alcalde-lagunillas.jpg","contentUrl":"https:\/\/digital58.com.ve\/site\/wp-content\/uploads\/2023\/03\/alcalde-lagunillas.jpg","width":800,"height":450},{"@type":"BreadcrumbList","@id":"https:\/\/digital58.com.ve\/site\/2023\/03\/31\/zulia-alcalde-de-lagunillas-presenta-memoria-y-cuenta-del-ano-2022\/#breadcrumb","itemListElement":[{"@type":"ListItem","position":1,"name":"Home","item":"https:\/\/digital58.com.ve\/site\/"},{"@type":"ListItem","position":2,"name":"#Zulia | Alcalde de Lagunillas presenta Memoria y Cuenta del a\u00f1o 2022"}]},{"@type":"WebSite","@id":"https:\/\/digital58.com.ve\/site\/#website","url":"https:\/\/digital58.com.ve\/site\/","name":"Noticias Digital58","description":"Portal de Noticias \u00a1Periodismo web de verdad! Lanzamiento web 22.11.2005 \/ Maracaibo, Venezuela","publisher":{"@id":"https:\/\/digital58.com.ve\/site\/#\/schema\/person\/64d1c2e4d0d4fd1b849980c4331c2951"},"alternateName":"ND58","potentialAction":[{"@type":"SearchAction","target":{"@type":"EntryPoint","urlTemplate":"https:\/\/digital58.com.ve\/site\/?s={search_term_string}"},"query-input":{"@type":"PropertyValueSpecification","valueRequired":true,"valueName":"search_term_string"}}],"inLanguage":"es"},{"@type":["Person","Organization"],"@id":"https:\/\/digital58.com.ve\/site\/#\/schema\/person\/64d1c2e4d0d4fd1b849980c4331c2951","name":"Villasmil Henry","image":{"@type":"ImageObject","inLanguage":"es","@id":"https:\/\/secure.gravatar.com\/avatar\/bb0c4a2fcb7970138239f7e404ea75757b1b507b28b5ce4c53fbd62d797c5a7c?s=96&d=mm&r=g","url":"https:\/\/secure.gravatar.com\/avatar\/bb0c4a2fcb7970138239f7e404ea75757b1b507b28b5ce4c53fbd62d797c5a7c?s=96&d=mm&r=g","contentUrl":"https:\/\/secure.gravatar.com\/avatar\/bb0c4a2fcb7970138239f7e404ea75757b1b507b28b5ce4c53fbd62d797c5a7c?s=96&d=mm&r=g","caption":"Villasmil Henry"},"logo":{"@id":"https:\/\/secure.gravatar.com\/avatar\/bb0c4a2fcb7970138239f7e404ea75757b1b507b28b5ce4c53fbd62d797c5a7c?s=96&d=mm&r=g"},"sameAs":["http:\/\/www.henryvillasmil.com.ve","https:\/\/www.instagram.com\/villasmilhfoto\/","https:\/\/x.com\/https:\/\/twitter.com\/villasmilhfoto"],"url":"https:\/\/digital58.com.ve\/site\/author\/droopy_68\/"}]}},"uagb_featured_image_src":{"full":["https:\/\/digital58.com.ve\/site\/wp-content\/uploads\/2023\/03\/alcalde-lagunillas.jpg",800,450,false],"thumbnail":["https:\/\/digital58.com.ve\/site\/wp-content\/uploads\/2023\/03\/alcalde-lagunillas-150x150.jpg",150,150,true],"medium":["https:\/\/digital58.com.ve\/site\/wp-content\/uploads\/2023\/03\/alcalde-lagunillas-300x169.jpg",300,169,true],"medium_large":["https:\/\/digital58.com.ve\/site\/wp-content\/uploads\/2023\/03\/alcalde-lagunillas-768x432.jpg",768,432,true],"large":["https:\/\/digital58.com.ve\/site\/wp-content\/uploads\/2023\/03\/alcalde-lagunillas.jpg",800,450,false],"1536x1536":["https:\/\/digital58.com.ve\/site\/wp-content\/uploads\/2023\/03\/alcalde-lagunillas.jpg",800,450,false],"2048x2048":["https:\/\/digital58.com.ve\/site\/wp-content\/uploads\/2023\/03\/alcalde-lagunillas.jpg",800,450,false],"colormag-highlighted-post":["https:\/\/digital58.com.ve\/site\/wp-content\/uploads\/2023\/03\/alcalde-lagunillas-392x272.jpg",392,272,true],"colormag-featured-post-medium":["https:\/\/digital58.com.ve\/site\/wp-content\/uploads\/2023\/03\/alcalde-lagunillas-390x205.jpg",390,205,true],"colormag-featured-post-small":["https:\/\/digital58.com.ve\/site\/wp-content\/uploads\/2023\/03\/alcalde-lagunillas-130x90.jpg",130,90,true],"colormag-featured-image":["https:\/\/digital58.com.ve\/site\/wp-content\/uploads\/2023\/03\/alcalde-lagunillas-800x445.jpg",800,445,true],"colormag-default-news":["https:\/\/digital58.com.ve\/site\/wp-content\/uploads\/2023\/03\/alcalde-lagunillas.jpg",150,84,false],"colormag-featured-image-large":["https:\/\/digital58.com.ve\/site\/wp-content\/uploads\/2023\/03\/alcalde-lagunillas.jpg",800,450,false]},"uagb_author_info":{"display_name":"Villasmil Henry","author_link":"https:\/\/digital58.com.ve\/site\/author\/droopy_68\/"},"uagb_comment_info":0,"uagb_excerpt":"En su discurso, el burgomaestre lagunillense agradeci\u00f3 el respaldo del sector comercial, empresarial, gremios, a los concejales, a su pueblo","_links":{"self":[{"href":"https:\/\/digital58.com.ve\/site\/wp-json\/wp\/v2\/posts\/164205","targetHints":{"allow":["GET"]}}],"collection":[{"href":"https:\/\/digital58.com.ve\/site\/wp-json\/wp\/v2\/posts"}],"about":[{"href":"https:\/\/digital58.com.ve\/site\/wp-json\/wp\/v2\/types\/post"}],"author":[{"embeddable":true,"href":"https:\/\/digital58.com.ve\/site\/wp-json\/wp\/v2\/users\/1"}],"replies":[{"embeddable":true,"href":"https:\/\/digital58.com.ve\/site\/wp-json\/wp\/v2\/comments?post=164205"}],"version-history":[{"count":1,"href":"https:\/\/digital58.com.ve\/site\/wp-json\/wp\/v2\/posts\/164205\/revisions"}],"predecessor-version":[{"id":164208,"href":"https:\/\/digital58.com.ve\/site\/wp-json\/wp\/v2\/posts\/164205\/revisions\/164208"}],"wp:featuredmedia":[{"embeddable":true,"href":"https:\/\/digital58.com.ve\/site\/wp-json\/wp\/v2\/media\/164207"}],"wp:attachment":[{"href":"https:\/\/digital58.com.ve\/site\/wp-json\/wp\/v2\/media?parent=164205"}],"wp:term":[{"taxonomy":"category","embeddable":true,"href":"https:\/\/digital58.com.ve\/site\/wp-json\/wp\/v2\/categories?post=164205"},{"taxonomy":"post_tag","embeddable":true,"href":"https:\/\/digital58.com.ve\/site\/wp-json\/wp\/v2\/tags?post=164205"}],"curies":[{"name":"wp","href":"https:\/\/api.w.org\/{rel}","templated":true}]}}