{"id":164336,"date":"2023-04-01T19:44:09","date_gmt":"2023-04-01T23:44:09","guid":{"rendered":"https:\/\/digital58.com.ve\/site\/?p=164336"},"modified":"2023-04-01T19:44:09","modified_gmt":"2023-04-01T23:44:09","slug":"alcalde-de-maracaibo-recibe-a-la-galardonada-uruidmun","status":"publish","type":"post","link":"https:\/\/digital58.com.ve\/site\/2023\/04\/01\/alcalde-de-maracaibo-recibe-a-la-galardonada-uruidmun\/","title":{"rendered":"Alcalde de Maracaibo recibe a la galardonada URUIDMUN"},"content":{"rendered":"<p><a href=\"https:\/\/digital58.com.ve\/site\/wp-content\/uploads\/2023\/04\/URUIDMUN-adm.jpg\"><img loading=\"lazy\" decoding=\"async\" class=\"aligncenter size-full wp-image-164338\" src=\"https:\/\/digital58.com.ve\/site\/wp-content\/uploads\/2023\/04\/URUIDMUN-adm.jpg\" alt=\"\" width=\"800\" height=\"533\" srcset=\"https:\/\/digital58.com.ve\/site\/wp-content\/uploads\/2023\/04\/URUIDMUN-adm.jpg 800w, https:\/\/digital58.com.ve\/site\/wp-content\/uploads\/2023\/04\/URUIDMUN-adm-300x200.jpg 300w, https:\/\/digital58.com.ve\/site\/wp-content\/uploads\/2023\/04\/URUIDMUN-adm-768x512.jpg 768w\" sizes=\"auto, (max-width: 800px) 100vw, 800px\" \/><\/a><\/p>\n<p>De los siete estudiantes participantes, cinco se trajeron premios para Maracaibo, el Zulia y Venezuela.<\/p>\n<p><strong>Maracaibo, Zulia, Venezuela, 01 de abril de 2023 (ND58).-<\/strong> Luego de cuatro d\u00edas representando a Maracaibo, al Zulia y a Venezuela; la Delegaci\u00f3n Internacional de la Universidad Rafael Urdaneta (URUIDMUN) se reuni\u00f3 este s\u00e1bado 25 de marzo con el alcalde de Maracaibo, Rafael Ram\u00edrez Colina, en Villa Carmen para hablar sobre la experiencia vivida en el Modelo de Naciones Unidas de la Universidad de Los Andes (MONUA), del cual se trajeron cinco t\u00edtulos.<\/p>\n<p>Rafael Ram\u00edrez Colina, alcalde de Maracaibo, comparti\u00f3 con ellos un tiempo en donde resalt\u00f3 la importancia de la calidad de la educaci\u00f3n y preparaci\u00f3n en este tipo de experiencias.<\/p>\n<p>\u00abYo siempre les doy a todos los chamos el mismo consejo. Tres cosas que creo que son s\u00faper importantes para el desarrollo profesional de cualquiera: estudien mucho, trabajen mucho y sean constantes. Eso me ha resultado, le result\u00f3 a ustedes y puede resultarle a cualquiera. De ese pensamiento queremos llenar todos los rincones educativos de Maracaibo para que, al llegar oportunidades como las que les lleg\u00f3 a ustedes, est\u00e9n listos para tomarlas\u00bb, asegur\u00f3 el Alcalde a los siete estudiantes que representaron a Maracaibo, el Zulia y Venezuela.<\/p>\n<p>Marcela Garc\u00eda, miembro de URUIDMUN, explic\u00f3 que el apoyo institucional brindado por la Municipalidad permiti\u00f3 establecer enlaces con empresas tanto del sector privado como del sector p\u00fablico, adem\u00e1s de asistir a emisoras y diversos medios de comunicaci\u00f3n gracias al \u00abreconocimiento\u00bb adquirido a trav\u00e9s de las redes sociales.<\/p>\n<p>\u00abEstamos muy agradecidos con la Alcald\u00eda por su apoyo tanto institucional como econ\u00f3mico para nuestra participaci\u00f3n en el Modelo de Naciones Unidas en la Universidad de Los Andes, Bogot\u00e1 2023. Fuimos un grupo muy grande y gracias a Dios cinco de los siete que asistimos logramos ganar un reconocimiento representando al Zulia, a Venezuela y a nuestra Universidad. \u00a1Muchas gracias a nuestro patrocinantes!\u00bb, manifest\u00f3<\/p>\n<p>Asimismo, detall\u00f3 que la experiencia fue muy \u00abgratificante\u00bb ya que adquirieron conocimientos de otras delegaciones, l\u00edderes y pa\u00edses como Colombia y Rep\u00fablica Dominicana. Adem\u00e1s, indic\u00f3 que el hacer una Red de Networking con las dem\u00e1s personas fue una oportunidad que les permitir\u00e1 traerlos en un futuro a que conozcan la ciudad.<\/p>\n<p>\u00abGracias a las publicaciones que se hicieron por medio de la Alcald\u00eda tuvimos m\u00e1s apoyo de toda la ciudad y de otras personas que tambi\u00e9n se quieren sumar a nuestro proyecto y al Modelo de Naciones Unidas porque ya saben de qu\u00e9 se trata y saben que es una actividad que deja un precedente con habilidades para los j\u00f3venes, para luego nosotros poder entablar las luchas y los debates que se tienen que hacer en nuestro pa\u00eds y en nuestra ciudad\u00bb, concluy\u00f3 Garc\u00eda.<\/p>\n<p>Los patrocinantes oficiales de la delegaci\u00f3n fueron: Alcald\u00eda de Maracaibo, Centro Electr\u00f3nico de Idiomas, Modales y Protocolo, Cevaz, Beauty Table, Saint latinoam\u00e9rica, Agrifalca, Airtek, Gobernaci\u00f3n del Zulia, Freelance Latin Am\u00e9rica, Santana Morena Studio, Huevos La Rosa, SNO, Ginec\u00f3loga Karina de Sousa, Vape Essentials, La Estaci\u00f3n de la Carne y Polar.<\/p>\n<p><a href=\"https:\/\/digital58.com.ve\/site\/wp-content\/uploads\/2023\/04\/URUIDMUN-adm-2.jpg\"><img loading=\"lazy\" decoding=\"async\" class=\"aligncenter size-full wp-image-164337\" src=\"https:\/\/digital58.com.ve\/site\/wp-content\/uploads\/2023\/04\/URUIDMUN-adm-2.jpg\" alt=\"\" width=\"800\" height=\"510\" srcset=\"https:\/\/digital58.com.ve\/site\/wp-content\/uploads\/2023\/04\/URUIDMUN-adm-2.jpg 800w, https:\/\/digital58.com.ve\/site\/wp-content\/uploads\/2023\/04\/URUIDMUN-adm-2-300x191.jpg 300w, https:\/\/digital58.com.ve\/site\/wp-content\/uploads\/2023\/04\/URUIDMUN-adm-2-768x490.jpg 768w\" sizes=\"auto, (max-width: 800px) 100vw, 800px\" \/><\/a><\/p>\n<p>\u00abEl proceso es f\u00e1cil y est\u00e1 a disponible para quien lo desee. Lo primero es ponerse en contacto con nosotros registr\u00e1ndose por la p\u00e1gina de Plan Econom\u00eda Naranja \u00b4Maracaibo Creativa\u00b4. Esa solicitud le generar\u00e1 un c\u00f3digo de seguimiento donde podr\u00e1n verificar su estatus. Tambi\u00e9n puede ir directamente a nuestras oficinas en la planta alta del Centro Comercial Costa Verde, donde funcionan las taquillas de Sedemat y all\u00ed registrarse\u00bb, detall\u00f3.<\/p>\n<p>Segovia explic\u00f3 que luego del registro, lo siguiente es recibir la formaci\u00f3n por parte del Instituto Municipal de Capacitaci\u00f3n y Educaci\u00f3n Ciudadana (IMCEC) con expertos en finanzas y econom\u00eda para orientarlos a realizar su plan de negocios. En tercer lugar, hay que verificar que el emprendimiento est\u00e9 debidamente constituido, pero de no ser as\u00ed, ser\u00e1 remitido a las oficinas del Servicio Desconcentrado del Sistema Integrado de Atenci\u00f3n al Ciudadano Emprendedor (SIACE) en donde le ayudar\u00e1n a concretar el tr\u00e1mite.<\/p>\n<p>El presidente del SAMI, detall\u00f3 que el cuarto paso es una evaluaci\u00f3n socioecon\u00f3mica que incluye hasta tres visitas para constatar que el negocio est\u00e1 en pleno funcionamiento. Y para finalizar se verifica que est\u00e9 al d\u00eda con los impuestos y servicios municipales.<\/p>\n<p>\u00abNo es cuesti\u00f3n de suerte, m\u00e1s bien es una oportunidad mezclado con orden y trabajo constante. Nosotros aportamos la oportunidad y los emprendedores el trabajo por sus familias, por su bienestar, por su futuro y por construir la ciudad que todos queremos. Queremos beneficiar a muchos m\u00e1s emprendedores y queremos que se acerquen para poder solicitar este beneficio\u00bb, concluy\u00f3 Segovia.<\/p>\n<p>Frente a la par\u00e1lisis de cr\u00e9dito de la banca, los venezolanos buscan otras alternativas para comenzar a darle vida a sus emprendimientos y con ello, sustentarse. All\u00ed entra la gesti\u00f3n de la Alcald\u00eda de Maracaibo que apuesta a tener un sector privado robusto que produzca recursos para ellos, que genere empleos y que cumpla con sus deberes con el municipio.<\/p>\n<p><strong>Redacci\u00f3n ND58 | Fuente: Prensa ADM<\/strong><br \/>\n<strong>Edici\u00f3n: Villasmil, Henry<\/strong><br \/>\n<strong>Gr\u00e1fica: Cortes\u00eda Prensa ADM<\/strong><\/p>\n<p>&nbsp;<\/p>\n<p>&nbsp;<\/p><div class=\"nletu69f40e1f0d6ea\" ><p style=\"text-align: center;\"><a href=\"https:\/\/t.me\/noticiasdigital58\" target=\"_blank\" rel=\"noopener\"><img class=\"aligncenter size-full wp-image-125363\" src=\"https:\/\/digital58.com.ve\/site\/wp-content\/uploads\/2021\/04\/banner-telegram-web-2021.png\" alt=\"\" width=\"600\" height=\"90\" \/><\/a><\/p><\/div><style type=\"text\/css\">\r\n@media screen and (min-width: 1201px) {\r\n.nletu69f40e1f0d6ea {\r\ndisplay: block;\r\n}\r\n}\r\n@media screen and (min-width: 993px) and (max-width: 1200px) {\r\n.nletu69f40e1f0d6ea {\r\ndisplay: block;\r\n}\r\n}\r\n@media screen and (min-width: 769px) and (max-width: 992px) {\r\n.nletu69f40e1f0d6ea {\r\ndisplay: block;\r\n}\r\n}\r\n@media screen and (min-width: 768px) and (max-width: 768px) {\r\n.nletu69f40e1f0d6ea {\r\ndisplay: block;\r\n}\r\n}\r\n@media screen and (max-width: 767px) {\r\n.nletu69f40e1f0d6ea {\r\ndisplay: block;\r\n}\r\n}\r\n<\/style>\r\n\n<p>&nbsp;<\/p>\n<div style=\"margin-top: 0px; margin-bottom: 0px;\" class=\"sharethis-inline-share-buttons\" ><\/div>","protected":false},"excerpt":{"rendered":"<p>De los siete estudiantes participantes, cinco se trajeron premios para Maracaibo, el Zulia y Venezuela. Maracaibo, Zulia, Venezuela, 01 de<\/p>\n","protected":false},"author":1,"featured_media":164337,"comment_status":"open","ping_status":"closed","sticky":false,"template":"","format":"standard","meta":{"colormag_page_container_layout":"default_layout","colormag_page_sidebar_layout":"default_layout","_uag_custom_page_level_css":"","footnotes":""},"categories":[14504],"tags":[10177,73,30925,233,13980,2354,30881,4707,669,30761,32,26031],"class_list":["post-164336","post","type-post","status-publish","format-standard","has-post-thumbnail","hentry","category-zulia","tag-estudiantes-universitarios","tag-maracaibo","tag-monua","tag-nacionales","tag-rafael-ramirez-colina","tag-regionales","tag-sami","tag-universidad-rafael-urdaneta","tag-uru","tag-uruidmun","tag-venezuela","tag-villa-carmen"],"yoast_head":"<!-- This site is optimized with the Yoast SEO plugin v27.5 - https:\/\/yoast.com\/product\/yoast-seo-wordpress\/ -->\n<title>Alcalde de Maracaibo recibe a la galardonada URUIDMUN<\/title>\n<meta name=\"robots\" content=\"index, follow, max-snippet:-1, max-image-preview:large, max-video-preview:-1\" \/>\n<link rel=\"canonical\" href=\"https:\/\/digital58.com.ve\/site\/2023\/04\/01\/alcalde-de-maracaibo-recibe-a-la-galardonada-uruidmun\/\" \/>\n<meta property=\"og:locale\" content=\"es_ES\" \/>\n<meta property=\"og:type\" content=\"article\" \/>\n<meta property=\"og:title\" content=\"Alcalde de Maracaibo recibe a la galardonada URUIDMUN\" \/>\n<meta property=\"og:url\" content=\"https:\/\/digital58.com.ve\/site\/2023\/04\/01\/alcalde-de-maracaibo-recibe-a-la-galardonada-uruidmun\/\" \/>\n<meta property=\"og:site_name\" content=\"Noticias Digital58\" \/>\n<meta property=\"article:published_time\" content=\"2023-04-01T23:44:09+00:00\" \/>\n<meta property=\"og:image\" content=\"https:\/\/i0.wp.com\/digital58.com.ve\/site\/wp-content\/uploads\/2023\/04\/URUIDMUN-adm-2.jpg?fit=800%2C510&ssl=1\" \/>\n\t<meta property=\"og:image:width\" content=\"800\" \/>\n\t<meta property=\"og:image:height\" content=\"510\" \/>\n\t<meta property=\"og:image:type\" content=\"image\/jpeg\" \/>\n<meta name=\"author\" content=\"Villasmil Henry\" \/>\n<meta name=\"twitter:card\" content=\"summary_large_image\" \/>\n<meta name=\"twitter:creator\" content=\"@https:\/\/twitter.com\/villasmilhfoto\" \/>\n<meta name=\"twitter:site\" content=\"@villasmilhfoto\" \/>\n<meta name=\"twitter:label1\" content=\"Escrito por\" \/>\n\t<meta name=\"twitter:data1\" content=\"Villasmil Henry\" \/>\n\t<meta name=\"twitter:label2\" content=\"Tiempo estimado de lectura\" \/>\n\t<meta name=\"twitter:data2\" content=\"4 minutos\" \/>\n<script type=\"application\/ld+json\" class=\"yoast-schema-graph\">{\"@context\":\"https:\\\/\\\/schema.org\",\"@graph\":[{\"@type\":\"Article\",\"@id\":\"https:\\\/\\\/digital58.com.ve\\\/site\\\/2023\\\/04\\\/01\\\/alcalde-de-maracaibo-recibe-a-la-galardonada-uruidmun\\\/#article\",\"isPartOf\":{\"@id\":\"https:\\\/\\\/digital58.com.ve\\\/site\\\/2023\\\/04\\\/01\\\/alcalde-de-maracaibo-recibe-a-la-galardonada-uruidmun\\\/\"},\"author\":{\"name\":\"Villasmil Henry\",\"@id\":\"https:\\\/\\\/digital58.com.ve\\\/site\\\/#\\\/schema\\\/person\\\/64d1c2e4d0d4fd1b849980c4331c2951\"},\"headline\":\"Alcalde de Maracaibo recibe a la galardonada URUIDMUN\",\"datePublished\":\"2023-04-01T23:44:09+00:00\",\"mainEntityOfPage\":{\"@id\":\"https:\\\/\\\/digital58.com.ve\\\/site\\\/2023\\\/04\\\/01\\\/alcalde-de-maracaibo-recibe-a-la-galardonada-uruidmun\\\/\"},\"wordCount\":894,\"commentCount\":0,\"publisher\":{\"@id\":\"https:\\\/\\\/digital58.com.ve\\\/site\\\/#\\\/schema\\\/person\\\/64d1c2e4d0d4fd1b849980c4331c2951\"},\"image\":{\"@id\":\"https:\\\/\\\/digital58.com.ve\\\/site\\\/2023\\\/04\\\/01\\\/alcalde-de-maracaibo-recibe-a-la-galardonada-uruidmun\\\/#primaryimage\"},\"thumbnailUrl\":\"https:\\\/\\\/digital58.com.ve\\\/site\\\/wp-content\\\/uploads\\\/2023\\\/04\\\/URUIDMUN-adm-2.jpg\",\"keywords\":[\"Estudiantes Universitarios\",\"Maracaibo\",\"MONUA\",\"Nacionales\",\"Rafael Ram\u00edrez Colina\",\"Regionales\",\"SAMI\",\"Universidad Rafael Urdaneta\",\"URU\",\"URUIDMUN\",\"Venezuela\",\"Villa Carmen\"],\"articleSection\":[\"Zulia\"],\"inLanguage\":\"es\",\"potentialAction\":[{\"@type\":\"CommentAction\",\"name\":\"Comment\",\"target\":[\"https:\\\/\\\/digital58.com.ve\\\/site\\\/2023\\\/04\\\/01\\\/alcalde-de-maracaibo-recibe-a-la-galardonada-uruidmun\\\/#respond\"]}]},{\"@type\":\"WebPage\",\"@id\":\"https:\\\/\\\/digital58.com.ve\\\/site\\\/2023\\\/04\\\/01\\\/alcalde-de-maracaibo-recibe-a-la-galardonada-uruidmun\\\/\",\"url\":\"https:\\\/\\\/digital58.com.ve\\\/site\\\/2023\\\/04\\\/01\\\/alcalde-de-maracaibo-recibe-a-la-galardonada-uruidmun\\\/\",\"name\":\"Alcalde de Maracaibo recibe a la galardonada URUIDMUN\",\"isPartOf\":{\"@id\":\"https:\\\/\\\/digital58.com.ve\\\/site\\\/#website\"},\"primaryImageOfPage\":{\"@id\":\"https:\\\/\\\/digital58.com.ve\\\/site\\\/2023\\\/04\\\/01\\\/alcalde-de-maracaibo-recibe-a-la-galardonada-uruidmun\\\/#primaryimage\"},\"image\":{\"@id\":\"https:\\\/\\\/digital58.com.ve\\\/site\\\/2023\\\/04\\\/01\\\/alcalde-de-maracaibo-recibe-a-la-galardonada-uruidmun\\\/#primaryimage\"},\"thumbnailUrl\":\"https:\\\/\\\/digital58.com.ve\\\/site\\\/wp-content\\\/uploads\\\/2023\\\/04\\\/URUIDMUN-adm-2.jpg\",\"datePublished\":\"2023-04-01T23:44:09+00:00\",\"breadcrumb\":{\"@id\":\"https:\\\/\\\/digital58.com.ve\\\/site\\\/2023\\\/04\\\/01\\\/alcalde-de-maracaibo-recibe-a-la-galardonada-uruidmun\\\/#breadcrumb\"},\"inLanguage\":\"es\",\"potentialAction\":[{\"@type\":\"ReadAction\",\"target\":[\"https:\\\/\\\/digital58.com.ve\\\/site\\\/2023\\\/04\\\/01\\\/alcalde-de-maracaibo-recibe-a-la-galardonada-uruidmun\\\/\"]}]},{\"@type\":\"ImageObject\",\"inLanguage\":\"es\",\"@id\":\"https:\\\/\\\/digital58.com.ve\\\/site\\\/2023\\\/04\\\/01\\\/alcalde-de-maracaibo-recibe-a-la-galardonada-uruidmun\\\/#primaryimage\",\"url\":\"https:\\\/\\\/digital58.com.ve\\\/site\\\/wp-content\\\/uploads\\\/2023\\\/04\\\/URUIDMUN-adm-2.jpg\",\"contentUrl\":\"https:\\\/\\\/digital58.com.ve\\\/site\\\/wp-content\\\/uploads\\\/2023\\\/04\\\/URUIDMUN-adm-2.jpg\",\"width\":800,\"height\":510},{\"@type\":\"BreadcrumbList\",\"@id\":\"https:\\\/\\\/digital58.com.ve\\\/site\\\/2023\\\/04\\\/01\\\/alcalde-de-maracaibo-recibe-a-la-galardonada-uruidmun\\\/#breadcrumb\",\"itemListElement\":[{\"@type\":\"ListItem\",\"position\":1,\"name\":\"Home\",\"item\":\"https:\\\/\\\/digital58.com.ve\\\/site\\\/\"},{\"@type\":\"ListItem\",\"position\":2,\"name\":\"Alcalde de Maracaibo recibe a la galardonada URUIDMUN\"}]},{\"@type\":\"WebSite\",\"@id\":\"https:\\\/\\\/digital58.com.ve\\\/site\\\/#website\",\"url\":\"https:\\\/\\\/digital58.com.ve\\\/site\\\/\",\"name\":\"Noticias Digital58\",\"description\":\"Portal de Noticias \u00a1Periodismo web de verdad! Lanzamiento web 22.11.2005 \\\/ Maracaibo, Venezuela\",\"publisher\":{\"@id\":\"https:\\\/\\\/digital58.com.ve\\\/site\\\/#\\\/schema\\\/person\\\/64d1c2e4d0d4fd1b849980c4331c2951\"},\"alternateName\":\"ND58\",\"potentialAction\":[{\"@type\":\"SearchAction\",\"target\":{\"@type\":\"EntryPoint\",\"urlTemplate\":\"https:\\\/\\\/digital58.com.ve\\\/site\\\/?s={search_term_string}\"},\"query-input\":{\"@type\":\"PropertyValueSpecification\",\"valueRequired\":true,\"valueName\":\"search_term_string\"}}],\"inLanguage\":\"es\"},{\"@type\":[\"Person\",\"Organization\"],\"@id\":\"https:\\\/\\\/digital58.com.ve\\\/site\\\/#\\\/schema\\\/person\\\/64d1c2e4d0d4fd1b849980c4331c2951\",\"name\":\"Villasmil Henry\",\"image\":{\"@type\":\"ImageObject\",\"inLanguage\":\"es\",\"@id\":\"https:\\\/\\\/secure.gravatar.com\\\/avatar\\\/bb0c4a2fcb7970138239f7e404ea75757b1b507b28b5ce4c53fbd62d797c5a7c?s=96&d=mm&r=g\",\"url\":\"https:\\\/\\\/secure.gravatar.com\\\/avatar\\\/bb0c4a2fcb7970138239f7e404ea75757b1b507b28b5ce4c53fbd62d797c5a7c?s=96&d=mm&r=g\",\"contentUrl\":\"https:\\\/\\\/secure.gravatar.com\\\/avatar\\\/bb0c4a2fcb7970138239f7e404ea75757b1b507b28b5ce4c53fbd62d797c5a7c?s=96&d=mm&r=g\",\"caption\":\"Villasmil Henry\"},\"logo\":{\"@id\":\"https:\\\/\\\/secure.gravatar.com\\\/avatar\\\/bb0c4a2fcb7970138239f7e404ea75757b1b507b28b5ce4c53fbd62d797c5a7c?s=96&d=mm&r=g\"},\"sameAs\":[\"http:\\\/\\\/www.henryvillasmil.com.ve\",\"https:\\\/\\\/www.instagram.com\\\/villasmilhfoto\\\/\",\"https:\\\/\\\/x.com\\\/https:\\\/\\\/twitter.com\\\/villasmilhfoto\"],\"url\":\"https:\\\/\\\/digital58.com.ve\\\/site\\\/author\\\/droopy_68\\\/\"}]}<\/script>\n<!-- \/ Yoast SEO plugin. -->","yoast_head_json":{"title":"Alcalde de Maracaibo recibe a la galardonada URUIDMUN","robots":{"index":"index","follow":"follow","max-snippet":"max-snippet:-1","max-image-preview":"max-image-preview:large","max-video-preview":"max-video-preview:-1"},"canonical":"https:\/\/digital58.com.ve\/site\/2023\/04\/01\/alcalde-de-maracaibo-recibe-a-la-galardonada-uruidmun\/","og_locale":"es_ES","og_type":"article","og_title":"Alcalde de Maracaibo recibe a la galardonada URUIDMUN","og_url":"https:\/\/digital58.com.ve\/site\/2023\/04\/01\/alcalde-de-maracaibo-recibe-a-la-galardonada-uruidmun\/","og_site_name":"Noticias Digital58","article_published_time":"2023-04-01T23:44:09+00:00","og_image":[{"width":800,"height":510,"url":"https:\/\/i0.wp.com\/digital58.com.ve\/site\/wp-content\/uploads\/2023\/04\/URUIDMUN-adm-2.jpg?fit=800%2C510&ssl=1","type":"image\/jpeg"}],"author":"Villasmil Henry","twitter_card":"summary_large_image","twitter_creator":"@https:\/\/twitter.com\/villasmilhfoto","twitter_site":"@villasmilhfoto","twitter_misc":{"Escrito por":"Villasmil Henry","Tiempo estimado de lectura":"4 minutos"},"schema":{"@context":"https:\/\/schema.org","@graph":[{"@type":"Article","@id":"https:\/\/digital58.com.ve\/site\/2023\/04\/01\/alcalde-de-maracaibo-recibe-a-la-galardonada-uruidmun\/#article","isPartOf":{"@id":"https:\/\/digital58.com.ve\/site\/2023\/04\/01\/alcalde-de-maracaibo-recibe-a-la-galardonada-uruidmun\/"},"author":{"name":"Villasmil Henry","@id":"https:\/\/digital58.com.ve\/site\/#\/schema\/person\/64d1c2e4d0d4fd1b849980c4331c2951"},"headline":"Alcalde de Maracaibo recibe a la galardonada URUIDMUN","datePublished":"2023-04-01T23:44:09+00:00","mainEntityOfPage":{"@id":"https:\/\/digital58.com.ve\/site\/2023\/04\/01\/alcalde-de-maracaibo-recibe-a-la-galardonada-uruidmun\/"},"wordCount":894,"commentCount":0,"publisher":{"@id":"https:\/\/digital58.com.ve\/site\/#\/schema\/person\/64d1c2e4d0d4fd1b849980c4331c2951"},"image":{"@id":"https:\/\/digital58.com.ve\/site\/2023\/04\/01\/alcalde-de-maracaibo-recibe-a-la-galardonada-uruidmun\/#primaryimage"},"thumbnailUrl":"https:\/\/digital58.com.ve\/site\/wp-content\/uploads\/2023\/04\/URUIDMUN-adm-2.jpg","keywords":["Estudiantes Universitarios","Maracaibo","MONUA","Nacionales","Rafael Ram\u00edrez Colina","Regionales","SAMI","Universidad Rafael Urdaneta","URU","URUIDMUN","Venezuela","Villa Carmen"],"articleSection":["Zulia"],"inLanguage":"es","potentialAction":[{"@type":"CommentAction","name":"Comment","target":["https:\/\/digital58.com.ve\/site\/2023\/04\/01\/alcalde-de-maracaibo-recibe-a-la-galardonada-uruidmun\/#respond"]}]},{"@type":"WebPage","@id":"https:\/\/digital58.com.ve\/site\/2023\/04\/01\/alcalde-de-maracaibo-recibe-a-la-galardonada-uruidmun\/","url":"https:\/\/digital58.com.ve\/site\/2023\/04\/01\/alcalde-de-maracaibo-recibe-a-la-galardonada-uruidmun\/","name":"Alcalde de Maracaibo recibe a la galardonada URUIDMUN","isPartOf":{"@id":"https:\/\/digital58.com.ve\/site\/#website"},"primaryImageOfPage":{"@id":"https:\/\/digital58.com.ve\/site\/2023\/04\/01\/alcalde-de-maracaibo-recibe-a-la-galardonada-uruidmun\/#primaryimage"},"image":{"@id":"https:\/\/digital58.com.ve\/site\/2023\/04\/01\/alcalde-de-maracaibo-recibe-a-la-galardonada-uruidmun\/#primaryimage"},"thumbnailUrl":"https:\/\/digital58.com.ve\/site\/wp-content\/uploads\/2023\/04\/URUIDMUN-adm-2.jpg","datePublished":"2023-04-01T23:44:09+00:00","breadcrumb":{"@id":"https:\/\/digital58.com.ve\/site\/2023\/04\/01\/alcalde-de-maracaibo-recibe-a-la-galardonada-uruidmun\/#breadcrumb"},"inLanguage":"es","potentialAction":[{"@type":"ReadAction","target":["https:\/\/digital58.com.ve\/site\/2023\/04\/01\/alcalde-de-maracaibo-recibe-a-la-galardonada-uruidmun\/"]}]},{"@type":"ImageObject","inLanguage":"es","@id":"https:\/\/digital58.com.ve\/site\/2023\/04\/01\/alcalde-de-maracaibo-recibe-a-la-galardonada-uruidmun\/#primaryimage","url":"https:\/\/digital58.com.ve\/site\/wp-content\/uploads\/2023\/04\/URUIDMUN-adm-2.jpg","contentUrl":"https:\/\/digital58.com.ve\/site\/wp-content\/uploads\/2023\/04\/URUIDMUN-adm-2.jpg","width":800,"height":510},{"@type":"BreadcrumbList","@id":"https:\/\/digital58.com.ve\/site\/2023\/04\/01\/alcalde-de-maracaibo-recibe-a-la-galardonada-uruidmun\/#breadcrumb","itemListElement":[{"@type":"ListItem","position":1,"name":"Home","item":"https:\/\/digital58.com.ve\/site\/"},{"@type":"ListItem","position":2,"name":"Alcalde de Maracaibo recibe a la galardonada URUIDMUN"}]},{"@type":"WebSite","@id":"https:\/\/digital58.com.ve\/site\/#website","url":"https:\/\/digital58.com.ve\/site\/","name":"Noticias Digital58","description":"Portal de Noticias \u00a1Periodismo web de verdad! Lanzamiento web 22.11.2005 \/ Maracaibo, Venezuela","publisher":{"@id":"https:\/\/digital58.com.ve\/site\/#\/schema\/person\/64d1c2e4d0d4fd1b849980c4331c2951"},"alternateName":"ND58","potentialAction":[{"@type":"SearchAction","target":{"@type":"EntryPoint","urlTemplate":"https:\/\/digital58.com.ve\/site\/?s={search_term_string}"},"query-input":{"@type":"PropertyValueSpecification","valueRequired":true,"valueName":"search_term_string"}}],"inLanguage":"es"},{"@type":["Person","Organization"],"@id":"https:\/\/digital58.com.ve\/site\/#\/schema\/person\/64d1c2e4d0d4fd1b849980c4331c2951","name":"Villasmil Henry","image":{"@type":"ImageObject","inLanguage":"es","@id":"https:\/\/secure.gravatar.com\/avatar\/bb0c4a2fcb7970138239f7e404ea75757b1b507b28b5ce4c53fbd62d797c5a7c?s=96&d=mm&r=g","url":"https:\/\/secure.gravatar.com\/avatar\/bb0c4a2fcb7970138239f7e404ea75757b1b507b28b5ce4c53fbd62d797c5a7c?s=96&d=mm&r=g","contentUrl":"https:\/\/secure.gravatar.com\/avatar\/bb0c4a2fcb7970138239f7e404ea75757b1b507b28b5ce4c53fbd62d797c5a7c?s=96&d=mm&r=g","caption":"Villasmil Henry"},"logo":{"@id":"https:\/\/secure.gravatar.com\/avatar\/bb0c4a2fcb7970138239f7e404ea75757b1b507b28b5ce4c53fbd62d797c5a7c?s=96&d=mm&r=g"},"sameAs":["http:\/\/www.henryvillasmil.com.ve","https:\/\/www.instagram.com\/villasmilhfoto\/","https:\/\/x.com\/https:\/\/twitter.com\/villasmilhfoto"],"url":"https:\/\/digital58.com.ve\/site\/author\/droopy_68\/"}]}},"uagb_featured_image_src":{"full":["https:\/\/digital58.com.ve\/site\/wp-content\/uploads\/2023\/04\/URUIDMUN-adm-2.jpg",800,510,false],"thumbnail":["https:\/\/digital58.com.ve\/site\/wp-content\/uploads\/2023\/04\/URUIDMUN-adm-2-150x150.jpg",150,150,true],"medium":["https:\/\/digital58.com.ve\/site\/wp-content\/uploads\/2023\/04\/URUIDMUN-adm-2-300x191.jpg",300,191,true],"medium_large":["https:\/\/digital58.com.ve\/site\/wp-content\/uploads\/2023\/04\/URUIDMUN-adm-2-768x490.jpg",768,490,true],"large":["https:\/\/digital58.com.ve\/site\/wp-content\/uploads\/2023\/04\/URUIDMUN-adm-2.jpg",800,510,false],"1536x1536":["https:\/\/digital58.com.ve\/site\/wp-content\/uploads\/2023\/04\/URUIDMUN-adm-2.jpg",800,510,false],"2048x2048":["https:\/\/digital58.com.ve\/site\/wp-content\/uploads\/2023\/04\/URUIDMUN-adm-2.jpg",800,510,false],"colormag-highlighted-post":["https:\/\/digital58.com.ve\/site\/wp-content\/uploads\/2023\/04\/URUIDMUN-adm-2-392x272.jpg",392,272,true],"colormag-featured-post-medium":["https:\/\/digital58.com.ve\/site\/wp-content\/uploads\/2023\/04\/URUIDMUN-adm-2-390x205.jpg",390,205,true],"colormag-featured-post-small":["https:\/\/digital58.com.ve\/site\/wp-content\/uploads\/2023\/04\/URUIDMUN-adm-2-130x90.jpg",130,90,true],"colormag-featured-image":["https:\/\/digital58.com.ve\/site\/wp-content\/uploads\/2023\/04\/URUIDMUN-adm-2-800x445.jpg",800,445,true],"colormag-default-news":["https:\/\/digital58.com.ve\/site\/wp-content\/uploads\/2023\/04\/URUIDMUN-adm-2.jpg",150,96,false],"colormag-featured-image-large":["https:\/\/digital58.com.ve\/site\/wp-content\/uploads\/2023\/04\/URUIDMUN-adm-2.jpg",800,510,false]},"uagb_author_info":{"display_name":"Villasmil Henry","author_link":"https:\/\/digital58.com.ve\/site\/author\/droopy_68\/"},"uagb_comment_info":0,"uagb_excerpt":"De los siete estudiantes participantes, cinco se trajeron premios para Maracaibo, el Zulia y Venezuela. Maracaibo, Zulia, Venezuela, 01 de","_links":{"self":[{"href":"https:\/\/digital58.com.ve\/site\/wp-json\/wp\/v2\/posts\/164336","targetHints":{"allow":["GET"]}}],"collection":[{"href":"https:\/\/digital58.com.ve\/site\/wp-json\/wp\/v2\/posts"}],"about":[{"href":"https:\/\/digital58.com.ve\/site\/wp-json\/wp\/v2\/types\/post"}],"author":[{"embeddable":true,"href":"https:\/\/digital58.com.ve\/site\/wp-json\/wp\/v2\/users\/1"}],"replies":[{"embeddable":true,"href":"https:\/\/digital58.com.ve\/site\/wp-json\/wp\/v2\/comments?post=164336"}],"version-history":[{"count":1,"href":"https:\/\/digital58.com.ve\/site\/wp-json\/wp\/v2\/posts\/164336\/revisions"}],"predecessor-version":[{"id":164339,"href":"https:\/\/digital58.com.ve\/site\/wp-json\/wp\/v2\/posts\/164336\/revisions\/164339"}],"wp:featuredmedia":[{"embeddable":true,"href":"https:\/\/digital58.com.ve\/site\/wp-json\/wp\/v2\/media\/164337"}],"wp:attachment":[{"href":"https:\/\/digital58.com.ve\/site\/wp-json\/wp\/v2\/media?parent=164336"}],"wp:term":[{"taxonomy":"category","embeddable":true,"href":"https:\/\/digital58.com.ve\/site\/wp-json\/wp\/v2\/categories?post=164336"},{"taxonomy":"post_tag","embeddable":true,"href":"https:\/\/digital58.com.ve\/site\/wp-json\/wp\/v2\/tags?post=164336"}],"curies":[{"name":"wp","href":"https:\/\/api.w.org\/{rel}","templated":true}]}}