{"id":164537,"date":"2023-04-06T23:08:29","date_gmt":"2023-04-07T03:08:29","guid":{"rendered":"https:\/\/digital58.com.ve\/site\/?p=164537"},"modified":"2023-04-06T23:09:58","modified_gmt":"2023-04-07T03:09:58","slug":"maracaibo-arranca-el-programa-rescatando-espacios-iconicos-de-maracaibo","status":"publish","type":"post","link":"https:\/\/digital58.com.ve\/site\/2023\/04\/06\/maracaibo-arranca-el-programa-rescatando-espacios-iconicos-de-maracaibo\/","title":{"rendered":"Arranca el Programa \u00abRescatando Espacios Ic\u00f3nicos de Maracaibo\u00bb"},"content":{"rendered":"<p><a href=\"https:\/\/digital58.com.ve\/site\/wp-content\/uploads\/2023\/04\/maracaibo.jpg\"><img loading=\"lazy\" decoding=\"async\" class=\"aligncenter size-full wp-image-164538\" src=\"https:\/\/digital58.com.ve\/site\/wp-content\/uploads\/2023\/04\/maracaibo.jpg\" alt=\"\" width=\"800\" height=\"533\" srcset=\"https:\/\/digital58.com.ve\/site\/wp-content\/uploads\/2023\/04\/maracaibo.jpg 800w, https:\/\/digital58.com.ve\/site\/wp-content\/uploads\/2023\/04\/maracaibo-300x200.jpg 300w, https:\/\/digital58.com.ve\/site\/wp-content\/uploads\/2023\/04\/maracaibo-768x512.jpg 768w\" sizes=\"auto, (max-width: 800px) 100vw, 800px\" \/><\/a><\/p>\n<p>Con actividades deportivas, demostraciones por parte del Cuerpo de Bomberos, exhibici\u00f3n de obras tejidas y libros de inter\u00e9s; la municipalidad inicia el Programa \u00abRescatando Espacios Ic\u00f3nicos de Maracaibo\u00bb, para los peque\u00f1os.<\/p>\n<p><strong>Maracaibo, , Zulia, Venezuela, 06 de abril de 2023 (ND58).-<\/strong> M\u00e1s de 30 ni\u00f1os formaron parte este viernes 31 de marzo, de la primera actividad del programa \u00abRescatando Espacios Ic\u00f3nicos de Maracaibo\u00bb, organizada por la Alcald\u00eda de Maracaibo a trav\u00e9s de la Direcci\u00f3n de Educaci\u00f3n.<\/p>\n<p>Un plan que se llevar\u00e1 a cabo en espacios p\u00fablicos e ic\u00f3nicos de la ciudad con la finalidad de reforzar la cultura y tradici\u00f3n en los m\u00e1s peque\u00f1os. Direcciones como: Cultura, Fundabiblioteca, Salud, Seguridad Ciudadana y el Instituto Municipal del Deporte y la Recreaci\u00f3n de la Alcald\u00eda de Maracaibo (IMDEPREC); formar\u00e1n parte de esta iniciativa que se efectuar\u00e1 una vez al mes.<\/p>\n<p>Con exhibici\u00f3n de material tejido elaborado a mano, un stand de libros, actividades de IMDEPREC y una demostraci\u00f3n por parte de la Brigada Juvenil Cuerpo de Bomberos de Maracaibo, se atendieron a los ni\u00f1os y ni\u00f1as participantes en la actividad realizada en la Plaza Bol\u00edvar. Los ni\u00f1os eran alumnos de la Escuela B\u00e1sica Nacional Crist\u00f3bal Mendoza y tambi\u00e9n ni\u00f1os de la comunidad que se acercaron hasta el lugar.<\/p>\n<p><a href=\"https:\/\/digital58.com.ve\/site\/wp-content\/uploads\/2023\/04\/ninos-maracaibo.jpg\"><img loading=\"lazy\" decoding=\"async\" class=\"aligncenter size-full wp-image-164539\" src=\"https:\/\/digital58.com.ve\/site\/wp-content\/uploads\/2023\/04\/ninos-maracaibo.jpg\" alt=\"\" width=\"800\" height=\"533\" srcset=\"https:\/\/digital58.com.ve\/site\/wp-content\/uploads\/2023\/04\/ninos-maracaibo.jpg 800w, https:\/\/digital58.com.ve\/site\/wp-content\/uploads\/2023\/04\/ninos-maracaibo-300x200.jpg 300w, https:\/\/digital58.com.ve\/site\/wp-content\/uploads\/2023\/04\/ninos-maracaibo-768x512.jpg 768w\" sizes=\"auto, (max-width: 800px) 100vw, 800px\" \/><\/a><\/p>\n<p>Anabel Ferrer, directora de Educaci\u00f3n, agreg\u00f3 que se realizar\u00e1n invitaciones a escuelas cercanas a los espacios emblem\u00e1ticos, para cumplir con la finalidad del programa que es \u00abrescatar espacios ic\u00f3nicos de Maracaibo que acerquen y le permitan a los ni\u00f1os del municipio conocer m\u00e1s de la ciudad\u00bb.<\/p>\n<p>El coronel del Cuerpo de Bomberos, Wilfredo Dur\u00e1n, fue el profesional encargado de dirigir la demostraci\u00f3n de c\u00f3mo actuar en caso de emergencia y explicar las actividades b\u00e1sicas ense\u00f1adas al cuerpo juvenil para su formaci\u00f3n integral.<\/p>\n<p>\u00abEstas son actividades b\u00e1sicas que todos los j\u00f3venes que quieran pertenecer a la Guardia Nacional, Cuerpo de Bomberos u otro \u00f3rgano de seguridad deben saber. Los ni\u00f1os interesados en formar parte de la brigada deben de ser mayores de ocho a\u00f1os, tener ganas y disposici\u00f3n, se dirigen hasta el Cuarte N\u00b0 1 &#8216;La Ciega&#8217; en la avenida El Milagro y all\u00ed formalizan su inscripci\u00f3n\u00bb, detall\u00f3 Duran.<\/p>\n<p>Candida Rojas, ama de casa de 39 a\u00f1os y madre de dos ni\u00f1as participantes del programa, calific\u00f3 como \u00abdemasiado buena y productiva\u00bb la iniciativa que integra a los ni\u00f1os para brindarles conocimientos \u00absobre las diversas charlas y demostraciones\u00bb que se ofrecen.<\/p>\n<p><strong>Redacci\u00f3n ND58 | Fuente: Prensa ADM<\/strong><br \/>\n<strong>Edici\u00f3n: Villasmil, Henry<\/strong><br \/>\n<strong>Gr\u00e1fica: Cortes\u00eda prensa ADM<\/strong><\/p>\n<p>&nbsp;<\/p><div class=\"oqtjd69ec70d4877fa\" ><p style=\"text-align: center;\"><a href=\"https:\/\/t.me\/noticiasdigital58\" target=\"_blank\" rel=\"noopener\"><img class=\"aligncenter size-full wp-image-125363\" src=\"https:\/\/digital58.com.ve\/site\/wp-content\/uploads\/2021\/04\/banner-telegram-web-2021.png\" alt=\"\" width=\"600\" height=\"90\" \/><\/a><\/p><\/div><style type=\"text\/css\">\r\n@media screen and (min-width: 1201px) {\r\n.oqtjd69ec70d4877fa {\r\ndisplay: block;\r\n}\r\n}\r\n@media screen and (min-width: 993px) and (max-width: 1200px) {\r\n.oqtjd69ec70d4877fa {\r\ndisplay: block;\r\n}\r\n}\r\n@media screen and (min-width: 769px) and (max-width: 992px) {\r\n.oqtjd69ec70d4877fa {\r\ndisplay: block;\r\n}\r\n}\r\n@media screen and (min-width: 768px) and (max-width: 768px) {\r\n.oqtjd69ec70d4877fa {\r\ndisplay: block;\r\n}\r\n}\r\n@media screen and (max-width: 767px) {\r\n.oqtjd69ec70d4877fa {\r\ndisplay: block;\r\n}\r\n}\r\n<\/style>\r\n\n<p>&nbsp;<\/p>\n<div style=\"margin-top: 0px; margin-bottom: 0px;\" class=\"sharethis-inline-share-buttons\" ><\/div>","protected":false},"excerpt":{"rendered":"<p>Con actividades deportivas, demostraciones por parte del Cuerpo de Bomberos, exhibici\u00f3n de obras tejidas y libros de inter\u00e9s; la municipalidad<\/p>\n","protected":false},"author":1,"featured_media":164538,"comment_status":"open","ping_status":"closed","sticky":false,"template":"","format":"standard","meta":{"colormag_page_container_layout":"default_layout","colormag_page_sidebar_layout":"default_layout","_uag_custom_page_level_css":"","footnotes":""},"categories":[14504],"tags":[290,1159,73,233,2354,30988,32],"class_list":["post-164537","post","type-post","status-publish","format-standard","has-post-thumbnail","hentry","category-zulia","tag-alcaldia-de-maracaibo","tag-imdeprec","tag-maracaibo","tag-nacionales","tag-regionales","tag-rescatando-espacios-iconicos-de-maracaibo","tag-venezuela"],"yoast_head":"<!-- This site is optimized with the Yoast SEO plugin v27.4 - https:\/\/yoast.com\/product\/yoast-seo-wordpress\/ -->\n<title>Arranca el Programa \u00abRescatando Espacios Ic\u00f3nicos de Maracaibo\u00bb<\/title>\n<meta name=\"robots\" content=\"index, follow, max-snippet:-1, max-image-preview:large, max-video-preview:-1\" \/>\n<link rel=\"canonical\" href=\"https:\/\/digital58.com.ve\/site\/2023\/04\/06\/maracaibo-arranca-el-programa-rescatando-espacios-iconicos-de-maracaibo\/\" \/>\n<meta property=\"og:locale\" content=\"es_ES\" \/>\n<meta property=\"og:type\" content=\"article\" \/>\n<meta property=\"og:title\" content=\"Arranca el Programa \u00abRescatando Espacios Ic\u00f3nicos de Maracaibo\u00bb\" \/>\n<meta property=\"og:url\" content=\"https:\/\/digital58.com.ve\/site\/2023\/04\/06\/maracaibo-arranca-el-programa-rescatando-espacios-iconicos-de-maracaibo\/\" \/>\n<meta property=\"og:site_name\" content=\"Noticias Digital58\" \/>\n<meta property=\"article:published_time\" content=\"2023-04-07T03:08:29+00:00\" \/>\n<meta property=\"article:modified_time\" content=\"2023-04-07T03:09:58+00:00\" \/>\n<meta property=\"og:image\" content=\"https:\/\/i0.wp.com\/digital58.com.ve\/site\/wp-content\/uploads\/2023\/04\/maracaibo.jpg?fit=800%2C533&ssl=1\" \/>\n\t<meta property=\"og:image:width\" content=\"800\" \/>\n\t<meta property=\"og:image:height\" content=\"533\" \/>\n\t<meta property=\"og:image:type\" content=\"image\/jpeg\" \/>\n<meta name=\"author\" content=\"Villasmil Henry\" \/>\n<meta name=\"twitter:card\" content=\"summary_large_image\" \/>\n<meta name=\"twitter:creator\" content=\"@https:\/\/twitter.com\/villasmilhfoto\" \/>\n<meta name=\"twitter:site\" content=\"@villasmilhfoto\" \/>\n<meta name=\"twitter:label1\" content=\"Escrito por\" \/>\n\t<meta name=\"twitter:data1\" content=\"Villasmil Henry\" \/>\n\t<meta name=\"twitter:label2\" content=\"Tiempo estimado de lectura\" \/>\n\t<meta name=\"twitter:data2\" content=\"2 minutos\" \/>\n<script type=\"application\/ld+json\" class=\"yoast-schema-graph\">{\"@context\":\"https:\\\/\\\/schema.org\",\"@graph\":[{\"@type\":\"Article\",\"@id\":\"https:\\\/\\\/digital58.com.ve\\\/site\\\/2023\\\/04\\\/06\\\/maracaibo-arranca-el-programa-rescatando-espacios-iconicos-de-maracaibo\\\/#article\",\"isPartOf\":{\"@id\":\"https:\\\/\\\/digital58.com.ve\\\/site\\\/2023\\\/04\\\/06\\\/maracaibo-arranca-el-programa-rescatando-espacios-iconicos-de-maracaibo\\\/\"},\"author\":{\"name\":\"Villasmil Henry\",\"@id\":\"https:\\\/\\\/digital58.com.ve\\\/site\\\/#\\\/schema\\\/person\\\/64d1c2e4d0d4fd1b849980c4331c2951\"},\"headline\":\"Arranca el Programa \u00abRescatando Espacios Ic\u00f3nicos de Maracaibo\u00bb\",\"datePublished\":\"2023-04-07T03:08:29+00:00\",\"dateModified\":\"2023-04-07T03:09:58+00:00\",\"mainEntityOfPage\":{\"@id\":\"https:\\\/\\\/digital58.com.ve\\\/site\\\/2023\\\/04\\\/06\\\/maracaibo-arranca-el-programa-rescatando-espacios-iconicos-de-maracaibo\\\/\"},\"wordCount\":466,\"commentCount\":0,\"publisher\":{\"@id\":\"https:\\\/\\\/digital58.com.ve\\\/site\\\/#\\\/schema\\\/person\\\/64d1c2e4d0d4fd1b849980c4331c2951\"},\"image\":{\"@id\":\"https:\\\/\\\/digital58.com.ve\\\/site\\\/2023\\\/04\\\/06\\\/maracaibo-arranca-el-programa-rescatando-espacios-iconicos-de-maracaibo\\\/#primaryimage\"},\"thumbnailUrl\":\"https:\\\/\\\/digital58.com.ve\\\/site\\\/wp-content\\\/uploads\\\/2023\\\/04\\\/maracaibo.jpg\",\"keywords\":[\"Alcald\u00eda de Maracaibo\",\"Imdeprec\",\"Maracaibo\",\"Nacionales\",\"Regionales\",\"Rescatando Espacios Ic\u00f3nicos de Maracaibo\",\"Venezuela\"],\"articleSection\":[\"Zulia\"],\"inLanguage\":\"es\",\"potentialAction\":[{\"@type\":\"CommentAction\",\"name\":\"Comment\",\"target\":[\"https:\\\/\\\/digital58.com.ve\\\/site\\\/2023\\\/04\\\/06\\\/maracaibo-arranca-el-programa-rescatando-espacios-iconicos-de-maracaibo\\\/#respond\"]}]},{\"@type\":\"WebPage\",\"@id\":\"https:\\\/\\\/digital58.com.ve\\\/site\\\/2023\\\/04\\\/06\\\/maracaibo-arranca-el-programa-rescatando-espacios-iconicos-de-maracaibo\\\/\",\"url\":\"https:\\\/\\\/digital58.com.ve\\\/site\\\/2023\\\/04\\\/06\\\/maracaibo-arranca-el-programa-rescatando-espacios-iconicos-de-maracaibo\\\/\",\"name\":\"Arranca el Programa \u00abRescatando Espacios Ic\u00f3nicos de Maracaibo\u00bb\",\"isPartOf\":{\"@id\":\"https:\\\/\\\/digital58.com.ve\\\/site\\\/#website\"},\"primaryImageOfPage\":{\"@id\":\"https:\\\/\\\/digital58.com.ve\\\/site\\\/2023\\\/04\\\/06\\\/maracaibo-arranca-el-programa-rescatando-espacios-iconicos-de-maracaibo\\\/#primaryimage\"},\"image\":{\"@id\":\"https:\\\/\\\/digital58.com.ve\\\/site\\\/2023\\\/04\\\/06\\\/maracaibo-arranca-el-programa-rescatando-espacios-iconicos-de-maracaibo\\\/#primaryimage\"},\"thumbnailUrl\":\"https:\\\/\\\/digital58.com.ve\\\/site\\\/wp-content\\\/uploads\\\/2023\\\/04\\\/maracaibo.jpg\",\"datePublished\":\"2023-04-07T03:08:29+00:00\",\"dateModified\":\"2023-04-07T03:09:58+00:00\",\"breadcrumb\":{\"@id\":\"https:\\\/\\\/digital58.com.ve\\\/site\\\/2023\\\/04\\\/06\\\/maracaibo-arranca-el-programa-rescatando-espacios-iconicos-de-maracaibo\\\/#breadcrumb\"},\"inLanguage\":\"es\",\"potentialAction\":[{\"@type\":\"ReadAction\",\"target\":[\"https:\\\/\\\/digital58.com.ve\\\/site\\\/2023\\\/04\\\/06\\\/maracaibo-arranca-el-programa-rescatando-espacios-iconicos-de-maracaibo\\\/\"]}]},{\"@type\":\"ImageObject\",\"inLanguage\":\"es\",\"@id\":\"https:\\\/\\\/digital58.com.ve\\\/site\\\/2023\\\/04\\\/06\\\/maracaibo-arranca-el-programa-rescatando-espacios-iconicos-de-maracaibo\\\/#primaryimage\",\"url\":\"https:\\\/\\\/digital58.com.ve\\\/site\\\/wp-content\\\/uploads\\\/2023\\\/04\\\/maracaibo.jpg\",\"contentUrl\":\"https:\\\/\\\/digital58.com.ve\\\/site\\\/wp-content\\\/uploads\\\/2023\\\/04\\\/maracaibo.jpg\",\"width\":800,\"height\":533},{\"@type\":\"BreadcrumbList\",\"@id\":\"https:\\\/\\\/digital58.com.ve\\\/site\\\/2023\\\/04\\\/06\\\/maracaibo-arranca-el-programa-rescatando-espacios-iconicos-de-maracaibo\\\/#breadcrumb\",\"itemListElement\":[{\"@type\":\"ListItem\",\"position\":1,\"name\":\"Home\",\"item\":\"https:\\\/\\\/digital58.com.ve\\\/site\\\/\"},{\"@type\":\"ListItem\",\"position\":2,\"name\":\"Arranca el Programa \u00abRescatando Espacios Ic\u00f3nicos de Maracaibo\u00bb\"}]},{\"@type\":\"WebSite\",\"@id\":\"https:\\\/\\\/digital58.com.ve\\\/site\\\/#website\",\"url\":\"https:\\\/\\\/digital58.com.ve\\\/site\\\/\",\"name\":\"Noticias Digital58\",\"description\":\"Portal de Noticias \u00a1Periodismo web de verdad! Lanzamiento web 22.11.2005 \\\/ Maracaibo, Venezuela\",\"publisher\":{\"@id\":\"https:\\\/\\\/digital58.com.ve\\\/site\\\/#\\\/schema\\\/person\\\/64d1c2e4d0d4fd1b849980c4331c2951\"},\"alternateName\":\"ND58\",\"potentialAction\":[{\"@type\":\"SearchAction\",\"target\":{\"@type\":\"EntryPoint\",\"urlTemplate\":\"https:\\\/\\\/digital58.com.ve\\\/site\\\/?s={search_term_string}\"},\"query-input\":{\"@type\":\"PropertyValueSpecification\",\"valueRequired\":true,\"valueName\":\"search_term_string\"}}],\"inLanguage\":\"es\"},{\"@type\":[\"Person\",\"Organization\"],\"@id\":\"https:\\\/\\\/digital58.com.ve\\\/site\\\/#\\\/schema\\\/person\\\/64d1c2e4d0d4fd1b849980c4331c2951\",\"name\":\"Villasmil Henry\",\"image\":{\"@type\":\"ImageObject\",\"inLanguage\":\"es\",\"@id\":\"https:\\\/\\\/secure.gravatar.com\\\/avatar\\\/bb0c4a2fcb7970138239f7e404ea75757b1b507b28b5ce4c53fbd62d797c5a7c?s=96&d=mm&r=g\",\"url\":\"https:\\\/\\\/secure.gravatar.com\\\/avatar\\\/bb0c4a2fcb7970138239f7e404ea75757b1b507b28b5ce4c53fbd62d797c5a7c?s=96&d=mm&r=g\",\"contentUrl\":\"https:\\\/\\\/secure.gravatar.com\\\/avatar\\\/bb0c4a2fcb7970138239f7e404ea75757b1b507b28b5ce4c53fbd62d797c5a7c?s=96&d=mm&r=g\",\"caption\":\"Villasmil Henry\"},\"logo\":{\"@id\":\"https:\\\/\\\/secure.gravatar.com\\\/avatar\\\/bb0c4a2fcb7970138239f7e404ea75757b1b507b28b5ce4c53fbd62d797c5a7c?s=96&d=mm&r=g\"},\"sameAs\":[\"http:\\\/\\\/www.henryvillasmil.com.ve\",\"https:\\\/\\\/www.instagram.com\\\/villasmilhfoto\\\/\",\"https:\\\/\\\/x.com\\\/https:\\\/\\\/twitter.com\\\/villasmilhfoto\"],\"url\":\"https:\\\/\\\/digital58.com.ve\\\/site\\\/author\\\/droopy_68\\\/\"}]}<\/script>\n<!-- \/ Yoast SEO plugin. -->","yoast_head_json":{"title":"Arranca el Programa \u00abRescatando Espacios Ic\u00f3nicos de Maracaibo\u00bb","robots":{"index":"index","follow":"follow","max-snippet":"max-snippet:-1","max-image-preview":"max-image-preview:large","max-video-preview":"max-video-preview:-1"},"canonical":"https:\/\/digital58.com.ve\/site\/2023\/04\/06\/maracaibo-arranca-el-programa-rescatando-espacios-iconicos-de-maracaibo\/","og_locale":"es_ES","og_type":"article","og_title":"Arranca el Programa \u00abRescatando Espacios Ic\u00f3nicos de Maracaibo\u00bb","og_url":"https:\/\/digital58.com.ve\/site\/2023\/04\/06\/maracaibo-arranca-el-programa-rescatando-espacios-iconicos-de-maracaibo\/","og_site_name":"Noticias Digital58","article_published_time":"2023-04-07T03:08:29+00:00","article_modified_time":"2023-04-07T03:09:58+00:00","og_image":[{"width":800,"height":533,"url":"https:\/\/i0.wp.com\/digital58.com.ve\/site\/wp-content\/uploads\/2023\/04\/maracaibo.jpg?fit=800%2C533&ssl=1","type":"image\/jpeg"}],"author":"Villasmil Henry","twitter_card":"summary_large_image","twitter_creator":"@https:\/\/twitter.com\/villasmilhfoto","twitter_site":"@villasmilhfoto","twitter_misc":{"Escrito por":"Villasmil Henry","Tiempo estimado de lectura":"2 minutos"},"schema":{"@context":"https:\/\/schema.org","@graph":[{"@type":"Article","@id":"https:\/\/digital58.com.ve\/site\/2023\/04\/06\/maracaibo-arranca-el-programa-rescatando-espacios-iconicos-de-maracaibo\/#article","isPartOf":{"@id":"https:\/\/digital58.com.ve\/site\/2023\/04\/06\/maracaibo-arranca-el-programa-rescatando-espacios-iconicos-de-maracaibo\/"},"author":{"name":"Villasmil Henry","@id":"https:\/\/digital58.com.ve\/site\/#\/schema\/person\/64d1c2e4d0d4fd1b849980c4331c2951"},"headline":"Arranca el Programa \u00abRescatando Espacios Ic\u00f3nicos de Maracaibo\u00bb","datePublished":"2023-04-07T03:08:29+00:00","dateModified":"2023-04-07T03:09:58+00:00","mainEntityOfPage":{"@id":"https:\/\/digital58.com.ve\/site\/2023\/04\/06\/maracaibo-arranca-el-programa-rescatando-espacios-iconicos-de-maracaibo\/"},"wordCount":466,"commentCount":0,"publisher":{"@id":"https:\/\/digital58.com.ve\/site\/#\/schema\/person\/64d1c2e4d0d4fd1b849980c4331c2951"},"image":{"@id":"https:\/\/digital58.com.ve\/site\/2023\/04\/06\/maracaibo-arranca-el-programa-rescatando-espacios-iconicos-de-maracaibo\/#primaryimage"},"thumbnailUrl":"https:\/\/digital58.com.ve\/site\/wp-content\/uploads\/2023\/04\/maracaibo.jpg","keywords":["Alcald\u00eda de Maracaibo","Imdeprec","Maracaibo","Nacionales","Regionales","Rescatando Espacios Ic\u00f3nicos de Maracaibo","Venezuela"],"articleSection":["Zulia"],"inLanguage":"es","potentialAction":[{"@type":"CommentAction","name":"Comment","target":["https:\/\/digital58.com.ve\/site\/2023\/04\/06\/maracaibo-arranca-el-programa-rescatando-espacios-iconicos-de-maracaibo\/#respond"]}]},{"@type":"WebPage","@id":"https:\/\/digital58.com.ve\/site\/2023\/04\/06\/maracaibo-arranca-el-programa-rescatando-espacios-iconicos-de-maracaibo\/","url":"https:\/\/digital58.com.ve\/site\/2023\/04\/06\/maracaibo-arranca-el-programa-rescatando-espacios-iconicos-de-maracaibo\/","name":"Arranca el Programa \u00abRescatando Espacios Ic\u00f3nicos de Maracaibo\u00bb","isPartOf":{"@id":"https:\/\/digital58.com.ve\/site\/#website"},"primaryImageOfPage":{"@id":"https:\/\/digital58.com.ve\/site\/2023\/04\/06\/maracaibo-arranca-el-programa-rescatando-espacios-iconicos-de-maracaibo\/#primaryimage"},"image":{"@id":"https:\/\/digital58.com.ve\/site\/2023\/04\/06\/maracaibo-arranca-el-programa-rescatando-espacios-iconicos-de-maracaibo\/#primaryimage"},"thumbnailUrl":"https:\/\/digital58.com.ve\/site\/wp-content\/uploads\/2023\/04\/maracaibo.jpg","datePublished":"2023-04-07T03:08:29+00:00","dateModified":"2023-04-07T03:09:58+00:00","breadcrumb":{"@id":"https:\/\/digital58.com.ve\/site\/2023\/04\/06\/maracaibo-arranca-el-programa-rescatando-espacios-iconicos-de-maracaibo\/#breadcrumb"},"inLanguage":"es","potentialAction":[{"@type":"ReadAction","target":["https:\/\/digital58.com.ve\/site\/2023\/04\/06\/maracaibo-arranca-el-programa-rescatando-espacios-iconicos-de-maracaibo\/"]}]},{"@type":"ImageObject","inLanguage":"es","@id":"https:\/\/digital58.com.ve\/site\/2023\/04\/06\/maracaibo-arranca-el-programa-rescatando-espacios-iconicos-de-maracaibo\/#primaryimage","url":"https:\/\/digital58.com.ve\/site\/wp-content\/uploads\/2023\/04\/maracaibo.jpg","contentUrl":"https:\/\/digital58.com.ve\/site\/wp-content\/uploads\/2023\/04\/maracaibo.jpg","width":800,"height":533},{"@type":"BreadcrumbList","@id":"https:\/\/digital58.com.ve\/site\/2023\/04\/06\/maracaibo-arranca-el-programa-rescatando-espacios-iconicos-de-maracaibo\/#breadcrumb","itemListElement":[{"@type":"ListItem","position":1,"name":"Home","item":"https:\/\/digital58.com.ve\/site\/"},{"@type":"ListItem","position":2,"name":"Arranca el Programa \u00abRescatando Espacios Ic\u00f3nicos de Maracaibo\u00bb"}]},{"@type":"WebSite","@id":"https:\/\/digital58.com.ve\/site\/#website","url":"https:\/\/digital58.com.ve\/site\/","name":"Noticias Digital58","description":"Portal de Noticias \u00a1Periodismo web de verdad! Lanzamiento web 22.11.2005 \/ Maracaibo, Venezuela","publisher":{"@id":"https:\/\/digital58.com.ve\/site\/#\/schema\/person\/64d1c2e4d0d4fd1b849980c4331c2951"},"alternateName":"ND58","potentialAction":[{"@type":"SearchAction","target":{"@type":"EntryPoint","urlTemplate":"https:\/\/digital58.com.ve\/site\/?s={search_term_string}"},"query-input":{"@type":"PropertyValueSpecification","valueRequired":true,"valueName":"search_term_string"}}],"inLanguage":"es"},{"@type":["Person","Organization"],"@id":"https:\/\/digital58.com.ve\/site\/#\/schema\/person\/64d1c2e4d0d4fd1b849980c4331c2951","name":"Villasmil Henry","image":{"@type":"ImageObject","inLanguage":"es","@id":"https:\/\/secure.gravatar.com\/avatar\/bb0c4a2fcb7970138239f7e404ea75757b1b507b28b5ce4c53fbd62d797c5a7c?s=96&d=mm&r=g","url":"https:\/\/secure.gravatar.com\/avatar\/bb0c4a2fcb7970138239f7e404ea75757b1b507b28b5ce4c53fbd62d797c5a7c?s=96&d=mm&r=g","contentUrl":"https:\/\/secure.gravatar.com\/avatar\/bb0c4a2fcb7970138239f7e404ea75757b1b507b28b5ce4c53fbd62d797c5a7c?s=96&d=mm&r=g","caption":"Villasmil Henry"},"logo":{"@id":"https:\/\/secure.gravatar.com\/avatar\/bb0c4a2fcb7970138239f7e404ea75757b1b507b28b5ce4c53fbd62d797c5a7c?s=96&d=mm&r=g"},"sameAs":["http:\/\/www.henryvillasmil.com.ve","https:\/\/www.instagram.com\/villasmilhfoto\/","https:\/\/x.com\/https:\/\/twitter.com\/villasmilhfoto"],"url":"https:\/\/digital58.com.ve\/site\/author\/droopy_68\/"}]}},"uagb_featured_image_src":{"full":["https:\/\/digital58.com.ve\/site\/wp-content\/uploads\/2023\/04\/maracaibo.jpg",800,533,false],"thumbnail":["https:\/\/digital58.com.ve\/site\/wp-content\/uploads\/2023\/04\/maracaibo-150x150.jpg",150,150,true],"medium":["https:\/\/digital58.com.ve\/site\/wp-content\/uploads\/2023\/04\/maracaibo-300x200.jpg",300,200,true],"medium_large":["https:\/\/digital58.com.ve\/site\/wp-content\/uploads\/2023\/04\/maracaibo-768x512.jpg",768,512,true],"large":["https:\/\/digital58.com.ve\/site\/wp-content\/uploads\/2023\/04\/maracaibo.jpg",800,533,false],"1536x1536":["https:\/\/digital58.com.ve\/site\/wp-content\/uploads\/2023\/04\/maracaibo.jpg",800,533,false],"2048x2048":["https:\/\/digital58.com.ve\/site\/wp-content\/uploads\/2023\/04\/maracaibo.jpg",800,533,false],"colormag-highlighted-post":["https:\/\/digital58.com.ve\/site\/wp-content\/uploads\/2023\/04\/maracaibo-392x272.jpg",392,272,true],"colormag-featured-post-medium":["https:\/\/digital58.com.ve\/site\/wp-content\/uploads\/2023\/04\/maracaibo-390x205.jpg",390,205,true],"colormag-featured-post-small":["https:\/\/digital58.com.ve\/site\/wp-content\/uploads\/2023\/04\/maracaibo-130x90.jpg",130,90,true],"colormag-featured-image":["https:\/\/digital58.com.ve\/site\/wp-content\/uploads\/2023\/04\/maracaibo-800x445.jpg",800,445,true],"colormag-default-news":["https:\/\/digital58.com.ve\/site\/wp-content\/uploads\/2023\/04\/maracaibo.jpg",150,100,false],"colormag-featured-image-large":["https:\/\/digital58.com.ve\/site\/wp-content\/uploads\/2023\/04\/maracaibo.jpg",800,533,false]},"uagb_author_info":{"display_name":"Villasmil Henry","author_link":"https:\/\/digital58.com.ve\/site\/author\/droopy_68\/"},"uagb_comment_info":0,"uagb_excerpt":"Con actividades deportivas, demostraciones por parte del Cuerpo de Bomberos, exhibici\u00f3n de obras tejidas y libros de inter\u00e9s; la municipalidad","_links":{"self":[{"href":"https:\/\/digital58.com.ve\/site\/wp-json\/wp\/v2\/posts\/164537","targetHints":{"allow":["GET"]}}],"collection":[{"href":"https:\/\/digital58.com.ve\/site\/wp-json\/wp\/v2\/posts"}],"about":[{"href":"https:\/\/digital58.com.ve\/site\/wp-json\/wp\/v2\/types\/post"}],"author":[{"embeddable":true,"href":"https:\/\/digital58.com.ve\/site\/wp-json\/wp\/v2\/users\/1"}],"replies":[{"embeddable":true,"href":"https:\/\/digital58.com.ve\/site\/wp-json\/wp\/v2\/comments?post=164537"}],"version-history":[{"count":2,"href":"https:\/\/digital58.com.ve\/site\/wp-json\/wp\/v2\/posts\/164537\/revisions"}],"predecessor-version":[{"id":164541,"href":"https:\/\/digital58.com.ve\/site\/wp-json\/wp\/v2\/posts\/164537\/revisions\/164541"}],"wp:featuredmedia":[{"embeddable":true,"href":"https:\/\/digital58.com.ve\/site\/wp-json\/wp\/v2\/media\/164538"}],"wp:attachment":[{"href":"https:\/\/digital58.com.ve\/site\/wp-json\/wp\/v2\/media?parent=164537"}],"wp:term":[{"taxonomy":"category","embeddable":true,"href":"https:\/\/digital58.com.ve\/site\/wp-json\/wp\/v2\/categories?post=164537"},{"taxonomy":"post_tag","embeddable":true,"href":"https:\/\/digital58.com.ve\/site\/wp-json\/wp\/v2\/tags?post=164537"}],"curies":[{"name":"wp","href":"https:\/\/api.w.org\/{rel}","templated":true}]}}