{"id":164594,"date":"2023-04-10T07:41:53","date_gmt":"2023-04-10T11:41:53","guid":{"rendered":"https:\/\/digital58.com.ve\/site\/?p=164594"},"modified":"2023-04-10T08:01:46","modified_gmt":"2023-04-10T12:01:46","slug":"venevision-transmitira-la-gala-de-los-premios-latin-american-music-awards","status":"publish","type":"post","link":"https:\/\/digital58.com.ve\/site\/2023\/04\/10\/venevision-transmitira-la-gala-de-los-premios-latin-american-music-awards\/","title":{"rendered":"Venevisi\u00f3n transmitir\u00e1 la gala de los premios Latin American Music Awards"},"content":{"rendered":"<p><img loading=\"lazy\" decoding=\"async\" class=\"size-large wp-image-164595 aligncenter\" src=\"https:\/\/digital58.com.ve\/site\/wp-content\/uploads\/2023\/04\/COLETILLA-LATIN-AMAS-2023-002-1000x563.jpg\" alt=\"\" width=\"800\" height=\"450\" srcset=\"https:\/\/digital58.com.ve\/site\/wp-content\/uploads\/2023\/04\/COLETILLA-LATIN-AMAS-2023-002-1000x563.jpg 1000w, https:\/\/digital58.com.ve\/site\/wp-content\/uploads\/2023\/04\/COLETILLA-LATIN-AMAS-2023-002-300x169.jpg 300w, https:\/\/digital58.com.ve\/site\/wp-content\/uploads\/2023\/04\/COLETILLA-LATIN-AMAS-2023-002-768x432.jpg 768w, https:\/\/digital58.com.ve\/site\/wp-content\/uploads\/2023\/04\/COLETILLA-LATIN-AMAS-2023-002-1536x864.jpg 1536w, https:\/\/digital58.com.ve\/site\/wp-content\/uploads\/2023\/04\/COLETILLA-LATIN-AMAS-2023-002.jpg 1920w\" sizes=\"auto, (max-width: 800px) 100vw, 800px\" \/><\/p>\n<p>Venevisi\u00f3n encendi\u00f3 sus motores para transmitir la gala de los premios <strong>Latin American Music Awards,<\/strong> el venidero jueves 20 de abril a partir de las siete de la noche, en vivo, que comenzar\u00e1 con una gran antesala para dar paso a la ceremonia, una de las mayores celebraciones culturales de m\u00fasica latina contempor\u00e1nea, m\u00e1s esperadas por el p\u00fablico, artistas y realizadores que este a\u00f1o arriba a su octava edici\u00f3n.<\/p>\n<p><strong>Caracas, DC, Venezuela, 10 de abril de 2023 (ND58).-<\/strong> Y es que desde el escenario del MGM Grand Arena de Las Vegas, veremos brillar en todo su esplendor a estrellas de la talla de Olga Ta\u00f1\u00f3n, Pepe Aguilar, Carlos Vives, Prince Royce, Chiquis, Manuel Turizo, Anuel AA, Myke Towers, Justin Quiles, y la presentaci\u00f3n de la influencer y cantante venezolana Lele Pons junto a su esposo Guaynaa, en pleno escenario, entre muchos otros exitosos int\u00e9rpretes.<\/p>\n<p><strong>La ceremonia de premiaci\u00f3n contar\u00e1 con la conducci\u00f3n especial de los talentosos y reconocidos Galilea Montijo, Juli\u00e1n Gil y la cantante Natti Natasha.<\/strong><\/p>\n<p>As\u00ed que la cita especial ser\u00e1 con los Latin American Music Awards, el jueves 20 de abril, a las siete de la noche en una semana de grandes eventos pues el s\u00e1bado 22 de Abril se transmitir\u00e1 la<strong> X Edici\u00f3n de los Premios Platino,<\/strong> <strong>desde el Palacio Municipal de IFEMA Madrid.<\/strong> Todo en pantalla de Venevisi\u00f3n.<\/p><div class=\"sliny69f47322694d0\" ><p style=\"text-align: center;\"><a href=\"https:\/\/t.me\/noticiasdigital58\" target=\"_blank\" rel=\"noopener\"><img class=\"aligncenter size-full wp-image-125363\" src=\"https:\/\/digital58.com.ve\/site\/wp-content\/uploads\/2021\/04\/banner-telegram-web-2021.png\" alt=\"\" width=\"600\" height=\"90\" \/><\/a><\/p><\/div><style type=\"text\/css\">\r\n@media screen and (min-width: 1201px) {\r\n.sliny69f47322694d0 {\r\ndisplay: block;\r\n}\r\n}\r\n@media screen and (min-width: 993px) and (max-width: 1200px) {\r\n.sliny69f47322694d0 {\r\ndisplay: block;\r\n}\r\n}\r\n@media screen and (min-width: 769px) and (max-width: 992px) {\r\n.sliny69f47322694d0 {\r\ndisplay: block;\r\n}\r\n}\r\n@media screen and (min-width: 768px) and (max-width: 768px) {\r\n.sliny69f47322694d0 {\r\ndisplay: block;\r\n}\r\n}\r\n@media screen and (max-width: 767px) {\r\n.sliny69f47322694d0 {\r\ndisplay: block;\r\n}\r\n}\r\n<\/style>\r\n\n<p class=\"p1\"><b>Redacci\u00f3n ND58 | NDP\u00a0<\/b><br \/>\n<b>Edici\u00f3n: \u00c1\u00f1ez, Caren\u00a0<\/b><br \/>\n<b>Gr\u00e1fica: Cortes\u00eda <\/b><\/p>\n<div style=\"margin-top: 0px; margin-bottom: 0px;\" class=\"sharethis-inline-share-buttons\" ><\/div>","protected":false},"excerpt":{"rendered":"<p>Venevisi\u00f3n encendi\u00f3 sus motores para transmitir la gala de los premios Latin American Music Awards, el venidero jueves 20 de<\/p>\n","protected":false},"author":39,"featured_media":164595,"comment_status":"open","ping_status":"closed","sticky":false,"template":"","format":"standard","meta":{"colormag_page_container_layout":"default_layout","colormag_page_sidebar_layout":"default_layout","_uag_custom_page_level_css":"","footnotes":""},"categories":[1],"tags":[29,50,9818,13541,134,2143,31003],"class_list":["post-164594","post","type-post","status-publish","format-standard","has-post-thumbnail","hentry","category-fama","tag-caracas","tag-entretenimiento","tag-latin-american-music-awards","tag-transmision-en-directo","tag-tv","tag-venevision","tag-x-edicion-de-los-premios-platin"],"yoast_head":"<!-- This site is optimized with the Yoast SEO plugin v27.5 - https:\/\/yoast.com\/product\/yoast-seo-wordpress\/ -->\n<title>Venevisi\u00f3n transmitir\u00e1 la gala de los premios Latin American Music Awards<\/title>\n<meta name=\"robots\" content=\"index, follow, max-snippet:-1, max-image-preview:large, max-video-preview:-1\" \/>\n<link rel=\"canonical\" href=\"https:\/\/digital58.com.ve\/site\/2023\/04\/10\/venevision-transmitira-la-gala-de-los-premios-latin-american-music-awards\/\" \/>\n<meta property=\"og:locale\" content=\"es_ES\" \/>\n<meta property=\"og:type\" content=\"article\" \/>\n<meta property=\"og:title\" content=\"Venevisi\u00f3n transmitir\u00e1 la gala de los premios Latin American Music Awards\" \/>\n<meta property=\"og:url\" content=\"https:\/\/digital58.com.ve\/site\/2023\/04\/10\/venevision-transmitira-la-gala-de-los-premios-latin-american-music-awards\/\" \/>\n<meta property=\"og:site_name\" content=\"Noticias Digital58\" \/>\n<meta property=\"article:published_time\" content=\"2023-04-10T11:41:53+00:00\" \/>\n<meta property=\"article:modified_time\" content=\"2023-04-10T12:01:46+00:00\" \/>\n<meta property=\"og:image\" content=\"https:\/\/i0.wp.com\/digital58.com.ve\/site\/wp-content\/uploads\/2023\/04\/COLETILLA-LATIN-AMAS-2023-002.jpg?fit=1920%2C1080&ssl=1\" \/>\n\t<meta property=\"og:image:width\" content=\"1920\" \/>\n\t<meta property=\"og:image:height\" content=\"1080\" \/>\n\t<meta property=\"og:image:type\" content=\"image\/jpeg\" \/>\n<meta name=\"author\" content=\"Caren A\u00f1ez\" \/>\n<meta name=\"twitter:card\" content=\"summary_large_image\" \/>\n<meta name=\"twitter:creator\" content=\"@carenanez\" \/>\n<meta name=\"twitter:site\" content=\"@villasmilhfoto\" \/>\n<meta name=\"twitter:label1\" content=\"Escrito por\" \/>\n\t<meta name=\"twitter:data1\" content=\"Caren A\u00f1ez\" \/>\n\t<meta name=\"twitter:label2\" content=\"Tiempo estimado de lectura\" \/>\n\t<meta name=\"twitter:data2\" content=\"1 minuto\" \/>\n<script type=\"application\/ld+json\" class=\"yoast-schema-graph\">{\"@context\":\"https:\\\/\\\/schema.org\",\"@graph\":[{\"@type\":\"Article\",\"@id\":\"https:\\\/\\\/digital58.com.ve\\\/site\\\/2023\\\/04\\\/10\\\/venevision-transmitira-la-gala-de-los-premios-latin-american-music-awards\\\/#article\",\"isPartOf\":{\"@id\":\"https:\\\/\\\/digital58.com.ve\\\/site\\\/2023\\\/04\\\/10\\\/venevision-transmitira-la-gala-de-los-premios-latin-american-music-awards\\\/\"},\"author\":{\"name\":\"Caren A\u00f1ez\",\"@id\":\"https:\\\/\\\/digital58.com.ve\\\/site\\\/#\\\/schema\\\/person\\\/38596b127602deaa13fbcd7585635238\"},\"headline\":\"Venevisi\u00f3n transmitir\u00e1 la gala de los premios Latin American Music Awards\",\"datePublished\":\"2023-04-10T11:41:53+00:00\",\"dateModified\":\"2023-04-10T12:01:46+00:00\",\"mainEntityOfPage\":{\"@id\":\"https:\\\/\\\/digital58.com.ve\\\/site\\\/2023\\\/04\\\/10\\\/venevision-transmitira-la-gala-de-los-premios-latin-american-music-awards\\\/\"},\"wordCount\":259,\"commentCount\":0,\"publisher\":{\"@id\":\"https:\\\/\\\/digital58.com.ve\\\/site\\\/#\\\/schema\\\/person\\\/64d1c2e4d0d4fd1b849980c4331c2951\"},\"image\":{\"@id\":\"https:\\\/\\\/digital58.com.ve\\\/site\\\/2023\\\/04\\\/10\\\/venevision-transmitira-la-gala-de-los-premios-latin-american-music-awards\\\/#primaryimage\"},\"thumbnailUrl\":\"https:\\\/\\\/digital58.com.ve\\\/site\\\/wp-content\\\/uploads\\\/2023\\\/04\\\/COLETILLA-LATIN-AMAS-2023-002.jpg\",\"keywords\":[\"Caracas\",\"Entretenimiento\",\"Latin American Music Awards\",\"Transmisi\u00f3n en directo\",\"TV\",\"Venevisi\u00f3n\",\"X Edici\u00f3n de los Premios Platin\"],\"articleSection\":[\"Fama\"],\"inLanguage\":\"es\",\"potentialAction\":[{\"@type\":\"CommentAction\",\"name\":\"Comment\",\"target\":[\"https:\\\/\\\/digital58.com.ve\\\/site\\\/2023\\\/04\\\/10\\\/venevision-transmitira-la-gala-de-los-premios-latin-american-music-awards\\\/#respond\"]}]},{\"@type\":\"WebPage\",\"@id\":\"https:\\\/\\\/digital58.com.ve\\\/site\\\/2023\\\/04\\\/10\\\/venevision-transmitira-la-gala-de-los-premios-latin-american-music-awards\\\/\",\"url\":\"https:\\\/\\\/digital58.com.ve\\\/site\\\/2023\\\/04\\\/10\\\/venevision-transmitira-la-gala-de-los-premios-latin-american-music-awards\\\/\",\"name\":\"Venevisi\u00f3n transmitir\u00e1 la gala de los premios Latin American Music Awards\",\"isPartOf\":{\"@id\":\"https:\\\/\\\/digital58.com.ve\\\/site\\\/#website\"},\"primaryImageOfPage\":{\"@id\":\"https:\\\/\\\/digital58.com.ve\\\/site\\\/2023\\\/04\\\/10\\\/venevision-transmitira-la-gala-de-los-premios-latin-american-music-awards\\\/#primaryimage\"},\"image\":{\"@id\":\"https:\\\/\\\/digital58.com.ve\\\/site\\\/2023\\\/04\\\/10\\\/venevision-transmitira-la-gala-de-los-premios-latin-american-music-awards\\\/#primaryimage\"},\"thumbnailUrl\":\"https:\\\/\\\/digital58.com.ve\\\/site\\\/wp-content\\\/uploads\\\/2023\\\/04\\\/COLETILLA-LATIN-AMAS-2023-002.jpg\",\"datePublished\":\"2023-04-10T11:41:53+00:00\",\"dateModified\":\"2023-04-10T12:01:46+00:00\",\"breadcrumb\":{\"@id\":\"https:\\\/\\\/digital58.com.ve\\\/site\\\/2023\\\/04\\\/10\\\/venevision-transmitira-la-gala-de-los-premios-latin-american-music-awards\\\/#breadcrumb\"},\"inLanguage\":\"es\",\"potentialAction\":[{\"@type\":\"ReadAction\",\"target\":[\"https:\\\/\\\/digital58.com.ve\\\/site\\\/2023\\\/04\\\/10\\\/venevision-transmitira-la-gala-de-los-premios-latin-american-music-awards\\\/\"]}]},{\"@type\":\"ImageObject\",\"inLanguage\":\"es\",\"@id\":\"https:\\\/\\\/digital58.com.ve\\\/site\\\/2023\\\/04\\\/10\\\/venevision-transmitira-la-gala-de-los-premios-latin-american-music-awards\\\/#primaryimage\",\"url\":\"https:\\\/\\\/digital58.com.ve\\\/site\\\/wp-content\\\/uploads\\\/2023\\\/04\\\/COLETILLA-LATIN-AMAS-2023-002.jpg\",\"contentUrl\":\"https:\\\/\\\/digital58.com.ve\\\/site\\\/wp-content\\\/uploads\\\/2023\\\/04\\\/COLETILLA-LATIN-AMAS-2023-002.jpg\",\"width\":1920,\"height\":1080},{\"@type\":\"BreadcrumbList\",\"@id\":\"https:\\\/\\\/digital58.com.ve\\\/site\\\/2023\\\/04\\\/10\\\/venevision-transmitira-la-gala-de-los-premios-latin-american-music-awards\\\/#breadcrumb\",\"itemListElement\":[{\"@type\":\"ListItem\",\"position\":1,\"name\":\"Home\",\"item\":\"https:\\\/\\\/digital58.com.ve\\\/site\\\/\"},{\"@type\":\"ListItem\",\"position\":2,\"name\":\"Venevisi\u00f3n transmitir\u00e1 la gala de los premios Latin American Music Awards\"}]},{\"@type\":\"WebSite\",\"@id\":\"https:\\\/\\\/digital58.com.ve\\\/site\\\/#website\",\"url\":\"https:\\\/\\\/digital58.com.ve\\\/site\\\/\",\"name\":\"Noticias Digital58\",\"description\":\"Portal de Noticias \u00a1Periodismo web de verdad! Lanzamiento web 22.11.2005 \\\/ Maracaibo, Venezuela\",\"publisher\":{\"@id\":\"https:\\\/\\\/digital58.com.ve\\\/site\\\/#\\\/schema\\\/person\\\/64d1c2e4d0d4fd1b849980c4331c2951\"},\"alternateName\":\"ND58\",\"potentialAction\":[{\"@type\":\"SearchAction\",\"target\":{\"@type\":\"EntryPoint\",\"urlTemplate\":\"https:\\\/\\\/digital58.com.ve\\\/site\\\/?s={search_term_string}\"},\"query-input\":{\"@type\":\"PropertyValueSpecification\",\"valueRequired\":true,\"valueName\":\"search_term_string\"}}],\"inLanguage\":\"es\"},{\"@type\":[\"Person\",\"Organization\"],\"@id\":\"https:\\\/\\\/digital58.com.ve\\\/site\\\/#\\\/schema\\\/person\\\/64d1c2e4d0d4fd1b849980c4331c2951\",\"name\":\"Villasmil Henry\",\"image\":{\"@type\":\"ImageObject\",\"inLanguage\":\"es\",\"@id\":\"https:\\\/\\\/secure.gravatar.com\\\/avatar\\\/bb0c4a2fcb7970138239f7e404ea75757b1b507b28b5ce4c53fbd62d797c5a7c?s=96&d=mm&r=g\",\"url\":\"https:\\\/\\\/secure.gravatar.com\\\/avatar\\\/bb0c4a2fcb7970138239f7e404ea75757b1b507b28b5ce4c53fbd62d797c5a7c?s=96&d=mm&r=g\",\"contentUrl\":\"https:\\\/\\\/secure.gravatar.com\\\/avatar\\\/bb0c4a2fcb7970138239f7e404ea75757b1b507b28b5ce4c53fbd62d797c5a7c?s=96&d=mm&r=g\",\"caption\":\"Villasmil Henry\"},\"logo\":{\"@id\":\"https:\\\/\\\/secure.gravatar.com\\\/avatar\\\/bb0c4a2fcb7970138239f7e404ea75757b1b507b28b5ce4c53fbd62d797c5a7c?s=96&d=mm&r=g\"},\"sameAs\":[\"http:\\\/\\\/www.henryvillasmil.com.ve\",\"https:\\\/\\\/www.instagram.com\\\/villasmilhfoto\\\/\",\"https:\\\/\\\/x.com\\\/https:\\\/\\\/twitter.com\\\/villasmilhfoto\"]},{\"@type\":\"Person\",\"@id\":\"https:\\\/\\\/digital58.com.ve\\\/site\\\/#\\\/schema\\\/person\\\/38596b127602deaa13fbcd7585635238\",\"name\":\"Caren A\u00f1ez\",\"image\":{\"@type\":\"ImageObject\",\"inLanguage\":\"es\",\"@id\":\"https:\\\/\\\/secure.gravatar.com\\\/avatar\\\/53aadd693aa414991c9ff2f2b19c39be94d2c342463b80f5402d344911bc9782?s=96&d=mm&r=g\",\"url\":\"https:\\\/\\\/secure.gravatar.com\\\/avatar\\\/53aadd693aa414991c9ff2f2b19c39be94d2c342463b80f5402d344911bc9782?s=96&d=mm&r=g\",\"contentUrl\":\"https:\\\/\\\/secure.gravatar.com\\\/avatar\\\/53aadd693aa414991c9ff2f2b19c39be94d2c342463b80f5402d344911bc9782?s=96&d=mm&r=g\",\"caption\":\"Caren A\u00f1ez\"},\"description\":\"\ud83d\udc69\u200d\ud83c\udfa4Editora en @digital_58 \ud83d\udc69\ud83c\udffb\u200d\ud83c\udfebPeriodista musical y de entretenimiento. \ud83d\udcf8Fotografa \ud83d\udc69\ud83c\udffb\u200d\ud83d\udcbbMedia Management. \ud83d\udc69\u200d\ud83d\udc67\u200d\ud83d\udc67AspieMon 24\\\/7\",\"sameAs\":[\"https:\\\/\\\/www.instagram.com\\\/carenanez\\\/\",\"https:\\\/\\\/x.com\\\/carenanez\"],\"url\":\"https:\\\/\\\/digital58.com.ve\\\/site\\\/author\\\/carena21\\\/\"}]}<\/script>\n<!-- \/ Yoast SEO plugin. -->","yoast_head_json":{"title":"Venevisi\u00f3n transmitir\u00e1 la gala de los premios Latin American Music Awards","robots":{"index":"index","follow":"follow","max-snippet":"max-snippet:-1","max-image-preview":"max-image-preview:large","max-video-preview":"max-video-preview:-1"},"canonical":"https:\/\/digital58.com.ve\/site\/2023\/04\/10\/venevision-transmitira-la-gala-de-los-premios-latin-american-music-awards\/","og_locale":"es_ES","og_type":"article","og_title":"Venevisi\u00f3n transmitir\u00e1 la gala de los premios Latin American Music Awards","og_url":"https:\/\/digital58.com.ve\/site\/2023\/04\/10\/venevision-transmitira-la-gala-de-los-premios-latin-american-music-awards\/","og_site_name":"Noticias Digital58","article_published_time":"2023-04-10T11:41:53+00:00","article_modified_time":"2023-04-10T12:01:46+00:00","og_image":[{"width":1920,"height":1080,"url":"https:\/\/i0.wp.com\/digital58.com.ve\/site\/wp-content\/uploads\/2023\/04\/COLETILLA-LATIN-AMAS-2023-002.jpg?fit=1920%2C1080&ssl=1","type":"image\/jpeg"}],"author":"Caren A\u00f1ez","twitter_card":"summary_large_image","twitter_creator":"@carenanez","twitter_site":"@villasmilhfoto","twitter_misc":{"Escrito por":"Caren A\u00f1ez","Tiempo estimado de lectura":"1 minuto"},"schema":{"@context":"https:\/\/schema.org","@graph":[{"@type":"Article","@id":"https:\/\/digital58.com.ve\/site\/2023\/04\/10\/venevision-transmitira-la-gala-de-los-premios-latin-american-music-awards\/#article","isPartOf":{"@id":"https:\/\/digital58.com.ve\/site\/2023\/04\/10\/venevision-transmitira-la-gala-de-los-premios-latin-american-music-awards\/"},"author":{"name":"Caren A\u00f1ez","@id":"https:\/\/digital58.com.ve\/site\/#\/schema\/person\/38596b127602deaa13fbcd7585635238"},"headline":"Venevisi\u00f3n transmitir\u00e1 la gala de los premios Latin American Music Awards","datePublished":"2023-04-10T11:41:53+00:00","dateModified":"2023-04-10T12:01:46+00:00","mainEntityOfPage":{"@id":"https:\/\/digital58.com.ve\/site\/2023\/04\/10\/venevision-transmitira-la-gala-de-los-premios-latin-american-music-awards\/"},"wordCount":259,"commentCount":0,"publisher":{"@id":"https:\/\/digital58.com.ve\/site\/#\/schema\/person\/64d1c2e4d0d4fd1b849980c4331c2951"},"image":{"@id":"https:\/\/digital58.com.ve\/site\/2023\/04\/10\/venevision-transmitira-la-gala-de-los-premios-latin-american-music-awards\/#primaryimage"},"thumbnailUrl":"https:\/\/digital58.com.ve\/site\/wp-content\/uploads\/2023\/04\/COLETILLA-LATIN-AMAS-2023-002.jpg","keywords":["Caracas","Entretenimiento","Latin American Music Awards","Transmisi\u00f3n en directo","TV","Venevisi\u00f3n","X Edici\u00f3n de los Premios Platin"],"articleSection":["Fama"],"inLanguage":"es","potentialAction":[{"@type":"CommentAction","name":"Comment","target":["https:\/\/digital58.com.ve\/site\/2023\/04\/10\/venevision-transmitira-la-gala-de-los-premios-latin-american-music-awards\/#respond"]}]},{"@type":"WebPage","@id":"https:\/\/digital58.com.ve\/site\/2023\/04\/10\/venevision-transmitira-la-gala-de-los-premios-latin-american-music-awards\/","url":"https:\/\/digital58.com.ve\/site\/2023\/04\/10\/venevision-transmitira-la-gala-de-los-premios-latin-american-music-awards\/","name":"Venevisi\u00f3n transmitir\u00e1 la gala de los premios Latin American Music Awards","isPartOf":{"@id":"https:\/\/digital58.com.ve\/site\/#website"},"primaryImageOfPage":{"@id":"https:\/\/digital58.com.ve\/site\/2023\/04\/10\/venevision-transmitira-la-gala-de-los-premios-latin-american-music-awards\/#primaryimage"},"image":{"@id":"https:\/\/digital58.com.ve\/site\/2023\/04\/10\/venevision-transmitira-la-gala-de-los-premios-latin-american-music-awards\/#primaryimage"},"thumbnailUrl":"https:\/\/digital58.com.ve\/site\/wp-content\/uploads\/2023\/04\/COLETILLA-LATIN-AMAS-2023-002.jpg","datePublished":"2023-04-10T11:41:53+00:00","dateModified":"2023-04-10T12:01:46+00:00","breadcrumb":{"@id":"https:\/\/digital58.com.ve\/site\/2023\/04\/10\/venevision-transmitira-la-gala-de-los-premios-latin-american-music-awards\/#breadcrumb"},"inLanguage":"es","potentialAction":[{"@type":"ReadAction","target":["https:\/\/digital58.com.ve\/site\/2023\/04\/10\/venevision-transmitira-la-gala-de-los-premios-latin-american-music-awards\/"]}]},{"@type":"ImageObject","inLanguage":"es","@id":"https:\/\/digital58.com.ve\/site\/2023\/04\/10\/venevision-transmitira-la-gala-de-los-premios-latin-american-music-awards\/#primaryimage","url":"https:\/\/digital58.com.ve\/site\/wp-content\/uploads\/2023\/04\/COLETILLA-LATIN-AMAS-2023-002.jpg","contentUrl":"https:\/\/digital58.com.ve\/site\/wp-content\/uploads\/2023\/04\/COLETILLA-LATIN-AMAS-2023-002.jpg","width":1920,"height":1080},{"@type":"BreadcrumbList","@id":"https:\/\/digital58.com.ve\/site\/2023\/04\/10\/venevision-transmitira-la-gala-de-los-premios-latin-american-music-awards\/#breadcrumb","itemListElement":[{"@type":"ListItem","position":1,"name":"Home","item":"https:\/\/digital58.com.ve\/site\/"},{"@type":"ListItem","position":2,"name":"Venevisi\u00f3n transmitir\u00e1 la gala de los premios Latin American Music Awards"}]},{"@type":"WebSite","@id":"https:\/\/digital58.com.ve\/site\/#website","url":"https:\/\/digital58.com.ve\/site\/","name":"Noticias Digital58","description":"Portal de Noticias \u00a1Periodismo web de verdad! Lanzamiento web 22.11.2005 \/ Maracaibo, Venezuela","publisher":{"@id":"https:\/\/digital58.com.ve\/site\/#\/schema\/person\/64d1c2e4d0d4fd1b849980c4331c2951"},"alternateName":"ND58","potentialAction":[{"@type":"SearchAction","target":{"@type":"EntryPoint","urlTemplate":"https:\/\/digital58.com.ve\/site\/?s={search_term_string}"},"query-input":{"@type":"PropertyValueSpecification","valueRequired":true,"valueName":"search_term_string"}}],"inLanguage":"es"},{"@type":["Person","Organization"],"@id":"https:\/\/digital58.com.ve\/site\/#\/schema\/person\/64d1c2e4d0d4fd1b849980c4331c2951","name":"Villasmil Henry","image":{"@type":"ImageObject","inLanguage":"es","@id":"https:\/\/secure.gravatar.com\/avatar\/bb0c4a2fcb7970138239f7e404ea75757b1b507b28b5ce4c53fbd62d797c5a7c?s=96&d=mm&r=g","url":"https:\/\/secure.gravatar.com\/avatar\/bb0c4a2fcb7970138239f7e404ea75757b1b507b28b5ce4c53fbd62d797c5a7c?s=96&d=mm&r=g","contentUrl":"https:\/\/secure.gravatar.com\/avatar\/bb0c4a2fcb7970138239f7e404ea75757b1b507b28b5ce4c53fbd62d797c5a7c?s=96&d=mm&r=g","caption":"Villasmil Henry"},"logo":{"@id":"https:\/\/secure.gravatar.com\/avatar\/bb0c4a2fcb7970138239f7e404ea75757b1b507b28b5ce4c53fbd62d797c5a7c?s=96&d=mm&r=g"},"sameAs":["http:\/\/www.henryvillasmil.com.ve","https:\/\/www.instagram.com\/villasmilhfoto\/","https:\/\/x.com\/https:\/\/twitter.com\/villasmilhfoto"]},{"@type":"Person","@id":"https:\/\/digital58.com.ve\/site\/#\/schema\/person\/38596b127602deaa13fbcd7585635238","name":"Caren A\u00f1ez","image":{"@type":"ImageObject","inLanguage":"es","@id":"https:\/\/secure.gravatar.com\/avatar\/53aadd693aa414991c9ff2f2b19c39be94d2c342463b80f5402d344911bc9782?s=96&d=mm&r=g","url":"https:\/\/secure.gravatar.com\/avatar\/53aadd693aa414991c9ff2f2b19c39be94d2c342463b80f5402d344911bc9782?s=96&d=mm&r=g","contentUrl":"https:\/\/secure.gravatar.com\/avatar\/53aadd693aa414991c9ff2f2b19c39be94d2c342463b80f5402d344911bc9782?s=96&d=mm&r=g","caption":"Caren A\u00f1ez"},"description":"\ud83d\udc69\u200d\ud83c\udfa4Editora en @digital_58 \ud83d\udc69\ud83c\udffb\u200d\ud83c\udfebPeriodista musical y de entretenimiento. \ud83d\udcf8Fotografa \ud83d\udc69\ud83c\udffb\u200d\ud83d\udcbbMedia Management. \ud83d\udc69\u200d\ud83d\udc67\u200d\ud83d\udc67AspieMon 24\/7","sameAs":["https:\/\/www.instagram.com\/carenanez\/","https:\/\/x.com\/carenanez"],"url":"https:\/\/digital58.com.ve\/site\/author\/carena21\/"}]}},"uagb_featured_image_src":{"full":["https:\/\/digital58.com.ve\/site\/wp-content\/uploads\/2023\/04\/COLETILLA-LATIN-AMAS-2023-002.jpg",1920,1080,false],"thumbnail":["https:\/\/digital58.com.ve\/site\/wp-content\/uploads\/2023\/04\/COLETILLA-LATIN-AMAS-2023-002-150x150.jpg",150,150,true],"medium":["https:\/\/digital58.com.ve\/site\/wp-content\/uploads\/2023\/04\/COLETILLA-LATIN-AMAS-2023-002-300x169.jpg",300,169,true],"medium_large":["https:\/\/digital58.com.ve\/site\/wp-content\/uploads\/2023\/04\/COLETILLA-LATIN-AMAS-2023-002-768x432.jpg",768,432,true],"large":["https:\/\/digital58.com.ve\/site\/wp-content\/uploads\/2023\/04\/COLETILLA-LATIN-AMAS-2023-002-1000x563.jpg",800,450,true],"1536x1536":["https:\/\/digital58.com.ve\/site\/wp-content\/uploads\/2023\/04\/COLETILLA-LATIN-AMAS-2023-002-1536x864.jpg",1536,864,true],"2048x2048":["https:\/\/digital58.com.ve\/site\/wp-content\/uploads\/2023\/04\/COLETILLA-LATIN-AMAS-2023-002.jpg",1920,1080,false],"colormag-highlighted-post":["https:\/\/digital58.com.ve\/site\/wp-content\/uploads\/2023\/04\/COLETILLA-LATIN-AMAS-2023-002-392x272.jpg",392,272,true],"colormag-featured-post-medium":["https:\/\/digital58.com.ve\/site\/wp-content\/uploads\/2023\/04\/COLETILLA-LATIN-AMAS-2023-002-390x205.jpg",390,205,true],"colormag-featured-post-small":["https:\/\/digital58.com.ve\/site\/wp-content\/uploads\/2023\/04\/COLETILLA-LATIN-AMAS-2023-002-130x90.jpg",130,90,true],"colormag-featured-image":["https:\/\/digital58.com.ve\/site\/wp-content\/uploads\/2023\/04\/COLETILLA-LATIN-AMAS-2023-002-800x445.jpg",800,445,true],"colormag-default-news":["https:\/\/digital58.com.ve\/site\/wp-content\/uploads\/2023\/04\/COLETILLA-LATIN-AMAS-2023-002.jpg",150,84,false],"colormag-featured-image-large":["https:\/\/digital58.com.ve\/site\/wp-content\/uploads\/2023\/04\/COLETILLA-LATIN-AMAS-2023-002.jpg",1067,600,false]},"uagb_author_info":{"display_name":"Caren A\u00f1ez","author_link":"https:\/\/digital58.com.ve\/site\/author\/carena21\/"},"uagb_comment_info":0,"uagb_excerpt":"Venevisi\u00f3n encendi\u00f3 sus motores para transmitir la gala de los premios Latin American Music Awards, el venidero jueves 20 de","_links":{"self":[{"href":"https:\/\/digital58.com.ve\/site\/wp-json\/wp\/v2\/posts\/164594","targetHints":{"allow":["GET"]}}],"collection":[{"href":"https:\/\/digital58.com.ve\/site\/wp-json\/wp\/v2\/posts"}],"about":[{"href":"https:\/\/digital58.com.ve\/site\/wp-json\/wp\/v2\/types\/post"}],"author":[{"embeddable":true,"href":"https:\/\/digital58.com.ve\/site\/wp-json\/wp\/v2\/users\/39"}],"replies":[{"embeddable":true,"href":"https:\/\/digital58.com.ve\/site\/wp-json\/wp\/v2\/comments?post=164594"}],"version-history":[{"count":1,"href":"https:\/\/digital58.com.ve\/site\/wp-json\/wp\/v2\/posts\/164594\/revisions"}],"predecessor-version":[{"id":164596,"href":"https:\/\/digital58.com.ve\/site\/wp-json\/wp\/v2\/posts\/164594\/revisions\/164596"}],"wp:featuredmedia":[{"embeddable":true,"href":"https:\/\/digital58.com.ve\/site\/wp-json\/wp\/v2\/media\/164595"}],"wp:attachment":[{"href":"https:\/\/digital58.com.ve\/site\/wp-json\/wp\/v2\/media?parent=164594"}],"wp:term":[{"taxonomy":"category","embeddable":true,"href":"https:\/\/digital58.com.ve\/site\/wp-json\/wp\/v2\/categories?post=164594"},{"taxonomy":"post_tag","embeddable":true,"href":"https:\/\/digital58.com.ve\/site\/wp-json\/wp\/v2\/tags?post=164594"}],"curies":[{"name":"wp","href":"https:\/\/api.w.org\/{rel}","templated":true}]}}