{"id":164632,"date":"2023-04-10T09:27:12","date_gmt":"2023-04-10T13:27:12","guid":{"rendered":"https:\/\/digital58.com.ve\/site\/?p=164632"},"modified":"2023-04-10T09:27:12","modified_gmt":"2023-04-10T13:27:12","slug":"zulia-mas-de-217-mil-kilos-de-basura-se-recogieron-durante-semana-santa-en-san-francisco","status":"publish","type":"post","link":"https:\/\/digital58.com.ve\/site\/2023\/04\/10\/zulia-mas-de-217-mil-kilos-de-basura-se-recogieron-durante-semana-santa-en-san-francisco\/","title":{"rendered":"#Zulia | M\u00e1s de 217 mil kilos de basura se recogieron durante Semana Santa en San Francisco"},"content":{"rendered":"<p><a href=\"https:\/\/digital58.com.ve\/site\/wp-content\/uploads\/2023\/04\/recoleccion-basura-san-francisco-4.jpg\"><img loading=\"lazy\" decoding=\"async\" class=\"aligncenter size-full wp-image-164633\" src=\"https:\/\/digital58.com.ve\/site\/wp-content\/uploads\/2023\/04\/recoleccion-basura-san-francisco-4.jpg\" alt=\"\" width=\"800\" height=\"450\" srcset=\"https:\/\/digital58.com.ve\/site\/wp-content\/uploads\/2023\/04\/recoleccion-basura-san-francisco-4.jpg 800w, https:\/\/digital58.com.ve\/site\/wp-content\/uploads\/2023\/04\/recoleccion-basura-san-francisco-4-300x169.jpg 300w, https:\/\/digital58.com.ve\/site\/wp-content\/uploads\/2023\/04\/recoleccion-basura-san-francisco-4-768x432.jpg 768w\" sizes=\"auto, (max-width: 800px) 100vw, 800px\" \/><\/a><\/p>\n<p>Durante el asueto de Semana Santa el alcalde Gustavo Fern\u00e1ndez supervisor personalmente el programa \u00abSan Francisco Limpio\u00bb, beneficiando a miles de familias de las siete parroquias del municipio que carec\u00edan por muchos a\u00f1os de este servicio.<\/p>\n<p><strong>San Francisco, Zulia, Venezuela, 10 de abril de 2023 (ND58).-<\/strong> El programa de recolecci\u00f3n de desechos s\u00f3lidos e higienizaci\u00f3n a cargo del personal y equipos de Instituto Municipal de Ambiente y Aseo Urbano del Sur, Imasur, se mantiene activo y sin descanso, con resultados \u00f3ptimos a lo largo de los diferentes sectores de la ciudad, entre los que destacan La Polar, Castillete, Sierra Maestra, San Francisco, la v\u00eda a La Ca\u00f1ada de Urdaneta, sector Plaza el Sol y Circunvalaci\u00f3n 1, as\u00ed como el resto de las comunidades sanfranciscanas.<\/p>\n<p><a href=\"https:\/\/digital58.com.ve\/site\/wp-content\/uploads\/2023\/04\/recoleccion-basura-san-francisco-2.jpg\"><img loading=\"lazy\" decoding=\"async\" class=\"aligncenter size-full wp-image-164635\" src=\"https:\/\/digital58.com.ve\/site\/wp-content\/uploads\/2023\/04\/recoleccion-basura-san-francisco-2.jpg\" alt=\"\" width=\"800\" height=\"450\" srcset=\"https:\/\/digital58.com.ve\/site\/wp-content\/uploads\/2023\/04\/recoleccion-basura-san-francisco-2.jpg 800w, https:\/\/digital58.com.ve\/site\/wp-content\/uploads\/2023\/04\/recoleccion-basura-san-francisco-2-300x169.jpg 300w, https:\/\/digital58.com.ve\/site\/wp-content\/uploads\/2023\/04\/recoleccion-basura-san-francisco-2-768x432.jpg 768w\" sizes=\"auto, (max-width: 800px) 100vw, 800px\" \/><\/a><\/p>\n<p>Gustavo Fern\u00e1ndez manifest\u00f3, \u00abnos sentimos complacidos por la labor emprendida por el equipo de hombres y mujeres que d\u00eda a d\u00eda toman las calles del municipio, para cumplir con nuestro deber de lograr contar con &#8216;San Francisco Limpio&#8217;, y los resultados son evidentes y excelentes a lo largo de las diferentes barriadas y urbanizaciones del municipio\u00bb.<\/p>\n<p><a href=\"https:\/\/digital58.com.ve\/site\/wp-content\/uploads\/2023\/04\/recoleccion-basura-san-francisco-3.jpg\"><img loading=\"lazy\" decoding=\"async\" class=\"aligncenter size-full wp-image-164634\" src=\"https:\/\/digital58.com.ve\/site\/wp-content\/uploads\/2023\/04\/recoleccion-basura-san-francisco-3.jpg\" alt=\"\" width=\"800\" height=\"450\" srcset=\"https:\/\/digital58.com.ve\/site\/wp-content\/uploads\/2023\/04\/recoleccion-basura-san-francisco-3.jpg 800w, https:\/\/digital58.com.ve\/site\/wp-content\/uploads\/2023\/04\/recoleccion-basura-san-francisco-3-300x169.jpg 300w, https:\/\/digital58.com.ve\/site\/wp-content\/uploads\/2023\/04\/recoleccion-basura-san-francisco-3-768x432.jpg 768w\" sizes=\"auto, (max-width: 800px) 100vw, 800px\" \/><\/a><\/p>\n<p>Durante los trabajos ininterrumpidos de la Semana Mayor, el equipo de Imasur retir\u00f3 m\u00e1s de 217 mil kilos de basura de las calles y avenidas de las \u00e1reas residenciales y comerciales de nuestra ciudad, para lo cual se cont\u00f3 con camiones compactadores, volteos, traker, maquinaria shover y por supuesto el personal de aseo urbano y barrido manual.<\/p>\n<p><a href=\"https:\/\/digital58.com.ve\/site\/wp-content\/uploads\/2023\/04\/recoleccion-basura-san-francisco.jpg\"><img loading=\"lazy\" decoding=\"async\" class=\"aligncenter size-full wp-image-164636\" src=\"https:\/\/digital58.com.ve\/site\/wp-content\/uploads\/2023\/04\/recoleccion-basura-san-francisco.jpg\" alt=\"\" width=\"800\" height=\"450\" srcset=\"https:\/\/digital58.com.ve\/site\/wp-content\/uploads\/2023\/04\/recoleccion-basura-san-francisco.jpg 800w, https:\/\/digital58.com.ve\/site\/wp-content\/uploads\/2023\/04\/recoleccion-basura-san-francisco-300x169.jpg 300w, https:\/\/digital58.com.ve\/site\/wp-content\/uploads\/2023\/04\/recoleccion-basura-san-francisco-768x432.jpg 768w\" sizes=\"auto, (max-width: 800px) 100vw, 800px\" \/><\/a><\/p>\n<p>El alcalde sure\u00f1o expres\u00f3, \u00abnuestro compromiso para lograr una ciudad limpia y embellecida no se detiene; por ello el aseo y recuperaci\u00f3n ambiental de San Francisco es una tarea perenne, que estamos logrando con el concurso de todo un equipo id\u00f3neo y la participaci\u00f3n de cada uno de los habitantes de nuestras comunidades\u00bb.<\/p>\n<p><strong>Redacci\u00f3n ND58 | Fuente: Prensa ADSF<\/strong><br \/>\n<strong>Edici\u00f3n: Villasmil, Henry<\/strong><br \/>\n<strong>Gr\u00e1fica: Cortes\u00eda Prensa ADSF<\/strong><\/p>\n<p>&nbsp;<\/p>\n<p>&nbsp;<\/p><div class=\"lbvax6a9dd1e386c89\" ><p style=\"text-align: center;\"><a href=\"https:\/\/t.me\/noticiasdigital58\" target=\"_blank\" rel=\"noopener\"><img class=\"aligncenter size-full wp-image-125363\" src=\"https:\/\/digital58.com.ve\/site\/wp-content\/uploads\/2021\/04\/banner-telegram-web-2021.png\" alt=\"\" width=\"600\" height=\"90\" \/><\/a><\/p><\/div><style type=\"text\/css\">\r\n@media screen and (min-width: 1201px) {\r\n.lbvax6a9dd1e386c89 {\r\ndisplay: block;\r\n}\r\n}\r\n@media screen and (min-width: 993px) and (max-width: 1200px) {\r\n.lbvax6a9dd1e386c89 {\r\ndisplay: block;\r\n}\r\n}\r\n@media screen and (min-width: 769px) and (max-width: 992px) {\r\n.lbvax6a9dd1e386c89 {\r\ndisplay: block;\r\n}\r\n}\r\n@media screen and (min-width: 768px) and (max-width: 768px) {\r\n.lbvax6a9dd1e386c89 {\r\ndisplay: block;\r\n}\r\n}\r\n@media screen and (max-width: 767px) {\r\n.lbvax6a9dd1e386c89 {\r\ndisplay: block;\r\n}\r\n}\r\n<\/style>\r\n\n<p>&nbsp;<\/p>\n<div style=\"margin-top: 0px; margin-bottom: 0px;\" class=\"sharethis-inline-share-buttons\" ><\/div>","protected":false},"excerpt":{"rendered":"<p>Durante el asueto de Semana Santa el alcalde Gustavo Fern\u00e1ndez supervisor personalmente el programa \u00abSan Francisco Limpio\u00bb, beneficiando a miles<\/p>\n","protected":false},"author":1,"featured_media":164636,"comment_status":"open","ping_status":"closed","sticky":false,"template":"","format":"standard","meta":{"colormag_page_container_layout":"default_layout","colormag_page_sidebar_layout":"default_layout","_uag_custom_page_level_css":"","footnotes":""},"categories":[14504],"tags":[4205,26001,30924,5816,233,2354,30928,32],"class_list":["post-164632","post","type-post","status-publish","format-standard","has-post-thumbnail","hentry","category-zulia","tag-alcaldia-de-san-francisco","tag-gustavo-fernandez","tag-imasur","tag-municipio-san-francisco","tag-nacionales","tag-regionales","tag-semana-santa-2023","tag-venezuela"],"yoast_head":"<!-- This site is optimized with the Yoast SEO plugin v28.4 - https:\/\/yoast.com\/product\/yoast-seo-wordpress\/ -->\n<title>#Zulia | M\u00e1s de 217 mil kilos de basura se recogieron durante Semana Santa en San Francisco<\/title>\n<meta name=\"robots\" content=\"index, follow, max-snippet:-1, max-image-preview:large, max-video-preview:-1\" \/>\n<link rel=\"canonical\" href=\"https:\/\/digital58.com.ve\/site\/2023\/04\/10\/zulia-mas-de-217-mil-kilos-de-basura-se-recogieron-durante-semana-santa-en-san-francisco\/\" \/>\n<meta property=\"og:locale\" content=\"es_ES\" \/>\n<meta property=\"og:type\" content=\"article\" \/>\n<meta property=\"og:title\" content=\"#Zulia | M\u00e1s de 217 mil kilos de basura se recogieron durante Semana Santa en San Francisco\" \/>\n<meta property=\"og:url\" content=\"https:\/\/digital58.com.ve\/site\/2023\/04\/10\/zulia-mas-de-217-mil-kilos-de-basura-se-recogieron-durante-semana-santa-en-san-francisco\/\" \/>\n<meta property=\"og:site_name\" content=\"Noticias Digital58\" \/>\n<meta property=\"article:published_time\" content=\"2023-04-10T13:27:12+00:00\" \/>\n<meta property=\"og:image\" content=\"https:\/\/i0.wp.com\/digital58.com.ve\/site\/wp-content\/uploads\/2023\/04\/recoleccion-basura-san-francisco.jpg?fit=800%2C450&ssl=1\" \/>\n\t<meta property=\"og:image:width\" content=\"800\" \/>\n\t<meta property=\"og:image:height\" content=\"450\" \/>\n\t<meta property=\"og:image:type\" content=\"image\/jpeg\" \/>\n<meta name=\"author\" content=\"Villasmil Henry\" \/>\n<meta name=\"twitter:card\" content=\"summary_large_image\" \/>\n<meta name=\"twitter:creator\" content=\"@https:\/\/twitter.com\/villasmilhfoto\" \/>\n<meta name=\"twitter:site\" content=\"@villasmilhfoto\" \/>\n<meta name=\"twitter:label1\" content=\"Escrito por\" \/>\n\t<meta name=\"twitter:data1\" content=\"Villasmil Henry\" \/>\n\t<meta name=\"twitter:label2\" content=\"Tiempo estimado de lectura\" \/>\n\t<meta name=\"twitter:data2\" content=\"2 minutos\" \/>\n<script type=\"application\/ld+json\" class=\"yoast-schema-graph\">{\"@context\":\"https:\\\/\\\/schema.org\",\"@graph\":[{\"@type\":\"Article\",\"@id\":\"https:\\\/\\\/digital58.com.ve\\\/site\\\/2023\\\/04\\\/10\\\/zulia-mas-de-217-mil-kilos-de-basura-se-recogieron-durante-semana-santa-en-san-francisco\\\/#article\",\"isPartOf\":{\"@id\":\"https:\\\/\\\/digital58.com.ve\\\/site\\\/2023\\\/04\\\/10\\\/zulia-mas-de-217-mil-kilos-de-basura-se-recogieron-durante-semana-santa-en-san-francisco\\\/\"},\"author\":{\"name\":\"Villasmil Henry\",\"@id\":\"https:\\\/\\\/digital58.com.ve\\\/site\\\/#\\\/schema\\\/person\\\/64d1c2e4d0d4fd1b849980c4331c2951\"},\"headline\":\"#Zulia | M\u00e1s de 217 mil kilos de basura se recogieron durante Semana Santa en San Francisco\",\"datePublished\":\"2023-04-10T13:27:12+00:00\",\"mainEntityOfPage\":{\"@id\":\"https:\\\/\\\/digital58.com.ve\\\/site\\\/2023\\\/04\\\/10\\\/zulia-mas-de-217-mil-kilos-de-basura-se-recogieron-durante-semana-santa-en-san-francisco\\\/\"},\"wordCount\":339,\"commentCount\":0,\"publisher\":{\"@id\":\"https:\\\/\\\/digital58.com.ve\\\/site\\\/#\\\/schema\\\/person\\\/64d1c2e4d0d4fd1b849980c4331c2951\"},\"image\":{\"@id\":\"https:\\\/\\\/digital58.com.ve\\\/site\\\/2023\\\/04\\\/10\\\/zulia-mas-de-217-mil-kilos-de-basura-se-recogieron-durante-semana-santa-en-san-francisco\\\/#primaryimage\"},\"thumbnailUrl\":\"https:\\\/\\\/digital58.com.ve\\\/site\\\/wp-content\\\/uploads\\\/2023\\\/04\\\/recoleccion-basura-san-francisco.jpg\",\"keywords\":[\"Alcald\u00eda de San Francisco\",\"Gustavo Fern\u00e1ndez\",\"IMASUR\",\"Municipio San Francisco\",\"Nacionales\",\"Regionales\",\"Semana Santa 2023\",\"Venezuela\"],\"articleSection\":[\"Zulia\"],\"inLanguage\":\"es\",\"potentialAction\":[{\"@type\":\"CommentAction\",\"name\":\"Comment\",\"target\":[\"https:\\\/\\\/digital58.com.ve\\\/site\\\/2023\\\/04\\\/10\\\/zulia-mas-de-217-mil-kilos-de-basura-se-recogieron-durante-semana-santa-en-san-francisco\\\/#respond\"]}]},{\"@type\":\"WebPage\",\"@id\":\"https:\\\/\\\/digital58.com.ve\\\/site\\\/2023\\\/04\\\/10\\\/zulia-mas-de-217-mil-kilos-de-basura-se-recogieron-durante-semana-santa-en-san-francisco\\\/\",\"url\":\"https:\\\/\\\/digital58.com.ve\\\/site\\\/2023\\\/04\\\/10\\\/zulia-mas-de-217-mil-kilos-de-basura-se-recogieron-durante-semana-santa-en-san-francisco\\\/\",\"name\":\"#Zulia | M\u00e1s de 217 mil kilos de basura se recogieron durante Semana Santa en San Francisco\",\"isPartOf\":{\"@id\":\"https:\\\/\\\/digital58.com.ve\\\/site\\\/#website\"},\"primaryImageOfPage\":{\"@id\":\"https:\\\/\\\/digital58.com.ve\\\/site\\\/2023\\\/04\\\/10\\\/zulia-mas-de-217-mil-kilos-de-basura-se-recogieron-durante-semana-santa-en-san-francisco\\\/#primaryimage\"},\"image\":{\"@id\":\"https:\\\/\\\/digital58.com.ve\\\/site\\\/2023\\\/04\\\/10\\\/zulia-mas-de-217-mil-kilos-de-basura-se-recogieron-durante-semana-santa-en-san-francisco\\\/#primaryimage\"},\"thumbnailUrl\":\"https:\\\/\\\/digital58.com.ve\\\/site\\\/wp-content\\\/uploads\\\/2023\\\/04\\\/recoleccion-basura-san-francisco.jpg\",\"datePublished\":\"2023-04-10T13:27:12+00:00\",\"breadcrumb\":{\"@id\":\"https:\\\/\\\/digital58.com.ve\\\/site\\\/2023\\\/04\\\/10\\\/zulia-mas-de-217-mil-kilos-de-basura-se-recogieron-durante-semana-santa-en-san-francisco\\\/#breadcrumb\"},\"inLanguage\":\"es\",\"potentialAction\":[{\"@type\":\"ReadAction\",\"target\":[\"https:\\\/\\\/digital58.com.ve\\\/site\\\/2023\\\/04\\\/10\\\/zulia-mas-de-217-mil-kilos-de-basura-se-recogieron-durante-semana-santa-en-san-francisco\\\/\"]}]},{\"@type\":\"ImageObject\",\"inLanguage\":\"es\",\"@id\":\"https:\\\/\\\/digital58.com.ve\\\/site\\\/2023\\\/04\\\/10\\\/zulia-mas-de-217-mil-kilos-de-basura-se-recogieron-durante-semana-santa-en-san-francisco\\\/#primaryimage\",\"url\":\"https:\\\/\\\/digital58.com.ve\\\/site\\\/wp-content\\\/uploads\\\/2023\\\/04\\\/recoleccion-basura-san-francisco.jpg\",\"contentUrl\":\"https:\\\/\\\/digital58.com.ve\\\/site\\\/wp-content\\\/uploads\\\/2023\\\/04\\\/recoleccion-basura-san-francisco.jpg\",\"width\":800,\"height\":450},{\"@type\":\"BreadcrumbList\",\"@id\":\"https:\\\/\\\/digital58.com.ve\\\/site\\\/2023\\\/04\\\/10\\\/zulia-mas-de-217-mil-kilos-de-basura-se-recogieron-durante-semana-santa-en-san-francisco\\\/#breadcrumb\",\"itemListElement\":[{\"@type\":\"ListItem\",\"position\":1,\"name\":\"Home\",\"item\":\"https:\\\/\\\/digital58.com.ve\\\/site\\\/\"},{\"@type\":\"ListItem\",\"position\":2,\"name\":\"#Zulia | M\u00e1s de 217 mil kilos de basura se recogieron durante Semana Santa en San Francisco\"}]},{\"@type\":\"WebSite\",\"@id\":\"https:\\\/\\\/digital58.com.ve\\\/site\\\/#website\",\"url\":\"https:\\\/\\\/digital58.com.ve\\\/site\\\/\",\"name\":\"Noticias Digital58\",\"description\":\"Portal de Noticias \u00a1Periodismo web de verdad! Lanzamiento web 22.11.2005 \\\/ Maracaibo, Venezuela\",\"publisher\":{\"@id\":\"https:\\\/\\\/digital58.com.ve\\\/site\\\/#\\\/schema\\\/person\\\/64d1c2e4d0d4fd1b849980c4331c2951\"},\"alternateName\":\"ND58\",\"potentialAction\":[{\"@type\":\"SearchAction\",\"target\":{\"@type\":\"EntryPoint\",\"urlTemplate\":\"https:\\\/\\\/digital58.com.ve\\\/site\\\/?s={search_term_string}\"},\"query-input\":{\"@type\":\"PropertyValueSpecification\",\"valueRequired\":true,\"valueName\":\"search_term_string\"}}],\"inLanguage\":\"es\"},{\"@type\":[\"Person\",\"Organization\"],\"@id\":\"https:\\\/\\\/digital58.com.ve\\\/site\\\/#\\\/schema\\\/person\\\/64d1c2e4d0d4fd1b849980c4331c2951\",\"name\":\"Villasmil Henry\",\"image\":{\"@type\":\"ImageObject\",\"inLanguage\":\"es\",\"@id\":\"https:\\\/\\\/secure.gravatar.com\\\/avatar\\\/bb0c4a2fcb7970138239f7e404ea75757b1b507b28b5ce4c53fbd62d797c5a7c?s=96&d=mm&r=g\",\"url\":\"https:\\\/\\\/secure.gravatar.com\\\/avatar\\\/bb0c4a2fcb7970138239f7e404ea75757b1b507b28b5ce4c53fbd62d797c5a7c?s=96&d=mm&r=g\",\"contentUrl\":\"https:\\\/\\\/secure.gravatar.com\\\/avatar\\\/bb0c4a2fcb7970138239f7e404ea75757b1b507b28b5ce4c53fbd62d797c5a7c?s=96&d=mm&r=g\",\"caption\":\"Villasmil Henry\"},\"logo\":{\"@id\":\"https:\\\/\\\/secure.gravatar.com\\\/avatar\\\/bb0c4a2fcb7970138239f7e404ea75757b1b507b28b5ce4c53fbd62d797c5a7c?s=96&d=mm&r=g\"},\"sameAs\":[\"http:\\\/\\\/www.henryvillasmil.com.ve\",\"https:\\\/\\\/www.instagram.com\\\/villasmilhfoto\\\/\",\"https:\\\/\\\/x.com\\\/https:\\\/\\\/twitter.com\\\/villasmilhfoto\"],\"url\":\"https:\\\/\\\/digital58.com.ve\\\/site\\\/author\\\/droopy_68\\\/\"}]}<\/script>\n<!-- \/ Yoast SEO plugin. -->","yoast_head_json":{"title":"#Zulia | M\u00e1s de 217 mil kilos de basura se recogieron durante Semana Santa en San Francisco","robots":{"index":"index","follow":"follow","max-snippet":"max-snippet:-1","max-image-preview":"max-image-preview:large","max-video-preview":"max-video-preview:-1"},"canonical":"https:\/\/digital58.com.ve\/site\/2023\/04\/10\/zulia-mas-de-217-mil-kilos-de-basura-se-recogieron-durante-semana-santa-en-san-francisco\/","og_locale":"es_ES","og_type":"article","og_title":"#Zulia | M\u00e1s de 217 mil kilos de basura se recogieron durante Semana Santa en San Francisco","og_url":"https:\/\/digital58.com.ve\/site\/2023\/04\/10\/zulia-mas-de-217-mil-kilos-de-basura-se-recogieron-durante-semana-santa-en-san-francisco\/","og_site_name":"Noticias Digital58","article_published_time":"2023-04-10T13:27:12+00:00","og_image":[{"width":800,"height":450,"url":"https:\/\/i0.wp.com\/digital58.com.ve\/site\/wp-content\/uploads\/2023\/04\/recoleccion-basura-san-francisco.jpg?fit=800%2C450&ssl=1","type":"image\/jpeg"}],"author":"Villasmil Henry","twitter_card":"summary_large_image","twitter_creator":"@https:\/\/twitter.com\/villasmilhfoto","twitter_site":"@villasmilhfoto","twitter_misc":{"Escrito por":"Villasmil Henry","Tiempo estimado de lectura":"2 minutos"},"schema":{"@context":"https:\/\/schema.org","@graph":[{"@type":"Article","@id":"https:\/\/digital58.com.ve\/site\/2023\/04\/10\/zulia-mas-de-217-mil-kilos-de-basura-se-recogieron-durante-semana-santa-en-san-francisco\/#article","isPartOf":{"@id":"https:\/\/digital58.com.ve\/site\/2023\/04\/10\/zulia-mas-de-217-mil-kilos-de-basura-se-recogieron-durante-semana-santa-en-san-francisco\/"},"author":{"name":"Villasmil Henry","@id":"https:\/\/digital58.com.ve\/site\/#\/schema\/person\/64d1c2e4d0d4fd1b849980c4331c2951"},"headline":"#Zulia | M\u00e1s de 217 mil kilos de basura se recogieron durante Semana Santa en San Francisco","datePublished":"2023-04-10T13:27:12+00:00","mainEntityOfPage":{"@id":"https:\/\/digital58.com.ve\/site\/2023\/04\/10\/zulia-mas-de-217-mil-kilos-de-basura-se-recogieron-durante-semana-santa-en-san-francisco\/"},"wordCount":339,"commentCount":0,"publisher":{"@id":"https:\/\/digital58.com.ve\/site\/#\/schema\/person\/64d1c2e4d0d4fd1b849980c4331c2951"},"image":{"@id":"https:\/\/digital58.com.ve\/site\/2023\/04\/10\/zulia-mas-de-217-mil-kilos-de-basura-se-recogieron-durante-semana-santa-en-san-francisco\/#primaryimage"},"thumbnailUrl":"https:\/\/digital58.com.ve\/site\/wp-content\/uploads\/2023\/04\/recoleccion-basura-san-francisco.jpg","keywords":["Alcald\u00eda de San Francisco","Gustavo Fern\u00e1ndez","IMASUR","Municipio San Francisco","Nacionales","Regionales","Semana Santa 2023","Venezuela"],"articleSection":["Zulia"],"inLanguage":"es","potentialAction":[{"@type":"CommentAction","name":"Comment","target":["https:\/\/digital58.com.ve\/site\/2023\/04\/10\/zulia-mas-de-217-mil-kilos-de-basura-se-recogieron-durante-semana-santa-en-san-francisco\/#respond"]}]},{"@type":"WebPage","@id":"https:\/\/digital58.com.ve\/site\/2023\/04\/10\/zulia-mas-de-217-mil-kilos-de-basura-se-recogieron-durante-semana-santa-en-san-francisco\/","url":"https:\/\/digital58.com.ve\/site\/2023\/04\/10\/zulia-mas-de-217-mil-kilos-de-basura-se-recogieron-durante-semana-santa-en-san-francisco\/","name":"#Zulia | M\u00e1s de 217 mil kilos de basura se recogieron durante Semana Santa en San Francisco","isPartOf":{"@id":"https:\/\/digital58.com.ve\/site\/#website"},"primaryImageOfPage":{"@id":"https:\/\/digital58.com.ve\/site\/2023\/04\/10\/zulia-mas-de-217-mil-kilos-de-basura-se-recogieron-durante-semana-santa-en-san-francisco\/#primaryimage"},"image":{"@id":"https:\/\/digital58.com.ve\/site\/2023\/04\/10\/zulia-mas-de-217-mil-kilos-de-basura-se-recogieron-durante-semana-santa-en-san-francisco\/#primaryimage"},"thumbnailUrl":"https:\/\/digital58.com.ve\/site\/wp-content\/uploads\/2023\/04\/recoleccion-basura-san-francisco.jpg","datePublished":"2023-04-10T13:27:12+00:00","breadcrumb":{"@id":"https:\/\/digital58.com.ve\/site\/2023\/04\/10\/zulia-mas-de-217-mil-kilos-de-basura-se-recogieron-durante-semana-santa-en-san-francisco\/#breadcrumb"},"inLanguage":"es","potentialAction":[{"@type":"ReadAction","target":["https:\/\/digital58.com.ve\/site\/2023\/04\/10\/zulia-mas-de-217-mil-kilos-de-basura-se-recogieron-durante-semana-santa-en-san-francisco\/"]}]},{"@type":"ImageObject","inLanguage":"es","@id":"https:\/\/digital58.com.ve\/site\/2023\/04\/10\/zulia-mas-de-217-mil-kilos-de-basura-se-recogieron-durante-semana-santa-en-san-francisco\/#primaryimage","url":"https:\/\/digital58.com.ve\/site\/wp-content\/uploads\/2023\/04\/recoleccion-basura-san-francisco.jpg","contentUrl":"https:\/\/digital58.com.ve\/site\/wp-content\/uploads\/2023\/04\/recoleccion-basura-san-francisco.jpg","width":800,"height":450},{"@type":"BreadcrumbList","@id":"https:\/\/digital58.com.ve\/site\/2023\/04\/10\/zulia-mas-de-217-mil-kilos-de-basura-se-recogieron-durante-semana-santa-en-san-francisco\/#breadcrumb","itemListElement":[{"@type":"ListItem","position":1,"name":"Home","item":"https:\/\/digital58.com.ve\/site\/"},{"@type":"ListItem","position":2,"name":"#Zulia | M\u00e1s de 217 mil kilos de basura se recogieron durante Semana Santa en San Francisco"}]},{"@type":"WebSite","@id":"https:\/\/digital58.com.ve\/site\/#website","url":"https:\/\/digital58.com.ve\/site\/","name":"Noticias Digital58","description":"Portal de Noticias \u00a1Periodismo web de verdad! Lanzamiento web 22.11.2005 \/ Maracaibo, Venezuela","publisher":{"@id":"https:\/\/digital58.com.ve\/site\/#\/schema\/person\/64d1c2e4d0d4fd1b849980c4331c2951"},"alternateName":"ND58","potentialAction":[{"@type":"SearchAction","target":{"@type":"EntryPoint","urlTemplate":"https:\/\/digital58.com.ve\/site\/?s={search_term_string}"},"query-input":{"@type":"PropertyValueSpecification","valueRequired":true,"valueName":"search_term_string"}}],"inLanguage":"es"},{"@type":["Person","Organization"],"@id":"https:\/\/digital58.com.ve\/site\/#\/schema\/person\/64d1c2e4d0d4fd1b849980c4331c2951","name":"Villasmil Henry","image":{"@type":"ImageObject","inLanguage":"es","@id":"https:\/\/secure.gravatar.com\/avatar\/bb0c4a2fcb7970138239f7e404ea75757b1b507b28b5ce4c53fbd62d797c5a7c?s=96&d=mm&r=g","url":"https:\/\/secure.gravatar.com\/avatar\/bb0c4a2fcb7970138239f7e404ea75757b1b507b28b5ce4c53fbd62d797c5a7c?s=96&d=mm&r=g","contentUrl":"https:\/\/secure.gravatar.com\/avatar\/bb0c4a2fcb7970138239f7e404ea75757b1b507b28b5ce4c53fbd62d797c5a7c?s=96&d=mm&r=g","caption":"Villasmil Henry"},"logo":{"@id":"https:\/\/secure.gravatar.com\/avatar\/bb0c4a2fcb7970138239f7e404ea75757b1b507b28b5ce4c53fbd62d797c5a7c?s=96&d=mm&r=g"},"sameAs":["http:\/\/www.henryvillasmil.com.ve","https:\/\/www.instagram.com\/villasmilhfoto\/","https:\/\/x.com\/https:\/\/twitter.com\/villasmilhfoto"],"url":"https:\/\/digital58.com.ve\/site\/author\/droopy_68\/"}]}},"uagb_featured_image_src":{"full":["https:\/\/digital58.com.ve\/site\/wp-content\/uploads\/2023\/04\/recoleccion-basura-san-francisco.jpg",800,450,false],"thumbnail":["https:\/\/digital58.com.ve\/site\/wp-content\/uploads\/2023\/04\/recoleccion-basura-san-francisco-150x150.jpg",150,150,true],"medium":["https:\/\/digital58.com.ve\/site\/wp-content\/uploads\/2023\/04\/recoleccion-basura-san-francisco-300x169.jpg",300,169,true],"medium_large":["https:\/\/digital58.com.ve\/site\/wp-content\/uploads\/2023\/04\/recoleccion-basura-san-francisco-768x432.jpg",768,432,true],"large":["https:\/\/digital58.com.ve\/site\/wp-content\/uploads\/2023\/04\/recoleccion-basura-san-francisco.jpg",800,450,false],"1536x1536":["https:\/\/digital58.com.ve\/site\/wp-content\/uploads\/2023\/04\/recoleccion-basura-san-francisco.jpg",800,450,false],"2048x2048":["https:\/\/digital58.com.ve\/site\/wp-content\/uploads\/2023\/04\/recoleccion-basura-san-francisco.jpg",800,450,false],"colormag-highlighted-post":["https:\/\/digital58.com.ve\/site\/wp-content\/uploads\/2023\/04\/recoleccion-basura-san-francisco-392x272.jpg",392,272,true],"colormag-featured-post-medium":["https:\/\/digital58.com.ve\/site\/wp-content\/uploads\/2023\/04\/recoleccion-basura-san-francisco-390x205.jpg",390,205,true],"colormag-featured-post-small":["https:\/\/digital58.com.ve\/site\/wp-content\/uploads\/2023\/04\/recoleccion-basura-san-francisco-130x90.jpg",130,90,true],"colormag-featured-image":["https:\/\/digital58.com.ve\/site\/wp-content\/uploads\/2023\/04\/recoleccion-basura-san-francisco-800x445.jpg",800,445,true],"colormag-default-news":["https:\/\/digital58.com.ve\/site\/wp-content\/uploads\/2023\/04\/recoleccion-basura-san-francisco.jpg",150,84,false],"colormag-featured-image-large":["https:\/\/digital58.com.ve\/site\/wp-content\/uploads\/2023\/04\/recoleccion-basura-san-francisco.jpg",800,450,false]},"uagb_author_info":{"display_name":"Villasmil Henry","author_link":"https:\/\/digital58.com.ve\/site\/author\/droopy_68\/"},"uagb_comment_info":0,"uagb_excerpt":"Durante el asueto de Semana Santa el alcalde Gustavo Fern\u00e1ndez supervisor personalmente el programa \u00abSan Francisco Limpio\u00bb, beneficiando a miles","_links":{"self":[{"href":"https:\/\/digital58.com.ve\/site\/wp-json\/wp\/v2\/posts\/164632","targetHints":{"allow":["GET"]}}],"collection":[{"href":"https:\/\/digital58.com.ve\/site\/wp-json\/wp\/v2\/posts"}],"about":[{"href":"https:\/\/digital58.com.ve\/site\/wp-json\/wp\/v2\/types\/post"}],"author":[{"embeddable":true,"href":"https:\/\/digital58.com.ve\/site\/wp-json\/wp\/v2\/users\/1"}],"replies":[{"embeddable":true,"href":"https:\/\/digital58.com.ve\/site\/wp-json\/wp\/v2\/comments?post=164632"}],"version-history":[{"count":1,"href":"https:\/\/digital58.com.ve\/site\/wp-json\/wp\/v2\/posts\/164632\/revisions"}],"predecessor-version":[{"id":164637,"href":"https:\/\/digital58.com.ve\/site\/wp-json\/wp\/v2\/posts\/164632\/revisions\/164637"}],"wp:featuredmedia":[{"embeddable":true,"href":"https:\/\/digital58.com.ve\/site\/wp-json\/wp\/v2\/media\/164636"}],"wp:attachment":[{"href":"https:\/\/digital58.com.ve\/site\/wp-json\/wp\/v2\/media?parent=164632"}],"wp:term":[{"taxonomy":"category","embeddable":true,"href":"https:\/\/digital58.com.ve\/site\/wp-json\/wp\/v2\/categories?post=164632"},{"taxonomy":"post_tag","embeddable":true,"href":"https:\/\/digital58.com.ve\/site\/wp-json\/wp\/v2\/tags?post=164632"}],"curies":[{"name":"wp","href":"https:\/\/api.w.org\/{rel}","templated":true}]}}