{"id":164703,"date":"2023-04-12T11:27:04","date_gmt":"2023-04-12T15:27:04","guid":{"rendered":"https:\/\/digital58.com.ve\/site\/?p=164703"},"modified":"2023-04-12T11:27:04","modified_gmt":"2023-04-12T15:27:04","slug":"el-tour-sinfonico-de-felipe-pelaez-llega-a-maracaibo-el-12-de-mayo","status":"publish","type":"post","link":"https:\/\/digital58.com.ve\/site\/2023\/04\/12\/el-tour-sinfonico-de-felipe-pelaez-llega-a-maracaibo-el-12-de-mayo\/","title":{"rendered":"El Tour Sinf\u00f3nico de Felipe Pel\u00e1ez llega a Maracaibo el 12 de mayo"},"content":{"rendered":"<p><img loading=\"lazy\" decoding=\"async\" class=\"alignnone size-large wp-image-164706\" src=\"https:\/\/digital58.com.ve\/site\/wp-content\/uploads\/2023\/04\/84402ce2-eaca-4d3a-888f-8f32eceb0a0f-1-800x1000.jpg\" alt=\"\" width=\"800\" height=\"1000\" srcset=\"https:\/\/digital58.com.ve\/site\/wp-content\/uploads\/2023\/04\/84402ce2-eaca-4d3a-888f-8f32eceb0a0f-1-800x1000.jpg 800w, https:\/\/digital58.com.ve\/site\/wp-content\/uploads\/2023\/04\/84402ce2-eaca-4d3a-888f-8f32eceb0a0f-1-240x300.jpg 240w, https:\/\/digital58.com.ve\/site\/wp-content\/uploads\/2023\/04\/84402ce2-eaca-4d3a-888f-8f32eceb0a0f-1-768x960.jpg 768w, https:\/\/digital58.com.ve\/site\/wp-content\/uploads\/2023\/04\/84402ce2-eaca-4d3a-888f-8f32eceb0a0f-1.jpg 1080w\" sizes=\"auto, (max-width: 800px) 100vw, 800px\" \/><\/p>\n<p>Una de las metas pendientes del cantante Felipe Pel\u00e1ez era ofrecer un concierto en el Teatro Teresa Carre\u00f1o y est\u00e1 a pocos meses de alcanzarla, pues anunci\u00f3 que ofrecer\u00e1 un concierto en la sala R\u00edos Reyna del imponente recinto, como parte de su \u201cTour Sinf\u00f3nico de Felipe Pel\u00e1ez\u201d con el que recorrer\u00e1 gran parte de Venezuela.<\/p>\n<p><strong>Maracaibo, Zulia, Venezuela, 12 de abril de 2023 (ND58).-<\/strong> Ser\u00e1 el 4 de mayo cuando el cantante de vallenato ofrezca el primero de cinco performances, en los que estar\u00e1 acompa\u00f1ado de la Orquesta de C\u00e1mara Sim\u00f3n Bol\u00edvar, bajo la batuta del maestro Jes\u00fas Uzc\u00e1tegui.<\/p>\n<p>La gira contin\u00faa en Maracay el 5 de mayo, un d\u00eda despu\u00e9s en Valencia y sigue en Maracaibo, el 12 de mayo en el Aula Magna de la universidad Rafael Urdaneta; finalmente cerrar\u00e1 en San Crist\u00f3bal, el d\u00eda 13 del mismo mes.<\/p>\n<p><img loading=\"lazy\" decoding=\"async\" class=\"alignnone size-large wp-image-164704\" src=\"https:\/\/digital58.com.ve\/site\/wp-content\/uploads\/2023\/04\/felipe-832x1000.jpg\" alt=\"\" width=\"800\" height=\"962\" srcset=\"https:\/\/digital58.com.ve\/site\/wp-content\/uploads\/2023\/04\/felipe-832x1000.jpg 832w, https:\/\/digital58.com.ve\/site\/wp-content\/uploads\/2023\/04\/felipe-250x300.jpg 250w, https:\/\/digital58.com.ve\/site\/wp-content\/uploads\/2023\/04\/felipe-768x923.jpg 768w, https:\/\/digital58.com.ve\/site\/wp-content\/uploads\/2023\/04\/felipe-1278x1536.jpg 1278w, https:\/\/digital58.com.ve\/site\/wp-content\/uploads\/2023\/04\/felipe.jpg 1600w\" sizes=\"auto, (max-width: 800px) 100vw, 800px\" \/>Los fan\u00e1ticos del ganador del Latin Grammy podr\u00e1n disfrutar de la adaptaci\u00f3n de su repertorio en arreglos sinf\u00f3nicos, fusionando su estilo en vivo con la m\u00fasica acad\u00e9mica de la mano del tambi\u00e9n director de orquestas Jos\u00e9 Luis Garc\u00eda y el productor musical tachirense Raniero Palm.<\/p>\n<p>OM Producciones, Arte Producciones y Manager shows, empresas que se encargar\u00e1n del montaje de los espect\u00e1culos, aseguran que sean innovadores con una apuesta audiovisual que sorprender\u00e1, gracias al despliegue tecnol\u00f3gico en el uso de equipos de \u00faltima generaci\u00f3n, que corresponden a los m\u00e1s altos niveles de producci\u00f3n de la actualidad.<\/p><div class=\"lfnbc69f2995150b15\" ><p style=\"text-align: center;\"><a href=\"https:\/\/t.me\/noticiasdigital58\" target=\"_blank\" rel=\"noopener\"><img class=\"aligncenter size-full wp-image-125363\" src=\"https:\/\/digital58.com.ve\/site\/wp-content\/uploads\/2021\/04\/banner-telegram-web-2021.png\" alt=\"\" width=\"600\" height=\"90\" \/><\/a><\/p><\/div><style type=\"text\/css\">\r\n@media screen and (min-width: 1201px) {\r\n.lfnbc69f2995150b15 {\r\ndisplay: block;\r\n}\r\n}\r\n@media screen and (min-width: 993px) and (max-width: 1200px) {\r\n.lfnbc69f2995150b15 {\r\ndisplay: block;\r\n}\r\n}\r\n@media screen and (min-width: 769px) and (max-width: 992px) {\r\n.lfnbc69f2995150b15 {\r\ndisplay: block;\r\n}\r\n}\r\n@media screen and (min-width: 768px) and (max-width: 768px) {\r\n.lfnbc69f2995150b15 {\r\ndisplay: block;\r\n}\r\n}\r\n@media screen and (max-width: 767px) {\r\n.lfnbc69f2995150b15 {\r\ndisplay: block;\r\n}\r\n}\r\n<\/style>\r\n\n<p class=\"p1\"><b>Redacci\u00f3n ND58 | NDP\u00a0<\/b><br \/>\n<b>Edici\u00f3n: \u00c1\u00f1ez, Caren\u00a0<\/b><br \/>\n<b>Gr\u00e1fica: Cortes\u00eda <\/b><\/p>\n<div style=\"margin-top: 0px; margin-bottom: 0px;\" class=\"sharethis-inline-share-buttons\" ><\/div>","protected":false},"excerpt":{"rendered":"<p>Una de las metas pendientes del cantante Felipe Pel\u00e1ez era ofrecer un concierto en el Teatro Teresa Carre\u00f1o y est\u00e1<\/p>\n","protected":false},"author":39,"featured_media":164705,"comment_status":"open","ping_status":"closed","sticky":false,"template":"","format":"standard","meta":{"colormag_page_container_layout":"default_layout","colormag_page_sidebar_layout":"default_layout","_uag_custom_page_level_css":"","footnotes":""},"categories":[5412,5417],"tags":[6060,5818,50,1702,31029,233,31031,31030,214,32],"class_list":["post-164703","post","type-post","status-publish","format-standard","has-post-thumbnail","hentry","category-donde_ir_maracaibo","category-conciertos","tag-cantante","tag-concierto","tag-entretenimiento","tag-felipe-pelaez","tag-felipe-pelaez-tour-sinfonico","tag-nacionales","tag-orquesta-de-camara-simon-bolivar","tag-tour-sinfonico","tag-vallenato","tag-venezuela"],"yoast_head":"<!-- This site is optimized with the Yoast SEO plugin v27.5 - https:\/\/yoast.com\/product\/yoast-seo-wordpress\/ -->\n<title>El Tour Sinf\u00f3nico de Felipe Pel\u00e1ez llega a Maracaibo el 12 de mayo<\/title>\n<meta name=\"robots\" content=\"index, follow, max-snippet:-1, max-image-preview:large, max-video-preview:-1\" \/>\n<link rel=\"canonical\" href=\"https:\/\/digital58.com.ve\/site\/2023\/04\/12\/el-tour-sinfonico-de-felipe-pelaez-llega-a-maracaibo-el-12-de-mayo\/\" \/>\n<meta property=\"og:locale\" content=\"es_ES\" \/>\n<meta property=\"og:type\" content=\"article\" \/>\n<meta property=\"og:title\" content=\"El Tour Sinf\u00f3nico de Felipe Pel\u00e1ez llega a Maracaibo el 12 de mayo\" \/>\n<meta property=\"og:url\" content=\"https:\/\/digital58.com.ve\/site\/2023\/04\/12\/el-tour-sinfonico-de-felipe-pelaez-llega-a-maracaibo-el-12-de-mayo\/\" \/>\n<meta property=\"og:site_name\" content=\"Noticias Digital58\" \/>\n<meta property=\"article:published_time\" content=\"2023-04-12T15:27:04+00:00\" \/>\n<meta property=\"og:image\" content=\"https:\/\/i0.wp.com\/digital58.com.ve\/site\/wp-content\/uploads\/2023\/04\/84402ce2-eaca-4d3a-888f-8f32eceb0a0f-e1681313000981.jpg?fit=1080%2C732&ssl=1\" \/>\n\t<meta property=\"og:image:width\" content=\"1080\" \/>\n\t<meta property=\"og:image:height\" content=\"732\" \/>\n\t<meta property=\"og:image:type\" content=\"image\/jpeg\" \/>\n<meta name=\"author\" content=\"Caren A\u00f1ez\" \/>\n<meta name=\"twitter:card\" content=\"summary_large_image\" \/>\n<meta name=\"twitter:creator\" content=\"@carenanez\" \/>\n<meta name=\"twitter:site\" content=\"@villasmilhfoto\" \/>\n<meta name=\"twitter:label1\" content=\"Escrito por\" \/>\n\t<meta name=\"twitter:data1\" content=\"Caren A\u00f1ez\" \/>\n\t<meta name=\"twitter:label2\" content=\"Tiempo estimado de lectura\" \/>\n\t<meta name=\"twitter:data2\" content=\"1 minuto\" \/>\n<script type=\"application\/ld+json\" class=\"yoast-schema-graph\">{\"@context\":\"https:\\\/\\\/schema.org\",\"@graph\":[{\"@type\":\"Article\",\"@id\":\"https:\\\/\\\/digital58.com.ve\\\/site\\\/2023\\\/04\\\/12\\\/el-tour-sinfonico-de-felipe-pelaez-llega-a-maracaibo-el-12-de-mayo\\\/#article\",\"isPartOf\":{\"@id\":\"https:\\\/\\\/digital58.com.ve\\\/site\\\/2023\\\/04\\\/12\\\/el-tour-sinfonico-de-felipe-pelaez-llega-a-maracaibo-el-12-de-mayo\\\/\"},\"author\":{\"name\":\"Caren A\u00f1ez\",\"@id\":\"https:\\\/\\\/digital58.com.ve\\\/site\\\/#\\\/schema\\\/person\\\/38596b127602deaa13fbcd7585635238\"},\"headline\":\"El Tour Sinf\u00f3nico de Felipe Pel\u00e1ez llega a Maracaibo el 12 de mayo\",\"datePublished\":\"2023-04-12T15:27:04+00:00\",\"mainEntityOfPage\":{\"@id\":\"https:\\\/\\\/digital58.com.ve\\\/site\\\/2023\\\/04\\\/12\\\/el-tour-sinfonico-de-felipe-pelaez-llega-a-maracaibo-el-12-de-mayo\\\/\"},\"wordCount\":288,\"commentCount\":0,\"publisher\":{\"@id\":\"https:\\\/\\\/digital58.com.ve\\\/site\\\/#\\\/schema\\\/person\\\/64d1c2e4d0d4fd1b849980c4331c2951\"},\"image\":{\"@id\":\"https:\\\/\\\/digital58.com.ve\\\/site\\\/2023\\\/04\\\/12\\\/el-tour-sinfonico-de-felipe-pelaez-llega-a-maracaibo-el-12-de-mayo\\\/#primaryimage\"},\"thumbnailUrl\":\"https:\\\/\\\/digital58.com.ve\\\/site\\\/wp-content\\\/uploads\\\/2023\\\/04\\\/84402ce2-eaca-4d3a-888f-8f32eceb0a0f-e1681313000981.jpg\",\"keywords\":[\"cantante\",\"Concierto\",\"Entretenimiento\",\"Felipe Pel\u00e1ez\",\"Felipe Pel\u00e1ez Tour Sinfonico\",\"Nacionales\",\"Orquesta de C\u00e1mara Simon Bolivar\",\"tour sinfonico\",\"Vallenato\",\"Venezuela\"],\"articleSection\":[\"\u00bfD\u00f3nde ir Maracaibo?\",\"Conciertos\"],\"inLanguage\":\"es\",\"potentialAction\":[{\"@type\":\"CommentAction\",\"name\":\"Comment\",\"target\":[\"https:\\\/\\\/digital58.com.ve\\\/site\\\/2023\\\/04\\\/12\\\/el-tour-sinfonico-de-felipe-pelaez-llega-a-maracaibo-el-12-de-mayo\\\/#respond\"]}]},{\"@type\":\"WebPage\",\"@id\":\"https:\\\/\\\/digital58.com.ve\\\/site\\\/2023\\\/04\\\/12\\\/el-tour-sinfonico-de-felipe-pelaez-llega-a-maracaibo-el-12-de-mayo\\\/\",\"url\":\"https:\\\/\\\/digital58.com.ve\\\/site\\\/2023\\\/04\\\/12\\\/el-tour-sinfonico-de-felipe-pelaez-llega-a-maracaibo-el-12-de-mayo\\\/\",\"name\":\"El Tour Sinf\u00f3nico de Felipe Pel\u00e1ez llega a Maracaibo el 12 de mayo\",\"isPartOf\":{\"@id\":\"https:\\\/\\\/digital58.com.ve\\\/site\\\/#website\"},\"primaryImageOfPage\":{\"@id\":\"https:\\\/\\\/digital58.com.ve\\\/site\\\/2023\\\/04\\\/12\\\/el-tour-sinfonico-de-felipe-pelaez-llega-a-maracaibo-el-12-de-mayo\\\/#primaryimage\"},\"image\":{\"@id\":\"https:\\\/\\\/digital58.com.ve\\\/site\\\/2023\\\/04\\\/12\\\/el-tour-sinfonico-de-felipe-pelaez-llega-a-maracaibo-el-12-de-mayo\\\/#primaryimage\"},\"thumbnailUrl\":\"https:\\\/\\\/digital58.com.ve\\\/site\\\/wp-content\\\/uploads\\\/2023\\\/04\\\/84402ce2-eaca-4d3a-888f-8f32eceb0a0f-e1681313000981.jpg\",\"datePublished\":\"2023-04-12T15:27:04+00:00\",\"breadcrumb\":{\"@id\":\"https:\\\/\\\/digital58.com.ve\\\/site\\\/2023\\\/04\\\/12\\\/el-tour-sinfonico-de-felipe-pelaez-llega-a-maracaibo-el-12-de-mayo\\\/#breadcrumb\"},\"inLanguage\":\"es\",\"potentialAction\":[{\"@type\":\"ReadAction\",\"target\":[\"https:\\\/\\\/digital58.com.ve\\\/site\\\/2023\\\/04\\\/12\\\/el-tour-sinfonico-de-felipe-pelaez-llega-a-maracaibo-el-12-de-mayo\\\/\"]}]},{\"@type\":\"ImageObject\",\"inLanguage\":\"es\",\"@id\":\"https:\\\/\\\/digital58.com.ve\\\/site\\\/2023\\\/04\\\/12\\\/el-tour-sinfonico-de-felipe-pelaez-llega-a-maracaibo-el-12-de-mayo\\\/#primaryimage\",\"url\":\"https:\\\/\\\/digital58.com.ve\\\/site\\\/wp-content\\\/uploads\\\/2023\\\/04\\\/84402ce2-eaca-4d3a-888f-8f32eceb0a0f-e1681313000981.jpg\",\"contentUrl\":\"https:\\\/\\\/digital58.com.ve\\\/site\\\/wp-content\\\/uploads\\\/2023\\\/04\\\/84402ce2-eaca-4d3a-888f-8f32eceb0a0f-e1681313000981.jpg\",\"width\":1080,\"height\":732},{\"@type\":\"BreadcrumbList\",\"@id\":\"https:\\\/\\\/digital58.com.ve\\\/site\\\/2023\\\/04\\\/12\\\/el-tour-sinfonico-de-felipe-pelaez-llega-a-maracaibo-el-12-de-mayo\\\/#breadcrumb\",\"itemListElement\":[{\"@type\":\"ListItem\",\"position\":1,\"name\":\"Home\",\"item\":\"https:\\\/\\\/digital58.com.ve\\\/site\\\/\"},{\"@type\":\"ListItem\",\"position\":2,\"name\":\"El Tour Sinf\u00f3nico de Felipe Pel\u00e1ez llega a Maracaibo el 12 de mayo\"}]},{\"@type\":\"WebSite\",\"@id\":\"https:\\\/\\\/digital58.com.ve\\\/site\\\/#website\",\"url\":\"https:\\\/\\\/digital58.com.ve\\\/site\\\/\",\"name\":\"Noticias Digital58\",\"description\":\"Portal de Noticias \u00a1Periodismo web de verdad! Lanzamiento web 22.11.2005 \\\/ Maracaibo, Venezuela\",\"publisher\":{\"@id\":\"https:\\\/\\\/digital58.com.ve\\\/site\\\/#\\\/schema\\\/person\\\/64d1c2e4d0d4fd1b849980c4331c2951\"},\"alternateName\":\"ND58\",\"potentialAction\":[{\"@type\":\"SearchAction\",\"target\":{\"@type\":\"EntryPoint\",\"urlTemplate\":\"https:\\\/\\\/digital58.com.ve\\\/site\\\/?s={search_term_string}\"},\"query-input\":{\"@type\":\"PropertyValueSpecification\",\"valueRequired\":true,\"valueName\":\"search_term_string\"}}],\"inLanguage\":\"es\"},{\"@type\":[\"Person\",\"Organization\"],\"@id\":\"https:\\\/\\\/digital58.com.ve\\\/site\\\/#\\\/schema\\\/person\\\/64d1c2e4d0d4fd1b849980c4331c2951\",\"name\":\"Villasmil Henry\",\"image\":{\"@type\":\"ImageObject\",\"inLanguage\":\"es\",\"@id\":\"https:\\\/\\\/secure.gravatar.com\\\/avatar\\\/bb0c4a2fcb7970138239f7e404ea75757b1b507b28b5ce4c53fbd62d797c5a7c?s=96&d=mm&r=g\",\"url\":\"https:\\\/\\\/secure.gravatar.com\\\/avatar\\\/bb0c4a2fcb7970138239f7e404ea75757b1b507b28b5ce4c53fbd62d797c5a7c?s=96&d=mm&r=g\",\"contentUrl\":\"https:\\\/\\\/secure.gravatar.com\\\/avatar\\\/bb0c4a2fcb7970138239f7e404ea75757b1b507b28b5ce4c53fbd62d797c5a7c?s=96&d=mm&r=g\",\"caption\":\"Villasmil Henry\"},\"logo\":{\"@id\":\"https:\\\/\\\/secure.gravatar.com\\\/avatar\\\/bb0c4a2fcb7970138239f7e404ea75757b1b507b28b5ce4c53fbd62d797c5a7c?s=96&d=mm&r=g\"},\"sameAs\":[\"http:\\\/\\\/www.henryvillasmil.com.ve\",\"https:\\\/\\\/www.instagram.com\\\/villasmilhfoto\\\/\",\"https:\\\/\\\/x.com\\\/https:\\\/\\\/twitter.com\\\/villasmilhfoto\"]},{\"@type\":\"Person\",\"@id\":\"https:\\\/\\\/digital58.com.ve\\\/site\\\/#\\\/schema\\\/person\\\/38596b127602deaa13fbcd7585635238\",\"name\":\"Caren A\u00f1ez\",\"image\":{\"@type\":\"ImageObject\",\"inLanguage\":\"es\",\"@id\":\"https:\\\/\\\/secure.gravatar.com\\\/avatar\\\/53aadd693aa414991c9ff2f2b19c39be94d2c342463b80f5402d344911bc9782?s=96&d=mm&r=g\",\"url\":\"https:\\\/\\\/secure.gravatar.com\\\/avatar\\\/53aadd693aa414991c9ff2f2b19c39be94d2c342463b80f5402d344911bc9782?s=96&d=mm&r=g\",\"contentUrl\":\"https:\\\/\\\/secure.gravatar.com\\\/avatar\\\/53aadd693aa414991c9ff2f2b19c39be94d2c342463b80f5402d344911bc9782?s=96&d=mm&r=g\",\"caption\":\"Caren A\u00f1ez\"},\"description\":\"\ud83d\udc69\u200d\ud83c\udfa4Editora en @digital_58 \ud83d\udc69\ud83c\udffb\u200d\ud83c\udfebPeriodista musical y de entretenimiento. \ud83d\udcf8Fotografa \ud83d\udc69\ud83c\udffb\u200d\ud83d\udcbbMedia Management. \ud83d\udc69\u200d\ud83d\udc67\u200d\ud83d\udc67AspieMon 24\\\/7\",\"sameAs\":[\"https:\\\/\\\/www.instagram.com\\\/carenanez\\\/\",\"https:\\\/\\\/x.com\\\/carenanez\"],\"url\":\"https:\\\/\\\/digital58.com.ve\\\/site\\\/author\\\/carena21\\\/\"}]}<\/script>\n<!-- \/ Yoast SEO plugin. -->","yoast_head_json":{"title":"El Tour Sinf\u00f3nico de Felipe Pel\u00e1ez llega a Maracaibo el 12 de mayo","robots":{"index":"index","follow":"follow","max-snippet":"max-snippet:-1","max-image-preview":"max-image-preview:large","max-video-preview":"max-video-preview:-1"},"canonical":"https:\/\/digital58.com.ve\/site\/2023\/04\/12\/el-tour-sinfonico-de-felipe-pelaez-llega-a-maracaibo-el-12-de-mayo\/","og_locale":"es_ES","og_type":"article","og_title":"El Tour Sinf\u00f3nico de Felipe Pel\u00e1ez llega a Maracaibo el 12 de mayo","og_url":"https:\/\/digital58.com.ve\/site\/2023\/04\/12\/el-tour-sinfonico-de-felipe-pelaez-llega-a-maracaibo-el-12-de-mayo\/","og_site_name":"Noticias Digital58","article_published_time":"2023-04-12T15:27:04+00:00","og_image":[{"width":1080,"height":732,"url":"https:\/\/i0.wp.com\/digital58.com.ve\/site\/wp-content\/uploads\/2023\/04\/84402ce2-eaca-4d3a-888f-8f32eceb0a0f-e1681313000981.jpg?fit=1080%2C732&ssl=1","type":"image\/jpeg"}],"author":"Caren A\u00f1ez","twitter_card":"summary_large_image","twitter_creator":"@carenanez","twitter_site":"@villasmilhfoto","twitter_misc":{"Escrito por":"Caren A\u00f1ez","Tiempo estimado de lectura":"1 minuto"},"schema":{"@context":"https:\/\/schema.org","@graph":[{"@type":"Article","@id":"https:\/\/digital58.com.ve\/site\/2023\/04\/12\/el-tour-sinfonico-de-felipe-pelaez-llega-a-maracaibo-el-12-de-mayo\/#article","isPartOf":{"@id":"https:\/\/digital58.com.ve\/site\/2023\/04\/12\/el-tour-sinfonico-de-felipe-pelaez-llega-a-maracaibo-el-12-de-mayo\/"},"author":{"name":"Caren A\u00f1ez","@id":"https:\/\/digital58.com.ve\/site\/#\/schema\/person\/38596b127602deaa13fbcd7585635238"},"headline":"El Tour Sinf\u00f3nico de Felipe Pel\u00e1ez llega a Maracaibo el 12 de mayo","datePublished":"2023-04-12T15:27:04+00:00","mainEntityOfPage":{"@id":"https:\/\/digital58.com.ve\/site\/2023\/04\/12\/el-tour-sinfonico-de-felipe-pelaez-llega-a-maracaibo-el-12-de-mayo\/"},"wordCount":288,"commentCount":0,"publisher":{"@id":"https:\/\/digital58.com.ve\/site\/#\/schema\/person\/64d1c2e4d0d4fd1b849980c4331c2951"},"image":{"@id":"https:\/\/digital58.com.ve\/site\/2023\/04\/12\/el-tour-sinfonico-de-felipe-pelaez-llega-a-maracaibo-el-12-de-mayo\/#primaryimage"},"thumbnailUrl":"https:\/\/digital58.com.ve\/site\/wp-content\/uploads\/2023\/04\/84402ce2-eaca-4d3a-888f-8f32eceb0a0f-e1681313000981.jpg","keywords":["cantante","Concierto","Entretenimiento","Felipe Pel\u00e1ez","Felipe Pel\u00e1ez Tour Sinfonico","Nacionales","Orquesta de C\u00e1mara Simon Bolivar","tour sinfonico","Vallenato","Venezuela"],"articleSection":["\u00bfD\u00f3nde ir Maracaibo?","Conciertos"],"inLanguage":"es","potentialAction":[{"@type":"CommentAction","name":"Comment","target":["https:\/\/digital58.com.ve\/site\/2023\/04\/12\/el-tour-sinfonico-de-felipe-pelaez-llega-a-maracaibo-el-12-de-mayo\/#respond"]}]},{"@type":"WebPage","@id":"https:\/\/digital58.com.ve\/site\/2023\/04\/12\/el-tour-sinfonico-de-felipe-pelaez-llega-a-maracaibo-el-12-de-mayo\/","url":"https:\/\/digital58.com.ve\/site\/2023\/04\/12\/el-tour-sinfonico-de-felipe-pelaez-llega-a-maracaibo-el-12-de-mayo\/","name":"El Tour Sinf\u00f3nico de Felipe Pel\u00e1ez llega a Maracaibo el 12 de mayo","isPartOf":{"@id":"https:\/\/digital58.com.ve\/site\/#website"},"primaryImageOfPage":{"@id":"https:\/\/digital58.com.ve\/site\/2023\/04\/12\/el-tour-sinfonico-de-felipe-pelaez-llega-a-maracaibo-el-12-de-mayo\/#primaryimage"},"image":{"@id":"https:\/\/digital58.com.ve\/site\/2023\/04\/12\/el-tour-sinfonico-de-felipe-pelaez-llega-a-maracaibo-el-12-de-mayo\/#primaryimage"},"thumbnailUrl":"https:\/\/digital58.com.ve\/site\/wp-content\/uploads\/2023\/04\/84402ce2-eaca-4d3a-888f-8f32eceb0a0f-e1681313000981.jpg","datePublished":"2023-04-12T15:27:04+00:00","breadcrumb":{"@id":"https:\/\/digital58.com.ve\/site\/2023\/04\/12\/el-tour-sinfonico-de-felipe-pelaez-llega-a-maracaibo-el-12-de-mayo\/#breadcrumb"},"inLanguage":"es","potentialAction":[{"@type":"ReadAction","target":["https:\/\/digital58.com.ve\/site\/2023\/04\/12\/el-tour-sinfonico-de-felipe-pelaez-llega-a-maracaibo-el-12-de-mayo\/"]}]},{"@type":"ImageObject","inLanguage":"es","@id":"https:\/\/digital58.com.ve\/site\/2023\/04\/12\/el-tour-sinfonico-de-felipe-pelaez-llega-a-maracaibo-el-12-de-mayo\/#primaryimage","url":"https:\/\/digital58.com.ve\/site\/wp-content\/uploads\/2023\/04\/84402ce2-eaca-4d3a-888f-8f32eceb0a0f-e1681313000981.jpg","contentUrl":"https:\/\/digital58.com.ve\/site\/wp-content\/uploads\/2023\/04\/84402ce2-eaca-4d3a-888f-8f32eceb0a0f-e1681313000981.jpg","width":1080,"height":732},{"@type":"BreadcrumbList","@id":"https:\/\/digital58.com.ve\/site\/2023\/04\/12\/el-tour-sinfonico-de-felipe-pelaez-llega-a-maracaibo-el-12-de-mayo\/#breadcrumb","itemListElement":[{"@type":"ListItem","position":1,"name":"Home","item":"https:\/\/digital58.com.ve\/site\/"},{"@type":"ListItem","position":2,"name":"El Tour Sinf\u00f3nico de Felipe Pel\u00e1ez llega a Maracaibo el 12 de mayo"}]},{"@type":"WebSite","@id":"https:\/\/digital58.com.ve\/site\/#website","url":"https:\/\/digital58.com.ve\/site\/","name":"Noticias Digital58","description":"Portal de Noticias \u00a1Periodismo web de verdad! Lanzamiento web 22.11.2005 \/ Maracaibo, Venezuela","publisher":{"@id":"https:\/\/digital58.com.ve\/site\/#\/schema\/person\/64d1c2e4d0d4fd1b849980c4331c2951"},"alternateName":"ND58","potentialAction":[{"@type":"SearchAction","target":{"@type":"EntryPoint","urlTemplate":"https:\/\/digital58.com.ve\/site\/?s={search_term_string}"},"query-input":{"@type":"PropertyValueSpecification","valueRequired":true,"valueName":"search_term_string"}}],"inLanguage":"es"},{"@type":["Person","Organization"],"@id":"https:\/\/digital58.com.ve\/site\/#\/schema\/person\/64d1c2e4d0d4fd1b849980c4331c2951","name":"Villasmil Henry","image":{"@type":"ImageObject","inLanguage":"es","@id":"https:\/\/secure.gravatar.com\/avatar\/bb0c4a2fcb7970138239f7e404ea75757b1b507b28b5ce4c53fbd62d797c5a7c?s=96&d=mm&r=g","url":"https:\/\/secure.gravatar.com\/avatar\/bb0c4a2fcb7970138239f7e404ea75757b1b507b28b5ce4c53fbd62d797c5a7c?s=96&d=mm&r=g","contentUrl":"https:\/\/secure.gravatar.com\/avatar\/bb0c4a2fcb7970138239f7e404ea75757b1b507b28b5ce4c53fbd62d797c5a7c?s=96&d=mm&r=g","caption":"Villasmil Henry"},"logo":{"@id":"https:\/\/secure.gravatar.com\/avatar\/bb0c4a2fcb7970138239f7e404ea75757b1b507b28b5ce4c53fbd62d797c5a7c?s=96&d=mm&r=g"},"sameAs":["http:\/\/www.henryvillasmil.com.ve","https:\/\/www.instagram.com\/villasmilhfoto\/","https:\/\/x.com\/https:\/\/twitter.com\/villasmilhfoto"]},{"@type":"Person","@id":"https:\/\/digital58.com.ve\/site\/#\/schema\/person\/38596b127602deaa13fbcd7585635238","name":"Caren A\u00f1ez","image":{"@type":"ImageObject","inLanguage":"es","@id":"https:\/\/secure.gravatar.com\/avatar\/53aadd693aa414991c9ff2f2b19c39be94d2c342463b80f5402d344911bc9782?s=96&d=mm&r=g","url":"https:\/\/secure.gravatar.com\/avatar\/53aadd693aa414991c9ff2f2b19c39be94d2c342463b80f5402d344911bc9782?s=96&d=mm&r=g","contentUrl":"https:\/\/secure.gravatar.com\/avatar\/53aadd693aa414991c9ff2f2b19c39be94d2c342463b80f5402d344911bc9782?s=96&d=mm&r=g","caption":"Caren A\u00f1ez"},"description":"\ud83d\udc69\u200d\ud83c\udfa4Editora en @digital_58 \ud83d\udc69\ud83c\udffb\u200d\ud83c\udfebPeriodista musical y de entretenimiento. \ud83d\udcf8Fotografa \ud83d\udc69\ud83c\udffb\u200d\ud83d\udcbbMedia Management. \ud83d\udc69\u200d\ud83d\udc67\u200d\ud83d\udc67AspieMon 24\/7","sameAs":["https:\/\/www.instagram.com\/carenanez\/","https:\/\/x.com\/carenanez"],"url":"https:\/\/digital58.com.ve\/site\/author\/carena21\/"}]}},"uagb_featured_image_src":{"full":["https:\/\/digital58.com.ve\/site\/wp-content\/uploads\/2023\/04\/84402ce2-eaca-4d3a-888f-8f32eceb0a0f-e1681313000981.jpg",1080,732,false],"thumbnail":["https:\/\/digital58.com.ve\/site\/wp-content\/uploads\/2023\/04\/84402ce2-eaca-4d3a-888f-8f32eceb0a0f-e1681313000981-150x150.jpg",150,150,true],"medium":["https:\/\/digital58.com.ve\/site\/wp-content\/uploads\/2023\/04\/84402ce2-eaca-4d3a-888f-8f32eceb0a0f-e1681313000981-300x203.jpg",300,203,true],"medium_large":["https:\/\/digital58.com.ve\/site\/wp-content\/uploads\/2023\/04\/84402ce2-eaca-4d3a-888f-8f32eceb0a0f-e1681313000981-768x521.jpg",768,521,true],"large":["https:\/\/digital58.com.ve\/site\/wp-content\/uploads\/2023\/04\/84402ce2-eaca-4d3a-888f-8f32eceb0a0f-e1681313000981-1000x678.jpg",800,542,true],"1536x1536":["https:\/\/digital58.com.ve\/site\/wp-content\/uploads\/2023\/04\/84402ce2-eaca-4d3a-888f-8f32eceb0a0f-e1681313000981.jpg",1080,732,false],"2048x2048":["https:\/\/digital58.com.ve\/site\/wp-content\/uploads\/2023\/04\/84402ce2-eaca-4d3a-888f-8f32eceb0a0f-e1681313000981.jpg",1080,732,false],"colormag-highlighted-post":["https:\/\/digital58.com.ve\/site\/wp-content\/uploads\/2023\/04\/84402ce2-eaca-4d3a-888f-8f32eceb0a0f-e1681313000981-392x272.jpg",392,272,true],"colormag-featured-post-medium":["https:\/\/digital58.com.ve\/site\/wp-content\/uploads\/2023\/04\/84402ce2-eaca-4d3a-888f-8f32eceb0a0f-e1681313000981-390x205.jpg",390,205,true],"colormag-featured-post-small":["https:\/\/digital58.com.ve\/site\/wp-content\/uploads\/2023\/04\/84402ce2-eaca-4d3a-888f-8f32eceb0a0f-e1681313000981-130x90.jpg",130,90,true],"colormag-featured-image":["https:\/\/digital58.com.ve\/site\/wp-content\/uploads\/2023\/04\/84402ce2-eaca-4d3a-888f-8f32eceb0a0f-e1681313000981-800x445.jpg",800,445,true],"colormag-default-news":["https:\/\/digital58.com.ve\/site\/wp-content\/uploads\/2023\/04\/84402ce2-eaca-4d3a-888f-8f32eceb0a0f-e1681313000981.jpg",150,102,false],"colormag-featured-image-large":["https:\/\/digital58.com.ve\/site\/wp-content\/uploads\/2023\/04\/84402ce2-eaca-4d3a-888f-8f32eceb0a0f-e1681313000981.jpg",885,600,false]},"uagb_author_info":{"display_name":"Caren A\u00f1ez","author_link":"https:\/\/digital58.com.ve\/site\/author\/carena21\/"},"uagb_comment_info":0,"uagb_excerpt":"Una de las metas pendientes del cantante Felipe Pel\u00e1ez era ofrecer un concierto en el Teatro Teresa Carre\u00f1o y est\u00e1","_links":{"self":[{"href":"https:\/\/digital58.com.ve\/site\/wp-json\/wp\/v2\/posts\/164703","targetHints":{"allow":["GET"]}}],"collection":[{"href":"https:\/\/digital58.com.ve\/site\/wp-json\/wp\/v2\/posts"}],"about":[{"href":"https:\/\/digital58.com.ve\/site\/wp-json\/wp\/v2\/types\/post"}],"author":[{"embeddable":true,"href":"https:\/\/digital58.com.ve\/site\/wp-json\/wp\/v2\/users\/39"}],"replies":[{"embeddable":true,"href":"https:\/\/digital58.com.ve\/site\/wp-json\/wp\/v2\/comments?post=164703"}],"version-history":[{"count":1,"href":"https:\/\/digital58.com.ve\/site\/wp-json\/wp\/v2\/posts\/164703\/revisions"}],"predecessor-version":[{"id":164707,"href":"https:\/\/digital58.com.ve\/site\/wp-json\/wp\/v2\/posts\/164703\/revisions\/164707"}],"wp:featuredmedia":[{"embeddable":true,"href":"https:\/\/digital58.com.ve\/site\/wp-json\/wp\/v2\/media\/164705"}],"wp:attachment":[{"href":"https:\/\/digital58.com.ve\/site\/wp-json\/wp\/v2\/media?parent=164703"}],"wp:term":[{"taxonomy":"category","embeddable":true,"href":"https:\/\/digital58.com.ve\/site\/wp-json\/wp\/v2\/categories?post=164703"},{"taxonomy":"post_tag","embeddable":true,"href":"https:\/\/digital58.com.ve\/site\/wp-json\/wp\/v2\/tags?post=164703"}],"curies":[{"name":"wp","href":"https:\/\/api.w.org\/{rel}","templated":true}]}}