{"id":164744,"date":"2023-04-13T10:00:28","date_gmt":"2023-04-13T14:00:28","guid":{"rendered":"https:\/\/digital58.com.ve\/site\/?p=164744"},"modified":"2023-04-13T10:08:30","modified_gmt":"2023-04-13T14:08:30","slug":"venezolanos-siguen-liderando-solicitudes-de-asilo-en-espana-uno-de-los-paises-que-menos-aprueba-de-la-ue","status":"publish","type":"post","link":"https:\/\/digital58.com.ve\/site\/2023\/04\/13\/venezolanos-siguen-liderando-solicitudes-de-asilo-en-espana-uno-de-los-paises-que-menos-aprueba-de-la-ue\/","title":{"rendered":"Venezolanos siguen liderando solicitudes de asilo en Espa\u00f1a, uno de los pa\u00edses que menos aprueba de la UE"},"content":{"rendered":"<p><img loading=\"lazy\" decoding=\"async\" class=\"size-large wp-image-164745 aligncenter\" src=\"https:\/\/digital58.com.ve\/site\/wp-content\/uploads\/2023\/04\/venezolanos-y-colombianos-asilo-espana-la-razon-1000x667.jpeg\" alt=\"\" width=\"800\" height=\"534\" srcset=\"https:\/\/digital58.com.ve\/site\/wp-content\/uploads\/2023\/04\/venezolanos-y-colombianos-asilo-espana-la-razon-1000x667.jpeg 1000w, https:\/\/digital58.com.ve\/site\/wp-content\/uploads\/2023\/04\/venezolanos-y-colombianos-asilo-espana-la-razon-300x200.jpeg 300w, https:\/\/digital58.com.ve\/site\/wp-content\/uploads\/2023\/04\/venezolanos-y-colombianos-asilo-espana-la-razon-768x512.jpeg 768w, https:\/\/digital58.com.ve\/site\/wp-content\/uploads\/2023\/04\/venezolanos-y-colombianos-asilo-espana-la-razon-1536x1024.jpeg 1536w, https:\/\/digital58.com.ve\/site\/wp-content\/uploads\/2023\/04\/venezolanos-y-colombianos-asilo-espana-la-razon.jpeg 2000w\" sizes=\"auto, (max-width: 800px) 100vw, 800px\" \/><\/p>\n<p>Espa\u00f1a es el tercer pa\u00eds de la Uni\u00f3n Europea (UE) que menos solicitudes de asilo reconoci\u00f3 en 2022, con el 16,5 por ciento de aprobaciones, pese a ser el tercero con m\u00e1s solicitudes, seg\u00fan un informe de la Comisi\u00f3n Espa\u00f1ola de Ayuda al Refugiados (CEAR) publicado este jueves.<\/p>\n<p><strong>Madrid, Espa\u00f1a, 13 de abril de 2023 (ND58).-<\/strong> La organizaci\u00f3n celebra que la cifra haya crecido respecto al 10 por ciento del a\u00f1o anterior, pero advierte de que est\u00e1 todav\u00eda lejos de la media del 38 por ciento de la UE. Solo aprueban menos solicitudes Malta y Chipre.<\/p>\n<p>Las 118.842 peticiones de asilo registradas en 2022 suponen un aumento del 82 por ciento tras el fin de las restricciones fronterizas por la pandemia y un r\u00e9cord en Espa\u00f1a, el tercer pa\u00eds con m\u00e1s solicitantes, por detr\u00e1s de Alemania (243.835) y Francia (156.455).<\/p>\n<p><strong>Las cinco principales nacionalidades de origen de las peticiones registradas en Espa\u00f1a fueron Venezuela (45.748), Colombia (36.012), Per\u00fa (8.937), Marruecos (3.905) y Honduras (3.017).<\/strong><\/p>\n<p>En total, Espa\u00f1a resolvi\u00f3 de manera favorable 86.997 peticiones, tambi\u00e9n cifra r\u00e9cord, y destacan las de malienses (4.883), afganos (1.535), ucranianos (1.337) y colombianos (658).<\/p>\n<p>La mayor\u00eda de los venezolanos no logran protecci\u00f3n internacional, aunque s\u00ed reciben permisos temporales por razones humanitarias (20.580 personas en 2022).<\/p>\n<p><strong>En el conjunto de la UE se registraron 963.067 solicitudes de protecci\u00f3n internacional, frente a las 630.630 del a\u00f1o anterior.<\/strong><\/p>\n<p>CEAR denuncia la escasez de citas para acceder al procedimiento de asilo, lo que provoca que los migrantes tengan que esperar \u00aben situaci\u00f3n irregular entre seis y ocho meses de media para presentar su solicitud\u00bb y se vean obligados a \u00abrecurrir al mercado informal para acceder a este derecho, lo que vulnera la Directiva Europea de Procedimientos\u00bb.<\/p>\n<p>Las cifras del informe no incluyen sin embargo las m\u00e1s de 161.037 personas procedentes de Ucrania que obtuvieron la protecci\u00f3n temporal activada en marzo de 2022 en la UE tras el inicio de la guerra, matiza CEAR.<\/p>\n<p><strong>En este contexto, la organizaci\u00f3n aplaude la \u00abeficiente\u00bb respuesta ofrecida por Espa\u00f1a.<\/strong><\/p>\n<p>La mayor\u00eda de los solicitantes de asilo llegaron a Espa\u00f1a por v\u00eda a\u00e9rea y CEAR llama la atenci\u00f3n sobre las 2.900 personas que murieron en el mar intentando alcanzar las costas europeas, al menos 1.170 de ellos en direcci\u00f3n a Espa\u00f1a.<\/p>\n<p>Seg\u00fan explica la organizaci\u00f3n, las autoridades espa\u00f1olas conceden protecci\u00f3n internacional al 99,2 por ciento de los solicitantes procedentes de pa\u00edses en conflicto como Burkina Faso, mientras que el 98 por ciento de los venezolanos quedan con protecci\u00f3n por razones humanitarias.<\/p><div class=\"vowym69f77504eb433\" ><p style=\"text-align: center;\"><a href=\"https:\/\/t.me\/noticiasdigital58\" target=\"_blank\" rel=\"noopener\"><img class=\"aligncenter size-full wp-image-125363\" src=\"https:\/\/digital58.com.ve\/site\/wp-content\/uploads\/2021\/04\/banner-telegram-web-2021.png\" alt=\"\" width=\"600\" height=\"90\" \/><\/a><\/p><\/div><style type=\"text\/css\">\r\n@media screen and (min-width: 1201px) {\r\n.vowym69f77504eb433 {\r\ndisplay: block;\r\n}\r\n}\r\n@media screen and (min-width: 993px) and (max-width: 1200px) {\r\n.vowym69f77504eb433 {\r\ndisplay: block;\r\n}\r\n}\r\n@media screen and (min-width: 769px) and (max-width: 992px) {\r\n.vowym69f77504eb433 {\r\ndisplay: block;\r\n}\r\n}\r\n@media screen and (min-width: 768px) and (max-width: 768px) {\r\n.vowym69f77504eb433 {\r\ndisplay: block;\r\n}\r\n}\r\n@media screen and (max-width: 767px) {\r\n.vowym69f77504eb433 {\r\ndisplay: block;\r\n}\r\n}\r\n<\/style>\r\n\n<p class=\"p1\"><b>Redacci\u00f3n ND58 | EFE<\/b><br \/>\n<b>Edici\u00f3n: \u00c1\u00f1ez, Caren\u00a0<\/b><br \/>\n<b>Gr\u00e1fica: Cortes\u00eda <\/b><\/p>\n<div style=\"margin-top: 0px; margin-bottom: 0px;\" class=\"sharethis-inline-share-buttons\" ><\/div>","protected":false},"excerpt":{"rendered":"<p>Espa\u00f1a es el tercer pa\u00eds de la Uni\u00f3n Europea (UE) que menos solicitudes de asilo reconoci\u00f3 en 2022, con el<\/p>\n","protected":false},"author":39,"featured_media":164745,"comment_status":"open","ping_status":"closed","sticky":false,"template":"","format":"standard","meta":{"colormag_page_container_layout":"default_layout","colormag_page_sidebar_layout":"default_layout","_uag_custom_page_level_css":"","footnotes":""},"categories":[16451],"tags":[25997,31041,115,8,14535,7704,16615,2503,795],"class_list":["post-164744","post","type-post","status-publish","format-standard","has-post-thumbnail","hentry","category-mundo","tag-cear","tag-comision-espanola-de-ayuda-al-refugiados","tag-espana","tag-internacionales","tag-migrantes","tag-refugiados","tag-ue","tag-union-europea","tag-venezolanos"],"yoast_head":"<!-- This site is optimized with the Yoast SEO plugin v27.5 - https:\/\/yoast.com\/product\/yoast-seo-wordpress\/ -->\n<title>Venezolanos siguen liderando solicitudes de asilo en Espa\u00f1a, uno de los pa\u00edses que menos aprueba de la UE<\/title>\n<meta name=\"robots\" content=\"index, follow, max-snippet:-1, max-image-preview:large, max-video-preview:-1\" \/>\n<link rel=\"canonical\" href=\"https:\/\/digital58.com.ve\/site\/2023\/04\/13\/venezolanos-siguen-liderando-solicitudes-de-asilo-en-espana-uno-de-los-paises-que-menos-aprueba-de-la-ue\/\" \/>\n<meta property=\"og:locale\" content=\"es_ES\" \/>\n<meta property=\"og:type\" content=\"article\" \/>\n<meta property=\"og:title\" content=\"Venezolanos siguen liderando solicitudes de asilo en Espa\u00f1a, uno de los pa\u00edses que menos aprueba de la UE\" \/>\n<meta property=\"og:url\" content=\"https:\/\/digital58.com.ve\/site\/2023\/04\/13\/venezolanos-siguen-liderando-solicitudes-de-asilo-en-espana-uno-de-los-paises-que-menos-aprueba-de-la-ue\/\" \/>\n<meta property=\"og:site_name\" content=\"Noticias Digital58\" \/>\n<meta property=\"article:published_time\" content=\"2023-04-13T14:00:28+00:00\" \/>\n<meta property=\"article:modified_time\" content=\"2023-04-13T14:08:30+00:00\" \/>\n<meta property=\"og:image\" content=\"https:\/\/i0.wp.com\/digital58.com.ve\/site\/wp-content\/uploads\/2023\/04\/venezolanos-y-colombianos-asilo-espana-la-razon.jpeg?fit=2000%2C1333&ssl=1\" \/>\n\t<meta property=\"og:image:width\" content=\"2000\" \/>\n\t<meta property=\"og:image:height\" content=\"1333\" \/>\n\t<meta property=\"og:image:type\" content=\"image\/jpeg\" \/>\n<meta name=\"author\" content=\"Caren A\u00f1ez\" \/>\n<meta name=\"twitter:card\" content=\"summary_large_image\" \/>\n<meta name=\"twitter:creator\" content=\"@carenanez\" \/>\n<meta name=\"twitter:site\" content=\"@villasmilhfoto\" \/>\n<meta name=\"twitter:label1\" content=\"Escrito por\" \/>\n\t<meta name=\"twitter:data1\" content=\"Caren A\u00f1ez\" \/>\n\t<meta name=\"twitter:label2\" content=\"Tiempo estimado de lectura\" \/>\n\t<meta name=\"twitter:data2\" content=\"2 minutos\" \/>\n<script type=\"application\/ld+json\" class=\"yoast-schema-graph\">{\"@context\":\"https:\\\/\\\/schema.org\",\"@graph\":[{\"@type\":\"Article\",\"@id\":\"https:\\\/\\\/digital58.com.ve\\\/site\\\/2023\\\/04\\\/13\\\/venezolanos-siguen-liderando-solicitudes-de-asilo-en-espana-uno-de-los-paises-que-menos-aprueba-de-la-ue\\\/#article\",\"isPartOf\":{\"@id\":\"https:\\\/\\\/digital58.com.ve\\\/site\\\/2023\\\/04\\\/13\\\/venezolanos-siguen-liderando-solicitudes-de-asilo-en-espana-uno-de-los-paises-que-menos-aprueba-de-la-ue\\\/\"},\"author\":{\"name\":\"Caren A\u00f1ez\",\"@id\":\"https:\\\/\\\/digital58.com.ve\\\/site\\\/#\\\/schema\\\/person\\\/38596b127602deaa13fbcd7585635238\"},\"headline\":\"Venezolanos siguen liderando solicitudes de asilo en Espa\u00f1a, uno de los pa\u00edses que menos aprueba de la UE\",\"datePublished\":\"2023-04-13T14:00:28+00:00\",\"dateModified\":\"2023-04-13T14:08:30+00:00\",\"mainEntityOfPage\":{\"@id\":\"https:\\\/\\\/digital58.com.ve\\\/site\\\/2023\\\/04\\\/13\\\/venezolanos-siguen-liderando-solicitudes-de-asilo-en-espana-uno-de-los-paises-que-menos-aprueba-de-la-ue\\\/\"},\"wordCount\":461,\"commentCount\":0,\"publisher\":{\"@id\":\"https:\\\/\\\/digital58.com.ve\\\/site\\\/#\\\/schema\\\/person\\\/64d1c2e4d0d4fd1b849980c4331c2951\"},\"image\":{\"@id\":\"https:\\\/\\\/digital58.com.ve\\\/site\\\/2023\\\/04\\\/13\\\/venezolanos-siguen-liderando-solicitudes-de-asilo-en-espana-uno-de-los-paises-que-menos-aprueba-de-la-ue\\\/#primaryimage\"},\"thumbnailUrl\":\"https:\\\/\\\/digital58.com.ve\\\/site\\\/wp-content\\\/uploads\\\/2023\\\/04\\\/venezolanos-y-colombianos-asilo-espana-la-razon.jpeg\",\"keywords\":[\"CEAR\",\"Comisi\u00f3n Espa\u00f1ola de Ayuda al Refugiados\",\"Espa\u00f1a\",\"Internacionales\",\"Migrantes\",\"Refugiados\",\"UE\",\"Uni\u00f3n Europea\",\"Venezolanos\"],\"articleSection\":[\"Mundo\"],\"inLanguage\":\"es\",\"potentialAction\":[{\"@type\":\"CommentAction\",\"name\":\"Comment\",\"target\":[\"https:\\\/\\\/digital58.com.ve\\\/site\\\/2023\\\/04\\\/13\\\/venezolanos-siguen-liderando-solicitudes-de-asilo-en-espana-uno-de-los-paises-que-menos-aprueba-de-la-ue\\\/#respond\"]}]},{\"@type\":\"WebPage\",\"@id\":\"https:\\\/\\\/digital58.com.ve\\\/site\\\/2023\\\/04\\\/13\\\/venezolanos-siguen-liderando-solicitudes-de-asilo-en-espana-uno-de-los-paises-que-menos-aprueba-de-la-ue\\\/\",\"url\":\"https:\\\/\\\/digital58.com.ve\\\/site\\\/2023\\\/04\\\/13\\\/venezolanos-siguen-liderando-solicitudes-de-asilo-en-espana-uno-de-los-paises-que-menos-aprueba-de-la-ue\\\/\",\"name\":\"Venezolanos siguen liderando solicitudes de asilo en Espa\u00f1a, uno de los pa\u00edses que menos aprueba de la UE\",\"isPartOf\":{\"@id\":\"https:\\\/\\\/digital58.com.ve\\\/site\\\/#website\"},\"primaryImageOfPage\":{\"@id\":\"https:\\\/\\\/digital58.com.ve\\\/site\\\/2023\\\/04\\\/13\\\/venezolanos-siguen-liderando-solicitudes-de-asilo-en-espana-uno-de-los-paises-que-menos-aprueba-de-la-ue\\\/#primaryimage\"},\"image\":{\"@id\":\"https:\\\/\\\/digital58.com.ve\\\/site\\\/2023\\\/04\\\/13\\\/venezolanos-siguen-liderando-solicitudes-de-asilo-en-espana-uno-de-los-paises-que-menos-aprueba-de-la-ue\\\/#primaryimage\"},\"thumbnailUrl\":\"https:\\\/\\\/digital58.com.ve\\\/site\\\/wp-content\\\/uploads\\\/2023\\\/04\\\/venezolanos-y-colombianos-asilo-espana-la-razon.jpeg\",\"datePublished\":\"2023-04-13T14:00:28+00:00\",\"dateModified\":\"2023-04-13T14:08:30+00:00\",\"breadcrumb\":{\"@id\":\"https:\\\/\\\/digital58.com.ve\\\/site\\\/2023\\\/04\\\/13\\\/venezolanos-siguen-liderando-solicitudes-de-asilo-en-espana-uno-de-los-paises-que-menos-aprueba-de-la-ue\\\/#breadcrumb\"},\"inLanguage\":\"es\",\"potentialAction\":[{\"@type\":\"ReadAction\",\"target\":[\"https:\\\/\\\/digital58.com.ve\\\/site\\\/2023\\\/04\\\/13\\\/venezolanos-siguen-liderando-solicitudes-de-asilo-en-espana-uno-de-los-paises-que-menos-aprueba-de-la-ue\\\/\"]}]},{\"@type\":\"ImageObject\",\"inLanguage\":\"es\",\"@id\":\"https:\\\/\\\/digital58.com.ve\\\/site\\\/2023\\\/04\\\/13\\\/venezolanos-siguen-liderando-solicitudes-de-asilo-en-espana-uno-de-los-paises-que-menos-aprueba-de-la-ue\\\/#primaryimage\",\"url\":\"https:\\\/\\\/digital58.com.ve\\\/site\\\/wp-content\\\/uploads\\\/2023\\\/04\\\/venezolanos-y-colombianos-asilo-espana-la-razon.jpeg\",\"contentUrl\":\"https:\\\/\\\/digital58.com.ve\\\/site\\\/wp-content\\\/uploads\\\/2023\\\/04\\\/venezolanos-y-colombianos-asilo-espana-la-razon.jpeg\",\"width\":2000,\"height\":1333},{\"@type\":\"BreadcrumbList\",\"@id\":\"https:\\\/\\\/digital58.com.ve\\\/site\\\/2023\\\/04\\\/13\\\/venezolanos-siguen-liderando-solicitudes-de-asilo-en-espana-uno-de-los-paises-que-menos-aprueba-de-la-ue\\\/#breadcrumb\",\"itemListElement\":[{\"@type\":\"ListItem\",\"position\":1,\"name\":\"Home\",\"item\":\"https:\\\/\\\/digital58.com.ve\\\/site\\\/\"},{\"@type\":\"ListItem\",\"position\":2,\"name\":\"Venezolanos siguen liderando solicitudes de asilo en Espa\u00f1a, uno de los pa\u00edses que menos aprueba de la UE\"}]},{\"@type\":\"WebSite\",\"@id\":\"https:\\\/\\\/digital58.com.ve\\\/site\\\/#website\",\"url\":\"https:\\\/\\\/digital58.com.ve\\\/site\\\/\",\"name\":\"Noticias Digital58\",\"description\":\"Portal de Noticias \u00a1Periodismo web de verdad! Lanzamiento web 22.11.2005 \\\/ Maracaibo, Venezuela\",\"publisher\":{\"@id\":\"https:\\\/\\\/digital58.com.ve\\\/site\\\/#\\\/schema\\\/person\\\/64d1c2e4d0d4fd1b849980c4331c2951\"},\"alternateName\":\"ND58\",\"potentialAction\":[{\"@type\":\"SearchAction\",\"target\":{\"@type\":\"EntryPoint\",\"urlTemplate\":\"https:\\\/\\\/digital58.com.ve\\\/site\\\/?s={search_term_string}\"},\"query-input\":{\"@type\":\"PropertyValueSpecification\",\"valueRequired\":true,\"valueName\":\"search_term_string\"}}],\"inLanguage\":\"es\"},{\"@type\":[\"Person\",\"Organization\"],\"@id\":\"https:\\\/\\\/digital58.com.ve\\\/site\\\/#\\\/schema\\\/person\\\/64d1c2e4d0d4fd1b849980c4331c2951\",\"name\":\"Villasmil Henry\",\"image\":{\"@type\":\"ImageObject\",\"inLanguage\":\"es\",\"@id\":\"https:\\\/\\\/secure.gravatar.com\\\/avatar\\\/bb0c4a2fcb7970138239f7e404ea75757b1b507b28b5ce4c53fbd62d797c5a7c?s=96&d=mm&r=g\",\"url\":\"https:\\\/\\\/secure.gravatar.com\\\/avatar\\\/bb0c4a2fcb7970138239f7e404ea75757b1b507b28b5ce4c53fbd62d797c5a7c?s=96&d=mm&r=g\",\"contentUrl\":\"https:\\\/\\\/secure.gravatar.com\\\/avatar\\\/bb0c4a2fcb7970138239f7e404ea75757b1b507b28b5ce4c53fbd62d797c5a7c?s=96&d=mm&r=g\",\"caption\":\"Villasmil Henry\"},\"logo\":{\"@id\":\"https:\\\/\\\/secure.gravatar.com\\\/avatar\\\/bb0c4a2fcb7970138239f7e404ea75757b1b507b28b5ce4c53fbd62d797c5a7c?s=96&d=mm&r=g\"},\"sameAs\":[\"http:\\\/\\\/www.henryvillasmil.com.ve\",\"https:\\\/\\\/www.instagram.com\\\/villasmilhfoto\\\/\",\"https:\\\/\\\/x.com\\\/https:\\\/\\\/twitter.com\\\/villasmilhfoto\"]},{\"@type\":\"Person\",\"@id\":\"https:\\\/\\\/digital58.com.ve\\\/site\\\/#\\\/schema\\\/person\\\/38596b127602deaa13fbcd7585635238\",\"name\":\"Caren A\u00f1ez\",\"image\":{\"@type\":\"ImageObject\",\"inLanguage\":\"es\",\"@id\":\"https:\\\/\\\/secure.gravatar.com\\\/avatar\\\/53aadd693aa414991c9ff2f2b19c39be94d2c342463b80f5402d344911bc9782?s=96&d=mm&r=g\",\"url\":\"https:\\\/\\\/secure.gravatar.com\\\/avatar\\\/53aadd693aa414991c9ff2f2b19c39be94d2c342463b80f5402d344911bc9782?s=96&d=mm&r=g\",\"contentUrl\":\"https:\\\/\\\/secure.gravatar.com\\\/avatar\\\/53aadd693aa414991c9ff2f2b19c39be94d2c342463b80f5402d344911bc9782?s=96&d=mm&r=g\",\"caption\":\"Caren A\u00f1ez\"},\"description\":\"\ud83d\udc69\u200d\ud83c\udfa4Editora en @digital_58 \ud83d\udc69\ud83c\udffb\u200d\ud83c\udfebPeriodista musical y de entretenimiento. \ud83d\udcf8Fotografa \ud83d\udc69\ud83c\udffb\u200d\ud83d\udcbbMedia Management. \ud83d\udc69\u200d\ud83d\udc67\u200d\ud83d\udc67AspieMon 24\\\/7\",\"sameAs\":[\"https:\\\/\\\/www.instagram.com\\\/carenanez\\\/\",\"https:\\\/\\\/x.com\\\/carenanez\"],\"url\":\"https:\\\/\\\/digital58.com.ve\\\/site\\\/author\\\/carena21\\\/\"}]}<\/script>\n<!-- \/ Yoast SEO plugin. -->","yoast_head_json":{"title":"Venezolanos siguen liderando solicitudes de asilo en Espa\u00f1a, uno de los pa\u00edses que menos aprueba de la UE","robots":{"index":"index","follow":"follow","max-snippet":"max-snippet:-1","max-image-preview":"max-image-preview:large","max-video-preview":"max-video-preview:-1"},"canonical":"https:\/\/digital58.com.ve\/site\/2023\/04\/13\/venezolanos-siguen-liderando-solicitudes-de-asilo-en-espana-uno-de-los-paises-que-menos-aprueba-de-la-ue\/","og_locale":"es_ES","og_type":"article","og_title":"Venezolanos siguen liderando solicitudes de asilo en Espa\u00f1a, uno de los pa\u00edses que menos aprueba de la UE","og_url":"https:\/\/digital58.com.ve\/site\/2023\/04\/13\/venezolanos-siguen-liderando-solicitudes-de-asilo-en-espana-uno-de-los-paises-que-menos-aprueba-de-la-ue\/","og_site_name":"Noticias Digital58","article_published_time":"2023-04-13T14:00:28+00:00","article_modified_time":"2023-04-13T14:08:30+00:00","og_image":[{"width":2000,"height":1333,"url":"https:\/\/i0.wp.com\/digital58.com.ve\/site\/wp-content\/uploads\/2023\/04\/venezolanos-y-colombianos-asilo-espana-la-razon.jpeg?fit=2000%2C1333&ssl=1","type":"image\/jpeg"}],"author":"Caren A\u00f1ez","twitter_card":"summary_large_image","twitter_creator":"@carenanez","twitter_site":"@villasmilhfoto","twitter_misc":{"Escrito por":"Caren A\u00f1ez","Tiempo estimado de lectura":"2 minutos"},"schema":{"@context":"https:\/\/schema.org","@graph":[{"@type":"Article","@id":"https:\/\/digital58.com.ve\/site\/2023\/04\/13\/venezolanos-siguen-liderando-solicitudes-de-asilo-en-espana-uno-de-los-paises-que-menos-aprueba-de-la-ue\/#article","isPartOf":{"@id":"https:\/\/digital58.com.ve\/site\/2023\/04\/13\/venezolanos-siguen-liderando-solicitudes-de-asilo-en-espana-uno-de-los-paises-que-menos-aprueba-de-la-ue\/"},"author":{"name":"Caren A\u00f1ez","@id":"https:\/\/digital58.com.ve\/site\/#\/schema\/person\/38596b127602deaa13fbcd7585635238"},"headline":"Venezolanos siguen liderando solicitudes de asilo en Espa\u00f1a, uno de los pa\u00edses que menos aprueba de la UE","datePublished":"2023-04-13T14:00:28+00:00","dateModified":"2023-04-13T14:08:30+00:00","mainEntityOfPage":{"@id":"https:\/\/digital58.com.ve\/site\/2023\/04\/13\/venezolanos-siguen-liderando-solicitudes-de-asilo-en-espana-uno-de-los-paises-que-menos-aprueba-de-la-ue\/"},"wordCount":461,"commentCount":0,"publisher":{"@id":"https:\/\/digital58.com.ve\/site\/#\/schema\/person\/64d1c2e4d0d4fd1b849980c4331c2951"},"image":{"@id":"https:\/\/digital58.com.ve\/site\/2023\/04\/13\/venezolanos-siguen-liderando-solicitudes-de-asilo-en-espana-uno-de-los-paises-que-menos-aprueba-de-la-ue\/#primaryimage"},"thumbnailUrl":"https:\/\/digital58.com.ve\/site\/wp-content\/uploads\/2023\/04\/venezolanos-y-colombianos-asilo-espana-la-razon.jpeg","keywords":["CEAR","Comisi\u00f3n Espa\u00f1ola de Ayuda al Refugiados","Espa\u00f1a","Internacionales","Migrantes","Refugiados","UE","Uni\u00f3n Europea","Venezolanos"],"articleSection":["Mundo"],"inLanguage":"es","potentialAction":[{"@type":"CommentAction","name":"Comment","target":["https:\/\/digital58.com.ve\/site\/2023\/04\/13\/venezolanos-siguen-liderando-solicitudes-de-asilo-en-espana-uno-de-los-paises-que-menos-aprueba-de-la-ue\/#respond"]}]},{"@type":"WebPage","@id":"https:\/\/digital58.com.ve\/site\/2023\/04\/13\/venezolanos-siguen-liderando-solicitudes-de-asilo-en-espana-uno-de-los-paises-que-menos-aprueba-de-la-ue\/","url":"https:\/\/digital58.com.ve\/site\/2023\/04\/13\/venezolanos-siguen-liderando-solicitudes-de-asilo-en-espana-uno-de-los-paises-que-menos-aprueba-de-la-ue\/","name":"Venezolanos siguen liderando solicitudes de asilo en Espa\u00f1a, uno de los pa\u00edses que menos aprueba de la UE","isPartOf":{"@id":"https:\/\/digital58.com.ve\/site\/#website"},"primaryImageOfPage":{"@id":"https:\/\/digital58.com.ve\/site\/2023\/04\/13\/venezolanos-siguen-liderando-solicitudes-de-asilo-en-espana-uno-de-los-paises-que-menos-aprueba-de-la-ue\/#primaryimage"},"image":{"@id":"https:\/\/digital58.com.ve\/site\/2023\/04\/13\/venezolanos-siguen-liderando-solicitudes-de-asilo-en-espana-uno-de-los-paises-que-menos-aprueba-de-la-ue\/#primaryimage"},"thumbnailUrl":"https:\/\/digital58.com.ve\/site\/wp-content\/uploads\/2023\/04\/venezolanos-y-colombianos-asilo-espana-la-razon.jpeg","datePublished":"2023-04-13T14:00:28+00:00","dateModified":"2023-04-13T14:08:30+00:00","breadcrumb":{"@id":"https:\/\/digital58.com.ve\/site\/2023\/04\/13\/venezolanos-siguen-liderando-solicitudes-de-asilo-en-espana-uno-de-los-paises-que-menos-aprueba-de-la-ue\/#breadcrumb"},"inLanguage":"es","potentialAction":[{"@type":"ReadAction","target":["https:\/\/digital58.com.ve\/site\/2023\/04\/13\/venezolanos-siguen-liderando-solicitudes-de-asilo-en-espana-uno-de-los-paises-que-menos-aprueba-de-la-ue\/"]}]},{"@type":"ImageObject","inLanguage":"es","@id":"https:\/\/digital58.com.ve\/site\/2023\/04\/13\/venezolanos-siguen-liderando-solicitudes-de-asilo-en-espana-uno-de-los-paises-que-menos-aprueba-de-la-ue\/#primaryimage","url":"https:\/\/digital58.com.ve\/site\/wp-content\/uploads\/2023\/04\/venezolanos-y-colombianos-asilo-espana-la-razon.jpeg","contentUrl":"https:\/\/digital58.com.ve\/site\/wp-content\/uploads\/2023\/04\/venezolanos-y-colombianos-asilo-espana-la-razon.jpeg","width":2000,"height":1333},{"@type":"BreadcrumbList","@id":"https:\/\/digital58.com.ve\/site\/2023\/04\/13\/venezolanos-siguen-liderando-solicitudes-de-asilo-en-espana-uno-de-los-paises-que-menos-aprueba-de-la-ue\/#breadcrumb","itemListElement":[{"@type":"ListItem","position":1,"name":"Home","item":"https:\/\/digital58.com.ve\/site\/"},{"@type":"ListItem","position":2,"name":"Venezolanos siguen liderando solicitudes de asilo en Espa\u00f1a, uno de los pa\u00edses que menos aprueba de la UE"}]},{"@type":"WebSite","@id":"https:\/\/digital58.com.ve\/site\/#website","url":"https:\/\/digital58.com.ve\/site\/","name":"Noticias Digital58","description":"Portal de Noticias \u00a1Periodismo web de verdad! Lanzamiento web 22.11.2005 \/ Maracaibo, Venezuela","publisher":{"@id":"https:\/\/digital58.com.ve\/site\/#\/schema\/person\/64d1c2e4d0d4fd1b849980c4331c2951"},"alternateName":"ND58","potentialAction":[{"@type":"SearchAction","target":{"@type":"EntryPoint","urlTemplate":"https:\/\/digital58.com.ve\/site\/?s={search_term_string}"},"query-input":{"@type":"PropertyValueSpecification","valueRequired":true,"valueName":"search_term_string"}}],"inLanguage":"es"},{"@type":["Person","Organization"],"@id":"https:\/\/digital58.com.ve\/site\/#\/schema\/person\/64d1c2e4d0d4fd1b849980c4331c2951","name":"Villasmil Henry","image":{"@type":"ImageObject","inLanguage":"es","@id":"https:\/\/secure.gravatar.com\/avatar\/bb0c4a2fcb7970138239f7e404ea75757b1b507b28b5ce4c53fbd62d797c5a7c?s=96&d=mm&r=g","url":"https:\/\/secure.gravatar.com\/avatar\/bb0c4a2fcb7970138239f7e404ea75757b1b507b28b5ce4c53fbd62d797c5a7c?s=96&d=mm&r=g","contentUrl":"https:\/\/secure.gravatar.com\/avatar\/bb0c4a2fcb7970138239f7e404ea75757b1b507b28b5ce4c53fbd62d797c5a7c?s=96&d=mm&r=g","caption":"Villasmil Henry"},"logo":{"@id":"https:\/\/secure.gravatar.com\/avatar\/bb0c4a2fcb7970138239f7e404ea75757b1b507b28b5ce4c53fbd62d797c5a7c?s=96&d=mm&r=g"},"sameAs":["http:\/\/www.henryvillasmil.com.ve","https:\/\/www.instagram.com\/villasmilhfoto\/","https:\/\/x.com\/https:\/\/twitter.com\/villasmilhfoto"]},{"@type":"Person","@id":"https:\/\/digital58.com.ve\/site\/#\/schema\/person\/38596b127602deaa13fbcd7585635238","name":"Caren A\u00f1ez","image":{"@type":"ImageObject","inLanguage":"es","@id":"https:\/\/secure.gravatar.com\/avatar\/53aadd693aa414991c9ff2f2b19c39be94d2c342463b80f5402d344911bc9782?s=96&d=mm&r=g","url":"https:\/\/secure.gravatar.com\/avatar\/53aadd693aa414991c9ff2f2b19c39be94d2c342463b80f5402d344911bc9782?s=96&d=mm&r=g","contentUrl":"https:\/\/secure.gravatar.com\/avatar\/53aadd693aa414991c9ff2f2b19c39be94d2c342463b80f5402d344911bc9782?s=96&d=mm&r=g","caption":"Caren A\u00f1ez"},"description":"\ud83d\udc69\u200d\ud83c\udfa4Editora en @digital_58 \ud83d\udc69\ud83c\udffb\u200d\ud83c\udfebPeriodista musical y de entretenimiento. \ud83d\udcf8Fotografa \ud83d\udc69\ud83c\udffb\u200d\ud83d\udcbbMedia Management. \ud83d\udc69\u200d\ud83d\udc67\u200d\ud83d\udc67AspieMon 24\/7","sameAs":["https:\/\/www.instagram.com\/carenanez\/","https:\/\/x.com\/carenanez"],"url":"https:\/\/digital58.com.ve\/site\/author\/carena21\/"}]}},"uagb_featured_image_src":{"full":["https:\/\/digital58.com.ve\/site\/wp-content\/uploads\/2023\/04\/venezolanos-y-colombianos-asilo-espana-la-razon.jpeg",2000,1333,false],"thumbnail":["https:\/\/digital58.com.ve\/site\/wp-content\/uploads\/2023\/04\/venezolanos-y-colombianos-asilo-espana-la-razon-150x150.jpeg",150,150,true],"medium":["https:\/\/digital58.com.ve\/site\/wp-content\/uploads\/2023\/04\/venezolanos-y-colombianos-asilo-espana-la-razon-300x200.jpeg",300,200,true],"medium_large":["https:\/\/digital58.com.ve\/site\/wp-content\/uploads\/2023\/04\/venezolanos-y-colombianos-asilo-espana-la-razon-768x512.jpeg",768,512,true],"large":["https:\/\/digital58.com.ve\/site\/wp-content\/uploads\/2023\/04\/venezolanos-y-colombianos-asilo-espana-la-razon-1000x667.jpeg",800,534,true],"1536x1536":["https:\/\/digital58.com.ve\/site\/wp-content\/uploads\/2023\/04\/venezolanos-y-colombianos-asilo-espana-la-razon-1536x1024.jpeg",1536,1024,true],"2048x2048":["https:\/\/digital58.com.ve\/site\/wp-content\/uploads\/2023\/04\/venezolanos-y-colombianos-asilo-espana-la-razon.jpeg",2000,1333,false],"colormag-highlighted-post":["https:\/\/digital58.com.ve\/site\/wp-content\/uploads\/2023\/04\/venezolanos-y-colombianos-asilo-espana-la-razon-392x272.jpeg",392,272,true],"colormag-featured-post-medium":["https:\/\/digital58.com.ve\/site\/wp-content\/uploads\/2023\/04\/venezolanos-y-colombianos-asilo-espana-la-razon-390x205.jpeg",390,205,true],"colormag-featured-post-small":["https:\/\/digital58.com.ve\/site\/wp-content\/uploads\/2023\/04\/venezolanos-y-colombianos-asilo-espana-la-razon-130x90.jpeg",130,90,true],"colormag-featured-image":["https:\/\/digital58.com.ve\/site\/wp-content\/uploads\/2023\/04\/venezolanos-y-colombianos-asilo-espana-la-razon-800x445.jpeg",800,445,true],"colormag-default-news":["https:\/\/digital58.com.ve\/site\/wp-content\/uploads\/2023\/04\/venezolanos-y-colombianos-asilo-espana-la-razon.jpeg",150,100,false],"colormag-featured-image-large":["https:\/\/digital58.com.ve\/site\/wp-content\/uploads\/2023\/04\/venezolanos-y-colombianos-asilo-espana-la-razon.jpeg",900,600,false]},"uagb_author_info":{"display_name":"Caren A\u00f1ez","author_link":"https:\/\/digital58.com.ve\/site\/author\/carena21\/"},"uagb_comment_info":0,"uagb_excerpt":"Espa\u00f1a es el tercer pa\u00eds de la Uni\u00f3n Europea (UE) que menos solicitudes de asilo reconoci\u00f3 en 2022, con el","_links":{"self":[{"href":"https:\/\/digital58.com.ve\/site\/wp-json\/wp\/v2\/posts\/164744","targetHints":{"allow":["GET"]}}],"collection":[{"href":"https:\/\/digital58.com.ve\/site\/wp-json\/wp\/v2\/posts"}],"about":[{"href":"https:\/\/digital58.com.ve\/site\/wp-json\/wp\/v2\/types\/post"}],"author":[{"embeddable":true,"href":"https:\/\/digital58.com.ve\/site\/wp-json\/wp\/v2\/users\/39"}],"replies":[{"embeddable":true,"href":"https:\/\/digital58.com.ve\/site\/wp-json\/wp\/v2\/comments?post=164744"}],"version-history":[{"count":1,"href":"https:\/\/digital58.com.ve\/site\/wp-json\/wp\/v2\/posts\/164744\/revisions"}],"predecessor-version":[{"id":164746,"href":"https:\/\/digital58.com.ve\/site\/wp-json\/wp\/v2\/posts\/164744\/revisions\/164746"}],"wp:featuredmedia":[{"embeddable":true,"href":"https:\/\/digital58.com.ve\/site\/wp-json\/wp\/v2\/media\/164745"}],"wp:attachment":[{"href":"https:\/\/digital58.com.ve\/site\/wp-json\/wp\/v2\/media?parent=164744"}],"wp:term":[{"taxonomy":"category","embeddable":true,"href":"https:\/\/digital58.com.ve\/site\/wp-json\/wp\/v2\/categories?post=164744"},{"taxonomy":"post_tag","embeddable":true,"href":"https:\/\/digital58.com.ve\/site\/wp-json\/wp\/v2\/tags?post=164744"}],"curies":[{"name":"wp","href":"https:\/\/api.w.org\/{rel}","templated":true}]}}