{"id":164815,"date":"2023-04-16T09:55:40","date_gmt":"2023-04-16T13:55:40","guid":{"rendered":"https:\/\/digital58.com.ve\/site\/?p=164815"},"modified":"2023-04-16T09:55:40","modified_gmt":"2023-04-16T13:55:40","slug":"laliga-nacho-y-asensio-dan-triunfo-al-real-madrid","status":"publish","type":"post","link":"https:\/\/digital58.com.ve\/site\/2023\/04\/16\/laliga-nacho-y-asensio-dan-triunfo-al-real-madrid\/","title":{"rendered":"#LaLiga | Nacho y Asensio, dan triunfo al Real Madrid"},"content":{"rendered":"<p><a href=\"https:\/\/digital58.com.ve\/site\/wp-content\/uploads\/2023\/04\/realmadrid.jpg\"><img loading=\"lazy\" decoding=\"async\" class=\"aligncenter size-full wp-image-164816\" src=\"https:\/\/digital58.com.ve\/site\/wp-content\/uploads\/2023\/04\/realmadrid.jpg\" alt=\"\" width=\"800\" height=\"533\" srcset=\"https:\/\/digital58.com.ve\/site\/wp-content\/uploads\/2023\/04\/realmadrid.jpg 800w, https:\/\/digital58.com.ve\/site\/wp-content\/uploads\/2023\/04\/realmadrid-300x200.jpg 300w, https:\/\/digital58.com.ve\/site\/wp-content\/uploads\/2023\/04\/realmadrid-768x512.jpg 768w\" sizes=\"auto, (max-width: 800px) 100vw, 800px\" \/><\/a><\/p>\n<p>Llegaba el equipo merengue a C\u00e1diz tras perder en la liga ante el Villarreal y sacar su mejor cara en la Liga de Campeones para superar a un Chelsea al que visitar\u00e1 el pr\u00f3ximo martes.<\/p>\n<p><strong>Espa\u00f1a. 16 de abril de 2023 (ND58).-<\/strong> Dos goles en cuatro minutos (72 y 76), obra de Nacho y Marco Asensio, dieron al Real Madrid el triunfo este s\u00e1bado en su visita al C\u00e1diz en el estadio Nuevo Mirandilla (0-2).<\/p>\n<p>Hasta entonces hab\u00eda aguantado el equipo gaditano, con el portero David Gil como jugador m\u00e1s destacado.<\/p>\n<p>Esos dos resultados y el inminente desenlace de la eliminatoria europea condicionaron el once titular de Ancelotti. El t\u00e9cnico italiano concedi\u00f3 descanso a varios futbolistas. Lucas V\u00e1zquez, R\u00fcdiger, Nacho, Tchouameni, Ceballos y Asensio fueron las seis novedades respecto al \u00faltimo once titular de la \u00abChampions\u00bb.<\/p>\n<p>En el C\u00e1diz, Sergio Gonz\u00e1lez repiti\u00f3 el mismo equipo titular que gan\u00f3 en el Benito Villamar\u00edn la jornada anterior, a excepci\u00f3n del lateral derecho, donde Ra\u00fal Parra sustituy\u00f3 al sancionado Iza Carcel\u00e9n.<\/p>\n<p>Comenz\u00f3 dominando el Real Madrid, que quer\u00eda imponer su ritmo, pero el que m\u00e1s cerca tuvo el gol fue el C\u00e1diz con un disparo de Espino a la base del poste izquierdo de Courtois.<\/p>\n<p>La respuesta blanca fue una elaborada jugada que finaliz\u00f3 con el portero David Gi gan\u00e1ndole la partida a Benzema en un mano a mano. Poco antes, hab\u00eda desviado a c\u00f3rner un disparo de Asensio. Comenzaba as\u00ed a ganar protagonismo el meta local, que jugaba su cuarto partido seguido por la sanci\u00f3n de Conan Ledesma.<\/p>\n<p>A los 34 minutos, Benzema envi\u00f3 al larguero una clar\u00edsima oportunidad cuando lo ten\u00eda todo a favor para abrir el marcador. Una espectacular jugada de Rodrygo permiti\u00f3 a Asensio poner a prueba a David Gil, cuyo rechace lleg\u00f3 a pies del delantero franc\u00e9s, que no tuvo acierto.<\/p>\n<p>Acto seguido, Rodrygo se deshizo de todos los defensores que le sal\u00edan al paso camino al \u00e1rea, finalizando \u00e9l mismo la jugada, de nuevo con acierto del portero cadista, que ya era el jugador m\u00e1s destacado de su equipo.<\/p>\n<p>Sin goles se lleg\u00f3 al tiempo de descanso de un partido dominado por el equipo blanco y con David Gil como salvador de un C\u00e1diz que capeaba el temporal a la espera de hilvanar alg\u00fan contragolpe peligroso.<\/p>\n<p>Se reanud\u00f3 el partido sin cambios en los equipos ni en el guion. Un pase en profundidad de Militao a Rodrygo dej\u00f3 al madridista mano a mano ante David Gil, que otra vez gan\u00f3 la partida.<\/p>\n<p>Apretaban los blancos, entrando como cuchillos por ambas bandas, y no le duraba nada la pelota al C\u00e1diz, cada vez m\u00e1s desbordado.<\/p>\n<p>No fructific\u00f3 una contra local cuando Guardiola se encontraba solo, pero muy lejos de la porter\u00eda y con tiempo de reacci\u00f3n para la defensa madridista.<\/p>\n<p>Acto seguido, Benzema volvi\u00f3 a toparse con un poste, esta vez con un disparo duro desde dentro del \u00e1rea.<\/p>\n<p>Aguant\u00f3 el C\u00e1diz hasta el minuto 72, cuando Nacho recibi\u00f3 el bal\u00f3n de Tchouameni y desde fuera del \u00e1rea conect\u00f3 un latigazo que se col\u00f3 pegado al poste derecho de David Gil.<\/p>\n<p>Apenas cuatro minutos m\u00e1s tarde, con un C\u00e1diz ya obligado a arriesgar m\u00e1s, lleg\u00f3 el segundo tanto visitante. Asensio coloc\u00f3 el bal\u00f3n en el mismo lugar que Nacho y el 0-2 subi\u00f3 al marcador.<\/p>\n<p>Lo intent\u00f3 de todas las formas posibles el C\u00e1diz en el tramo final del choque, pero no pudo recortar distancias y la mayor calidad del equipo blanco envi\u00f3 los tres puntos a Madrid.<\/p>\n<p><strong>Ficha t\u00e9cnica:<\/strong><\/p>\n<p><strong>0 &#8211; C\u00e1diz:<\/strong> David Gil, Ra\u00fal Parra (Jorge Mer\u00e9, min. 55), Luis Hern\u00e1ndez, Fali, Espino, Fede San Emeterio (\u00c1lex Fern\u00e1ndez, min. 70), Rub\u00e9n Alcaraz, Bongonda, Sobrino (Iv\u00e1n Alejo, min. 70), Chris Ramos (Negredo, min. 78) y Guardiola (Roger, min. 70).<\/p>\n<p><strong>2 &#8211; Real Madrid:<\/strong> Courtois, Lucas V\u00e1zquez (Camavinga, min. 67), Militao, R\u00fcdiger, Nacho, Tchouameni, Valverde (Modric, min. 80), Ceballos, Rodrygo (Hazard, min. 80), Asensio y Benzema.<\/p>\n<p><strong>Goles:<\/strong> 0-1, min. 72: Nacho. 0-2, min. 76: Asensio.<\/p>\n<p><strong>\u00c1rbitro:<\/strong> Gil Manzano (comit\u00e9 extreme\u00f1o). Amonest\u00f3 a Rub\u00e9n Alcaraz (min. 29).<\/p>\n<p><strong>Incidencias:<\/strong> Partido de la jornada 29 disputado en el estadio Nuevo Mirandilla ante 19.8333 espectadores.<\/p>\n<p><strong>Redacci\u00f3n ND58 | Fuente: EFE<\/strong><br \/>\n<strong>Edici\u00f3n: Villasmil, Henry<\/strong><br \/>\n<strong>Gr\u00e1fica: EFE<\/strong><\/p>\n<p>&nbsp;<\/p><div class=\"ptelb69f2eecd3b12f\" ><p style=\"text-align: center;\"><a href=\"https:\/\/t.me\/noticiasdigital58\" target=\"_blank\" rel=\"noopener\"><img class=\"aligncenter size-full wp-image-125363\" src=\"https:\/\/digital58.com.ve\/site\/wp-content\/uploads\/2021\/04\/banner-telegram-web-2021.png\" alt=\"\" width=\"600\" height=\"90\" \/><\/a><\/p><\/div><style type=\"text\/css\">\r\n@media screen and (min-width: 1201px) {\r\n.ptelb69f2eecd3b12f {\r\ndisplay: block;\r\n}\r\n}\r\n@media screen and (min-width: 993px) and (max-width: 1200px) {\r\n.ptelb69f2eecd3b12f {\r\ndisplay: block;\r\n}\r\n}\r\n@media screen and (min-width: 769px) and (max-width: 992px) {\r\n.ptelb69f2eecd3b12f {\r\ndisplay: block;\r\n}\r\n}\r\n@media screen and (min-width: 768px) and (max-width: 768px) {\r\n.ptelb69f2eecd3b12f {\r\ndisplay: block;\r\n}\r\n}\r\n@media screen and (max-width: 767px) {\r\n.ptelb69f2eecd3b12f {\r\ndisplay: block;\r\n}\r\n}\r\n<\/style>\r\n\n<p>&nbsp;<\/p>\n<div style=\"margin-top: 0px; margin-bottom: 0px;\" class=\"sharethis-inline-share-buttons\" ><\/div>","protected":false},"excerpt":{"rendered":"<p>Llegaba el equipo merengue a C\u00e1diz tras perder en la liga ante el Villarreal y sacar su mejor cara en<\/p>\n","protected":false},"author":1,"featured_media":164816,"comment_status":"open","ping_status":"closed","sticky":false,"template":"","format":"standard","meta":{"colormag_page_container_layout":"default_layout","colormag_page_sidebar_layout":"default_layout","_uag_custom_page_level_css":"","footnotes":""},"categories":[5402],"tags":[25463,115,13,499,8,7311,28317,6501],"class_list":["post-164815","post","type-post","status-publish","format-standard","has-post-thumbnail","hentry","category-deportes","tag-cadiz","tag-espana","tag-futbol","tag-futbol-espanol","tag-internacionales","tag-laliga","tag-laliga-2022-2023","tag-real-madrid-cf"],"yoast_head":"<!-- This site is optimized with the Yoast SEO plugin v27.5 - https:\/\/yoast.com\/product\/yoast-seo-wordpress\/ -->\n<title>#LaLiga | Nacho y Asensio, dan triunfo al Real Madrid<\/title>\n<meta name=\"robots\" content=\"index, follow, max-snippet:-1, max-image-preview:large, max-video-preview:-1\" \/>\n<link rel=\"canonical\" href=\"https:\/\/digital58.com.ve\/site\/2023\/04\/16\/laliga-nacho-y-asensio-dan-triunfo-al-real-madrid\/\" \/>\n<meta property=\"og:locale\" content=\"es_ES\" \/>\n<meta property=\"og:type\" content=\"article\" \/>\n<meta property=\"og:title\" content=\"#LaLiga | Nacho y Asensio, dan triunfo al Real Madrid\" \/>\n<meta property=\"og:url\" content=\"https:\/\/digital58.com.ve\/site\/2023\/04\/16\/laliga-nacho-y-asensio-dan-triunfo-al-real-madrid\/\" \/>\n<meta property=\"og:site_name\" content=\"Noticias Digital58\" \/>\n<meta property=\"article:published_time\" content=\"2023-04-16T13:55:40+00:00\" \/>\n<meta property=\"og:image\" content=\"https:\/\/i0.wp.com\/digital58.com.ve\/site\/wp-content\/uploads\/2023\/04\/realmadrid.jpg?fit=800%2C533&ssl=1\" \/>\n\t<meta property=\"og:image:width\" content=\"800\" \/>\n\t<meta property=\"og:image:height\" content=\"533\" \/>\n\t<meta property=\"og:image:type\" content=\"image\/jpeg\" \/>\n<meta name=\"author\" content=\"Villasmil Henry\" \/>\n<meta name=\"twitter:card\" content=\"summary_large_image\" \/>\n<meta name=\"twitter:creator\" content=\"@https:\/\/twitter.com\/villasmilhfoto\" \/>\n<meta name=\"twitter:site\" content=\"@villasmilhfoto\" \/>\n<meta name=\"twitter:label1\" content=\"Escrito por\" \/>\n\t<meta name=\"twitter:data1\" content=\"Villasmil Henry\" \/>\n\t<meta name=\"twitter:label2\" content=\"Tiempo estimado de lectura\" \/>\n\t<meta name=\"twitter:data2\" content=\"4 minutos\" \/>\n<script type=\"application\/ld+json\" class=\"yoast-schema-graph\">{\"@context\":\"https:\\\/\\\/schema.org\",\"@graph\":[{\"@type\":\"Article\",\"@id\":\"https:\\\/\\\/digital58.com.ve\\\/site\\\/2023\\\/04\\\/16\\\/laliga-nacho-y-asensio-dan-triunfo-al-real-madrid\\\/#article\",\"isPartOf\":{\"@id\":\"https:\\\/\\\/digital58.com.ve\\\/site\\\/2023\\\/04\\\/16\\\/laliga-nacho-y-asensio-dan-triunfo-al-real-madrid\\\/\"},\"author\":{\"name\":\"Villasmil Henry\",\"@id\":\"https:\\\/\\\/digital58.com.ve\\\/site\\\/#\\\/schema\\\/person\\\/64d1c2e4d0d4fd1b849980c4331c2951\"},\"headline\":\"#LaLiga | Nacho y Asensio, dan triunfo al Real Madrid\",\"datePublished\":\"2023-04-16T13:55:40+00:00\",\"mainEntityOfPage\":{\"@id\":\"https:\\\/\\\/digital58.com.ve\\\/site\\\/2023\\\/04\\\/16\\\/laliga-nacho-y-asensio-dan-triunfo-al-real-madrid\\\/\"},\"wordCount\":738,\"commentCount\":0,\"publisher\":{\"@id\":\"https:\\\/\\\/digital58.com.ve\\\/site\\\/#\\\/schema\\\/person\\\/64d1c2e4d0d4fd1b849980c4331c2951\"},\"image\":{\"@id\":\"https:\\\/\\\/digital58.com.ve\\\/site\\\/2023\\\/04\\\/16\\\/laliga-nacho-y-asensio-dan-triunfo-al-real-madrid\\\/#primaryimage\"},\"thumbnailUrl\":\"https:\\\/\\\/digital58.com.ve\\\/site\\\/wp-content\\\/uploads\\\/2023\\\/04\\\/realmadrid.jpg\",\"keywords\":[\"C\u00e1diz\",\"Espa\u00f1a\",\"F\u00fatbol\",\"F\u00fatbol Espa\u00f1ol\",\"Internacionales\",\"LaLiga\",\"LaLiga 2022-2023\",\"Real Madrid CF\"],\"articleSection\":[\"Deportes\"],\"inLanguage\":\"es\",\"potentialAction\":[{\"@type\":\"CommentAction\",\"name\":\"Comment\",\"target\":[\"https:\\\/\\\/digital58.com.ve\\\/site\\\/2023\\\/04\\\/16\\\/laliga-nacho-y-asensio-dan-triunfo-al-real-madrid\\\/#respond\"]}]},{\"@type\":\"WebPage\",\"@id\":\"https:\\\/\\\/digital58.com.ve\\\/site\\\/2023\\\/04\\\/16\\\/laliga-nacho-y-asensio-dan-triunfo-al-real-madrid\\\/\",\"url\":\"https:\\\/\\\/digital58.com.ve\\\/site\\\/2023\\\/04\\\/16\\\/laliga-nacho-y-asensio-dan-triunfo-al-real-madrid\\\/\",\"name\":\"#LaLiga | Nacho y Asensio, dan triunfo al Real Madrid\",\"isPartOf\":{\"@id\":\"https:\\\/\\\/digital58.com.ve\\\/site\\\/#website\"},\"primaryImageOfPage\":{\"@id\":\"https:\\\/\\\/digital58.com.ve\\\/site\\\/2023\\\/04\\\/16\\\/laliga-nacho-y-asensio-dan-triunfo-al-real-madrid\\\/#primaryimage\"},\"image\":{\"@id\":\"https:\\\/\\\/digital58.com.ve\\\/site\\\/2023\\\/04\\\/16\\\/laliga-nacho-y-asensio-dan-triunfo-al-real-madrid\\\/#primaryimage\"},\"thumbnailUrl\":\"https:\\\/\\\/digital58.com.ve\\\/site\\\/wp-content\\\/uploads\\\/2023\\\/04\\\/realmadrid.jpg\",\"datePublished\":\"2023-04-16T13:55:40+00:00\",\"breadcrumb\":{\"@id\":\"https:\\\/\\\/digital58.com.ve\\\/site\\\/2023\\\/04\\\/16\\\/laliga-nacho-y-asensio-dan-triunfo-al-real-madrid\\\/#breadcrumb\"},\"inLanguage\":\"es\",\"potentialAction\":[{\"@type\":\"ReadAction\",\"target\":[\"https:\\\/\\\/digital58.com.ve\\\/site\\\/2023\\\/04\\\/16\\\/laliga-nacho-y-asensio-dan-triunfo-al-real-madrid\\\/\"]}]},{\"@type\":\"ImageObject\",\"inLanguage\":\"es\",\"@id\":\"https:\\\/\\\/digital58.com.ve\\\/site\\\/2023\\\/04\\\/16\\\/laliga-nacho-y-asensio-dan-triunfo-al-real-madrid\\\/#primaryimage\",\"url\":\"https:\\\/\\\/digital58.com.ve\\\/site\\\/wp-content\\\/uploads\\\/2023\\\/04\\\/realmadrid.jpg\",\"contentUrl\":\"https:\\\/\\\/digital58.com.ve\\\/site\\\/wp-content\\\/uploads\\\/2023\\\/04\\\/realmadrid.jpg\",\"width\":800,\"height\":533},{\"@type\":\"BreadcrumbList\",\"@id\":\"https:\\\/\\\/digital58.com.ve\\\/site\\\/2023\\\/04\\\/16\\\/laliga-nacho-y-asensio-dan-triunfo-al-real-madrid\\\/#breadcrumb\",\"itemListElement\":[{\"@type\":\"ListItem\",\"position\":1,\"name\":\"Home\",\"item\":\"https:\\\/\\\/digital58.com.ve\\\/site\\\/\"},{\"@type\":\"ListItem\",\"position\":2,\"name\":\"#LaLiga | Nacho y Asensio, dan triunfo al Real Madrid\"}]},{\"@type\":\"WebSite\",\"@id\":\"https:\\\/\\\/digital58.com.ve\\\/site\\\/#website\",\"url\":\"https:\\\/\\\/digital58.com.ve\\\/site\\\/\",\"name\":\"Noticias Digital58\",\"description\":\"Portal de Noticias \u00a1Periodismo web de verdad! Lanzamiento web 22.11.2005 \\\/ Maracaibo, Venezuela\",\"publisher\":{\"@id\":\"https:\\\/\\\/digital58.com.ve\\\/site\\\/#\\\/schema\\\/person\\\/64d1c2e4d0d4fd1b849980c4331c2951\"},\"alternateName\":\"ND58\",\"potentialAction\":[{\"@type\":\"SearchAction\",\"target\":{\"@type\":\"EntryPoint\",\"urlTemplate\":\"https:\\\/\\\/digital58.com.ve\\\/site\\\/?s={search_term_string}\"},\"query-input\":{\"@type\":\"PropertyValueSpecification\",\"valueRequired\":true,\"valueName\":\"search_term_string\"}}],\"inLanguage\":\"es\"},{\"@type\":[\"Person\",\"Organization\"],\"@id\":\"https:\\\/\\\/digital58.com.ve\\\/site\\\/#\\\/schema\\\/person\\\/64d1c2e4d0d4fd1b849980c4331c2951\",\"name\":\"Villasmil Henry\",\"image\":{\"@type\":\"ImageObject\",\"inLanguage\":\"es\",\"@id\":\"https:\\\/\\\/secure.gravatar.com\\\/avatar\\\/bb0c4a2fcb7970138239f7e404ea75757b1b507b28b5ce4c53fbd62d797c5a7c?s=96&d=mm&r=g\",\"url\":\"https:\\\/\\\/secure.gravatar.com\\\/avatar\\\/bb0c4a2fcb7970138239f7e404ea75757b1b507b28b5ce4c53fbd62d797c5a7c?s=96&d=mm&r=g\",\"contentUrl\":\"https:\\\/\\\/secure.gravatar.com\\\/avatar\\\/bb0c4a2fcb7970138239f7e404ea75757b1b507b28b5ce4c53fbd62d797c5a7c?s=96&d=mm&r=g\",\"caption\":\"Villasmil Henry\"},\"logo\":{\"@id\":\"https:\\\/\\\/secure.gravatar.com\\\/avatar\\\/bb0c4a2fcb7970138239f7e404ea75757b1b507b28b5ce4c53fbd62d797c5a7c?s=96&d=mm&r=g\"},\"sameAs\":[\"http:\\\/\\\/www.henryvillasmil.com.ve\",\"https:\\\/\\\/www.instagram.com\\\/villasmilhfoto\\\/\",\"https:\\\/\\\/x.com\\\/https:\\\/\\\/twitter.com\\\/villasmilhfoto\"],\"url\":\"https:\\\/\\\/digital58.com.ve\\\/site\\\/author\\\/droopy_68\\\/\"}]}<\/script>\n<!-- \/ Yoast SEO plugin. -->","yoast_head_json":{"title":"#LaLiga | Nacho y Asensio, dan triunfo al Real Madrid","robots":{"index":"index","follow":"follow","max-snippet":"max-snippet:-1","max-image-preview":"max-image-preview:large","max-video-preview":"max-video-preview:-1"},"canonical":"https:\/\/digital58.com.ve\/site\/2023\/04\/16\/laliga-nacho-y-asensio-dan-triunfo-al-real-madrid\/","og_locale":"es_ES","og_type":"article","og_title":"#LaLiga | Nacho y Asensio, dan triunfo al Real Madrid","og_url":"https:\/\/digital58.com.ve\/site\/2023\/04\/16\/laliga-nacho-y-asensio-dan-triunfo-al-real-madrid\/","og_site_name":"Noticias Digital58","article_published_time":"2023-04-16T13:55:40+00:00","og_image":[{"width":800,"height":533,"url":"https:\/\/i0.wp.com\/digital58.com.ve\/site\/wp-content\/uploads\/2023\/04\/realmadrid.jpg?fit=800%2C533&ssl=1","type":"image\/jpeg"}],"author":"Villasmil Henry","twitter_card":"summary_large_image","twitter_creator":"@https:\/\/twitter.com\/villasmilhfoto","twitter_site":"@villasmilhfoto","twitter_misc":{"Escrito por":"Villasmil Henry","Tiempo estimado de lectura":"4 minutos"},"schema":{"@context":"https:\/\/schema.org","@graph":[{"@type":"Article","@id":"https:\/\/digital58.com.ve\/site\/2023\/04\/16\/laliga-nacho-y-asensio-dan-triunfo-al-real-madrid\/#article","isPartOf":{"@id":"https:\/\/digital58.com.ve\/site\/2023\/04\/16\/laliga-nacho-y-asensio-dan-triunfo-al-real-madrid\/"},"author":{"name":"Villasmil Henry","@id":"https:\/\/digital58.com.ve\/site\/#\/schema\/person\/64d1c2e4d0d4fd1b849980c4331c2951"},"headline":"#LaLiga | Nacho y Asensio, dan triunfo al Real Madrid","datePublished":"2023-04-16T13:55:40+00:00","mainEntityOfPage":{"@id":"https:\/\/digital58.com.ve\/site\/2023\/04\/16\/laliga-nacho-y-asensio-dan-triunfo-al-real-madrid\/"},"wordCount":738,"commentCount":0,"publisher":{"@id":"https:\/\/digital58.com.ve\/site\/#\/schema\/person\/64d1c2e4d0d4fd1b849980c4331c2951"},"image":{"@id":"https:\/\/digital58.com.ve\/site\/2023\/04\/16\/laliga-nacho-y-asensio-dan-triunfo-al-real-madrid\/#primaryimage"},"thumbnailUrl":"https:\/\/digital58.com.ve\/site\/wp-content\/uploads\/2023\/04\/realmadrid.jpg","keywords":["C\u00e1diz","Espa\u00f1a","F\u00fatbol","F\u00fatbol Espa\u00f1ol","Internacionales","LaLiga","LaLiga 2022-2023","Real Madrid CF"],"articleSection":["Deportes"],"inLanguage":"es","potentialAction":[{"@type":"CommentAction","name":"Comment","target":["https:\/\/digital58.com.ve\/site\/2023\/04\/16\/laliga-nacho-y-asensio-dan-triunfo-al-real-madrid\/#respond"]}]},{"@type":"WebPage","@id":"https:\/\/digital58.com.ve\/site\/2023\/04\/16\/laliga-nacho-y-asensio-dan-triunfo-al-real-madrid\/","url":"https:\/\/digital58.com.ve\/site\/2023\/04\/16\/laliga-nacho-y-asensio-dan-triunfo-al-real-madrid\/","name":"#LaLiga | Nacho y Asensio, dan triunfo al Real Madrid","isPartOf":{"@id":"https:\/\/digital58.com.ve\/site\/#website"},"primaryImageOfPage":{"@id":"https:\/\/digital58.com.ve\/site\/2023\/04\/16\/laliga-nacho-y-asensio-dan-triunfo-al-real-madrid\/#primaryimage"},"image":{"@id":"https:\/\/digital58.com.ve\/site\/2023\/04\/16\/laliga-nacho-y-asensio-dan-triunfo-al-real-madrid\/#primaryimage"},"thumbnailUrl":"https:\/\/digital58.com.ve\/site\/wp-content\/uploads\/2023\/04\/realmadrid.jpg","datePublished":"2023-04-16T13:55:40+00:00","breadcrumb":{"@id":"https:\/\/digital58.com.ve\/site\/2023\/04\/16\/laliga-nacho-y-asensio-dan-triunfo-al-real-madrid\/#breadcrumb"},"inLanguage":"es","potentialAction":[{"@type":"ReadAction","target":["https:\/\/digital58.com.ve\/site\/2023\/04\/16\/laliga-nacho-y-asensio-dan-triunfo-al-real-madrid\/"]}]},{"@type":"ImageObject","inLanguage":"es","@id":"https:\/\/digital58.com.ve\/site\/2023\/04\/16\/laliga-nacho-y-asensio-dan-triunfo-al-real-madrid\/#primaryimage","url":"https:\/\/digital58.com.ve\/site\/wp-content\/uploads\/2023\/04\/realmadrid.jpg","contentUrl":"https:\/\/digital58.com.ve\/site\/wp-content\/uploads\/2023\/04\/realmadrid.jpg","width":800,"height":533},{"@type":"BreadcrumbList","@id":"https:\/\/digital58.com.ve\/site\/2023\/04\/16\/laliga-nacho-y-asensio-dan-triunfo-al-real-madrid\/#breadcrumb","itemListElement":[{"@type":"ListItem","position":1,"name":"Home","item":"https:\/\/digital58.com.ve\/site\/"},{"@type":"ListItem","position":2,"name":"#LaLiga | Nacho y Asensio, dan triunfo al Real Madrid"}]},{"@type":"WebSite","@id":"https:\/\/digital58.com.ve\/site\/#website","url":"https:\/\/digital58.com.ve\/site\/","name":"Noticias Digital58","description":"Portal de Noticias \u00a1Periodismo web de verdad! Lanzamiento web 22.11.2005 \/ Maracaibo, Venezuela","publisher":{"@id":"https:\/\/digital58.com.ve\/site\/#\/schema\/person\/64d1c2e4d0d4fd1b849980c4331c2951"},"alternateName":"ND58","potentialAction":[{"@type":"SearchAction","target":{"@type":"EntryPoint","urlTemplate":"https:\/\/digital58.com.ve\/site\/?s={search_term_string}"},"query-input":{"@type":"PropertyValueSpecification","valueRequired":true,"valueName":"search_term_string"}}],"inLanguage":"es"},{"@type":["Person","Organization"],"@id":"https:\/\/digital58.com.ve\/site\/#\/schema\/person\/64d1c2e4d0d4fd1b849980c4331c2951","name":"Villasmil Henry","image":{"@type":"ImageObject","inLanguage":"es","@id":"https:\/\/secure.gravatar.com\/avatar\/bb0c4a2fcb7970138239f7e404ea75757b1b507b28b5ce4c53fbd62d797c5a7c?s=96&d=mm&r=g","url":"https:\/\/secure.gravatar.com\/avatar\/bb0c4a2fcb7970138239f7e404ea75757b1b507b28b5ce4c53fbd62d797c5a7c?s=96&d=mm&r=g","contentUrl":"https:\/\/secure.gravatar.com\/avatar\/bb0c4a2fcb7970138239f7e404ea75757b1b507b28b5ce4c53fbd62d797c5a7c?s=96&d=mm&r=g","caption":"Villasmil Henry"},"logo":{"@id":"https:\/\/secure.gravatar.com\/avatar\/bb0c4a2fcb7970138239f7e404ea75757b1b507b28b5ce4c53fbd62d797c5a7c?s=96&d=mm&r=g"},"sameAs":["http:\/\/www.henryvillasmil.com.ve","https:\/\/www.instagram.com\/villasmilhfoto\/","https:\/\/x.com\/https:\/\/twitter.com\/villasmilhfoto"],"url":"https:\/\/digital58.com.ve\/site\/author\/droopy_68\/"}]}},"uagb_featured_image_src":{"full":["https:\/\/digital58.com.ve\/site\/wp-content\/uploads\/2023\/04\/realmadrid.jpg",800,533,false],"thumbnail":["https:\/\/digital58.com.ve\/site\/wp-content\/uploads\/2023\/04\/realmadrid-150x150.jpg",150,150,true],"medium":["https:\/\/digital58.com.ve\/site\/wp-content\/uploads\/2023\/04\/realmadrid-300x200.jpg",300,200,true],"medium_large":["https:\/\/digital58.com.ve\/site\/wp-content\/uploads\/2023\/04\/realmadrid-768x512.jpg",768,512,true],"large":["https:\/\/digital58.com.ve\/site\/wp-content\/uploads\/2023\/04\/realmadrid.jpg",800,533,false],"1536x1536":["https:\/\/digital58.com.ve\/site\/wp-content\/uploads\/2023\/04\/realmadrid.jpg",800,533,false],"2048x2048":["https:\/\/digital58.com.ve\/site\/wp-content\/uploads\/2023\/04\/realmadrid.jpg",800,533,false],"colormag-highlighted-post":["https:\/\/digital58.com.ve\/site\/wp-content\/uploads\/2023\/04\/realmadrid-392x272.jpg",392,272,true],"colormag-featured-post-medium":["https:\/\/digital58.com.ve\/site\/wp-content\/uploads\/2023\/04\/realmadrid-390x205.jpg",390,205,true],"colormag-featured-post-small":["https:\/\/digital58.com.ve\/site\/wp-content\/uploads\/2023\/04\/realmadrid-130x90.jpg",130,90,true],"colormag-featured-image":["https:\/\/digital58.com.ve\/site\/wp-content\/uploads\/2023\/04\/realmadrid-800x445.jpg",800,445,true],"colormag-default-news":["https:\/\/digital58.com.ve\/site\/wp-content\/uploads\/2023\/04\/realmadrid.jpg",150,100,false],"colormag-featured-image-large":["https:\/\/digital58.com.ve\/site\/wp-content\/uploads\/2023\/04\/realmadrid.jpg",800,533,false]},"uagb_author_info":{"display_name":"Villasmil Henry","author_link":"https:\/\/digital58.com.ve\/site\/author\/droopy_68\/"},"uagb_comment_info":0,"uagb_excerpt":"Llegaba el equipo merengue a C\u00e1diz tras perder en la liga ante el Villarreal y sacar su mejor cara en","_links":{"self":[{"href":"https:\/\/digital58.com.ve\/site\/wp-json\/wp\/v2\/posts\/164815","targetHints":{"allow":["GET"]}}],"collection":[{"href":"https:\/\/digital58.com.ve\/site\/wp-json\/wp\/v2\/posts"}],"about":[{"href":"https:\/\/digital58.com.ve\/site\/wp-json\/wp\/v2\/types\/post"}],"author":[{"embeddable":true,"href":"https:\/\/digital58.com.ve\/site\/wp-json\/wp\/v2\/users\/1"}],"replies":[{"embeddable":true,"href":"https:\/\/digital58.com.ve\/site\/wp-json\/wp\/v2\/comments?post=164815"}],"version-history":[{"count":1,"href":"https:\/\/digital58.com.ve\/site\/wp-json\/wp\/v2\/posts\/164815\/revisions"}],"predecessor-version":[{"id":164817,"href":"https:\/\/digital58.com.ve\/site\/wp-json\/wp\/v2\/posts\/164815\/revisions\/164817"}],"wp:featuredmedia":[{"embeddable":true,"href":"https:\/\/digital58.com.ve\/site\/wp-json\/wp\/v2\/media\/164816"}],"wp:attachment":[{"href":"https:\/\/digital58.com.ve\/site\/wp-json\/wp\/v2\/media?parent=164815"}],"wp:term":[{"taxonomy":"category","embeddable":true,"href":"https:\/\/digital58.com.ve\/site\/wp-json\/wp\/v2\/categories?post=164815"},{"taxonomy":"post_tag","embeddable":true,"href":"https:\/\/digital58.com.ve\/site\/wp-json\/wp\/v2\/tags?post=164815"}],"curies":[{"name":"wp","href":"https:\/\/api.w.org\/{rel}","templated":true}]}}