{"id":164873,"date":"2023-04-17T08:49:52","date_gmt":"2023-04-17T12:49:52","guid":{"rendered":"https:\/\/digital58.com.ve\/site\/?p=164873"},"modified":"2023-04-17T08:49:52","modified_gmt":"2023-04-17T12:49:52","slug":"fallece-el-pianista-ahmad-jamal-uno-de-los-grandes-del-jazz","status":"publish","type":"post","link":"https:\/\/digital58.com.ve\/site\/2023\/04\/17\/fallece-el-pianista-ahmad-jamal-uno-de-los-grandes-del-jazz\/","title":{"rendered":"Fallece el pianista Ahmad Jamal, uno de los grandes del jazz"},"content":{"rendered":"<p><a href=\"https:\/\/digital58.com.ve\/site\/wp-content\/uploads\/2023\/04\/pianista-Ahmad-Jamal.jpg\"><img loading=\"lazy\" decoding=\"async\" class=\"aligncenter size-full wp-image-164886\" src=\"https:\/\/digital58.com.ve\/site\/wp-content\/uploads\/2023\/04\/pianista-Ahmad-Jamal.jpg\" alt=\"\" width=\"800\" height=\"537\" srcset=\"https:\/\/digital58.com.ve\/site\/wp-content\/uploads\/2023\/04\/pianista-Ahmad-Jamal.jpg 800w, https:\/\/digital58.com.ve\/site\/wp-content\/uploads\/2023\/04\/pianista-Ahmad-Jamal-300x201.jpg 300w, https:\/\/digital58.com.ve\/site\/wp-content\/uploads\/2023\/04\/pianista-Ahmad-Jamal-768x516.jpg 768w\" sizes=\"auto, (max-width: 800px) 100vw, 800px\" \/><\/a><\/p>\n<p>Su hija Sumayah Jamal asegur\u00f3 al diario The New York Times que su padre muri\u00f3 en la tarde del domingo en la poblaci\u00f3n de Ashley Falls (Massachusetts), despu\u00e9s de una larga batalla contra el c\u00e1ncer de pr\u00f3stata.<\/p>\n<p><strong>Internacionales, 17 de abril de 2023 (ND58).-<\/strong> El legendario pianista y compositor de jazz Ahmad Jamal, que fue una referencia para m\u00fasicos como Miles Davis, Herbie Hancock o Keith Jarret, falleci\u00f3 este domingo a los 92 a\u00f1os, informaron a los medios estadounidenses fuentes de su familia.<\/p>\n<p>Jamal naci\u00f3 el 2 de julio de 1930 en el seno de una familia bautista en Pittsburgh (Filadelfia) y fue bautizado con el nombre de Frederick Russell Jones. A los siete a\u00f1os comenz\u00f3 a tomar clases formales de piano, que inclu\u00edan el estudio de compositores cl\u00e1sicos como Bach, Liszt o Beethoven, y a los 14 empez\u00f3 una carrera profesional que durar\u00eda siete d\u00e9cadas.<\/p>\n<p>A los veinte a\u00f1os de edad, cuando se encontraba de gira en Detroit, ciudad en la que hab\u00eda una nutrida comunidad musulmana, se convirti\u00f3 al Islam y se cambi\u00f3 de nombre.<\/p>\n<p>De su personalidad como m\u00fasico se ha destacado su capacidad de innovaci\u00f3n y la de influir en otros m\u00fasicos, una influencia que ha llegado a artistas de la m\u00fasica popular de nuestros d\u00edas.<\/p>\n<p>Jamal se resist\u00eda a que su m\u00fasica se describiera con el t\u00e9rmino de jazz y prefer\u00eda que se la considerase \u00abm\u00fasica cl\u00e1sica estadounidense\u00bb. Era conocido por su estilo parco de tocar, a menudo prolongando silencios entre las notas, en una din\u00e1mica descrita como \u00abmenos es m\u00e1s\u00bb.<\/p>\n<p>El m\u00edtico trompetista Miles Davis, su amigo de toda la vida, dijo de Jamal que de \u00e9l proced\u00eda \u00abtoda su inspiraci\u00f3n\u00bb, y sobre su estilo escribi\u00f3 en su autobiograf\u00eda que le dej\u00f3 \u00abpasmado con su concepto del espacio, la ligereza de su toque, su atenuaci\u00f3n y su forma de interpretar las notas, los acordes y los pasajes\u00bb.<\/p>\n<p>Su estilo relajado y su innovador concepto musical se hicieron pronto muy populares en el mundo del jazz y, antes de cumplir los treinta a\u00f1os, en 1958, obtuvo un gran \u00e9xito con su \u00e1lbum \u00abAt the Pershing: But Not for Me\u00bb, que se convirti\u00f3 en uno de los discos instrumentales m\u00e1s vendidos de su \u00e9poca.<\/p>\n<p>Su influencia ha llegado a nuestros d\u00edas, con raperos como Nas o estrellas del hip hop como De La Soul empleando sus riffs de piano en sus composiciones.<\/p>\n<p>Durante su prolongada carrera fue objeto de numerosos premios y reconocimientos, como la Orden de las Artes y las Letras de Francia en 2007 y el Grammy a los Logros de su Carrera, en 2017.<\/p>\n<p>En una entrevista con The New York Times el pasado a\u00f1o, Jamal dijo que se consideraba a\u00fan un artista en evoluci\u00f3n: \u00abTodav\u00eda estoy evolucionando cada vez que se siento al piano (&#8230;) A\u00fan se me ocurren algunas ideas nuevas\u00bb.<\/p>\n<p><strong>Redacci\u00f3n ND58 | Fuente: EFE<\/strong><br \/>\n<strong>Edici\u00f3n: Villasmil, Henry<\/strong><br \/>\n<strong>Grafica: De archivo<\/strong><\/p>\n<p>&nbsp;<\/p>\n<p>&nbsp;<\/p><div class=\"tielb69efcc84c8e07\" ><p style=\"text-align: center;\"><a href=\"https:\/\/t.me\/noticiasdigital58\" target=\"_blank\" rel=\"noopener\"><img class=\"aligncenter size-full wp-image-125363\" src=\"https:\/\/digital58.com.ve\/site\/wp-content\/uploads\/2021\/04\/banner-telegram-web-2021.png\" alt=\"\" width=\"600\" height=\"90\" \/><\/a><\/p><\/div><style type=\"text\/css\">\r\n@media screen and (min-width: 1201px) {\r\n.tielb69efcc84c8e07 {\r\ndisplay: block;\r\n}\r\n}\r\n@media screen and (min-width: 993px) and (max-width: 1200px) {\r\n.tielb69efcc84c8e07 {\r\ndisplay: block;\r\n}\r\n}\r\n@media screen and (min-width: 769px) and (max-width: 992px) {\r\n.tielb69efcc84c8e07 {\r\ndisplay: block;\r\n}\r\n}\r\n@media screen and (min-width: 768px) and (max-width: 768px) {\r\n.tielb69efcc84c8e07 {\r\ndisplay: block;\r\n}\r\n}\r\n@media screen and (max-width: 767px) {\r\n.tielb69efcc84c8e07 {\r\ndisplay: block;\r\n}\r\n}\r\n<\/style>\r\n\n<p>&nbsp;<\/p>\n<div style=\"margin-top: 0px; margin-bottom: 0px;\" class=\"sharethis-inline-share-buttons\" ><\/div>","protected":false},"excerpt":{"rendered":"<p>Su hija Sumayah Jamal asegur\u00f3 al diario The New York Times que su padre muri\u00f3 en la tarde del domingo<\/p>\n","protected":false},"author":1,"featured_media":164886,"comment_status":"open","ping_status":"closed","sticky":false,"template":"","format":"standard","meta":{"colormag_page_container_layout":"default_layout","colormag_page_sidebar_layout":"default_layout","_uag_custom_page_level_css":"","footnotes":""},"categories":[1],"tags":[207,31064,31066,2312,31068,31067,2418,2522,31065],"class_list":["post-164873","post","type-post","status-publish","format-standard","has-post-thumbnail","hentry","category-fama","tag-fallecimientos","tag-frederick-russell-jones","tag-genero-jazz","tag-herbie-hancock","tag-keith-jarret","tag-miles-davis","tag-musicos","tag-pianistas","tag-sumayah-jamal"],"yoast_head":"<!-- This site is optimized with the Yoast SEO plugin v27.4 - https:\/\/yoast.com\/product\/yoast-seo-wordpress\/ -->\n<title>Fallece el pianista Ahmad Jamal, uno de los grandes del jazz<\/title>\n<meta name=\"robots\" content=\"index, follow, max-snippet:-1, max-image-preview:large, max-video-preview:-1\" \/>\n<link rel=\"canonical\" href=\"https:\/\/digital58.com.ve\/site\/2023\/04\/17\/fallece-el-pianista-ahmad-jamal-uno-de-los-grandes-del-jazz\/\" \/>\n<meta property=\"og:locale\" content=\"es_ES\" \/>\n<meta property=\"og:type\" content=\"article\" \/>\n<meta property=\"og:title\" content=\"Fallece el pianista Ahmad Jamal, uno de los grandes del jazz\" \/>\n<meta property=\"og:url\" content=\"https:\/\/digital58.com.ve\/site\/2023\/04\/17\/fallece-el-pianista-ahmad-jamal-uno-de-los-grandes-del-jazz\/\" \/>\n<meta property=\"og:site_name\" content=\"Noticias Digital58\" \/>\n<meta property=\"article:published_time\" content=\"2023-04-17T12:49:52+00:00\" \/>\n<meta property=\"og:image\" content=\"https:\/\/i0.wp.com\/digital58.com.ve\/site\/wp-content\/uploads\/2023\/04\/pianista-Ahmad-Jamal.jpg?fit=800%2C537&ssl=1\" \/>\n\t<meta property=\"og:image:width\" content=\"800\" \/>\n\t<meta property=\"og:image:height\" content=\"537\" \/>\n\t<meta property=\"og:image:type\" content=\"image\/jpeg\" \/>\n<meta name=\"author\" content=\"Villasmil Henry\" \/>\n<meta name=\"twitter:card\" content=\"summary_large_image\" \/>\n<meta name=\"twitter:creator\" content=\"@https:\/\/twitter.com\/villasmilhfoto\" \/>\n<meta name=\"twitter:site\" content=\"@villasmilhfoto\" \/>\n<meta name=\"twitter:label1\" content=\"Escrito por\" \/>\n\t<meta name=\"twitter:data1\" content=\"Villasmil Henry\" \/>\n\t<meta name=\"twitter:label2\" content=\"Tiempo estimado de lectura\" \/>\n\t<meta name=\"twitter:data2\" content=\"3 minutos\" \/>\n<script type=\"application\/ld+json\" class=\"yoast-schema-graph\">{\"@context\":\"https:\\\/\\\/schema.org\",\"@graph\":[{\"@type\":\"Article\",\"@id\":\"https:\\\/\\\/digital58.com.ve\\\/site\\\/2023\\\/04\\\/17\\\/fallece-el-pianista-ahmad-jamal-uno-de-los-grandes-del-jazz\\\/#article\",\"isPartOf\":{\"@id\":\"https:\\\/\\\/digital58.com.ve\\\/site\\\/2023\\\/04\\\/17\\\/fallece-el-pianista-ahmad-jamal-uno-de-los-grandes-del-jazz\\\/\"},\"author\":{\"name\":\"Villasmil Henry\",\"@id\":\"https:\\\/\\\/digital58.com.ve\\\/site\\\/#\\\/schema\\\/person\\\/64d1c2e4d0d4fd1b849980c4331c2951\"},\"headline\":\"Fallece el pianista Ahmad Jamal, uno de los grandes del jazz\",\"datePublished\":\"2023-04-17T12:49:52+00:00\",\"mainEntityOfPage\":{\"@id\":\"https:\\\/\\\/digital58.com.ve\\\/site\\\/2023\\\/04\\\/17\\\/fallece-el-pianista-ahmad-jamal-uno-de-los-grandes-del-jazz\\\/\"},\"wordCount\":526,\"commentCount\":0,\"publisher\":{\"@id\":\"https:\\\/\\\/digital58.com.ve\\\/site\\\/#\\\/schema\\\/person\\\/64d1c2e4d0d4fd1b849980c4331c2951\"},\"image\":{\"@id\":\"https:\\\/\\\/digital58.com.ve\\\/site\\\/2023\\\/04\\\/17\\\/fallece-el-pianista-ahmad-jamal-uno-de-los-grandes-del-jazz\\\/#primaryimage\"},\"thumbnailUrl\":\"https:\\\/\\\/digital58.com.ve\\\/site\\\/wp-content\\\/uploads\\\/2023\\\/04\\\/pianista-Ahmad-Jamal.jpg\",\"keywords\":[\"Fallecimientos\",\"Frederick Russell Jones\",\"G\u00e9nero Jazz\",\"Herbie Hancock\",\"Keith Jarret\",\"Miles Davis\",\"M\u00fasicos\",\"Pianistas\",\"Sumayah Jamal\"],\"articleSection\":[\"Fama\"],\"inLanguage\":\"es\",\"potentialAction\":[{\"@type\":\"CommentAction\",\"name\":\"Comment\",\"target\":[\"https:\\\/\\\/digital58.com.ve\\\/site\\\/2023\\\/04\\\/17\\\/fallece-el-pianista-ahmad-jamal-uno-de-los-grandes-del-jazz\\\/#respond\"]}]},{\"@type\":\"WebPage\",\"@id\":\"https:\\\/\\\/digital58.com.ve\\\/site\\\/2023\\\/04\\\/17\\\/fallece-el-pianista-ahmad-jamal-uno-de-los-grandes-del-jazz\\\/\",\"url\":\"https:\\\/\\\/digital58.com.ve\\\/site\\\/2023\\\/04\\\/17\\\/fallece-el-pianista-ahmad-jamal-uno-de-los-grandes-del-jazz\\\/\",\"name\":\"Fallece el pianista Ahmad Jamal, uno de los grandes del jazz\",\"isPartOf\":{\"@id\":\"https:\\\/\\\/digital58.com.ve\\\/site\\\/#website\"},\"primaryImageOfPage\":{\"@id\":\"https:\\\/\\\/digital58.com.ve\\\/site\\\/2023\\\/04\\\/17\\\/fallece-el-pianista-ahmad-jamal-uno-de-los-grandes-del-jazz\\\/#primaryimage\"},\"image\":{\"@id\":\"https:\\\/\\\/digital58.com.ve\\\/site\\\/2023\\\/04\\\/17\\\/fallece-el-pianista-ahmad-jamal-uno-de-los-grandes-del-jazz\\\/#primaryimage\"},\"thumbnailUrl\":\"https:\\\/\\\/digital58.com.ve\\\/site\\\/wp-content\\\/uploads\\\/2023\\\/04\\\/pianista-Ahmad-Jamal.jpg\",\"datePublished\":\"2023-04-17T12:49:52+00:00\",\"breadcrumb\":{\"@id\":\"https:\\\/\\\/digital58.com.ve\\\/site\\\/2023\\\/04\\\/17\\\/fallece-el-pianista-ahmad-jamal-uno-de-los-grandes-del-jazz\\\/#breadcrumb\"},\"inLanguage\":\"es\",\"potentialAction\":[{\"@type\":\"ReadAction\",\"target\":[\"https:\\\/\\\/digital58.com.ve\\\/site\\\/2023\\\/04\\\/17\\\/fallece-el-pianista-ahmad-jamal-uno-de-los-grandes-del-jazz\\\/\"]}]},{\"@type\":\"ImageObject\",\"inLanguage\":\"es\",\"@id\":\"https:\\\/\\\/digital58.com.ve\\\/site\\\/2023\\\/04\\\/17\\\/fallece-el-pianista-ahmad-jamal-uno-de-los-grandes-del-jazz\\\/#primaryimage\",\"url\":\"https:\\\/\\\/digital58.com.ve\\\/site\\\/wp-content\\\/uploads\\\/2023\\\/04\\\/pianista-Ahmad-Jamal.jpg\",\"contentUrl\":\"https:\\\/\\\/digital58.com.ve\\\/site\\\/wp-content\\\/uploads\\\/2023\\\/04\\\/pianista-Ahmad-Jamal.jpg\",\"width\":800,\"height\":537},{\"@type\":\"BreadcrumbList\",\"@id\":\"https:\\\/\\\/digital58.com.ve\\\/site\\\/2023\\\/04\\\/17\\\/fallece-el-pianista-ahmad-jamal-uno-de-los-grandes-del-jazz\\\/#breadcrumb\",\"itemListElement\":[{\"@type\":\"ListItem\",\"position\":1,\"name\":\"Home\",\"item\":\"https:\\\/\\\/digital58.com.ve\\\/site\\\/\"},{\"@type\":\"ListItem\",\"position\":2,\"name\":\"Fallece el pianista Ahmad Jamal, uno de los grandes del jazz\"}]},{\"@type\":\"WebSite\",\"@id\":\"https:\\\/\\\/digital58.com.ve\\\/site\\\/#website\",\"url\":\"https:\\\/\\\/digital58.com.ve\\\/site\\\/\",\"name\":\"Noticias Digital58\",\"description\":\"Portal de Noticias \u00a1Periodismo web de verdad! Lanzamiento web 22.11.2005 \\\/ Maracaibo, Venezuela\",\"publisher\":{\"@id\":\"https:\\\/\\\/digital58.com.ve\\\/site\\\/#\\\/schema\\\/person\\\/64d1c2e4d0d4fd1b849980c4331c2951\"},\"alternateName\":\"ND58\",\"potentialAction\":[{\"@type\":\"SearchAction\",\"target\":{\"@type\":\"EntryPoint\",\"urlTemplate\":\"https:\\\/\\\/digital58.com.ve\\\/site\\\/?s={search_term_string}\"},\"query-input\":{\"@type\":\"PropertyValueSpecification\",\"valueRequired\":true,\"valueName\":\"search_term_string\"}}],\"inLanguage\":\"es\"},{\"@type\":[\"Person\",\"Organization\"],\"@id\":\"https:\\\/\\\/digital58.com.ve\\\/site\\\/#\\\/schema\\\/person\\\/64d1c2e4d0d4fd1b849980c4331c2951\",\"name\":\"Villasmil Henry\",\"image\":{\"@type\":\"ImageObject\",\"inLanguage\":\"es\",\"@id\":\"https:\\\/\\\/secure.gravatar.com\\\/avatar\\\/bb0c4a2fcb7970138239f7e404ea75757b1b507b28b5ce4c53fbd62d797c5a7c?s=96&d=mm&r=g\",\"url\":\"https:\\\/\\\/secure.gravatar.com\\\/avatar\\\/bb0c4a2fcb7970138239f7e404ea75757b1b507b28b5ce4c53fbd62d797c5a7c?s=96&d=mm&r=g\",\"contentUrl\":\"https:\\\/\\\/secure.gravatar.com\\\/avatar\\\/bb0c4a2fcb7970138239f7e404ea75757b1b507b28b5ce4c53fbd62d797c5a7c?s=96&d=mm&r=g\",\"caption\":\"Villasmil Henry\"},\"logo\":{\"@id\":\"https:\\\/\\\/secure.gravatar.com\\\/avatar\\\/bb0c4a2fcb7970138239f7e404ea75757b1b507b28b5ce4c53fbd62d797c5a7c?s=96&d=mm&r=g\"},\"sameAs\":[\"http:\\\/\\\/www.henryvillasmil.com.ve\",\"https:\\\/\\\/www.instagram.com\\\/villasmilhfoto\\\/\",\"https:\\\/\\\/x.com\\\/https:\\\/\\\/twitter.com\\\/villasmilhfoto\"],\"url\":\"https:\\\/\\\/digital58.com.ve\\\/site\\\/author\\\/droopy_68\\\/\"}]}<\/script>\n<!-- \/ Yoast SEO plugin. -->","yoast_head_json":{"title":"Fallece el pianista Ahmad Jamal, uno de los grandes del jazz","robots":{"index":"index","follow":"follow","max-snippet":"max-snippet:-1","max-image-preview":"max-image-preview:large","max-video-preview":"max-video-preview:-1"},"canonical":"https:\/\/digital58.com.ve\/site\/2023\/04\/17\/fallece-el-pianista-ahmad-jamal-uno-de-los-grandes-del-jazz\/","og_locale":"es_ES","og_type":"article","og_title":"Fallece el pianista Ahmad Jamal, uno de los grandes del jazz","og_url":"https:\/\/digital58.com.ve\/site\/2023\/04\/17\/fallece-el-pianista-ahmad-jamal-uno-de-los-grandes-del-jazz\/","og_site_name":"Noticias Digital58","article_published_time":"2023-04-17T12:49:52+00:00","og_image":[{"width":800,"height":537,"url":"https:\/\/i0.wp.com\/digital58.com.ve\/site\/wp-content\/uploads\/2023\/04\/pianista-Ahmad-Jamal.jpg?fit=800%2C537&ssl=1","type":"image\/jpeg"}],"author":"Villasmil Henry","twitter_card":"summary_large_image","twitter_creator":"@https:\/\/twitter.com\/villasmilhfoto","twitter_site":"@villasmilhfoto","twitter_misc":{"Escrito por":"Villasmil Henry","Tiempo estimado de lectura":"3 minutos"},"schema":{"@context":"https:\/\/schema.org","@graph":[{"@type":"Article","@id":"https:\/\/digital58.com.ve\/site\/2023\/04\/17\/fallece-el-pianista-ahmad-jamal-uno-de-los-grandes-del-jazz\/#article","isPartOf":{"@id":"https:\/\/digital58.com.ve\/site\/2023\/04\/17\/fallece-el-pianista-ahmad-jamal-uno-de-los-grandes-del-jazz\/"},"author":{"name":"Villasmil Henry","@id":"https:\/\/digital58.com.ve\/site\/#\/schema\/person\/64d1c2e4d0d4fd1b849980c4331c2951"},"headline":"Fallece el pianista Ahmad Jamal, uno de los grandes del jazz","datePublished":"2023-04-17T12:49:52+00:00","mainEntityOfPage":{"@id":"https:\/\/digital58.com.ve\/site\/2023\/04\/17\/fallece-el-pianista-ahmad-jamal-uno-de-los-grandes-del-jazz\/"},"wordCount":526,"commentCount":0,"publisher":{"@id":"https:\/\/digital58.com.ve\/site\/#\/schema\/person\/64d1c2e4d0d4fd1b849980c4331c2951"},"image":{"@id":"https:\/\/digital58.com.ve\/site\/2023\/04\/17\/fallece-el-pianista-ahmad-jamal-uno-de-los-grandes-del-jazz\/#primaryimage"},"thumbnailUrl":"https:\/\/digital58.com.ve\/site\/wp-content\/uploads\/2023\/04\/pianista-Ahmad-Jamal.jpg","keywords":["Fallecimientos","Frederick Russell Jones","G\u00e9nero Jazz","Herbie Hancock","Keith Jarret","Miles Davis","M\u00fasicos","Pianistas","Sumayah Jamal"],"articleSection":["Fama"],"inLanguage":"es","potentialAction":[{"@type":"CommentAction","name":"Comment","target":["https:\/\/digital58.com.ve\/site\/2023\/04\/17\/fallece-el-pianista-ahmad-jamal-uno-de-los-grandes-del-jazz\/#respond"]}]},{"@type":"WebPage","@id":"https:\/\/digital58.com.ve\/site\/2023\/04\/17\/fallece-el-pianista-ahmad-jamal-uno-de-los-grandes-del-jazz\/","url":"https:\/\/digital58.com.ve\/site\/2023\/04\/17\/fallece-el-pianista-ahmad-jamal-uno-de-los-grandes-del-jazz\/","name":"Fallece el pianista Ahmad Jamal, uno de los grandes del jazz","isPartOf":{"@id":"https:\/\/digital58.com.ve\/site\/#website"},"primaryImageOfPage":{"@id":"https:\/\/digital58.com.ve\/site\/2023\/04\/17\/fallece-el-pianista-ahmad-jamal-uno-de-los-grandes-del-jazz\/#primaryimage"},"image":{"@id":"https:\/\/digital58.com.ve\/site\/2023\/04\/17\/fallece-el-pianista-ahmad-jamal-uno-de-los-grandes-del-jazz\/#primaryimage"},"thumbnailUrl":"https:\/\/digital58.com.ve\/site\/wp-content\/uploads\/2023\/04\/pianista-Ahmad-Jamal.jpg","datePublished":"2023-04-17T12:49:52+00:00","breadcrumb":{"@id":"https:\/\/digital58.com.ve\/site\/2023\/04\/17\/fallece-el-pianista-ahmad-jamal-uno-de-los-grandes-del-jazz\/#breadcrumb"},"inLanguage":"es","potentialAction":[{"@type":"ReadAction","target":["https:\/\/digital58.com.ve\/site\/2023\/04\/17\/fallece-el-pianista-ahmad-jamal-uno-de-los-grandes-del-jazz\/"]}]},{"@type":"ImageObject","inLanguage":"es","@id":"https:\/\/digital58.com.ve\/site\/2023\/04\/17\/fallece-el-pianista-ahmad-jamal-uno-de-los-grandes-del-jazz\/#primaryimage","url":"https:\/\/digital58.com.ve\/site\/wp-content\/uploads\/2023\/04\/pianista-Ahmad-Jamal.jpg","contentUrl":"https:\/\/digital58.com.ve\/site\/wp-content\/uploads\/2023\/04\/pianista-Ahmad-Jamal.jpg","width":800,"height":537},{"@type":"BreadcrumbList","@id":"https:\/\/digital58.com.ve\/site\/2023\/04\/17\/fallece-el-pianista-ahmad-jamal-uno-de-los-grandes-del-jazz\/#breadcrumb","itemListElement":[{"@type":"ListItem","position":1,"name":"Home","item":"https:\/\/digital58.com.ve\/site\/"},{"@type":"ListItem","position":2,"name":"Fallece el pianista Ahmad Jamal, uno de los grandes del jazz"}]},{"@type":"WebSite","@id":"https:\/\/digital58.com.ve\/site\/#website","url":"https:\/\/digital58.com.ve\/site\/","name":"Noticias Digital58","description":"Portal de Noticias \u00a1Periodismo web de verdad! Lanzamiento web 22.11.2005 \/ Maracaibo, Venezuela","publisher":{"@id":"https:\/\/digital58.com.ve\/site\/#\/schema\/person\/64d1c2e4d0d4fd1b849980c4331c2951"},"alternateName":"ND58","potentialAction":[{"@type":"SearchAction","target":{"@type":"EntryPoint","urlTemplate":"https:\/\/digital58.com.ve\/site\/?s={search_term_string}"},"query-input":{"@type":"PropertyValueSpecification","valueRequired":true,"valueName":"search_term_string"}}],"inLanguage":"es"},{"@type":["Person","Organization"],"@id":"https:\/\/digital58.com.ve\/site\/#\/schema\/person\/64d1c2e4d0d4fd1b849980c4331c2951","name":"Villasmil Henry","image":{"@type":"ImageObject","inLanguage":"es","@id":"https:\/\/secure.gravatar.com\/avatar\/bb0c4a2fcb7970138239f7e404ea75757b1b507b28b5ce4c53fbd62d797c5a7c?s=96&d=mm&r=g","url":"https:\/\/secure.gravatar.com\/avatar\/bb0c4a2fcb7970138239f7e404ea75757b1b507b28b5ce4c53fbd62d797c5a7c?s=96&d=mm&r=g","contentUrl":"https:\/\/secure.gravatar.com\/avatar\/bb0c4a2fcb7970138239f7e404ea75757b1b507b28b5ce4c53fbd62d797c5a7c?s=96&d=mm&r=g","caption":"Villasmil Henry"},"logo":{"@id":"https:\/\/secure.gravatar.com\/avatar\/bb0c4a2fcb7970138239f7e404ea75757b1b507b28b5ce4c53fbd62d797c5a7c?s=96&d=mm&r=g"},"sameAs":["http:\/\/www.henryvillasmil.com.ve","https:\/\/www.instagram.com\/villasmilhfoto\/","https:\/\/x.com\/https:\/\/twitter.com\/villasmilhfoto"],"url":"https:\/\/digital58.com.ve\/site\/author\/droopy_68\/"}]}},"uagb_featured_image_src":{"full":["https:\/\/digital58.com.ve\/site\/wp-content\/uploads\/2023\/04\/pianista-Ahmad-Jamal.jpg",800,537,false],"thumbnail":["https:\/\/digital58.com.ve\/site\/wp-content\/uploads\/2023\/04\/pianista-Ahmad-Jamal-150x150.jpg",150,150,true],"medium":["https:\/\/digital58.com.ve\/site\/wp-content\/uploads\/2023\/04\/pianista-Ahmad-Jamal-300x201.jpg",300,201,true],"medium_large":["https:\/\/digital58.com.ve\/site\/wp-content\/uploads\/2023\/04\/pianista-Ahmad-Jamal-768x516.jpg",768,516,true],"large":["https:\/\/digital58.com.ve\/site\/wp-content\/uploads\/2023\/04\/pianista-Ahmad-Jamal.jpg",800,537,false],"1536x1536":["https:\/\/digital58.com.ve\/site\/wp-content\/uploads\/2023\/04\/pianista-Ahmad-Jamal.jpg",800,537,false],"2048x2048":["https:\/\/digital58.com.ve\/site\/wp-content\/uploads\/2023\/04\/pianista-Ahmad-Jamal.jpg",800,537,false],"colormag-highlighted-post":["https:\/\/digital58.com.ve\/site\/wp-content\/uploads\/2023\/04\/pianista-Ahmad-Jamal-392x272.jpg",392,272,true],"colormag-featured-post-medium":["https:\/\/digital58.com.ve\/site\/wp-content\/uploads\/2023\/04\/pianista-Ahmad-Jamal-390x205.jpg",390,205,true],"colormag-featured-post-small":["https:\/\/digital58.com.ve\/site\/wp-content\/uploads\/2023\/04\/pianista-Ahmad-Jamal-130x90.jpg",130,90,true],"colormag-featured-image":["https:\/\/digital58.com.ve\/site\/wp-content\/uploads\/2023\/04\/pianista-Ahmad-Jamal-800x445.jpg",800,445,true],"colormag-default-news":["https:\/\/digital58.com.ve\/site\/wp-content\/uploads\/2023\/04\/pianista-Ahmad-Jamal.jpg",150,101,false],"colormag-featured-image-large":["https:\/\/digital58.com.ve\/site\/wp-content\/uploads\/2023\/04\/pianista-Ahmad-Jamal.jpg",800,537,false]},"uagb_author_info":{"display_name":"Villasmil Henry","author_link":"https:\/\/digital58.com.ve\/site\/author\/droopy_68\/"},"uagb_comment_info":0,"uagb_excerpt":"Su hija Sumayah Jamal asegur\u00f3 al diario The New York Times que su padre muri\u00f3 en la tarde del domingo","_links":{"self":[{"href":"https:\/\/digital58.com.ve\/site\/wp-json\/wp\/v2\/posts\/164873","targetHints":{"allow":["GET"]}}],"collection":[{"href":"https:\/\/digital58.com.ve\/site\/wp-json\/wp\/v2\/posts"}],"about":[{"href":"https:\/\/digital58.com.ve\/site\/wp-json\/wp\/v2\/types\/post"}],"author":[{"embeddable":true,"href":"https:\/\/digital58.com.ve\/site\/wp-json\/wp\/v2\/users\/1"}],"replies":[{"embeddable":true,"href":"https:\/\/digital58.com.ve\/site\/wp-json\/wp\/v2\/comments?post=164873"}],"version-history":[{"count":1,"href":"https:\/\/digital58.com.ve\/site\/wp-json\/wp\/v2\/posts\/164873\/revisions"}],"predecessor-version":[{"id":164887,"href":"https:\/\/digital58.com.ve\/site\/wp-json\/wp\/v2\/posts\/164873\/revisions\/164887"}],"wp:featuredmedia":[{"embeddable":true,"href":"https:\/\/digital58.com.ve\/site\/wp-json\/wp\/v2\/media\/164886"}],"wp:attachment":[{"href":"https:\/\/digital58.com.ve\/site\/wp-json\/wp\/v2\/media?parent=164873"}],"wp:term":[{"taxonomy":"category","embeddable":true,"href":"https:\/\/digital58.com.ve\/site\/wp-json\/wp\/v2\/categories?post=164873"},{"taxonomy":"post_tag","embeddable":true,"href":"https:\/\/digital58.com.ve\/site\/wp-json\/wp\/v2\/tags?post=164873"}],"curies":[{"name":"wp","href":"https:\/\/api.w.org\/{rel}","templated":true}]}}