{"id":164875,"date":"2023-04-17T08:42:28","date_gmt":"2023-04-17T12:42:28","guid":{"rendered":"https:\/\/digital58.com.ve\/site\/?p=164875"},"modified":"2023-04-17T09:05:20","modified_gmt":"2023-04-17T13:05:20","slug":"zulia-procesion-de-jesus-de-la-misericordia-une-a-los-zulianos-en-un-acto-de-fe","status":"publish","type":"post","link":"https:\/\/digital58.com.ve\/site\/2023\/04\/17\/zulia-procesion-de-jesus-de-la-misericordia-une-a-los-zulianos-en-un-acto-de-fe\/","title":{"rendered":"#Zulia | Procesi\u00f3n de Jes\u00fas de la Misericordia une a los zulianos en un acto de fe"},"content":{"rendered":"<p><img loading=\"lazy\" decoding=\"async\" class=\"alignnone size-large wp-image-164878\" src=\"https:\/\/digital58.com.ve\/site\/wp-content\/uploads\/2023\/04\/Jesus-Misericordia-4-1000x600.jpeg\" alt=\"\" width=\"800\" height=\"480\" srcset=\"https:\/\/digital58.com.ve\/site\/wp-content\/uploads\/2023\/04\/Jesus-Misericordia-4-1000x600.jpeg 1000w, https:\/\/digital58.com.ve\/site\/wp-content\/uploads\/2023\/04\/Jesus-Misericordia-4-300x180.jpeg 300w, https:\/\/digital58.com.ve\/site\/wp-content\/uploads\/2023\/04\/Jesus-Misericordia-4-768x461.jpeg 768w, https:\/\/digital58.com.ve\/site\/wp-content\/uploads\/2023\/04\/Jesus-Misericordia-4.jpeg 1500w\" sizes=\"auto, (max-width: 800px) 100vw, 800px\" \/><\/p>\n<p>A partir de la una de la tarde de este domingo 16 de abril de 2023, Jes\u00fas de la Misericordia sali\u00f3 a la calle para renovar la fe de los maracaiberos y de todos los zulianos.<\/p>\n<p><strong>Maracaibo, Zulia, Venezuela 17 de abril de 2023 (ND58).-<\/strong> Esta Fiesta de la Misericordia se realiza desde hace 26 a\u00f1os. En esta oportunidad tiene como lema \u00abDeseo que tu coraz\u00f3n sea sede de la misericordia de Dios\u00bb, tal como revel\u00f3 el presb\u00edtero Jos\u00e9 Gregorio Mora.<\/p>\n<p>\u00abLa intenci\u00f3n es hacer llegar al coraz\u00f3n de cada uno de nosotros el mensaje de que Dios es misericordioso y nos habla. Como lo hizo con Sor Faustina, para recordar el gran amor que Dios tiene por cada uno\u00bb, refiri\u00f3 el sacerdote.<\/p>\n<p><img loading=\"lazy\" decoding=\"async\" class=\"alignnone size-large wp-image-164879\" src=\"https:\/\/digital58.com.ve\/site\/wp-content\/uploads\/2023\/04\/WhatsApp-Image-2023-04-16-at-1.03.15-PM-1024x768-1-1000x750.jpeg\" alt=\"\" width=\"800\" height=\"600\" srcset=\"https:\/\/digital58.com.ve\/site\/wp-content\/uploads\/2023\/04\/WhatsApp-Image-2023-04-16-at-1.03.15-PM-1024x768-1-1000x750.jpeg 1000w, https:\/\/digital58.com.ve\/site\/wp-content\/uploads\/2023\/04\/WhatsApp-Image-2023-04-16-at-1.03.15-PM-1024x768-1-300x225.jpeg 300w, https:\/\/digital58.com.ve\/site\/wp-content\/uploads\/2023\/04\/WhatsApp-Image-2023-04-16-at-1.03.15-PM-1024x768-1-768x576.jpeg 768w, https:\/\/digital58.com.ve\/site\/wp-content\/uploads\/2023\/04\/WhatsApp-Image-2023-04-16-at-1.03.15-PM-1024x768-1.jpeg 1024w\" sizes=\"auto, (max-width: 800px) 100vw, 800px\" \/><\/p>\n<p>En Grano de Oro hubo capacidad para unos cinco mil fieles sentados, para que pudieran presenciar la misa. Adem\u00e1s contaron con cuatro\u00a0 pantallas conectadas a paneles solares para proyectar mensajes y se\u00f1al\u00e9ticas.<\/p>\n<p><em>Est\u00e1n listos los cuatro Oasis de la Misericordia:<\/em> Uno en Indio Mara, uno frente a La Grande, otro en 5 de Julio con Delicias y el \u00faltimo en la esquina del antiguo edificio de Enelven.<\/p>\n<p><strong>As\u00ed fue la procesi\u00f3n minuto a minuto\u00a0<\/strong><\/p>\n<p>1:00 p.m. La feligres\u00eda llena las \u00e1reas cercanas a La Consolaci\u00f3n con mucha fe y sin importar el sol y el calor.<\/p>\n<p>1:45 p.m. Inicia la transmisi\u00f3n en vivo de la Gran Fiesta de Jes\u00fas de la Misericordia.<\/p>\n<p><img loading=\"lazy\" decoding=\"async\" class=\"alignnone size-large wp-image-164877\" src=\"https:\/\/digital58.com.ve\/site\/wp-content\/uploads\/2023\/04\/Jesus-Misericordia-6-1000x600.jpeg\" alt=\"\" width=\"800\" height=\"480\" srcset=\"https:\/\/digital58.com.ve\/site\/wp-content\/uploads\/2023\/04\/Jesus-Misericordia-6-1000x600.jpeg 1000w, https:\/\/digital58.com.ve\/site\/wp-content\/uploads\/2023\/04\/Jesus-Misericordia-6-300x180.jpeg 300w, https:\/\/digital58.com.ve\/site\/wp-content\/uploads\/2023\/04\/Jesus-Misericordia-6-768x461.jpeg 768w, https:\/\/digital58.com.ve\/site\/wp-content\/uploads\/2023\/04\/Jesus-Misericordia-6.jpeg 1500w\" sizes=\"auto, (max-width: 800px) 100vw, 800px\" \/><br \/>\n2:00 p.m. La Hora Santa y la Coronilla de la Misericordia unen en oraci\u00f3n a los presentes en La Consolidaci\u00f3n.<\/p>\n<p>2:10 p.m. La Hora Santa, momento de oraci\u00f3n y fe por el perd\u00f3n de los pecados.<\/p>\n<p>2:35 p.m. Jes\u00fas de la Misericordia inicia su recorrido de 4,5 km. Sale de La Consolaci\u00f3n la imagen de Jes\u00fas de la Misericordia para encontrarse con la fe del pueblo zuliano.<\/p>\n<p>&nbsp;<\/p>\n<p><img loading=\"lazy\" decoding=\"async\" class=\"size-full wp-image-164883 aligncenter\" src=\"https:\/\/digital58.com.ve\/site\/wp-content\/uploads\/2023\/04\/photo_5037785279028636395_y.jpg\" alt=\"\" width=\"570\" height=\"837\" srcset=\"https:\/\/digital58.com.ve\/site\/wp-content\/uploads\/2023\/04\/photo_5037785279028636395_y.jpg 570w, https:\/\/digital58.com.ve\/site\/wp-content\/uploads\/2023\/04\/photo_5037785279028636395_y-204x300.jpg 204w\" sizes=\"auto, (max-width: 570px) 100vw, 570px\" \/><\/p>\n<p>2:45 p.m. Inicia la Procesi\u00f3n de Jes\u00fas de la Misericordia con toda la feligres\u00eda. Muchos cumplieron sus promesas ofrecidas a la imagen religiosa, caminando descalzos todo el recorrido.<\/p>\n<p>3:25 p.m. Procesi\u00f3n de Jes\u00fas de la Misericordia camino a la avenida Delicias por toda 5 de Julio.<\/p>\n<p><a href=\"https:\/\/digital58.com.ve\/site\/wp-content\/uploads\/2023\/04\/photo_5037785279028636394_y-1-e1681735314646.jpg\"><img loading=\"lazy\" decoding=\"async\" class=\"aligncenter size-full wp-image-164882\" src=\"https:\/\/digital58.com.ve\/site\/wp-content\/uploads\/2023\/04\/photo_5037785279028636394_y-1-e1681735314646.jpg\" alt=\"\" width=\"556\" height=\"864\" srcset=\"https:\/\/digital58.com.ve\/site\/wp-content\/uploads\/2023\/04\/photo_5037785279028636394_y-1-e1681735314646.jpg 556w, https:\/\/digital58.com.ve\/site\/wp-content\/uploads\/2023\/04\/photo_5037785279028636394_y-1-e1681735314646-193x300.jpg 193w\" sizes=\"auto, (max-width: 556px) 100vw, 556px\" \/><\/a><\/p>\n<p>4:20 p.m. La Procesi\u00f3n de Jes\u00fas de la Misericordia pasando por Indio Mara con rumbo a Grano de Oro donde fue la santa misa.<\/p>\n<p>5:00 p.m. Hace entrada a Grano de Oro la imagen de Jes\u00fas de la Misericordia para la santa eucarist\u00eda.<\/p>\n<p><img loading=\"lazy\" decoding=\"async\" class=\"size-large wp-image-164876 aligncenter\" src=\"https:\/\/digital58.com.ve\/site\/wp-content\/uploads\/2023\/04\/Jesus-Misericordia-8-1-1000x600.jpeg\" alt=\"\" width=\"800\" height=\"480\" srcset=\"https:\/\/digital58.com.ve\/site\/wp-content\/uploads\/2023\/04\/Jesus-Misericordia-8-1-1000x600.jpeg 1000w, https:\/\/digital58.com.ve\/site\/wp-content\/uploads\/2023\/04\/Jesus-Misericordia-8-1-300x180.jpeg 300w, https:\/\/digital58.com.ve\/site\/wp-content\/uploads\/2023\/04\/Jesus-Misericordia-8-1-768x461.jpeg 768w, https:\/\/digital58.com.ve\/site\/wp-content\/uploads\/2023\/04\/Jesus-Misericordia-8-1.jpeg 1500w\" sizes=\"auto, (max-width: 800px) 100vw, 800px\" \/><\/p>\n<p>A las 5:50 de la tarde inici\u00f3 la santa eucarist\u00eda en Grano de Oro, presidida por monse\u00f1or Jos\u00e9 Luis Azuaje en honor a Jes\u00fas de la Misericordia.<\/p>\n<p><a href=\"https:\/\/digital58.com.ve\/site\/wp-content\/uploads\/2023\/04\/misericordia-7.jpg\"><img loading=\"lazy\" decoding=\"async\" class=\"aligncenter size-full wp-image-164889\" src=\"https:\/\/digital58.com.ve\/site\/wp-content\/uploads\/2023\/04\/misericordia-7.jpg\" alt=\"\" width=\"800\" height=\"533\" srcset=\"https:\/\/digital58.com.ve\/site\/wp-content\/uploads\/2023\/04\/misericordia-7.jpg 800w, https:\/\/digital58.com.ve\/site\/wp-content\/uploads\/2023\/04\/misericordia-7-300x200.jpg 300w, https:\/\/digital58.com.ve\/site\/wp-content\/uploads\/2023\/04\/misericordia-7-768x512.jpg 768w\" sizes=\"auto, (max-width: 800px) 100vw, 800px\" \/><\/a><\/p>\n<p><a href=\"https:\/\/digital58.com.ve\/site\/wp-content\/uploads\/2023\/04\/misericordia-6.jpg\"><img loading=\"lazy\" decoding=\"async\" class=\"aligncenter size-full wp-image-164890\" src=\"https:\/\/digital58.com.ve\/site\/wp-content\/uploads\/2023\/04\/misericordia-6.jpg\" alt=\"\" width=\"800\" height=\"533\" srcset=\"https:\/\/digital58.com.ve\/site\/wp-content\/uploads\/2023\/04\/misericordia-6.jpg 800w, https:\/\/digital58.com.ve\/site\/wp-content\/uploads\/2023\/04\/misericordia-6-300x200.jpg 300w, https:\/\/digital58.com.ve\/site\/wp-content\/uploads\/2023\/04\/misericordia-6-768x512.jpg 768w\" sizes=\"auto, (max-width: 800px) 100vw, 800px\" \/><\/a><\/p>\n<p><a href=\"https:\/\/digital58.com.ve\/site\/wp-content\/uploads\/2023\/04\/misericordia.jpg\"><img loading=\"lazy\" decoding=\"async\" class=\"aligncenter size-full wp-image-164894\" src=\"https:\/\/digital58.com.ve\/site\/wp-content\/uploads\/2023\/04\/misericordia.jpg\" alt=\"\" width=\"800\" height=\"533\" srcset=\"https:\/\/digital58.com.ve\/site\/wp-content\/uploads\/2023\/04\/misericordia.jpg 800w, https:\/\/digital58.com.ve\/site\/wp-content\/uploads\/2023\/04\/misericordia-300x200.jpg 300w, https:\/\/digital58.com.ve\/site\/wp-content\/uploads\/2023\/04\/misericordia-768x512.jpg 768w\" sizes=\"auto, (max-width: 800px) 100vw, 800px\" \/><\/a><\/p>\n<p><a href=\"https:\/\/digital58.com.ve\/site\/wp-content\/uploads\/2023\/04\/misericordia-2.jpg\"><img loading=\"lazy\" decoding=\"async\" class=\"aligncenter size-full wp-image-164893\" src=\"https:\/\/digital58.com.ve\/site\/wp-content\/uploads\/2023\/04\/misericordia-2.jpg\" alt=\"\" width=\"800\" height=\"533\" srcset=\"https:\/\/digital58.com.ve\/site\/wp-content\/uploads\/2023\/04\/misericordia-2.jpg 800w, https:\/\/digital58.com.ve\/site\/wp-content\/uploads\/2023\/04\/misericordia-2-300x200.jpg 300w, https:\/\/digital58.com.ve\/site\/wp-content\/uploads\/2023\/04\/misericordia-2-768x512.jpg 768w\" sizes=\"auto, (max-width: 800px) 100vw, 800px\" \/><\/a><\/p>\n<p><a href=\"https:\/\/digital58.com.ve\/site\/wp-content\/uploads\/2023\/04\/misericordia-4.jpg\"><img loading=\"lazy\" decoding=\"async\" class=\"aligncenter size-full wp-image-164891\" src=\"https:\/\/digital58.com.ve\/site\/wp-content\/uploads\/2023\/04\/misericordia-4.jpg\" alt=\"\" width=\"800\" height=\"533\" srcset=\"https:\/\/digital58.com.ve\/site\/wp-content\/uploads\/2023\/04\/misericordia-4.jpg 800w, https:\/\/digital58.com.ve\/site\/wp-content\/uploads\/2023\/04\/misericordia-4-300x200.jpg 300w, https:\/\/digital58.com.ve\/site\/wp-content\/uploads\/2023\/04\/misericordia-4-768x512.jpg 768w\" sizes=\"auto, (max-width: 800px) 100vw, 800px\" \/><\/a><\/p>\n<p><a href=\"https:\/\/digital58.com.ve\/site\/wp-content\/uploads\/2023\/04\/misericordia-3.jpg\"><img loading=\"lazy\" decoding=\"async\" class=\"aligncenter size-full wp-image-164892\" src=\"https:\/\/digital58.com.ve\/site\/wp-content\/uploads\/2023\/04\/misericordia-3.jpg\" alt=\"\" width=\"800\" height=\"533\" srcset=\"https:\/\/digital58.com.ve\/site\/wp-content\/uploads\/2023\/04\/misericordia-3.jpg 800w, https:\/\/digital58.com.ve\/site\/wp-content\/uploads\/2023\/04\/misericordia-3-300x200.jpg 300w, https:\/\/digital58.com.ve\/site\/wp-content\/uploads\/2023\/04\/misericordia-3-768x512.jpg 768w\" sizes=\"auto, (max-width: 800px) 100vw, 800px\" \/><\/a><\/p>\n<p><a href=\"https:\/\/digital58.com.ve\/site\/wp-content\/uploads\/2023\/04\/misericordia-8.jpg\"><img loading=\"lazy\" decoding=\"async\" class=\"aligncenter size-full wp-image-164895\" src=\"https:\/\/digital58.com.ve\/site\/wp-content\/uploads\/2023\/04\/misericordia-8.jpg\" alt=\"\" width=\"800\" height=\"533\" srcset=\"https:\/\/digital58.com.ve\/site\/wp-content\/uploads\/2023\/04\/misericordia-8.jpg 800w, https:\/\/digital58.com.ve\/site\/wp-content\/uploads\/2023\/04\/misericordia-8-300x200.jpg 300w, https:\/\/digital58.com.ve\/site\/wp-content\/uploads\/2023\/04\/misericordia-8-768x512.jpg 768w\" sizes=\"auto, (max-width: 800px) 100vw, 800px\" \/><\/a><\/p>\n<p class=\"p1\"><b>Redacci\u00f3n ND58 | El Vigilante<\/b><br \/>\n<b>Edici\u00f3n: \u00c1\u00f1ez, Caren\u00a0<\/b><br \/>\n<b>Gr\u00e1fica: Cortes\u00eda\/@villasmilhfoto<\/b><\/p>\n<p>&nbsp;<\/p><div class=\"xyfev69efe0e6ca114\" ><p style=\"text-align: center;\"><a href=\"https:\/\/t.me\/noticiasdigital58\" target=\"_blank\" rel=\"noopener\"><img class=\"aligncenter size-full wp-image-125363\" src=\"https:\/\/digital58.com.ve\/site\/wp-content\/uploads\/2021\/04\/banner-telegram-web-2021.png\" alt=\"\" width=\"600\" height=\"90\" \/><\/a><\/p><\/div><style type=\"text\/css\">\r\n@media screen and (min-width: 1201px) {\r\n.xyfev69efe0e6ca114 {\r\ndisplay: block;\r\n}\r\n}\r\n@media screen and (min-width: 993px) and (max-width: 1200px) {\r\n.xyfev69efe0e6ca114 {\r\ndisplay: block;\r\n}\r\n}\r\n@media screen and (min-width: 769px) and (max-width: 992px) {\r\n.xyfev69efe0e6ca114 {\r\ndisplay: block;\r\n}\r\n}\r\n@media screen and (min-width: 768px) and (max-width: 768px) {\r\n.xyfev69efe0e6ca114 {\r\ndisplay: block;\r\n}\r\n}\r\n@media screen and (max-width: 767px) {\r\n.xyfev69efe0e6ca114 {\r\ndisplay: block;\r\n}\r\n}\r\n<\/style>\r\n\n<p>&nbsp;<\/p>\n<div style=\"margin-top: 0px; margin-bottom: 0px;\" class=\"sharethis-inline-share-buttons\" ><\/div>","protected":false},"excerpt":{"rendered":"<p>A partir de la una de la tarde de este domingo 16 de abril de 2023, Jes\u00fas de la Misericordia<\/p>\n","protected":false},"author":39,"featured_media":164878,"comment_status":"open","ping_status":"closed","sticky":false,"template":"","format":"standard","meta":{"colormag_page_container_layout":"default_layout","colormag_page_sidebar_layout":"default_layout","_uag_custom_page_level_css":"","footnotes":""},"categories":[14504],"tags":[9221,1692,14082,73,233,31062,2354,1693,32,761],"class_list":["post-164875","post","type-post","status-publish","format-standard","has-post-thumbnail","hentry","category-zulia","tag-fe-y-religion","tag-iglesia-catolica","tag-jesus-de-la-misericordia","tag-maracaibo","tag-nacionales","tag-procesion-de-jesus-de-la-misericordia","tag-regionales","tag-religion","tag-venezuela","tag-zulia"],"yoast_head":"<!-- This site is optimized with the Yoast SEO plugin v27.4 - https:\/\/yoast.com\/product\/yoast-seo-wordpress\/ -->\n<title>#Zulia | Procesi\u00f3n de Jes\u00fas de la Misericordia une a los zulianos en un acto de fe<\/title>\n<meta name=\"robots\" content=\"index, follow, max-snippet:-1, max-image-preview:large, max-video-preview:-1\" \/>\n<link rel=\"canonical\" href=\"https:\/\/digital58.com.ve\/site\/2023\/04\/17\/zulia-procesion-de-jesus-de-la-misericordia-une-a-los-zulianos-en-un-acto-de-fe\/\" \/>\n<meta property=\"og:locale\" content=\"es_ES\" \/>\n<meta property=\"og:type\" content=\"article\" \/>\n<meta property=\"og:title\" content=\"#Zulia | Procesi\u00f3n de Jes\u00fas de la Misericordia une a los zulianos en un acto de fe\" \/>\n<meta property=\"og:url\" content=\"https:\/\/digital58.com.ve\/site\/2023\/04\/17\/zulia-procesion-de-jesus-de-la-misericordia-une-a-los-zulianos-en-un-acto-de-fe\/\" \/>\n<meta property=\"og:site_name\" content=\"Noticias Digital58\" \/>\n<meta property=\"article:published_time\" content=\"2023-04-17T12:42:28+00:00\" \/>\n<meta property=\"article:modified_time\" content=\"2023-04-17T13:05:20+00:00\" \/>\n<meta property=\"og:image\" content=\"https:\/\/i0.wp.com\/digital58.com.ve\/site\/wp-content\/uploads\/2023\/04\/Jesus-Misericordia-4.jpeg?fit=1500%2C900&ssl=1\" \/>\n\t<meta property=\"og:image:width\" content=\"1500\" \/>\n\t<meta property=\"og:image:height\" content=\"900\" \/>\n\t<meta property=\"og:image:type\" content=\"image\/jpeg\" \/>\n<meta name=\"author\" content=\"Caren A\u00f1ez\" \/>\n<meta name=\"twitter:card\" content=\"summary_large_image\" \/>\n<meta name=\"twitter:creator\" content=\"@carenanez\" \/>\n<meta name=\"twitter:site\" content=\"@villasmilhfoto\" \/>\n<meta name=\"twitter:label1\" content=\"Escrito por\" \/>\n\t<meta name=\"twitter:data1\" content=\"Caren A\u00f1ez\" \/>\n\t<meta name=\"twitter:label2\" content=\"Tiempo estimado de lectura\" \/>\n\t<meta name=\"twitter:data2\" content=\"2 minutos\" \/>\n<script type=\"application\/ld+json\" class=\"yoast-schema-graph\">{\"@context\":\"https:\\\/\\\/schema.org\",\"@graph\":[{\"@type\":\"Article\",\"@id\":\"https:\\\/\\\/digital58.com.ve\\\/site\\\/2023\\\/04\\\/17\\\/zulia-procesion-de-jesus-de-la-misericordia-une-a-los-zulianos-en-un-acto-de-fe\\\/#article\",\"isPartOf\":{\"@id\":\"https:\\\/\\\/digital58.com.ve\\\/site\\\/2023\\\/04\\\/17\\\/zulia-procesion-de-jesus-de-la-misericordia-une-a-los-zulianos-en-un-acto-de-fe\\\/\"},\"author\":{\"name\":\"Caren A\u00f1ez\",\"@id\":\"https:\\\/\\\/digital58.com.ve\\\/site\\\/#\\\/schema\\\/person\\\/38596b127602deaa13fbcd7585635238\"},\"headline\":\"#Zulia | Procesi\u00f3n de Jes\u00fas de la Misericordia une a los zulianos en un acto de fe\",\"datePublished\":\"2023-04-17T12:42:28+00:00\",\"dateModified\":\"2023-04-17T13:05:20+00:00\",\"mainEntityOfPage\":{\"@id\":\"https:\\\/\\\/digital58.com.ve\\\/site\\\/2023\\\/04\\\/17\\\/zulia-procesion-de-jesus-de-la-misericordia-une-a-los-zulianos-en-un-acto-de-fe\\\/\"},\"wordCount\":479,\"commentCount\":0,\"publisher\":{\"@id\":\"https:\\\/\\\/digital58.com.ve\\\/site\\\/#\\\/schema\\\/person\\\/64d1c2e4d0d4fd1b849980c4331c2951\"},\"image\":{\"@id\":\"https:\\\/\\\/digital58.com.ve\\\/site\\\/2023\\\/04\\\/17\\\/zulia-procesion-de-jesus-de-la-misericordia-une-a-los-zulianos-en-un-acto-de-fe\\\/#primaryimage\"},\"thumbnailUrl\":\"https:\\\/\\\/digital58.com.ve\\\/site\\\/wp-content\\\/uploads\\\/2023\\\/04\\\/Jesus-Misericordia-4.jpeg\",\"keywords\":[\"Fe y Religi\u00f3n\",\"Iglesia Cat\u00f3lica\",\"Jes\u00fas de la Misericordia\",\"Maracaibo\",\"Nacionales\",\"Procesi\u00f3n de Jes\u00fas de la Misericordia\",\"Regionales\",\"Religi\u00f3n\",\"Venezuela\",\"Zulia\"],\"articleSection\":[\"Zulia\"],\"inLanguage\":\"es\",\"potentialAction\":[{\"@type\":\"CommentAction\",\"name\":\"Comment\",\"target\":[\"https:\\\/\\\/digital58.com.ve\\\/site\\\/2023\\\/04\\\/17\\\/zulia-procesion-de-jesus-de-la-misericordia-une-a-los-zulianos-en-un-acto-de-fe\\\/#respond\"]}]},{\"@type\":\"WebPage\",\"@id\":\"https:\\\/\\\/digital58.com.ve\\\/site\\\/2023\\\/04\\\/17\\\/zulia-procesion-de-jesus-de-la-misericordia-une-a-los-zulianos-en-un-acto-de-fe\\\/\",\"url\":\"https:\\\/\\\/digital58.com.ve\\\/site\\\/2023\\\/04\\\/17\\\/zulia-procesion-de-jesus-de-la-misericordia-une-a-los-zulianos-en-un-acto-de-fe\\\/\",\"name\":\"#Zulia | Procesi\u00f3n de Jes\u00fas de la Misericordia une a los zulianos en un acto de fe\",\"isPartOf\":{\"@id\":\"https:\\\/\\\/digital58.com.ve\\\/site\\\/#website\"},\"primaryImageOfPage\":{\"@id\":\"https:\\\/\\\/digital58.com.ve\\\/site\\\/2023\\\/04\\\/17\\\/zulia-procesion-de-jesus-de-la-misericordia-une-a-los-zulianos-en-un-acto-de-fe\\\/#primaryimage\"},\"image\":{\"@id\":\"https:\\\/\\\/digital58.com.ve\\\/site\\\/2023\\\/04\\\/17\\\/zulia-procesion-de-jesus-de-la-misericordia-une-a-los-zulianos-en-un-acto-de-fe\\\/#primaryimage\"},\"thumbnailUrl\":\"https:\\\/\\\/digital58.com.ve\\\/site\\\/wp-content\\\/uploads\\\/2023\\\/04\\\/Jesus-Misericordia-4.jpeg\",\"datePublished\":\"2023-04-17T12:42:28+00:00\",\"dateModified\":\"2023-04-17T13:05:20+00:00\",\"breadcrumb\":{\"@id\":\"https:\\\/\\\/digital58.com.ve\\\/site\\\/2023\\\/04\\\/17\\\/zulia-procesion-de-jesus-de-la-misericordia-une-a-los-zulianos-en-un-acto-de-fe\\\/#breadcrumb\"},\"inLanguage\":\"es\",\"potentialAction\":[{\"@type\":\"ReadAction\",\"target\":[\"https:\\\/\\\/digital58.com.ve\\\/site\\\/2023\\\/04\\\/17\\\/zulia-procesion-de-jesus-de-la-misericordia-une-a-los-zulianos-en-un-acto-de-fe\\\/\"]}]},{\"@type\":\"ImageObject\",\"inLanguage\":\"es\",\"@id\":\"https:\\\/\\\/digital58.com.ve\\\/site\\\/2023\\\/04\\\/17\\\/zulia-procesion-de-jesus-de-la-misericordia-une-a-los-zulianos-en-un-acto-de-fe\\\/#primaryimage\",\"url\":\"https:\\\/\\\/digital58.com.ve\\\/site\\\/wp-content\\\/uploads\\\/2023\\\/04\\\/Jesus-Misericordia-4.jpeg\",\"contentUrl\":\"https:\\\/\\\/digital58.com.ve\\\/site\\\/wp-content\\\/uploads\\\/2023\\\/04\\\/Jesus-Misericordia-4.jpeg\",\"width\":1500,\"height\":900},{\"@type\":\"BreadcrumbList\",\"@id\":\"https:\\\/\\\/digital58.com.ve\\\/site\\\/2023\\\/04\\\/17\\\/zulia-procesion-de-jesus-de-la-misericordia-une-a-los-zulianos-en-un-acto-de-fe\\\/#breadcrumb\",\"itemListElement\":[{\"@type\":\"ListItem\",\"position\":1,\"name\":\"Home\",\"item\":\"https:\\\/\\\/digital58.com.ve\\\/site\\\/\"},{\"@type\":\"ListItem\",\"position\":2,\"name\":\"#Zulia | Procesi\u00f3n de Jes\u00fas de la Misericordia une a los zulianos en un acto de fe\"}]},{\"@type\":\"WebSite\",\"@id\":\"https:\\\/\\\/digital58.com.ve\\\/site\\\/#website\",\"url\":\"https:\\\/\\\/digital58.com.ve\\\/site\\\/\",\"name\":\"Noticias Digital58\",\"description\":\"Portal de Noticias \u00a1Periodismo web de verdad! Lanzamiento web 22.11.2005 \\\/ Maracaibo, Venezuela\",\"publisher\":{\"@id\":\"https:\\\/\\\/digital58.com.ve\\\/site\\\/#\\\/schema\\\/person\\\/64d1c2e4d0d4fd1b849980c4331c2951\"},\"alternateName\":\"ND58\",\"potentialAction\":[{\"@type\":\"SearchAction\",\"target\":{\"@type\":\"EntryPoint\",\"urlTemplate\":\"https:\\\/\\\/digital58.com.ve\\\/site\\\/?s={search_term_string}\"},\"query-input\":{\"@type\":\"PropertyValueSpecification\",\"valueRequired\":true,\"valueName\":\"search_term_string\"}}],\"inLanguage\":\"es\"},{\"@type\":[\"Person\",\"Organization\"],\"@id\":\"https:\\\/\\\/digital58.com.ve\\\/site\\\/#\\\/schema\\\/person\\\/64d1c2e4d0d4fd1b849980c4331c2951\",\"name\":\"Villasmil Henry\",\"image\":{\"@type\":\"ImageObject\",\"inLanguage\":\"es\",\"@id\":\"https:\\\/\\\/secure.gravatar.com\\\/avatar\\\/bb0c4a2fcb7970138239f7e404ea75757b1b507b28b5ce4c53fbd62d797c5a7c?s=96&d=mm&r=g\",\"url\":\"https:\\\/\\\/secure.gravatar.com\\\/avatar\\\/bb0c4a2fcb7970138239f7e404ea75757b1b507b28b5ce4c53fbd62d797c5a7c?s=96&d=mm&r=g\",\"contentUrl\":\"https:\\\/\\\/secure.gravatar.com\\\/avatar\\\/bb0c4a2fcb7970138239f7e404ea75757b1b507b28b5ce4c53fbd62d797c5a7c?s=96&d=mm&r=g\",\"caption\":\"Villasmil Henry\"},\"logo\":{\"@id\":\"https:\\\/\\\/secure.gravatar.com\\\/avatar\\\/bb0c4a2fcb7970138239f7e404ea75757b1b507b28b5ce4c53fbd62d797c5a7c?s=96&d=mm&r=g\"},\"sameAs\":[\"http:\\\/\\\/www.henryvillasmil.com.ve\",\"https:\\\/\\\/www.instagram.com\\\/villasmilhfoto\\\/\",\"https:\\\/\\\/x.com\\\/https:\\\/\\\/twitter.com\\\/villasmilhfoto\"]},{\"@type\":\"Person\",\"@id\":\"https:\\\/\\\/digital58.com.ve\\\/site\\\/#\\\/schema\\\/person\\\/38596b127602deaa13fbcd7585635238\",\"name\":\"Caren A\u00f1ez\",\"image\":{\"@type\":\"ImageObject\",\"inLanguage\":\"es\",\"@id\":\"https:\\\/\\\/secure.gravatar.com\\\/avatar\\\/53aadd693aa414991c9ff2f2b19c39be94d2c342463b80f5402d344911bc9782?s=96&d=mm&r=g\",\"url\":\"https:\\\/\\\/secure.gravatar.com\\\/avatar\\\/53aadd693aa414991c9ff2f2b19c39be94d2c342463b80f5402d344911bc9782?s=96&d=mm&r=g\",\"contentUrl\":\"https:\\\/\\\/secure.gravatar.com\\\/avatar\\\/53aadd693aa414991c9ff2f2b19c39be94d2c342463b80f5402d344911bc9782?s=96&d=mm&r=g\",\"caption\":\"Caren A\u00f1ez\"},\"description\":\"\ud83d\udc69\u200d\ud83c\udfa4Editora en @digital_58 \ud83d\udc69\ud83c\udffb\u200d\ud83c\udfebPeriodista musical y de entretenimiento. \ud83d\udcf8Fotografa \ud83d\udc69\ud83c\udffb\u200d\ud83d\udcbbMedia Management. \ud83d\udc69\u200d\ud83d\udc67\u200d\ud83d\udc67AspieMon 24\\\/7\",\"sameAs\":[\"https:\\\/\\\/www.instagram.com\\\/carenanez\\\/\",\"https:\\\/\\\/x.com\\\/carenanez\"],\"url\":\"https:\\\/\\\/digital58.com.ve\\\/site\\\/author\\\/carena21\\\/\"}]}<\/script>\n<!-- \/ Yoast SEO plugin. -->","yoast_head_json":{"title":"#Zulia | Procesi\u00f3n de Jes\u00fas de la Misericordia une a los zulianos en un acto de fe","robots":{"index":"index","follow":"follow","max-snippet":"max-snippet:-1","max-image-preview":"max-image-preview:large","max-video-preview":"max-video-preview:-1"},"canonical":"https:\/\/digital58.com.ve\/site\/2023\/04\/17\/zulia-procesion-de-jesus-de-la-misericordia-une-a-los-zulianos-en-un-acto-de-fe\/","og_locale":"es_ES","og_type":"article","og_title":"#Zulia | Procesi\u00f3n de Jes\u00fas de la Misericordia une a los zulianos en un acto de fe","og_url":"https:\/\/digital58.com.ve\/site\/2023\/04\/17\/zulia-procesion-de-jesus-de-la-misericordia-une-a-los-zulianos-en-un-acto-de-fe\/","og_site_name":"Noticias Digital58","article_published_time":"2023-04-17T12:42:28+00:00","article_modified_time":"2023-04-17T13:05:20+00:00","og_image":[{"width":1500,"height":900,"url":"https:\/\/i0.wp.com\/digital58.com.ve\/site\/wp-content\/uploads\/2023\/04\/Jesus-Misericordia-4.jpeg?fit=1500%2C900&ssl=1","type":"image\/jpeg"}],"author":"Caren A\u00f1ez","twitter_card":"summary_large_image","twitter_creator":"@carenanez","twitter_site":"@villasmilhfoto","twitter_misc":{"Escrito por":"Caren A\u00f1ez","Tiempo estimado de lectura":"2 minutos"},"schema":{"@context":"https:\/\/schema.org","@graph":[{"@type":"Article","@id":"https:\/\/digital58.com.ve\/site\/2023\/04\/17\/zulia-procesion-de-jesus-de-la-misericordia-une-a-los-zulianos-en-un-acto-de-fe\/#article","isPartOf":{"@id":"https:\/\/digital58.com.ve\/site\/2023\/04\/17\/zulia-procesion-de-jesus-de-la-misericordia-une-a-los-zulianos-en-un-acto-de-fe\/"},"author":{"name":"Caren A\u00f1ez","@id":"https:\/\/digital58.com.ve\/site\/#\/schema\/person\/38596b127602deaa13fbcd7585635238"},"headline":"#Zulia | Procesi\u00f3n de Jes\u00fas de la Misericordia une a los zulianos en un acto de fe","datePublished":"2023-04-17T12:42:28+00:00","dateModified":"2023-04-17T13:05:20+00:00","mainEntityOfPage":{"@id":"https:\/\/digital58.com.ve\/site\/2023\/04\/17\/zulia-procesion-de-jesus-de-la-misericordia-une-a-los-zulianos-en-un-acto-de-fe\/"},"wordCount":479,"commentCount":0,"publisher":{"@id":"https:\/\/digital58.com.ve\/site\/#\/schema\/person\/64d1c2e4d0d4fd1b849980c4331c2951"},"image":{"@id":"https:\/\/digital58.com.ve\/site\/2023\/04\/17\/zulia-procesion-de-jesus-de-la-misericordia-une-a-los-zulianos-en-un-acto-de-fe\/#primaryimage"},"thumbnailUrl":"https:\/\/digital58.com.ve\/site\/wp-content\/uploads\/2023\/04\/Jesus-Misericordia-4.jpeg","keywords":["Fe y Religi\u00f3n","Iglesia Cat\u00f3lica","Jes\u00fas de la Misericordia","Maracaibo","Nacionales","Procesi\u00f3n de Jes\u00fas de la Misericordia","Regionales","Religi\u00f3n","Venezuela","Zulia"],"articleSection":["Zulia"],"inLanguage":"es","potentialAction":[{"@type":"CommentAction","name":"Comment","target":["https:\/\/digital58.com.ve\/site\/2023\/04\/17\/zulia-procesion-de-jesus-de-la-misericordia-une-a-los-zulianos-en-un-acto-de-fe\/#respond"]}]},{"@type":"WebPage","@id":"https:\/\/digital58.com.ve\/site\/2023\/04\/17\/zulia-procesion-de-jesus-de-la-misericordia-une-a-los-zulianos-en-un-acto-de-fe\/","url":"https:\/\/digital58.com.ve\/site\/2023\/04\/17\/zulia-procesion-de-jesus-de-la-misericordia-une-a-los-zulianos-en-un-acto-de-fe\/","name":"#Zulia | Procesi\u00f3n de Jes\u00fas de la Misericordia une a los zulianos en un acto de fe","isPartOf":{"@id":"https:\/\/digital58.com.ve\/site\/#website"},"primaryImageOfPage":{"@id":"https:\/\/digital58.com.ve\/site\/2023\/04\/17\/zulia-procesion-de-jesus-de-la-misericordia-une-a-los-zulianos-en-un-acto-de-fe\/#primaryimage"},"image":{"@id":"https:\/\/digital58.com.ve\/site\/2023\/04\/17\/zulia-procesion-de-jesus-de-la-misericordia-une-a-los-zulianos-en-un-acto-de-fe\/#primaryimage"},"thumbnailUrl":"https:\/\/digital58.com.ve\/site\/wp-content\/uploads\/2023\/04\/Jesus-Misericordia-4.jpeg","datePublished":"2023-04-17T12:42:28+00:00","dateModified":"2023-04-17T13:05:20+00:00","breadcrumb":{"@id":"https:\/\/digital58.com.ve\/site\/2023\/04\/17\/zulia-procesion-de-jesus-de-la-misericordia-une-a-los-zulianos-en-un-acto-de-fe\/#breadcrumb"},"inLanguage":"es","potentialAction":[{"@type":"ReadAction","target":["https:\/\/digital58.com.ve\/site\/2023\/04\/17\/zulia-procesion-de-jesus-de-la-misericordia-une-a-los-zulianos-en-un-acto-de-fe\/"]}]},{"@type":"ImageObject","inLanguage":"es","@id":"https:\/\/digital58.com.ve\/site\/2023\/04\/17\/zulia-procesion-de-jesus-de-la-misericordia-une-a-los-zulianos-en-un-acto-de-fe\/#primaryimage","url":"https:\/\/digital58.com.ve\/site\/wp-content\/uploads\/2023\/04\/Jesus-Misericordia-4.jpeg","contentUrl":"https:\/\/digital58.com.ve\/site\/wp-content\/uploads\/2023\/04\/Jesus-Misericordia-4.jpeg","width":1500,"height":900},{"@type":"BreadcrumbList","@id":"https:\/\/digital58.com.ve\/site\/2023\/04\/17\/zulia-procesion-de-jesus-de-la-misericordia-une-a-los-zulianos-en-un-acto-de-fe\/#breadcrumb","itemListElement":[{"@type":"ListItem","position":1,"name":"Home","item":"https:\/\/digital58.com.ve\/site\/"},{"@type":"ListItem","position":2,"name":"#Zulia | Procesi\u00f3n de Jes\u00fas de la Misericordia une a los zulianos en un acto de fe"}]},{"@type":"WebSite","@id":"https:\/\/digital58.com.ve\/site\/#website","url":"https:\/\/digital58.com.ve\/site\/","name":"Noticias Digital58","description":"Portal de Noticias \u00a1Periodismo web de verdad! Lanzamiento web 22.11.2005 \/ Maracaibo, Venezuela","publisher":{"@id":"https:\/\/digital58.com.ve\/site\/#\/schema\/person\/64d1c2e4d0d4fd1b849980c4331c2951"},"alternateName":"ND58","potentialAction":[{"@type":"SearchAction","target":{"@type":"EntryPoint","urlTemplate":"https:\/\/digital58.com.ve\/site\/?s={search_term_string}"},"query-input":{"@type":"PropertyValueSpecification","valueRequired":true,"valueName":"search_term_string"}}],"inLanguage":"es"},{"@type":["Person","Organization"],"@id":"https:\/\/digital58.com.ve\/site\/#\/schema\/person\/64d1c2e4d0d4fd1b849980c4331c2951","name":"Villasmil Henry","image":{"@type":"ImageObject","inLanguage":"es","@id":"https:\/\/secure.gravatar.com\/avatar\/bb0c4a2fcb7970138239f7e404ea75757b1b507b28b5ce4c53fbd62d797c5a7c?s=96&d=mm&r=g","url":"https:\/\/secure.gravatar.com\/avatar\/bb0c4a2fcb7970138239f7e404ea75757b1b507b28b5ce4c53fbd62d797c5a7c?s=96&d=mm&r=g","contentUrl":"https:\/\/secure.gravatar.com\/avatar\/bb0c4a2fcb7970138239f7e404ea75757b1b507b28b5ce4c53fbd62d797c5a7c?s=96&d=mm&r=g","caption":"Villasmil Henry"},"logo":{"@id":"https:\/\/secure.gravatar.com\/avatar\/bb0c4a2fcb7970138239f7e404ea75757b1b507b28b5ce4c53fbd62d797c5a7c?s=96&d=mm&r=g"},"sameAs":["http:\/\/www.henryvillasmil.com.ve","https:\/\/www.instagram.com\/villasmilhfoto\/","https:\/\/x.com\/https:\/\/twitter.com\/villasmilhfoto"]},{"@type":"Person","@id":"https:\/\/digital58.com.ve\/site\/#\/schema\/person\/38596b127602deaa13fbcd7585635238","name":"Caren A\u00f1ez","image":{"@type":"ImageObject","inLanguage":"es","@id":"https:\/\/secure.gravatar.com\/avatar\/53aadd693aa414991c9ff2f2b19c39be94d2c342463b80f5402d344911bc9782?s=96&d=mm&r=g","url":"https:\/\/secure.gravatar.com\/avatar\/53aadd693aa414991c9ff2f2b19c39be94d2c342463b80f5402d344911bc9782?s=96&d=mm&r=g","contentUrl":"https:\/\/secure.gravatar.com\/avatar\/53aadd693aa414991c9ff2f2b19c39be94d2c342463b80f5402d344911bc9782?s=96&d=mm&r=g","caption":"Caren A\u00f1ez"},"description":"\ud83d\udc69\u200d\ud83c\udfa4Editora en @digital_58 \ud83d\udc69\ud83c\udffb\u200d\ud83c\udfebPeriodista musical y de entretenimiento. \ud83d\udcf8Fotografa \ud83d\udc69\ud83c\udffb\u200d\ud83d\udcbbMedia Management. \ud83d\udc69\u200d\ud83d\udc67\u200d\ud83d\udc67AspieMon 24\/7","sameAs":["https:\/\/www.instagram.com\/carenanez\/","https:\/\/x.com\/carenanez"],"url":"https:\/\/digital58.com.ve\/site\/author\/carena21\/"}]}},"uagb_featured_image_src":{"full":["https:\/\/digital58.com.ve\/site\/wp-content\/uploads\/2023\/04\/Jesus-Misericordia-4.jpeg",1500,900,false],"thumbnail":["https:\/\/digital58.com.ve\/site\/wp-content\/uploads\/2023\/04\/Jesus-Misericordia-4-150x150.jpeg",150,150,true],"medium":["https:\/\/digital58.com.ve\/site\/wp-content\/uploads\/2023\/04\/Jesus-Misericordia-4-300x180.jpeg",300,180,true],"medium_large":["https:\/\/digital58.com.ve\/site\/wp-content\/uploads\/2023\/04\/Jesus-Misericordia-4-768x461.jpeg",768,461,true],"large":["https:\/\/digital58.com.ve\/site\/wp-content\/uploads\/2023\/04\/Jesus-Misericordia-4-1000x600.jpeg",800,480,true],"1536x1536":["https:\/\/digital58.com.ve\/site\/wp-content\/uploads\/2023\/04\/Jesus-Misericordia-4.jpeg",1500,900,false],"2048x2048":["https:\/\/digital58.com.ve\/site\/wp-content\/uploads\/2023\/04\/Jesus-Misericordia-4.jpeg",1500,900,false],"colormag-highlighted-post":["https:\/\/digital58.com.ve\/site\/wp-content\/uploads\/2023\/04\/Jesus-Misericordia-4-392x272.jpeg",392,272,true],"colormag-featured-post-medium":["https:\/\/digital58.com.ve\/site\/wp-content\/uploads\/2023\/04\/Jesus-Misericordia-4-390x205.jpeg",390,205,true],"colormag-featured-post-small":["https:\/\/digital58.com.ve\/site\/wp-content\/uploads\/2023\/04\/Jesus-Misericordia-4-130x90.jpeg",130,90,true],"colormag-featured-image":["https:\/\/digital58.com.ve\/site\/wp-content\/uploads\/2023\/04\/Jesus-Misericordia-4-800x445.jpeg",800,445,true],"colormag-default-news":["https:\/\/digital58.com.ve\/site\/wp-content\/uploads\/2023\/04\/Jesus-Misericordia-4.jpeg",150,90,false],"colormag-featured-image-large":["https:\/\/digital58.com.ve\/site\/wp-content\/uploads\/2023\/04\/Jesus-Misericordia-4.jpeg",1000,600,false]},"uagb_author_info":{"display_name":"Caren A\u00f1ez","author_link":"https:\/\/digital58.com.ve\/site\/author\/carena21\/"},"uagb_comment_info":0,"uagb_excerpt":"A partir de la una de la tarde de este domingo 16 de abril de 2023, Jes\u00fas de la Misericordia","_links":{"self":[{"href":"https:\/\/digital58.com.ve\/site\/wp-json\/wp\/v2\/posts\/164875","targetHints":{"allow":["GET"]}}],"collection":[{"href":"https:\/\/digital58.com.ve\/site\/wp-json\/wp\/v2\/posts"}],"about":[{"href":"https:\/\/digital58.com.ve\/site\/wp-json\/wp\/v2\/types\/post"}],"author":[{"embeddable":true,"href":"https:\/\/digital58.com.ve\/site\/wp-json\/wp\/v2\/users\/39"}],"replies":[{"embeddable":true,"href":"https:\/\/digital58.com.ve\/site\/wp-json\/wp\/v2\/comments?post=164875"}],"version-history":[{"count":4,"href":"https:\/\/digital58.com.ve\/site\/wp-json\/wp\/v2\/posts\/164875\/revisions"}],"predecessor-version":[{"id":164896,"href":"https:\/\/digital58.com.ve\/site\/wp-json\/wp\/v2\/posts\/164875\/revisions\/164896"}],"wp:featuredmedia":[{"embeddable":true,"href":"https:\/\/digital58.com.ve\/site\/wp-json\/wp\/v2\/media\/164878"}],"wp:attachment":[{"href":"https:\/\/digital58.com.ve\/site\/wp-json\/wp\/v2\/media?parent=164875"}],"wp:term":[{"taxonomy":"category","embeddable":true,"href":"https:\/\/digital58.com.ve\/site\/wp-json\/wp\/v2\/categories?post=164875"},{"taxonomy":"post_tag","embeddable":true,"href":"https:\/\/digital58.com.ve\/site\/wp-json\/wp\/v2\/tags?post=164875"}],"curies":[{"name":"wp","href":"https:\/\/api.w.org\/{rel}","templated":true}]}}