{"id":164991,"date":"2023-04-18T18:49:13","date_gmt":"2023-04-18T22:49:13","guid":{"rendered":"https:\/\/digital58.com.ve\/site\/?p=164991"},"modified":"2023-04-18T18:49:13","modified_gmt":"2023-04-18T22:49:13","slug":"danza-baralt-celebra-su-ii-aniversario-inaugurando-la-primera-edicion-del-festival-nacional-cuerpo-accion-y-signo","status":"publish","type":"post","link":"https:\/\/digital58.com.ve\/site\/2023\/04\/18\/danza-baralt-celebra-su-ii-aniversario-inaugurando-la-primera-edicion-del-festival-nacional-cuerpo-accion-y-signo\/","title":{"rendered":"Danza Baralt celebra su II Aniversario inaugurando la primera edici\u00f3n del festival nacional: \u00abCuerpo, Acci\u00f3n y Signo\u00bb"},"content":{"rendered":"<p><a href=\"https:\/\/digital58.com.ve\/site\/wp-content\/uploads\/2023\/04\/danza-2.jpg\"><img loading=\"lazy\" decoding=\"async\" class=\"aligncenter size-full wp-image-164998\" src=\"https:\/\/digital58.com.ve\/site\/wp-content\/uploads\/2023\/04\/danza-2.jpg\" alt=\"\" width=\"640\" height=\"800\" srcset=\"https:\/\/digital58.com.ve\/site\/wp-content\/uploads\/2023\/04\/danza-2.jpg 640w, https:\/\/digital58.com.ve\/site\/wp-content\/uploads\/2023\/04\/danza-2-240x300.jpg 240w\" sizes=\"auto, (max-width: 640px) 100vw, 640px\" \/><\/a><\/p>\n<p>El Teatro Baralt invita a todos a no perderse esta incre\u00edble oportunidad de disfrutar del talento y la creatividad de las compa\u00f1\u00edas de danza m\u00e1s destacadas de la regi\u00f3n.<\/p>\n<p><strong>Maracaibo, Zulia, Venezuela, 18 de abril de 2023 (ND58).-<\/strong> El Teatro Baralt anuncia la primera edici\u00f3n del Festival Nacional de Danza \u00abCuerpo Acci\u00f3n y Signos\u00bb, que se realizar\u00e1 en conmemoraci\u00f3n al II Aniversario de Danza Baralt el pr\u00f3ximo 27, 28 y 29 de abril en las instalaciones de la instituci\u00f3n cultural y en el marco de la celebraci\u00f3n del D\u00eda Internacional de la Danza.<\/p>\n<p>El evento es organizado por la compa\u00f1\u00eda residente del Teatro Baralt y bajo la direcci\u00f3n art\u00edstica de Alexander Ventura.<\/p>\n<p>Este festival de tres d\u00edas contar\u00e1 con una programaci\u00f3n especialmente dise\u00f1ada para el intercambio y el encuentro, fortaleciendo los valores de la danza como una expresi\u00f3n del arte en nuestra sociedad, Teatro Baralt junto a Danza Baralt estar\u00e1n sirviendo de anfitriones de invitados nacionales de reconocida trayectoria provenientes de; Barinas, Barquisimeto y Caracas quienes engalanar\u00e1n la escena con sus propuestas coreogr\u00e1ficas.<\/p>\n<p>El primer d\u00eda del Festival constar\u00e1 con jornadas pedag\u00f3gicas y acad\u00e9micas de clases magistrales de danza contempor\u00e1nea y ballet cl\u00e1sico con destacados maestros y exponentes que compartir\u00e1n sus conocimientos a bailarines y estudiantes de danza estimulando una excelente oportunidad para todo aquel que asista.<\/p>\n<p>En el segundo d\u00eda de actividad se realizara el primer homenaje: \u00abMaestros Solemnes\u00bb. Reconociendo la trayectoria, m\u00e9ritos, logros y contribuci\u00f3n al arte y la cultura como baluartes de la danza entre los mencionados; Marisol Ferrari, Guillermo Gonz\u00e1lez, Irina Ivanova, Mircia Larreal, Elizabeth Perozo, Luisa Su\u00e1rez, Sasha Vojkic, Sonia Castillo, Grazina Yeropunov y Jorge Esteva quienes son aut\u00e9nticas glorias de la historia danc\u00edstica de nuestro pa\u00eds.<\/p>\n<p>Seguidamente se celebrar\u00e1 una gala danc\u00edstica con un variado repertorio a cargo de los invitados nacionales como Beidis Orellana con su escuela de Danza Contempor\u00e1nea con sede en el estado Barinas, la escuela de ballet cl\u00e1sico dirigida por Luisa Su\u00e1rez ubicada en Barquisimeto y la propuesta coreogr\u00e1fica de Cristina Rossell del ballet Teresa Carre\u00f1o situado en Caracas y con la participaci\u00f3n especial de la compa\u00f1\u00eda anfitriona Danza Baralt.<\/p>\n<p>El gran cierre del Festival llegar\u00e1 el tercer d\u00eda con el estreno de \u00abDermis\u00bb, una pieza de danza contempor\u00e1nea, creada y dirigida art\u00edsticamente por el maestro Alexander Ventura para Danza Baralt en este evento. Esta presentaci\u00f3n promete ser un espect\u00e1culo deslumbrante y emocional que dejar\u00e1 a los espectadores sin aliento.<\/p>\n<p>Los boletos para el primer festival nacional de danza son a beneficio de la Fundaci\u00f3n Teatro Baralt y ya est\u00e1n a la venta a trav\u00e9s de su p\u00e1gina web.<\/p>\n<p><a href=\"https:\/\/digital58.com.ve\/site\/wp-content\/uploads\/2023\/04\/danza.jpg\"><img loading=\"lazy\" decoding=\"async\" class=\"aligncenter size-full wp-image-164999\" src=\"https:\/\/digital58.com.ve\/site\/wp-content\/uploads\/2023\/04\/danza.jpg\" alt=\"\" width=\"800\" height=\"533\" srcset=\"https:\/\/digital58.com.ve\/site\/wp-content\/uploads\/2023\/04\/danza.jpg 800w, https:\/\/digital58.com.ve\/site\/wp-content\/uploads\/2023\/04\/danza-300x200.jpg 300w, https:\/\/digital58.com.ve\/site\/wp-content\/uploads\/2023\/04\/danza-768x512.jpg 768w\" sizes=\"auto, (max-width: 800px) 100vw, 800px\" \/><\/a><\/p>\n<p>Para obtener m\u00e1s informaci\u00f3n sobre el festival, las compa\u00f1\u00edas participantes y las actividades programadas, visite la p\u00e1gina web www.teatrobaralt.org o s\u00edgalos en las redes sociales @teatrobaralt @danza_baralt @danzabaralt_centroformativo<\/p>\n<p><strong>Sobre el Teatro Baralt<\/strong><\/p>\n<p>El Teatro Baralt es un espacio emblem\u00e1tico dedicado a la promoci\u00f3n y difusi\u00f3n de la cultura y las artes esc\u00e9nicas. Ubicado en la Av. 5 con calle 95, casco central de Maracaibo. El teatro es el hogar de la compa\u00f1\u00eda residente Danza Baralt, que trabaja incansablemente para llevar la danza contempor\u00e1nea a nuevos niveles de excelencia y creatividad.<\/p>\n<p><strong>Sobre Danza Baralt<\/strong><\/p>\n<p>Danza Baralt es la compa\u00f1\u00eda residente del Teatro Baralt, comprometida con la creaci\u00f3n y promoci\u00f3n de espect\u00e1culos de danza contempor\u00e1nea de alta calidad. Desde su fundaci\u00f3n. Danza Baralt ha sido reconocida por su innovaci\u00f3n y excelencia art\u00edstica, y contin\u00faa estableciendo nuevos est\u00e1ndares en el mundo de la danza contempor\u00e1nea.<\/p>\n<p><strong>Redacci\u00f3n ND58 | Jhoameri Nava\/Teatro Baralt<\/strong><br \/>\n<strong>Edici\u00f3n: Villasmil, Henry<\/strong><br \/>\n<strong>Gr\u00e1fica: Cortes\u00eda<\/strong><\/p>\n<p>&nbsp;<\/p><div class=\"ulxub69efe0e2e866d\" ><p style=\"text-align: center;\"><a href=\"https:\/\/t.me\/noticiasdigital58\" target=\"_blank\" rel=\"noopener\"><img class=\"aligncenter size-full wp-image-125363\" src=\"https:\/\/digital58.com.ve\/site\/wp-content\/uploads\/2021\/04\/banner-telegram-web-2021.png\" alt=\"\" width=\"600\" height=\"90\" \/><\/a><\/p><\/div><style type=\"text\/css\">\r\n@media screen and (min-width: 1201px) {\r\n.ulxub69efe0e2e866d {\r\ndisplay: block;\r\n}\r\n}\r\n@media screen and (min-width: 993px) and (max-width: 1200px) {\r\n.ulxub69efe0e2e866d {\r\ndisplay: block;\r\n}\r\n}\r\n@media screen and (min-width: 769px) and (max-width: 992px) {\r\n.ulxub69efe0e2e866d {\r\ndisplay: block;\r\n}\r\n}\r\n@media screen and (min-width: 768px) and (max-width: 768px) {\r\n.ulxub69efe0e2e866d {\r\ndisplay: block;\r\n}\r\n}\r\n@media screen and (max-width: 767px) {\r\n.ulxub69efe0e2e866d {\r\ndisplay: block;\r\n}\r\n}\r\n<\/style>\r\n\n<p>&nbsp;<\/p>\n<div style=\"margin-top: 0px; margin-bottom: 0px;\" class=\"sharethis-inline-share-buttons\" ><\/div>","protected":false},"excerpt":{"rendered":"<p>El Teatro Baralt invita a todos a no perderse esta incre\u00edble oportunidad de disfrutar del talento y la creatividad de<\/p>\n","protected":false},"author":1,"featured_media":164999,"comment_status":"open","ping_status":"closed","sticky":false,"template":"","format":"standard","meta":{"colormag_page_container_layout":"default_layout","colormag_page_sidebar_layout":"default_layout","_uag_custom_page_level_css":"","footnotes":""},"categories":[5401],"tags":[31101,28200,6392,31102,8945,570,73,233,2354,97,8401,32,761],"class_list":["post-164991","post","type-post","status-publish","format-standard","has-post-thumbnail","hentry","category-artes","tag-accion-y-signo","tag-alexander-ventura","tag-cuerpo","tag-festival-nacional-de-danza","tag-festivales-de-danza","tag-homenajes","tag-maracaibo","tag-nacionales","tag-regionales","tag-teatro-baralt","tag-teatros","tag-venezuela","tag-zulia"],"yoast_head":"<!-- This site is optimized with the Yoast SEO plugin v27.4 - https:\/\/yoast.com\/product\/yoast-seo-wordpress\/ -->\n<title>Danza Baralt celebra su II Aniversario inaugurando la primera edici\u00f3n del festival nacional: \u00abCuerpo, Acci\u00f3n y Signo\u00bb<\/title>\n<meta name=\"robots\" content=\"index, follow, max-snippet:-1, max-image-preview:large, max-video-preview:-1\" \/>\n<link rel=\"canonical\" href=\"https:\/\/digital58.com.ve\/site\/2023\/04\/18\/danza-baralt-celebra-su-ii-aniversario-inaugurando-la-primera-edicion-del-festival-nacional-cuerpo-accion-y-signo\/\" \/>\n<meta property=\"og:locale\" content=\"es_ES\" \/>\n<meta property=\"og:type\" content=\"article\" \/>\n<meta property=\"og:title\" content=\"Danza Baralt celebra su II Aniversario inaugurando la primera edici\u00f3n del festival nacional: \u00abCuerpo, Acci\u00f3n y Signo\u00bb\" \/>\n<meta property=\"og:url\" content=\"https:\/\/digital58.com.ve\/site\/2023\/04\/18\/danza-baralt-celebra-su-ii-aniversario-inaugurando-la-primera-edicion-del-festival-nacional-cuerpo-accion-y-signo\/\" \/>\n<meta property=\"og:site_name\" content=\"Noticias Digital58\" \/>\n<meta property=\"article:published_time\" content=\"2023-04-18T22:49:13+00:00\" \/>\n<meta property=\"og:image\" content=\"https:\/\/i0.wp.com\/digital58.com.ve\/site\/wp-content\/uploads\/2023\/04\/danza.jpg?fit=800%2C533&ssl=1\" \/>\n\t<meta property=\"og:image:width\" content=\"800\" \/>\n\t<meta property=\"og:image:height\" content=\"533\" \/>\n\t<meta property=\"og:image:type\" content=\"image\/jpeg\" \/>\n<meta name=\"author\" content=\"Villasmil Henry\" \/>\n<meta name=\"twitter:card\" content=\"summary_large_image\" \/>\n<meta name=\"twitter:creator\" content=\"@https:\/\/twitter.com\/villasmilhfoto\" \/>\n<meta name=\"twitter:site\" content=\"@villasmilhfoto\" \/>\n<meta name=\"twitter:label1\" content=\"Escrito por\" \/>\n\t<meta name=\"twitter:data1\" content=\"Villasmil Henry\" \/>\n\t<meta name=\"twitter:label2\" content=\"Tiempo estimado de lectura\" \/>\n\t<meta name=\"twitter:data2\" content=\"3 minutos\" \/>\n<script type=\"application\/ld+json\" class=\"yoast-schema-graph\">{\"@context\":\"https:\\\/\\\/schema.org\",\"@graph\":[{\"@type\":\"Article\",\"@id\":\"https:\\\/\\\/digital58.com.ve\\\/site\\\/2023\\\/04\\\/18\\\/danza-baralt-celebra-su-ii-aniversario-inaugurando-la-primera-edicion-del-festival-nacional-cuerpo-accion-y-signo\\\/#article\",\"isPartOf\":{\"@id\":\"https:\\\/\\\/digital58.com.ve\\\/site\\\/2023\\\/04\\\/18\\\/danza-baralt-celebra-su-ii-aniversario-inaugurando-la-primera-edicion-del-festival-nacional-cuerpo-accion-y-signo\\\/\"},\"author\":{\"name\":\"Villasmil Henry\",\"@id\":\"https:\\\/\\\/digital58.com.ve\\\/site\\\/#\\\/schema\\\/person\\\/64d1c2e4d0d4fd1b849980c4331c2951\"},\"headline\":\"Danza Baralt celebra su II Aniversario inaugurando la primera edici\u00f3n del festival nacional: \u00abCuerpo, Acci\u00f3n y Signo\u00bb\",\"datePublished\":\"2023-04-18T22:49:13+00:00\",\"mainEntityOfPage\":{\"@id\":\"https:\\\/\\\/digital58.com.ve\\\/site\\\/2023\\\/04\\\/18\\\/danza-baralt-celebra-su-ii-aniversario-inaugurando-la-primera-edicion-del-festival-nacional-cuerpo-accion-y-signo\\\/\"},\"wordCount\":679,\"commentCount\":0,\"publisher\":{\"@id\":\"https:\\\/\\\/digital58.com.ve\\\/site\\\/#\\\/schema\\\/person\\\/64d1c2e4d0d4fd1b849980c4331c2951\"},\"image\":{\"@id\":\"https:\\\/\\\/digital58.com.ve\\\/site\\\/2023\\\/04\\\/18\\\/danza-baralt-celebra-su-ii-aniversario-inaugurando-la-primera-edicion-del-festival-nacional-cuerpo-accion-y-signo\\\/#primaryimage\"},\"thumbnailUrl\":\"https:\\\/\\\/digital58.com.ve\\\/site\\\/wp-content\\\/uploads\\\/2023\\\/04\\\/danza.jpg\",\"keywords\":[\"Acci\u00f3n y Signo\",\"Alexander Ventura\",\"Cuerpo\",\"Festival Nacional de Danza\",\"Festivales de Danza\",\"Homenajes\",\"Maracaibo\",\"Nacionales\",\"Regionales\",\"Teatro Baralt\",\"Teatros\",\"Venezuela\",\"Zulia\"],\"articleSection\":[\"Artes\"],\"inLanguage\":\"es\",\"potentialAction\":[{\"@type\":\"CommentAction\",\"name\":\"Comment\",\"target\":[\"https:\\\/\\\/digital58.com.ve\\\/site\\\/2023\\\/04\\\/18\\\/danza-baralt-celebra-su-ii-aniversario-inaugurando-la-primera-edicion-del-festival-nacional-cuerpo-accion-y-signo\\\/#respond\"]}]},{\"@type\":\"WebPage\",\"@id\":\"https:\\\/\\\/digital58.com.ve\\\/site\\\/2023\\\/04\\\/18\\\/danza-baralt-celebra-su-ii-aniversario-inaugurando-la-primera-edicion-del-festival-nacional-cuerpo-accion-y-signo\\\/\",\"url\":\"https:\\\/\\\/digital58.com.ve\\\/site\\\/2023\\\/04\\\/18\\\/danza-baralt-celebra-su-ii-aniversario-inaugurando-la-primera-edicion-del-festival-nacional-cuerpo-accion-y-signo\\\/\",\"name\":\"Danza Baralt celebra su II Aniversario inaugurando la primera edici\u00f3n del festival nacional: \u00abCuerpo, Acci\u00f3n y Signo\u00bb\",\"isPartOf\":{\"@id\":\"https:\\\/\\\/digital58.com.ve\\\/site\\\/#website\"},\"primaryImageOfPage\":{\"@id\":\"https:\\\/\\\/digital58.com.ve\\\/site\\\/2023\\\/04\\\/18\\\/danza-baralt-celebra-su-ii-aniversario-inaugurando-la-primera-edicion-del-festival-nacional-cuerpo-accion-y-signo\\\/#primaryimage\"},\"image\":{\"@id\":\"https:\\\/\\\/digital58.com.ve\\\/site\\\/2023\\\/04\\\/18\\\/danza-baralt-celebra-su-ii-aniversario-inaugurando-la-primera-edicion-del-festival-nacional-cuerpo-accion-y-signo\\\/#primaryimage\"},\"thumbnailUrl\":\"https:\\\/\\\/digital58.com.ve\\\/site\\\/wp-content\\\/uploads\\\/2023\\\/04\\\/danza.jpg\",\"datePublished\":\"2023-04-18T22:49:13+00:00\",\"breadcrumb\":{\"@id\":\"https:\\\/\\\/digital58.com.ve\\\/site\\\/2023\\\/04\\\/18\\\/danza-baralt-celebra-su-ii-aniversario-inaugurando-la-primera-edicion-del-festival-nacional-cuerpo-accion-y-signo\\\/#breadcrumb\"},\"inLanguage\":\"es\",\"potentialAction\":[{\"@type\":\"ReadAction\",\"target\":[\"https:\\\/\\\/digital58.com.ve\\\/site\\\/2023\\\/04\\\/18\\\/danza-baralt-celebra-su-ii-aniversario-inaugurando-la-primera-edicion-del-festival-nacional-cuerpo-accion-y-signo\\\/\"]}]},{\"@type\":\"ImageObject\",\"inLanguage\":\"es\",\"@id\":\"https:\\\/\\\/digital58.com.ve\\\/site\\\/2023\\\/04\\\/18\\\/danza-baralt-celebra-su-ii-aniversario-inaugurando-la-primera-edicion-del-festival-nacional-cuerpo-accion-y-signo\\\/#primaryimage\",\"url\":\"https:\\\/\\\/digital58.com.ve\\\/site\\\/wp-content\\\/uploads\\\/2023\\\/04\\\/danza.jpg\",\"contentUrl\":\"https:\\\/\\\/digital58.com.ve\\\/site\\\/wp-content\\\/uploads\\\/2023\\\/04\\\/danza.jpg\",\"width\":800,\"height\":533},{\"@type\":\"BreadcrumbList\",\"@id\":\"https:\\\/\\\/digital58.com.ve\\\/site\\\/2023\\\/04\\\/18\\\/danza-baralt-celebra-su-ii-aniversario-inaugurando-la-primera-edicion-del-festival-nacional-cuerpo-accion-y-signo\\\/#breadcrumb\",\"itemListElement\":[{\"@type\":\"ListItem\",\"position\":1,\"name\":\"Home\",\"item\":\"https:\\\/\\\/digital58.com.ve\\\/site\\\/\"},{\"@type\":\"ListItem\",\"position\":2,\"name\":\"Danza Baralt celebra su II Aniversario inaugurando la primera edici\u00f3n del festival nacional: \u00abCuerpo, Acci\u00f3n y Signo\u00bb\"}]},{\"@type\":\"WebSite\",\"@id\":\"https:\\\/\\\/digital58.com.ve\\\/site\\\/#website\",\"url\":\"https:\\\/\\\/digital58.com.ve\\\/site\\\/\",\"name\":\"Noticias Digital58\",\"description\":\"Portal de Noticias \u00a1Periodismo web de verdad! Lanzamiento web 22.11.2005 \\\/ Maracaibo, Venezuela\",\"publisher\":{\"@id\":\"https:\\\/\\\/digital58.com.ve\\\/site\\\/#\\\/schema\\\/person\\\/64d1c2e4d0d4fd1b849980c4331c2951\"},\"alternateName\":\"ND58\",\"potentialAction\":[{\"@type\":\"SearchAction\",\"target\":{\"@type\":\"EntryPoint\",\"urlTemplate\":\"https:\\\/\\\/digital58.com.ve\\\/site\\\/?s={search_term_string}\"},\"query-input\":{\"@type\":\"PropertyValueSpecification\",\"valueRequired\":true,\"valueName\":\"search_term_string\"}}],\"inLanguage\":\"es\"},{\"@type\":[\"Person\",\"Organization\"],\"@id\":\"https:\\\/\\\/digital58.com.ve\\\/site\\\/#\\\/schema\\\/person\\\/64d1c2e4d0d4fd1b849980c4331c2951\",\"name\":\"Villasmil Henry\",\"image\":{\"@type\":\"ImageObject\",\"inLanguage\":\"es\",\"@id\":\"https:\\\/\\\/secure.gravatar.com\\\/avatar\\\/bb0c4a2fcb7970138239f7e404ea75757b1b507b28b5ce4c53fbd62d797c5a7c?s=96&d=mm&r=g\",\"url\":\"https:\\\/\\\/secure.gravatar.com\\\/avatar\\\/bb0c4a2fcb7970138239f7e404ea75757b1b507b28b5ce4c53fbd62d797c5a7c?s=96&d=mm&r=g\",\"contentUrl\":\"https:\\\/\\\/secure.gravatar.com\\\/avatar\\\/bb0c4a2fcb7970138239f7e404ea75757b1b507b28b5ce4c53fbd62d797c5a7c?s=96&d=mm&r=g\",\"caption\":\"Villasmil Henry\"},\"logo\":{\"@id\":\"https:\\\/\\\/secure.gravatar.com\\\/avatar\\\/bb0c4a2fcb7970138239f7e404ea75757b1b507b28b5ce4c53fbd62d797c5a7c?s=96&d=mm&r=g\"},\"sameAs\":[\"http:\\\/\\\/www.henryvillasmil.com.ve\",\"https:\\\/\\\/www.instagram.com\\\/villasmilhfoto\\\/\",\"https:\\\/\\\/x.com\\\/https:\\\/\\\/twitter.com\\\/villasmilhfoto\"],\"url\":\"https:\\\/\\\/digital58.com.ve\\\/site\\\/author\\\/droopy_68\\\/\"}]}<\/script>\n<!-- \/ Yoast SEO plugin. -->","yoast_head_json":{"title":"Danza Baralt celebra su II Aniversario inaugurando la primera edici\u00f3n del festival nacional: \u00abCuerpo, Acci\u00f3n y Signo\u00bb","robots":{"index":"index","follow":"follow","max-snippet":"max-snippet:-1","max-image-preview":"max-image-preview:large","max-video-preview":"max-video-preview:-1"},"canonical":"https:\/\/digital58.com.ve\/site\/2023\/04\/18\/danza-baralt-celebra-su-ii-aniversario-inaugurando-la-primera-edicion-del-festival-nacional-cuerpo-accion-y-signo\/","og_locale":"es_ES","og_type":"article","og_title":"Danza Baralt celebra su II Aniversario inaugurando la primera edici\u00f3n del festival nacional: \u00abCuerpo, Acci\u00f3n y Signo\u00bb","og_url":"https:\/\/digital58.com.ve\/site\/2023\/04\/18\/danza-baralt-celebra-su-ii-aniversario-inaugurando-la-primera-edicion-del-festival-nacional-cuerpo-accion-y-signo\/","og_site_name":"Noticias Digital58","article_published_time":"2023-04-18T22:49:13+00:00","og_image":[{"width":800,"height":533,"url":"https:\/\/i0.wp.com\/digital58.com.ve\/site\/wp-content\/uploads\/2023\/04\/danza.jpg?fit=800%2C533&ssl=1","type":"image\/jpeg"}],"author":"Villasmil Henry","twitter_card":"summary_large_image","twitter_creator":"@https:\/\/twitter.com\/villasmilhfoto","twitter_site":"@villasmilhfoto","twitter_misc":{"Escrito por":"Villasmil Henry","Tiempo estimado de lectura":"3 minutos"},"schema":{"@context":"https:\/\/schema.org","@graph":[{"@type":"Article","@id":"https:\/\/digital58.com.ve\/site\/2023\/04\/18\/danza-baralt-celebra-su-ii-aniversario-inaugurando-la-primera-edicion-del-festival-nacional-cuerpo-accion-y-signo\/#article","isPartOf":{"@id":"https:\/\/digital58.com.ve\/site\/2023\/04\/18\/danza-baralt-celebra-su-ii-aniversario-inaugurando-la-primera-edicion-del-festival-nacional-cuerpo-accion-y-signo\/"},"author":{"name":"Villasmil Henry","@id":"https:\/\/digital58.com.ve\/site\/#\/schema\/person\/64d1c2e4d0d4fd1b849980c4331c2951"},"headline":"Danza Baralt celebra su II Aniversario inaugurando la primera edici\u00f3n del festival nacional: \u00abCuerpo, Acci\u00f3n y Signo\u00bb","datePublished":"2023-04-18T22:49:13+00:00","mainEntityOfPage":{"@id":"https:\/\/digital58.com.ve\/site\/2023\/04\/18\/danza-baralt-celebra-su-ii-aniversario-inaugurando-la-primera-edicion-del-festival-nacional-cuerpo-accion-y-signo\/"},"wordCount":679,"commentCount":0,"publisher":{"@id":"https:\/\/digital58.com.ve\/site\/#\/schema\/person\/64d1c2e4d0d4fd1b849980c4331c2951"},"image":{"@id":"https:\/\/digital58.com.ve\/site\/2023\/04\/18\/danza-baralt-celebra-su-ii-aniversario-inaugurando-la-primera-edicion-del-festival-nacional-cuerpo-accion-y-signo\/#primaryimage"},"thumbnailUrl":"https:\/\/digital58.com.ve\/site\/wp-content\/uploads\/2023\/04\/danza.jpg","keywords":["Acci\u00f3n y Signo","Alexander Ventura","Cuerpo","Festival Nacional de Danza","Festivales de Danza","Homenajes","Maracaibo","Nacionales","Regionales","Teatro Baralt","Teatros","Venezuela","Zulia"],"articleSection":["Artes"],"inLanguage":"es","potentialAction":[{"@type":"CommentAction","name":"Comment","target":["https:\/\/digital58.com.ve\/site\/2023\/04\/18\/danza-baralt-celebra-su-ii-aniversario-inaugurando-la-primera-edicion-del-festival-nacional-cuerpo-accion-y-signo\/#respond"]}]},{"@type":"WebPage","@id":"https:\/\/digital58.com.ve\/site\/2023\/04\/18\/danza-baralt-celebra-su-ii-aniversario-inaugurando-la-primera-edicion-del-festival-nacional-cuerpo-accion-y-signo\/","url":"https:\/\/digital58.com.ve\/site\/2023\/04\/18\/danza-baralt-celebra-su-ii-aniversario-inaugurando-la-primera-edicion-del-festival-nacional-cuerpo-accion-y-signo\/","name":"Danza Baralt celebra su II Aniversario inaugurando la primera edici\u00f3n del festival nacional: \u00abCuerpo, Acci\u00f3n y Signo\u00bb","isPartOf":{"@id":"https:\/\/digital58.com.ve\/site\/#website"},"primaryImageOfPage":{"@id":"https:\/\/digital58.com.ve\/site\/2023\/04\/18\/danza-baralt-celebra-su-ii-aniversario-inaugurando-la-primera-edicion-del-festival-nacional-cuerpo-accion-y-signo\/#primaryimage"},"image":{"@id":"https:\/\/digital58.com.ve\/site\/2023\/04\/18\/danza-baralt-celebra-su-ii-aniversario-inaugurando-la-primera-edicion-del-festival-nacional-cuerpo-accion-y-signo\/#primaryimage"},"thumbnailUrl":"https:\/\/digital58.com.ve\/site\/wp-content\/uploads\/2023\/04\/danza.jpg","datePublished":"2023-04-18T22:49:13+00:00","breadcrumb":{"@id":"https:\/\/digital58.com.ve\/site\/2023\/04\/18\/danza-baralt-celebra-su-ii-aniversario-inaugurando-la-primera-edicion-del-festival-nacional-cuerpo-accion-y-signo\/#breadcrumb"},"inLanguage":"es","potentialAction":[{"@type":"ReadAction","target":["https:\/\/digital58.com.ve\/site\/2023\/04\/18\/danza-baralt-celebra-su-ii-aniversario-inaugurando-la-primera-edicion-del-festival-nacional-cuerpo-accion-y-signo\/"]}]},{"@type":"ImageObject","inLanguage":"es","@id":"https:\/\/digital58.com.ve\/site\/2023\/04\/18\/danza-baralt-celebra-su-ii-aniversario-inaugurando-la-primera-edicion-del-festival-nacional-cuerpo-accion-y-signo\/#primaryimage","url":"https:\/\/digital58.com.ve\/site\/wp-content\/uploads\/2023\/04\/danza.jpg","contentUrl":"https:\/\/digital58.com.ve\/site\/wp-content\/uploads\/2023\/04\/danza.jpg","width":800,"height":533},{"@type":"BreadcrumbList","@id":"https:\/\/digital58.com.ve\/site\/2023\/04\/18\/danza-baralt-celebra-su-ii-aniversario-inaugurando-la-primera-edicion-del-festival-nacional-cuerpo-accion-y-signo\/#breadcrumb","itemListElement":[{"@type":"ListItem","position":1,"name":"Home","item":"https:\/\/digital58.com.ve\/site\/"},{"@type":"ListItem","position":2,"name":"Danza Baralt celebra su II Aniversario inaugurando la primera edici\u00f3n del festival nacional: \u00abCuerpo, Acci\u00f3n y Signo\u00bb"}]},{"@type":"WebSite","@id":"https:\/\/digital58.com.ve\/site\/#website","url":"https:\/\/digital58.com.ve\/site\/","name":"Noticias Digital58","description":"Portal de Noticias \u00a1Periodismo web de verdad! Lanzamiento web 22.11.2005 \/ Maracaibo, Venezuela","publisher":{"@id":"https:\/\/digital58.com.ve\/site\/#\/schema\/person\/64d1c2e4d0d4fd1b849980c4331c2951"},"alternateName":"ND58","potentialAction":[{"@type":"SearchAction","target":{"@type":"EntryPoint","urlTemplate":"https:\/\/digital58.com.ve\/site\/?s={search_term_string}"},"query-input":{"@type":"PropertyValueSpecification","valueRequired":true,"valueName":"search_term_string"}}],"inLanguage":"es"},{"@type":["Person","Organization"],"@id":"https:\/\/digital58.com.ve\/site\/#\/schema\/person\/64d1c2e4d0d4fd1b849980c4331c2951","name":"Villasmil Henry","image":{"@type":"ImageObject","inLanguage":"es","@id":"https:\/\/secure.gravatar.com\/avatar\/bb0c4a2fcb7970138239f7e404ea75757b1b507b28b5ce4c53fbd62d797c5a7c?s=96&d=mm&r=g","url":"https:\/\/secure.gravatar.com\/avatar\/bb0c4a2fcb7970138239f7e404ea75757b1b507b28b5ce4c53fbd62d797c5a7c?s=96&d=mm&r=g","contentUrl":"https:\/\/secure.gravatar.com\/avatar\/bb0c4a2fcb7970138239f7e404ea75757b1b507b28b5ce4c53fbd62d797c5a7c?s=96&d=mm&r=g","caption":"Villasmil Henry"},"logo":{"@id":"https:\/\/secure.gravatar.com\/avatar\/bb0c4a2fcb7970138239f7e404ea75757b1b507b28b5ce4c53fbd62d797c5a7c?s=96&d=mm&r=g"},"sameAs":["http:\/\/www.henryvillasmil.com.ve","https:\/\/www.instagram.com\/villasmilhfoto\/","https:\/\/x.com\/https:\/\/twitter.com\/villasmilhfoto"],"url":"https:\/\/digital58.com.ve\/site\/author\/droopy_68\/"}]}},"uagb_featured_image_src":{"full":["https:\/\/digital58.com.ve\/site\/wp-content\/uploads\/2023\/04\/danza.jpg",800,533,false],"thumbnail":["https:\/\/digital58.com.ve\/site\/wp-content\/uploads\/2023\/04\/danza-150x150.jpg",150,150,true],"medium":["https:\/\/digital58.com.ve\/site\/wp-content\/uploads\/2023\/04\/danza-300x200.jpg",300,200,true],"medium_large":["https:\/\/digital58.com.ve\/site\/wp-content\/uploads\/2023\/04\/danza-768x512.jpg",768,512,true],"large":["https:\/\/digital58.com.ve\/site\/wp-content\/uploads\/2023\/04\/danza.jpg",800,533,false],"1536x1536":["https:\/\/digital58.com.ve\/site\/wp-content\/uploads\/2023\/04\/danza.jpg",800,533,false],"2048x2048":["https:\/\/digital58.com.ve\/site\/wp-content\/uploads\/2023\/04\/danza.jpg",800,533,false],"colormag-highlighted-post":["https:\/\/digital58.com.ve\/site\/wp-content\/uploads\/2023\/04\/danza-392x272.jpg",392,272,true],"colormag-featured-post-medium":["https:\/\/digital58.com.ve\/site\/wp-content\/uploads\/2023\/04\/danza-390x205.jpg",390,205,true],"colormag-featured-post-small":["https:\/\/digital58.com.ve\/site\/wp-content\/uploads\/2023\/04\/danza-130x90.jpg",130,90,true],"colormag-featured-image":["https:\/\/digital58.com.ve\/site\/wp-content\/uploads\/2023\/04\/danza-800x445.jpg",800,445,true],"colormag-default-news":["https:\/\/digital58.com.ve\/site\/wp-content\/uploads\/2023\/04\/danza.jpg",150,100,false],"colormag-featured-image-large":["https:\/\/digital58.com.ve\/site\/wp-content\/uploads\/2023\/04\/danza.jpg",800,533,false]},"uagb_author_info":{"display_name":"Villasmil Henry","author_link":"https:\/\/digital58.com.ve\/site\/author\/droopy_68\/"},"uagb_comment_info":0,"uagb_excerpt":"El Teatro Baralt invita a todos a no perderse esta incre\u00edble oportunidad de disfrutar del talento y la creatividad de","_links":{"self":[{"href":"https:\/\/digital58.com.ve\/site\/wp-json\/wp\/v2\/posts\/164991","targetHints":{"allow":["GET"]}}],"collection":[{"href":"https:\/\/digital58.com.ve\/site\/wp-json\/wp\/v2\/posts"}],"about":[{"href":"https:\/\/digital58.com.ve\/site\/wp-json\/wp\/v2\/types\/post"}],"author":[{"embeddable":true,"href":"https:\/\/digital58.com.ve\/site\/wp-json\/wp\/v2\/users\/1"}],"replies":[{"embeddable":true,"href":"https:\/\/digital58.com.ve\/site\/wp-json\/wp\/v2\/comments?post=164991"}],"version-history":[{"count":1,"href":"https:\/\/digital58.com.ve\/site\/wp-json\/wp\/v2\/posts\/164991\/revisions"}],"predecessor-version":[{"id":165000,"href":"https:\/\/digital58.com.ve\/site\/wp-json\/wp\/v2\/posts\/164991\/revisions\/165000"}],"wp:featuredmedia":[{"embeddable":true,"href":"https:\/\/digital58.com.ve\/site\/wp-json\/wp\/v2\/media\/164999"}],"wp:attachment":[{"href":"https:\/\/digital58.com.ve\/site\/wp-json\/wp\/v2\/media?parent=164991"}],"wp:term":[{"taxonomy":"category","embeddable":true,"href":"https:\/\/digital58.com.ve\/site\/wp-json\/wp\/v2\/categories?post=164991"},{"taxonomy":"post_tag","embeddable":true,"href":"https:\/\/digital58.com.ve\/site\/wp-json\/wp\/v2\/tags?post=164991"}],"curies":[{"name":"wp","href":"https:\/\/api.w.org\/{rel}","templated":true}]}}