{"id":165072,"date":"2023-04-20T11:16:48","date_gmt":"2023-04-20T15:16:48","guid":{"rendered":"https:\/\/digital58.com.ve\/site\/?p=165072"},"modified":"2023-04-20T11:16:48","modified_gmt":"2023-04-20T15:16:48","slug":"cambia-de-plano-el-reconocido-actor-locutor-y-cantante-venezolano-henry-salvat","status":"publish","type":"post","link":"https:\/\/digital58.com.ve\/site\/2023\/04\/20\/cambia-de-plano-el-reconocido-actor-locutor-y-cantante-venezolano-henry-salvat\/","title":{"rendered":"Cambia de plano el reconocido actor, locutor y cantante venezolano Henry Salvat"},"content":{"rendered":"<p><a href=\"https:\/\/digital58.com.ve\/site\/wp-content\/uploads\/2023\/04\/henrysalvat.jpg\"><img loading=\"lazy\" decoding=\"async\" class=\"aligncenter size-full wp-image-165073\" src=\"https:\/\/digital58.com.ve\/site\/wp-content\/uploads\/2023\/04\/henrysalvat.jpg\" alt=\"\" width=\"600\" height=\"596\" srcset=\"https:\/\/digital58.com.ve\/site\/wp-content\/uploads\/2023\/04\/henrysalvat.jpg 600w, https:\/\/digital58.com.ve\/site\/wp-content\/uploads\/2023\/04\/henrysalvat-300x298.jpg 300w, https:\/\/digital58.com.ve\/site\/wp-content\/uploads\/2023\/04\/henrysalvat-150x150.jpg 150w\" sizes=\"auto, (max-width: 600px) 100vw, 600px\" \/><\/a><\/p>\n<p>El caraque\u00f1o falleci\u00f3 este martes 18 de abril en horas de la noche a los 80 a\u00f1os. <span class=\"ILfuVd\" lang=\"es\"><span class=\"hgKElc\">La raz\u00f3n de su muerte no fue revelada<\/span><\/span>.<\/p>\n<p><strong>Maracaibo, Zulia, Venezuela, 20 de abril de 2023 (ND58).-<\/strong> Henry Salvat, naci\u00f3 en Caracas el 20 de julio de 1942 \u2014estaba a punto de cumplir 81 a\u00f1os de vida\u2014 pero resid\u00eda en el estado La Guaira, fue muy apreciado por su larga y exitosa carrera, as\u00ed como por su simpat\u00eda y talento. Se destac\u00f3 como cantante, locutor, compositor, actor de televisi\u00f3n y teatro.<\/p>\n<p>Tambi\u00e9n estuvo vinculado en los \u00faltimos tiempos al doblaje de voces, la m\u00e1s famosa la de \u00abFreddy Krueger\u00bb, en la versi\u00f3n al espa\u00f1ol de \u00abLas pesadillas de Freddy\u00bb y a \u00abBeetlejuice\u00bb en la pel\u00edcula hom\u00f3nima ganadora de un premio \u00d3scar.<\/p>\n<p>Debut\u00f3 en televisi\u00f3n con el programa \u00abEl Club Musical\u00bb en 1967.<\/p>\n<p>Como cantante se dio a conocer en 1968 con \u00abDulce de Coco\u00bb, ocup\u00f3 los primeros lugares de las carteleras radiales. \u00abYa no eres mi dulce de coco, porque otro dulce encontr\u00e9\u00bb. Y ese \u00abDulce de Coco\u00bb son\u00f3 y son\u00f3 much\u00edsimo. Al punto que Henry Salvat se hizo famoso y se cotizaba como uno de los mejores artistas.<\/p>\n<div class=\"lyte-wrapper\" title=\"Dulce de Coco\" style=\"width:640px;max-width:100%;margin:5px auto;\"><div class=\"lyMe\" id=\"WYL_yVW-8OyuF3Y\" itemprop=\"video\" itemscope itemtype=\"https:\/\/schema.org\/VideoObject\"><div><meta itemprop=\"thumbnailUrl\" content=\"https:\/\/i.ytimg.com\/vi\/yVW-8OyuF3Y\/hqdefault.jpg\" \/><meta itemprop=\"embedURL\" content=\"https:\/\/www.youtube.com\/embed\/yVW-8OyuF3Y\" \/><meta itemprop=\"duration\" content=\"PT2M42S\" \/><meta itemprop=\"uploadDate\" content=\"2014-10-02T00:13:17Z\" \/><\/div><div id=\"lyte_yVW-8OyuF3Y\" data-src=\"https:\/\/i.ytimg.com\/vi\/yVW-8OyuF3Y\/hqdefault.jpg\" class=\"pL\"><div class=\"tC\"><div class=\"tT\" itemprop=\"name\">Dulce de Coco<\/div><\/div><div class=\"play\"><\/div><div class=\"ctrl\"><div class=\"Lctrl\"><\/div><div class=\"Rctrl\"><\/div><\/div><\/div><noscript><a href=\"https:\/\/youtu.be\/yVW-8OyuF3Y\" rel=\"nofollow\"><img loading=\"lazy\" decoding=\"async\" src=\"https:\/\/i.ytimg.com\/vi\/yVW-8OyuF3Y\/0.jpg\" alt=\"Dulce de Coco\" width=\"640\" height=\"340\" \/><br \/>Ver este video en YouTube<\/a><\/noscript><meta itemprop=\"description\" content=\"Provided to YouTube by The Orchard Enterprises Dulce de Coco \u00b7 Henry Salvat Solo 60 &amp; 70, Vol. 1 \u2117 2011 El Palacio de la Musica Released on: 2011-01-01 Music Publisher: SACVEN Sociedad de Autores y Compositores de Venezuela Auto-generated by YouTube.\"><\/div><\/div><div class=\"lL\" style=\"max-width:100%;width:640px;margin:5px auto;\"><\/div><\/p>\n<p>Sin embargo \u00abPorque Solo a Tu Lado Soy Feliz\u00bb fue el tema musical que lo internacionaliz\u00f3.<\/p>\n<div class=\"lyte-wrapper\" title=\"Porque Solo a Tu Lado Soy Feliz\" style=\"width:640px;max-width:100%;margin:5px auto;\"><div class=\"lyMe\" id=\"WYL_fwS33t6i4TQ\" itemprop=\"video\" itemscope itemtype=\"https:\/\/schema.org\/VideoObject\"><div><meta itemprop=\"thumbnailUrl\" content=\"https:\/\/i.ytimg.com\/vi\/fwS33t6i4TQ\/hqdefault.jpg\" \/><meta itemprop=\"embedURL\" content=\"https:\/\/www.youtube.com\/embed\/fwS33t6i4TQ\" \/><meta itemprop=\"duration\" content=\"PT4M18S\" \/><meta itemprop=\"uploadDate\" content=\"2019-07-12T17:10:18Z\" \/><\/div><div id=\"lyte_fwS33t6i4TQ\" data-src=\"https:\/\/i.ytimg.com\/vi\/fwS33t6i4TQ\/hqdefault.jpg\" class=\"pL\"><div class=\"tC\"><div class=\"tT\" itemprop=\"name\">Porque Solo a Tu Lado Soy Feliz<\/div><\/div><div class=\"play\"><\/div><div class=\"ctrl\"><div class=\"Lctrl\"><\/div><div class=\"Rctrl\"><\/div><\/div><\/div><noscript><a href=\"https:\/\/youtu.be\/fwS33t6i4TQ\" rel=\"nofollow\"><img loading=\"lazy\" decoding=\"async\" src=\"https:\/\/i.ytimg.com\/vi\/fwS33t6i4TQ\/0.jpg\" alt=\"Porque Solo a Tu Lado Soy Feliz\" width=\"640\" height=\"340\" \/><br \/>Ver este video en YouTube<\/a><\/noscript><meta itemprop=\"description\" content=\"Provided to YouTube by Symphonic Distribution Porque Solo a Tu Lado Soy Feliz \u00b7 Henry Salvat Algo de Mi \u2117 2016 Discos TRUS Released on: 2016-04-21 Auto-generated by YouTube.\"><\/div><\/div><div class=\"lL\" style=\"max-width:100%;width:640px;margin:5px auto;\"><\/div><\/p>\n<p>Antes de ser cantante fue actor. Estudi\u00f3 y egres\u00f3 como actor dram\u00e1tico de la Escuela de Artes Esc\u00e9nicas Juana Sujo en 1967. Una de las instituciones m\u00e1s cotizadas en ese tiempo.<\/p>\n<p><a href=\"https:\/\/digital58.com.ve\/site\/wp-content\/uploads\/2023\/04\/henry-salvat.jpg\"><img loading=\"lazy\" decoding=\"async\" class=\"aligncenter size-full wp-image-165074\" src=\"https:\/\/digital58.com.ve\/site\/wp-content\/uploads\/2023\/04\/henry-salvat.jpg\" alt=\"\" width=\"800\" height=\"514\" srcset=\"https:\/\/digital58.com.ve\/site\/wp-content\/uploads\/2023\/04\/henry-salvat.jpg 800w, https:\/\/digital58.com.ve\/site\/wp-content\/uploads\/2023\/04\/henry-salvat-300x193.jpg 300w, https:\/\/digital58.com.ve\/site\/wp-content\/uploads\/2023\/04\/henry-salvat-768x493.jpg 768w\" sizes=\"auto, (max-width: 800px) 100vw, 800px\" \/><\/a><\/p>\n<p>Particip\u00f3 en las telenovelas \u00abEl Derecho de Nacer\u00bb, \u00abValle de Pasiones\u00bb, \u00abSoledad\u00bb, \u00abAmor en el Aire\u00bb, \u00abEstela\u00bb, \u00abTuya para Siempre\u00bb, \u00abLos Huerfanitos\u00bb, \u00abLo que no se perdona\u00bb, \u00abDulce enemiga\u00bb, \u00abIn\u00e9s Duarte, Secretaria\u00bb, \u00abLa Calle de los Sue\u00f1os\u00bb, \u00abLa Flor del Matapalo\u00bb, \u00abHistoria de tres hermanas\u00bb, \u00abLa mujer prohibida\u00bb, \u00abAmor de Papel\u00bb, \u00abMundo de fieras\u00bb \u00abEl Gato Tuerto\u00bb, entre otras.<\/p>\n<div class=\"lyte-wrapper\" title=\"Memorias del Tiempo: Entrevista a Henry Salvat\" style=\"width:640px;max-width:100%;margin:5px auto;\"><div class=\"lyMe\" id=\"WYL_4c3LOkevZXI\" itemprop=\"video\" itemscope itemtype=\"https:\/\/schema.org\/VideoObject\"><div><meta itemprop=\"thumbnailUrl\" content=\"https:\/\/i.ytimg.com\/vi\/4c3LOkevZXI\/hqdefault.jpg\" \/><meta itemprop=\"embedURL\" content=\"https:\/\/www.youtube.com\/embed\/4c3LOkevZXI\" \/><meta itemprop=\"duration\" content=\"PT17M51S\" \/><meta itemprop=\"uploadDate\" content=\"2018-12-04T18:29:59Z\" \/><\/div><div id=\"lyte_4c3LOkevZXI\" data-src=\"https:\/\/i.ytimg.com\/vi\/4c3LOkevZXI\/hqdefault.jpg\" class=\"pL\"><div class=\"tC\"><div class=\"tT\" itemprop=\"name\">Memorias del Tiempo: Entrevista a Henry Salvat<\/div><\/div><div class=\"play\"><\/div><div class=\"ctrl\"><div class=\"Lctrl\"><\/div><div class=\"Rctrl\"><\/div><\/div><\/div><noscript><a href=\"https:\/\/youtu.be\/4c3LOkevZXI\" rel=\"nofollow\"><img loading=\"lazy\" decoding=\"async\" src=\"https:\/\/i.ytimg.com\/vi\/4c3LOkevZXI\/0.jpg\" alt=\"Memorias del Tiempo: Entrevista a Henry Salvat\" width=\"640\" height=\"340\" \/><br \/>Ver este video en YouTube<\/a><\/noscript><meta itemprop=\"description\" content=\"Entrevista a Henry Salvat Productor y Camar\u00f3grafo Henry Rueda Periodista Miguel Armando Garc\u00eda Edici\u00f3n Jorge Bernal Consulte la entrevista completa en el Archivo Audiovisual Colecci\u00f3n Archivo de la Palabra Secci\u00f3n \u201cMemorias del Tiempo en la Voz de sus Protagonistas&quot; Biblioteca Nacional de Venezuela Ver m\u00e1s en: http:\/\/www.bnv.gob.ve?q=node\/1029\"><\/div><\/div><div class=\"lL\" style=\"max-width:100%;width:640px;margin:5px auto;\"><\/div><\/p>\n<p>Se retir\u00f3 de las telenovelas en el 2015 interpretando a \u00abManuel de la Pe\u00f1a\u00bb, \u00abGuerreras y Centauros\u200b\u00bb trasmitido por TVES.<\/p>\n<p><strong>Redacci\u00f3n ND58 | Fuente: Aura Rosa Castillo\/elinformadorve.com<\/strong><br \/>\n<strong>Edici\u00f3n: Villasmil, Henry<\/strong><br \/>\n<strong>Gr\u00e1fica: De archivo<\/strong><\/p>\n<p>&nbsp;<\/p>\n<p>&nbsp;<\/p>\n<p>&nbsp;<\/p><div class=\"hsfxa69f3c5f215d53\" ><p style=\"text-align: center;\"><a href=\"https:\/\/t.me\/noticiasdigital58\" target=\"_blank\" rel=\"noopener\"><img class=\"aligncenter size-full wp-image-125363\" src=\"https:\/\/digital58.com.ve\/site\/wp-content\/uploads\/2021\/04\/banner-telegram-web-2021.png\" alt=\"\" width=\"600\" height=\"90\" \/><\/a><\/p><\/div><style type=\"text\/css\">\r\n@media screen and (min-width: 1201px) {\r\n.hsfxa69f3c5f215d53 {\r\ndisplay: block;\r\n}\r\n}\r\n@media screen and (min-width: 993px) and (max-width: 1200px) {\r\n.hsfxa69f3c5f215d53 {\r\ndisplay: block;\r\n}\r\n}\r\n@media screen and (min-width: 769px) and (max-width: 992px) {\r\n.hsfxa69f3c5f215d53 {\r\ndisplay: block;\r\n}\r\n}\r\n@media screen and (min-width: 768px) and (max-width: 768px) {\r\n.hsfxa69f3c5f215d53 {\r\ndisplay: block;\r\n}\r\n}\r\n@media screen and (max-width: 767px) {\r\n.hsfxa69f3c5f215d53 {\r\ndisplay: block;\r\n}\r\n}\r\n<\/style>\r\n\n<p>&nbsp;<\/p>\n<div style=\"margin-top: 0px; margin-bottom: 0px;\" class=\"sharethis-inline-share-buttons\" ><\/div>","protected":false},"excerpt":{"rendered":"<p>El caraque\u00f1o falleci\u00f3 este martes 18 de abril en horas de la noche a los 80 a\u00f1os. La raz\u00f3n de<\/p>\n","protected":false},"author":1,"featured_media":165073,"comment_status":"open","ping_status":"closed","sticky":false,"template":"","format":"standard","meta":{"colormag_page_container_layout":"default_layout","colormag_page_sidebar_layout":"default_layout","_uag_custom_page_level_css":"","footnotes":""},"categories":[1],"tags":[1843,78,29,31130,207,273,31129,8446,536,233,2125,134,32],"class_list":["post-165072","post","type-post","status-publish","format-standard","has-post-thumbnail","hentry","category-fama","tag-actores","tag-cantantes","tag-caracas","tag-doblaje-de-voces","tag-fallecimientos","tag-farandula","tag-henry-salvat","tag-la-guaira","tag-locutores","tag-nacionales","tag-telenovelas","tag-tv","tag-venezuela"],"yoast_head":"<!-- This site is optimized with the Yoast SEO plugin v27.5 - https:\/\/yoast.com\/product\/yoast-seo-wordpress\/ -->\n<title>Cambia de plano el reconocido actor, locutor y cantante venezolano Henry Salvat<\/title>\n<meta name=\"robots\" content=\"index, follow, max-snippet:-1, max-image-preview:large, max-video-preview:-1\" \/>\n<link rel=\"canonical\" href=\"https:\/\/digital58.com.ve\/site\/2023\/04\/20\/cambia-de-plano-el-reconocido-actor-locutor-y-cantante-venezolano-henry-salvat\/\" \/>\n<meta property=\"og:locale\" content=\"es_ES\" \/>\n<meta property=\"og:type\" content=\"article\" \/>\n<meta property=\"og:title\" content=\"Cambia de plano el reconocido actor, locutor y cantante venezolano Henry Salvat\" \/>\n<meta property=\"og:url\" content=\"https:\/\/digital58.com.ve\/site\/2023\/04\/20\/cambia-de-plano-el-reconocido-actor-locutor-y-cantante-venezolano-henry-salvat\/\" \/>\n<meta property=\"og:site_name\" content=\"Noticias Digital58\" \/>\n<meta property=\"article:published_time\" content=\"2023-04-20T15:16:48+00:00\" \/>\n<meta property=\"og:image\" content=\"https:\/\/i0.wp.com\/digital58.com.ve\/site\/wp-content\/uploads\/2023\/04\/henrysalvat.jpg?fit=600%2C596&ssl=1\" \/>\n\t<meta property=\"og:image:width\" content=\"600\" \/>\n\t<meta property=\"og:image:height\" content=\"596\" \/>\n\t<meta property=\"og:image:type\" content=\"image\/jpeg\" \/>\n<meta name=\"author\" content=\"Villasmil Henry\" \/>\n<meta name=\"twitter:card\" content=\"summary_large_image\" \/>\n<meta name=\"twitter:creator\" content=\"@https:\/\/twitter.com\/villasmilhfoto\" \/>\n<meta name=\"twitter:site\" content=\"@villasmilhfoto\" \/>\n<meta name=\"twitter:label1\" content=\"Escrito por\" \/>\n\t<meta name=\"twitter:data1\" content=\"Villasmil Henry\" \/>\n\t<meta name=\"twitter:label2\" content=\"Tiempo estimado de lectura\" \/>\n\t<meta name=\"twitter:data2\" content=\"2 minutos\" \/>\n<script type=\"application\/ld+json\" class=\"yoast-schema-graph\">{\"@context\":\"https:\\\/\\\/schema.org\",\"@graph\":[{\"@type\":\"Article\",\"@id\":\"https:\\\/\\\/digital58.com.ve\\\/site\\\/2023\\\/04\\\/20\\\/cambia-de-plano-el-reconocido-actor-locutor-y-cantante-venezolano-henry-salvat\\\/#article\",\"isPartOf\":{\"@id\":\"https:\\\/\\\/digital58.com.ve\\\/site\\\/2023\\\/04\\\/20\\\/cambia-de-plano-el-reconocido-actor-locutor-y-cantante-venezolano-henry-salvat\\\/\"},\"author\":{\"name\":\"Villasmil Henry\",\"@id\":\"https:\\\/\\\/digital58.com.ve\\\/site\\\/#\\\/schema\\\/person\\\/64d1c2e4d0d4fd1b849980c4331c2951\"},\"headline\":\"Cambia de plano el reconocido actor, locutor y cantante venezolano Henry Salvat\",\"datePublished\":\"2023-04-20T15:16:48+00:00\",\"mainEntityOfPage\":{\"@id\":\"https:\\\/\\\/digital58.com.ve\\\/site\\\/2023\\\/04\\\/20\\\/cambia-de-plano-el-reconocido-actor-locutor-y-cantante-venezolano-henry-salvat\\\/\"},\"wordCount\":390,\"commentCount\":0,\"publisher\":{\"@id\":\"https:\\\/\\\/digital58.com.ve\\\/site\\\/#\\\/schema\\\/person\\\/64d1c2e4d0d4fd1b849980c4331c2951\"},\"image\":{\"@id\":\"https:\\\/\\\/digital58.com.ve\\\/site\\\/2023\\\/04\\\/20\\\/cambia-de-plano-el-reconocido-actor-locutor-y-cantante-venezolano-henry-salvat\\\/#primaryimage\"},\"thumbnailUrl\":\"https:\\\/\\\/digital58.com.ve\\\/site\\\/wp-content\\\/uploads\\\/2023\\\/04\\\/henrysalvat.jpg\",\"keywords\":[\"Actores\",\"Cantantes\",\"Caracas\",\"Doblaje de voces\",\"Fallecimientos\",\"Far\u00e1ndula\",\"Henry Salvat\",\"La Guaira\",\"Locutores\",\"Nacionales\",\"Telenovelas\",\"TV\",\"Venezuela\"],\"articleSection\":[\"Fama\"],\"inLanguage\":\"es\",\"potentialAction\":[{\"@type\":\"CommentAction\",\"name\":\"Comment\",\"target\":[\"https:\\\/\\\/digital58.com.ve\\\/site\\\/2023\\\/04\\\/20\\\/cambia-de-plano-el-reconocido-actor-locutor-y-cantante-venezolano-henry-salvat\\\/#respond\"]}]},{\"@type\":\"WebPage\",\"@id\":\"https:\\\/\\\/digital58.com.ve\\\/site\\\/2023\\\/04\\\/20\\\/cambia-de-plano-el-reconocido-actor-locutor-y-cantante-venezolano-henry-salvat\\\/\",\"url\":\"https:\\\/\\\/digital58.com.ve\\\/site\\\/2023\\\/04\\\/20\\\/cambia-de-plano-el-reconocido-actor-locutor-y-cantante-venezolano-henry-salvat\\\/\",\"name\":\"Cambia de plano el reconocido actor, locutor y cantante venezolano Henry Salvat\",\"isPartOf\":{\"@id\":\"https:\\\/\\\/digital58.com.ve\\\/site\\\/#website\"},\"primaryImageOfPage\":{\"@id\":\"https:\\\/\\\/digital58.com.ve\\\/site\\\/2023\\\/04\\\/20\\\/cambia-de-plano-el-reconocido-actor-locutor-y-cantante-venezolano-henry-salvat\\\/#primaryimage\"},\"image\":{\"@id\":\"https:\\\/\\\/digital58.com.ve\\\/site\\\/2023\\\/04\\\/20\\\/cambia-de-plano-el-reconocido-actor-locutor-y-cantante-venezolano-henry-salvat\\\/#primaryimage\"},\"thumbnailUrl\":\"https:\\\/\\\/digital58.com.ve\\\/site\\\/wp-content\\\/uploads\\\/2023\\\/04\\\/henrysalvat.jpg\",\"datePublished\":\"2023-04-20T15:16:48+00:00\",\"breadcrumb\":{\"@id\":\"https:\\\/\\\/digital58.com.ve\\\/site\\\/2023\\\/04\\\/20\\\/cambia-de-plano-el-reconocido-actor-locutor-y-cantante-venezolano-henry-salvat\\\/#breadcrumb\"},\"inLanguage\":\"es\",\"potentialAction\":[{\"@type\":\"ReadAction\",\"target\":[\"https:\\\/\\\/digital58.com.ve\\\/site\\\/2023\\\/04\\\/20\\\/cambia-de-plano-el-reconocido-actor-locutor-y-cantante-venezolano-henry-salvat\\\/\"]}]},{\"@type\":\"ImageObject\",\"inLanguage\":\"es\",\"@id\":\"https:\\\/\\\/digital58.com.ve\\\/site\\\/2023\\\/04\\\/20\\\/cambia-de-plano-el-reconocido-actor-locutor-y-cantante-venezolano-henry-salvat\\\/#primaryimage\",\"url\":\"https:\\\/\\\/digital58.com.ve\\\/site\\\/wp-content\\\/uploads\\\/2023\\\/04\\\/henrysalvat.jpg\",\"contentUrl\":\"https:\\\/\\\/digital58.com.ve\\\/site\\\/wp-content\\\/uploads\\\/2023\\\/04\\\/henrysalvat.jpg\",\"width\":600,\"height\":596},{\"@type\":\"BreadcrumbList\",\"@id\":\"https:\\\/\\\/digital58.com.ve\\\/site\\\/2023\\\/04\\\/20\\\/cambia-de-plano-el-reconocido-actor-locutor-y-cantante-venezolano-henry-salvat\\\/#breadcrumb\",\"itemListElement\":[{\"@type\":\"ListItem\",\"position\":1,\"name\":\"Home\",\"item\":\"https:\\\/\\\/digital58.com.ve\\\/site\\\/\"},{\"@type\":\"ListItem\",\"position\":2,\"name\":\"Cambia de plano el reconocido actor, locutor y cantante venezolano Henry Salvat\"}]},{\"@type\":\"WebSite\",\"@id\":\"https:\\\/\\\/digital58.com.ve\\\/site\\\/#website\",\"url\":\"https:\\\/\\\/digital58.com.ve\\\/site\\\/\",\"name\":\"Noticias Digital58\",\"description\":\"Portal de Noticias \u00a1Periodismo web de verdad! Lanzamiento web 22.11.2005 \\\/ Maracaibo, Venezuela\",\"publisher\":{\"@id\":\"https:\\\/\\\/digital58.com.ve\\\/site\\\/#\\\/schema\\\/person\\\/64d1c2e4d0d4fd1b849980c4331c2951\"},\"alternateName\":\"ND58\",\"potentialAction\":[{\"@type\":\"SearchAction\",\"target\":{\"@type\":\"EntryPoint\",\"urlTemplate\":\"https:\\\/\\\/digital58.com.ve\\\/site\\\/?s={search_term_string}\"},\"query-input\":{\"@type\":\"PropertyValueSpecification\",\"valueRequired\":true,\"valueName\":\"search_term_string\"}}],\"inLanguage\":\"es\"},{\"@type\":[\"Person\",\"Organization\"],\"@id\":\"https:\\\/\\\/digital58.com.ve\\\/site\\\/#\\\/schema\\\/person\\\/64d1c2e4d0d4fd1b849980c4331c2951\",\"name\":\"Villasmil Henry\",\"image\":{\"@type\":\"ImageObject\",\"inLanguage\":\"es\",\"@id\":\"https:\\\/\\\/secure.gravatar.com\\\/avatar\\\/bb0c4a2fcb7970138239f7e404ea75757b1b507b28b5ce4c53fbd62d797c5a7c?s=96&d=mm&r=g\",\"url\":\"https:\\\/\\\/secure.gravatar.com\\\/avatar\\\/bb0c4a2fcb7970138239f7e404ea75757b1b507b28b5ce4c53fbd62d797c5a7c?s=96&d=mm&r=g\",\"contentUrl\":\"https:\\\/\\\/secure.gravatar.com\\\/avatar\\\/bb0c4a2fcb7970138239f7e404ea75757b1b507b28b5ce4c53fbd62d797c5a7c?s=96&d=mm&r=g\",\"caption\":\"Villasmil Henry\"},\"logo\":{\"@id\":\"https:\\\/\\\/secure.gravatar.com\\\/avatar\\\/bb0c4a2fcb7970138239f7e404ea75757b1b507b28b5ce4c53fbd62d797c5a7c?s=96&d=mm&r=g\"},\"sameAs\":[\"http:\\\/\\\/www.henryvillasmil.com.ve\",\"https:\\\/\\\/www.instagram.com\\\/villasmilhfoto\\\/\",\"https:\\\/\\\/x.com\\\/https:\\\/\\\/twitter.com\\\/villasmilhfoto\"],\"url\":\"https:\\\/\\\/digital58.com.ve\\\/site\\\/author\\\/droopy_68\\\/\"}]}<\/script>\n<!-- \/ Yoast SEO plugin. -->","yoast_head_json":{"title":"Cambia de plano el reconocido actor, locutor y cantante venezolano Henry Salvat","robots":{"index":"index","follow":"follow","max-snippet":"max-snippet:-1","max-image-preview":"max-image-preview:large","max-video-preview":"max-video-preview:-1"},"canonical":"https:\/\/digital58.com.ve\/site\/2023\/04\/20\/cambia-de-plano-el-reconocido-actor-locutor-y-cantante-venezolano-henry-salvat\/","og_locale":"es_ES","og_type":"article","og_title":"Cambia de plano el reconocido actor, locutor y cantante venezolano Henry Salvat","og_url":"https:\/\/digital58.com.ve\/site\/2023\/04\/20\/cambia-de-plano-el-reconocido-actor-locutor-y-cantante-venezolano-henry-salvat\/","og_site_name":"Noticias Digital58","article_published_time":"2023-04-20T15:16:48+00:00","og_image":[{"width":600,"height":596,"url":"https:\/\/i0.wp.com\/digital58.com.ve\/site\/wp-content\/uploads\/2023\/04\/henrysalvat.jpg?fit=600%2C596&ssl=1","type":"image\/jpeg"}],"author":"Villasmil Henry","twitter_card":"summary_large_image","twitter_creator":"@https:\/\/twitter.com\/villasmilhfoto","twitter_site":"@villasmilhfoto","twitter_misc":{"Escrito por":"Villasmil Henry","Tiempo estimado de lectura":"2 minutos"},"schema":{"@context":"https:\/\/schema.org","@graph":[{"@type":"Article","@id":"https:\/\/digital58.com.ve\/site\/2023\/04\/20\/cambia-de-plano-el-reconocido-actor-locutor-y-cantante-venezolano-henry-salvat\/#article","isPartOf":{"@id":"https:\/\/digital58.com.ve\/site\/2023\/04\/20\/cambia-de-plano-el-reconocido-actor-locutor-y-cantante-venezolano-henry-salvat\/"},"author":{"name":"Villasmil Henry","@id":"https:\/\/digital58.com.ve\/site\/#\/schema\/person\/64d1c2e4d0d4fd1b849980c4331c2951"},"headline":"Cambia de plano el reconocido actor, locutor y cantante venezolano Henry Salvat","datePublished":"2023-04-20T15:16:48+00:00","mainEntityOfPage":{"@id":"https:\/\/digital58.com.ve\/site\/2023\/04\/20\/cambia-de-plano-el-reconocido-actor-locutor-y-cantante-venezolano-henry-salvat\/"},"wordCount":390,"commentCount":0,"publisher":{"@id":"https:\/\/digital58.com.ve\/site\/#\/schema\/person\/64d1c2e4d0d4fd1b849980c4331c2951"},"image":{"@id":"https:\/\/digital58.com.ve\/site\/2023\/04\/20\/cambia-de-plano-el-reconocido-actor-locutor-y-cantante-venezolano-henry-salvat\/#primaryimage"},"thumbnailUrl":"https:\/\/digital58.com.ve\/site\/wp-content\/uploads\/2023\/04\/henrysalvat.jpg","keywords":["Actores","Cantantes","Caracas","Doblaje de voces","Fallecimientos","Far\u00e1ndula","Henry Salvat","La Guaira","Locutores","Nacionales","Telenovelas","TV","Venezuela"],"articleSection":["Fama"],"inLanguage":"es","potentialAction":[{"@type":"CommentAction","name":"Comment","target":["https:\/\/digital58.com.ve\/site\/2023\/04\/20\/cambia-de-plano-el-reconocido-actor-locutor-y-cantante-venezolano-henry-salvat\/#respond"]}]},{"@type":"WebPage","@id":"https:\/\/digital58.com.ve\/site\/2023\/04\/20\/cambia-de-plano-el-reconocido-actor-locutor-y-cantante-venezolano-henry-salvat\/","url":"https:\/\/digital58.com.ve\/site\/2023\/04\/20\/cambia-de-plano-el-reconocido-actor-locutor-y-cantante-venezolano-henry-salvat\/","name":"Cambia de plano el reconocido actor, locutor y cantante venezolano Henry Salvat","isPartOf":{"@id":"https:\/\/digital58.com.ve\/site\/#website"},"primaryImageOfPage":{"@id":"https:\/\/digital58.com.ve\/site\/2023\/04\/20\/cambia-de-plano-el-reconocido-actor-locutor-y-cantante-venezolano-henry-salvat\/#primaryimage"},"image":{"@id":"https:\/\/digital58.com.ve\/site\/2023\/04\/20\/cambia-de-plano-el-reconocido-actor-locutor-y-cantante-venezolano-henry-salvat\/#primaryimage"},"thumbnailUrl":"https:\/\/digital58.com.ve\/site\/wp-content\/uploads\/2023\/04\/henrysalvat.jpg","datePublished":"2023-04-20T15:16:48+00:00","breadcrumb":{"@id":"https:\/\/digital58.com.ve\/site\/2023\/04\/20\/cambia-de-plano-el-reconocido-actor-locutor-y-cantante-venezolano-henry-salvat\/#breadcrumb"},"inLanguage":"es","potentialAction":[{"@type":"ReadAction","target":["https:\/\/digital58.com.ve\/site\/2023\/04\/20\/cambia-de-plano-el-reconocido-actor-locutor-y-cantante-venezolano-henry-salvat\/"]}]},{"@type":"ImageObject","inLanguage":"es","@id":"https:\/\/digital58.com.ve\/site\/2023\/04\/20\/cambia-de-plano-el-reconocido-actor-locutor-y-cantante-venezolano-henry-salvat\/#primaryimage","url":"https:\/\/digital58.com.ve\/site\/wp-content\/uploads\/2023\/04\/henrysalvat.jpg","contentUrl":"https:\/\/digital58.com.ve\/site\/wp-content\/uploads\/2023\/04\/henrysalvat.jpg","width":600,"height":596},{"@type":"BreadcrumbList","@id":"https:\/\/digital58.com.ve\/site\/2023\/04\/20\/cambia-de-plano-el-reconocido-actor-locutor-y-cantante-venezolano-henry-salvat\/#breadcrumb","itemListElement":[{"@type":"ListItem","position":1,"name":"Home","item":"https:\/\/digital58.com.ve\/site\/"},{"@type":"ListItem","position":2,"name":"Cambia de plano el reconocido actor, locutor y cantante venezolano Henry Salvat"}]},{"@type":"WebSite","@id":"https:\/\/digital58.com.ve\/site\/#website","url":"https:\/\/digital58.com.ve\/site\/","name":"Noticias Digital58","description":"Portal de Noticias \u00a1Periodismo web de verdad! Lanzamiento web 22.11.2005 \/ Maracaibo, Venezuela","publisher":{"@id":"https:\/\/digital58.com.ve\/site\/#\/schema\/person\/64d1c2e4d0d4fd1b849980c4331c2951"},"alternateName":"ND58","potentialAction":[{"@type":"SearchAction","target":{"@type":"EntryPoint","urlTemplate":"https:\/\/digital58.com.ve\/site\/?s={search_term_string}"},"query-input":{"@type":"PropertyValueSpecification","valueRequired":true,"valueName":"search_term_string"}}],"inLanguage":"es"},{"@type":["Person","Organization"],"@id":"https:\/\/digital58.com.ve\/site\/#\/schema\/person\/64d1c2e4d0d4fd1b849980c4331c2951","name":"Villasmil Henry","image":{"@type":"ImageObject","inLanguage":"es","@id":"https:\/\/secure.gravatar.com\/avatar\/bb0c4a2fcb7970138239f7e404ea75757b1b507b28b5ce4c53fbd62d797c5a7c?s=96&d=mm&r=g","url":"https:\/\/secure.gravatar.com\/avatar\/bb0c4a2fcb7970138239f7e404ea75757b1b507b28b5ce4c53fbd62d797c5a7c?s=96&d=mm&r=g","contentUrl":"https:\/\/secure.gravatar.com\/avatar\/bb0c4a2fcb7970138239f7e404ea75757b1b507b28b5ce4c53fbd62d797c5a7c?s=96&d=mm&r=g","caption":"Villasmil Henry"},"logo":{"@id":"https:\/\/secure.gravatar.com\/avatar\/bb0c4a2fcb7970138239f7e404ea75757b1b507b28b5ce4c53fbd62d797c5a7c?s=96&d=mm&r=g"},"sameAs":["http:\/\/www.henryvillasmil.com.ve","https:\/\/www.instagram.com\/villasmilhfoto\/","https:\/\/x.com\/https:\/\/twitter.com\/villasmilhfoto"],"url":"https:\/\/digital58.com.ve\/site\/author\/droopy_68\/"}]}},"uagb_featured_image_src":{"full":["https:\/\/digital58.com.ve\/site\/wp-content\/uploads\/2023\/04\/henrysalvat.jpg",600,596,false],"thumbnail":["https:\/\/digital58.com.ve\/site\/wp-content\/uploads\/2023\/04\/henrysalvat-150x150.jpg",150,150,true],"medium":["https:\/\/digital58.com.ve\/site\/wp-content\/uploads\/2023\/04\/henrysalvat-300x298.jpg",300,298,true],"medium_large":["https:\/\/digital58.com.ve\/site\/wp-content\/uploads\/2023\/04\/henrysalvat.jpg",600,596,false],"large":["https:\/\/digital58.com.ve\/site\/wp-content\/uploads\/2023\/04\/henrysalvat.jpg",600,596,false],"1536x1536":["https:\/\/digital58.com.ve\/site\/wp-content\/uploads\/2023\/04\/henrysalvat.jpg",600,596,false],"2048x2048":["https:\/\/digital58.com.ve\/site\/wp-content\/uploads\/2023\/04\/henrysalvat.jpg",600,596,false],"colormag-highlighted-post":["https:\/\/digital58.com.ve\/site\/wp-content\/uploads\/2023\/04\/henrysalvat-392x272.jpg",392,272,true],"colormag-featured-post-medium":["https:\/\/digital58.com.ve\/site\/wp-content\/uploads\/2023\/04\/henrysalvat-390x205.jpg",390,205,true],"colormag-featured-post-small":["https:\/\/digital58.com.ve\/site\/wp-content\/uploads\/2023\/04\/henrysalvat-130x90.jpg",130,90,true],"colormag-featured-image":["https:\/\/digital58.com.ve\/site\/wp-content\/uploads\/2023\/04\/henrysalvat-600x445.jpg",600,445,true],"colormag-default-news":["https:\/\/digital58.com.ve\/site\/wp-content\/uploads\/2023\/04\/henrysalvat.jpg",150,150,false],"colormag-featured-image-large":["https:\/\/digital58.com.ve\/site\/wp-content\/uploads\/2023\/04\/henrysalvat.jpg",600,596,false]},"uagb_author_info":{"display_name":"Villasmil Henry","author_link":"https:\/\/digital58.com.ve\/site\/author\/droopy_68\/"},"uagb_comment_info":0,"uagb_excerpt":"El caraque\u00f1o falleci\u00f3 este martes 18 de abril en horas de la noche a los 80 a\u00f1os. La raz\u00f3n de","_links":{"self":[{"href":"https:\/\/digital58.com.ve\/site\/wp-json\/wp\/v2\/posts\/165072","targetHints":{"allow":["GET"]}}],"collection":[{"href":"https:\/\/digital58.com.ve\/site\/wp-json\/wp\/v2\/posts"}],"about":[{"href":"https:\/\/digital58.com.ve\/site\/wp-json\/wp\/v2\/types\/post"}],"author":[{"embeddable":true,"href":"https:\/\/digital58.com.ve\/site\/wp-json\/wp\/v2\/users\/1"}],"replies":[{"embeddable":true,"href":"https:\/\/digital58.com.ve\/site\/wp-json\/wp\/v2\/comments?post=165072"}],"version-history":[{"count":1,"href":"https:\/\/digital58.com.ve\/site\/wp-json\/wp\/v2\/posts\/165072\/revisions"}],"predecessor-version":[{"id":165075,"href":"https:\/\/digital58.com.ve\/site\/wp-json\/wp\/v2\/posts\/165072\/revisions\/165075"}],"wp:featuredmedia":[{"embeddable":true,"href":"https:\/\/digital58.com.ve\/site\/wp-json\/wp\/v2\/media\/165073"}],"wp:attachment":[{"href":"https:\/\/digital58.com.ve\/site\/wp-json\/wp\/v2\/media?parent=165072"}],"wp:term":[{"taxonomy":"category","embeddable":true,"href":"https:\/\/digital58.com.ve\/site\/wp-json\/wp\/v2\/categories?post=165072"},{"taxonomy":"post_tag","embeddable":true,"href":"https:\/\/digital58.com.ve\/site\/wp-json\/wp\/v2\/tags?post=165072"}],"curies":[{"name":"wp","href":"https:\/\/api.w.org\/{rel}","templated":true}]}}