{"id":165095,"date":"2023-04-21T12:46:19","date_gmt":"2023-04-21T16:46:19","guid":{"rendered":"https:\/\/digital58.com.ve\/site\/?p=165095"},"modified":"2023-04-21T12:47:13","modified_gmt":"2023-04-21T16:47:13","slug":"sudsub17-venezuela-se-clasifica-por-segunda-vez-a-un-mundial","status":"publish","type":"post","link":"https:\/\/digital58.com.ve\/site\/2023\/04\/21\/sudsub17-venezuela-se-clasifica-por-segunda-vez-a-un-mundial\/","title":{"rendered":"#SudSub17 | Venezuela se clasifica por segunda vez a un Mundial"},"content":{"rendered":"<p><a href=\"https:\/\/digital58.com.ve\/site\/wp-content\/uploads\/2023\/04\/8db9d680c1e848d01898e92f4b8fe074555e37aaminiw.jpg\"><img loading=\"lazy\" decoding=\"async\" class=\"aligncenter size-full wp-image-165096\" src=\"https:\/\/digital58.com.ve\/site\/wp-content\/uploads\/2023\/04\/8db9d680c1e848d01898e92f4b8fe074555e37aaminiw.jpg\" alt=\"\" width=\"900\" height=\"569\" srcset=\"https:\/\/digital58.com.ve\/site\/wp-content\/uploads\/2023\/04\/8db9d680c1e848d01898e92f4b8fe074555e37aaminiw.jpg 900w, https:\/\/digital58.com.ve\/site\/wp-content\/uploads\/2023\/04\/8db9d680c1e848d01898e92f4b8fe074555e37aaminiw-300x190.jpg 300w, https:\/\/digital58.com.ve\/site\/wp-content\/uploads\/2023\/04\/8db9d680c1e848d01898e92f4b8fe074555e37aaminiw-768x486.jpg 768w\" sizes=\"auto, (max-width: 900px) 100vw, 900px\" \/><\/a><\/p>\n<p>El triunfo le permiti\u00f3 a la Vinotinto alcanzar seis puntos en el hexagonal final que se disputa en Quito y adjudicarse el \u00faltimo de los cuatro cupos en juego para la pr\u00f3xima Copa del Mundo de la categor\u00eda, donde tambi\u00e9n estar\u00e1n Argentina, Brasil y Ecuador, quienes ya se clasificaron en la anterior jornada.<\/p>\n<p><strong>Internacional, 21 de abril de 2023 (ND58).-<\/strong> La selecci\u00f3n de Venezuela se clasific\u00f3 este jueves por segunda vez en su historia a un Mundial Sub-17 al vencer por 2-0 a Paraguay en la cuarta jornada del hexagonal final del Campeonato Sudamericano Sub-17, con goles de David Mart\u00ednez y Mayken Gonz\u00e1lez.<\/p>\n<p><strong>Sin opciones de clasificarse se quedaron Paraguay y Chile.<\/strong><\/p>\n<p>El combinado dirigido por Ricardo Vali\u00f1o igual\u00f3 as\u00ed la gesta conseguida en 2013 por el combinado que entonces entrenaba Rafael Dudamel, cuando se clasific\u00f3 por primera vez para una cita mundialista con un equipo donde estaban Andr\u00e9s Ponce y Adalberto Pe\u00f1aranda.<\/p>\n<p>En esta ocasi\u00f3n los art\u00edfices de la clasificaci\u00f3n ha sido David Mart\u00ednez, jugador del Monagas, que ya ha debutado en la primera divisi\u00f3n de Venezuela, y otros prometedores jugadores como Giovanny Sequera, el defensa Rai Hidalgo y el ariete Lucciano Reinoso.<\/p>\n<p>La Vinotinto defini\u00f3 en el segundo tiempo un partido muy igualado y parejo ante Paraguay, con momentos de ida y vuelta donde se impuso el acierto dentro del \u00e1rea de los jugadores venezolanos.<\/p>\n<p>El equipo de Vali\u00f1o sali\u00f3 decidido a por la victoria pero se encontr\u00f3 con un inspirado Lirussi, el portero de Paraguay, que como ya hiciera frente a Argentina, donde fue el art\u00edfice del empate sin goles, volvi\u00f3 a hacer gala de sus reflejos para evitar dos goles del delantero Mayken Gonz\u00e1lez en los primeros minutos de juego.<\/p>\n<p>A medida que avanzaba el primer tiempo se fue equilibrando el partido y la mejor ocasi\u00f3n estuvo en los pies del paraguayo Jorge Mora, que ya cantaba gol tras un r\u00e1pido contraataque cuando la defensa venezolana sac\u00f3 el bal\u00f3n sobre la misma l\u00ednea.<\/p>\n<p>En el segundo tiempo el partido tuvo momentos de ida y vuelta y un contraataque por banda izquierda sirvi\u00f3 para que Mart\u00ednez recibiese el bal\u00f3n libre de marca y, con mucha sangre fr\u00eda y sin que le temblasen las piernas, hiciera el primer gol con un sensacional remate al primer toque frente al que nada pudo hacer Lirussi.<\/p>\n<p>La tarde la redonde\u00f3 Gonz\u00e1lez, que firm\u00f3 uno de los goles del torneo con un derechazo que bes\u00f3 el palo izquierdo de la porter\u00eda de Paraguay para deleite de los aficionados venezolanos presentes en el estadio Rodrigo Paz Delgado.<\/p>\n<p><strong>Ficha t\u00e9cnica:<\/strong><\/p>\n<p><strong>2 &#8211; Venezuela:<\/strong> Jorge S\u00e1nchez; Yaicar Perdomo, Rai Hidalgo, \u00c1ngel Borgo, Santiago Silva; Jos\u00e9 Correa, Giovanny Sequera (min. 46, Leenhan Romero), Enmanuel Mel\u00e9ndez (min. 46, Miguel Vegas); David Mart\u00ednez (min. 85, Andrew Pereira), Lucciano Reinoso (min. 70, Junior Colina) y Mayken Gonz\u00e1lez (min. 90+2, \u00d3scar Hinojosa).<\/p>\n<p><strong>Seleccionador: Ricardo Vali\u00f1o.<\/strong><\/p>\n<p><strong>0 &#8211; Paraguay:<\/strong> Facundo Insfr\u00e1n Lirussi; Rodrigo G\u00f3mez (min. 69, \u00c1lex Sosa), Emilio Acosta, Axel Balbuena (min. 79, \u00d3scar L\u00f3pez), Rolando Mongel\u00f3s; Jorge Mora (min. 69, Fernando Viveros), \u00c9ver Coronel (min. 57, C\u00e9sar Mi\u00f1o), \u00c1ngel Aguayo, Rodrigo Villalba; Paulo Riveros y David Fern\u00e1ndez.<\/p>\n<p><strong>Seleccionador: Aldo Bobadilla.<\/strong><\/p>\n<p>Goles: 1-0, min. 70: David Mart\u00ednez. 2-0, min. 85: Mayken Gonz\u00e1lez.<\/p>\n<p><strong>\u00c1rbitro:<\/strong> el brasile\u00f1o Savio Sampaio amonest\u00f3 a Seguera (min. 12), Gonz\u00e1lez (min. 20), Mora (min. 36), G\u00f3mez (min. 46), Sosa (min. 83), adem\u00e1s de al asistente de Venezuela Marco Capetillo (min. 45).<\/p>\n<p><strong>Incidencias:<\/strong> partido de la cuarta jornada del hexagonal final del Campeonato Sudamericano Sub-17, disputado en el estadio Rodrigo Paz Delgado, de Quito.<\/p>\n<p><strong>Redacci\u00f3n ND58 | Fuente: EFE<\/strong><br \/>\n<strong>Edici\u00f3n: Villasmil, Henry<\/strong><br \/>\n<strong>Gr\u00e1fica: EFE<\/strong><\/p>\n<p>&nbsp;<\/p>\n<p>&nbsp;<\/p><div class=\"inqtd69f467314c5aa\" ><p style=\"text-align: center;\"><a href=\"https:\/\/t.me\/noticiasdigital58\" target=\"_blank\" rel=\"noopener\"><img class=\"aligncenter size-full wp-image-125363\" src=\"https:\/\/digital58.com.ve\/site\/wp-content\/uploads\/2021\/04\/banner-telegram-web-2021.png\" alt=\"\" width=\"600\" height=\"90\" \/><\/a><\/p><\/div><style type=\"text\/css\">\r\n@media screen and (min-width: 1201px) {\r\n.inqtd69f467314c5aa {\r\ndisplay: block;\r\n}\r\n}\r\n@media screen and (min-width: 993px) and (max-width: 1200px) {\r\n.inqtd69f467314c5aa {\r\ndisplay: block;\r\n}\r\n}\r\n@media screen and (min-width: 769px) and (max-width: 992px) {\r\n.inqtd69f467314c5aa {\r\ndisplay: block;\r\n}\r\n}\r\n@media screen and (min-width: 768px) and (max-width: 768px) {\r\n.inqtd69f467314c5aa {\r\ndisplay: block;\r\n}\r\n}\r\n@media screen and (max-width: 767px) {\r\n.inqtd69f467314c5aa {\r\ndisplay: block;\r\n}\r\n}\r\n<\/style>\r\n\n<p>&nbsp;<\/p>\n<div style=\"margin-top: 0px; margin-bottom: 0px;\" class=\"sharethis-inline-share-buttons\" ><\/div>","protected":false},"excerpt":{"rendered":"<p>El triunfo le permiti\u00f3 a la Vinotinto alcanzar seis puntos en el hexagonal final que se disputa en Quito y<\/p>\n","protected":false},"author":1,"featured_media":165096,"comment_status":"open","ping_status":"closed","sticky":false,"template":"","format":"standard","meta":{"colormag_page_container_layout":"default_layout","colormag_page_sidebar_layout":"default_layout","_uag_custom_page_level_css":"","footnotes":""},"categories":[5402],"tags":[31133,13,222,25,8,31134,99,29337,6613,32,12115],"class_list":["post-165095","post","type-post","status-publish","format-standard","has-post-thumbnail","hentry","category-deportes","tag-david-martinez","tag-futbol","tag-futbol-juvenil","tag-fvf","tag-internacionales","tag-mayken-gonzalez","tag-paraguay","tag-seleccion-de-futbol-nacional","tag-sudamericano-sub-17","tag-venezuela","tag-vinotinto-sub-17"],"yoast_head":"<!-- This site is optimized with the Yoast SEO plugin v27.5 - https:\/\/yoast.com\/product\/yoast-seo-wordpress\/ -->\n<title>#SudSub17 | Venezuela se clasifica por segunda vez a un Mundial<\/title>\n<meta name=\"robots\" content=\"index, follow, max-snippet:-1, max-image-preview:large, max-video-preview:-1\" \/>\n<link rel=\"canonical\" href=\"https:\/\/digital58.com.ve\/site\/2023\/04\/21\/sudsub17-venezuela-se-clasifica-por-segunda-vez-a-un-mundial\/\" \/>\n<meta property=\"og:locale\" content=\"es_ES\" \/>\n<meta property=\"og:type\" content=\"article\" \/>\n<meta property=\"og:title\" content=\"#SudSub17 | Venezuela se clasifica por segunda vez a un Mundial\" \/>\n<meta property=\"og:url\" content=\"https:\/\/digital58.com.ve\/site\/2023\/04\/21\/sudsub17-venezuela-se-clasifica-por-segunda-vez-a-un-mundial\/\" \/>\n<meta property=\"og:site_name\" content=\"Noticias Digital58\" \/>\n<meta property=\"article:published_time\" content=\"2023-04-21T16:46:19+00:00\" \/>\n<meta property=\"article:modified_time\" content=\"2023-04-21T16:47:13+00:00\" \/>\n<meta property=\"og:image\" content=\"https:\/\/i0.wp.com\/digital58.com.ve\/site\/wp-content\/uploads\/2023\/04\/8db9d680c1e848d01898e92f4b8fe074555e37aaminiw.jpg?fit=900%2C569&ssl=1\" \/>\n\t<meta property=\"og:image:width\" content=\"900\" \/>\n\t<meta property=\"og:image:height\" content=\"569\" \/>\n\t<meta property=\"og:image:type\" content=\"image\/jpeg\" \/>\n<meta name=\"author\" content=\"Villasmil Henry\" \/>\n<meta name=\"twitter:card\" content=\"summary_large_image\" \/>\n<meta name=\"twitter:creator\" content=\"@https:\/\/twitter.com\/villasmilhfoto\" \/>\n<meta name=\"twitter:site\" content=\"@villasmilhfoto\" \/>\n<meta name=\"twitter:label1\" content=\"Escrito por\" \/>\n\t<meta name=\"twitter:data1\" content=\"Villasmil Henry\" \/>\n\t<meta name=\"twitter:label2\" content=\"Tiempo estimado de lectura\" \/>\n\t<meta name=\"twitter:data2\" content=\"3 minutos\" \/>\n<script type=\"application\/ld+json\" class=\"yoast-schema-graph\">{\"@context\":\"https:\\\/\\\/schema.org\",\"@graph\":[{\"@type\":\"Article\",\"@id\":\"https:\\\/\\\/digital58.com.ve\\\/site\\\/2023\\\/04\\\/21\\\/sudsub17-venezuela-se-clasifica-por-segunda-vez-a-un-mundial\\\/#article\",\"isPartOf\":{\"@id\":\"https:\\\/\\\/digital58.com.ve\\\/site\\\/2023\\\/04\\\/21\\\/sudsub17-venezuela-se-clasifica-por-segunda-vez-a-un-mundial\\\/\"},\"author\":{\"name\":\"Villasmil Henry\",\"@id\":\"https:\\\/\\\/digital58.com.ve\\\/site\\\/#\\\/schema\\\/person\\\/64d1c2e4d0d4fd1b849980c4331c2951\"},\"headline\":\"#SudSub17 | Venezuela se clasifica por segunda vez a un Mundial\",\"datePublished\":\"2023-04-21T16:46:19+00:00\",\"dateModified\":\"2023-04-21T16:47:13+00:00\",\"mainEntityOfPage\":{\"@id\":\"https:\\\/\\\/digital58.com.ve\\\/site\\\/2023\\\/04\\\/21\\\/sudsub17-venezuela-se-clasifica-por-segunda-vez-a-un-mundial\\\/\"},\"wordCount\":636,\"commentCount\":0,\"publisher\":{\"@id\":\"https:\\\/\\\/digital58.com.ve\\\/site\\\/#\\\/schema\\\/person\\\/64d1c2e4d0d4fd1b849980c4331c2951\"},\"image\":{\"@id\":\"https:\\\/\\\/digital58.com.ve\\\/site\\\/2023\\\/04\\\/21\\\/sudsub17-venezuela-se-clasifica-por-segunda-vez-a-un-mundial\\\/#primaryimage\"},\"thumbnailUrl\":\"https:\\\/\\\/digital58.com.ve\\\/site\\\/wp-content\\\/uploads\\\/2023\\\/04\\\/8db9d680c1e848d01898e92f4b8fe074555e37aaminiw.jpg\",\"keywords\":[\"David Mart\u00ednez\",\"F\u00fatbol\",\"F\u00fatbol Juvenil\",\"FVF\",\"Internacionales\",\"Mayken Gonz\u00e1lez\",\"Paraguay\",\"Selecci\u00f3n de f\u00fatbol nacional\",\"Sudamericano Sub-17\",\"Venezuela\",\"Vinotinto Sub-17\"],\"articleSection\":[\"Deportes\"],\"inLanguage\":\"es\",\"potentialAction\":[{\"@type\":\"CommentAction\",\"name\":\"Comment\",\"target\":[\"https:\\\/\\\/digital58.com.ve\\\/site\\\/2023\\\/04\\\/21\\\/sudsub17-venezuela-se-clasifica-por-segunda-vez-a-un-mundial\\\/#respond\"]}]},{\"@type\":\"WebPage\",\"@id\":\"https:\\\/\\\/digital58.com.ve\\\/site\\\/2023\\\/04\\\/21\\\/sudsub17-venezuela-se-clasifica-por-segunda-vez-a-un-mundial\\\/\",\"url\":\"https:\\\/\\\/digital58.com.ve\\\/site\\\/2023\\\/04\\\/21\\\/sudsub17-venezuela-se-clasifica-por-segunda-vez-a-un-mundial\\\/\",\"name\":\"#SudSub17 | Venezuela se clasifica por segunda vez a un Mundial\",\"isPartOf\":{\"@id\":\"https:\\\/\\\/digital58.com.ve\\\/site\\\/#website\"},\"primaryImageOfPage\":{\"@id\":\"https:\\\/\\\/digital58.com.ve\\\/site\\\/2023\\\/04\\\/21\\\/sudsub17-venezuela-se-clasifica-por-segunda-vez-a-un-mundial\\\/#primaryimage\"},\"image\":{\"@id\":\"https:\\\/\\\/digital58.com.ve\\\/site\\\/2023\\\/04\\\/21\\\/sudsub17-venezuela-se-clasifica-por-segunda-vez-a-un-mundial\\\/#primaryimage\"},\"thumbnailUrl\":\"https:\\\/\\\/digital58.com.ve\\\/site\\\/wp-content\\\/uploads\\\/2023\\\/04\\\/8db9d680c1e848d01898e92f4b8fe074555e37aaminiw.jpg\",\"datePublished\":\"2023-04-21T16:46:19+00:00\",\"dateModified\":\"2023-04-21T16:47:13+00:00\",\"breadcrumb\":{\"@id\":\"https:\\\/\\\/digital58.com.ve\\\/site\\\/2023\\\/04\\\/21\\\/sudsub17-venezuela-se-clasifica-por-segunda-vez-a-un-mundial\\\/#breadcrumb\"},\"inLanguage\":\"es\",\"potentialAction\":[{\"@type\":\"ReadAction\",\"target\":[\"https:\\\/\\\/digital58.com.ve\\\/site\\\/2023\\\/04\\\/21\\\/sudsub17-venezuela-se-clasifica-por-segunda-vez-a-un-mundial\\\/\"]}]},{\"@type\":\"ImageObject\",\"inLanguage\":\"es\",\"@id\":\"https:\\\/\\\/digital58.com.ve\\\/site\\\/2023\\\/04\\\/21\\\/sudsub17-venezuela-se-clasifica-por-segunda-vez-a-un-mundial\\\/#primaryimage\",\"url\":\"https:\\\/\\\/digital58.com.ve\\\/site\\\/wp-content\\\/uploads\\\/2023\\\/04\\\/8db9d680c1e848d01898e92f4b8fe074555e37aaminiw.jpg\",\"contentUrl\":\"https:\\\/\\\/digital58.com.ve\\\/site\\\/wp-content\\\/uploads\\\/2023\\\/04\\\/8db9d680c1e848d01898e92f4b8fe074555e37aaminiw.jpg\",\"width\":900,\"height\":569},{\"@type\":\"BreadcrumbList\",\"@id\":\"https:\\\/\\\/digital58.com.ve\\\/site\\\/2023\\\/04\\\/21\\\/sudsub17-venezuela-se-clasifica-por-segunda-vez-a-un-mundial\\\/#breadcrumb\",\"itemListElement\":[{\"@type\":\"ListItem\",\"position\":1,\"name\":\"Home\",\"item\":\"https:\\\/\\\/digital58.com.ve\\\/site\\\/\"},{\"@type\":\"ListItem\",\"position\":2,\"name\":\"#SudSub17 | Venezuela se clasifica por segunda vez a un Mundial\"}]},{\"@type\":\"WebSite\",\"@id\":\"https:\\\/\\\/digital58.com.ve\\\/site\\\/#website\",\"url\":\"https:\\\/\\\/digital58.com.ve\\\/site\\\/\",\"name\":\"Noticias Digital58\",\"description\":\"Portal de Noticias \u00a1Periodismo web de verdad! Lanzamiento web 22.11.2005 \\\/ Maracaibo, Venezuela\",\"publisher\":{\"@id\":\"https:\\\/\\\/digital58.com.ve\\\/site\\\/#\\\/schema\\\/person\\\/64d1c2e4d0d4fd1b849980c4331c2951\"},\"alternateName\":\"ND58\",\"potentialAction\":[{\"@type\":\"SearchAction\",\"target\":{\"@type\":\"EntryPoint\",\"urlTemplate\":\"https:\\\/\\\/digital58.com.ve\\\/site\\\/?s={search_term_string}\"},\"query-input\":{\"@type\":\"PropertyValueSpecification\",\"valueRequired\":true,\"valueName\":\"search_term_string\"}}],\"inLanguage\":\"es\"},{\"@type\":[\"Person\",\"Organization\"],\"@id\":\"https:\\\/\\\/digital58.com.ve\\\/site\\\/#\\\/schema\\\/person\\\/64d1c2e4d0d4fd1b849980c4331c2951\",\"name\":\"Villasmil Henry\",\"image\":{\"@type\":\"ImageObject\",\"inLanguage\":\"es\",\"@id\":\"https:\\\/\\\/secure.gravatar.com\\\/avatar\\\/bb0c4a2fcb7970138239f7e404ea75757b1b507b28b5ce4c53fbd62d797c5a7c?s=96&d=mm&r=g\",\"url\":\"https:\\\/\\\/secure.gravatar.com\\\/avatar\\\/bb0c4a2fcb7970138239f7e404ea75757b1b507b28b5ce4c53fbd62d797c5a7c?s=96&d=mm&r=g\",\"contentUrl\":\"https:\\\/\\\/secure.gravatar.com\\\/avatar\\\/bb0c4a2fcb7970138239f7e404ea75757b1b507b28b5ce4c53fbd62d797c5a7c?s=96&d=mm&r=g\",\"caption\":\"Villasmil Henry\"},\"logo\":{\"@id\":\"https:\\\/\\\/secure.gravatar.com\\\/avatar\\\/bb0c4a2fcb7970138239f7e404ea75757b1b507b28b5ce4c53fbd62d797c5a7c?s=96&d=mm&r=g\"},\"sameAs\":[\"http:\\\/\\\/www.henryvillasmil.com.ve\",\"https:\\\/\\\/www.instagram.com\\\/villasmilhfoto\\\/\",\"https:\\\/\\\/x.com\\\/https:\\\/\\\/twitter.com\\\/villasmilhfoto\"],\"url\":\"https:\\\/\\\/digital58.com.ve\\\/site\\\/author\\\/droopy_68\\\/\"}]}<\/script>\n<!-- \/ Yoast SEO plugin. -->","yoast_head_json":{"title":"#SudSub17 | Venezuela se clasifica por segunda vez a un Mundial","robots":{"index":"index","follow":"follow","max-snippet":"max-snippet:-1","max-image-preview":"max-image-preview:large","max-video-preview":"max-video-preview:-1"},"canonical":"https:\/\/digital58.com.ve\/site\/2023\/04\/21\/sudsub17-venezuela-se-clasifica-por-segunda-vez-a-un-mundial\/","og_locale":"es_ES","og_type":"article","og_title":"#SudSub17 | Venezuela se clasifica por segunda vez a un Mundial","og_url":"https:\/\/digital58.com.ve\/site\/2023\/04\/21\/sudsub17-venezuela-se-clasifica-por-segunda-vez-a-un-mundial\/","og_site_name":"Noticias Digital58","article_published_time":"2023-04-21T16:46:19+00:00","article_modified_time":"2023-04-21T16:47:13+00:00","og_image":[{"width":900,"height":569,"url":"https:\/\/i0.wp.com\/digital58.com.ve\/site\/wp-content\/uploads\/2023\/04\/8db9d680c1e848d01898e92f4b8fe074555e37aaminiw.jpg?fit=900%2C569&ssl=1","type":"image\/jpeg"}],"author":"Villasmil Henry","twitter_card":"summary_large_image","twitter_creator":"@https:\/\/twitter.com\/villasmilhfoto","twitter_site":"@villasmilhfoto","twitter_misc":{"Escrito por":"Villasmil Henry","Tiempo estimado de lectura":"3 minutos"},"schema":{"@context":"https:\/\/schema.org","@graph":[{"@type":"Article","@id":"https:\/\/digital58.com.ve\/site\/2023\/04\/21\/sudsub17-venezuela-se-clasifica-por-segunda-vez-a-un-mundial\/#article","isPartOf":{"@id":"https:\/\/digital58.com.ve\/site\/2023\/04\/21\/sudsub17-venezuela-se-clasifica-por-segunda-vez-a-un-mundial\/"},"author":{"name":"Villasmil Henry","@id":"https:\/\/digital58.com.ve\/site\/#\/schema\/person\/64d1c2e4d0d4fd1b849980c4331c2951"},"headline":"#SudSub17 | Venezuela se clasifica por segunda vez a un Mundial","datePublished":"2023-04-21T16:46:19+00:00","dateModified":"2023-04-21T16:47:13+00:00","mainEntityOfPage":{"@id":"https:\/\/digital58.com.ve\/site\/2023\/04\/21\/sudsub17-venezuela-se-clasifica-por-segunda-vez-a-un-mundial\/"},"wordCount":636,"commentCount":0,"publisher":{"@id":"https:\/\/digital58.com.ve\/site\/#\/schema\/person\/64d1c2e4d0d4fd1b849980c4331c2951"},"image":{"@id":"https:\/\/digital58.com.ve\/site\/2023\/04\/21\/sudsub17-venezuela-se-clasifica-por-segunda-vez-a-un-mundial\/#primaryimage"},"thumbnailUrl":"https:\/\/digital58.com.ve\/site\/wp-content\/uploads\/2023\/04\/8db9d680c1e848d01898e92f4b8fe074555e37aaminiw.jpg","keywords":["David Mart\u00ednez","F\u00fatbol","F\u00fatbol Juvenil","FVF","Internacionales","Mayken Gonz\u00e1lez","Paraguay","Selecci\u00f3n de f\u00fatbol nacional","Sudamericano Sub-17","Venezuela","Vinotinto Sub-17"],"articleSection":["Deportes"],"inLanguage":"es","potentialAction":[{"@type":"CommentAction","name":"Comment","target":["https:\/\/digital58.com.ve\/site\/2023\/04\/21\/sudsub17-venezuela-se-clasifica-por-segunda-vez-a-un-mundial\/#respond"]}]},{"@type":"WebPage","@id":"https:\/\/digital58.com.ve\/site\/2023\/04\/21\/sudsub17-venezuela-se-clasifica-por-segunda-vez-a-un-mundial\/","url":"https:\/\/digital58.com.ve\/site\/2023\/04\/21\/sudsub17-venezuela-se-clasifica-por-segunda-vez-a-un-mundial\/","name":"#SudSub17 | Venezuela se clasifica por segunda vez a un Mundial","isPartOf":{"@id":"https:\/\/digital58.com.ve\/site\/#website"},"primaryImageOfPage":{"@id":"https:\/\/digital58.com.ve\/site\/2023\/04\/21\/sudsub17-venezuela-se-clasifica-por-segunda-vez-a-un-mundial\/#primaryimage"},"image":{"@id":"https:\/\/digital58.com.ve\/site\/2023\/04\/21\/sudsub17-venezuela-se-clasifica-por-segunda-vez-a-un-mundial\/#primaryimage"},"thumbnailUrl":"https:\/\/digital58.com.ve\/site\/wp-content\/uploads\/2023\/04\/8db9d680c1e848d01898e92f4b8fe074555e37aaminiw.jpg","datePublished":"2023-04-21T16:46:19+00:00","dateModified":"2023-04-21T16:47:13+00:00","breadcrumb":{"@id":"https:\/\/digital58.com.ve\/site\/2023\/04\/21\/sudsub17-venezuela-se-clasifica-por-segunda-vez-a-un-mundial\/#breadcrumb"},"inLanguage":"es","potentialAction":[{"@type":"ReadAction","target":["https:\/\/digital58.com.ve\/site\/2023\/04\/21\/sudsub17-venezuela-se-clasifica-por-segunda-vez-a-un-mundial\/"]}]},{"@type":"ImageObject","inLanguage":"es","@id":"https:\/\/digital58.com.ve\/site\/2023\/04\/21\/sudsub17-venezuela-se-clasifica-por-segunda-vez-a-un-mundial\/#primaryimage","url":"https:\/\/digital58.com.ve\/site\/wp-content\/uploads\/2023\/04\/8db9d680c1e848d01898e92f4b8fe074555e37aaminiw.jpg","contentUrl":"https:\/\/digital58.com.ve\/site\/wp-content\/uploads\/2023\/04\/8db9d680c1e848d01898e92f4b8fe074555e37aaminiw.jpg","width":900,"height":569},{"@type":"BreadcrumbList","@id":"https:\/\/digital58.com.ve\/site\/2023\/04\/21\/sudsub17-venezuela-se-clasifica-por-segunda-vez-a-un-mundial\/#breadcrumb","itemListElement":[{"@type":"ListItem","position":1,"name":"Home","item":"https:\/\/digital58.com.ve\/site\/"},{"@type":"ListItem","position":2,"name":"#SudSub17 | Venezuela se clasifica por segunda vez a un Mundial"}]},{"@type":"WebSite","@id":"https:\/\/digital58.com.ve\/site\/#website","url":"https:\/\/digital58.com.ve\/site\/","name":"Noticias Digital58","description":"Portal de Noticias \u00a1Periodismo web de verdad! Lanzamiento web 22.11.2005 \/ Maracaibo, Venezuela","publisher":{"@id":"https:\/\/digital58.com.ve\/site\/#\/schema\/person\/64d1c2e4d0d4fd1b849980c4331c2951"},"alternateName":"ND58","potentialAction":[{"@type":"SearchAction","target":{"@type":"EntryPoint","urlTemplate":"https:\/\/digital58.com.ve\/site\/?s={search_term_string}"},"query-input":{"@type":"PropertyValueSpecification","valueRequired":true,"valueName":"search_term_string"}}],"inLanguage":"es"},{"@type":["Person","Organization"],"@id":"https:\/\/digital58.com.ve\/site\/#\/schema\/person\/64d1c2e4d0d4fd1b849980c4331c2951","name":"Villasmil Henry","image":{"@type":"ImageObject","inLanguage":"es","@id":"https:\/\/secure.gravatar.com\/avatar\/bb0c4a2fcb7970138239f7e404ea75757b1b507b28b5ce4c53fbd62d797c5a7c?s=96&d=mm&r=g","url":"https:\/\/secure.gravatar.com\/avatar\/bb0c4a2fcb7970138239f7e404ea75757b1b507b28b5ce4c53fbd62d797c5a7c?s=96&d=mm&r=g","contentUrl":"https:\/\/secure.gravatar.com\/avatar\/bb0c4a2fcb7970138239f7e404ea75757b1b507b28b5ce4c53fbd62d797c5a7c?s=96&d=mm&r=g","caption":"Villasmil Henry"},"logo":{"@id":"https:\/\/secure.gravatar.com\/avatar\/bb0c4a2fcb7970138239f7e404ea75757b1b507b28b5ce4c53fbd62d797c5a7c?s=96&d=mm&r=g"},"sameAs":["http:\/\/www.henryvillasmil.com.ve","https:\/\/www.instagram.com\/villasmilhfoto\/","https:\/\/x.com\/https:\/\/twitter.com\/villasmilhfoto"],"url":"https:\/\/digital58.com.ve\/site\/author\/droopy_68\/"}]}},"uagb_featured_image_src":{"full":["https:\/\/digital58.com.ve\/site\/wp-content\/uploads\/2023\/04\/8db9d680c1e848d01898e92f4b8fe074555e37aaminiw.jpg",900,569,false],"thumbnail":["https:\/\/digital58.com.ve\/site\/wp-content\/uploads\/2023\/04\/8db9d680c1e848d01898e92f4b8fe074555e37aaminiw-150x150.jpg",150,150,true],"medium":["https:\/\/digital58.com.ve\/site\/wp-content\/uploads\/2023\/04\/8db9d680c1e848d01898e92f4b8fe074555e37aaminiw-300x190.jpg",300,190,true],"medium_large":["https:\/\/digital58.com.ve\/site\/wp-content\/uploads\/2023\/04\/8db9d680c1e848d01898e92f4b8fe074555e37aaminiw-768x486.jpg",768,486,true],"large":["https:\/\/digital58.com.ve\/site\/wp-content\/uploads\/2023\/04\/8db9d680c1e848d01898e92f4b8fe074555e37aaminiw.jpg",800,506,false],"1536x1536":["https:\/\/digital58.com.ve\/site\/wp-content\/uploads\/2023\/04\/8db9d680c1e848d01898e92f4b8fe074555e37aaminiw.jpg",900,569,false],"2048x2048":["https:\/\/digital58.com.ve\/site\/wp-content\/uploads\/2023\/04\/8db9d680c1e848d01898e92f4b8fe074555e37aaminiw.jpg",900,569,false],"colormag-highlighted-post":["https:\/\/digital58.com.ve\/site\/wp-content\/uploads\/2023\/04\/8db9d680c1e848d01898e92f4b8fe074555e37aaminiw-392x272.jpg",392,272,true],"colormag-featured-post-medium":["https:\/\/digital58.com.ve\/site\/wp-content\/uploads\/2023\/04\/8db9d680c1e848d01898e92f4b8fe074555e37aaminiw-390x205.jpg",390,205,true],"colormag-featured-post-small":["https:\/\/digital58.com.ve\/site\/wp-content\/uploads\/2023\/04\/8db9d680c1e848d01898e92f4b8fe074555e37aaminiw-130x90.jpg",130,90,true],"colormag-featured-image":["https:\/\/digital58.com.ve\/site\/wp-content\/uploads\/2023\/04\/8db9d680c1e848d01898e92f4b8fe074555e37aaminiw-800x445.jpg",800,445,true],"colormag-default-news":["https:\/\/digital58.com.ve\/site\/wp-content\/uploads\/2023\/04\/8db9d680c1e848d01898e92f4b8fe074555e37aaminiw.jpg",150,95,false],"colormag-featured-image-large":["https:\/\/digital58.com.ve\/site\/wp-content\/uploads\/2023\/04\/8db9d680c1e848d01898e92f4b8fe074555e37aaminiw.jpg",900,569,false]},"uagb_author_info":{"display_name":"Villasmil Henry","author_link":"https:\/\/digital58.com.ve\/site\/author\/droopy_68\/"},"uagb_comment_info":0,"uagb_excerpt":"El triunfo le permiti\u00f3 a la Vinotinto alcanzar seis puntos en el hexagonal final que se disputa en Quito y","_links":{"self":[{"href":"https:\/\/digital58.com.ve\/site\/wp-json\/wp\/v2\/posts\/165095","targetHints":{"allow":["GET"]}}],"collection":[{"href":"https:\/\/digital58.com.ve\/site\/wp-json\/wp\/v2\/posts"}],"about":[{"href":"https:\/\/digital58.com.ve\/site\/wp-json\/wp\/v2\/types\/post"}],"author":[{"embeddable":true,"href":"https:\/\/digital58.com.ve\/site\/wp-json\/wp\/v2\/users\/1"}],"replies":[{"embeddable":true,"href":"https:\/\/digital58.com.ve\/site\/wp-json\/wp\/v2\/comments?post=165095"}],"version-history":[{"count":1,"href":"https:\/\/digital58.com.ve\/site\/wp-json\/wp\/v2\/posts\/165095\/revisions"}],"predecessor-version":[{"id":165097,"href":"https:\/\/digital58.com.ve\/site\/wp-json\/wp\/v2\/posts\/165095\/revisions\/165097"}],"wp:featuredmedia":[{"embeddable":true,"href":"https:\/\/digital58.com.ve\/site\/wp-json\/wp\/v2\/media\/165096"}],"wp:attachment":[{"href":"https:\/\/digital58.com.ve\/site\/wp-json\/wp\/v2\/media?parent=165095"}],"wp:term":[{"taxonomy":"category","embeddable":true,"href":"https:\/\/digital58.com.ve\/site\/wp-json\/wp\/v2\/categories?post=165095"},{"taxonomy":"post_tag","embeddable":true,"href":"https:\/\/digital58.com.ve\/site\/wp-json\/wp\/v2\/tags?post=165095"}],"curies":[{"name":"wp","href":"https:\/\/api.w.org\/{rel}","templated":true}]}}