{"id":165497,"date":"2023-05-04T19:07:26","date_gmt":"2023-05-04T23:07:26","guid":{"rendered":"https:\/\/digital58.com.ve\/site\/?p=165497"},"modified":"2023-05-04T19:09:04","modified_gmt":"2023-05-04T23:09:04","slug":"detienen-al-alcalde-ernesto-paraqueima-promocion-del-odio-contra-ninos-con-tea","status":"publish","type":"post","link":"https:\/\/digital58.com.ve\/site\/2023\/05\/04\/detienen-al-alcalde-ernesto-paraqueima-promocion-del-odio-contra-ninos-con-tea\/","title":{"rendered":"Detienen al alcalde Ernesto Paraqueima \u00abpromoci\u00f3n del odio\u00bb contra ni\u00f1os con TEA"},"content":{"rendered":"<p><img loading=\"lazy\" decoding=\"async\" class=\"size-full wp-image-165498 aligncenter\" src=\"https:\/\/digital58.com.ve\/site\/wp-content\/uploads\/2023\/05\/FvTlEgQX0AAY7B2.jpeg\" alt=\"\" width=\"574\" height=\"680\" srcset=\"https:\/\/digital58.com.ve\/site\/wp-content\/uploads\/2023\/05\/FvTlEgQX0AAY7B2.jpeg 574w, https:\/\/digital58.com.ve\/site\/wp-content\/uploads\/2023\/05\/FvTlEgQX0AAY7B2-253x300.jpeg 253w\" sizes=\"auto, (max-width: 574px) 100vw, 574px\" \/><\/p>\n<p>El fiscal general, Tarek William Saab, inform\u00f3 que fue detenido el alcalde de El Tigre Ernesto Paraqueima, por incitar al odio contra ni\u00f1os con trastorno del espectro autista\u00bb, a nuestras mujeres, adultos mayores y sectores vulnerables del pueblo\u00bb.<\/p>\n<p><strong>Caracas, DC, Venezuela, 04 de mayo de 2023 (ND58).-<\/strong> El proceso lo llev\u00f3 a cabo el Servicio Bolivariano de Inteligencia Nacional (SEBIN), minutos despu\u00e9s de culminada la rueda de prensa, en la que el fiscal inform\u00f3 sobre los pormenores del caso.<\/p>\n<p dir=\"ltr\" lang=\"es\">Amplio repudio al alcalde Paraqueima por humillar a ni\u00f1os con autismo que pintaron un mural en El Tigre &#8211; <a href=\"https:\/\/twitter.com\/monitoreamos?ref_src=twsrc%5Etfw\">@monitoreamos<\/a> <a href=\"https:\/\/t.co\/PmtqwVmCIj\">pic.twitter.com\/PmtqwVmCIj<\/a><\/p>\n<p>\u2014 Reporte Ya (@ReporteYa) <a href=\"https:\/\/twitter.com\/ReporteYa\/status\/1653918400811286528?ref_src=twsrc%5Etfw\">May 4, 2023<\/a><\/p>\n<figure id=\"attachment_165500\" aria-describedby=\"caption-attachment-165500\" style=\"width: 800px\" class=\"wp-caption aligncenter\"><img loading=\"lazy\" decoding=\"async\" class=\"wp-image-165500\" src=\"https:\/\/digital58.com.ve\/site\/wp-content\/uploads\/2023\/05\/photo_5089446305306094462_y.jpg\" alt=\"\" width=\"800\" height=\"420\" srcset=\"https:\/\/digital58.com.ve\/site\/wp-content\/uploads\/2023\/05\/photo_5089446305306094462_y.jpg 933w, https:\/\/digital58.com.ve\/site\/wp-content\/uploads\/2023\/05\/photo_5089446305306094462_y-300x158.jpg 300w, https:\/\/digital58.com.ve\/site\/wp-content\/uploads\/2023\/05\/photo_5089446305306094462_y-768x403.jpg 768w, https:\/\/digital58.com.ve\/site\/wp-content\/uploads\/2023\/05\/photo_5089446305306094462_y-390x205.jpg 390w\" sizes=\"auto, (max-width: 800px) 100vw, 800px\" \/><figcaption id=\"caption-attachment-165500\" class=\"wp-caption-text\">Mural realizado por ni\u00f1os con TEA, en El Tigre<\/figcaption><\/figure>\n<blockquote class=\"twitter-tweet\">\n<p dir=\"ltr\" lang=\"es\"><a href=\"https:\/\/twitter.com\/hashtag\/AHORA?src=hash&amp;ref_src=twsrc%5Etfw\">#AHORA<\/a>\u2026 <a href=\"https:\/\/twitter.com\/hashtag\/detenido?src=hash&amp;ref_src=twsrc%5Etfw\">#detenido<\/a> a solicitud del <a href=\"https:\/\/twitter.com\/MinpublicoVEN?ref_src=twsrc%5Etfw\">@MinpublicoVEN<\/a>: el ex alcalde de El Tigre Ernesto Paraqueima, por la comisi\u00f3n de los <a href=\"https:\/\/twitter.com\/hashtag\/delitos?src=hash&amp;ref_src=twsrc%5Etfw\">#delitos<\/a> que incitan al<a href=\"https:\/\/twitter.com\/hashtag\/odio?src=hash&amp;ref_src=twsrc%5Etfw\">#odio<\/a> a nuestros ni\u00f1<a href=\"https:\/\/twitter.com\/s?ref_src=twsrc%5Etfw\">@s<\/a> que presentan trastorno del espectro autista, a nuestras mujeres, adultos mayores y sectores vulnerables del pueblo <a href=\"https:\/\/t.co\/Vmx5r7JWHo\">pic.twitter.com\/Vmx5r7JWHo<\/a><\/p>\n<p>\u2014 Tarek William Saab (@TarekWiliamSaab) <a href=\"https:\/\/twitter.com\/TarekWiliamSaab\/status\/1654198854907056133?ref_src=twsrc%5Etfw\">May 4, 2023<\/a><\/p><\/blockquote>\n<p>Mas temprano, Saab, inform\u00f3 que el Ministerio P\u00fablico emiti\u00f3 una orden de aprehensi\u00f3n contra el alcalde de El Tigre, estado Anzo\u00e1tegui, Ernesto Paraqueima, por discriminaci\u00f3n contra las personas de espectro autista y Asperger.<\/p>\n<p>Afirm\u00f3 que el funcionario esta presuntamente incurri\u00f3 en tres delitos, entre ellos la \u00abpromoci\u00f3n del odio\u00bb. A\u00f1adi\u00f3 que la detenci\u00f3n contra Paraqueima la debe practicar el Sebin.<\/p>\n<p>\u00abNo hay un solo sector vulnerable en El Tigre que no haya sido dejado y ultrajado. La gota que derram\u00f3 el vaso fue arremeter contra ni\u00f1os con Asperger\u00bb, dijo Saab.<\/p><div class=\"fgshl69f32e0a215bb\" ><p style=\"text-align: center;\"><a href=\"https:\/\/t.me\/noticiasdigital58\" target=\"_blank\" rel=\"noopener\"><img class=\"aligncenter size-full wp-image-125363\" src=\"https:\/\/digital58.com.ve\/site\/wp-content\/uploads\/2021\/04\/banner-telegram-web-2021.png\" alt=\"\" width=\"600\" height=\"90\" \/><\/a><\/p><\/div><style type=\"text\/css\">\r\n@media screen and (min-width: 1201px) {\r\n.fgshl69f32e0a215bb {\r\ndisplay: block;\r\n}\r\n}\r\n@media screen and (min-width: 993px) and (max-width: 1200px) {\r\n.fgshl69f32e0a215bb {\r\ndisplay: block;\r\n}\r\n}\r\n@media screen and (min-width: 769px) and (max-width: 992px) {\r\n.fgshl69f32e0a215bb {\r\ndisplay: block;\r\n}\r\n}\r\n@media screen and (min-width: 768px) and (max-width: 768px) {\r\n.fgshl69f32e0a215bb {\r\ndisplay: block;\r\n}\r\n}\r\n@media screen and (max-width: 767px) {\r\n.fgshl69f32e0a215bb {\r\ndisplay: block;\r\n}\r\n}\r\n<\/style>\r\n\n<p class=\"p1\"><b>Redacci\u00f3n ND58 | Uni\u00f3n Radio<\/b><br \/>\n<b>Edici\u00f3n: \u00c1\u00f1ez, Caren\u00a0<\/b><br \/>\n<b>Gr\u00e1fica: Cortes\u00eda <\/b><\/p>\n<div style=\"margin-top: 0px; margin-bottom: 0px;\" class=\"sharethis-inline-share-buttons\" ><\/div>","protected":false},"excerpt":{"rendered":"<p>El fiscal general, Tarek William Saab, inform\u00f3 que fue detenido el alcalde de El Tigre Ernesto Paraqueima, por incitar al<\/p>\n","protected":false},"author":39,"featured_media":165499,"comment_status":"open","ping_status":"closed","sticky":false,"template":"","format":"standard","meta":{"colormag_page_container_layout":"default_layout","colormag_page_sidebar_layout":"default_layout","_uag_custom_page_level_css":"","footnotes":""},"categories":[16454],"tags":[13872,18627,31212,13914,233,31211,11063,32],"class_list":["post-165497","post","type-post","status-publish","format-standard","has-post-thumbnail","hentry","category-venezuela","tag-detenido","tag-el-tigre","tag-ernesto-parequeima","tag-ministerio-publico","tag-nacionales","tag-promocion-del-odio","tag-sebin","tag-venezuela"],"yoast_head":"<!-- This site is optimized with the Yoast SEO plugin v27.5 - https:\/\/yoast.com\/product\/yoast-seo-wordpress\/ -->\n<title>Detienen al alcalde Ernesto Paraqueima \u00abpromoci\u00f3n del odio\u00bb contra ni\u00f1os con TEA<\/title>\n<meta name=\"robots\" content=\"index, follow, max-snippet:-1, max-image-preview:large, max-video-preview:-1\" \/>\n<link rel=\"canonical\" href=\"https:\/\/digital58.com.ve\/site\/2023\/05\/04\/detienen-al-alcalde-ernesto-paraqueima-promocion-del-odio-contra-ninos-con-tea\/\" \/>\n<meta property=\"og:locale\" content=\"es_ES\" \/>\n<meta property=\"og:type\" content=\"article\" \/>\n<meta property=\"og:title\" content=\"Detienen al alcalde Ernesto Paraqueima \u00abpromoci\u00f3n del odio\u00bb contra ni\u00f1os con TEA\" \/>\n<meta property=\"og:url\" content=\"https:\/\/digital58.com.ve\/site\/2023\/05\/04\/detienen-al-alcalde-ernesto-paraqueima-promocion-del-odio-contra-ninos-con-tea\/\" \/>\n<meta property=\"og:site_name\" content=\"Noticias Digital58\" \/>\n<meta property=\"article:published_time\" content=\"2023-05-04T23:07:26+00:00\" \/>\n<meta property=\"article:modified_time\" content=\"2023-05-04T23:09:04+00:00\" \/>\n<meta property=\"og:image\" content=\"https:\/\/i0.wp.com\/digital58.com.ve\/site\/wp-content\/uploads\/2023\/05\/Captura-de-Pantalla-2023-05-04-a-las-6.59.36-p.-m.png?fit=847%2C507&ssl=1\" \/>\n\t<meta property=\"og:image:width\" content=\"847\" \/>\n\t<meta property=\"og:image:height\" content=\"507\" \/>\n\t<meta property=\"og:image:type\" content=\"image\/png\" \/>\n<meta name=\"author\" content=\"Caren A\u00f1ez\" \/>\n<meta name=\"twitter:card\" content=\"summary_large_image\" \/>\n<meta name=\"twitter:creator\" content=\"@carenanez\" \/>\n<meta name=\"twitter:site\" content=\"@villasmilhfoto\" \/>\n<meta name=\"twitter:label1\" content=\"Escrito por\" \/>\n\t<meta name=\"twitter:data1\" content=\"Caren A\u00f1ez\" \/>\n\t<meta name=\"twitter:label2\" content=\"Tiempo estimado de lectura\" \/>\n\t<meta name=\"twitter:data2\" content=\"1 minuto\" \/>\n<script type=\"application\/ld+json\" class=\"yoast-schema-graph\">{\"@context\":\"https:\\\/\\\/schema.org\",\"@graph\":[{\"@type\":\"Article\",\"@id\":\"https:\\\/\\\/digital58.com.ve\\\/site\\\/2023\\\/05\\\/04\\\/detienen-al-alcalde-ernesto-paraqueima-promocion-del-odio-contra-ninos-con-tea\\\/#article\",\"isPartOf\":{\"@id\":\"https:\\\/\\\/digital58.com.ve\\\/site\\\/2023\\\/05\\\/04\\\/detienen-al-alcalde-ernesto-paraqueima-promocion-del-odio-contra-ninos-con-tea\\\/\"},\"author\":{\"name\":\"Caren A\u00f1ez\",\"@id\":\"https:\\\/\\\/digital58.com.ve\\\/site\\\/#\\\/schema\\\/person\\\/38596b127602deaa13fbcd7585635238\"},\"headline\":\"Detienen al alcalde Ernesto Paraqueima \u00abpromoci\u00f3n del odio\u00bb contra ni\u00f1os con TEA\",\"datePublished\":\"2023-05-04T23:07:26+00:00\",\"dateModified\":\"2023-05-04T23:09:04+00:00\",\"mainEntityOfPage\":{\"@id\":\"https:\\\/\\\/digital58.com.ve\\\/site\\\/2023\\\/05\\\/04\\\/detienen-al-alcalde-ernesto-paraqueima-promocion-del-odio-contra-ninos-con-tea\\\/\"},\"wordCount\":308,\"commentCount\":0,\"publisher\":{\"@id\":\"https:\\\/\\\/digital58.com.ve\\\/site\\\/#\\\/schema\\\/person\\\/64d1c2e4d0d4fd1b849980c4331c2951\"},\"image\":{\"@id\":\"https:\\\/\\\/digital58.com.ve\\\/site\\\/2023\\\/05\\\/04\\\/detienen-al-alcalde-ernesto-paraqueima-promocion-del-odio-contra-ninos-con-tea\\\/#primaryimage\"},\"thumbnailUrl\":\"https:\\\/\\\/digital58.com.ve\\\/site\\\/wp-content\\\/uploads\\\/2023\\\/05\\\/Captura-de-Pantalla-2023-05-04-a-las-6.59.36-p.-m.png\",\"keywords\":[\"Detenido\",\"El Tigre\",\"Ernesto Parequeima\",\"Ministerio P\u00fablico\",\"Nacionales\",\"promoci\u00f3n del odio\",\"Sebin\",\"Venezuela\"],\"articleSection\":[\"Venezuela\"],\"inLanguage\":\"es\",\"potentialAction\":[{\"@type\":\"CommentAction\",\"name\":\"Comment\",\"target\":[\"https:\\\/\\\/digital58.com.ve\\\/site\\\/2023\\\/05\\\/04\\\/detienen-al-alcalde-ernesto-paraqueima-promocion-del-odio-contra-ninos-con-tea\\\/#respond\"]}]},{\"@type\":\"WebPage\",\"@id\":\"https:\\\/\\\/digital58.com.ve\\\/site\\\/2023\\\/05\\\/04\\\/detienen-al-alcalde-ernesto-paraqueima-promocion-del-odio-contra-ninos-con-tea\\\/\",\"url\":\"https:\\\/\\\/digital58.com.ve\\\/site\\\/2023\\\/05\\\/04\\\/detienen-al-alcalde-ernesto-paraqueima-promocion-del-odio-contra-ninos-con-tea\\\/\",\"name\":\"Detienen al alcalde Ernesto Paraqueima \u00abpromoci\u00f3n del odio\u00bb contra ni\u00f1os con TEA\",\"isPartOf\":{\"@id\":\"https:\\\/\\\/digital58.com.ve\\\/site\\\/#website\"},\"primaryImageOfPage\":{\"@id\":\"https:\\\/\\\/digital58.com.ve\\\/site\\\/2023\\\/05\\\/04\\\/detienen-al-alcalde-ernesto-paraqueima-promocion-del-odio-contra-ninos-con-tea\\\/#primaryimage\"},\"image\":{\"@id\":\"https:\\\/\\\/digital58.com.ve\\\/site\\\/2023\\\/05\\\/04\\\/detienen-al-alcalde-ernesto-paraqueima-promocion-del-odio-contra-ninos-con-tea\\\/#primaryimage\"},\"thumbnailUrl\":\"https:\\\/\\\/digital58.com.ve\\\/site\\\/wp-content\\\/uploads\\\/2023\\\/05\\\/Captura-de-Pantalla-2023-05-04-a-las-6.59.36-p.-m.png\",\"datePublished\":\"2023-05-04T23:07:26+00:00\",\"dateModified\":\"2023-05-04T23:09:04+00:00\",\"breadcrumb\":{\"@id\":\"https:\\\/\\\/digital58.com.ve\\\/site\\\/2023\\\/05\\\/04\\\/detienen-al-alcalde-ernesto-paraqueima-promocion-del-odio-contra-ninos-con-tea\\\/#breadcrumb\"},\"inLanguage\":\"es\",\"potentialAction\":[{\"@type\":\"ReadAction\",\"target\":[\"https:\\\/\\\/digital58.com.ve\\\/site\\\/2023\\\/05\\\/04\\\/detienen-al-alcalde-ernesto-paraqueima-promocion-del-odio-contra-ninos-con-tea\\\/\"]}]},{\"@type\":\"ImageObject\",\"inLanguage\":\"es\",\"@id\":\"https:\\\/\\\/digital58.com.ve\\\/site\\\/2023\\\/05\\\/04\\\/detienen-al-alcalde-ernesto-paraqueima-promocion-del-odio-contra-ninos-con-tea\\\/#primaryimage\",\"url\":\"https:\\\/\\\/digital58.com.ve\\\/site\\\/wp-content\\\/uploads\\\/2023\\\/05\\\/Captura-de-Pantalla-2023-05-04-a-las-6.59.36-p.-m.png\",\"contentUrl\":\"https:\\\/\\\/digital58.com.ve\\\/site\\\/wp-content\\\/uploads\\\/2023\\\/05\\\/Captura-de-Pantalla-2023-05-04-a-las-6.59.36-p.-m.png\",\"width\":847,\"height\":507},{\"@type\":\"BreadcrumbList\",\"@id\":\"https:\\\/\\\/digital58.com.ve\\\/site\\\/2023\\\/05\\\/04\\\/detienen-al-alcalde-ernesto-paraqueima-promocion-del-odio-contra-ninos-con-tea\\\/#breadcrumb\",\"itemListElement\":[{\"@type\":\"ListItem\",\"position\":1,\"name\":\"Home\",\"item\":\"https:\\\/\\\/digital58.com.ve\\\/site\\\/\"},{\"@type\":\"ListItem\",\"position\":2,\"name\":\"Detienen al alcalde Ernesto Paraqueima \u00abpromoci\u00f3n del odio\u00bb contra ni\u00f1os con TEA\"}]},{\"@type\":\"WebSite\",\"@id\":\"https:\\\/\\\/digital58.com.ve\\\/site\\\/#website\",\"url\":\"https:\\\/\\\/digital58.com.ve\\\/site\\\/\",\"name\":\"Noticias Digital58\",\"description\":\"Portal de Noticias \u00a1Periodismo web de verdad! Lanzamiento web 22.11.2005 \\\/ Maracaibo, Venezuela\",\"publisher\":{\"@id\":\"https:\\\/\\\/digital58.com.ve\\\/site\\\/#\\\/schema\\\/person\\\/64d1c2e4d0d4fd1b849980c4331c2951\"},\"alternateName\":\"ND58\",\"potentialAction\":[{\"@type\":\"SearchAction\",\"target\":{\"@type\":\"EntryPoint\",\"urlTemplate\":\"https:\\\/\\\/digital58.com.ve\\\/site\\\/?s={search_term_string}\"},\"query-input\":{\"@type\":\"PropertyValueSpecification\",\"valueRequired\":true,\"valueName\":\"search_term_string\"}}],\"inLanguage\":\"es\"},{\"@type\":[\"Person\",\"Organization\"],\"@id\":\"https:\\\/\\\/digital58.com.ve\\\/site\\\/#\\\/schema\\\/person\\\/64d1c2e4d0d4fd1b849980c4331c2951\",\"name\":\"Villasmil Henry\",\"image\":{\"@type\":\"ImageObject\",\"inLanguage\":\"es\",\"@id\":\"https:\\\/\\\/secure.gravatar.com\\\/avatar\\\/bb0c4a2fcb7970138239f7e404ea75757b1b507b28b5ce4c53fbd62d797c5a7c?s=96&d=mm&r=g\",\"url\":\"https:\\\/\\\/secure.gravatar.com\\\/avatar\\\/bb0c4a2fcb7970138239f7e404ea75757b1b507b28b5ce4c53fbd62d797c5a7c?s=96&d=mm&r=g\",\"contentUrl\":\"https:\\\/\\\/secure.gravatar.com\\\/avatar\\\/bb0c4a2fcb7970138239f7e404ea75757b1b507b28b5ce4c53fbd62d797c5a7c?s=96&d=mm&r=g\",\"caption\":\"Villasmil Henry\"},\"logo\":{\"@id\":\"https:\\\/\\\/secure.gravatar.com\\\/avatar\\\/bb0c4a2fcb7970138239f7e404ea75757b1b507b28b5ce4c53fbd62d797c5a7c?s=96&d=mm&r=g\"},\"sameAs\":[\"http:\\\/\\\/www.henryvillasmil.com.ve\",\"https:\\\/\\\/www.instagram.com\\\/villasmilhfoto\\\/\",\"https:\\\/\\\/x.com\\\/https:\\\/\\\/twitter.com\\\/villasmilhfoto\"]},{\"@type\":\"Person\",\"@id\":\"https:\\\/\\\/digital58.com.ve\\\/site\\\/#\\\/schema\\\/person\\\/38596b127602deaa13fbcd7585635238\",\"name\":\"Caren A\u00f1ez\",\"image\":{\"@type\":\"ImageObject\",\"inLanguage\":\"es\",\"@id\":\"https:\\\/\\\/secure.gravatar.com\\\/avatar\\\/53aadd693aa414991c9ff2f2b19c39be94d2c342463b80f5402d344911bc9782?s=96&d=mm&r=g\",\"url\":\"https:\\\/\\\/secure.gravatar.com\\\/avatar\\\/53aadd693aa414991c9ff2f2b19c39be94d2c342463b80f5402d344911bc9782?s=96&d=mm&r=g\",\"contentUrl\":\"https:\\\/\\\/secure.gravatar.com\\\/avatar\\\/53aadd693aa414991c9ff2f2b19c39be94d2c342463b80f5402d344911bc9782?s=96&d=mm&r=g\",\"caption\":\"Caren A\u00f1ez\"},\"description\":\"\ud83d\udc69\u200d\ud83c\udfa4Editora en @digital_58 \ud83d\udc69\ud83c\udffb\u200d\ud83c\udfebPeriodista musical y de entretenimiento. \ud83d\udcf8Fotografa \ud83d\udc69\ud83c\udffb\u200d\ud83d\udcbbMedia Management. \ud83d\udc69\u200d\ud83d\udc67\u200d\ud83d\udc67AspieMon 24\\\/7\",\"sameAs\":[\"https:\\\/\\\/www.instagram.com\\\/carenanez\\\/\",\"https:\\\/\\\/x.com\\\/carenanez\"],\"url\":\"https:\\\/\\\/digital58.com.ve\\\/site\\\/author\\\/carena21\\\/\"}]}<\/script>\n<!-- \/ Yoast SEO plugin. -->","yoast_head_json":{"title":"Detienen al alcalde Ernesto Paraqueima \u00abpromoci\u00f3n del odio\u00bb contra ni\u00f1os con TEA","robots":{"index":"index","follow":"follow","max-snippet":"max-snippet:-1","max-image-preview":"max-image-preview:large","max-video-preview":"max-video-preview:-1"},"canonical":"https:\/\/digital58.com.ve\/site\/2023\/05\/04\/detienen-al-alcalde-ernesto-paraqueima-promocion-del-odio-contra-ninos-con-tea\/","og_locale":"es_ES","og_type":"article","og_title":"Detienen al alcalde Ernesto Paraqueima \u00abpromoci\u00f3n del odio\u00bb contra ni\u00f1os con TEA","og_url":"https:\/\/digital58.com.ve\/site\/2023\/05\/04\/detienen-al-alcalde-ernesto-paraqueima-promocion-del-odio-contra-ninos-con-tea\/","og_site_name":"Noticias Digital58","article_published_time":"2023-05-04T23:07:26+00:00","article_modified_time":"2023-05-04T23:09:04+00:00","og_image":[{"width":847,"height":507,"url":"https:\/\/i0.wp.com\/digital58.com.ve\/site\/wp-content\/uploads\/2023\/05\/Captura-de-Pantalla-2023-05-04-a-las-6.59.36-p.-m.png?fit=847%2C507&ssl=1","type":"image\/png"}],"author":"Caren A\u00f1ez","twitter_card":"summary_large_image","twitter_creator":"@carenanez","twitter_site":"@villasmilhfoto","twitter_misc":{"Escrito por":"Caren A\u00f1ez","Tiempo estimado de lectura":"1 minuto"},"schema":{"@context":"https:\/\/schema.org","@graph":[{"@type":"Article","@id":"https:\/\/digital58.com.ve\/site\/2023\/05\/04\/detienen-al-alcalde-ernesto-paraqueima-promocion-del-odio-contra-ninos-con-tea\/#article","isPartOf":{"@id":"https:\/\/digital58.com.ve\/site\/2023\/05\/04\/detienen-al-alcalde-ernesto-paraqueima-promocion-del-odio-contra-ninos-con-tea\/"},"author":{"name":"Caren A\u00f1ez","@id":"https:\/\/digital58.com.ve\/site\/#\/schema\/person\/38596b127602deaa13fbcd7585635238"},"headline":"Detienen al alcalde Ernesto Paraqueima \u00abpromoci\u00f3n del odio\u00bb contra ni\u00f1os con TEA","datePublished":"2023-05-04T23:07:26+00:00","dateModified":"2023-05-04T23:09:04+00:00","mainEntityOfPage":{"@id":"https:\/\/digital58.com.ve\/site\/2023\/05\/04\/detienen-al-alcalde-ernesto-paraqueima-promocion-del-odio-contra-ninos-con-tea\/"},"wordCount":308,"commentCount":0,"publisher":{"@id":"https:\/\/digital58.com.ve\/site\/#\/schema\/person\/64d1c2e4d0d4fd1b849980c4331c2951"},"image":{"@id":"https:\/\/digital58.com.ve\/site\/2023\/05\/04\/detienen-al-alcalde-ernesto-paraqueima-promocion-del-odio-contra-ninos-con-tea\/#primaryimage"},"thumbnailUrl":"https:\/\/digital58.com.ve\/site\/wp-content\/uploads\/2023\/05\/Captura-de-Pantalla-2023-05-04-a-las-6.59.36-p.-m.png","keywords":["Detenido","El Tigre","Ernesto Parequeima","Ministerio P\u00fablico","Nacionales","promoci\u00f3n del odio","Sebin","Venezuela"],"articleSection":["Venezuela"],"inLanguage":"es","potentialAction":[{"@type":"CommentAction","name":"Comment","target":["https:\/\/digital58.com.ve\/site\/2023\/05\/04\/detienen-al-alcalde-ernesto-paraqueima-promocion-del-odio-contra-ninos-con-tea\/#respond"]}]},{"@type":"WebPage","@id":"https:\/\/digital58.com.ve\/site\/2023\/05\/04\/detienen-al-alcalde-ernesto-paraqueima-promocion-del-odio-contra-ninos-con-tea\/","url":"https:\/\/digital58.com.ve\/site\/2023\/05\/04\/detienen-al-alcalde-ernesto-paraqueima-promocion-del-odio-contra-ninos-con-tea\/","name":"Detienen al alcalde Ernesto Paraqueima \u00abpromoci\u00f3n del odio\u00bb contra ni\u00f1os con TEA","isPartOf":{"@id":"https:\/\/digital58.com.ve\/site\/#website"},"primaryImageOfPage":{"@id":"https:\/\/digital58.com.ve\/site\/2023\/05\/04\/detienen-al-alcalde-ernesto-paraqueima-promocion-del-odio-contra-ninos-con-tea\/#primaryimage"},"image":{"@id":"https:\/\/digital58.com.ve\/site\/2023\/05\/04\/detienen-al-alcalde-ernesto-paraqueima-promocion-del-odio-contra-ninos-con-tea\/#primaryimage"},"thumbnailUrl":"https:\/\/digital58.com.ve\/site\/wp-content\/uploads\/2023\/05\/Captura-de-Pantalla-2023-05-04-a-las-6.59.36-p.-m.png","datePublished":"2023-05-04T23:07:26+00:00","dateModified":"2023-05-04T23:09:04+00:00","breadcrumb":{"@id":"https:\/\/digital58.com.ve\/site\/2023\/05\/04\/detienen-al-alcalde-ernesto-paraqueima-promocion-del-odio-contra-ninos-con-tea\/#breadcrumb"},"inLanguage":"es","potentialAction":[{"@type":"ReadAction","target":["https:\/\/digital58.com.ve\/site\/2023\/05\/04\/detienen-al-alcalde-ernesto-paraqueima-promocion-del-odio-contra-ninos-con-tea\/"]}]},{"@type":"ImageObject","inLanguage":"es","@id":"https:\/\/digital58.com.ve\/site\/2023\/05\/04\/detienen-al-alcalde-ernesto-paraqueima-promocion-del-odio-contra-ninos-con-tea\/#primaryimage","url":"https:\/\/digital58.com.ve\/site\/wp-content\/uploads\/2023\/05\/Captura-de-Pantalla-2023-05-04-a-las-6.59.36-p.-m.png","contentUrl":"https:\/\/digital58.com.ve\/site\/wp-content\/uploads\/2023\/05\/Captura-de-Pantalla-2023-05-04-a-las-6.59.36-p.-m.png","width":847,"height":507},{"@type":"BreadcrumbList","@id":"https:\/\/digital58.com.ve\/site\/2023\/05\/04\/detienen-al-alcalde-ernesto-paraqueima-promocion-del-odio-contra-ninos-con-tea\/#breadcrumb","itemListElement":[{"@type":"ListItem","position":1,"name":"Home","item":"https:\/\/digital58.com.ve\/site\/"},{"@type":"ListItem","position":2,"name":"Detienen al alcalde Ernesto Paraqueima \u00abpromoci\u00f3n del odio\u00bb contra ni\u00f1os con TEA"}]},{"@type":"WebSite","@id":"https:\/\/digital58.com.ve\/site\/#website","url":"https:\/\/digital58.com.ve\/site\/","name":"Noticias Digital58","description":"Portal de Noticias \u00a1Periodismo web de verdad! Lanzamiento web 22.11.2005 \/ Maracaibo, Venezuela","publisher":{"@id":"https:\/\/digital58.com.ve\/site\/#\/schema\/person\/64d1c2e4d0d4fd1b849980c4331c2951"},"alternateName":"ND58","potentialAction":[{"@type":"SearchAction","target":{"@type":"EntryPoint","urlTemplate":"https:\/\/digital58.com.ve\/site\/?s={search_term_string}"},"query-input":{"@type":"PropertyValueSpecification","valueRequired":true,"valueName":"search_term_string"}}],"inLanguage":"es"},{"@type":["Person","Organization"],"@id":"https:\/\/digital58.com.ve\/site\/#\/schema\/person\/64d1c2e4d0d4fd1b849980c4331c2951","name":"Villasmil Henry","image":{"@type":"ImageObject","inLanguage":"es","@id":"https:\/\/secure.gravatar.com\/avatar\/bb0c4a2fcb7970138239f7e404ea75757b1b507b28b5ce4c53fbd62d797c5a7c?s=96&d=mm&r=g","url":"https:\/\/secure.gravatar.com\/avatar\/bb0c4a2fcb7970138239f7e404ea75757b1b507b28b5ce4c53fbd62d797c5a7c?s=96&d=mm&r=g","contentUrl":"https:\/\/secure.gravatar.com\/avatar\/bb0c4a2fcb7970138239f7e404ea75757b1b507b28b5ce4c53fbd62d797c5a7c?s=96&d=mm&r=g","caption":"Villasmil Henry"},"logo":{"@id":"https:\/\/secure.gravatar.com\/avatar\/bb0c4a2fcb7970138239f7e404ea75757b1b507b28b5ce4c53fbd62d797c5a7c?s=96&d=mm&r=g"},"sameAs":["http:\/\/www.henryvillasmil.com.ve","https:\/\/www.instagram.com\/villasmilhfoto\/","https:\/\/x.com\/https:\/\/twitter.com\/villasmilhfoto"]},{"@type":"Person","@id":"https:\/\/digital58.com.ve\/site\/#\/schema\/person\/38596b127602deaa13fbcd7585635238","name":"Caren A\u00f1ez","image":{"@type":"ImageObject","inLanguage":"es","@id":"https:\/\/secure.gravatar.com\/avatar\/53aadd693aa414991c9ff2f2b19c39be94d2c342463b80f5402d344911bc9782?s=96&d=mm&r=g","url":"https:\/\/secure.gravatar.com\/avatar\/53aadd693aa414991c9ff2f2b19c39be94d2c342463b80f5402d344911bc9782?s=96&d=mm&r=g","contentUrl":"https:\/\/secure.gravatar.com\/avatar\/53aadd693aa414991c9ff2f2b19c39be94d2c342463b80f5402d344911bc9782?s=96&d=mm&r=g","caption":"Caren A\u00f1ez"},"description":"\ud83d\udc69\u200d\ud83c\udfa4Editora en @digital_58 \ud83d\udc69\ud83c\udffb\u200d\ud83c\udfebPeriodista musical y de entretenimiento. \ud83d\udcf8Fotografa \ud83d\udc69\ud83c\udffb\u200d\ud83d\udcbbMedia Management. \ud83d\udc69\u200d\ud83d\udc67\u200d\ud83d\udc67AspieMon 24\/7","sameAs":["https:\/\/www.instagram.com\/carenanez\/","https:\/\/x.com\/carenanez"],"url":"https:\/\/digital58.com.ve\/site\/author\/carena21\/"}]}},"uagb_featured_image_src":{"full":["https:\/\/digital58.com.ve\/site\/wp-content\/uploads\/2023\/05\/Captura-de-Pantalla-2023-05-04-a-las-6.59.36-p.-m.png",847,507,false],"thumbnail":["https:\/\/digital58.com.ve\/site\/wp-content\/uploads\/2023\/05\/Captura-de-Pantalla-2023-05-04-a-las-6.59.36-p.-m-150x150.png",150,150,true],"medium":["https:\/\/digital58.com.ve\/site\/wp-content\/uploads\/2023\/05\/Captura-de-Pantalla-2023-05-04-a-las-6.59.36-p.-m-300x180.png",300,180,true],"medium_large":["https:\/\/digital58.com.ve\/site\/wp-content\/uploads\/2023\/05\/Captura-de-Pantalla-2023-05-04-a-las-6.59.36-p.-m-768x460.png",768,460,true],"large":["https:\/\/digital58.com.ve\/site\/wp-content\/uploads\/2023\/05\/Captura-de-Pantalla-2023-05-04-a-las-6.59.36-p.-m.png",800,479,false],"1536x1536":["https:\/\/digital58.com.ve\/site\/wp-content\/uploads\/2023\/05\/Captura-de-Pantalla-2023-05-04-a-las-6.59.36-p.-m.png",847,507,false],"2048x2048":["https:\/\/digital58.com.ve\/site\/wp-content\/uploads\/2023\/05\/Captura-de-Pantalla-2023-05-04-a-las-6.59.36-p.-m.png",847,507,false],"colormag-highlighted-post":["https:\/\/digital58.com.ve\/site\/wp-content\/uploads\/2023\/05\/Captura-de-Pantalla-2023-05-04-a-las-6.59.36-p.-m-392x272.png",392,272,true],"colormag-featured-post-medium":["https:\/\/digital58.com.ve\/site\/wp-content\/uploads\/2023\/05\/Captura-de-Pantalla-2023-05-04-a-las-6.59.36-p.-m-390x205.png",390,205,true],"colormag-featured-post-small":["https:\/\/digital58.com.ve\/site\/wp-content\/uploads\/2023\/05\/Captura-de-Pantalla-2023-05-04-a-las-6.59.36-p.-m-130x90.png",130,90,true],"colormag-featured-image":["https:\/\/digital58.com.ve\/site\/wp-content\/uploads\/2023\/05\/Captura-de-Pantalla-2023-05-04-a-las-6.59.36-p.-m-800x445.png",800,445,true],"colormag-default-news":["https:\/\/digital58.com.ve\/site\/wp-content\/uploads\/2023\/05\/Captura-de-Pantalla-2023-05-04-a-las-6.59.36-p.-m.png",150,90,false],"colormag-featured-image-large":["https:\/\/digital58.com.ve\/site\/wp-content\/uploads\/2023\/05\/Captura-de-Pantalla-2023-05-04-a-las-6.59.36-p.-m.png",847,507,false]},"uagb_author_info":{"display_name":"Caren A\u00f1ez","author_link":"https:\/\/digital58.com.ve\/site\/author\/carena21\/"},"uagb_comment_info":0,"uagb_excerpt":"El fiscal general, Tarek William Saab, inform\u00f3 que fue detenido el alcalde de El Tigre Ernesto Paraqueima, por incitar al","_links":{"self":[{"href":"https:\/\/digital58.com.ve\/site\/wp-json\/wp\/v2\/posts\/165497","targetHints":{"allow":["GET"]}}],"collection":[{"href":"https:\/\/digital58.com.ve\/site\/wp-json\/wp\/v2\/posts"}],"about":[{"href":"https:\/\/digital58.com.ve\/site\/wp-json\/wp\/v2\/types\/post"}],"author":[{"embeddable":true,"href":"https:\/\/digital58.com.ve\/site\/wp-json\/wp\/v2\/users\/39"}],"replies":[{"embeddable":true,"href":"https:\/\/digital58.com.ve\/site\/wp-json\/wp\/v2\/comments?post=165497"}],"version-history":[{"count":2,"href":"https:\/\/digital58.com.ve\/site\/wp-json\/wp\/v2\/posts\/165497\/revisions"}],"predecessor-version":[{"id":165502,"href":"https:\/\/digital58.com.ve\/site\/wp-json\/wp\/v2\/posts\/165497\/revisions\/165502"}],"wp:featuredmedia":[{"embeddable":true,"href":"https:\/\/digital58.com.ve\/site\/wp-json\/wp\/v2\/media\/165499"}],"wp:attachment":[{"href":"https:\/\/digital58.com.ve\/site\/wp-json\/wp\/v2\/media?parent=165497"}],"wp:term":[{"taxonomy":"category","embeddable":true,"href":"https:\/\/digital58.com.ve\/site\/wp-json\/wp\/v2\/categories?post=165497"},{"taxonomy":"post_tag","embeddable":true,"href":"https:\/\/digital58.com.ve\/site\/wp-json\/wp\/v2\/tags?post=165497"}],"curies":[{"name":"wp","href":"https:\/\/api.w.org\/{rel}","templated":true}]}}