{"id":165546,"date":"2023-05-06T09:56:19","date_gmt":"2023-05-06T13:56:19","guid":{"rendered":"https:\/\/digital58.com.ve\/site\/?p=165546"},"modified":"2023-05-06T09:56:19","modified_gmt":"2023-05-06T13:56:19","slug":"el-principe-harry-se-ausenta-del-balcon-del-palacio-de-buckingham","status":"publish","type":"post","link":"https:\/\/digital58.com.ve\/site\/2023\/05\/06\/el-principe-harry-se-ausenta-del-balcon-del-palacio-de-buckingham\/","title":{"rendered":"El pr\u00edncipe Harry se ausenta del balc\u00f3n del Palacio de Buckingham"},"content":{"rendered":"<p><img loading=\"lazy\" decoding=\"async\" class=\"size-large wp-image-165547 aligncenter\" src=\"https:\/\/digital58.com.ve\/site\/wp-content\/uploads\/2023\/05\/balcon-carlos-camila-1000x563.webp\" alt=\"\" width=\"800\" height=\"450\" \/><\/p>\n<p>El pr\u00edncipe Harry no apareci\u00f3 con los miembros de la familia real para saludar al p\u00fablico desde el balc\u00f3n del Palacio de Buckingham. El duque de Sussex camin\u00f3 solo por la Abad\u00eda de Westminster y, mientras William y Kate fueron protagonistas absolutos de la ceremonia, a \u00e9l no se le permiti\u00f3 asistir al tradicional saludo desde el Palacio.<\/p>\n<p><strong>Internacionales, 06 de mayo de 2023 (ND58).-<\/strong> Seg\u00fan afirma el portal CNN, ellos tienen el conocimiento de que el pr\u00edncipe Harry no recibi\u00f3 una invitaci\u00f3n para unirse a la familia para este momento.<\/p>\n<p><strong>Qui\u00e9n acompa\u00f1a al rey Carlos III en el balc\u00f3n del Palacio de Buckingham y qui\u00e9n no<\/strong><br \/>\nEl rey Carlos y la reina Camila salieron al balc\u00f3n del Palacio de Buckingham para saludar a la multitud que se agolpaba en el Mall.<\/p>\n<figure id=\"attachment_165548\" aria-describedby=\"caption-attachment-165548\" style=\"width: 800px\" class=\"wp-caption aligncenter\"><img loading=\"lazy\" decoding=\"async\" class=\"size-large wp-image-165548\" src=\"https:\/\/digital58.com.ve\/site\/wp-content\/uploads\/2023\/05\/EJXHJFFVYJEFVPTII77A7UJO5U-1000x563.jpeg\" alt=\"\" width=\"800\" height=\"450\" srcset=\"https:\/\/digital58.com.ve\/site\/wp-content\/uploads\/2023\/05\/EJXHJFFVYJEFVPTII77A7UJO5U-1000x563.jpeg 1000w, https:\/\/digital58.com.ve\/site\/wp-content\/uploads\/2023\/05\/EJXHJFFVYJEFVPTII77A7UJO5U-300x169.jpeg 300w, https:\/\/digital58.com.ve\/site\/wp-content\/uploads\/2023\/05\/EJXHJFFVYJEFVPTII77A7UJO5U-768x432.jpeg 768w, https:\/\/digital58.com.ve\/site\/wp-content\/uploads\/2023\/05\/EJXHJFFVYJEFVPTII77A7UJO5U-1536x864.jpeg 1536w, https:\/\/digital58.com.ve\/site\/wp-content\/uploads\/2023\/05\/EJXHJFFVYJEFVPTII77A7UJO5U.jpeg 1920w\" sizes=\"auto, (max-width: 800px) 100vw, 800px\" \/><figcaption id=\"caption-attachment-165548\" class=\"wp-caption-text\">Britain&#8217;s King Charles and Queen Camilla wave on the Buckingham Palace balcony following their coronation ceremony in London, Britain May 6, 2023. REUTERS\/Matthew Childs<\/figcaption><\/figure>\n<p>Tampoco ha aparecido en el balc\u00f3n el pr\u00edncipe Andr\u00e9s, hermano de Carlos III, a quien tambi\u00e9n se apart\u00f3 de la familia real por sus esc\u00e1ndalos sexuales relacionados con el empresario Jeffrey Epstein.<\/p>\n<p>Una multitud de seguidores de la realeza, que ondeaban sus banderas, les aclamaron cuando salieron del interior del Palacio, listos para ver un estilizado sobrevuelo de la Royal Air Force.<\/p>\n<p>La primera aparici\u00f3n real en un balc\u00f3n se remonta a 1851, cuando la reina Victoria salud\u00f3 a sus seguidores durante las celebraciones de la inauguraci\u00f3n de la Gran Exposici\u00f3n.<\/p>\n<figure id=\"attachment_165549\" aria-describedby=\"caption-attachment-165549\" style=\"width: 992px\" class=\"wp-caption aligncenter\"><img loading=\"lazy\" decoding=\"async\" class=\"wp-image-165549 size-full\" src=\"https:\/\/digital58.com.ve\/site\/wp-content\/uploads\/2023\/05\/PNYLZYNIAGF32X6OB3WDUCGNDI.webp\" alt=\"\" width=\"992\" height=\"614\" srcset=\"https:\/\/digital58.com.ve\/site\/wp-content\/uploads\/2023\/05\/PNYLZYNIAGF32X6OB3WDUCGNDI.webp 992w, https:\/\/digital58.com.ve\/site\/wp-content\/uploads\/2023\/05\/PNYLZYNIAGF32X6OB3WDUCGNDI-300x186.webp 300w, https:\/\/digital58.com.ve\/site\/wp-content\/uploads\/2023\/05\/PNYLZYNIAGF32X6OB3WDUCGNDI-768x475.webp 768w\" sizes=\"auto, (max-width: 992px) 100vw, 992px\" \/><figcaption id=\"caption-attachment-165549\" class=\"wp-caption-text\">Sobre las cabezas de los presentes sobrevolaron aviones y helic\u00f3pteros de las Fuerzas Armadas brit\u00e1nicas, aunque la exhibici\u00f3n a\u00e9rea debi\u00f3 ser recortada por las malas condiciones climatol\u00f3gicas.<\/figcaption><\/figure>\n<p>Desde entonces, se ha convertido en una parte emblem\u00e1tica de los actos reales, cuyas im\u00e1genes suelen aparecer en las portadas del d\u00eda siguiente.<\/p>\n<p><strong>Desde el balc\u00f3n del Palacio de Buckingham<\/strong><\/p>\n<p>Los reyes han estado acompa\u00f1ados en el balc\u00f3n por otros miembros de la realeza, como los hermanos de Carlos, el pr\u00edncipe Eduardo y su esposa Sof\u00eda, y la princesa Ana.<\/p>\n<p>Guillermo y Catalina, los pr\u00edncipes de Gales, tambi\u00e9n estuvieron presentes, junto con sus hijos Jorge, Carlota y Luis.<\/p><div class=\"hgsrb6a962ecbbf366\" ><p style=\"text-align: center;\"><a href=\"https:\/\/t.me\/noticiasdigital58\" target=\"_blank\" rel=\"noopener\"><img class=\"aligncenter size-full wp-image-125363\" src=\"https:\/\/digital58.com.ve\/site\/wp-content\/uploads\/2021\/04\/banner-telegram-web-2021.png\" alt=\"\" width=\"600\" height=\"90\" \/><\/a><\/p><\/div><style type=\"text\/css\">\r\n@media screen and (min-width: 1201px) {\r\n.hgsrb6a962ecbbf366 {\r\ndisplay: block;\r\n}\r\n}\r\n@media screen and (min-width: 993px) and (max-width: 1200px) {\r\n.hgsrb6a962ecbbf366 {\r\ndisplay: block;\r\n}\r\n}\r\n@media screen and (min-width: 769px) and (max-width: 992px) {\r\n.hgsrb6a962ecbbf366 {\r\ndisplay: block;\r\n}\r\n}\r\n@media screen and (min-width: 768px) and (max-width: 768px) {\r\n.hgsrb6a962ecbbf366 {\r\ndisplay: block;\r\n}\r\n}\r\n@media screen and (max-width: 767px) {\r\n.hgsrb6a962ecbbf366 {\r\ndisplay: block;\r\n}\r\n}\r\n<\/style>\r\n\n<p class=\"p1\"><b>Redacci\u00f3n ND58 | CNN<\/b><br \/>\n<b>Edici\u00f3n: \u00c1\u00f1ez, Caren\u00a0<\/b><br \/>\n<b>Gr\u00e1fica: Cortes\u00eda <\/b><\/p>\n<div style=\"margin-top: 0px; margin-bottom: 0px;\" class=\"sharethis-inline-share-buttons\" ><\/div>","protected":false},"excerpt":{"rendered":"<p>El pr\u00edncipe Harry no apareci\u00f3 con los miembros de la familia real para saludar al p\u00fablico desde el balc\u00f3n del<\/p>\n","protected":false},"author":39,"featured_media":165548,"comment_status":"open","ping_status":"closed","sticky":false,"template":"","format":"standard","meta":{"colormag_page_container_layout":"default_layout","colormag_page_sidebar_layout":"default_layout","_uag_custom_page_level_css":"","footnotes":""},"categories":[16451],"tags":[29143,29451,15259,8,1215,11127,31186],"class_list":["post-165546","post","type-post","status-publish","format-standard","has-post-thumbnail","hentry","category-mundo","tag-carlos-iii","tag-coronacion","tag-familia-real","tag-internacionales","tag-londres","tag-palacio-de-buckingham","tag-rey-carlos-iii"],"yoast_head":"<!-- This site is optimized with the Yoast SEO plugin v28.3 - https:\/\/yoast.com\/product\/yoast-seo-wordpress\/ -->\n<title>El pr\u00edncipe Harry se ausenta del balc\u00f3n del Palacio de Buckingham<\/title>\n<meta name=\"robots\" content=\"index, follow, max-snippet:-1, max-image-preview:large, max-video-preview:-1\" \/>\n<link rel=\"canonical\" href=\"https:\/\/digital58.com.ve\/site\/2023\/05\/06\/el-principe-harry-se-ausenta-del-balcon-del-palacio-de-buckingham\/\" \/>\n<meta property=\"og:locale\" content=\"es_ES\" \/>\n<meta property=\"og:type\" content=\"article\" \/>\n<meta property=\"og:title\" content=\"El pr\u00edncipe Harry se ausenta del balc\u00f3n del Palacio de Buckingham\" \/>\n<meta property=\"og:url\" content=\"https:\/\/digital58.com.ve\/site\/2023\/05\/06\/el-principe-harry-se-ausenta-del-balcon-del-palacio-de-buckingham\/\" \/>\n<meta property=\"og:site_name\" content=\"Noticias Digital58\" \/>\n<meta property=\"article:published_time\" content=\"2023-05-06T13:56:19+00:00\" \/>\n<meta property=\"og:image\" content=\"https:\/\/i0.wp.com\/digital58.com.ve\/site\/wp-content\/uploads\/2023\/05\/EJXHJFFVYJEFVPTII77A7UJO5U.jpeg?fit=1920%2C1080&ssl=1\" \/>\n\t<meta property=\"og:image:width\" content=\"1920\" \/>\n\t<meta property=\"og:image:height\" content=\"1080\" \/>\n\t<meta property=\"og:image:type\" content=\"image\/jpeg\" \/>\n<meta name=\"author\" content=\"Caren A\u00f1ez\" \/>\n<meta name=\"twitter:card\" content=\"summary_large_image\" \/>\n<meta name=\"twitter:creator\" content=\"@carenanez\" \/>\n<meta name=\"twitter:site\" content=\"@villasmilhfoto\" \/>\n<meta name=\"twitter:label1\" content=\"Escrito por\" \/>\n\t<meta name=\"twitter:data1\" content=\"Caren A\u00f1ez\" \/>\n\t<meta name=\"twitter:label2\" content=\"Tiempo estimado de lectura\" \/>\n\t<meta name=\"twitter:data2\" content=\"2 minutos\" \/>\n<script type=\"application\/ld+json\" class=\"yoast-schema-graph\">{\"@context\":\"https:\\\/\\\/schema.org\",\"@graph\":[{\"@type\":\"Article\",\"@id\":\"https:\\\/\\\/digital58.com.ve\\\/site\\\/2023\\\/05\\\/06\\\/el-principe-harry-se-ausenta-del-balcon-del-palacio-de-buckingham\\\/#article\",\"isPartOf\":{\"@id\":\"https:\\\/\\\/digital58.com.ve\\\/site\\\/2023\\\/05\\\/06\\\/el-principe-harry-se-ausenta-del-balcon-del-palacio-de-buckingham\\\/\"},\"author\":{\"name\":\"Caren A\u00f1ez\",\"@id\":\"https:\\\/\\\/digital58.com.ve\\\/site\\\/#\\\/schema\\\/person\\\/38596b127602deaa13fbcd7585635238\"},\"headline\":\"El pr\u00edncipe Harry se ausenta del balc\u00f3n del Palacio de Buckingham\",\"datePublished\":\"2023-05-06T13:56:19+00:00\",\"mainEntityOfPage\":{\"@id\":\"https:\\\/\\\/digital58.com.ve\\\/site\\\/2023\\\/05\\\/06\\\/el-principe-harry-se-ausenta-del-balcon-del-palacio-de-buckingham\\\/\"},\"wordCount\":425,\"commentCount\":0,\"publisher\":{\"@id\":\"https:\\\/\\\/digital58.com.ve\\\/site\\\/#\\\/schema\\\/person\\\/64d1c2e4d0d4fd1b849980c4331c2951\"},\"image\":{\"@id\":\"https:\\\/\\\/digital58.com.ve\\\/site\\\/2023\\\/05\\\/06\\\/el-principe-harry-se-ausenta-del-balcon-del-palacio-de-buckingham\\\/#primaryimage\"},\"thumbnailUrl\":\"https:\\\/\\\/digital58.com.ve\\\/site\\\/wp-content\\\/uploads\\\/2023\\\/05\\\/EJXHJFFVYJEFVPTII77A7UJO5U.jpeg\",\"keywords\":[\"Carlos III\",\"Coronacion\",\"Familia Real\",\"Internacionales\",\"Londres\",\"Palacio de Buckingham\",\"Rey Carlos III\"],\"articleSection\":[\"Mundo\"],\"inLanguage\":\"es\",\"potentialAction\":[{\"@type\":\"CommentAction\",\"name\":\"Comment\",\"target\":[\"https:\\\/\\\/digital58.com.ve\\\/site\\\/2023\\\/05\\\/06\\\/el-principe-harry-se-ausenta-del-balcon-del-palacio-de-buckingham\\\/#respond\"]}]},{\"@type\":\"WebPage\",\"@id\":\"https:\\\/\\\/digital58.com.ve\\\/site\\\/2023\\\/05\\\/06\\\/el-principe-harry-se-ausenta-del-balcon-del-palacio-de-buckingham\\\/\",\"url\":\"https:\\\/\\\/digital58.com.ve\\\/site\\\/2023\\\/05\\\/06\\\/el-principe-harry-se-ausenta-del-balcon-del-palacio-de-buckingham\\\/\",\"name\":\"El pr\u00edncipe Harry se ausenta del balc\u00f3n del Palacio de Buckingham\",\"isPartOf\":{\"@id\":\"https:\\\/\\\/digital58.com.ve\\\/site\\\/#website\"},\"primaryImageOfPage\":{\"@id\":\"https:\\\/\\\/digital58.com.ve\\\/site\\\/2023\\\/05\\\/06\\\/el-principe-harry-se-ausenta-del-balcon-del-palacio-de-buckingham\\\/#primaryimage\"},\"image\":{\"@id\":\"https:\\\/\\\/digital58.com.ve\\\/site\\\/2023\\\/05\\\/06\\\/el-principe-harry-se-ausenta-del-balcon-del-palacio-de-buckingham\\\/#primaryimage\"},\"thumbnailUrl\":\"https:\\\/\\\/digital58.com.ve\\\/site\\\/wp-content\\\/uploads\\\/2023\\\/05\\\/EJXHJFFVYJEFVPTII77A7UJO5U.jpeg\",\"datePublished\":\"2023-05-06T13:56:19+00:00\",\"breadcrumb\":{\"@id\":\"https:\\\/\\\/digital58.com.ve\\\/site\\\/2023\\\/05\\\/06\\\/el-principe-harry-se-ausenta-del-balcon-del-palacio-de-buckingham\\\/#breadcrumb\"},\"inLanguage\":\"es\",\"potentialAction\":[{\"@type\":\"ReadAction\",\"target\":[\"https:\\\/\\\/digital58.com.ve\\\/site\\\/2023\\\/05\\\/06\\\/el-principe-harry-se-ausenta-del-balcon-del-palacio-de-buckingham\\\/\"]}]},{\"@type\":\"ImageObject\",\"inLanguage\":\"es\",\"@id\":\"https:\\\/\\\/digital58.com.ve\\\/site\\\/2023\\\/05\\\/06\\\/el-principe-harry-se-ausenta-del-balcon-del-palacio-de-buckingham\\\/#primaryimage\",\"url\":\"https:\\\/\\\/digital58.com.ve\\\/site\\\/wp-content\\\/uploads\\\/2023\\\/05\\\/EJXHJFFVYJEFVPTII77A7UJO5U.jpeg\",\"contentUrl\":\"https:\\\/\\\/digital58.com.ve\\\/site\\\/wp-content\\\/uploads\\\/2023\\\/05\\\/EJXHJFFVYJEFVPTII77A7UJO5U.jpeg\",\"width\":1920,\"height\":1080,\"caption\":\"Britain's King Charles and Queen Camilla wave on the Buckingham Palace balcony following their coronation ceremony in London, Britain May 6, 2023. REUTERS\\\/Matthew Childs\"},{\"@type\":\"BreadcrumbList\",\"@id\":\"https:\\\/\\\/digital58.com.ve\\\/site\\\/2023\\\/05\\\/06\\\/el-principe-harry-se-ausenta-del-balcon-del-palacio-de-buckingham\\\/#breadcrumb\",\"itemListElement\":[{\"@type\":\"ListItem\",\"position\":1,\"name\":\"Home\",\"item\":\"https:\\\/\\\/digital58.com.ve\\\/site\\\/\"},{\"@type\":\"ListItem\",\"position\":2,\"name\":\"El pr\u00edncipe Harry se ausenta del balc\u00f3n del Palacio de Buckingham\"}]},{\"@type\":\"WebSite\",\"@id\":\"https:\\\/\\\/digital58.com.ve\\\/site\\\/#website\",\"url\":\"https:\\\/\\\/digital58.com.ve\\\/site\\\/\",\"name\":\"Noticias Digital58\",\"description\":\"Portal de Noticias \u00a1Periodismo web de verdad! Lanzamiento web 22.11.2005 \\\/ Maracaibo, Venezuela\",\"publisher\":{\"@id\":\"https:\\\/\\\/digital58.com.ve\\\/site\\\/#\\\/schema\\\/person\\\/64d1c2e4d0d4fd1b849980c4331c2951\"},\"alternateName\":\"ND58\",\"potentialAction\":[{\"@type\":\"SearchAction\",\"target\":{\"@type\":\"EntryPoint\",\"urlTemplate\":\"https:\\\/\\\/digital58.com.ve\\\/site\\\/?s={search_term_string}\"},\"query-input\":{\"@type\":\"PropertyValueSpecification\",\"valueRequired\":true,\"valueName\":\"search_term_string\"}}],\"inLanguage\":\"es\"},{\"@type\":[\"Person\",\"Organization\"],\"@id\":\"https:\\\/\\\/digital58.com.ve\\\/site\\\/#\\\/schema\\\/person\\\/64d1c2e4d0d4fd1b849980c4331c2951\",\"name\":\"Villasmil Henry\",\"image\":{\"@type\":\"ImageObject\",\"inLanguage\":\"es\",\"@id\":\"https:\\\/\\\/secure.gravatar.com\\\/avatar\\\/bb0c4a2fcb7970138239f7e404ea75757b1b507b28b5ce4c53fbd62d797c5a7c?s=96&d=mm&r=g\",\"url\":\"https:\\\/\\\/secure.gravatar.com\\\/avatar\\\/bb0c4a2fcb7970138239f7e404ea75757b1b507b28b5ce4c53fbd62d797c5a7c?s=96&d=mm&r=g\",\"contentUrl\":\"https:\\\/\\\/secure.gravatar.com\\\/avatar\\\/bb0c4a2fcb7970138239f7e404ea75757b1b507b28b5ce4c53fbd62d797c5a7c?s=96&d=mm&r=g\",\"caption\":\"Villasmil Henry\"},\"logo\":{\"@id\":\"https:\\\/\\\/secure.gravatar.com\\\/avatar\\\/bb0c4a2fcb7970138239f7e404ea75757b1b507b28b5ce4c53fbd62d797c5a7c?s=96&d=mm&r=g\"},\"sameAs\":[\"http:\\\/\\\/www.henryvillasmil.com.ve\",\"https:\\\/\\\/www.instagram.com\\\/villasmilhfoto\\\/\",\"https:\\\/\\\/x.com\\\/https:\\\/\\\/twitter.com\\\/villasmilhfoto\"]},{\"@type\":\"Person\",\"@id\":\"https:\\\/\\\/digital58.com.ve\\\/site\\\/#\\\/schema\\\/person\\\/38596b127602deaa13fbcd7585635238\",\"name\":\"Caren A\u00f1ez\",\"image\":{\"@type\":\"ImageObject\",\"inLanguage\":\"es\",\"@id\":\"https:\\\/\\\/secure.gravatar.com\\\/avatar\\\/53aadd693aa414991c9ff2f2b19c39be94d2c342463b80f5402d344911bc9782?s=96&d=mm&r=g\",\"url\":\"https:\\\/\\\/secure.gravatar.com\\\/avatar\\\/53aadd693aa414991c9ff2f2b19c39be94d2c342463b80f5402d344911bc9782?s=96&d=mm&r=g\",\"contentUrl\":\"https:\\\/\\\/secure.gravatar.com\\\/avatar\\\/53aadd693aa414991c9ff2f2b19c39be94d2c342463b80f5402d344911bc9782?s=96&d=mm&r=g\",\"caption\":\"Caren A\u00f1ez\"},\"description\":\"\ud83d\udc69\u200d\ud83c\udfa4Editora en @digital_58 \ud83d\udc69\ud83c\udffb\u200d\ud83c\udfebPeriodista musical y de entretenimiento. \ud83d\udcf8Fotografa \ud83d\udc69\ud83c\udffb\u200d\ud83d\udcbbMedia Management. \ud83d\udc69\u200d\ud83d\udc67\u200d\ud83d\udc67AspieMon 24\\\/7\",\"sameAs\":[\"https:\\\/\\\/www.instagram.com\\\/carenanez\\\/\",\"https:\\\/\\\/x.com\\\/carenanez\"],\"url\":\"https:\\\/\\\/digital58.com.ve\\\/site\\\/author\\\/carena21\\\/\"}]}<\/script>\n<!-- \/ Yoast SEO plugin. -->","yoast_head_json":{"title":"El pr\u00edncipe Harry se ausenta del balc\u00f3n del Palacio de Buckingham","robots":{"index":"index","follow":"follow","max-snippet":"max-snippet:-1","max-image-preview":"max-image-preview:large","max-video-preview":"max-video-preview:-1"},"canonical":"https:\/\/digital58.com.ve\/site\/2023\/05\/06\/el-principe-harry-se-ausenta-del-balcon-del-palacio-de-buckingham\/","og_locale":"es_ES","og_type":"article","og_title":"El pr\u00edncipe Harry se ausenta del balc\u00f3n del Palacio de Buckingham","og_url":"https:\/\/digital58.com.ve\/site\/2023\/05\/06\/el-principe-harry-se-ausenta-del-balcon-del-palacio-de-buckingham\/","og_site_name":"Noticias Digital58","article_published_time":"2023-05-06T13:56:19+00:00","og_image":[{"width":1920,"height":1080,"url":"https:\/\/i0.wp.com\/digital58.com.ve\/site\/wp-content\/uploads\/2023\/05\/EJXHJFFVYJEFVPTII77A7UJO5U.jpeg?fit=1920%2C1080&ssl=1","type":"image\/jpeg"}],"author":"Caren A\u00f1ez","twitter_card":"summary_large_image","twitter_creator":"@carenanez","twitter_site":"@villasmilhfoto","twitter_misc":{"Escrito por":"Caren A\u00f1ez","Tiempo estimado de lectura":"2 minutos"},"schema":{"@context":"https:\/\/schema.org","@graph":[{"@type":"Article","@id":"https:\/\/digital58.com.ve\/site\/2023\/05\/06\/el-principe-harry-se-ausenta-del-balcon-del-palacio-de-buckingham\/#article","isPartOf":{"@id":"https:\/\/digital58.com.ve\/site\/2023\/05\/06\/el-principe-harry-se-ausenta-del-balcon-del-palacio-de-buckingham\/"},"author":{"name":"Caren A\u00f1ez","@id":"https:\/\/digital58.com.ve\/site\/#\/schema\/person\/38596b127602deaa13fbcd7585635238"},"headline":"El pr\u00edncipe Harry se ausenta del balc\u00f3n del Palacio de Buckingham","datePublished":"2023-05-06T13:56:19+00:00","mainEntityOfPage":{"@id":"https:\/\/digital58.com.ve\/site\/2023\/05\/06\/el-principe-harry-se-ausenta-del-balcon-del-palacio-de-buckingham\/"},"wordCount":425,"commentCount":0,"publisher":{"@id":"https:\/\/digital58.com.ve\/site\/#\/schema\/person\/64d1c2e4d0d4fd1b849980c4331c2951"},"image":{"@id":"https:\/\/digital58.com.ve\/site\/2023\/05\/06\/el-principe-harry-se-ausenta-del-balcon-del-palacio-de-buckingham\/#primaryimage"},"thumbnailUrl":"https:\/\/digital58.com.ve\/site\/wp-content\/uploads\/2023\/05\/EJXHJFFVYJEFVPTII77A7UJO5U.jpeg","keywords":["Carlos III","Coronacion","Familia Real","Internacionales","Londres","Palacio de Buckingham","Rey Carlos III"],"articleSection":["Mundo"],"inLanguage":"es","potentialAction":[{"@type":"CommentAction","name":"Comment","target":["https:\/\/digital58.com.ve\/site\/2023\/05\/06\/el-principe-harry-se-ausenta-del-balcon-del-palacio-de-buckingham\/#respond"]}]},{"@type":"WebPage","@id":"https:\/\/digital58.com.ve\/site\/2023\/05\/06\/el-principe-harry-se-ausenta-del-balcon-del-palacio-de-buckingham\/","url":"https:\/\/digital58.com.ve\/site\/2023\/05\/06\/el-principe-harry-se-ausenta-del-balcon-del-palacio-de-buckingham\/","name":"El pr\u00edncipe Harry se ausenta del balc\u00f3n del Palacio de Buckingham","isPartOf":{"@id":"https:\/\/digital58.com.ve\/site\/#website"},"primaryImageOfPage":{"@id":"https:\/\/digital58.com.ve\/site\/2023\/05\/06\/el-principe-harry-se-ausenta-del-balcon-del-palacio-de-buckingham\/#primaryimage"},"image":{"@id":"https:\/\/digital58.com.ve\/site\/2023\/05\/06\/el-principe-harry-se-ausenta-del-balcon-del-palacio-de-buckingham\/#primaryimage"},"thumbnailUrl":"https:\/\/digital58.com.ve\/site\/wp-content\/uploads\/2023\/05\/EJXHJFFVYJEFVPTII77A7UJO5U.jpeg","datePublished":"2023-05-06T13:56:19+00:00","breadcrumb":{"@id":"https:\/\/digital58.com.ve\/site\/2023\/05\/06\/el-principe-harry-se-ausenta-del-balcon-del-palacio-de-buckingham\/#breadcrumb"},"inLanguage":"es","potentialAction":[{"@type":"ReadAction","target":["https:\/\/digital58.com.ve\/site\/2023\/05\/06\/el-principe-harry-se-ausenta-del-balcon-del-palacio-de-buckingham\/"]}]},{"@type":"ImageObject","inLanguage":"es","@id":"https:\/\/digital58.com.ve\/site\/2023\/05\/06\/el-principe-harry-se-ausenta-del-balcon-del-palacio-de-buckingham\/#primaryimage","url":"https:\/\/digital58.com.ve\/site\/wp-content\/uploads\/2023\/05\/EJXHJFFVYJEFVPTII77A7UJO5U.jpeg","contentUrl":"https:\/\/digital58.com.ve\/site\/wp-content\/uploads\/2023\/05\/EJXHJFFVYJEFVPTII77A7UJO5U.jpeg","width":1920,"height":1080,"caption":"Britain's King Charles and Queen Camilla wave on the Buckingham Palace balcony following their coronation ceremony in London, Britain May 6, 2023. REUTERS\/Matthew Childs"},{"@type":"BreadcrumbList","@id":"https:\/\/digital58.com.ve\/site\/2023\/05\/06\/el-principe-harry-se-ausenta-del-balcon-del-palacio-de-buckingham\/#breadcrumb","itemListElement":[{"@type":"ListItem","position":1,"name":"Home","item":"https:\/\/digital58.com.ve\/site\/"},{"@type":"ListItem","position":2,"name":"El pr\u00edncipe Harry se ausenta del balc\u00f3n del Palacio de Buckingham"}]},{"@type":"WebSite","@id":"https:\/\/digital58.com.ve\/site\/#website","url":"https:\/\/digital58.com.ve\/site\/","name":"Noticias Digital58","description":"Portal de Noticias \u00a1Periodismo web de verdad! Lanzamiento web 22.11.2005 \/ Maracaibo, Venezuela","publisher":{"@id":"https:\/\/digital58.com.ve\/site\/#\/schema\/person\/64d1c2e4d0d4fd1b849980c4331c2951"},"alternateName":"ND58","potentialAction":[{"@type":"SearchAction","target":{"@type":"EntryPoint","urlTemplate":"https:\/\/digital58.com.ve\/site\/?s={search_term_string}"},"query-input":{"@type":"PropertyValueSpecification","valueRequired":true,"valueName":"search_term_string"}}],"inLanguage":"es"},{"@type":["Person","Organization"],"@id":"https:\/\/digital58.com.ve\/site\/#\/schema\/person\/64d1c2e4d0d4fd1b849980c4331c2951","name":"Villasmil Henry","image":{"@type":"ImageObject","inLanguage":"es","@id":"https:\/\/secure.gravatar.com\/avatar\/bb0c4a2fcb7970138239f7e404ea75757b1b507b28b5ce4c53fbd62d797c5a7c?s=96&d=mm&r=g","url":"https:\/\/secure.gravatar.com\/avatar\/bb0c4a2fcb7970138239f7e404ea75757b1b507b28b5ce4c53fbd62d797c5a7c?s=96&d=mm&r=g","contentUrl":"https:\/\/secure.gravatar.com\/avatar\/bb0c4a2fcb7970138239f7e404ea75757b1b507b28b5ce4c53fbd62d797c5a7c?s=96&d=mm&r=g","caption":"Villasmil Henry"},"logo":{"@id":"https:\/\/secure.gravatar.com\/avatar\/bb0c4a2fcb7970138239f7e404ea75757b1b507b28b5ce4c53fbd62d797c5a7c?s=96&d=mm&r=g"},"sameAs":["http:\/\/www.henryvillasmil.com.ve","https:\/\/www.instagram.com\/villasmilhfoto\/","https:\/\/x.com\/https:\/\/twitter.com\/villasmilhfoto"]},{"@type":"Person","@id":"https:\/\/digital58.com.ve\/site\/#\/schema\/person\/38596b127602deaa13fbcd7585635238","name":"Caren A\u00f1ez","image":{"@type":"ImageObject","inLanguage":"es","@id":"https:\/\/secure.gravatar.com\/avatar\/53aadd693aa414991c9ff2f2b19c39be94d2c342463b80f5402d344911bc9782?s=96&d=mm&r=g","url":"https:\/\/secure.gravatar.com\/avatar\/53aadd693aa414991c9ff2f2b19c39be94d2c342463b80f5402d344911bc9782?s=96&d=mm&r=g","contentUrl":"https:\/\/secure.gravatar.com\/avatar\/53aadd693aa414991c9ff2f2b19c39be94d2c342463b80f5402d344911bc9782?s=96&d=mm&r=g","caption":"Caren A\u00f1ez"},"description":"\ud83d\udc69\u200d\ud83c\udfa4Editora en @digital_58 \ud83d\udc69\ud83c\udffb\u200d\ud83c\udfebPeriodista musical y de entretenimiento. \ud83d\udcf8Fotografa \ud83d\udc69\ud83c\udffb\u200d\ud83d\udcbbMedia Management. \ud83d\udc69\u200d\ud83d\udc67\u200d\ud83d\udc67AspieMon 24\/7","sameAs":["https:\/\/www.instagram.com\/carenanez\/","https:\/\/x.com\/carenanez"],"url":"https:\/\/digital58.com.ve\/site\/author\/carena21\/"}]}},"uagb_featured_image_src":{"full":["https:\/\/digital58.com.ve\/site\/wp-content\/uploads\/2023\/05\/EJXHJFFVYJEFVPTII77A7UJO5U.jpeg",1920,1080,false],"thumbnail":["https:\/\/digital58.com.ve\/site\/wp-content\/uploads\/2023\/05\/EJXHJFFVYJEFVPTII77A7UJO5U-150x150.jpeg",150,150,true],"medium":["https:\/\/digital58.com.ve\/site\/wp-content\/uploads\/2023\/05\/EJXHJFFVYJEFVPTII77A7UJO5U-300x169.jpeg",300,169,true],"medium_large":["https:\/\/digital58.com.ve\/site\/wp-content\/uploads\/2023\/05\/EJXHJFFVYJEFVPTII77A7UJO5U-768x432.jpeg",768,432,true],"large":["https:\/\/digital58.com.ve\/site\/wp-content\/uploads\/2023\/05\/EJXHJFFVYJEFVPTII77A7UJO5U-1000x563.jpeg",800,450,true],"1536x1536":["https:\/\/digital58.com.ve\/site\/wp-content\/uploads\/2023\/05\/EJXHJFFVYJEFVPTII77A7UJO5U-1536x864.jpeg",1536,864,true],"2048x2048":["https:\/\/digital58.com.ve\/site\/wp-content\/uploads\/2023\/05\/EJXHJFFVYJEFVPTII77A7UJO5U.jpeg",1920,1080,false],"colormag-highlighted-post":["https:\/\/digital58.com.ve\/site\/wp-content\/uploads\/2023\/05\/EJXHJFFVYJEFVPTII77A7UJO5U-392x272.jpeg",392,272,true],"colormag-featured-post-medium":["https:\/\/digital58.com.ve\/site\/wp-content\/uploads\/2023\/05\/EJXHJFFVYJEFVPTII77A7UJO5U-390x205.jpeg",390,205,true],"colormag-featured-post-small":["https:\/\/digital58.com.ve\/site\/wp-content\/uploads\/2023\/05\/EJXHJFFVYJEFVPTII77A7UJO5U-130x90.jpeg",130,90,true],"colormag-featured-image":["https:\/\/digital58.com.ve\/site\/wp-content\/uploads\/2023\/05\/EJXHJFFVYJEFVPTII77A7UJO5U-800x445.jpeg",800,445,true],"colormag-default-news":["https:\/\/digital58.com.ve\/site\/wp-content\/uploads\/2023\/05\/EJXHJFFVYJEFVPTII77A7UJO5U.jpeg",150,84,false],"colormag-featured-image-large":["https:\/\/digital58.com.ve\/site\/wp-content\/uploads\/2023\/05\/EJXHJFFVYJEFVPTII77A7UJO5U.jpeg",1067,600,false]},"uagb_author_info":{"display_name":"Caren A\u00f1ez","author_link":"https:\/\/digital58.com.ve\/site\/author\/carena21\/"},"uagb_comment_info":0,"uagb_excerpt":"El pr\u00edncipe Harry no apareci\u00f3 con los miembros de la familia real para saludar al p\u00fablico desde el balc\u00f3n del","_links":{"self":[{"href":"https:\/\/digital58.com.ve\/site\/wp-json\/wp\/v2\/posts\/165546","targetHints":{"allow":["GET"]}}],"collection":[{"href":"https:\/\/digital58.com.ve\/site\/wp-json\/wp\/v2\/posts"}],"about":[{"href":"https:\/\/digital58.com.ve\/site\/wp-json\/wp\/v2\/types\/post"}],"author":[{"embeddable":true,"href":"https:\/\/digital58.com.ve\/site\/wp-json\/wp\/v2\/users\/39"}],"replies":[{"embeddable":true,"href":"https:\/\/digital58.com.ve\/site\/wp-json\/wp\/v2\/comments?post=165546"}],"version-history":[{"count":1,"href":"https:\/\/digital58.com.ve\/site\/wp-json\/wp\/v2\/posts\/165546\/revisions"}],"predecessor-version":[{"id":165550,"href":"https:\/\/digital58.com.ve\/site\/wp-json\/wp\/v2\/posts\/165546\/revisions\/165550"}],"wp:featuredmedia":[{"embeddable":true,"href":"https:\/\/digital58.com.ve\/site\/wp-json\/wp\/v2\/media\/165548"}],"wp:attachment":[{"href":"https:\/\/digital58.com.ve\/site\/wp-json\/wp\/v2\/media?parent=165546"}],"wp:term":[{"taxonomy":"category","embeddable":true,"href":"https:\/\/digital58.com.ve\/site\/wp-json\/wp\/v2\/categories?post=165546"},{"taxonomy":"post_tag","embeddable":true,"href":"https:\/\/digital58.com.ve\/site\/wp-json\/wp\/v2\/tags?post=165546"}],"curies":[{"name":"wp","href":"https:\/\/api.w.org\/{rel}","templated":true}]}}