{"id":165786,"date":"2023-05-11T10:14:00","date_gmt":"2023-05-11T14:14:00","guid":{"rendered":"https:\/\/digital58.com.ve\/site\/?p=165786"},"modified":"2023-05-11T10:14:00","modified_gmt":"2023-05-11T14:14:00","slug":"jorge-trak-y-su-banda-regresa-a-los-escenarios-junto-al-show-internacional-tributo-de-selena","status":"publish","type":"post","link":"https:\/\/digital58.com.ve\/site\/2023\/05\/11\/jorge-trak-y-su-banda-regresa-a-los-escenarios-junto-al-show-internacional-tributo-de-selena\/","title":{"rendered":"Jorge Trak y su banda regresa a los escenarios junto al show internacional tributo de Selena"},"content":{"rendered":"<p><img loading=\"lazy\" decoding=\"async\" class=\"size-large wp-image-165790 aligncenter\" src=\"https:\/\/digital58.com.ve\/site\/wp-content\/uploads\/2023\/05\/SELENA_-600x1000.jpg\" alt=\"\" width=\"600\" height=\"1000\" srcset=\"https:\/\/digital58.com.ve\/site\/wp-content\/uploads\/2023\/05\/SELENA_-600x1000.jpg 600w, https:\/\/digital58.com.ve\/site\/wp-content\/uploads\/2023\/05\/SELENA_-180x300.jpg 180w, https:\/\/digital58.com.ve\/site\/wp-content\/uploads\/2023\/05\/SELENA_.jpg 625w\" sizes=\"auto, (max-width: 600px) 100vw, 600px\" \/><\/p>\n<p>La celebraci\u00f3n del D\u00eda de Las Madres que tendr\u00e1 lugar el pr\u00f3ximo 14 de mayo en el Hotel Hesperia World Trade Center Valencia, ser\u00e1 el escenario para el esperado regreso, despu\u00e9s de diez a\u00f1os, de Jorge Trak, quien junto a la WTC Valencia Band festejar\u00e1 a lo grande esta fecha especial.<\/p>\n<p><strong>Valencia, Carabobo, Venezuela 11 de mayo de 2023 (ND58E).-<\/strong>Una de las agrupaciones m\u00e1s anheladas e ic\u00f3nicas de la regi\u00f3n central pa\u00eds prepara su regreso acompa\u00f1ado tambi\u00e9n por el show internacional de la cantante Ang\u00e9lica Vivas, quien en Rep\u00fablica Dominicana se ha consolidado como la gran int\u00e9rprete su show Selena Viva, considerado hoy d\u00eda por la cr\u00edtica como el mejor tributo a la recordada artista de m\u00fasica Tex Mex.<\/p>\n<p><img loading=\"lazy\" decoding=\"async\" class=\"size-full wp-image-165789 aligncenter\" src=\"https:\/\/digital58.com.ve\/site\/wp-content\/uploads\/2023\/05\/SELENA_03.jpg\" alt=\"\" width=\"485\" height=\"622\" srcset=\"https:\/\/digital58.com.ve\/site\/wp-content\/uploads\/2023\/05\/SELENA_03.jpg 485w, https:\/\/digital58.com.ve\/site\/wp-content\/uploads\/2023\/05\/SELENA_03-234x300.jpg 234w\" sizes=\"auto, (max-width: 485px) 100vw, 485px\" \/><\/p>\n<p>Con m\u00e1s de 15 m\u00fasicos en escena, en una producci\u00f3n de Jorge Trak, realizar\u00e1n el show que tendr\u00e1 elementos visuales y puestas en escena nunca antes vistos. Todos los detalles fueron anunciados recientemente en una rueda de prensa ofrecida por el productor y m\u00fasico Jorge Trak; Arcadio Venegas, gerente comercial del hotel Hesperia y el empresario Tury L\u00f3pez Tom\u00e9.<\/p>\n<p>La banda Jorge Trak interpretar\u00e1 distintos g\u00e9neros musicales variados para el gusto de todas las madres en su d\u00eda y p\u00fablico presente, para as\u00ed evocar la \u00e9poca de grandes eventos amenizados por esta importante agrupaci\u00f3n.<\/p>\n<p>El evento ser\u00e1 presentado por Jos\u00e9 Vieira y tambi\u00e9n contar\u00e1 con el show tributo a Vicente Fern\u00e1ndez con el artista invitado Vicentico. Los boletos para esta presentaci\u00f3n est\u00e1n a la venta en las oficinas de banquete del hotel.<\/p><div class=\"rgepk69f29699b9e92\" ><p style=\"text-align: center;\"><a href=\"https:\/\/t.me\/noticiasdigital58\" target=\"_blank\" rel=\"noopener\"><img class=\"aligncenter size-full wp-image-125363\" src=\"https:\/\/digital58.com.ve\/site\/wp-content\/uploads\/2021\/04\/banner-telegram-web-2021.png\" alt=\"\" width=\"600\" height=\"90\" \/><\/a><\/p><\/div><style type=\"text\/css\">\r\n@media screen and (min-width: 1201px) {\r\n.rgepk69f29699b9e92 {\r\ndisplay: block;\r\n}\r\n}\r\n@media screen and (min-width: 993px) and (max-width: 1200px) {\r\n.rgepk69f29699b9e92 {\r\ndisplay: block;\r\n}\r\n}\r\n@media screen and (min-width: 769px) and (max-width: 992px) {\r\n.rgepk69f29699b9e92 {\r\ndisplay: block;\r\n}\r\n}\r\n@media screen and (min-width: 768px) and (max-width: 768px) {\r\n.rgepk69f29699b9e92 {\r\ndisplay: block;\r\n}\r\n}\r\n@media screen and (max-width: 767px) {\r\n.rgepk69f29699b9e92 {\r\ndisplay: block;\r\n}\r\n}\r\n<\/style>\r\n\n<p class=\"p1\"><b>Redacci\u00f3n ND58 | NDP\u00a0<\/b><br \/>\n<b>Edici\u00f3n: \u00c1\u00f1ez, Caren\u00a0<\/b><br \/>\n<b>Gr\u00e1fica: Cortes\u00eda <\/b><\/p>\n<div style=\"margin-top: 0px; margin-bottom: 0px;\" class=\"sharethis-inline-share-buttons\" ><\/div>","protected":false},"excerpt":{"rendered":"<p>La celebraci\u00f3n del D\u00eda de Las Madres que tendr\u00e1 lugar el pr\u00f3ximo 14 de mayo en el Hotel Hesperia World<\/p>\n","protected":false},"author":39,"featured_media":165788,"comment_status":"open","ping_status":"closed","sticky":false,"template":"","format":"standard","meta":{"colormag_page_container_layout":"default_layout","colormag_page_sidebar_layout":"default_layout","_uag_custom_page_level_css":"","footnotes":""},"categories":[5417],"tags":[5818,27750,31300,233,31298,4072,31299,2583,32,26243],"class_list":["post-165786","post","type-post","status-publish","format-standard","has-post-thumbnail","hentry","category-conciertos","tag-concierto","tag-hotel-hesperia-world-trade-center","tag-jorge-trak","tag-nacionales","tag-presentaciones-en-vivo","tag-selena","tag-tributo-a-selena","tag-valencia","tag-venezuela","tag-vicente-fernandez"],"yoast_head":"<!-- This site is optimized with the Yoast SEO plugin v27.5 - https:\/\/yoast.com\/product\/yoast-seo-wordpress\/ -->\n<title>Jorge Trak y su banda regresa a los escenarios junto al show internacional tributo de Selena<\/title>\n<meta name=\"robots\" content=\"index, follow, max-snippet:-1, max-image-preview:large, max-video-preview:-1\" \/>\n<link rel=\"canonical\" href=\"https:\/\/digital58.com.ve\/site\/2023\/05\/11\/jorge-trak-y-su-banda-regresa-a-los-escenarios-junto-al-show-internacional-tributo-de-selena\/\" \/>\n<meta property=\"og:locale\" content=\"es_ES\" \/>\n<meta property=\"og:type\" content=\"article\" \/>\n<meta property=\"og:title\" content=\"Jorge Trak y su banda regresa a los escenarios junto al show internacional tributo de Selena\" \/>\n<meta property=\"og:url\" content=\"https:\/\/digital58.com.ve\/site\/2023\/05\/11\/jorge-trak-y-su-banda-regresa-a-los-escenarios-junto-al-show-internacional-tributo-de-selena\/\" \/>\n<meta property=\"og:site_name\" content=\"Noticias Digital58\" \/>\n<meta property=\"article:published_time\" content=\"2023-05-11T14:14:00+00:00\" \/>\n<meta property=\"og:image\" content=\"https:\/\/i0.wp.com\/digital58.com.ve\/site\/wp-content\/uploads\/2023\/05\/RDP_-e1683814400982.jpg?fit=800%2C643&ssl=1\" \/>\n\t<meta property=\"og:image:width\" content=\"800\" \/>\n\t<meta property=\"og:image:height\" content=\"643\" \/>\n\t<meta property=\"og:image:type\" content=\"image\/jpeg\" \/>\n<meta name=\"author\" content=\"Caren A\u00f1ez\" \/>\n<meta name=\"twitter:card\" content=\"summary_large_image\" \/>\n<meta name=\"twitter:creator\" content=\"@carenanez\" \/>\n<meta name=\"twitter:site\" content=\"@villasmilhfoto\" \/>\n<meta name=\"twitter:label1\" content=\"Escrito por\" \/>\n\t<meta name=\"twitter:data1\" content=\"Caren A\u00f1ez\" \/>\n\t<meta name=\"twitter:label2\" content=\"Tiempo estimado de lectura\" \/>\n\t<meta name=\"twitter:data2\" content=\"1 minuto\" \/>\n<script type=\"application\/ld+json\" class=\"yoast-schema-graph\">{\"@context\":\"https:\\\/\\\/schema.org\",\"@graph\":[{\"@type\":\"Article\",\"@id\":\"https:\\\/\\\/digital58.com.ve\\\/site\\\/2023\\\/05\\\/11\\\/jorge-trak-y-su-banda-regresa-a-los-escenarios-junto-al-show-internacional-tributo-de-selena\\\/#article\",\"isPartOf\":{\"@id\":\"https:\\\/\\\/digital58.com.ve\\\/site\\\/2023\\\/05\\\/11\\\/jorge-trak-y-su-banda-regresa-a-los-escenarios-junto-al-show-internacional-tributo-de-selena\\\/\"},\"author\":{\"name\":\"Caren A\u00f1ez\",\"@id\":\"https:\\\/\\\/digital58.com.ve\\\/site\\\/#\\\/schema\\\/person\\\/38596b127602deaa13fbcd7585635238\"},\"headline\":\"Jorge Trak y su banda regresa a los escenarios junto al show internacional tributo de Selena\",\"datePublished\":\"2023-05-11T14:14:00+00:00\",\"mainEntityOfPage\":{\"@id\":\"https:\\\/\\\/digital58.com.ve\\\/site\\\/2023\\\/05\\\/11\\\/jorge-trak-y-su-banda-regresa-a-los-escenarios-junto-al-show-internacional-tributo-de-selena\\\/\"},\"wordCount\":308,\"commentCount\":0,\"publisher\":{\"@id\":\"https:\\\/\\\/digital58.com.ve\\\/site\\\/#\\\/schema\\\/person\\\/64d1c2e4d0d4fd1b849980c4331c2951\"},\"image\":{\"@id\":\"https:\\\/\\\/digital58.com.ve\\\/site\\\/2023\\\/05\\\/11\\\/jorge-trak-y-su-banda-regresa-a-los-escenarios-junto-al-show-internacional-tributo-de-selena\\\/#primaryimage\"},\"thumbnailUrl\":\"https:\\\/\\\/digital58.com.ve\\\/site\\\/wp-content\\\/uploads\\\/2023\\\/05\\\/RDP_-e1683814400982.jpg\",\"keywords\":[\"Concierto\",\"hotel Hesperia World Trade Center\",\"Jorge Trak\",\"Nacionales\",\"presentaciones en vivo\",\"Selena\",\"Tributo a Selena\",\"Valencia\",\"Venezuela\",\"Vicente Fern\u00e1ndez\"],\"articleSection\":[\"Conciertos\"],\"inLanguage\":\"es\",\"potentialAction\":[{\"@type\":\"CommentAction\",\"name\":\"Comment\",\"target\":[\"https:\\\/\\\/digital58.com.ve\\\/site\\\/2023\\\/05\\\/11\\\/jorge-trak-y-su-banda-regresa-a-los-escenarios-junto-al-show-internacional-tributo-de-selena\\\/#respond\"]}]},{\"@type\":\"WebPage\",\"@id\":\"https:\\\/\\\/digital58.com.ve\\\/site\\\/2023\\\/05\\\/11\\\/jorge-trak-y-su-banda-regresa-a-los-escenarios-junto-al-show-internacional-tributo-de-selena\\\/\",\"url\":\"https:\\\/\\\/digital58.com.ve\\\/site\\\/2023\\\/05\\\/11\\\/jorge-trak-y-su-banda-regresa-a-los-escenarios-junto-al-show-internacional-tributo-de-selena\\\/\",\"name\":\"Jorge Trak y su banda regresa a los escenarios junto al show internacional tributo de Selena\",\"isPartOf\":{\"@id\":\"https:\\\/\\\/digital58.com.ve\\\/site\\\/#website\"},\"primaryImageOfPage\":{\"@id\":\"https:\\\/\\\/digital58.com.ve\\\/site\\\/2023\\\/05\\\/11\\\/jorge-trak-y-su-banda-regresa-a-los-escenarios-junto-al-show-internacional-tributo-de-selena\\\/#primaryimage\"},\"image\":{\"@id\":\"https:\\\/\\\/digital58.com.ve\\\/site\\\/2023\\\/05\\\/11\\\/jorge-trak-y-su-banda-regresa-a-los-escenarios-junto-al-show-internacional-tributo-de-selena\\\/#primaryimage\"},\"thumbnailUrl\":\"https:\\\/\\\/digital58.com.ve\\\/site\\\/wp-content\\\/uploads\\\/2023\\\/05\\\/RDP_-e1683814400982.jpg\",\"datePublished\":\"2023-05-11T14:14:00+00:00\",\"breadcrumb\":{\"@id\":\"https:\\\/\\\/digital58.com.ve\\\/site\\\/2023\\\/05\\\/11\\\/jorge-trak-y-su-banda-regresa-a-los-escenarios-junto-al-show-internacional-tributo-de-selena\\\/#breadcrumb\"},\"inLanguage\":\"es\",\"potentialAction\":[{\"@type\":\"ReadAction\",\"target\":[\"https:\\\/\\\/digital58.com.ve\\\/site\\\/2023\\\/05\\\/11\\\/jorge-trak-y-su-banda-regresa-a-los-escenarios-junto-al-show-internacional-tributo-de-selena\\\/\"]}]},{\"@type\":\"ImageObject\",\"inLanguage\":\"es\",\"@id\":\"https:\\\/\\\/digital58.com.ve\\\/site\\\/2023\\\/05\\\/11\\\/jorge-trak-y-su-banda-regresa-a-los-escenarios-junto-al-show-internacional-tributo-de-selena\\\/#primaryimage\",\"url\":\"https:\\\/\\\/digital58.com.ve\\\/site\\\/wp-content\\\/uploads\\\/2023\\\/05\\\/RDP_-e1683814400982.jpg\",\"contentUrl\":\"https:\\\/\\\/digital58.com.ve\\\/site\\\/wp-content\\\/uploads\\\/2023\\\/05\\\/RDP_-e1683814400982.jpg\",\"width\":800,\"height\":643},{\"@type\":\"BreadcrumbList\",\"@id\":\"https:\\\/\\\/digital58.com.ve\\\/site\\\/2023\\\/05\\\/11\\\/jorge-trak-y-su-banda-regresa-a-los-escenarios-junto-al-show-internacional-tributo-de-selena\\\/#breadcrumb\",\"itemListElement\":[{\"@type\":\"ListItem\",\"position\":1,\"name\":\"Home\",\"item\":\"https:\\\/\\\/digital58.com.ve\\\/site\\\/\"},{\"@type\":\"ListItem\",\"position\":2,\"name\":\"Jorge Trak y su banda regresa a los escenarios junto al show internacional tributo de Selena\"}]},{\"@type\":\"WebSite\",\"@id\":\"https:\\\/\\\/digital58.com.ve\\\/site\\\/#website\",\"url\":\"https:\\\/\\\/digital58.com.ve\\\/site\\\/\",\"name\":\"Noticias Digital58\",\"description\":\"Portal de Noticias \u00a1Periodismo web de verdad! Lanzamiento web 22.11.2005 \\\/ Maracaibo, Venezuela\",\"publisher\":{\"@id\":\"https:\\\/\\\/digital58.com.ve\\\/site\\\/#\\\/schema\\\/person\\\/64d1c2e4d0d4fd1b849980c4331c2951\"},\"alternateName\":\"ND58\",\"potentialAction\":[{\"@type\":\"SearchAction\",\"target\":{\"@type\":\"EntryPoint\",\"urlTemplate\":\"https:\\\/\\\/digital58.com.ve\\\/site\\\/?s={search_term_string}\"},\"query-input\":{\"@type\":\"PropertyValueSpecification\",\"valueRequired\":true,\"valueName\":\"search_term_string\"}}],\"inLanguage\":\"es\"},{\"@type\":[\"Person\",\"Organization\"],\"@id\":\"https:\\\/\\\/digital58.com.ve\\\/site\\\/#\\\/schema\\\/person\\\/64d1c2e4d0d4fd1b849980c4331c2951\",\"name\":\"Villasmil Henry\",\"image\":{\"@type\":\"ImageObject\",\"inLanguage\":\"es\",\"@id\":\"https:\\\/\\\/secure.gravatar.com\\\/avatar\\\/bb0c4a2fcb7970138239f7e404ea75757b1b507b28b5ce4c53fbd62d797c5a7c?s=96&d=mm&r=g\",\"url\":\"https:\\\/\\\/secure.gravatar.com\\\/avatar\\\/bb0c4a2fcb7970138239f7e404ea75757b1b507b28b5ce4c53fbd62d797c5a7c?s=96&d=mm&r=g\",\"contentUrl\":\"https:\\\/\\\/secure.gravatar.com\\\/avatar\\\/bb0c4a2fcb7970138239f7e404ea75757b1b507b28b5ce4c53fbd62d797c5a7c?s=96&d=mm&r=g\",\"caption\":\"Villasmil Henry\"},\"logo\":{\"@id\":\"https:\\\/\\\/secure.gravatar.com\\\/avatar\\\/bb0c4a2fcb7970138239f7e404ea75757b1b507b28b5ce4c53fbd62d797c5a7c?s=96&d=mm&r=g\"},\"sameAs\":[\"http:\\\/\\\/www.henryvillasmil.com.ve\",\"https:\\\/\\\/www.instagram.com\\\/villasmilhfoto\\\/\",\"https:\\\/\\\/x.com\\\/https:\\\/\\\/twitter.com\\\/villasmilhfoto\"]},{\"@type\":\"Person\",\"@id\":\"https:\\\/\\\/digital58.com.ve\\\/site\\\/#\\\/schema\\\/person\\\/38596b127602deaa13fbcd7585635238\",\"name\":\"Caren A\u00f1ez\",\"image\":{\"@type\":\"ImageObject\",\"inLanguage\":\"es\",\"@id\":\"https:\\\/\\\/secure.gravatar.com\\\/avatar\\\/53aadd693aa414991c9ff2f2b19c39be94d2c342463b80f5402d344911bc9782?s=96&d=mm&r=g\",\"url\":\"https:\\\/\\\/secure.gravatar.com\\\/avatar\\\/53aadd693aa414991c9ff2f2b19c39be94d2c342463b80f5402d344911bc9782?s=96&d=mm&r=g\",\"contentUrl\":\"https:\\\/\\\/secure.gravatar.com\\\/avatar\\\/53aadd693aa414991c9ff2f2b19c39be94d2c342463b80f5402d344911bc9782?s=96&d=mm&r=g\",\"caption\":\"Caren A\u00f1ez\"},\"description\":\"\ud83d\udc69\u200d\ud83c\udfa4Editora en @digital_58 \ud83d\udc69\ud83c\udffb\u200d\ud83c\udfebPeriodista musical y de entretenimiento. \ud83d\udcf8Fotografa \ud83d\udc69\ud83c\udffb\u200d\ud83d\udcbbMedia Management. \ud83d\udc69\u200d\ud83d\udc67\u200d\ud83d\udc67AspieMon 24\\\/7\",\"sameAs\":[\"https:\\\/\\\/www.instagram.com\\\/carenanez\\\/\",\"https:\\\/\\\/x.com\\\/carenanez\"],\"url\":\"https:\\\/\\\/digital58.com.ve\\\/site\\\/author\\\/carena21\\\/\"}]}<\/script>\n<!-- \/ Yoast SEO plugin. -->","yoast_head_json":{"title":"Jorge Trak y su banda regresa a los escenarios junto al show internacional tributo de Selena","robots":{"index":"index","follow":"follow","max-snippet":"max-snippet:-1","max-image-preview":"max-image-preview:large","max-video-preview":"max-video-preview:-1"},"canonical":"https:\/\/digital58.com.ve\/site\/2023\/05\/11\/jorge-trak-y-su-banda-regresa-a-los-escenarios-junto-al-show-internacional-tributo-de-selena\/","og_locale":"es_ES","og_type":"article","og_title":"Jorge Trak y su banda regresa a los escenarios junto al show internacional tributo de Selena","og_url":"https:\/\/digital58.com.ve\/site\/2023\/05\/11\/jorge-trak-y-su-banda-regresa-a-los-escenarios-junto-al-show-internacional-tributo-de-selena\/","og_site_name":"Noticias Digital58","article_published_time":"2023-05-11T14:14:00+00:00","og_image":[{"width":800,"height":643,"url":"https:\/\/i0.wp.com\/digital58.com.ve\/site\/wp-content\/uploads\/2023\/05\/RDP_-e1683814400982.jpg?fit=800%2C643&ssl=1","type":"image\/jpeg"}],"author":"Caren A\u00f1ez","twitter_card":"summary_large_image","twitter_creator":"@carenanez","twitter_site":"@villasmilhfoto","twitter_misc":{"Escrito por":"Caren A\u00f1ez","Tiempo estimado de lectura":"1 minuto"},"schema":{"@context":"https:\/\/schema.org","@graph":[{"@type":"Article","@id":"https:\/\/digital58.com.ve\/site\/2023\/05\/11\/jorge-trak-y-su-banda-regresa-a-los-escenarios-junto-al-show-internacional-tributo-de-selena\/#article","isPartOf":{"@id":"https:\/\/digital58.com.ve\/site\/2023\/05\/11\/jorge-trak-y-su-banda-regresa-a-los-escenarios-junto-al-show-internacional-tributo-de-selena\/"},"author":{"name":"Caren A\u00f1ez","@id":"https:\/\/digital58.com.ve\/site\/#\/schema\/person\/38596b127602deaa13fbcd7585635238"},"headline":"Jorge Trak y su banda regresa a los escenarios junto al show internacional tributo de Selena","datePublished":"2023-05-11T14:14:00+00:00","mainEntityOfPage":{"@id":"https:\/\/digital58.com.ve\/site\/2023\/05\/11\/jorge-trak-y-su-banda-regresa-a-los-escenarios-junto-al-show-internacional-tributo-de-selena\/"},"wordCount":308,"commentCount":0,"publisher":{"@id":"https:\/\/digital58.com.ve\/site\/#\/schema\/person\/64d1c2e4d0d4fd1b849980c4331c2951"},"image":{"@id":"https:\/\/digital58.com.ve\/site\/2023\/05\/11\/jorge-trak-y-su-banda-regresa-a-los-escenarios-junto-al-show-internacional-tributo-de-selena\/#primaryimage"},"thumbnailUrl":"https:\/\/digital58.com.ve\/site\/wp-content\/uploads\/2023\/05\/RDP_-e1683814400982.jpg","keywords":["Concierto","hotel Hesperia World Trade Center","Jorge Trak","Nacionales","presentaciones en vivo","Selena","Tributo a Selena","Valencia","Venezuela","Vicente Fern\u00e1ndez"],"articleSection":["Conciertos"],"inLanguage":"es","potentialAction":[{"@type":"CommentAction","name":"Comment","target":["https:\/\/digital58.com.ve\/site\/2023\/05\/11\/jorge-trak-y-su-banda-regresa-a-los-escenarios-junto-al-show-internacional-tributo-de-selena\/#respond"]}]},{"@type":"WebPage","@id":"https:\/\/digital58.com.ve\/site\/2023\/05\/11\/jorge-trak-y-su-banda-regresa-a-los-escenarios-junto-al-show-internacional-tributo-de-selena\/","url":"https:\/\/digital58.com.ve\/site\/2023\/05\/11\/jorge-trak-y-su-banda-regresa-a-los-escenarios-junto-al-show-internacional-tributo-de-selena\/","name":"Jorge Trak y su banda regresa a los escenarios junto al show internacional tributo de Selena","isPartOf":{"@id":"https:\/\/digital58.com.ve\/site\/#website"},"primaryImageOfPage":{"@id":"https:\/\/digital58.com.ve\/site\/2023\/05\/11\/jorge-trak-y-su-banda-regresa-a-los-escenarios-junto-al-show-internacional-tributo-de-selena\/#primaryimage"},"image":{"@id":"https:\/\/digital58.com.ve\/site\/2023\/05\/11\/jorge-trak-y-su-banda-regresa-a-los-escenarios-junto-al-show-internacional-tributo-de-selena\/#primaryimage"},"thumbnailUrl":"https:\/\/digital58.com.ve\/site\/wp-content\/uploads\/2023\/05\/RDP_-e1683814400982.jpg","datePublished":"2023-05-11T14:14:00+00:00","breadcrumb":{"@id":"https:\/\/digital58.com.ve\/site\/2023\/05\/11\/jorge-trak-y-su-banda-regresa-a-los-escenarios-junto-al-show-internacional-tributo-de-selena\/#breadcrumb"},"inLanguage":"es","potentialAction":[{"@type":"ReadAction","target":["https:\/\/digital58.com.ve\/site\/2023\/05\/11\/jorge-trak-y-su-banda-regresa-a-los-escenarios-junto-al-show-internacional-tributo-de-selena\/"]}]},{"@type":"ImageObject","inLanguage":"es","@id":"https:\/\/digital58.com.ve\/site\/2023\/05\/11\/jorge-trak-y-su-banda-regresa-a-los-escenarios-junto-al-show-internacional-tributo-de-selena\/#primaryimage","url":"https:\/\/digital58.com.ve\/site\/wp-content\/uploads\/2023\/05\/RDP_-e1683814400982.jpg","contentUrl":"https:\/\/digital58.com.ve\/site\/wp-content\/uploads\/2023\/05\/RDP_-e1683814400982.jpg","width":800,"height":643},{"@type":"BreadcrumbList","@id":"https:\/\/digital58.com.ve\/site\/2023\/05\/11\/jorge-trak-y-su-banda-regresa-a-los-escenarios-junto-al-show-internacional-tributo-de-selena\/#breadcrumb","itemListElement":[{"@type":"ListItem","position":1,"name":"Home","item":"https:\/\/digital58.com.ve\/site\/"},{"@type":"ListItem","position":2,"name":"Jorge Trak y su banda regresa a los escenarios junto al show internacional tributo de Selena"}]},{"@type":"WebSite","@id":"https:\/\/digital58.com.ve\/site\/#website","url":"https:\/\/digital58.com.ve\/site\/","name":"Noticias Digital58","description":"Portal de Noticias \u00a1Periodismo web de verdad! Lanzamiento web 22.11.2005 \/ Maracaibo, Venezuela","publisher":{"@id":"https:\/\/digital58.com.ve\/site\/#\/schema\/person\/64d1c2e4d0d4fd1b849980c4331c2951"},"alternateName":"ND58","potentialAction":[{"@type":"SearchAction","target":{"@type":"EntryPoint","urlTemplate":"https:\/\/digital58.com.ve\/site\/?s={search_term_string}"},"query-input":{"@type":"PropertyValueSpecification","valueRequired":true,"valueName":"search_term_string"}}],"inLanguage":"es"},{"@type":["Person","Organization"],"@id":"https:\/\/digital58.com.ve\/site\/#\/schema\/person\/64d1c2e4d0d4fd1b849980c4331c2951","name":"Villasmil Henry","image":{"@type":"ImageObject","inLanguage":"es","@id":"https:\/\/secure.gravatar.com\/avatar\/bb0c4a2fcb7970138239f7e404ea75757b1b507b28b5ce4c53fbd62d797c5a7c?s=96&d=mm&r=g","url":"https:\/\/secure.gravatar.com\/avatar\/bb0c4a2fcb7970138239f7e404ea75757b1b507b28b5ce4c53fbd62d797c5a7c?s=96&d=mm&r=g","contentUrl":"https:\/\/secure.gravatar.com\/avatar\/bb0c4a2fcb7970138239f7e404ea75757b1b507b28b5ce4c53fbd62d797c5a7c?s=96&d=mm&r=g","caption":"Villasmil Henry"},"logo":{"@id":"https:\/\/secure.gravatar.com\/avatar\/bb0c4a2fcb7970138239f7e404ea75757b1b507b28b5ce4c53fbd62d797c5a7c?s=96&d=mm&r=g"},"sameAs":["http:\/\/www.henryvillasmil.com.ve","https:\/\/www.instagram.com\/villasmilhfoto\/","https:\/\/x.com\/https:\/\/twitter.com\/villasmilhfoto"]},{"@type":"Person","@id":"https:\/\/digital58.com.ve\/site\/#\/schema\/person\/38596b127602deaa13fbcd7585635238","name":"Caren A\u00f1ez","image":{"@type":"ImageObject","inLanguage":"es","@id":"https:\/\/secure.gravatar.com\/avatar\/53aadd693aa414991c9ff2f2b19c39be94d2c342463b80f5402d344911bc9782?s=96&d=mm&r=g","url":"https:\/\/secure.gravatar.com\/avatar\/53aadd693aa414991c9ff2f2b19c39be94d2c342463b80f5402d344911bc9782?s=96&d=mm&r=g","contentUrl":"https:\/\/secure.gravatar.com\/avatar\/53aadd693aa414991c9ff2f2b19c39be94d2c342463b80f5402d344911bc9782?s=96&d=mm&r=g","caption":"Caren A\u00f1ez"},"description":"\ud83d\udc69\u200d\ud83c\udfa4Editora en @digital_58 \ud83d\udc69\ud83c\udffb\u200d\ud83c\udfebPeriodista musical y de entretenimiento. \ud83d\udcf8Fotografa \ud83d\udc69\ud83c\udffb\u200d\ud83d\udcbbMedia Management. \ud83d\udc69\u200d\ud83d\udc67\u200d\ud83d\udc67AspieMon 24\/7","sameAs":["https:\/\/www.instagram.com\/carenanez\/","https:\/\/x.com\/carenanez"],"url":"https:\/\/digital58.com.ve\/site\/author\/carena21\/"}]}},"uagb_featured_image_src":{"full":["https:\/\/digital58.com.ve\/site\/wp-content\/uploads\/2023\/05\/RDP_-e1683814400982.jpg",800,643,false],"thumbnail":["https:\/\/digital58.com.ve\/site\/wp-content\/uploads\/2023\/05\/RDP_-e1683814400982-150x150.jpg",150,150,true],"medium":["https:\/\/digital58.com.ve\/site\/wp-content\/uploads\/2023\/05\/RDP_-e1683814400982-300x241.jpg",300,241,true],"medium_large":["https:\/\/digital58.com.ve\/site\/wp-content\/uploads\/2023\/05\/RDP_-e1683814400982-768x617.jpg",768,617,true],"large":["https:\/\/digital58.com.ve\/site\/wp-content\/uploads\/2023\/05\/RDP_-1000x803.jpg",800,642,true],"1536x1536":["https:\/\/digital58.com.ve\/site\/wp-content\/uploads\/2023\/05\/RDP_-e1683814400982.jpg",800,643,false],"2048x2048":["https:\/\/digital58.com.ve\/site\/wp-content\/uploads\/2023\/05\/RDP_-e1683814400982.jpg",800,643,false],"colormag-highlighted-post":["https:\/\/digital58.com.ve\/site\/wp-content\/uploads\/2023\/05\/RDP_-e1683814400982-392x272.jpg",392,272,true],"colormag-featured-post-medium":["https:\/\/digital58.com.ve\/site\/wp-content\/uploads\/2023\/05\/RDP_-e1683814400982-390x205.jpg",390,205,true],"colormag-featured-post-small":["https:\/\/digital58.com.ve\/site\/wp-content\/uploads\/2023\/05\/RDP_-e1683814400982-130x90.jpg",130,90,true],"colormag-featured-image":["https:\/\/digital58.com.ve\/site\/wp-content\/uploads\/2023\/05\/RDP_-e1683814400982-800x445.jpg",800,445,true],"colormag-default-news":["https:\/\/digital58.com.ve\/site\/wp-content\/uploads\/2023\/05\/RDP_-e1683814400982.jpg",150,121,false],"colormag-featured-image-large":["https:\/\/digital58.com.ve\/site\/wp-content\/uploads\/2023\/05\/RDP_-e1683814400982.jpg",747,600,false]},"uagb_author_info":{"display_name":"Caren A\u00f1ez","author_link":"https:\/\/digital58.com.ve\/site\/author\/carena21\/"},"uagb_comment_info":0,"uagb_excerpt":"La celebraci\u00f3n del D\u00eda de Las Madres que tendr\u00e1 lugar el pr\u00f3ximo 14 de mayo en el Hotel Hesperia World","_links":{"self":[{"href":"https:\/\/digital58.com.ve\/site\/wp-json\/wp\/v2\/posts\/165786","targetHints":{"allow":["GET"]}}],"collection":[{"href":"https:\/\/digital58.com.ve\/site\/wp-json\/wp\/v2\/posts"}],"about":[{"href":"https:\/\/digital58.com.ve\/site\/wp-json\/wp\/v2\/types\/post"}],"author":[{"embeddable":true,"href":"https:\/\/digital58.com.ve\/site\/wp-json\/wp\/v2\/users\/39"}],"replies":[{"embeddable":true,"href":"https:\/\/digital58.com.ve\/site\/wp-json\/wp\/v2\/comments?post=165786"}],"version-history":[{"count":1,"href":"https:\/\/digital58.com.ve\/site\/wp-json\/wp\/v2\/posts\/165786\/revisions"}],"predecessor-version":[{"id":165791,"href":"https:\/\/digital58.com.ve\/site\/wp-json\/wp\/v2\/posts\/165786\/revisions\/165791"}],"wp:featuredmedia":[{"embeddable":true,"href":"https:\/\/digital58.com.ve\/site\/wp-json\/wp\/v2\/media\/165788"}],"wp:attachment":[{"href":"https:\/\/digital58.com.ve\/site\/wp-json\/wp\/v2\/media?parent=165786"}],"wp:term":[{"taxonomy":"category","embeddable":true,"href":"https:\/\/digital58.com.ve\/site\/wp-json\/wp\/v2\/categories?post=165786"},{"taxonomy":"post_tag","embeddable":true,"href":"https:\/\/digital58.com.ve\/site\/wp-json\/wp\/v2\/tags?post=165786"}],"curies":[{"name":"wp","href":"https:\/\/api.w.org\/{rel}","templated":true}]}}