{"id":165864,"date":"2023-05-12T12:00:33","date_gmt":"2023-05-12T16:00:33","guid":{"rendered":"https:\/\/digital58.com.ve\/site\/?p=165864"},"modified":"2023-05-12T12:00:33","modified_gmt":"2023-05-12T16:00:33","slug":"oscar-olivares-le-pondra-voz-al-primer-spiderman-con-acento-venezolano","status":"publish","type":"post","link":"https:\/\/digital58.com.ve\/site\/2023\/05\/12\/oscar-olivares-le-pondra-voz-al-primer-spiderman-con-acento-venezolano\/","title":{"rendered":"\u00d3scar Olivares le pondr\u00e1 voz al primer Spiderman con acento venezolano"},"content":{"rendered":"<p><img loading=\"lazy\" decoding=\"async\" class=\"alignnone size-large wp-image-165866\" src=\"https:\/\/digital58.com.ve\/site\/wp-content\/uploads\/2023\/05\/oscar-olivares-tw-oscar-olivares-860x1024-1-840x1000.jpeg\" alt=\"\" width=\"800\" height=\"952\" srcset=\"https:\/\/digital58.com.ve\/site\/wp-content\/uploads\/2023\/05\/oscar-olivares-tw-oscar-olivares-860x1024-1-840x1000.jpeg 840w, https:\/\/digital58.com.ve\/site\/wp-content\/uploads\/2023\/05\/oscar-olivares-tw-oscar-olivares-860x1024-1-252x300.jpeg 252w, https:\/\/digital58.com.ve\/site\/wp-content\/uploads\/2023\/05\/oscar-olivares-tw-oscar-olivares-860x1024-1-768x914.jpeg 768w, https:\/\/digital58.com.ve\/site\/wp-content\/uploads\/2023\/05\/oscar-olivares-tw-oscar-olivares-860x1024-1.jpeg 860w\" sizes=\"auto, (max-width: 800px) 100vw, 800px\" \/><\/p>\n<p>\u00d3scar Olivares, el reconocido muralista y artista visual, le pondr\u00e1 sello venezolano al universo Spiderman. As\u00ed lo manifest\u00f3 en sus redes sociales donde, orgulloso y emocionado, dijo que ser\u00e1 el encargado de darle voz a uno de los Hombre Ara\u00f1a en el Multiverso de Marvel.<\/p>\n<p><strong>Caracas, DC, Venezuela, 12 de mayo de 2023 (ND58).-<\/strong>\u00abSony Pictures me ha escogido para interpretar a una de las versiones de Spiderman en la pr\u00f3xima pel\u00edcula, a trav\u00e9s del SpiderVerso. Doblar\u00e9 en espa\u00f1ol para toda Latinoam\u00e9rica al primer Spiderman con acento venezolano\u00bb, precis\u00f3 Olivares.<\/p>\n<blockquote class=\"twitter-tweet\">\n<p dir=\"ltr\" lang=\"es\">OFICIAL: Sony Pictures me ha escogido para interpretar a una de las versiones de Spider-Man en la pr\u00f3xima pel\u00edcula de <a href=\"https:\/\/twitter.com\/hashtag\/SpiderMan?src=hash&amp;ref_src=twsrc%5Etfw\">#SpiderMan<\/a> A Trav\u00e9s del <a href=\"https:\/\/twitter.com\/hashtag\/SpiderVerso?src=hash&amp;ref_src=twsrc%5Etfw\">#SpiderVerso<\/a>.<\/p>\n<p>Doblar\u00e9 en Espa\u00f1ol para toda Latinoam\u00e9rica al 1er Spider-Man con acento venezolano, una versi\u00f3n entre muchas del multiverso <a href=\"https:\/\/t.co\/li3LXg50V5\">pic.twitter.com\/li3LXg50V5<\/a><\/p>\n<p>\u2014 Oscar Olivares (@Olivarescfc) <a href=\"https:\/\/twitter.com\/Olivarescfc\/status\/1656796615196262403?ref_src=twsrc%5Etfw\">May 11, 2023<\/a><\/p><\/blockquote>\n<p>Asegur\u00f3 estar muy emocionado por esta oportunidad, tanto as\u00ed que poste\u00f3 a trav\u00e9s de sus redes sociales una fotograf\u00eda con el traje del superh\u00e9roe. \u00abEsta pel\u00edcula tendr\u00e1 muchas versiones de Spiderman y yo estar\u00e9 interpretando a una de ellas\u00bb, indic\u00f3.El artista que elabor\u00f3 el mural ecol\u00f3gico m\u00e1s grande del mundo en la ciudad de Guatire (estado Miranda), record\u00f3 que uno de sus dibujos m\u00e1s ic\u00f3nicos es en el que se puede observar al Hombre Ara\u00f1a comiendo una arepa.<\/p>\n<p><strong>Precis\u00f3 que desde muy ni\u00f1o ha sido fan\u00e1tico de este personaje, de all\u00ed que sea un sue\u00f1o hecho realidad doblarlo en la pantalla.<\/strong><\/p>\n<p>\u00abPodemos decir que ese Spiderman que come arepa ser\u00e1 real. Imag\u00ednense contarle al ni\u00f1o de seis a\u00f1os que solo dibujaba a Spiderman que en 20 a\u00f1os \u00e9l ser\u00e1 una versi\u00f3n del personaje. Por m\u00e1s locos que sean nuestros sue\u00f1os, se pueden alcanzar\u00bb, manifest\u00f3.<\/p>\n<p>Se espera que la cinta Spider-Man: A trav\u00e9s del Spider-Verso se estrene el 1 de junio en Latinoam\u00e9rica.<\/p><div class=\"bihtk69f128746bfb8\" ><p style=\"text-align: center;\"><a href=\"https:\/\/t.me\/noticiasdigital58\" target=\"_blank\" rel=\"noopener\"><img class=\"aligncenter size-full wp-image-125363\" src=\"https:\/\/digital58.com.ve\/site\/wp-content\/uploads\/2021\/04\/banner-telegram-web-2021.png\" alt=\"\" width=\"600\" height=\"90\" \/><\/a><\/p><\/div><style type=\"text\/css\">\r\n@media screen and (min-width: 1201px) {\r\n.bihtk69f128746bfb8 {\r\ndisplay: block;\r\n}\r\n}\r\n@media screen and (min-width: 993px) and (max-width: 1200px) {\r\n.bihtk69f128746bfb8 {\r\ndisplay: block;\r\n}\r\n}\r\n@media screen and (min-width: 769px) and (max-width: 992px) {\r\n.bihtk69f128746bfb8 {\r\ndisplay: block;\r\n}\r\n}\r\n@media screen and (min-width: 768px) and (max-width: 768px) {\r\n.bihtk69f128746bfb8 {\r\ndisplay: block;\r\n}\r\n}\r\n@media screen and (max-width: 767px) {\r\n.bihtk69f128746bfb8 {\r\ndisplay: block;\r\n}\r\n}\r\n<\/style>\r\n\n<p class=\"p1\"><b>Redacci\u00f3n ND58 | El Nacional<\/b><br \/>\n<b>Edici\u00f3n: \u00c1\u00f1ez, Caren\u00a0<\/b><br \/>\n<b>Gr\u00e1fica: Cortes\u00eda <\/b><\/p>\n<div style=\"margin-top: 0px; margin-bottom: 0px;\" class=\"sharethis-inline-share-buttons\" ><\/div>","protected":false},"excerpt":{"rendered":"<p>\u00d3scar Olivares, el reconocido muralista y artista visual, le pondr\u00e1 sello venezolano al universo Spiderman. As\u00ed lo manifest\u00f3 en sus<\/p>\n","protected":false},"author":39,"featured_media":165865,"comment_status":"open","ping_status":"closed","sticky":false,"template":"","format":"standard","meta":{"colormag_page_container_layout":"default_layout","colormag_page_sidebar_layout":"default_layout","_uag_custom_page_level_css":"","footnotes":""},"categories":[1],"tags":[29,46,50,31327,233,29714,2299,31326],"class_list":["post-165864","post","type-post","status-publish","format-standard","has-post-thumbnail","hentry","category-fama","tag-caracas","tag-cine","tag-entretenimiento","tag-multiverso-de-marvel","tag-nacionales","tag-oscar-olivares","tag-spider-man","tag-spider-man-a-traves-del-spider-verso"],"yoast_head":"<!-- This site is optimized with the Yoast SEO plugin v27.5 - https:\/\/yoast.com\/product\/yoast-seo-wordpress\/ -->\n<title>\u00d3scar Olivares le pondr\u00e1 voz al primer Spiderman con acento venezolano<\/title>\n<meta name=\"robots\" content=\"index, follow, max-snippet:-1, max-image-preview:large, max-video-preview:-1\" \/>\n<link rel=\"canonical\" href=\"https:\/\/digital58.com.ve\/site\/2023\/05\/12\/oscar-olivares-le-pondra-voz-al-primer-spiderman-con-acento-venezolano\/\" \/>\n<meta property=\"og:locale\" content=\"es_ES\" \/>\n<meta property=\"og:type\" content=\"article\" \/>\n<meta property=\"og:title\" content=\"\u00d3scar Olivares le pondr\u00e1 voz al primer Spiderman con acento venezolano\" \/>\n<meta property=\"og:url\" content=\"https:\/\/digital58.com.ve\/site\/2023\/05\/12\/oscar-olivares-le-pondra-voz-al-primer-spiderman-con-acento-venezolano\/\" \/>\n<meta property=\"og:site_name\" content=\"Noticias Digital58\" \/>\n<meta property=\"article:published_time\" content=\"2023-05-12T16:00:33+00:00\" \/>\n<meta property=\"og:image\" content=\"https:\/\/i0.wp.com\/digital58.com.ve\/site\/wp-content\/uploads\/2023\/05\/oscar-olivares-spiderman-696x502-1.jpeg?fit=696%2C502&ssl=1\" \/>\n\t<meta property=\"og:image:width\" content=\"696\" \/>\n\t<meta property=\"og:image:height\" content=\"502\" \/>\n\t<meta property=\"og:image:type\" content=\"image\/jpeg\" \/>\n<meta name=\"author\" content=\"Caren A\u00f1ez\" \/>\n<meta name=\"twitter:card\" content=\"summary_large_image\" \/>\n<meta name=\"twitter:creator\" content=\"@carenanez\" \/>\n<meta name=\"twitter:site\" content=\"@villasmilhfoto\" \/>\n<meta name=\"twitter:label1\" content=\"Escrito por\" \/>\n\t<meta name=\"twitter:data1\" content=\"Caren A\u00f1ez\" \/>\n\t<meta name=\"twitter:label2\" content=\"Tiempo estimado de lectura\" \/>\n\t<meta name=\"twitter:data2\" content=\"2 minutos\" \/>\n<script type=\"application\/ld+json\" class=\"yoast-schema-graph\">{\"@context\":\"https:\\\/\\\/schema.org\",\"@graph\":[{\"@type\":\"Article\",\"@id\":\"https:\\\/\\\/digital58.com.ve\\\/site\\\/2023\\\/05\\\/12\\\/oscar-olivares-le-pondra-voz-al-primer-spiderman-con-acento-venezolano\\\/#article\",\"isPartOf\":{\"@id\":\"https:\\\/\\\/digital58.com.ve\\\/site\\\/2023\\\/05\\\/12\\\/oscar-olivares-le-pondra-voz-al-primer-spiderman-con-acento-venezolano\\\/\"},\"author\":{\"name\":\"Caren A\u00f1ez\",\"@id\":\"https:\\\/\\\/digital58.com.ve\\\/site\\\/#\\\/schema\\\/person\\\/38596b127602deaa13fbcd7585635238\"},\"headline\":\"\u00d3scar Olivares le pondr\u00e1 voz al primer Spiderman con acento venezolano\",\"datePublished\":\"2023-05-12T16:00:33+00:00\",\"mainEntityOfPage\":{\"@id\":\"https:\\\/\\\/digital58.com.ve\\\/site\\\/2023\\\/05\\\/12\\\/oscar-olivares-le-pondra-voz-al-primer-spiderman-con-acento-venezolano\\\/\"},\"wordCount\":360,\"commentCount\":0,\"publisher\":{\"@id\":\"https:\\\/\\\/digital58.com.ve\\\/site\\\/#\\\/schema\\\/person\\\/64d1c2e4d0d4fd1b849980c4331c2951\"},\"image\":{\"@id\":\"https:\\\/\\\/digital58.com.ve\\\/site\\\/2023\\\/05\\\/12\\\/oscar-olivares-le-pondra-voz-al-primer-spiderman-con-acento-venezolano\\\/#primaryimage\"},\"thumbnailUrl\":\"https:\\\/\\\/digital58.com.ve\\\/site\\\/wp-content\\\/uploads\\\/2023\\\/05\\\/oscar-olivares-spiderman-696x502-1.jpeg\",\"keywords\":[\"Caracas\",\"Cine\",\"Entretenimiento\",\"Multiverso de Marvel\",\"Nacionales\",\"Oscar Olivares\",\"Spider-Man\",\"Spider-Man: A trav\u00e9s del Spider-Verso\"],\"articleSection\":[\"Fama\"],\"inLanguage\":\"es\",\"potentialAction\":[{\"@type\":\"CommentAction\",\"name\":\"Comment\",\"target\":[\"https:\\\/\\\/digital58.com.ve\\\/site\\\/2023\\\/05\\\/12\\\/oscar-olivares-le-pondra-voz-al-primer-spiderman-con-acento-venezolano\\\/#respond\"]}]},{\"@type\":\"WebPage\",\"@id\":\"https:\\\/\\\/digital58.com.ve\\\/site\\\/2023\\\/05\\\/12\\\/oscar-olivares-le-pondra-voz-al-primer-spiderman-con-acento-venezolano\\\/\",\"url\":\"https:\\\/\\\/digital58.com.ve\\\/site\\\/2023\\\/05\\\/12\\\/oscar-olivares-le-pondra-voz-al-primer-spiderman-con-acento-venezolano\\\/\",\"name\":\"\u00d3scar Olivares le pondr\u00e1 voz al primer Spiderman con acento venezolano\",\"isPartOf\":{\"@id\":\"https:\\\/\\\/digital58.com.ve\\\/site\\\/#website\"},\"primaryImageOfPage\":{\"@id\":\"https:\\\/\\\/digital58.com.ve\\\/site\\\/2023\\\/05\\\/12\\\/oscar-olivares-le-pondra-voz-al-primer-spiderman-con-acento-venezolano\\\/#primaryimage\"},\"image\":{\"@id\":\"https:\\\/\\\/digital58.com.ve\\\/site\\\/2023\\\/05\\\/12\\\/oscar-olivares-le-pondra-voz-al-primer-spiderman-con-acento-venezolano\\\/#primaryimage\"},\"thumbnailUrl\":\"https:\\\/\\\/digital58.com.ve\\\/site\\\/wp-content\\\/uploads\\\/2023\\\/05\\\/oscar-olivares-spiderman-696x502-1.jpeg\",\"datePublished\":\"2023-05-12T16:00:33+00:00\",\"breadcrumb\":{\"@id\":\"https:\\\/\\\/digital58.com.ve\\\/site\\\/2023\\\/05\\\/12\\\/oscar-olivares-le-pondra-voz-al-primer-spiderman-con-acento-venezolano\\\/#breadcrumb\"},\"inLanguage\":\"es\",\"potentialAction\":[{\"@type\":\"ReadAction\",\"target\":[\"https:\\\/\\\/digital58.com.ve\\\/site\\\/2023\\\/05\\\/12\\\/oscar-olivares-le-pondra-voz-al-primer-spiderman-con-acento-venezolano\\\/\"]}]},{\"@type\":\"ImageObject\",\"inLanguage\":\"es\",\"@id\":\"https:\\\/\\\/digital58.com.ve\\\/site\\\/2023\\\/05\\\/12\\\/oscar-olivares-le-pondra-voz-al-primer-spiderman-con-acento-venezolano\\\/#primaryimage\",\"url\":\"https:\\\/\\\/digital58.com.ve\\\/site\\\/wp-content\\\/uploads\\\/2023\\\/05\\\/oscar-olivares-spiderman-696x502-1.jpeg\",\"contentUrl\":\"https:\\\/\\\/digital58.com.ve\\\/site\\\/wp-content\\\/uploads\\\/2023\\\/05\\\/oscar-olivares-spiderman-696x502-1.jpeg\",\"width\":696,\"height\":502},{\"@type\":\"BreadcrumbList\",\"@id\":\"https:\\\/\\\/digital58.com.ve\\\/site\\\/2023\\\/05\\\/12\\\/oscar-olivares-le-pondra-voz-al-primer-spiderman-con-acento-venezolano\\\/#breadcrumb\",\"itemListElement\":[{\"@type\":\"ListItem\",\"position\":1,\"name\":\"Home\",\"item\":\"https:\\\/\\\/digital58.com.ve\\\/site\\\/\"},{\"@type\":\"ListItem\",\"position\":2,\"name\":\"\u00d3scar Olivares le pondr\u00e1 voz al primer Spiderman con acento venezolano\"}]},{\"@type\":\"WebSite\",\"@id\":\"https:\\\/\\\/digital58.com.ve\\\/site\\\/#website\",\"url\":\"https:\\\/\\\/digital58.com.ve\\\/site\\\/\",\"name\":\"Noticias Digital58\",\"description\":\"Portal de Noticias \u00a1Periodismo web de verdad! Lanzamiento web 22.11.2005 \\\/ Maracaibo, Venezuela\",\"publisher\":{\"@id\":\"https:\\\/\\\/digital58.com.ve\\\/site\\\/#\\\/schema\\\/person\\\/64d1c2e4d0d4fd1b849980c4331c2951\"},\"alternateName\":\"ND58\",\"potentialAction\":[{\"@type\":\"SearchAction\",\"target\":{\"@type\":\"EntryPoint\",\"urlTemplate\":\"https:\\\/\\\/digital58.com.ve\\\/site\\\/?s={search_term_string}\"},\"query-input\":{\"@type\":\"PropertyValueSpecification\",\"valueRequired\":true,\"valueName\":\"search_term_string\"}}],\"inLanguage\":\"es\"},{\"@type\":[\"Person\",\"Organization\"],\"@id\":\"https:\\\/\\\/digital58.com.ve\\\/site\\\/#\\\/schema\\\/person\\\/64d1c2e4d0d4fd1b849980c4331c2951\",\"name\":\"Villasmil Henry\",\"image\":{\"@type\":\"ImageObject\",\"inLanguage\":\"es\",\"@id\":\"https:\\\/\\\/secure.gravatar.com\\\/avatar\\\/bb0c4a2fcb7970138239f7e404ea75757b1b507b28b5ce4c53fbd62d797c5a7c?s=96&d=mm&r=g\",\"url\":\"https:\\\/\\\/secure.gravatar.com\\\/avatar\\\/bb0c4a2fcb7970138239f7e404ea75757b1b507b28b5ce4c53fbd62d797c5a7c?s=96&d=mm&r=g\",\"contentUrl\":\"https:\\\/\\\/secure.gravatar.com\\\/avatar\\\/bb0c4a2fcb7970138239f7e404ea75757b1b507b28b5ce4c53fbd62d797c5a7c?s=96&d=mm&r=g\",\"caption\":\"Villasmil Henry\"},\"logo\":{\"@id\":\"https:\\\/\\\/secure.gravatar.com\\\/avatar\\\/bb0c4a2fcb7970138239f7e404ea75757b1b507b28b5ce4c53fbd62d797c5a7c?s=96&d=mm&r=g\"},\"sameAs\":[\"http:\\\/\\\/www.henryvillasmil.com.ve\",\"https:\\\/\\\/www.instagram.com\\\/villasmilhfoto\\\/\",\"https:\\\/\\\/x.com\\\/https:\\\/\\\/twitter.com\\\/villasmilhfoto\"]},{\"@type\":\"Person\",\"@id\":\"https:\\\/\\\/digital58.com.ve\\\/site\\\/#\\\/schema\\\/person\\\/38596b127602deaa13fbcd7585635238\",\"name\":\"Caren A\u00f1ez\",\"image\":{\"@type\":\"ImageObject\",\"inLanguage\":\"es\",\"@id\":\"https:\\\/\\\/secure.gravatar.com\\\/avatar\\\/53aadd693aa414991c9ff2f2b19c39be94d2c342463b80f5402d344911bc9782?s=96&d=mm&r=g\",\"url\":\"https:\\\/\\\/secure.gravatar.com\\\/avatar\\\/53aadd693aa414991c9ff2f2b19c39be94d2c342463b80f5402d344911bc9782?s=96&d=mm&r=g\",\"contentUrl\":\"https:\\\/\\\/secure.gravatar.com\\\/avatar\\\/53aadd693aa414991c9ff2f2b19c39be94d2c342463b80f5402d344911bc9782?s=96&d=mm&r=g\",\"caption\":\"Caren A\u00f1ez\"},\"description\":\"\ud83d\udc69\u200d\ud83c\udfa4Editora en @digital_58 \ud83d\udc69\ud83c\udffb\u200d\ud83c\udfebPeriodista musical y de entretenimiento. \ud83d\udcf8Fotografa \ud83d\udc69\ud83c\udffb\u200d\ud83d\udcbbMedia Management. \ud83d\udc69\u200d\ud83d\udc67\u200d\ud83d\udc67AspieMon 24\\\/7\",\"sameAs\":[\"https:\\\/\\\/www.instagram.com\\\/carenanez\\\/\",\"https:\\\/\\\/x.com\\\/carenanez\"],\"url\":\"https:\\\/\\\/digital58.com.ve\\\/site\\\/author\\\/carena21\\\/\"}]}<\/script>\n<!-- \/ Yoast SEO plugin. -->","yoast_head_json":{"title":"\u00d3scar Olivares le pondr\u00e1 voz al primer Spiderman con acento venezolano","robots":{"index":"index","follow":"follow","max-snippet":"max-snippet:-1","max-image-preview":"max-image-preview:large","max-video-preview":"max-video-preview:-1"},"canonical":"https:\/\/digital58.com.ve\/site\/2023\/05\/12\/oscar-olivares-le-pondra-voz-al-primer-spiderman-con-acento-venezolano\/","og_locale":"es_ES","og_type":"article","og_title":"\u00d3scar Olivares le pondr\u00e1 voz al primer Spiderman con acento venezolano","og_url":"https:\/\/digital58.com.ve\/site\/2023\/05\/12\/oscar-olivares-le-pondra-voz-al-primer-spiderman-con-acento-venezolano\/","og_site_name":"Noticias Digital58","article_published_time":"2023-05-12T16:00:33+00:00","og_image":[{"width":696,"height":502,"url":"https:\/\/i0.wp.com\/digital58.com.ve\/site\/wp-content\/uploads\/2023\/05\/oscar-olivares-spiderman-696x502-1.jpeg?fit=696%2C502&ssl=1","type":"image\/jpeg"}],"author":"Caren A\u00f1ez","twitter_card":"summary_large_image","twitter_creator":"@carenanez","twitter_site":"@villasmilhfoto","twitter_misc":{"Escrito por":"Caren A\u00f1ez","Tiempo estimado de lectura":"2 minutos"},"schema":{"@context":"https:\/\/schema.org","@graph":[{"@type":"Article","@id":"https:\/\/digital58.com.ve\/site\/2023\/05\/12\/oscar-olivares-le-pondra-voz-al-primer-spiderman-con-acento-venezolano\/#article","isPartOf":{"@id":"https:\/\/digital58.com.ve\/site\/2023\/05\/12\/oscar-olivares-le-pondra-voz-al-primer-spiderman-con-acento-venezolano\/"},"author":{"name":"Caren A\u00f1ez","@id":"https:\/\/digital58.com.ve\/site\/#\/schema\/person\/38596b127602deaa13fbcd7585635238"},"headline":"\u00d3scar Olivares le pondr\u00e1 voz al primer Spiderman con acento venezolano","datePublished":"2023-05-12T16:00:33+00:00","mainEntityOfPage":{"@id":"https:\/\/digital58.com.ve\/site\/2023\/05\/12\/oscar-olivares-le-pondra-voz-al-primer-spiderman-con-acento-venezolano\/"},"wordCount":360,"commentCount":0,"publisher":{"@id":"https:\/\/digital58.com.ve\/site\/#\/schema\/person\/64d1c2e4d0d4fd1b849980c4331c2951"},"image":{"@id":"https:\/\/digital58.com.ve\/site\/2023\/05\/12\/oscar-olivares-le-pondra-voz-al-primer-spiderman-con-acento-venezolano\/#primaryimage"},"thumbnailUrl":"https:\/\/digital58.com.ve\/site\/wp-content\/uploads\/2023\/05\/oscar-olivares-spiderman-696x502-1.jpeg","keywords":["Caracas","Cine","Entretenimiento","Multiverso de Marvel","Nacionales","Oscar Olivares","Spider-Man","Spider-Man: A trav\u00e9s del Spider-Verso"],"articleSection":["Fama"],"inLanguage":"es","potentialAction":[{"@type":"CommentAction","name":"Comment","target":["https:\/\/digital58.com.ve\/site\/2023\/05\/12\/oscar-olivares-le-pondra-voz-al-primer-spiderman-con-acento-venezolano\/#respond"]}]},{"@type":"WebPage","@id":"https:\/\/digital58.com.ve\/site\/2023\/05\/12\/oscar-olivares-le-pondra-voz-al-primer-spiderman-con-acento-venezolano\/","url":"https:\/\/digital58.com.ve\/site\/2023\/05\/12\/oscar-olivares-le-pondra-voz-al-primer-spiderman-con-acento-venezolano\/","name":"\u00d3scar Olivares le pondr\u00e1 voz al primer Spiderman con acento venezolano","isPartOf":{"@id":"https:\/\/digital58.com.ve\/site\/#website"},"primaryImageOfPage":{"@id":"https:\/\/digital58.com.ve\/site\/2023\/05\/12\/oscar-olivares-le-pondra-voz-al-primer-spiderman-con-acento-venezolano\/#primaryimage"},"image":{"@id":"https:\/\/digital58.com.ve\/site\/2023\/05\/12\/oscar-olivares-le-pondra-voz-al-primer-spiderman-con-acento-venezolano\/#primaryimage"},"thumbnailUrl":"https:\/\/digital58.com.ve\/site\/wp-content\/uploads\/2023\/05\/oscar-olivares-spiderman-696x502-1.jpeg","datePublished":"2023-05-12T16:00:33+00:00","breadcrumb":{"@id":"https:\/\/digital58.com.ve\/site\/2023\/05\/12\/oscar-olivares-le-pondra-voz-al-primer-spiderman-con-acento-venezolano\/#breadcrumb"},"inLanguage":"es","potentialAction":[{"@type":"ReadAction","target":["https:\/\/digital58.com.ve\/site\/2023\/05\/12\/oscar-olivares-le-pondra-voz-al-primer-spiderman-con-acento-venezolano\/"]}]},{"@type":"ImageObject","inLanguage":"es","@id":"https:\/\/digital58.com.ve\/site\/2023\/05\/12\/oscar-olivares-le-pondra-voz-al-primer-spiderman-con-acento-venezolano\/#primaryimage","url":"https:\/\/digital58.com.ve\/site\/wp-content\/uploads\/2023\/05\/oscar-olivares-spiderman-696x502-1.jpeg","contentUrl":"https:\/\/digital58.com.ve\/site\/wp-content\/uploads\/2023\/05\/oscar-olivares-spiderman-696x502-1.jpeg","width":696,"height":502},{"@type":"BreadcrumbList","@id":"https:\/\/digital58.com.ve\/site\/2023\/05\/12\/oscar-olivares-le-pondra-voz-al-primer-spiderman-con-acento-venezolano\/#breadcrumb","itemListElement":[{"@type":"ListItem","position":1,"name":"Home","item":"https:\/\/digital58.com.ve\/site\/"},{"@type":"ListItem","position":2,"name":"\u00d3scar Olivares le pondr\u00e1 voz al primer Spiderman con acento venezolano"}]},{"@type":"WebSite","@id":"https:\/\/digital58.com.ve\/site\/#website","url":"https:\/\/digital58.com.ve\/site\/","name":"Noticias Digital58","description":"Portal de Noticias \u00a1Periodismo web de verdad! Lanzamiento web 22.11.2005 \/ Maracaibo, Venezuela","publisher":{"@id":"https:\/\/digital58.com.ve\/site\/#\/schema\/person\/64d1c2e4d0d4fd1b849980c4331c2951"},"alternateName":"ND58","potentialAction":[{"@type":"SearchAction","target":{"@type":"EntryPoint","urlTemplate":"https:\/\/digital58.com.ve\/site\/?s={search_term_string}"},"query-input":{"@type":"PropertyValueSpecification","valueRequired":true,"valueName":"search_term_string"}}],"inLanguage":"es"},{"@type":["Person","Organization"],"@id":"https:\/\/digital58.com.ve\/site\/#\/schema\/person\/64d1c2e4d0d4fd1b849980c4331c2951","name":"Villasmil Henry","image":{"@type":"ImageObject","inLanguage":"es","@id":"https:\/\/secure.gravatar.com\/avatar\/bb0c4a2fcb7970138239f7e404ea75757b1b507b28b5ce4c53fbd62d797c5a7c?s=96&d=mm&r=g","url":"https:\/\/secure.gravatar.com\/avatar\/bb0c4a2fcb7970138239f7e404ea75757b1b507b28b5ce4c53fbd62d797c5a7c?s=96&d=mm&r=g","contentUrl":"https:\/\/secure.gravatar.com\/avatar\/bb0c4a2fcb7970138239f7e404ea75757b1b507b28b5ce4c53fbd62d797c5a7c?s=96&d=mm&r=g","caption":"Villasmil Henry"},"logo":{"@id":"https:\/\/secure.gravatar.com\/avatar\/bb0c4a2fcb7970138239f7e404ea75757b1b507b28b5ce4c53fbd62d797c5a7c?s=96&d=mm&r=g"},"sameAs":["http:\/\/www.henryvillasmil.com.ve","https:\/\/www.instagram.com\/villasmilhfoto\/","https:\/\/x.com\/https:\/\/twitter.com\/villasmilhfoto"]},{"@type":"Person","@id":"https:\/\/digital58.com.ve\/site\/#\/schema\/person\/38596b127602deaa13fbcd7585635238","name":"Caren A\u00f1ez","image":{"@type":"ImageObject","inLanguage":"es","@id":"https:\/\/secure.gravatar.com\/avatar\/53aadd693aa414991c9ff2f2b19c39be94d2c342463b80f5402d344911bc9782?s=96&d=mm&r=g","url":"https:\/\/secure.gravatar.com\/avatar\/53aadd693aa414991c9ff2f2b19c39be94d2c342463b80f5402d344911bc9782?s=96&d=mm&r=g","contentUrl":"https:\/\/secure.gravatar.com\/avatar\/53aadd693aa414991c9ff2f2b19c39be94d2c342463b80f5402d344911bc9782?s=96&d=mm&r=g","caption":"Caren A\u00f1ez"},"description":"\ud83d\udc69\u200d\ud83c\udfa4Editora en @digital_58 \ud83d\udc69\ud83c\udffb\u200d\ud83c\udfebPeriodista musical y de entretenimiento. \ud83d\udcf8Fotografa \ud83d\udc69\ud83c\udffb\u200d\ud83d\udcbbMedia Management. \ud83d\udc69\u200d\ud83d\udc67\u200d\ud83d\udc67AspieMon 24\/7","sameAs":["https:\/\/www.instagram.com\/carenanez\/","https:\/\/x.com\/carenanez"],"url":"https:\/\/digital58.com.ve\/site\/author\/carena21\/"}]}},"uagb_featured_image_src":{"full":["https:\/\/digital58.com.ve\/site\/wp-content\/uploads\/2023\/05\/oscar-olivares-spiderman-696x502-1.jpeg",696,502,false],"thumbnail":["https:\/\/digital58.com.ve\/site\/wp-content\/uploads\/2023\/05\/oscar-olivares-spiderman-696x502-1-150x150.jpeg",150,150,true],"medium":["https:\/\/digital58.com.ve\/site\/wp-content\/uploads\/2023\/05\/oscar-olivares-spiderman-696x502-1-300x216.jpeg",300,216,true],"medium_large":["https:\/\/digital58.com.ve\/site\/wp-content\/uploads\/2023\/05\/oscar-olivares-spiderman-696x502-1.jpeg",696,502,false],"large":["https:\/\/digital58.com.ve\/site\/wp-content\/uploads\/2023\/05\/oscar-olivares-spiderman-696x502-1.jpeg",696,502,false],"1536x1536":["https:\/\/digital58.com.ve\/site\/wp-content\/uploads\/2023\/05\/oscar-olivares-spiderman-696x502-1.jpeg",696,502,false],"2048x2048":["https:\/\/digital58.com.ve\/site\/wp-content\/uploads\/2023\/05\/oscar-olivares-spiderman-696x502-1.jpeg",696,502,false],"colormag-highlighted-post":["https:\/\/digital58.com.ve\/site\/wp-content\/uploads\/2023\/05\/oscar-olivares-spiderman-696x502-1-392x272.jpeg",392,272,true],"colormag-featured-post-medium":["https:\/\/digital58.com.ve\/site\/wp-content\/uploads\/2023\/05\/oscar-olivares-spiderman-696x502-1-390x205.jpeg",390,205,true],"colormag-featured-post-small":["https:\/\/digital58.com.ve\/site\/wp-content\/uploads\/2023\/05\/oscar-olivares-spiderman-696x502-1-130x90.jpeg",130,90,true],"colormag-featured-image":["https:\/\/digital58.com.ve\/site\/wp-content\/uploads\/2023\/05\/oscar-olivares-spiderman-696x502-1-696x445.jpeg",696,445,true],"colormag-default-news":["https:\/\/digital58.com.ve\/site\/wp-content\/uploads\/2023\/05\/oscar-olivares-spiderman-696x502-1.jpeg",150,108,false],"colormag-featured-image-large":["https:\/\/digital58.com.ve\/site\/wp-content\/uploads\/2023\/05\/oscar-olivares-spiderman-696x502-1.jpeg",696,502,false]},"uagb_author_info":{"display_name":"Caren A\u00f1ez","author_link":"https:\/\/digital58.com.ve\/site\/author\/carena21\/"},"uagb_comment_info":0,"uagb_excerpt":"\u00d3scar Olivares, el reconocido muralista y artista visual, le pondr\u00e1 sello venezolano al universo Spiderman. As\u00ed lo manifest\u00f3 en sus","_links":{"self":[{"href":"https:\/\/digital58.com.ve\/site\/wp-json\/wp\/v2\/posts\/165864","targetHints":{"allow":["GET"]}}],"collection":[{"href":"https:\/\/digital58.com.ve\/site\/wp-json\/wp\/v2\/posts"}],"about":[{"href":"https:\/\/digital58.com.ve\/site\/wp-json\/wp\/v2\/types\/post"}],"author":[{"embeddable":true,"href":"https:\/\/digital58.com.ve\/site\/wp-json\/wp\/v2\/users\/39"}],"replies":[{"embeddable":true,"href":"https:\/\/digital58.com.ve\/site\/wp-json\/wp\/v2\/comments?post=165864"}],"version-history":[{"count":1,"href":"https:\/\/digital58.com.ve\/site\/wp-json\/wp\/v2\/posts\/165864\/revisions"}],"predecessor-version":[{"id":165867,"href":"https:\/\/digital58.com.ve\/site\/wp-json\/wp\/v2\/posts\/165864\/revisions\/165867"}],"wp:featuredmedia":[{"embeddable":true,"href":"https:\/\/digital58.com.ve\/site\/wp-json\/wp\/v2\/media\/165865"}],"wp:attachment":[{"href":"https:\/\/digital58.com.ve\/site\/wp-json\/wp\/v2\/media?parent=165864"}],"wp:term":[{"taxonomy":"category","embeddable":true,"href":"https:\/\/digital58.com.ve\/site\/wp-json\/wp\/v2\/categories?post=165864"},{"taxonomy":"post_tag","embeddable":true,"href":"https:\/\/digital58.com.ve\/site\/wp-json\/wp\/v2\/tags?post=165864"}],"curies":[{"name":"wp","href":"https:\/\/api.w.org\/{rel}","templated":true}]}}