{"id":165908,"date":"2023-05-13T16:52:34","date_gmt":"2023-05-13T20:52:34","guid":{"rendered":"https:\/\/digital58.com.ve\/site\/?p=165908"},"modified":"2023-05-13T17:22:04","modified_gmt":"2023-05-13T21:22:04","slug":"este-dia-de-las-madres-la-alcaldia-brindara-apoyo-a-visitantes-de-cementerios-en-maracaibo","status":"publish","type":"post","link":"https:\/\/digital58.com.ve\/site\/2023\/05\/13\/este-dia-de-las-madres-la-alcaldia-brindara-apoyo-a-visitantes-de-cementerios-en-maracaibo\/","title":{"rendered":"Este d\u00eda de las madres la Alcald\u00eda brindar\u00e1 apoyo a visitantes de cementerios en Maracaibo"},"content":{"rendered":"<p><img loading=\"lazy\" decoding=\"async\" class=\"size-full wp-image-165910 aligncenter\" src=\"https:\/\/digital58.com.ve\/site\/wp-content\/uploads\/2023\/05\/cementerio.jpg\" alt=\"\" width=\"812\" height=\"456\" srcset=\"https:\/\/digital58.com.ve\/site\/wp-content\/uploads\/2023\/05\/cementerio.jpg 812w, https:\/\/digital58.com.ve\/site\/wp-content\/uploads\/2023\/05\/cementerio-300x168.jpg 300w, https:\/\/digital58.com.ve\/site\/wp-content\/uploads\/2023\/05\/cementerio-768x431.jpg 768w\" sizes=\"auto, (max-width: 812px) 100vw, 812px\" \/><\/p>\n<p>Este domingo 14 de mayo la Alcald\u00eda de Maracaibo a trav\u00e9s del Servicio Desconcentrado de Cementerios (Sedecema) brindar\u00e1 atenci\u00f3n especial a los visitantes que acudan a los camposantos Coraz\u00f3n de Jes\u00fas y El Redondo, con motivo al D\u00eda de las Madres.<\/p>\n<p><strong>Maracaibo, Zulia, Venezuela, 13 de mayo de 2023 (ND58).- <\/strong>Se ofrecer\u00e1n beneficios como asistencia m\u00e9dica, hidrataci\u00f3n y seguridad, as\u00ed lo inform\u00f3 Eudu Garc\u00eda, director del Sedecema, quien tambi\u00e9n destac\u00f3 que se viene realizando una limpieza, desmalezamiento y poda en todas sus \u00e1reas.<\/p>\n<p>Tambi\u00e9n se anunci\u00f3 que en las capillas de ambos cementerios se estar\u00e1 ofreciendo una misa en honor a las madres. \u00abA partir de las 9:00 de la ma\u00f1ana ser\u00e1 en el Cementerio San Jos\u00e9, donde ya se recuper\u00f3 parte de la capilla y a las 11:00 de la ma\u00f1ana en el Coraz\u00f3n de Jes\u00fas\u00bb, resalt\u00f3 Garc\u00eda<\/p>\n<p>Inform\u00f3 que los cementerios,\u00a0por esta fecha especial, abrir\u00e1n a partir de las 7:00 a.m. y cerrar\u00e1n a las 4:00 p.m.<\/p>\n<p><b>Redacci\u00f3n ND58\/Patricia N\u00fa\u00f1ez\u00a0 | Fuente: Versi\u00f3n Final<\/b><br \/>\n<b>Edici\u00f3n: Caren A\u00f1ez<\/b><br \/>\n<b>Gr\u00e1fica: Cortes\u00eda<\/b><\/p>\n<p>&nbsp;<\/p><div class=\"rduef69ec4541003f0\" ><p style=\"text-align: center;\"><a href=\"https:\/\/t.me\/noticiasdigital58\" target=\"_blank\" rel=\"noopener\"><img class=\"aligncenter size-full wp-image-125363\" src=\"https:\/\/digital58.com.ve\/site\/wp-content\/uploads\/2021\/04\/banner-telegram-web-2021.png\" alt=\"\" width=\"600\" height=\"90\" \/><\/a><\/p><\/div><style type=\"text\/css\">\r\n@media screen and (min-width: 1201px) {\r\n.rduef69ec4541003f0 {\r\ndisplay: block;\r\n}\r\n}\r\n@media screen and (min-width: 993px) and (max-width: 1200px) {\r\n.rduef69ec4541003f0 {\r\ndisplay: block;\r\n}\r\n}\r\n@media screen and (min-width: 769px) and (max-width: 992px) {\r\n.rduef69ec4541003f0 {\r\ndisplay: block;\r\n}\r\n}\r\n@media screen and (min-width: 768px) and (max-width: 768px) {\r\n.rduef69ec4541003f0 {\r\ndisplay: block;\r\n}\r\n}\r\n@media screen and (max-width: 767px) {\r\n.rduef69ec4541003f0 {\r\ndisplay: block;\r\n}\r\n}\r\n<\/style>\r\n\n<p>&nbsp;<\/p>\n<div style=\"margin-top: 0px; margin-bottom: 0px;\" class=\"sharethis-inline-share-buttons\" ><\/div>","protected":false},"excerpt":{"rendered":"<p>Este domingo 14 de mayo la Alcald\u00eda de Maracaibo a trav\u00e9s del Servicio Desconcentrado de Cementerios (Sedecema) brindar\u00e1 atenci\u00f3n especial<\/p>\n","protected":false},"author":45,"featured_media":165910,"comment_status":"open","ping_status":"closed","sticky":false,"template":"","format":"standard","meta":{"colormag_page_container_layout":"default_layout","colormag_page_sidebar_layout":"default_layout","_uag_custom_page_level_css":"","footnotes":""},"categories":[14504],"tags":[290,31341,30969,681,31340,73,233,2354,761],"class_list":["post-165908","post","type-post","status-publish","format-standard","has-post-thumbnail","hentry","category-zulia","tag-alcaldia-de-maracaibo","tag-cementerio-corazon-de-jesus","tag-cementerio-san-jose","tag-dia-de-la-madre","tag-eudu-garcia","tag-maracaibo","tag-nacionales","tag-regionales","tag-zulia"],"yoast_head":"<!-- This site is optimized with the Yoast SEO plugin v27.4 - https:\/\/yoast.com\/product\/yoast-seo-wordpress\/ -->\n<title>Este d\u00eda de las madres la Alcald\u00eda brindar\u00e1 apoyo a visitantes de cementerios en Maracaibo<\/title>\n<meta name=\"robots\" content=\"index, follow, max-snippet:-1, max-image-preview:large, max-video-preview:-1\" \/>\n<link rel=\"canonical\" href=\"https:\/\/digital58.com.ve\/site\/2023\/05\/13\/este-dia-de-las-madres-la-alcaldia-brindara-apoyo-a-visitantes-de-cementerios-en-maracaibo\/\" \/>\n<meta property=\"og:locale\" content=\"es_ES\" \/>\n<meta property=\"og:type\" content=\"article\" \/>\n<meta property=\"og:title\" content=\"Este d\u00eda de las madres la Alcald\u00eda brindar\u00e1 apoyo a visitantes de cementerios en Maracaibo\" \/>\n<meta property=\"og:url\" content=\"https:\/\/digital58.com.ve\/site\/2023\/05\/13\/este-dia-de-las-madres-la-alcaldia-brindara-apoyo-a-visitantes-de-cementerios-en-maracaibo\/\" \/>\n<meta property=\"og:site_name\" content=\"Noticias Digital58\" \/>\n<meta property=\"article:published_time\" content=\"2023-05-13T20:52:34+00:00\" \/>\n<meta property=\"article:modified_time\" content=\"2023-05-13T21:22:04+00:00\" \/>\n<meta property=\"og:image\" content=\"https:\/\/i0.wp.com\/digital58.com.ve\/site\/wp-content\/uploads\/2023\/05\/cementerio.jpg?fit=812%2C456&ssl=1\" \/>\n\t<meta property=\"og:image:width\" content=\"812\" \/>\n\t<meta property=\"og:image:height\" content=\"456\" \/>\n\t<meta property=\"og:image:type\" content=\"image\/jpeg\" \/>\n<meta name=\"author\" content=\"Patricia Nu\u00f1ez\" \/>\n<meta name=\"twitter:card\" content=\"summary_large_image\" \/>\n<meta name=\"twitter:creator\" content=\"@Digital_58\" \/>\n<meta name=\"twitter:site\" content=\"@villasmilhfoto\" \/>\n<meta name=\"twitter:label1\" content=\"Escrito por\" \/>\n\t<meta name=\"twitter:data1\" content=\"Patricia Nu\u00f1ez\" \/>\n\t<meta name=\"twitter:label2\" content=\"Tiempo estimado de lectura\" \/>\n\t<meta name=\"twitter:data2\" content=\"1 minuto\" \/>\n<script type=\"application\/ld+json\" class=\"yoast-schema-graph\">{\"@context\":\"https:\\\/\\\/schema.org\",\"@graph\":[{\"@type\":\"Article\",\"@id\":\"https:\\\/\\\/digital58.com.ve\\\/site\\\/2023\\\/05\\\/13\\\/este-dia-de-las-madres-la-alcaldia-brindara-apoyo-a-visitantes-de-cementerios-en-maracaibo\\\/#article\",\"isPartOf\":{\"@id\":\"https:\\\/\\\/digital58.com.ve\\\/site\\\/2023\\\/05\\\/13\\\/este-dia-de-las-madres-la-alcaldia-brindara-apoyo-a-visitantes-de-cementerios-en-maracaibo\\\/\"},\"author\":{\"name\":\"Patricia Nu\u00f1ez\",\"@id\":\"https:\\\/\\\/digital58.com.ve\\\/site\\\/#\\\/schema\\\/person\\\/9c4e9fffddfc3054e5ef465fe9dfe228\"},\"headline\":\"Este d\u00eda de las madres la Alcald\u00eda brindar\u00e1 apoyo a visitantes de cementerios en Maracaibo\",\"datePublished\":\"2023-05-13T20:52:34+00:00\",\"dateModified\":\"2023-05-13T21:22:04+00:00\",\"mainEntityOfPage\":{\"@id\":\"https:\\\/\\\/digital58.com.ve\\\/site\\\/2023\\\/05\\\/13\\\/este-dia-de-las-madres-la-alcaldia-brindara-apoyo-a-visitantes-de-cementerios-en-maracaibo\\\/\"},\"wordCount\":213,\"commentCount\":0,\"publisher\":{\"@id\":\"https:\\\/\\\/digital58.com.ve\\\/site\\\/#\\\/schema\\\/person\\\/64d1c2e4d0d4fd1b849980c4331c2951\"},\"image\":{\"@id\":\"https:\\\/\\\/digital58.com.ve\\\/site\\\/2023\\\/05\\\/13\\\/este-dia-de-las-madres-la-alcaldia-brindara-apoyo-a-visitantes-de-cementerios-en-maracaibo\\\/#primaryimage\"},\"thumbnailUrl\":\"https:\\\/\\\/digital58.com.ve\\\/site\\\/wp-content\\\/uploads\\\/2023\\\/05\\\/cementerio.jpg\",\"keywords\":[\"Alcald\u00eda de Maracaibo\",\"cementerio Coraz\u00f3n de Jes\u00fas\",\"Cementerio San Jos\u00e9\",\"D\u00eda de la madre\",\"Eudu Garc\u00eda\",\"Maracaibo\",\"Nacionales\",\"Regionales\",\"Zulia\"],\"articleSection\":[\"Zulia\"],\"inLanguage\":\"es\",\"potentialAction\":[{\"@type\":\"CommentAction\",\"name\":\"Comment\",\"target\":[\"https:\\\/\\\/digital58.com.ve\\\/site\\\/2023\\\/05\\\/13\\\/este-dia-de-las-madres-la-alcaldia-brindara-apoyo-a-visitantes-de-cementerios-en-maracaibo\\\/#respond\"]}]},{\"@type\":\"WebPage\",\"@id\":\"https:\\\/\\\/digital58.com.ve\\\/site\\\/2023\\\/05\\\/13\\\/este-dia-de-las-madres-la-alcaldia-brindara-apoyo-a-visitantes-de-cementerios-en-maracaibo\\\/\",\"url\":\"https:\\\/\\\/digital58.com.ve\\\/site\\\/2023\\\/05\\\/13\\\/este-dia-de-las-madres-la-alcaldia-brindara-apoyo-a-visitantes-de-cementerios-en-maracaibo\\\/\",\"name\":\"Este d\u00eda de las madres la Alcald\u00eda brindar\u00e1 apoyo a visitantes de cementerios en Maracaibo\",\"isPartOf\":{\"@id\":\"https:\\\/\\\/digital58.com.ve\\\/site\\\/#website\"},\"primaryImageOfPage\":{\"@id\":\"https:\\\/\\\/digital58.com.ve\\\/site\\\/2023\\\/05\\\/13\\\/este-dia-de-las-madres-la-alcaldia-brindara-apoyo-a-visitantes-de-cementerios-en-maracaibo\\\/#primaryimage\"},\"image\":{\"@id\":\"https:\\\/\\\/digital58.com.ve\\\/site\\\/2023\\\/05\\\/13\\\/este-dia-de-las-madres-la-alcaldia-brindara-apoyo-a-visitantes-de-cementerios-en-maracaibo\\\/#primaryimage\"},\"thumbnailUrl\":\"https:\\\/\\\/digital58.com.ve\\\/site\\\/wp-content\\\/uploads\\\/2023\\\/05\\\/cementerio.jpg\",\"datePublished\":\"2023-05-13T20:52:34+00:00\",\"dateModified\":\"2023-05-13T21:22:04+00:00\",\"breadcrumb\":{\"@id\":\"https:\\\/\\\/digital58.com.ve\\\/site\\\/2023\\\/05\\\/13\\\/este-dia-de-las-madres-la-alcaldia-brindara-apoyo-a-visitantes-de-cementerios-en-maracaibo\\\/#breadcrumb\"},\"inLanguage\":\"es\",\"potentialAction\":[{\"@type\":\"ReadAction\",\"target\":[\"https:\\\/\\\/digital58.com.ve\\\/site\\\/2023\\\/05\\\/13\\\/este-dia-de-las-madres-la-alcaldia-brindara-apoyo-a-visitantes-de-cementerios-en-maracaibo\\\/\"]}]},{\"@type\":\"ImageObject\",\"inLanguage\":\"es\",\"@id\":\"https:\\\/\\\/digital58.com.ve\\\/site\\\/2023\\\/05\\\/13\\\/este-dia-de-las-madres-la-alcaldia-brindara-apoyo-a-visitantes-de-cementerios-en-maracaibo\\\/#primaryimage\",\"url\":\"https:\\\/\\\/digital58.com.ve\\\/site\\\/wp-content\\\/uploads\\\/2023\\\/05\\\/cementerio.jpg\",\"contentUrl\":\"https:\\\/\\\/digital58.com.ve\\\/site\\\/wp-content\\\/uploads\\\/2023\\\/05\\\/cementerio.jpg\",\"width\":812,\"height\":456},{\"@type\":\"BreadcrumbList\",\"@id\":\"https:\\\/\\\/digital58.com.ve\\\/site\\\/2023\\\/05\\\/13\\\/este-dia-de-las-madres-la-alcaldia-brindara-apoyo-a-visitantes-de-cementerios-en-maracaibo\\\/#breadcrumb\",\"itemListElement\":[{\"@type\":\"ListItem\",\"position\":1,\"name\":\"Home\",\"item\":\"https:\\\/\\\/digital58.com.ve\\\/site\\\/\"},{\"@type\":\"ListItem\",\"position\":2,\"name\":\"Este d\u00eda de las madres la Alcald\u00eda brindar\u00e1 apoyo a visitantes de cementerios en Maracaibo\"}]},{\"@type\":\"WebSite\",\"@id\":\"https:\\\/\\\/digital58.com.ve\\\/site\\\/#website\",\"url\":\"https:\\\/\\\/digital58.com.ve\\\/site\\\/\",\"name\":\"Noticias Digital58\",\"description\":\"Portal de Noticias \u00a1Periodismo web de verdad! Lanzamiento web 22.11.2005 \\\/ Maracaibo, Venezuela\",\"publisher\":{\"@id\":\"https:\\\/\\\/digital58.com.ve\\\/site\\\/#\\\/schema\\\/person\\\/64d1c2e4d0d4fd1b849980c4331c2951\"},\"alternateName\":\"ND58\",\"potentialAction\":[{\"@type\":\"SearchAction\",\"target\":{\"@type\":\"EntryPoint\",\"urlTemplate\":\"https:\\\/\\\/digital58.com.ve\\\/site\\\/?s={search_term_string}\"},\"query-input\":{\"@type\":\"PropertyValueSpecification\",\"valueRequired\":true,\"valueName\":\"search_term_string\"}}],\"inLanguage\":\"es\"},{\"@type\":[\"Person\",\"Organization\"],\"@id\":\"https:\\\/\\\/digital58.com.ve\\\/site\\\/#\\\/schema\\\/person\\\/64d1c2e4d0d4fd1b849980c4331c2951\",\"name\":\"Villasmil Henry\",\"image\":{\"@type\":\"ImageObject\",\"inLanguage\":\"es\",\"@id\":\"https:\\\/\\\/secure.gravatar.com\\\/avatar\\\/bb0c4a2fcb7970138239f7e404ea75757b1b507b28b5ce4c53fbd62d797c5a7c?s=96&d=mm&r=g\",\"url\":\"https:\\\/\\\/secure.gravatar.com\\\/avatar\\\/bb0c4a2fcb7970138239f7e404ea75757b1b507b28b5ce4c53fbd62d797c5a7c?s=96&d=mm&r=g\",\"contentUrl\":\"https:\\\/\\\/secure.gravatar.com\\\/avatar\\\/bb0c4a2fcb7970138239f7e404ea75757b1b507b28b5ce4c53fbd62d797c5a7c?s=96&d=mm&r=g\",\"caption\":\"Villasmil Henry\"},\"logo\":{\"@id\":\"https:\\\/\\\/secure.gravatar.com\\\/avatar\\\/bb0c4a2fcb7970138239f7e404ea75757b1b507b28b5ce4c53fbd62d797c5a7c?s=96&d=mm&r=g\"},\"sameAs\":[\"http:\\\/\\\/www.henryvillasmil.com.ve\",\"https:\\\/\\\/www.instagram.com\\\/villasmilhfoto\\\/\",\"https:\\\/\\\/x.com\\\/https:\\\/\\\/twitter.com\\\/villasmilhfoto\"]},{\"@type\":\"Person\",\"@id\":\"https:\\\/\\\/digital58.com.ve\\\/site\\\/#\\\/schema\\\/person\\\/9c4e9fffddfc3054e5ef465fe9dfe228\",\"name\":\"Patricia Nu\u00f1ez\",\"image\":{\"@type\":\"ImageObject\",\"inLanguage\":\"es\",\"@id\":\"https:\\\/\\\/secure.gravatar.com\\\/avatar\\\/296bd0fc15cab799d817cc02e8be7d539c4b4c17e875d92273fa44574101bdc1?s=96&d=mm&r=g\",\"url\":\"https:\\\/\\\/secure.gravatar.com\\\/avatar\\\/296bd0fc15cab799d817cc02e8be7d539c4b4c17e875d92273fa44574101bdc1?s=96&d=mm&r=g\",\"contentUrl\":\"https:\\\/\\\/secure.gravatar.com\\\/avatar\\\/296bd0fc15cab799d817cc02e8be7d539c4b4c17e875d92273fa44574101bdc1?s=96&d=mm&r=g\",\"caption\":\"Patricia Nu\u00f1ez\"},\"url\":\"https:\\\/\\\/digital58.com.ve\\\/site\\\/author\\\/patypnc23\\\/\"}]}<\/script>\n<!-- \/ Yoast SEO plugin. -->","yoast_head_json":{"title":"Este d\u00eda de las madres la Alcald\u00eda brindar\u00e1 apoyo a visitantes de cementerios en Maracaibo","robots":{"index":"index","follow":"follow","max-snippet":"max-snippet:-1","max-image-preview":"max-image-preview:large","max-video-preview":"max-video-preview:-1"},"canonical":"https:\/\/digital58.com.ve\/site\/2023\/05\/13\/este-dia-de-las-madres-la-alcaldia-brindara-apoyo-a-visitantes-de-cementerios-en-maracaibo\/","og_locale":"es_ES","og_type":"article","og_title":"Este d\u00eda de las madres la Alcald\u00eda brindar\u00e1 apoyo a visitantes de cementerios en Maracaibo","og_url":"https:\/\/digital58.com.ve\/site\/2023\/05\/13\/este-dia-de-las-madres-la-alcaldia-brindara-apoyo-a-visitantes-de-cementerios-en-maracaibo\/","og_site_name":"Noticias Digital58","article_published_time":"2023-05-13T20:52:34+00:00","article_modified_time":"2023-05-13T21:22:04+00:00","og_image":[{"width":812,"height":456,"url":"https:\/\/i0.wp.com\/digital58.com.ve\/site\/wp-content\/uploads\/2023\/05\/cementerio.jpg?fit=812%2C456&ssl=1","type":"image\/jpeg"}],"author":"Patricia Nu\u00f1ez","twitter_card":"summary_large_image","twitter_creator":"@Digital_58","twitter_site":"@villasmilhfoto","twitter_misc":{"Escrito por":"Patricia Nu\u00f1ez","Tiempo estimado de lectura":"1 minuto"},"schema":{"@context":"https:\/\/schema.org","@graph":[{"@type":"Article","@id":"https:\/\/digital58.com.ve\/site\/2023\/05\/13\/este-dia-de-las-madres-la-alcaldia-brindara-apoyo-a-visitantes-de-cementerios-en-maracaibo\/#article","isPartOf":{"@id":"https:\/\/digital58.com.ve\/site\/2023\/05\/13\/este-dia-de-las-madres-la-alcaldia-brindara-apoyo-a-visitantes-de-cementerios-en-maracaibo\/"},"author":{"name":"Patricia Nu\u00f1ez","@id":"https:\/\/digital58.com.ve\/site\/#\/schema\/person\/9c4e9fffddfc3054e5ef465fe9dfe228"},"headline":"Este d\u00eda de las madres la Alcald\u00eda brindar\u00e1 apoyo a visitantes de cementerios en Maracaibo","datePublished":"2023-05-13T20:52:34+00:00","dateModified":"2023-05-13T21:22:04+00:00","mainEntityOfPage":{"@id":"https:\/\/digital58.com.ve\/site\/2023\/05\/13\/este-dia-de-las-madres-la-alcaldia-brindara-apoyo-a-visitantes-de-cementerios-en-maracaibo\/"},"wordCount":213,"commentCount":0,"publisher":{"@id":"https:\/\/digital58.com.ve\/site\/#\/schema\/person\/64d1c2e4d0d4fd1b849980c4331c2951"},"image":{"@id":"https:\/\/digital58.com.ve\/site\/2023\/05\/13\/este-dia-de-las-madres-la-alcaldia-brindara-apoyo-a-visitantes-de-cementerios-en-maracaibo\/#primaryimage"},"thumbnailUrl":"https:\/\/digital58.com.ve\/site\/wp-content\/uploads\/2023\/05\/cementerio.jpg","keywords":["Alcald\u00eda de Maracaibo","cementerio Coraz\u00f3n de Jes\u00fas","Cementerio San Jos\u00e9","D\u00eda de la madre","Eudu Garc\u00eda","Maracaibo","Nacionales","Regionales","Zulia"],"articleSection":["Zulia"],"inLanguage":"es","potentialAction":[{"@type":"CommentAction","name":"Comment","target":["https:\/\/digital58.com.ve\/site\/2023\/05\/13\/este-dia-de-las-madres-la-alcaldia-brindara-apoyo-a-visitantes-de-cementerios-en-maracaibo\/#respond"]}]},{"@type":"WebPage","@id":"https:\/\/digital58.com.ve\/site\/2023\/05\/13\/este-dia-de-las-madres-la-alcaldia-brindara-apoyo-a-visitantes-de-cementerios-en-maracaibo\/","url":"https:\/\/digital58.com.ve\/site\/2023\/05\/13\/este-dia-de-las-madres-la-alcaldia-brindara-apoyo-a-visitantes-de-cementerios-en-maracaibo\/","name":"Este d\u00eda de las madres la Alcald\u00eda brindar\u00e1 apoyo a visitantes de cementerios en Maracaibo","isPartOf":{"@id":"https:\/\/digital58.com.ve\/site\/#website"},"primaryImageOfPage":{"@id":"https:\/\/digital58.com.ve\/site\/2023\/05\/13\/este-dia-de-las-madres-la-alcaldia-brindara-apoyo-a-visitantes-de-cementerios-en-maracaibo\/#primaryimage"},"image":{"@id":"https:\/\/digital58.com.ve\/site\/2023\/05\/13\/este-dia-de-las-madres-la-alcaldia-brindara-apoyo-a-visitantes-de-cementerios-en-maracaibo\/#primaryimage"},"thumbnailUrl":"https:\/\/digital58.com.ve\/site\/wp-content\/uploads\/2023\/05\/cementerio.jpg","datePublished":"2023-05-13T20:52:34+00:00","dateModified":"2023-05-13T21:22:04+00:00","breadcrumb":{"@id":"https:\/\/digital58.com.ve\/site\/2023\/05\/13\/este-dia-de-las-madres-la-alcaldia-brindara-apoyo-a-visitantes-de-cementerios-en-maracaibo\/#breadcrumb"},"inLanguage":"es","potentialAction":[{"@type":"ReadAction","target":["https:\/\/digital58.com.ve\/site\/2023\/05\/13\/este-dia-de-las-madres-la-alcaldia-brindara-apoyo-a-visitantes-de-cementerios-en-maracaibo\/"]}]},{"@type":"ImageObject","inLanguage":"es","@id":"https:\/\/digital58.com.ve\/site\/2023\/05\/13\/este-dia-de-las-madres-la-alcaldia-brindara-apoyo-a-visitantes-de-cementerios-en-maracaibo\/#primaryimage","url":"https:\/\/digital58.com.ve\/site\/wp-content\/uploads\/2023\/05\/cementerio.jpg","contentUrl":"https:\/\/digital58.com.ve\/site\/wp-content\/uploads\/2023\/05\/cementerio.jpg","width":812,"height":456},{"@type":"BreadcrumbList","@id":"https:\/\/digital58.com.ve\/site\/2023\/05\/13\/este-dia-de-las-madres-la-alcaldia-brindara-apoyo-a-visitantes-de-cementerios-en-maracaibo\/#breadcrumb","itemListElement":[{"@type":"ListItem","position":1,"name":"Home","item":"https:\/\/digital58.com.ve\/site\/"},{"@type":"ListItem","position":2,"name":"Este d\u00eda de las madres la Alcald\u00eda brindar\u00e1 apoyo a visitantes de cementerios en Maracaibo"}]},{"@type":"WebSite","@id":"https:\/\/digital58.com.ve\/site\/#website","url":"https:\/\/digital58.com.ve\/site\/","name":"Noticias Digital58","description":"Portal de Noticias \u00a1Periodismo web de verdad! Lanzamiento web 22.11.2005 \/ Maracaibo, Venezuela","publisher":{"@id":"https:\/\/digital58.com.ve\/site\/#\/schema\/person\/64d1c2e4d0d4fd1b849980c4331c2951"},"alternateName":"ND58","potentialAction":[{"@type":"SearchAction","target":{"@type":"EntryPoint","urlTemplate":"https:\/\/digital58.com.ve\/site\/?s={search_term_string}"},"query-input":{"@type":"PropertyValueSpecification","valueRequired":true,"valueName":"search_term_string"}}],"inLanguage":"es"},{"@type":["Person","Organization"],"@id":"https:\/\/digital58.com.ve\/site\/#\/schema\/person\/64d1c2e4d0d4fd1b849980c4331c2951","name":"Villasmil Henry","image":{"@type":"ImageObject","inLanguage":"es","@id":"https:\/\/secure.gravatar.com\/avatar\/bb0c4a2fcb7970138239f7e404ea75757b1b507b28b5ce4c53fbd62d797c5a7c?s=96&d=mm&r=g","url":"https:\/\/secure.gravatar.com\/avatar\/bb0c4a2fcb7970138239f7e404ea75757b1b507b28b5ce4c53fbd62d797c5a7c?s=96&d=mm&r=g","contentUrl":"https:\/\/secure.gravatar.com\/avatar\/bb0c4a2fcb7970138239f7e404ea75757b1b507b28b5ce4c53fbd62d797c5a7c?s=96&d=mm&r=g","caption":"Villasmil Henry"},"logo":{"@id":"https:\/\/secure.gravatar.com\/avatar\/bb0c4a2fcb7970138239f7e404ea75757b1b507b28b5ce4c53fbd62d797c5a7c?s=96&d=mm&r=g"},"sameAs":["http:\/\/www.henryvillasmil.com.ve","https:\/\/www.instagram.com\/villasmilhfoto\/","https:\/\/x.com\/https:\/\/twitter.com\/villasmilhfoto"]},{"@type":"Person","@id":"https:\/\/digital58.com.ve\/site\/#\/schema\/person\/9c4e9fffddfc3054e5ef465fe9dfe228","name":"Patricia Nu\u00f1ez","image":{"@type":"ImageObject","inLanguage":"es","@id":"https:\/\/secure.gravatar.com\/avatar\/296bd0fc15cab799d817cc02e8be7d539c4b4c17e875d92273fa44574101bdc1?s=96&d=mm&r=g","url":"https:\/\/secure.gravatar.com\/avatar\/296bd0fc15cab799d817cc02e8be7d539c4b4c17e875d92273fa44574101bdc1?s=96&d=mm&r=g","contentUrl":"https:\/\/secure.gravatar.com\/avatar\/296bd0fc15cab799d817cc02e8be7d539c4b4c17e875d92273fa44574101bdc1?s=96&d=mm&r=g","caption":"Patricia Nu\u00f1ez"},"url":"https:\/\/digital58.com.ve\/site\/author\/patypnc23\/"}]}},"uagb_featured_image_src":{"full":["https:\/\/digital58.com.ve\/site\/wp-content\/uploads\/2023\/05\/cementerio.jpg",812,456,false],"thumbnail":["https:\/\/digital58.com.ve\/site\/wp-content\/uploads\/2023\/05\/cementerio-150x150.jpg",150,150,true],"medium":["https:\/\/digital58.com.ve\/site\/wp-content\/uploads\/2023\/05\/cementerio-300x168.jpg",300,168,true],"medium_large":["https:\/\/digital58.com.ve\/site\/wp-content\/uploads\/2023\/05\/cementerio-768x431.jpg",768,431,true],"large":["https:\/\/digital58.com.ve\/site\/wp-content\/uploads\/2023\/05\/cementerio.jpg",800,449,false],"1536x1536":["https:\/\/digital58.com.ve\/site\/wp-content\/uploads\/2023\/05\/cementerio.jpg",812,456,false],"2048x2048":["https:\/\/digital58.com.ve\/site\/wp-content\/uploads\/2023\/05\/cementerio.jpg",812,456,false],"colormag-highlighted-post":["https:\/\/digital58.com.ve\/site\/wp-content\/uploads\/2023\/05\/cementerio-392x272.jpg",392,272,true],"colormag-featured-post-medium":["https:\/\/digital58.com.ve\/site\/wp-content\/uploads\/2023\/05\/cementerio-390x205.jpg",390,205,true],"colormag-featured-post-small":["https:\/\/digital58.com.ve\/site\/wp-content\/uploads\/2023\/05\/cementerio-130x90.jpg",130,90,true],"colormag-featured-image":["https:\/\/digital58.com.ve\/site\/wp-content\/uploads\/2023\/05\/cementerio-800x445.jpg",800,445,true],"colormag-default-news":["https:\/\/digital58.com.ve\/site\/wp-content\/uploads\/2023\/05\/cementerio.jpg",150,84,false],"colormag-featured-image-large":["https:\/\/digital58.com.ve\/site\/wp-content\/uploads\/2023\/05\/cementerio.jpg",812,456,false]},"uagb_author_info":{"display_name":"Patricia Nu\u00f1ez","author_link":"https:\/\/digital58.com.ve\/site\/author\/patypnc23\/"},"uagb_comment_info":0,"uagb_excerpt":"Este domingo 14 de mayo la Alcald\u00eda de Maracaibo a trav\u00e9s del Servicio Desconcentrado de Cementerios (Sedecema) brindar\u00e1 atenci\u00f3n especial","_links":{"self":[{"href":"https:\/\/digital58.com.ve\/site\/wp-json\/wp\/v2\/posts\/165908","targetHints":{"allow":["GET"]}}],"collection":[{"href":"https:\/\/digital58.com.ve\/site\/wp-json\/wp\/v2\/posts"}],"about":[{"href":"https:\/\/digital58.com.ve\/site\/wp-json\/wp\/v2\/types\/post"}],"author":[{"embeddable":true,"href":"https:\/\/digital58.com.ve\/site\/wp-json\/wp\/v2\/users\/45"}],"replies":[{"embeddable":true,"href":"https:\/\/digital58.com.ve\/site\/wp-json\/wp\/v2\/comments?post=165908"}],"version-history":[{"count":6,"href":"https:\/\/digital58.com.ve\/site\/wp-json\/wp\/v2\/posts\/165908\/revisions"}],"predecessor-version":[{"id":165926,"href":"https:\/\/digital58.com.ve\/site\/wp-json\/wp\/v2\/posts\/165908\/revisions\/165926"}],"wp:featuredmedia":[{"embeddable":true,"href":"https:\/\/digital58.com.ve\/site\/wp-json\/wp\/v2\/media\/165910"}],"wp:attachment":[{"href":"https:\/\/digital58.com.ve\/site\/wp-json\/wp\/v2\/media?parent=165908"}],"wp:term":[{"taxonomy":"category","embeddable":true,"href":"https:\/\/digital58.com.ve\/site\/wp-json\/wp\/v2\/categories?post=165908"},{"taxonomy":"post_tag","embeddable":true,"href":"https:\/\/digital58.com.ve\/site\/wp-json\/wp\/v2\/tags?post=165908"}],"curies":[{"name":"wp","href":"https:\/\/api.w.org\/{rel}","templated":true}]}}